{"id":8845,"date":"2018-10-31T09:00:00","date_gmt":"2018-10-31T09:00:00","guid":{"rendered":""},"modified":"2018-10-31T09:00:00","modified_gmt":"2018-10-31T09:00:00","slug":"sipas-joanit-1-1-17","status":"publish","type":"post","link":"https:\/\/orthodoxalbania.org\/2020\/2018\/10\/31\/sipas-joanit-1-1-17\/","title":{"rendered":"Sipas Joanit 1: 1-17"},"content":{"rendered":"<p style=\"margin-bottom: 0.0001pt; text-align: center; line-height: 20pt;\"><b><span style=\"font-size: 15pt; font-family: Rockwell, serif; color: red;\">T\u00cb DIEL\u00cbN E MADHE <span style=\"text-transform: uppercase;\">dhe<\/span><\/span><\/b><\/p>\n<p style=\"margin-bottom: 5.65pt; text-align: center; line-height: 20pt;\"><b><span style=\"font-size: 15pt; font-family: Rockwell, serif; color: red;\">T\u00cb SHENJT\u00cb T\u00cb PASHK\u00cbS<\/span><\/b><\/p>\n<p style=\"margin-bottom: 5.65pt; text-align: center; line-height: 20pt;\"><span style=\"font-size: 15pt; font-family: Rockwell, serif; color: red;\">N\u00eb Liturgji<\/span><\/p>\n<p style=\"margin-bottom: 5.65pt; text-align: center; line-height: 20pt;\"><b><span style=\"font-size: 15pt; font-family: Rockwell, serif;\">Sipas Joanit<\/span><\/b><\/p>\n<p style=\"margin-bottom: 0.0001pt; text-align: justify; line-height: 20pt;\"><span style=\"font-size: 15pt; font-family: Rockwell, serif;\">N\u00eb fillim ishte Fjala, edhe Fjala ishte me Per\u00ebndin\u00eb, edhe Fjala ishte Per\u00ebndi. Kjo ishte q\u00eb n\u00eb fillim me Per\u00ebndin\u00eb. T\u00eb gjitha u b\u00ebn\u00eb me an\u00eb t\u00eb saj; edhe pa at\u00eb nuk u b\u00eb asgj\u00eb q\u00eb \u00ebsht\u00eb b\u00ebr\u00eb. N\u00eb at\u00eb ishte jet\u00eb, edhe jeta ishte drita e njer\u00ebzve. Edhe drita ndri\u00e7on n\u00eb err\u00ebsir\u00eb edhe err\u00ebsira nuk e kuptoi. Qe nj\u00eb njeri i d\u00ebrguar nga Per\u00ebndia, me emrin Joan. Ky erdhi p\u00ebr d\u00ebshmi, q\u00eb t\u00eb d\u00ebshmoj\u00eb p\u00ebr Drit\u00ebn, q\u00eb t\u00eb besojn\u00eb t\u00eb gjith\u00eb me an\u00eb t\u00eb tij. Nuk ishte ai Drita, por <i>qe d\u00ebrguar <\/i>q\u00eb t\u00eb d\u00ebshmoj\u00eb p\u00ebr Drit\u00ebn. Ishte Drita e v\u00ebrtet\u00eb, q\u00eb ndrit \u00e7do njeri q\u00eb vjen n\u00eb bot\u00eb. Ishte n\u00eb bot\u00eb, edhe bota u b\u00eb me an\u00eb t\u00eb tij; po bota nuk e njohu at\u00eb. Erdhi n\u00eb t\u00eb tijat, edhe t\u00eb tijt\u00eb nuk e prit\u00ebn at\u00eb. Edhe sa e prit\u00ebn, atyre u dha pushtet t\u00eb b\u00ebhen bij Per\u00ebndie, atyre q\u00eb besojn\u00eb n\u00eb emrin e tij. Ata nuk lind\u00ebn prej gjakrash, as prej d\u00ebshirimi mishi, as prej d\u00ebshirimi burri, po prej Per\u00ebndie. Edhe Fjala u b\u00eb mish, edhe banoi nd\u00ebr ne, &#8211; dhe pam\u00eb lavdin\u00eb e tij, lavdi si t\u00eb vet\u00ebmlinduri prej Atit, &#8211; plot me hir e me t\u00eb v\u00ebrtet\u00eb. Joani d\u00ebshmon p\u00ebr t\u00eb, edhe thirri duke th\u00ebn\u00eb: \u201cKy \u00ebsht\u00eb ai p\u00ebr t\u00eb cilin thash\u00eb: Ai q\u00eb vjen pas meje, \u00ebsht\u00eb m\u00eb i lart\u00eb se un\u00eb, sepse ishte p\u00ebrpara meje\u201d. Edhe t\u00eb gjith\u00eb ne mor\u00ebm nga plot\u00ebsia e tij, edhe hir mbi hir. Sepse ligji u dha me an\u00eb t\u00eb Moisiut, po hiri dhe e v\u00ebrteta u erdh\u00ebn me an\u00eb t\u00eb Jisu Krishtit.<\/span><\/p>\n","protected":false},"excerpt":{"rendered":"<p>T\u00cb DIEL\u00cbN E MADHE dhe T\u00cb SHENJT\u00cb T\u00cb PASHK\u00cbS N\u00eb Liturgji Sipas Joanit N\u00eb fillim ishte Fjala, edhe Fjala ishte me Per\u00ebndin\u00eb, edhe Fjala ishte Per\u00ebndi. Kjo ishte q\u00eb n\u00eb fillim me Per\u00ebndin\u00eb. T\u00eb gjitha u b\u00ebn\u00eb me an\u00eb t\u00eb saj; edhe pa at\u00eb nuk u b\u00eb asgj\u00eb q\u00eb \u00ebsht\u00eb b\u00ebr\u00eb. N\u00eb at\u00eb ishte jet\u00eb, edhe jeta ishte drita e njer\u00ebzve. Edhe drita ndri\u00e7on n\u00eb<\/p>\n","protected":false},"author":14,"featured_media":0,"comment_status":"open","ping_status":"open","sticky":false,"template":"","format":"standard","meta":{"_acf_changed":false,"pagelayer_contact_templates":[],"_pagelayer_content":"","inline_featured_image":false,"fifu_image_url":"","fifu_image_alt":"","footnotes":""},"categories":[373],"tags":[],"class_list":["post-8845","post","type-post","status-publish","format-standard","hentry","category-ungjilli"],"acf":[],"yoast_head":"<!-- This site is optimized with the Yoast SEO plugin v27.2 - https:\/\/yoast.com\/product\/yoast-seo-wordpress\/ -->\n<title>Sipas Joanit 1: 1-17 - Kisha Orthodh\u03bfkse Autoqefale e Shqip\u00ebris\u00eb<\/title>\n<meta name=\"robots\" content=\"index, follow, max-snippet:-1, max-image-preview:large, max-video-preview:-1\" \/>\n<link rel=\"canonical\" href=\"https:\/\/orthodoxalbania.org\/2020\/2018\/10\/31\/sipas-joanit-1-1-17\/\" \/>\n<meta property=\"og:locale\" content=\"en_US\" \/>\n<meta property=\"og:type\" content=\"article\" \/>\n<meta property=\"og:title\" content=\"Sipas Joanit 1: 1-17 - Kisha Orthodh\u03bfkse Autoqefale e Shqip\u00ebris\u00eb\" \/>\n<meta property=\"og:description\" content=\"T\u00cb DIEL\u00cbN E MADHE dhe T\u00cb SHENJT\u00cb T\u00cb PASHK\u00cbS N\u00eb Liturgji Sipas Joanit N\u00eb fillim ishte Fjala, edhe Fjala ishte me Per\u00ebndin\u00eb, edhe Fjala ishte Per\u00ebndi. Kjo ishte q\u00eb n\u00eb fillim me Per\u00ebndin\u00eb. T\u00eb gjitha u b\u00ebn\u00eb me an\u00eb t\u00eb saj; edhe pa at\u00eb nuk u b\u00eb asgj\u00eb q\u00eb \u00ebsht\u00eb b\u00ebr\u00eb. N\u00eb at\u00eb ishte jet\u00eb, edhe jeta ishte drita e njer\u00ebzve. Edhe drita ndri\u00e7on n\u00eb\" \/>\n<meta property=\"og:url\" content=\"https:\/\/orthodoxalbania.org\/2020\/2018\/10\/31\/sipas-joanit-1-1-17\/\" \/>\n<meta property=\"og:site_name\" content=\"Kisha Orthodh\u03bfkse Autoqefale e Shqip\u00ebris\u00eb\" \/>\n<meta property=\"article:publisher\" content=\"https:\/\/www.facebook.com\/koash1991\" \/>\n<meta property=\"article:published_time\" content=\"2018-10-31T09:00:00+00:00\" \/>\n<meta property=\"og:image\" content=\"https:\/\/orthodoxalbania.org\/2020\/wp-content\/uploads\/2021\/02\/LogoLastALb-200.png\" \/>\n\t<meta property=\"og:image:width\" content=\"200\" \/>\n\t<meta property=\"og:image:height\" content=\"172\" \/>\n\t<meta property=\"og:image:type\" content=\"image\/png\" \/>\n<meta name=\"author\" content=\"neo_admin\" \/>\n<meta name=\"twitter:card\" content=\"summary_large_image\" \/>\n<meta name=\"twitter:label1\" content=\"Written by\" \/>\n\t<meta name=\"twitter:data1\" content=\"neo_admin\" \/>\n\t<meta name=\"twitter:label2\" content=\"Est. reading time\" \/>\n\t<meta name=\"twitter:data2\" content=\"2 minutes\" \/>\n<script type=\"application\/ld+json\" class=\"yoast-schema-graph\">{\"@context\":\"https:\/\/schema.org\",\"@graph\":[{\"@type\":\"Article\",\"@id\":\"https:\/\/orthodoxalbania.org\/2020\/2018\/10\/31\/sipas-joanit-1-1-17\/#article\",\"isPartOf\":{\"@id\":\"https:\/\/orthodoxalbania.org\/2020\/2018\/10\/31\/sipas-joanit-1-1-17\/\"},\"author\":{\"name\":\"neo_admin\",\"@id\":\"https:\/\/orthodoxalbania.org\/2020\/#\/schema\/person\/dd2bdc135b53c60d45b8bb329565cf6d\"},\"headline\":\"Sipas Joanit 1: 1-17\",\"datePublished\":\"2018-10-31T09:00:00+00:00\",\"mainEntityOfPage\":{\"@id\":\"https:\/\/orthodoxalbania.org\/2020\/2018\/10\/31\/sipas-joanit-1-1-17\/\"},\"wordCount\":324,\"commentCount\":0,\"publisher\":{\"@id\":\"https:\/\/orthodoxalbania.org\/2020\/#organization\"},\"articleSection\":[\"Ungjilli\"],\"inLanguage\":\"en-US\"},{\"@type\":\"WebPage\",\"@id\":\"https:\/\/orthodoxalbania.org\/2020\/2018\/10\/31\/sipas-joanit-1-1-17\/\",\"url\":\"https:\/\/orthodoxalbania.org\/2020\/2018\/10\/31\/sipas-joanit-1-1-17\/\",\"name\":\"Sipas Joanit 1: 1-17 - Kisha Orthodh\u03bfkse Autoqefale e Shqip\u00ebris\u00eb\",\"isPartOf\":{\"@id\":\"https:\/\/orthodoxalbania.org\/2020\/#website\"},\"datePublished\":\"2018-10-31T09:00:00+00:00\",\"breadcrumb\":{\"@id\":\"https:\/\/orthodoxalbania.org\/2020\/2018\/10\/31\/sipas-joanit-1-1-17\/#breadcrumb\"},\"inLanguage\":\"en-US\",\"potentialAction\":[{\"@type\":\"ReadAction\",\"target\":[\"https:\/\/orthodoxalbania.org\/2020\/2018\/10\/31\/sipas-joanit-1-1-17\/\"]}]},{\"@type\":\"BreadcrumbList\",\"@id\":\"https:\/\/orthodoxalbania.org\/2020\/2018\/10\/31\/sipas-joanit-1-1-17\/#breadcrumb\",\"itemListElement\":[{\"@type\":\"ListItem\",\"position\":1,\"name\":\"Home\",\"item\":\"https:\/\/orthodoxalbania.org\/2020\/\"},{\"@type\":\"ListItem\",\"position\":2,\"name\":\"Sipas Joanit 1: 1-17\"}]},{\"@type\":\"WebSite\",\"@id\":\"https:\/\/orthodoxalbania.org\/2020\/#website\",\"url\":\"https:\/\/orthodoxalbania.org\/2020\/\",\"name\":\"Kisha Orthodh\u03bfkse Autoqefale e Shqip\u00ebris\u00eb\",\"description\":\"Fqja Zyrtare e Kish\u00ebs Orthodhokse Autoqefale e Shqip\u00ebris\u00eb me lajmet edhe informacionet zyrtare p\u00ebr struktur\u00ebn edhe veprimtarin e saj.\",\"publisher\":{\"@id\":\"https:\/\/orthodoxalbania.org\/2020\/#organization\"},\"potentialAction\":[{\"@type\":\"SearchAction\",\"target\":{\"@type\":\"EntryPoint\",\"urlTemplate\":\"https:\/\/orthodoxalbania.org\/2020\/?s={search_term_string}\"},\"query-input\":{\"@type\":\"PropertyValueSpecification\",\"valueRequired\":true,\"valueName\":\"search_term_string\"}}],\"inLanguage\":\"en-US\"},{\"@type\":\"Organization\",\"@id\":\"https:\/\/orthodoxalbania.org\/2020\/#organization\",\"name\":\"Kisha Orthodhokse Autoqefale e Shqip\u00ebris\u00eb\",\"url\":\"https:\/\/orthodoxalbania.org\/2020\/\",\"logo\":{\"@type\":\"ImageObject\",\"inLanguage\":\"en-US\",\"@id\":\"https:\/\/orthodoxalbania.org\/2020\/#\/schema\/logo\/image\/\",\"url\":\"https:\/\/orthodoxalbania.org\/2020\/wp-content\/uploads\/2020\/05\/albania.jpeg\",\"contentUrl\":\"https:\/\/orthodoxalbania.org\/2020\/wp-content\/uploads\/2020\/05\/albania.jpeg\",\"width\":540,\"height\":540,\"caption\":\"Kisha Orthodhokse Autoqefale e Shqip\u00ebris\u00eb\"},\"image\":{\"@id\":\"https:\/\/orthodoxalbania.org\/2020\/#\/schema\/logo\/image\/\"},\"sameAs\":[\"https:\/\/www.facebook.com\/koash1991\"]},{\"@type\":\"Person\",\"@id\":\"https:\/\/orthodoxalbania.org\/2020\/#\/schema\/person\/dd2bdc135b53c60d45b8bb329565cf6d\",\"name\":\"neo_admin\",\"image\":{\"@type\":\"ImageObject\",\"inLanguage\":\"en-US\",\"@id\":\"https:\/\/secure.gravatar.com\/avatar\/53e6cdc30765aade0129f85e5aeb50124b1d3f5bb9a70373be31e4eb328371e0?s=96&d=mm&r=g\",\"url\":\"https:\/\/secure.gravatar.com\/avatar\/53e6cdc30765aade0129f85e5aeb50124b1d3f5bb9a70373be31e4eb328371e0?s=96&d=mm&r=g\",\"contentUrl\":\"https:\/\/secure.gravatar.com\/avatar\/53e6cdc30765aade0129f85e5aeb50124b1d3f5bb9a70373be31e4eb328371e0?s=96&d=mm&r=g\",\"caption\":\"neo_admin\"}}]}<\/script>\n<!-- \/ Yoast SEO plugin. -->","yoast_head_json":{"title":"Sipas Joanit 1: 1-17 - Kisha Orthodh\u03bfkse Autoqefale e Shqip\u00ebris\u00eb","robots":{"index":"index","follow":"follow","max-snippet":"max-snippet:-1","max-image-preview":"max-image-preview:large","max-video-preview":"max-video-preview:-1"},"canonical":"https:\/\/orthodoxalbania.org\/2020\/2018\/10\/31\/sipas-joanit-1-1-17\/","og_locale":"en_US","og_type":"article","og_title":"Sipas Joanit 1: 1-17 - Kisha Orthodh\u03bfkse Autoqefale e Shqip\u00ebris\u00eb","og_description":"T\u00cb DIEL\u00cbN E MADHE dhe T\u00cb SHENJT\u00cb T\u00cb PASHK\u00cbS N\u00eb Liturgji Sipas Joanit N\u00eb fillim ishte Fjala, edhe Fjala ishte me Per\u00ebndin\u00eb, edhe Fjala ishte Per\u00ebndi. Kjo ishte q\u00eb n\u00eb fillim me Per\u00ebndin\u00eb. T\u00eb gjitha u b\u00ebn\u00eb me an\u00eb t\u00eb saj; edhe pa at\u00eb nuk u b\u00eb asgj\u00eb q\u00eb \u00ebsht\u00eb b\u00ebr\u00eb. N\u00eb at\u00eb ishte jet\u00eb, edhe jeta ishte drita e njer\u00ebzve. Edhe drita ndri\u00e7on n\u00eb","og_url":"https:\/\/orthodoxalbania.org\/2020\/2018\/10\/31\/sipas-joanit-1-1-17\/","og_site_name":"Kisha Orthodh\u03bfkse Autoqefale e Shqip\u00ebris\u00eb","article_publisher":"https:\/\/www.facebook.com\/koash1991","article_published_time":"2018-10-31T09:00:00+00:00","og_image":[{"width":200,"height":172,"url":"https:\/\/orthodoxalbania.org\/2020\/wp-content\/uploads\/2021\/02\/LogoLastALb-200.png","type":"image\/png"}],"author":"neo_admin","twitter_card":"summary_large_image","twitter_misc":{"Written by":"neo_admin","Est. reading time":"2 minutes"},"schema":{"@context":"https:\/\/schema.org","@graph":[{"@type":"Article","@id":"https:\/\/orthodoxalbania.org\/2020\/2018\/10\/31\/sipas-joanit-1-1-17\/#article","isPartOf":{"@id":"https:\/\/orthodoxalbania.org\/2020\/2018\/10\/31\/sipas-joanit-1-1-17\/"},"author":{"name":"neo_admin","@id":"https:\/\/orthodoxalbania.org\/2020\/#\/schema\/person\/dd2bdc135b53c60d45b8bb329565cf6d"},"headline":"Sipas Joanit 1: 1-17","datePublished":"2018-10-31T09:00:00+00:00","mainEntityOfPage":{"@id":"https:\/\/orthodoxalbania.org\/2020\/2018\/10\/31\/sipas-joanit-1-1-17\/"},"wordCount":324,"commentCount":0,"publisher":{"@id":"https:\/\/orthodoxalbania.org\/2020\/#organization"},"articleSection":["Ungjilli"],"inLanguage":"en-US"},{"@type":"WebPage","@id":"https:\/\/orthodoxalbania.org\/2020\/2018\/10\/31\/sipas-joanit-1-1-17\/","url":"https:\/\/orthodoxalbania.org\/2020\/2018\/10\/31\/sipas-joanit-1-1-17\/","name":"Sipas Joanit 1: 1-17 - Kisha Orthodh\u03bfkse Autoqefale e Shqip\u00ebris\u00eb","isPartOf":{"@id":"https:\/\/orthodoxalbania.org\/2020\/#website"},"datePublished":"2018-10-31T09:00:00+00:00","breadcrumb":{"@id":"https:\/\/orthodoxalbania.org\/2020\/2018\/10\/31\/sipas-joanit-1-1-17\/#breadcrumb"},"inLanguage":"en-US","potentialAction":[{"@type":"ReadAction","target":["https:\/\/orthodoxalbania.org\/2020\/2018\/10\/31\/sipas-joanit-1-1-17\/"]}]},{"@type":"BreadcrumbList","@id":"https:\/\/orthodoxalbania.org\/2020\/2018\/10\/31\/sipas-joanit-1-1-17\/#breadcrumb","itemListElement":[{"@type":"ListItem","position":1,"name":"Home","item":"https:\/\/orthodoxalbania.org\/2020\/"},{"@type":"ListItem","position":2,"name":"Sipas Joanit 1: 1-17"}]},{"@type":"WebSite","@id":"https:\/\/orthodoxalbania.org\/2020\/#website","url":"https:\/\/orthodoxalbania.org\/2020\/","name":"Kisha Orthodh\u03bfkse Autoqefale e Shqip\u00ebris\u00eb","description":"Fqja Zyrtare e Kish\u00ebs Orthodhokse Autoqefale e Shqip\u00ebris\u00eb me lajmet edhe informacionet zyrtare p\u00ebr struktur\u00ebn edhe veprimtarin e saj.","publisher":{"@id":"https:\/\/orthodoxalbania.org\/2020\/#organization"},"potentialAction":[{"@type":"SearchAction","target":{"@type":"EntryPoint","urlTemplate":"https:\/\/orthodoxalbania.org\/2020\/?s={search_term_string}"},"query-input":{"@type":"PropertyValueSpecification","valueRequired":true,"valueName":"search_term_string"}}],"inLanguage":"en-US"},{"@type":"Organization","@id":"https:\/\/orthodoxalbania.org\/2020\/#organization","name":"Kisha Orthodhokse Autoqefale e Shqip\u00ebris\u00eb","url":"https:\/\/orthodoxalbania.org\/2020\/","logo":{"@type":"ImageObject","inLanguage":"en-US","@id":"https:\/\/orthodoxalbania.org\/2020\/#\/schema\/logo\/image\/","url":"https:\/\/orthodoxalbania.org\/2020\/wp-content\/uploads\/2020\/05\/albania.jpeg","contentUrl":"https:\/\/orthodoxalbania.org\/2020\/wp-content\/uploads\/2020\/05\/albania.jpeg","width":540,"height":540,"caption":"Kisha Orthodhokse Autoqefale e Shqip\u00ebris\u00eb"},"image":{"@id":"https:\/\/orthodoxalbania.org\/2020\/#\/schema\/logo\/image\/"},"sameAs":["https:\/\/www.facebook.com\/koash1991"]},{"@type":"Person","@id":"https:\/\/orthodoxalbania.org\/2020\/#\/schema\/person\/dd2bdc135b53c60d45b8bb329565cf6d","name":"neo_admin","image":{"@type":"ImageObject","inLanguage":"en-US","@id":"https:\/\/secure.gravatar.com\/avatar\/53e6cdc30765aade0129f85e5aeb50124b1d3f5bb9a70373be31e4eb328371e0?s=96&d=mm&r=g","url":"https:\/\/secure.gravatar.com\/avatar\/53e6cdc30765aade0129f85e5aeb50124b1d3f5bb9a70373be31e4eb328371e0?s=96&d=mm&r=g","contentUrl":"https:\/\/secure.gravatar.com\/avatar\/53e6cdc30765aade0129f85e5aeb50124b1d3f5bb9a70373be31e4eb328371e0?s=96&d=mm&r=g","caption":"neo_admin"}}]}},"_links":{"self":[{"href":"https:\/\/orthodoxalbania.org\/2020\/wp-json\/wp\/v2\/posts\/8845","targetHints":{"allow":["GET"]}}],"collection":[{"href":"https:\/\/orthodoxalbania.org\/2020\/wp-json\/wp\/v2\/posts"}],"about":[{"href":"https:\/\/orthodoxalbania.org\/2020\/wp-json\/wp\/v2\/types\/post"}],"author":[{"embeddable":true,"href":"https:\/\/orthodoxalbania.org\/2020\/wp-json\/wp\/v2\/users\/14"}],"replies":[{"embeddable":true,"href":"https:\/\/orthodoxalbania.org\/2020\/wp-json\/wp\/v2\/comments?post=8845"}],"version-history":[{"count":0,"href":"https:\/\/orthodoxalbania.org\/2020\/wp-json\/wp\/v2\/posts\/8845\/revisions"}],"wp:attachment":[{"href":"https:\/\/orthodoxalbania.org\/2020\/wp-json\/wp\/v2\/media?parent=8845"}],"wp:term":[{"taxonomy":"category","embeddable":true,"href":"https:\/\/orthodoxalbania.org\/2020\/wp-json\/wp\/v2\/categories?post=8845"},{"taxonomy":"post_tag","embeddable":true,"href":"https:\/\/orthodoxalbania.org\/2020\/wp-json\/wp\/v2\/tags?post=8845"}],"curies":[{"name":"wp","href":"https:\/\/api.w.org\/{rel}","templated":true}]}}