{"id":884,"date":"2013-03-20T12:54:05","date_gmt":"2013-03-20T12:54:05","guid":{"rendered":""},"modified":"2020-04-06T22:32:23","modified_gmt":"2020-04-06T20:32:23","slug":"kryepiskopi-anastas-realizon-dhe-peruron-ujesjellesin-ne-fshatin-dhrovjan-te-gjirokastres","status":"publish","type":"post","link":"https:\/\/orthodoxalbania.org\/2020\/2013\/03\/20\/kryepiskopi-anastas-realizon-dhe-peruron-ujesjellesin-ne-fshatin-dhrovjan-te-gjirokastres\/","title":{"rendered":"Kryepiskopi Anastas realizon dhe p\u00ebruron uj\u00ebsjell\u00ebsin n\u00eb fshatin Dhrovjan t\u00eb Gjirokastr\u00ebs. (15 Gusht 2010)"},"content":{"rendered":"<div style=\"text-align: justify;\">&nbsp;<\/div>\n<div class=\"style7\">\n<div class=\"style8\" style=\"text-align: justify;\"><span style=\"font-family: tahoma,geneva,sans-serif;\"><span style=\"font-size: 12px;\"><span style=\"color: #000000;\"><img decoding=\"async\" class=\"lazyload HAa Eha\" style=\"border-width: 1px; border-style: solid; margin: 10px; float: left;\" alt=\"\" src=\"data:image\/svg+xml,%3Csvg%20xmlns%3D%27http%3A%2F%2Fwww.w3.org%2F2000%2Fsvg%27%20width%3D%27252%27%20height%3D%27190%27%20viewBox%3D%270%200%20252%20190%27%3E%3Crect%20width%3D%27252%27%20height%3D%27190%27%20fill-opacity%3D%220%22%2F%3E%3C%2Fsvg%3E\" data-orig-src=\"https:\/\/lh5.googleusercontent.com\/-b6zv2oZmK1o\/VL99-PH3M9I\/AAAAAAAALBQ\/-BNhhEJQ-8I\/w600-h450-no\/1_600x450.jpg\" height=\"190\" width=\"252\" \/>&nbsp;&nbsp; T\u00eb Diel\u00ebn, 15 Gusht 2010, dit\u00ebn e t\u00eb Kremtes s\u00eb Fjetjes s\u00eb T\u00ebr\u00ebshenjt\u00ebs Mari, Kryepiskopi Anastas ishte mes besimtar\u00ebve n\u00eb enorin\u00eb e madhe, por&nbsp; disi t\u00eb izoluar t\u00eb Dhrovjanit. N\u00eb Kish\u00ebn e madhe t\u00eb Sh\u00ebn Nikoll\u00ebs ai kreu Liturgjin\u00eb Hyjnore dhe kungoi besimtar\u00ebt e shumt\u00eb me misteret e shenjta.<\/span><\/span><\/span><\/div>\n<div class=\"style8\" style=\"text-align: justify;\"> <span style=\"font-family: tahoma,geneva,sans-serif;\"><span style=\"font-size: 12px;\"><span style=\"color: #000000;\">&nbsp;&nbsp;&nbsp; Atmosfera n\u00eb kish\u00eb dhe n\u00eb oborrin e saj dhe n\u00eb t\u00eb gjith\u00eb qendr\u00ebn e fshatit ishte e g\u00ebzuar dhe festive. Ishin t\u00eb ngrohta fjal\u00ebt q\u00eb t\u00eb gjith\u00eb, t\u00eb m\u00ebdhenj dhe t\u00eb vegj\u00ebl, kishin p\u00ebr t\u00eb th\u00ebn\u00eb p\u00ebr Kryepiskopin, fal\u00ebnderimi i tyre ishte nga shpirti. Dukej leht\u00eb se n\u00eb ve\u00e7anti t\u00eb rinjt\u00eb, ndon\u00ebse larg vendlindjes ndjekin me kujdes gjith\u00e7ka q\u00eb realizohet n\u00eb Kish\u00ebn ton\u00eb n\u00ebn frym\u00ebn e urt\u00eb t\u00eb Kryepiskopit dhe ndihen p\u00ebr k\u00ebt\u00eb krenar\u00eb. Ishin t\u00eb shumt\u00eb q\u00eb ia thoshin k\u00ebt\u00eb gj\u00eb Atit ton\u00eb shpirt\u00ebror: na b\u00ebn t\u00eb ndihemi krenar\u00eb kudo ku jemi dhe punojm\u00eb dhe jetojm\u00eb.<\/span><\/span><\/span><\/div>\n<div class=\"style8\" style=\"text-align: justify;\"> <span style=\"font-family: tahoma,geneva,sans-serif;\"><span style=\"font-size: 12px;\"><span style=\"color: #000000;\">&nbsp;&nbsp;&nbsp;&nbsp; P\u00ebr ta b\u00ebr\u00eb m\u00eb konkrete atmosfer\u00ebn e g\u00ebzimit dhe si p\u00ebr t\u00eb d\u00ebshmuar fuqin\u00eb dhe guximin q\u00eb jep t\u00eb besuarit e thell\u00eb tek Per\u00ebndia, dit\u00eb ve\u00e7 t\u00eb tjerash n\u00eb qend\u00ebr t\u00eb fshatit Dhrovjan ishte organizuar edhe ceremonia p\u00ebr p\u00ebrurimin e uj\u00ebsjell\u00ebsit t\u00eb fshatit. Kryepiskopi Anastas kreu Sh\u00ebrbes\u00ebn e Ajazm\u00ebs n\u00eb nj\u00eb \u00e7ezm\u00eb t\u00eb nd\u00ebrtuar n\u00eb m\u00ebnyr\u00eb tradicionale, e cila pik\u00ebrisht do t\u00eb p\u00ebrjet\u00ebsoj\u00eb k\u00ebt\u00eb vep\u00ebr q\u00eb zgjidhi nevoj\u00ebn m\u00eb jet\u00ebsore t\u00eb banor\u00ebve. Fal\u00eb kontributit financiar, por kryesisht besimit q\u00eb ngjalli te komuniteti i banor\u00ebve se kjo vep\u00ebr mund t\u00eb realizohej, i t\u00ebr\u00eb ky uj\u00ebsjell\u00ebs u realizua n\u00eb tre vitet e kaluara nga Kryepiskopi. <\/span><\/span><\/span><\/div>\n<div class=\"style8\" style=\"text-align: justify;\"> <span style=\"font-family: tahoma,geneva,sans-serif;\"><span style=\"font-size: 12px;\"><span style=\"color: #000000;\"><img decoding=\"async\" class=\"lazyload HAa Eha\" style=\"height: 225px; width: 300px; border-width: 1px; border-style: solid; margin: 10px; float: right;\" alt=\"\" src=\"data:image\/gif;base64,R0lGODlhAQABAAAAACH5BAEKAAEALAAAAAABAAEAAAICTAEAOw==\" data-orig-src=\"https:\/\/lh4.googleusercontent.com\/-_9a2AcdnlEE\/VL99-BZum7I\/AAAAAAAALBI\/Gdxr4jL3E0Q\/w600-h450-no\/2_600x450.jpg\" \/>&nbsp;&nbsp;&nbsp; Fjala e kryeplakut dhe pllaka p\u00ebrkujtimore e vendosur n\u00eb oborrin e kish\u00ebs \u00ebsht\u00eb shprehja e mir\u00ebnjohjes p\u00ebr Kryepiskopin q\u00eb b\u00ebri realitet \u00ebndrr\u00ebn p\u00ebr t\u00eb pasur uj\u00eb n\u00eb fshat. Dhe tashm\u00eb uji arriti jo vet\u00ebm n\u00eb fshat, por n\u00eb sht\u00ebpin\u00eb e \u00e7do banori t\u00eb Dhrovjanit. P\u00ebr t\u00eb realizuar k\u00ebt\u00eb vep\u00ebr tejet t\u00eb v\u00ebshtir\u00eb (gjat\u00ebsi nga burimi 5.5 km dhe diferenca niveli lart\u00ebsie mbi 400 m, me nd\u00ebrtim stacioni pompimi, shtrim t\u00eb tubacionit dhe punime t\u00eb tjera si depo uji dhe vepr\u00ebn e marrjes s\u00eb ujit), u desh q\u00eb Kryepiskopi jo vet\u00ebm t\u00eb gjej\u00eb fondet, por edhe t\u00eb ndjek\u00eb me kujdes \u00e7do faz\u00eb t\u00eb punimeve dhe t\u00eb mbaj\u00eb gjall\u00eb shpres\u00ebn se vepra do t\u00eb p\u00ebrfundonte.<\/span><\/span><\/span><\/div>\n<div class=\"style8\" style=\"text-align: justify;\"> <span style=\"font-family: tahoma,geneva,sans-serif;\"><span style=\"font-size: 12px;\"><span style=\"color: #000000;\">&nbsp;&nbsp;&nbsp;&nbsp; N\u00eb k\u00ebt\u00eb g\u00ebzim t\u00eb ve\u00e7ant\u00eb ishin t\u00eb pranish\u00ebm edhe Zv\/Prefekti i Sarand\u00ebs&nbsp; Gj. Mano, deputeti dhe Kryetar i PBDNJ V. Dule, Kryetari i Komun\u00ebs Th. Kaishi etj. Kryeplaku P. Ta\u00e7i mbajti fjal\u00ebn e rastit mbushur me fal\u00ebnderime sepse Kryepiskopi para disa vjet\u00ebsh ndihmoi edhe n\u00eb p\u00ebrmir\u00ebsimin rr\u00ebnj\u00ebsor t\u00eb rrug\u00ebs automobilistike dhe n\u00eb restaurimin e&nbsp; kish\u00ebs. <\/span><\/span><\/span><\/div>\n<div class=\"style8\" style=\"text-align: justify;\"> <span style=\"font-family: tahoma,geneva,sans-serif;\"><span style=\"font-size: 12px;\"><span style=\"color: #000000;\"><img decoding=\"async\" class=\"lazyload HAa Eha\" style=\"height: 225px; width: 300px; border-width: 1px; border-style: solid; margin: 10px; float: left;\" alt=\"\" src=\"data:image\/gif;base64,R0lGODlhAQABAAAAACH5BAEKAAEALAAAAAABAAEAAAICTAEAOw==\" data-orig-src=\"https:\/\/lh5.googleusercontent.com\/-zwLG8Flynmo\/VL99-6q42BI\/AAAAAAAALBM\/r9laCEn3iFY\/w600-h450-no\/3_600x450.jpg\" \/>&nbsp; &nbsp; Kryetari i Komun\u00ebs Mesopotam, q\u00eb p\u00ebrfshin n\u00eb administrimin e saj edhe Dhrovjanin, n\u00eb letr\u00ebn e tij t\u00eb fal\u00ebnderimit dhe mir\u00ebnjohjes p\u00ebr Fortlumturin\u00eb e Tij, thekson mes t\u00eb tjerash, se s\u00eb bashku me Shkoll\u00ebn Profesionale Apostull Pavli (q\u00eb me kujdesin e Kryepiskopit u themelua dhe funksionon n\u00eb qend\u00ebr t\u00eb Komun\u00ebs) dhe k\u00ebto pun\u00eb n\u00eb Dhrovjan e t\u00eb tjera nd\u00ebrhyrje n\u00eb shum\u00eb fshatra t\u00eb k\u00ebsaj nj\u00ebsie administrative, Kryepiskopi Anastas \u00ebsht\u00eb b\u00ebr\u00eb bamir\u00ebsi i madh i zon\u00ebs dhe ka kryer n\u00eb t\u00eb pun\u00eb q\u00eb financiarisht kap\u00ebrcejn\u00eb t\u00eb gjitha nd\u00ebrhyrjet me financim buxhetor nga shteti.<\/span><\/span><\/span><\/div>\n<div class=\"style8\" style=\"text-align: justify;\">&nbsp;<\/div>\n<div class=\"style8\">&nbsp;<\/div>\n<div class=\"style8\">&nbsp;<\/div>\n<div class=\"style8\">&nbsp;<\/div>\n<div class=\"style8\">&nbsp;<\/div>\n<div class=\"style8\">&nbsp;<\/div>\n<div class=\"style8\">&nbsp;<\/div>\n<div class=\"style8\" style=\"text-align: center;\"><img decoding=\"async\" class=\"lazyload HAa Eha\" style=\"border-width: 1px; border-style: solid; margin: 10px;\" alt=\"\" src=\"data:image\/gif;base64,R0lGODlhAQABAAAAACH5BAEKAAEALAAAAAABAAEAAAICTAEAOw==\" data-orig-src=\"https:\/\/lh4.googleusercontent.com\/-2k-j7ROjC2Y\/VL99-uKa9uI\/AAAAAAAALA8\/fUWqAxjPqxo\/w600-h450-no\/4_600x450.jpg\" \/><\/div>\n<div class=\"style8\" style=\"text-align: center;\"><img decoding=\"async\" class=\"lazyload HAa Eha\" style=\"border-width: 1px; border-style: solid; margin: 10px;\" alt=\"\" src=\"data:image\/gif;base64,R0lGODlhAQABAAAAACH5BAEKAAEALAAAAAABAAEAAAICTAEAOw==\" data-orig-src=\"https:\/\/lh5.googleusercontent.com\/-aTtJS0B-64Y\/VL99-wZMfBI\/AAAAAAAALA4\/qhrY89Nxpno\/w600-h450-no\/6_600x450.jpg\" \/><\/div>\n<div class=\"style8\" style=\"text-align: center;\"><img decoding=\"async\" class=\"lazyload HAa Eha\" style=\"border-width: 1px; border-style: solid; margin: 10px;\" alt=\"\" src=\"data:image\/gif;base64,R0lGODlhAQABAAAAACH5BAEKAAEALAAAAAABAAEAAAICTAEAOw==\" data-orig-src=\"https:\/\/lh3.googleusercontent.com\/-Z6ERc6A9Glk\/VL99_CE2KzI\/AAAAAAAALBA\/V1Pg3DBKdMs\/w600-h358-no\/7_600x358.jpg\" \/><\/div>\n<div class=\"style8\">&nbsp;<\/div>\n<div class=\"style8\" style=\"text-align: center;\">&nbsp;<\/div>\n<div class=\"style8\"><span style=\"font-family: tahoma,geneva,sans-serif;\"><span style=\"font-size: 12px;\"><span style=\"color: #000000;\"><strong>(Korresp. i gazet\u00ebs \u201cNGJALLJA\u201d)<\/strong><\/span><\/span><\/span><\/div>\n<\/div>\n","protected":false},"excerpt":{"rendered":"<p>&nbsp; &nbsp;&nbsp; T\u00eb Diel\u00ebn, 15 Gusht 2010, dit\u00ebn e t\u00eb Kremtes s\u00eb Fjetjes s\u00eb T\u00ebr\u00ebshenjt\u00ebs Mari, Kryepiskopi Anastas ishte mes besimtar\u00ebve n\u00eb enorin\u00eb e madhe, por&nbsp; disi t\u00eb izoluar t\u00eb Dhrovjanit. N\u00eb Kish\u00ebn e madhe t\u00eb Sh\u00ebn Nikoll\u00ebs ai kreu Liturgjin\u00eb Hyjnore dhe kungoi besimtar\u00ebt e shumt\u00eb me misteret e shenjta. &nbsp;&nbsp;&nbsp; Atmosfera n\u00eb kish\u00eb dhe n\u00eb oborrin e saj dhe n\u00eb t\u00eb gjith\u00eb qendr\u00ebn<\/p>\n","protected":false},"author":1,"featured_media":0,"comment_status":"open","ping_status":"open","sticky":false,"template":"","format":"standard","meta":{"_acf_changed":false,"pagelayer_contact_templates":[],"_pagelayer_content":"","inline_featured_image":false,"fifu_image_url":"","fifu_image_alt":"","footnotes":""},"categories":[108],"tags":[144,196,201,212,198],"class_list":["post-884","post","type-post","status-publish","format-standard","hentry","category-lajme","tag-144","tag-tirane","tag-kryepiskopi-anastas","tag-lajme-d27","tag-gjirokaster"],"acf":[],"yoast_head":"<!-- This site is optimized with the Yoast SEO plugin v27.2 - https:\/\/yoast.com\/product\/yoast-seo-wordpress\/ -->\n<title>Kryepiskopi Anastas realizon dhe p\u00ebruron uj\u00ebsjell\u00ebsin n\u00eb fshatin Dhrovjan t\u00eb Gjirokastr\u00ebs. (15 Gusht 2010) - Kisha Orthodh\u03bfkse Autoqefale e Shqip\u00ebris\u00eb<\/title>\n<meta name=\"robots\" content=\"index, follow, max-snippet:-1, max-image-preview:large, max-video-preview:-1\" \/>\n<link rel=\"canonical\" href=\"https:\/\/orthodoxalbania.org\/2020\/2013\/03\/20\/kryepiskopi-anastas-realizon-dhe-peruron-ujesjellesin-ne-fshatin-dhrovjan-te-gjirokastres\/\" \/>\n<meta property=\"og:locale\" content=\"en_US\" \/>\n<meta property=\"og:type\" content=\"article\" \/>\n<meta property=\"og:title\" content=\"Kryepiskopi Anastas realizon dhe p\u00ebruron uj\u00ebsjell\u00ebsin n\u00eb fshatin Dhrovjan t\u00eb Gjirokastr\u00ebs. (15 Gusht 2010) - Kisha Orthodh\u03bfkse Autoqefale e Shqip\u00ebris\u00eb\" \/>\n<meta property=\"og:description\" content=\"&nbsp; &nbsp;&nbsp; T\u00eb Diel\u00ebn, 15 Gusht 2010, dit\u00ebn e t\u00eb Kremtes s\u00eb Fjetjes s\u00eb T\u00ebr\u00ebshenjt\u00ebs Mari, Kryepiskopi Anastas ishte mes besimtar\u00ebve n\u00eb enorin\u00eb e madhe, por&nbsp; disi t\u00eb izoluar t\u00eb Dhrovjanit. N\u00eb Kish\u00ebn e madhe t\u00eb Sh\u00ebn Nikoll\u00ebs ai kreu Liturgjin\u00eb Hyjnore dhe kungoi besimtar\u00ebt e shumt\u00eb me misteret e shenjta. &nbsp;&nbsp;&nbsp; Atmosfera n\u00eb kish\u00eb dhe n\u00eb oborrin e saj dhe n\u00eb t\u00eb gjith\u00eb qendr\u00ebn\" \/>\n<meta property=\"og:url\" content=\"https:\/\/orthodoxalbania.org\/2020\/2013\/03\/20\/kryepiskopi-anastas-realizon-dhe-peruron-ujesjellesin-ne-fshatin-dhrovjan-te-gjirokastres\/\" \/>\n<meta property=\"og:site_name\" content=\"Kisha Orthodh\u03bfkse Autoqefale e Shqip\u00ebris\u00eb\" \/>\n<meta property=\"article:publisher\" content=\"https:\/\/www.facebook.com\/koash1991\" \/>\n<meta property=\"article:published_time\" content=\"2013-03-20T12:54:05+00:00\" \/>\n<meta property=\"article:modified_time\" content=\"2020-04-06T20:32:23+00:00\" \/>\n<meta property=\"og:image\" content=\"https:\/\/lh5.googleusercontent.com\/-b6zv2oZmK1o\/VL99-PH3M9I\/AAAAAAAALBQ\/-BNhhEJQ-8I\/w600-h450-no\/1_600x450.jpg\" \/>\n<meta name=\"author\" content=\"Kisha Orthodhokse\" \/>\n<meta name=\"twitter:card\" content=\"summary_large_image\" \/>\n<meta name=\"twitter:label1\" content=\"Written by\" \/>\n\t<meta name=\"twitter:data1\" content=\"Kisha Orthodhokse\" \/>\n\t<meta name=\"twitter:label2\" content=\"Est. reading time\" \/>\n\t<meta name=\"twitter:data2\" content=\"3 minutes\" \/>\n<script type=\"application\/ld+json\" class=\"yoast-schema-graph\">{\"@context\":\"https:\/\/schema.org\",\"@graph\":[{\"@type\":\"Article\",\"@id\":\"https:\/\/orthodoxalbania.org\/2020\/2013\/03\/20\/kryepiskopi-anastas-realizon-dhe-peruron-ujesjellesin-ne-fshatin-dhrovjan-te-gjirokastres\/#article\",\"isPartOf\":{\"@id\":\"https:\/\/orthodoxalbania.org\/2020\/2013\/03\/20\/kryepiskopi-anastas-realizon-dhe-peruron-ujesjellesin-ne-fshatin-dhrovjan-te-gjirokastres\/\"},\"author\":{\"name\":\"Kisha Orthodhokse\",\"@id\":\"https:\/\/orthodoxalbania.org\/2020\/#\/schema\/person\/0c387634a7063ac612d7ed9ce71c7e86\"},\"headline\":\"Kryepiskopi Anastas realizon dhe p\u00ebruron uj\u00ebsjell\u00ebsin n\u00eb fshatin Dhrovjan t\u00eb Gjirokastr\u00ebs. (15 Gusht 2010)\",\"datePublished\":\"2013-03-20T12:54:05+00:00\",\"dateModified\":\"2020-04-06T20:32:23+00:00\",\"mainEntityOfPage\":{\"@id\":\"https:\/\/orthodoxalbania.org\/2020\/2013\/03\/20\/kryepiskopi-anastas-realizon-dhe-peruron-ujesjellesin-ne-fshatin-dhrovjan-te-gjirokastres\/\"},\"wordCount\":671,\"commentCount\":0,\"publisher\":{\"@id\":\"https:\/\/orthodoxalbania.org\/2020\/#organization\"},\"image\":{\"@id\":\"https:\/\/orthodoxalbania.org\/2020\/2013\/03\/20\/kryepiskopi-anastas-realizon-dhe-peruron-ujesjellesin-ne-fshatin-dhrovjan-te-gjirokastres\/#primaryimage\"},\"thumbnailUrl\":\"https:\/\/lh5.googleusercontent.com\/-b6zv2oZmK1o\/VL99-PH3M9I\/AAAAAAAALBQ\/-BNhhEJQ-8I\/w600-h450-no\/1_600x450.jpg\",\"keywords\":[\"2010\",\"Kryepiskopata Tiran\u00eb\",\"Kryepiskopi Anastas\",\"lajme\",\"Mitropolia Gjirokast\u00ebr\"],\"articleSection\":[\"Lajme\"],\"inLanguage\":\"en-US\"},{\"@type\":\"WebPage\",\"@id\":\"https:\/\/orthodoxalbania.org\/2020\/2013\/03\/20\/kryepiskopi-anastas-realizon-dhe-peruron-ujesjellesin-ne-fshatin-dhrovjan-te-gjirokastres\/\",\"url\":\"https:\/\/orthodoxalbania.org\/2020\/2013\/03\/20\/kryepiskopi-anastas-realizon-dhe-peruron-ujesjellesin-ne-fshatin-dhrovjan-te-gjirokastres\/\",\"name\":\"Kryepiskopi Anastas realizon dhe p\u00ebruron uj\u00ebsjell\u00ebsin n\u00eb fshatin Dhrovjan t\u00eb Gjirokastr\u00ebs. (15 Gusht 2010) - Kisha Orthodh\u03bfkse Autoqefale e Shqip\u00ebris\u00eb\",\"isPartOf\":{\"@id\":\"https:\/\/orthodoxalbania.org\/2020\/#website\"},\"primaryImageOfPage\":{\"@id\":\"https:\/\/orthodoxalbania.org\/2020\/2013\/03\/20\/kryepiskopi-anastas-realizon-dhe-peruron-ujesjellesin-ne-fshatin-dhrovjan-te-gjirokastres\/#primaryimage\"},\"image\":{\"@id\":\"https:\/\/orthodoxalbania.org\/2020\/2013\/03\/20\/kryepiskopi-anastas-realizon-dhe-peruron-ujesjellesin-ne-fshatin-dhrovjan-te-gjirokastres\/#primaryimage\"},\"thumbnailUrl\":\"https:\/\/lh5.googleusercontent.com\/-b6zv2oZmK1o\/VL99-PH3M9I\/AAAAAAAALBQ\/-BNhhEJQ-8I\/w600-h450-no\/1_600x450.jpg\",\"datePublished\":\"2013-03-20T12:54:05+00:00\",\"dateModified\":\"2020-04-06T20:32:23+00:00\",\"breadcrumb\":{\"@id\":\"https:\/\/orthodoxalbania.org\/2020\/2013\/03\/20\/kryepiskopi-anastas-realizon-dhe-peruron-ujesjellesin-ne-fshatin-dhrovjan-te-gjirokastres\/#breadcrumb\"},\"inLanguage\":\"en-US\",\"potentialAction\":[{\"@type\":\"ReadAction\",\"target\":[\"https:\/\/orthodoxalbania.org\/2020\/2013\/03\/20\/kryepiskopi-anastas-realizon-dhe-peruron-ujesjellesin-ne-fshatin-dhrovjan-te-gjirokastres\/\"]}]},{\"@type\":\"ImageObject\",\"inLanguage\":\"en-US\",\"@id\":\"https:\/\/orthodoxalbania.org\/2020\/2013\/03\/20\/kryepiskopi-anastas-realizon-dhe-peruron-ujesjellesin-ne-fshatin-dhrovjan-te-gjirokastres\/#primaryimage\",\"url\":\"https:\/\/lh5.googleusercontent.com\/-b6zv2oZmK1o\/VL99-PH3M9I\/AAAAAAAALBQ\/-BNhhEJQ-8I\/w600-h450-no\/1_600x450.jpg\",\"contentUrl\":\"https:\/\/lh5.googleusercontent.com\/-b6zv2oZmK1o\/VL99-PH3M9I\/AAAAAAAALBQ\/-BNhhEJQ-8I\/w600-h450-no\/1_600x450.jpg\"},{\"@type\":\"BreadcrumbList\",\"@id\":\"https:\/\/orthodoxalbania.org\/2020\/2013\/03\/20\/kryepiskopi-anastas-realizon-dhe-peruron-ujesjellesin-ne-fshatin-dhrovjan-te-gjirokastres\/#breadcrumb\",\"itemListElement\":[{\"@type\":\"ListItem\",\"position\":1,\"name\":\"Home\",\"item\":\"https:\/\/orthodoxalbania.org\/2020\/\"},{\"@type\":\"ListItem\",\"position\":2,\"name\":\"Kryepiskopi Anastas realizon dhe p\u00ebruron uj\u00ebsjell\u00ebsin n\u00eb fshatin Dhrovjan t\u00eb Gjirokastr\u00ebs. (15 Gusht 2010)\"}]},{\"@type\":\"WebSite\",\"@id\":\"https:\/\/orthodoxalbania.org\/2020\/#website\",\"url\":\"https:\/\/orthodoxalbania.org\/2020\/\",\"name\":\"Kisha Orthodh\u03bfkse Autoqefale e Shqip\u00ebris\u00eb\",\"description\":\"Fqja Zyrtare e Kish\u00ebs Orthodhokse Autoqefale e Shqip\u00ebris\u00eb me lajmet edhe informacionet zyrtare p\u00ebr struktur\u00ebn edhe veprimtarin e saj.\",\"publisher\":{\"@id\":\"https:\/\/orthodoxalbania.org\/2020\/#organization\"},\"potentialAction\":[{\"@type\":\"SearchAction\",\"target\":{\"@type\":\"EntryPoint\",\"urlTemplate\":\"https:\/\/orthodoxalbania.org\/2020\/?s={search_term_string}\"},\"query-input\":{\"@type\":\"PropertyValueSpecification\",\"valueRequired\":true,\"valueName\":\"search_term_string\"}}],\"inLanguage\":\"en-US\"},{\"@type\":\"Organization\",\"@id\":\"https:\/\/orthodoxalbania.org\/2020\/#organization\",\"name\":\"Kisha Orthodhokse Autoqefale e Shqip\u00ebris\u00eb\",\"url\":\"https:\/\/orthodoxalbania.org\/2020\/\",\"logo\":{\"@type\":\"ImageObject\",\"inLanguage\":\"en-US\",\"@id\":\"https:\/\/orthodoxalbania.org\/2020\/#\/schema\/logo\/image\/\",\"url\":\"https:\/\/orthodoxalbania.org\/2020\/wp-content\/uploads\/2020\/05\/albania.jpeg\",\"contentUrl\":\"https:\/\/orthodoxalbania.org\/2020\/wp-content\/uploads\/2020\/05\/albania.jpeg\",\"width\":540,\"height\":540,\"caption\":\"Kisha Orthodhokse Autoqefale e Shqip\u00ebris\u00eb\"},\"image\":{\"@id\":\"https:\/\/orthodoxalbania.org\/2020\/#\/schema\/logo\/image\/\"},\"sameAs\":[\"https:\/\/www.facebook.com\/koash1991\"]},{\"@type\":\"Person\",\"@id\":\"https:\/\/orthodoxalbania.org\/2020\/#\/schema\/person\/0c387634a7063ac612d7ed9ce71c7e86\",\"name\":\"Kisha Orthodhokse\",\"image\":{\"@type\":\"ImageObject\",\"inLanguage\":\"en-US\",\"@id\":\"https:\/\/secure.gravatar.com\/avatar\/596e7c417251e30f2fbb9c00e026fce61a695a00e51c889caded71c96cbbdde5?s=96&d=mm&r=g\",\"url\":\"https:\/\/secure.gravatar.com\/avatar\/596e7c417251e30f2fbb9c00e026fce61a695a00e51c889caded71c96cbbdde5?s=96&d=mm&r=g\",\"contentUrl\":\"https:\/\/secure.gravatar.com\/avatar\/596e7c417251e30f2fbb9c00e026fce61a695a00e51c889caded71c96cbbdde5?s=96&d=mm&r=g\",\"caption\":\"Kisha Orthodhokse\"}}]}<\/script>\n<!-- \/ Yoast SEO plugin. -->","yoast_head_json":{"title":"Kryepiskopi Anastas realizon dhe p\u00ebruron uj\u00ebsjell\u00ebsin n\u00eb fshatin Dhrovjan t\u00eb Gjirokastr\u00ebs. (15 Gusht 2010) - Kisha Orthodh\u03bfkse Autoqefale e Shqip\u00ebris\u00eb","robots":{"index":"index","follow":"follow","max-snippet":"max-snippet:-1","max-image-preview":"max-image-preview:large","max-video-preview":"max-video-preview:-1"},"canonical":"https:\/\/orthodoxalbania.org\/2020\/2013\/03\/20\/kryepiskopi-anastas-realizon-dhe-peruron-ujesjellesin-ne-fshatin-dhrovjan-te-gjirokastres\/","og_locale":"en_US","og_type":"article","og_title":"Kryepiskopi Anastas realizon dhe p\u00ebruron uj\u00ebsjell\u00ebsin n\u00eb fshatin Dhrovjan t\u00eb Gjirokastr\u00ebs. (15 Gusht 2010) - Kisha Orthodh\u03bfkse Autoqefale e Shqip\u00ebris\u00eb","og_description":"&nbsp; &nbsp;&nbsp; T\u00eb Diel\u00ebn, 15 Gusht 2010, dit\u00ebn e t\u00eb Kremtes s\u00eb Fjetjes s\u00eb T\u00ebr\u00ebshenjt\u00ebs Mari, Kryepiskopi Anastas ishte mes besimtar\u00ebve n\u00eb enorin\u00eb e madhe, por&nbsp; disi t\u00eb izoluar t\u00eb Dhrovjanit. N\u00eb Kish\u00ebn e madhe t\u00eb Sh\u00ebn Nikoll\u00ebs ai kreu Liturgjin\u00eb Hyjnore dhe kungoi besimtar\u00ebt e shumt\u00eb me misteret e shenjta. &nbsp;&nbsp;&nbsp; Atmosfera n\u00eb kish\u00eb dhe n\u00eb oborrin e saj dhe n\u00eb t\u00eb gjith\u00eb qendr\u00ebn","og_url":"https:\/\/orthodoxalbania.org\/2020\/2013\/03\/20\/kryepiskopi-anastas-realizon-dhe-peruron-ujesjellesin-ne-fshatin-dhrovjan-te-gjirokastres\/","og_site_name":"Kisha Orthodh\u03bfkse Autoqefale e Shqip\u00ebris\u00eb","article_publisher":"https:\/\/www.facebook.com\/koash1991","article_published_time":"2013-03-20T12:54:05+00:00","article_modified_time":"2020-04-06T20:32:23+00:00","og_image":[{"url":"https:\/\/lh5.googleusercontent.com\/-b6zv2oZmK1o\/VL99-PH3M9I\/AAAAAAAALBQ\/-BNhhEJQ-8I\/w600-h450-no\/1_600x450.jpg","type":"","width":"","height":""}],"author":"Kisha Orthodhokse","twitter_card":"summary_large_image","twitter_misc":{"Written by":"Kisha Orthodhokse","Est. reading time":"3 minutes"},"schema":{"@context":"https:\/\/schema.org","@graph":[{"@type":"Article","@id":"https:\/\/orthodoxalbania.org\/2020\/2013\/03\/20\/kryepiskopi-anastas-realizon-dhe-peruron-ujesjellesin-ne-fshatin-dhrovjan-te-gjirokastres\/#article","isPartOf":{"@id":"https:\/\/orthodoxalbania.org\/2020\/2013\/03\/20\/kryepiskopi-anastas-realizon-dhe-peruron-ujesjellesin-ne-fshatin-dhrovjan-te-gjirokastres\/"},"author":{"name":"Kisha Orthodhokse","@id":"https:\/\/orthodoxalbania.org\/2020\/#\/schema\/person\/0c387634a7063ac612d7ed9ce71c7e86"},"headline":"Kryepiskopi Anastas realizon dhe p\u00ebruron uj\u00ebsjell\u00ebsin n\u00eb fshatin Dhrovjan t\u00eb Gjirokastr\u00ebs. (15 Gusht 2010)","datePublished":"2013-03-20T12:54:05+00:00","dateModified":"2020-04-06T20:32:23+00:00","mainEntityOfPage":{"@id":"https:\/\/orthodoxalbania.org\/2020\/2013\/03\/20\/kryepiskopi-anastas-realizon-dhe-peruron-ujesjellesin-ne-fshatin-dhrovjan-te-gjirokastres\/"},"wordCount":671,"commentCount":0,"publisher":{"@id":"https:\/\/orthodoxalbania.org\/2020\/#organization"},"image":{"@id":"https:\/\/orthodoxalbania.org\/2020\/2013\/03\/20\/kryepiskopi-anastas-realizon-dhe-peruron-ujesjellesin-ne-fshatin-dhrovjan-te-gjirokastres\/#primaryimage"},"thumbnailUrl":"https:\/\/lh5.googleusercontent.com\/-b6zv2oZmK1o\/VL99-PH3M9I\/AAAAAAAALBQ\/-BNhhEJQ-8I\/w600-h450-no\/1_600x450.jpg","keywords":["2010","Kryepiskopata Tiran\u00eb","Kryepiskopi Anastas","lajme","Mitropolia Gjirokast\u00ebr"],"articleSection":["Lajme"],"inLanguage":"en-US"},{"@type":"WebPage","@id":"https:\/\/orthodoxalbania.org\/2020\/2013\/03\/20\/kryepiskopi-anastas-realizon-dhe-peruron-ujesjellesin-ne-fshatin-dhrovjan-te-gjirokastres\/","url":"https:\/\/orthodoxalbania.org\/2020\/2013\/03\/20\/kryepiskopi-anastas-realizon-dhe-peruron-ujesjellesin-ne-fshatin-dhrovjan-te-gjirokastres\/","name":"Kryepiskopi Anastas realizon dhe p\u00ebruron uj\u00ebsjell\u00ebsin n\u00eb fshatin Dhrovjan t\u00eb Gjirokastr\u00ebs. (15 Gusht 2010) - Kisha Orthodh\u03bfkse Autoqefale e Shqip\u00ebris\u00eb","isPartOf":{"@id":"https:\/\/orthodoxalbania.org\/2020\/#website"},"primaryImageOfPage":{"@id":"https:\/\/orthodoxalbania.org\/2020\/2013\/03\/20\/kryepiskopi-anastas-realizon-dhe-peruron-ujesjellesin-ne-fshatin-dhrovjan-te-gjirokastres\/#primaryimage"},"image":{"@id":"https:\/\/orthodoxalbania.org\/2020\/2013\/03\/20\/kryepiskopi-anastas-realizon-dhe-peruron-ujesjellesin-ne-fshatin-dhrovjan-te-gjirokastres\/#primaryimage"},"thumbnailUrl":"https:\/\/lh5.googleusercontent.com\/-b6zv2oZmK1o\/VL99-PH3M9I\/AAAAAAAALBQ\/-BNhhEJQ-8I\/w600-h450-no\/1_600x450.jpg","datePublished":"2013-03-20T12:54:05+00:00","dateModified":"2020-04-06T20:32:23+00:00","breadcrumb":{"@id":"https:\/\/orthodoxalbania.org\/2020\/2013\/03\/20\/kryepiskopi-anastas-realizon-dhe-peruron-ujesjellesin-ne-fshatin-dhrovjan-te-gjirokastres\/#breadcrumb"},"inLanguage":"en-US","potentialAction":[{"@type":"ReadAction","target":["https:\/\/orthodoxalbania.org\/2020\/2013\/03\/20\/kryepiskopi-anastas-realizon-dhe-peruron-ujesjellesin-ne-fshatin-dhrovjan-te-gjirokastres\/"]}]},{"@type":"ImageObject","inLanguage":"en-US","@id":"https:\/\/orthodoxalbania.org\/2020\/2013\/03\/20\/kryepiskopi-anastas-realizon-dhe-peruron-ujesjellesin-ne-fshatin-dhrovjan-te-gjirokastres\/#primaryimage","url":"https:\/\/lh5.googleusercontent.com\/-b6zv2oZmK1o\/VL99-PH3M9I\/AAAAAAAALBQ\/-BNhhEJQ-8I\/w600-h450-no\/1_600x450.jpg","contentUrl":"https:\/\/lh5.googleusercontent.com\/-b6zv2oZmK1o\/VL99-PH3M9I\/AAAAAAAALBQ\/-BNhhEJQ-8I\/w600-h450-no\/1_600x450.jpg"},{"@type":"BreadcrumbList","@id":"https:\/\/orthodoxalbania.org\/2020\/2013\/03\/20\/kryepiskopi-anastas-realizon-dhe-peruron-ujesjellesin-ne-fshatin-dhrovjan-te-gjirokastres\/#breadcrumb","itemListElement":[{"@type":"ListItem","position":1,"name":"Home","item":"https:\/\/orthodoxalbania.org\/2020\/"},{"@type":"ListItem","position":2,"name":"Kryepiskopi Anastas realizon dhe p\u00ebruron uj\u00ebsjell\u00ebsin n\u00eb fshatin Dhrovjan t\u00eb Gjirokastr\u00ebs. (15 Gusht 2010)"}]},{"@type":"WebSite","@id":"https:\/\/orthodoxalbania.org\/2020\/#website","url":"https:\/\/orthodoxalbania.org\/2020\/","name":"Kisha Orthodh\u03bfkse Autoqefale e Shqip\u00ebris\u00eb","description":"Fqja Zyrtare e Kish\u00ebs Orthodhokse Autoqefale e Shqip\u00ebris\u00eb me lajmet edhe informacionet zyrtare p\u00ebr struktur\u00ebn edhe veprimtarin e saj.","publisher":{"@id":"https:\/\/orthodoxalbania.org\/2020\/#organization"},"potentialAction":[{"@type":"SearchAction","target":{"@type":"EntryPoint","urlTemplate":"https:\/\/orthodoxalbania.org\/2020\/?s={search_term_string}"},"query-input":{"@type":"PropertyValueSpecification","valueRequired":true,"valueName":"search_term_string"}}],"inLanguage":"en-US"},{"@type":"Organization","@id":"https:\/\/orthodoxalbania.org\/2020\/#organization","name":"Kisha Orthodhokse Autoqefale e Shqip\u00ebris\u00eb","url":"https:\/\/orthodoxalbania.org\/2020\/","logo":{"@type":"ImageObject","inLanguage":"en-US","@id":"https:\/\/orthodoxalbania.org\/2020\/#\/schema\/logo\/image\/","url":"https:\/\/orthodoxalbania.org\/2020\/wp-content\/uploads\/2020\/05\/albania.jpeg","contentUrl":"https:\/\/orthodoxalbania.org\/2020\/wp-content\/uploads\/2020\/05\/albania.jpeg","width":540,"height":540,"caption":"Kisha Orthodhokse Autoqefale e Shqip\u00ebris\u00eb"},"image":{"@id":"https:\/\/orthodoxalbania.org\/2020\/#\/schema\/logo\/image\/"},"sameAs":["https:\/\/www.facebook.com\/koash1991"]},{"@type":"Person","@id":"https:\/\/orthodoxalbania.org\/2020\/#\/schema\/person\/0c387634a7063ac612d7ed9ce71c7e86","name":"Kisha Orthodhokse","image":{"@type":"ImageObject","inLanguage":"en-US","@id":"https:\/\/secure.gravatar.com\/avatar\/596e7c417251e30f2fbb9c00e026fce61a695a00e51c889caded71c96cbbdde5?s=96&d=mm&r=g","url":"https:\/\/secure.gravatar.com\/avatar\/596e7c417251e30f2fbb9c00e026fce61a695a00e51c889caded71c96cbbdde5?s=96&d=mm&r=g","contentUrl":"https:\/\/secure.gravatar.com\/avatar\/596e7c417251e30f2fbb9c00e026fce61a695a00e51c889caded71c96cbbdde5?s=96&d=mm&r=g","caption":"Kisha Orthodhokse"}}]}},"_links":{"self":[{"href":"https:\/\/orthodoxalbania.org\/2020\/wp-json\/wp\/v2\/posts\/884","targetHints":{"allow":["GET"]}}],"collection":[{"href":"https:\/\/orthodoxalbania.org\/2020\/wp-json\/wp\/v2\/posts"}],"about":[{"href":"https:\/\/orthodoxalbania.org\/2020\/wp-json\/wp\/v2\/types\/post"}],"author":[{"embeddable":true,"href":"https:\/\/orthodoxalbania.org\/2020\/wp-json\/wp\/v2\/users\/1"}],"replies":[{"embeddable":true,"href":"https:\/\/orthodoxalbania.org\/2020\/wp-json\/wp\/v2\/comments?post=884"}],"version-history":[{"count":1,"href":"https:\/\/orthodoxalbania.org\/2020\/wp-json\/wp\/v2\/posts\/884\/revisions"}],"predecessor-version":[{"id":15483,"href":"https:\/\/orthodoxalbania.org\/2020\/wp-json\/wp\/v2\/posts\/884\/revisions\/15483"}],"wp:attachment":[{"href":"https:\/\/orthodoxalbania.org\/2020\/wp-json\/wp\/v2\/media?parent=884"}],"wp:term":[{"taxonomy":"category","embeddable":true,"href":"https:\/\/orthodoxalbania.org\/2020\/wp-json\/wp\/v2\/categories?post=884"},{"taxonomy":"post_tag","embeddable":true,"href":"https:\/\/orthodoxalbania.org\/2020\/wp-json\/wp\/v2\/tags?post=884"}],"curies":[{"name":"wp","href":"https:\/\/api.w.org\/{rel}","templated":true}]}}