{"id":883,"date":"2013-03-20T13:00:08","date_gmt":"2013-03-20T13:00:08","guid":{"rendered":""},"modified":"2020-04-06T22:32:21","modified_gmt":"2020-04-06T20:32:21","slug":"kryepiskopi-anastas-nisi-viziten-zyrtare-ne-kishen-orthodhokse-te-gjeorgjise","status":"publish","type":"post","link":"https:\/\/orthodoxalbania.org\/2020\/2013\/03\/20\/kryepiskopi-anastas-nisi-viziten-zyrtare-ne-kishen-orthodhokse-te-gjeorgjise\/","title":{"rendered":"Kryepiskopi Anastas nisi vizit\u00ebn zyrtare n\u00eb Kish\u00ebn Orthodhokse t\u00eb Gjeorgjis\u00eb. (11 Tetor 2010)"},"content":{"rendered":"<div style=\"text-align: justify;\"><span style=\"color: #000000;\"><span style=\"font-family: tahoma,geneva,sans-serif;\"><span style=\"font-size: 12px;\">&nbsp;&nbsp;&nbsp; <span class=\"style11\">&#8211; N\u00eb k\u00ebt\u00eb vizit\u00eb Fortlumturia e Tij do t\u00eb nderohet me titullin \u201cDoktor Nderi\u201d nga Universiteti \u201cApostull Andrea i Par\u00ebthirruri\u201d dhe do t\u00eb jet\u00eb fol\u00ebs kryesor n\u00eb 1000-vjetorin e katedrales historike t\u00eb Svetitskhovelit, n\u00eb Mskheta. Kryepiskopi Anastas do t\u00eb pritet gjithashtu nga autoritetet m\u00eb t\u00eb larta shtet\u00ebrore gjeorgjiane. &#8211;<\/span> <\/span><\/span><\/span><\/div>\n<div style=\"text-align: justify;\">&nbsp;<\/div>\n<div class=\"style8\" style=\"text-align: justify;\"><span style=\"color: #000000;\"><span style=\"font-family: tahoma,geneva,sans-serif;\"><span style=\"font-size: 12px;\">&nbsp;<img decoding=\"async\" class=\"lazyload HAa Eha\" style=\"height: 180px; width: 144px; border-width: 1px; border-style: solid; margin: 10px; float: left;\" alt=\"\" src=\"data:image\/gif;base64,R0lGODlhAQABAAAAACH5BAEKAAEALAAAAAABAAEAAAICTAEAOw==\" data-orig-src=\"https:\/\/lh6.googleusercontent.com\/-6itY_VdRh_s\/U_72rKn5FWI\/AAAAAAAABoo\/UO9XAa44--8\/w659-h823-no\/PC210671.JPG\" \/>&nbsp; Nga 11 -15 tetor, Fortlumturia e Tij Anastasi, Kryepiskop i Tiran\u00ebs, Durr\u00ebsit dhe i gjith\u00eb Shqip\u00ebris\u00eb, do kryej\u00eb nj\u00eb vizit\u00eb zyrtare n\u00eb Kish\u00ebn Orthodhokse t\u00eb Gjeorgjis\u00eb. Ai shoq\u00ebrohe<img decoding=\"async\" class=\"lazyload HAa Eha\" style=\"height: 174px; width: 173px; border-width: 1px; border-style: solid; margin: 10px; float: right;\" alt=\"\" src=\"data:image\/gif;base64,R0lGODlhAQABAAAAACH5BAEKAAEALAAAAAABAAEAAAICTAEAOw==\" data-orig-src=\"https:\/\/lh4.googleusercontent.com\/-9B3_hPApIqU\/U_72q-uDX5I\/AAAAAAAABok\/MbcF3Z2rot8\/w400-h402-no\/ilia-catholicos-of-georgia1.jpg\" \/>t nga nj\u00eb delegacion i p\u00ebrb\u00ebr\u00eb nga Mitropoliti i Gjirokastr\u00ebs, Hir\u00ebsia e Tij Dhimitri, Episkopi i Apollonis\u00eb, Hir\u00ebsia e Tij Nikolla dhe Arkimandrit Asti.<\/span><\/span><\/span><\/div>\n<div class=\"style8\" style=\"text-align: justify;\">&nbsp;<\/div>\n<div class=\"style8\" style=\"text-align: justify;\"><span style=\"color: #000000;\"><span style=\"font-family: tahoma,geneva,sans-serif;\"><span style=\"font-size: 12px;\">&nbsp;&nbsp; Dit\u00ebn e par\u00eb, 11 tetor, pas mir\u00ebseardhjes n\u00eb aeroportin e Tbilisit, do zhvillohet dhe pritja n\u00eb selin\u00eb e Patriarkan\u00ebs Orthodhokse t\u00eb Gjeorgjis\u00eb.<\/span><\/span><\/span><\/div>\n<div class=\"style8\" style=\"text-align: justify;\">&nbsp;<\/div>\n<div class=\"style8\" style=\"text-align: justify;\"><span style=\"color: #000000;\"><span style=\"font-family: tahoma,geneva,sans-serif;\"><span style=\"font-size: 12px;\">&nbsp;&nbsp; Dit\u00ebn e dyt\u00eb, 12 tetor, Kryepiskopi Anastas dhe hierark\u00ebt q\u00eb e shoq\u00ebrojn\u00eb do t\u00eb marrin pjes\u00eb n\u00eb nj\u00eb simpozium shkencor, n\u00eb bibliotek\u00ebn e Parlamentit t\u00eb Gjeorgjis\u00eb, me rastin e 1000-vjetorit t\u00eb nd\u00ebrtimit t\u00eb katedrales historike t\u00eb Svetitskhovelit.<\/span><\/span><\/span><\/div>\n<div class=\"style8\" style=\"text-align: justify;\"> <span style=\"color: #000000;\"><span style=\"font-family: tahoma,geneva,sans-serif;\"><span style=\"font-size: 12px;\">&nbsp;&nbsp; Pas k\u00ebsaj veprimtarie, n\u00eb Univesitetin \u201cApostull Andrea i Par\u00ebthirruri\u201d, do t\u00eb zhvillohet ceremonia e dor\u00ebzimit Kryepiskopit Anastas t\u00eb titullit \u201cDoktor Nderi\u201d. Fortlumturia e Tij do t\u00eb mbaj\u00eb para trupit akademik dhe student\u00ebve tem\u00ebn &#8220;Vlerat shpirt\u00ebrore t\u00eb Evrop\u00ebs dhe p\u00ebrgjegj\u00ebsia e t\u00eb Krishter\u00ebve.&#8221;<\/span><\/span><\/span><\/div>\n<div class=\"style8\" style=\"text-align: justify;\"> <span style=\"color: #000000;\"><span style=\"font-family: tahoma,geneva,sans-serif;\"><span style=\"font-size: 12px;\">&nbsp;&nbsp;&nbsp;&nbsp;&nbsp; M\u00eb pas, Kryepiskopi Anastas do t\u00eb pritet nga Kryetari Parlamentit t\u00eb Gjeorgjis\u00eb, z. David Bakradze.<\/span><\/span><\/span><\/div>\n<div class=\"style8\" style=\"text-align: justify;\">&nbsp;<\/div>\n<div class=\"style8\" style=\"text-align: justify;\"><span style=\"color: #000000;\"><span style=\"font-family: tahoma,geneva,sans-serif;\"><span style=\"font-size: 12px;\">&nbsp;&nbsp;&nbsp; Dit\u00ebn e tret\u00eb, 13 tetor, do t\u00eb ket\u00eb nj\u00eb vizit\u00eb n\u00eb pjes\u00ebn e thesareve t\u00eb Muzeut t\u00eb Arteve dhe n\u00eb Qendr\u00ebn Komb\u00ebtare t\u00eb<img decoding=\"async\" class=\"lazyload HAa Eha\" style=\"height: 178px; width: 237px; border-width: 1px; border-style: solid; margin: 10px; float: right;\" alt=\"\" src=\"data:image\/gif;base64,R0lGODlhAQABAAAAACH5BAEKAAEALAAAAAABAAEAAAICTAEAOw==\" data-orig-src=\"https:\/\/lh6.googleusercontent.com\/-WqoIZaxEdm8\/U_72rBxBeKI\/AAAAAAAABos\/CbvnlzkDvhc\/w958-h719-no\/P2030924.JPG\" \/> Dor\u00ebshkrimeve.<\/span><\/span><\/span><\/div>\n<div class=\"style8\" style=\"text-align: justify;\"> <span style=\"color: #000000;\"><span style=\"font-family: tahoma,geneva,sans-serif;\"><span style=\"font-size: 12px;\">&nbsp;&nbsp;&nbsp; M\u00eb pas Kryepiskopi Anastas dhe delegacioni q\u00eb e shoq\u00ebron do t\u00eb priten nga Kryeministri i Gjeorgjis\u00eb, z. Nika Gilauri dhe nga Presidenti, z. Mikhail Saakashvili.<\/span><\/span><\/span><\/div>\n<div class=\"style8\" style=\"text-align: justify;\">&nbsp;<\/div>\n<div class=\"style8\" style=\"text-align: justify;\"><span style=\"color: #000000;\"><span style=\"font-family: tahoma,geneva,sans-serif;\"><span style=\"font-size: 12px;\">&nbsp;&nbsp;&nbsp;&nbsp; Dita e kat\u00ebrt t\u00eb vizit\u00ebs, 14 tetor, do t\u00eb nis\u00eb me Liturgjin\u00eb Hyjnore n\u00eb Kish\u00ebn e vjet\u00ebr katedrale t\u00eb Svetitskhovelit, n\u00eb Mskheta, e cila kremton 1000-vjetorin e nd\u00ebrtimit, ku do t\u00eb marrin pjes\u00eb edhe primat\u00eb e hierark\u00eb t\u00eb lart\u00eb nga t\u00eb gjitha Kishat Orthodhokse. N\u00eb k\u00ebt\u00eb ceremoni madh\u00ebshtore fol\u00ebsit e rastit do t\u00eb jen\u00eb Patriarku i Gjeorgjis\u00eb Ilia dhe Kryepiskopi i Tiran\u00ebs, Durr\u00ebsit dhe i gjith\u00eb Shqip\u00ebris\u00eb, Anastasi.<\/span><\/span><\/span><\/div>\n<div class=\"style8\" style=\"text-align: right;\">&nbsp;<\/div>\n<div class=\"style11\" style=\"text-align: right;\">&nbsp;<\/div>\n<div class=\"style11\" style=\"text-align: right;\">&nbsp;<\/div>\n<div class=\"style11\" style=\"text-align: right;\"><span style=\"color: #000000;\"><span style=\"font-family: tahoma,geneva,sans-serif;\"><span style=\"font-size: 12px;\">Zyra e Shtypit<br \/> e Kish\u00ebs Orthodhokse Autoqefale t\u00eb Shqip\u00ebris\u00eb<\/span><\/span><\/span><\/div>\n<div class=\"style8\" style=\"text-align: right;\"><span style=\"color: #000000;\"><span style=\"font-family: tahoma,geneva,sans-serif;\"><span style=\"font-size: 12px;\">Tiran\u00eb, 11 tetor 2010<\/span><\/span><\/span><\/div>\n<div class=\"style8\">&nbsp;<\/div>\n<div class=\"style8\">&nbsp;<\/div>\n<div class=\"style8\" style=\"text-align: justify;\"><span style=\"color: #000000;\"><span style=\"font-family: tahoma,geneva,sans-serif;\"><span style=\"font-size: 12px;\"><img decoding=\"async\" class=\"lazyload HAa Eha\" style=\"height: 161px; width: 240px; border-width: 1px; border-style: solid; margin: 10px; float: left;\" alt=\"\" src=\"data:image\/gif;base64,R0lGODlhAQABAAAAACH5BAEKAAEALAAAAAABAAEAAAICTAEAOw==\" data-orig-src=\"https:\/\/lh4.googleusercontent.com\/-5_M1eDHVswk\/U_73bzGkizI\/AAAAAAAABo8\/Uj_VmLcC9-w\/w800-h537-no\/800px-Svetitskhoveli1.jpg\" \/>&nbsp;&nbsp; Sh\u00ebnim: Kisha Apostolike Orthodhokse e Gjeorgjis\u00eb sipas tradit\u00ebs \u00ebsht\u00eb themeluar nga Apostull Andrea n\u00eb shek. I. Ajo u b\u00eb kish\u00eb zyrtare e Gjeorgjis\u00eb q\u00eb nga shek. IV. N\u00eb vitin 327, mbreti Mirian III e shpalli Krishterimin si fe zyrtare t\u00eb mbret\u00ebris\u00eb. Kisha e Gjeorgjis\u00eb \u00ebsht\u00eb autoqefale q\u00eb nga viti 466 dhe rreth saj sot mblidhet m\u00eb shum\u00eb se 80 p\u00ebr qind e popullsis\u00eb s\u00eb vendit.<\/span><\/span><\/span><\/div>\n<div class=\"style8\" style=\"text-align: justify;\"> <span style=\"color: #000000;\"><span style=\"font-family: tahoma,geneva,sans-serif;\"><span style=\"font-size: 12px;\">&nbsp;&nbsp;&nbsp; Mskheta, ku ngrihet katedralja e Svetitskhovelit, ishte kryeqyteti i mbret\u00ebris\u00eb s\u00eb Gjeorgjis\u00eb midis shek. III-V. Aty ndodhi edhe kthimi i popullsis\u00eb n\u00eb t\u00eb krishter\u00eb. N\u00eb vendin ku n\u00eb shek. XI u ngrit katedralja q\u00eb feston 1000-vjetorin, n\u00eb shek. V ishte ngritur nj\u00eb kish\u00eb n\u00eb nder t\u00eb Shen Nin\u00ebs, mbetje t\u00eb t\u00eb cil\u00ebs jan\u00eb gjetur gjat\u00eb punimeve t\u00eb restaurimit. Katedralja \u00ebsht\u00eb shpallur nga UNESKO Pasuri e njer\u00ebzimit.<\/span><\/span><\/span><\/div>\n","protected":false},"excerpt":{"rendered":"<p>&nbsp;&nbsp;&nbsp; &#8211; N\u00eb k\u00ebt\u00eb vizit\u00eb Fortlumturia e Tij do t\u00eb nderohet me titullin \u201cDoktor Nderi\u201d nga Universiteti \u201cApostull Andrea i Par\u00ebthirruri\u201d dhe do t\u00eb jet\u00eb fol\u00ebs kryesor n\u00eb 1000-vjetorin e katedrales historike t\u00eb Svetitskhovelit, n\u00eb Mskheta. Kryepiskopi Anastas do t\u00eb pritet gjithashtu nga autoritetet m\u00eb t\u00eb larta shtet\u00ebrore gjeorgjiane. &#8211; &nbsp; &nbsp;&nbsp; Nga 11 -15 tetor, Fortlumturia e Tij Anastasi, Kryepiskop i Tiran\u00ebs, Durr\u00ebsit dhe<\/p>\n","protected":false},"author":1,"featured_media":0,"comment_status":"open","ping_status":"open","sticky":false,"template":"","format":"standard","meta":{"_acf_changed":false,"pagelayer_contact_templates":[],"_pagelayer_content":"","inline_featured_image":false,"fifu_image_url":"","fifu_image_alt":"","footnotes":""},"categories":[108],"tags":[144,153,196,201,212],"class_list":["post-883","post","type-post","status-publish","format-standard","hentry","category-lajme","tag-144","tag-deklarata-njoftime-zyrtare-d75","tag-tirane","tag-kryepiskopi-anastas","tag-lajme-d27"],"acf":[],"yoast_head":"<!-- This site is optimized with the Yoast SEO plugin v27.2 - https:\/\/yoast.com\/product\/yoast-seo-wordpress\/ -->\n<title>Kryepiskopi Anastas nisi vizit\u00ebn zyrtare n\u00eb Kish\u00ebn Orthodhokse t\u00eb Gjeorgjis\u00eb. (11 Tetor 2010) - Kisha Orthodh\u03bfkse Autoqefale e Shqip\u00ebris\u00eb<\/title>\n<meta name=\"robots\" content=\"index, follow, max-snippet:-1, max-image-preview:large, max-video-preview:-1\" \/>\n<link rel=\"canonical\" href=\"https:\/\/orthodoxalbania.org\/2020\/2013\/03\/20\/kryepiskopi-anastas-nisi-viziten-zyrtare-ne-kishen-orthodhokse-te-gjeorgjise\/\" \/>\n<meta property=\"og:locale\" content=\"en_US\" \/>\n<meta property=\"og:type\" content=\"article\" \/>\n<meta property=\"og:title\" content=\"Kryepiskopi Anastas nisi vizit\u00ebn zyrtare n\u00eb Kish\u00ebn Orthodhokse t\u00eb Gjeorgjis\u00eb. (11 Tetor 2010) - Kisha Orthodh\u03bfkse Autoqefale e Shqip\u00ebris\u00eb\" \/>\n<meta property=\"og:description\" content=\"&nbsp;&nbsp;&nbsp; &#8211; N\u00eb k\u00ebt\u00eb vizit\u00eb Fortlumturia e Tij do t\u00eb nderohet me titullin \u201cDoktor Nderi\u201d nga Universiteti \u201cApostull Andrea i Par\u00ebthirruri\u201d dhe do t\u00eb jet\u00eb fol\u00ebs kryesor n\u00eb 1000-vjetorin e katedrales historike t\u00eb Svetitskhovelit, n\u00eb Mskheta. Kryepiskopi Anastas do t\u00eb pritet gjithashtu nga autoritetet m\u00eb t\u00eb larta shtet\u00ebrore gjeorgjiane. &#8211; &nbsp; &nbsp;&nbsp; Nga 11 -15 tetor, Fortlumturia e Tij Anastasi, Kryepiskop i Tiran\u00ebs, Durr\u00ebsit dhe\" \/>\n<meta property=\"og:url\" content=\"https:\/\/orthodoxalbania.org\/2020\/2013\/03\/20\/kryepiskopi-anastas-nisi-viziten-zyrtare-ne-kishen-orthodhokse-te-gjeorgjise\/\" \/>\n<meta property=\"og:site_name\" content=\"Kisha Orthodh\u03bfkse Autoqefale e Shqip\u00ebris\u00eb\" \/>\n<meta property=\"article:publisher\" content=\"https:\/\/www.facebook.com\/koash1991\" \/>\n<meta property=\"article:published_time\" content=\"2013-03-20T13:00:08+00:00\" \/>\n<meta property=\"article:modified_time\" content=\"2020-04-06T20:32:21+00:00\" \/>\n<meta property=\"og:image\" content=\"https:\/\/lh6.googleusercontent.com\/-6itY_VdRh_s\/U_72rKn5FWI\/AAAAAAAABoo\/UO9XAa44--8\/w659-h823-no\/PC210671.JPG\" \/>\n<meta name=\"author\" content=\"Kisha Orthodhokse\" \/>\n<meta name=\"twitter:card\" content=\"summary_large_image\" \/>\n<meta name=\"twitter:label1\" content=\"Written by\" \/>\n\t<meta name=\"twitter:data1\" content=\"Kisha Orthodhokse\" \/>\n\t<meta name=\"twitter:label2\" content=\"Est. reading time\" \/>\n\t<meta name=\"twitter:data2\" content=\"3 minutes\" \/>\n<script type=\"application\/ld+json\" class=\"yoast-schema-graph\">{\"@context\":\"https:\/\/schema.org\",\"@graph\":[{\"@type\":\"Article\",\"@id\":\"https:\/\/orthodoxalbania.org\/2020\/2013\/03\/20\/kryepiskopi-anastas-nisi-viziten-zyrtare-ne-kishen-orthodhokse-te-gjeorgjise\/#article\",\"isPartOf\":{\"@id\":\"https:\/\/orthodoxalbania.org\/2020\/2013\/03\/20\/kryepiskopi-anastas-nisi-viziten-zyrtare-ne-kishen-orthodhokse-te-gjeorgjise\/\"},\"author\":{\"name\":\"Kisha Orthodhokse\",\"@id\":\"https:\/\/orthodoxalbania.org\/2020\/#\/schema\/person\/0c387634a7063ac612d7ed9ce71c7e86\"},\"headline\":\"Kryepiskopi Anastas nisi vizit\u00ebn zyrtare n\u00eb Kish\u00ebn Orthodhokse t\u00eb Gjeorgjis\u00eb. (11 Tetor 2010)\",\"datePublished\":\"2013-03-20T13:00:08+00:00\",\"dateModified\":\"2020-04-06T20:32:21+00:00\",\"mainEntityOfPage\":{\"@id\":\"https:\/\/orthodoxalbania.org\/2020\/2013\/03\/20\/kryepiskopi-anastas-nisi-viziten-zyrtare-ne-kishen-orthodhokse-te-gjeorgjise\/\"},\"wordCount\":580,\"commentCount\":0,\"publisher\":{\"@id\":\"https:\/\/orthodoxalbania.org\/2020\/#organization\"},\"image\":{\"@id\":\"https:\/\/orthodoxalbania.org\/2020\/2013\/03\/20\/kryepiskopi-anastas-nisi-viziten-zyrtare-ne-kishen-orthodhokse-te-gjeorgjise\/#primaryimage\"},\"thumbnailUrl\":\"https:\/\/lh6.googleusercontent.com\/-6itY_VdRh_s\/U_72rKn5FWI\/AAAAAAAABoo\/UO9XAa44--8\/w659-h823-no\/PC210671.JPG\",\"keywords\":[\"2010\",\"Deklarata - Njoftime Zyrtare\",\"Kryepiskopata Tiran\u00eb\",\"Kryepiskopi Anastas\",\"lajme\"],\"articleSection\":[\"Lajme\"],\"inLanguage\":\"en-US\"},{\"@type\":\"WebPage\",\"@id\":\"https:\/\/orthodoxalbania.org\/2020\/2013\/03\/20\/kryepiskopi-anastas-nisi-viziten-zyrtare-ne-kishen-orthodhokse-te-gjeorgjise\/\",\"url\":\"https:\/\/orthodoxalbania.org\/2020\/2013\/03\/20\/kryepiskopi-anastas-nisi-viziten-zyrtare-ne-kishen-orthodhokse-te-gjeorgjise\/\",\"name\":\"Kryepiskopi Anastas nisi vizit\u00ebn zyrtare n\u00eb Kish\u00ebn Orthodhokse t\u00eb Gjeorgjis\u00eb. (11 Tetor 2010) - Kisha Orthodh\u03bfkse Autoqefale e Shqip\u00ebris\u00eb\",\"isPartOf\":{\"@id\":\"https:\/\/orthodoxalbania.org\/2020\/#website\"},\"primaryImageOfPage\":{\"@id\":\"https:\/\/orthodoxalbania.org\/2020\/2013\/03\/20\/kryepiskopi-anastas-nisi-viziten-zyrtare-ne-kishen-orthodhokse-te-gjeorgjise\/#primaryimage\"},\"image\":{\"@id\":\"https:\/\/orthodoxalbania.org\/2020\/2013\/03\/20\/kryepiskopi-anastas-nisi-viziten-zyrtare-ne-kishen-orthodhokse-te-gjeorgjise\/#primaryimage\"},\"thumbnailUrl\":\"https:\/\/lh6.googleusercontent.com\/-6itY_VdRh_s\/U_72rKn5FWI\/AAAAAAAABoo\/UO9XAa44--8\/w659-h823-no\/PC210671.JPG\",\"datePublished\":\"2013-03-20T13:00:08+00:00\",\"dateModified\":\"2020-04-06T20:32:21+00:00\",\"breadcrumb\":{\"@id\":\"https:\/\/orthodoxalbania.org\/2020\/2013\/03\/20\/kryepiskopi-anastas-nisi-viziten-zyrtare-ne-kishen-orthodhokse-te-gjeorgjise\/#breadcrumb\"},\"inLanguage\":\"en-US\",\"potentialAction\":[{\"@type\":\"ReadAction\",\"target\":[\"https:\/\/orthodoxalbania.org\/2020\/2013\/03\/20\/kryepiskopi-anastas-nisi-viziten-zyrtare-ne-kishen-orthodhokse-te-gjeorgjise\/\"]}]},{\"@type\":\"ImageObject\",\"inLanguage\":\"en-US\",\"@id\":\"https:\/\/orthodoxalbania.org\/2020\/2013\/03\/20\/kryepiskopi-anastas-nisi-viziten-zyrtare-ne-kishen-orthodhokse-te-gjeorgjise\/#primaryimage\",\"url\":\"https:\/\/lh6.googleusercontent.com\/-6itY_VdRh_s\/U_72rKn5FWI\/AAAAAAAABoo\/UO9XAa44--8\/w659-h823-no\/PC210671.JPG\",\"contentUrl\":\"https:\/\/lh6.googleusercontent.com\/-6itY_VdRh_s\/U_72rKn5FWI\/AAAAAAAABoo\/UO9XAa44--8\/w659-h823-no\/PC210671.JPG\"},{\"@type\":\"BreadcrumbList\",\"@id\":\"https:\/\/orthodoxalbania.org\/2020\/2013\/03\/20\/kryepiskopi-anastas-nisi-viziten-zyrtare-ne-kishen-orthodhokse-te-gjeorgjise\/#breadcrumb\",\"itemListElement\":[{\"@type\":\"ListItem\",\"position\":1,\"name\":\"Home\",\"item\":\"https:\/\/orthodoxalbania.org\/2020\/\"},{\"@type\":\"ListItem\",\"position\":2,\"name\":\"Kryepiskopi Anastas nisi vizit\u00ebn zyrtare n\u00eb Kish\u00ebn Orthodhokse t\u00eb Gjeorgjis\u00eb. (11 Tetor 2010)\"}]},{\"@type\":\"WebSite\",\"@id\":\"https:\/\/orthodoxalbania.org\/2020\/#website\",\"url\":\"https:\/\/orthodoxalbania.org\/2020\/\",\"name\":\"Kisha Orthodh\u03bfkse Autoqefale e Shqip\u00ebris\u00eb\",\"description\":\"Fqja Zyrtare e Kish\u00ebs Orthodhokse Autoqefale e Shqip\u00ebris\u00eb me lajmet edhe informacionet zyrtare p\u00ebr struktur\u00ebn edhe veprimtarin e saj.\",\"publisher\":{\"@id\":\"https:\/\/orthodoxalbania.org\/2020\/#organization\"},\"potentialAction\":[{\"@type\":\"SearchAction\",\"target\":{\"@type\":\"EntryPoint\",\"urlTemplate\":\"https:\/\/orthodoxalbania.org\/2020\/?s={search_term_string}\"},\"query-input\":{\"@type\":\"PropertyValueSpecification\",\"valueRequired\":true,\"valueName\":\"search_term_string\"}}],\"inLanguage\":\"en-US\"},{\"@type\":\"Organization\",\"@id\":\"https:\/\/orthodoxalbania.org\/2020\/#organization\",\"name\":\"Kisha Orthodhokse Autoqefale e Shqip\u00ebris\u00eb\",\"url\":\"https:\/\/orthodoxalbania.org\/2020\/\",\"logo\":{\"@type\":\"ImageObject\",\"inLanguage\":\"en-US\",\"@id\":\"https:\/\/orthodoxalbania.org\/2020\/#\/schema\/logo\/image\/\",\"url\":\"https:\/\/orthodoxalbania.org\/2020\/wp-content\/uploads\/2020\/05\/albania.jpeg\",\"contentUrl\":\"https:\/\/orthodoxalbania.org\/2020\/wp-content\/uploads\/2020\/05\/albania.jpeg\",\"width\":540,\"height\":540,\"caption\":\"Kisha Orthodhokse Autoqefale e Shqip\u00ebris\u00eb\"},\"image\":{\"@id\":\"https:\/\/orthodoxalbania.org\/2020\/#\/schema\/logo\/image\/\"},\"sameAs\":[\"https:\/\/www.facebook.com\/koash1991\"]},{\"@type\":\"Person\",\"@id\":\"https:\/\/orthodoxalbania.org\/2020\/#\/schema\/person\/0c387634a7063ac612d7ed9ce71c7e86\",\"name\":\"Kisha Orthodhokse\",\"image\":{\"@type\":\"ImageObject\",\"inLanguage\":\"en-US\",\"@id\":\"https:\/\/secure.gravatar.com\/avatar\/596e7c417251e30f2fbb9c00e026fce61a695a00e51c889caded71c96cbbdde5?s=96&d=mm&r=g\",\"url\":\"https:\/\/secure.gravatar.com\/avatar\/596e7c417251e30f2fbb9c00e026fce61a695a00e51c889caded71c96cbbdde5?s=96&d=mm&r=g\",\"contentUrl\":\"https:\/\/secure.gravatar.com\/avatar\/596e7c417251e30f2fbb9c00e026fce61a695a00e51c889caded71c96cbbdde5?s=96&d=mm&r=g\",\"caption\":\"Kisha Orthodhokse\"}}]}<\/script>\n<!-- \/ Yoast SEO plugin. -->","yoast_head_json":{"title":"Kryepiskopi Anastas nisi vizit\u00ebn zyrtare n\u00eb Kish\u00ebn Orthodhokse t\u00eb Gjeorgjis\u00eb. (11 Tetor 2010) - Kisha Orthodh\u03bfkse Autoqefale e Shqip\u00ebris\u00eb","robots":{"index":"index","follow":"follow","max-snippet":"max-snippet:-1","max-image-preview":"max-image-preview:large","max-video-preview":"max-video-preview:-1"},"canonical":"https:\/\/orthodoxalbania.org\/2020\/2013\/03\/20\/kryepiskopi-anastas-nisi-viziten-zyrtare-ne-kishen-orthodhokse-te-gjeorgjise\/","og_locale":"en_US","og_type":"article","og_title":"Kryepiskopi Anastas nisi vizit\u00ebn zyrtare n\u00eb Kish\u00ebn Orthodhokse t\u00eb Gjeorgjis\u00eb. (11 Tetor 2010) - Kisha Orthodh\u03bfkse Autoqefale e Shqip\u00ebris\u00eb","og_description":"&nbsp;&nbsp;&nbsp; &#8211; N\u00eb k\u00ebt\u00eb vizit\u00eb Fortlumturia e Tij do t\u00eb nderohet me titullin \u201cDoktor Nderi\u201d nga Universiteti \u201cApostull Andrea i Par\u00ebthirruri\u201d dhe do t\u00eb jet\u00eb fol\u00ebs kryesor n\u00eb 1000-vjetorin e katedrales historike t\u00eb Svetitskhovelit, n\u00eb Mskheta. Kryepiskopi Anastas do t\u00eb pritet gjithashtu nga autoritetet m\u00eb t\u00eb larta shtet\u00ebrore gjeorgjiane. &#8211; &nbsp; &nbsp;&nbsp; Nga 11 -15 tetor, Fortlumturia e Tij Anastasi, Kryepiskop i Tiran\u00ebs, Durr\u00ebsit dhe","og_url":"https:\/\/orthodoxalbania.org\/2020\/2013\/03\/20\/kryepiskopi-anastas-nisi-viziten-zyrtare-ne-kishen-orthodhokse-te-gjeorgjise\/","og_site_name":"Kisha Orthodh\u03bfkse Autoqefale e Shqip\u00ebris\u00eb","article_publisher":"https:\/\/www.facebook.com\/koash1991","article_published_time":"2013-03-20T13:00:08+00:00","article_modified_time":"2020-04-06T20:32:21+00:00","og_image":[{"url":"https:\/\/lh6.googleusercontent.com\/-6itY_VdRh_s\/U_72rKn5FWI\/AAAAAAAABoo\/UO9XAa44--8\/w659-h823-no\/PC210671.JPG","type":"","width":"","height":""}],"author":"Kisha Orthodhokse","twitter_card":"summary_large_image","twitter_misc":{"Written by":"Kisha Orthodhokse","Est. reading time":"3 minutes"},"schema":{"@context":"https:\/\/schema.org","@graph":[{"@type":"Article","@id":"https:\/\/orthodoxalbania.org\/2020\/2013\/03\/20\/kryepiskopi-anastas-nisi-viziten-zyrtare-ne-kishen-orthodhokse-te-gjeorgjise\/#article","isPartOf":{"@id":"https:\/\/orthodoxalbania.org\/2020\/2013\/03\/20\/kryepiskopi-anastas-nisi-viziten-zyrtare-ne-kishen-orthodhokse-te-gjeorgjise\/"},"author":{"name":"Kisha Orthodhokse","@id":"https:\/\/orthodoxalbania.org\/2020\/#\/schema\/person\/0c387634a7063ac612d7ed9ce71c7e86"},"headline":"Kryepiskopi Anastas nisi vizit\u00ebn zyrtare n\u00eb Kish\u00ebn Orthodhokse t\u00eb Gjeorgjis\u00eb. (11 Tetor 2010)","datePublished":"2013-03-20T13:00:08+00:00","dateModified":"2020-04-06T20:32:21+00:00","mainEntityOfPage":{"@id":"https:\/\/orthodoxalbania.org\/2020\/2013\/03\/20\/kryepiskopi-anastas-nisi-viziten-zyrtare-ne-kishen-orthodhokse-te-gjeorgjise\/"},"wordCount":580,"commentCount":0,"publisher":{"@id":"https:\/\/orthodoxalbania.org\/2020\/#organization"},"image":{"@id":"https:\/\/orthodoxalbania.org\/2020\/2013\/03\/20\/kryepiskopi-anastas-nisi-viziten-zyrtare-ne-kishen-orthodhokse-te-gjeorgjise\/#primaryimage"},"thumbnailUrl":"https:\/\/lh6.googleusercontent.com\/-6itY_VdRh_s\/U_72rKn5FWI\/AAAAAAAABoo\/UO9XAa44--8\/w659-h823-no\/PC210671.JPG","keywords":["2010","Deklarata - Njoftime Zyrtare","Kryepiskopata Tiran\u00eb","Kryepiskopi Anastas","lajme"],"articleSection":["Lajme"],"inLanguage":"en-US"},{"@type":"WebPage","@id":"https:\/\/orthodoxalbania.org\/2020\/2013\/03\/20\/kryepiskopi-anastas-nisi-viziten-zyrtare-ne-kishen-orthodhokse-te-gjeorgjise\/","url":"https:\/\/orthodoxalbania.org\/2020\/2013\/03\/20\/kryepiskopi-anastas-nisi-viziten-zyrtare-ne-kishen-orthodhokse-te-gjeorgjise\/","name":"Kryepiskopi Anastas nisi vizit\u00ebn zyrtare n\u00eb Kish\u00ebn Orthodhokse t\u00eb Gjeorgjis\u00eb. (11 Tetor 2010) - Kisha Orthodh\u03bfkse Autoqefale e Shqip\u00ebris\u00eb","isPartOf":{"@id":"https:\/\/orthodoxalbania.org\/2020\/#website"},"primaryImageOfPage":{"@id":"https:\/\/orthodoxalbania.org\/2020\/2013\/03\/20\/kryepiskopi-anastas-nisi-viziten-zyrtare-ne-kishen-orthodhokse-te-gjeorgjise\/#primaryimage"},"image":{"@id":"https:\/\/orthodoxalbania.org\/2020\/2013\/03\/20\/kryepiskopi-anastas-nisi-viziten-zyrtare-ne-kishen-orthodhokse-te-gjeorgjise\/#primaryimage"},"thumbnailUrl":"https:\/\/lh6.googleusercontent.com\/-6itY_VdRh_s\/U_72rKn5FWI\/AAAAAAAABoo\/UO9XAa44--8\/w659-h823-no\/PC210671.JPG","datePublished":"2013-03-20T13:00:08+00:00","dateModified":"2020-04-06T20:32:21+00:00","breadcrumb":{"@id":"https:\/\/orthodoxalbania.org\/2020\/2013\/03\/20\/kryepiskopi-anastas-nisi-viziten-zyrtare-ne-kishen-orthodhokse-te-gjeorgjise\/#breadcrumb"},"inLanguage":"en-US","potentialAction":[{"@type":"ReadAction","target":["https:\/\/orthodoxalbania.org\/2020\/2013\/03\/20\/kryepiskopi-anastas-nisi-viziten-zyrtare-ne-kishen-orthodhokse-te-gjeorgjise\/"]}]},{"@type":"ImageObject","inLanguage":"en-US","@id":"https:\/\/orthodoxalbania.org\/2020\/2013\/03\/20\/kryepiskopi-anastas-nisi-viziten-zyrtare-ne-kishen-orthodhokse-te-gjeorgjise\/#primaryimage","url":"https:\/\/lh6.googleusercontent.com\/-6itY_VdRh_s\/U_72rKn5FWI\/AAAAAAAABoo\/UO9XAa44--8\/w659-h823-no\/PC210671.JPG","contentUrl":"https:\/\/lh6.googleusercontent.com\/-6itY_VdRh_s\/U_72rKn5FWI\/AAAAAAAABoo\/UO9XAa44--8\/w659-h823-no\/PC210671.JPG"},{"@type":"BreadcrumbList","@id":"https:\/\/orthodoxalbania.org\/2020\/2013\/03\/20\/kryepiskopi-anastas-nisi-viziten-zyrtare-ne-kishen-orthodhokse-te-gjeorgjise\/#breadcrumb","itemListElement":[{"@type":"ListItem","position":1,"name":"Home","item":"https:\/\/orthodoxalbania.org\/2020\/"},{"@type":"ListItem","position":2,"name":"Kryepiskopi Anastas nisi vizit\u00ebn zyrtare n\u00eb Kish\u00ebn Orthodhokse t\u00eb Gjeorgjis\u00eb. (11 Tetor 2010)"}]},{"@type":"WebSite","@id":"https:\/\/orthodoxalbania.org\/2020\/#website","url":"https:\/\/orthodoxalbania.org\/2020\/","name":"Kisha Orthodh\u03bfkse Autoqefale e Shqip\u00ebris\u00eb","description":"Fqja Zyrtare e Kish\u00ebs Orthodhokse Autoqefale e Shqip\u00ebris\u00eb me lajmet edhe informacionet zyrtare p\u00ebr struktur\u00ebn edhe veprimtarin e saj.","publisher":{"@id":"https:\/\/orthodoxalbania.org\/2020\/#organization"},"potentialAction":[{"@type":"SearchAction","target":{"@type":"EntryPoint","urlTemplate":"https:\/\/orthodoxalbania.org\/2020\/?s={search_term_string}"},"query-input":{"@type":"PropertyValueSpecification","valueRequired":true,"valueName":"search_term_string"}}],"inLanguage":"en-US"},{"@type":"Organization","@id":"https:\/\/orthodoxalbania.org\/2020\/#organization","name":"Kisha Orthodhokse Autoqefale e Shqip\u00ebris\u00eb","url":"https:\/\/orthodoxalbania.org\/2020\/","logo":{"@type":"ImageObject","inLanguage":"en-US","@id":"https:\/\/orthodoxalbania.org\/2020\/#\/schema\/logo\/image\/","url":"https:\/\/orthodoxalbania.org\/2020\/wp-content\/uploads\/2020\/05\/albania.jpeg","contentUrl":"https:\/\/orthodoxalbania.org\/2020\/wp-content\/uploads\/2020\/05\/albania.jpeg","width":540,"height":540,"caption":"Kisha Orthodhokse Autoqefale e Shqip\u00ebris\u00eb"},"image":{"@id":"https:\/\/orthodoxalbania.org\/2020\/#\/schema\/logo\/image\/"},"sameAs":["https:\/\/www.facebook.com\/koash1991"]},{"@type":"Person","@id":"https:\/\/orthodoxalbania.org\/2020\/#\/schema\/person\/0c387634a7063ac612d7ed9ce71c7e86","name":"Kisha Orthodhokse","image":{"@type":"ImageObject","inLanguage":"en-US","@id":"https:\/\/secure.gravatar.com\/avatar\/596e7c417251e30f2fbb9c00e026fce61a695a00e51c889caded71c96cbbdde5?s=96&d=mm&r=g","url":"https:\/\/secure.gravatar.com\/avatar\/596e7c417251e30f2fbb9c00e026fce61a695a00e51c889caded71c96cbbdde5?s=96&d=mm&r=g","contentUrl":"https:\/\/secure.gravatar.com\/avatar\/596e7c417251e30f2fbb9c00e026fce61a695a00e51c889caded71c96cbbdde5?s=96&d=mm&r=g","caption":"Kisha Orthodhokse"}}]}},"_links":{"self":[{"href":"https:\/\/orthodoxalbania.org\/2020\/wp-json\/wp\/v2\/posts\/883","targetHints":{"allow":["GET"]}}],"collection":[{"href":"https:\/\/orthodoxalbania.org\/2020\/wp-json\/wp\/v2\/posts"}],"about":[{"href":"https:\/\/orthodoxalbania.org\/2020\/wp-json\/wp\/v2\/types\/post"}],"author":[{"embeddable":true,"href":"https:\/\/orthodoxalbania.org\/2020\/wp-json\/wp\/v2\/users\/1"}],"replies":[{"embeddable":true,"href":"https:\/\/orthodoxalbania.org\/2020\/wp-json\/wp\/v2\/comments?post=883"}],"version-history":[{"count":1,"href":"https:\/\/orthodoxalbania.org\/2020\/wp-json\/wp\/v2\/posts\/883\/revisions"}],"predecessor-version":[{"id":15472,"href":"https:\/\/orthodoxalbania.org\/2020\/wp-json\/wp\/v2\/posts\/883\/revisions\/15472"}],"wp:attachment":[{"href":"https:\/\/orthodoxalbania.org\/2020\/wp-json\/wp\/v2\/media?parent=883"}],"wp:term":[{"taxonomy":"category","embeddable":true,"href":"https:\/\/orthodoxalbania.org\/2020\/wp-json\/wp\/v2\/categories?post=883"},{"taxonomy":"post_tag","embeddable":true,"href":"https:\/\/orthodoxalbania.org\/2020\/wp-json\/wp\/v2\/tags?post=883"}],"curies":[{"name":"wp","href":"https:\/\/api.w.org\/{rel}","templated":true}]}}