{"id":882,"date":"2013-03-21T12:15:44","date_gmt":"2013-03-21T12:15:44","guid":{"rendered":""},"modified":"2020-04-06T22:05:59","modified_gmt":"2020-04-06T20:05:59","slug":"kryepiskopi-anastas-ne-manastirin-dikur-te-famshem-te-shen-theodhoreve","status":"publish","type":"post","link":"https:\/\/orthodoxalbania.org\/2020\/2013\/03\/21\/kryepiskopi-anastas-ne-manastirin-dikur-te-famshem-te-shen-theodhoreve\/","title":{"rendered":"Kryepiskopi Anastas n\u00eb Manastirin, dikur t\u00eb famsh\u00ebm t\u00eb Sh\u00ebn Theodhor\u00ebve. (15 Gusht 2012)"},"content":{"rendered":"<div style=\"text-align: center;\">\n\t<img class=\"lazyload\" decoding=\"async\" src=\"data:image\/gif;base64,R0lGODlhAQABAAAAACH5BAEKAAEALAAAAAABAAEAAAICTAEAOw==\" data-orig-src=\"https:\/\/lh4.googleusercontent.com\/-JACV1t9MHXk\/UCzOhOanuNI\/AAAAAAAAA0c\/3_MUakESTzY\/s640\/150820121044.jpg\" style=\"width: 300px; height: 225px; border-width: 1px; border-style: solid; margin: 10px; float: left;\" \/><span style=\"font-family:tahoma,geneva,sans-serif;\"><strong><span style=\"font-size: 12px;\"><span style=\"color: rgb(178, 34, 34);\">E kremtja e Fjetjes s\u00eb t\u00eb T\u00ebr\u00ebshenjt\u00ebs n\u00eb bregdet<\/span><\/span><\/strong><\/span><\/div>\n<div style=\"text-align: justify;\">\n<p>\t<span style=\"font-family:tahoma,geneva,sans-serif;\"><span style=\"font-size: 12px;\"><span style=\"color: rgb(0, 0, 0);\">&nbsp;&nbsp;&nbsp; Kryepiskopi i Tiran\u00ebs, Durr\u00ebsit dhe i gjith\u00eb Shqip\u00ebris\u00eb, Imzot Anastasi, kreu Liturgjin\u00eb Hyjnore t\u00eb Fjetjes s\u00eb t\u00eb T\u00ebr\u00ebshenjt\u00ebs Mari n\u00eb ambientet e Manastirit t\u00eb Shenjt\u00eb, dikur t\u00eb famsh\u00ebm t\u00eb Sh\u00ebn Theodhor\u00ebve, n\u00eb af\u00ebrsi t\u00eb fshatit Dh\u00ebrmi, n\u00eb zon\u00ebn e bregdetit. Qindra besimtar\u00eb me p\u00ebrd\u00ebllimtari fetare mbush\u00ebn mjediset e manastirit dhe mor\u00ebn pjes\u00eb n\u00eb misterin e shenjt\u00eb me emocionin, q\u00eb pran\u00eb tyre kishin Kryepiskopin Anastas. Akolluthit\u00eb dhe Liturgjia Hyjnore u kryen n\u00eb ambient t\u00eb hapur, sepse ende nuk jan\u00eb restauruar kisha e manastirit dhe mjediset e tjera, t\u00eb cilat ishin shnd\u00ebrruar n\u00eb baz\u00eb ushtarake gjat\u00eb viteve t\u00eb persekutimit ateist. Duke marr\u00eb shkas nga ky fakt, Kryepiskopi gjat\u00eb p\u00ebrsh\u00ebndetjes s\u00eb besimtar\u00ebve tha, se p\u00ebr dy arsye e zgjodhi at\u00eb vend p\u00ebr t\u00eb celebruar panairin e s\u00eb T\u00ebr\u00ebshenjt\u00ebs: s\u00eb pari, p\u00ebr t\u00eb theksuar me gjith\u00eb simbolik\u00ebn faktin se Orthodhoksia ishte feja e shekujve p\u00ebr besimtar\u00ebt e atyre zonave dhe s\u00eb dyti, se ende vazhdon padrejt\u00ebsia q\u00eb ambiente t\u00eb shenjta adhurimi ende nuk i jan\u00eb dor\u00ebzuar Kish\u00ebs Orthodhokse dhe b\u00ebhen objekt grabitjeje t\u00eb pron\u00ebs s\u00eb paluajtshme. Duke iu drejtuar besimtar\u00ebve t\u00eb pranish\u00ebm, q\u00eb e ndiqnin me shum\u00eb v\u00ebmendje, Kryepiskopi analizoi fenomenin e kriz\u00ebs ekonomike q\u00eb mundon rajonin, n\u00eb ve\u00e7anti Greqin\u00eb, ku jeton nj\u00eb num\u00ebr i madh i besimtar\u00ebve, por ndikon edhe k\u00ebtu n\u00eb vendin ton\u00eb.<\/span><\/span><\/span><\/div>\n<div style=\"text-align: justify;\">\n\t<br \/>\n\t<span style=\"font-family:tahoma,geneva,sans-serif;\"><span style=\"font-size: 12px;\"><span style=\"color: rgb(0, 0, 0);\">&nbsp;&nbsp;&nbsp; Kriza \u00ebsht\u00eb pasoj\u00eb e korrupsionit, tha konkretisht Kryepiskopi, i cili fillon gjithmon\u00eb nga personi dhe shnd\u00ebrrohet n\u00eb fenomen social. Dhe korrupsioni ushqehet nga tri rr\u00ebnj\u00eb: bab\u00ebzia dhe etja p\u00ebr pasuri, g\u00ebnjeshtra dhe shmangia nga pohimi i s\u00eb v\u00ebrtet\u00ebs, si edhe nga egocentrizmi. T\u00eb tria k\u00ebto rr\u00ebnj\u00eb duhet q\u00eb besimtar\u00ebt e krishter\u00eb Orthodhoks\u00eb, t\u00eb gjejn\u00eb fuqit\u00eb, p\u00ebrmes m\u00ebsimit t\u00eb Ungjillit, t\u2019i shkulin, q\u00eb t\u00eb rigjall\u00ebrohet optimizmi dhe t\u00eb largohet pasiguria e frika nga e nes\u00ebrmja.<\/span><\/span><\/span><\/div>\n<div style=\"text-align: justify;\">\n\t<br \/>\n\t<span style=\"font-family:tahoma,geneva,sans-serif;\"><span style=\"font-size: 12px;\"><span style=\"color: rgb(0, 0, 0);\">&nbsp;&nbsp;&nbsp; Kryepiskopi theksoi pik\u00ebrisht nevoj\u00ebn p\u00ebr optimiz\u00ebm dhe shpres\u00eb, q\u00eb do t\u2019i gjejm\u00eb te personi i N\u00ebn\u00ebs s\u00eb T\u00ebr\u00ebshenjt\u00eb.<\/span><\/span><\/span><\/div>\n<div style=\"text-align: justify;\">\n\t<br \/>\n\t<span style=\"font-family:tahoma,geneva,sans-serif;\"><span style=\"font-size: 12px;\"><span style=\"color: rgb(0, 0, 0);\">&nbsp;&nbsp;&nbsp; Kryepiskopi komunikoi gjithashtu se do t\u00eb filloj\u00eb p\u00ebrpjekja p\u00ebr ringritjen e k\u00ebtij manastiri t\u00eb lasht\u00eb, nd\u00ebrsa nga besimtar\u00ebt k\u00ebrkoi q\u00eb gjithsecili t\u00eb ringrej\u00eb tempullin e shpirtit, i cili, sikund\u00ebr tha, ndon\u00ebse kan\u00eb kaluar 20 vjet mbetet shpeshher\u00eb n\u00eb gjendje t\u00eb rr\u00ebnuar, si manastiri ku gjendemi.<\/span><\/span><\/span><\/div>\n<div style=\"text-align: justify;\">\n\t<br \/>\n\t<span style=\"font-family:tahoma,geneva,sans-serif;\"><span style=\"font-size: 12px;\"><span style=\"color: rgb(0, 0, 0);\">&nbsp;&nbsp;&nbsp; Besimtar\u00ebt e zon\u00ebs kishin koh\u00eb q\u00eb prisnin me padurim t\u00eb p\u00ebrsh\u00ebndesin Kryepiskopin, t\u00eb shprehin me \u00e7far\u00ebdo m\u00ebnyre mir\u00ebnjohjen e tyre p\u00ebr gjith\u00e7ka b\u00ebn p\u00ebr Kish\u00ebn ton\u00eb. Duhet t\u00eb theksohet fakti, se gjat\u00eb k\u00ebtyre nj\u00ebzet viteve t\u00eb p\u00ebrpjekjes s\u00eb pand\u00ebrprer\u00eb p\u00ebr ringritjen e Kish\u00ebs Orthodhokse me kujdesin e drejtp\u00ebrdrejt\u00eb&nbsp; t\u00eb Kryepiskopit n\u00eb krahin\u00ebn e Himar\u00ebs jan\u00eb ringritur p\u00ebr nevojat e enorive kishat e tyre. P\u00ebrmendim k\u00ebtu at\u00eb t\u00eb \u201cGjith\u00eb Shenjtor\u00ebve\u201d n\u00eb Himar\u00eb dhe Manastiri i Sh\u00ebn Dhimitrit n\u00eb Qeparo (nd\u00ebrsa rr\u00ebnj\u00ebsisht jan\u00eb restauruar gjasht\u00eb kisha t\u00eb tjera qendrore). Gjithashtu \u00ebsht\u00eb ngritur nj\u00eb godin\u00eb shkollore n\u00eb territorin e kish\u00ebs s\u00eb Gjith\u00eb Shenjtor\u00ebve, p\u00ebr nevojat e komunitetit t\u00eb atjesh\u00ebm. Kryepiskopi vizitoi gjithashtu kish\u00ebn e bukur t\u00eb re q\u00eb po p\u00ebrfundon n\u00eb fshatin Lukov\u00eb dhe q\u00eb nderohet n\u00eb kujtim t\u00eb Sh\u00ebn Athanasit dhe Sh\u00ebn Nifonit, q\u00eb e ka origjin\u00ebn nga ai fshat. N\u00eb fshatin Pllak\u00eb t\u00eb Vurgut Kryepiskopi pati takim t\u00eb p\u00ebrzem\u00ebrt me t\u00eb gjith\u00eb banor\u00ebt e k\u00ebtij fshati, ku u vendos p\u00ebrfundimisht nd\u00ebrtimi i kish\u00ebs nga themelet p\u00ebr nevojat e enoris\u00eb. Me k\u00ebt\u00eb rast nxiti besimtar\u00ebt p\u00ebr m\u00eb shum\u00eb autokritik\u00eb dhe pendes\u00eb. Vizit\u00eb e Kryepiskopit Anastas do t\u00eb mbetet e paharruar nga besimtar\u00ebt e gjith\u00eb zonave q\u00eb vizitoi.<\/span><\/span><\/span><\/div>\n<div style=\"text-align: right;\">\n\t<br \/>\n\t<span style=\"font-family:tahoma,geneva,sans-serif;\"><span style=\"font-size: 12px;\"><span style=\"color: rgb(0, 0, 0);\"><strong>Korresp. i \u201cNgjallja\u201d<\/strong><\/span><\/span><\/span><\/div>\n<div>\n\t<img class=\"lazyload\" decoding=\"async\" src=\"data:image\/gif;base64,R0lGODlhAQABAAAAACH5BAEKAAEALAAAAAABAAEAAAICTAEAOw==\" data-orig-src=\"https:\/\/lh5.googleusercontent.com\/-94yp_CMiggA\/UCzOsQ5TA7I\/AAAAAAAAA08\/nqy1oj5kk5Q\/s640\/150820121048.jpg600\" style=\"width: 600px; height: 450px; border-width: 1px; border-style: solid; margin: 10px; float: left;\" \/><\/div>\n<div>\n\t<img class=\"lazyload\" decoding=\"async\" src=\"data:image\/gif;base64,R0lGODlhAQABAAAAACH5BAEKAAEALAAAAAABAAEAAAICTAEAOw==\" data-orig-src=\"https:\/\/lh3.googleusercontent.com\/-CR2GePEX7nk\/UCzOdZTp5SI\/AAAAAAAAA0U\/RVWNIS-Sj70\/s640\/150820121043.jpg\" style=\"width: 600px; height: 450px; border-width: 1px; border-style: solid; margin: 10px; float: left;\" \/><\/p>\n<p>\n\t&nbsp;<\/div>\n","protected":false},"excerpt":{"rendered":"<p>E kremtja e Fjetjes s\u00eb t\u00eb T\u00ebr\u00ebshenjt\u00ebs n\u00eb bregdet &nbsp;&nbsp;&nbsp; Kryepiskopi i Tiran\u00ebs, Durr\u00ebsit dhe i gjith\u00eb Shqip\u00ebris\u00eb, Imzot Anastasi, kreu Liturgjin\u00eb Hyjnore t\u00eb Fjetjes s\u00eb t\u00eb T\u00ebr\u00ebshenjt\u00ebs Mari n\u00eb ambientet e Manastirit t\u00eb Shenjt\u00eb, dikur t\u00eb famsh\u00ebm t\u00eb Sh\u00ebn Theodhor\u00ebve, n\u00eb af\u00ebrsi t\u00eb fshatit Dh\u00ebrmi, n\u00eb zon\u00ebn e bregdetit. Qindra besimtar\u00eb me p\u00ebrd\u00ebllimtari fetare mbush\u00ebn mjediset e manastirit dhe mor\u00ebn pjes\u00eb n\u00eb misterin e<\/p>\n","protected":false},"author":1,"featured_media":0,"comment_status":"open","ping_status":"open","sticky":false,"template":"","format":"standard","meta":{"_acf_changed":false,"pagelayer_contact_templates":[],"_pagelayer_content":"","inline_featured_image":false,"fifu_image_url":"","fifu_image_alt":"","footnotes":""},"categories":[108],"tags":[142,157,201,212,198],"class_list":["post-882","post","type-post","status-publish","format-standard","hentry","category-lajme","tag-142","tag-kremtime","tag-kryepiskopi-anastas","tag-lajme-d27","tag-gjirokaster"],"acf":[],"yoast_head":"<!-- This site is optimized with the Yoast SEO plugin v27.2 - https:\/\/yoast.com\/product\/yoast-seo-wordpress\/ -->\n<title>Kryepiskopi Anastas n\u00eb Manastirin, dikur t\u00eb famsh\u00ebm t\u00eb Sh\u00ebn Theodhor\u00ebve. (15 Gusht 2012) - Kisha Orthodh\u03bfkse Autoqefale e Shqip\u00ebris\u00eb<\/title>\n<meta name=\"robots\" content=\"index, follow, max-snippet:-1, max-image-preview:large, max-video-preview:-1\" \/>\n<link rel=\"canonical\" href=\"https:\/\/orthodoxalbania.org\/2020\/2013\/03\/21\/kryepiskopi-anastas-ne-manastirin-dikur-te-famshem-te-shen-theodhoreve\/\" \/>\n<meta property=\"og:locale\" content=\"en_US\" \/>\n<meta property=\"og:type\" content=\"article\" \/>\n<meta property=\"og:title\" content=\"Kryepiskopi Anastas n\u00eb Manastirin, dikur t\u00eb famsh\u00ebm t\u00eb Sh\u00ebn Theodhor\u00ebve. (15 Gusht 2012) - Kisha Orthodh\u03bfkse Autoqefale e Shqip\u00ebris\u00eb\" \/>\n<meta property=\"og:description\" content=\"E kremtja e Fjetjes s\u00eb t\u00eb T\u00ebr\u00ebshenjt\u00ebs n\u00eb bregdet &nbsp;&nbsp;&nbsp; Kryepiskopi i Tiran\u00ebs, Durr\u00ebsit dhe i gjith\u00eb Shqip\u00ebris\u00eb, Imzot Anastasi, kreu Liturgjin\u00eb Hyjnore t\u00eb Fjetjes s\u00eb t\u00eb T\u00ebr\u00ebshenjt\u00ebs Mari n\u00eb ambientet e Manastirit t\u00eb Shenjt\u00eb, dikur t\u00eb famsh\u00ebm t\u00eb Sh\u00ebn Theodhor\u00ebve, n\u00eb af\u00ebrsi t\u00eb fshatit Dh\u00ebrmi, n\u00eb zon\u00ebn e bregdetit. Qindra besimtar\u00eb me p\u00ebrd\u00ebllimtari fetare mbush\u00ebn mjediset e manastirit dhe mor\u00ebn pjes\u00eb n\u00eb misterin e\" \/>\n<meta property=\"og:url\" content=\"https:\/\/orthodoxalbania.org\/2020\/2013\/03\/21\/kryepiskopi-anastas-ne-manastirin-dikur-te-famshem-te-shen-theodhoreve\/\" \/>\n<meta property=\"og:site_name\" content=\"Kisha Orthodh\u03bfkse Autoqefale e Shqip\u00ebris\u00eb\" \/>\n<meta property=\"article:publisher\" content=\"https:\/\/www.facebook.com\/koash1991\" \/>\n<meta property=\"article:published_time\" content=\"2013-03-21T12:15:44+00:00\" \/>\n<meta property=\"article:modified_time\" content=\"2020-04-06T20:05:59+00:00\" \/>\n<meta property=\"og:image\" content=\"https:\/\/lh4.googleusercontent.com\/-JACV1t9MHXk\/UCzOhOanuNI\/AAAAAAAAA0c\/3_MUakESTzY\/s640\/150820121044.jpg\" \/>\n<meta name=\"author\" content=\"Kisha Orthodhokse\" \/>\n<meta name=\"twitter:card\" content=\"summary_large_image\" \/>\n<meta name=\"twitter:label1\" content=\"Written by\" \/>\n\t<meta name=\"twitter:data1\" content=\"Kisha Orthodhokse\" \/>\n\t<meta name=\"twitter:label2\" content=\"Est. reading time\" \/>\n\t<meta name=\"twitter:data2\" content=\"3 minutes\" \/>\n<script type=\"application\/ld+json\" class=\"yoast-schema-graph\">{\"@context\":\"https:\/\/schema.org\",\"@graph\":[{\"@type\":\"Article\",\"@id\":\"https:\/\/orthodoxalbania.org\/2020\/2013\/03\/21\/kryepiskopi-anastas-ne-manastirin-dikur-te-famshem-te-shen-theodhoreve\/#article\",\"isPartOf\":{\"@id\":\"https:\/\/orthodoxalbania.org\/2020\/2013\/03\/21\/kryepiskopi-anastas-ne-manastirin-dikur-te-famshem-te-shen-theodhoreve\/\"},\"author\":{\"name\":\"Kisha Orthodhokse\",\"@id\":\"https:\/\/orthodoxalbania.org\/2020\/#\/schema\/person\/0c387634a7063ac612d7ed9ce71c7e86\"},\"headline\":\"Kryepiskopi Anastas n\u00eb Manastirin, dikur t\u00eb famsh\u00ebm t\u00eb Sh\u00ebn Theodhor\u00ebve. (15 Gusht 2012)\",\"datePublished\":\"2013-03-21T12:15:44+00:00\",\"dateModified\":\"2020-04-06T20:05:59+00:00\",\"mainEntityOfPage\":{\"@id\":\"https:\/\/orthodoxalbania.org\/2020\/2013\/03\/21\/kryepiskopi-anastas-ne-manastirin-dikur-te-famshem-te-shen-theodhoreve\/\"},\"wordCount\":713,\"commentCount\":0,\"publisher\":{\"@id\":\"https:\/\/orthodoxalbania.org\/2020\/#organization\"},\"image\":{\"@id\":\"https:\/\/orthodoxalbania.org\/2020\/2013\/03\/21\/kryepiskopi-anastas-ne-manastirin-dikur-te-famshem-te-shen-theodhoreve\/#primaryimage\"},\"thumbnailUrl\":\"https:\/\/lh4.googleusercontent.com\/-JACV1t9MHXk\/UCzOhOanuNI\/AAAAAAAAA0c\/3_MUakESTzY\/s640\/150820121044.jpg\",\"keywords\":[\"2012\",\"Kremtime\",\"Kryepiskopi Anastas\",\"lajme\",\"Mitropolia Gjirokast\u00ebr\"],\"articleSection\":[\"Lajme\"],\"inLanguage\":\"en-US\"},{\"@type\":\"WebPage\",\"@id\":\"https:\/\/orthodoxalbania.org\/2020\/2013\/03\/21\/kryepiskopi-anastas-ne-manastirin-dikur-te-famshem-te-shen-theodhoreve\/\",\"url\":\"https:\/\/orthodoxalbania.org\/2020\/2013\/03\/21\/kryepiskopi-anastas-ne-manastirin-dikur-te-famshem-te-shen-theodhoreve\/\",\"name\":\"Kryepiskopi Anastas n\u00eb Manastirin, dikur t\u00eb famsh\u00ebm t\u00eb Sh\u00ebn Theodhor\u00ebve. (15 Gusht 2012) - Kisha Orthodh\u03bfkse Autoqefale e Shqip\u00ebris\u00eb\",\"isPartOf\":{\"@id\":\"https:\/\/orthodoxalbania.org\/2020\/#website\"},\"primaryImageOfPage\":{\"@id\":\"https:\/\/orthodoxalbania.org\/2020\/2013\/03\/21\/kryepiskopi-anastas-ne-manastirin-dikur-te-famshem-te-shen-theodhoreve\/#primaryimage\"},\"image\":{\"@id\":\"https:\/\/orthodoxalbania.org\/2020\/2013\/03\/21\/kryepiskopi-anastas-ne-manastirin-dikur-te-famshem-te-shen-theodhoreve\/#primaryimage\"},\"thumbnailUrl\":\"https:\/\/lh4.googleusercontent.com\/-JACV1t9MHXk\/UCzOhOanuNI\/AAAAAAAAA0c\/3_MUakESTzY\/s640\/150820121044.jpg\",\"datePublished\":\"2013-03-21T12:15:44+00:00\",\"dateModified\":\"2020-04-06T20:05:59+00:00\",\"breadcrumb\":{\"@id\":\"https:\/\/orthodoxalbania.org\/2020\/2013\/03\/21\/kryepiskopi-anastas-ne-manastirin-dikur-te-famshem-te-shen-theodhoreve\/#breadcrumb\"},\"inLanguage\":\"en-US\",\"potentialAction\":[{\"@type\":\"ReadAction\",\"target\":[\"https:\/\/orthodoxalbania.org\/2020\/2013\/03\/21\/kryepiskopi-anastas-ne-manastirin-dikur-te-famshem-te-shen-theodhoreve\/\"]}]},{\"@type\":\"ImageObject\",\"inLanguage\":\"en-US\",\"@id\":\"https:\/\/orthodoxalbania.org\/2020\/2013\/03\/21\/kryepiskopi-anastas-ne-manastirin-dikur-te-famshem-te-shen-theodhoreve\/#primaryimage\",\"url\":\"https:\/\/lh4.googleusercontent.com\/-JACV1t9MHXk\/UCzOhOanuNI\/AAAAAAAAA0c\/3_MUakESTzY\/s640\/150820121044.jpg\",\"contentUrl\":\"https:\/\/lh4.googleusercontent.com\/-JACV1t9MHXk\/UCzOhOanuNI\/AAAAAAAAA0c\/3_MUakESTzY\/s640\/150820121044.jpg\"},{\"@type\":\"BreadcrumbList\",\"@id\":\"https:\/\/orthodoxalbania.org\/2020\/2013\/03\/21\/kryepiskopi-anastas-ne-manastirin-dikur-te-famshem-te-shen-theodhoreve\/#breadcrumb\",\"itemListElement\":[{\"@type\":\"ListItem\",\"position\":1,\"name\":\"Home\",\"item\":\"https:\/\/orthodoxalbania.org\/2020\/\"},{\"@type\":\"ListItem\",\"position\":2,\"name\":\"Kryepiskopi Anastas n\u00eb Manastirin, dikur t\u00eb famsh\u00ebm t\u00eb Sh\u00ebn Theodhor\u00ebve. (15 Gusht 2012)\"}]},{\"@type\":\"WebSite\",\"@id\":\"https:\/\/orthodoxalbania.org\/2020\/#website\",\"url\":\"https:\/\/orthodoxalbania.org\/2020\/\",\"name\":\"Kisha Orthodh\u03bfkse Autoqefale e Shqip\u00ebris\u00eb\",\"description\":\"Fqja Zyrtare e Kish\u00ebs Orthodhokse Autoqefale e Shqip\u00ebris\u00eb me lajmet edhe informacionet zyrtare p\u00ebr struktur\u00ebn edhe veprimtarin e saj.\",\"publisher\":{\"@id\":\"https:\/\/orthodoxalbania.org\/2020\/#organization\"},\"potentialAction\":[{\"@type\":\"SearchAction\",\"target\":{\"@type\":\"EntryPoint\",\"urlTemplate\":\"https:\/\/orthodoxalbania.org\/2020\/?s={search_term_string}\"},\"query-input\":{\"@type\":\"PropertyValueSpecification\",\"valueRequired\":true,\"valueName\":\"search_term_string\"}}],\"inLanguage\":\"en-US\"},{\"@type\":\"Organization\",\"@id\":\"https:\/\/orthodoxalbania.org\/2020\/#organization\",\"name\":\"Kisha Orthodhokse Autoqefale e Shqip\u00ebris\u00eb\",\"url\":\"https:\/\/orthodoxalbania.org\/2020\/\",\"logo\":{\"@type\":\"ImageObject\",\"inLanguage\":\"en-US\",\"@id\":\"https:\/\/orthodoxalbania.org\/2020\/#\/schema\/logo\/image\/\",\"url\":\"https:\/\/orthodoxalbania.org\/2020\/wp-content\/uploads\/2020\/05\/albania.jpeg\",\"contentUrl\":\"https:\/\/orthodoxalbania.org\/2020\/wp-content\/uploads\/2020\/05\/albania.jpeg\",\"width\":540,\"height\":540,\"caption\":\"Kisha Orthodhokse Autoqefale e Shqip\u00ebris\u00eb\"},\"image\":{\"@id\":\"https:\/\/orthodoxalbania.org\/2020\/#\/schema\/logo\/image\/\"},\"sameAs\":[\"https:\/\/www.facebook.com\/koash1991\"]},{\"@type\":\"Person\",\"@id\":\"https:\/\/orthodoxalbania.org\/2020\/#\/schema\/person\/0c387634a7063ac612d7ed9ce71c7e86\",\"name\":\"Kisha Orthodhokse\",\"image\":{\"@type\":\"ImageObject\",\"inLanguage\":\"en-US\",\"@id\":\"https:\/\/secure.gravatar.com\/avatar\/596e7c417251e30f2fbb9c00e026fce61a695a00e51c889caded71c96cbbdde5?s=96&d=mm&r=g\",\"url\":\"https:\/\/secure.gravatar.com\/avatar\/596e7c417251e30f2fbb9c00e026fce61a695a00e51c889caded71c96cbbdde5?s=96&d=mm&r=g\",\"contentUrl\":\"https:\/\/secure.gravatar.com\/avatar\/596e7c417251e30f2fbb9c00e026fce61a695a00e51c889caded71c96cbbdde5?s=96&d=mm&r=g\",\"caption\":\"Kisha Orthodhokse\"}}]}<\/script>\n<!-- \/ Yoast SEO plugin. -->","yoast_head_json":{"title":"Kryepiskopi Anastas n\u00eb Manastirin, dikur t\u00eb famsh\u00ebm t\u00eb Sh\u00ebn Theodhor\u00ebve. (15 Gusht 2012) - Kisha Orthodh\u03bfkse Autoqefale e Shqip\u00ebris\u00eb","robots":{"index":"index","follow":"follow","max-snippet":"max-snippet:-1","max-image-preview":"max-image-preview:large","max-video-preview":"max-video-preview:-1"},"canonical":"https:\/\/orthodoxalbania.org\/2020\/2013\/03\/21\/kryepiskopi-anastas-ne-manastirin-dikur-te-famshem-te-shen-theodhoreve\/","og_locale":"en_US","og_type":"article","og_title":"Kryepiskopi Anastas n\u00eb Manastirin, dikur t\u00eb famsh\u00ebm t\u00eb Sh\u00ebn Theodhor\u00ebve. (15 Gusht 2012) - Kisha Orthodh\u03bfkse Autoqefale e Shqip\u00ebris\u00eb","og_description":"E kremtja e Fjetjes s\u00eb t\u00eb T\u00ebr\u00ebshenjt\u00ebs n\u00eb bregdet &nbsp;&nbsp;&nbsp; Kryepiskopi i Tiran\u00ebs, Durr\u00ebsit dhe i gjith\u00eb Shqip\u00ebris\u00eb, Imzot Anastasi, kreu Liturgjin\u00eb Hyjnore t\u00eb Fjetjes s\u00eb t\u00eb T\u00ebr\u00ebshenjt\u00ebs Mari n\u00eb ambientet e Manastirit t\u00eb Shenjt\u00eb, dikur t\u00eb famsh\u00ebm t\u00eb Sh\u00ebn Theodhor\u00ebve, n\u00eb af\u00ebrsi t\u00eb fshatit Dh\u00ebrmi, n\u00eb zon\u00ebn e bregdetit. Qindra besimtar\u00eb me p\u00ebrd\u00ebllimtari fetare mbush\u00ebn mjediset e manastirit dhe mor\u00ebn pjes\u00eb n\u00eb misterin e","og_url":"https:\/\/orthodoxalbania.org\/2020\/2013\/03\/21\/kryepiskopi-anastas-ne-manastirin-dikur-te-famshem-te-shen-theodhoreve\/","og_site_name":"Kisha Orthodh\u03bfkse Autoqefale e Shqip\u00ebris\u00eb","article_publisher":"https:\/\/www.facebook.com\/koash1991","article_published_time":"2013-03-21T12:15:44+00:00","article_modified_time":"2020-04-06T20:05:59+00:00","og_image":[{"url":"https:\/\/lh4.googleusercontent.com\/-JACV1t9MHXk\/UCzOhOanuNI\/AAAAAAAAA0c\/3_MUakESTzY\/s640\/150820121044.jpg","type":"","width":"","height":""}],"author":"Kisha Orthodhokse","twitter_card":"summary_large_image","twitter_misc":{"Written by":"Kisha Orthodhokse","Est. reading time":"3 minutes"},"schema":{"@context":"https:\/\/schema.org","@graph":[{"@type":"Article","@id":"https:\/\/orthodoxalbania.org\/2020\/2013\/03\/21\/kryepiskopi-anastas-ne-manastirin-dikur-te-famshem-te-shen-theodhoreve\/#article","isPartOf":{"@id":"https:\/\/orthodoxalbania.org\/2020\/2013\/03\/21\/kryepiskopi-anastas-ne-manastirin-dikur-te-famshem-te-shen-theodhoreve\/"},"author":{"name":"Kisha Orthodhokse","@id":"https:\/\/orthodoxalbania.org\/2020\/#\/schema\/person\/0c387634a7063ac612d7ed9ce71c7e86"},"headline":"Kryepiskopi Anastas n\u00eb Manastirin, dikur t\u00eb famsh\u00ebm t\u00eb Sh\u00ebn Theodhor\u00ebve. (15 Gusht 2012)","datePublished":"2013-03-21T12:15:44+00:00","dateModified":"2020-04-06T20:05:59+00:00","mainEntityOfPage":{"@id":"https:\/\/orthodoxalbania.org\/2020\/2013\/03\/21\/kryepiskopi-anastas-ne-manastirin-dikur-te-famshem-te-shen-theodhoreve\/"},"wordCount":713,"commentCount":0,"publisher":{"@id":"https:\/\/orthodoxalbania.org\/2020\/#organization"},"image":{"@id":"https:\/\/orthodoxalbania.org\/2020\/2013\/03\/21\/kryepiskopi-anastas-ne-manastirin-dikur-te-famshem-te-shen-theodhoreve\/#primaryimage"},"thumbnailUrl":"https:\/\/lh4.googleusercontent.com\/-JACV1t9MHXk\/UCzOhOanuNI\/AAAAAAAAA0c\/3_MUakESTzY\/s640\/150820121044.jpg","keywords":["2012","Kremtime","Kryepiskopi Anastas","lajme","Mitropolia Gjirokast\u00ebr"],"articleSection":["Lajme"],"inLanguage":"en-US"},{"@type":"WebPage","@id":"https:\/\/orthodoxalbania.org\/2020\/2013\/03\/21\/kryepiskopi-anastas-ne-manastirin-dikur-te-famshem-te-shen-theodhoreve\/","url":"https:\/\/orthodoxalbania.org\/2020\/2013\/03\/21\/kryepiskopi-anastas-ne-manastirin-dikur-te-famshem-te-shen-theodhoreve\/","name":"Kryepiskopi Anastas n\u00eb Manastirin, dikur t\u00eb famsh\u00ebm t\u00eb Sh\u00ebn Theodhor\u00ebve. (15 Gusht 2012) - Kisha Orthodh\u03bfkse Autoqefale e Shqip\u00ebris\u00eb","isPartOf":{"@id":"https:\/\/orthodoxalbania.org\/2020\/#website"},"primaryImageOfPage":{"@id":"https:\/\/orthodoxalbania.org\/2020\/2013\/03\/21\/kryepiskopi-anastas-ne-manastirin-dikur-te-famshem-te-shen-theodhoreve\/#primaryimage"},"image":{"@id":"https:\/\/orthodoxalbania.org\/2020\/2013\/03\/21\/kryepiskopi-anastas-ne-manastirin-dikur-te-famshem-te-shen-theodhoreve\/#primaryimage"},"thumbnailUrl":"https:\/\/lh4.googleusercontent.com\/-JACV1t9MHXk\/UCzOhOanuNI\/AAAAAAAAA0c\/3_MUakESTzY\/s640\/150820121044.jpg","datePublished":"2013-03-21T12:15:44+00:00","dateModified":"2020-04-06T20:05:59+00:00","breadcrumb":{"@id":"https:\/\/orthodoxalbania.org\/2020\/2013\/03\/21\/kryepiskopi-anastas-ne-manastirin-dikur-te-famshem-te-shen-theodhoreve\/#breadcrumb"},"inLanguage":"en-US","potentialAction":[{"@type":"ReadAction","target":["https:\/\/orthodoxalbania.org\/2020\/2013\/03\/21\/kryepiskopi-anastas-ne-manastirin-dikur-te-famshem-te-shen-theodhoreve\/"]}]},{"@type":"ImageObject","inLanguage":"en-US","@id":"https:\/\/orthodoxalbania.org\/2020\/2013\/03\/21\/kryepiskopi-anastas-ne-manastirin-dikur-te-famshem-te-shen-theodhoreve\/#primaryimage","url":"https:\/\/lh4.googleusercontent.com\/-JACV1t9MHXk\/UCzOhOanuNI\/AAAAAAAAA0c\/3_MUakESTzY\/s640\/150820121044.jpg","contentUrl":"https:\/\/lh4.googleusercontent.com\/-JACV1t9MHXk\/UCzOhOanuNI\/AAAAAAAAA0c\/3_MUakESTzY\/s640\/150820121044.jpg"},{"@type":"BreadcrumbList","@id":"https:\/\/orthodoxalbania.org\/2020\/2013\/03\/21\/kryepiskopi-anastas-ne-manastirin-dikur-te-famshem-te-shen-theodhoreve\/#breadcrumb","itemListElement":[{"@type":"ListItem","position":1,"name":"Home","item":"https:\/\/orthodoxalbania.org\/2020\/"},{"@type":"ListItem","position":2,"name":"Kryepiskopi Anastas n\u00eb Manastirin, dikur t\u00eb famsh\u00ebm t\u00eb Sh\u00ebn Theodhor\u00ebve. (15 Gusht 2012)"}]},{"@type":"WebSite","@id":"https:\/\/orthodoxalbania.org\/2020\/#website","url":"https:\/\/orthodoxalbania.org\/2020\/","name":"Kisha Orthodh\u03bfkse Autoqefale e Shqip\u00ebris\u00eb","description":"Fqja Zyrtare e Kish\u00ebs Orthodhokse Autoqefale e Shqip\u00ebris\u00eb me lajmet edhe informacionet zyrtare p\u00ebr struktur\u00ebn edhe veprimtarin e saj.","publisher":{"@id":"https:\/\/orthodoxalbania.org\/2020\/#organization"},"potentialAction":[{"@type":"SearchAction","target":{"@type":"EntryPoint","urlTemplate":"https:\/\/orthodoxalbania.org\/2020\/?s={search_term_string}"},"query-input":{"@type":"PropertyValueSpecification","valueRequired":true,"valueName":"search_term_string"}}],"inLanguage":"en-US"},{"@type":"Organization","@id":"https:\/\/orthodoxalbania.org\/2020\/#organization","name":"Kisha Orthodhokse Autoqefale e Shqip\u00ebris\u00eb","url":"https:\/\/orthodoxalbania.org\/2020\/","logo":{"@type":"ImageObject","inLanguage":"en-US","@id":"https:\/\/orthodoxalbania.org\/2020\/#\/schema\/logo\/image\/","url":"https:\/\/orthodoxalbania.org\/2020\/wp-content\/uploads\/2020\/05\/albania.jpeg","contentUrl":"https:\/\/orthodoxalbania.org\/2020\/wp-content\/uploads\/2020\/05\/albania.jpeg","width":540,"height":540,"caption":"Kisha Orthodhokse Autoqefale e Shqip\u00ebris\u00eb"},"image":{"@id":"https:\/\/orthodoxalbania.org\/2020\/#\/schema\/logo\/image\/"},"sameAs":["https:\/\/www.facebook.com\/koash1991"]},{"@type":"Person","@id":"https:\/\/orthodoxalbania.org\/2020\/#\/schema\/person\/0c387634a7063ac612d7ed9ce71c7e86","name":"Kisha Orthodhokse","image":{"@type":"ImageObject","inLanguage":"en-US","@id":"https:\/\/secure.gravatar.com\/avatar\/596e7c417251e30f2fbb9c00e026fce61a695a00e51c889caded71c96cbbdde5?s=96&d=mm&r=g","url":"https:\/\/secure.gravatar.com\/avatar\/596e7c417251e30f2fbb9c00e026fce61a695a00e51c889caded71c96cbbdde5?s=96&d=mm&r=g","contentUrl":"https:\/\/secure.gravatar.com\/avatar\/596e7c417251e30f2fbb9c00e026fce61a695a00e51c889caded71c96cbbdde5?s=96&d=mm&r=g","caption":"Kisha Orthodhokse"}}]}},"_links":{"self":[{"href":"https:\/\/orthodoxalbania.org\/2020\/wp-json\/wp\/v2\/posts\/882","targetHints":{"allow":["GET"]}}],"collection":[{"href":"https:\/\/orthodoxalbania.org\/2020\/wp-json\/wp\/v2\/posts"}],"about":[{"href":"https:\/\/orthodoxalbania.org\/2020\/wp-json\/wp\/v2\/types\/post"}],"author":[{"embeddable":true,"href":"https:\/\/orthodoxalbania.org\/2020\/wp-json\/wp\/v2\/users\/1"}],"replies":[{"embeddable":true,"href":"https:\/\/orthodoxalbania.org\/2020\/wp-json\/wp\/v2\/comments?post=882"}],"version-history":[{"count":1,"href":"https:\/\/orthodoxalbania.org\/2020\/wp-json\/wp\/v2\/posts\/882\/revisions"}],"predecessor-version":[{"id":15300,"href":"https:\/\/orthodoxalbania.org\/2020\/wp-json\/wp\/v2\/posts\/882\/revisions\/15300"}],"wp:attachment":[{"href":"https:\/\/orthodoxalbania.org\/2020\/wp-json\/wp\/v2\/media?parent=882"}],"wp:term":[{"taxonomy":"category","embeddable":true,"href":"https:\/\/orthodoxalbania.org\/2020\/wp-json\/wp\/v2\/categories?post=882"},{"taxonomy":"post_tag","embeddable":true,"href":"https:\/\/orthodoxalbania.org\/2020\/wp-json\/wp\/v2\/tags?post=882"}],"curies":[{"name":"wp","href":"https:\/\/api.w.org\/{rel}","templated":true}]}}