{"id":878,"date":"2013-03-20T12:53:33","date_gmt":"2013-03-20T12:53:33","guid":{"rendered":""},"modified":"2020-04-06T22:32:23","modified_gmt":"2020-04-06T20:32:23","slug":"kryepiskopi-anastas-mes-besimtareve-ne-gjirokaster-per-fjetjen-e-tereshenjtes-le-te-mbushe-e-tereshenjta-mari-zemrat-tona-me-gezim-dhe-hare","status":"publish","type":"post","link":"https:\/\/orthodoxalbania.org\/2020\/2013\/03\/20\/kryepiskopi-anastas-mes-besimtareve-ne-gjirokaster-per-fjetjen-e-tereshenjtes-le-te-mbushe-e-tereshenjta-mari-zemrat-tona-me-gezim-dhe-hare\/","title":{"rendered":"Kryepiskopi Anastas mes besimtar\u00ebve n\u00eb Gjirokast\u00ebr p\u00ebr Fjetjen e T\u00ebr\u00ebshenjt\u00ebs: \u201c\u2026 Le t\u00eb mbush\u00eb e T\u00ebr\u00ebshenjta Mari zemrat tona me g\u00ebzim dhe hare\u2026\u201d. (Gusht 2010)"},"content":{"rendered":"<div style=\"text-align: justify;\">\n\t<span style=\"color:#000000;\"><span style=\"font-family: tahoma,geneva,sans-serif;\"><span style=\"font-size: 12px;\">&nbsp;&nbsp;&nbsp; Duke l\u00ebn\u00eb Tiran\u00ebn, apo enori t\u00eb m\u00ebdha qytetesh, dhe duke treguar edhe nj\u00eb her\u00eb tjet\u00ebr n\u00eb fakt kujdesin p\u00ebr gjith\u00eb Kish\u00ebn, t\u00eb cil\u00ebs i ka falur gjith\u00eb dashurin\u00eb, mundin dhe koh\u00ebn e tij p\u00ebr 19 vjet me radh\u00eb, edhe k\u00ebt\u00eb vit Kryepiskopi Anastas zgjodhi t\u00eb kremtoj\u00eb Fjetjen e s\u00eb T\u00ebr\u00ebshenjt\u00ebs Mari n\u00eb periferi. Fortlumturia e Tij n\u00eb atmosfer\u00ebn e bukur q\u00eb krijon kjo e kremte, ishte p\u00ebr tri dit\u00eb n\u00eb disa zona t\u00eb Mitropolis\u00eb s\u00eb Gjirokastr\u00ebs.<\/span><\/span><\/span><\/div>\n<div class=\"style8\" style=\"text-align: center;\">\n\t<br \/>\n\t<strong><span style=\"color:#b22222;\"><span style=\"font-family: tahoma,geneva,sans-serif;\"><span style=\"font-size: 12px;\">* * *<\/span><\/span><\/span><\/strong><\/div>\n<div class=\"style8\" style=\"text-align: justify;\">\n\t<br \/>\n\t<span style=\"color:#000000;\"><span style=\"font-family: tahoma,geneva,sans-serif;\"><span style=\"font-size: 12px;\"><img decoding=\"async\" class=\"lazyload HAa Eha\" src=\"data:image\/gif;base64,R0lGODlhAQABAAAAACH5BAEKAAEALAAAAAABAAEAAAICTAEAOw==\" data-orig-src=\"https:\/\/lh6.googleusercontent.com\/-ja5gDmfNhxg\/VKz-MBcExlI\/AAAAAAAAKNo\/ibJPM4UVk2Q\/w640-h480-no\/5.jpg\" style=\"height: 225px; width: 300px; border-width: 1px; border-style: solid; margin: 10px; float: left;\" \/> &nbsp; &nbsp; T\u00eb premten (13 gusht), Kryepiskopi Anastas, i shoq\u00ebruar edhe nga Mitropoliti i Gjirokastr\u00ebs Hir\u00ebsia e Tij Dhimitri, vizitoi fshatin Bularat, ku n\u00eb Kish\u00ebn e Sh\u00ebn Athanasit kryesoi Sh\u00ebrbes\u00ebn e Paraklisit p\u00ebr t\u00eb T\u00ebr\u00ebshenjt\u00ebn, nj\u00eb nga akolluthit\u00eb m\u00eb t\u00eb bukura t\u00eb Kish\u00ebs son\u00eb Orthodhokse. N\u00eb ve\u00e7anti psalmet e tropareve nga t\u00eb rinjt\u00eb dhe t\u00eb rejat, fryt i pun\u00ebs shpirt\u00ebrore q\u00eb gjith\u00eb k\u00ebto vite realizohet n\u00ebn kujdesin e tij, krijuan atmosfer\u00eb kataniktike n\u00eb Kish\u00eb dhe n\u00eb oborrin e saj t\u00eb tejmbushur nga besimtar\u00eb t\u00eb shumt\u00eb. Ata kishin ardhur dhe nga fshatrat p\u00ebrreth me t\u00eb marr\u00eb lajmin e pranis\u00eb s\u00eb tij. Me nj\u00eb ndjesi t\u00eb ve\u00e7ant\u00eb e p\u00ebrjetuan k\u00ebt\u00eb ngjarje sidomos ata besimtar\u00eb q\u00eb jetojn\u00eb p\u00ebrkoh\u00ebsisht n\u00eb Greqi dhe k\u00ebto dit\u00eb mbushin fshatrat dhe enorit\u00eb e Mitropolis\u00eb s\u00eb Gjirokastr\u00ebs. T\u00eb gjith\u00eb ndjenin g\u00ebzim dhe emocion t\u00eb ve\u00e7ant\u00eb duke marr\u00eb bekimin e Kryepiskopit. \u00c7do dit\u00eb e m\u00eb shum\u00eb besimtar\u00eb kuptojn\u00eb shkall\u00ebn e sakrific\u00ebs personale t\u00eb Kryepiskopit, i cili ndoqi rrug\u00ebn e kund\u00ebrt me shumic\u00ebn e tyre: kur ata largoheshin nga vatrat e tyre t\u00eb lindjes ai vinte k\u00ebtu p\u00ebr t\u00eb vuajtur gjith\u00eb at\u00eb sakrific\u00eb t\u00eb ringritjes nga hiri i shkat\u00ebrrimit ateist t\u00eb Kish\u00ebs son\u00eb.<\/span><\/span><\/span><\/div>\n<div class=\"style8\" style=\"text-align: justify;\">\n\t<br \/>\n\t<span style=\"color:#000000;\"><span style=\"font-family: tahoma,geneva,sans-serif;\"><span style=\"font-size: 12px;\">&nbsp;&nbsp;&nbsp;&nbsp; N\u00eb fund te sh\u00ebrbes\u00ebs Kryepiskopi u foli besimtar\u00ebve p\u00ebr figur\u00ebn e s\u00eb T\u00ebr\u00ebshenjt\u00ebs Mari, pozicionin e saj n\u00eb Kish\u00ebn Orthodhokse dhe jet\u00ebn e saj adhuruese. Duke ju referuar tropareve q\u00eb psallen gjat\u00eb gjith\u00eb periudh\u00ebs para t\u00eb kremtes s\u00eb Fjetjes, tropare mall\u00ebngjyese dhe prek\u00ebse, Kryepiskopi u tha besimtar\u00ebve se ve\u00e7 t\u00eb tjerave ne i lutemi&nbsp; N\u00ebn\u00ebs s\u00eb Zotit Krisht t\u00eb fal\u00eb n\u00eb zemrat dhe shpirtrat tan\u00eb g\u00ebzim. Nuk jemi nj\u00eb besim i trishtimit dhe melankolis\u00eb por nj\u00eb besim i g\u00ebzimit dhe hares\u00eb. Dhe burimi i g\u00ebzimit ton\u00eb nuk \u00ebsht\u00eb nj\u00eb arsye \u00e7far\u00ebdo por vet\u00eb dhuruesi i tij Zoti Krisht. I nxiti orthodhoks\u00ebt q\u00eb&nbsp; t\u00eb ken\u00eb vazhdimisht syt\u00eb e lutjes s\u00eb tyre t\u00eb kthyera nga e T\u00ebr\u00ebshenjta Mari, ta ken\u00eb at\u00eb shembull p\u00ebr imitim n\u00eb bindje dhe p\u00ebrul\u00ebsi, ta rr\u00ebnjosin thell\u00eb n\u00eb shpirtin e&nbsp; tyre ikon\u00ebn e saj. <\/span><\/span><\/span><\/div>\n<div class=\"style8\" style=\"text-align: justify;\">\n\t<br \/>\n\t<span style=\"color:#000000;\"><span style=\"font-family: tahoma,geneva,sans-serif;\"><span style=\"font-size: 12px;\"><img decoding=\"async\" class=\"lazyload HAa Eha\" src=\"data:image\/gif;base64,R0lGODlhAQABAAAAACH5BAEKAAEALAAAAAABAAEAAAICTAEAOw==\" data-orig-src=\"https:\/\/lh5.googleusercontent.com\/-DyG6XJ390-8\/VKz-M9RES1I\/AAAAAAAAKNw\/3qmIrrl0rwg\/w640-h480-no\/6.jpg\" style=\"height: 225px; width: 300px; border-width: 1px; border-style: solid; margin: 10px; float: right;\" \/>&nbsp;&nbsp;&nbsp;&nbsp; N\u00eb qendr\u00ebn shpirt\u00ebrore t\u00eb kish\u00ebs u qeras glikoja tradicionale n\u00eb mbr\u00ebmje dhe besimtar\u00ebt pat\u00ebn rastin t\u00eb bisedojn\u00eb nga af\u00ebr me Kryepiskopin p\u00ebr problemet dhe g\u00ebzimet e tyre, t\u00eb lidhura me familjet dhe fshatrat e tyre, d\u00ebgjuan k\u00ebshillat at\u00ebrore t\u00eb tij. Ve\u00e7an\u00ebrisht iu shpreh\u00ebn fal\u00ebnderime t\u00eb p\u00ebrzem\u00ebrta p\u00ebr gjith\u00e7ka \u00ebsht\u00eb realizuar n\u00eb vendlindjen e tyre n\u00ebn kujdesin e tij: rigjall\u00ebrimi dhe rikonstruksioni i kish\u00ebs s\u00eb Sh\u00ebn Athanasit, uj\u00ebsjell\u00ebsi q\u00eb sjell uj\u00eb nga burimet e malit, p\u00ebrforcimi i rrjetit elektrik dhe n\u00eb ve\u00e7anti konvikti orthodhoks i vajzave, q\u00eb i jep jet\u00eb dhe gjall\u00ebri k\u00ebtij fshati, shkoll\u00ebs s\u00eb tij dhe gjith\u00eb zon\u00ebs m\u00eb gjer\u00eb.<\/span><\/span><\/span><\/div>\n<div class=\"style8\" style=\"text-align: center;\">\n\t<br \/>\n\t<strong><span style=\"color:#b22222;\"><span style=\"font-family: tahoma,geneva,sans-serif;\"><span style=\"font-size: 12px;\">* * *<\/span><\/span><\/span><\/strong><\/div>\n<div class=\"style8\" style=\"text-align: justify;\">\n\t<br \/>\n\t<span style=\"color:#000000;\"><span style=\"font-family: tahoma,geneva,sans-serif;\"><span style=\"font-size: 12px;\"><img decoding=\"async\" class=\"lazyload HAa Eha\" src=\"data:image\/gif;base64,R0lGODlhAQABAAAAACH5BAEKAAEALAAAAAABAAEAAAICTAEAOw==\" data-orig-src=\"https:\/\/lh4.googleusercontent.com\/-ZFCJvxRve9A\/VKz-NflIE5I\/AAAAAAAAKN0\/C5g9Vp4Th-w\/w450-h600-no\/10.jpg\" style=\"height: 400px; width: 300px; border-width: 1px; border-style: solid; margin: 10px; float: left;\" \/> &nbsp;&nbsp; T\u00eb nes\u00ebrmen pasdite Kryepiskopi Anastas ishte n\u00eb fshatin e Dervicianit, kisha e madhe e t\u00eb cilit kremton, duke qen\u00eb e kushtuar n\u00eb nderim t\u00eb Fjetjes s\u00eb T\u00ebr\u00ebshenjt\u00ebs Mari. Kryepiskopi kryesoi Sh\u00ebrbes\u00ebn e Mbr\u00ebm\u00ebsores, Litanin\u00eb e Ikon\u00ebs s\u00eb shenjt\u00eb t\u00eb Fjetjes dhe Bekimin e Pes\u00eb Buk\u00ebve, q\u00eb ua ndau qindra besimtar\u00ebve q\u00eb ishin mbledhur me nj\u00eb g\u00ebzim t\u00eb trefisht\u00eb: p\u00ebr fest\u00ebn e fshatit t\u00eb tyre, p\u00ebr faktin se ishin mbledhur p\u00ebrs\u00ebri nga vendet ku jetojn\u00eb dhe punojn\u00eb dhe p\u00ebr pranin\u00eb e Fortlumturis\u00eb s\u00eb Tij.<\/span><\/span><\/span><\/div>\n<div class=\"style8\" style=\"text-align: justify;\">\n\t<br \/>\n\t<span style=\"color:#000000;\"><span style=\"font-family: tahoma,geneva,sans-serif;\"><span style=\"font-size: 12px;\">&nbsp;&nbsp;&nbsp;&nbsp; Edhe k\u00ebtu Kryepiskopi pati rastin tu flas\u00eb dhe t\u2019i nxis\u00eb n\u00eb nj\u00eb besim m\u00eb t\u00eb thell\u00eb, m\u00eb t\u00eb gjall\u00eb, m\u00eb t\u00eb nxeht\u00eb tek Zoti Krisht me ndihm\u00ebn dhe nd\u00ebrmjetimet e Fjetjes s\u00eb T\u00ebr\u00ebshenjt\u00ebs Mari. Edhe nj\u00eb her\u00eb tjet\u00ebr Kryepiskopi i m\u00ebshoi ides\u00eb se Orthodhoks\u00ebt guxojm\u00eb dhe jemi entuziast\u00eb edhe kur t\u00eb gjith\u00eb p\u00ebrpiqen t\u00eb theksojn\u00eb an\u00ebt e err\u00ebta t\u00eb jet\u00ebs, guxojm\u00eb t\u00eb shpresojm\u00eb edhe kur t\u00eb tjer\u00ebt p\u00ebrpiqen t\u00eb na \u00e7orientojn\u00eb n\u00eb v\u00ebshtir\u00ebsit\u00eb e krizave, t\u00eb konflikteve etj. Dhe kjo shpres\u00eb e jona, ky entuziaz\u00ebm dhe optimiz\u00ebm nuk jan\u00eb kot, nuk jan\u00eb bosh: e kan\u00eb zanafill\u00ebn dhe ushqehen vazhdimisht nga besimi yn\u00eb tek Zoti i gjith\u00ebsis\u00eb, mb\u00ebshteten te lutja jon\u00eb. Edhe nj\u00eb her\u00eb foli p\u00ebr figur\u00ebn e T\u00ebr\u00ebshenjt\u00ebs, p\u00ebr m\u00ebnyr\u00ebn sesi nderohet ajo realisht, jo thjesht duke ndezur qiri dhe llambadh\u00eb n\u00eb ikon\u00ebn e saj, por duke e mbajtur t\u00eb ndezur k\u00ebt\u00eb llambadh\u00eb n\u00eb zemrat tona. Besimi yn\u00eb Orthodhoks nuk \u00ebsht\u00eb vet\u00ebm dashuri, tha Kryepiskopi, \u00ebsht\u00eb edhe g\u00ebzim dhe k\u00ebt\u00eb g\u00ebzim dhe hare n\u00eb zemrat tona e fal Krishti Per\u00ebndi me nd\u00ebrmjetimet e N\u00ebn\u00ebs s\u00eb Tij t\u00eb Pac\u00ebnuar.<\/span><\/span><\/span><\/div>\n<div class=\"style8\" style=\"text-align: center;\">\n\t<br \/>\n\t<span style=\"color:#b22222;\"><strong><span style=\"font-family: tahoma,geneva,sans-serif;\"><span style=\"font-size: 12px;\">* * *<\/span><\/span><\/strong><\/span><\/div>\n<div class=\"style8\" style=\"text-align: justify;\">\n\t<br \/>\n\t<span style=\"color:#000000;\"><span style=\"font-family: tahoma,geneva,sans-serif;\"><span style=\"font-size: 12px;\"><img decoding=\"async\" class=\"lazyload HAa Eha\" src=\"data:image\/gif;base64,R0lGODlhAQABAAAAACH5BAEKAAEALAAAAAABAAEAAAICTAEAOw==\" data-orig-src=\"https:\/\/lh4.googleusercontent.com\/-oTs1D7dKdCU\/VKz-MHyvVlI\/AAAAAAAAKNg\/obP-CrrYoxk\/w600-h450-no\/12.jpg\" style=\"height: 225px; width: 300px; border-width: 1px; border-style: solid; margin: 10px; float: right;\" \/> &nbsp; &nbsp; T\u00eb tret\u00ebn dit\u00eb, t\u00eb Diel\u00ebn, 15 Gusht, dit\u00ebn e t\u00eb Kremtes s\u00eb Fjetjes s\u00eb T\u00ebr\u00ebshenjt\u00ebs Mari, Kryepiskopi Anastas ishte mes besimtar\u00ebve n\u00eb enorin\u00eb e madhe, por&nbsp; disi t\u00eb izoluar t\u00eb Dhrovjanit. N\u00eb Kish\u00ebn e madhe t\u00eb Sh\u00ebn Nikoll\u00ebs ai kreu Liturgjin\u00eb Hyjnore dhe kungoi besimtar\u00ebt e shumt\u00eb me misteret e shenjta.<\/span><\/span><\/span><\/div>\n<div class=\"style8\" style=\"text-align: justify;\">\n\t<br \/>\n\t<span style=\"color:#000000;\"><span style=\"font-family: tahoma,geneva,sans-serif;\"><span style=\"font-size: 12px;\">&nbsp;&nbsp;&nbsp;&nbsp; N\u00eb predikimin e dit\u00ebs Kryepiskopi u foli p\u00ebrs\u00ebri besimtar\u00ebve p\u00ebr t\u00eb T\u00ebr\u00ebshenjt\u00ebn Mari, p\u00ebr hirin e saj q\u00eb na mbledh \u00e7do vit, por edhe p\u00ebr fuqin\u00eb e nd\u00ebrmjetimit t\u00eb saj tek Biri dhe Zoti yn\u00eb Jisu Krisht. Atmosfera n\u00eb kish\u00eb dhe n\u00eb oborrin e saj dhe n\u00eb t\u00eb gjith\u00eb qendr\u00ebn e fshatit ishte e g\u00ebzuar dhe festive. Ishin t\u00eb ngrohta fjal\u00ebt q\u00eb t\u00eb gjith\u00eb, t\u00eb m\u00ebdhenj dhe t\u00eb vegj\u00ebl, kishin p\u00ebr t\u00eb th\u00ebn\u00eb p\u00ebr Kryepiskopin, fal\u00ebnderimi i tyre ishte nga shpirti. Dukej leht\u00eb se n\u00eb ve\u00e7anti t\u00eb rinjt\u00eb, ndon\u00ebse larg vendlindjes ndjekin me kujdes gjith\u00e7ka q\u00eb realizohet n\u00eb Kish\u00ebn ton\u00eb n\u00ebn frym\u00ebn e urt\u00eb t\u00eb Kryepiskopit dhe ndihen p\u00ebr k\u00ebt\u00eb krenar\u00eb. Ishin t\u00eb shumt\u00eb q\u00eb ia thoshin k\u00ebt\u00eb gj\u00eb Atit ton\u00eb shpirt\u00ebror: na b\u00ebn t\u00eb ndihemi krenar\u00eb kudo ku jemi dhe punojm\u00eb dhe jetojm\u00eb.<\/span><\/span><\/span><\/div>\n<div class=\"style8\" style=\"text-align: justify;\">\n\t<br \/>\n\t<span style=\"color:#000000;\"><span style=\"font-family: tahoma,geneva,sans-serif;\"><span style=\"font-size: 12px;\">&nbsp;&nbsp;&nbsp;&nbsp; P\u00ebr ta b\u00ebr\u00eb m\u00eb konkrete atmosfer\u00ebn e g\u00ebzimit dhe si p\u00ebr t\u00eb d\u00ebshmuar fuqin\u00eb dhe guximin q\u00eb jep t\u00eb besuarit e thell\u00eb tek Per\u00ebndia, dit\u00eb ve\u00e7 t\u00eb tjerash n\u00eb qend\u00ebr t\u00eb fshatit Dhrovjan ishte organizuar edhe ceremonia p\u00ebr p\u00ebrurimin e uj\u00ebsjell\u00ebsit t\u00eb fshatit. Kryepiskopi Anastas kreu Sh\u00ebrbes\u00ebn e Ajasm\u00ebs n\u00eb nj\u00eb \u00e7ezm\u00eb t\u00eb nd\u00ebrtuar n\u00eb m\u00ebnyr\u00eb tradicionale, e cila pik\u00ebrisht do t\u00eb p\u00ebrjet\u00ebsoj\u00eb k\u00ebt\u00eb vep\u00ebr q\u00eb zgjidhi nevoj\u00ebn m\u00eb jet\u00ebsore t\u00eb banor\u00ebve. Fal\u00eb kontributit financiar, por kryesisht besimit q\u00eb ngjalli te komuniteti i banor\u00ebve se kjo vep\u00ebr mund t\u00eb realizohej, i t\u00ebr\u00eb ky uj\u00ebsjell\u00ebs u realizua n\u00eb tre vitet e kaluara nga Kryepiskopi. <em>(P\u00ebr m\u00eb tep\u00ebr rreth p\u00ebrurimit t\u00eb uj\u00ebsjell\u00ebsit shih lajmin pasues)<\/em><\/span><\/span><\/span><\/div>\n<div class=\"style8\" style=\"text-align: justify;\">\n\t&nbsp;<\/div>\n<div style=\"text-align: right;\">\n\t<span style=\"color:#000000;\"><span style=\"font-family: tahoma,geneva,sans-serif;\"><span style=\"font-size: 12px;\"><strong>Korresp. i gazet\u00ebs \u201cNGJALLJA\u201d<\/strong><\/span><\/span><\/span><\/div>\n","protected":false},"excerpt":{"rendered":"<p>&nbsp;&nbsp;&nbsp; Duke l\u00ebn\u00eb Tiran\u00ebn, apo enori t\u00eb m\u00ebdha qytetesh, dhe duke treguar edhe nj\u00eb her\u00eb tjet\u00ebr n\u00eb fakt kujdesin p\u00ebr gjith\u00eb Kish\u00ebn, t\u00eb cil\u00ebs i ka falur gjith\u00eb dashurin\u00eb, mundin dhe koh\u00ebn e tij p\u00ebr 19 vjet me radh\u00eb, edhe k\u00ebt\u00eb vit Kryepiskopi Anastas zgjodhi t\u00eb kremtoj\u00eb Fjetjen e s\u00eb T\u00ebr\u00ebshenjt\u00ebs Mari n\u00eb periferi. Fortlumturia e Tij n\u00eb atmosfer\u00ebn e bukur q\u00eb krijon kjo e<\/p>\n","protected":false},"author":1,"featured_media":0,"comment_status":"open","ping_status":"open","sticky":false,"template":"","format":"standard","meta":{"_acf_changed":false,"pagelayer_contact_templates":[],"_pagelayer_content":"","inline_featured_image":false,"fifu_image_url":"","fifu_image_alt":"","footnotes":""},"categories":[108],"tags":[144,196,201,212,198],"class_list":["post-878","post","type-post","status-publish","format-standard","hentry","category-lajme","tag-144","tag-tirane","tag-kryepiskopi-anastas","tag-lajme-d27","tag-gjirokaster"],"acf":[],"yoast_head":"<!-- This site is optimized with the Yoast SEO plugin v27.2 - https:\/\/yoast.com\/product\/yoast-seo-wordpress\/ -->\n<title>Kryepiskopi Anastas mes besimtar\u00ebve n\u00eb Gjirokast\u00ebr p\u00ebr Fjetjen e T\u00ebr\u00ebshenjt\u00ebs: \u201c\u2026 Le t\u00eb mbush\u00eb e T\u00ebr\u00ebshenjta Mari zemrat tona me g\u00ebzim dhe hare\u2026\u201d. (Gusht 2010) - Kisha Orthodh\u03bfkse Autoqefale e Shqip\u00ebris\u00eb<\/title>\n<meta name=\"robots\" content=\"index, follow, max-snippet:-1, max-image-preview:large, max-video-preview:-1\" \/>\n<link rel=\"canonical\" href=\"https:\/\/orthodoxalbania.org\/2020\/2013\/03\/20\/kryepiskopi-anastas-mes-besimtareve-ne-gjirokaster-per-fjetjen-e-tereshenjtes-le-te-mbushe-e-tereshenjta-mari-zemrat-tona-me-gezim-dhe-hare\/\" \/>\n<meta property=\"og:locale\" content=\"en_US\" \/>\n<meta property=\"og:type\" content=\"article\" \/>\n<meta property=\"og:title\" content=\"Kryepiskopi Anastas mes besimtar\u00ebve n\u00eb Gjirokast\u00ebr p\u00ebr Fjetjen e T\u00ebr\u00ebshenjt\u00ebs: \u201c\u2026 Le t\u00eb mbush\u00eb e T\u00ebr\u00ebshenjta Mari zemrat tona me g\u00ebzim dhe hare\u2026\u201d. (Gusht 2010) - Kisha Orthodh\u03bfkse Autoqefale e Shqip\u00ebris\u00eb\" \/>\n<meta property=\"og:description\" content=\"&nbsp;&nbsp;&nbsp; Duke l\u00ebn\u00eb Tiran\u00ebn, apo enori t\u00eb m\u00ebdha qytetesh, dhe duke treguar edhe nj\u00eb her\u00eb tjet\u00ebr n\u00eb fakt kujdesin p\u00ebr gjith\u00eb Kish\u00ebn, t\u00eb cil\u00ebs i ka falur gjith\u00eb dashurin\u00eb, mundin dhe koh\u00ebn e tij p\u00ebr 19 vjet me radh\u00eb, edhe k\u00ebt\u00eb vit Kryepiskopi Anastas zgjodhi t\u00eb kremtoj\u00eb Fjetjen e s\u00eb T\u00ebr\u00ebshenjt\u00ebs Mari n\u00eb periferi. Fortlumturia e Tij n\u00eb atmosfer\u00ebn e bukur q\u00eb krijon kjo e\" \/>\n<meta property=\"og:url\" content=\"https:\/\/orthodoxalbania.org\/2020\/2013\/03\/20\/kryepiskopi-anastas-mes-besimtareve-ne-gjirokaster-per-fjetjen-e-tereshenjtes-le-te-mbushe-e-tereshenjta-mari-zemrat-tona-me-gezim-dhe-hare\/\" \/>\n<meta property=\"og:site_name\" content=\"Kisha Orthodh\u03bfkse Autoqefale e Shqip\u00ebris\u00eb\" \/>\n<meta property=\"article:publisher\" content=\"https:\/\/www.facebook.com\/koash1991\" \/>\n<meta property=\"article:published_time\" content=\"2013-03-20T12:53:33+00:00\" \/>\n<meta property=\"article:modified_time\" content=\"2020-04-06T20:32:23+00:00\" \/>\n<meta property=\"og:image\" content=\"https:\/\/lh6.googleusercontent.com\/-ja5gDmfNhxg\/VKz-MBcExlI\/AAAAAAAAKNo\/ibJPM4UVk2Q\/w640-h480-no\/5.jpg\" \/>\n<meta name=\"author\" content=\"Kisha Orthodhokse\" \/>\n<meta name=\"twitter:card\" content=\"summary_large_image\" \/>\n<meta name=\"twitter:label1\" content=\"Written by\" \/>\n\t<meta name=\"twitter:data1\" content=\"Kisha Orthodhokse\" \/>\n\t<meta name=\"twitter:label2\" content=\"Est. reading time\" \/>\n\t<meta name=\"twitter:data2\" content=\"7 minutes\" \/>\n<script type=\"application\/ld+json\" class=\"yoast-schema-graph\">{\"@context\":\"https:\/\/schema.org\",\"@graph\":[{\"@type\":\"Article\",\"@id\":\"https:\/\/orthodoxalbania.org\/2020\/2013\/03\/20\/kryepiskopi-anastas-mes-besimtareve-ne-gjirokaster-per-fjetjen-e-tereshenjtes-le-te-mbushe-e-tereshenjta-mari-zemrat-tona-me-gezim-dhe-hare\/#article\",\"isPartOf\":{\"@id\":\"https:\/\/orthodoxalbania.org\/2020\/2013\/03\/20\/kryepiskopi-anastas-mes-besimtareve-ne-gjirokaster-per-fjetjen-e-tereshenjtes-le-te-mbushe-e-tereshenjta-mari-zemrat-tona-me-gezim-dhe-hare\/\"},\"author\":{\"name\":\"Kisha Orthodhokse\",\"@id\":\"https:\/\/orthodoxalbania.org\/2020\/#\/schema\/person\/0c387634a7063ac612d7ed9ce71c7e86\"},\"headline\":\"Kryepiskopi Anastas mes besimtar\u00ebve n\u00eb Gjirokast\u00ebr p\u00ebr Fjetjen e T\u00ebr\u00ebshenjt\u00ebs: \u201c\u2026 Le t\u00eb mbush\u00eb e T\u00ebr\u00ebshenjta Mari zemrat tona me g\u00ebzim dhe hare\u2026\u201d. (Gusht 2010)\",\"datePublished\":\"2013-03-20T12:53:33+00:00\",\"dateModified\":\"2020-04-06T20:32:23+00:00\",\"mainEntityOfPage\":{\"@id\":\"https:\/\/orthodoxalbania.org\/2020\/2013\/03\/20\/kryepiskopi-anastas-mes-besimtareve-ne-gjirokaster-per-fjetjen-e-tereshenjtes-le-te-mbushe-e-tereshenjta-mari-zemrat-tona-me-gezim-dhe-hare\/\"},\"wordCount\":1379,\"commentCount\":0,\"publisher\":{\"@id\":\"https:\/\/orthodoxalbania.org\/2020\/#organization\"},\"image\":{\"@id\":\"https:\/\/orthodoxalbania.org\/2020\/2013\/03\/20\/kryepiskopi-anastas-mes-besimtareve-ne-gjirokaster-per-fjetjen-e-tereshenjtes-le-te-mbushe-e-tereshenjta-mari-zemrat-tona-me-gezim-dhe-hare\/#primaryimage\"},\"thumbnailUrl\":\"https:\/\/lh6.googleusercontent.com\/-ja5gDmfNhxg\/VKz-MBcExlI\/AAAAAAAAKNo\/ibJPM4UVk2Q\/w640-h480-no\/5.jpg\",\"keywords\":[\"2010\",\"Kryepiskopata Tiran\u00eb\",\"Kryepiskopi Anastas\",\"lajme\",\"Mitropolia Gjirokast\u00ebr\"],\"articleSection\":[\"Lajme\"],\"inLanguage\":\"en-US\"},{\"@type\":\"WebPage\",\"@id\":\"https:\/\/orthodoxalbania.org\/2020\/2013\/03\/20\/kryepiskopi-anastas-mes-besimtareve-ne-gjirokaster-per-fjetjen-e-tereshenjtes-le-te-mbushe-e-tereshenjta-mari-zemrat-tona-me-gezim-dhe-hare\/\",\"url\":\"https:\/\/orthodoxalbania.org\/2020\/2013\/03\/20\/kryepiskopi-anastas-mes-besimtareve-ne-gjirokaster-per-fjetjen-e-tereshenjtes-le-te-mbushe-e-tereshenjta-mari-zemrat-tona-me-gezim-dhe-hare\/\",\"name\":\"Kryepiskopi Anastas mes besimtar\u00ebve n\u00eb Gjirokast\u00ebr p\u00ebr Fjetjen e T\u00ebr\u00ebshenjt\u00ebs: \u201c\u2026 Le t\u00eb mbush\u00eb e T\u00ebr\u00ebshenjta Mari zemrat tona me g\u00ebzim dhe hare\u2026\u201d. (Gusht 2010) - Kisha Orthodh\u03bfkse Autoqefale e Shqip\u00ebris\u00eb\",\"isPartOf\":{\"@id\":\"https:\/\/orthodoxalbania.org\/2020\/#website\"},\"primaryImageOfPage\":{\"@id\":\"https:\/\/orthodoxalbania.org\/2020\/2013\/03\/20\/kryepiskopi-anastas-mes-besimtareve-ne-gjirokaster-per-fjetjen-e-tereshenjtes-le-te-mbushe-e-tereshenjta-mari-zemrat-tona-me-gezim-dhe-hare\/#primaryimage\"},\"image\":{\"@id\":\"https:\/\/orthodoxalbania.org\/2020\/2013\/03\/20\/kryepiskopi-anastas-mes-besimtareve-ne-gjirokaster-per-fjetjen-e-tereshenjtes-le-te-mbushe-e-tereshenjta-mari-zemrat-tona-me-gezim-dhe-hare\/#primaryimage\"},\"thumbnailUrl\":\"https:\/\/lh6.googleusercontent.com\/-ja5gDmfNhxg\/VKz-MBcExlI\/AAAAAAAAKNo\/ibJPM4UVk2Q\/w640-h480-no\/5.jpg\",\"datePublished\":\"2013-03-20T12:53:33+00:00\",\"dateModified\":\"2020-04-06T20:32:23+00:00\",\"breadcrumb\":{\"@id\":\"https:\/\/orthodoxalbania.org\/2020\/2013\/03\/20\/kryepiskopi-anastas-mes-besimtareve-ne-gjirokaster-per-fjetjen-e-tereshenjtes-le-te-mbushe-e-tereshenjta-mari-zemrat-tona-me-gezim-dhe-hare\/#breadcrumb\"},\"inLanguage\":\"en-US\",\"potentialAction\":[{\"@type\":\"ReadAction\",\"target\":[\"https:\/\/orthodoxalbania.org\/2020\/2013\/03\/20\/kryepiskopi-anastas-mes-besimtareve-ne-gjirokaster-per-fjetjen-e-tereshenjtes-le-te-mbushe-e-tereshenjta-mari-zemrat-tona-me-gezim-dhe-hare\/\"]}]},{\"@type\":\"ImageObject\",\"inLanguage\":\"en-US\",\"@id\":\"https:\/\/orthodoxalbania.org\/2020\/2013\/03\/20\/kryepiskopi-anastas-mes-besimtareve-ne-gjirokaster-per-fjetjen-e-tereshenjtes-le-te-mbushe-e-tereshenjta-mari-zemrat-tona-me-gezim-dhe-hare\/#primaryimage\",\"url\":\"https:\/\/lh6.googleusercontent.com\/-ja5gDmfNhxg\/VKz-MBcExlI\/AAAAAAAAKNo\/ibJPM4UVk2Q\/w640-h480-no\/5.jpg\",\"contentUrl\":\"https:\/\/lh6.googleusercontent.com\/-ja5gDmfNhxg\/VKz-MBcExlI\/AAAAAAAAKNo\/ibJPM4UVk2Q\/w640-h480-no\/5.jpg\"},{\"@type\":\"BreadcrumbList\",\"@id\":\"https:\/\/orthodoxalbania.org\/2020\/2013\/03\/20\/kryepiskopi-anastas-mes-besimtareve-ne-gjirokaster-per-fjetjen-e-tereshenjtes-le-te-mbushe-e-tereshenjta-mari-zemrat-tona-me-gezim-dhe-hare\/#breadcrumb\",\"itemListElement\":[{\"@type\":\"ListItem\",\"position\":1,\"name\":\"Home\",\"item\":\"https:\/\/orthodoxalbania.org\/2020\/\"},{\"@type\":\"ListItem\",\"position\":2,\"name\":\"Kryepiskopi Anastas mes besimtar\u00ebve n\u00eb Gjirokast\u00ebr p\u00ebr Fjetjen e T\u00ebr\u00ebshenjt\u00ebs: \u201c\u2026 Le t\u00eb mbush\u00eb e T\u00ebr\u00ebshenjta Mari zemrat tona me g\u00ebzim dhe hare\u2026\u201d. (Gusht 2010)\"}]},{\"@type\":\"WebSite\",\"@id\":\"https:\/\/orthodoxalbania.org\/2020\/#website\",\"url\":\"https:\/\/orthodoxalbania.org\/2020\/\",\"name\":\"Kisha Orthodh\u03bfkse Autoqefale e Shqip\u00ebris\u00eb\",\"description\":\"Fqja Zyrtare e Kish\u00ebs Orthodhokse Autoqefale e Shqip\u00ebris\u00eb me lajmet edhe informacionet zyrtare p\u00ebr struktur\u00ebn edhe veprimtarin e saj.\",\"publisher\":{\"@id\":\"https:\/\/orthodoxalbania.org\/2020\/#organization\"},\"potentialAction\":[{\"@type\":\"SearchAction\",\"target\":{\"@type\":\"EntryPoint\",\"urlTemplate\":\"https:\/\/orthodoxalbania.org\/2020\/?s={search_term_string}\"},\"query-input\":{\"@type\":\"PropertyValueSpecification\",\"valueRequired\":true,\"valueName\":\"search_term_string\"}}],\"inLanguage\":\"en-US\"},{\"@type\":\"Organization\",\"@id\":\"https:\/\/orthodoxalbania.org\/2020\/#organization\",\"name\":\"Kisha Orthodhokse Autoqefale e Shqip\u00ebris\u00eb\",\"url\":\"https:\/\/orthodoxalbania.org\/2020\/\",\"logo\":{\"@type\":\"ImageObject\",\"inLanguage\":\"en-US\",\"@id\":\"https:\/\/orthodoxalbania.org\/2020\/#\/schema\/logo\/image\/\",\"url\":\"https:\/\/orthodoxalbania.org\/2020\/wp-content\/uploads\/2020\/05\/albania.jpeg\",\"contentUrl\":\"https:\/\/orthodoxalbania.org\/2020\/wp-content\/uploads\/2020\/05\/albania.jpeg\",\"width\":540,\"height\":540,\"caption\":\"Kisha Orthodhokse Autoqefale e Shqip\u00ebris\u00eb\"},\"image\":{\"@id\":\"https:\/\/orthodoxalbania.org\/2020\/#\/schema\/logo\/image\/\"},\"sameAs\":[\"https:\/\/www.facebook.com\/koash1991\"]},{\"@type\":\"Person\",\"@id\":\"https:\/\/orthodoxalbania.org\/2020\/#\/schema\/person\/0c387634a7063ac612d7ed9ce71c7e86\",\"name\":\"Kisha Orthodhokse\",\"image\":{\"@type\":\"ImageObject\",\"inLanguage\":\"en-US\",\"@id\":\"https:\/\/secure.gravatar.com\/avatar\/596e7c417251e30f2fbb9c00e026fce61a695a00e51c889caded71c96cbbdde5?s=96&d=mm&r=g\",\"url\":\"https:\/\/secure.gravatar.com\/avatar\/596e7c417251e30f2fbb9c00e026fce61a695a00e51c889caded71c96cbbdde5?s=96&d=mm&r=g\",\"contentUrl\":\"https:\/\/secure.gravatar.com\/avatar\/596e7c417251e30f2fbb9c00e026fce61a695a00e51c889caded71c96cbbdde5?s=96&d=mm&r=g\",\"caption\":\"Kisha Orthodhokse\"}}]}<\/script>\n<!-- \/ Yoast SEO plugin. -->","yoast_head_json":{"title":"Kryepiskopi Anastas mes besimtar\u00ebve n\u00eb Gjirokast\u00ebr p\u00ebr Fjetjen e T\u00ebr\u00ebshenjt\u00ebs: \u201c\u2026 Le t\u00eb mbush\u00eb e T\u00ebr\u00ebshenjta Mari zemrat tona me g\u00ebzim dhe hare\u2026\u201d. (Gusht 2010) - Kisha Orthodh\u03bfkse Autoqefale e Shqip\u00ebris\u00eb","robots":{"index":"index","follow":"follow","max-snippet":"max-snippet:-1","max-image-preview":"max-image-preview:large","max-video-preview":"max-video-preview:-1"},"canonical":"https:\/\/orthodoxalbania.org\/2020\/2013\/03\/20\/kryepiskopi-anastas-mes-besimtareve-ne-gjirokaster-per-fjetjen-e-tereshenjtes-le-te-mbushe-e-tereshenjta-mari-zemrat-tona-me-gezim-dhe-hare\/","og_locale":"en_US","og_type":"article","og_title":"Kryepiskopi Anastas mes besimtar\u00ebve n\u00eb Gjirokast\u00ebr p\u00ebr Fjetjen e T\u00ebr\u00ebshenjt\u00ebs: \u201c\u2026 Le t\u00eb mbush\u00eb e T\u00ebr\u00ebshenjta Mari zemrat tona me g\u00ebzim dhe hare\u2026\u201d. (Gusht 2010) - Kisha Orthodh\u03bfkse Autoqefale e Shqip\u00ebris\u00eb","og_description":"&nbsp;&nbsp;&nbsp; Duke l\u00ebn\u00eb Tiran\u00ebn, apo enori t\u00eb m\u00ebdha qytetesh, dhe duke treguar edhe nj\u00eb her\u00eb tjet\u00ebr n\u00eb fakt kujdesin p\u00ebr gjith\u00eb Kish\u00ebn, t\u00eb cil\u00ebs i ka falur gjith\u00eb dashurin\u00eb, mundin dhe koh\u00ebn e tij p\u00ebr 19 vjet me radh\u00eb, edhe k\u00ebt\u00eb vit Kryepiskopi Anastas zgjodhi t\u00eb kremtoj\u00eb Fjetjen e s\u00eb T\u00ebr\u00ebshenjt\u00ebs Mari n\u00eb periferi. Fortlumturia e Tij n\u00eb atmosfer\u00ebn e bukur q\u00eb krijon kjo e","og_url":"https:\/\/orthodoxalbania.org\/2020\/2013\/03\/20\/kryepiskopi-anastas-mes-besimtareve-ne-gjirokaster-per-fjetjen-e-tereshenjtes-le-te-mbushe-e-tereshenjta-mari-zemrat-tona-me-gezim-dhe-hare\/","og_site_name":"Kisha Orthodh\u03bfkse Autoqefale e Shqip\u00ebris\u00eb","article_publisher":"https:\/\/www.facebook.com\/koash1991","article_published_time":"2013-03-20T12:53:33+00:00","article_modified_time":"2020-04-06T20:32:23+00:00","og_image":[{"url":"https:\/\/lh6.googleusercontent.com\/-ja5gDmfNhxg\/VKz-MBcExlI\/AAAAAAAAKNo\/ibJPM4UVk2Q\/w640-h480-no\/5.jpg","type":"","width":"","height":""}],"author":"Kisha Orthodhokse","twitter_card":"summary_large_image","twitter_misc":{"Written by":"Kisha Orthodhokse","Est. reading time":"7 minutes"},"schema":{"@context":"https:\/\/schema.org","@graph":[{"@type":"Article","@id":"https:\/\/orthodoxalbania.org\/2020\/2013\/03\/20\/kryepiskopi-anastas-mes-besimtareve-ne-gjirokaster-per-fjetjen-e-tereshenjtes-le-te-mbushe-e-tereshenjta-mari-zemrat-tona-me-gezim-dhe-hare\/#article","isPartOf":{"@id":"https:\/\/orthodoxalbania.org\/2020\/2013\/03\/20\/kryepiskopi-anastas-mes-besimtareve-ne-gjirokaster-per-fjetjen-e-tereshenjtes-le-te-mbushe-e-tereshenjta-mari-zemrat-tona-me-gezim-dhe-hare\/"},"author":{"name":"Kisha Orthodhokse","@id":"https:\/\/orthodoxalbania.org\/2020\/#\/schema\/person\/0c387634a7063ac612d7ed9ce71c7e86"},"headline":"Kryepiskopi Anastas mes besimtar\u00ebve n\u00eb Gjirokast\u00ebr p\u00ebr Fjetjen e T\u00ebr\u00ebshenjt\u00ebs: \u201c\u2026 Le t\u00eb mbush\u00eb e T\u00ebr\u00ebshenjta Mari zemrat tona me g\u00ebzim dhe hare\u2026\u201d. (Gusht 2010)","datePublished":"2013-03-20T12:53:33+00:00","dateModified":"2020-04-06T20:32:23+00:00","mainEntityOfPage":{"@id":"https:\/\/orthodoxalbania.org\/2020\/2013\/03\/20\/kryepiskopi-anastas-mes-besimtareve-ne-gjirokaster-per-fjetjen-e-tereshenjtes-le-te-mbushe-e-tereshenjta-mari-zemrat-tona-me-gezim-dhe-hare\/"},"wordCount":1379,"commentCount":0,"publisher":{"@id":"https:\/\/orthodoxalbania.org\/2020\/#organization"},"image":{"@id":"https:\/\/orthodoxalbania.org\/2020\/2013\/03\/20\/kryepiskopi-anastas-mes-besimtareve-ne-gjirokaster-per-fjetjen-e-tereshenjtes-le-te-mbushe-e-tereshenjta-mari-zemrat-tona-me-gezim-dhe-hare\/#primaryimage"},"thumbnailUrl":"https:\/\/lh6.googleusercontent.com\/-ja5gDmfNhxg\/VKz-MBcExlI\/AAAAAAAAKNo\/ibJPM4UVk2Q\/w640-h480-no\/5.jpg","keywords":["2010","Kryepiskopata Tiran\u00eb","Kryepiskopi Anastas","lajme","Mitropolia Gjirokast\u00ebr"],"articleSection":["Lajme"],"inLanguage":"en-US"},{"@type":"WebPage","@id":"https:\/\/orthodoxalbania.org\/2020\/2013\/03\/20\/kryepiskopi-anastas-mes-besimtareve-ne-gjirokaster-per-fjetjen-e-tereshenjtes-le-te-mbushe-e-tereshenjta-mari-zemrat-tona-me-gezim-dhe-hare\/","url":"https:\/\/orthodoxalbania.org\/2020\/2013\/03\/20\/kryepiskopi-anastas-mes-besimtareve-ne-gjirokaster-per-fjetjen-e-tereshenjtes-le-te-mbushe-e-tereshenjta-mari-zemrat-tona-me-gezim-dhe-hare\/","name":"Kryepiskopi Anastas mes besimtar\u00ebve n\u00eb Gjirokast\u00ebr p\u00ebr Fjetjen e T\u00ebr\u00ebshenjt\u00ebs: \u201c\u2026 Le t\u00eb mbush\u00eb e T\u00ebr\u00ebshenjta Mari zemrat tona me g\u00ebzim dhe hare\u2026\u201d. (Gusht 2010) - Kisha Orthodh\u03bfkse Autoqefale e Shqip\u00ebris\u00eb","isPartOf":{"@id":"https:\/\/orthodoxalbania.org\/2020\/#website"},"primaryImageOfPage":{"@id":"https:\/\/orthodoxalbania.org\/2020\/2013\/03\/20\/kryepiskopi-anastas-mes-besimtareve-ne-gjirokaster-per-fjetjen-e-tereshenjtes-le-te-mbushe-e-tereshenjta-mari-zemrat-tona-me-gezim-dhe-hare\/#primaryimage"},"image":{"@id":"https:\/\/orthodoxalbania.org\/2020\/2013\/03\/20\/kryepiskopi-anastas-mes-besimtareve-ne-gjirokaster-per-fjetjen-e-tereshenjtes-le-te-mbushe-e-tereshenjta-mari-zemrat-tona-me-gezim-dhe-hare\/#primaryimage"},"thumbnailUrl":"https:\/\/lh6.googleusercontent.com\/-ja5gDmfNhxg\/VKz-MBcExlI\/AAAAAAAAKNo\/ibJPM4UVk2Q\/w640-h480-no\/5.jpg","datePublished":"2013-03-20T12:53:33+00:00","dateModified":"2020-04-06T20:32:23+00:00","breadcrumb":{"@id":"https:\/\/orthodoxalbania.org\/2020\/2013\/03\/20\/kryepiskopi-anastas-mes-besimtareve-ne-gjirokaster-per-fjetjen-e-tereshenjtes-le-te-mbushe-e-tereshenjta-mari-zemrat-tona-me-gezim-dhe-hare\/#breadcrumb"},"inLanguage":"en-US","potentialAction":[{"@type":"ReadAction","target":["https:\/\/orthodoxalbania.org\/2020\/2013\/03\/20\/kryepiskopi-anastas-mes-besimtareve-ne-gjirokaster-per-fjetjen-e-tereshenjtes-le-te-mbushe-e-tereshenjta-mari-zemrat-tona-me-gezim-dhe-hare\/"]}]},{"@type":"ImageObject","inLanguage":"en-US","@id":"https:\/\/orthodoxalbania.org\/2020\/2013\/03\/20\/kryepiskopi-anastas-mes-besimtareve-ne-gjirokaster-per-fjetjen-e-tereshenjtes-le-te-mbushe-e-tereshenjta-mari-zemrat-tona-me-gezim-dhe-hare\/#primaryimage","url":"https:\/\/lh6.googleusercontent.com\/-ja5gDmfNhxg\/VKz-MBcExlI\/AAAAAAAAKNo\/ibJPM4UVk2Q\/w640-h480-no\/5.jpg","contentUrl":"https:\/\/lh6.googleusercontent.com\/-ja5gDmfNhxg\/VKz-MBcExlI\/AAAAAAAAKNo\/ibJPM4UVk2Q\/w640-h480-no\/5.jpg"},{"@type":"BreadcrumbList","@id":"https:\/\/orthodoxalbania.org\/2020\/2013\/03\/20\/kryepiskopi-anastas-mes-besimtareve-ne-gjirokaster-per-fjetjen-e-tereshenjtes-le-te-mbushe-e-tereshenjta-mari-zemrat-tona-me-gezim-dhe-hare\/#breadcrumb","itemListElement":[{"@type":"ListItem","position":1,"name":"Home","item":"https:\/\/orthodoxalbania.org\/2020\/"},{"@type":"ListItem","position":2,"name":"Kryepiskopi Anastas mes besimtar\u00ebve n\u00eb Gjirokast\u00ebr p\u00ebr Fjetjen e T\u00ebr\u00ebshenjt\u00ebs: \u201c\u2026 Le t\u00eb mbush\u00eb e T\u00ebr\u00ebshenjta Mari zemrat tona me g\u00ebzim dhe hare\u2026\u201d. (Gusht 2010)"}]},{"@type":"WebSite","@id":"https:\/\/orthodoxalbania.org\/2020\/#website","url":"https:\/\/orthodoxalbania.org\/2020\/","name":"Kisha Orthodh\u03bfkse Autoqefale e Shqip\u00ebris\u00eb","description":"Fqja Zyrtare e Kish\u00ebs Orthodhokse Autoqefale e Shqip\u00ebris\u00eb me lajmet edhe informacionet zyrtare p\u00ebr struktur\u00ebn edhe veprimtarin e saj.","publisher":{"@id":"https:\/\/orthodoxalbania.org\/2020\/#organization"},"potentialAction":[{"@type":"SearchAction","target":{"@type":"EntryPoint","urlTemplate":"https:\/\/orthodoxalbania.org\/2020\/?s={search_term_string}"},"query-input":{"@type":"PropertyValueSpecification","valueRequired":true,"valueName":"search_term_string"}}],"inLanguage":"en-US"},{"@type":"Organization","@id":"https:\/\/orthodoxalbania.org\/2020\/#organization","name":"Kisha Orthodhokse Autoqefale e Shqip\u00ebris\u00eb","url":"https:\/\/orthodoxalbania.org\/2020\/","logo":{"@type":"ImageObject","inLanguage":"en-US","@id":"https:\/\/orthodoxalbania.org\/2020\/#\/schema\/logo\/image\/","url":"https:\/\/orthodoxalbania.org\/2020\/wp-content\/uploads\/2020\/05\/albania.jpeg","contentUrl":"https:\/\/orthodoxalbania.org\/2020\/wp-content\/uploads\/2020\/05\/albania.jpeg","width":540,"height":540,"caption":"Kisha Orthodhokse Autoqefale e Shqip\u00ebris\u00eb"},"image":{"@id":"https:\/\/orthodoxalbania.org\/2020\/#\/schema\/logo\/image\/"},"sameAs":["https:\/\/www.facebook.com\/koash1991"]},{"@type":"Person","@id":"https:\/\/orthodoxalbania.org\/2020\/#\/schema\/person\/0c387634a7063ac612d7ed9ce71c7e86","name":"Kisha Orthodhokse","image":{"@type":"ImageObject","inLanguage":"en-US","@id":"https:\/\/secure.gravatar.com\/avatar\/596e7c417251e30f2fbb9c00e026fce61a695a00e51c889caded71c96cbbdde5?s=96&d=mm&r=g","url":"https:\/\/secure.gravatar.com\/avatar\/596e7c417251e30f2fbb9c00e026fce61a695a00e51c889caded71c96cbbdde5?s=96&d=mm&r=g","contentUrl":"https:\/\/secure.gravatar.com\/avatar\/596e7c417251e30f2fbb9c00e026fce61a695a00e51c889caded71c96cbbdde5?s=96&d=mm&r=g","caption":"Kisha Orthodhokse"}}]}},"_links":{"self":[{"href":"https:\/\/orthodoxalbania.org\/2020\/wp-json\/wp\/v2\/posts\/878","targetHints":{"allow":["GET"]}}],"collection":[{"href":"https:\/\/orthodoxalbania.org\/2020\/wp-json\/wp\/v2\/posts"}],"about":[{"href":"https:\/\/orthodoxalbania.org\/2020\/wp-json\/wp\/v2\/types\/post"}],"author":[{"embeddable":true,"href":"https:\/\/orthodoxalbania.org\/2020\/wp-json\/wp\/v2\/users\/1"}],"replies":[{"embeddable":true,"href":"https:\/\/orthodoxalbania.org\/2020\/wp-json\/wp\/v2\/comments?post=878"}],"version-history":[{"count":1,"href":"https:\/\/orthodoxalbania.org\/2020\/wp-json\/wp\/v2\/posts\/878\/revisions"}],"predecessor-version":[{"id":15484,"href":"https:\/\/orthodoxalbania.org\/2020\/wp-json\/wp\/v2\/posts\/878\/revisions\/15484"}],"wp:attachment":[{"href":"https:\/\/orthodoxalbania.org\/2020\/wp-json\/wp\/v2\/media?parent=878"}],"wp:term":[{"taxonomy":"category","embeddable":true,"href":"https:\/\/orthodoxalbania.org\/2020\/wp-json\/wp\/v2\/categories?post=878"},{"taxonomy":"post_tag","embeddable":true,"href":"https:\/\/orthodoxalbania.org\/2020\/wp-json\/wp\/v2\/tags?post=878"}],"curies":[{"name":"wp","href":"https:\/\/api.w.org\/{rel}","templated":true}]}}