{"id":877,"date":"2006-02-27T08:24:46","date_gmt":"2006-02-27T08:24:46","guid":{"rendered":""},"modified":"2020-04-06T22:35:55","modified_gmt":"2020-04-06T20:35:55","slug":"kryepiskopi-anastas-me-te-rinjte-othodhokse-te-kryeqytetit-mars-06","status":"publish","type":"post","link":"https:\/\/orthodoxalbania.org\/2020\/2006\/02\/27\/kryepiskopi-anastas-me-te-rinjte-othodhokse-te-kryeqytetit-mars-06\/","title":{"rendered":"Kryepiskopi Anastas me t\u00eb rinjt\u00eb othodhoks\u00eb t\u00eb kryeqytetit. (5 Mars 2006)"},"content":{"rendered":"<p><img decoding=\"async\" class=\"lazyload HAa Eha\" style=\"border-width: 1px; border-style: solid; height: 208px; width: 350px; margin: 10px auto; display: block;\" alt=\"\" src=\"data:image\/gif;base64,R0lGODlhAQABAAAAACH5BAEKAAEALAAAAAABAAEAAAICTAEAOw==\" data-orig-src=\"https:\/\/lh6.googleusercontent.com\/-oF7u7Bg5mRU\/VIbPHukGvlI\/AAAAAAAAFQs\/cZ-sLtFdR6w\/w448-h266-no\/AAyouth.jpg\" \/><\/p>\n<div style=\"text-align: justify;\">&nbsp;<\/div>\n<div style=\"text-align: justify;\"><span style=\"color: #000000;\"><span style=\"font-family: tahoma,geneva,sans-serif;\"><span style=\"font-size: 12px;\">&nbsp;&nbsp; &#8220;Kemi hyr\u00eb n\u00eb Kreshm\u00ebn e Madhe. \u00cbsht\u00eb nj\u00eb periudh\u00eb q\u00eb duhet ta jetojm\u00eb n\u00eb m\u00ebnyr\u00ebn e drejt\u00eb&#8221;. Me k\u00ebt\u00eb mesazh iu drejtua Kryepiskopi Anastas t\u00eb rinjve orthodhoks\u00eb t\u00eb Tiran\u00ebs, n\u00eb takimin q\u00eb u zhvillua n\u00eb qendr\u00ebn rinore &#8220;Bethlehem&#8221;, mbr\u00ebmjen e 5 marsit. Kjo veprimtari ishte konceptuar n\u00eb form\u00ebn e nj\u00eb bisede t\u00eb lir\u00eb, ku t\u00eb rinjt\u00eb dhan\u00eb p\u00ebrvoj\u00ebn e tyre n\u00eb realizimin e programeve dhe veprimtarive q\u00eb organizon Kisha jon\u00eb brenda dhe jasht\u00eb vendit. Kryepiskopi u interesua p\u00ebr ecurin\u00eb e pun\u00ebs me student\u00ebt e Universitetit t\u00eb Tiran\u00ebs, q\u00eb banojn\u00eb n\u00eb Qytetin Studenti, si edhe me t\u00eb rinjt\u00eb aktivist\u00eb t\u00eb kryeqytetit, t\u00eb cil\u00ebt e zhvillojn\u00eb veprimtarit\u00eb e tyre n\u00eb qendr\u00ebn &#8220;Bethlehem&#8221;.<\/span><\/span><\/span><\/div>\n<div style=\"text-align: justify;\">&nbsp;<\/div>\n<div style=\"text-align: justify;\"><span style=\"color: #000000;\"><span style=\"font-family: tahoma,geneva,sans-serif;\"><span style=\"font-size: 12px;\">&nbsp;&nbsp; Gjat\u00eb bashk\u00ebbisedimit, Kryepiskopi foli edhe p\u00ebr r\u00ebnd\u00ebsin\u00eb e kreshm\u00ebs n\u00eb jet\u00ebn ton\u00eb shpirt\u00ebrore: &#8220;Sikund\u00ebr t\u00eb gjitha troparet e theksojn\u00eb, nuk duhet t\u00eb kufizohet kreshma thjesht n\u00eb \u00e7\u00ebshtjen e ushqimit, por duhet t\u00eb shtrihet dhe t\u00eb zgjerohet&nbsp; edhe n\u00eb shum\u00eb gj\u00ebra t\u00eb tjera. Pra, duhet t\u00eb b\u00ebhet kreshm\u00eb n\u00eb sy, n\u00eb vesh\u00eb, me goj\u00eb, n\u00eb fantazi, n\u00eb zem\u00ebrimin q\u00eb ne ushqejm\u00eb dhe n\u00eb shum\u00eb gj\u00ebra t\u00eb tjera, t\u00eb cilat na ndyjn\u00eb m\u00eb tep\u00ebr se sa e b\u00ebjn\u00eb k\u00ebt\u00eb ushqimet q\u00eb ndalohen n\u00eb k\u00ebt\u00eb periudh\u00eb. Kjo \u00ebsht\u00eb nj\u00eb koh\u00eb pune shpirt\u00ebrore dhe t\u00eb gjith\u00eb ne duhet ta g\u00ebzojm\u00eb, sepse Zoti na fton t\u00eb transformohemi me an\u00eb t\u00eb hirit t\u00eb Tij.&#8221;<\/span><\/span><\/span><\/div>\n<div style=\"text-align: justify;\">&nbsp;<\/div>\n<div style=\"text-align: justify;\"><span style=\"color: #000000;\"><span style=\"font-family: tahoma,geneva,sans-serif;\"><span style=\"font-size: 12px;\">&nbsp;&nbsp; Gjithashtu Kryepiskopi theksoi r\u00ebnd\u00ebsin\u00eb e takimeve shpirt\u00ebrore. &#8220;N\u00eb k\u00ebt\u00eb periudh\u00eb duhet t&#8217;i jepni m\u00eb shum\u00eb r\u00ebnd\u00ebsi faktit q\u00eb t\u00eb merrni pjes\u00eb n\u00eb takimet shpirt\u00ebrore dhe n\u00eb \u00e7do gj\u00eb q\u00eb kontribuon n\u00eb rip\u00ebrt\u00ebritjen tuaj shpirt\u00ebrore. Kemi edhe shum\u00eb rrug\u00eb t\u00eb gjat\u00eb p\u00ebr t\u00eb b\u00ebr\u00eb. Nuk mund t\u00eb shkojm\u00eb n\u00eb maj\u00ebn e nj\u00eb mali t\u00eb lart\u00eb vet\u00ebm duke b\u00ebr\u00eb disa hapa. Tani q\u00eb jeni t\u00eb rinj duhet t\u00eb b\u00ebni nj\u00eb p\u00ebrpjekje m\u00eb t\u00eb madhe. Ajo q\u00eb na k\u00ebrkon Zoti nuk \u00ebsht\u00eb di\u00e7ka e vog\u00ebl. Ai na k\u00ebrkon zemr\u00ebn. Edhe sikur kjo t\u00eb duket e tepruar, ai na k\u00ebrkon q\u00eb gjithsecili nga ne t\u00eb b\u00ebj\u00eb p\u00ebrpara drejt shenjt\u00ebrimit. Ky \u00ebsht\u00eb q\u00ebllimi q\u00eb ne i kemi v\u00ebn\u00eb vetes dhe gjithsecili nga ne kur lart\u00ebsohet shpirt\u00ebrisht, t\u00ebrheq me vete gjith\u00eb shoq\u00ebrin\u00eb e tij; t\u00ebrheq me vete mbar\u00eb Kish\u00ebn. T\u00ebrheq mbar\u00eb bot\u00ebn ku ai ndodhet.&#8221;<\/span><\/span><\/span><\/div>\n<div style=\"text-align: justify;\">&nbsp;<\/div>\n<div style=\"text-align: justify;\"><span style=\"color: #000000;\"><span style=\"font-family: tahoma,geneva,sans-serif;\"><span style=\"font-size: 12px;\">&nbsp;&nbsp; &#8220;Le t\u00eb g\u00ebzojm\u00eb k\u00ebt\u00eb periudh\u00eb kaq t\u00eb madhe me m\u00eb tep\u00ebr lutje dhe autokritik\u00eb, duke pasur m\u00eb tep\u00ebr dhembshuri dhe kuptim p\u00ebr njeri-tjetrin. N\u00eb detyrat tona t\u00eb kemi sa m\u00eb shum\u00eb paqe dhe g\u00ebzim p\u00ebr kryerjen e tyre&#8221; \u2013e mbylli fjal\u00ebn e tij Kryepiskopi Anastas.<\/span><\/span><\/span><\/div>\n<div style=\"margin-left: 4.5in; text-align: justify;\">&nbsp;<\/div>\n<div style=\"margin-left: 4.5in; text-align: justify;\"><span style=\"color: #000000;\"><span style=\"font-family: tahoma,geneva,sans-serif;\"><span style=\"font-size: 12px;\">&nbsp;&nbsp;&nbsp;&nbsp;&nbsp;&nbsp;&nbsp;&nbsp;&nbsp;&nbsp;&nbsp;&nbsp;&nbsp;&nbsp;&nbsp;&nbsp;&nbsp;&nbsp;&nbsp;&nbsp;&nbsp;&nbsp;&nbsp;&nbsp;&nbsp;&nbsp; <\/span><\/span><\/span><\/div>\n<div style=\"margin-left: 4.5in; text-align: right;\"><span style=\"color: #000000;\"><span style=\"font-family: tahoma,geneva,sans-serif;\"><span style=\"font-size: 12px;\">Isidor&nbsp;Koti<\/span><\/span><\/span><\/div>\n","protected":false},"excerpt":{"rendered":"<p>&nbsp; &nbsp;&nbsp; &#8220;Kemi hyr\u00eb n\u00eb Kreshm\u00ebn e Madhe. \u00cbsht\u00eb nj\u00eb periudh\u00eb q\u00eb duhet ta jetojm\u00eb n\u00eb m\u00ebnyr\u00ebn e drejt\u00eb&#8221;. Me k\u00ebt\u00eb mesazh iu drejtua Kryepiskopi Anastas t\u00eb rinjve orthodhoks\u00eb t\u00eb Tiran\u00ebs, n\u00eb takimin q\u00eb u zhvillua n\u00eb qendr\u00ebn rinore &#8220;Bethlehem&#8221;, mbr\u00ebmjen e 5 marsit. Kjo veprimtari ishte konceptuar n\u00eb form\u00ebn e nj\u00eb bisede t\u00eb lir\u00eb, ku t\u00eb rinjt\u00eb dhan\u00eb p\u00ebrvoj\u00ebn e tyre n\u00eb realizimin e<\/p>\n","protected":false},"author":1,"featured_media":0,"comment_status":"open","ping_status":"open","sticky":false,"template":"","format":"standard","meta":{"_acf_changed":false,"pagelayer_contact_templates":[],"_pagelayer_content":"","inline_featured_image":false,"fifu_image_url":"","fifu_image_alt":"","footnotes":""},"categories":[108],"tags":[148,196,201,212,176],"class_list":["post-877","post","type-post","status-publish","format-standard","hentry","category-lajme","tag-148","tag-tirane","tag-kryepiskopi-anastas","tag-lajme-d27","tag-rinia-orthodhokse"],"acf":[],"yoast_head":"<!-- This site is optimized with the Yoast SEO plugin v27.2 - https:\/\/yoast.com\/product\/yoast-seo-wordpress\/ -->\n<title>Kryepiskopi Anastas me t\u00eb rinjt\u00eb othodhoks\u00eb t\u00eb kryeqytetit. (5 Mars 2006) - Kisha Orthodh\u03bfkse Autoqefale e Shqip\u00ebris\u00eb<\/title>\n<meta name=\"robots\" content=\"index, follow, max-snippet:-1, max-image-preview:large, max-video-preview:-1\" \/>\n<link rel=\"canonical\" href=\"https:\/\/orthodoxalbania.org\/2020\/2006\/02\/27\/kryepiskopi-anastas-me-te-rinjte-othodhokse-te-kryeqytetit-mars-06\/\" \/>\n<meta property=\"og:locale\" content=\"en_US\" \/>\n<meta property=\"og:type\" content=\"article\" \/>\n<meta property=\"og:title\" content=\"Kryepiskopi Anastas me t\u00eb rinjt\u00eb othodhoks\u00eb t\u00eb kryeqytetit. (5 Mars 2006) - Kisha Orthodh\u03bfkse Autoqefale e Shqip\u00ebris\u00eb\" \/>\n<meta property=\"og:description\" content=\"&nbsp; &nbsp;&nbsp; &#8220;Kemi hyr\u00eb n\u00eb Kreshm\u00ebn e Madhe. \u00cbsht\u00eb nj\u00eb periudh\u00eb q\u00eb duhet ta jetojm\u00eb n\u00eb m\u00ebnyr\u00ebn e drejt\u00eb&#8221;. Me k\u00ebt\u00eb mesazh iu drejtua Kryepiskopi Anastas t\u00eb rinjve orthodhoks\u00eb t\u00eb Tiran\u00ebs, n\u00eb takimin q\u00eb u zhvillua n\u00eb qendr\u00ebn rinore &#8220;Bethlehem&#8221;, mbr\u00ebmjen e 5 marsit. Kjo veprimtari ishte konceptuar n\u00eb form\u00ebn e nj\u00eb bisede t\u00eb lir\u00eb, ku t\u00eb rinjt\u00eb dhan\u00eb p\u00ebrvoj\u00ebn e tyre n\u00eb realizimin e\" \/>\n<meta property=\"og:url\" content=\"https:\/\/orthodoxalbania.org\/2020\/2006\/02\/27\/kryepiskopi-anastas-me-te-rinjte-othodhokse-te-kryeqytetit-mars-06\/\" \/>\n<meta property=\"og:site_name\" content=\"Kisha Orthodh\u03bfkse Autoqefale e Shqip\u00ebris\u00eb\" \/>\n<meta property=\"article:publisher\" content=\"https:\/\/www.facebook.com\/koash1991\" \/>\n<meta property=\"article:published_time\" content=\"2006-02-27T08:24:46+00:00\" \/>\n<meta property=\"article:modified_time\" content=\"2020-04-06T20:35:55+00:00\" \/>\n<meta property=\"og:image\" content=\"https:\/\/lh6.googleusercontent.com\/-oF7u7Bg5mRU\/VIbPHukGvlI\/AAAAAAAAFQs\/cZ-sLtFdR6w\/w448-h266-no\/AAyouth.jpg\" \/>\n<meta name=\"author\" content=\"Kisha Orthodhokse\" \/>\n<meta name=\"twitter:card\" content=\"summary_large_image\" \/>\n<meta name=\"twitter:label1\" content=\"Written by\" \/>\n\t<meta name=\"twitter:data1\" content=\"Kisha Orthodhokse\" \/>\n\t<meta name=\"twitter:label2\" content=\"Est. reading time\" \/>\n\t<meta name=\"twitter:data2\" content=\"3 minutes\" \/>\n<script type=\"application\/ld+json\" class=\"yoast-schema-graph\">{\"@context\":\"https:\/\/schema.org\",\"@graph\":[{\"@type\":\"Article\",\"@id\":\"https:\/\/orthodoxalbania.org\/2020\/2006\/02\/27\/kryepiskopi-anastas-me-te-rinjte-othodhokse-te-kryeqytetit-mars-06\/#article\",\"isPartOf\":{\"@id\":\"https:\/\/orthodoxalbania.org\/2020\/2006\/02\/27\/kryepiskopi-anastas-me-te-rinjte-othodhokse-te-kryeqytetit-mars-06\/\"},\"author\":{\"name\":\"Kisha Orthodhokse\",\"@id\":\"https:\/\/orthodoxalbania.org\/2020\/#\/schema\/person\/0c387634a7063ac612d7ed9ce71c7e86\"},\"headline\":\"Kryepiskopi Anastas me t\u00eb rinjt\u00eb othodhoks\u00eb t\u00eb kryeqytetit. (5 Mars 2006)\",\"datePublished\":\"2006-02-27T08:24:46+00:00\",\"dateModified\":\"2020-04-06T20:35:55+00:00\",\"mainEntityOfPage\":{\"@id\":\"https:\/\/orthodoxalbania.org\/2020\/2006\/02\/27\/kryepiskopi-anastas-me-te-rinjte-othodhokse-te-kryeqytetit-mars-06\/\"},\"wordCount\":531,\"commentCount\":0,\"publisher\":{\"@id\":\"https:\/\/orthodoxalbania.org\/2020\/#organization\"},\"image\":{\"@id\":\"https:\/\/orthodoxalbania.org\/2020\/2006\/02\/27\/kryepiskopi-anastas-me-te-rinjte-othodhokse-te-kryeqytetit-mars-06\/#primaryimage\"},\"thumbnailUrl\":\"https:\/\/lh6.googleusercontent.com\/-oF7u7Bg5mRU\/VIbPHukGvlI\/AAAAAAAAFQs\/cZ-sLtFdR6w\/w448-h266-no\/AAyouth.jpg\",\"keywords\":[\"2006\",\"Kryepiskopata Tiran\u00eb\",\"Kryepiskopi Anastas\",\"lajme\",\"Rinia Orthodhokse\"],\"articleSection\":[\"Lajme\"],\"inLanguage\":\"en-US\"},{\"@type\":\"WebPage\",\"@id\":\"https:\/\/orthodoxalbania.org\/2020\/2006\/02\/27\/kryepiskopi-anastas-me-te-rinjte-othodhokse-te-kryeqytetit-mars-06\/\",\"url\":\"https:\/\/orthodoxalbania.org\/2020\/2006\/02\/27\/kryepiskopi-anastas-me-te-rinjte-othodhokse-te-kryeqytetit-mars-06\/\",\"name\":\"Kryepiskopi Anastas me t\u00eb rinjt\u00eb othodhoks\u00eb t\u00eb kryeqytetit. (5 Mars 2006) - Kisha Orthodh\u03bfkse Autoqefale e Shqip\u00ebris\u00eb\",\"isPartOf\":{\"@id\":\"https:\/\/orthodoxalbania.org\/2020\/#website\"},\"primaryImageOfPage\":{\"@id\":\"https:\/\/orthodoxalbania.org\/2020\/2006\/02\/27\/kryepiskopi-anastas-me-te-rinjte-othodhokse-te-kryeqytetit-mars-06\/#primaryimage\"},\"image\":{\"@id\":\"https:\/\/orthodoxalbania.org\/2020\/2006\/02\/27\/kryepiskopi-anastas-me-te-rinjte-othodhokse-te-kryeqytetit-mars-06\/#primaryimage\"},\"thumbnailUrl\":\"https:\/\/lh6.googleusercontent.com\/-oF7u7Bg5mRU\/VIbPHukGvlI\/AAAAAAAAFQs\/cZ-sLtFdR6w\/w448-h266-no\/AAyouth.jpg\",\"datePublished\":\"2006-02-27T08:24:46+00:00\",\"dateModified\":\"2020-04-06T20:35:55+00:00\",\"breadcrumb\":{\"@id\":\"https:\/\/orthodoxalbania.org\/2020\/2006\/02\/27\/kryepiskopi-anastas-me-te-rinjte-othodhokse-te-kryeqytetit-mars-06\/#breadcrumb\"},\"inLanguage\":\"en-US\",\"potentialAction\":[{\"@type\":\"ReadAction\",\"target\":[\"https:\/\/orthodoxalbania.org\/2020\/2006\/02\/27\/kryepiskopi-anastas-me-te-rinjte-othodhokse-te-kryeqytetit-mars-06\/\"]}]},{\"@type\":\"ImageObject\",\"inLanguage\":\"en-US\",\"@id\":\"https:\/\/orthodoxalbania.org\/2020\/2006\/02\/27\/kryepiskopi-anastas-me-te-rinjte-othodhokse-te-kryeqytetit-mars-06\/#primaryimage\",\"url\":\"https:\/\/lh6.googleusercontent.com\/-oF7u7Bg5mRU\/VIbPHukGvlI\/AAAAAAAAFQs\/cZ-sLtFdR6w\/w448-h266-no\/AAyouth.jpg\",\"contentUrl\":\"https:\/\/lh6.googleusercontent.com\/-oF7u7Bg5mRU\/VIbPHukGvlI\/AAAAAAAAFQs\/cZ-sLtFdR6w\/w448-h266-no\/AAyouth.jpg\"},{\"@type\":\"BreadcrumbList\",\"@id\":\"https:\/\/orthodoxalbania.org\/2020\/2006\/02\/27\/kryepiskopi-anastas-me-te-rinjte-othodhokse-te-kryeqytetit-mars-06\/#breadcrumb\",\"itemListElement\":[{\"@type\":\"ListItem\",\"position\":1,\"name\":\"Home\",\"item\":\"https:\/\/orthodoxalbania.org\/2020\/\"},{\"@type\":\"ListItem\",\"position\":2,\"name\":\"Kryepiskopi Anastas me t\u00eb rinjt\u00eb othodhoks\u00eb t\u00eb kryeqytetit. (5 Mars 2006)\"}]},{\"@type\":\"WebSite\",\"@id\":\"https:\/\/orthodoxalbania.org\/2020\/#website\",\"url\":\"https:\/\/orthodoxalbania.org\/2020\/\",\"name\":\"Kisha Orthodh\u03bfkse Autoqefale e Shqip\u00ebris\u00eb\",\"description\":\"Fqja Zyrtare e Kish\u00ebs Orthodhokse Autoqefale e Shqip\u00ebris\u00eb me lajmet edhe informacionet zyrtare p\u00ebr struktur\u00ebn edhe veprimtarin e saj.\",\"publisher\":{\"@id\":\"https:\/\/orthodoxalbania.org\/2020\/#organization\"},\"potentialAction\":[{\"@type\":\"SearchAction\",\"target\":{\"@type\":\"EntryPoint\",\"urlTemplate\":\"https:\/\/orthodoxalbania.org\/2020\/?s={search_term_string}\"},\"query-input\":{\"@type\":\"PropertyValueSpecification\",\"valueRequired\":true,\"valueName\":\"search_term_string\"}}],\"inLanguage\":\"en-US\"},{\"@type\":\"Organization\",\"@id\":\"https:\/\/orthodoxalbania.org\/2020\/#organization\",\"name\":\"Kisha Orthodhokse Autoqefale e Shqip\u00ebris\u00eb\",\"url\":\"https:\/\/orthodoxalbania.org\/2020\/\",\"logo\":{\"@type\":\"ImageObject\",\"inLanguage\":\"en-US\",\"@id\":\"https:\/\/orthodoxalbania.org\/2020\/#\/schema\/logo\/image\/\",\"url\":\"https:\/\/orthodoxalbania.org\/2020\/wp-content\/uploads\/2020\/05\/albania.jpeg\",\"contentUrl\":\"https:\/\/orthodoxalbania.org\/2020\/wp-content\/uploads\/2020\/05\/albania.jpeg\",\"width\":540,\"height\":540,\"caption\":\"Kisha Orthodhokse Autoqefale e Shqip\u00ebris\u00eb\"},\"image\":{\"@id\":\"https:\/\/orthodoxalbania.org\/2020\/#\/schema\/logo\/image\/\"},\"sameAs\":[\"https:\/\/www.facebook.com\/koash1991\"]},{\"@type\":\"Person\",\"@id\":\"https:\/\/orthodoxalbania.org\/2020\/#\/schema\/person\/0c387634a7063ac612d7ed9ce71c7e86\",\"name\":\"Kisha Orthodhokse\",\"image\":{\"@type\":\"ImageObject\",\"inLanguage\":\"en-US\",\"@id\":\"https:\/\/secure.gravatar.com\/avatar\/596e7c417251e30f2fbb9c00e026fce61a695a00e51c889caded71c96cbbdde5?s=96&d=mm&r=g\",\"url\":\"https:\/\/secure.gravatar.com\/avatar\/596e7c417251e30f2fbb9c00e026fce61a695a00e51c889caded71c96cbbdde5?s=96&d=mm&r=g\",\"contentUrl\":\"https:\/\/secure.gravatar.com\/avatar\/596e7c417251e30f2fbb9c00e026fce61a695a00e51c889caded71c96cbbdde5?s=96&d=mm&r=g\",\"caption\":\"Kisha Orthodhokse\"}}]}<\/script>\n<!-- \/ Yoast SEO plugin. -->","yoast_head_json":{"title":"Kryepiskopi Anastas me t\u00eb rinjt\u00eb othodhoks\u00eb t\u00eb kryeqytetit. (5 Mars 2006) - Kisha Orthodh\u03bfkse Autoqefale e Shqip\u00ebris\u00eb","robots":{"index":"index","follow":"follow","max-snippet":"max-snippet:-1","max-image-preview":"max-image-preview:large","max-video-preview":"max-video-preview:-1"},"canonical":"https:\/\/orthodoxalbania.org\/2020\/2006\/02\/27\/kryepiskopi-anastas-me-te-rinjte-othodhokse-te-kryeqytetit-mars-06\/","og_locale":"en_US","og_type":"article","og_title":"Kryepiskopi Anastas me t\u00eb rinjt\u00eb othodhoks\u00eb t\u00eb kryeqytetit. (5 Mars 2006) - Kisha Orthodh\u03bfkse Autoqefale e Shqip\u00ebris\u00eb","og_description":"&nbsp; &nbsp;&nbsp; &#8220;Kemi hyr\u00eb n\u00eb Kreshm\u00ebn e Madhe. \u00cbsht\u00eb nj\u00eb periudh\u00eb q\u00eb duhet ta jetojm\u00eb n\u00eb m\u00ebnyr\u00ebn e drejt\u00eb&#8221;. Me k\u00ebt\u00eb mesazh iu drejtua Kryepiskopi Anastas t\u00eb rinjve orthodhoks\u00eb t\u00eb Tiran\u00ebs, n\u00eb takimin q\u00eb u zhvillua n\u00eb qendr\u00ebn rinore &#8220;Bethlehem&#8221;, mbr\u00ebmjen e 5 marsit. Kjo veprimtari ishte konceptuar n\u00eb form\u00ebn e nj\u00eb bisede t\u00eb lir\u00eb, ku t\u00eb rinjt\u00eb dhan\u00eb p\u00ebrvoj\u00ebn e tyre n\u00eb realizimin e","og_url":"https:\/\/orthodoxalbania.org\/2020\/2006\/02\/27\/kryepiskopi-anastas-me-te-rinjte-othodhokse-te-kryeqytetit-mars-06\/","og_site_name":"Kisha Orthodh\u03bfkse Autoqefale e Shqip\u00ebris\u00eb","article_publisher":"https:\/\/www.facebook.com\/koash1991","article_published_time":"2006-02-27T08:24:46+00:00","article_modified_time":"2020-04-06T20:35:55+00:00","og_image":[{"url":"https:\/\/lh6.googleusercontent.com\/-oF7u7Bg5mRU\/VIbPHukGvlI\/AAAAAAAAFQs\/cZ-sLtFdR6w\/w448-h266-no\/AAyouth.jpg","type":"","width":"","height":""}],"author":"Kisha Orthodhokse","twitter_card":"summary_large_image","twitter_misc":{"Written by":"Kisha Orthodhokse","Est. reading time":"3 minutes"},"schema":{"@context":"https:\/\/schema.org","@graph":[{"@type":"Article","@id":"https:\/\/orthodoxalbania.org\/2020\/2006\/02\/27\/kryepiskopi-anastas-me-te-rinjte-othodhokse-te-kryeqytetit-mars-06\/#article","isPartOf":{"@id":"https:\/\/orthodoxalbania.org\/2020\/2006\/02\/27\/kryepiskopi-anastas-me-te-rinjte-othodhokse-te-kryeqytetit-mars-06\/"},"author":{"name":"Kisha Orthodhokse","@id":"https:\/\/orthodoxalbania.org\/2020\/#\/schema\/person\/0c387634a7063ac612d7ed9ce71c7e86"},"headline":"Kryepiskopi Anastas me t\u00eb rinjt\u00eb othodhoks\u00eb t\u00eb kryeqytetit. (5 Mars 2006)","datePublished":"2006-02-27T08:24:46+00:00","dateModified":"2020-04-06T20:35:55+00:00","mainEntityOfPage":{"@id":"https:\/\/orthodoxalbania.org\/2020\/2006\/02\/27\/kryepiskopi-anastas-me-te-rinjte-othodhokse-te-kryeqytetit-mars-06\/"},"wordCount":531,"commentCount":0,"publisher":{"@id":"https:\/\/orthodoxalbania.org\/2020\/#organization"},"image":{"@id":"https:\/\/orthodoxalbania.org\/2020\/2006\/02\/27\/kryepiskopi-anastas-me-te-rinjte-othodhokse-te-kryeqytetit-mars-06\/#primaryimage"},"thumbnailUrl":"https:\/\/lh6.googleusercontent.com\/-oF7u7Bg5mRU\/VIbPHukGvlI\/AAAAAAAAFQs\/cZ-sLtFdR6w\/w448-h266-no\/AAyouth.jpg","keywords":["2006","Kryepiskopata Tiran\u00eb","Kryepiskopi Anastas","lajme","Rinia Orthodhokse"],"articleSection":["Lajme"],"inLanguage":"en-US"},{"@type":"WebPage","@id":"https:\/\/orthodoxalbania.org\/2020\/2006\/02\/27\/kryepiskopi-anastas-me-te-rinjte-othodhokse-te-kryeqytetit-mars-06\/","url":"https:\/\/orthodoxalbania.org\/2020\/2006\/02\/27\/kryepiskopi-anastas-me-te-rinjte-othodhokse-te-kryeqytetit-mars-06\/","name":"Kryepiskopi Anastas me t\u00eb rinjt\u00eb othodhoks\u00eb t\u00eb kryeqytetit. (5 Mars 2006) - Kisha Orthodh\u03bfkse Autoqefale e Shqip\u00ebris\u00eb","isPartOf":{"@id":"https:\/\/orthodoxalbania.org\/2020\/#website"},"primaryImageOfPage":{"@id":"https:\/\/orthodoxalbania.org\/2020\/2006\/02\/27\/kryepiskopi-anastas-me-te-rinjte-othodhokse-te-kryeqytetit-mars-06\/#primaryimage"},"image":{"@id":"https:\/\/orthodoxalbania.org\/2020\/2006\/02\/27\/kryepiskopi-anastas-me-te-rinjte-othodhokse-te-kryeqytetit-mars-06\/#primaryimage"},"thumbnailUrl":"https:\/\/lh6.googleusercontent.com\/-oF7u7Bg5mRU\/VIbPHukGvlI\/AAAAAAAAFQs\/cZ-sLtFdR6w\/w448-h266-no\/AAyouth.jpg","datePublished":"2006-02-27T08:24:46+00:00","dateModified":"2020-04-06T20:35:55+00:00","breadcrumb":{"@id":"https:\/\/orthodoxalbania.org\/2020\/2006\/02\/27\/kryepiskopi-anastas-me-te-rinjte-othodhokse-te-kryeqytetit-mars-06\/#breadcrumb"},"inLanguage":"en-US","potentialAction":[{"@type":"ReadAction","target":["https:\/\/orthodoxalbania.org\/2020\/2006\/02\/27\/kryepiskopi-anastas-me-te-rinjte-othodhokse-te-kryeqytetit-mars-06\/"]}]},{"@type":"ImageObject","inLanguage":"en-US","@id":"https:\/\/orthodoxalbania.org\/2020\/2006\/02\/27\/kryepiskopi-anastas-me-te-rinjte-othodhokse-te-kryeqytetit-mars-06\/#primaryimage","url":"https:\/\/lh6.googleusercontent.com\/-oF7u7Bg5mRU\/VIbPHukGvlI\/AAAAAAAAFQs\/cZ-sLtFdR6w\/w448-h266-no\/AAyouth.jpg","contentUrl":"https:\/\/lh6.googleusercontent.com\/-oF7u7Bg5mRU\/VIbPHukGvlI\/AAAAAAAAFQs\/cZ-sLtFdR6w\/w448-h266-no\/AAyouth.jpg"},{"@type":"BreadcrumbList","@id":"https:\/\/orthodoxalbania.org\/2020\/2006\/02\/27\/kryepiskopi-anastas-me-te-rinjte-othodhokse-te-kryeqytetit-mars-06\/#breadcrumb","itemListElement":[{"@type":"ListItem","position":1,"name":"Home","item":"https:\/\/orthodoxalbania.org\/2020\/"},{"@type":"ListItem","position":2,"name":"Kryepiskopi Anastas me t\u00eb rinjt\u00eb othodhoks\u00eb t\u00eb kryeqytetit. (5 Mars 2006)"}]},{"@type":"WebSite","@id":"https:\/\/orthodoxalbania.org\/2020\/#website","url":"https:\/\/orthodoxalbania.org\/2020\/","name":"Kisha Orthodh\u03bfkse Autoqefale e Shqip\u00ebris\u00eb","description":"Fqja Zyrtare e Kish\u00ebs Orthodhokse Autoqefale e Shqip\u00ebris\u00eb me lajmet edhe informacionet zyrtare p\u00ebr struktur\u00ebn edhe veprimtarin e saj.","publisher":{"@id":"https:\/\/orthodoxalbania.org\/2020\/#organization"},"potentialAction":[{"@type":"SearchAction","target":{"@type":"EntryPoint","urlTemplate":"https:\/\/orthodoxalbania.org\/2020\/?s={search_term_string}"},"query-input":{"@type":"PropertyValueSpecification","valueRequired":true,"valueName":"search_term_string"}}],"inLanguage":"en-US"},{"@type":"Organization","@id":"https:\/\/orthodoxalbania.org\/2020\/#organization","name":"Kisha Orthodhokse Autoqefale e Shqip\u00ebris\u00eb","url":"https:\/\/orthodoxalbania.org\/2020\/","logo":{"@type":"ImageObject","inLanguage":"en-US","@id":"https:\/\/orthodoxalbania.org\/2020\/#\/schema\/logo\/image\/","url":"https:\/\/orthodoxalbania.org\/2020\/wp-content\/uploads\/2020\/05\/albania.jpeg","contentUrl":"https:\/\/orthodoxalbania.org\/2020\/wp-content\/uploads\/2020\/05\/albania.jpeg","width":540,"height":540,"caption":"Kisha Orthodhokse Autoqefale e Shqip\u00ebris\u00eb"},"image":{"@id":"https:\/\/orthodoxalbania.org\/2020\/#\/schema\/logo\/image\/"},"sameAs":["https:\/\/www.facebook.com\/koash1991"]},{"@type":"Person","@id":"https:\/\/orthodoxalbania.org\/2020\/#\/schema\/person\/0c387634a7063ac612d7ed9ce71c7e86","name":"Kisha Orthodhokse","image":{"@type":"ImageObject","inLanguage":"en-US","@id":"https:\/\/secure.gravatar.com\/avatar\/596e7c417251e30f2fbb9c00e026fce61a695a00e51c889caded71c96cbbdde5?s=96&d=mm&r=g","url":"https:\/\/secure.gravatar.com\/avatar\/596e7c417251e30f2fbb9c00e026fce61a695a00e51c889caded71c96cbbdde5?s=96&d=mm&r=g","contentUrl":"https:\/\/secure.gravatar.com\/avatar\/596e7c417251e30f2fbb9c00e026fce61a695a00e51c889caded71c96cbbdde5?s=96&d=mm&r=g","caption":"Kisha Orthodhokse"}}]}},"_links":{"self":[{"href":"https:\/\/orthodoxalbania.org\/2020\/wp-json\/wp\/v2\/posts\/877","targetHints":{"allow":["GET"]}}],"collection":[{"href":"https:\/\/orthodoxalbania.org\/2020\/wp-json\/wp\/v2\/posts"}],"about":[{"href":"https:\/\/orthodoxalbania.org\/2020\/wp-json\/wp\/v2\/types\/post"}],"author":[{"embeddable":true,"href":"https:\/\/orthodoxalbania.org\/2020\/wp-json\/wp\/v2\/users\/1"}],"replies":[{"embeddable":true,"href":"https:\/\/orthodoxalbania.org\/2020\/wp-json\/wp\/v2\/comments?post=877"}],"version-history":[{"count":1,"href":"https:\/\/orthodoxalbania.org\/2020\/wp-json\/wp\/v2\/posts\/877\/revisions"}],"predecessor-version":[{"id":15800,"href":"https:\/\/orthodoxalbania.org\/2020\/wp-json\/wp\/v2\/posts\/877\/revisions\/15800"}],"wp:attachment":[{"href":"https:\/\/orthodoxalbania.org\/2020\/wp-json\/wp\/v2\/media?parent=877"}],"wp:term":[{"taxonomy":"category","embeddable":true,"href":"https:\/\/orthodoxalbania.org\/2020\/wp-json\/wp\/v2\/categories?post=877"},{"taxonomy":"post_tag","embeddable":true,"href":"https:\/\/orthodoxalbania.org\/2020\/wp-json\/wp\/v2\/tags?post=877"}],"curies":[{"name":"wp","href":"https:\/\/api.w.org\/{rel}","templated":true}]}}