{"id":876,"date":"2007-02-26T00:00:00","date_gmt":"2007-02-26T00:00:00","guid":{"rendered":""},"modified":"2020-04-06T22:35:41","modified_gmt":"2020-04-06T20:35:41","slug":"kryepiskopi-anastas-i-dhuron-te-denuarve-ne-burgun-325-nje-fushe-sportive-dhjetor-2007","status":"publish","type":"post","link":"https:\/\/orthodoxalbania.org\/2020\/2007\/02\/26\/kryepiskopi-anastas-i-dhuron-te-denuarve-ne-burgun-325-nje-fushe-sportive-dhjetor-2007\/","title":{"rendered":"Kryepiskopi Anastas i dhuron t\u00eb d\u00ebnuarve n\u00eb burgun 325 nj\u00eb fush\u00eb sportive. (Dhjetor 2007)"},"content":{"rendered":"<table id=\"AutoNumber2\" border=\"0\">\n<tbody>\n<tr>\n<td>\n<p style=\"text-align: center;\"><span style=\"color: #000000;\"><span style=\"font-family: tahoma,geneva,sans-serif;\"><span style=\"font-size: 12px;\"><img decoding=\"async\" class=\"lazyload HAa Eha\" style=\"border-width: 1px; border-style: solid; margin: 10px;\" alt=\"\" src=\"data:image\/gif;base64,R0lGODlhAQABAAAAACH5BAEKAAEALAAAAAABAAEAAAICTAEAOw==\" data-orig-src=\"https:\/\/lh5.googleusercontent.com\/-xcfgWusKwBc\/VIq-voTUleI\/AAAAAAAAG38\/ChDatwuKWG4\/w400-h225-no\/pic1.jpg\" \/><\/span><\/span><\/span><\/p>\n<\/td>\n<td>\n<p style=\"text-align: justify;\"><span style=\"color: #000000;\"><span style=\"font-family: tahoma,geneva,sans-serif;\"><span style=\"font-size: 12px;\">&nbsp;&nbsp;&nbsp;&nbsp;<\/span><\/span><\/span><\/p>\n<p style=\"text-align: justify;\"><span style=\"color: #000000;\"><span style=\"font-family: tahoma,geneva,sans-serif;\"><span style=\"font-size: 12px;\">&nbsp;&nbsp;&nbsp; Gjat\u00eb vizit\u00ebs n\u00eb periudh\u00ebn e Krishtlindjeve 2006, n\u00eb Institutin e Edukimit t\u00eb t\u00eb D\u00ebnuarve Penal\u00eb, n\u00eb lagjen \u201cAli Demi\u201d t\u00eb Tiran\u00ebs, i njohur si Burgu 325, Kryepiskopi Anastas, pasi vizitoi mjediset e ndryshme shprehu d\u00ebshir\u00ebn p\u00ebr t\u00eb kontribuar n\u00eb p\u00ebrmir\u00ebsimin e kushteve t\u00eb jetes\u00ebs t\u00eb t\u00eb d\u00ebnuarve.<\/span><\/span><\/span><\/p>\n<p style=\"text-align: justify;\">&nbsp;<\/p>\n<\/td>\n<\/tr>\n<tr>\n<td>\n<p style=\"text-align: justify;\"><span style=\"color: #000000;\"><span style=\"font-family: tahoma,geneva,sans-serif;\"><span style=\"font-size: 12px;\">&nbsp;&nbsp;&nbsp; Nga drejtuesit e Institutit iu k\u00ebrkua, n\u00ebse do t\u00eb ishte e mundur, q\u00eb t\u00eb financonte p\u00ebr nd\u00ebrtimin e nj\u00eb fushe sportive, p\u00ebr rreth 160 burra, kryesisht t\u00eb moshave t\u00eb reja, q\u00eb vuajn\u00eb aty d\u00ebnimin.<\/span><\/span><\/span><\/p>\n<\/td>\n<td>\n<p style=\"text-align: center;\"><span style=\"color: #000000;\"><span style=\"font-family: tahoma,geneva,sans-serif;\"><span style=\"font-size: 12px;\"><img decoding=\"async\" class=\"lazyload HAa Eha\" style=\"border-width: 1px; border-style: solid; margin: 10px;\" alt=\"\" src=\"data:image\/gif;base64,R0lGODlhAQABAAAAACH5BAEKAAEALAAAAAABAAEAAAICTAEAOw==\" data-orig-src=\"https:\/\/lh6.googleusercontent.com\/-8KQFCPvJHHs\/VIq-v0BwjtI\/AAAAAAAAG4s\/eUANency7v0\/w400-h225-no\/pic2.jpg\" \/><\/span><\/span><\/span><\/p>\n<\/td>\n<\/tr>\n<tr>\n<td>\n<p style=\"text-align: center;\"><span style=\"color: #000000;\"><span style=\"font-family: tahoma,geneva,sans-serif;\"><span style=\"font-size: 12px;\"><img decoding=\"async\" class=\"lazyload HAa Eha\" style=\"border-width: 1px; border-style: solid; margin: 10px;\" alt=\"\" src=\"data:image\/gif;base64,R0lGODlhAQABAAAAACH5BAEKAAEALAAAAAABAAEAAAICTAEAOw==\" data-orig-src=\"https:\/\/lh5.googleusercontent.com\/-em1uFPpd5M0\/VIq-vplsoBI\/AAAAAAAAG4k\/Tqph1nBHKZE\/w400-h225-no\/pic3.jpg\" \/><\/span><\/span><\/span><\/p>\n<\/td>\n<td>\n<p style=\"text-align: justify;\"><span style=\"color: #000000;\"><span style=\"font-family: tahoma,geneva,sans-serif;\"><span style=\"font-size: 12px;\">&nbsp;&nbsp;&nbsp; Kryepiskopi e pranoi me k\u00ebnaq\u00ebsi k\u00ebrkes\u00ebn dhe siguroi fondet e nevojshme p\u00ebr nd\u00ebrtimin e saj. Shpejt, n\u00eb nj\u00eb mjedis t\u00ebr\u00eb gur\u00eb dhe q\u00eb p\u00ebrmbytej nga uji kur binte shi, u ngrit nj\u00eb fush\u00eb bashk\u00ebkohore minifutbolli dhe p\u00ebr loj\u00ebrat me dor\u00eb, me tapet t\u00eb gjelb\u00ebr, e rrethuar me rrjet\u00eb dhe me sistem ndri\u00e7imi, e cila mund t\u00eb sh\u00ebrbej\u00eb edhe p\u00ebr sporte e veprimtari t\u00eb tjera. Kostoja e saj shkoi rreth 20 mij\u00eb USD.<\/span><\/span><\/span><\/p>\n<\/td>\n<\/tr>\n<tr>\n<td dir=\"ltr\">\n<p dir=\"ltr\" style=\"text-align: justify;\"><span style=\"color: #000000;\"><span style=\"font-family: tahoma,geneva,sans-serif;\"><span style=\"font-size: 12px;\">&nbsp;&nbsp;&nbsp; Po kjo nuk ishte dhurata e par\u00eb e Kryepiskopit Anastas p\u00ebr k\u00ebt\u00eb institucion. N\u00eb vitin 2001 ai kishte kontribuar edhe p\u00ebr nd\u00ebrtimin e nj\u00eb serre lulesh dhe perimesh, n\u00eb regjimin e grave. Prodhimet nga ajo kan\u00eb qen\u00eb dhe vazhdojn\u00eb t\u00eb jen\u00eb ndihm\u00eb p\u00ebr vet\u00eb t\u00eb d\u00ebnuarat. Serra \u00ebsht\u00eb nj\u00ebkoh\u00ebsisht edhe nj\u00eb ndihm\u00eb nga ana psikologjike, pasi kalojn\u00eb edhe nj\u00eb pjes\u00eb t\u00eb programit ditor me pun\u00eb, por kjo edhe i ndihmon t\u00eb jetojn\u00eb m\u00eb ndryshe \u00e7astet e v\u00ebshtira q\u00eb kalojn\u00eb.<\/span><\/span><\/span><\/p>\n<\/td>\n<td dir=\"ltr\">\n<p dir=\"ltr\" style=\"text-align: center;\"><span style=\"color: #000000;\"><span style=\"font-family: tahoma,geneva,sans-serif;\"><span style=\"font-size: 12px;\"><img decoding=\"async\" class=\"lazyload HAa Eha\" style=\"border-width: 1px; border-style: solid; margin: 10px;\" alt=\"\" src=\"data:image\/gif;base64,R0lGODlhAQABAAAAACH5BAEKAAEALAAAAAABAAEAAAICTAEAOw==\" data-orig-src=\"https:\/\/lh6.googleusercontent.com\/-R3jamubhFHY\/VIq-wDj-sxI\/AAAAAAAAG4Y\/v1XhDWPm9DA\/w400-h248-no\/pic4.jpg\" \/><\/span><\/span><\/span><\/p>\n<\/td>\n<\/tr>\n<tr>\n<td dir=\"ltr\">\n<p style=\"text-align: center;\"><span style=\"color: #000000;\"><span style=\"font-family: tahoma,geneva,sans-serif;\"><span style=\"font-size: 12px;\"><img decoding=\"async\" class=\"lazyload HAa Eha\" style=\"border-width: 1px; border-style: solid; margin: 10px;\" alt=\"\" src=\"data:image\/gif;base64,R0lGODlhAQABAAAAACH5BAEKAAEALAAAAAABAAEAAAICTAEAOw==\" data-orig-src=\"https:\/\/lh4.googleusercontent.com\/-Uafk5Bq7QOA\/VIq-wVwoOKI\/AAAAAAAAG4I\/-9Ydsb37u3Q\/w400-h225-no\/pic5.jpg\" \/><\/span><\/span><\/span><\/p>\n<\/td>\n<td dir=\"ltr\">\n<p style=\"text-align: justify;\"><span style=\"color: #000000;\"><span style=\"font-family: tahoma,geneva,sans-serif;\"><span style=\"font-size: 12px;\">&nbsp;&nbsp;&nbsp; Por, k\u00ebto jan\u00eb vet\u00ebm veprat m\u00eb t\u00eb dukshme q\u00eb Kisha jon\u00eb, me nism\u00ebn dhe kujdesin e vazhduesh\u00ebm dhe t\u00eb drejtp\u00ebrdrejt\u00eb t\u00eb Fortlumturis\u00eb s\u00eb Tij, ka b\u00ebr\u00eb p\u00ebr k\u00ebta njer\u00ebz me liri t\u00eb kufizuar. Vizitat dhe ndihmat p\u00ebr t\u00eb d\u00ebnuarit jan\u00eb t\u00eb vazhdueshme, t\u00eb p\u00ebrmuajshme, sidomos nga Lidhja e Grave Orthodhokse \u201cP\u00ebrhapja e Dashuris\u00eb\u201d, Tiran\u00eb dhe Rinia Orthodhokse.<\/span><\/span><\/span><\/p>\n<\/td>\n<\/tr>\n<tr>\n<td dir=\"ltr\">\n<p style=\"text-align: justify;\"><span style=\"color: #000000;\"><span style=\"font-family: tahoma,geneva,sans-serif;\"><span style=\"font-size: 12px;\">&nbsp;&nbsp;&nbsp; Jan\u00eb rreth 10 vjet q\u00eb ka nisur bashk\u00ebpunimi me k\u00ebt\u00eb Institut, ku Kisha jon\u00eb ka ndihmuar materialisht e shpirt\u00ebrisht, duke bashk\u00ebpunuar me stafin dhe drejtorin\u00eb, bashk\u00ebpunim ky q\u00eb ka qen\u00eb p\u00ebrher\u00eb dhe m\u00eb i ngroht\u00eb e rezultativ.<\/span><\/span><\/span><\/p>\n<\/td>\n<td dir=\"ltr\">\n<p style=\"text-align: center;\"><span style=\"color: #000000;\"><span style=\"font-family: tahoma,geneva,sans-serif;\"><span style=\"font-size: 12px;\"><img decoding=\"async\" class=\"lazyload HAa Eha\" style=\"border-width: 1px; border-style: solid; margin: 10px;\" alt=\"\" src=\"data:image\/gif;base64,R0lGODlhAQABAAAAACH5BAEKAAEALAAAAAABAAEAAAICTAEAOw==\" data-orig-src=\"https:\/\/lh5.googleusercontent.com\/-6t99-vs-l18\/VIq-wih1Q_I\/AAAAAAAAG4g\/60SMPGcSgpI\/w400-h312-no\/pic6.jpg\" \/><\/span><\/span><\/span><\/p>\n<\/td>\n<\/tr>\n<tr>\n<td dir=\"ltr\">\n<p style=\"text-align: center;\"><span style=\"color: #000000;\"><span style=\"font-family: tahoma,geneva,sans-serif;\"><span style=\"font-size: 12px;\"><img decoding=\"async\" class=\"lazyload HAa Eha\" style=\"border-width: 1px; border-style: solid; margin: 10px;\" alt=\"\" src=\"data:image\/gif;base64,R0lGODlhAQABAAAAACH5BAEKAAEALAAAAAABAAEAAAICTAEAOw==\" data-orig-src=\"https:\/\/lh5.googleusercontent.com\/-gWkqpjc9JKM\/VIq-xFbKV5I\/AAAAAAAAG4M\/SYtQgLIANBY\/w400-h225-no\/pic7.jpg\" \/><\/span><\/span><\/span><\/p>\n<\/td>\n<td dir=\"ltr\">\n<p style=\"text-align: justify;\"><span style=\"color: #000000;\"><span style=\"font-family: tahoma,geneva,sans-serif;\"><span style=\"font-size: 12px;\">&nbsp;&nbsp;&nbsp; Me rastin e p\u00ebrfundimit t\u00eb punimeve, drejtoria e IEDP \u201cAli Demi\u201d organizoi n\u00eb nj\u00eb atmosfer\u00eb festive ceremonin\u00eb e p\u00ebrurimit t\u00eb fush\u00ebs sportive n\u00eb regjimin e burrave. N\u00eb t\u00eb mori pjes\u00eb nj\u00eb p\u00ebrfaq\u00ebsi me klerik\u00eb e laik\u00eb nga Kisha Orthodhokse, e kryesuar nga Hir\u00ebsia e Tij Andoni, episkopi ndihm\u00ebs i Kryepiskopit, Avokati i Popullit z. Ermir Dobjani, Drejtori i P\u00ebrgjithsh\u00ebm i Burgjeve, z. Arjan Shehri dhe p\u00ebrfaq\u00ebsues t\u00eb institucioneve q\u00eb ndjekin problemet e t\u00eb d\u00ebnuarve.<\/span><\/span><\/span><\/p>\n<\/td>\n<\/tr>\n<tr>\n<td dir=\"ltr\">\n<p style=\"text-align: justify;\"><span style=\"color: #000000;\"><span style=\"font-family: tahoma,geneva,sans-serif;\"><span style=\"font-size: 12px;\">&nbsp;&nbsp;&nbsp; Drejtoresha e k\u00ebtij instituti, znj. Marinela Sota, n\u00eb fjal\u00ebn e hapjes tha nd\u00ebr t\u00eb tjera: \u201cNe jemi shum\u00eb t\u00eb k\u00ebnaqur me k\u00ebt\u00eb q\u00eb \u00ebsht\u00eb realizuar, sepse k\u00ebtu vuajn\u00eb d\u00ebnimin mosha t\u00eb reja q\u00eb kan\u00eb nevoj\u00eb t\u00eb l\u00ebvizin fizikisht. Gjat\u00eb vizit\u00ebs q\u00eb b\u00ebri Kryepiskopi Anastas p\u00ebr Krishtlindje n\u00eb institucionin ton\u00eb, tek regjimi i grave dhe i burrave, ne i k\u00ebrkuam t\u00eb na mund\u00ebsonte nd\u00ebrtimin e nj\u00eb fushe, ku t\u00eb d\u00ebnuarit t\u00eb mund t\u00eb luanin dhe t\u00eb kalonin koh\u00ebn e lir\u00eb, duke pasur parasysh edhe ve\u00e7antin\u00eb e k\u00ebtij institucioni, ku t\u00eb d\u00ebnuarit mund t\u00eb luajn\u00eb gjat\u00eb t\u00eb gjith\u00eb dit\u00ebs dhe t\u00eb q\u00ebndrojn\u00eb n\u00eb mjedise t\u00eb hapura&#8230;\u201d<\/span><\/span><\/span><\/p>\n<\/td>\n<td dir=\"ltr\">\n<p style=\"text-align: center;\"><span style=\"color: #000000;\"><span style=\"font-family: tahoma,geneva,sans-serif;\"><span style=\"font-size: 12px;\"><img decoding=\"async\" class=\"lazyload HAa Eha\" style=\"border-width: 1px; border-style: solid; margin: 10px;\" alt=\"\" src=\"data:image\/gif;base64,R0lGODlhAQABAAAAACH5BAEKAAEALAAAAAABAAEAAAICTAEAOw==\" data-orig-src=\"https:\/\/lh6.googleusercontent.com\/-TNzsHQ0gbi0\/VIq-xunhW9I\/AAAAAAAAG4c\/yBa7WQYYDhg\/w400-h225-no\/pic8.jpg\" \/><\/span><\/span><\/span><\/p>\n<\/td>\n<\/tr>\n<tr>\n<td colspan=\"2\">\n<p style=\"text-align: justify;\"> <span style=\"color: #000000;\"><span style=\"font-family: tahoma,geneva,sans-serif;\"><span style=\"font-size: 12px;\">&nbsp;&nbsp;&nbsp;&nbsp; Shiritin e p\u00ebrurimit, n\u00eb em\u00ebr t\u00eb Kryepiskopit Anastas e preu Hir\u00ebsia e Tij Andoni, si edhe Drejtori i P\u00ebrgjithsh\u00ebm i Burgjeve, z. Shehri. Pas k\u00ebsaj, z. Shehri tha, duke p\u00ebrsh\u00ebndetur t\u00eb pranishmit: \u201cFal\u00ebnderoj Kish\u00ebn Orthodhokse dhe vet\u00eb Hir\u00ebsin\u00eb e Tij, zotin Janullatos p\u00ebr k\u00ebt\u00eb ndihm\u00eb t\u00eb \u00e7muar. Kjo hyn n\u00eb kuadrin e p\u00ebrpjekjeve tona t\u00eb vazhdueshme p\u00ebr t\u00eb leht\u00ebsuar sa m\u00eb shum\u00eb jetes\u00ebn e t\u00eb d\u00ebnuarve n\u00eb burgjet shqiptare. Kjo \u00ebsht\u00eb n\u00eb kuad\u00ebr t\u00eb reform\u00ebs q\u00eb ne kemi nd\u00ebrmarr\u00eb n\u00eb sistemin penitenciar me fondet e qeveris\u00eb, me fondet e drejtoris\u00eb, por edhe me bashk\u00ebpunimin e ngusht\u00eb me donator\u00ebt, si\u00e7 \u00ebsht\u00eb rasti konkret. Edhe nj\u00ebher\u00eb fal\u00ebnderoj Kish\u00ebn Orthodhokse q\u00eb ka b\u00ebr\u00eb k\u00ebt\u00eb dhurat\u00eb dhe ju ftoj q\u00eb ta shfryt\u00ebzoni maksimalisht k\u00ebt\u00eb ambient me t\u00eb v\u00ebrtet\u00eb shum\u00eb t\u00eb bukur\u201d.<\/span><\/span><\/span><\/p>\n<p style=\"text-align: justify;\"><span style=\"color: #000000;\"><span style=\"font-family: tahoma,geneva,sans-serif;\"><span style=\"font-size: 12px;\">&nbsp;&nbsp;&nbsp; Pastaj e mori fjal\u00ebn Episkop Andoni, i cili tha: \u201cSjell tek ju p\u00ebrsh\u00ebndetjet dhe urimet e Kryepiskopit Anastas. N\u00eb k\u00ebto \u00e7aste nuk mund t\u00eb ndodhej me ju, por ashtu si\u00e7 jua dha fjal\u00ebn, nd\u00ebrtimi i k\u00ebsaj fushe u realizua. G\u00ebzohemi q\u00eb \u00ebsht\u00eb e nj\u00eb cil\u00ebsie t\u00eb mir\u00eb. Kisha Orthodhokse d\u00ebshiron t\u2019ju tregoj\u00eb edhe me k\u00ebt\u00eb investim tjet\u00ebr k\u00ebtu, se interesohet p\u00ebr ju. Ju nuk jeni vet\u00ebm n\u00eb k\u00ebt\u00eb ambient. \u00cbsht\u00eb detyra jon\u00eb dhe e \u00e7do besimtari q\u00eb t\u00eb jen\u00eb pran\u00eb atyre q\u00eb jan\u00eb n\u00eb kushte dhe situat\u00eb t\u00eb v\u00ebshtir\u00eb.\u201d<\/span><\/span><\/span><\/p>\n<p style=\"text-align: justify;\"><span style=\"color: #000000;\"><span style=\"font-family: tahoma,geneva,sans-serif;\"><span style=\"font-size: 12px;\">&nbsp;&nbsp;&nbsp; Shefi i Kujdesit Social n\u00eb k\u00ebt\u00eb institut, z. P\u00ebrparim Gjyshja, pyetjes son\u00eb se sa i r\u00ebnd\u00ebsish\u00ebm \u00ebsht\u00eb ky terren n\u00eb pun\u00ebn tuaj, na u p\u00ebrgjigj: \u201cN\u00eb fillim dua t`ju fal\u00ebnderoj p\u00ebr k\u00ebt\u00eb investim q\u00eb ka b\u00ebr\u00eb Kisha Orthodhokse. Nuk \u00ebsht\u00eb hera e par\u00eb q\u00eb Kisha b\u00ebn investime t\u00eb k\u00ebtij niveli. Ka b\u00ebr\u00eb nj\u00eb investim tek regjimi i grave p\u00ebr nd\u00ebrtimin e nj\u00eb serre dhe vazhdimisht na ndihmon me baz\u00eb materiale. Ky terren q\u00eb \u00ebsht\u00eb tani, me tapet t\u00eb gjelb\u00ebr, dikur ishte me gur\u00eb dhe me uj\u00eb, ku t\u00eb d\u00ebnuarit shkonin q\u00eb t\u00eb arg\u00ebtoheshin dhe d\u00ebmtoheshin. Mjedisi do t\u00eb na hyj\u00eb n\u00eb pun\u00eb, sepse k\u00ebtu ka d\u00ebnime t\u00eb pakta dhe mosha p\u00ebrgjith\u00ebsisht t\u00eb reja dhe arg\u00ebtimi kryesor i tyre jan\u00eb aktivitetet sportive. Konkretisht, kemi filluar kampionatin e minifutbollit midis dhomave dhe n\u00eb vazhdim do t\u00eb p\u00ebrdoret edhe p\u00ebr volejboll dhe basketboll. Ju Faleminderit!\u201d.<\/span><\/span><\/span><\/p>\n<p style=\"text-align: justify;\"><span style=\"color: #000000;\"><span style=\"font-family: tahoma,geneva,sans-serif;\"><span style=\"font-size: 12px;\">&nbsp;&nbsp;&nbsp; Kisha jon\u00eb me an\u00eb t\u00eb k\u00ebtij investimi solli edhe nj\u00eb p\u00ebrfitim tjet\u00ebr social p\u00ebr t\u00eb d\u00ebnuarit, sepse pun\u00ebsoi disa prej tyre, t\u00eb cil\u00ebt punuan me shum\u00eb p\u00ebrkushtim, duke zhvilluar m\u00eb tep\u00ebr edhe ndjenj\u00ebn e ngroht\u00ebsis\u00eb e miq\u00ebsis\u00eb midis tyre dhe nj\u00ebkoh\u00ebsisht p\u00ebrfituan nj\u00eb pag\u00eb p\u00ebr pun\u00ebn e b\u00ebr\u00eb.<\/span><\/span><\/span><\/p>\n<p style=\"text-align: justify;\"><span style=\"color: #000000;\"><span style=\"font-family: tahoma,geneva,sans-serif;\"><span style=\"font-size: 12px;\">&nbsp;&nbsp;&nbsp; Ceremonia u mbyll me nj\u00eb kokteil dhe nj\u00eb ndeshje futbolli n\u00eb fush\u00ebn e re, midis nj\u00eb skuadre t\u00eb k\u00ebtij instituti, me skuadr\u00ebn e nj\u00eb burgu tjet\u00ebr.<\/span><\/span><\/span><\/p>\n<p style=\"text-align: justify;\"><span style=\"color: #000000;\"><span style=\"font-family: tahoma,geneva,sans-serif;\"><span style=\"font-size: 12px;\">&nbsp;&nbsp;&nbsp; \u00c7udit\u00ebrisht, disa media televizive e t\u00eb shkruara, t\u00eb pranishme n\u00eb ceremoni, t\u00eb ftuara nga ky Institucion i Edukimit p\u00ebr t\u00eb b\u00ebr\u00eb t\u00eb njohur n\u00eb publikun shqiptar k\u00ebt\u00eb risi investimi social bamir\u00ebs joshtet\u00ebror, p\u00ebr k\u00ebt\u00eb kategori njer\u00ebzish me liri t\u00eb kufizuar dhe n\u00eb nj\u00eb institucion shtet\u00ebror, e anashkaluan prezantimin e r\u00ebnd\u00ebsis\u00eb s\u00eb k\u00ebtij lajmi, duke u p\u00ebrqendruar vet\u00ebm tek mbipopullimi i burgut. Fatkeq\u00ebsisht, ata lan\u00eb k\u00ebshtu jasht\u00eb v\u00ebmendjes s\u00eb publikut edhe impulsin social, shpirt\u00ebror dhe human q\u00eb duhet t\u00eb transmetonin tek ai.<\/span><\/span><\/span><\/p>\n<p style=\"text-align: justify;\"><span style=\"color: #000000;\"><span style=\"font-family: tahoma,geneva,sans-serif;\"><span style=\"font-size: 12px;\"><strong>Luljeta Pjetri<\/strong><\/span><\/span><\/span><\/p>\n<\/td>\n<\/tr>\n<\/tbody>\n<\/table>\n","protected":false},"excerpt":{"rendered":"<p>&nbsp;&nbsp;&nbsp;&nbsp; &nbsp;&nbsp;&nbsp; Gjat\u00eb vizit\u00ebs n\u00eb periudh\u00ebn e Krishtlindjeve 2006, n\u00eb Institutin e Edukimit t\u00eb t\u00eb D\u00ebnuarve Penal\u00eb, n\u00eb lagjen \u201cAli Demi\u201d t\u00eb Tiran\u00ebs, i njohur si Burgu 325, Kryepiskopi Anastas, pasi vizitoi mjediset e ndryshme shprehu d\u00ebshir\u00ebn p\u00ebr t\u00eb kontribuar n\u00eb p\u00ebrmir\u00ebsimin e kushteve t\u00eb jetes\u00ebs t\u00eb t\u00eb d\u00ebnuarve. &nbsp; &nbsp;&nbsp;&nbsp; Nga drejtuesit e Institutit iu k\u00ebrkua, n\u00ebse do t\u00eb ishte e mundur, q\u00eb t\u00eb<\/p>\n","protected":false},"author":1,"featured_media":0,"comment_status":"open","ping_status":"open","sticky":false,"template":"","format":"standard","meta":{"_acf_changed":false,"pagelayer_contact_templates":[],"_pagelayer_content":"","inline_featured_image":false,"fifu_image_url":"","fifu_image_alt":"","footnotes":""},"categories":[108],"tags":[147,633,196,201,212],"class_list":["post-876","post","type-post","status-publish","format-standard","hentry","category-lajme","tag-147","tag-donacionendihma","tag-tirane","tag-kryepiskopi-anastas","tag-lajme-d27"],"acf":[],"yoast_head":"<!-- This site is optimized with the Yoast SEO plugin v27.2 - https:\/\/yoast.com\/product\/yoast-seo-wordpress\/ -->\n<title>Kryepiskopi Anastas i dhuron t\u00eb d\u00ebnuarve n\u00eb burgun 325 nj\u00eb fush\u00eb sportive. (Dhjetor 2007) - Kisha Orthodh\u03bfkse Autoqefale e Shqip\u00ebris\u00eb<\/title>\n<meta name=\"robots\" content=\"index, follow, max-snippet:-1, max-image-preview:large, max-video-preview:-1\" \/>\n<link rel=\"canonical\" href=\"https:\/\/orthodoxalbania.org\/2020\/2007\/02\/26\/kryepiskopi-anastas-i-dhuron-te-denuarve-ne-burgun-325-nje-fushe-sportive-dhjetor-2007\/\" \/>\n<meta property=\"og:locale\" content=\"en_US\" \/>\n<meta property=\"og:type\" content=\"article\" \/>\n<meta property=\"og:title\" content=\"Kryepiskopi Anastas i dhuron t\u00eb d\u00ebnuarve n\u00eb burgun 325 nj\u00eb fush\u00eb sportive. (Dhjetor 2007) - Kisha Orthodh\u03bfkse Autoqefale e Shqip\u00ebris\u00eb\" \/>\n<meta property=\"og:description\" content=\"&nbsp;&nbsp;&nbsp;&nbsp; &nbsp;&nbsp;&nbsp; Gjat\u00eb vizit\u00ebs n\u00eb periudh\u00ebn e Krishtlindjeve 2006, n\u00eb Institutin e Edukimit t\u00eb t\u00eb D\u00ebnuarve Penal\u00eb, n\u00eb lagjen \u201cAli Demi\u201d t\u00eb Tiran\u00ebs, i njohur si Burgu 325, Kryepiskopi Anastas, pasi vizitoi mjediset e ndryshme shprehu d\u00ebshir\u00ebn p\u00ebr t\u00eb kontribuar n\u00eb p\u00ebrmir\u00ebsimin e kushteve t\u00eb jetes\u00ebs t\u00eb t\u00eb d\u00ebnuarve. &nbsp; &nbsp;&nbsp;&nbsp; Nga drejtuesit e Institutit iu k\u00ebrkua, n\u00ebse do t\u00eb ishte e mundur, q\u00eb t\u00eb\" \/>\n<meta property=\"og:url\" content=\"https:\/\/orthodoxalbania.org\/2020\/2007\/02\/26\/kryepiskopi-anastas-i-dhuron-te-denuarve-ne-burgun-325-nje-fushe-sportive-dhjetor-2007\/\" \/>\n<meta property=\"og:site_name\" content=\"Kisha Orthodh\u03bfkse Autoqefale e Shqip\u00ebris\u00eb\" \/>\n<meta property=\"article:publisher\" content=\"https:\/\/www.facebook.com\/koash1991\" \/>\n<meta property=\"article:published_time\" content=\"2007-02-26T00:00:00+00:00\" \/>\n<meta property=\"article:modified_time\" content=\"2020-04-06T20:35:41+00:00\" \/>\n<meta property=\"og:image\" content=\"https:\/\/lh5.googleusercontent.com\/-xcfgWusKwBc\/VIq-voTUleI\/AAAAAAAAG38\/ChDatwuKWG4\/w400-h225-no\/pic1.jpg\" \/>\n<meta name=\"author\" content=\"Kisha Orthodhokse\" \/>\n<meta name=\"twitter:card\" content=\"summary_large_image\" \/>\n<meta name=\"twitter:label1\" content=\"Written by\" \/>\n\t<meta name=\"twitter:data1\" content=\"Kisha Orthodhokse\" \/>\n\t<meta name=\"twitter:label2\" content=\"Est. reading time\" \/>\n\t<meta name=\"twitter:data2\" content=\"6 minutes\" \/>\n<script type=\"application\/ld+json\" class=\"yoast-schema-graph\">{\"@context\":\"https:\/\/schema.org\",\"@graph\":[{\"@type\":\"Article\",\"@id\":\"https:\/\/orthodoxalbania.org\/2020\/2007\/02\/26\/kryepiskopi-anastas-i-dhuron-te-denuarve-ne-burgun-325-nje-fushe-sportive-dhjetor-2007\/#article\",\"isPartOf\":{\"@id\":\"https:\/\/orthodoxalbania.org\/2020\/2007\/02\/26\/kryepiskopi-anastas-i-dhuron-te-denuarve-ne-burgun-325-nje-fushe-sportive-dhjetor-2007\/\"},\"author\":{\"name\":\"Kisha Orthodhokse\",\"@id\":\"https:\/\/orthodoxalbania.org\/2020\/#\/schema\/person\/0c387634a7063ac612d7ed9ce71c7e86\"},\"headline\":\"Kryepiskopi Anastas i dhuron t\u00eb d\u00ebnuarve n\u00eb burgun 325 nj\u00eb fush\u00eb sportive. (Dhjetor 2007)\",\"datePublished\":\"2007-02-26T00:00:00+00:00\",\"dateModified\":\"2020-04-06T20:35:41+00:00\",\"mainEntityOfPage\":{\"@id\":\"https:\/\/orthodoxalbania.org\/2020\/2007\/02\/26\/kryepiskopi-anastas-i-dhuron-te-denuarve-ne-burgun-325-nje-fushe-sportive-dhjetor-2007\/\"},\"wordCount\":1285,\"commentCount\":0,\"publisher\":{\"@id\":\"https:\/\/orthodoxalbania.org\/2020\/#organization\"},\"image\":{\"@id\":\"https:\/\/orthodoxalbania.org\/2020\/2007\/02\/26\/kryepiskopi-anastas-i-dhuron-te-denuarve-ne-burgun-325-nje-fushe-sportive-dhjetor-2007\/#primaryimage\"},\"thumbnailUrl\":\"https:\/\/lh5.googleusercontent.com\/-xcfgWusKwBc\/VIq-voTUleI\/AAAAAAAAG38\/ChDatwuKWG4\/w400-h225-no\/pic1.jpg\",\"keywords\":[\"2007\",\"DonacioneNdihma\",\"Kryepiskopata Tiran\u00eb\",\"Kryepiskopi Anastas\",\"lajme\"],\"articleSection\":[\"Lajme\"],\"inLanguage\":\"en-US\"},{\"@type\":\"WebPage\",\"@id\":\"https:\/\/orthodoxalbania.org\/2020\/2007\/02\/26\/kryepiskopi-anastas-i-dhuron-te-denuarve-ne-burgun-325-nje-fushe-sportive-dhjetor-2007\/\",\"url\":\"https:\/\/orthodoxalbania.org\/2020\/2007\/02\/26\/kryepiskopi-anastas-i-dhuron-te-denuarve-ne-burgun-325-nje-fushe-sportive-dhjetor-2007\/\",\"name\":\"Kryepiskopi Anastas i dhuron t\u00eb d\u00ebnuarve n\u00eb burgun 325 nj\u00eb fush\u00eb sportive. (Dhjetor 2007) - Kisha Orthodh\u03bfkse Autoqefale e Shqip\u00ebris\u00eb\",\"isPartOf\":{\"@id\":\"https:\/\/orthodoxalbania.org\/2020\/#website\"},\"primaryImageOfPage\":{\"@id\":\"https:\/\/orthodoxalbania.org\/2020\/2007\/02\/26\/kryepiskopi-anastas-i-dhuron-te-denuarve-ne-burgun-325-nje-fushe-sportive-dhjetor-2007\/#primaryimage\"},\"image\":{\"@id\":\"https:\/\/orthodoxalbania.org\/2020\/2007\/02\/26\/kryepiskopi-anastas-i-dhuron-te-denuarve-ne-burgun-325-nje-fushe-sportive-dhjetor-2007\/#primaryimage\"},\"thumbnailUrl\":\"https:\/\/lh5.googleusercontent.com\/-xcfgWusKwBc\/VIq-voTUleI\/AAAAAAAAG38\/ChDatwuKWG4\/w400-h225-no\/pic1.jpg\",\"datePublished\":\"2007-02-26T00:00:00+00:00\",\"dateModified\":\"2020-04-06T20:35:41+00:00\",\"breadcrumb\":{\"@id\":\"https:\/\/orthodoxalbania.org\/2020\/2007\/02\/26\/kryepiskopi-anastas-i-dhuron-te-denuarve-ne-burgun-325-nje-fushe-sportive-dhjetor-2007\/#breadcrumb\"},\"inLanguage\":\"en-US\",\"potentialAction\":[{\"@type\":\"ReadAction\",\"target\":[\"https:\/\/orthodoxalbania.org\/2020\/2007\/02\/26\/kryepiskopi-anastas-i-dhuron-te-denuarve-ne-burgun-325-nje-fushe-sportive-dhjetor-2007\/\"]}]},{\"@type\":\"ImageObject\",\"inLanguage\":\"en-US\",\"@id\":\"https:\/\/orthodoxalbania.org\/2020\/2007\/02\/26\/kryepiskopi-anastas-i-dhuron-te-denuarve-ne-burgun-325-nje-fushe-sportive-dhjetor-2007\/#primaryimage\",\"url\":\"https:\/\/lh5.googleusercontent.com\/-xcfgWusKwBc\/VIq-voTUleI\/AAAAAAAAG38\/ChDatwuKWG4\/w400-h225-no\/pic1.jpg\",\"contentUrl\":\"https:\/\/lh5.googleusercontent.com\/-xcfgWusKwBc\/VIq-voTUleI\/AAAAAAAAG38\/ChDatwuKWG4\/w400-h225-no\/pic1.jpg\"},{\"@type\":\"BreadcrumbList\",\"@id\":\"https:\/\/orthodoxalbania.org\/2020\/2007\/02\/26\/kryepiskopi-anastas-i-dhuron-te-denuarve-ne-burgun-325-nje-fushe-sportive-dhjetor-2007\/#breadcrumb\",\"itemListElement\":[{\"@type\":\"ListItem\",\"position\":1,\"name\":\"Home\",\"item\":\"https:\/\/orthodoxalbania.org\/2020\/\"},{\"@type\":\"ListItem\",\"position\":2,\"name\":\"Kryepiskopi Anastas i dhuron t\u00eb d\u00ebnuarve n\u00eb burgun 325 nj\u00eb fush\u00eb sportive. (Dhjetor 2007)\"}]},{\"@type\":\"WebSite\",\"@id\":\"https:\/\/orthodoxalbania.org\/2020\/#website\",\"url\":\"https:\/\/orthodoxalbania.org\/2020\/\",\"name\":\"Kisha Orthodh\u03bfkse Autoqefale e Shqip\u00ebris\u00eb\",\"description\":\"Fqja Zyrtare e Kish\u00ebs Orthodhokse Autoqefale e Shqip\u00ebris\u00eb me lajmet edhe informacionet zyrtare p\u00ebr struktur\u00ebn edhe veprimtarin e saj.\",\"publisher\":{\"@id\":\"https:\/\/orthodoxalbania.org\/2020\/#organization\"},\"potentialAction\":[{\"@type\":\"SearchAction\",\"target\":{\"@type\":\"EntryPoint\",\"urlTemplate\":\"https:\/\/orthodoxalbania.org\/2020\/?s={search_term_string}\"},\"query-input\":{\"@type\":\"PropertyValueSpecification\",\"valueRequired\":true,\"valueName\":\"search_term_string\"}}],\"inLanguage\":\"en-US\"},{\"@type\":\"Organization\",\"@id\":\"https:\/\/orthodoxalbania.org\/2020\/#organization\",\"name\":\"Kisha Orthodhokse Autoqefale e Shqip\u00ebris\u00eb\",\"url\":\"https:\/\/orthodoxalbania.org\/2020\/\",\"logo\":{\"@type\":\"ImageObject\",\"inLanguage\":\"en-US\",\"@id\":\"https:\/\/orthodoxalbania.org\/2020\/#\/schema\/logo\/image\/\",\"url\":\"https:\/\/orthodoxalbania.org\/2020\/wp-content\/uploads\/2020\/05\/albania.jpeg\",\"contentUrl\":\"https:\/\/orthodoxalbania.org\/2020\/wp-content\/uploads\/2020\/05\/albania.jpeg\",\"width\":540,\"height\":540,\"caption\":\"Kisha Orthodhokse Autoqefale e Shqip\u00ebris\u00eb\"},\"image\":{\"@id\":\"https:\/\/orthodoxalbania.org\/2020\/#\/schema\/logo\/image\/\"},\"sameAs\":[\"https:\/\/www.facebook.com\/koash1991\"]},{\"@type\":\"Person\",\"@id\":\"https:\/\/orthodoxalbania.org\/2020\/#\/schema\/person\/0c387634a7063ac612d7ed9ce71c7e86\",\"name\":\"Kisha Orthodhokse\",\"image\":{\"@type\":\"ImageObject\",\"inLanguage\":\"en-US\",\"@id\":\"https:\/\/secure.gravatar.com\/avatar\/596e7c417251e30f2fbb9c00e026fce61a695a00e51c889caded71c96cbbdde5?s=96&d=mm&r=g\",\"url\":\"https:\/\/secure.gravatar.com\/avatar\/596e7c417251e30f2fbb9c00e026fce61a695a00e51c889caded71c96cbbdde5?s=96&d=mm&r=g\",\"contentUrl\":\"https:\/\/secure.gravatar.com\/avatar\/596e7c417251e30f2fbb9c00e026fce61a695a00e51c889caded71c96cbbdde5?s=96&d=mm&r=g\",\"caption\":\"Kisha Orthodhokse\"}}]}<\/script>\n<!-- \/ Yoast SEO plugin. -->","yoast_head_json":{"title":"Kryepiskopi Anastas i dhuron t\u00eb d\u00ebnuarve n\u00eb burgun 325 nj\u00eb fush\u00eb sportive. (Dhjetor 2007) - Kisha Orthodh\u03bfkse Autoqefale e Shqip\u00ebris\u00eb","robots":{"index":"index","follow":"follow","max-snippet":"max-snippet:-1","max-image-preview":"max-image-preview:large","max-video-preview":"max-video-preview:-1"},"canonical":"https:\/\/orthodoxalbania.org\/2020\/2007\/02\/26\/kryepiskopi-anastas-i-dhuron-te-denuarve-ne-burgun-325-nje-fushe-sportive-dhjetor-2007\/","og_locale":"en_US","og_type":"article","og_title":"Kryepiskopi Anastas i dhuron t\u00eb d\u00ebnuarve n\u00eb burgun 325 nj\u00eb fush\u00eb sportive. (Dhjetor 2007) - Kisha Orthodh\u03bfkse Autoqefale e Shqip\u00ebris\u00eb","og_description":"&nbsp;&nbsp;&nbsp;&nbsp; &nbsp;&nbsp;&nbsp; Gjat\u00eb vizit\u00ebs n\u00eb periudh\u00ebn e Krishtlindjeve 2006, n\u00eb Institutin e Edukimit t\u00eb t\u00eb D\u00ebnuarve Penal\u00eb, n\u00eb lagjen \u201cAli Demi\u201d t\u00eb Tiran\u00ebs, i njohur si Burgu 325, Kryepiskopi Anastas, pasi vizitoi mjediset e ndryshme shprehu d\u00ebshir\u00ebn p\u00ebr t\u00eb kontribuar n\u00eb p\u00ebrmir\u00ebsimin e kushteve t\u00eb jetes\u00ebs t\u00eb t\u00eb d\u00ebnuarve. &nbsp; &nbsp;&nbsp;&nbsp; Nga drejtuesit e Institutit iu k\u00ebrkua, n\u00ebse do t\u00eb ishte e mundur, q\u00eb t\u00eb","og_url":"https:\/\/orthodoxalbania.org\/2020\/2007\/02\/26\/kryepiskopi-anastas-i-dhuron-te-denuarve-ne-burgun-325-nje-fushe-sportive-dhjetor-2007\/","og_site_name":"Kisha Orthodh\u03bfkse Autoqefale e Shqip\u00ebris\u00eb","article_publisher":"https:\/\/www.facebook.com\/koash1991","article_published_time":"2007-02-26T00:00:00+00:00","article_modified_time":"2020-04-06T20:35:41+00:00","og_image":[{"url":"https:\/\/lh5.googleusercontent.com\/-xcfgWusKwBc\/VIq-voTUleI\/AAAAAAAAG38\/ChDatwuKWG4\/w400-h225-no\/pic1.jpg","type":"","width":"","height":""}],"author":"Kisha Orthodhokse","twitter_card":"summary_large_image","twitter_misc":{"Written by":"Kisha Orthodhokse","Est. reading time":"6 minutes"},"schema":{"@context":"https:\/\/schema.org","@graph":[{"@type":"Article","@id":"https:\/\/orthodoxalbania.org\/2020\/2007\/02\/26\/kryepiskopi-anastas-i-dhuron-te-denuarve-ne-burgun-325-nje-fushe-sportive-dhjetor-2007\/#article","isPartOf":{"@id":"https:\/\/orthodoxalbania.org\/2020\/2007\/02\/26\/kryepiskopi-anastas-i-dhuron-te-denuarve-ne-burgun-325-nje-fushe-sportive-dhjetor-2007\/"},"author":{"name":"Kisha Orthodhokse","@id":"https:\/\/orthodoxalbania.org\/2020\/#\/schema\/person\/0c387634a7063ac612d7ed9ce71c7e86"},"headline":"Kryepiskopi Anastas i dhuron t\u00eb d\u00ebnuarve n\u00eb burgun 325 nj\u00eb fush\u00eb sportive. (Dhjetor 2007)","datePublished":"2007-02-26T00:00:00+00:00","dateModified":"2020-04-06T20:35:41+00:00","mainEntityOfPage":{"@id":"https:\/\/orthodoxalbania.org\/2020\/2007\/02\/26\/kryepiskopi-anastas-i-dhuron-te-denuarve-ne-burgun-325-nje-fushe-sportive-dhjetor-2007\/"},"wordCount":1285,"commentCount":0,"publisher":{"@id":"https:\/\/orthodoxalbania.org\/2020\/#organization"},"image":{"@id":"https:\/\/orthodoxalbania.org\/2020\/2007\/02\/26\/kryepiskopi-anastas-i-dhuron-te-denuarve-ne-burgun-325-nje-fushe-sportive-dhjetor-2007\/#primaryimage"},"thumbnailUrl":"https:\/\/lh5.googleusercontent.com\/-xcfgWusKwBc\/VIq-voTUleI\/AAAAAAAAG38\/ChDatwuKWG4\/w400-h225-no\/pic1.jpg","keywords":["2007","DonacioneNdihma","Kryepiskopata Tiran\u00eb","Kryepiskopi Anastas","lajme"],"articleSection":["Lajme"],"inLanguage":"en-US"},{"@type":"WebPage","@id":"https:\/\/orthodoxalbania.org\/2020\/2007\/02\/26\/kryepiskopi-anastas-i-dhuron-te-denuarve-ne-burgun-325-nje-fushe-sportive-dhjetor-2007\/","url":"https:\/\/orthodoxalbania.org\/2020\/2007\/02\/26\/kryepiskopi-anastas-i-dhuron-te-denuarve-ne-burgun-325-nje-fushe-sportive-dhjetor-2007\/","name":"Kryepiskopi Anastas i dhuron t\u00eb d\u00ebnuarve n\u00eb burgun 325 nj\u00eb fush\u00eb sportive. (Dhjetor 2007) - Kisha Orthodh\u03bfkse Autoqefale e Shqip\u00ebris\u00eb","isPartOf":{"@id":"https:\/\/orthodoxalbania.org\/2020\/#website"},"primaryImageOfPage":{"@id":"https:\/\/orthodoxalbania.org\/2020\/2007\/02\/26\/kryepiskopi-anastas-i-dhuron-te-denuarve-ne-burgun-325-nje-fushe-sportive-dhjetor-2007\/#primaryimage"},"image":{"@id":"https:\/\/orthodoxalbania.org\/2020\/2007\/02\/26\/kryepiskopi-anastas-i-dhuron-te-denuarve-ne-burgun-325-nje-fushe-sportive-dhjetor-2007\/#primaryimage"},"thumbnailUrl":"https:\/\/lh5.googleusercontent.com\/-xcfgWusKwBc\/VIq-voTUleI\/AAAAAAAAG38\/ChDatwuKWG4\/w400-h225-no\/pic1.jpg","datePublished":"2007-02-26T00:00:00+00:00","dateModified":"2020-04-06T20:35:41+00:00","breadcrumb":{"@id":"https:\/\/orthodoxalbania.org\/2020\/2007\/02\/26\/kryepiskopi-anastas-i-dhuron-te-denuarve-ne-burgun-325-nje-fushe-sportive-dhjetor-2007\/#breadcrumb"},"inLanguage":"en-US","potentialAction":[{"@type":"ReadAction","target":["https:\/\/orthodoxalbania.org\/2020\/2007\/02\/26\/kryepiskopi-anastas-i-dhuron-te-denuarve-ne-burgun-325-nje-fushe-sportive-dhjetor-2007\/"]}]},{"@type":"ImageObject","inLanguage":"en-US","@id":"https:\/\/orthodoxalbania.org\/2020\/2007\/02\/26\/kryepiskopi-anastas-i-dhuron-te-denuarve-ne-burgun-325-nje-fushe-sportive-dhjetor-2007\/#primaryimage","url":"https:\/\/lh5.googleusercontent.com\/-xcfgWusKwBc\/VIq-voTUleI\/AAAAAAAAG38\/ChDatwuKWG4\/w400-h225-no\/pic1.jpg","contentUrl":"https:\/\/lh5.googleusercontent.com\/-xcfgWusKwBc\/VIq-voTUleI\/AAAAAAAAG38\/ChDatwuKWG4\/w400-h225-no\/pic1.jpg"},{"@type":"BreadcrumbList","@id":"https:\/\/orthodoxalbania.org\/2020\/2007\/02\/26\/kryepiskopi-anastas-i-dhuron-te-denuarve-ne-burgun-325-nje-fushe-sportive-dhjetor-2007\/#breadcrumb","itemListElement":[{"@type":"ListItem","position":1,"name":"Home","item":"https:\/\/orthodoxalbania.org\/2020\/"},{"@type":"ListItem","position":2,"name":"Kryepiskopi Anastas i dhuron t\u00eb d\u00ebnuarve n\u00eb burgun 325 nj\u00eb fush\u00eb sportive. (Dhjetor 2007)"}]},{"@type":"WebSite","@id":"https:\/\/orthodoxalbania.org\/2020\/#website","url":"https:\/\/orthodoxalbania.org\/2020\/","name":"Kisha Orthodh\u03bfkse Autoqefale e Shqip\u00ebris\u00eb","description":"Fqja Zyrtare e Kish\u00ebs Orthodhokse Autoqefale e Shqip\u00ebris\u00eb me lajmet edhe informacionet zyrtare p\u00ebr struktur\u00ebn edhe veprimtarin e saj.","publisher":{"@id":"https:\/\/orthodoxalbania.org\/2020\/#organization"},"potentialAction":[{"@type":"SearchAction","target":{"@type":"EntryPoint","urlTemplate":"https:\/\/orthodoxalbania.org\/2020\/?s={search_term_string}"},"query-input":{"@type":"PropertyValueSpecification","valueRequired":true,"valueName":"search_term_string"}}],"inLanguage":"en-US"},{"@type":"Organization","@id":"https:\/\/orthodoxalbania.org\/2020\/#organization","name":"Kisha Orthodhokse Autoqefale e Shqip\u00ebris\u00eb","url":"https:\/\/orthodoxalbania.org\/2020\/","logo":{"@type":"ImageObject","inLanguage":"en-US","@id":"https:\/\/orthodoxalbania.org\/2020\/#\/schema\/logo\/image\/","url":"https:\/\/orthodoxalbania.org\/2020\/wp-content\/uploads\/2020\/05\/albania.jpeg","contentUrl":"https:\/\/orthodoxalbania.org\/2020\/wp-content\/uploads\/2020\/05\/albania.jpeg","width":540,"height":540,"caption":"Kisha Orthodhokse Autoqefale e Shqip\u00ebris\u00eb"},"image":{"@id":"https:\/\/orthodoxalbania.org\/2020\/#\/schema\/logo\/image\/"},"sameAs":["https:\/\/www.facebook.com\/koash1991"]},{"@type":"Person","@id":"https:\/\/orthodoxalbania.org\/2020\/#\/schema\/person\/0c387634a7063ac612d7ed9ce71c7e86","name":"Kisha Orthodhokse","image":{"@type":"ImageObject","inLanguage":"en-US","@id":"https:\/\/secure.gravatar.com\/avatar\/596e7c417251e30f2fbb9c00e026fce61a695a00e51c889caded71c96cbbdde5?s=96&d=mm&r=g","url":"https:\/\/secure.gravatar.com\/avatar\/596e7c417251e30f2fbb9c00e026fce61a695a00e51c889caded71c96cbbdde5?s=96&d=mm&r=g","contentUrl":"https:\/\/secure.gravatar.com\/avatar\/596e7c417251e30f2fbb9c00e026fce61a695a00e51c889caded71c96cbbdde5?s=96&d=mm&r=g","caption":"Kisha Orthodhokse"}}]}},"_links":{"self":[{"href":"https:\/\/orthodoxalbania.org\/2020\/wp-json\/wp\/v2\/posts\/876","targetHints":{"allow":["GET"]}}],"collection":[{"href":"https:\/\/orthodoxalbania.org\/2020\/wp-json\/wp\/v2\/posts"}],"about":[{"href":"https:\/\/orthodoxalbania.org\/2020\/wp-json\/wp\/v2\/types\/post"}],"author":[{"embeddable":true,"href":"https:\/\/orthodoxalbania.org\/2020\/wp-json\/wp\/v2\/users\/1"}],"replies":[{"embeddable":true,"href":"https:\/\/orthodoxalbania.org\/2020\/wp-json\/wp\/v2\/comments?post=876"}],"version-history":[{"count":1,"href":"https:\/\/orthodoxalbania.org\/2020\/wp-json\/wp\/v2\/posts\/876\/revisions"}],"predecessor-version":[{"id":15742,"href":"https:\/\/orthodoxalbania.org\/2020\/wp-json\/wp\/v2\/posts\/876\/revisions\/15742"}],"wp:attachment":[{"href":"https:\/\/orthodoxalbania.org\/2020\/wp-json\/wp\/v2\/media?parent=876"}],"wp:term":[{"taxonomy":"category","embeddable":true,"href":"https:\/\/orthodoxalbania.org\/2020\/wp-json\/wp\/v2\/categories?post=876"},{"taxonomy":"post_tag","embeddable":true,"href":"https:\/\/orthodoxalbania.org\/2020\/wp-json\/wp\/v2\/tags?post=876"}],"curies":[{"name":"wp","href":"https:\/\/api.w.org\/{rel}","templated":true}]}}