{"id":873,"date":"2008-02-26T00:00:00","date_gmt":"2008-02-26T00:00:00","guid":{"rendered":""},"modified":"2020-04-06T22:35:17","modified_gmt":"2020-04-06T20:35:17","slug":"kryepiskopi-anastas-dhuron-ndihma-ne-vazhdimesi-per-banoret-e-perfshire-nga-tragjedia-2008","status":"publish","type":"post","link":"https:\/\/orthodoxalbania.org\/2020\/2008\/02\/26\/kryepiskopi-anastas-dhuron-ndihma-ne-vazhdimesi-per-banoret-e-perfshire-nga-tragjedia-2008\/","title":{"rendered":"Kryepiskopi Anastas dhuron ndihma n\u00eb vazhdim\u00ebsi p\u00ebr banor\u00ebt e p\u00ebrfshir\u00eb nga tragjedia. (2008)"},"content":{"rendered":"<table id=\"AutoNumber2\" border=\"0\">\n<tbody>\n<tr>\n<td colspan=\"2\">\n<p style=\"text-align: justify;\"><span style=\"color: #000000;\"><span style=\"font-family: tahoma,geneva,sans-serif;\"><span style=\"font-size: 12px;\">&nbsp;&nbsp;&nbsp; N\u00eb vazhdim\u00ebsi t\u00eb interesit t\u00eb treguar nga Kisha Orthodhokse Autoqefale e Shqip\u00ebris\u00eb, n\u00eb dt. 24 mars Kryepiskopi Anastas shkoi n\u00eb Sht\u00ebpin\u00eb e Pushimit t\u00eb Ministris\u00eb s\u00eb Brendshme (Kovaleshenc\u00ebs) n\u00eb Durr\u00ebs, ku jan\u00eb strehuar rreth 400 nga banor\u00ebt q\u00eb kan\u00eb humbur sht\u00ebpit\u00eb. Aty ai pati nj\u00eb bised\u00eb t\u00eb ngroht\u00eb me drejtorin e k\u00ebtij institucioni, i cili e fal\u00ebnderoi p\u00ebr interesimin e treguar dhe p\u00ebr ndihmat e dh\u00ebn\u00eb nga Kisha.<\/span><\/span><\/span><\/p>\n<\/td>\n<\/tr>\n<tr>\n<td>\n<p><span style=\"color: #000000;\"><span style=\"font-family: tahoma,geneva,sans-serif;\"><span style=\"font-size: 12px;\"><img decoding=\"async\" class=\"lazyload HAa Eha\" style=\"border-width: 1px; border-style: solid; margin: 10px auto; display: block;\" alt=\"\" src=\"data:image\/gif;base64,R0lGODlhAQABAAAAACH5BAEKAAEALAAAAAABAAEAAAICTAEAOw==\" data-orig-src=\"https:\/\/lh6.googleusercontent.com\/-2QR4Yu_p8Qw\/VIwXzh0_waI\/AAAAAAAAHgU\/8utVEt4_QW8\/w400-h269-no\/kavalishence%2B1.jpg\" \/><\/span><\/span><\/span><\/p>\n<\/td>\n<td>\n<p style=\"text-align: justify;\"><span style=\"color: #000000;\"><span style=\"font-family: tahoma,geneva,sans-serif;\"><span style=\"font-size: 12px;\">&nbsp;&nbsp;&nbsp; Prej dit\u00ebsh student\u00eb dhe pedagog\u00eb t\u00eb Akademis\u00eb Teologjike Orthodhokse \u201cNgjallja e Krishtit\u201d n\u00eb Sh\u00ebn Vlash dhe p\u00ebrfaq\u00ebsues t\u00eb rinis\u00eb orthodhokse, kan\u00eb qen\u00eb n\u00eb k\u00ebto mjedise, p\u00ebr t\u2019u interesuar p\u00ebr nevojat&nbsp; e tyre m\u00eb imediate, por edhe p\u00ebr t\u00eb dh\u00ebn\u00eb nj\u00eb mb\u00ebshtetje shpirt\u00ebrore, duk\u00eb organizuar veprimtari me f\u00ebmij\u00ebt dhe t\u00eb rinjt\u00eb e shumt\u00eb.<\/span><\/span><\/span><\/p>\n<\/td>\n<\/tr>\n<tr>\n<td>\n<p style=\"text-align: justify;\"><span style=\"color: #000000;\"><span style=\"font-family: tahoma,geneva,sans-serif;\"><span style=\"font-size: 12px;\">&nbsp;&nbsp;&nbsp; Nga k\u00ebto takime kan\u00eb dal\u00eb edhe disa nga nevojat m\u00eb imediate, ndaj Kryepiskopi Anastas dhuroi p\u00ebr ta 50 ngroh\u00ebs, me vler\u00eb 100 mij\u00eb lek\u00eb, t\u00eb cil\u00ebt me ftohjen e motit u b\u00ebn\u00eb t\u00eb nevojsh\u00ebm sidomos p\u00ebr familjet me f\u00ebmij\u00eb t\u00eb vegj\u00ebl. Kryepiskopi ndau edhe dhurata p\u00ebr m\u00eb t\u00eb vegjlit.<\/span><\/span><\/span><\/p>\n<p style=\"text-align: justify;\"><span style=\"color: #000000;\"><span style=\"font-family: tahoma,geneva,sans-serif;\"><span style=\"font-size: 12px;\">&nbsp;&nbsp;&nbsp; Fortlumturia e Tij u interesua edhe p\u00ebr nevojat q\u00eb kan\u00eb dal\u00eb, dhe mbasi premtoi se shum\u00eb shpejt do t\u00eb jepen e edhe 100 kuverta, u shpreh se do shihte mund\u00ebsin\u00eb e plot\u00ebsimit edhe p\u00ebr k\u00ebrkesa t\u00eb tjera.<\/span><\/span><\/span><\/p>\n<\/td>\n<td>\n<p><span style=\"color: #000000;\"><span style=\"font-family: tahoma,geneva,sans-serif;\"><span style=\"font-size: 12px;\"><img decoding=\"async\" class=\"lazyload HAa Eha\" style=\"border-width: 1px; border-style: solid; margin: 10px auto; display: block;\" alt=\"\" src=\"data:image\/gif;base64,R0lGODlhAQABAAAAACH5BAEKAAEALAAAAAABAAEAAAICTAEAOw==\" data-orig-src=\"https:\/\/lh3.googleusercontent.com\/-9s-mCyDNzGg\/VIwXzsVDeuI\/AAAAAAAAHgM\/RaajmC87oyQ\/w400-h266-no\/kavalishence%2B2.jpg\" \/><\/span><\/span><\/span><\/p>\n<\/td>\n<\/tr>\n<tr>\n<td>\n<p><span style=\"color: #000000;\"><span style=\"font-family: tahoma,geneva,sans-serif;\"><span style=\"font-size: 12px;\"><img decoding=\"async\" class=\"lazyload HAa Eha\" style=\"border-width: 1px; border-style: solid; margin: 10px auto; display: block;\" alt=\"\" src=\"data:image\/gif;base64,R0lGODlhAQABAAAAACH5BAEKAAEALAAAAAABAAEAAAICTAEAOw==\" data-orig-src=\"https:\/\/lh3.googleusercontent.com\/-OwNu0hcBGjo\/VIwXzq7rKUI\/AAAAAAAAHgQ\/fJAo_r-8fo4\/w400-h259-no\/kavalishence%2B3.jpg\" \/><\/span><\/span><\/span><\/p>\n<\/td>\n<td>\n<p style=\"text-align: justify;\"><span style=\"color: #000000;\"><span style=\"font-family: tahoma,geneva,sans-serif;\"><span style=\"font-size: 12px;\">&nbsp;&nbsp;&nbsp; Gjithashtu, Kryepiskopi Anastas tha se ky interesim nuk do t\u00eb zbehet me kalimin e dit\u00ebve dhe se po b\u00ebhen p\u00ebrpjekje p\u00ebr t\u00eb siguruar fonde p\u00ebr t\u00eb rind\u00ebrtuar nj\u00eb shkoll\u00eb a kopsht n\u00eb zon\u00ebn e&nbsp; shkat\u00ebrruar nga shp\u00ebrthimi etj.<\/span><\/span><\/span><\/p>\n<p>&nbsp;<\/p>\n<\/td>\n<\/tr>\n<tr>\n<td dir=\"ltr\" colspan=\"2\">\n<p style=\"text-align: justify;\"> <span style=\"color: #000000;\"><span style=\"font-family: tahoma,geneva,sans-serif;\"><span style=\"font-size: 12px;\">&nbsp;&nbsp;&nbsp; N\u00eb nj\u00eb takim q\u00eb ai pati me Ministrin e Arsimit z. Genc Pollo, Kryepiskopi shprehu d\u00ebshir\u00ebn q\u00eb t\u00eb kontribuoj\u00eb p\u00ebrmes fondeve t\u00eb bashk\u00ebpun\u00ebtor\u00ebve t\u00eb Kish\u00ebs n\u00eb bot\u00eb, n\u00eb rind\u00ebrtimin e kopshtit ose shkoll\u00ebs s\u00eb fshatit G\u00ebrdec. Ministri i Arsimit pasi shprehu fal\u00ebnderimin p\u00ebr ndihm\u00ebn e ofruar, sugjeroi q\u00eb fillimisht Kisha mund t\u00eb ndihmoj\u00eb n\u00eb rind\u00ebrtimin e kopshtit, meqen\u00ebse \u00ebsht\u00eb k\u00ebrkes\u00eb m\u00eb imediate nga banor\u00ebt e zon\u00ebs, nd\u00ebrsa m\u00eb von\u00eb mund t\u00eb jepet ndihm\u00eb edhe p\u00ebr rind\u00ebrtimin e shkoll\u00ebs.<\/span><\/span><\/span><\/p>\n<p style=\"text-align: justify;\"><span style=\"color: #000000;\"><span style=\"font-family: tahoma,geneva,sans-serif;\"><span style=\"font-size: 12px;\">&nbsp;&nbsp;&nbsp; Ndihma e dh\u00ebn\u00eb nga Kisha Orthodhokse Autoqefale e Shqip\u00ebris\u00eb q\u00eb n\u00eb or\u00ebt e para pas tragjedis\u00eb s\u00eb G\u00ebrdecit, do t\u00eb vazhdoj\u00eb deri n\u00eb rehabilitimin e plot\u00eb t\u00eb banor\u00ebve.<\/span><\/span><\/span><\/p>\n<p>&nbsp;<\/p>\n<\/td>\n<\/tr>\n<tr>\n<td dir=\"ltr\" colspan=\"2\">\n<p><span style=\"color: #000000;\"><span style=\"font-family: tahoma,geneva,sans-serif;\"><span style=\"font-size: 12px;\"><strong>Thoma Dhima<\/strong><\/span><\/span><\/span><\/p>\n<\/td>\n<\/tr>\n<\/tbody>\n<\/table>\n","protected":false},"excerpt":{"rendered":"<p>&nbsp;&nbsp;&nbsp; N\u00eb vazhdim\u00ebsi t\u00eb interesit t\u00eb treguar nga Kisha Orthodhokse Autoqefale e Shqip\u00ebris\u00eb, n\u00eb dt. 24 mars Kryepiskopi Anastas shkoi n\u00eb Sht\u00ebpin\u00eb e Pushimit t\u00eb Ministris\u00eb s\u00eb Brendshme (Kovaleshenc\u00ebs) n\u00eb Durr\u00ebs, ku jan\u00eb strehuar rreth 400 nga banor\u00ebt q\u00eb kan\u00eb humbur sht\u00ebpit\u00eb. Aty ai pati nj\u00eb bised\u00eb t\u00eb ngroht\u00eb me drejtorin e k\u00ebtij institucioni, i cili e fal\u00ebnderoi p\u00ebr interesimin e treguar dhe p\u00ebr ndihmat<\/p>\n","protected":false},"author":1,"featured_media":0,"comment_status":"open","ping_status":"open","sticky":false,"template":"","format":"standard","meta":{"_acf_changed":false,"pagelayer_contact_templates":[],"_pagelayer_content":"","inline_featured_image":false,"fifu_image_url":"","fifu_image_alt":"","footnotes":""},"categories":[108],"tags":[146,633,196,201,212],"class_list":["post-873","post","type-post","status-publish","format-standard","hentry","category-lajme","tag-146","tag-donacionendihma","tag-tirane","tag-kryepiskopi-anastas","tag-lajme-d27"],"acf":[],"yoast_head":"<!-- This site is optimized with the Yoast SEO plugin v27.2 - https:\/\/yoast.com\/product\/yoast-seo-wordpress\/ -->\n<title>Kryepiskopi Anastas dhuron ndihma n\u00eb vazhdim\u00ebsi p\u00ebr banor\u00ebt e p\u00ebrfshir\u00eb nga tragjedia. (2008) - Kisha Orthodh\u03bfkse Autoqefale e Shqip\u00ebris\u00eb<\/title>\n<meta name=\"robots\" content=\"index, follow, max-snippet:-1, max-image-preview:large, max-video-preview:-1\" \/>\n<link rel=\"canonical\" href=\"https:\/\/orthodoxalbania.org\/2020\/2008\/02\/26\/kryepiskopi-anastas-dhuron-ndihma-ne-vazhdimesi-per-banoret-e-perfshire-nga-tragjedia-2008\/\" \/>\n<meta property=\"og:locale\" content=\"en_US\" \/>\n<meta property=\"og:type\" content=\"article\" \/>\n<meta property=\"og:title\" content=\"Kryepiskopi Anastas dhuron ndihma n\u00eb vazhdim\u00ebsi p\u00ebr banor\u00ebt e p\u00ebrfshir\u00eb nga tragjedia. (2008) - Kisha Orthodh\u03bfkse Autoqefale e Shqip\u00ebris\u00eb\" \/>\n<meta property=\"og:description\" content=\"&nbsp;&nbsp;&nbsp; N\u00eb vazhdim\u00ebsi t\u00eb interesit t\u00eb treguar nga Kisha Orthodhokse Autoqefale e Shqip\u00ebris\u00eb, n\u00eb dt. 24 mars Kryepiskopi Anastas shkoi n\u00eb Sht\u00ebpin\u00eb e Pushimit t\u00eb Ministris\u00eb s\u00eb Brendshme (Kovaleshenc\u00ebs) n\u00eb Durr\u00ebs, ku jan\u00eb strehuar rreth 400 nga banor\u00ebt q\u00eb kan\u00eb humbur sht\u00ebpit\u00eb. Aty ai pati nj\u00eb bised\u00eb t\u00eb ngroht\u00eb me drejtorin e k\u00ebtij institucioni, i cili e fal\u00ebnderoi p\u00ebr interesimin e treguar dhe p\u00ebr ndihmat\" \/>\n<meta property=\"og:url\" content=\"https:\/\/orthodoxalbania.org\/2020\/2008\/02\/26\/kryepiskopi-anastas-dhuron-ndihma-ne-vazhdimesi-per-banoret-e-perfshire-nga-tragjedia-2008\/\" \/>\n<meta property=\"og:site_name\" content=\"Kisha Orthodh\u03bfkse Autoqefale e Shqip\u00ebris\u00eb\" \/>\n<meta property=\"article:publisher\" content=\"https:\/\/www.facebook.com\/koash1991\" \/>\n<meta property=\"article:published_time\" content=\"2008-02-26T00:00:00+00:00\" \/>\n<meta property=\"article:modified_time\" content=\"2020-04-06T20:35:17+00:00\" \/>\n<meta property=\"og:image\" content=\"https:\/\/lh6.googleusercontent.com\/-2QR4Yu_p8Qw\/VIwXzh0_waI\/AAAAAAAAHgU\/8utVEt4_QW8\/w400-h269-no\/kavalishence%2B1.jpg\" \/>\n<meta name=\"author\" content=\"Kisha Orthodhokse\" \/>\n<meta name=\"twitter:card\" content=\"summary_large_image\" \/>\n<meta name=\"twitter:label1\" content=\"Written by\" \/>\n\t<meta name=\"twitter:data1\" content=\"Kisha Orthodhokse\" \/>\n\t<meta name=\"twitter:label2\" content=\"Est. reading time\" \/>\n\t<meta name=\"twitter:data2\" content=\"2 minutes\" \/>\n<script type=\"application\/ld+json\" class=\"yoast-schema-graph\">{\"@context\":\"https:\/\/schema.org\",\"@graph\":[{\"@type\":\"Article\",\"@id\":\"https:\/\/orthodoxalbania.org\/2020\/2008\/02\/26\/kryepiskopi-anastas-dhuron-ndihma-ne-vazhdimesi-per-banoret-e-perfshire-nga-tragjedia-2008\/#article\",\"isPartOf\":{\"@id\":\"https:\/\/orthodoxalbania.org\/2020\/2008\/02\/26\/kryepiskopi-anastas-dhuron-ndihma-ne-vazhdimesi-per-banoret-e-perfshire-nga-tragjedia-2008\/\"},\"author\":{\"name\":\"Kisha Orthodhokse\",\"@id\":\"https:\/\/orthodoxalbania.org\/2020\/#\/schema\/person\/0c387634a7063ac612d7ed9ce71c7e86\"},\"headline\":\"Kryepiskopi Anastas dhuron ndihma n\u00eb vazhdim\u00ebsi p\u00ebr banor\u00ebt e p\u00ebrfshir\u00eb nga tragjedia. (2008)\",\"datePublished\":\"2008-02-26T00:00:00+00:00\",\"dateModified\":\"2020-04-06T20:35:17+00:00\",\"mainEntityOfPage\":{\"@id\":\"https:\/\/orthodoxalbania.org\/2020\/2008\/02\/26\/kryepiskopi-anastas-dhuron-ndihma-ne-vazhdimesi-per-banoret-e-perfshire-nga-tragjedia-2008\/\"},\"wordCount\":465,\"commentCount\":0,\"publisher\":{\"@id\":\"https:\/\/orthodoxalbania.org\/2020\/#organization\"},\"image\":{\"@id\":\"https:\/\/orthodoxalbania.org\/2020\/2008\/02\/26\/kryepiskopi-anastas-dhuron-ndihma-ne-vazhdimesi-per-banoret-e-perfshire-nga-tragjedia-2008\/#primaryimage\"},\"thumbnailUrl\":\"https:\/\/lh6.googleusercontent.com\/-2QR4Yu_p8Qw\/VIwXzh0_waI\/AAAAAAAAHgU\/8utVEt4_QW8\/w400-h269-no\/kavalishence%2B1.jpg\",\"keywords\":[\"2008\",\"DonacioneNdihma\",\"Kryepiskopata Tiran\u00eb\",\"Kryepiskopi Anastas\",\"lajme\"],\"articleSection\":[\"Lajme\"],\"inLanguage\":\"en-US\"},{\"@type\":\"WebPage\",\"@id\":\"https:\/\/orthodoxalbania.org\/2020\/2008\/02\/26\/kryepiskopi-anastas-dhuron-ndihma-ne-vazhdimesi-per-banoret-e-perfshire-nga-tragjedia-2008\/\",\"url\":\"https:\/\/orthodoxalbania.org\/2020\/2008\/02\/26\/kryepiskopi-anastas-dhuron-ndihma-ne-vazhdimesi-per-banoret-e-perfshire-nga-tragjedia-2008\/\",\"name\":\"Kryepiskopi Anastas dhuron ndihma n\u00eb vazhdim\u00ebsi p\u00ebr banor\u00ebt e p\u00ebrfshir\u00eb nga tragjedia. (2008) - Kisha Orthodh\u03bfkse Autoqefale e Shqip\u00ebris\u00eb\",\"isPartOf\":{\"@id\":\"https:\/\/orthodoxalbania.org\/2020\/#website\"},\"primaryImageOfPage\":{\"@id\":\"https:\/\/orthodoxalbania.org\/2020\/2008\/02\/26\/kryepiskopi-anastas-dhuron-ndihma-ne-vazhdimesi-per-banoret-e-perfshire-nga-tragjedia-2008\/#primaryimage\"},\"image\":{\"@id\":\"https:\/\/orthodoxalbania.org\/2020\/2008\/02\/26\/kryepiskopi-anastas-dhuron-ndihma-ne-vazhdimesi-per-banoret-e-perfshire-nga-tragjedia-2008\/#primaryimage\"},\"thumbnailUrl\":\"https:\/\/lh6.googleusercontent.com\/-2QR4Yu_p8Qw\/VIwXzh0_waI\/AAAAAAAAHgU\/8utVEt4_QW8\/w400-h269-no\/kavalishence%2B1.jpg\",\"datePublished\":\"2008-02-26T00:00:00+00:00\",\"dateModified\":\"2020-04-06T20:35:17+00:00\",\"breadcrumb\":{\"@id\":\"https:\/\/orthodoxalbania.org\/2020\/2008\/02\/26\/kryepiskopi-anastas-dhuron-ndihma-ne-vazhdimesi-per-banoret-e-perfshire-nga-tragjedia-2008\/#breadcrumb\"},\"inLanguage\":\"en-US\",\"potentialAction\":[{\"@type\":\"ReadAction\",\"target\":[\"https:\/\/orthodoxalbania.org\/2020\/2008\/02\/26\/kryepiskopi-anastas-dhuron-ndihma-ne-vazhdimesi-per-banoret-e-perfshire-nga-tragjedia-2008\/\"]}]},{\"@type\":\"ImageObject\",\"inLanguage\":\"en-US\",\"@id\":\"https:\/\/orthodoxalbania.org\/2020\/2008\/02\/26\/kryepiskopi-anastas-dhuron-ndihma-ne-vazhdimesi-per-banoret-e-perfshire-nga-tragjedia-2008\/#primaryimage\",\"url\":\"https:\/\/lh6.googleusercontent.com\/-2QR4Yu_p8Qw\/VIwXzh0_waI\/AAAAAAAAHgU\/8utVEt4_QW8\/w400-h269-no\/kavalishence%2B1.jpg\",\"contentUrl\":\"https:\/\/lh6.googleusercontent.com\/-2QR4Yu_p8Qw\/VIwXzh0_waI\/AAAAAAAAHgU\/8utVEt4_QW8\/w400-h269-no\/kavalishence%2B1.jpg\"},{\"@type\":\"BreadcrumbList\",\"@id\":\"https:\/\/orthodoxalbania.org\/2020\/2008\/02\/26\/kryepiskopi-anastas-dhuron-ndihma-ne-vazhdimesi-per-banoret-e-perfshire-nga-tragjedia-2008\/#breadcrumb\",\"itemListElement\":[{\"@type\":\"ListItem\",\"position\":1,\"name\":\"Home\",\"item\":\"https:\/\/orthodoxalbania.org\/2020\/\"},{\"@type\":\"ListItem\",\"position\":2,\"name\":\"Kryepiskopi Anastas dhuron ndihma n\u00eb vazhdim\u00ebsi p\u00ebr banor\u00ebt e p\u00ebrfshir\u00eb nga tragjedia. (2008)\"}]},{\"@type\":\"WebSite\",\"@id\":\"https:\/\/orthodoxalbania.org\/2020\/#website\",\"url\":\"https:\/\/orthodoxalbania.org\/2020\/\",\"name\":\"Kisha Orthodh\u03bfkse Autoqefale e Shqip\u00ebris\u00eb\",\"description\":\"Fqja Zyrtare e Kish\u00ebs Orthodhokse Autoqefale e Shqip\u00ebris\u00eb me lajmet edhe informacionet zyrtare p\u00ebr struktur\u00ebn edhe veprimtarin e saj.\",\"publisher\":{\"@id\":\"https:\/\/orthodoxalbania.org\/2020\/#organization\"},\"potentialAction\":[{\"@type\":\"SearchAction\",\"target\":{\"@type\":\"EntryPoint\",\"urlTemplate\":\"https:\/\/orthodoxalbania.org\/2020\/?s={search_term_string}\"},\"query-input\":{\"@type\":\"PropertyValueSpecification\",\"valueRequired\":true,\"valueName\":\"search_term_string\"}}],\"inLanguage\":\"en-US\"},{\"@type\":\"Organization\",\"@id\":\"https:\/\/orthodoxalbania.org\/2020\/#organization\",\"name\":\"Kisha Orthodhokse Autoqefale e Shqip\u00ebris\u00eb\",\"url\":\"https:\/\/orthodoxalbania.org\/2020\/\",\"logo\":{\"@type\":\"ImageObject\",\"inLanguage\":\"en-US\",\"@id\":\"https:\/\/orthodoxalbania.org\/2020\/#\/schema\/logo\/image\/\",\"url\":\"https:\/\/orthodoxalbania.org\/2020\/wp-content\/uploads\/2020\/05\/albania.jpeg\",\"contentUrl\":\"https:\/\/orthodoxalbania.org\/2020\/wp-content\/uploads\/2020\/05\/albania.jpeg\",\"width\":540,\"height\":540,\"caption\":\"Kisha Orthodhokse Autoqefale e Shqip\u00ebris\u00eb\"},\"image\":{\"@id\":\"https:\/\/orthodoxalbania.org\/2020\/#\/schema\/logo\/image\/\"},\"sameAs\":[\"https:\/\/www.facebook.com\/koash1991\"]},{\"@type\":\"Person\",\"@id\":\"https:\/\/orthodoxalbania.org\/2020\/#\/schema\/person\/0c387634a7063ac612d7ed9ce71c7e86\",\"name\":\"Kisha Orthodhokse\",\"image\":{\"@type\":\"ImageObject\",\"inLanguage\":\"en-US\",\"@id\":\"https:\/\/secure.gravatar.com\/avatar\/596e7c417251e30f2fbb9c00e026fce61a695a00e51c889caded71c96cbbdde5?s=96&d=mm&r=g\",\"url\":\"https:\/\/secure.gravatar.com\/avatar\/596e7c417251e30f2fbb9c00e026fce61a695a00e51c889caded71c96cbbdde5?s=96&d=mm&r=g\",\"contentUrl\":\"https:\/\/secure.gravatar.com\/avatar\/596e7c417251e30f2fbb9c00e026fce61a695a00e51c889caded71c96cbbdde5?s=96&d=mm&r=g\",\"caption\":\"Kisha Orthodhokse\"}}]}<\/script>\n<!-- \/ Yoast SEO plugin. -->","yoast_head_json":{"title":"Kryepiskopi Anastas dhuron ndihma n\u00eb vazhdim\u00ebsi p\u00ebr banor\u00ebt e p\u00ebrfshir\u00eb nga tragjedia. (2008) - Kisha Orthodh\u03bfkse Autoqefale e Shqip\u00ebris\u00eb","robots":{"index":"index","follow":"follow","max-snippet":"max-snippet:-1","max-image-preview":"max-image-preview:large","max-video-preview":"max-video-preview:-1"},"canonical":"https:\/\/orthodoxalbania.org\/2020\/2008\/02\/26\/kryepiskopi-anastas-dhuron-ndihma-ne-vazhdimesi-per-banoret-e-perfshire-nga-tragjedia-2008\/","og_locale":"en_US","og_type":"article","og_title":"Kryepiskopi Anastas dhuron ndihma n\u00eb vazhdim\u00ebsi p\u00ebr banor\u00ebt e p\u00ebrfshir\u00eb nga tragjedia. (2008) - Kisha Orthodh\u03bfkse Autoqefale e Shqip\u00ebris\u00eb","og_description":"&nbsp;&nbsp;&nbsp; N\u00eb vazhdim\u00ebsi t\u00eb interesit t\u00eb treguar nga Kisha Orthodhokse Autoqefale e Shqip\u00ebris\u00eb, n\u00eb dt. 24 mars Kryepiskopi Anastas shkoi n\u00eb Sht\u00ebpin\u00eb e Pushimit t\u00eb Ministris\u00eb s\u00eb Brendshme (Kovaleshenc\u00ebs) n\u00eb Durr\u00ebs, ku jan\u00eb strehuar rreth 400 nga banor\u00ebt q\u00eb kan\u00eb humbur sht\u00ebpit\u00eb. Aty ai pati nj\u00eb bised\u00eb t\u00eb ngroht\u00eb me drejtorin e k\u00ebtij institucioni, i cili e fal\u00ebnderoi p\u00ebr interesimin e treguar dhe p\u00ebr ndihmat","og_url":"https:\/\/orthodoxalbania.org\/2020\/2008\/02\/26\/kryepiskopi-anastas-dhuron-ndihma-ne-vazhdimesi-per-banoret-e-perfshire-nga-tragjedia-2008\/","og_site_name":"Kisha Orthodh\u03bfkse Autoqefale e Shqip\u00ebris\u00eb","article_publisher":"https:\/\/www.facebook.com\/koash1991","article_published_time":"2008-02-26T00:00:00+00:00","article_modified_time":"2020-04-06T20:35:17+00:00","og_image":[{"url":"https:\/\/lh6.googleusercontent.com\/-2QR4Yu_p8Qw\/VIwXzh0_waI\/AAAAAAAAHgU\/8utVEt4_QW8\/w400-h269-no\/kavalishence%2B1.jpg","type":"","width":"","height":""}],"author":"Kisha Orthodhokse","twitter_card":"summary_large_image","twitter_misc":{"Written by":"Kisha Orthodhokse","Est. reading time":"2 minutes"},"schema":{"@context":"https:\/\/schema.org","@graph":[{"@type":"Article","@id":"https:\/\/orthodoxalbania.org\/2020\/2008\/02\/26\/kryepiskopi-anastas-dhuron-ndihma-ne-vazhdimesi-per-banoret-e-perfshire-nga-tragjedia-2008\/#article","isPartOf":{"@id":"https:\/\/orthodoxalbania.org\/2020\/2008\/02\/26\/kryepiskopi-anastas-dhuron-ndihma-ne-vazhdimesi-per-banoret-e-perfshire-nga-tragjedia-2008\/"},"author":{"name":"Kisha Orthodhokse","@id":"https:\/\/orthodoxalbania.org\/2020\/#\/schema\/person\/0c387634a7063ac612d7ed9ce71c7e86"},"headline":"Kryepiskopi Anastas dhuron ndihma n\u00eb vazhdim\u00ebsi p\u00ebr banor\u00ebt e p\u00ebrfshir\u00eb nga tragjedia. (2008)","datePublished":"2008-02-26T00:00:00+00:00","dateModified":"2020-04-06T20:35:17+00:00","mainEntityOfPage":{"@id":"https:\/\/orthodoxalbania.org\/2020\/2008\/02\/26\/kryepiskopi-anastas-dhuron-ndihma-ne-vazhdimesi-per-banoret-e-perfshire-nga-tragjedia-2008\/"},"wordCount":465,"commentCount":0,"publisher":{"@id":"https:\/\/orthodoxalbania.org\/2020\/#organization"},"image":{"@id":"https:\/\/orthodoxalbania.org\/2020\/2008\/02\/26\/kryepiskopi-anastas-dhuron-ndihma-ne-vazhdimesi-per-banoret-e-perfshire-nga-tragjedia-2008\/#primaryimage"},"thumbnailUrl":"https:\/\/lh6.googleusercontent.com\/-2QR4Yu_p8Qw\/VIwXzh0_waI\/AAAAAAAAHgU\/8utVEt4_QW8\/w400-h269-no\/kavalishence%2B1.jpg","keywords":["2008","DonacioneNdihma","Kryepiskopata Tiran\u00eb","Kryepiskopi Anastas","lajme"],"articleSection":["Lajme"],"inLanguage":"en-US"},{"@type":"WebPage","@id":"https:\/\/orthodoxalbania.org\/2020\/2008\/02\/26\/kryepiskopi-anastas-dhuron-ndihma-ne-vazhdimesi-per-banoret-e-perfshire-nga-tragjedia-2008\/","url":"https:\/\/orthodoxalbania.org\/2020\/2008\/02\/26\/kryepiskopi-anastas-dhuron-ndihma-ne-vazhdimesi-per-banoret-e-perfshire-nga-tragjedia-2008\/","name":"Kryepiskopi Anastas dhuron ndihma n\u00eb vazhdim\u00ebsi p\u00ebr banor\u00ebt e p\u00ebrfshir\u00eb nga tragjedia. (2008) - Kisha Orthodh\u03bfkse Autoqefale e Shqip\u00ebris\u00eb","isPartOf":{"@id":"https:\/\/orthodoxalbania.org\/2020\/#website"},"primaryImageOfPage":{"@id":"https:\/\/orthodoxalbania.org\/2020\/2008\/02\/26\/kryepiskopi-anastas-dhuron-ndihma-ne-vazhdimesi-per-banoret-e-perfshire-nga-tragjedia-2008\/#primaryimage"},"image":{"@id":"https:\/\/orthodoxalbania.org\/2020\/2008\/02\/26\/kryepiskopi-anastas-dhuron-ndihma-ne-vazhdimesi-per-banoret-e-perfshire-nga-tragjedia-2008\/#primaryimage"},"thumbnailUrl":"https:\/\/lh6.googleusercontent.com\/-2QR4Yu_p8Qw\/VIwXzh0_waI\/AAAAAAAAHgU\/8utVEt4_QW8\/w400-h269-no\/kavalishence%2B1.jpg","datePublished":"2008-02-26T00:00:00+00:00","dateModified":"2020-04-06T20:35:17+00:00","breadcrumb":{"@id":"https:\/\/orthodoxalbania.org\/2020\/2008\/02\/26\/kryepiskopi-anastas-dhuron-ndihma-ne-vazhdimesi-per-banoret-e-perfshire-nga-tragjedia-2008\/#breadcrumb"},"inLanguage":"en-US","potentialAction":[{"@type":"ReadAction","target":["https:\/\/orthodoxalbania.org\/2020\/2008\/02\/26\/kryepiskopi-anastas-dhuron-ndihma-ne-vazhdimesi-per-banoret-e-perfshire-nga-tragjedia-2008\/"]}]},{"@type":"ImageObject","inLanguage":"en-US","@id":"https:\/\/orthodoxalbania.org\/2020\/2008\/02\/26\/kryepiskopi-anastas-dhuron-ndihma-ne-vazhdimesi-per-banoret-e-perfshire-nga-tragjedia-2008\/#primaryimage","url":"https:\/\/lh6.googleusercontent.com\/-2QR4Yu_p8Qw\/VIwXzh0_waI\/AAAAAAAAHgU\/8utVEt4_QW8\/w400-h269-no\/kavalishence%2B1.jpg","contentUrl":"https:\/\/lh6.googleusercontent.com\/-2QR4Yu_p8Qw\/VIwXzh0_waI\/AAAAAAAAHgU\/8utVEt4_QW8\/w400-h269-no\/kavalishence%2B1.jpg"},{"@type":"BreadcrumbList","@id":"https:\/\/orthodoxalbania.org\/2020\/2008\/02\/26\/kryepiskopi-anastas-dhuron-ndihma-ne-vazhdimesi-per-banoret-e-perfshire-nga-tragjedia-2008\/#breadcrumb","itemListElement":[{"@type":"ListItem","position":1,"name":"Home","item":"https:\/\/orthodoxalbania.org\/2020\/"},{"@type":"ListItem","position":2,"name":"Kryepiskopi Anastas dhuron ndihma n\u00eb vazhdim\u00ebsi p\u00ebr banor\u00ebt e p\u00ebrfshir\u00eb nga tragjedia. (2008)"}]},{"@type":"WebSite","@id":"https:\/\/orthodoxalbania.org\/2020\/#website","url":"https:\/\/orthodoxalbania.org\/2020\/","name":"Kisha Orthodh\u03bfkse Autoqefale e Shqip\u00ebris\u00eb","description":"Fqja Zyrtare e Kish\u00ebs Orthodhokse Autoqefale e Shqip\u00ebris\u00eb me lajmet edhe informacionet zyrtare p\u00ebr struktur\u00ebn edhe veprimtarin e saj.","publisher":{"@id":"https:\/\/orthodoxalbania.org\/2020\/#organization"},"potentialAction":[{"@type":"SearchAction","target":{"@type":"EntryPoint","urlTemplate":"https:\/\/orthodoxalbania.org\/2020\/?s={search_term_string}"},"query-input":{"@type":"PropertyValueSpecification","valueRequired":true,"valueName":"search_term_string"}}],"inLanguage":"en-US"},{"@type":"Organization","@id":"https:\/\/orthodoxalbania.org\/2020\/#organization","name":"Kisha Orthodhokse Autoqefale e Shqip\u00ebris\u00eb","url":"https:\/\/orthodoxalbania.org\/2020\/","logo":{"@type":"ImageObject","inLanguage":"en-US","@id":"https:\/\/orthodoxalbania.org\/2020\/#\/schema\/logo\/image\/","url":"https:\/\/orthodoxalbania.org\/2020\/wp-content\/uploads\/2020\/05\/albania.jpeg","contentUrl":"https:\/\/orthodoxalbania.org\/2020\/wp-content\/uploads\/2020\/05\/albania.jpeg","width":540,"height":540,"caption":"Kisha Orthodhokse Autoqefale e Shqip\u00ebris\u00eb"},"image":{"@id":"https:\/\/orthodoxalbania.org\/2020\/#\/schema\/logo\/image\/"},"sameAs":["https:\/\/www.facebook.com\/koash1991"]},{"@type":"Person","@id":"https:\/\/orthodoxalbania.org\/2020\/#\/schema\/person\/0c387634a7063ac612d7ed9ce71c7e86","name":"Kisha Orthodhokse","image":{"@type":"ImageObject","inLanguage":"en-US","@id":"https:\/\/secure.gravatar.com\/avatar\/596e7c417251e30f2fbb9c00e026fce61a695a00e51c889caded71c96cbbdde5?s=96&d=mm&r=g","url":"https:\/\/secure.gravatar.com\/avatar\/596e7c417251e30f2fbb9c00e026fce61a695a00e51c889caded71c96cbbdde5?s=96&d=mm&r=g","contentUrl":"https:\/\/secure.gravatar.com\/avatar\/596e7c417251e30f2fbb9c00e026fce61a695a00e51c889caded71c96cbbdde5?s=96&d=mm&r=g","caption":"Kisha Orthodhokse"}}]}},"_links":{"self":[{"href":"https:\/\/orthodoxalbania.org\/2020\/wp-json\/wp\/v2\/posts\/873","targetHints":{"allow":["GET"]}}],"collection":[{"href":"https:\/\/orthodoxalbania.org\/2020\/wp-json\/wp\/v2\/posts"}],"about":[{"href":"https:\/\/orthodoxalbania.org\/2020\/wp-json\/wp\/v2\/types\/post"}],"author":[{"embeddable":true,"href":"https:\/\/orthodoxalbania.org\/2020\/wp-json\/wp\/v2\/users\/1"}],"replies":[{"embeddable":true,"href":"https:\/\/orthodoxalbania.org\/2020\/wp-json\/wp\/v2\/comments?post=873"}],"version-history":[{"count":1,"href":"https:\/\/orthodoxalbania.org\/2020\/wp-json\/wp\/v2\/posts\/873\/revisions"}],"predecessor-version":[{"id":15641,"href":"https:\/\/orthodoxalbania.org\/2020\/wp-json\/wp\/v2\/posts\/873\/revisions\/15641"}],"wp:attachment":[{"href":"https:\/\/orthodoxalbania.org\/2020\/wp-json\/wp\/v2\/media?parent=873"}],"wp:term":[{"taxonomy":"category","embeddable":true,"href":"https:\/\/orthodoxalbania.org\/2020\/wp-json\/wp\/v2\/categories?post=873"},{"taxonomy":"post_tag","embeddable":true,"href":"https:\/\/orthodoxalbania.org\/2020\/wp-json\/wp\/v2\/tags?post=873"}],"curies":[{"name":"wp","href":"https:\/\/api.w.org\/{rel}","templated":true}]}}