{"id":870,"date":"2014-12-03T11:40:30","date_gmt":"2014-12-03T11:40:30","guid":{"rendered":""},"modified":"2020-04-06T22:02:20","modified_gmt":"2020-04-06T20:02:20","slug":"kronike-vizite-e-papa-franceskut-ne-patriarkanen-ekumenike-te-konstandinopojes","status":"publish","type":"post","link":"https:\/\/orthodoxalbania.org\/2020\/2014\/12\/03\/kronike-vizite-e-papa-franceskut-ne-patriarkanen-ekumenike-te-konstandinopojes\/","title":{"rendered":"Kronik\u00eb &#8211; Vizit\u00eb e Papa Franceskut n\u00eb Patriarkan\u00ebn Ekumenike t\u00eb Konstandinopoj\u00ebs"},"content":{"rendered":"<p style=\"text-align: justify;\">\n\t<span style=\"font-size: 12pt; font-family: helvetica;\">&nbsp;&nbsp;&nbsp; <span style=\"color: #000000;\">N\u00eb kuadrin e vizit\u00ebs s\u00eb par\u00eb n\u00eb Turqi t\u00eb Pap\u00ebs Francesku, pjes\u00eb tep\u00ebr e r\u00ebnd\u00ebsishme ishin takimet me Patriarkun Eumenik Vartholomeu.&nbsp; Patriarku i shprehu mir\u00ebseardhjen Pap\u00ebs s\u00eb pari n\u00eb aeroportin e Stambollit, m\u00eb 29 n\u00ebntor. M\u00eb pas, Patriarku Ekumenik mori pjes\u00eb n\u00eb Mesh\u00ebn e celebruar nga Papa Francesku n\u00eb katedralen katolike \u201cShpirti i Shenjt\u00eb\u201d.<\/span><\/span><\/p>\n<p style=\"text-align: justify;\">\n\t<span style=\"color: #000000; font-size: 12pt; font-family: helvetica;\">&nbsp;&nbsp; Po n\u00eb dat\u00eb 29, Papa Francesku u prit n\u00eb Fanar nga tingulli festiv i kambanave. M\u00eb pas ai u drejtua p\u00ebr n\u00eb kish\u00ebn patriarkale t\u00eb \u201cSh\u00ebn Gjergjit\u201d, ku u prit me nj\u00eb Dhoksologji dhe shk\u00ebmbyen dhuratat me Patriarkun Ekumenik. M\u00eb pas, dy kryehierark\u00ebt&nbsp; pat\u00ebn nj\u00eb bised\u00eb kok\u00eb m\u00eb kok\u00eb dhe pastaj Patriarku Ekumenik e prezantoi Pap\u00ebn me an\u00ebtar\u00ebt e Sinodit t\u00eb Shenjt\u00eb.<\/span><\/p>\n<p style=\"text-align: justify;\">\n\t<span style=\"color: #000000; font-size: 12pt; font-family: helvetica;\">&nbsp;&nbsp; T\u00eb n\u00ebs\u00ebrmen, 30 n\u00ebntor, Papa Francesku u prit p\u00ebrs\u00ebri me shum\u00eb ngroht\u00ebsi n\u00eb Patriarkan\u00ebn Ekumenike, p\u00ebr t\u00eb marr\u00eb pjes\u00eb n\u00eb Liturgjin\u00eb Hyjnore t\u00eb s\u00eb kremtes s\u00eb Apostull Andreas, shenjtori mbrojt\u00ebs i Kish\u00ebs s\u00eb Konstandinopoj\u00ebs. Gjat\u00eb sh\u00ebrbes\u00ebs, Papa dhe Patriarku Ekumenik shk\u00ebmbyen edhe puthjen e paqes, si simbol pajtimi dhe dashurie dhe Lutja Zot\u00ebrore u lexua nga Papa Francesku n\u00eb latinisht.<\/span><\/p>\n<p style=\"text-align: justify;\">\n\t<span style=\"color: #000000; font-size: 12pt; font-family: helvetica;\">&nbsp;&nbsp;&nbsp; Pas kremtimit, Papa Francesku dhe Patriarku Ekumenik n\u00ebnshkruan nj\u00eb deklarat\u00eb t\u00eb p\u00ebrbashk\u00ebt, q\u00eb i kushtonte r\u00ebnd\u00ebsi rrug\u00ebs drejt bashkimit, ku p\u00ebrmendeshin edhe takimet e p\u00ebrparshme midis Kryebarinjve t\u00eb t\u00eb dy Kishave t\u00eb Krishtera. Por, pjesa m\u00eb e madhe iu kushtua gjendjes tragjike n\u00eb Lindjen e mesme dhe vuajtjeve t\u00eb t\u00eb krishter\u00ebve atje, si dhe tek nevoja e ndalimit t\u00eb konfliktit n\u00eb Ukrain\u00eb. Nj\u00eb vend t\u00eb r\u00ebnd\u00ebsish\u00ebm n\u00eb deklarat\u00eb zuri edhe nevoja e nj\u00eb dialogu v\u00ebllaz\u00ebror me Islamin.<\/span><\/p>\n<p style=\"text-align: justify;\">\n\t<span style=\"color: #000000; font-size: 12pt; font-family: helvetica;\">&nbsp;&nbsp;&nbsp; Pas vizit\u00ebs dhe n\u00ebnshkrimit t\u00eb deklarat\u00ebs, Patriarku Ekumenik e p\u00ebrcolli Pap\u00ebn Francesku n\u00eb aeroportin e Stambollit.<\/span><\/p>\n<p style=\"text-align: justify;\">\n\t&nbsp;<\/p>\n<div style=\"text-align: center;\">\n\t&nbsp;<\/div>\n<div style=\"text-align: justify;\">\n\t&nbsp;<\/div>\n<div>\n\t<img decoding=\"async\" alt=\"\" class=\"lazyload HAa Eha\" src=\"data:image\/gif;base64,R0lGODlhAQABAAAAACH5BAEKAAEALAAAAAABAAEAAAICTAEAOw==\" data-orig-src=\"https:\/\/lh3.googleusercontent.com\/-26E_Ve1RjpQ\/VH71OiwIVRI\/AAAAAAAAE34\/iucc3mmFxgg\/w500-h367-no\/1.jpg\" style=\"border-width: 1px; border-style: solid; display: block; margin-left: auto; margin-right: auto;\" \/><\/div>\n<div style=\"text-align: center;\">\n\t&nbsp;<\/div>\n<div>\n\t<img decoding=\"async\" alt=\"\" class=\"lazyload HAa Eha\" src=\"data:image\/gif;base64,R0lGODlhAQABAAAAACH5BAEKAAEALAAAAAABAAEAAAICTAEAOw==\" data-orig-src=\"https:\/\/lh3.googleusercontent.com\/-4Eh-zH7dutE\/VH74vq0dcmI\/AAAAAAAAE4k\/svVV7OlvpwE\/w500-h418-no\/15293410243_3264f957b4.jpg\" style=\"border-width: 1px; border-style: solid; display: block; margin-left: auto; margin-right: auto;\" \/><\/div>\n<div style=\"text-align: center;\">\n\t&nbsp;<\/div>\n<div>\n\t<img decoding=\"async\" alt=\"\" class=\"lazyload HAa Eha\" src=\"data:image\/gif;base64,R0lGODlhAQABAAAAACH5BAEKAAEALAAAAAABAAEAAAICTAEAOw==\" data-orig-src=\"https:\/\/lh3.googleusercontent.com\/-Mf7mONcJfYE\/VH71PMEhAsI\/AAAAAAAAE38\/0ooNnpAqufg\/w500-h333-no\/4.jpg\" style=\"border-width: 1px; border-style: solid; display: block; margin-left: auto; margin-right: auto;\" \/><\/div>\n<div style=\"text-align: center;\">\n\t&nbsp;<\/div>\n<div>\n\t<img decoding=\"async\" alt=\"\" class=\"lazyload HAa Eha\" src=\"data:image\/gif;base64,R0lGODlhAQABAAAAACH5BAEKAAEALAAAAAABAAEAAAICTAEAOw==\" data-orig-src=\"https:\/\/lh4.googleusercontent.com\/-a2PlOu0_1IU\/VH71OxFPKwI\/AAAAAAAAE3w\/ox1EaV1K3xM\/w500-h333-no\/3.1.jpg\" style=\"border-width: 1px; border-style: solid; display: block; margin-left: auto; margin-right: auto;\" \/><\/div>\n<div style=\"text-align: center;\">\n\t&nbsp;<\/div>\n<div>\n\t<img decoding=\"async\" alt=\"\" class=\"lazyload HAa Eha\" src=\"data:image\/gif;base64,R0lGODlhAQABAAAAACH5BAEKAAEALAAAAAABAAEAAAICTAEAOw==\" data-orig-src=\"https:\/\/lh5.googleusercontent.com\/-ZdFZ3Cochek\/VH71PQ_ehGI\/AAAAAAAAE3o\/iz-W2GqCQaE\/w500-h362-no\/5.jpg\" style=\"border-width: 1px; border-style: solid; display: block; margin-left: auto; margin-right: auto;\" \/><\/div>\n<div style=\"text-align: center;\">\n\t&nbsp;<\/div>\n<div>\n\t<img decoding=\"async\" alt=\"\" class=\"lazyload HAa Eha\" src=\"data:image\/gif;base64,R0lGODlhAQABAAAAACH5BAEKAAEALAAAAAABAAEAAAICTAEAOw==\" data-orig-src=\"https:\/\/lh3.googleusercontent.com\/-MSq2IIMymh0\/VH71Pi9MRbI\/AAAAAAAAE3s\/-F0fZrpQNcw\/w334-h500-no\/6.jpg\" style=\"border-width: 1px; border-style: solid; display: block; margin-left: auto; margin-right: auto;\" \/><\/div>\n<div style=\"text-align: justify;\">\n\t&nbsp;<\/div>\n","protected":false},"excerpt":{"rendered":"<p>&nbsp;&nbsp;&nbsp; N\u00eb kuadrin e vizit\u00ebs s\u00eb par\u00eb n\u00eb Turqi t\u00eb Pap\u00ebs Francesku, pjes\u00eb tep\u00ebr e r\u00ebnd\u00ebsishme ishin takimet me Patriarkun Eumenik Vartholomeu.&nbsp; Patriarku i shprehu mir\u00ebseardhjen Pap\u00ebs s\u00eb pari n\u00eb aeroportin e Stambollit, m\u00eb 29 n\u00ebntor. M\u00eb pas, Patriarku Ekumenik mori pjes\u00eb n\u00eb Mesh\u00ebn e celebruar nga Papa Francesku n\u00eb katedralen katolike \u201cShpirti i Shenjt\u00eb\u201d. &nbsp;&nbsp; Po n\u00eb dat\u00eb 29, Papa Francesku u prit n\u00eb<\/p>\n","protected":false},"author":1,"featured_media":362,"comment_status":"open","ping_status":"open","sticky":false,"template":"","format":"standard","meta":{"_acf_changed":false,"pagelayer_contact_templates":[],"_pagelayer_content":"","inline_featured_image":false,"fifu_image_url":"","fifu_image_alt":"","footnotes":""},"categories":[108],"tags":[140,162,196,212],"class_list":["post-870","post","type-post","status-publish","format-standard","has-post-thumbnail","hentry","category-lajme","tag-140","tag-aktivitete-nderfetare","tag-tirane","tag-lajme-d27"],"acf":[],"yoast_head":"<!-- This site is optimized with the Yoast SEO plugin v27.2 - https:\/\/yoast.com\/product\/yoast-seo-wordpress\/ -->\n<title>Kronik\u00eb - Vizit\u00eb e Papa Franceskut n\u00eb Patriarkan\u00ebn Ekumenike t\u00eb Konstandinopoj\u00ebs - Kisha Orthodh\u03bfkse Autoqefale e Shqip\u00ebris\u00eb<\/title>\n<meta name=\"robots\" content=\"index, follow, max-snippet:-1, max-image-preview:large, max-video-preview:-1\" \/>\n<link rel=\"canonical\" href=\"https:\/\/orthodoxalbania.org\/2020\/2014\/12\/03\/kronike-vizite-e-papa-franceskut-ne-patriarkanen-ekumenike-te-konstandinopojes\/\" \/>\n<meta property=\"og:locale\" content=\"en_US\" \/>\n<meta property=\"og:type\" content=\"article\" \/>\n<meta property=\"og:title\" content=\"Kronik\u00eb - Vizit\u00eb e Papa Franceskut n\u00eb Patriarkan\u00ebn Ekumenike t\u00eb Konstandinopoj\u00ebs - Kisha Orthodh\u03bfkse Autoqefale e Shqip\u00ebris\u00eb\" \/>\n<meta property=\"og:description\" content=\"&nbsp;&nbsp;&nbsp; N\u00eb kuadrin e vizit\u00ebs s\u00eb par\u00eb n\u00eb Turqi t\u00eb Pap\u00ebs Francesku, pjes\u00eb tep\u00ebr e r\u00ebnd\u00ebsishme ishin takimet me Patriarkun Eumenik Vartholomeu.&nbsp; Patriarku i shprehu mir\u00ebseardhjen Pap\u00ebs s\u00eb pari n\u00eb aeroportin e Stambollit, m\u00eb 29 n\u00ebntor. M\u00eb pas, Patriarku Ekumenik mori pjes\u00eb n\u00eb Mesh\u00ebn e celebruar nga Papa Francesku n\u00eb katedralen katolike \u201cShpirti i Shenjt\u00eb\u201d. &nbsp;&nbsp; Po n\u00eb dat\u00eb 29, Papa Francesku u prit n\u00eb\" \/>\n<meta property=\"og:url\" content=\"https:\/\/orthodoxalbania.org\/2020\/2014\/12\/03\/kronike-vizite-e-papa-franceskut-ne-patriarkanen-ekumenike-te-konstandinopojes\/\" \/>\n<meta property=\"og:site_name\" content=\"Kisha Orthodh\u03bfkse Autoqefale e Shqip\u00ebris\u00eb\" \/>\n<meta property=\"article:publisher\" content=\"https:\/\/www.facebook.com\/koash1991\" \/>\n<meta property=\"article:published_time\" content=\"2014-12-03T11:40:30+00:00\" \/>\n<meta property=\"article:modified_time\" content=\"2020-04-06T20:02:20+00:00\" \/>\n<meta property=\"og:image\" content=\"https:\/\/orthodoxalbania.org\/2020\/wp-content\/uploads\/2020\/04\/5.jpg\" \/>\n\t<meta property=\"og:image:width\" content=\"150\" \/>\n\t<meta property=\"og:image:height\" content=\"150\" \/>\n\t<meta property=\"og:image:type\" content=\"image\/jpeg\" \/>\n<meta name=\"author\" content=\"Kisha Orthodhokse\" \/>\n<meta name=\"twitter:card\" content=\"summary_large_image\" \/>\n<meta name=\"twitter:label1\" content=\"Written by\" \/>\n\t<meta name=\"twitter:data1\" content=\"Kisha Orthodhokse\" \/>\n\t<meta name=\"twitter:label2\" content=\"Est. reading time\" \/>\n\t<meta name=\"twitter:data2\" content=\"2 minutes\" \/>\n<script type=\"application\/ld+json\" class=\"yoast-schema-graph\">{\"@context\":\"https:\/\/schema.org\",\"@graph\":[{\"@type\":\"Article\",\"@id\":\"https:\/\/orthodoxalbania.org\/2020\/2014\/12\/03\/kronike-vizite-e-papa-franceskut-ne-patriarkanen-ekumenike-te-konstandinopojes\/#article\",\"isPartOf\":{\"@id\":\"https:\/\/orthodoxalbania.org\/2020\/2014\/12\/03\/kronike-vizite-e-papa-franceskut-ne-patriarkanen-ekumenike-te-konstandinopojes\/\"},\"author\":{\"name\":\"Kisha Orthodhokse\",\"@id\":\"https:\/\/orthodoxalbania.org\/2020\/#\/schema\/person\/0c387634a7063ac612d7ed9ce71c7e86\"},\"headline\":\"Kronik\u00eb &#8211; Vizit\u00eb e Papa Franceskut n\u00eb Patriarkan\u00ebn Ekumenike t\u00eb Konstandinopoj\u00ebs\",\"datePublished\":\"2014-12-03T11:40:30+00:00\",\"dateModified\":\"2020-04-06T20:02:20+00:00\",\"mainEntityOfPage\":{\"@id\":\"https:\/\/orthodoxalbania.org\/2020\/2014\/12\/03\/kronike-vizite-e-papa-franceskut-ne-patriarkanen-ekumenike-te-konstandinopojes\/\"},\"wordCount\":355,\"commentCount\":0,\"publisher\":{\"@id\":\"https:\/\/orthodoxalbania.org\/2020\/#organization\"},\"image\":{\"@id\":\"https:\/\/orthodoxalbania.org\/2020\/2014\/12\/03\/kronike-vizite-e-papa-franceskut-ne-patriarkanen-ekumenike-te-konstandinopojes\/#primaryimage\"},\"thumbnailUrl\":\"https:\/\/orthodoxalbania.org\/2020\/wp-content\/uploads\/2020\/04\/5.jpg\",\"keywords\":[\"2014\",\"Aktivitete Nd\u00ebrfetare\",\"Kryepiskopata Tiran\u00eb\",\"lajme\"],\"articleSection\":[\"Lajme\"],\"inLanguage\":\"en-US\"},{\"@type\":\"WebPage\",\"@id\":\"https:\/\/orthodoxalbania.org\/2020\/2014\/12\/03\/kronike-vizite-e-papa-franceskut-ne-patriarkanen-ekumenike-te-konstandinopojes\/\",\"url\":\"https:\/\/orthodoxalbania.org\/2020\/2014\/12\/03\/kronike-vizite-e-papa-franceskut-ne-patriarkanen-ekumenike-te-konstandinopojes\/\",\"name\":\"Kronik\u00eb - Vizit\u00eb e Papa Franceskut n\u00eb Patriarkan\u00ebn Ekumenike t\u00eb Konstandinopoj\u00ebs - Kisha Orthodh\u03bfkse Autoqefale e Shqip\u00ebris\u00eb\",\"isPartOf\":{\"@id\":\"https:\/\/orthodoxalbania.org\/2020\/#website\"},\"primaryImageOfPage\":{\"@id\":\"https:\/\/orthodoxalbania.org\/2020\/2014\/12\/03\/kronike-vizite-e-papa-franceskut-ne-patriarkanen-ekumenike-te-konstandinopojes\/#primaryimage\"},\"image\":{\"@id\":\"https:\/\/orthodoxalbania.org\/2020\/2014\/12\/03\/kronike-vizite-e-papa-franceskut-ne-patriarkanen-ekumenike-te-konstandinopojes\/#primaryimage\"},\"thumbnailUrl\":\"https:\/\/orthodoxalbania.org\/2020\/wp-content\/uploads\/2020\/04\/5.jpg\",\"datePublished\":\"2014-12-03T11:40:30+00:00\",\"dateModified\":\"2020-04-06T20:02:20+00:00\",\"breadcrumb\":{\"@id\":\"https:\/\/orthodoxalbania.org\/2020\/2014\/12\/03\/kronike-vizite-e-papa-franceskut-ne-patriarkanen-ekumenike-te-konstandinopojes\/#breadcrumb\"},\"inLanguage\":\"en-US\",\"potentialAction\":[{\"@type\":\"ReadAction\",\"target\":[\"https:\/\/orthodoxalbania.org\/2020\/2014\/12\/03\/kronike-vizite-e-papa-franceskut-ne-patriarkanen-ekumenike-te-konstandinopojes\/\"]}]},{\"@type\":\"ImageObject\",\"inLanguage\":\"en-US\",\"@id\":\"https:\/\/orthodoxalbania.org\/2020\/2014\/12\/03\/kronike-vizite-e-papa-franceskut-ne-patriarkanen-ekumenike-te-konstandinopojes\/#primaryimage\",\"url\":\"https:\/\/orthodoxalbania.org\/2020\/wp-content\/uploads\/2020\/04\/5.jpg\",\"contentUrl\":\"https:\/\/orthodoxalbania.org\/2020\/wp-content\/uploads\/2020\/04\/5.jpg\",\"width\":150,\"height\":150},{\"@type\":\"BreadcrumbList\",\"@id\":\"https:\/\/orthodoxalbania.org\/2020\/2014\/12\/03\/kronike-vizite-e-papa-franceskut-ne-patriarkanen-ekumenike-te-konstandinopojes\/#breadcrumb\",\"itemListElement\":[{\"@type\":\"ListItem\",\"position\":1,\"name\":\"Home\",\"item\":\"https:\/\/orthodoxalbania.org\/2020\/\"},{\"@type\":\"ListItem\",\"position\":2,\"name\":\"Kronik\u00eb &#8211; Vizit\u00eb e Papa Franceskut n\u00eb Patriarkan\u00ebn Ekumenike t\u00eb Konstandinopoj\u00ebs\"}]},{\"@type\":\"WebSite\",\"@id\":\"https:\/\/orthodoxalbania.org\/2020\/#website\",\"url\":\"https:\/\/orthodoxalbania.org\/2020\/\",\"name\":\"Kisha Orthodh\u03bfkse Autoqefale e Shqip\u00ebris\u00eb\",\"description\":\"Fqja Zyrtare e Kish\u00ebs Orthodhokse Autoqefale e Shqip\u00ebris\u00eb me lajmet edhe informacionet zyrtare p\u00ebr struktur\u00ebn edhe veprimtarin e saj.\",\"publisher\":{\"@id\":\"https:\/\/orthodoxalbania.org\/2020\/#organization\"},\"potentialAction\":[{\"@type\":\"SearchAction\",\"target\":{\"@type\":\"EntryPoint\",\"urlTemplate\":\"https:\/\/orthodoxalbania.org\/2020\/?s={search_term_string}\"},\"query-input\":{\"@type\":\"PropertyValueSpecification\",\"valueRequired\":true,\"valueName\":\"search_term_string\"}}],\"inLanguage\":\"en-US\"},{\"@type\":\"Organization\",\"@id\":\"https:\/\/orthodoxalbania.org\/2020\/#organization\",\"name\":\"Kisha Orthodhokse Autoqefale e Shqip\u00ebris\u00eb\",\"url\":\"https:\/\/orthodoxalbania.org\/2020\/\",\"logo\":{\"@type\":\"ImageObject\",\"inLanguage\":\"en-US\",\"@id\":\"https:\/\/orthodoxalbania.org\/2020\/#\/schema\/logo\/image\/\",\"url\":\"https:\/\/orthodoxalbania.org\/2020\/wp-content\/uploads\/2020\/05\/albania.jpeg\",\"contentUrl\":\"https:\/\/orthodoxalbania.org\/2020\/wp-content\/uploads\/2020\/05\/albania.jpeg\",\"width\":540,\"height\":540,\"caption\":\"Kisha Orthodhokse Autoqefale e Shqip\u00ebris\u00eb\"},\"image\":{\"@id\":\"https:\/\/orthodoxalbania.org\/2020\/#\/schema\/logo\/image\/\"},\"sameAs\":[\"https:\/\/www.facebook.com\/koash1991\"]},{\"@type\":\"Person\",\"@id\":\"https:\/\/orthodoxalbania.org\/2020\/#\/schema\/person\/0c387634a7063ac612d7ed9ce71c7e86\",\"name\":\"Kisha Orthodhokse\",\"image\":{\"@type\":\"ImageObject\",\"inLanguage\":\"en-US\",\"@id\":\"https:\/\/secure.gravatar.com\/avatar\/596e7c417251e30f2fbb9c00e026fce61a695a00e51c889caded71c96cbbdde5?s=96&d=mm&r=g\",\"url\":\"https:\/\/secure.gravatar.com\/avatar\/596e7c417251e30f2fbb9c00e026fce61a695a00e51c889caded71c96cbbdde5?s=96&d=mm&r=g\",\"contentUrl\":\"https:\/\/secure.gravatar.com\/avatar\/596e7c417251e30f2fbb9c00e026fce61a695a00e51c889caded71c96cbbdde5?s=96&d=mm&r=g\",\"caption\":\"Kisha Orthodhokse\"}}]}<\/script>\n<!-- \/ Yoast SEO plugin. -->","yoast_head_json":{"title":"Kronik\u00eb - Vizit\u00eb e Papa Franceskut n\u00eb Patriarkan\u00ebn Ekumenike t\u00eb Konstandinopoj\u00ebs - Kisha Orthodh\u03bfkse Autoqefale e Shqip\u00ebris\u00eb","robots":{"index":"index","follow":"follow","max-snippet":"max-snippet:-1","max-image-preview":"max-image-preview:large","max-video-preview":"max-video-preview:-1"},"canonical":"https:\/\/orthodoxalbania.org\/2020\/2014\/12\/03\/kronike-vizite-e-papa-franceskut-ne-patriarkanen-ekumenike-te-konstandinopojes\/","og_locale":"en_US","og_type":"article","og_title":"Kronik\u00eb - Vizit\u00eb e Papa Franceskut n\u00eb Patriarkan\u00ebn Ekumenike t\u00eb Konstandinopoj\u00ebs - Kisha Orthodh\u03bfkse Autoqefale e Shqip\u00ebris\u00eb","og_description":"&nbsp;&nbsp;&nbsp; N\u00eb kuadrin e vizit\u00ebs s\u00eb par\u00eb n\u00eb Turqi t\u00eb Pap\u00ebs Francesku, pjes\u00eb tep\u00ebr e r\u00ebnd\u00ebsishme ishin takimet me Patriarkun Eumenik Vartholomeu.&nbsp; Patriarku i shprehu mir\u00ebseardhjen Pap\u00ebs s\u00eb pari n\u00eb aeroportin e Stambollit, m\u00eb 29 n\u00ebntor. M\u00eb pas, Patriarku Ekumenik mori pjes\u00eb n\u00eb Mesh\u00ebn e celebruar nga Papa Francesku n\u00eb katedralen katolike \u201cShpirti i Shenjt\u00eb\u201d. &nbsp;&nbsp; Po n\u00eb dat\u00eb 29, Papa Francesku u prit n\u00eb","og_url":"https:\/\/orthodoxalbania.org\/2020\/2014\/12\/03\/kronike-vizite-e-papa-franceskut-ne-patriarkanen-ekumenike-te-konstandinopojes\/","og_site_name":"Kisha Orthodh\u03bfkse Autoqefale e Shqip\u00ebris\u00eb","article_publisher":"https:\/\/www.facebook.com\/koash1991","article_published_time":"2014-12-03T11:40:30+00:00","article_modified_time":"2020-04-06T20:02:20+00:00","og_image":[{"width":150,"height":150,"url":"https:\/\/orthodoxalbania.org\/2020\/wp-content\/uploads\/2020\/04\/5.jpg","type":"image\/jpeg"}],"author":"Kisha Orthodhokse","twitter_card":"summary_large_image","twitter_misc":{"Written by":"Kisha Orthodhokse","Est. reading time":"2 minutes"},"schema":{"@context":"https:\/\/schema.org","@graph":[{"@type":"Article","@id":"https:\/\/orthodoxalbania.org\/2020\/2014\/12\/03\/kronike-vizite-e-papa-franceskut-ne-patriarkanen-ekumenike-te-konstandinopojes\/#article","isPartOf":{"@id":"https:\/\/orthodoxalbania.org\/2020\/2014\/12\/03\/kronike-vizite-e-papa-franceskut-ne-patriarkanen-ekumenike-te-konstandinopojes\/"},"author":{"name":"Kisha Orthodhokse","@id":"https:\/\/orthodoxalbania.org\/2020\/#\/schema\/person\/0c387634a7063ac612d7ed9ce71c7e86"},"headline":"Kronik\u00eb &#8211; Vizit\u00eb e Papa Franceskut n\u00eb Patriarkan\u00ebn Ekumenike t\u00eb Konstandinopoj\u00ebs","datePublished":"2014-12-03T11:40:30+00:00","dateModified":"2020-04-06T20:02:20+00:00","mainEntityOfPage":{"@id":"https:\/\/orthodoxalbania.org\/2020\/2014\/12\/03\/kronike-vizite-e-papa-franceskut-ne-patriarkanen-ekumenike-te-konstandinopojes\/"},"wordCount":355,"commentCount":0,"publisher":{"@id":"https:\/\/orthodoxalbania.org\/2020\/#organization"},"image":{"@id":"https:\/\/orthodoxalbania.org\/2020\/2014\/12\/03\/kronike-vizite-e-papa-franceskut-ne-patriarkanen-ekumenike-te-konstandinopojes\/#primaryimage"},"thumbnailUrl":"https:\/\/orthodoxalbania.org\/2020\/wp-content\/uploads\/2020\/04\/5.jpg","keywords":["2014","Aktivitete Nd\u00ebrfetare","Kryepiskopata Tiran\u00eb","lajme"],"articleSection":["Lajme"],"inLanguage":"en-US"},{"@type":"WebPage","@id":"https:\/\/orthodoxalbania.org\/2020\/2014\/12\/03\/kronike-vizite-e-papa-franceskut-ne-patriarkanen-ekumenike-te-konstandinopojes\/","url":"https:\/\/orthodoxalbania.org\/2020\/2014\/12\/03\/kronike-vizite-e-papa-franceskut-ne-patriarkanen-ekumenike-te-konstandinopojes\/","name":"Kronik\u00eb - Vizit\u00eb e Papa Franceskut n\u00eb Patriarkan\u00ebn Ekumenike t\u00eb Konstandinopoj\u00ebs - Kisha Orthodh\u03bfkse Autoqefale e Shqip\u00ebris\u00eb","isPartOf":{"@id":"https:\/\/orthodoxalbania.org\/2020\/#website"},"primaryImageOfPage":{"@id":"https:\/\/orthodoxalbania.org\/2020\/2014\/12\/03\/kronike-vizite-e-papa-franceskut-ne-patriarkanen-ekumenike-te-konstandinopojes\/#primaryimage"},"image":{"@id":"https:\/\/orthodoxalbania.org\/2020\/2014\/12\/03\/kronike-vizite-e-papa-franceskut-ne-patriarkanen-ekumenike-te-konstandinopojes\/#primaryimage"},"thumbnailUrl":"https:\/\/orthodoxalbania.org\/2020\/wp-content\/uploads\/2020\/04\/5.jpg","datePublished":"2014-12-03T11:40:30+00:00","dateModified":"2020-04-06T20:02:20+00:00","breadcrumb":{"@id":"https:\/\/orthodoxalbania.org\/2020\/2014\/12\/03\/kronike-vizite-e-papa-franceskut-ne-patriarkanen-ekumenike-te-konstandinopojes\/#breadcrumb"},"inLanguage":"en-US","potentialAction":[{"@type":"ReadAction","target":["https:\/\/orthodoxalbania.org\/2020\/2014\/12\/03\/kronike-vizite-e-papa-franceskut-ne-patriarkanen-ekumenike-te-konstandinopojes\/"]}]},{"@type":"ImageObject","inLanguage":"en-US","@id":"https:\/\/orthodoxalbania.org\/2020\/2014\/12\/03\/kronike-vizite-e-papa-franceskut-ne-patriarkanen-ekumenike-te-konstandinopojes\/#primaryimage","url":"https:\/\/orthodoxalbania.org\/2020\/wp-content\/uploads\/2020\/04\/5.jpg","contentUrl":"https:\/\/orthodoxalbania.org\/2020\/wp-content\/uploads\/2020\/04\/5.jpg","width":150,"height":150},{"@type":"BreadcrumbList","@id":"https:\/\/orthodoxalbania.org\/2020\/2014\/12\/03\/kronike-vizite-e-papa-franceskut-ne-patriarkanen-ekumenike-te-konstandinopojes\/#breadcrumb","itemListElement":[{"@type":"ListItem","position":1,"name":"Home","item":"https:\/\/orthodoxalbania.org\/2020\/"},{"@type":"ListItem","position":2,"name":"Kronik\u00eb &#8211; Vizit\u00eb e Papa Franceskut n\u00eb Patriarkan\u00ebn Ekumenike t\u00eb Konstandinopoj\u00ebs"}]},{"@type":"WebSite","@id":"https:\/\/orthodoxalbania.org\/2020\/#website","url":"https:\/\/orthodoxalbania.org\/2020\/","name":"Kisha Orthodh\u03bfkse Autoqefale e Shqip\u00ebris\u00eb","description":"Fqja Zyrtare e Kish\u00ebs Orthodhokse Autoqefale e Shqip\u00ebris\u00eb me lajmet edhe informacionet zyrtare p\u00ebr struktur\u00ebn edhe veprimtarin e saj.","publisher":{"@id":"https:\/\/orthodoxalbania.org\/2020\/#organization"},"potentialAction":[{"@type":"SearchAction","target":{"@type":"EntryPoint","urlTemplate":"https:\/\/orthodoxalbania.org\/2020\/?s={search_term_string}"},"query-input":{"@type":"PropertyValueSpecification","valueRequired":true,"valueName":"search_term_string"}}],"inLanguage":"en-US"},{"@type":"Organization","@id":"https:\/\/orthodoxalbania.org\/2020\/#organization","name":"Kisha Orthodhokse Autoqefale e Shqip\u00ebris\u00eb","url":"https:\/\/orthodoxalbania.org\/2020\/","logo":{"@type":"ImageObject","inLanguage":"en-US","@id":"https:\/\/orthodoxalbania.org\/2020\/#\/schema\/logo\/image\/","url":"https:\/\/orthodoxalbania.org\/2020\/wp-content\/uploads\/2020\/05\/albania.jpeg","contentUrl":"https:\/\/orthodoxalbania.org\/2020\/wp-content\/uploads\/2020\/05\/albania.jpeg","width":540,"height":540,"caption":"Kisha Orthodhokse Autoqefale e Shqip\u00ebris\u00eb"},"image":{"@id":"https:\/\/orthodoxalbania.org\/2020\/#\/schema\/logo\/image\/"},"sameAs":["https:\/\/www.facebook.com\/koash1991"]},{"@type":"Person","@id":"https:\/\/orthodoxalbania.org\/2020\/#\/schema\/person\/0c387634a7063ac612d7ed9ce71c7e86","name":"Kisha Orthodhokse","image":{"@type":"ImageObject","inLanguage":"en-US","@id":"https:\/\/secure.gravatar.com\/avatar\/596e7c417251e30f2fbb9c00e026fce61a695a00e51c889caded71c96cbbdde5?s=96&d=mm&r=g","url":"https:\/\/secure.gravatar.com\/avatar\/596e7c417251e30f2fbb9c00e026fce61a695a00e51c889caded71c96cbbdde5?s=96&d=mm&r=g","contentUrl":"https:\/\/secure.gravatar.com\/avatar\/596e7c417251e30f2fbb9c00e026fce61a695a00e51c889caded71c96cbbdde5?s=96&d=mm&r=g","caption":"Kisha Orthodhokse"}}]}},"_links":{"self":[{"href":"https:\/\/orthodoxalbania.org\/2020\/wp-json\/wp\/v2\/posts\/870","targetHints":{"allow":["GET"]}}],"collection":[{"href":"https:\/\/orthodoxalbania.org\/2020\/wp-json\/wp\/v2\/posts"}],"about":[{"href":"https:\/\/orthodoxalbania.org\/2020\/wp-json\/wp\/v2\/types\/post"}],"author":[{"embeddable":true,"href":"https:\/\/orthodoxalbania.org\/2020\/wp-json\/wp\/v2\/users\/1"}],"replies":[{"embeddable":true,"href":"https:\/\/orthodoxalbania.org\/2020\/wp-json\/wp\/v2\/comments?post=870"}],"version-history":[{"count":1,"href":"https:\/\/orthodoxalbania.org\/2020\/wp-json\/wp\/v2\/posts\/870\/revisions"}],"predecessor-version":[{"id":15043,"href":"https:\/\/orthodoxalbania.org\/2020\/wp-json\/wp\/v2\/posts\/870\/revisions\/15043"}],"wp:featuredmedia":[{"embeddable":true,"href":"https:\/\/orthodoxalbania.org\/2020\/wp-json\/wp\/v2\/media\/362"}],"wp:attachment":[{"href":"https:\/\/orthodoxalbania.org\/2020\/wp-json\/wp\/v2\/media?parent=870"}],"wp:term":[{"taxonomy":"category","embeddable":true,"href":"https:\/\/orthodoxalbania.org\/2020\/wp-json\/wp\/v2\/categories?post=870"},{"taxonomy":"post_tag","embeddable":true,"href":"https:\/\/orthodoxalbania.org\/2020\/wp-json\/wp\/v2\/tags?post=870"}],"curies":[{"name":"wp","href":"https:\/\/api.w.org\/{rel}","templated":true}]}}