{"id":869,"date":"2013-03-21T10:22:28","date_gmt":"2013-03-21T10:22:28","guid":{"rendered":""},"modified":"2020-04-06T22:31:56","modified_gmt":"2020-04-06T20:31:56","slug":"krishtlindjet-ne-tirane-nje-feste-me-urime-dhe-mesazhe-te-panumerta","status":"publish","type":"post","link":"https:\/\/orthodoxalbania.org\/2020\/2013\/03\/21\/krishtlindjet-ne-tirane-nje-feste-me-urime-dhe-mesazhe-te-panumerta\/","title":{"rendered":"Krishtlindjet n\u00eb Tiran\u00eb, nj\u00eb fest\u00eb me urime dhe mesazhe t\u00eb panum\u00ebrta. (2011)"},"content":{"rendered":"<div style=\"text-align: justify;\"><span style=\"color: #000000;\"><span style=\"font-family: tahoma,geneva,sans-serif;\"><span style=\"font-size: 12px;\"><span class=\"style10\"><img decoding=\"async\" class=\"lazyload HAa Eha\" style=\"height: 182px; width: 270px; border-width: 1px; border-style: solid; margin: 10px; float: left;\" alt=\"\" src=\"data:image\/gif;base64,R0lGODlhAQABAAAAACH5BAEKAAEALAAAAAABAAEAAAICTAEAOw==\" data-orig-src=\"https:\/\/lh5.googleusercontent.com\/-gy3vaHJ1HRU\/VARRp3OjODI\/AAAAAAAACpo\/-4qhNcRWTQg\/w432-h291-no\/1.jpg\" \/>&nbsp;&nbsp; <\/span>Atmosfera festive e Krishtlindjeve n\u00eb Tiran\u00eb nisi t\u00eb ndihej q\u00eb m\u00eb par\u00eb, me p\u00ebrgatitjet p\u00ebr ta pritur sa m\u00eb mir\u00eb Krishtin-Foshnje, pas nj\u00eb periudhe t\u00eb gjat\u00eb p\u00ebrgatitore lutjeje dhe kreshmimi. Kremtimi i par\u00eb ishte ai t\u00eb Diel\u00ebn e Para-Krishtlindjes, pasditen e s\u00eb cil\u00ebs besimtar\u00ebt t\u00eb mbledhur n\u00eb kish\u00ebn \u201cUngjill\u00ebzimi i Per\u00ebndilind\u00ebses Mari\u201d, mor\u00ebn pjes\u00eb n\u00eb Misterin e Efqelis\u00eb, at\u00eb t\u00eb lyerjes me vaj t\u00eb shenjt\u00ebruar.<\/span><\/span><\/span><\/div>\n<div style=\"text-align: justify;\"> <span style=\"color: #000000;\"><span style=\"font-family: tahoma,geneva,sans-serif;\"><span style=\"font-size: 12px;\"><span class=\"style10\">&nbsp;&nbsp;&nbsp; <\/span>N\u00eb 23 dhjetor, her\u00ebt n\u00eb m\u00ebngjes, besimtar\u00ebt mor\u00ebn pjes\u00eb n\u00eb sh\u00ebrbes\u00ebn e bukur t\u00eb Or\u00ebve t\u00eb M\u00ebdha t\u00eb Krishtlindjes, t\u00eb mbushur me tropare dhe me lexime nga Dhiata e Vjet\u00ebr dhe e Re, q\u00eb flasin p\u00ebr Lindjen e Krishtit, duke u pasuar m\u00eb pas me sh\u00ebrbes\u00ebn e Mbr\u00ebm\u00ebsores dhe at\u00eb t\u00eb Liturgjis\u00eb Hyjnore t\u00eb Vasilit t\u00eb Madh. M\u00ebngjesi i vigjiljes s\u00eb Krishtlindjes nisi n\u00eb or\u00ebn 06.00. Kisha ishte tejmbushur me qindra besimtar\u00eb, t\u00eb cil\u00ebt ndoq\u00ebn Liturgjin\u00eb Hyjnore t\u00eb Joan Gojartit dhe m\u00eb pas u kunguan me Trupin dhe Gjakun e Krishtit, gj\u00eb e cila kuror\u00ebzoi p\u00ebrgatitjen p\u00ebr kremtimin e k\u00ebsaj feste.<\/span><\/span><\/span><\/div>\n<div style=\"text-align: justify;\"> <span style=\"color: #000000;\"><span style=\"font-family: tahoma,geneva,sans-serif;\"><span style=\"font-size: 12px;\"><span class=\"style10\">&nbsp;&nbsp;&nbsp; <\/span>Nj\u00eb dit\u00eb, me kuptim dhe me motivin p\u00ebr t\u00eb qen\u00eb pran\u00eb t\u00eb gjith\u00eb njer\u00ebzve, pran\u00eb lutjeve dhe fal\u00ebnderimeve. Nj\u00eb dit\u00eb ku secili ka pasur nj\u00eb moment reflektimi mbi jet\u00ebn e tij dhe besimin, por edhe nj\u00eb dit\u00eb urimesh dhe dhuratash.<\/span><\/span><\/span><\/div>\n<div style=\"text-align: justify;\">&nbsp;<\/div>\n<div style=\"text-align: center;\"><span style=\"color: #000000;\"><span style=\"font-family: tahoma,geneva,sans-serif;\"><span style=\"font-size: 12px;\"><strong>***<\/strong><\/span><\/span><\/span><\/div>\n<div style=\"text-align: justify;\"><span style=\"color: #000000;\"><span style=\"font-family: tahoma,geneva,sans-serif;\"><span style=\"font-size: 12px;\"><span class=\"style10\"><\/span><\/span><\/span><\/span><\/div>\n<div style=\"text-align: justify;\"><span style=\"color: #000000;\"><span style=\"font-family: tahoma,geneva,sans-serif;\"><span style=\"font-size: 12px;\"><span class=\"style10\">&nbsp;&nbsp;&nbsp; <\/span>Atmosfera e Krishtlindjes vijoi edhe n\u00eb mjediset e Kryepiskopat\u00ebs s\u00eb Shenjt\u00eb, ku priteshin vizitat e urimit t\u00eb p\u00ebrfaq\u00ebsuesve t\u00eb komuniteteve t\u00eb tjera fetare, personaliteteve t\u00eb larta shtet\u00ebrore, intelektual\u00ebve t\u00eb shquar dhe shum\u00eb besimtar\u00ebve. Si\u00e7 \u00ebsht\u00eb b\u00ebr\u00eb tashm\u00eb tradit\u00eb, p\u00ebr urim erdh\u00ebn p\u00ebrfaq\u00ebsues t\u00eb politik\u00ebs, drejtues t\u00eb komuniteteve t\u00eb tjera fetare, p\u00ebrfaq\u00ebsues t\u00eb Trupit Diplomatik etj.<\/span><\/span><\/span><\/div>\n<div style=\"text-align: justify;\"> <span style=\"color: #000000;\"><span style=\"font-family: tahoma,geneva,sans-serif;\"><span style=\"font-size: 12px;\"><span class=\"style10\"><span style=\"font-family: tahoma,geneva,sans-serif;\"><span style=\"font-size: 12px;\"><span class=\"style10\"><img decoding=\"async\" class=\"lazyload HAa Eha\" style=\"height: 214px; width: 321px; border-width: 1px; border-style: solid; margin: 10px; float: right;\" alt=\"\" src=\"data:image\/gif;base64,R0lGODlhAQABAAAAACH5BAEKAAEALAAAAAABAAEAAAICTAEAOw==\" data-orig-src=\"https:\/\/lh5.googleusercontent.com\/-gnExmLNn_UI\/VARRp5aoKfI\/AAAAAAAACqA\/E3ICsGhVhOw\/w600-h400-no\/2.jpg\" \/><\/span><\/span><\/span>&nbsp;&nbsp;&nbsp; <\/span>E para q\u00eb vizitoi Kryepiskopat\u00ebn, ishte Kryeparlamentarja Jozefina Topalli, e cila u shpreh: \u201cBashk\u00eb me fest\u00ebn e Vitit t\u00eb Ri, k\u00ebto jan\u00eb festat m\u00eb t\u00eb bukura. Po t\u00eb reflektojm\u00eb dhe mendojm\u00eb se \u00e7far\u00eb \u00ebsht\u00eb Krishtlindja \u00ebsht\u00eb m\u00eb shum\u00eb se \u00e7do gj\u00eb tjet\u00ebr, kap\u00ebrcimi i s\u00eb pamundur\u00ebs. Shqiptar\u00ebt gjat\u00eb gjith\u00eb historis\u00eb s\u00eb tyre kan\u00eb b\u00ebr\u00eb t\u00eb mundur at\u00eb q\u00eb ka qen\u00eb e pamundur. Gjith\u00eb shqiptar\u00ebve urime dhe atyre q\u00eb kan\u00eb emigruar p\u00ebr vite, si dhe ushtar\u00ebve n\u00eb Afganistan\u201d, &#8211; theksoi Topalli.<\/span><\/span><\/span><\/div>\n<div style=\"text-align: justify;\"> <span style=\"color: #000000;\"><span style=\"font-family: tahoma,geneva,sans-serif;\"><span style=\"font-size: 12px;\"><span class=\"style10\">&nbsp;&nbsp;&nbsp; <\/span>Kreu i shtetit Bamir Topi theksoi se sot ka nevoj\u00eb p\u00ebr komunikim dhe reflektim. \u201cD\u00ebshiroj t\u00eb uroj k\u00ebt\u00eb dit\u00eb t\u00eb gjith\u00eb besimtar\u00ebve t\u00eb krishter\u00eb. Kjo fest\u00eb ka nj\u00eb simbolik\u00eb t\u00eb madhe, \u00ebsht\u00eb festa e lindjes s\u00eb shpres\u00ebs dhe paqes p\u00ebr t`i hapur rrug\u00eb komunikimit. Ka nevoj\u00eb p\u00ebr refleksion. Un\u00eb besoj se viti q\u00eb vjen do t\u00eb jet\u00eb nj\u00eb vit i mbushur me m\u00eb shum\u00eb dialog dhe arritje p\u00ebr Shqip\u00ebrin\u00eb\u201d theksoi Topi.<\/span><\/span><\/span><\/div>\n<div style=\"text-align: justify;\"> <span style=\"color: #000000;\"><span style=\"font-family: tahoma,geneva,sans-serif;\"><span style=\"font-size: 12px;\"><span class=\"style10\">&nbsp;&nbsp;&nbsp; <\/span>\u201cShpreh urimet e mia m\u00eb t\u00eb p\u00ebrzem\u00ebrta p\u00ebr besimtar\u00ebt ortodoks\u00eb dhe t\u00eb krishter\u00eb q\u00eb nderojn\u00eb n\u00eb k\u00ebt\u00eb dit\u00eb, aktin m\u00eb madhor t\u00eb jet\u00ebs s\u00eb shoq\u00ebris\u00eb njer\u00ebzore, lindjen. Nderojn\u00eb jo vet\u00ebm lindjen, por lindjen e nj\u00eb burri do t\u00eb martirizohej, flijohej p\u00ebr t\u00eb ndri\u00e7uar mendjen e njeriut dhe njer\u00ebzimit. Le t\u00eb urojm\u00eb dhe falenderojm\u00eb Zotin p\u00ebr ndihm\u00ebn e tij t\u00eb madhe q\u00eb u ka dh\u00ebn\u00eb dhe jep shqiptar\u00ebve q\u00eb festojn\u00eb sot k\u00ebt\u00eb dit\u00eb m\u00eb mir\u00eb se kurr\u00eb n\u00eb historin\u00eb e tyre \u201d, &#8211; tha Berisha.<\/span><\/span><\/span><\/div>\n<div style=\"text-align: justify;\">&nbsp;<\/div>\n<div style=\"text-align: justify;\">&nbsp;<\/div>\n<div style=\"text-align: right;\"><span style=\"color: #000000;\"><span style=\"font-family: tahoma,geneva,sans-serif;\"><span style=\"font-size: 12px;\"><strong>Isidor Koti<\/strong><\/span><\/span><\/span><\/div>\n<div style=\"text-align: right;\">&nbsp;<\/div>\n<table style=\"width: 788px; height: 506px;\" border=\"0\">\n<tbody>\n<tr>\n<td style=\"text-align: justify;\">\n<div><span style=\"color: #000000;\"><span style=\"font-family: tahoma,geneva,sans-serif;\"><span style=\"font-size: 12px;\"><img decoding=\"async\" class=\"lazyload HAa Eha\" style=\"height: 226px; width: 340px; border-width: 1px; border-style: solid; margin: 10px auto; display: block;\" alt=\"\" src=\"data:image\/gif;base64,R0lGODlhAQABAAAAACH5BAEKAAEALAAAAAABAAEAAAICTAEAOw==\" data-orig-src=\"https:\/\/lh3.googleusercontent.com\/-HMSkrLUTuNM\/VARRp3EB2QI\/AAAAAAAACqM\/B-M0798S3-A\/w448-h298-no\/3.JPG\" \/><\/span><\/span><\/span><\/div>\n<\/td>\n<td style=\"text-align: justify;\">\n<div><span style=\"color: #000000;\"><span style=\"font-family: tahoma,geneva,sans-serif;\"><span style=\"font-size: 12px;\"><img decoding=\"async\" class=\"lazyload HAa Eha\" style=\"height: 227px; width: 340px; border-width: 1px; border-style: solid; margin: 10px auto; display: block;\" alt=\"\" src=\"data:image\/gif;base64,R0lGODlhAQABAAAAACH5BAEKAAEALAAAAAABAAEAAAICTAEAOw==\" data-orig-src=\"https:\/\/lh6.googleusercontent.com\/-4lH2LvML4q4\/VARRq3dXPBI\/AAAAAAAACp8\/-rPsQWWsEX0\/w600-h400-no\/Presidenti%2BTopi%2Bne%2BKryepeshkopate.jpg\" \/><\/span><\/span><\/span><\/div>\n<\/td>\n<\/tr>\n<tr>\n<td style=\"text-align: justify;\">\n<div><span style=\"color: #000000;\"><span style=\"font-family: tahoma,geneva,sans-serif;\"><span style=\"font-size: 12px;\"><img decoding=\"async\" class=\"lazyload HAa Eha\" style=\"height: 229px; width: 340px; border-width: 1px; border-style: solid; margin: 10px auto; display: block;\" alt=\"\" src=\"data:image\/gif;base64,R0lGODlhAQABAAAAACH5BAEKAAEALAAAAAABAAEAAAICTAEAOw==\" data-orig-src=\"https:\/\/lh6.googleusercontent.com\/-GkKNYTt3l0k\/VARRqt_D82I\/AAAAAAAACp0\/vOIqya2oloQ\/w595-h400-no\/Berisha%2Bne%2BKryepeshkopate.jpg\" \/><\/span><\/span><\/span><\/div>\n<\/td>\n<td style=\"text-align: justify;\">\n<div><span style=\"color: #000000;\"><span style=\"font-family: tahoma,geneva,sans-serif;\"><span style=\"font-size: 12px;\"><img decoding=\"async\" class=\"lazyload HAa Eha\" style=\"height: 227px; width: 340px; border-width: 1px; border-style: solid; margin: 10px auto; display: block;\" alt=\"\" src=\"data:image\/gif;base64,R0lGODlhAQABAAAAACH5BAEKAAEALAAAAAABAAEAAAICTAEAOw==\" data-orig-src=\"https:\/\/lh3.googleusercontent.com\/-xocLSepLga4\/VARRrhTysCI\/AAAAAAAACqE\/bLsFkGcO9jY\/w640-h427-no\/Topalli%2Bne%2BKryepeshkopate.jpg\" \/><\/span><\/span><\/span><\/div>\n<\/td>\n<\/tr>\n<\/tbody>\n<\/table>\n","protected":false},"excerpt":{"rendered":"<p>&nbsp;&nbsp; Atmosfera festive e Krishtlindjeve n\u00eb Tiran\u00eb nisi t\u00eb ndihej q\u00eb m\u00eb par\u00eb, me p\u00ebrgatitjet p\u00ebr ta pritur sa m\u00eb mir\u00eb Krishtin-Foshnje, pas nj\u00eb periudhe t\u00eb gjat\u00eb p\u00ebrgatitore lutjeje dhe kreshmimi. Kremtimi i par\u00eb ishte ai t\u00eb Diel\u00ebn e Para-Krishtlindjes, pasditen e s\u00eb cil\u00ebs besimtar\u00ebt t\u00eb mbledhur n\u00eb kish\u00ebn \u201cUngjill\u00ebzimi i Per\u00ebndilind\u00ebses Mari\u201d, mor\u00ebn pjes\u00eb n\u00eb Misterin e Efqelis\u00eb, at\u00eb t\u00eb lyerjes me vaj t\u00eb<\/p>\n","protected":false},"author":1,"featured_media":0,"comment_status":"open","ping_status":"open","sticky":false,"template":"","format":"standard","meta":{"_acf_changed":false,"pagelayer_contact_templates":[],"_pagelayer_content":"","inline_featured_image":false,"fifu_image_url":"","fifu_image_alt":"","footnotes":""},"categories":[108],"tags":[143,192,196,201,212],"class_list":["post-869","post","type-post","status-publish","format-standard","hentry","category-lajme","tag-143","tag-krishtlindje","tag-tirane","tag-kryepiskopi-anastas","tag-lajme-d27"],"acf":[],"yoast_head":"<!-- This site is optimized with the Yoast SEO plugin v27.2 - https:\/\/yoast.com\/product\/yoast-seo-wordpress\/ -->\n<title>Krishtlindjet n\u00eb Tiran\u00eb, nj\u00eb fest\u00eb me urime dhe mesazhe t\u00eb panum\u00ebrta. (2011) - Kisha Orthodh\u03bfkse Autoqefale e Shqip\u00ebris\u00eb<\/title>\n<meta name=\"robots\" content=\"index, follow, max-snippet:-1, max-image-preview:large, max-video-preview:-1\" \/>\n<link rel=\"canonical\" href=\"https:\/\/orthodoxalbania.org\/2020\/2013\/03\/21\/krishtlindjet-ne-tirane-nje-feste-me-urime-dhe-mesazhe-te-panumerta\/\" \/>\n<meta property=\"og:locale\" content=\"en_US\" \/>\n<meta property=\"og:type\" content=\"article\" \/>\n<meta property=\"og:title\" content=\"Krishtlindjet n\u00eb Tiran\u00eb, nj\u00eb fest\u00eb me urime dhe mesazhe t\u00eb panum\u00ebrta. (2011) - Kisha Orthodh\u03bfkse Autoqefale e Shqip\u00ebris\u00eb\" \/>\n<meta property=\"og:description\" content=\"&nbsp;&nbsp; Atmosfera festive e Krishtlindjeve n\u00eb Tiran\u00eb nisi t\u00eb ndihej q\u00eb m\u00eb par\u00eb, me p\u00ebrgatitjet p\u00ebr ta pritur sa m\u00eb mir\u00eb Krishtin-Foshnje, pas nj\u00eb periudhe t\u00eb gjat\u00eb p\u00ebrgatitore lutjeje dhe kreshmimi. Kremtimi i par\u00eb ishte ai t\u00eb Diel\u00ebn e Para-Krishtlindjes, pasditen e s\u00eb cil\u00ebs besimtar\u00ebt t\u00eb mbledhur n\u00eb kish\u00ebn \u201cUngjill\u00ebzimi i Per\u00ebndilind\u00ebses Mari\u201d, mor\u00ebn pjes\u00eb n\u00eb Misterin e Efqelis\u00eb, at\u00eb t\u00eb lyerjes me vaj t\u00eb\" \/>\n<meta property=\"og:url\" content=\"https:\/\/orthodoxalbania.org\/2020\/2013\/03\/21\/krishtlindjet-ne-tirane-nje-feste-me-urime-dhe-mesazhe-te-panumerta\/\" \/>\n<meta property=\"og:site_name\" content=\"Kisha Orthodh\u03bfkse Autoqefale e Shqip\u00ebris\u00eb\" \/>\n<meta property=\"article:publisher\" content=\"https:\/\/www.facebook.com\/koash1991\" \/>\n<meta property=\"article:published_time\" content=\"2013-03-21T10:22:28+00:00\" \/>\n<meta property=\"article:modified_time\" content=\"2020-04-06T20:31:56+00:00\" \/>\n<meta property=\"og:image\" content=\"https:\/\/lh5.googleusercontent.com\/-gy3vaHJ1HRU\/VARRp3OjODI\/AAAAAAAACpo\/-4qhNcRWTQg\/w432-h291-no\/1.jpg\" \/>\n<meta name=\"author\" content=\"Kisha Orthodhokse\" \/>\n<meta name=\"twitter:card\" content=\"summary_large_image\" \/>\n<meta name=\"twitter:label1\" content=\"Written by\" \/>\n\t<meta name=\"twitter:data1\" content=\"Kisha Orthodhokse\" \/>\n\t<meta name=\"twitter:label2\" content=\"Est. reading time\" \/>\n\t<meta name=\"twitter:data2\" content=\"3 minutes\" \/>\n<script type=\"application\/ld+json\" class=\"yoast-schema-graph\">{\"@context\":\"https:\/\/schema.org\",\"@graph\":[{\"@type\":\"Article\",\"@id\":\"https:\/\/orthodoxalbania.org\/2020\/2013\/03\/21\/krishtlindjet-ne-tirane-nje-feste-me-urime-dhe-mesazhe-te-panumerta\/#article\",\"isPartOf\":{\"@id\":\"https:\/\/orthodoxalbania.org\/2020\/2013\/03\/21\/krishtlindjet-ne-tirane-nje-feste-me-urime-dhe-mesazhe-te-panumerta\/\"},\"author\":{\"name\":\"Kisha Orthodhokse\",\"@id\":\"https:\/\/orthodoxalbania.org\/2020\/#\/schema\/person\/0c387634a7063ac612d7ed9ce71c7e86\"},\"headline\":\"Krishtlindjet n\u00eb Tiran\u00eb, nj\u00eb fest\u00eb me urime dhe mesazhe t\u00eb panum\u00ebrta. (2011)\",\"datePublished\":\"2013-03-21T10:22:28+00:00\",\"dateModified\":\"2020-04-06T20:31:56+00:00\",\"mainEntityOfPage\":{\"@id\":\"https:\/\/orthodoxalbania.org\/2020\/2013\/03\/21\/krishtlindjet-ne-tirane-nje-feste-me-urime-dhe-mesazhe-te-panumerta\/\"},\"wordCount\":621,\"commentCount\":0,\"publisher\":{\"@id\":\"https:\/\/orthodoxalbania.org\/2020\/#organization\"},\"image\":{\"@id\":\"https:\/\/orthodoxalbania.org\/2020\/2013\/03\/21\/krishtlindjet-ne-tirane-nje-feste-me-urime-dhe-mesazhe-te-panumerta\/#primaryimage\"},\"thumbnailUrl\":\"https:\/\/lh5.googleusercontent.com\/-gy3vaHJ1HRU\/VARRp3OjODI\/AAAAAAAACpo\/-4qhNcRWTQg\/w432-h291-no\/1.jpg\",\"keywords\":[\"2011\",\"Krishtlindje\",\"Kryepiskopata Tiran\u00eb\",\"Kryepiskopi Anastas\",\"lajme\"],\"articleSection\":[\"Lajme\"],\"inLanguage\":\"en-US\"},{\"@type\":\"WebPage\",\"@id\":\"https:\/\/orthodoxalbania.org\/2020\/2013\/03\/21\/krishtlindjet-ne-tirane-nje-feste-me-urime-dhe-mesazhe-te-panumerta\/\",\"url\":\"https:\/\/orthodoxalbania.org\/2020\/2013\/03\/21\/krishtlindjet-ne-tirane-nje-feste-me-urime-dhe-mesazhe-te-panumerta\/\",\"name\":\"Krishtlindjet n\u00eb Tiran\u00eb, nj\u00eb fest\u00eb me urime dhe mesazhe t\u00eb panum\u00ebrta. (2011) - Kisha Orthodh\u03bfkse Autoqefale e Shqip\u00ebris\u00eb\",\"isPartOf\":{\"@id\":\"https:\/\/orthodoxalbania.org\/2020\/#website\"},\"primaryImageOfPage\":{\"@id\":\"https:\/\/orthodoxalbania.org\/2020\/2013\/03\/21\/krishtlindjet-ne-tirane-nje-feste-me-urime-dhe-mesazhe-te-panumerta\/#primaryimage\"},\"image\":{\"@id\":\"https:\/\/orthodoxalbania.org\/2020\/2013\/03\/21\/krishtlindjet-ne-tirane-nje-feste-me-urime-dhe-mesazhe-te-panumerta\/#primaryimage\"},\"thumbnailUrl\":\"https:\/\/lh5.googleusercontent.com\/-gy3vaHJ1HRU\/VARRp3OjODI\/AAAAAAAACpo\/-4qhNcRWTQg\/w432-h291-no\/1.jpg\",\"datePublished\":\"2013-03-21T10:22:28+00:00\",\"dateModified\":\"2020-04-06T20:31:56+00:00\",\"breadcrumb\":{\"@id\":\"https:\/\/orthodoxalbania.org\/2020\/2013\/03\/21\/krishtlindjet-ne-tirane-nje-feste-me-urime-dhe-mesazhe-te-panumerta\/#breadcrumb\"},\"inLanguage\":\"en-US\",\"potentialAction\":[{\"@type\":\"ReadAction\",\"target\":[\"https:\/\/orthodoxalbania.org\/2020\/2013\/03\/21\/krishtlindjet-ne-tirane-nje-feste-me-urime-dhe-mesazhe-te-panumerta\/\"]}]},{\"@type\":\"ImageObject\",\"inLanguage\":\"en-US\",\"@id\":\"https:\/\/orthodoxalbania.org\/2020\/2013\/03\/21\/krishtlindjet-ne-tirane-nje-feste-me-urime-dhe-mesazhe-te-panumerta\/#primaryimage\",\"url\":\"https:\/\/lh5.googleusercontent.com\/-gy3vaHJ1HRU\/VARRp3OjODI\/AAAAAAAACpo\/-4qhNcRWTQg\/w432-h291-no\/1.jpg\",\"contentUrl\":\"https:\/\/lh5.googleusercontent.com\/-gy3vaHJ1HRU\/VARRp3OjODI\/AAAAAAAACpo\/-4qhNcRWTQg\/w432-h291-no\/1.jpg\"},{\"@type\":\"BreadcrumbList\",\"@id\":\"https:\/\/orthodoxalbania.org\/2020\/2013\/03\/21\/krishtlindjet-ne-tirane-nje-feste-me-urime-dhe-mesazhe-te-panumerta\/#breadcrumb\",\"itemListElement\":[{\"@type\":\"ListItem\",\"position\":1,\"name\":\"Home\",\"item\":\"https:\/\/orthodoxalbania.org\/2020\/\"},{\"@type\":\"ListItem\",\"position\":2,\"name\":\"Krishtlindjet n\u00eb Tiran\u00eb, nj\u00eb fest\u00eb me urime dhe mesazhe t\u00eb panum\u00ebrta. (2011)\"}]},{\"@type\":\"WebSite\",\"@id\":\"https:\/\/orthodoxalbania.org\/2020\/#website\",\"url\":\"https:\/\/orthodoxalbania.org\/2020\/\",\"name\":\"Kisha Orthodh\u03bfkse Autoqefale e Shqip\u00ebris\u00eb\",\"description\":\"Fqja Zyrtare e Kish\u00ebs Orthodhokse Autoqefale e Shqip\u00ebris\u00eb me lajmet edhe informacionet zyrtare p\u00ebr struktur\u00ebn edhe veprimtarin e saj.\",\"publisher\":{\"@id\":\"https:\/\/orthodoxalbania.org\/2020\/#organization\"},\"potentialAction\":[{\"@type\":\"SearchAction\",\"target\":{\"@type\":\"EntryPoint\",\"urlTemplate\":\"https:\/\/orthodoxalbania.org\/2020\/?s={search_term_string}\"},\"query-input\":{\"@type\":\"PropertyValueSpecification\",\"valueRequired\":true,\"valueName\":\"search_term_string\"}}],\"inLanguage\":\"en-US\"},{\"@type\":\"Organization\",\"@id\":\"https:\/\/orthodoxalbania.org\/2020\/#organization\",\"name\":\"Kisha Orthodhokse Autoqefale e Shqip\u00ebris\u00eb\",\"url\":\"https:\/\/orthodoxalbania.org\/2020\/\",\"logo\":{\"@type\":\"ImageObject\",\"inLanguage\":\"en-US\",\"@id\":\"https:\/\/orthodoxalbania.org\/2020\/#\/schema\/logo\/image\/\",\"url\":\"https:\/\/orthodoxalbania.org\/2020\/wp-content\/uploads\/2020\/05\/albania.jpeg\",\"contentUrl\":\"https:\/\/orthodoxalbania.org\/2020\/wp-content\/uploads\/2020\/05\/albania.jpeg\",\"width\":540,\"height\":540,\"caption\":\"Kisha Orthodhokse Autoqefale e Shqip\u00ebris\u00eb\"},\"image\":{\"@id\":\"https:\/\/orthodoxalbania.org\/2020\/#\/schema\/logo\/image\/\"},\"sameAs\":[\"https:\/\/www.facebook.com\/koash1991\"]},{\"@type\":\"Person\",\"@id\":\"https:\/\/orthodoxalbania.org\/2020\/#\/schema\/person\/0c387634a7063ac612d7ed9ce71c7e86\",\"name\":\"Kisha Orthodhokse\",\"image\":{\"@type\":\"ImageObject\",\"inLanguage\":\"en-US\",\"@id\":\"https:\/\/secure.gravatar.com\/avatar\/596e7c417251e30f2fbb9c00e026fce61a695a00e51c889caded71c96cbbdde5?s=96&d=mm&r=g\",\"url\":\"https:\/\/secure.gravatar.com\/avatar\/596e7c417251e30f2fbb9c00e026fce61a695a00e51c889caded71c96cbbdde5?s=96&d=mm&r=g\",\"contentUrl\":\"https:\/\/secure.gravatar.com\/avatar\/596e7c417251e30f2fbb9c00e026fce61a695a00e51c889caded71c96cbbdde5?s=96&d=mm&r=g\",\"caption\":\"Kisha Orthodhokse\"}}]}<\/script>\n<!-- \/ Yoast SEO plugin. -->","yoast_head_json":{"title":"Krishtlindjet n\u00eb Tiran\u00eb, nj\u00eb fest\u00eb me urime dhe mesazhe t\u00eb panum\u00ebrta. (2011) - Kisha Orthodh\u03bfkse Autoqefale e Shqip\u00ebris\u00eb","robots":{"index":"index","follow":"follow","max-snippet":"max-snippet:-1","max-image-preview":"max-image-preview:large","max-video-preview":"max-video-preview:-1"},"canonical":"https:\/\/orthodoxalbania.org\/2020\/2013\/03\/21\/krishtlindjet-ne-tirane-nje-feste-me-urime-dhe-mesazhe-te-panumerta\/","og_locale":"en_US","og_type":"article","og_title":"Krishtlindjet n\u00eb Tiran\u00eb, nj\u00eb fest\u00eb me urime dhe mesazhe t\u00eb panum\u00ebrta. (2011) - Kisha Orthodh\u03bfkse Autoqefale e Shqip\u00ebris\u00eb","og_description":"&nbsp;&nbsp; Atmosfera festive e Krishtlindjeve n\u00eb Tiran\u00eb nisi t\u00eb ndihej q\u00eb m\u00eb par\u00eb, me p\u00ebrgatitjet p\u00ebr ta pritur sa m\u00eb mir\u00eb Krishtin-Foshnje, pas nj\u00eb periudhe t\u00eb gjat\u00eb p\u00ebrgatitore lutjeje dhe kreshmimi. Kremtimi i par\u00eb ishte ai t\u00eb Diel\u00ebn e Para-Krishtlindjes, pasditen e s\u00eb cil\u00ebs besimtar\u00ebt t\u00eb mbledhur n\u00eb kish\u00ebn \u201cUngjill\u00ebzimi i Per\u00ebndilind\u00ebses Mari\u201d, mor\u00ebn pjes\u00eb n\u00eb Misterin e Efqelis\u00eb, at\u00eb t\u00eb lyerjes me vaj t\u00eb","og_url":"https:\/\/orthodoxalbania.org\/2020\/2013\/03\/21\/krishtlindjet-ne-tirane-nje-feste-me-urime-dhe-mesazhe-te-panumerta\/","og_site_name":"Kisha Orthodh\u03bfkse Autoqefale e Shqip\u00ebris\u00eb","article_publisher":"https:\/\/www.facebook.com\/koash1991","article_published_time":"2013-03-21T10:22:28+00:00","article_modified_time":"2020-04-06T20:31:56+00:00","og_image":[{"url":"https:\/\/lh5.googleusercontent.com\/-gy3vaHJ1HRU\/VARRp3OjODI\/AAAAAAAACpo\/-4qhNcRWTQg\/w432-h291-no\/1.jpg","type":"","width":"","height":""}],"author":"Kisha Orthodhokse","twitter_card":"summary_large_image","twitter_misc":{"Written by":"Kisha Orthodhokse","Est. reading time":"3 minutes"},"schema":{"@context":"https:\/\/schema.org","@graph":[{"@type":"Article","@id":"https:\/\/orthodoxalbania.org\/2020\/2013\/03\/21\/krishtlindjet-ne-tirane-nje-feste-me-urime-dhe-mesazhe-te-panumerta\/#article","isPartOf":{"@id":"https:\/\/orthodoxalbania.org\/2020\/2013\/03\/21\/krishtlindjet-ne-tirane-nje-feste-me-urime-dhe-mesazhe-te-panumerta\/"},"author":{"name":"Kisha Orthodhokse","@id":"https:\/\/orthodoxalbania.org\/2020\/#\/schema\/person\/0c387634a7063ac612d7ed9ce71c7e86"},"headline":"Krishtlindjet n\u00eb Tiran\u00eb, nj\u00eb fest\u00eb me urime dhe mesazhe t\u00eb panum\u00ebrta. (2011)","datePublished":"2013-03-21T10:22:28+00:00","dateModified":"2020-04-06T20:31:56+00:00","mainEntityOfPage":{"@id":"https:\/\/orthodoxalbania.org\/2020\/2013\/03\/21\/krishtlindjet-ne-tirane-nje-feste-me-urime-dhe-mesazhe-te-panumerta\/"},"wordCount":621,"commentCount":0,"publisher":{"@id":"https:\/\/orthodoxalbania.org\/2020\/#organization"},"image":{"@id":"https:\/\/orthodoxalbania.org\/2020\/2013\/03\/21\/krishtlindjet-ne-tirane-nje-feste-me-urime-dhe-mesazhe-te-panumerta\/#primaryimage"},"thumbnailUrl":"https:\/\/lh5.googleusercontent.com\/-gy3vaHJ1HRU\/VARRp3OjODI\/AAAAAAAACpo\/-4qhNcRWTQg\/w432-h291-no\/1.jpg","keywords":["2011","Krishtlindje","Kryepiskopata Tiran\u00eb","Kryepiskopi Anastas","lajme"],"articleSection":["Lajme"],"inLanguage":"en-US"},{"@type":"WebPage","@id":"https:\/\/orthodoxalbania.org\/2020\/2013\/03\/21\/krishtlindjet-ne-tirane-nje-feste-me-urime-dhe-mesazhe-te-panumerta\/","url":"https:\/\/orthodoxalbania.org\/2020\/2013\/03\/21\/krishtlindjet-ne-tirane-nje-feste-me-urime-dhe-mesazhe-te-panumerta\/","name":"Krishtlindjet n\u00eb Tiran\u00eb, nj\u00eb fest\u00eb me urime dhe mesazhe t\u00eb panum\u00ebrta. (2011) - Kisha Orthodh\u03bfkse Autoqefale e Shqip\u00ebris\u00eb","isPartOf":{"@id":"https:\/\/orthodoxalbania.org\/2020\/#website"},"primaryImageOfPage":{"@id":"https:\/\/orthodoxalbania.org\/2020\/2013\/03\/21\/krishtlindjet-ne-tirane-nje-feste-me-urime-dhe-mesazhe-te-panumerta\/#primaryimage"},"image":{"@id":"https:\/\/orthodoxalbania.org\/2020\/2013\/03\/21\/krishtlindjet-ne-tirane-nje-feste-me-urime-dhe-mesazhe-te-panumerta\/#primaryimage"},"thumbnailUrl":"https:\/\/lh5.googleusercontent.com\/-gy3vaHJ1HRU\/VARRp3OjODI\/AAAAAAAACpo\/-4qhNcRWTQg\/w432-h291-no\/1.jpg","datePublished":"2013-03-21T10:22:28+00:00","dateModified":"2020-04-06T20:31:56+00:00","breadcrumb":{"@id":"https:\/\/orthodoxalbania.org\/2020\/2013\/03\/21\/krishtlindjet-ne-tirane-nje-feste-me-urime-dhe-mesazhe-te-panumerta\/#breadcrumb"},"inLanguage":"en-US","potentialAction":[{"@type":"ReadAction","target":["https:\/\/orthodoxalbania.org\/2020\/2013\/03\/21\/krishtlindjet-ne-tirane-nje-feste-me-urime-dhe-mesazhe-te-panumerta\/"]}]},{"@type":"ImageObject","inLanguage":"en-US","@id":"https:\/\/orthodoxalbania.org\/2020\/2013\/03\/21\/krishtlindjet-ne-tirane-nje-feste-me-urime-dhe-mesazhe-te-panumerta\/#primaryimage","url":"https:\/\/lh5.googleusercontent.com\/-gy3vaHJ1HRU\/VARRp3OjODI\/AAAAAAAACpo\/-4qhNcRWTQg\/w432-h291-no\/1.jpg","contentUrl":"https:\/\/lh5.googleusercontent.com\/-gy3vaHJ1HRU\/VARRp3OjODI\/AAAAAAAACpo\/-4qhNcRWTQg\/w432-h291-no\/1.jpg"},{"@type":"BreadcrumbList","@id":"https:\/\/orthodoxalbania.org\/2020\/2013\/03\/21\/krishtlindjet-ne-tirane-nje-feste-me-urime-dhe-mesazhe-te-panumerta\/#breadcrumb","itemListElement":[{"@type":"ListItem","position":1,"name":"Home","item":"https:\/\/orthodoxalbania.org\/2020\/"},{"@type":"ListItem","position":2,"name":"Krishtlindjet n\u00eb Tiran\u00eb, nj\u00eb fest\u00eb me urime dhe mesazhe t\u00eb panum\u00ebrta. (2011)"}]},{"@type":"WebSite","@id":"https:\/\/orthodoxalbania.org\/2020\/#website","url":"https:\/\/orthodoxalbania.org\/2020\/","name":"Kisha Orthodh\u03bfkse Autoqefale e Shqip\u00ebris\u00eb","description":"Fqja Zyrtare e Kish\u00ebs Orthodhokse Autoqefale e Shqip\u00ebris\u00eb me lajmet edhe informacionet zyrtare p\u00ebr struktur\u00ebn edhe veprimtarin e saj.","publisher":{"@id":"https:\/\/orthodoxalbania.org\/2020\/#organization"},"potentialAction":[{"@type":"SearchAction","target":{"@type":"EntryPoint","urlTemplate":"https:\/\/orthodoxalbania.org\/2020\/?s={search_term_string}"},"query-input":{"@type":"PropertyValueSpecification","valueRequired":true,"valueName":"search_term_string"}}],"inLanguage":"en-US"},{"@type":"Organization","@id":"https:\/\/orthodoxalbania.org\/2020\/#organization","name":"Kisha Orthodhokse Autoqefale e Shqip\u00ebris\u00eb","url":"https:\/\/orthodoxalbania.org\/2020\/","logo":{"@type":"ImageObject","inLanguage":"en-US","@id":"https:\/\/orthodoxalbania.org\/2020\/#\/schema\/logo\/image\/","url":"https:\/\/orthodoxalbania.org\/2020\/wp-content\/uploads\/2020\/05\/albania.jpeg","contentUrl":"https:\/\/orthodoxalbania.org\/2020\/wp-content\/uploads\/2020\/05\/albania.jpeg","width":540,"height":540,"caption":"Kisha Orthodhokse Autoqefale e Shqip\u00ebris\u00eb"},"image":{"@id":"https:\/\/orthodoxalbania.org\/2020\/#\/schema\/logo\/image\/"},"sameAs":["https:\/\/www.facebook.com\/koash1991"]},{"@type":"Person","@id":"https:\/\/orthodoxalbania.org\/2020\/#\/schema\/person\/0c387634a7063ac612d7ed9ce71c7e86","name":"Kisha Orthodhokse","image":{"@type":"ImageObject","inLanguage":"en-US","@id":"https:\/\/secure.gravatar.com\/avatar\/596e7c417251e30f2fbb9c00e026fce61a695a00e51c889caded71c96cbbdde5?s=96&d=mm&r=g","url":"https:\/\/secure.gravatar.com\/avatar\/596e7c417251e30f2fbb9c00e026fce61a695a00e51c889caded71c96cbbdde5?s=96&d=mm&r=g","contentUrl":"https:\/\/secure.gravatar.com\/avatar\/596e7c417251e30f2fbb9c00e026fce61a695a00e51c889caded71c96cbbdde5?s=96&d=mm&r=g","caption":"Kisha Orthodhokse"}}]}},"_links":{"self":[{"href":"https:\/\/orthodoxalbania.org\/2020\/wp-json\/wp\/v2\/posts\/869","targetHints":{"allow":["GET"]}}],"collection":[{"href":"https:\/\/orthodoxalbania.org\/2020\/wp-json\/wp\/v2\/posts"}],"about":[{"href":"https:\/\/orthodoxalbania.org\/2020\/wp-json\/wp\/v2\/types\/post"}],"author":[{"embeddable":true,"href":"https:\/\/orthodoxalbania.org\/2020\/wp-json\/wp\/v2\/users\/1"}],"replies":[{"embeddable":true,"href":"https:\/\/orthodoxalbania.org\/2020\/wp-json\/wp\/v2\/comments?post=869"}],"version-history":[{"count":1,"href":"https:\/\/orthodoxalbania.org\/2020\/wp-json\/wp\/v2\/posts\/869\/revisions"}],"predecessor-version":[{"id":15351,"href":"https:\/\/orthodoxalbania.org\/2020\/wp-json\/wp\/v2\/posts\/869\/revisions\/15351"}],"wp:attachment":[{"href":"https:\/\/orthodoxalbania.org\/2020\/wp-json\/wp\/v2\/media?parent=869"}],"wp:term":[{"taxonomy":"category","embeddable":true,"href":"https:\/\/orthodoxalbania.org\/2020\/wp-json\/wp\/v2\/categories?post=869"},{"taxonomy":"post_tag","embeddable":true,"href":"https:\/\/orthodoxalbania.org\/2020\/wp-json\/wp\/v2\/tags?post=869"}],"curies":[{"name":"wp","href":"https:\/\/api.w.org\/{rel}","templated":true}]}}