{"id":868,"date":"2007-02-26T00:00:00","date_gmt":"2007-02-26T00:00:00","guid":{"rendered":""},"modified":"2020-04-06T22:35:52","modified_gmt":"2020-04-06T20:35:52","slug":"krishtlindjet-ne-gjirokaster-dhjetor-2007","status":"publish","type":"post","link":"https:\/\/orthodoxalbania.org\/2020\/2007\/02\/26\/krishtlindjet-ne-gjirokaster-dhjetor-2007\/","title":{"rendered":"Krishtlindjet n\u00eb Gjirokast\u00ebr. (Dhjetor 2007)"},"content":{"rendered":"<p style=\"text-align: justify;\"><span style=\"color: #000000;\"><span style=\"font-family: tahoma,geneva,sans-serif;\"><span style=\"font-size: 12px;\">&nbsp;&nbsp;&nbsp; Besimtar\u00ebt orthodhoks\u00eb n\u00eb Mitropolin\u00eb e Gjirokastr\u00ebs e kremtuan Krishtlindjen me lutje dhe g\u00ebzimin e lindjes s\u00eb Shp\u00ebtimtarit Jisu Krisht, n\u00eb nj\u00eb atmosfer\u00eb t\u00eb ndri\u00e7uar nga dritat e shumta t\u00eb fest\u00ebs. N\u00eb t\u00eb gjitha kishat e k\u00ebsaj dioqeze, q\u00eb prej disa dit\u00ebsh ishin b\u00ebr\u00eb gati festimet. Edhe Bashkia e Gjirokastr\u00ebs kishte menduar q\u00eb n\u00eb rrug\u00ebt e qytetit t\u00eb vendosej parullat \u201cG\u00ebzuar Krishtlindjen\u201d si edhe t\u00eb organizoheshin ceremoni festive. Vlen t\u00eb p\u00ebrmendet koncerti i madh q\u00eb u zhvillua me k\u00ebt\u00eb rast n\u00eb sall\u00ebn kryesore t\u00eb Kinoteatrit nga Mitropolia e Gjirokastr\u00ebs n\u00eb bashk\u00ebpunim me Bashkin\u00eb e qytetit, ku merrnin pjes\u00eb jo vet\u00ebm personalitete fetare dhe politike, por edhe besimtar\u00eb e artdash\u00ebs t\u00eb shumt\u00eb t\u00eb jugut.<\/span><\/span><\/span><\/p>\n<p style=\"text-align: justify;\"><span style=\"color: #000000;\"><span style=\"font-family: tahoma,geneva,sans-serif;\"><span style=\"font-size: 12px;\"><img decoding=\"async\" class=\"lazyload HAa Eha\" style=\"border-width: 1px; border-style: solid; margin: 10px; float: left;\" alt=\"\" src=\"data:image\/gif;base64,R0lGODlhAQABAAAAACH5BAEKAAEALAAAAAABAAEAAAICTAEAOw==\" data-orig-src=\"https:\/\/lh4.googleusercontent.com\/-OZja3bKqOkc\/VIvpzfFn2iI\/AAAAAAAAHPw\/XbgT77Oyn6o\/w400-h300-no\/1[1].jpg\" \/>&nbsp;&nbsp;&nbsp; M\u00eb 24 dhjetor, n\u00eb Mbr\u00ebm\u00ebsoren e k\u00ebsaj t\u00eb kremteje, Mitropoliti i Gjirokastr\u00ebs, Imzot Dhimitri, i ftoi besimtar\u00ebt orthodhoks\u00eb gjirokastrit\u00eb t\u00eb merrnin pjes\u00eb n\u00eb sh\u00ebrbes\u00ebn e Liturgjis\u00eb Hyjnore q\u00eb do t\u00eb zhvillohej t\u00eb nes\u00ebrmen n\u00eb kish\u00ebn \u201cMetamorfoza e Shp\u00ebtimtarit\u201d, me q\u00ebllim q\u00eb ata t\u00eb ishin s\u00eb bashku k\u00ebt\u00eb t\u00eb kremte.<\/span><\/span><\/span><\/p>\n<p style=\"text-align: justify;\"><span style=\"color: #000000;\"><span style=\"font-family: tahoma,geneva,sans-serif;\"><span style=\"font-size: 12px;\">&nbsp;&nbsp;&nbsp; Q\u00eb n\u00eb or\u00ebt e para t\u00eb m\u00ebngjesit, besimtar\u00ebt kishin ardhur p\u00ebr t\u00eb marr\u00eb pjes\u00eb n\u00eb sh\u00ebrbesat e dit\u00ebs festive. Gjat\u00eb ceremonis\u00eb, kori i t\u00eb rejave orthodhokse bashk\u00eb me korin e t\u00eb rriturve u harmonizuan n\u00eb adhurimin e p\u00ebrbashk\u00ebt, duke i k\u00ebnduar lavd\u00ebrime bashk\u00eb me t\u00eb gjith\u00eb besimtar\u00ebt, Shp\u00ebtimtarit t\u00eb porsalindur. Mitropoliti lexoi para besimtar\u00ebve mesazhin e Kryepiskopit Anastas, duke uruar m\u00eb shum\u00eb dashuri, besim dhe shpres\u00eb p\u00ebr t\u00eb ardhmen.<\/span><\/span><\/span><\/p>\n<p style=\"text-align: justify;\"><span style=\"color: #000000;\"><span style=\"font-family: tahoma,geneva,sans-serif;\"><span style=\"font-size: 12px;\">&nbsp;&nbsp;&nbsp; Atmosfera e fest\u00ebs vijoi p\u00ebr disa dit\u00eb, me takime t\u00eb shumta, urime dhe p\u00ebrsh\u00ebndetje mes klerik\u00ebve e besimtar\u00ebve, t\u00eb cil\u00ebt k\u00ebto dit\u00eb t\u00eb bekuara i festuan s\u00eb bashku sipas tradit\u00ebs s\u00eb shenjt\u00eb orthodhokse.<\/span><\/span><\/span><\/p>\n<p style=\"text-align: justify;\"><span style=\"color: #000000;\"><span style=\"font-family: tahoma,geneva,sans-serif;\"><span style=\"font-size: 12px;\">&nbsp;&nbsp;&nbsp; Brenda k\u00ebsaj periudhe festive, Imzot Dhimitri organizoi edhe nj\u00eb aktivitet p\u00ebr t\u00eb rinjt\u00eb, p\u00ebr t\u00eb dytin vit, duke ftuar t\u00eb rinj nga t\u00eb gjitha zonat jugore p\u00ebr t\u00eb festuar s\u00eb bashku Krishtlindjen dhe Vitin e Ri 2008. Jo vet\u00ebm aktivist\u00ebt n\u00eb veprimtarit\u00eb e p\u00ebrhershme t\u00eb Mitropolis\u00eb por edhe \u201ct\u00eb larguarit\u201d, student\u00eb brenda dhe jasht\u00eb vendit, duke kaluar k\u00ebshtu nj\u00eb dit\u00eb t\u00eb ve\u00e7ant\u00eb me Hir\u00ebsi Dhimitrin.&nbsp;<\/span><\/span><\/span><\/p>\n<p style=\"text-align: justify;\"><span style=\"color: #000000;\"><span style=\"font-family: tahoma,geneva,sans-serif;\"><span style=\"font-size: 12px;\"><img decoding=\"async\" class=\"lazyload HAa Eha\" style=\"border-width: 1px; border-style: solid; margin: 10px; float: right;\" alt=\"\" src=\"data:image\/gif;base64,R0lGODlhAQABAAAAACH5BAEKAAEALAAAAAABAAEAAAICTAEAOw==\" data-orig-src=\"https:\/\/lh5.googleusercontent.com\/-aXpt6rMhilk\/VIvpzRbI4nI\/AAAAAAAAHP0\/y5T_p_qAAjs\/w400-h300-no\/2[1].jpg\" \/>&nbsp;&nbsp;&nbsp; T\u00eb diel\u00ebn, m\u00eb 30 dhjetor, n\u00eb kish\u00ebn e Liceut Kishtar \u201cKryqi i Nderuar\u201d u zhvillua Liturgjia Hyjnore e drejtuar nga Hir\u00ebsi Dhimitri, n\u00eb pranin\u00eb e rreth 80 t\u00eb rinjve. Gjat\u00eb ceremonis\u00eb, ai iu kujtoi t\u00eb rinjve r\u00ebnd\u00ebsin\u00eb e jet\u00ebs shpirt\u00ebrore, nj\u00eb jet\u00eb q\u00eb t\u00eb afron me Per\u00ebndin\u00eb.<\/span><\/span><\/span><\/p>\n<p style=\"text-align: justify;\"><span style=\"color: #000000;\"><span style=\"font-family: tahoma,geneva,sans-serif;\"><span style=\"font-size: 12px;\">&nbsp;&nbsp;&nbsp; \u201cMe an\u00eb t\u00eb mistereve t\u00eb Kish\u00ebs ne marrim pjes\u00eb n\u00eb Mbret\u00ebrin\u00eb e Per\u00ebndis\u00eb, duke u b\u00ebr\u00eb qeliza t\u00eb gjalla t\u00eb Trupit t\u00eb Krishtit, q\u00eb \u00ebsht\u00eb Kisha e Tij. Ju jeni e tashmja e Kish\u00ebs son\u00eb dhe perspektiva e saj\u201d \u2013 theksoi Hir\u00ebsi Dhimitri.<\/span><\/span><\/span><\/p>\n<p style=\"text-align: justify;\"><span style=\"color: #000000;\"><span style=\"font-family: tahoma,geneva,sans-serif;\"><span style=\"font-size: 12px;\">&nbsp;&nbsp;&nbsp; Pas Liturgjis\u00eb Hyjnore, t\u00eb rinjt\u00eb u mblodh\u00ebn n\u00eb ambientet e bibliotek\u00ebs s\u00eb liceut p\u00ebr t\u00eb ndjekur takimin, ku nuk mungonin edhe t\u00eb ftuarit e ve\u00e7ant\u00eb, t\u00eb cil\u00ebt referuan mbi \u00e7\u00ebshtje jet\u00ebsore t\u00eb besimit dhe tradit\u00ebs s\u00eb shenjt\u00eb orthodhokse. I pari e mori fjal\u00ebn m\u00ebsuesi i let\u00ebrsis\u00eb n\u00eb Liceun Kishtar t\u00eb Gjirokastr\u00ebs, z. Odhise \u00c7erkezi. Ai foli mbi tem\u00ebn \u201cMos mblidhni thesare p\u00ebr veten tuaj mbi dh\u00e9\u2026(Ungjilli sipas Mattheut). Vlera e m\u00ebsimeve t\u00eb Kish\u00ebs nuk \u00e7mohet dot dhe ato jan\u00eb b\u00ebr\u00eb p\u00ebrher\u00eb udh\u00ebheqje p\u00ebr veprim n\u00eb rrug\u00ebn e historis\u00eb njer\u00ebzore. N\u00eb k\u00ebt\u00eb k\u00ebndv\u00ebshtrim, duke u ndalur n\u00eb shembuj t\u00eb shkrimtar\u00ebve n\u00eb z\u00eb bot\u00ebror\u00eb, z. \u00c7erkezi n\u00ebnvizoi se diskursi biblik \u00ebsht\u00eb i pranish\u00ebm gjer\u00ebsisht n\u00eb let\u00ebrsin\u00eb bot\u00ebrore, me nj\u00eb synim t\u00eb vet\u00ebm: ta afrojn\u00eb njeriun sa m\u00eb pran\u00eb Zotit.<\/span><\/span><\/span><\/p>\n<p style=\"text-align: justify;\"><span style=\"color: #000000;\"><span style=\"font-family: tahoma,geneva,sans-serif;\"><span style=\"font-size: 12px;\">&nbsp;&nbsp;&nbsp; N\u00eb vazhdim foli pedagogu i Universitetit t\u00eb Janin\u00ebs, z. Apostolos Papajoani, i cili u ndal n\u00eb r\u00ebnd\u00ebsin\u00eb e tradit\u00ebs orthodhokse. \u201cNe kemi shum\u00eb element\u00eb q\u00eb na bashkojn\u00eb, nj\u00eb nd\u00ebr t\u00eb cil\u00ebt dhe m\u00eb i r\u00ebnd\u00ebsishmi \u00ebsht\u00eb besimi orthodhoks me thell\u00ebsi historike. Element\u00ebt tradicional\u00eb jo thjesht mos i harroni, por b\u00ebni kujdes sepse k\u00ebta jan\u00eb element\u00ebt tuaj\u201d.<\/span><\/span><\/span><\/p>\n<p style=\"text-align: justify;\"><span style=\"color: #000000;\"><span style=\"font-family: tahoma,geneva,sans-serif;\"><span style=\"font-size: 12px;\">&nbsp;&nbsp;&nbsp; Sh\u00ebn Kozmai ka propozuar nj\u00eb vler\u00eb busull, nj\u00eb rregull q\u00eb mund t\u00eb quhej \u201chumaniz\u00ebm i krishter\u00eb\u201d: t\u00eb jemi njer\u00ebz t\u00eb drejt\u00eb, t\u00eb sinqert\u00eb, t\u00eb d\u00eblir\u00eb, t\u00eb v\u00ebrtet\u00eb n\u00eb ato q\u00eb thoni, q\u00eb b\u00ebni ose ndjeni. N\u00ebse ju zhg\u00ebnjejn\u00eb ktheni faqen, vazhdoni me njer\u00ebz t\u00eb tjer\u00eb. Bazat jan\u00eb t\u00eb nj\u00ebjtat, besim, shpres\u00eb dhe dashuri dhe m\u00eb e madhja nga k\u00ebto \u00ebsht\u00eb dashuria.<\/span><\/span><\/span><\/p>\n<p style=\"text-align: justify;\"><span style=\"color: #000000;\"><span style=\"font-family: tahoma,geneva,sans-serif;\"><span style=\"font-size: 12px;\">&nbsp;&nbsp;&nbsp; Pas dy referateve, t\u00eb rinjt\u00eb b\u00ebn\u00eb komente dhe diskutime me Mitropolitin dhe t\u00eb ftuarit, duke folur mbi \u00e7\u00ebshtjet m\u00eb t\u00eb r\u00ebnd\u00ebsishme t\u00eb jet\u00ebs spirituale. Nj\u00eb tjet\u00ebr tem\u00eb e r\u00ebnd\u00ebsishme ku u p\u00ebrqendrua diskutimi ishte organizimi i veprimtarive me rinin\u00eb orthodhokse n\u00eb enorit\u00eb e Dioqez\u00ebs. Hir\u00ebsi Dhimitri k\u00ebrkoi angazhimin e t\u00eb gjith\u00ebve p\u00ebr t\u00eb pasuruar aktivitetet me t\u00eb rinjt\u00eb, duke sjell\u00eb risi si edhe eksperienca q\u00eb t\u00eb rinjt\u00eb orthodhoks\u00eb t\u00eb Mitropolis\u00eb s\u00eb Gjirokastr\u00ebs kan\u00eb marr\u00eb nga enori t\u00eb tjera t\u00eb Kish\u00ebs. Ai i ftoi t\u00eb rinjt\u00eb t\u00eb kontribuojn\u00eb n\u00eb veprimtari t\u00eb ndryshme, duke u kujtuar se k\u00ebt\u00eb vit t\u00eb ri p\u00ebrve\u00e7 katekizmit, aktiviteteve kulturore e sportive, kampeve e ekskursioneve do t\u00eb festohet n\u00eb m\u00ebnyr\u00eb t\u00eb ve\u00e7ant\u00eb edhe 10 vjetori i Liceut Kishtar \u201cKryqi i Nderuar\u201d.<\/span><\/span><\/span><\/p>\n<p style=\"text-align: justify;\"><span style=\"color: #000000;\"><span style=\"font-family: tahoma,geneva,sans-serif;\"><span style=\"font-size: 12px;\">&nbsp;&nbsp;&nbsp; N\u00eb fund t\u00eb k\u00ebtij takimi u shtrua nj\u00eb drek\u00eb, ku pjes\u00ebmarr\u00ebsit mor\u00ebn si bekim p\u00ebr festat edhe nj\u00eb dhurat\u00eb nga Mitropoliti.&nbsp;<\/span><\/span><\/span><\/p>\n<p style=\"text-align: justify;\">&nbsp;<\/p>\n<p style=\"text-align: justify;\"><span style=\"color: #000000;\"><span style=\"font-family: tahoma,geneva,sans-serif;\"><span style=\"font-size: 12px;\"><strong>&nbsp;&nbsp;&nbsp;&nbsp; Isidor Koti<\/strong><\/span><\/span><\/span><\/p>\n","protected":false},"excerpt":{"rendered":"<p>&nbsp;&nbsp;&nbsp; Besimtar\u00ebt orthodhoks\u00eb n\u00eb Mitropolin\u00eb e Gjirokastr\u00ebs e kremtuan Krishtlindjen me lutje dhe g\u00ebzimin e lindjes s\u00eb Shp\u00ebtimtarit Jisu Krisht, n\u00eb nj\u00eb atmosfer\u00eb t\u00eb ndri\u00e7uar nga dritat e shumta t\u00eb fest\u00ebs. N\u00eb t\u00eb gjitha kishat e k\u00ebsaj dioqeze, q\u00eb prej disa dit\u00ebsh ishin b\u00ebr\u00eb gati festimet. Edhe Bashkia e Gjirokastr\u00ebs kishte menduar q\u00eb n\u00eb rrug\u00ebt e qytetit t\u00eb vendosej parullat \u201cG\u00ebzuar Krishtlindjen\u201d si edhe t\u00eb<\/p>\n","protected":false},"author":1,"featured_media":0,"comment_status":"open","ping_status":"open","sticky":false,"template":"","format":"standard","meta":{"_acf_changed":false,"pagelayer_contact_templates":[],"_pagelayer_content":"","inline_featured_image":false,"fifu_image_url":"","fifu_image_alt":"","footnotes":""},"categories":[108],"tags":[147,192,212,198],"class_list":["post-868","post","type-post","status-publish","format-standard","hentry","category-lajme","tag-147","tag-krishtlindje","tag-lajme-d27","tag-gjirokaster"],"acf":[],"yoast_head":"<!-- This site is optimized with the Yoast SEO plugin v27.2 - https:\/\/yoast.com\/product\/yoast-seo-wordpress\/ -->\n<title>Krishtlindjet n\u00eb Gjirokast\u00ebr. (Dhjetor 2007) - Kisha Orthodh\u03bfkse Autoqefale e Shqip\u00ebris\u00eb<\/title>\n<meta name=\"robots\" content=\"index, follow, max-snippet:-1, max-image-preview:large, max-video-preview:-1\" \/>\n<link rel=\"canonical\" href=\"https:\/\/orthodoxalbania.org\/2020\/2007\/02\/26\/krishtlindjet-ne-gjirokaster-dhjetor-2007\/\" \/>\n<meta property=\"og:locale\" content=\"en_US\" \/>\n<meta property=\"og:type\" content=\"article\" \/>\n<meta property=\"og:title\" content=\"Krishtlindjet n\u00eb Gjirokast\u00ebr. (Dhjetor 2007) - Kisha Orthodh\u03bfkse Autoqefale e Shqip\u00ebris\u00eb\" \/>\n<meta property=\"og:description\" content=\"&nbsp;&nbsp;&nbsp; Besimtar\u00ebt orthodhoks\u00eb n\u00eb Mitropolin\u00eb e Gjirokastr\u00ebs e kremtuan Krishtlindjen me lutje dhe g\u00ebzimin e lindjes s\u00eb Shp\u00ebtimtarit Jisu Krisht, n\u00eb nj\u00eb atmosfer\u00eb t\u00eb ndri\u00e7uar nga dritat e shumta t\u00eb fest\u00ebs. N\u00eb t\u00eb gjitha kishat e k\u00ebsaj dioqeze, q\u00eb prej disa dit\u00ebsh ishin b\u00ebr\u00eb gati festimet. Edhe Bashkia e Gjirokastr\u00ebs kishte menduar q\u00eb n\u00eb rrug\u00ebt e qytetit t\u00eb vendosej parullat \u201cG\u00ebzuar Krishtlindjen\u201d si edhe t\u00eb\" \/>\n<meta property=\"og:url\" content=\"https:\/\/orthodoxalbania.org\/2020\/2007\/02\/26\/krishtlindjet-ne-gjirokaster-dhjetor-2007\/\" \/>\n<meta property=\"og:site_name\" content=\"Kisha Orthodh\u03bfkse Autoqefale e Shqip\u00ebris\u00eb\" \/>\n<meta property=\"article:publisher\" content=\"https:\/\/www.facebook.com\/koash1991\" \/>\n<meta property=\"article:published_time\" content=\"2007-02-26T00:00:00+00:00\" \/>\n<meta property=\"article:modified_time\" content=\"2020-04-06T20:35:52+00:00\" \/>\n<meta property=\"og:image\" content=\"https:\/\/lh4.googleusercontent.com\/-OZja3bKqOkc\/VIvpzfFn2iI\/AAAAAAAAHPw\/XbgT77Oyn6o\/w400-h300-no\/1%5B1%5D.jpg\" \/>\n<meta name=\"author\" content=\"Kisha Orthodhokse\" \/>\n<meta name=\"twitter:card\" content=\"summary_large_image\" \/>\n<meta name=\"twitter:label1\" content=\"Written by\" \/>\n\t<meta name=\"twitter:data1\" content=\"Kisha Orthodhokse\" \/>\n\t<meta name=\"twitter:label2\" content=\"Est. reading time\" \/>\n\t<meta name=\"twitter:data2\" content=\"5 minutes\" \/>\n<script type=\"application\/ld+json\" class=\"yoast-schema-graph\">{\"@context\":\"https:\/\/schema.org\",\"@graph\":[{\"@type\":\"Article\",\"@id\":\"https:\/\/orthodoxalbania.org\/2020\/2007\/02\/26\/krishtlindjet-ne-gjirokaster-dhjetor-2007\/#article\",\"isPartOf\":{\"@id\":\"https:\/\/orthodoxalbania.org\/2020\/2007\/02\/26\/krishtlindjet-ne-gjirokaster-dhjetor-2007\/\"},\"author\":{\"name\":\"Kisha Orthodhokse\",\"@id\":\"https:\/\/orthodoxalbania.org\/2020\/#\/schema\/person\/0c387634a7063ac612d7ed9ce71c7e86\"},\"headline\":\"Krishtlindjet n\u00eb Gjirokast\u00ebr. (Dhjetor 2007)\",\"datePublished\":\"2007-02-26T00:00:00+00:00\",\"dateModified\":\"2020-04-06T20:35:52+00:00\",\"mainEntityOfPage\":{\"@id\":\"https:\/\/orthodoxalbania.org\/2020\/2007\/02\/26\/krishtlindjet-ne-gjirokaster-dhjetor-2007\/\"},\"wordCount\":1010,\"commentCount\":0,\"publisher\":{\"@id\":\"https:\/\/orthodoxalbania.org\/2020\/#organization\"},\"image\":{\"@id\":\"https:\/\/orthodoxalbania.org\/2020\/2007\/02\/26\/krishtlindjet-ne-gjirokaster-dhjetor-2007\/#primaryimage\"},\"thumbnailUrl\":\"https:\/\/lh4.googleusercontent.com\/-OZja3bKqOkc\/VIvpzfFn2iI\/AAAAAAAAHPw\/XbgT77Oyn6o\/w400-h300-no\/1[1].jpg\",\"keywords\":[\"2007\",\"Krishtlindje\",\"lajme\",\"Mitropolia Gjirokast\u00ebr\"],\"articleSection\":[\"Lajme\"],\"inLanguage\":\"en-US\"},{\"@type\":\"WebPage\",\"@id\":\"https:\/\/orthodoxalbania.org\/2020\/2007\/02\/26\/krishtlindjet-ne-gjirokaster-dhjetor-2007\/\",\"url\":\"https:\/\/orthodoxalbania.org\/2020\/2007\/02\/26\/krishtlindjet-ne-gjirokaster-dhjetor-2007\/\",\"name\":\"Krishtlindjet n\u00eb Gjirokast\u00ebr. (Dhjetor 2007) - Kisha Orthodh\u03bfkse Autoqefale e Shqip\u00ebris\u00eb\",\"isPartOf\":{\"@id\":\"https:\/\/orthodoxalbania.org\/2020\/#website\"},\"primaryImageOfPage\":{\"@id\":\"https:\/\/orthodoxalbania.org\/2020\/2007\/02\/26\/krishtlindjet-ne-gjirokaster-dhjetor-2007\/#primaryimage\"},\"image\":{\"@id\":\"https:\/\/orthodoxalbania.org\/2020\/2007\/02\/26\/krishtlindjet-ne-gjirokaster-dhjetor-2007\/#primaryimage\"},\"thumbnailUrl\":\"https:\/\/lh4.googleusercontent.com\/-OZja3bKqOkc\/VIvpzfFn2iI\/AAAAAAAAHPw\/XbgT77Oyn6o\/w400-h300-no\/1[1].jpg\",\"datePublished\":\"2007-02-26T00:00:00+00:00\",\"dateModified\":\"2020-04-06T20:35:52+00:00\",\"breadcrumb\":{\"@id\":\"https:\/\/orthodoxalbania.org\/2020\/2007\/02\/26\/krishtlindjet-ne-gjirokaster-dhjetor-2007\/#breadcrumb\"},\"inLanguage\":\"en-US\",\"potentialAction\":[{\"@type\":\"ReadAction\",\"target\":[\"https:\/\/orthodoxalbania.org\/2020\/2007\/02\/26\/krishtlindjet-ne-gjirokaster-dhjetor-2007\/\"]}]},{\"@type\":\"ImageObject\",\"inLanguage\":\"en-US\",\"@id\":\"https:\/\/orthodoxalbania.org\/2020\/2007\/02\/26\/krishtlindjet-ne-gjirokaster-dhjetor-2007\/#primaryimage\",\"url\":\"https:\/\/lh4.googleusercontent.com\/-OZja3bKqOkc\/VIvpzfFn2iI\/AAAAAAAAHPw\/XbgT77Oyn6o\/w400-h300-no\/1[1].jpg\",\"contentUrl\":\"https:\/\/lh4.googleusercontent.com\/-OZja3bKqOkc\/VIvpzfFn2iI\/AAAAAAAAHPw\/XbgT77Oyn6o\/w400-h300-no\/1[1].jpg\"},{\"@type\":\"BreadcrumbList\",\"@id\":\"https:\/\/orthodoxalbania.org\/2020\/2007\/02\/26\/krishtlindjet-ne-gjirokaster-dhjetor-2007\/#breadcrumb\",\"itemListElement\":[{\"@type\":\"ListItem\",\"position\":1,\"name\":\"Home\",\"item\":\"https:\/\/orthodoxalbania.org\/2020\/\"},{\"@type\":\"ListItem\",\"position\":2,\"name\":\"Krishtlindjet n\u00eb Gjirokast\u00ebr. (Dhjetor 2007)\"}]},{\"@type\":\"WebSite\",\"@id\":\"https:\/\/orthodoxalbania.org\/2020\/#website\",\"url\":\"https:\/\/orthodoxalbania.org\/2020\/\",\"name\":\"Kisha Orthodh\u03bfkse Autoqefale e Shqip\u00ebris\u00eb\",\"description\":\"Fqja Zyrtare e Kish\u00ebs Orthodhokse Autoqefale e Shqip\u00ebris\u00eb me lajmet edhe informacionet zyrtare p\u00ebr struktur\u00ebn edhe veprimtarin e saj.\",\"publisher\":{\"@id\":\"https:\/\/orthodoxalbania.org\/2020\/#organization\"},\"potentialAction\":[{\"@type\":\"SearchAction\",\"target\":{\"@type\":\"EntryPoint\",\"urlTemplate\":\"https:\/\/orthodoxalbania.org\/2020\/?s={search_term_string}\"},\"query-input\":{\"@type\":\"PropertyValueSpecification\",\"valueRequired\":true,\"valueName\":\"search_term_string\"}}],\"inLanguage\":\"en-US\"},{\"@type\":\"Organization\",\"@id\":\"https:\/\/orthodoxalbania.org\/2020\/#organization\",\"name\":\"Kisha Orthodhokse Autoqefale e Shqip\u00ebris\u00eb\",\"url\":\"https:\/\/orthodoxalbania.org\/2020\/\",\"logo\":{\"@type\":\"ImageObject\",\"inLanguage\":\"en-US\",\"@id\":\"https:\/\/orthodoxalbania.org\/2020\/#\/schema\/logo\/image\/\",\"url\":\"https:\/\/orthodoxalbania.org\/2020\/wp-content\/uploads\/2020\/05\/albania.jpeg\",\"contentUrl\":\"https:\/\/orthodoxalbania.org\/2020\/wp-content\/uploads\/2020\/05\/albania.jpeg\",\"width\":540,\"height\":540,\"caption\":\"Kisha Orthodhokse Autoqefale e Shqip\u00ebris\u00eb\"},\"image\":{\"@id\":\"https:\/\/orthodoxalbania.org\/2020\/#\/schema\/logo\/image\/\"},\"sameAs\":[\"https:\/\/www.facebook.com\/koash1991\"]},{\"@type\":\"Person\",\"@id\":\"https:\/\/orthodoxalbania.org\/2020\/#\/schema\/person\/0c387634a7063ac612d7ed9ce71c7e86\",\"name\":\"Kisha Orthodhokse\",\"image\":{\"@type\":\"ImageObject\",\"inLanguage\":\"en-US\",\"@id\":\"https:\/\/secure.gravatar.com\/avatar\/596e7c417251e30f2fbb9c00e026fce61a695a00e51c889caded71c96cbbdde5?s=96&d=mm&r=g\",\"url\":\"https:\/\/secure.gravatar.com\/avatar\/596e7c417251e30f2fbb9c00e026fce61a695a00e51c889caded71c96cbbdde5?s=96&d=mm&r=g\",\"contentUrl\":\"https:\/\/secure.gravatar.com\/avatar\/596e7c417251e30f2fbb9c00e026fce61a695a00e51c889caded71c96cbbdde5?s=96&d=mm&r=g\",\"caption\":\"Kisha Orthodhokse\"}}]}<\/script>\n<!-- \/ Yoast SEO plugin. -->","yoast_head_json":{"title":"Krishtlindjet n\u00eb Gjirokast\u00ebr. (Dhjetor 2007) - Kisha Orthodh\u03bfkse Autoqefale e Shqip\u00ebris\u00eb","robots":{"index":"index","follow":"follow","max-snippet":"max-snippet:-1","max-image-preview":"max-image-preview:large","max-video-preview":"max-video-preview:-1"},"canonical":"https:\/\/orthodoxalbania.org\/2020\/2007\/02\/26\/krishtlindjet-ne-gjirokaster-dhjetor-2007\/","og_locale":"en_US","og_type":"article","og_title":"Krishtlindjet n\u00eb Gjirokast\u00ebr. (Dhjetor 2007) - Kisha Orthodh\u03bfkse Autoqefale e Shqip\u00ebris\u00eb","og_description":"&nbsp;&nbsp;&nbsp; Besimtar\u00ebt orthodhoks\u00eb n\u00eb Mitropolin\u00eb e Gjirokastr\u00ebs e kremtuan Krishtlindjen me lutje dhe g\u00ebzimin e lindjes s\u00eb Shp\u00ebtimtarit Jisu Krisht, n\u00eb nj\u00eb atmosfer\u00eb t\u00eb ndri\u00e7uar nga dritat e shumta t\u00eb fest\u00ebs. N\u00eb t\u00eb gjitha kishat e k\u00ebsaj dioqeze, q\u00eb prej disa dit\u00ebsh ishin b\u00ebr\u00eb gati festimet. Edhe Bashkia e Gjirokastr\u00ebs kishte menduar q\u00eb n\u00eb rrug\u00ebt e qytetit t\u00eb vendosej parullat \u201cG\u00ebzuar Krishtlindjen\u201d si edhe t\u00eb","og_url":"https:\/\/orthodoxalbania.org\/2020\/2007\/02\/26\/krishtlindjet-ne-gjirokaster-dhjetor-2007\/","og_site_name":"Kisha Orthodh\u03bfkse Autoqefale e Shqip\u00ebris\u00eb","article_publisher":"https:\/\/www.facebook.com\/koash1991","article_published_time":"2007-02-26T00:00:00+00:00","article_modified_time":"2020-04-06T20:35:52+00:00","og_image":[{"url":"https:\/\/lh4.googleusercontent.com\/-OZja3bKqOkc\/VIvpzfFn2iI\/AAAAAAAAHPw\/XbgT77Oyn6o\/w400-h300-no\/1[1].jpg","type":"","width":"","height":""}],"author":"Kisha Orthodhokse","twitter_card":"summary_large_image","twitter_misc":{"Written by":"Kisha Orthodhokse","Est. reading time":"5 minutes"},"schema":{"@context":"https:\/\/schema.org","@graph":[{"@type":"Article","@id":"https:\/\/orthodoxalbania.org\/2020\/2007\/02\/26\/krishtlindjet-ne-gjirokaster-dhjetor-2007\/#article","isPartOf":{"@id":"https:\/\/orthodoxalbania.org\/2020\/2007\/02\/26\/krishtlindjet-ne-gjirokaster-dhjetor-2007\/"},"author":{"name":"Kisha Orthodhokse","@id":"https:\/\/orthodoxalbania.org\/2020\/#\/schema\/person\/0c387634a7063ac612d7ed9ce71c7e86"},"headline":"Krishtlindjet n\u00eb Gjirokast\u00ebr. (Dhjetor 2007)","datePublished":"2007-02-26T00:00:00+00:00","dateModified":"2020-04-06T20:35:52+00:00","mainEntityOfPage":{"@id":"https:\/\/orthodoxalbania.org\/2020\/2007\/02\/26\/krishtlindjet-ne-gjirokaster-dhjetor-2007\/"},"wordCount":1010,"commentCount":0,"publisher":{"@id":"https:\/\/orthodoxalbania.org\/2020\/#organization"},"image":{"@id":"https:\/\/orthodoxalbania.org\/2020\/2007\/02\/26\/krishtlindjet-ne-gjirokaster-dhjetor-2007\/#primaryimage"},"thumbnailUrl":"https:\/\/lh4.googleusercontent.com\/-OZja3bKqOkc\/VIvpzfFn2iI\/AAAAAAAAHPw\/XbgT77Oyn6o\/w400-h300-no\/1[1].jpg","keywords":["2007","Krishtlindje","lajme","Mitropolia Gjirokast\u00ebr"],"articleSection":["Lajme"],"inLanguage":"en-US"},{"@type":"WebPage","@id":"https:\/\/orthodoxalbania.org\/2020\/2007\/02\/26\/krishtlindjet-ne-gjirokaster-dhjetor-2007\/","url":"https:\/\/orthodoxalbania.org\/2020\/2007\/02\/26\/krishtlindjet-ne-gjirokaster-dhjetor-2007\/","name":"Krishtlindjet n\u00eb Gjirokast\u00ebr. (Dhjetor 2007) - Kisha Orthodh\u03bfkse Autoqefale e Shqip\u00ebris\u00eb","isPartOf":{"@id":"https:\/\/orthodoxalbania.org\/2020\/#website"},"primaryImageOfPage":{"@id":"https:\/\/orthodoxalbania.org\/2020\/2007\/02\/26\/krishtlindjet-ne-gjirokaster-dhjetor-2007\/#primaryimage"},"image":{"@id":"https:\/\/orthodoxalbania.org\/2020\/2007\/02\/26\/krishtlindjet-ne-gjirokaster-dhjetor-2007\/#primaryimage"},"thumbnailUrl":"https:\/\/lh4.googleusercontent.com\/-OZja3bKqOkc\/VIvpzfFn2iI\/AAAAAAAAHPw\/XbgT77Oyn6o\/w400-h300-no\/1[1].jpg","datePublished":"2007-02-26T00:00:00+00:00","dateModified":"2020-04-06T20:35:52+00:00","breadcrumb":{"@id":"https:\/\/orthodoxalbania.org\/2020\/2007\/02\/26\/krishtlindjet-ne-gjirokaster-dhjetor-2007\/#breadcrumb"},"inLanguage":"en-US","potentialAction":[{"@type":"ReadAction","target":["https:\/\/orthodoxalbania.org\/2020\/2007\/02\/26\/krishtlindjet-ne-gjirokaster-dhjetor-2007\/"]}]},{"@type":"ImageObject","inLanguage":"en-US","@id":"https:\/\/orthodoxalbania.org\/2020\/2007\/02\/26\/krishtlindjet-ne-gjirokaster-dhjetor-2007\/#primaryimage","url":"https:\/\/lh4.googleusercontent.com\/-OZja3bKqOkc\/VIvpzfFn2iI\/AAAAAAAAHPw\/XbgT77Oyn6o\/w400-h300-no\/1[1].jpg","contentUrl":"https:\/\/lh4.googleusercontent.com\/-OZja3bKqOkc\/VIvpzfFn2iI\/AAAAAAAAHPw\/XbgT77Oyn6o\/w400-h300-no\/1[1].jpg"},{"@type":"BreadcrumbList","@id":"https:\/\/orthodoxalbania.org\/2020\/2007\/02\/26\/krishtlindjet-ne-gjirokaster-dhjetor-2007\/#breadcrumb","itemListElement":[{"@type":"ListItem","position":1,"name":"Home","item":"https:\/\/orthodoxalbania.org\/2020\/"},{"@type":"ListItem","position":2,"name":"Krishtlindjet n\u00eb Gjirokast\u00ebr. (Dhjetor 2007)"}]},{"@type":"WebSite","@id":"https:\/\/orthodoxalbania.org\/2020\/#website","url":"https:\/\/orthodoxalbania.org\/2020\/","name":"Kisha Orthodh\u03bfkse Autoqefale e Shqip\u00ebris\u00eb","description":"Fqja Zyrtare e Kish\u00ebs Orthodhokse Autoqefale e Shqip\u00ebris\u00eb me lajmet edhe informacionet zyrtare p\u00ebr struktur\u00ebn edhe veprimtarin e saj.","publisher":{"@id":"https:\/\/orthodoxalbania.org\/2020\/#organization"},"potentialAction":[{"@type":"SearchAction","target":{"@type":"EntryPoint","urlTemplate":"https:\/\/orthodoxalbania.org\/2020\/?s={search_term_string}"},"query-input":{"@type":"PropertyValueSpecification","valueRequired":true,"valueName":"search_term_string"}}],"inLanguage":"en-US"},{"@type":"Organization","@id":"https:\/\/orthodoxalbania.org\/2020\/#organization","name":"Kisha Orthodhokse Autoqefale e Shqip\u00ebris\u00eb","url":"https:\/\/orthodoxalbania.org\/2020\/","logo":{"@type":"ImageObject","inLanguage":"en-US","@id":"https:\/\/orthodoxalbania.org\/2020\/#\/schema\/logo\/image\/","url":"https:\/\/orthodoxalbania.org\/2020\/wp-content\/uploads\/2020\/05\/albania.jpeg","contentUrl":"https:\/\/orthodoxalbania.org\/2020\/wp-content\/uploads\/2020\/05\/albania.jpeg","width":540,"height":540,"caption":"Kisha Orthodhokse Autoqefale e Shqip\u00ebris\u00eb"},"image":{"@id":"https:\/\/orthodoxalbania.org\/2020\/#\/schema\/logo\/image\/"},"sameAs":["https:\/\/www.facebook.com\/koash1991"]},{"@type":"Person","@id":"https:\/\/orthodoxalbania.org\/2020\/#\/schema\/person\/0c387634a7063ac612d7ed9ce71c7e86","name":"Kisha Orthodhokse","image":{"@type":"ImageObject","inLanguage":"en-US","@id":"https:\/\/secure.gravatar.com\/avatar\/596e7c417251e30f2fbb9c00e026fce61a695a00e51c889caded71c96cbbdde5?s=96&d=mm&r=g","url":"https:\/\/secure.gravatar.com\/avatar\/596e7c417251e30f2fbb9c00e026fce61a695a00e51c889caded71c96cbbdde5?s=96&d=mm&r=g","contentUrl":"https:\/\/secure.gravatar.com\/avatar\/596e7c417251e30f2fbb9c00e026fce61a695a00e51c889caded71c96cbbdde5?s=96&d=mm&r=g","caption":"Kisha Orthodhokse"}}]}},"_links":{"self":[{"href":"https:\/\/orthodoxalbania.org\/2020\/wp-json\/wp\/v2\/posts\/868","targetHints":{"allow":["GET"]}}],"collection":[{"href":"https:\/\/orthodoxalbania.org\/2020\/wp-json\/wp\/v2\/posts"}],"about":[{"href":"https:\/\/orthodoxalbania.org\/2020\/wp-json\/wp\/v2\/types\/post"}],"author":[{"embeddable":true,"href":"https:\/\/orthodoxalbania.org\/2020\/wp-json\/wp\/v2\/users\/1"}],"replies":[{"embeddable":true,"href":"https:\/\/orthodoxalbania.org\/2020\/wp-json\/wp\/v2\/comments?post=868"}],"version-history":[{"count":1,"href":"https:\/\/orthodoxalbania.org\/2020\/wp-json\/wp\/v2\/posts\/868\/revisions"}],"predecessor-version":[{"id":15785,"href":"https:\/\/orthodoxalbania.org\/2020\/wp-json\/wp\/v2\/posts\/868\/revisions\/15785"}],"wp:attachment":[{"href":"https:\/\/orthodoxalbania.org\/2020\/wp-json\/wp\/v2\/media?parent=868"}],"wp:term":[{"taxonomy":"category","embeddable":true,"href":"https:\/\/orthodoxalbania.org\/2020\/wp-json\/wp\/v2\/categories?post=868"},{"taxonomy":"post_tag","embeddable":true,"href":"https:\/\/orthodoxalbania.org\/2020\/wp-json\/wp\/v2\/tags?post=868"}],"curies":[{"name":"wp","href":"https:\/\/api.w.org\/{rel}","templated":true}]}}