{"id":867,"date":"2013-03-21T10:23:58","date_gmt":"2013-03-21T10:23:58","guid":{"rendered":""},"modified":"2020-04-06T22:31:55","modified_gmt":"2020-04-06T20:31:55","slug":"krishtlindjet-ne-berat","status":"publish","type":"post","link":"https:\/\/orthodoxalbania.org\/2020\/2013\/03\/21\/krishtlindjet-ne-berat\/","title":{"rendered":"Krishtlindjet n\u00eb Berat 2011."},"content":{"rendered":"<div class=\"style11\" style=\"text-align: center;\"><span style=\"font-family: tahoma,geneva,sans-serif;\"><span style=\"font-size: 12px;\"><span style=\"color: #b22222;\"><strong><em>Krishtlindjet n\u00eb Berat<\/em><\/strong><\/span><br \/> <span style=\"color: #000000;\"> <span class=\"style12\"><em>\u201cPer\u00ebndi \u00ebsht\u00eb Ai q\u00eb lindi,<\/em> <em>dhe N\u00ebna e Tij e virgj\u00ebr;<\/em> <em>\u00e7\u2019gj\u00eb tjet\u00ebr<br \/> m\u00eb t\u00eb madhe dhe t\u00eb re<\/em> <em>dhe t\u00eb par\u00ebdukur, pa krijesa?\u201d<\/em><\/span><\/span><\/span><\/span><\/div>\n<div class=\"style11\">&nbsp;<\/div>\n<div class=\"style11\" style=\"text-align: justify;\">&nbsp;<\/div>\n<div class=\"style13\">\n<div style=\"text-align: justify;\"><span style=\"font-family: tahoma,geneva,sans-serif;\"><span style=\"font-size: 12px;\"><span style=\"color: #000000;\">&nbsp;<img decoding=\"async\" class=\"lazyload HAa Eha\" style=\"height: 200px; width: 300px; border-width: 1px; border-style: solid; margin: 10px; float: left;\" alt=\"\" src=\"data:image\/gif;base64,R0lGODlhAQABAAAAACH5BAEKAAEALAAAAAABAAEAAAICTAEAOw==\" data-orig-src=\"https:\/\/lh3.googleusercontent.com\/-L3qlpbVMOL4\/VARVBECZBFI\/AAAAAAAACsA\/bSFPv4FHpAk\/w448-h299-no\/1%2B-%2Bberati.jpg\" \/> &nbsp;<span class=\"style10\"> <\/span>Me shpres\u00ebtari mij\u00ebra besimtar\u00eb ortodoks\u00eb beratas prit\u00ebn dhe p\u00ebrjetuan ngjarjen, e cila ndryshoi historin\u00eb e gjith\u00eb njer\u00ebzimit. Qyteti i Beratit i zbukuruar &nbsp;me drita t\u00eb shumta, i shtoi edhe m\u00eb tep\u00ebr ngjyrat e k\u00ebsaj feste t\u00eb madhe. Traditat e shumta familjare u nd\u00ebrthur\u00ebn bukur me atmosfer\u00ebn e sh\u00ebrbesave kishtare. Shum\u00eb p\u00ebrgatitje t\u00eb cilat nuk mund t\u00eb krahasohen me ngjarjen e madhe, me Mish\u00ebrimin e Fjal\u00ebs s\u00eb Per\u00ebndis\u00eb, t\u00eb Personit t\u00eb Dyt\u00eb t\u00eb Trinis\u00eb s\u00eb Shenjt\u00eb, me Mish\u00ebrimin e Per\u00ebndi-Njeriut Krisht. Krishti, i dashuri yn\u00eb, u duk p\u00ebrs\u00ebri foshnje ne grazhdin e ftoht\u00eb, ne mes te shpell\u00ebs. P\u00ebrul\u00ebsi t\u00eb tejskajshme tregon Zoti yn\u00eb, me q\u00ebllim qe ne t\u00eb kemi mund\u00ebsi t\u2019i ofrojm\u00eb di\u00e7ka nga jeta jon\u00eb.<\/span><\/span><\/span><\/div>\n<div style=\"text-align: justify;\"> <span style=\"font-family: tahoma,geneva,sans-serif;\"><span style=\"font-size: 12px;\"><span style=\"color: #000000;\">&nbsp; &nbsp;<span class=\"style10\">&nbsp; <\/span>N\u00eb mbr\u00ebmjen e dat\u00ebs 23 dhjetor ishin grupet e f\u00ebmij\u00ebve, t\u00eb cil\u00ebt shpall\u00ebn lajmin e g\u00ebzuesh\u00ebm n\u00eb \u00e7do sht\u00ebpi t\u00eb qytetit. Kolendrat sjellin gjithnj\u00eb nj\u00eb atmosfer\u00eb festive me f\u00ebmij\u00ebt, t\u00eb cil\u00ebt paraprihen nga Ylli i Betlehemit dhe shoq\u00ebrohen nga k\u00ebng\u00ebt melodioze t\u00eb Krishtlindjeve.<\/span><\/span><\/span><\/div>\n<div style=\"text-align: justify;\"> <span style=\"font-family: tahoma,geneva,sans-serif;\"><span style=\"font-size: 12px;\"><span style=\"color: #000000;\">&nbsp;<span class=\"style10\">&nbsp;&nbsp; <\/span>Festimi i Krishtlindjeve n\u00eb sh\u00ebrbesat kishtare filloi intensivisht me Or\u00ebt e M\u00ebdha n\u00eb dat\u00ebn 23 n\u00eb m\u00ebngjes, vazhdoi n\u00eb k\u00ebt\u00eb frym\u00eb n\u00eb Liturgjin\u00eb Hyjnor\u00eb t\u00eb dat\u00ebs 24 dhjetor. Sh\u00ebrbesat e shenjta arrit\u00ebn kulmin me Mbr\u00ebm\u00ebsoren e Madhe n\u00eb mbr\u00ebmjen e dat\u00ebs 24 si dhe n\u00eb m\u00ebngjesin e dit\u00ebs s\u00eb Krishtlindjeve me m\u00ebngjesoren dhe Liturgjin\u00eb Hyjnore.<\/span><\/span><\/span><\/div>\n<div style=\"text-align: justify;\"><span style=\"font-family: tahoma,geneva,sans-serif;\"><span style=\"font-size: 12px;\"><span style=\"color: #000000;\"><img decoding=\"async\" class=\"lazyload HAa Eha\" style=\"height: 200px; width: 300px; border-width: 1px; border-style: solid; margin: 10px; float: right;\" alt=\"\" src=\"data:image\/gif;base64,R0lGODlhAQABAAAAACH5BAEKAAEALAAAAAABAAEAAAICTAEAOw==\" data-orig-src=\"https:\/\/lh5.googleusercontent.com\/-qf3CmNd_Eu8\/VARVBD8fXeI\/AAAAAAAACro\/nn_o0gWW2_U\/w448-h299-no\/2%2Bberati.jpg\" \/><br \/> &nbsp;<span class=\"style10\">&nbsp;&nbsp; <\/span>N\u00eb fund t\u00eb Liturgjis\u00eb s\u00eb Shenjt\u00eb u lexua mesazhi i Mitropolitit t\u00eb Beratit, Vlor\u00ebs, Kanin\u00ebs dhe gjith\u00eb Myzeqes\u00eb, Imzot Ignatit, i cili nd\u00ebr t\u00eb tjera theksonte:<\/span><\/span><\/span><\/div>\n<div style=\"text-align: justify;\"> <span style=\"font-family: tahoma,geneva,sans-serif;\"><span style=\"font-size: 12px;\"><span style=\"color: #000000;\">&nbsp;<span class=\"style10\">&nbsp;&nbsp; <\/span>\u201cFesta e Krishtlindjeve \u00ebsht\u00eb caktuar n\u00eb krishterim, q\u00eb nga shekujt e par\u00eb. U caktua m\u00eb 25 dhjetor, q\u00eb t\u00eb z\u00ebvend\u00ebsoj\u00eb, k\u00ebshtu, fest\u00ebn e madhe idhujtare t\u00eb diellit, q\u00eb kremtohej, kryesisht n\u00eb Rom\u00eb, me orgjira. Krishti, \u201cDielli i drejt\u00ebsis\u00eb\u201d, q\u00eb solli n\u00eb bot\u00eb \u201cdrit\u00ebn e dituris\u00eb\u201d, \u00ebsht\u00eb \u201clindja q\u00eb lartazi\u201d, dhe u b\u00eb, tashm\u00eb, qendra e bot\u00ebs dhe pik\u00ebnisja e rilindjes s\u00eb Krijes\u00ebs. Sepse, Ai \u00ebsht\u00eb krijimi dhe rikrijimi i bot\u00ebs. Prandaj, Krishtlindjet p\u00ebrb\u00ebjn\u00eb fillimin dhe themelin e t\u00eb kremteve t\u00eb krishtera. Ndikimi i t\u00eb kremtes s\u00eb Krishtlindjeve \u00ebsht\u00eb i madh tek bota e krishter\u00eb.<\/span><\/span><\/span><\/div>\n<div style=\"text-align: justify;\"> <span style=\"font-family: tahoma,geneva,sans-serif;\"><span style=\"font-size: 12px;\"><span style=\"color: #000000;\"><img decoding=\"async\" class=\"lazyload HAa Eha\" style=\"height: 200px; width: 300px; border-width: 1px; border-style: solid; margin: 10px; float: left;\" alt=\"\" src=\"data:image\/gif;base64,R0lGODlhAQABAAAAACH5BAEKAAEALAAAAAABAAEAAAICTAEAOw==\" data-orig-src=\"https:\/\/lh5.googleusercontent.com\/-C7lEO14Ll-g\/VARVBHtjpYI\/AAAAAAAACrk\/Cn9kLgOoZoY\/w448-h299-no\/3.jpg\" \/>&nbsp;<span class=\"style10\">&nbsp;&nbsp; <\/span>Sado t\u00eb duket se, n\u00eb epok\u00ebn ton\u00eb skeptike, t\u00eb kremtet fetare nuk theksohen m\u00eb, thell\u00eb thell\u00eb, bota, rreth k\u00ebtyre v\u00ebrtitet. Madje edhe me zbukurimin e nj\u00eb peme, apo nj\u00eb vitrine, me p\u00ebrgatitjet e ve\u00e7anta n\u00eb sht\u00ebpi apo n\u00eb rrug\u00eb, me arg\u00ebtimet e saj, n\u00eb m\u00ebnyr\u00eb thelb\u00ebsore, tregon pohimin dhe d\u00ebshmin\u00eb e saj p\u00ebr Krishtlindjet. Njeriu, me apo pa nd\u00ebrgjegje, tek Per\u00ebndia mb\u00ebshtetet. Nga natyra, \u00ebsht\u00eb \u201cfestiv\u201d. Dhe, rrjedhimisht, t\u00eb kot\u00eb e kan\u00eb ata q\u00eb p\u00ebrpiqen ta \u00e7orientojn\u00eb nga kjo p\u00ebrmas\u00eb metafizike. Madje, kjo kot\u00ebsi shfaqet past\u00ebr atje ku Per\u00ebndia u p\u00ebrndoq me t\u00ebrbim e megjithat\u00eb, p\u00ebrndjekjet nuk arrit\u00ebn ta \u00e7rr\u00ebnjosin nga nd\u00ebrgjegjja e besimtar\u00ebve.<\/span><\/span><\/span><\/div>\n<div style=\"text-align: justify;\"> <span style=\"font-family: tahoma,geneva,sans-serif;\"><span style=\"font-size: 12px;\"><span style=\"color: #000000;\">&nbsp;<span class=\"style10\">&nbsp;&nbsp; <\/span>Por, sot, me kaq arte, me kaq shkenca dhe me nj\u00eb kultur\u00eb t\u00eb till\u00eb, kemi nevoj\u00eb p\u00ebr Krishtin? Sigurisht q\u00eb, po. Dhe madje, sot, me boll\u00ebkun ton\u00eb, kemi me boll\u00ebk, edhe t\u00eb keqen. Sot, shumica e njer\u00ebzimit k\u00ebrc\u00ebnohet, besa l\u00ebkundet, familja tronditet, e v\u00ebrteta shtremb\u00ebrohet, autoriteti ulet, drita err\u00ebsohet, liria humbet, tirania mbizot\u00ebron, ndjenja e p\u00ebrgjegj\u00ebsis\u00eb tkurret, personaliteti zhduket, dhe bashk\u00eb me t\u00eb edhe turpi. Sot njer\u00ebzimi p\u00ebrjeton vetmin\u00eb dhe mjerimin e tij. Gjykohet fati i tij. Sot, pra, na duhet patjet\u00ebr Krishti. Na duhet p\u00ebr t\u00eb na b\u00ebr\u00eb t\u00eb pafajsh\u00ebm si f\u00ebmij\u00eb t\u00eb vegj\u00ebl, p\u00ebr t\u00eb na e mbushur zemr\u00ebn, p\u00ebrs\u00ebri, me t\u00eb v\u00ebrtet\u00eb dhe dashuri. Krishti na nevojitet q\u00eb t\u00eb p\u00ebrdoret sakt\u00ebsisht, shkenca, arti dhe kultura. Shkenca, arti dhe kultura, pa Krishtin, nuk e zhdukin t\u00eb keqen. Ndoshta, mund ta b\u00ebjn\u00eb edhe m\u00eb dinake.<\/span><\/span><\/span><\/div>\n<div style=\"text-align: justify;\"><span style=\"font-family: tahoma,geneva,sans-serif;\"><span style=\"font-size: 12px;\"><span style=\"color: #000000;\"><img decoding=\"async\" class=\"lazyload HAa Eha\" style=\"height: 200px; width: 300px; border-width: 1px; border-style: solid; margin: 10px; float: right;\" alt=\"\" src=\"data:image\/gif;base64,R0lGODlhAQABAAAAACH5BAEKAAEALAAAAAABAAEAAAICTAEAOw==\" data-orig-src=\"https:\/\/lh3.googleusercontent.com\/-_z-ASsMdzyc\/VARVBn4tX1I\/AAAAAAAACr8\/Kqn9vCguAjY\/w448-h299-no\/4.jpg\" \/><br \/> &nbsp;<span class=\"style10\">&nbsp;&nbsp; <\/span>Shum\u00eb gj\u00ebra t\u00eb tep\u00ebrta k\u00ebrkojm\u00eb. Nj\u00ebri k\u00ebrkon t\u00eb ngjitet m\u00eb lart\u00eb, nj\u00eb tjet\u00ebr t\u00eb fitoj\u00eb m\u00eb tep\u00ebr, dhe dikush tjet\u00ebr t\u00eb jetoj\u00eb m\u00eb rehat. T\u00eb gjith\u00eb k\u00ebrkojn\u00eb di\u00e7ka tjet\u00ebr. Kjo, di\u00e7ka tjet\u00ebr, \u00ebsht\u00eb Krishti. P\u00ebr t\u00eb kemi etje. P\u00ebr t\u00eb kemi uri. At\u00eb k\u00ebrkojm\u00eb, brenda gjith\u00eb k\u00ebrkesave tona. Por, fatkeq\u00ebsisht, nuk e ndiejm\u00eb. Mos vall\u00eb, k\u00ebto Krishtlindje, erdhi momenti t\u00eb \u00e7lirohemi, nga uria dhe etja, duke u takuar me Foshnj\u00ebn Hyjnore? N\u00eb k\u00ebt\u00eb dilem\u00eb, q\u00eb t\u00eb p\u00ebrgjigjemi me vendosm\u00ebri, na ndihmon nxitja e sh\u00ebn Grigor Teologut, n\u00eb fjalimin e tij n\u00eb lidhje me Krishtlindjet. \u201c&#8230; le t\u00eb kremtojm\u00eb, o v\u00ebllez\u00ebr, si\u00e7 i p\u00ebrket Per\u00ebndis\u00eb; jo n\u00eb m\u00ebnyr\u00eb mondane, por n\u00eb m\u00ebnyr\u00eb qiellore. Le t\u00eb festojm\u00eb, jo duke synuar d\u00ebshirat tona por, d\u00ebshir\u00ebn e Per\u00ebndis\u00eb, dometh\u00ebn\u00eb, t\u00eb Foshnj\u00ebs Hyjnore. Le t\u00eb synojm\u00eb, jo ato q\u00eb shkaktojn\u00eb s\u00ebmundjen, por ato q\u00eb e sh\u00ebrojn\u00eb. Jo ato q\u00eb kan\u00eb lidhje me gjith\u00ebsin\u00eb, por ato q\u00eb kan\u00eb lidhje me rikrijimin, dometh\u00ebn\u00eb, me shp\u00ebtimin ton\u00eb. Amin!\u201d<\/span><\/span><\/span><\/div>\n<div style=\"text-align: justify;\"> <span style=\"font-family: tahoma,geneva,sans-serif;\"><span style=\"font-size: 12px;\"><span style=\"color: #000000;\"><img decoding=\"async\" class=\"lazyload HAa Eha\" style=\"height: 200px; width: 300px; border-width: 1px; border-style: solid; margin: 10px; float: left;\" alt=\"\" src=\"data:image\/gif;base64,R0lGODlhAQABAAAAACH5BAEKAAEALAAAAAABAAEAAAICTAEAOw==\" data-orig-src=\"https:\/\/lh5.googleusercontent.com\/-45q_LoeNh4E\/VARVB1JYj4I\/AAAAAAAACr0\/pVqj9NeVcRY\/w448-h299-no\/5.jpg\" \/>&nbsp;&nbsp; Pas Liturgjis\u00eb Hyjnore t\u00eb Krishtlindjeve, n\u00eb Mitropolin\u00eb e Hirshme t\u00eb Beratit erdh\u00ebn p\u00ebr t\u00eb uruar krer\u00ebt m\u00eb t\u00eb lart\u00eb t\u00eb Bashkis\u00eb, t\u00eb udh\u00ebhequr nga Kryetari i Bashkis\u00eb Z. Fadil Nasufi, p\u00ebrfaq\u00ebsuesit e grupit politik t\u00eb Partis\u00eb Demokratike, dega Berat, me n\u00eb krye Z. Arenc Berati si dhe nj\u00eb delegacion i Forumit Rinor Eurosocialist.<\/span><\/span><\/span><\/div>\n<div style=\"text-align: justify;\"><span style=\"font-family: tahoma,geneva,sans-serif;\"><span style=\"font-size: 12px;\"><span style=\"color: #000000;\"><br \/>&nbsp;&nbsp;&nbsp; Gjithashtu, si \u00e7do vit, nuk munguan edhe p\u00ebrfaq\u00ebsuesit e tre komuniteteve fetare me n\u00eb krye: nga Komuniteti Mysliman, t\u00eb Myftiut &nbsp;Z. Murat Dura, nga Komuniteti Romano-Katolik t\u00eb Don Giovanni Vaccarini si dhe nga Komuniteti Bektashian t\u00eb Z. Ali shehu.<\/span><\/span><\/span><\/div>\n<div style=\"text-align: justify;\"> <span style=\"font-family: tahoma,geneva,sans-serif;\"><span style=\"font-size: 12px;\"><span style=\"color: #000000;\">&nbsp; &nbsp;<span class=\"style10\"> <\/span>Erdh\u00ebn p\u00ebr t\u00eb ndar\u00eb urimet e p\u00ebrzem\u00ebrta n\u00eb k\u00ebt\u00eb dit\u00eb t\u00eb sh\u00ebnuar edhe besimtar\u00eb t\u00eb shumt\u00eb.<\/span><\/span><\/span><\/div>\n<div>&nbsp;<\/div>\n<div>&nbsp;<\/div>\n<div>&nbsp;<\/div>\n<div><span style=\"font-family: tahoma,geneva,sans-serif;\"><span style=\"font-size: 12px;\"><span style=\"color: #000000;\"><strong>Nga Berati: Joan Qako<\/strong><\/span><\/span><\/span><\/div>\n<div>&nbsp;<\/div>\n<\/div>\n","protected":false},"excerpt":{"rendered":"<p>Krishtlindjet n\u00eb Berat \u201cPer\u00ebndi \u00ebsht\u00eb Ai q\u00eb lindi, dhe N\u00ebna e Tij e virgj\u00ebr; \u00e7\u2019gj\u00eb tjet\u00ebr m\u00eb t\u00eb madhe dhe t\u00eb re dhe t\u00eb par\u00ebdukur, pa krijesa?\u201d &nbsp; &nbsp; &nbsp; &nbsp; Me shpres\u00ebtari mij\u00ebra besimtar\u00eb ortodoks\u00eb beratas prit\u00ebn dhe p\u00ebrjetuan ngjarjen, e cila ndryshoi historin\u00eb e gjith\u00eb njer\u00ebzimit. Qyteti i Beratit i zbukuruar &nbsp;me drita t\u00eb shumta, i shtoi edhe m\u00eb tep\u00ebr ngjyrat e k\u00ebsaj<\/p>\n","protected":false},"author":1,"featured_media":0,"comment_status":"open","ping_status":"open","sticky":false,"template":"","format":"standard","meta":{"_acf_changed":false,"pagelayer_contact_templates":[],"_pagelayer_content":"","inline_featured_image":false,"fifu_image_url":"","fifu_image_alt":"","footnotes":""},"categories":[108],"tags":[143,192,212,197],"class_list":["post-867","post","type-post","status-publish","format-standard","hentry","category-lajme","tag-143","tag-krishtlindje","tag-lajme-d27","tag-berat"],"acf":[],"yoast_head":"<!-- This site is optimized with the Yoast SEO plugin v27.2 - https:\/\/yoast.com\/product\/yoast-seo-wordpress\/ -->\n<title>Krishtlindjet n\u00eb Berat 2011. - Kisha Orthodh\u03bfkse Autoqefale e Shqip\u00ebris\u00eb<\/title>\n<meta name=\"robots\" content=\"index, follow, max-snippet:-1, max-image-preview:large, max-video-preview:-1\" \/>\n<link rel=\"canonical\" href=\"https:\/\/orthodoxalbania.org\/2020\/2013\/03\/21\/krishtlindjet-ne-berat\/\" \/>\n<meta property=\"og:locale\" content=\"en_US\" \/>\n<meta property=\"og:type\" content=\"article\" \/>\n<meta property=\"og:title\" content=\"Krishtlindjet n\u00eb Berat 2011. - Kisha Orthodh\u03bfkse Autoqefale e Shqip\u00ebris\u00eb\" \/>\n<meta property=\"og:description\" content=\"Krishtlindjet n\u00eb Berat \u201cPer\u00ebndi \u00ebsht\u00eb Ai q\u00eb lindi, dhe N\u00ebna e Tij e virgj\u00ebr; \u00e7\u2019gj\u00eb tjet\u00ebr m\u00eb t\u00eb madhe dhe t\u00eb re dhe t\u00eb par\u00ebdukur, pa krijesa?\u201d &nbsp; &nbsp; &nbsp; &nbsp; Me shpres\u00ebtari mij\u00ebra besimtar\u00eb ortodoks\u00eb beratas prit\u00ebn dhe p\u00ebrjetuan ngjarjen, e cila ndryshoi historin\u00eb e gjith\u00eb njer\u00ebzimit. Qyteti i Beratit i zbukuruar &nbsp;me drita t\u00eb shumta, i shtoi edhe m\u00eb tep\u00ebr ngjyrat e k\u00ebsaj\" \/>\n<meta property=\"og:url\" content=\"https:\/\/orthodoxalbania.org\/2020\/2013\/03\/21\/krishtlindjet-ne-berat\/\" \/>\n<meta property=\"og:site_name\" content=\"Kisha Orthodh\u03bfkse Autoqefale e Shqip\u00ebris\u00eb\" \/>\n<meta property=\"article:publisher\" content=\"https:\/\/www.facebook.com\/koash1991\" \/>\n<meta property=\"article:published_time\" content=\"2013-03-21T10:23:58+00:00\" \/>\n<meta property=\"article:modified_time\" content=\"2020-04-06T20:31:55+00:00\" \/>\n<meta property=\"og:image\" content=\"https:\/\/lh3.googleusercontent.com\/-L3qlpbVMOL4\/VARVBECZBFI\/AAAAAAAACsA\/bSFPv4FHpAk\/w448-h299-no\/1%2B-%2Bberati.jpg\" \/>\n<meta name=\"author\" content=\"Kisha Orthodhokse\" \/>\n<meta name=\"twitter:card\" content=\"summary_large_image\" \/>\n<meta name=\"twitter:label1\" content=\"Written by\" \/>\n\t<meta name=\"twitter:data1\" content=\"Kisha Orthodhokse\" \/>\n\t<meta name=\"twitter:label2\" content=\"Est. reading time\" \/>\n\t<meta name=\"twitter:data2\" content=\"5 minutes\" \/>\n<script type=\"application\/ld+json\" class=\"yoast-schema-graph\">{\"@context\":\"https:\/\/schema.org\",\"@graph\":[{\"@type\":\"Article\",\"@id\":\"https:\/\/orthodoxalbania.org\/2020\/2013\/03\/21\/krishtlindjet-ne-berat\/#article\",\"isPartOf\":{\"@id\":\"https:\/\/orthodoxalbania.org\/2020\/2013\/03\/21\/krishtlindjet-ne-berat\/\"},\"author\":{\"name\":\"Kisha Orthodhokse\",\"@id\":\"https:\/\/orthodoxalbania.org\/2020\/#\/schema\/person\/0c387634a7063ac612d7ed9ce71c7e86\"},\"headline\":\"Krishtlindjet n\u00eb Berat 2011.\",\"datePublished\":\"2013-03-21T10:23:58+00:00\",\"dateModified\":\"2020-04-06T20:31:55+00:00\",\"mainEntityOfPage\":{\"@id\":\"https:\/\/orthodoxalbania.org\/2020\/2013\/03\/21\/krishtlindjet-ne-berat\/\"},\"wordCount\":1094,\"commentCount\":0,\"publisher\":{\"@id\":\"https:\/\/orthodoxalbania.org\/2020\/#organization\"},\"image\":{\"@id\":\"https:\/\/orthodoxalbania.org\/2020\/2013\/03\/21\/krishtlindjet-ne-berat\/#primaryimage\"},\"thumbnailUrl\":\"https:\/\/lh3.googleusercontent.com\/-L3qlpbVMOL4\/VARVBECZBFI\/AAAAAAAACsA\/bSFPv4FHpAk\/w448-h299-no\/1%2B-%2Bberati.jpg\",\"keywords\":[\"2011\",\"Krishtlindje\",\"lajme\",\"Mitropolia Berat\"],\"articleSection\":[\"Lajme\"],\"inLanguage\":\"en-US\"},{\"@type\":\"WebPage\",\"@id\":\"https:\/\/orthodoxalbania.org\/2020\/2013\/03\/21\/krishtlindjet-ne-berat\/\",\"url\":\"https:\/\/orthodoxalbania.org\/2020\/2013\/03\/21\/krishtlindjet-ne-berat\/\",\"name\":\"Krishtlindjet n\u00eb Berat 2011. - Kisha Orthodh\u03bfkse Autoqefale e Shqip\u00ebris\u00eb\",\"isPartOf\":{\"@id\":\"https:\/\/orthodoxalbania.org\/2020\/#website\"},\"primaryImageOfPage\":{\"@id\":\"https:\/\/orthodoxalbania.org\/2020\/2013\/03\/21\/krishtlindjet-ne-berat\/#primaryimage\"},\"image\":{\"@id\":\"https:\/\/orthodoxalbania.org\/2020\/2013\/03\/21\/krishtlindjet-ne-berat\/#primaryimage\"},\"thumbnailUrl\":\"https:\/\/lh3.googleusercontent.com\/-L3qlpbVMOL4\/VARVBECZBFI\/AAAAAAAACsA\/bSFPv4FHpAk\/w448-h299-no\/1%2B-%2Bberati.jpg\",\"datePublished\":\"2013-03-21T10:23:58+00:00\",\"dateModified\":\"2020-04-06T20:31:55+00:00\",\"breadcrumb\":{\"@id\":\"https:\/\/orthodoxalbania.org\/2020\/2013\/03\/21\/krishtlindjet-ne-berat\/#breadcrumb\"},\"inLanguage\":\"en-US\",\"potentialAction\":[{\"@type\":\"ReadAction\",\"target\":[\"https:\/\/orthodoxalbania.org\/2020\/2013\/03\/21\/krishtlindjet-ne-berat\/\"]}]},{\"@type\":\"ImageObject\",\"inLanguage\":\"en-US\",\"@id\":\"https:\/\/orthodoxalbania.org\/2020\/2013\/03\/21\/krishtlindjet-ne-berat\/#primaryimage\",\"url\":\"https:\/\/lh3.googleusercontent.com\/-L3qlpbVMOL4\/VARVBECZBFI\/AAAAAAAACsA\/bSFPv4FHpAk\/w448-h299-no\/1%2B-%2Bberati.jpg\",\"contentUrl\":\"https:\/\/lh3.googleusercontent.com\/-L3qlpbVMOL4\/VARVBECZBFI\/AAAAAAAACsA\/bSFPv4FHpAk\/w448-h299-no\/1%2B-%2Bberati.jpg\"},{\"@type\":\"BreadcrumbList\",\"@id\":\"https:\/\/orthodoxalbania.org\/2020\/2013\/03\/21\/krishtlindjet-ne-berat\/#breadcrumb\",\"itemListElement\":[{\"@type\":\"ListItem\",\"position\":1,\"name\":\"Home\",\"item\":\"https:\/\/orthodoxalbania.org\/2020\/\"},{\"@type\":\"ListItem\",\"position\":2,\"name\":\"Krishtlindjet n\u00eb Berat 2011.\"}]},{\"@type\":\"WebSite\",\"@id\":\"https:\/\/orthodoxalbania.org\/2020\/#website\",\"url\":\"https:\/\/orthodoxalbania.org\/2020\/\",\"name\":\"Kisha Orthodh\u03bfkse Autoqefale e Shqip\u00ebris\u00eb\",\"description\":\"Fqja Zyrtare e Kish\u00ebs Orthodhokse Autoqefale e Shqip\u00ebris\u00eb me lajmet edhe informacionet zyrtare p\u00ebr struktur\u00ebn edhe veprimtarin e saj.\",\"publisher\":{\"@id\":\"https:\/\/orthodoxalbania.org\/2020\/#organization\"},\"potentialAction\":[{\"@type\":\"SearchAction\",\"target\":{\"@type\":\"EntryPoint\",\"urlTemplate\":\"https:\/\/orthodoxalbania.org\/2020\/?s={search_term_string}\"},\"query-input\":{\"@type\":\"PropertyValueSpecification\",\"valueRequired\":true,\"valueName\":\"search_term_string\"}}],\"inLanguage\":\"en-US\"},{\"@type\":\"Organization\",\"@id\":\"https:\/\/orthodoxalbania.org\/2020\/#organization\",\"name\":\"Kisha Orthodhokse Autoqefale e Shqip\u00ebris\u00eb\",\"url\":\"https:\/\/orthodoxalbania.org\/2020\/\",\"logo\":{\"@type\":\"ImageObject\",\"inLanguage\":\"en-US\",\"@id\":\"https:\/\/orthodoxalbania.org\/2020\/#\/schema\/logo\/image\/\",\"url\":\"https:\/\/orthodoxalbania.org\/2020\/wp-content\/uploads\/2020\/05\/albania.jpeg\",\"contentUrl\":\"https:\/\/orthodoxalbania.org\/2020\/wp-content\/uploads\/2020\/05\/albania.jpeg\",\"width\":540,\"height\":540,\"caption\":\"Kisha Orthodhokse Autoqefale e Shqip\u00ebris\u00eb\"},\"image\":{\"@id\":\"https:\/\/orthodoxalbania.org\/2020\/#\/schema\/logo\/image\/\"},\"sameAs\":[\"https:\/\/www.facebook.com\/koash1991\"]},{\"@type\":\"Person\",\"@id\":\"https:\/\/orthodoxalbania.org\/2020\/#\/schema\/person\/0c387634a7063ac612d7ed9ce71c7e86\",\"name\":\"Kisha Orthodhokse\",\"image\":{\"@type\":\"ImageObject\",\"inLanguage\":\"en-US\",\"@id\":\"https:\/\/secure.gravatar.com\/avatar\/596e7c417251e30f2fbb9c00e026fce61a695a00e51c889caded71c96cbbdde5?s=96&d=mm&r=g\",\"url\":\"https:\/\/secure.gravatar.com\/avatar\/596e7c417251e30f2fbb9c00e026fce61a695a00e51c889caded71c96cbbdde5?s=96&d=mm&r=g\",\"contentUrl\":\"https:\/\/secure.gravatar.com\/avatar\/596e7c417251e30f2fbb9c00e026fce61a695a00e51c889caded71c96cbbdde5?s=96&d=mm&r=g\",\"caption\":\"Kisha Orthodhokse\"}}]}<\/script>\n<!-- \/ Yoast SEO plugin. -->","yoast_head_json":{"title":"Krishtlindjet n\u00eb Berat 2011. - Kisha Orthodh\u03bfkse Autoqefale e Shqip\u00ebris\u00eb","robots":{"index":"index","follow":"follow","max-snippet":"max-snippet:-1","max-image-preview":"max-image-preview:large","max-video-preview":"max-video-preview:-1"},"canonical":"https:\/\/orthodoxalbania.org\/2020\/2013\/03\/21\/krishtlindjet-ne-berat\/","og_locale":"en_US","og_type":"article","og_title":"Krishtlindjet n\u00eb Berat 2011. - Kisha Orthodh\u03bfkse Autoqefale e Shqip\u00ebris\u00eb","og_description":"Krishtlindjet n\u00eb Berat \u201cPer\u00ebndi \u00ebsht\u00eb Ai q\u00eb lindi, dhe N\u00ebna e Tij e virgj\u00ebr; \u00e7\u2019gj\u00eb tjet\u00ebr m\u00eb t\u00eb madhe dhe t\u00eb re dhe t\u00eb par\u00ebdukur, pa krijesa?\u201d &nbsp; &nbsp; &nbsp; &nbsp; Me shpres\u00ebtari mij\u00ebra besimtar\u00eb ortodoks\u00eb beratas prit\u00ebn dhe p\u00ebrjetuan ngjarjen, e cila ndryshoi historin\u00eb e gjith\u00eb njer\u00ebzimit. Qyteti i Beratit i zbukuruar &nbsp;me drita t\u00eb shumta, i shtoi edhe m\u00eb tep\u00ebr ngjyrat e k\u00ebsaj","og_url":"https:\/\/orthodoxalbania.org\/2020\/2013\/03\/21\/krishtlindjet-ne-berat\/","og_site_name":"Kisha Orthodh\u03bfkse Autoqefale e Shqip\u00ebris\u00eb","article_publisher":"https:\/\/www.facebook.com\/koash1991","article_published_time":"2013-03-21T10:23:58+00:00","article_modified_time":"2020-04-06T20:31:55+00:00","og_image":[{"url":"https:\/\/lh3.googleusercontent.com\/-L3qlpbVMOL4\/VARVBECZBFI\/AAAAAAAACsA\/bSFPv4FHpAk\/w448-h299-no\/1%2B-%2Bberati.jpg","type":"","width":"","height":""}],"author":"Kisha Orthodhokse","twitter_card":"summary_large_image","twitter_misc":{"Written by":"Kisha Orthodhokse","Est. reading time":"5 minutes"},"schema":{"@context":"https:\/\/schema.org","@graph":[{"@type":"Article","@id":"https:\/\/orthodoxalbania.org\/2020\/2013\/03\/21\/krishtlindjet-ne-berat\/#article","isPartOf":{"@id":"https:\/\/orthodoxalbania.org\/2020\/2013\/03\/21\/krishtlindjet-ne-berat\/"},"author":{"name":"Kisha Orthodhokse","@id":"https:\/\/orthodoxalbania.org\/2020\/#\/schema\/person\/0c387634a7063ac612d7ed9ce71c7e86"},"headline":"Krishtlindjet n\u00eb Berat 2011.","datePublished":"2013-03-21T10:23:58+00:00","dateModified":"2020-04-06T20:31:55+00:00","mainEntityOfPage":{"@id":"https:\/\/orthodoxalbania.org\/2020\/2013\/03\/21\/krishtlindjet-ne-berat\/"},"wordCount":1094,"commentCount":0,"publisher":{"@id":"https:\/\/orthodoxalbania.org\/2020\/#organization"},"image":{"@id":"https:\/\/orthodoxalbania.org\/2020\/2013\/03\/21\/krishtlindjet-ne-berat\/#primaryimage"},"thumbnailUrl":"https:\/\/lh3.googleusercontent.com\/-L3qlpbVMOL4\/VARVBECZBFI\/AAAAAAAACsA\/bSFPv4FHpAk\/w448-h299-no\/1%2B-%2Bberati.jpg","keywords":["2011","Krishtlindje","lajme","Mitropolia Berat"],"articleSection":["Lajme"],"inLanguage":"en-US"},{"@type":"WebPage","@id":"https:\/\/orthodoxalbania.org\/2020\/2013\/03\/21\/krishtlindjet-ne-berat\/","url":"https:\/\/orthodoxalbania.org\/2020\/2013\/03\/21\/krishtlindjet-ne-berat\/","name":"Krishtlindjet n\u00eb Berat 2011. - Kisha Orthodh\u03bfkse Autoqefale e Shqip\u00ebris\u00eb","isPartOf":{"@id":"https:\/\/orthodoxalbania.org\/2020\/#website"},"primaryImageOfPage":{"@id":"https:\/\/orthodoxalbania.org\/2020\/2013\/03\/21\/krishtlindjet-ne-berat\/#primaryimage"},"image":{"@id":"https:\/\/orthodoxalbania.org\/2020\/2013\/03\/21\/krishtlindjet-ne-berat\/#primaryimage"},"thumbnailUrl":"https:\/\/lh3.googleusercontent.com\/-L3qlpbVMOL4\/VARVBECZBFI\/AAAAAAAACsA\/bSFPv4FHpAk\/w448-h299-no\/1%2B-%2Bberati.jpg","datePublished":"2013-03-21T10:23:58+00:00","dateModified":"2020-04-06T20:31:55+00:00","breadcrumb":{"@id":"https:\/\/orthodoxalbania.org\/2020\/2013\/03\/21\/krishtlindjet-ne-berat\/#breadcrumb"},"inLanguage":"en-US","potentialAction":[{"@type":"ReadAction","target":["https:\/\/orthodoxalbania.org\/2020\/2013\/03\/21\/krishtlindjet-ne-berat\/"]}]},{"@type":"ImageObject","inLanguage":"en-US","@id":"https:\/\/orthodoxalbania.org\/2020\/2013\/03\/21\/krishtlindjet-ne-berat\/#primaryimage","url":"https:\/\/lh3.googleusercontent.com\/-L3qlpbVMOL4\/VARVBECZBFI\/AAAAAAAACsA\/bSFPv4FHpAk\/w448-h299-no\/1%2B-%2Bberati.jpg","contentUrl":"https:\/\/lh3.googleusercontent.com\/-L3qlpbVMOL4\/VARVBECZBFI\/AAAAAAAACsA\/bSFPv4FHpAk\/w448-h299-no\/1%2B-%2Bberati.jpg"},{"@type":"BreadcrumbList","@id":"https:\/\/orthodoxalbania.org\/2020\/2013\/03\/21\/krishtlindjet-ne-berat\/#breadcrumb","itemListElement":[{"@type":"ListItem","position":1,"name":"Home","item":"https:\/\/orthodoxalbania.org\/2020\/"},{"@type":"ListItem","position":2,"name":"Krishtlindjet n\u00eb Berat 2011."}]},{"@type":"WebSite","@id":"https:\/\/orthodoxalbania.org\/2020\/#website","url":"https:\/\/orthodoxalbania.org\/2020\/","name":"Kisha Orthodh\u03bfkse Autoqefale e Shqip\u00ebris\u00eb","description":"Fqja Zyrtare e Kish\u00ebs Orthodhokse Autoqefale e Shqip\u00ebris\u00eb me lajmet edhe informacionet zyrtare p\u00ebr struktur\u00ebn edhe veprimtarin e saj.","publisher":{"@id":"https:\/\/orthodoxalbania.org\/2020\/#organization"},"potentialAction":[{"@type":"SearchAction","target":{"@type":"EntryPoint","urlTemplate":"https:\/\/orthodoxalbania.org\/2020\/?s={search_term_string}"},"query-input":{"@type":"PropertyValueSpecification","valueRequired":true,"valueName":"search_term_string"}}],"inLanguage":"en-US"},{"@type":"Organization","@id":"https:\/\/orthodoxalbania.org\/2020\/#organization","name":"Kisha Orthodhokse Autoqefale e Shqip\u00ebris\u00eb","url":"https:\/\/orthodoxalbania.org\/2020\/","logo":{"@type":"ImageObject","inLanguage":"en-US","@id":"https:\/\/orthodoxalbania.org\/2020\/#\/schema\/logo\/image\/","url":"https:\/\/orthodoxalbania.org\/2020\/wp-content\/uploads\/2020\/05\/albania.jpeg","contentUrl":"https:\/\/orthodoxalbania.org\/2020\/wp-content\/uploads\/2020\/05\/albania.jpeg","width":540,"height":540,"caption":"Kisha Orthodhokse Autoqefale e Shqip\u00ebris\u00eb"},"image":{"@id":"https:\/\/orthodoxalbania.org\/2020\/#\/schema\/logo\/image\/"},"sameAs":["https:\/\/www.facebook.com\/koash1991"]},{"@type":"Person","@id":"https:\/\/orthodoxalbania.org\/2020\/#\/schema\/person\/0c387634a7063ac612d7ed9ce71c7e86","name":"Kisha Orthodhokse","image":{"@type":"ImageObject","inLanguage":"en-US","@id":"https:\/\/secure.gravatar.com\/avatar\/596e7c417251e30f2fbb9c00e026fce61a695a00e51c889caded71c96cbbdde5?s=96&d=mm&r=g","url":"https:\/\/secure.gravatar.com\/avatar\/596e7c417251e30f2fbb9c00e026fce61a695a00e51c889caded71c96cbbdde5?s=96&d=mm&r=g","contentUrl":"https:\/\/secure.gravatar.com\/avatar\/596e7c417251e30f2fbb9c00e026fce61a695a00e51c889caded71c96cbbdde5?s=96&d=mm&r=g","caption":"Kisha Orthodhokse"}}]}},"_links":{"self":[{"href":"https:\/\/orthodoxalbania.org\/2020\/wp-json\/wp\/v2\/posts\/867","targetHints":{"allow":["GET"]}}],"collection":[{"href":"https:\/\/orthodoxalbania.org\/2020\/wp-json\/wp\/v2\/posts"}],"about":[{"href":"https:\/\/orthodoxalbania.org\/2020\/wp-json\/wp\/v2\/types\/post"}],"author":[{"embeddable":true,"href":"https:\/\/orthodoxalbania.org\/2020\/wp-json\/wp\/v2\/users\/1"}],"replies":[{"embeddable":true,"href":"https:\/\/orthodoxalbania.org\/2020\/wp-json\/wp\/v2\/comments?post=867"}],"version-history":[{"count":1,"href":"https:\/\/orthodoxalbania.org\/2020\/wp-json\/wp\/v2\/posts\/867\/revisions"}],"predecessor-version":[{"id":15348,"href":"https:\/\/orthodoxalbania.org\/2020\/wp-json\/wp\/v2\/posts\/867\/revisions\/15348"}],"wp:attachment":[{"href":"https:\/\/orthodoxalbania.org\/2020\/wp-json\/wp\/v2\/media?parent=867"}],"wp:term":[{"taxonomy":"category","embeddable":true,"href":"https:\/\/orthodoxalbania.org\/2020\/wp-json\/wp\/v2\/categories?post=867"},{"taxonomy":"post_tag","embeddable":true,"href":"https:\/\/orthodoxalbania.org\/2020\/wp-json\/wp\/v2\/tags?post=867"}],"curies":[{"name":"wp","href":"https:\/\/api.w.org\/{rel}","templated":true}]}}