{"id":865,"date":"2013-03-21T12:37:08","date_gmt":"2013-03-21T12:37:08","guid":{"rendered":""},"modified":"2020-04-06T22:05:53","modified_gmt":"2020-04-06T20:05:53","slug":"krishtlindje-2012-durim-me-zemer-te-gjere","status":"publish","type":"post","link":"https:\/\/orthodoxalbania.org\/2020\/2013\/03\/21\/krishtlindje-2012-durim-me-zemer-te-gjere\/","title":{"rendered":"KRISHTLINDJE, 2012. &#8211; Durim me zem\u00ebr t\u00eb gjer\u00eb &#8211;  (Dhjetor 2012)"},"content":{"rendered":"<div>\n\t <br \/> <br \/>\n\t<span style=\"color: #000000;\"><img decoding=\"async\" alt=\"\" class=\"lazyload HAa Eha\" height=\"53\" src=\"data:image\/svg+xml,%3Csvg%20xmlns%3D%27http%3A%2F%2Fwww.w3.org%2F2000%2Fsvg%27%20width%3D%2753%27%20height%3D%2753%27%20viewBox%3D%270%200%2053%2053%27%3E%3Crect%20width%3D%2753%27%20height%3D%2753%27%20fill-opacity%3D%220%22%2F%3E%3C%2Fsvg%3E\" data-orig-src=\"https:\/\/lh3.googleusercontent.com\/-0XaSr7tg_9w\/U_NB8PwotlI\/AAAAAAAAA2g\/QXaauIV8bCc\/s577-no\/logo.png\" style=\"display: block; margin-left: auto; margin-right: auto;\" width=\"53\" \/><\/span><\/div>\n<p style=\"text-align: center;\">\n\t<span style=\"font-family: helvetica; font-size: 12pt; color: #000000;\"><strong>Kisha Orthodhokse Autoqefale e Shqip\u00ebris\u00eb<\/strong><\/span><\/p>\n<p style=\"text-align: center;\">\n\t<span style=\"font-family: helvetica; font-size: 12pt; color: #000000;\"><strong>KRISHTLINDJE, 2012<\/strong><\/span><span style=\"color: #000000;\"> <\/span><\/p>\n<p style=\"text-align: center;\">\n\t<span style=\"font-family: helvetica; font-size: 12pt; color: #000000;\"><strong>Durim me zem\u00ebr t\u00eb gjer\u00eb<\/strong><\/span><span style=\"color: #000000;\"> <\/span><\/p>\n<div style=\"text-align: center;\">\n\t<span style=\"font-family: helvetica; font-size: 12pt; color: #000000;\"><strong>\u2020&nbsp;<\/strong><strong><em>Anastasi<\/em><\/strong><\/span><\/div>\n<div style=\"text-align: center;\">\n\t<span style=\"font-family: helvetica; font-size: 12pt; color: #000000;\"><strong><em>Kryepiskop i Tiran\u00ebs, Durr\u00ebsit dhe i Gjith\u00eb Shqip\u00ebris\u00eb<\/em><\/strong>&nbsp;&nbsp;<\/span><\/div>\n<p style=\"text-align: center;\">\n\t&nbsp;<\/p>\n<div style=\"text-align: center;\">\n\t&nbsp;<\/div>\n<div style=\"text-align: center;\">\n\t&nbsp;<\/div>\n<div style=\"text-align: center;\">\n\t&nbsp;<\/div>\n<div style=\"text-align: center;\">\n\t&nbsp;<\/div>\n<div style=\"text-align: center;\">\n\t&nbsp;<\/div>\n<div>\n\t<span style=\"font-family: helvetica; font-size: 12pt; color: #000000;\">&nbsp;&nbsp;&nbsp; Klerit dhe besimtar\u00ebve shpres\u00ebtar\u00eb Orthodhoks\u00eb,<\/span><\/div>\n<div>\n\t<span style=\"font-family: helvetica; font-size: 12pt; color: #000000;\">&nbsp;&nbsp;&nbsp; Bij t\u00eb shtrenjt\u00eb m\u00eb Zotin,<\/span><\/div>\n<div style=\"text-align: center;\">\n\t&nbsp;<\/div>\n<div style=\"text-align: right;\">\n\t<span style=\"font-family: helvetica; font-size: 12pt; color: #000000;\"><em>\u201cZoti i drejtoft\u00eb zemrat tuaja&#8230; n\u00eb durimin e Krishtit\u201d (2 Thes. 3:5)<\/em><\/span><\/div>\n<div style=\"text-align: center;\">\n\t&nbsp;<\/div>\n<div style=\"text-align: center;\">\n\t&nbsp;<\/div>\n<div style=\"text-align: center;\">\n\t&nbsp;<\/div>\n<p class=\"MsoNormal\" style=\"margin-bottom: 0.0001pt; text-indent: 0.25in; text-align: justify;\">\n\t&nbsp;<\/p>\n<p class=\"MsoNormal\" style=\"margin-bottom: 0.0001pt; text-indent: 0.25in; text-align: justify;\">\n\t<span style=\"color: #000000; font-size: 12pt; font-family: helvetica;\">Shp\u00ebtimtari i bot\u00ebs, ardhjen e t\u00eb Cilit kremtojm\u00eb n\u00eb Krishtlindje, nuk erdhi n\u00eb tok\u00eb si nj\u00eb udh\u00ebheq\u00ebs plot ngut dhe i vrullsh\u00ebm p\u00ebr t\u00eb ndryshuar p\u00ebrnj\u00ebher\u00ebsh realitetin m\u00ebkatar. Fjala e Per\u00ebndis\u00eb, i b\u00ebr\u00eb njeri, nuk k\u00ebrkoi t\u00eb ndreq\u00eb gjith\u00e7ka n\u00eb pak koh\u00eb, t\u00eb imponoj\u00eb me forc\u00eb parimet q\u00eb shpalli p\u00ebr nj\u00eb shoq\u00ebri t\u00eb drejt\u00eb. Q\u00eb n\u00eb vitet e para t\u00eb pranis\u00eb s\u00eb Tij n\u00eb historin\u00eb e njer\u00ebzimit, u soll me nj\u00eb DURIM t\u00eb mahnitsh\u00ebm: durim ndaj indiferenc\u00ebs s\u00eb banor\u00ebve t\u00eb Bethlehemit q\u00eb nuk i ofruan as edhe nj\u00eb streh\u00eb t\u00eb thjesht\u00eb. Durim ndaj armiq\u00ebsis\u00eb paranojake t\u00eb pushtetit politik, q\u00eb ndjeu se po k\u00ebrc\u00ebnohej dhe rendi t\u00eb marr\u00eb masat m\u00eb t\u00eb dhunshme kund\u00ebr Tij. Durim n\u00eb kushtet e t\u00eb qenurit i huaj, kur u detyrua, s\u00eb bashku me n\u00ebn\u00ebn e Tij dhe mbrojt\u00ebsin e Tij Josif, t\u00eb gjej\u00eb streh\u00eb n\u00eb nj\u00eb vend t\u00eb huaj, n\u00eb Egjipt. Dhe m\u00eb von\u00eb, p\u00ebr shum\u00eb koh\u00eb, punoi si pun\u00ebtor krahu, me durim, duke marr\u00eb pjes\u00eb heshturazi n\u00eb mundimin e popullit t\u00eb thjesht\u00eb.<\/span><\/p>\n<p class=\"MsoNormal\" style=\"margin-bottom: 0.0001pt; text-indent: 0.25in; text-align: justify;\">\n\t<span style=\"color: #000000; font-size: 12pt; font-family: helvetica;\">&nbsp;Dhe kur mb\u00ebrriti koha p\u00ebr misionin e Tij publik, p\u00ebr t\u00eb krijuar parimet e nj\u00eb shoq\u00ebrie t\u00eb re dashurie, t\u00eb Kish\u00ebs, p\u00ebr shpalljen e s\u00eb v\u00ebrtet\u00ebs, t\u00eb paqes dhe t\u00eb drejt\u00ebsis\u00eb, p\u00ebrs\u00ebri tregoi durim t\u00eb paepur: durim ndaj mospranimit t\u00eb mesazhit t\u00eb Tij nga skrib\u00ebt intelektual\u00eb dhe farisenjt\u00eb n\u00eb dukje shpres\u00ebtar\u00eb, durim ndaj shpifjeve t\u00eb pabaza, durim ndaj sjelljeve zem\u00ebrngushta dhe mendjengushta t\u00eb t\u00eb Tijve. Durim ekstrem n\u00eb posht\u00ebrimet e b\u00ebra nga ushtar\u00ebt e pagdhendur t\u00eb absolutizmit romak. Durim n\u00eb kulmin e martirizimit t\u00eb kryqit.<\/span><\/p>\n<p class=\"MsoNormal\" style=\"margin-bottom: 0.0001pt; text-indent: 0.25in; text-align: justify;\">\n\t&nbsp;<\/p>\n<p class=\"MsoNormal\" style=\"margin-bottom: 0.0001pt; text-indent: 0.25in; text-align: center;\">\n\t<span style=\"color: #000000; font-size: 12pt; font-family: helvetica;\">* * *<\/span><\/p>\n<p class=\"MsoNormal\" style=\"margin-bottom: 0.0001pt; text-indent: 0.25in; text-align: center;\">\n\t&nbsp;<\/p>\n<p class=\"MsoNormal\" style=\"margin-bottom: 0.0001pt; text-indent: 0.25in; text-align: justify;\">\n\t<span style=\"color: #000000; font-size: 12pt; font-family: helvetica;\">Nd\u00ebrsa kundrojm\u00eb personin e Mesias q\u00eb po vjen, le t\u00eb mendojm\u00eb m\u00eb me kujdes rreth \u201cdurimit t\u00eb Krishtit\u201d. Dhe le t\u00eb k\u00ebrkojm\u00eb nga Per\u00ebndia i durimit dhe i ngush\u00ebllimit (Rom. 15:5), Per\u00ebndia i dashuris\u00eb, t\u00eb orientoj\u00eb drejt k\u00ebtij durimi zemrat tona. <\/span><\/p>\n<p class=\"MsoNormal\" style=\"margin-bottom: 0.0001pt; text-indent: 0.25in; text-align: justify;\">\n\t<span style=\"color: #000000; font-size: 12pt; font-family: helvetica;\">T\u00eb gjith\u00eb e dim\u00eb se kushtet e sotme n\u00eb vendin ton\u00eb jan\u00eb jasht\u00ebzakonisht t\u00eb v\u00ebshtira. Mos e lejojm\u00eb shkurajimin t\u00eb na pak\u00ebsoj\u00eb fuqin\u00eb e shpirtit, t\u00eb paralizoj\u00eb forcat tona. Le t\u00eb shfaqim durim edhe n\u00eb zem\u00ebrat\u00ebn ton\u00eb t\u00eb justifikuar, ndaj tensionit dhe frik\u00ebs mashtruese q\u00eb ndeshen kudo. Sigurisht, kur flasim p\u00ebr durimin e krishter\u00eb, nuk n\u00ebnkuptojm\u00eb p\u00ebrballje pasive, nj\u00eb lloj q\u00ebndrimi stoik, nj\u00eb form\u00eb nirvane, heqje dor\u00eb nga p\u00ebrgjegj\u00ebsit\u00eb dhe k\u00ebrkesat e drejta, indiferenc\u00eb p\u00ebr aksion social. Krishti artikuloi fjal\u00eb kritike- le t\u00eb sjellim n\u00eb mendje predikimet e Tij,- me fjal\u00eb t\u00eb ashpra- le t\u00eb kujtojm\u00eb zinxhirin e fjal\u00ebve \u201cmjer\u00eb\u201d kund\u00ebr skrib\u00ebve dhe farisenjve (Matth. 23:33). D\u00ebboi nga tempulli ata q\u00eb e kishin b\u00ebr\u00eb \u201csht\u00ebpi tregtie\u201d (Matth. 21:33, Mark. 11:17). Por nj\u00ebkoh\u00ebsisht na fton t\u00eb m\u00ebsojm\u00eb prej Atij, i Cili \u00ebsht\u00eb \u201ci but\u00eb dhe i p\u00ebrulur n\u00eb zem\u00ebr\u201d (Matth.11:29), durimin e thell\u00eb t\u00eb brendsh\u00ebm, q\u00eb t\u00eb gjejm\u00eb paqen dhe ekuilibrin n\u00eb shpirtrat tan\u00eb.<\/span><\/p>\n<p class=\"MsoNormal\" style=\"margin-bottom: 0.0001pt; text-indent: 0.25in; text-align: justify;\">\n\t<span style=\"color: #000000; font-size: 12pt; font-family: helvetica;\">Durimi i krishter\u00eb nuk p\u00ebrb\u00ebn dob\u00ebsi karakteri. P\u00ebrkundrazi, ngjason me fuqin\u00eb e frenave q\u00eb mbron nga aksidentet, q\u00eb garanton sigurin\u00eb e udh\u00ebtimit. Mjer\u00eb ai q\u00eb guxon t\u00eb udh\u00ebtoj\u00eb me makin\u00eb ose aeroplan q\u00eb nuk kan\u00eb frena t\u00eb fort\u00eb. Frenat e sigurt presupozojn\u00eb fuqi. E nj\u00ebjta gj\u00eb ndodh edhe me durimin. Ai i transformon edhe hidh\u00ebrimet, edhe sprovat m\u00eb t\u00eb m\u00ebdha. Nga p\u00ebrvoja e tij personale, apostull Pavli na siguron: \u201c&#8230;se hidh\u00ebrimi sjell durim, durimi sprov\u00eb (karakter t\u00eb sprovuar), nd\u00ebrsa sprova shpres\u00eb, shpres\u00eb e cila nuk turp\u00ebron\u201d (Rom. 5:3-5).<\/span><\/p>\n<p class=\"MsoNormal\" style=\"margin-bottom: 0.0001pt; text-indent: 0.25in; text-align: justify;\">\n\t<span style=\"color: #000000; font-size: 12pt; font-family: helvetica;\">Me an\u00eb t\u00eb durimit, njeriu p\u00ebrdor m\u00eb mir\u00eb fuqit\u00eb e tij intelektuale dhe sentimentale. Durimi i bashkuar me k\u00ebmb\u00ebnguljen e paqt\u00eb, \u00e7el kalime n\u00eb shum\u00eb rrug\u00eb pa krye: n\u00eb marr\u00ebdh\u00ebniet familjare, n\u00eb krizat e sh\u00ebndetit, n\u00eb v\u00ebshtir\u00ebsi t\u00eb ndryshme ekonomike, gjat\u00eb procesit t\u00eb edukimit, n\u00eb hulumtimin shkencor, n\u00eb p\u00ebrpjekjet krijuese. E udh\u00ebheq njeriun drejt pjekuris\u00eb. \u201cDurimi vep\u00ebr t\u00eb p\u00ebrsosur ka, q\u00eb t\u00eb jeni t\u00eb p\u00ebrsosur dhe t\u00eb plot\u00eb duke mos m\u00ebnuar n\u00eb asgj\u00eb\u201d (Jak.1:4).<\/span><\/p>\n<p class=\"MsoNormal\" style=\"margin-bottom: 0.0001pt; text-indent: 0.25in; text-align: justify;\">\n\t<span style=\"color: #000000; font-size: 12pt; font-family: helvetica;\">Shkrimi i Shenjt\u00eb na ka dh\u00ebn\u00eb shum\u00eb shembuj t\u00eb durimit, nga t\u00eb cil\u00ebt m\u00eb t\u00eb njohurit jan\u00eb ai i Avrahamit (Hebr. 6:15), i Jovit (Jak.5:11) dhe i Hyjlind\u00ebses. Por ve\u00e7an\u00ebrisht na fton t\u00eb imitojm\u00eb \u201cdurimin e Jisuit\u201d: \u201cMe durim le t\u00eb vrapojm\u00eb n\u00eb betej\u00ebn q\u00eb q\u00ebndron p\u00ebrpara nesh, duke e pasur v\u00ebshtrimin te kryetari i besimit dhe p\u00ebrsos\u00ebsi Jisu\u201d (Hebr. 12:1-2,4). Dhe me shikimin ton\u00eb t\u00eb p\u00ebrqendruar tek Ai, le t\u00eb p\u00ebrballemi me durim zem\u00ebrgjer\u00eb me sprovat q\u00eb na dalin p\u00ebrpara. N\u00eb m\u00ebnyr\u00eb t\u00eb ve\u00e7ant\u00eb, t\u00eb gjith\u00eb ata q\u00eb p\u00ebrhapin Ungjillin, t\u00eb v\u00ebrtet\u00ebn e Krishtit n\u00eb kufijt\u00eb e vjet\u00ebr dhe t\u00eb rinj, sa jan\u00eb \u201cdhjakon\u00eb\u201d dhe t\u00eb d\u00ebrguarit e Tij, jan\u00eb thirrur n\u00eb nj\u00eb pjes\u00ebmarrje m\u00eb t\u00eb ngusht\u00eb n\u00eb vepr\u00ebn dhe P\u00ebsimin e Tij \u201cn\u00eb durim t\u00eb shumt\u00eb, n\u00eb hidh\u00ebrime, n\u00eb nevoja, n\u00eb shtr\u00ebngime&#8230; (2 Kor. 6:4).<\/span><\/p>\n<p class=\"MsoNormal\" style=\"margin-bottom: 0.0001pt; text-indent: 0.25in; text-align: justify;\">\n\t<span style=\"color: #000000; font-size: 12pt; font-family: helvetica;\">Mbi t\u00eb gjitha k\u00ebrkohet durim n\u00eb dit\u00ebt tona, p\u00ebr t\u00eb arritur reciprocitetin dhe unitetin e brendsh\u00ebm shpirt\u00ebror, p\u00ebr t\u00eb cilat ka nevoj\u00eb vendi, p\u00ebr ta kap\u00ebrcyer kriz\u00ebn. Me durim do ta fitojm\u00eb jet\u00ebn ton\u00eb (shih Llk. 23:19).<\/span><\/p>\n<p class=\"MsoNormal\" style=\"margin-bottom: 0.0001pt; text-indent: 0.25in; text-align: justify;\">\n\t&nbsp;<\/p>\n<p class=\"MsoNormal\" style=\"margin-bottom: 0.0001pt; text-indent: 0.25in; text-align: center;\">\n\t<span style=\"color: #000000; font-size: 12pt; font-family: helvetica;\">* * *<\/span><\/p>\n<p class=\"MsoNormal\" style=\"margin-bottom: 0.0001pt; text-indent: 0.25in; text-align: center;\">\n\t&nbsp;<\/p>\n<p class=\"MsoNormal\" style=\"margin-bottom: 0.0001pt; text-indent: 0.25in; text-align: justify;\">\n\t<span style=\"color: #000000; font-size: 12pt; font-family: helvetica;\">T\u00eb gjitha sa nxirren n\u00eb pah n\u00eb k\u00ebto dit\u00eb kremtuese, v\u00ebllez\u00ebrit e mi- paqja, dashuria, shpresa dhe durimi q\u00eb theksuam dit\u00ebn e sotme- jan\u00eb gj\u00ebra t\u00eb nd\u00ebrlidhura nj\u00ebra me tjetr\u00ebn, ashtu si\u00e7 nd\u00ebrlidhen n\u00eb trupin ton\u00eb organet jet\u00ebsore, sistemi nervor, i qarkullimit t\u00eb gjakut dhe ai muskulor. Secili nd\u00ebrvaret, mb\u00ebshtet dhe fuqizon tjetrin. Pra durimi nuk \u00ebsht\u00eb aspak i ve\u00e7uar dhe autonom. Vepron s\u00eb bashku me besimin (sistemi nervor), shpres\u00ebn (ai muskulor) e me dashurin\u00eb (sistemi i qarkullimit t\u00eb gjakut) e cila \u201ci duron t\u00eb gjitha\u201d (1 Kor. 13:9).<\/span><\/p>\n<p class=\"MsoNormal\" style=\"margin-bottom: 0.0001pt; text-indent: 0.25in; text-align: justify;\">\n\t<span style=\"color: #000000; font-size: 12pt; font-family: helvetica;\">Le ta lusim fort Zotin, \u201cPer\u00ebndin\u00eb e dashuris\u00eb\u201d n\u00eb k\u00ebto festa t\u00eb Krishtlindjeve q\u00eb t\u00eb orientoj\u00eb mendimet tona drejt k\u00ebsaj forme durimi, por mbi t\u00eb gjitha, ta b\u00ebj\u00eb k\u00ebt\u00eb edhe me zemrat tona. T\u00eb na orientoj\u00eb drejt \u201cdurimit t\u00eb Krishtit\u201d t\u00eb paqt\u00eb, t\u00eb fort\u00eb, rrezatues, t\u00eb paepur. Dhe \u201cDielli i drejt\u00ebsis\u00eb\u201d, fitimtar do t\u00eb shndris\u00eb p\u00ebrs\u00ebri brenda reve t\u00eb zeza, p\u00ebr t\u00eb ndri\u00e7uar dhe p\u00ebr t\u00eb ngrohur zemrat tona. Me durim me zem\u00ebr t\u00eb gjer\u00eb le t\u00eb ecim sidomos gjat\u00eb vitit t\u00eb ri, q\u00eb t\u00eb kap\u00ebrcejm\u00eb problemet e shum\u00ebllojta dhe kund\u00ebrshtit\u00eb e paparashikuara.<\/span><\/p>\n<p class=\"MsoNormal\" style=\"margin-bottom: 0.0001pt; text-indent: 0.25in; text-align: justify;\">\n\t&nbsp;<\/p>\n<p class=\"MsoNormal\" style=\"margin-bottom: 0.0001pt; text-indent: 0.25in; text-align: justify;\">\n\t&nbsp;<\/p>\n<p class=\"MsoNormal\" style=\"margin-bottom: 0.0001pt; text-indent: 0.25in; text-align: justify;\">\n\t&nbsp;<\/p>\n<p class=\"MsoNormal\" style=\"margin-bottom: 0.0001pt; text-indent: 0.25in; text-align: justify;\">\n\t&nbsp;<\/p>\n<p class=\"MsoNormal\" style=\"margin-bottom: 0.0001pt; text-indent: 0.25in; text-align: center;\">\n\t<span style=\"color: #000000; font-size: 12pt; font-family: helvetica;\">Krishtlindje t\u00eb bekuara!<\/span><\/p>\n<p class=\"MsoNormal\" style=\"margin-bottom: 0.0001pt; text-align: center;\">\n\t<span style=\"color: #000000; font-size: 12pt; font-family: helvetica;\">Me t\u00eb gjith\u00eb dashurin\u00eb time m\u00eb Krishtin<\/span><\/p>\n<p class=\"MsoNormal\" style=\"margin-bottom: 0.0001pt; text-align: center;\">\n\t&nbsp;<\/p>\n<div class=\"MsoNormal\" style=\"margin-bottom: 0.0001pt; text-align: center;\">\n\t<span style=\"color: #000000; font-size: 12pt; font-family: helvetica;\"><strong>\u2020 Anastasi<\/strong><\/span><\/div>\n<div class=\"MsoNormal\" style=\"margin-bottom: 0.0001pt; text-align: center;\">\n\t<span style=\"color: #000000; font-size: 12pt; font-family: helvetica;\"><em>Kryepiskop i Tiran\u00ebs, Durr\u00ebsit dhe i Gjith\u00eb Shqip\u00ebris\u00eb<\/em><\/span><\/div>\n<p class=\"MsoNormal\" style=\"margin-bottom: 0.0001pt; text-align: justify;\">\n\t&nbsp;<\/p>\n<p class=\"MsoNormal\" style=\"margin-bottom: 0.0001pt; text-align: justify;\">\n\t&nbsp;<\/p>\n<p style=\"text-align: justify;\">\n\t&nbsp;<\/p>\n","protected":false},"excerpt":{"rendered":"<p>Kisha Orthodhokse Autoqefale e Shqip\u00ebris\u00eb KRISHTLINDJE, 2012 Durim me zem\u00ebr t\u00eb gjer\u00eb \u2020&nbsp;Anastasi Kryepiskop i Tiran\u00ebs, Durr\u00ebsit dhe i Gjith\u00eb Shqip\u00ebris\u00eb&nbsp;&nbsp; &nbsp; &nbsp; &nbsp; &nbsp; &nbsp; &nbsp; &nbsp;&nbsp;&nbsp; Klerit dhe besimtar\u00ebve shpres\u00ebtar\u00eb Orthodhoks\u00eb, &nbsp;&nbsp;&nbsp; Bij t\u00eb shtrenjt\u00eb m\u00eb Zotin, &nbsp; \u201cZoti i drejtoft\u00eb zemrat tuaja&#8230; n\u00eb durimin e Krishtit\u201d (2 Thes. 3:5) &nbsp; &nbsp; &nbsp; &nbsp; Shp\u00ebtimtari i bot\u00ebs, ardhjen e t\u00eb Cilit kremtojm\u00eb n\u00eb<\/p>\n","protected":false},"author":1,"featured_media":0,"comment_status":"open","ping_status":"open","sticky":false,"template":"","format":"standard","meta":{"_acf_changed":false,"pagelayer_contact_templates":[],"_pagelayer_content":"","inline_featured_image":false,"fifu_image_url":"","fifu_image_alt":"","footnotes":""},"categories":[108],"tags":[142,192,196,201,212,152],"class_list":["post-865","post","type-post","status-publish","format-standard","hentry","category-lajme","tag-142","tag-krishtlindje","tag-tirane","tag-kryepiskopi-anastas","tag-lajme-d27","tag-mesazhet-festive-d19"],"acf":[],"yoast_head":"<!-- This site is optimized with the Yoast SEO plugin v27.2 - https:\/\/yoast.com\/product\/yoast-seo-wordpress\/ -->\n<title>KRISHTLINDJE, 2012. - Durim me zem\u00ebr t\u00eb gjer\u00eb - (Dhjetor 2012) - Kisha Orthodh\u03bfkse Autoqefale e Shqip\u00ebris\u00eb<\/title>\n<meta name=\"robots\" content=\"index, follow, max-snippet:-1, max-image-preview:large, max-video-preview:-1\" \/>\n<link rel=\"canonical\" href=\"https:\/\/orthodoxalbania.org\/2020\/2013\/03\/21\/krishtlindje-2012-durim-me-zemer-te-gjere\/\" \/>\n<meta property=\"og:locale\" content=\"en_US\" \/>\n<meta property=\"og:type\" content=\"article\" \/>\n<meta property=\"og:title\" content=\"KRISHTLINDJE, 2012. - Durim me zem\u00ebr t\u00eb gjer\u00eb - (Dhjetor 2012) - Kisha Orthodh\u03bfkse Autoqefale e Shqip\u00ebris\u00eb\" \/>\n<meta property=\"og:description\" content=\"Kisha Orthodhokse Autoqefale e Shqip\u00ebris\u00eb KRISHTLINDJE, 2012 Durim me zem\u00ebr t\u00eb gjer\u00eb \u2020&nbsp;Anastasi Kryepiskop i Tiran\u00ebs, Durr\u00ebsit dhe i Gjith\u00eb Shqip\u00ebris\u00eb&nbsp;&nbsp; &nbsp; &nbsp; &nbsp; &nbsp; &nbsp; &nbsp; &nbsp;&nbsp;&nbsp; Klerit dhe besimtar\u00ebve shpres\u00ebtar\u00eb Orthodhoks\u00eb, &nbsp;&nbsp;&nbsp; Bij t\u00eb shtrenjt\u00eb m\u00eb Zotin, &nbsp; \u201cZoti i drejtoft\u00eb zemrat tuaja&#8230; n\u00eb durimin e Krishtit\u201d (2 Thes. 3:5) &nbsp; &nbsp; &nbsp; &nbsp; Shp\u00ebtimtari i bot\u00ebs, ardhjen e t\u00eb Cilit kremtojm\u00eb n\u00eb\" \/>\n<meta property=\"og:url\" content=\"https:\/\/orthodoxalbania.org\/2020\/2013\/03\/21\/krishtlindje-2012-durim-me-zemer-te-gjere\/\" \/>\n<meta property=\"og:site_name\" content=\"Kisha Orthodh\u03bfkse Autoqefale e Shqip\u00ebris\u00eb\" \/>\n<meta property=\"article:publisher\" content=\"https:\/\/www.facebook.com\/koash1991\" \/>\n<meta property=\"article:published_time\" content=\"2013-03-21T12:37:08+00:00\" \/>\n<meta property=\"article:modified_time\" content=\"2020-04-06T20:05:53+00:00\" \/>\n<meta property=\"og:image\" content=\"https:\/\/lh3.googleusercontent.com\/-0XaSr7tg_9w\/U_NB8PwotlI\/AAAAAAAAA2g\/QXaauIV8bCc\/s577-no\/logo.png\" \/>\n<meta name=\"author\" content=\"Kisha Orthodhokse\" \/>\n<meta name=\"twitter:card\" content=\"summary_large_image\" \/>\n<meta name=\"twitter:label1\" content=\"Written by\" \/>\n\t<meta name=\"twitter:data1\" content=\"Kisha Orthodhokse\" \/>\n\t<meta name=\"twitter:label2\" content=\"Est. reading time\" \/>\n\t<meta name=\"twitter:data2\" content=\"6 minutes\" \/>\n<script type=\"application\/ld+json\" class=\"yoast-schema-graph\">{\"@context\":\"https:\/\/schema.org\",\"@graph\":[{\"@type\":\"Article\",\"@id\":\"https:\/\/orthodoxalbania.org\/2020\/2013\/03\/21\/krishtlindje-2012-durim-me-zemer-te-gjere\/#article\",\"isPartOf\":{\"@id\":\"https:\/\/orthodoxalbania.org\/2020\/2013\/03\/21\/krishtlindje-2012-durim-me-zemer-te-gjere\/\"},\"author\":{\"name\":\"Kisha Orthodhokse\",\"@id\":\"https:\/\/orthodoxalbania.org\/2020\/#\/schema\/person\/0c387634a7063ac612d7ed9ce71c7e86\"},\"headline\":\"KRISHTLINDJE, 2012. &#8211; Durim me zem\u00ebr t\u00eb gjer\u00eb &#8211; (Dhjetor 2012)\",\"datePublished\":\"2013-03-21T12:37:08+00:00\",\"dateModified\":\"2020-04-06T20:05:53+00:00\",\"mainEntityOfPage\":{\"@id\":\"https:\/\/orthodoxalbania.org\/2020\/2013\/03\/21\/krishtlindje-2012-durim-me-zemer-te-gjere\/\"},\"wordCount\":1238,\"commentCount\":0,\"publisher\":{\"@id\":\"https:\/\/orthodoxalbania.org\/2020\/#organization\"},\"image\":{\"@id\":\"https:\/\/orthodoxalbania.org\/2020\/2013\/03\/21\/krishtlindje-2012-durim-me-zemer-te-gjere\/#primaryimage\"},\"thumbnailUrl\":\"https:\/\/lh3.googleusercontent.com\/-0XaSr7tg_9w\/U_NB8PwotlI\/AAAAAAAAA2g\/QXaauIV8bCc\/s577-no\/logo.png\",\"keywords\":[\"2012\",\"Krishtlindje\",\"Kryepiskopata Tiran\u00eb\",\"Kryepiskopi Anastas\",\"lajme\",\"Mesazhet Festive\"],\"articleSection\":[\"Lajme\"],\"inLanguage\":\"en-US\"},{\"@type\":\"WebPage\",\"@id\":\"https:\/\/orthodoxalbania.org\/2020\/2013\/03\/21\/krishtlindje-2012-durim-me-zemer-te-gjere\/\",\"url\":\"https:\/\/orthodoxalbania.org\/2020\/2013\/03\/21\/krishtlindje-2012-durim-me-zemer-te-gjere\/\",\"name\":\"KRISHTLINDJE, 2012. - Durim me zem\u00ebr t\u00eb gjer\u00eb - (Dhjetor 2012) - Kisha Orthodh\u03bfkse Autoqefale e Shqip\u00ebris\u00eb\",\"isPartOf\":{\"@id\":\"https:\/\/orthodoxalbania.org\/2020\/#website\"},\"primaryImageOfPage\":{\"@id\":\"https:\/\/orthodoxalbania.org\/2020\/2013\/03\/21\/krishtlindje-2012-durim-me-zemer-te-gjere\/#primaryimage\"},\"image\":{\"@id\":\"https:\/\/orthodoxalbania.org\/2020\/2013\/03\/21\/krishtlindje-2012-durim-me-zemer-te-gjere\/#primaryimage\"},\"thumbnailUrl\":\"https:\/\/lh3.googleusercontent.com\/-0XaSr7tg_9w\/U_NB8PwotlI\/AAAAAAAAA2g\/QXaauIV8bCc\/s577-no\/logo.png\",\"datePublished\":\"2013-03-21T12:37:08+00:00\",\"dateModified\":\"2020-04-06T20:05:53+00:00\",\"breadcrumb\":{\"@id\":\"https:\/\/orthodoxalbania.org\/2020\/2013\/03\/21\/krishtlindje-2012-durim-me-zemer-te-gjere\/#breadcrumb\"},\"inLanguage\":\"en-US\",\"potentialAction\":[{\"@type\":\"ReadAction\",\"target\":[\"https:\/\/orthodoxalbania.org\/2020\/2013\/03\/21\/krishtlindje-2012-durim-me-zemer-te-gjere\/\"]}]},{\"@type\":\"ImageObject\",\"inLanguage\":\"en-US\",\"@id\":\"https:\/\/orthodoxalbania.org\/2020\/2013\/03\/21\/krishtlindje-2012-durim-me-zemer-te-gjere\/#primaryimage\",\"url\":\"https:\/\/lh3.googleusercontent.com\/-0XaSr7tg_9w\/U_NB8PwotlI\/AAAAAAAAA2g\/QXaauIV8bCc\/s577-no\/logo.png\",\"contentUrl\":\"https:\/\/lh3.googleusercontent.com\/-0XaSr7tg_9w\/U_NB8PwotlI\/AAAAAAAAA2g\/QXaauIV8bCc\/s577-no\/logo.png\"},{\"@type\":\"BreadcrumbList\",\"@id\":\"https:\/\/orthodoxalbania.org\/2020\/2013\/03\/21\/krishtlindje-2012-durim-me-zemer-te-gjere\/#breadcrumb\",\"itemListElement\":[{\"@type\":\"ListItem\",\"position\":1,\"name\":\"Home\",\"item\":\"https:\/\/orthodoxalbania.org\/2020\/\"},{\"@type\":\"ListItem\",\"position\":2,\"name\":\"KRISHTLINDJE, 2012. &#8211; Durim me zem\u00ebr t\u00eb gjer\u00eb &#8211; (Dhjetor 2012)\"}]},{\"@type\":\"WebSite\",\"@id\":\"https:\/\/orthodoxalbania.org\/2020\/#website\",\"url\":\"https:\/\/orthodoxalbania.org\/2020\/\",\"name\":\"Kisha Orthodh\u03bfkse Autoqefale e Shqip\u00ebris\u00eb\",\"description\":\"Fqja Zyrtare e Kish\u00ebs Orthodhokse Autoqefale e Shqip\u00ebris\u00eb me lajmet edhe informacionet zyrtare p\u00ebr struktur\u00ebn edhe veprimtarin e saj.\",\"publisher\":{\"@id\":\"https:\/\/orthodoxalbania.org\/2020\/#organization\"},\"potentialAction\":[{\"@type\":\"SearchAction\",\"target\":{\"@type\":\"EntryPoint\",\"urlTemplate\":\"https:\/\/orthodoxalbania.org\/2020\/?s={search_term_string}\"},\"query-input\":{\"@type\":\"PropertyValueSpecification\",\"valueRequired\":true,\"valueName\":\"search_term_string\"}}],\"inLanguage\":\"en-US\"},{\"@type\":\"Organization\",\"@id\":\"https:\/\/orthodoxalbania.org\/2020\/#organization\",\"name\":\"Kisha Orthodhokse Autoqefale e Shqip\u00ebris\u00eb\",\"url\":\"https:\/\/orthodoxalbania.org\/2020\/\",\"logo\":{\"@type\":\"ImageObject\",\"inLanguage\":\"en-US\",\"@id\":\"https:\/\/orthodoxalbania.org\/2020\/#\/schema\/logo\/image\/\",\"url\":\"https:\/\/orthodoxalbania.org\/2020\/wp-content\/uploads\/2020\/05\/albania.jpeg\",\"contentUrl\":\"https:\/\/orthodoxalbania.org\/2020\/wp-content\/uploads\/2020\/05\/albania.jpeg\",\"width\":540,\"height\":540,\"caption\":\"Kisha Orthodhokse Autoqefale e Shqip\u00ebris\u00eb\"},\"image\":{\"@id\":\"https:\/\/orthodoxalbania.org\/2020\/#\/schema\/logo\/image\/\"},\"sameAs\":[\"https:\/\/www.facebook.com\/koash1991\"]},{\"@type\":\"Person\",\"@id\":\"https:\/\/orthodoxalbania.org\/2020\/#\/schema\/person\/0c387634a7063ac612d7ed9ce71c7e86\",\"name\":\"Kisha Orthodhokse\",\"image\":{\"@type\":\"ImageObject\",\"inLanguage\":\"en-US\",\"@id\":\"https:\/\/secure.gravatar.com\/avatar\/596e7c417251e30f2fbb9c00e026fce61a695a00e51c889caded71c96cbbdde5?s=96&d=mm&r=g\",\"url\":\"https:\/\/secure.gravatar.com\/avatar\/596e7c417251e30f2fbb9c00e026fce61a695a00e51c889caded71c96cbbdde5?s=96&d=mm&r=g\",\"contentUrl\":\"https:\/\/secure.gravatar.com\/avatar\/596e7c417251e30f2fbb9c00e026fce61a695a00e51c889caded71c96cbbdde5?s=96&d=mm&r=g\",\"caption\":\"Kisha Orthodhokse\"}}]}<\/script>\n<!-- \/ Yoast SEO plugin. -->","yoast_head_json":{"title":"KRISHTLINDJE, 2012. - Durim me zem\u00ebr t\u00eb gjer\u00eb - (Dhjetor 2012) - Kisha Orthodh\u03bfkse Autoqefale e Shqip\u00ebris\u00eb","robots":{"index":"index","follow":"follow","max-snippet":"max-snippet:-1","max-image-preview":"max-image-preview:large","max-video-preview":"max-video-preview:-1"},"canonical":"https:\/\/orthodoxalbania.org\/2020\/2013\/03\/21\/krishtlindje-2012-durim-me-zemer-te-gjere\/","og_locale":"en_US","og_type":"article","og_title":"KRISHTLINDJE, 2012. - Durim me zem\u00ebr t\u00eb gjer\u00eb - (Dhjetor 2012) - Kisha Orthodh\u03bfkse Autoqefale e Shqip\u00ebris\u00eb","og_description":"Kisha Orthodhokse Autoqefale e Shqip\u00ebris\u00eb KRISHTLINDJE, 2012 Durim me zem\u00ebr t\u00eb gjer\u00eb \u2020&nbsp;Anastasi Kryepiskop i Tiran\u00ebs, Durr\u00ebsit dhe i Gjith\u00eb Shqip\u00ebris\u00eb&nbsp;&nbsp; &nbsp; &nbsp; &nbsp; &nbsp; &nbsp; &nbsp; &nbsp;&nbsp;&nbsp; Klerit dhe besimtar\u00ebve shpres\u00ebtar\u00eb Orthodhoks\u00eb, &nbsp;&nbsp;&nbsp; Bij t\u00eb shtrenjt\u00eb m\u00eb Zotin, &nbsp; \u201cZoti i drejtoft\u00eb zemrat tuaja&#8230; n\u00eb durimin e Krishtit\u201d (2 Thes. 3:5) &nbsp; &nbsp; &nbsp; &nbsp; Shp\u00ebtimtari i bot\u00ebs, ardhjen e t\u00eb Cilit kremtojm\u00eb n\u00eb","og_url":"https:\/\/orthodoxalbania.org\/2020\/2013\/03\/21\/krishtlindje-2012-durim-me-zemer-te-gjere\/","og_site_name":"Kisha Orthodh\u03bfkse Autoqefale e Shqip\u00ebris\u00eb","article_publisher":"https:\/\/www.facebook.com\/koash1991","article_published_time":"2013-03-21T12:37:08+00:00","article_modified_time":"2020-04-06T20:05:53+00:00","og_image":[{"url":"https:\/\/lh3.googleusercontent.com\/-0XaSr7tg_9w\/U_NB8PwotlI\/AAAAAAAAA2g\/QXaauIV8bCc\/s577-no\/logo.png","type":"","width":"","height":""}],"author":"Kisha Orthodhokse","twitter_card":"summary_large_image","twitter_misc":{"Written by":"Kisha Orthodhokse","Est. reading time":"6 minutes"},"schema":{"@context":"https:\/\/schema.org","@graph":[{"@type":"Article","@id":"https:\/\/orthodoxalbania.org\/2020\/2013\/03\/21\/krishtlindje-2012-durim-me-zemer-te-gjere\/#article","isPartOf":{"@id":"https:\/\/orthodoxalbania.org\/2020\/2013\/03\/21\/krishtlindje-2012-durim-me-zemer-te-gjere\/"},"author":{"name":"Kisha Orthodhokse","@id":"https:\/\/orthodoxalbania.org\/2020\/#\/schema\/person\/0c387634a7063ac612d7ed9ce71c7e86"},"headline":"KRISHTLINDJE, 2012. &#8211; Durim me zem\u00ebr t\u00eb gjer\u00eb &#8211; (Dhjetor 2012)","datePublished":"2013-03-21T12:37:08+00:00","dateModified":"2020-04-06T20:05:53+00:00","mainEntityOfPage":{"@id":"https:\/\/orthodoxalbania.org\/2020\/2013\/03\/21\/krishtlindje-2012-durim-me-zemer-te-gjere\/"},"wordCount":1238,"commentCount":0,"publisher":{"@id":"https:\/\/orthodoxalbania.org\/2020\/#organization"},"image":{"@id":"https:\/\/orthodoxalbania.org\/2020\/2013\/03\/21\/krishtlindje-2012-durim-me-zemer-te-gjere\/#primaryimage"},"thumbnailUrl":"https:\/\/lh3.googleusercontent.com\/-0XaSr7tg_9w\/U_NB8PwotlI\/AAAAAAAAA2g\/QXaauIV8bCc\/s577-no\/logo.png","keywords":["2012","Krishtlindje","Kryepiskopata Tiran\u00eb","Kryepiskopi Anastas","lajme","Mesazhet Festive"],"articleSection":["Lajme"],"inLanguage":"en-US"},{"@type":"WebPage","@id":"https:\/\/orthodoxalbania.org\/2020\/2013\/03\/21\/krishtlindje-2012-durim-me-zemer-te-gjere\/","url":"https:\/\/orthodoxalbania.org\/2020\/2013\/03\/21\/krishtlindje-2012-durim-me-zemer-te-gjere\/","name":"KRISHTLINDJE, 2012. - Durim me zem\u00ebr t\u00eb gjer\u00eb - (Dhjetor 2012) - Kisha Orthodh\u03bfkse Autoqefale e Shqip\u00ebris\u00eb","isPartOf":{"@id":"https:\/\/orthodoxalbania.org\/2020\/#website"},"primaryImageOfPage":{"@id":"https:\/\/orthodoxalbania.org\/2020\/2013\/03\/21\/krishtlindje-2012-durim-me-zemer-te-gjere\/#primaryimage"},"image":{"@id":"https:\/\/orthodoxalbania.org\/2020\/2013\/03\/21\/krishtlindje-2012-durim-me-zemer-te-gjere\/#primaryimage"},"thumbnailUrl":"https:\/\/lh3.googleusercontent.com\/-0XaSr7tg_9w\/U_NB8PwotlI\/AAAAAAAAA2g\/QXaauIV8bCc\/s577-no\/logo.png","datePublished":"2013-03-21T12:37:08+00:00","dateModified":"2020-04-06T20:05:53+00:00","breadcrumb":{"@id":"https:\/\/orthodoxalbania.org\/2020\/2013\/03\/21\/krishtlindje-2012-durim-me-zemer-te-gjere\/#breadcrumb"},"inLanguage":"en-US","potentialAction":[{"@type":"ReadAction","target":["https:\/\/orthodoxalbania.org\/2020\/2013\/03\/21\/krishtlindje-2012-durim-me-zemer-te-gjere\/"]}]},{"@type":"ImageObject","inLanguage":"en-US","@id":"https:\/\/orthodoxalbania.org\/2020\/2013\/03\/21\/krishtlindje-2012-durim-me-zemer-te-gjere\/#primaryimage","url":"https:\/\/lh3.googleusercontent.com\/-0XaSr7tg_9w\/U_NB8PwotlI\/AAAAAAAAA2g\/QXaauIV8bCc\/s577-no\/logo.png","contentUrl":"https:\/\/lh3.googleusercontent.com\/-0XaSr7tg_9w\/U_NB8PwotlI\/AAAAAAAAA2g\/QXaauIV8bCc\/s577-no\/logo.png"},{"@type":"BreadcrumbList","@id":"https:\/\/orthodoxalbania.org\/2020\/2013\/03\/21\/krishtlindje-2012-durim-me-zemer-te-gjere\/#breadcrumb","itemListElement":[{"@type":"ListItem","position":1,"name":"Home","item":"https:\/\/orthodoxalbania.org\/2020\/"},{"@type":"ListItem","position":2,"name":"KRISHTLINDJE, 2012. &#8211; Durim me zem\u00ebr t\u00eb gjer\u00eb &#8211; (Dhjetor 2012)"}]},{"@type":"WebSite","@id":"https:\/\/orthodoxalbania.org\/2020\/#website","url":"https:\/\/orthodoxalbania.org\/2020\/","name":"Kisha Orthodh\u03bfkse Autoqefale e Shqip\u00ebris\u00eb","description":"Fqja Zyrtare e Kish\u00ebs Orthodhokse Autoqefale e Shqip\u00ebris\u00eb me lajmet edhe informacionet zyrtare p\u00ebr struktur\u00ebn edhe veprimtarin e saj.","publisher":{"@id":"https:\/\/orthodoxalbania.org\/2020\/#organization"},"potentialAction":[{"@type":"SearchAction","target":{"@type":"EntryPoint","urlTemplate":"https:\/\/orthodoxalbania.org\/2020\/?s={search_term_string}"},"query-input":{"@type":"PropertyValueSpecification","valueRequired":true,"valueName":"search_term_string"}}],"inLanguage":"en-US"},{"@type":"Organization","@id":"https:\/\/orthodoxalbania.org\/2020\/#organization","name":"Kisha Orthodhokse Autoqefale e Shqip\u00ebris\u00eb","url":"https:\/\/orthodoxalbania.org\/2020\/","logo":{"@type":"ImageObject","inLanguage":"en-US","@id":"https:\/\/orthodoxalbania.org\/2020\/#\/schema\/logo\/image\/","url":"https:\/\/orthodoxalbania.org\/2020\/wp-content\/uploads\/2020\/05\/albania.jpeg","contentUrl":"https:\/\/orthodoxalbania.org\/2020\/wp-content\/uploads\/2020\/05\/albania.jpeg","width":540,"height":540,"caption":"Kisha Orthodhokse Autoqefale e Shqip\u00ebris\u00eb"},"image":{"@id":"https:\/\/orthodoxalbania.org\/2020\/#\/schema\/logo\/image\/"},"sameAs":["https:\/\/www.facebook.com\/koash1991"]},{"@type":"Person","@id":"https:\/\/orthodoxalbania.org\/2020\/#\/schema\/person\/0c387634a7063ac612d7ed9ce71c7e86","name":"Kisha Orthodhokse","image":{"@type":"ImageObject","inLanguage":"en-US","@id":"https:\/\/secure.gravatar.com\/avatar\/596e7c417251e30f2fbb9c00e026fce61a695a00e51c889caded71c96cbbdde5?s=96&d=mm&r=g","url":"https:\/\/secure.gravatar.com\/avatar\/596e7c417251e30f2fbb9c00e026fce61a695a00e51c889caded71c96cbbdde5?s=96&d=mm&r=g","contentUrl":"https:\/\/secure.gravatar.com\/avatar\/596e7c417251e30f2fbb9c00e026fce61a695a00e51c889caded71c96cbbdde5?s=96&d=mm&r=g","caption":"Kisha Orthodhokse"}}]}},"_links":{"self":[{"href":"https:\/\/orthodoxalbania.org\/2020\/wp-json\/wp\/v2\/posts\/865","targetHints":{"allow":["GET"]}}],"collection":[{"href":"https:\/\/orthodoxalbania.org\/2020\/wp-json\/wp\/v2\/posts"}],"about":[{"href":"https:\/\/orthodoxalbania.org\/2020\/wp-json\/wp\/v2\/types\/post"}],"author":[{"embeddable":true,"href":"https:\/\/orthodoxalbania.org\/2020\/wp-json\/wp\/v2\/users\/1"}],"replies":[{"embeddable":true,"href":"https:\/\/orthodoxalbania.org\/2020\/wp-json\/wp\/v2\/comments?post=865"}],"version-history":[{"count":1,"href":"https:\/\/orthodoxalbania.org\/2020\/wp-json\/wp\/v2\/posts\/865\/revisions"}],"predecessor-version":[{"id":15269,"href":"https:\/\/orthodoxalbania.org\/2020\/wp-json\/wp\/v2\/posts\/865\/revisions\/15269"}],"wp:attachment":[{"href":"https:\/\/orthodoxalbania.org\/2020\/wp-json\/wp\/v2\/media?parent=865"}],"wp:term":[{"taxonomy":"category","embeddable":true,"href":"https:\/\/orthodoxalbania.org\/2020\/wp-json\/wp\/v2\/categories?post=865"},{"taxonomy":"post_tag","embeddable":true,"href":"https:\/\/orthodoxalbania.org\/2020\/wp-json\/wp\/v2\/tags?post=865"}],"curies":[{"name":"wp","href":"https:\/\/api.w.org\/{rel}","templated":true}]}}