{"id":862,"date":"2006-02-26T00:00:00","date_gmt":"2006-02-26T00:00:00","guid":{"rendered":""},"modified":"2020-04-06T22:41:48","modified_gmt":"2020-04-06T20:41:48","slug":"krishtlindje-te-bekuara-ne-mitropoline-e-gjirokastres-krishtlindje-06","status":"publish","type":"post","link":"https:\/\/orthodoxalbania.org\/2020\/2006\/02\/26\/krishtlindje-te-bekuara-ne-mitropoline-e-gjirokastres-krishtlindje-06\/","title":{"rendered":"Krishtlindje t\u00eb bekuara n\u00eb Mitropolin\u00eb e Gjirokastr\u00ebs. (Dhjetor 2006)"},"content":{"rendered":"<div style=\"text-align: justify;\"><span style=\"color: #000000;\"><span style=\"font-family: tahoma,geneva,sans-serif;\"><span style=\"font-size: 12px;\">&nbsp;&nbsp;&nbsp; Me madh\u00ebshti u kremtua edhe k\u00ebt\u00eb vit Lindja e Zotit ton\u00eb Jisu Krisht n\u00eb enorit\u00eb e Mitropolis\u00eb s\u00eb Shenjt\u00eb t\u00eb Gjirokastr\u00ebs. Atmosfera e k\u00ebtij viti, ve\u00e7 g\u00ebzimit t\u00eb p\u00ebrhersh\u00ebm q\u00eb mbart ardhja e Zotit ton\u00eb Jisu Krisht n\u00eb tok\u00eb, kishte edhe g\u00ebzimin e besimtar\u00ebve orthodhoks\u00eb p\u00ebr faktin q\u00eb pas vendimeve t\u00eb Sinodit t\u00eb Shenjt\u00eb t\u00eb Kish\u00ebs son\u00eb edhe Mitropolia e Shenjt\u00eb e Gjirokastr\u00ebs, ka tanim\u00eb bariun e saj shpirt\u00ebror.<\/span><\/span><\/span><\/div>\n<div style=\"text-align: justify;\">&nbsp;<\/div>\n<div style=\"text-align: justify;\"><span style=\"color: #000000;\"><span style=\"font-family: tahoma,geneva,sans-serif;\"><span style=\"font-size: 12px;\">&nbsp;&nbsp;&nbsp; Liturgjia Hyjnore e Krishtlindjeve, filloi her\u00ebt n\u00eb m\u00ebngjes n\u00eb Kish\u00ebn Katedrale t\u00eb &#8220;Metamorfoz\u00ebs s\u00eb Shp\u00ebtimtarit&#8221;, n\u00eb nj\u00eb nga lagjet m\u00eb tradicionale t\u00eb qytetit, n\u00ebn kryesimin e Hir\u00ebsi Dhimitrit. Liturgjia grumbulloi dhjet\u00ebra besimtar\u00eb, q\u00eb ishin p\u00ebrgatitur shpirt\u00ebrisht p\u00ebr k\u00ebt\u00eb dit\u00eb t\u00eb mrekullueshme, me pendim e rr\u00ebfim, g\u00ebzim e dashuri dhe u kunguan k\u00ebshtu me misteret e shenjta, nga Mitropoliti i ri. Ishte shum\u00eb dometh\u00ebn\u00ebs fakti q\u00eb n\u00eb k\u00ebt\u00eb liturgji kremtuese, mor\u00ebn pjes\u00eb dhjet\u00ebra t\u00eb rinj, kryesisht student\u00eb q\u00eb studiojn\u00eb larg vatrave familjare.<\/span><\/span><\/span><\/div>\n<div style=\"text-align: justify;\">&nbsp;<\/div>\n<div style=\"text-align: justify;\"><span style=\"color: #000000;\"><span style=\"font-family: tahoma,geneva,sans-serif;\"><span style=\"font-size: 12px;\">&nbsp;&nbsp;&nbsp;&nbsp; Edhe kori i vog\u00ebl i f\u00ebmij\u00ebve t\u00eb enoris\u00eb pati rastin t\u00eb psalte dhe t\u00eb tregoj\u00eb p\u00ebrparimin e tyre nga viti n\u00eb vit.<\/span><\/span><\/span><\/div>\n<div style=\"text-align: justify;\">&nbsp;<\/div>\n<div style=\"text-align: justify;\"><span style=\"color: #000000;\"><span style=\"font-family: tahoma,geneva,sans-serif;\"><span style=\"font-size: 12px;\">&nbsp;&nbsp;&nbsp; N\u00eb vazhdim, Mitropoliti priti popullin n\u00eb ambientet e Mitropolis\u00eb s\u00eb Shenjt\u00eb p\u00ebr t\u00eb shk\u00ebmbyer urimet e rastit, por edhe p\u00ebr t\u00eb shk\u00ebmbyer dhurata. P\u00ebr f\u00ebmij\u00ebt n\u00eb ve\u00e7anti ishte nj\u00eb g\u00ebzim i madh t\u00eb marrin si shp\u00ebrblim p\u00ebr k\u00ebng\u00ebt dhe vjershat e tyre t\u00eb bukura bekimin dhe \u00ebmb\u00eblsir\u00ebn nga dora e atit t\u00eb tyre shpirt\u00ebror.<\/span><\/span><\/span><\/div>\n<div style=\"text-align: justify;\">&nbsp;<\/div>\n<div style=\"text-align: justify;\"><span style=\"color: #000000;\"><span style=\"font-family: tahoma,geneva,sans-serif;\"><span style=\"font-size: 12px;\">&nbsp;&nbsp;&nbsp;&nbsp; P\u00ebr t\u00eb shprehur urimet erdh\u00ebn edhe personalitete t\u00eb jet\u00ebs publike t\u00eb arsimit etj., nga qyteti dhe rrethinat.<\/span><\/span><\/span><\/div>\n<div style=\"text-align: justify;\">&nbsp;<\/div>\n<div style=\"text-align: justify;\"><span style=\"color: #000000;\"><span style=\"font-family: tahoma,geneva,sans-serif;\"><span style=\"font-size: 12px;\">&nbsp;&nbsp;&nbsp; Liturgji Hyjnore kremtuese u kryen gjithashtu edhe n\u00eb qytetet e tjera t\u00eb Mitropolis\u00eb, n\u00eb ve\u00e7anti n\u00eb P\u00ebrmet dhe Sarand\u00eb, me pjes\u00ebmarrjen e qindra e qindra besimtar\u00ebve. Edhe n\u00ebp\u00ebr fshatra n\u00ebn kujdesin e Mitropolitit u mor\u00ebn masa p\u00ebr t\u00eb patur liturgji dhe sh\u00ebrbesa t\u00eb tjera n\u00eb mos dit\u00ebn e Lindjes s\u00eb Krishtit gjat\u00eb gjith\u00eb jav\u00ebs q\u00eb i parapriu dhe asaj pasardh\u00ebse, p\u00ebr t\u2019u dh\u00ebn\u00eb mund\u00ebsi besimtar\u00ebve t\u00eb marrin pjes\u00eb n\u00eb adhurim dhe t\u00eb kungohen.<\/span><\/span><\/span><\/div>\n<div style=\"text-align: justify;\">&nbsp;<\/div>\n<div style=\"text-align: justify;\"><span style=\"color: #000000;\"><span style=\"font-family: tahoma,geneva,sans-serif;\"><span style=\"font-size: 12px;\">&nbsp;&nbsp;&nbsp; N\u00eb dit\u00ebt n\u00eb vazhdim, Hir\u00ebsia e Tij Mitropoliti i Gjirokastr\u00ebs vazhdoi vizitat baritore n\u00eb qendra t\u00eb r\u00ebnd\u00ebsishme t\u00eb periferis\u00eb metropolitane n\u00ebn p\u00ebrgjegj\u00ebsin\u00eb e Tij. T\u00eb nes\u00ebrmen n\u00eb \u201cMbledhjen e Hyjlind\u00ebses Mari&#8221;, Mitropoliti me klerik\u00eb t\u00eb tjer\u00eb t\u00eb zon\u00ebs kreu Liturgjin\u00eb Hyjnore n\u00eb Kish\u00ebn e \u201cUngjill\u00ebzimit t\u00eb Hyjlind\u00ebses Mari&#8221;, n\u00eb Delvin\u00eb. Dhjet\u00ebra besimtar\u00eb u mblodh\u00ebn nga qyteza, por edhe fshatrat p\u00ebrreth p\u00ebr t\u00eb marr\u00eb pjes\u00eb n\u00eb misterin hyjnor, por edhe p\u00ebr t\u00eb shk\u00ebmbyer urimet e rastit. N\u00eb dit\u00ebn e kujtimit t\u00eb \u201cProtodhiakonit dhe d\u00ebshmorit t\u00eb par\u00eb Stefan&#8221;. Hir\u00ebsia e Tij, Mitropoliti i Gjirokastr\u00ebs meshoi n\u00eb Kish\u00ebn e &#8220;Kryeengj\u00ebjve&#8221; n\u00eb Poli\u00e7anin, zon\u00eb e Pogonit. Vijoi nj\u00eb bised\u00eb e ngroht\u00eb shpirt\u00ebrore me p\u00ebrfaq\u00ebsues q\u00eb kishin ardhur nga t\u00eb gjitha fshatrat e zon\u00ebs, por edhe diskutim p\u00ebr problemet e m\u00ebdha t\u00eb tyre dhe p\u00ebr vazhdimin e kontributit t\u00eb Kish\u00ebs son\u00eb p\u00ebr zgjidhjen e tyre.<\/span><\/span><\/span><\/div>\n<div style=\"text-align: justify;\">&nbsp;<\/div>\n<div style=\"text-align: justify;\"><span style=\"color: #000000;\"><span style=\"font-family: tahoma,geneva,sans-serif;\"><span style=\"font-size: 12px;\">&nbsp;&nbsp;&nbsp; Gjat\u00eb gjith\u00eb k\u00ebtyre dit\u00ebve dhe n\u00eb kudo ku u kryen liturgjit\u00eb u lexua Mesazhi i Krishtlindjes i Fortlumturis\u00eb s\u00eb Tij Kryepiskopit t\u00eb Tiran\u00ebs dhe gjith\u00eb Shqip\u00ebris\u00eb Anastasit. Gjat\u00eb gjith\u00eb k\u00ebtyre dit\u00ebve t\u00eb para Lindjes s\u00eb Krishtit n\u00eb shum\u00eb qendra dhe enori t\u00eb Mitropolis\u00eb son\u00eb u organizuan me sukses t\u00eb ve\u00e7ant\u00eb takime shpirt\u00ebrore dhe biseda p\u00ebr p\u00ebrjetimin m\u00eb t\u00eb thell\u00eb t\u00eb ngjarjes s\u00eb mish\u00ebrimit t\u00eb Fjal\u00ebs.<\/span><\/span><\/span><\/div>\n<div style=\"text-align: justify;\">&nbsp;<\/div>\n","protected":false},"excerpt":{"rendered":"<p>&nbsp;&nbsp;&nbsp; Me madh\u00ebshti u kremtua edhe k\u00ebt\u00eb vit Lindja e Zotit ton\u00eb Jisu Krisht n\u00eb enorit\u00eb e Mitropolis\u00eb s\u00eb Shenjt\u00eb t\u00eb Gjirokastr\u00ebs. Atmosfera e k\u00ebtij viti, ve\u00e7 g\u00ebzimit t\u00eb p\u00ebrhersh\u00ebm q\u00eb mbart ardhja e Zotit ton\u00eb Jisu Krisht n\u00eb tok\u00eb, kishte edhe g\u00ebzimin e besimtar\u00ebve orthodhoks\u00eb p\u00ebr faktin q\u00eb pas vendimeve t\u00eb Sinodit t\u00eb Shenjt\u00eb t\u00eb Kish\u00ebs son\u00eb edhe Mitropolia e Shenjt\u00eb e Gjirokastr\u00ebs, ka<\/p>\n","protected":false},"author":1,"featured_media":0,"comment_status":"open","ping_status":"open","sticky":false,"template":"","format":"standard","meta":{"_acf_changed":false,"pagelayer_contact_templates":[],"_pagelayer_content":"","inline_featured_image":false,"fifu_image_url":"","fifu_image_alt":"","footnotes":""},"categories":[108],"tags":[148,192,212,198],"class_list":["post-862","post","type-post","status-publish","format-standard","hentry","category-lajme","tag-148","tag-krishtlindje","tag-lajme-d27","tag-gjirokaster"],"acf":[],"yoast_head":"<!-- This site is optimized with the Yoast SEO plugin v27.2 - https:\/\/yoast.com\/product\/yoast-seo-wordpress\/ -->\n<title>Krishtlindje t\u00eb bekuara n\u00eb Mitropolin\u00eb e Gjirokastr\u00ebs. (Dhjetor 2006) - Kisha Orthodh\u03bfkse Autoqefale e Shqip\u00ebris\u00eb<\/title>\n<meta name=\"robots\" content=\"index, follow, max-snippet:-1, max-image-preview:large, max-video-preview:-1\" \/>\n<link rel=\"canonical\" href=\"https:\/\/orthodoxalbania.org\/2020\/2006\/02\/26\/krishtlindje-te-bekuara-ne-mitropoline-e-gjirokastres-krishtlindje-06\/\" \/>\n<meta property=\"og:locale\" content=\"en_US\" \/>\n<meta property=\"og:type\" content=\"article\" \/>\n<meta property=\"og:title\" content=\"Krishtlindje t\u00eb bekuara n\u00eb Mitropolin\u00eb e Gjirokastr\u00ebs. (Dhjetor 2006) - Kisha Orthodh\u03bfkse Autoqefale e Shqip\u00ebris\u00eb\" \/>\n<meta property=\"og:description\" content=\"&nbsp;&nbsp;&nbsp; Me madh\u00ebshti u kremtua edhe k\u00ebt\u00eb vit Lindja e Zotit ton\u00eb Jisu Krisht n\u00eb enorit\u00eb e Mitropolis\u00eb s\u00eb Shenjt\u00eb t\u00eb Gjirokastr\u00ebs. Atmosfera e k\u00ebtij viti, ve\u00e7 g\u00ebzimit t\u00eb p\u00ebrhersh\u00ebm q\u00eb mbart ardhja e Zotit ton\u00eb Jisu Krisht n\u00eb tok\u00eb, kishte edhe g\u00ebzimin e besimtar\u00ebve orthodhoks\u00eb p\u00ebr faktin q\u00eb pas vendimeve t\u00eb Sinodit t\u00eb Shenjt\u00eb t\u00eb Kish\u00ebs son\u00eb edhe Mitropolia e Shenjt\u00eb e Gjirokastr\u00ebs, ka\" \/>\n<meta property=\"og:url\" content=\"https:\/\/orthodoxalbania.org\/2020\/2006\/02\/26\/krishtlindje-te-bekuara-ne-mitropoline-e-gjirokastres-krishtlindje-06\/\" \/>\n<meta property=\"og:site_name\" content=\"Kisha Orthodh\u03bfkse Autoqefale e Shqip\u00ebris\u00eb\" \/>\n<meta property=\"article:publisher\" content=\"https:\/\/www.facebook.com\/koash1991\" \/>\n<meta property=\"article:published_time\" content=\"2006-02-26T00:00:00+00:00\" \/>\n<meta property=\"article:modified_time\" content=\"2020-04-06T20:41:48+00:00\" \/>\n<meta property=\"og:image\" content=\"https:\/\/orthodoxalbania.org\/2020\/wp-content\/uploads\/2021\/02\/LogoLastALb-200.png\" \/>\n\t<meta property=\"og:image:width\" content=\"200\" \/>\n\t<meta property=\"og:image:height\" content=\"172\" \/>\n\t<meta property=\"og:image:type\" content=\"image\/png\" \/>\n<meta name=\"author\" content=\"Kisha Orthodhokse\" \/>\n<meta name=\"twitter:card\" content=\"summary_large_image\" \/>\n<meta name=\"twitter:label1\" content=\"Written by\" \/>\n\t<meta name=\"twitter:data1\" content=\"Kisha Orthodhokse\" \/>\n\t<meta name=\"twitter:label2\" content=\"Est. reading time\" \/>\n\t<meta name=\"twitter:data2\" content=\"3 minutes\" \/>\n<script type=\"application\/ld+json\" class=\"yoast-schema-graph\">{\"@context\":\"https:\/\/schema.org\",\"@graph\":[{\"@type\":\"Article\",\"@id\":\"https:\/\/orthodoxalbania.org\/2020\/2006\/02\/26\/krishtlindje-te-bekuara-ne-mitropoline-e-gjirokastres-krishtlindje-06\/#article\",\"isPartOf\":{\"@id\":\"https:\/\/orthodoxalbania.org\/2020\/2006\/02\/26\/krishtlindje-te-bekuara-ne-mitropoline-e-gjirokastres-krishtlindje-06\/\"},\"author\":{\"name\":\"Kisha Orthodhokse\",\"@id\":\"https:\/\/orthodoxalbania.org\/2020\/#\/schema\/person\/0c387634a7063ac612d7ed9ce71c7e86\"},\"headline\":\"Krishtlindje t\u00eb bekuara n\u00eb Mitropolin\u00eb e Gjirokastr\u00ebs. (Dhjetor 2006)\",\"datePublished\":\"2006-02-26T00:00:00+00:00\",\"dateModified\":\"2020-04-06T20:41:48+00:00\",\"mainEntityOfPage\":{\"@id\":\"https:\/\/orthodoxalbania.org\/2020\/2006\/02\/26\/krishtlindje-te-bekuara-ne-mitropoline-e-gjirokastres-krishtlindje-06\/\"},\"wordCount\":686,\"commentCount\":0,\"publisher\":{\"@id\":\"https:\/\/orthodoxalbania.org\/2020\/#organization\"},\"keywords\":[\"2006\",\"Krishtlindje\",\"lajme\",\"Mitropolia Gjirokast\u00ebr\"],\"articleSection\":[\"Lajme\"],\"inLanguage\":\"en-US\"},{\"@type\":\"WebPage\",\"@id\":\"https:\/\/orthodoxalbania.org\/2020\/2006\/02\/26\/krishtlindje-te-bekuara-ne-mitropoline-e-gjirokastres-krishtlindje-06\/\",\"url\":\"https:\/\/orthodoxalbania.org\/2020\/2006\/02\/26\/krishtlindje-te-bekuara-ne-mitropoline-e-gjirokastres-krishtlindje-06\/\",\"name\":\"Krishtlindje t\u00eb bekuara n\u00eb Mitropolin\u00eb e Gjirokastr\u00ebs. (Dhjetor 2006) - Kisha Orthodh\u03bfkse Autoqefale e Shqip\u00ebris\u00eb\",\"isPartOf\":{\"@id\":\"https:\/\/orthodoxalbania.org\/2020\/#website\"},\"datePublished\":\"2006-02-26T00:00:00+00:00\",\"dateModified\":\"2020-04-06T20:41:48+00:00\",\"breadcrumb\":{\"@id\":\"https:\/\/orthodoxalbania.org\/2020\/2006\/02\/26\/krishtlindje-te-bekuara-ne-mitropoline-e-gjirokastres-krishtlindje-06\/#breadcrumb\"},\"inLanguage\":\"en-US\",\"potentialAction\":[{\"@type\":\"ReadAction\",\"target\":[\"https:\/\/orthodoxalbania.org\/2020\/2006\/02\/26\/krishtlindje-te-bekuara-ne-mitropoline-e-gjirokastres-krishtlindje-06\/\"]}]},{\"@type\":\"BreadcrumbList\",\"@id\":\"https:\/\/orthodoxalbania.org\/2020\/2006\/02\/26\/krishtlindje-te-bekuara-ne-mitropoline-e-gjirokastres-krishtlindje-06\/#breadcrumb\",\"itemListElement\":[{\"@type\":\"ListItem\",\"position\":1,\"name\":\"Home\",\"item\":\"https:\/\/orthodoxalbania.org\/2020\/\"},{\"@type\":\"ListItem\",\"position\":2,\"name\":\"Krishtlindje t\u00eb bekuara n\u00eb Mitropolin\u00eb e Gjirokastr\u00ebs. (Dhjetor 2006)\"}]},{\"@type\":\"WebSite\",\"@id\":\"https:\/\/orthodoxalbania.org\/2020\/#website\",\"url\":\"https:\/\/orthodoxalbania.org\/2020\/\",\"name\":\"Kisha Orthodh\u03bfkse Autoqefale e Shqip\u00ebris\u00eb\",\"description\":\"Fqja Zyrtare e Kish\u00ebs Orthodhokse Autoqefale e Shqip\u00ebris\u00eb me lajmet edhe informacionet zyrtare p\u00ebr struktur\u00ebn edhe veprimtarin e saj.\",\"publisher\":{\"@id\":\"https:\/\/orthodoxalbania.org\/2020\/#organization\"},\"potentialAction\":[{\"@type\":\"SearchAction\",\"target\":{\"@type\":\"EntryPoint\",\"urlTemplate\":\"https:\/\/orthodoxalbania.org\/2020\/?s={search_term_string}\"},\"query-input\":{\"@type\":\"PropertyValueSpecification\",\"valueRequired\":true,\"valueName\":\"search_term_string\"}}],\"inLanguage\":\"en-US\"},{\"@type\":\"Organization\",\"@id\":\"https:\/\/orthodoxalbania.org\/2020\/#organization\",\"name\":\"Kisha Orthodhokse Autoqefale e Shqip\u00ebris\u00eb\",\"url\":\"https:\/\/orthodoxalbania.org\/2020\/\",\"logo\":{\"@type\":\"ImageObject\",\"inLanguage\":\"en-US\",\"@id\":\"https:\/\/orthodoxalbania.org\/2020\/#\/schema\/logo\/image\/\",\"url\":\"https:\/\/orthodoxalbania.org\/2020\/wp-content\/uploads\/2020\/05\/albania.jpeg\",\"contentUrl\":\"https:\/\/orthodoxalbania.org\/2020\/wp-content\/uploads\/2020\/05\/albania.jpeg\",\"width\":540,\"height\":540,\"caption\":\"Kisha Orthodhokse Autoqefale e Shqip\u00ebris\u00eb\"},\"image\":{\"@id\":\"https:\/\/orthodoxalbania.org\/2020\/#\/schema\/logo\/image\/\"},\"sameAs\":[\"https:\/\/www.facebook.com\/koash1991\"]},{\"@type\":\"Person\",\"@id\":\"https:\/\/orthodoxalbania.org\/2020\/#\/schema\/person\/0c387634a7063ac612d7ed9ce71c7e86\",\"name\":\"Kisha Orthodhokse\",\"image\":{\"@type\":\"ImageObject\",\"inLanguage\":\"en-US\",\"@id\":\"https:\/\/secure.gravatar.com\/avatar\/596e7c417251e30f2fbb9c00e026fce61a695a00e51c889caded71c96cbbdde5?s=96&d=mm&r=g\",\"url\":\"https:\/\/secure.gravatar.com\/avatar\/596e7c417251e30f2fbb9c00e026fce61a695a00e51c889caded71c96cbbdde5?s=96&d=mm&r=g\",\"contentUrl\":\"https:\/\/secure.gravatar.com\/avatar\/596e7c417251e30f2fbb9c00e026fce61a695a00e51c889caded71c96cbbdde5?s=96&d=mm&r=g\",\"caption\":\"Kisha Orthodhokse\"}}]}<\/script>\n<!-- \/ Yoast SEO plugin. -->","yoast_head_json":{"title":"Krishtlindje t\u00eb bekuara n\u00eb Mitropolin\u00eb e Gjirokastr\u00ebs. (Dhjetor 2006) - Kisha Orthodh\u03bfkse Autoqefale e Shqip\u00ebris\u00eb","robots":{"index":"index","follow":"follow","max-snippet":"max-snippet:-1","max-image-preview":"max-image-preview:large","max-video-preview":"max-video-preview:-1"},"canonical":"https:\/\/orthodoxalbania.org\/2020\/2006\/02\/26\/krishtlindje-te-bekuara-ne-mitropoline-e-gjirokastres-krishtlindje-06\/","og_locale":"en_US","og_type":"article","og_title":"Krishtlindje t\u00eb bekuara n\u00eb Mitropolin\u00eb e Gjirokastr\u00ebs. (Dhjetor 2006) - Kisha Orthodh\u03bfkse Autoqefale e Shqip\u00ebris\u00eb","og_description":"&nbsp;&nbsp;&nbsp; Me madh\u00ebshti u kremtua edhe k\u00ebt\u00eb vit Lindja e Zotit ton\u00eb Jisu Krisht n\u00eb enorit\u00eb e Mitropolis\u00eb s\u00eb Shenjt\u00eb t\u00eb Gjirokastr\u00ebs. Atmosfera e k\u00ebtij viti, ve\u00e7 g\u00ebzimit t\u00eb p\u00ebrhersh\u00ebm q\u00eb mbart ardhja e Zotit ton\u00eb Jisu Krisht n\u00eb tok\u00eb, kishte edhe g\u00ebzimin e besimtar\u00ebve orthodhoks\u00eb p\u00ebr faktin q\u00eb pas vendimeve t\u00eb Sinodit t\u00eb Shenjt\u00eb t\u00eb Kish\u00ebs son\u00eb edhe Mitropolia e Shenjt\u00eb e Gjirokastr\u00ebs, ka","og_url":"https:\/\/orthodoxalbania.org\/2020\/2006\/02\/26\/krishtlindje-te-bekuara-ne-mitropoline-e-gjirokastres-krishtlindje-06\/","og_site_name":"Kisha Orthodh\u03bfkse Autoqefale e Shqip\u00ebris\u00eb","article_publisher":"https:\/\/www.facebook.com\/koash1991","article_published_time":"2006-02-26T00:00:00+00:00","article_modified_time":"2020-04-06T20:41:48+00:00","og_image":[{"width":200,"height":172,"url":"https:\/\/orthodoxalbania.org\/2020\/wp-content\/uploads\/2021\/02\/LogoLastALb-200.png","type":"image\/png"}],"author":"Kisha Orthodhokse","twitter_card":"summary_large_image","twitter_misc":{"Written by":"Kisha Orthodhokse","Est. reading time":"3 minutes"},"schema":{"@context":"https:\/\/schema.org","@graph":[{"@type":"Article","@id":"https:\/\/orthodoxalbania.org\/2020\/2006\/02\/26\/krishtlindje-te-bekuara-ne-mitropoline-e-gjirokastres-krishtlindje-06\/#article","isPartOf":{"@id":"https:\/\/orthodoxalbania.org\/2020\/2006\/02\/26\/krishtlindje-te-bekuara-ne-mitropoline-e-gjirokastres-krishtlindje-06\/"},"author":{"name":"Kisha Orthodhokse","@id":"https:\/\/orthodoxalbania.org\/2020\/#\/schema\/person\/0c387634a7063ac612d7ed9ce71c7e86"},"headline":"Krishtlindje t\u00eb bekuara n\u00eb Mitropolin\u00eb e Gjirokastr\u00ebs. (Dhjetor 2006)","datePublished":"2006-02-26T00:00:00+00:00","dateModified":"2020-04-06T20:41:48+00:00","mainEntityOfPage":{"@id":"https:\/\/orthodoxalbania.org\/2020\/2006\/02\/26\/krishtlindje-te-bekuara-ne-mitropoline-e-gjirokastres-krishtlindje-06\/"},"wordCount":686,"commentCount":0,"publisher":{"@id":"https:\/\/orthodoxalbania.org\/2020\/#organization"},"keywords":["2006","Krishtlindje","lajme","Mitropolia Gjirokast\u00ebr"],"articleSection":["Lajme"],"inLanguage":"en-US"},{"@type":"WebPage","@id":"https:\/\/orthodoxalbania.org\/2020\/2006\/02\/26\/krishtlindje-te-bekuara-ne-mitropoline-e-gjirokastres-krishtlindje-06\/","url":"https:\/\/orthodoxalbania.org\/2020\/2006\/02\/26\/krishtlindje-te-bekuara-ne-mitropoline-e-gjirokastres-krishtlindje-06\/","name":"Krishtlindje t\u00eb bekuara n\u00eb Mitropolin\u00eb e Gjirokastr\u00ebs. (Dhjetor 2006) - Kisha Orthodh\u03bfkse Autoqefale e Shqip\u00ebris\u00eb","isPartOf":{"@id":"https:\/\/orthodoxalbania.org\/2020\/#website"},"datePublished":"2006-02-26T00:00:00+00:00","dateModified":"2020-04-06T20:41:48+00:00","breadcrumb":{"@id":"https:\/\/orthodoxalbania.org\/2020\/2006\/02\/26\/krishtlindje-te-bekuara-ne-mitropoline-e-gjirokastres-krishtlindje-06\/#breadcrumb"},"inLanguage":"en-US","potentialAction":[{"@type":"ReadAction","target":["https:\/\/orthodoxalbania.org\/2020\/2006\/02\/26\/krishtlindje-te-bekuara-ne-mitropoline-e-gjirokastres-krishtlindje-06\/"]}]},{"@type":"BreadcrumbList","@id":"https:\/\/orthodoxalbania.org\/2020\/2006\/02\/26\/krishtlindje-te-bekuara-ne-mitropoline-e-gjirokastres-krishtlindje-06\/#breadcrumb","itemListElement":[{"@type":"ListItem","position":1,"name":"Home","item":"https:\/\/orthodoxalbania.org\/2020\/"},{"@type":"ListItem","position":2,"name":"Krishtlindje t\u00eb bekuara n\u00eb Mitropolin\u00eb e Gjirokastr\u00ebs. (Dhjetor 2006)"}]},{"@type":"WebSite","@id":"https:\/\/orthodoxalbania.org\/2020\/#website","url":"https:\/\/orthodoxalbania.org\/2020\/","name":"Kisha Orthodh\u03bfkse Autoqefale e Shqip\u00ebris\u00eb","description":"Fqja Zyrtare e Kish\u00ebs Orthodhokse Autoqefale e Shqip\u00ebris\u00eb me lajmet edhe informacionet zyrtare p\u00ebr struktur\u00ebn edhe veprimtarin e saj.","publisher":{"@id":"https:\/\/orthodoxalbania.org\/2020\/#organization"},"potentialAction":[{"@type":"SearchAction","target":{"@type":"EntryPoint","urlTemplate":"https:\/\/orthodoxalbania.org\/2020\/?s={search_term_string}"},"query-input":{"@type":"PropertyValueSpecification","valueRequired":true,"valueName":"search_term_string"}}],"inLanguage":"en-US"},{"@type":"Organization","@id":"https:\/\/orthodoxalbania.org\/2020\/#organization","name":"Kisha Orthodhokse Autoqefale e Shqip\u00ebris\u00eb","url":"https:\/\/orthodoxalbania.org\/2020\/","logo":{"@type":"ImageObject","inLanguage":"en-US","@id":"https:\/\/orthodoxalbania.org\/2020\/#\/schema\/logo\/image\/","url":"https:\/\/orthodoxalbania.org\/2020\/wp-content\/uploads\/2020\/05\/albania.jpeg","contentUrl":"https:\/\/orthodoxalbania.org\/2020\/wp-content\/uploads\/2020\/05\/albania.jpeg","width":540,"height":540,"caption":"Kisha Orthodhokse Autoqefale e Shqip\u00ebris\u00eb"},"image":{"@id":"https:\/\/orthodoxalbania.org\/2020\/#\/schema\/logo\/image\/"},"sameAs":["https:\/\/www.facebook.com\/koash1991"]},{"@type":"Person","@id":"https:\/\/orthodoxalbania.org\/2020\/#\/schema\/person\/0c387634a7063ac612d7ed9ce71c7e86","name":"Kisha Orthodhokse","image":{"@type":"ImageObject","inLanguage":"en-US","@id":"https:\/\/secure.gravatar.com\/avatar\/596e7c417251e30f2fbb9c00e026fce61a695a00e51c889caded71c96cbbdde5?s=96&d=mm&r=g","url":"https:\/\/secure.gravatar.com\/avatar\/596e7c417251e30f2fbb9c00e026fce61a695a00e51c889caded71c96cbbdde5?s=96&d=mm&r=g","contentUrl":"https:\/\/secure.gravatar.com\/avatar\/596e7c417251e30f2fbb9c00e026fce61a695a00e51c889caded71c96cbbdde5?s=96&d=mm&r=g","caption":"Kisha Orthodhokse"}}]}},"_links":{"self":[{"href":"https:\/\/orthodoxalbania.org\/2020\/wp-json\/wp\/v2\/posts\/862","targetHints":{"allow":["GET"]}}],"collection":[{"href":"https:\/\/orthodoxalbania.org\/2020\/wp-json\/wp\/v2\/posts"}],"about":[{"href":"https:\/\/orthodoxalbania.org\/2020\/wp-json\/wp\/v2\/types\/post"}],"author":[{"embeddable":true,"href":"https:\/\/orthodoxalbania.org\/2020\/wp-json\/wp\/v2\/users\/1"}],"replies":[{"embeddable":true,"href":"https:\/\/orthodoxalbania.org\/2020\/wp-json\/wp\/v2\/comments?post=862"}],"version-history":[{"count":1,"href":"https:\/\/orthodoxalbania.org\/2020\/wp-json\/wp\/v2\/posts\/862\/revisions"}],"predecessor-version":[{"id":15836,"href":"https:\/\/orthodoxalbania.org\/2020\/wp-json\/wp\/v2\/posts\/862\/revisions\/15836"}],"wp:attachment":[{"href":"https:\/\/orthodoxalbania.org\/2020\/wp-json\/wp\/v2\/media?parent=862"}],"wp:term":[{"taxonomy":"category","embeddable":true,"href":"https:\/\/orthodoxalbania.org\/2020\/wp-json\/wp\/v2\/categories?post=862"},{"taxonomy":"post_tag","embeddable":true,"href":"https:\/\/orthodoxalbania.org\/2020\/wp-json\/wp\/v2\/tags?post=862"}],"curies":[{"name":"wp","href":"https:\/\/api.w.org\/{rel}","templated":true}]}}