{"id":861,"date":"2008-02-26T00:00:00","date_gmt":"2008-02-26T00:00:00","guid":{"rendered":""},"modified":"2020-04-06T22:35:23","modified_gmt":"2020-04-06T20:35:23","slug":"krishtlindje-ne-qendren-studentore-te-kishes-sone-2008","status":"publish","type":"post","link":"https:\/\/orthodoxalbania.org\/2020\/2008\/02\/26\/krishtlindje-ne-qendren-studentore-te-kishes-sone-2008\/","title":{"rendered":"Krishtlindje n\u00eb Qendr\u00ebn Studentore t\u00eb Kish\u00ebs son\u00eb. (2008)"},"content":{"rendered":"<div style=\"text-align: center;\"><span style=\"color: #b22222;\"><span style=\"font-family: tahoma,geneva,sans-serif;\"><span style=\"font-size: 12px;\"><span class=\"style3\"><strong>&#8211; M\u00eb jep drit\u00eb, o Zot! &#8211; <\/strong><\/span><\/span><\/span><\/span><\/div>\n<div style=\"text-align: center;\">&nbsp;<\/div>\n<table id=\"AutoNumber2\" style=\"border-collapse: collapse;\" border=\"0\">\n<tbody>\n<tr>\n<td>\n<div><span style=\"color: #000000;\"><span style=\"font-family: tahoma,geneva,sans-serif;\"><span style=\"font-size: 12px;\"><img decoding=\"async\" class=\"lazyload HAa Eha\" style=\"border-width: 1px; border-style: solid; margin: 10px auto; display: block;\" alt=\"\" src=\"data:image\/gif;base64,R0lGODlhAQABAAAAACH5BAEKAAEALAAAAAABAAEAAAICTAEAOw==\" data-orig-src=\"https:\/\/lh3.googleusercontent.com\/-oBHPh2dIa9o\/VJKEsLsTR7I\/AAAAAAAAIUY\/Dhxw8qWywFM\/w448-h336-no\/1.JPG\" \/><\/span><\/span><\/span><\/div>\n<\/td>\n<td>\n<div style=\"text-align: center;\"><span style=\"color: #8b4513;\"><span style=\"font-family: tahoma,geneva,sans-serif;\"><span style=\"font-size: 12px;\"><span class=\"style5\"><em>M\u00eb jep drit\u00eb, o Zot, drit\u00eb,<\/em><br \/> <em>Ku duhet t\u00eb shkoj,<\/em><br \/> <em>Drit\u00eb, o Zot, drit\u00eb,<\/em><br \/> <em>Ku t\u00eb t\u00eb k\u00ebrkoj!<\/em><\/span><\/span><\/span><\/span><\/div>\n<\/td>\n<\/tr>\n<tr>\n<td>\n<div class=\"style6\" style=\"text-align: justify;\"><span style=\"color: #000000;\"><span style=\"font-family: tahoma,geneva,sans-serif;\"><span style=\"font-size: 12px;\">&nbsp;&nbsp;&nbsp; Kjo ishte thirrja q\u00eb student\u00ebt e Qendr\u00ebs Studentore t\u00eb Kish\u00ebs Orthodhokse i drejtuan Zotit n\u00eb takimin e dit\u00ebs s\u00eb mart\u00eb, m\u00eb 16 dhjetor 2008. Ky ishte takimi i fundit p\u00ebr vitin 2008, takimi i cili i p\u00ebrgatiti t\u00eb gjith\u00eb p\u00ebr pritjen e madhe t\u00eb ardhjes s\u00eb Shp\u00ebtimtarit. M\u00eb shum\u00eb se 70 t\u00eb rinj mbush\u00ebn sall\u00ebn ku u zhvillua takimi festiv me rastin e Krishtlindjes. Gjith\u00e7ka n\u00eb Qend\u00ebr tregonte se kjo e kremte e madhe sjell harmoni dhe bukuri n\u00eb jet\u00eb. T\u00eb gjitha zbukurimet tregonin n\u00eb heshtje se n\u00eb bot\u00eb po vjen Drita q\u00eb i ka munguar aq shum\u00eb njer\u00ebzimit, Drita q\u00eb do t\u00eb na tregoj\u00eb rrug\u00ebn ku duhet t\u00eb ecim n\u00eb jet\u00eb, drita q\u00eb do t\u00eb ndri\u00e7oj\u00eb t\u00ebr\u00eb skutat e zemr\u00ebs son\u00eb dhe do ta mbush\u00eb plot g\u00ebzim dhe shpres\u00eb jet\u00ebn ton\u00eb.<\/span><\/span><\/span><\/div>\n<\/td>\n<td>\n<div><span style=\"color: #000000;\"><span style=\"font-family: tahoma,geneva,sans-serif;\"><span style=\"font-size: 12px;\"><img decoding=\"async\" class=\"lazyload HAa Eha\" style=\"border-width: 1px; border-style: solid; margin: 10px auto; display: block;\" alt=\"\" src=\"data:image\/gif;base64,R0lGODlhAQABAAAAACH5BAEKAAEALAAAAAABAAEAAAICTAEAOw==\" data-orig-src=\"https:\/\/lh6.googleusercontent.com\/-NTd5mbY15IM\/VJKEsPfogII\/AAAAAAAAIUg\/4iw186Z7nPE\/w448-h336-no\/2.JPG\" \/><\/span><\/span><\/span><\/div>\n<\/td>\n<\/tr>\n<tr>\n<td>\n<div><span style=\"color: #000000;\"><span style=\"font-family: tahoma,geneva,sans-serif;\"><span style=\"font-size: 12px;\"><img decoding=\"async\" class=\"lazyload HAa Eha\" style=\"border-width: 1px; border-style: solid; margin: 10px auto; display: block;\" alt=\"\" src=\"data:image\/gif;base64,R0lGODlhAQABAAAAACH5BAEKAAEALAAAAAABAAEAAAICTAEAOw==\" data-orig-src=\"https:\/\/lh6.googleusercontent.com\/-I8Tcw17z3LY\/VJKErzP_91I\/AAAAAAAAIT4\/6ygfJuflEUo\/w448-h336-no\/3.JPG\" \/><\/span><\/span><\/span><\/div>\n<\/td>\n<td>\n<div class=\"style7\" style=\"text-align: justify;\"><span style=\"color: #000000;\"><span style=\"font-family: tahoma,geneva,sans-serif;\"><span style=\"font-size: 12px;\">&nbsp;&nbsp;&nbsp; Vet\u00ebm n\u00ebp\u00ebrmjet k\u00ebsaj Drite, mund t\u00eb b\u00ebhemi bijt\u00eb e drit\u00ebs dhe t\u00eb ndri\u00e7ojm\u00eb kudo q\u00eb jemi, gj\u00eb t\u00eb cil\u00ebn p\u00ebrpiqemi t\u00eb m\u00ebsojm\u00eb \u00e7do her\u00eb n\u00eb aktivitetet q\u00eb organizon Qendra Studentore.<\/span><\/span><\/span><\/div>\n<div class=\"style7\" style=\"text-align: justify;\"> <span style=\"color: #000000;\"><span style=\"font-family: tahoma,geneva,sans-serif;\"><span style=\"font-size: 12px;\">&nbsp;&nbsp;&nbsp; Fillimisht student\u00ebt shkruan emrat e tyre dhe i vendos\u00ebn n\u00eb pem\u00ebn e Krishtlindjes, gj\u00eb e cila na tregoi edhe nj\u00eb her\u00eb q\u00eb jemi t\u00eb gjith\u00eb an\u00ebtar\u00eb t\u00eb Trupit t\u00eb Krishtit dhe vet\u00ebm t\u00eb bashkuar me T\u00eb dhe me nj\u00ebri-tjetrin, mund t\u00eb jetojm\u00eb nj\u00eb jet\u00eb me kuptim dhe plot g\u00ebzim.<\/span><\/span><\/span><\/div>\n<div class=\"style7\" style=\"text-align: justify;\"> <span style=\"color: #000000;\"><span style=\"font-family: tahoma,geneva,sans-serif;\"><span style=\"font-size: 12px;\">&nbsp;&nbsp;&nbsp; Takimin e hapi p\u00ebrgjegj\u00ebsi i Qendr\u00ebs Studentore, z. Nathan Hoppe, i cili shpjegoi me detaje historin\u00eb e lindjes s\u00eb Krishtit, dhe i ftoi t\u00eb gjith\u00eb t\u00eb p\u00ebrpiqen t\u00eb gjejn\u00eb veten n\u00eb personazhet e k\u00ebsaj historie.<\/span><\/span><\/span><\/div>\n<\/td>\n<\/tr>\n<tr>\n<td>\n<div style=\"text-align: justify;\"><span style=\"color: #000000;\"><span style=\"font-family: tahoma,geneva,sans-serif;\"><span style=\"font-size: 12px;\"><span class=\"style8\"><em>&nbsp;&nbsp;&nbsp; \u201cAi po vjen t\u00eb lindet n\u00eb hanin ton\u00eb, ashtu si lindi para 2008 vjet\u00ebsh n\u00eb hanin e Betlehemit. Ne nuk duhet t\u2019i themi Atij, ik se nuk kemi vend n\u00eb han. Por me gjith\u00eb zem\u00ebr le t\u00eb hapim hanin e zemr\u00ebs son\u00eb, dhe le t\u2019i themi eja Jisu t\u00eb lind\u00ebsh n\u00eb hanin e zemr\u00ebs sime, eja t\u00eb q\u00ebndrosh me mua\u201d.<\/em><\/span><\/span><\/span><\/span><\/div>\n<div style=\"text-align: justify;\"> <span style=\"color: #000000;\"><span style=\"font-family: tahoma,geneva,sans-serif;\"><span style=\"font-size: 12px;\"><span class=\"style8\">&nbsp;&nbsp;&nbsp; Takimi vijoi me nj\u00eb meditim Krishtlindjeje ku t\u00eb gjith\u00eb student\u00ebt n\u00eb shoq\u00ebrin\u00eb e drit\u00ebs s\u00eb qirinjve reflektuan m\u00eb tep\u00ebr n\u00eb kuptimin e k\u00ebsaj t\u00eb kremteje. Meditimi p\u00ebrb\u00ebhej nga lexime t\u00eb ndryshme t\u00eb shoq\u00ebruara me k\u00ebng\u00eb Krishtlindjesh. <\/span><\/span><\/span><\/span><\/div>\n<\/td>\n<td>\n<div><span style=\"color: #000000;\"><span style=\"font-family: tahoma,geneva,sans-serif;\"><span style=\"font-size: 12px;\"><img decoding=\"async\" class=\"lazyload HAa Eha\" style=\"border-width: 1px; border-style: solid; margin: 10px auto; display: block;\" alt=\"\" src=\"data:image\/gif;base64,R0lGODlhAQABAAAAACH5BAEKAAEALAAAAAABAAEAAAICTAEAOw==\" data-orig-src=\"https:\/\/lh4.googleusercontent.com\/-fSra92y3ikM\/VJKEsgtwBdI\/AAAAAAAAIT8\/--2nUOXWK8k\/w448-h336-no\/4.JPG\" \/><\/span><\/span><\/span><\/div>\n<\/td>\n<\/tr>\n<tr>\n<td style=\"text-align: center;\">\n<div><span style=\"color: #000000;\"><span style=\"font-family: tahoma,geneva,sans-serif;\"><span style=\"font-size: 12px;\"><img decoding=\"async\" class=\"lazyload HAa Eha\" style=\"border-width: 1px; border-style: solid; margin: 10px;\" alt=\"\" src=\"data:image\/gif;base64,R0lGODlhAQABAAAAACH5BAEKAAEALAAAAAABAAEAAAICTAEAOw==\" data-orig-src=\"https:\/\/lh4.googleusercontent.com\/-VzUKybWvN4U\/VJKEs_IqKQI\/AAAAAAAAIUM\/ff2pGiumWhU\/w448-h298-no\/5.JPG\" \/><\/span><\/span><\/span><\/div>\n<\/td>\n<td>\n<div class=\"style9\" style=\"text-align: justify;\"><span style=\"color: #000000;\"><span style=\"font-family: tahoma,geneva,sans-serif;\"><span style=\"font-size: 12px;\">&nbsp;&nbsp;&nbsp; Secili m\u00ebsoi q\u00eb kjo e kremte \u00ebsht\u00eb nj\u00eb rikrijim i dyt\u00eb e gjith\u00eb gjindjes s\u00eb njer\u00ebzve, sepse ardhja n\u00eb bot\u00eb e Shp\u00ebtimtarit, do t\u00eb&nbsp; thot\u00eb ribashkim me jet\u00ebn e p\u00ebrjetshme me Zotin. N\u00eb meditim u theksua q\u00eb t\u00eb gjitha zbukurimet e jashtme jan\u00eb shprehje e g\u00ebzimit t\u00eb brendsh\u00ebm q\u00eb sjell lindja e Shp\u00ebtimtarit ton\u00eb. N\u00eb mes t\u00eb dimrit t\u00eb acart\u00eb t\u00eb jet\u00ebs pa shpres\u00eb, vjen Drita q\u00eb ndri\u00e7on err\u00ebsir\u00ebn dhe rigjall\u00ebron t\u00ebr\u00eb krijes\u00ebn.<\/span><\/span><\/span><\/div>\n<\/td>\n<\/tr>\n<\/tbody>\n<\/table>\n<table border=\"0\">\n<tbody>\n<tr>\n<td>\n<div style=\"text-align: center;\"> <span style=\"color: #8b4513;\"><span style=\"font-family: tahoma,geneva,sans-serif;\"><span style=\"font-size: 12px;\"><span class=\"style10\"><span class=\"style11\"><em>E Past\u00ebr \u00ebsht\u00eb nata e sotme,<br \/> <\/em> <em>n\u00eb t\u00eb cil\u00ebn u shfaq i PAST\u00cbRTI,<\/em><br \/> <em>&nbsp;i cili erdhi t\u00eb na pastroj\u00eb!<\/em><\/span><\/span><\/span><\/span><\/span><\/div>\n<div class=\"style12\" style=\"text-align: center;\"><span style=\"color: #8b4513;\"><span style=\"font-family: tahoma,geneva,sans-serif;\"><span style=\"font-size: 12px;\"><em>Le t\u00eb pastrohet d\u00ebgjimi yn\u00eb, <\/em><br \/> <em>le t\u00eb dlir\u00ebsohet shikimi i syve tan\u00eb, <\/em><br \/> <em>le t\u00eb shenjt\u00ebrohen ndjenjat e zemr\u00ebs son\u00eb <\/em><br \/> <em>dhe le t\u00eb jet\u00eb e sinqert\u00eb e folura jon\u00eb!<\/em><\/span><\/span><\/span><\/div>\n<div class=\"style12\" style=\"text-align: center;\"><span style=\"color: #8b4513;\"><span style=\"font-family: tahoma,geneva,sans-serif;\"><span style=\"font-size: 12px;\"><em>Nata e sotme \u00ebsht\u00eb nata e pajtimit, <\/em><br \/> <em>prandaj askush le t\u00eb mos jet\u00eb i zem\u00ebruar <\/em><br \/> <em>dhe askush t\u00eb mos ofendoj\u00eb v\u00ebllain e tij!<\/em><\/span><\/span><\/span><\/div>\n<div class=\"style12\" style=\"text-align: center;\"><span style=\"color: #8b4513;\"><span style=\"font-family: tahoma,geneva,sans-serif;\"><span style=\"font-size: 12px;\"><em>Kjo nat\u00eb i dha paqe gjith\u00eb bot\u00ebs, <\/em><br \/> <em>prandaj askush t\u00eb mos k\u00ebrc\u00ebnoj\u00eb!<\/em><\/span><\/span><\/span><\/div>\n<div class=\"style12\" style=\"text-align: center;\"><span style=\"color: #8b4513;\"><span style=\"font-family: tahoma,geneva,sans-serif;\"><span style=\"font-size: 12px;\"><em>Kjo \u00ebsht\u00eb nata m\u00eb e but\u00eb,<\/em><br \/> <em>&nbsp;askush t\u00eb mos jet\u00eb zem\u00ebrgur!<\/em><\/span><\/span><\/span><\/div>\n<div class=\"style12\" style=\"text-align: center;\"><span style=\"color: #8b4513;\"><span style=\"font-family: tahoma,geneva,sans-serif;\"><span style=\"font-size: 12px;\"><em>Kjo \u00ebsht\u00eb nata e t\u00eb P\u00ebrulurit, <\/em><br \/> <em>askush t\u00eb mos jet\u00eb krenar!<\/em><\/span><\/span><\/span><\/div>\n<div class=\"style12\" style=\"text-align: center;\"><span style=\"color: #8b4513;\"><span style=\"font-family: tahoma,geneva,sans-serif;\"><span style=\"font-size: 12px;\"><em>Tani \u00ebsht\u00eb dita e g\u00ebzimit, <\/em><br \/> <em>le t\u00eb mos hakmerremi p\u00ebr ofendimet!<\/em><\/span><\/span><\/span><\/div>\n<div class=\"style12\" style=\"text-align: center;\"><span style=\"color: #8b4513;\"><span style=\"font-family: tahoma,geneva,sans-serif;\"><span style=\"font-size: 12px;\"><em>Tani \u00ebsht\u00eb dita e mir\u00ebdashjes, <\/em><br \/> <em>le t\u00eb mos b\u00ebhemi t\u00eb ashp\u00ebr!<\/em><\/span><\/span><\/span><\/div>\n<div class=\"style12\" style=\"text-align: center;\"><span style=\"color: #8b4513;\"><span style=\"font-family: tahoma,geneva,sans-serif;\"><span style=\"font-size: 12px;\"><em>N\u00eb k\u00ebt\u00eb dit\u00eb t\u00eb qet\u00ebsis\u00eb, <\/em><br \/> <em>le t\u00eb mos shqet\u00ebsohemi nga zem\u00ebrimi!<\/em><\/span><\/span><\/span><\/div>\n<div class=\"style12\" style=\"text-align: center;\"><span style=\"color: #8b4513;\"><span style=\"font-family: tahoma,geneva,sans-serif;\"><span style=\"font-size: 12px;\"><em>Sot Per\u00ebndia erdhi mes m\u00ebkatar\u00ebve, <\/em><br \/> <em>le t\u00eb mos lart\u00ebsojn\u00eb veten t\u00eb drejt\u00ebt mbi m\u00ebkatar\u00ebt!<\/em><\/span><\/span><\/span><\/div>\n<div class=\"style12\" style=\"text-align: center;\"><span style=\"color: #8b4513;\"><span style=\"font-family: tahoma,geneva,sans-serif;\"><span style=\"font-size: 12px;\"><em>Sot M\u00eb i Pasuri u b\u00eb i varf\u00ebr p\u00ebr hirin ton\u00eb, <\/em><br \/> <em>le t\u00eb ftoj njeriu i pasur t\u00eb varfrin n\u00eb tryez\u00ebn e tij!<\/em><\/span><\/span><\/span><\/div>\n<div class=\"style12\" style=\"text-align: center;\"><span style=\"color: #8b4513;\"><span style=\"font-family: tahoma,geneva,sans-serif;\"><span style=\"font-size: 12px;\"><em>Sot mor\u00ebm nj\u00eb dhurat\u00eb t\u00eb cil\u00ebn nuk e k\u00ebrkuam, <\/em><br \/> <em>le t\u2019u japim l\u00ebmosh\u00eb atyre q\u00eb th\u00ebrrasin pas nesh dhe lypin!<\/em><\/span><\/span><\/span><\/div>\n<div class=\"style12\" style=\"text-align: center;\"><span style=\"color: #8b4513;\"><span style=\"font-family: tahoma,geneva,sans-serif;\"><span style=\"font-size: 12px;\"><em>Dita e sotme ka hapur der\u00ebn e qiellit p\u00ebr lutjet tona, <\/em><br \/> <em>edhe ne le t\u2019u hapim der\u00ebn ton\u00eb atyre q\u00eb na k\u00ebrkojn\u00eb falje!<\/em><\/span><\/span><\/span><\/div>\n<div class=\"style12\" style=\"text-align: center;\"><span style=\"color: #8b4513;\"><span style=\"font-family: tahoma,geneva,sans-serif;\"><span style=\"font-size: 12px;\"><em>Sot Hyjnia mori mbi Vete vul\u00ebn e njer\u00ebzimit, <\/em><br \/> <em>dhe njer\u00ebzimi u zbukurua me vul\u00ebn e Hyjnis\u00eb!<\/em><\/span><\/span><\/span><\/div>\n<div class=\"style12\">&nbsp;<\/div>\n<\/td>\n<\/tr>\n<\/tbody>\n<\/table>\n<table border=\"0\">\n<tbody>\n<tr>\n<td>\n<div class=\"style10\" style=\"text-align: justify;\"><span style=\"color: #000000;\"><span style=\"font-family: tahoma,geneva,sans-serif;\"><span style=\"font-size: 12px;\">&nbsp;&nbsp;&nbsp; Pas meditimit t\u00eb gjith\u00eb ne i d\u00ebrguam nga nj\u00eb kartolin\u00eb Krishtit n\u00eb grazhd ku i premtuam dhurat\u00ebn q\u00eb do t\u2019i b\u00ebnim Atij k\u00ebt\u00eb vit. Shum\u00eb prej nesh premtuam q\u00eb zemra jon\u00eb do t\u00eb b\u00ebhet vend banese p\u00ebr T\u00eb, t\u00eb tjer\u00eb premtuan q\u00eb lot\u00ebt e tyre t\u00eb pendimit do t\u00eb lajn\u00eb Krishtin foshnje, disa t\u00eb tjer\u00eb premtuan q\u00eb t\u00eb gjith\u00eb dashurin\u00eb e zemr\u00ebs s\u00eb tyre do ta ofrojn\u00eb p\u00ebr foshnj\u00ebn hyjnore dhe p\u00ebr t\u00eb tjer\u00ebt etj.<\/span><\/span><\/span><\/div>\n<\/td>\n<th scope=\"col\"><span style=\"color: #000000;\"><span style=\"font-family: tahoma,geneva,sans-serif;\"><span style=\"font-size: 12px;\"><img decoding=\"async\" class=\"lazyload HAa Eha\" style=\"border-width: 1px; border-style: solid; margin: 10px auto; display: block;\" alt=\"\" src=\"data:image\/gif;base64,R0lGODlhAQABAAAAACH5BAEKAAEALAAAAAABAAEAAAICTAEAOw==\" data-orig-src=\"https:\/\/lh6.googleusercontent.com\/-jY3bkuBY4to\/VJKEtfDiTcI\/AAAAAAAAIUQ\/JSsgZ3khHZg\/w448-h298-no\/6.JPG\" \/><\/span><\/span><\/span><\/th>\n<\/tr>\n<tr>\n<th scope=\"col\"><span style=\"color: #000000;\"><span style=\"font-family: tahoma,geneva,sans-serif;\"><span style=\"font-size: 12px;\"><img decoding=\"async\" class=\"lazyload HAa Eha\" style=\"border-width: 1px; border-style: solid; margin: 10px auto; display: block;\" alt=\"\" src=\"data:image\/gif;base64,R0lGODlhAQABAAAAACH5BAEKAAEALAAAAAABAAEAAAICTAEAOw==\" data-orig-src=\"https:\/\/lh3.googleusercontent.com\/-Emx982qqLeA\/VJKEt9pI80I\/AAAAAAAAIUU\/bvCioE_K5SA\/w448-h336-no\/7.JPG\" \/><\/span><\/span><\/span><\/th>\n<td>\n<div>\n<div class=\"style13\" style=\"text-align: justify;\"><span style=\"color: #000000;\"><span style=\"font-family: tahoma,geneva,sans-serif;\"><span style=\"font-size: 12px;\">&nbsp;&nbsp;&nbsp; Sipas tradit\u00ebs festive, nj\u00eb studente e veshur si sh\u00ebn Nikolla, ndau p\u00ebr t\u00eb gjith\u00eb student\u00ebt dhurata, n\u00eb kujtim t\u00eb dhurat\u00ebs s\u00eb madhe q\u00eb Per\u00ebndia b\u00ebri p\u00ebr mbar\u00eb njer\u00ebzimin, Birin e tij t\u00eb Vet\u00ebmlindur.<\/span><\/span><\/span><\/div>\n<div class=\"style13\" style=\"text-align: justify;\"> <span style=\"color: #000000;\"><span style=\"font-family: tahoma,geneva,sans-serif;\"><span style=\"font-size: 12px;\">&nbsp;&nbsp;&nbsp; Duke k\u00ebnduar s\u00eb bashku: \u201c<em>M\u00eb jep drit\u00eb o Zot, m\u00eb jep drit\u00eb\u201d<\/em> dhe \u201c<em>Dashuri q\u00eb t\u00eb psalin qiejt, eja t\u00eb lind\u00ebsh brenda zemr\u00ebs sime\u201d, <\/em>&nbsp;u mbyll ky takim frym\u00ebzues me rastin e Krishtlindjeve, me urimet Krishtlindje t\u00eb bekuara dhe sa m\u00eb shum\u00eb drit\u00eb n\u00eb jet\u00ebn ton\u00eb!<\/span><\/span><\/span><\/div>\n<\/div>\n<\/td>\n<\/tr>\n<tr>\n<td>\n<div><span style=\"color: #000000;\"><span style=\"font-family: tahoma,geneva,sans-serif;\"><span style=\"font-size: 12px;\"><strong>Ana Baba<\/strong><\/p>\n<p> Qendra Studentore<\/span><\/span><\/span><\/div>\n<\/td>\n<\/tr>\n<\/tbody>\n<\/table>\n","protected":false},"excerpt":{"rendered":"<p>&#8211; M\u00eb jep drit\u00eb, o Zot! &#8211; &nbsp; M\u00eb jep drit\u00eb, o Zot, drit\u00eb, Ku duhet t\u00eb shkoj, Drit\u00eb, o Zot, drit\u00eb, Ku t\u00eb t\u00eb k\u00ebrkoj! &nbsp;&nbsp;&nbsp; Kjo ishte thirrja q\u00eb student\u00ebt e Qendr\u00ebs Studentore t\u00eb Kish\u00ebs Orthodhokse i drejtuan Zotit n\u00eb takimin e dit\u00ebs s\u00eb mart\u00eb, m\u00eb 16 dhjetor 2008. Ky ishte takimi i fundit p\u00ebr vitin 2008, takimi i cili i p\u00ebrgatiti t\u00eb<\/p>\n","protected":false},"author":1,"featured_media":0,"comment_status":"open","ping_status":"open","sticky":false,"template":"","format":"standard","meta":{"_acf_changed":false,"pagelayer_contact_templates":[],"_pagelayer_content":"","inline_featured_image":false,"fifu_image_url":"","fifu_image_alt":"","footnotes":""},"categories":[108],"tags":[146,192,196,212],"class_list":["post-861","post","type-post","status-publish","format-standard","hentry","category-lajme","tag-146","tag-krishtlindje","tag-tirane","tag-lajme-d27"],"acf":[],"yoast_head":"<!-- This site is optimized with the Yoast SEO plugin v27.2 - https:\/\/yoast.com\/product\/yoast-seo-wordpress\/ -->\n<title>Krishtlindje n\u00eb Qendr\u00ebn Studentore t\u00eb Kish\u00ebs son\u00eb. (2008) - Kisha Orthodh\u03bfkse Autoqefale e Shqip\u00ebris\u00eb<\/title>\n<meta name=\"robots\" content=\"index, follow, max-snippet:-1, max-image-preview:large, max-video-preview:-1\" \/>\n<link rel=\"canonical\" href=\"https:\/\/orthodoxalbania.org\/2020\/2008\/02\/26\/krishtlindje-ne-qendren-studentore-te-kishes-sone-2008\/\" \/>\n<meta property=\"og:locale\" content=\"en_US\" \/>\n<meta property=\"og:type\" content=\"article\" \/>\n<meta property=\"og:title\" content=\"Krishtlindje n\u00eb Qendr\u00ebn Studentore t\u00eb Kish\u00ebs son\u00eb. (2008) - Kisha Orthodh\u03bfkse Autoqefale e Shqip\u00ebris\u00eb\" \/>\n<meta property=\"og:description\" content=\"&#8211; M\u00eb jep drit\u00eb, o Zot! &#8211; &nbsp; M\u00eb jep drit\u00eb, o Zot, drit\u00eb, Ku duhet t\u00eb shkoj, Drit\u00eb, o Zot, drit\u00eb, Ku t\u00eb t\u00eb k\u00ebrkoj! &nbsp;&nbsp;&nbsp; Kjo ishte thirrja q\u00eb student\u00ebt e Qendr\u00ebs Studentore t\u00eb Kish\u00ebs Orthodhokse i drejtuan Zotit n\u00eb takimin e dit\u00ebs s\u00eb mart\u00eb, m\u00eb 16 dhjetor 2008. Ky ishte takimi i fundit p\u00ebr vitin 2008, takimi i cili i p\u00ebrgatiti t\u00eb\" \/>\n<meta property=\"og:url\" content=\"https:\/\/orthodoxalbania.org\/2020\/2008\/02\/26\/krishtlindje-ne-qendren-studentore-te-kishes-sone-2008\/\" \/>\n<meta property=\"og:site_name\" content=\"Kisha Orthodh\u03bfkse Autoqefale e Shqip\u00ebris\u00eb\" \/>\n<meta property=\"article:publisher\" content=\"https:\/\/www.facebook.com\/koash1991\" \/>\n<meta property=\"article:published_time\" content=\"2008-02-26T00:00:00+00:00\" \/>\n<meta property=\"article:modified_time\" content=\"2020-04-06T20:35:23+00:00\" \/>\n<meta property=\"og:image\" content=\"https:\/\/lh3.googleusercontent.com\/-oBHPh2dIa9o\/VJKEsLsTR7I\/AAAAAAAAIUY\/Dhxw8qWywFM\/w448-h336-no\/1.JPG\" \/>\n<meta name=\"author\" content=\"Kisha Orthodhokse\" \/>\n<meta name=\"twitter:card\" content=\"summary_large_image\" \/>\n<meta name=\"twitter:label1\" content=\"Written by\" \/>\n\t<meta name=\"twitter:data1\" content=\"Kisha Orthodhokse\" \/>\n\t<meta name=\"twitter:label2\" content=\"Est. reading time\" \/>\n\t<meta name=\"twitter:data2\" content=\"5 minutes\" \/>\n<script type=\"application\/ld+json\" class=\"yoast-schema-graph\">{\"@context\":\"https:\/\/schema.org\",\"@graph\":[{\"@type\":\"Article\",\"@id\":\"https:\/\/orthodoxalbania.org\/2020\/2008\/02\/26\/krishtlindje-ne-qendren-studentore-te-kishes-sone-2008\/#article\",\"isPartOf\":{\"@id\":\"https:\/\/orthodoxalbania.org\/2020\/2008\/02\/26\/krishtlindje-ne-qendren-studentore-te-kishes-sone-2008\/\"},\"author\":{\"name\":\"Kisha Orthodhokse\",\"@id\":\"https:\/\/orthodoxalbania.org\/2020\/#\/schema\/person\/0c387634a7063ac612d7ed9ce71c7e86\"},\"headline\":\"Krishtlindje n\u00eb Qendr\u00ebn Studentore t\u00eb Kish\u00ebs son\u00eb. (2008)\",\"datePublished\":\"2008-02-26T00:00:00+00:00\",\"dateModified\":\"2020-04-06T20:35:23+00:00\",\"mainEntityOfPage\":{\"@id\":\"https:\/\/orthodoxalbania.org\/2020\/2008\/02\/26\/krishtlindje-ne-qendren-studentore-te-kishes-sone-2008\/\"},\"wordCount\":1021,\"commentCount\":0,\"publisher\":{\"@id\":\"https:\/\/orthodoxalbania.org\/2020\/#organization\"},\"image\":{\"@id\":\"https:\/\/orthodoxalbania.org\/2020\/2008\/02\/26\/krishtlindje-ne-qendren-studentore-te-kishes-sone-2008\/#primaryimage\"},\"thumbnailUrl\":\"https:\/\/lh3.googleusercontent.com\/-oBHPh2dIa9o\/VJKEsLsTR7I\/AAAAAAAAIUY\/Dhxw8qWywFM\/w448-h336-no\/1.JPG\",\"keywords\":[\"2008\",\"Krishtlindje\",\"Kryepiskopata Tiran\u00eb\",\"lajme\"],\"articleSection\":[\"Lajme\"],\"inLanguage\":\"en-US\"},{\"@type\":\"WebPage\",\"@id\":\"https:\/\/orthodoxalbania.org\/2020\/2008\/02\/26\/krishtlindje-ne-qendren-studentore-te-kishes-sone-2008\/\",\"url\":\"https:\/\/orthodoxalbania.org\/2020\/2008\/02\/26\/krishtlindje-ne-qendren-studentore-te-kishes-sone-2008\/\",\"name\":\"Krishtlindje n\u00eb Qendr\u00ebn Studentore t\u00eb Kish\u00ebs son\u00eb. (2008) - Kisha Orthodh\u03bfkse Autoqefale e Shqip\u00ebris\u00eb\",\"isPartOf\":{\"@id\":\"https:\/\/orthodoxalbania.org\/2020\/#website\"},\"primaryImageOfPage\":{\"@id\":\"https:\/\/orthodoxalbania.org\/2020\/2008\/02\/26\/krishtlindje-ne-qendren-studentore-te-kishes-sone-2008\/#primaryimage\"},\"image\":{\"@id\":\"https:\/\/orthodoxalbania.org\/2020\/2008\/02\/26\/krishtlindje-ne-qendren-studentore-te-kishes-sone-2008\/#primaryimage\"},\"thumbnailUrl\":\"https:\/\/lh3.googleusercontent.com\/-oBHPh2dIa9o\/VJKEsLsTR7I\/AAAAAAAAIUY\/Dhxw8qWywFM\/w448-h336-no\/1.JPG\",\"datePublished\":\"2008-02-26T00:00:00+00:00\",\"dateModified\":\"2020-04-06T20:35:23+00:00\",\"breadcrumb\":{\"@id\":\"https:\/\/orthodoxalbania.org\/2020\/2008\/02\/26\/krishtlindje-ne-qendren-studentore-te-kishes-sone-2008\/#breadcrumb\"},\"inLanguage\":\"en-US\",\"potentialAction\":[{\"@type\":\"ReadAction\",\"target\":[\"https:\/\/orthodoxalbania.org\/2020\/2008\/02\/26\/krishtlindje-ne-qendren-studentore-te-kishes-sone-2008\/\"]}]},{\"@type\":\"ImageObject\",\"inLanguage\":\"en-US\",\"@id\":\"https:\/\/orthodoxalbania.org\/2020\/2008\/02\/26\/krishtlindje-ne-qendren-studentore-te-kishes-sone-2008\/#primaryimage\",\"url\":\"https:\/\/lh3.googleusercontent.com\/-oBHPh2dIa9o\/VJKEsLsTR7I\/AAAAAAAAIUY\/Dhxw8qWywFM\/w448-h336-no\/1.JPG\",\"contentUrl\":\"https:\/\/lh3.googleusercontent.com\/-oBHPh2dIa9o\/VJKEsLsTR7I\/AAAAAAAAIUY\/Dhxw8qWywFM\/w448-h336-no\/1.JPG\"},{\"@type\":\"BreadcrumbList\",\"@id\":\"https:\/\/orthodoxalbania.org\/2020\/2008\/02\/26\/krishtlindje-ne-qendren-studentore-te-kishes-sone-2008\/#breadcrumb\",\"itemListElement\":[{\"@type\":\"ListItem\",\"position\":1,\"name\":\"Home\",\"item\":\"https:\/\/orthodoxalbania.org\/2020\/\"},{\"@type\":\"ListItem\",\"position\":2,\"name\":\"Krishtlindje n\u00eb Qendr\u00ebn Studentore t\u00eb Kish\u00ebs son\u00eb. (2008)\"}]},{\"@type\":\"WebSite\",\"@id\":\"https:\/\/orthodoxalbania.org\/2020\/#website\",\"url\":\"https:\/\/orthodoxalbania.org\/2020\/\",\"name\":\"Kisha Orthodh\u03bfkse Autoqefale e Shqip\u00ebris\u00eb\",\"description\":\"Fqja Zyrtare e Kish\u00ebs Orthodhokse Autoqefale e Shqip\u00ebris\u00eb me lajmet edhe informacionet zyrtare p\u00ebr struktur\u00ebn edhe veprimtarin e saj.\",\"publisher\":{\"@id\":\"https:\/\/orthodoxalbania.org\/2020\/#organization\"},\"potentialAction\":[{\"@type\":\"SearchAction\",\"target\":{\"@type\":\"EntryPoint\",\"urlTemplate\":\"https:\/\/orthodoxalbania.org\/2020\/?s={search_term_string}\"},\"query-input\":{\"@type\":\"PropertyValueSpecification\",\"valueRequired\":true,\"valueName\":\"search_term_string\"}}],\"inLanguage\":\"en-US\"},{\"@type\":\"Organization\",\"@id\":\"https:\/\/orthodoxalbania.org\/2020\/#organization\",\"name\":\"Kisha Orthodhokse Autoqefale e Shqip\u00ebris\u00eb\",\"url\":\"https:\/\/orthodoxalbania.org\/2020\/\",\"logo\":{\"@type\":\"ImageObject\",\"inLanguage\":\"en-US\",\"@id\":\"https:\/\/orthodoxalbania.org\/2020\/#\/schema\/logo\/image\/\",\"url\":\"https:\/\/orthodoxalbania.org\/2020\/wp-content\/uploads\/2020\/05\/albania.jpeg\",\"contentUrl\":\"https:\/\/orthodoxalbania.org\/2020\/wp-content\/uploads\/2020\/05\/albania.jpeg\",\"width\":540,\"height\":540,\"caption\":\"Kisha Orthodhokse Autoqefale e Shqip\u00ebris\u00eb\"},\"image\":{\"@id\":\"https:\/\/orthodoxalbania.org\/2020\/#\/schema\/logo\/image\/\"},\"sameAs\":[\"https:\/\/www.facebook.com\/koash1991\"]},{\"@type\":\"Person\",\"@id\":\"https:\/\/orthodoxalbania.org\/2020\/#\/schema\/person\/0c387634a7063ac612d7ed9ce71c7e86\",\"name\":\"Kisha Orthodhokse\",\"image\":{\"@type\":\"ImageObject\",\"inLanguage\":\"en-US\",\"@id\":\"https:\/\/secure.gravatar.com\/avatar\/596e7c417251e30f2fbb9c00e026fce61a695a00e51c889caded71c96cbbdde5?s=96&d=mm&r=g\",\"url\":\"https:\/\/secure.gravatar.com\/avatar\/596e7c417251e30f2fbb9c00e026fce61a695a00e51c889caded71c96cbbdde5?s=96&d=mm&r=g\",\"contentUrl\":\"https:\/\/secure.gravatar.com\/avatar\/596e7c417251e30f2fbb9c00e026fce61a695a00e51c889caded71c96cbbdde5?s=96&d=mm&r=g\",\"caption\":\"Kisha Orthodhokse\"}}]}<\/script>\n<!-- \/ Yoast SEO plugin. -->","yoast_head_json":{"title":"Krishtlindje n\u00eb Qendr\u00ebn Studentore t\u00eb Kish\u00ebs son\u00eb. (2008) - Kisha Orthodh\u03bfkse Autoqefale e Shqip\u00ebris\u00eb","robots":{"index":"index","follow":"follow","max-snippet":"max-snippet:-1","max-image-preview":"max-image-preview:large","max-video-preview":"max-video-preview:-1"},"canonical":"https:\/\/orthodoxalbania.org\/2020\/2008\/02\/26\/krishtlindje-ne-qendren-studentore-te-kishes-sone-2008\/","og_locale":"en_US","og_type":"article","og_title":"Krishtlindje n\u00eb Qendr\u00ebn Studentore t\u00eb Kish\u00ebs son\u00eb. (2008) - Kisha Orthodh\u03bfkse Autoqefale e Shqip\u00ebris\u00eb","og_description":"&#8211; M\u00eb jep drit\u00eb, o Zot! &#8211; &nbsp; M\u00eb jep drit\u00eb, o Zot, drit\u00eb, Ku duhet t\u00eb shkoj, Drit\u00eb, o Zot, drit\u00eb, Ku t\u00eb t\u00eb k\u00ebrkoj! &nbsp;&nbsp;&nbsp; Kjo ishte thirrja q\u00eb student\u00ebt e Qendr\u00ebs Studentore t\u00eb Kish\u00ebs Orthodhokse i drejtuan Zotit n\u00eb takimin e dit\u00ebs s\u00eb mart\u00eb, m\u00eb 16 dhjetor 2008. Ky ishte takimi i fundit p\u00ebr vitin 2008, takimi i cili i p\u00ebrgatiti t\u00eb","og_url":"https:\/\/orthodoxalbania.org\/2020\/2008\/02\/26\/krishtlindje-ne-qendren-studentore-te-kishes-sone-2008\/","og_site_name":"Kisha Orthodh\u03bfkse Autoqefale e Shqip\u00ebris\u00eb","article_publisher":"https:\/\/www.facebook.com\/koash1991","article_published_time":"2008-02-26T00:00:00+00:00","article_modified_time":"2020-04-06T20:35:23+00:00","og_image":[{"url":"https:\/\/lh3.googleusercontent.com\/-oBHPh2dIa9o\/VJKEsLsTR7I\/AAAAAAAAIUY\/Dhxw8qWywFM\/w448-h336-no\/1.JPG","type":"","width":"","height":""}],"author":"Kisha Orthodhokse","twitter_card":"summary_large_image","twitter_misc":{"Written by":"Kisha Orthodhokse","Est. reading time":"5 minutes"},"schema":{"@context":"https:\/\/schema.org","@graph":[{"@type":"Article","@id":"https:\/\/orthodoxalbania.org\/2020\/2008\/02\/26\/krishtlindje-ne-qendren-studentore-te-kishes-sone-2008\/#article","isPartOf":{"@id":"https:\/\/orthodoxalbania.org\/2020\/2008\/02\/26\/krishtlindje-ne-qendren-studentore-te-kishes-sone-2008\/"},"author":{"name":"Kisha Orthodhokse","@id":"https:\/\/orthodoxalbania.org\/2020\/#\/schema\/person\/0c387634a7063ac612d7ed9ce71c7e86"},"headline":"Krishtlindje n\u00eb Qendr\u00ebn Studentore t\u00eb Kish\u00ebs son\u00eb. (2008)","datePublished":"2008-02-26T00:00:00+00:00","dateModified":"2020-04-06T20:35:23+00:00","mainEntityOfPage":{"@id":"https:\/\/orthodoxalbania.org\/2020\/2008\/02\/26\/krishtlindje-ne-qendren-studentore-te-kishes-sone-2008\/"},"wordCount":1021,"commentCount":0,"publisher":{"@id":"https:\/\/orthodoxalbania.org\/2020\/#organization"},"image":{"@id":"https:\/\/orthodoxalbania.org\/2020\/2008\/02\/26\/krishtlindje-ne-qendren-studentore-te-kishes-sone-2008\/#primaryimage"},"thumbnailUrl":"https:\/\/lh3.googleusercontent.com\/-oBHPh2dIa9o\/VJKEsLsTR7I\/AAAAAAAAIUY\/Dhxw8qWywFM\/w448-h336-no\/1.JPG","keywords":["2008","Krishtlindje","Kryepiskopata Tiran\u00eb","lajme"],"articleSection":["Lajme"],"inLanguage":"en-US"},{"@type":"WebPage","@id":"https:\/\/orthodoxalbania.org\/2020\/2008\/02\/26\/krishtlindje-ne-qendren-studentore-te-kishes-sone-2008\/","url":"https:\/\/orthodoxalbania.org\/2020\/2008\/02\/26\/krishtlindje-ne-qendren-studentore-te-kishes-sone-2008\/","name":"Krishtlindje n\u00eb Qendr\u00ebn Studentore t\u00eb Kish\u00ebs son\u00eb. (2008) - Kisha Orthodh\u03bfkse Autoqefale e Shqip\u00ebris\u00eb","isPartOf":{"@id":"https:\/\/orthodoxalbania.org\/2020\/#website"},"primaryImageOfPage":{"@id":"https:\/\/orthodoxalbania.org\/2020\/2008\/02\/26\/krishtlindje-ne-qendren-studentore-te-kishes-sone-2008\/#primaryimage"},"image":{"@id":"https:\/\/orthodoxalbania.org\/2020\/2008\/02\/26\/krishtlindje-ne-qendren-studentore-te-kishes-sone-2008\/#primaryimage"},"thumbnailUrl":"https:\/\/lh3.googleusercontent.com\/-oBHPh2dIa9o\/VJKEsLsTR7I\/AAAAAAAAIUY\/Dhxw8qWywFM\/w448-h336-no\/1.JPG","datePublished":"2008-02-26T00:00:00+00:00","dateModified":"2020-04-06T20:35:23+00:00","breadcrumb":{"@id":"https:\/\/orthodoxalbania.org\/2020\/2008\/02\/26\/krishtlindje-ne-qendren-studentore-te-kishes-sone-2008\/#breadcrumb"},"inLanguage":"en-US","potentialAction":[{"@type":"ReadAction","target":["https:\/\/orthodoxalbania.org\/2020\/2008\/02\/26\/krishtlindje-ne-qendren-studentore-te-kishes-sone-2008\/"]}]},{"@type":"ImageObject","inLanguage":"en-US","@id":"https:\/\/orthodoxalbania.org\/2020\/2008\/02\/26\/krishtlindje-ne-qendren-studentore-te-kishes-sone-2008\/#primaryimage","url":"https:\/\/lh3.googleusercontent.com\/-oBHPh2dIa9o\/VJKEsLsTR7I\/AAAAAAAAIUY\/Dhxw8qWywFM\/w448-h336-no\/1.JPG","contentUrl":"https:\/\/lh3.googleusercontent.com\/-oBHPh2dIa9o\/VJKEsLsTR7I\/AAAAAAAAIUY\/Dhxw8qWywFM\/w448-h336-no\/1.JPG"},{"@type":"BreadcrumbList","@id":"https:\/\/orthodoxalbania.org\/2020\/2008\/02\/26\/krishtlindje-ne-qendren-studentore-te-kishes-sone-2008\/#breadcrumb","itemListElement":[{"@type":"ListItem","position":1,"name":"Home","item":"https:\/\/orthodoxalbania.org\/2020\/"},{"@type":"ListItem","position":2,"name":"Krishtlindje n\u00eb Qendr\u00ebn Studentore t\u00eb Kish\u00ebs son\u00eb. (2008)"}]},{"@type":"WebSite","@id":"https:\/\/orthodoxalbania.org\/2020\/#website","url":"https:\/\/orthodoxalbania.org\/2020\/","name":"Kisha Orthodh\u03bfkse Autoqefale e Shqip\u00ebris\u00eb","description":"Fqja Zyrtare e Kish\u00ebs Orthodhokse Autoqefale e Shqip\u00ebris\u00eb me lajmet edhe informacionet zyrtare p\u00ebr struktur\u00ebn edhe veprimtarin e saj.","publisher":{"@id":"https:\/\/orthodoxalbania.org\/2020\/#organization"},"potentialAction":[{"@type":"SearchAction","target":{"@type":"EntryPoint","urlTemplate":"https:\/\/orthodoxalbania.org\/2020\/?s={search_term_string}"},"query-input":{"@type":"PropertyValueSpecification","valueRequired":true,"valueName":"search_term_string"}}],"inLanguage":"en-US"},{"@type":"Organization","@id":"https:\/\/orthodoxalbania.org\/2020\/#organization","name":"Kisha Orthodhokse Autoqefale e Shqip\u00ebris\u00eb","url":"https:\/\/orthodoxalbania.org\/2020\/","logo":{"@type":"ImageObject","inLanguage":"en-US","@id":"https:\/\/orthodoxalbania.org\/2020\/#\/schema\/logo\/image\/","url":"https:\/\/orthodoxalbania.org\/2020\/wp-content\/uploads\/2020\/05\/albania.jpeg","contentUrl":"https:\/\/orthodoxalbania.org\/2020\/wp-content\/uploads\/2020\/05\/albania.jpeg","width":540,"height":540,"caption":"Kisha Orthodhokse Autoqefale e Shqip\u00ebris\u00eb"},"image":{"@id":"https:\/\/orthodoxalbania.org\/2020\/#\/schema\/logo\/image\/"},"sameAs":["https:\/\/www.facebook.com\/koash1991"]},{"@type":"Person","@id":"https:\/\/orthodoxalbania.org\/2020\/#\/schema\/person\/0c387634a7063ac612d7ed9ce71c7e86","name":"Kisha Orthodhokse","image":{"@type":"ImageObject","inLanguage":"en-US","@id":"https:\/\/secure.gravatar.com\/avatar\/596e7c417251e30f2fbb9c00e026fce61a695a00e51c889caded71c96cbbdde5?s=96&d=mm&r=g","url":"https:\/\/secure.gravatar.com\/avatar\/596e7c417251e30f2fbb9c00e026fce61a695a00e51c889caded71c96cbbdde5?s=96&d=mm&r=g","contentUrl":"https:\/\/secure.gravatar.com\/avatar\/596e7c417251e30f2fbb9c00e026fce61a695a00e51c889caded71c96cbbdde5?s=96&d=mm&r=g","caption":"Kisha Orthodhokse"}}]}},"_links":{"self":[{"href":"https:\/\/orthodoxalbania.org\/2020\/wp-json\/wp\/v2\/posts\/861","targetHints":{"allow":["GET"]}}],"collection":[{"href":"https:\/\/orthodoxalbania.org\/2020\/wp-json\/wp\/v2\/posts"}],"about":[{"href":"https:\/\/orthodoxalbania.org\/2020\/wp-json\/wp\/v2\/types\/post"}],"author":[{"embeddable":true,"href":"https:\/\/orthodoxalbania.org\/2020\/wp-json\/wp\/v2\/users\/1"}],"replies":[{"embeddable":true,"href":"https:\/\/orthodoxalbania.org\/2020\/wp-json\/wp\/v2\/comments?post=861"}],"version-history":[{"count":1,"href":"https:\/\/orthodoxalbania.org\/2020\/wp-json\/wp\/v2\/posts\/861\/revisions"}],"predecessor-version":[{"id":15665,"href":"https:\/\/orthodoxalbania.org\/2020\/wp-json\/wp\/v2\/posts\/861\/revisions\/15665"}],"wp:attachment":[{"href":"https:\/\/orthodoxalbania.org\/2020\/wp-json\/wp\/v2\/media?parent=861"}],"wp:term":[{"taxonomy":"category","embeddable":true,"href":"https:\/\/orthodoxalbania.org\/2020\/wp-json\/wp\/v2\/categories?post=861"},{"taxonomy":"post_tag","embeddable":true,"href":"https:\/\/orthodoxalbania.org\/2020\/wp-json\/wp\/v2\/tags?post=861"}],"curies":[{"name":"wp","href":"https:\/\/api.w.org\/{rel}","templated":true}]}}