{"id":859,"date":"2013-12-28T09:19:19","date_gmt":"2013-12-28T09:19:19","guid":{"rendered":""},"modified":"2020-04-06T22:05:23","modified_gmt":"2020-04-06T20:05:23","slug":"1-2","status":"publish","type":"post","link":"https:\/\/orthodoxalbania.org\/2020\/2013\/12\/28\/1-2\/","title":{"rendered":"Krishtlindje n\u00eb Kor\u00e7\u00eb. (Dhjetor 2013)"},"content":{"rendered":"<div style=\"text-align: justify;\"><span style=\"font-family: tahoma,geneva,sans-serif;\"><span style=\"font-size: 12px;\"><img decoding=\"async\" class=\"lazyload HAa Eha\" style=\"height: 198px; width: 300px; margin: 10px; float: left; border-width: 1px; border-style: solid;\" alt=\"\" src=\"data:image\/gif;base64,R0lGODlhAQABAAAAACH5BAEKAAEALAAAAAABAAEAAAICTAEAOw==\" data-orig-src=\"https:\/\/lh3.googleusercontent.com\/-LBDl-3J1M2A\/Ur6V6bF2PjI\/AAAAAAAAHPI\/tEcTtx7KQAU\/w702-h463-no\/Korca+1.JPG\" \/>&nbsp;&nbsp;&nbsp;<span style=\"color: #000000;\"> \u201cLindja e Zotit Jisu Krisht, b\u00ebrja e Tij si nj\u00ebri nga ne, \u00ebsht\u00eb me t\u00eb v\u00ebrtet\u00eb nj\u00eb ngjarje historike q\u00eb ka ndodhur m\u00eb shum\u00eb se dy mij\u00eb vjet m\u00eb par\u00eb, por ajo \u00ebsht\u00eb gjithashtu nj\u00eb ngjarje q\u00eb e kap\u00ebrcen historin\u00eb. Sepse ku Zoti nd\u00ebrhyn n\u00eb histori ngjarjet gjithmon\u00eb e kap\u00ebrcejn\u00eb at\u00eb, duke u b\u00ebr\u00eb trans-historike, q\u00eb do t\u00eb thot\u00eb se \u00e7far\u00eb prek Per\u00ebndia \u00ebsht\u00eb p\u00ebr t\u00eb gjitha koh\u00ebrat, p\u00ebr t\u00eb gjith\u00eb popujt dhe p\u00ebr t\u00eb gjith\u00eb njer\u00ebzit. Prandaj dhe Krishtlindja dhe mesazhi i saj nuk dob\u00ebsohet dhe nuk pak\u00ebsohet nga rrjedha e koh\u00ebs, sepse nga ajo buron nj\u00eb mesazh jet\u00ebdh\u00ebn\u00ebs q\u00eb nuk shteron kurr\u00eb\u201d. K\u00ebto jan\u00eb fjal\u00ebt me t\u00eb cilat Mitropoliti i Kor\u00e7\u00ebs, Hir\u00ebsia i Tij z. Joan, nisi predikimin e tij n\u00eb \u00e7astin m\u00eb kulminant t\u00eb festimeve, dometh\u00ebn\u00eb n\u00eb Mesh\u00ebn Hyjnore t\u00eb mbajtur me rastin e Krishtlindjeve. Ishte ky mesazh i cili na kujtoi edhe nj\u00ebher\u00eb arsyet p\u00ebrse festojm\u00eb me g\u00ebzim dhe presim me padurim Krishtlindjen.<\/span><\/span> <\/span><\/div>\n<div style=\"text-align: justify;\">&nbsp;<\/div>\n<div style=\"text-align: justify;\"><span style=\"font-family: tahoma,geneva,sans-serif;\"><span style=\"font-size: 12px;\"><span style=\"color: #000000;\">&nbsp;&nbsp;&nbsp; Mitropolia e Kor\u00e7\u00ebs ishte mjaft aktive n\u00eb parap\u00ebrgatitjet p\u00ebr festimin sa m\u00eb shpirt\u00ebror t\u00eb k\u00ebsaj feste. Sh\u00ebrbesa t\u00eb ndryshme n\u00eb t\u00eb gjitha kishat, ceremoni, aktivitete t\u00eb ndryshme artistike me tem\u00eb Krishtlindjen etj, u zhvilluan gjat\u00eb gjith\u00eb jav\u00ebs para k\u00ebsaj feste t\u00eb madhe.<\/span><\/span> <\/span><\/div>\n<div style=\"text-align: justify;\"><span style=\"font-family: tahoma,geneva,sans-serif;\"><span style=\"font-size: 12px;\"><span style=\"color: #000000;\">&nbsp;&nbsp;&nbsp; K\u00ebshtu n\u00eb Katedralen \u201cNgjallja e Krishtit\u201d m\u00eb dat\u00ebn 17 dhjetor u mbajt nj\u00eb koncert nga shkolla \u201cSevasti Qiriazi\u201d nd\u00ebrsa m\u00eb dat\u00ebn 19 dhjetor u mbajt gjithashtu nj\u00eb koncert mjaft i bukur, me k\u00ebng\u00eb, melodi dhe himne me rastin e Krishtlindjes n\u00eb t\u00eb cilin mor\u00ebn pjes\u00eb me nj\u00eb bashk\u00ebpunim t\u00eb mrekulluesh\u00ebm dy shkollat, ajo Artistike \u201cTefta Tashko\u201d dhe shkolla Greko\u2013Shqiptare \u201cOmiros\u201d. Ky koncert u nderua me pjes\u00ebmarrjen e p\u00ebrfaq\u00ebsuesve nga pushteti lokal, nga Konsullatat e huaja n\u00eb qytet, nga pedagog\u00eb por dhe nga shum\u00eb qytetar\u00eb dhe banor\u00eb t\u00eb zon\u00ebs s\u00eb Kor\u00e7\u00ebs. K\u00ebto koncerte i ndihmuan t\u00eb gjith\u00eb, q\u00eb t\u00eb ndjejn\u00eb m\u00eb tep\u00ebr frym\u00ebn p\u00ebrul\u00ebse dhe t\u00eb mbushur me dashuri t\u00eb Krishtlindjes.<\/span><\/span> <\/span><\/div>\n<div style=\"text-align: justify;\">&nbsp;<\/div>\n<div style=\"text-align: justify;\"><span style=\"font-family: tahoma,geneva,sans-serif;\"><span style=\"font-size: 12px;\"><span style=\"color: #000000;\">&nbsp;&nbsp;&nbsp; Natyrisht n\u00eb t\u00eb gjith\u00eb dioqez\u00ebn, n\u00eb \u00e7do fshat dhe \u00e7do tempull dallohej leht\u00eb atmosfera festive t\u00eb cil\u00ebn e b\u00ebnte m\u00eb mbres\u00ebl\u00ebn\u00ebse pjes\u00ebmarrja n\u00eb sh\u00ebrbesat e Kish\u00ebs. T\u00eb gjitha Kishat ishin t\u00eb zbukuruara dhe mbi t\u00eb gjitha Katedralja e Kor\u00e7\u00ebs e cila p\u00ebrb\u00ebn nj\u00eb bukuri t\u00eb ve\u00e7ant\u00eb p\u00ebr qytetin, sidomos kur ai ka ngjyra festive. K\u00ebshtu n\u00eb k\u00ebt\u00eb atmosfer\u00eb festive kaluan dit\u00ebt dhe mb\u00ebrrit\u00ebm m\u00eb dat\u00ebn 24 ku u meshua n\u00eb t\u00eb gjitha kishat e qyteti dhe u krye sh\u00ebrbesa e or\u00ebve, e cila nga ana liturgjike \u00ebsht\u00eb nj\u00eb nga m\u00eb t\u00eb bukurat q\u00eb ka Kisha jon\u00eb dhe p\u00ebrb\u00ebn nj\u00eb rast t\u00eb shk\u00eblqyer p\u00ebr t\u00eb ndjekur t\u00eb gjitha ceremonit\u00eb fetare me radh\u00eb, nd\u00ebrsa mbyllja kryhet me Mesh\u00ebn Hyjnore t\u00eb Sh\u00ebn Vasilit. Ky \u00ebsht\u00eb \u00e7asti&nbsp; kur festimet shpirt\u00ebrore kulmojn\u00eb dhe vazhdojn\u00eb me Mesh\u00ebn e mbajtur dit\u00ebn e Krishtlindjes n\u00eb t\u00eb cil\u00ebn mor\u00ebn pjes\u00eb me qindra besimtar\u00eb dhe ku Mitropoliti Joan s\u00ebrish u drejtua besimtar\u00ebve si At\u00eb i v\u00ebrtet\u00eb shpirt\u00ebror me fjal\u00ebt q\u00eb p\u00ebrmend\u00ebm n\u00eb pasazhin e fillimit.<\/span><\/span> <\/span><\/div>\n<div style=\"text-align: justify;\">&nbsp;<\/div>\n<div style=\"text-align: justify;\"><span style=\"font-family: tahoma,geneva,sans-serif;\"><span style=\"font-size: 12px;\"><span style=\"color: #000000;\">&nbsp;&nbsp;&nbsp; Nd\u00ebrsa Liturgjia mbaroi, shum\u00eb besimtar\u00eb, me g\u00ebzimin dhe haren\u00eb mistike n\u00eb zemrat e tyre, nxituan q\u00eb t\u00eb uronin nga af\u00ebr Hir\u00ebsi Joanin n\u00eb selin\u00eb e Mitropolis\u00eb. Por urimet nuk ndaluan k\u00ebtu, mrekullia m\u00eb e madhe ndodh m\u00eb pas kur t\u00eb gjith\u00eb besimtar\u00ebt orthodhoks\u00eb marrin urime nga besimtar\u00eb t\u00eb besimeve t\u00eb tjera p\u00ebr shkak t\u00eb bashk\u00ebjetes\u00ebs harmonike nd\u00ebrmjet tyre dhe t\u00eb mrekullis\u00eb s\u00eb mistershme q\u00eb mbart kjo fest\u00eb e cila ndikon tek t\u00eb gjith\u00eb.<\/span><\/span> <\/span><\/div>\n<div style=\"text-align: justify;\">&nbsp;<\/div>\n<div style=\"text-align: justify;\"><span style=\"font-family: tahoma,geneva,sans-serif;\"><span style=\"font-size: 12px;\"><span style=\"color: #000000;\">&nbsp;&nbsp;&nbsp; T\u00eb gjith\u00eb me zem\u00ebr gjat\u00eb k\u00ebsaj feste urojn\u00eb q\u00eb p\u00ebrul\u00ebsia, dashuria, thjesht\u00ebsia dhe t\u00eb gjitha sa karakterizon, frym\u00ebzon dhe m\u00ebson lindja e Per\u00ebndinjeriut t\u00eb b\u00ebhen pjes\u00eb e pandashme e jet\u00ebs son\u00eb t\u00eb p\u00ebrditshme.<\/p>\n<p> &nbsp;&nbsp;&nbsp;&nbsp; <strong>Themistokli Bambulla<\/strong><\/span><\/span> <\/span><\/div>\n<div style=\"text-align: justify;\"><span style=\"font-family: tahoma,geneva,sans-serif;\"><span style=\"font-size: 12px;\"><span style=\"color: #000000;\"><strong>&nbsp;&nbsp;&nbsp;&nbsp; Teolog-Msc Psikopedagogji<\/strong><\/span><\/span> <\/span><\/div>\n<p style=\"text-align: justify;\"><span style=\"font-family: tahoma,geneva,sans-serif;\"><span style=\"font-size: 12px;\"><img decoding=\"async\" class=\"lazyload HAa Eha\" style=\"height: 561px; width: 600px; margin: 10px; border-width: 1px; border-style: solid;\" alt=\"\" src=\"data:image\/gif;base64,R0lGODlhAQABAAAAACH5BAEKAAEALAAAAAABAAEAAAICTAEAOw==\" data-orig-src=\"https:\/\/lh4.googleusercontent.com\/-HK3ziwR_5cA\/Ur6V2RYJGDI\/AAAAAAAAHOw\/HyqBVGXfoHY\/w586-h548-no\/3.JPG\" \/><\/span><\/span><\/p>\n<p style=\"text-align: justify;\"><span style=\"font-family: tahoma,geneva,sans-serif;\"><span style=\"font-size: 12px;\"><img decoding=\"async\" class=\"lazyload HAa Eha\" style=\"height: 450px; width: 600px; margin: 10px; border-width: 1px; border-style: solid;\" alt=\"\" src=\"data:image\/gif;base64,R0lGODlhAQABAAAAACH5BAEKAAEALAAAAAABAAEAAAICTAEAOw==\" data-orig-src=\"https:\/\/lh3.googleusercontent.com\/-LOCRgk0DbWM\/Ur6V54BwHuI\/AAAAAAAAHPA\/P08cqz2qd_0\/w640-h480-no\/5.JPG\" \/><\/span><\/span><\/p>\n<p style=\"text-align: justify;\"><span style=\"font-family: tahoma,geneva,sans-serif;\"><span style=\"font-size: 12px;\"><img decoding=\"async\" class=\"lazyload HAa Eha\" style=\"height: 450px; width: 600px; margin: 10px; border-width: 1px; border-style: solid;\" alt=\"\" src=\"data:image\/gif;base64,R0lGODlhAQABAAAAACH5BAEKAAEALAAAAAABAAEAAAICTAEAOw==\" data-orig-src=\"https:\/\/lh3.googleusercontent.com\/-HrF5sOtZKZc\/Ur6VzcGAchI\/AAAAAAAAHOo\/9TIeE8z22hE\/w640-h480-no\/4.JPG\" \/><\/span><\/span><\/p>\n","protected":false},"excerpt":{"rendered":"<p>&nbsp;&nbsp;&nbsp; \u201cLindja e Zotit Jisu Krisht, b\u00ebrja e Tij si nj\u00ebri nga ne, \u00ebsht\u00eb me t\u00eb v\u00ebrtet\u00eb nj\u00eb ngjarje historike q\u00eb ka ndodhur m\u00eb shum\u00eb se dy mij\u00eb vjet m\u00eb par\u00eb, por ajo \u00ebsht\u00eb gjithashtu nj\u00eb ngjarje q\u00eb e kap\u00ebrcen historin\u00eb. Sepse ku Zoti nd\u00ebrhyn n\u00eb histori ngjarjet gjithmon\u00eb e kap\u00ebrcejn\u00eb at\u00eb, duke u b\u00ebr\u00eb trans-historike, q\u00eb do t\u00eb thot\u00eb se \u00e7far\u00eb prek Per\u00ebndia \u00ebsht\u00eb<\/p>\n","protected":false},"author":1,"featured_media":860,"comment_status":"open","ping_status":"open","sticky":false,"template":"","format":"standard","meta":{"_acf_changed":false,"pagelayer_contact_templates":[],"_pagelayer_content":"","inline_featured_image":false,"fifu_image_url":"","fifu_image_alt":"","footnotes":""},"categories":[108],"tags":[141,157,192,212,181],"class_list":["post-859","post","type-post","status-publish","format-standard","has-post-thumbnail","hentry","category-lajme","tag-141","tag-kremtime","tag-krishtlindje","tag-lajme-d27","tag-korce"],"acf":[],"yoast_head":"<!-- This site is optimized with the Yoast SEO plugin v27.2 - https:\/\/yoast.com\/product\/yoast-seo-wordpress\/ -->\n<title>Krishtlindje n\u00eb Kor\u00e7\u00eb. (Dhjetor 2013) - Kisha Orthodh\u03bfkse Autoqefale e Shqip\u00ebris\u00eb<\/title>\n<meta name=\"robots\" content=\"index, follow, max-snippet:-1, max-image-preview:large, max-video-preview:-1\" \/>\n<link rel=\"canonical\" href=\"https:\/\/orthodoxalbania.org\/2020\/2013\/12\/28\/1-2\/\" \/>\n<meta property=\"og:locale\" content=\"en_US\" \/>\n<meta property=\"og:type\" content=\"article\" \/>\n<meta property=\"og:title\" content=\"Krishtlindje n\u00eb Kor\u00e7\u00eb. (Dhjetor 2013) - Kisha Orthodh\u03bfkse Autoqefale e Shqip\u00ebris\u00eb\" \/>\n<meta property=\"og:description\" content=\"&nbsp;&nbsp;&nbsp; \u201cLindja e Zotit Jisu Krisht, b\u00ebrja e Tij si nj\u00ebri nga ne, \u00ebsht\u00eb me t\u00eb v\u00ebrtet\u00eb nj\u00eb ngjarje historike q\u00eb ka ndodhur m\u00eb shum\u00eb se dy mij\u00eb vjet m\u00eb par\u00eb, por ajo \u00ebsht\u00eb gjithashtu nj\u00eb ngjarje q\u00eb e kap\u00ebrcen historin\u00eb. Sepse ku Zoti nd\u00ebrhyn n\u00eb histori ngjarjet gjithmon\u00eb e kap\u00ebrcejn\u00eb at\u00eb, duke u b\u00ebr\u00eb trans-historike, q\u00eb do t\u00eb thot\u00eb se \u00e7far\u00eb prek Per\u00ebndia \u00ebsht\u00eb\" \/>\n<meta property=\"og:url\" content=\"https:\/\/orthodoxalbania.org\/2020\/2013\/12\/28\/1-2\/\" \/>\n<meta property=\"og:site_name\" content=\"Kisha Orthodh\u03bfkse Autoqefale e Shqip\u00ebris\u00eb\" \/>\n<meta property=\"article:publisher\" content=\"https:\/\/www.facebook.com\/koash1991\" \/>\n<meta property=\"article:published_time\" content=\"2013-12-28T09:19:19+00:00\" \/>\n<meta property=\"article:modified_time\" content=\"2020-04-06T20:05:23+00:00\" \/>\n<meta property=\"og:image\" content=\"https:\/\/orthodoxalbania.org\/2020\/wp-content\/uploads\/2020\/04\/Korca-1.JPG\" \/>\n\t<meta property=\"og:image:width\" content=\"702\" \/>\n\t<meta property=\"og:image:height\" content=\"463\" \/>\n\t<meta property=\"og:image:type\" content=\"image\/jpeg\" \/>\n<meta name=\"author\" content=\"Kisha Orthodhokse\" \/>\n<meta name=\"twitter:card\" content=\"summary_large_image\" \/>\n<meta name=\"twitter:label1\" content=\"Written by\" \/>\n\t<meta name=\"twitter:data1\" content=\"Kisha Orthodhokse\" \/>\n\t<meta name=\"twitter:label2\" content=\"Est. reading time\" \/>\n\t<meta name=\"twitter:data2\" content=\"4 minutes\" \/>\n<script type=\"application\/ld+json\" class=\"yoast-schema-graph\">{\"@context\":\"https:\/\/schema.org\",\"@graph\":[{\"@type\":\"Article\",\"@id\":\"https:\/\/orthodoxalbania.org\/2020\/2013\/12\/28\/1-2\/#article\",\"isPartOf\":{\"@id\":\"https:\/\/orthodoxalbania.org\/2020\/2013\/12\/28\/1-2\/\"},\"author\":{\"name\":\"Kisha Orthodhokse\",\"@id\":\"https:\/\/orthodoxalbania.org\/2020\/#\/schema\/person\/0c387634a7063ac612d7ed9ce71c7e86\"},\"headline\":\"Krishtlindje n\u00eb Kor\u00e7\u00eb. (Dhjetor 2013)\",\"datePublished\":\"2013-12-28T09:19:19+00:00\",\"dateModified\":\"2020-04-06T20:05:23+00:00\",\"mainEntityOfPage\":{\"@id\":\"https:\/\/orthodoxalbania.org\/2020\/2013\/12\/28\/1-2\/\"},\"wordCount\":733,\"commentCount\":0,\"publisher\":{\"@id\":\"https:\/\/orthodoxalbania.org\/2020\/#organization\"},\"image\":{\"@id\":\"https:\/\/orthodoxalbania.org\/2020\/2013\/12\/28\/1-2\/#primaryimage\"},\"thumbnailUrl\":\"https:\/\/orthodoxalbania.org\/2020\/wp-content\/uploads\/2020\/04\/Korca-1.JPG\",\"keywords\":[\"2013\",\"Kremtime\",\"Krishtlindje\",\"lajme\",\"Mitropolia Kor\u00e7\u00eb\"],\"articleSection\":[\"Lajme\"],\"inLanguage\":\"en-US\"},{\"@type\":\"WebPage\",\"@id\":\"https:\/\/orthodoxalbania.org\/2020\/2013\/12\/28\/1-2\/\",\"url\":\"https:\/\/orthodoxalbania.org\/2020\/2013\/12\/28\/1-2\/\",\"name\":\"Krishtlindje n\u00eb Kor\u00e7\u00eb. (Dhjetor 2013) - Kisha Orthodh\u03bfkse Autoqefale e Shqip\u00ebris\u00eb\",\"isPartOf\":{\"@id\":\"https:\/\/orthodoxalbania.org\/2020\/#website\"},\"primaryImageOfPage\":{\"@id\":\"https:\/\/orthodoxalbania.org\/2020\/2013\/12\/28\/1-2\/#primaryimage\"},\"image\":{\"@id\":\"https:\/\/orthodoxalbania.org\/2020\/2013\/12\/28\/1-2\/#primaryimage\"},\"thumbnailUrl\":\"https:\/\/orthodoxalbania.org\/2020\/wp-content\/uploads\/2020\/04\/Korca-1.JPG\",\"datePublished\":\"2013-12-28T09:19:19+00:00\",\"dateModified\":\"2020-04-06T20:05:23+00:00\",\"breadcrumb\":{\"@id\":\"https:\/\/orthodoxalbania.org\/2020\/2013\/12\/28\/1-2\/#breadcrumb\"},\"inLanguage\":\"en-US\",\"potentialAction\":[{\"@type\":\"ReadAction\",\"target\":[\"https:\/\/orthodoxalbania.org\/2020\/2013\/12\/28\/1-2\/\"]}]},{\"@type\":\"ImageObject\",\"inLanguage\":\"en-US\",\"@id\":\"https:\/\/orthodoxalbania.org\/2020\/2013\/12\/28\/1-2\/#primaryimage\",\"url\":\"https:\/\/orthodoxalbania.org\/2020\/wp-content\/uploads\/2020\/04\/Korca-1.JPG\",\"contentUrl\":\"https:\/\/orthodoxalbania.org\/2020\/wp-content\/uploads\/2020\/04\/Korca-1.JPG\",\"width\":702,\"height\":463},{\"@type\":\"BreadcrumbList\",\"@id\":\"https:\/\/orthodoxalbania.org\/2020\/2013\/12\/28\/1-2\/#breadcrumb\",\"itemListElement\":[{\"@type\":\"ListItem\",\"position\":1,\"name\":\"Home\",\"item\":\"https:\/\/orthodoxalbania.org\/2020\/\"},{\"@type\":\"ListItem\",\"position\":2,\"name\":\"Krishtlindje n\u00eb Kor\u00e7\u00eb. (Dhjetor 2013)\"}]},{\"@type\":\"WebSite\",\"@id\":\"https:\/\/orthodoxalbania.org\/2020\/#website\",\"url\":\"https:\/\/orthodoxalbania.org\/2020\/\",\"name\":\"Kisha Orthodh\u03bfkse Autoqefale e Shqip\u00ebris\u00eb\",\"description\":\"Fqja Zyrtare e Kish\u00ebs Orthodhokse Autoqefale e Shqip\u00ebris\u00eb me lajmet edhe informacionet zyrtare p\u00ebr struktur\u00ebn edhe veprimtarin e saj.\",\"publisher\":{\"@id\":\"https:\/\/orthodoxalbania.org\/2020\/#organization\"},\"potentialAction\":[{\"@type\":\"SearchAction\",\"target\":{\"@type\":\"EntryPoint\",\"urlTemplate\":\"https:\/\/orthodoxalbania.org\/2020\/?s={search_term_string}\"},\"query-input\":{\"@type\":\"PropertyValueSpecification\",\"valueRequired\":true,\"valueName\":\"search_term_string\"}}],\"inLanguage\":\"en-US\"},{\"@type\":\"Organization\",\"@id\":\"https:\/\/orthodoxalbania.org\/2020\/#organization\",\"name\":\"Kisha Orthodhokse Autoqefale e Shqip\u00ebris\u00eb\",\"url\":\"https:\/\/orthodoxalbania.org\/2020\/\",\"logo\":{\"@type\":\"ImageObject\",\"inLanguage\":\"en-US\",\"@id\":\"https:\/\/orthodoxalbania.org\/2020\/#\/schema\/logo\/image\/\",\"url\":\"https:\/\/orthodoxalbania.org\/2020\/wp-content\/uploads\/2020\/05\/albania.jpeg\",\"contentUrl\":\"https:\/\/orthodoxalbania.org\/2020\/wp-content\/uploads\/2020\/05\/albania.jpeg\",\"width\":540,\"height\":540,\"caption\":\"Kisha Orthodhokse Autoqefale e Shqip\u00ebris\u00eb\"},\"image\":{\"@id\":\"https:\/\/orthodoxalbania.org\/2020\/#\/schema\/logo\/image\/\"},\"sameAs\":[\"https:\/\/www.facebook.com\/koash1991\"]},{\"@type\":\"Person\",\"@id\":\"https:\/\/orthodoxalbania.org\/2020\/#\/schema\/person\/0c387634a7063ac612d7ed9ce71c7e86\",\"name\":\"Kisha Orthodhokse\",\"image\":{\"@type\":\"ImageObject\",\"inLanguage\":\"en-US\",\"@id\":\"https:\/\/secure.gravatar.com\/avatar\/596e7c417251e30f2fbb9c00e026fce61a695a00e51c889caded71c96cbbdde5?s=96&d=mm&r=g\",\"url\":\"https:\/\/secure.gravatar.com\/avatar\/596e7c417251e30f2fbb9c00e026fce61a695a00e51c889caded71c96cbbdde5?s=96&d=mm&r=g\",\"contentUrl\":\"https:\/\/secure.gravatar.com\/avatar\/596e7c417251e30f2fbb9c00e026fce61a695a00e51c889caded71c96cbbdde5?s=96&d=mm&r=g\",\"caption\":\"Kisha Orthodhokse\"}}]}<\/script>\n<!-- \/ Yoast SEO plugin. -->","yoast_head_json":{"title":"Krishtlindje n\u00eb Kor\u00e7\u00eb. (Dhjetor 2013) - Kisha Orthodh\u03bfkse Autoqefale e Shqip\u00ebris\u00eb","robots":{"index":"index","follow":"follow","max-snippet":"max-snippet:-1","max-image-preview":"max-image-preview:large","max-video-preview":"max-video-preview:-1"},"canonical":"https:\/\/orthodoxalbania.org\/2020\/2013\/12\/28\/1-2\/","og_locale":"en_US","og_type":"article","og_title":"Krishtlindje n\u00eb Kor\u00e7\u00eb. (Dhjetor 2013) - Kisha Orthodh\u03bfkse Autoqefale e Shqip\u00ebris\u00eb","og_description":"&nbsp;&nbsp;&nbsp; \u201cLindja e Zotit Jisu Krisht, b\u00ebrja e Tij si nj\u00ebri nga ne, \u00ebsht\u00eb me t\u00eb v\u00ebrtet\u00eb nj\u00eb ngjarje historike q\u00eb ka ndodhur m\u00eb shum\u00eb se dy mij\u00eb vjet m\u00eb par\u00eb, por ajo \u00ebsht\u00eb gjithashtu nj\u00eb ngjarje q\u00eb e kap\u00ebrcen historin\u00eb. Sepse ku Zoti nd\u00ebrhyn n\u00eb histori ngjarjet gjithmon\u00eb e kap\u00ebrcejn\u00eb at\u00eb, duke u b\u00ebr\u00eb trans-historike, q\u00eb do t\u00eb thot\u00eb se \u00e7far\u00eb prek Per\u00ebndia \u00ebsht\u00eb","og_url":"https:\/\/orthodoxalbania.org\/2020\/2013\/12\/28\/1-2\/","og_site_name":"Kisha Orthodh\u03bfkse Autoqefale e Shqip\u00ebris\u00eb","article_publisher":"https:\/\/www.facebook.com\/koash1991","article_published_time":"2013-12-28T09:19:19+00:00","article_modified_time":"2020-04-06T20:05:23+00:00","og_image":[{"width":702,"height":463,"url":"https:\/\/orthodoxalbania.org\/2020\/wp-content\/uploads\/2020\/04\/Korca-1.JPG","type":"image\/jpeg"}],"author":"Kisha Orthodhokse","twitter_card":"summary_large_image","twitter_misc":{"Written by":"Kisha Orthodhokse","Est. reading time":"4 minutes"},"schema":{"@context":"https:\/\/schema.org","@graph":[{"@type":"Article","@id":"https:\/\/orthodoxalbania.org\/2020\/2013\/12\/28\/1-2\/#article","isPartOf":{"@id":"https:\/\/orthodoxalbania.org\/2020\/2013\/12\/28\/1-2\/"},"author":{"name":"Kisha Orthodhokse","@id":"https:\/\/orthodoxalbania.org\/2020\/#\/schema\/person\/0c387634a7063ac612d7ed9ce71c7e86"},"headline":"Krishtlindje n\u00eb Kor\u00e7\u00eb. (Dhjetor 2013)","datePublished":"2013-12-28T09:19:19+00:00","dateModified":"2020-04-06T20:05:23+00:00","mainEntityOfPage":{"@id":"https:\/\/orthodoxalbania.org\/2020\/2013\/12\/28\/1-2\/"},"wordCount":733,"commentCount":0,"publisher":{"@id":"https:\/\/orthodoxalbania.org\/2020\/#organization"},"image":{"@id":"https:\/\/orthodoxalbania.org\/2020\/2013\/12\/28\/1-2\/#primaryimage"},"thumbnailUrl":"https:\/\/orthodoxalbania.org\/2020\/wp-content\/uploads\/2020\/04\/Korca-1.JPG","keywords":["2013","Kremtime","Krishtlindje","lajme","Mitropolia Kor\u00e7\u00eb"],"articleSection":["Lajme"],"inLanguage":"en-US"},{"@type":"WebPage","@id":"https:\/\/orthodoxalbania.org\/2020\/2013\/12\/28\/1-2\/","url":"https:\/\/orthodoxalbania.org\/2020\/2013\/12\/28\/1-2\/","name":"Krishtlindje n\u00eb Kor\u00e7\u00eb. (Dhjetor 2013) - Kisha Orthodh\u03bfkse Autoqefale e Shqip\u00ebris\u00eb","isPartOf":{"@id":"https:\/\/orthodoxalbania.org\/2020\/#website"},"primaryImageOfPage":{"@id":"https:\/\/orthodoxalbania.org\/2020\/2013\/12\/28\/1-2\/#primaryimage"},"image":{"@id":"https:\/\/orthodoxalbania.org\/2020\/2013\/12\/28\/1-2\/#primaryimage"},"thumbnailUrl":"https:\/\/orthodoxalbania.org\/2020\/wp-content\/uploads\/2020\/04\/Korca-1.JPG","datePublished":"2013-12-28T09:19:19+00:00","dateModified":"2020-04-06T20:05:23+00:00","breadcrumb":{"@id":"https:\/\/orthodoxalbania.org\/2020\/2013\/12\/28\/1-2\/#breadcrumb"},"inLanguage":"en-US","potentialAction":[{"@type":"ReadAction","target":["https:\/\/orthodoxalbania.org\/2020\/2013\/12\/28\/1-2\/"]}]},{"@type":"ImageObject","inLanguage":"en-US","@id":"https:\/\/orthodoxalbania.org\/2020\/2013\/12\/28\/1-2\/#primaryimage","url":"https:\/\/orthodoxalbania.org\/2020\/wp-content\/uploads\/2020\/04\/Korca-1.JPG","contentUrl":"https:\/\/orthodoxalbania.org\/2020\/wp-content\/uploads\/2020\/04\/Korca-1.JPG","width":702,"height":463},{"@type":"BreadcrumbList","@id":"https:\/\/orthodoxalbania.org\/2020\/2013\/12\/28\/1-2\/#breadcrumb","itemListElement":[{"@type":"ListItem","position":1,"name":"Home","item":"https:\/\/orthodoxalbania.org\/2020\/"},{"@type":"ListItem","position":2,"name":"Krishtlindje n\u00eb Kor\u00e7\u00eb. (Dhjetor 2013)"}]},{"@type":"WebSite","@id":"https:\/\/orthodoxalbania.org\/2020\/#website","url":"https:\/\/orthodoxalbania.org\/2020\/","name":"Kisha Orthodh\u03bfkse Autoqefale e Shqip\u00ebris\u00eb","description":"Fqja Zyrtare e Kish\u00ebs Orthodhokse Autoqefale e Shqip\u00ebris\u00eb me lajmet edhe informacionet zyrtare p\u00ebr struktur\u00ebn edhe veprimtarin e saj.","publisher":{"@id":"https:\/\/orthodoxalbania.org\/2020\/#organization"},"potentialAction":[{"@type":"SearchAction","target":{"@type":"EntryPoint","urlTemplate":"https:\/\/orthodoxalbania.org\/2020\/?s={search_term_string}"},"query-input":{"@type":"PropertyValueSpecification","valueRequired":true,"valueName":"search_term_string"}}],"inLanguage":"en-US"},{"@type":"Organization","@id":"https:\/\/orthodoxalbania.org\/2020\/#organization","name":"Kisha Orthodhokse Autoqefale e Shqip\u00ebris\u00eb","url":"https:\/\/orthodoxalbania.org\/2020\/","logo":{"@type":"ImageObject","inLanguage":"en-US","@id":"https:\/\/orthodoxalbania.org\/2020\/#\/schema\/logo\/image\/","url":"https:\/\/orthodoxalbania.org\/2020\/wp-content\/uploads\/2020\/05\/albania.jpeg","contentUrl":"https:\/\/orthodoxalbania.org\/2020\/wp-content\/uploads\/2020\/05\/albania.jpeg","width":540,"height":540,"caption":"Kisha Orthodhokse Autoqefale e Shqip\u00ebris\u00eb"},"image":{"@id":"https:\/\/orthodoxalbania.org\/2020\/#\/schema\/logo\/image\/"},"sameAs":["https:\/\/www.facebook.com\/koash1991"]},{"@type":"Person","@id":"https:\/\/orthodoxalbania.org\/2020\/#\/schema\/person\/0c387634a7063ac612d7ed9ce71c7e86","name":"Kisha Orthodhokse","image":{"@type":"ImageObject","inLanguage":"en-US","@id":"https:\/\/secure.gravatar.com\/avatar\/596e7c417251e30f2fbb9c00e026fce61a695a00e51c889caded71c96cbbdde5?s=96&d=mm&r=g","url":"https:\/\/secure.gravatar.com\/avatar\/596e7c417251e30f2fbb9c00e026fce61a695a00e51c889caded71c96cbbdde5?s=96&d=mm&r=g","contentUrl":"https:\/\/secure.gravatar.com\/avatar\/596e7c417251e30f2fbb9c00e026fce61a695a00e51c889caded71c96cbbdde5?s=96&d=mm&r=g","caption":"Kisha Orthodhokse"}}]}},"_links":{"self":[{"href":"https:\/\/orthodoxalbania.org\/2020\/wp-json\/wp\/v2\/posts\/859","targetHints":{"allow":["GET"]}}],"collection":[{"href":"https:\/\/orthodoxalbania.org\/2020\/wp-json\/wp\/v2\/posts"}],"about":[{"href":"https:\/\/orthodoxalbania.org\/2020\/wp-json\/wp\/v2\/types\/post"}],"author":[{"embeddable":true,"href":"https:\/\/orthodoxalbania.org\/2020\/wp-json\/wp\/v2\/users\/1"}],"replies":[{"embeddable":true,"href":"https:\/\/orthodoxalbania.org\/2020\/wp-json\/wp\/v2\/comments?post=859"}],"version-history":[{"count":1,"href":"https:\/\/orthodoxalbania.org\/2020\/wp-json\/wp\/v2\/posts\/859\/revisions"}],"predecessor-version":[{"id":15135,"href":"https:\/\/orthodoxalbania.org\/2020\/wp-json\/wp\/v2\/posts\/859\/revisions\/15135"}],"wp:featuredmedia":[{"embeddable":true,"href":"https:\/\/orthodoxalbania.org\/2020\/wp-json\/wp\/v2\/media\/860"}],"wp:attachment":[{"href":"https:\/\/orthodoxalbania.org\/2020\/wp-json\/wp\/v2\/media?parent=859"}],"wp:term":[{"taxonomy":"category","embeddable":true,"href":"https:\/\/orthodoxalbania.org\/2020\/wp-json\/wp\/v2\/categories?post=859"},{"taxonomy":"post_tag","embeddable":true,"href":"https:\/\/orthodoxalbania.org\/2020\/wp-json\/wp\/v2\/tags?post=859"}],"curies":[{"name":"wp","href":"https:\/\/api.w.org\/{rel}","templated":true}]}}