{"id":858,"date":"2013-03-21T09:00:14","date_gmt":"2013-03-21T09:00:14","guid":{"rendered":""},"modified":"2020-04-06T22:32:13","modified_gmt":"2020-04-06T20:32:13","slug":"krishtlindje-ne-korce","status":"publish","type":"post","link":"https:\/\/orthodoxalbania.org\/2020\/2013\/03\/21\/krishtlindje-ne-korce\/","title":{"rendered":"Krishtlindje n\u00eb Kor\u00e7\u00eb. (Dhjetor 2010)"},"content":{"rendered":"<div class=\"style7\">\n<p style=\"text-align: justify;\"><span style=\"font-family: tahoma,geneva,sans-serif;\"><span style=\"font-size: 12px;\"><span style=\"color: #000000;\">&nbsp;&nbsp;&nbsp; Nj\u00eb atmosfer\u00eb e g\u00ebzueshme n\u00eb prag t\u00eb Krishtlindjes. Qyteti ishte kudo i zbukuruar me drita shum\u00ebngjyr\u00ebshe. Festa e k\u00ebsaj ngjarje t\u00eb r\u00ebnd\u00ebsishme t\u00eb Lindjes s\u00eb Shp\u00ebtimtarit ton\u00eb Jisu krisht, n\u00eb qytetin e Kor\u00e7\u00ebs nisi t\u00eb festohej dhe t\u00eb pritej me padurim.<\/span><\/span><\/span><\/p>\n<p style=\"text-align: justify;\"> <span style=\"font-family: tahoma,geneva,sans-serif;\"><span style=\"font-size: 12px;\"><span style=\"color: #000000;\">&nbsp;&nbsp;&nbsp; T\u00eb rinjt\u00eb e k\u00ebtij qyteti me 18 dhjetor 2010, n\u00eb ambientet e Katedrales s\u00eb qytetit me bekimin e Mitropolitit t\u00eb tij Imzot Joanit, u zhvillua festivali rinor me rastin e Krishtlindjes. N\u00eb k\u00ebt\u00eb festival mor\u00ebn pjes\u00eb grupe rinore nga Pogradeci, Prespa, Progri, Erseka dhe Kor\u00e7a, e cila u p\u00ebrfaq\u00ebsua nga shkolla: \u201cTefta Tashko Kor\u00e7\u00eb\u201d pallati i kultur\u00ebs \u201cMihal Grameno\u201d&nbsp; dhe nga disa t\u00eb rinj pjes\u00ebmarr\u00ebs n\u00eb korin e Katedrales \u201cNgjallja e Krishtit\u201d.<\/span><\/span><\/span><\/p>\n<p style=\"text-align: justify;\"> <span style=\"font-family: tahoma,geneva,sans-serif;\"><span style=\"font-size: 12px;\"><span style=\"color: #000000;\">&nbsp;&nbsp;&nbsp; Me gaz dhe hare t\u00eb rinjt\u00eb e mitropolis\u00eb s\u00eb Kor\u00e7\u00ebs, i k\u00ebnduan lindjes s\u00eb Shp\u00ebtimtarit ton\u00eb Jisu Krisht. N\u00eb mbylljen e k\u00ebtij festivali kaq t\u00eb mrekulluesh\u00ebm, pat\u00ebm k\u00ebnaq\u00ebsi t\u00eb kishim t\u00eb pranish\u00ebm Mitropolitin e Kor\u00e7\u00ebs, Imzot Joanin i cili dha&nbsp; dhe&nbsp; mesazhin e Krishtlindjeve: \u201c <em>G\u00ebzohuni, se Zoti morri trup dhe banoi nd\u00ebr ne plot hir dhe t\u00eb v\u00ebrtet\u00eb\u2026. Shpirtrat tan\u00eb duhet t\u00eb mbushen me g\u00ebzim, sepse ai shpirt q\u00eb humbet g\u00ebzimin do t\u00eb jet\u00eb nj\u00eb shpirt i vdekur<\/em>\u201d.<\/span><\/span><\/span><\/p>\n<p style=\"text-align: center;\"> <span style=\"color: #b22222;\"><span style=\"font-family: tahoma,geneva,sans-serif;\"><span style=\"font-size: 12px;\"><strong>*&nbsp;&nbsp;&nbsp;&nbsp; *&nbsp;&nbsp;&nbsp;&nbsp; *<\/strong><\/span><\/span><\/span><\/p>\n<p style=\"text-align: justify;\"> <span style=\"font-family: tahoma,geneva,sans-serif;\"><span style=\"font-size: 12px;\"><span style=\"color: #000000;\">&nbsp;&nbsp;&nbsp; Festimet e t\u00eb rinjve orthodhoks\u00eb t\u00eb k\u00ebtij qyteti nuk mbaruan k\u00ebtu. N\u00eb mbasditen e dat\u00ebs 23 disa t\u00eb rinj u mblodh\u00ebn p\u00ebr t\u00eb festuar dit\u00ebn e Kolendrave. Reth or\u00ebs 16:30 pasi filloi t\u00eb binte muzgu i mbr\u00ebmjes u drejtuam drejt Mitropolis\u00eb me grazhdin n\u00eb dor\u00eb dhe duke k\u00ebnduar. Pat\u00ebm k\u00ebnaq\u00ebsin\u00eb t\u00eb uronim Imzot Joanin, i cili na dhe bekimin dhe na uroi t\u00eb gjith\u00ebve. U larguam nga Mitropolia, p\u00ebr t\u00eb vazhduar rrug\u00ebtimin ton\u00eb tek t\u00eb gjitha sht\u00ebpit\u00eb e klerik\u00ebve t\u00eb qytetit ton\u00eb. Gjat\u00eb rrug\u00ebs u shk\u00ebmbyem me disa grupe t\u00eb tjera f\u00ebmij\u00ebsh dhe t\u00eb rinjsh t\u00eb cil\u00ebt me g\u00ebzim i k\u00ebndonin k\u00ebsaj dite t\u00eb madhe. Kjo ishte nje mbasdite mjaft e bukur n\u00eb qytetin e Kor\u00e7\u00ebs. Z\u00ebrat e g\u00ebzuara t\u00eb f\u00ebmij\u00ebve d\u00ebgjoheshin kudo n\u00ebp\u00ebr qytet.<\/span><\/span><\/span><\/p>\n<p style=\"text-align: justify;\"><span style=\"font-family: tahoma,geneva,sans-serif;\"><span style=\"font-size: 12px;\"><span style=\"color: #000000;\">&nbsp;&nbsp;&nbsp; Por festa nuk ka ardhur plot\u00ebsisht. N\u00eb dat\u00ebn&nbsp; 25 dhjetor q\u00eb n\u00eb or\u00ebt e para t\u00eb dit\u00ebs d\u00ebgjoheshin fishekzjarr\u00ebt dhe zhurma e njer\u00ebzve n\u00ebp\u00ebr rrug\u00eb, t\u00eb cil\u00ebt t\u00eb drejtuar p\u00ebr n\u00eb kish\u00eb p\u00ebr Liturgjin\u00eb Hyjnore, uronin nj\u00ebri \u2013 tjetrin.<\/span><\/span><\/span><\/p>\n<p style=\"text-align: justify;\"> <span style=\"font-family: tahoma,geneva,sans-serif;\"><span style=\"font-size: 12px;\"><span style=\"color: #000000;\">&nbsp;&nbsp;&nbsp;&nbsp; Liturgjia Hyjnore e k\u00ebsaj dite ishte e ve\u00e7ant\u00eb. Troparet q\u00eb i k\u00ebndonin Lindjes s\u00eb Shp\u00ebtimtarit dhe Virgj\u00ebresh\u00ebs Mari ishin t\u00eb ve\u00e7anta. Kishat at\u00eb dit\u00eb ishin plot e p\u00ebrplot me besimtar\u00eb&nbsp; t\u00eb cil\u00ebt uronin nj\u00ebri tjetrin p\u00ebr k\u00ebt\u00eb g\u00ebzim t\u00eb madh t\u00eb lindjes s\u00eb&nbsp; Zotit ton\u00eb Jisu Krisht. N\u00eb Katedralen \u201cNgjallja e Krishtit\u201d s\u00eb bashku me ne meshoi dhe Mitropoliti i Kor\u00e7\u00ebs Imzot Joani, i cili sipas tradit\u00ebs n\u00eb fund t\u00eb Liturgjis\u00eb dha dhe mesazhin e Krishtlindjeve:<\/span><\/span><\/span><\/p>\n<p style=\"text-align: justify;\"> <span style=\"font-family: tahoma,geneva,sans-serif;\"><span style=\"font-size: 12px;\"><span style=\"color: #000000;\">&nbsp;&nbsp;&nbsp;&nbsp; Mbas liturgjis\u00eb Hyjnore&nbsp; n\u00eb ambientin e Mitropolis\u00eb s\u00eb Shenjt\u00eb t\u00eb Kor\u00e7\u00ebs, Imzot Joani mikpriti t\u00eb gjith\u00eb besimtar\u00ebt, t\u00eb cil\u00ebt uruan kryebariun p\u00ebr k\u00ebt\u00eb fest\u00eb t\u00eb madhe. Pjes\u00ebmarr\u00ebs n\u00eb k\u00ebt\u00eb pritje ishin edhe t\u00eb gjith\u00eb klerik\u00ebt e qytetit ton\u00eb. Na nderuan me pjes\u00ebmarrjen e tyre prefekti, deputet\u00eb t\u00eb k\u00ebtij qyteti, bashkiaku i Kor\u00e7\u00ebs, si edhe personalitete t\u00eb njohura t\u00eb k\u00ebtij qyteti. Pat\u00ebn k\u00ebnaq\u00ebsin\u00eb t\u00eb merrnin pjes\u00eb n\u00eb g\u00ebzimin ton\u00eb, p\u00ebrfaq\u00ebsues t\u00eb komuniteteve t\u00eb tjera fetare n\u00eb qytetin e Kor\u00e7\u00ebs. Grupe t\u00eb rinjsh, t\u00eb moshuar, besimtar\u00eb dhe dashamir\u00ebs t\u00eb k\u00ebtij qyteti erdh\u00ebn dhe shk\u00ebmbyen urimet dhe mesazhet&nbsp; e tyre me rastin e k\u00ebsaj feste. P\u00ebr rreth tre or\u00eb Mitropolia e Shenjt\u00eb pati k\u00ebnaq\u00ebsin\u00eb t\u00eb mikpriste urimet e dashamir\u00ebsve p\u00ebr k\u00ebt\u00eb g\u00ebzim t\u00eb madh.<\/span><\/span><\/span><\/p>\n<p>&nbsp;<\/p>\n<p style=\"text-align: center;\"><span style=\"color: #b22222;\"><span style=\"font-family: tahoma,geneva,sans-serif;\"><span style=\"font-size: 12px;\"><strong>*&nbsp;&nbsp;&nbsp;&nbsp; *&nbsp;&nbsp;&nbsp;&nbsp; *<\/strong><\/span><\/span><\/span><\/p>\n<p style=\"text-align: justify;\"> <span style=\"font-family: tahoma,geneva,sans-serif;\"><span style=\"font-size: 12px;\"><span style=\"color: #000000;\">&nbsp;&nbsp;&nbsp; Krishtlindje p\u00ebr t\u00eb gjith\u00eb t\u00eb krishter\u00ebt do t\u00eb thot\u00eb q\u00eb Per\u00ebndia u kujdes aq shum\u00eb p\u00ebr t\u00eb dh\u00ebn\u00eb m\u00eb t\u00eb min\u00ebn: \u201cSepse Per\u00ebndia aq shum\u00eb e deshi bot\u00ebn sa dha Birin e tij t\u00eb Vet\u00ebmlindur, q\u00eb t\u00eb mos humbas\u00eb kushdo q\u00eb t\u2019i besoj\u00eb Atij, por t\u00eb ket\u00eb jet\u00eb t\u00eb p\u00ebrjetshme\u201d (Jn 3.16). Ai erdhi jo thjesht t\u00eb vizitoj\u00eb, por t\u00eb q\u00ebndroj\u00eb: \u201cJa, Un\u00eb jam me ju, gjithmon\u00eb, deri n\u00eb fund t\u00eb bot\u00ebs\u201d. Me ne n\u00eb g\u00ebzimet tona, me ne n\u00eb hidh\u00ebrimet tona, me ne n\u00eb jet\u00eb, me ne n\u00eb vdekje. Ai erdhi n\u00eb Bethlehem. Ai vjen tani, dhe Ai do t\u00eb vij\u00eb n\u00eb fund t\u00eb koh\u00ebrave p\u00ebr t\u00eb gjykuar t\u00eb gjall\u00ebt dhe t\u00eb vdekurit.<\/span><\/span><\/span><\/p>\n<p>&nbsp;<\/p>\n<p style=\"text-align: center;\"> <span style=\"font-family: tahoma,geneva,sans-serif;\"><span style=\"font-size: 12px;\"><span style=\"color: #000000;\"><em>Lindja \u00ebsht\u00eb vep\u00ebr Per\u00ebndie.<\/em><br \/> <em>Ajo \u00ebsht\u00eb shum\u00eb e lart\u00eb p\u00ebr syt\u00eb e kuptimit t\u00eb t\u00eb gjith\u00eb njer\u00ebzve.<\/em><br \/> <em>Krishti Lindi, ngaz\u00ebllohuni o popuj&nbsp;!<\/em><\/span><\/span><\/span><\/p>\n<p>&nbsp;<\/p>\n<p><span style=\"font-family: tahoma,geneva,sans-serif;\"><span style=\"font-size: 12px;\"><span style=\"color: #000000;\"><strong><em>Nga Kor\u00e7a<\/em><\/strong><br \/> <strong><em>Znj. Frosina Na\u00e7e<\/em><\/strong><\/span><\/span><\/span><\/p>\n<p class=\"style10\">&nbsp;<\/p>\n<\/div>\n","protected":false},"excerpt":{"rendered":"<p>&nbsp;&nbsp;&nbsp; Nj\u00eb atmosfer\u00eb e g\u00ebzueshme n\u00eb prag t\u00eb Krishtlindjes. Qyteti ishte kudo i zbukuruar me drita shum\u00ebngjyr\u00ebshe. Festa e k\u00ebsaj ngjarje t\u00eb r\u00ebnd\u00ebsishme t\u00eb Lindjes s\u00eb Shp\u00ebtimtarit ton\u00eb Jisu krisht, n\u00eb qytetin e Kor\u00e7\u00ebs nisi t\u00eb festohej dhe t\u00eb pritej me padurim. &nbsp;&nbsp;&nbsp; T\u00eb rinjt\u00eb e k\u00ebtij qyteti me 18 dhjetor 2010, n\u00eb ambientet e Katedrales s\u00eb qytetit me bekimin e Mitropolitit t\u00eb tij Imzot<\/p>\n","protected":false},"author":1,"featured_media":0,"comment_status":"open","ping_status":"open","sticky":false,"template":"","format":"standard","meta":{"_acf_changed":false,"pagelayer_contact_templates":[],"_pagelayer_content":"","inline_featured_image":false,"fifu_image_url":"","fifu_image_alt":"","footnotes":""},"categories":[108],"tags":[144,192,212,181],"class_list":["post-858","post","type-post","status-publish","format-standard","hentry","category-lajme","tag-144","tag-krishtlindje","tag-lajme-d27","tag-korce"],"acf":[],"yoast_head":"<!-- This site is optimized with the Yoast SEO plugin v27.2 - https:\/\/yoast.com\/product\/yoast-seo-wordpress\/ -->\n<title>Krishtlindje n\u00eb Kor\u00e7\u00eb. (Dhjetor 2010) - Kisha Orthodh\u03bfkse Autoqefale e Shqip\u00ebris\u00eb<\/title>\n<meta name=\"robots\" content=\"index, follow, max-snippet:-1, max-image-preview:large, max-video-preview:-1\" \/>\n<link rel=\"canonical\" href=\"https:\/\/orthodoxalbania.org\/2020\/2013\/03\/21\/krishtlindje-ne-korce\/\" \/>\n<meta property=\"og:locale\" content=\"en_US\" \/>\n<meta property=\"og:type\" content=\"article\" \/>\n<meta property=\"og:title\" content=\"Krishtlindje n\u00eb Kor\u00e7\u00eb. (Dhjetor 2010) - Kisha Orthodh\u03bfkse Autoqefale e Shqip\u00ebris\u00eb\" \/>\n<meta property=\"og:description\" content=\"&nbsp;&nbsp;&nbsp; Nj\u00eb atmosfer\u00eb e g\u00ebzueshme n\u00eb prag t\u00eb Krishtlindjes. Qyteti ishte kudo i zbukuruar me drita shum\u00ebngjyr\u00ebshe. Festa e k\u00ebsaj ngjarje t\u00eb r\u00ebnd\u00ebsishme t\u00eb Lindjes s\u00eb Shp\u00ebtimtarit ton\u00eb Jisu krisht, n\u00eb qytetin e Kor\u00e7\u00ebs nisi t\u00eb festohej dhe t\u00eb pritej me padurim. &nbsp;&nbsp;&nbsp; T\u00eb rinjt\u00eb e k\u00ebtij qyteti me 18 dhjetor 2010, n\u00eb ambientet e Katedrales s\u00eb qytetit me bekimin e Mitropolitit t\u00eb tij Imzot\" \/>\n<meta property=\"og:url\" content=\"https:\/\/orthodoxalbania.org\/2020\/2013\/03\/21\/krishtlindje-ne-korce\/\" \/>\n<meta property=\"og:site_name\" content=\"Kisha Orthodh\u03bfkse Autoqefale e Shqip\u00ebris\u00eb\" \/>\n<meta property=\"article:publisher\" content=\"https:\/\/www.facebook.com\/koash1991\" \/>\n<meta property=\"article:published_time\" content=\"2013-03-21T09:00:14+00:00\" \/>\n<meta property=\"article:modified_time\" content=\"2020-04-06T20:32:13+00:00\" \/>\n<meta property=\"og:image\" content=\"https:\/\/orthodoxalbania.org\/2020\/wp-content\/uploads\/2021\/02\/LogoLastALb-200.png\" \/>\n\t<meta property=\"og:image:width\" content=\"200\" \/>\n\t<meta property=\"og:image:height\" content=\"172\" \/>\n\t<meta property=\"og:image:type\" content=\"image\/png\" \/>\n<meta name=\"author\" content=\"Kisha Orthodhokse\" \/>\n<meta name=\"twitter:card\" content=\"summary_large_image\" \/>\n<meta name=\"twitter:label1\" content=\"Written by\" \/>\n\t<meta name=\"twitter:data1\" content=\"Kisha Orthodhokse\" \/>\n\t<meta name=\"twitter:label2\" content=\"Est. reading time\" \/>\n\t<meta name=\"twitter:data2\" content=\"4 minutes\" \/>\n<script type=\"application\/ld+json\" class=\"yoast-schema-graph\">{\"@context\":\"https:\/\/schema.org\",\"@graph\":[{\"@type\":\"Article\",\"@id\":\"https:\/\/orthodoxalbania.org\/2020\/2013\/03\/21\/krishtlindje-ne-korce\/#article\",\"isPartOf\":{\"@id\":\"https:\/\/orthodoxalbania.org\/2020\/2013\/03\/21\/krishtlindje-ne-korce\/\"},\"author\":{\"name\":\"Kisha Orthodhokse\",\"@id\":\"https:\/\/orthodoxalbania.org\/2020\/#\/schema\/person\/0c387634a7063ac612d7ed9ce71c7e86\"},\"headline\":\"Krishtlindje n\u00eb Kor\u00e7\u00eb. (Dhjetor 2010)\",\"datePublished\":\"2013-03-21T09:00:14+00:00\",\"dateModified\":\"2020-04-06T20:32:13+00:00\",\"mainEntityOfPage\":{\"@id\":\"https:\/\/orthodoxalbania.org\/2020\/2013\/03\/21\/krishtlindje-ne-korce\/\"},\"wordCount\":895,\"commentCount\":0,\"publisher\":{\"@id\":\"https:\/\/orthodoxalbania.org\/2020\/#organization\"},\"keywords\":[\"2010\",\"Krishtlindje\",\"lajme\",\"Mitropolia Kor\u00e7\u00eb\"],\"articleSection\":[\"Lajme\"],\"inLanguage\":\"en-US\"},{\"@type\":\"WebPage\",\"@id\":\"https:\/\/orthodoxalbania.org\/2020\/2013\/03\/21\/krishtlindje-ne-korce\/\",\"url\":\"https:\/\/orthodoxalbania.org\/2020\/2013\/03\/21\/krishtlindje-ne-korce\/\",\"name\":\"Krishtlindje n\u00eb Kor\u00e7\u00eb. (Dhjetor 2010) - Kisha Orthodh\u03bfkse Autoqefale e Shqip\u00ebris\u00eb\",\"isPartOf\":{\"@id\":\"https:\/\/orthodoxalbania.org\/2020\/#website\"},\"datePublished\":\"2013-03-21T09:00:14+00:00\",\"dateModified\":\"2020-04-06T20:32:13+00:00\",\"breadcrumb\":{\"@id\":\"https:\/\/orthodoxalbania.org\/2020\/2013\/03\/21\/krishtlindje-ne-korce\/#breadcrumb\"},\"inLanguage\":\"en-US\",\"potentialAction\":[{\"@type\":\"ReadAction\",\"target\":[\"https:\/\/orthodoxalbania.org\/2020\/2013\/03\/21\/krishtlindje-ne-korce\/\"]}]},{\"@type\":\"BreadcrumbList\",\"@id\":\"https:\/\/orthodoxalbania.org\/2020\/2013\/03\/21\/krishtlindje-ne-korce\/#breadcrumb\",\"itemListElement\":[{\"@type\":\"ListItem\",\"position\":1,\"name\":\"Home\",\"item\":\"https:\/\/orthodoxalbania.org\/2020\/\"},{\"@type\":\"ListItem\",\"position\":2,\"name\":\"Krishtlindje n\u00eb Kor\u00e7\u00eb. (Dhjetor 2010)\"}]},{\"@type\":\"WebSite\",\"@id\":\"https:\/\/orthodoxalbania.org\/2020\/#website\",\"url\":\"https:\/\/orthodoxalbania.org\/2020\/\",\"name\":\"Kisha Orthodh\u03bfkse Autoqefale e Shqip\u00ebris\u00eb\",\"description\":\"Fqja Zyrtare e Kish\u00ebs Orthodhokse Autoqefale e Shqip\u00ebris\u00eb me lajmet edhe informacionet zyrtare p\u00ebr struktur\u00ebn edhe veprimtarin e saj.\",\"publisher\":{\"@id\":\"https:\/\/orthodoxalbania.org\/2020\/#organization\"},\"potentialAction\":[{\"@type\":\"SearchAction\",\"target\":{\"@type\":\"EntryPoint\",\"urlTemplate\":\"https:\/\/orthodoxalbania.org\/2020\/?s={search_term_string}\"},\"query-input\":{\"@type\":\"PropertyValueSpecification\",\"valueRequired\":true,\"valueName\":\"search_term_string\"}}],\"inLanguage\":\"en-US\"},{\"@type\":\"Organization\",\"@id\":\"https:\/\/orthodoxalbania.org\/2020\/#organization\",\"name\":\"Kisha Orthodhokse Autoqefale e Shqip\u00ebris\u00eb\",\"url\":\"https:\/\/orthodoxalbania.org\/2020\/\",\"logo\":{\"@type\":\"ImageObject\",\"inLanguage\":\"en-US\",\"@id\":\"https:\/\/orthodoxalbania.org\/2020\/#\/schema\/logo\/image\/\",\"url\":\"https:\/\/orthodoxalbania.org\/2020\/wp-content\/uploads\/2020\/05\/albania.jpeg\",\"contentUrl\":\"https:\/\/orthodoxalbania.org\/2020\/wp-content\/uploads\/2020\/05\/albania.jpeg\",\"width\":540,\"height\":540,\"caption\":\"Kisha Orthodhokse Autoqefale e Shqip\u00ebris\u00eb\"},\"image\":{\"@id\":\"https:\/\/orthodoxalbania.org\/2020\/#\/schema\/logo\/image\/\"},\"sameAs\":[\"https:\/\/www.facebook.com\/koash1991\"]},{\"@type\":\"Person\",\"@id\":\"https:\/\/orthodoxalbania.org\/2020\/#\/schema\/person\/0c387634a7063ac612d7ed9ce71c7e86\",\"name\":\"Kisha Orthodhokse\",\"image\":{\"@type\":\"ImageObject\",\"inLanguage\":\"en-US\",\"@id\":\"https:\/\/secure.gravatar.com\/avatar\/596e7c417251e30f2fbb9c00e026fce61a695a00e51c889caded71c96cbbdde5?s=96&d=mm&r=g\",\"url\":\"https:\/\/secure.gravatar.com\/avatar\/596e7c417251e30f2fbb9c00e026fce61a695a00e51c889caded71c96cbbdde5?s=96&d=mm&r=g\",\"contentUrl\":\"https:\/\/secure.gravatar.com\/avatar\/596e7c417251e30f2fbb9c00e026fce61a695a00e51c889caded71c96cbbdde5?s=96&d=mm&r=g\",\"caption\":\"Kisha Orthodhokse\"}}]}<\/script>\n<!-- \/ Yoast SEO plugin. -->","yoast_head_json":{"title":"Krishtlindje n\u00eb Kor\u00e7\u00eb. (Dhjetor 2010) - Kisha Orthodh\u03bfkse Autoqefale e Shqip\u00ebris\u00eb","robots":{"index":"index","follow":"follow","max-snippet":"max-snippet:-1","max-image-preview":"max-image-preview:large","max-video-preview":"max-video-preview:-1"},"canonical":"https:\/\/orthodoxalbania.org\/2020\/2013\/03\/21\/krishtlindje-ne-korce\/","og_locale":"en_US","og_type":"article","og_title":"Krishtlindje n\u00eb Kor\u00e7\u00eb. (Dhjetor 2010) - Kisha Orthodh\u03bfkse Autoqefale e Shqip\u00ebris\u00eb","og_description":"&nbsp;&nbsp;&nbsp; Nj\u00eb atmosfer\u00eb e g\u00ebzueshme n\u00eb prag t\u00eb Krishtlindjes. Qyteti ishte kudo i zbukuruar me drita shum\u00ebngjyr\u00ebshe. Festa e k\u00ebsaj ngjarje t\u00eb r\u00ebnd\u00ebsishme t\u00eb Lindjes s\u00eb Shp\u00ebtimtarit ton\u00eb Jisu krisht, n\u00eb qytetin e Kor\u00e7\u00ebs nisi t\u00eb festohej dhe t\u00eb pritej me padurim. &nbsp;&nbsp;&nbsp; T\u00eb rinjt\u00eb e k\u00ebtij qyteti me 18 dhjetor 2010, n\u00eb ambientet e Katedrales s\u00eb qytetit me bekimin e Mitropolitit t\u00eb tij Imzot","og_url":"https:\/\/orthodoxalbania.org\/2020\/2013\/03\/21\/krishtlindje-ne-korce\/","og_site_name":"Kisha Orthodh\u03bfkse Autoqefale e Shqip\u00ebris\u00eb","article_publisher":"https:\/\/www.facebook.com\/koash1991","article_published_time":"2013-03-21T09:00:14+00:00","article_modified_time":"2020-04-06T20:32:13+00:00","og_image":[{"width":200,"height":172,"url":"https:\/\/orthodoxalbania.org\/2020\/wp-content\/uploads\/2021\/02\/LogoLastALb-200.png","type":"image\/png"}],"author":"Kisha Orthodhokse","twitter_card":"summary_large_image","twitter_misc":{"Written by":"Kisha Orthodhokse","Est. reading time":"4 minutes"},"schema":{"@context":"https:\/\/schema.org","@graph":[{"@type":"Article","@id":"https:\/\/orthodoxalbania.org\/2020\/2013\/03\/21\/krishtlindje-ne-korce\/#article","isPartOf":{"@id":"https:\/\/orthodoxalbania.org\/2020\/2013\/03\/21\/krishtlindje-ne-korce\/"},"author":{"name":"Kisha Orthodhokse","@id":"https:\/\/orthodoxalbania.org\/2020\/#\/schema\/person\/0c387634a7063ac612d7ed9ce71c7e86"},"headline":"Krishtlindje n\u00eb Kor\u00e7\u00eb. (Dhjetor 2010)","datePublished":"2013-03-21T09:00:14+00:00","dateModified":"2020-04-06T20:32:13+00:00","mainEntityOfPage":{"@id":"https:\/\/orthodoxalbania.org\/2020\/2013\/03\/21\/krishtlindje-ne-korce\/"},"wordCount":895,"commentCount":0,"publisher":{"@id":"https:\/\/orthodoxalbania.org\/2020\/#organization"},"keywords":["2010","Krishtlindje","lajme","Mitropolia Kor\u00e7\u00eb"],"articleSection":["Lajme"],"inLanguage":"en-US"},{"@type":"WebPage","@id":"https:\/\/orthodoxalbania.org\/2020\/2013\/03\/21\/krishtlindje-ne-korce\/","url":"https:\/\/orthodoxalbania.org\/2020\/2013\/03\/21\/krishtlindje-ne-korce\/","name":"Krishtlindje n\u00eb Kor\u00e7\u00eb. (Dhjetor 2010) - Kisha Orthodh\u03bfkse Autoqefale e Shqip\u00ebris\u00eb","isPartOf":{"@id":"https:\/\/orthodoxalbania.org\/2020\/#website"},"datePublished":"2013-03-21T09:00:14+00:00","dateModified":"2020-04-06T20:32:13+00:00","breadcrumb":{"@id":"https:\/\/orthodoxalbania.org\/2020\/2013\/03\/21\/krishtlindje-ne-korce\/#breadcrumb"},"inLanguage":"en-US","potentialAction":[{"@type":"ReadAction","target":["https:\/\/orthodoxalbania.org\/2020\/2013\/03\/21\/krishtlindje-ne-korce\/"]}]},{"@type":"BreadcrumbList","@id":"https:\/\/orthodoxalbania.org\/2020\/2013\/03\/21\/krishtlindje-ne-korce\/#breadcrumb","itemListElement":[{"@type":"ListItem","position":1,"name":"Home","item":"https:\/\/orthodoxalbania.org\/2020\/"},{"@type":"ListItem","position":2,"name":"Krishtlindje n\u00eb Kor\u00e7\u00eb. (Dhjetor 2010)"}]},{"@type":"WebSite","@id":"https:\/\/orthodoxalbania.org\/2020\/#website","url":"https:\/\/orthodoxalbania.org\/2020\/","name":"Kisha Orthodh\u03bfkse Autoqefale e Shqip\u00ebris\u00eb","description":"Fqja Zyrtare e Kish\u00ebs Orthodhokse Autoqefale e Shqip\u00ebris\u00eb me lajmet edhe informacionet zyrtare p\u00ebr struktur\u00ebn edhe veprimtarin e saj.","publisher":{"@id":"https:\/\/orthodoxalbania.org\/2020\/#organization"},"potentialAction":[{"@type":"SearchAction","target":{"@type":"EntryPoint","urlTemplate":"https:\/\/orthodoxalbania.org\/2020\/?s={search_term_string}"},"query-input":{"@type":"PropertyValueSpecification","valueRequired":true,"valueName":"search_term_string"}}],"inLanguage":"en-US"},{"@type":"Organization","@id":"https:\/\/orthodoxalbania.org\/2020\/#organization","name":"Kisha Orthodhokse Autoqefale e Shqip\u00ebris\u00eb","url":"https:\/\/orthodoxalbania.org\/2020\/","logo":{"@type":"ImageObject","inLanguage":"en-US","@id":"https:\/\/orthodoxalbania.org\/2020\/#\/schema\/logo\/image\/","url":"https:\/\/orthodoxalbania.org\/2020\/wp-content\/uploads\/2020\/05\/albania.jpeg","contentUrl":"https:\/\/orthodoxalbania.org\/2020\/wp-content\/uploads\/2020\/05\/albania.jpeg","width":540,"height":540,"caption":"Kisha Orthodhokse Autoqefale e Shqip\u00ebris\u00eb"},"image":{"@id":"https:\/\/orthodoxalbania.org\/2020\/#\/schema\/logo\/image\/"},"sameAs":["https:\/\/www.facebook.com\/koash1991"]},{"@type":"Person","@id":"https:\/\/orthodoxalbania.org\/2020\/#\/schema\/person\/0c387634a7063ac612d7ed9ce71c7e86","name":"Kisha Orthodhokse","image":{"@type":"ImageObject","inLanguage":"en-US","@id":"https:\/\/secure.gravatar.com\/avatar\/596e7c417251e30f2fbb9c00e026fce61a695a00e51c889caded71c96cbbdde5?s=96&d=mm&r=g","url":"https:\/\/secure.gravatar.com\/avatar\/596e7c417251e30f2fbb9c00e026fce61a695a00e51c889caded71c96cbbdde5?s=96&d=mm&r=g","contentUrl":"https:\/\/secure.gravatar.com\/avatar\/596e7c417251e30f2fbb9c00e026fce61a695a00e51c889caded71c96cbbdde5?s=96&d=mm&r=g","caption":"Kisha Orthodhokse"}}]}},"_links":{"self":[{"href":"https:\/\/orthodoxalbania.org\/2020\/wp-json\/wp\/v2\/posts\/858","targetHints":{"allow":["GET"]}}],"collection":[{"href":"https:\/\/orthodoxalbania.org\/2020\/wp-json\/wp\/v2\/posts"}],"about":[{"href":"https:\/\/orthodoxalbania.org\/2020\/wp-json\/wp\/v2\/types\/post"}],"author":[{"embeddable":true,"href":"https:\/\/orthodoxalbania.org\/2020\/wp-json\/wp\/v2\/users\/1"}],"replies":[{"embeddable":true,"href":"https:\/\/orthodoxalbania.org\/2020\/wp-json\/wp\/v2\/comments?post=858"}],"version-history":[{"count":1,"href":"https:\/\/orthodoxalbania.org\/2020\/wp-json\/wp\/v2\/posts\/858\/revisions"}],"predecessor-version":[{"id":15431,"href":"https:\/\/orthodoxalbania.org\/2020\/wp-json\/wp\/v2\/posts\/858\/revisions\/15431"}],"wp:attachment":[{"href":"https:\/\/orthodoxalbania.org\/2020\/wp-json\/wp\/v2\/media?parent=858"}],"wp:term":[{"taxonomy":"category","embeddable":true,"href":"https:\/\/orthodoxalbania.org\/2020\/wp-json\/wp\/v2\/categories?post=858"},{"taxonomy":"post_tag","embeddable":true,"href":"https:\/\/orthodoxalbania.org\/2020\/wp-json\/wp\/v2\/tags?post=858"}],"curies":[{"name":"wp","href":"https:\/\/api.w.org\/{rel}","templated":true}]}}