{"id":857,"date":"2013-12-27T13:36:36","date_gmt":"2013-12-27T13:36:36","guid":{"rendered":""},"modified":"2020-04-06T22:05:24","modified_gmt":"2020-04-06T20:05:24","slug":"123","status":"publish","type":"post","link":"https:\/\/orthodoxalbania.org\/2020\/2013\/12\/27\/123\/","title":{"rendered":"Krishtlindje n\u00eb Gjirokast\u00ebr. (Dhjetor 2013)"},"content":{"rendered":"<div style=\"text-align: justify;\">\n\t<span style=\"font-family: tahoma,geneva,sans-serif;\"><span style=\"font-size: 12px;\"><img decoding=\"async\" class=\"lazyload HAa Eha\" src=\"data:image\/gif;base64,R0lGODlhAQABAAAAACH5BAEKAAEALAAAAAABAAEAAAICTAEAOw==\" data-orig-src=\"https:\/\/lh4.googleusercontent.com\/-E9gP_5GwTn0\/U_MvWOTr31I\/AAAAAAAAA1Q\/yNnmYnWRQB4\/w448-h321-no\/berat.jpg\" style=\"height: 215px; width: 300px; border-width: 1px; border-style: solid; margin: 10px; float: left;\" \/>&nbsp;&nbsp;&nbsp; <span style=\"color:#000000;\">Himnet e Krishtlindjeve u d\u00ebgjuan edhe n\u00eb t\u00eb gjith\u00eb periferin\u00eb Episkopale t\u00eb Mitropolis\u00eb s\u00eb Shenjt\u00eb t\u00eb Gjirokastr\u00ebs. Atmosfera ishte e gjall\u00eb p\u00ebr dit\u00eb me radh\u00eb dhe p\u00ebrtej zymt\u00ebsis\u00eb q\u00eb shoq\u00ebria kalon, edhe p\u00ebr shkak t\u00eb kushteve ekonomike, erdh\u00ebn Krishtlindjet, q\u00eb t\u00eb na kujtojn\u00eb t\u00eb gjith\u00ebve se ka shpres\u00eb.<\/span><\/span><\/span><\/div>\n<div style=\"text-align: justify;\">\n\t<br \/>\n\t<span style=\"font-family: tahoma,geneva,sans-serif;\"><span style=\"font-size: 12px;\"><span style=\"color:#000000;\">&nbsp;&nbsp;&nbsp; Krishtlindjet jan\u00eb kryesisht fest\u00eb e f\u00ebmij\u00ebve. Jan\u00eb disa shkolla t\u00eb themeluara nga Kryepiskopi Anastas q\u00eb funksionojn\u00eb n\u00eb Mitropoli, nx\u00ebn\u00ebsit e t\u00eb cilave, me shfaqjet q\u00eb dhan\u00eb, b\u00ebn\u00eb q\u00eb t\u00eb ndihet atmosfera festive jo vet\u00ebm n\u00eb mjediset kishtare. K\u00ebshtu, Shkolla 9-vje\u00e7are Shqiptaro\u2013Greke \u201cFrym\u00eb Dashurie\u201d organizoi fest\u00ebn e saj t\u00eb Krishtlindjeve n\u00eb Teatrin \u201cZihni Sako\u201d t\u00eb qytetit t\u00eb Gjirokastr\u00ebs, nd\u00ebrsa ajo e Mesme Profesionale \u201cApostull Pavli\u201d n\u00eb Kinoteatrin e qytetit t\u00eb Sarand\u00ebs. &nbsp;<\/span><\/span><\/span><\/div>\n<div style=\"text-align: justify;\">\n\t<br \/>\n\t<span style=\"font-family: tahoma,geneva,sans-serif;\"><span style=\"font-size: 12px;\"><span style=\"color:#000000;\">&nbsp;&nbsp;&nbsp; Festa t\u00eb bukura organizuan edhe f\u00ebmij\u00ebt e t\u00eb gjitha kopshteve t\u00eb Mitropolis\u00eb, ku vog\u00eblush\u00ebt pat\u00ebn rastin t\u00eb k\u00ebndojn\u00eb dhe recitojn\u00eb p\u00ebr Krishtin Per\u00ebndin\u00eb ton\u00eb, por edhe t\u2019u tregojn\u00eb prind\u00ebrve p\u00ebrparimin q\u00eb ata b\u00ebjn\u00eb. \u00cbsht\u00eb emocionuese p\u00ebrkushtimi q\u00eb ata tregojn\u00eb n\u00eb krijimin e Grazhdit n\u00eb mjediset e&nbsp; tyre dhe krijimin e atmosfer\u00ebs festive, q\u00eb reflekton edhe n\u00eb sht\u00ebpit\u00eb dhe familjet e tyre. K\u00ebshtu e gjith\u00eb shoq\u00ebria ndri\u00e7ohet dhe d\u00ebgjon nga goj\u00ebt e dlirta t\u00eb tyre Kolendrat. Lajmin e madh t\u00eb ardhjes s\u00eb Zotit n\u00eb tok\u00eb&#8230;<\/span><\/span><\/span><\/div>\n<div style=\"text-align: justify;\">\n\t<br \/>\n\t<span style=\"font-family: tahoma,geneva,sans-serif;\"><span style=\"font-size: 12px;\"><span style=\"color:#000000;\">&nbsp;&nbsp;&nbsp; Seriozitet dhe entuziaz\u00ebm rinor pati edhe festa q\u00eb kishin organizuar n\u00eb sall\u00ebn e aktiviteteve t\u00eb shkoll\u00ebs s\u00eb tyre, nx\u00ebn\u00ebsit e Liceut Kishtar Kryqi i Nderuar. Pas Liturgjis\u00eb Hyjnore paraqit\u00ebn program artistik n\u00eb pranin\u00eb e Mitropolitit t\u00eb Gjirokastr\u00ebs, Hir\u00ebsis\u00eb s\u00eb Tij z. Dhimit\u00ebr, t\u00eb pedagog\u00ebve dhe prind\u00ebrve t\u00eb tyre. Mitropoliti Dhimit\u00ebr, duke i p\u00ebrg\u00ebzuar p\u00ebr gjith\u00e7ka q\u00eb kishin p\u00ebrgatitur, zellin q\u00eb tregojn\u00eb n\u00eb ngritjen e tyre shpirt\u00ebrore dhe p\u00ebrparimin n\u00eb m\u00ebsime, i nxiti ata q\u00eb pik\u00ebrisht k\u00ebt\u00eb entuziaz\u00ebm q\u00eb rrezatojn\u00eb Krishtlindjet ta mbajn\u00eb gjall\u00eb p\u00ebrdit\u00eb dhe n\u00eb ambientin e tyre shoq\u00ebror. Duke u kujtuar gjith\u00e7ka q\u00eb Kisha jon\u00eb dhe Kryepiskopi Anastas b\u00ebjn\u00eb p\u00ebr ata, i porositi q\u00eb pik\u00ebrisht mesazhin m\u00eb t\u00eb thell\u00eb t\u00eb mish\u00ebrimit t\u00eb Zotit dhe Per\u00ebndis\u00eb son\u00eb dhe lindjes s\u00eb tij si njeri ta p\u00ebrjetojn\u00eb me akte dashurie, pajtimi dhe p\u00ebrul\u00ebsie.<\/span><\/span><\/span><\/div>\n<div style=\"text-align: justify;\">\n\t<br \/>\n\t<span style=\"font-family: tahoma,geneva,sans-serif;\"><span style=\"font-size: 12px;\"><span style=\"color:#000000;\">&nbsp;&nbsp;&nbsp; Liturgjia Hyjnore e Krishtlindjeve u krye nga Mitropoliti Dhimit\u00ebr n\u00eb Kish\u00ebn e vjet\u00ebr t\u00eb Metamorfoz\u00ebs s\u00eb Zotit, me pjes\u00ebmarrjen e besimtar\u00ebve t\u00eb qytetit t\u00eb Gjirokastr\u00ebs dhe n\u00eb ve\u00e7anti t\u00eb t\u00eb rinjve t\u00eb grupeve t\u00eb katekizmit Orthodhoks. Nd\u00ebrkaq q\u00eb Liturgji u kryen jo vet\u00ebm n\u00eb qendrat e m\u00ebdha t\u00eb qyteteve q\u00eb p\u00ebrfshihen n\u00eb Mitropoli: P\u00ebrmet, Sarand\u00eb, Delvin\u00eb, Himar\u00eb, Tepelen\u00eb etj., por edhe n\u00eb fshatra, aty ku ka mund\u00ebsi p\u00ebr prift. N\u00eb t\u00eb gjitha kishat ku u meshua dhe n\u00eb dit\u00ebt n\u00eb vijim u lexua Mesazhi i Krishtlindjeve i Fortlumturis\u00eb s\u00eb Tij, Kryepiskopit t\u00eb Tiran\u00ebs, Durr\u00ebsit dhe t\u00eb Gjith\u00eb Shqip\u00ebris\u00eb, Imzot Anastasit.<\/span><\/span><\/span><\/div>\n<div style=\"text-align: justify;\">\n\t<br \/>\n\t<span style=\"font-family: tahoma,geneva,sans-serif;\"><span style=\"font-size: 12px;\"><span style=\"color:#000000;\">&nbsp;&nbsp;&nbsp; Gjat\u00eb gjith\u00eb jav\u00ebve t\u00eb para Krishtlindjeve, me kujdesin e ve\u00e7ant\u00eb t\u00eb Mitropolitit ishin kryer Liturgji dhe sh\u00ebrbesa t\u00eb tjera t\u00eb Kish\u00ebs son\u00eb n\u00eb t\u00eb gjitha fshatrat t\u00eb m\u00ebdha apo t\u00eb vogla qofshin. &nbsp;<\/p>\n<p>\t&nbsp;&nbsp;&nbsp; <strong>Korresp. i \u201cNgjallja\u201d<\/strong><\/span><\/span><\/span><\/div>\n<p style=\"text-align: justify;\">\n\t<span style=\"font-family: tahoma,geneva,sans-serif;\"><span style=\"font-size: 12px;\"><strong><img decoding=\"async\" class=\"lazyload HAa Eha\" src=\"data:image\/gif;base64,R0lGODlhAQABAAAAACH5BAEKAAEALAAAAAABAAEAAAICTAEAOw==\" data-orig-src=\"https:\/\/lh6.googleusercontent.com\/-24pom8LcBg4\/Ur1_CadxS8I\/AAAAAAAAHJk\/YQTLa-rr_Wc\/w411-h548-no\/25122013011.jpg\" style=\"border-width: 1px; border-style: solid;\" \/><\/strong><\/span><\/span><\/p>\n<p style=\"text-align: justify;\">\n\t<span style=\"font-family: tahoma,geneva,sans-serif;\"><span style=\"font-size: 12px;\"><strong><img decoding=\"async\" class=\"lazyload HAa Eha\" src=\"data:image\/gif;base64,R0lGODlhAQABAAAAACH5BAEKAAEALAAAAAABAAEAAAICTAEAOw==\" data-orig-src=\"https:\/\/lh4.googleusercontent.com\/-5mGy5BCkurI\/Ur1_CZkZMaI\/AAAAAAAAHJo\/CHkcW6VUOLw\/w411-h548-no\/25122013012.jpg\" style=\"border-width: 1px; border-style: solid;\" \/><\/strong><\/span><\/span><\/p>\n<p style=\"text-align: justify;\">\n\t<img decoding=\"async\" class=\"lazyload HAa Eha\" src=\"data:image\/gif;base64,R0lGODlhAQABAAAAACH5BAEKAAEALAAAAAABAAEAAAICTAEAOw==\" data-orig-src=\"https:\/\/lh5.googleusercontent.com\/-8Cz3Xxh0ar0\/Ur1_E-QGxWI\/AAAAAAAAHJw\/NHqju-RhzZ0\/w411-h548-no\/25122013007.jpg\" style=\"border-width: 1px; border-style: solid;\" \/><\/p>\n","protected":false},"excerpt":{"rendered":"<p>&nbsp;&nbsp;&nbsp; Himnet e Krishtlindjeve u d\u00ebgjuan edhe n\u00eb t\u00eb gjith\u00eb periferin\u00eb Episkopale t\u00eb Mitropolis\u00eb s\u00eb Shenjt\u00eb t\u00eb Gjirokastr\u00ebs. Atmosfera ishte e gjall\u00eb p\u00ebr dit\u00eb me radh\u00eb dhe p\u00ebrtej zymt\u00ebsis\u00eb q\u00eb shoq\u00ebria kalon, edhe p\u00ebr shkak t\u00eb kushteve ekonomike, erdh\u00ebn Krishtlindjet, q\u00eb t\u00eb na kujtojn\u00eb t\u00eb gjith\u00ebve se ka shpres\u00eb. &nbsp;&nbsp;&nbsp; Krishtlindjet jan\u00eb kryesisht fest\u00eb e f\u00ebmij\u00ebve. Jan\u00eb disa shkolla t\u00eb themeluara nga Kryepiskopi Anastas q\u00eb<\/p>\n","protected":false},"author":1,"featured_media":0,"comment_status":"open","ping_status":"open","sticky":false,"template":"","format":"standard","meta":{"_acf_changed":false,"pagelayer_contact_templates":[],"_pagelayer_content":"","inline_featured_image":false,"fifu_image_url":"","fifu_image_alt":"","footnotes":""},"categories":[108],"tags":[141,192,212,198],"class_list":["post-857","post","type-post","status-publish","format-standard","hentry","category-lajme","tag-141","tag-krishtlindje","tag-lajme-d27","tag-gjirokaster"],"acf":[],"yoast_head":"<!-- This site is optimized with the Yoast SEO plugin v27.2 - https:\/\/yoast.com\/product\/yoast-seo-wordpress\/ -->\n<title>Krishtlindje n\u00eb Gjirokast\u00ebr. (Dhjetor 2013) - Kisha Orthodh\u03bfkse Autoqefale e Shqip\u00ebris\u00eb<\/title>\n<meta name=\"robots\" content=\"index, follow, max-snippet:-1, max-image-preview:large, max-video-preview:-1\" \/>\n<link rel=\"canonical\" href=\"https:\/\/orthodoxalbania.org\/2020\/2013\/12\/27\/123\/\" \/>\n<meta property=\"og:locale\" content=\"en_US\" \/>\n<meta property=\"og:type\" content=\"article\" \/>\n<meta property=\"og:title\" content=\"Krishtlindje n\u00eb Gjirokast\u00ebr. (Dhjetor 2013) - Kisha Orthodh\u03bfkse Autoqefale e Shqip\u00ebris\u00eb\" \/>\n<meta property=\"og:description\" content=\"&nbsp;&nbsp;&nbsp; Himnet e Krishtlindjeve u d\u00ebgjuan edhe n\u00eb t\u00eb gjith\u00eb periferin\u00eb Episkopale t\u00eb Mitropolis\u00eb s\u00eb Shenjt\u00eb t\u00eb Gjirokastr\u00ebs. Atmosfera ishte e gjall\u00eb p\u00ebr dit\u00eb me radh\u00eb dhe p\u00ebrtej zymt\u00ebsis\u00eb q\u00eb shoq\u00ebria kalon, edhe p\u00ebr shkak t\u00eb kushteve ekonomike, erdh\u00ebn Krishtlindjet, q\u00eb t\u00eb na kujtojn\u00eb t\u00eb gjith\u00ebve se ka shpres\u00eb. &nbsp;&nbsp;&nbsp; Krishtlindjet jan\u00eb kryesisht fest\u00eb e f\u00ebmij\u00ebve. Jan\u00eb disa shkolla t\u00eb themeluara nga Kryepiskopi Anastas q\u00eb\" \/>\n<meta property=\"og:url\" content=\"https:\/\/orthodoxalbania.org\/2020\/2013\/12\/27\/123\/\" \/>\n<meta property=\"og:site_name\" content=\"Kisha Orthodh\u03bfkse Autoqefale e Shqip\u00ebris\u00eb\" \/>\n<meta property=\"article:publisher\" content=\"https:\/\/www.facebook.com\/koash1991\" \/>\n<meta property=\"article:published_time\" content=\"2013-12-27T13:36:36+00:00\" \/>\n<meta property=\"article:modified_time\" content=\"2020-04-06T20:05:24+00:00\" \/>\n<meta property=\"og:image\" content=\"https:\/\/lh4.googleusercontent.com\/-E9gP_5GwTn0\/U_MvWOTr31I\/AAAAAAAAA1Q\/yNnmYnWRQB4\/w448-h321-no\/berat.jpg\" \/>\n<meta name=\"author\" content=\"Kisha Orthodhokse\" \/>\n<meta name=\"twitter:card\" content=\"summary_large_image\" \/>\n<meta name=\"twitter:label1\" content=\"Written by\" \/>\n\t<meta name=\"twitter:data1\" content=\"Kisha Orthodhokse\" \/>\n\t<meta name=\"twitter:label2\" content=\"Est. reading time\" \/>\n\t<meta name=\"twitter:data2\" content=\"3 minutes\" \/>\n<script type=\"application\/ld+json\" class=\"yoast-schema-graph\">{\"@context\":\"https:\/\/schema.org\",\"@graph\":[{\"@type\":\"Article\",\"@id\":\"https:\/\/orthodoxalbania.org\/2020\/2013\/12\/27\/123\/#article\",\"isPartOf\":{\"@id\":\"https:\/\/orthodoxalbania.org\/2020\/2013\/12\/27\/123\/\"},\"author\":{\"name\":\"Kisha Orthodhokse\",\"@id\":\"https:\/\/orthodoxalbania.org\/2020\/#\/schema\/person\/0c387634a7063ac612d7ed9ce71c7e86\"},\"headline\":\"Krishtlindje n\u00eb Gjirokast\u00ebr. (Dhjetor 2013)\",\"datePublished\":\"2013-12-27T13:36:36+00:00\",\"dateModified\":\"2020-04-06T20:05:24+00:00\",\"mainEntityOfPage\":{\"@id\":\"https:\/\/orthodoxalbania.org\/2020\/2013\/12\/27\/123\/\"},\"wordCount\":598,\"commentCount\":0,\"publisher\":{\"@id\":\"https:\/\/orthodoxalbania.org\/2020\/#organization\"},\"image\":{\"@id\":\"https:\/\/orthodoxalbania.org\/2020\/2013\/12\/27\/123\/#primaryimage\"},\"thumbnailUrl\":\"https:\/\/lh4.googleusercontent.com\/-E9gP_5GwTn0\/U_MvWOTr31I\/AAAAAAAAA1Q\/yNnmYnWRQB4\/w448-h321-no\/berat.jpg\",\"keywords\":[\"2013\",\"Krishtlindje\",\"lajme\",\"Mitropolia Gjirokast\u00ebr\"],\"articleSection\":[\"Lajme\"],\"inLanguage\":\"en-US\"},{\"@type\":\"WebPage\",\"@id\":\"https:\/\/orthodoxalbania.org\/2020\/2013\/12\/27\/123\/\",\"url\":\"https:\/\/orthodoxalbania.org\/2020\/2013\/12\/27\/123\/\",\"name\":\"Krishtlindje n\u00eb Gjirokast\u00ebr. (Dhjetor 2013) - Kisha Orthodh\u03bfkse Autoqefale e Shqip\u00ebris\u00eb\",\"isPartOf\":{\"@id\":\"https:\/\/orthodoxalbania.org\/2020\/#website\"},\"primaryImageOfPage\":{\"@id\":\"https:\/\/orthodoxalbania.org\/2020\/2013\/12\/27\/123\/#primaryimage\"},\"image\":{\"@id\":\"https:\/\/orthodoxalbania.org\/2020\/2013\/12\/27\/123\/#primaryimage\"},\"thumbnailUrl\":\"https:\/\/lh4.googleusercontent.com\/-E9gP_5GwTn0\/U_MvWOTr31I\/AAAAAAAAA1Q\/yNnmYnWRQB4\/w448-h321-no\/berat.jpg\",\"datePublished\":\"2013-12-27T13:36:36+00:00\",\"dateModified\":\"2020-04-06T20:05:24+00:00\",\"breadcrumb\":{\"@id\":\"https:\/\/orthodoxalbania.org\/2020\/2013\/12\/27\/123\/#breadcrumb\"},\"inLanguage\":\"en-US\",\"potentialAction\":[{\"@type\":\"ReadAction\",\"target\":[\"https:\/\/orthodoxalbania.org\/2020\/2013\/12\/27\/123\/\"]}]},{\"@type\":\"ImageObject\",\"inLanguage\":\"en-US\",\"@id\":\"https:\/\/orthodoxalbania.org\/2020\/2013\/12\/27\/123\/#primaryimage\",\"url\":\"https:\/\/lh4.googleusercontent.com\/-E9gP_5GwTn0\/U_MvWOTr31I\/AAAAAAAAA1Q\/yNnmYnWRQB4\/w448-h321-no\/berat.jpg\",\"contentUrl\":\"https:\/\/lh4.googleusercontent.com\/-E9gP_5GwTn0\/U_MvWOTr31I\/AAAAAAAAA1Q\/yNnmYnWRQB4\/w448-h321-no\/berat.jpg\"},{\"@type\":\"BreadcrumbList\",\"@id\":\"https:\/\/orthodoxalbania.org\/2020\/2013\/12\/27\/123\/#breadcrumb\",\"itemListElement\":[{\"@type\":\"ListItem\",\"position\":1,\"name\":\"Home\",\"item\":\"https:\/\/orthodoxalbania.org\/2020\/\"},{\"@type\":\"ListItem\",\"position\":2,\"name\":\"Krishtlindje n\u00eb Gjirokast\u00ebr. (Dhjetor 2013)\"}]},{\"@type\":\"WebSite\",\"@id\":\"https:\/\/orthodoxalbania.org\/2020\/#website\",\"url\":\"https:\/\/orthodoxalbania.org\/2020\/\",\"name\":\"Kisha Orthodh\u03bfkse Autoqefale e Shqip\u00ebris\u00eb\",\"description\":\"Fqja Zyrtare e Kish\u00ebs Orthodhokse Autoqefale e Shqip\u00ebris\u00eb me lajmet edhe informacionet zyrtare p\u00ebr struktur\u00ebn edhe veprimtarin e saj.\",\"publisher\":{\"@id\":\"https:\/\/orthodoxalbania.org\/2020\/#organization\"},\"potentialAction\":[{\"@type\":\"SearchAction\",\"target\":{\"@type\":\"EntryPoint\",\"urlTemplate\":\"https:\/\/orthodoxalbania.org\/2020\/?s={search_term_string}\"},\"query-input\":{\"@type\":\"PropertyValueSpecification\",\"valueRequired\":true,\"valueName\":\"search_term_string\"}}],\"inLanguage\":\"en-US\"},{\"@type\":\"Organization\",\"@id\":\"https:\/\/orthodoxalbania.org\/2020\/#organization\",\"name\":\"Kisha Orthodhokse Autoqefale e Shqip\u00ebris\u00eb\",\"url\":\"https:\/\/orthodoxalbania.org\/2020\/\",\"logo\":{\"@type\":\"ImageObject\",\"inLanguage\":\"en-US\",\"@id\":\"https:\/\/orthodoxalbania.org\/2020\/#\/schema\/logo\/image\/\",\"url\":\"https:\/\/orthodoxalbania.org\/2020\/wp-content\/uploads\/2020\/05\/albania.jpeg\",\"contentUrl\":\"https:\/\/orthodoxalbania.org\/2020\/wp-content\/uploads\/2020\/05\/albania.jpeg\",\"width\":540,\"height\":540,\"caption\":\"Kisha Orthodhokse Autoqefale e Shqip\u00ebris\u00eb\"},\"image\":{\"@id\":\"https:\/\/orthodoxalbania.org\/2020\/#\/schema\/logo\/image\/\"},\"sameAs\":[\"https:\/\/www.facebook.com\/koash1991\"]},{\"@type\":\"Person\",\"@id\":\"https:\/\/orthodoxalbania.org\/2020\/#\/schema\/person\/0c387634a7063ac612d7ed9ce71c7e86\",\"name\":\"Kisha Orthodhokse\",\"image\":{\"@type\":\"ImageObject\",\"inLanguage\":\"en-US\",\"@id\":\"https:\/\/secure.gravatar.com\/avatar\/596e7c417251e30f2fbb9c00e026fce61a695a00e51c889caded71c96cbbdde5?s=96&d=mm&r=g\",\"url\":\"https:\/\/secure.gravatar.com\/avatar\/596e7c417251e30f2fbb9c00e026fce61a695a00e51c889caded71c96cbbdde5?s=96&d=mm&r=g\",\"contentUrl\":\"https:\/\/secure.gravatar.com\/avatar\/596e7c417251e30f2fbb9c00e026fce61a695a00e51c889caded71c96cbbdde5?s=96&d=mm&r=g\",\"caption\":\"Kisha Orthodhokse\"}}]}<\/script>\n<!-- \/ Yoast SEO plugin. -->","yoast_head_json":{"title":"Krishtlindje n\u00eb Gjirokast\u00ebr. (Dhjetor 2013) - Kisha Orthodh\u03bfkse Autoqefale e Shqip\u00ebris\u00eb","robots":{"index":"index","follow":"follow","max-snippet":"max-snippet:-1","max-image-preview":"max-image-preview:large","max-video-preview":"max-video-preview:-1"},"canonical":"https:\/\/orthodoxalbania.org\/2020\/2013\/12\/27\/123\/","og_locale":"en_US","og_type":"article","og_title":"Krishtlindje n\u00eb Gjirokast\u00ebr. (Dhjetor 2013) - Kisha Orthodh\u03bfkse Autoqefale e Shqip\u00ebris\u00eb","og_description":"&nbsp;&nbsp;&nbsp; Himnet e Krishtlindjeve u d\u00ebgjuan edhe n\u00eb t\u00eb gjith\u00eb periferin\u00eb Episkopale t\u00eb Mitropolis\u00eb s\u00eb Shenjt\u00eb t\u00eb Gjirokastr\u00ebs. Atmosfera ishte e gjall\u00eb p\u00ebr dit\u00eb me radh\u00eb dhe p\u00ebrtej zymt\u00ebsis\u00eb q\u00eb shoq\u00ebria kalon, edhe p\u00ebr shkak t\u00eb kushteve ekonomike, erdh\u00ebn Krishtlindjet, q\u00eb t\u00eb na kujtojn\u00eb t\u00eb gjith\u00ebve se ka shpres\u00eb. &nbsp;&nbsp;&nbsp; Krishtlindjet jan\u00eb kryesisht fest\u00eb e f\u00ebmij\u00ebve. Jan\u00eb disa shkolla t\u00eb themeluara nga Kryepiskopi Anastas q\u00eb","og_url":"https:\/\/orthodoxalbania.org\/2020\/2013\/12\/27\/123\/","og_site_name":"Kisha Orthodh\u03bfkse Autoqefale e Shqip\u00ebris\u00eb","article_publisher":"https:\/\/www.facebook.com\/koash1991","article_published_time":"2013-12-27T13:36:36+00:00","article_modified_time":"2020-04-06T20:05:24+00:00","og_image":[{"url":"https:\/\/lh4.googleusercontent.com\/-E9gP_5GwTn0\/U_MvWOTr31I\/AAAAAAAAA1Q\/yNnmYnWRQB4\/w448-h321-no\/berat.jpg","type":"","width":"","height":""}],"author":"Kisha Orthodhokse","twitter_card":"summary_large_image","twitter_misc":{"Written by":"Kisha Orthodhokse","Est. reading time":"3 minutes"},"schema":{"@context":"https:\/\/schema.org","@graph":[{"@type":"Article","@id":"https:\/\/orthodoxalbania.org\/2020\/2013\/12\/27\/123\/#article","isPartOf":{"@id":"https:\/\/orthodoxalbania.org\/2020\/2013\/12\/27\/123\/"},"author":{"name":"Kisha Orthodhokse","@id":"https:\/\/orthodoxalbania.org\/2020\/#\/schema\/person\/0c387634a7063ac612d7ed9ce71c7e86"},"headline":"Krishtlindje n\u00eb Gjirokast\u00ebr. (Dhjetor 2013)","datePublished":"2013-12-27T13:36:36+00:00","dateModified":"2020-04-06T20:05:24+00:00","mainEntityOfPage":{"@id":"https:\/\/orthodoxalbania.org\/2020\/2013\/12\/27\/123\/"},"wordCount":598,"commentCount":0,"publisher":{"@id":"https:\/\/orthodoxalbania.org\/2020\/#organization"},"image":{"@id":"https:\/\/orthodoxalbania.org\/2020\/2013\/12\/27\/123\/#primaryimage"},"thumbnailUrl":"https:\/\/lh4.googleusercontent.com\/-E9gP_5GwTn0\/U_MvWOTr31I\/AAAAAAAAA1Q\/yNnmYnWRQB4\/w448-h321-no\/berat.jpg","keywords":["2013","Krishtlindje","lajme","Mitropolia Gjirokast\u00ebr"],"articleSection":["Lajme"],"inLanguage":"en-US"},{"@type":"WebPage","@id":"https:\/\/orthodoxalbania.org\/2020\/2013\/12\/27\/123\/","url":"https:\/\/orthodoxalbania.org\/2020\/2013\/12\/27\/123\/","name":"Krishtlindje n\u00eb Gjirokast\u00ebr. (Dhjetor 2013) - Kisha Orthodh\u03bfkse Autoqefale e Shqip\u00ebris\u00eb","isPartOf":{"@id":"https:\/\/orthodoxalbania.org\/2020\/#website"},"primaryImageOfPage":{"@id":"https:\/\/orthodoxalbania.org\/2020\/2013\/12\/27\/123\/#primaryimage"},"image":{"@id":"https:\/\/orthodoxalbania.org\/2020\/2013\/12\/27\/123\/#primaryimage"},"thumbnailUrl":"https:\/\/lh4.googleusercontent.com\/-E9gP_5GwTn0\/U_MvWOTr31I\/AAAAAAAAA1Q\/yNnmYnWRQB4\/w448-h321-no\/berat.jpg","datePublished":"2013-12-27T13:36:36+00:00","dateModified":"2020-04-06T20:05:24+00:00","breadcrumb":{"@id":"https:\/\/orthodoxalbania.org\/2020\/2013\/12\/27\/123\/#breadcrumb"},"inLanguage":"en-US","potentialAction":[{"@type":"ReadAction","target":["https:\/\/orthodoxalbania.org\/2020\/2013\/12\/27\/123\/"]}]},{"@type":"ImageObject","inLanguage":"en-US","@id":"https:\/\/orthodoxalbania.org\/2020\/2013\/12\/27\/123\/#primaryimage","url":"https:\/\/lh4.googleusercontent.com\/-E9gP_5GwTn0\/U_MvWOTr31I\/AAAAAAAAA1Q\/yNnmYnWRQB4\/w448-h321-no\/berat.jpg","contentUrl":"https:\/\/lh4.googleusercontent.com\/-E9gP_5GwTn0\/U_MvWOTr31I\/AAAAAAAAA1Q\/yNnmYnWRQB4\/w448-h321-no\/berat.jpg"},{"@type":"BreadcrumbList","@id":"https:\/\/orthodoxalbania.org\/2020\/2013\/12\/27\/123\/#breadcrumb","itemListElement":[{"@type":"ListItem","position":1,"name":"Home","item":"https:\/\/orthodoxalbania.org\/2020\/"},{"@type":"ListItem","position":2,"name":"Krishtlindje n\u00eb Gjirokast\u00ebr. (Dhjetor 2013)"}]},{"@type":"WebSite","@id":"https:\/\/orthodoxalbania.org\/2020\/#website","url":"https:\/\/orthodoxalbania.org\/2020\/","name":"Kisha Orthodh\u03bfkse Autoqefale e Shqip\u00ebris\u00eb","description":"Fqja Zyrtare e Kish\u00ebs Orthodhokse Autoqefale e Shqip\u00ebris\u00eb me lajmet edhe informacionet zyrtare p\u00ebr struktur\u00ebn edhe veprimtarin e saj.","publisher":{"@id":"https:\/\/orthodoxalbania.org\/2020\/#organization"},"potentialAction":[{"@type":"SearchAction","target":{"@type":"EntryPoint","urlTemplate":"https:\/\/orthodoxalbania.org\/2020\/?s={search_term_string}"},"query-input":{"@type":"PropertyValueSpecification","valueRequired":true,"valueName":"search_term_string"}}],"inLanguage":"en-US"},{"@type":"Organization","@id":"https:\/\/orthodoxalbania.org\/2020\/#organization","name":"Kisha Orthodhokse Autoqefale e Shqip\u00ebris\u00eb","url":"https:\/\/orthodoxalbania.org\/2020\/","logo":{"@type":"ImageObject","inLanguage":"en-US","@id":"https:\/\/orthodoxalbania.org\/2020\/#\/schema\/logo\/image\/","url":"https:\/\/orthodoxalbania.org\/2020\/wp-content\/uploads\/2020\/05\/albania.jpeg","contentUrl":"https:\/\/orthodoxalbania.org\/2020\/wp-content\/uploads\/2020\/05\/albania.jpeg","width":540,"height":540,"caption":"Kisha Orthodhokse Autoqefale e Shqip\u00ebris\u00eb"},"image":{"@id":"https:\/\/orthodoxalbania.org\/2020\/#\/schema\/logo\/image\/"},"sameAs":["https:\/\/www.facebook.com\/koash1991"]},{"@type":"Person","@id":"https:\/\/orthodoxalbania.org\/2020\/#\/schema\/person\/0c387634a7063ac612d7ed9ce71c7e86","name":"Kisha Orthodhokse","image":{"@type":"ImageObject","inLanguage":"en-US","@id":"https:\/\/secure.gravatar.com\/avatar\/596e7c417251e30f2fbb9c00e026fce61a695a00e51c889caded71c96cbbdde5?s=96&d=mm&r=g","url":"https:\/\/secure.gravatar.com\/avatar\/596e7c417251e30f2fbb9c00e026fce61a695a00e51c889caded71c96cbbdde5?s=96&d=mm&r=g","contentUrl":"https:\/\/secure.gravatar.com\/avatar\/596e7c417251e30f2fbb9c00e026fce61a695a00e51c889caded71c96cbbdde5?s=96&d=mm&r=g","caption":"Kisha Orthodhokse"}}]}},"_links":{"self":[{"href":"https:\/\/orthodoxalbania.org\/2020\/wp-json\/wp\/v2\/posts\/857","targetHints":{"allow":["GET"]}}],"collection":[{"href":"https:\/\/orthodoxalbania.org\/2020\/wp-json\/wp\/v2\/posts"}],"about":[{"href":"https:\/\/orthodoxalbania.org\/2020\/wp-json\/wp\/v2\/types\/post"}],"author":[{"embeddable":true,"href":"https:\/\/orthodoxalbania.org\/2020\/wp-json\/wp\/v2\/users\/1"}],"replies":[{"embeddable":true,"href":"https:\/\/orthodoxalbania.org\/2020\/wp-json\/wp\/v2\/comments?post=857"}],"version-history":[{"count":1,"href":"https:\/\/orthodoxalbania.org\/2020\/wp-json\/wp\/v2\/posts\/857\/revisions"}],"predecessor-version":[{"id":15137,"href":"https:\/\/orthodoxalbania.org\/2020\/wp-json\/wp\/v2\/posts\/857\/revisions\/15137"}],"wp:attachment":[{"href":"https:\/\/orthodoxalbania.org\/2020\/wp-json\/wp\/v2\/media?parent=857"}],"wp:term":[{"taxonomy":"category","embeddable":true,"href":"https:\/\/orthodoxalbania.org\/2020\/wp-json\/wp\/v2\/categories?post=857"},{"taxonomy":"post_tag","embeddable":true,"href":"https:\/\/orthodoxalbania.org\/2020\/wp-json\/wp\/v2\/tags?post=857"}],"curies":[{"name":"wp","href":"https:\/\/api.w.org\/{rel}","templated":true}]}}