{"id":856,"date":"2013-03-21T09:02:04","date_gmt":"2013-03-21T09:02:04","guid":{"rendered":""},"modified":"2020-04-06T22:32:12","modified_gmt":"2020-04-06T20:32:12","slug":"krishtlindje-ne-gjirokaster","status":"publish","type":"post","link":"https:\/\/orthodoxalbania.org\/2020\/2013\/03\/21\/krishtlindje-ne-gjirokaster\/","title":{"rendered":"Krishtlindje n\u00eb Gjirokast\u00ebr. (Dhjetor 2010)"},"content":{"rendered":"<div class=\"style10\" style=\"text-align: justify;\">\n\t<span style=\"color:#000000;\"><span style=\"font-family: tahoma,geneva,sans-serif;\"><span style=\"font-size: 12px;\">&nbsp;&nbsp;&nbsp; Edhe k\u00ebt\u00eb vit me bekimin e Per\u00ebndis\u00eb n\u00eb Mitropolin\u00eb e Shenjt\u00eb t\u00eb Gjirokastr\u00ebs u festua me lutje, p\u00ebrd\u00ebllimtari dhe besim Dita e Lindjes s\u00eb Shp\u00ebtimtarit ton\u00eb Zotit Iisu Krisht. T\u00eb gjith\u00eb besimtar\u00ebt orthodoks\u00eb ishin mbledhur p\u00ebr t\u00eb kremtuar n\u00eb Kish\u00ebn \u00abMetamorfoza e Shp\u00ebtimtarit\u00bb ku meshoi dhe Hir\u00ebsia e Tij z. Dhimit\u00ebr. Gjall\u00ebria dhe g\u00ebzimi i besimtar\u00ebve reflektoheshin qart\u00eb n\u00eb fytyrat e tyre. T\u00eb gjith\u00eb iu lut\u00ebn Foshnj\u00ebs s\u00eb Porsalindur Hyjnore p\u00ebr sa me shum\u00eb paqe, dashuri, g\u00ebzim, shpres\u00eb e besim dhe uruan nj\u00ebri \u2013 tjetrin p\u00ebr Krishtlindje t\u00eb lumtura. Pas Mesh\u00ebs Hyjnore n\u00eb ambientin prit\u00ebs t\u00eb Kish\u00ebs pati kokteil p\u00ebr t\u00eb gjith\u00eb besimtar\u00ebt.<\/span><\/span><\/span><\/div>\n<div class=\"style10\" style=\"text-align: justify;\">\n\t<br \/>\n\t<span style=\"color:#000000;\"><span style=\"font-family: tahoma,geneva,sans-serif;\"><span style=\"font-size: 12px;\">&nbsp;&nbsp;&nbsp; Tashm\u00eb, n\u00eb Mitropolin\u00eb ton\u00eb, \u00ebsht\u00eb b\u00ebr\u00eb tradit\u00eb q\u00eb dit\u00ebn e dyt\u00eb t\u00eb Krishtlindjeve, pra n\u00eb dat\u00ebn 26, me mb\u00ebshtetjen dhe bekimin e Hir\u00ebsis\u00eb s\u00eb Tij z. Dhimit\u00ebr, t\u00eb organizohet takimi i p\u00ebrvitsh\u00ebm studentor. Pas Liturgjis\u00eb Hyjnore t\u00eb s\u00eb Diel\u00ebs student\u00eb t\u00eb Mitropolis\u00eb u vendos\u00ebn n\u00eb sall\u00ebn e veprimtarive t\u00eb Liceut \u00abKryqi i Nderuar\u00bb ku u mbajt nj\u00eb referat nga z. Pavlos Kyriakidis, profesor n\u00eb Fakultetin e Psikologji- Pedagogji- Filozofis\u00eb t\u00eb Universitetit t\u00eb Janin\u00ebs. Referati kishte si tem\u00eb problemet dhe v\u00ebshtir\u00ebsit\u00eb q\u00eb hasin t\u00eb rinjt\u00eb orthodoks\u00eb n\u00eb shoq\u00ebrin\u00eb e sotme, n\u00eb k\u00ebt\u00eb realitet me ngjyra t\u00eb err\u00ebta, sikund\u00ebr u tha, dhe si mund t\u2019i p\u00ebrballojm\u00eb ato. Gjithashtu gjat\u00eb bised\u00ebs u fol edhe p\u00ebr luft\u00ebn mediatike q\u00eb po i b\u00ebhet Kish\u00ebs son\u00eb. N\u00eb fund t\u00eb takimit gjith\u00eb t\u00eb pranishmit drekuan n\u00eb prani t\u00eb Hir\u00ebsis\u00eb s\u00eb Tij z. Dhimit\u00ebr dhe klerik\u00ebve t\u00eb tjer\u00eb. Gjat\u00eb drek\u00ebs u dhan\u00eb mendime t\u00eb ndryshme p\u00ebr organizimin e rinis\u00eb s\u00eb Mitropolis\u00eb son\u00eb. N\u00eb fund u shp\u00ebrndan\u00eb dhe disa dhurata p\u00ebr student\u00ebt pjes\u00ebmarr\u00ebs. <\/span><\/span><\/span><\/div>\n<div class=\"style10\" style=\"text-align: justify;\">\n\t&nbsp;<\/div>\n<div style=\"text-align: right;\">\n\t<br \/>\n\t<span style=\"color:#000000;\"><span style=\"font-family: tahoma,geneva,sans-serif;\"><span style=\"font-size: 12px;\"><span class=\"style10\"><strong><em>Nga Gjirokastra<\/em><\/strong><br \/>\n\t<strong><em>M. Na\u00e7i<\/em><\/strong><\/span><\/span><\/span><\/span><\/div>\n","protected":false},"excerpt":{"rendered":"<p>&nbsp;&nbsp;&nbsp; Edhe k\u00ebt\u00eb vit me bekimin e Per\u00ebndis\u00eb n\u00eb Mitropolin\u00eb e Shenjt\u00eb t\u00eb Gjirokastr\u00ebs u festua me lutje, p\u00ebrd\u00ebllimtari dhe besim Dita e Lindjes s\u00eb Shp\u00ebtimtarit ton\u00eb Zotit Iisu Krisht. T\u00eb gjith\u00eb besimtar\u00ebt orthodoks\u00eb ishin mbledhur p\u00ebr t\u00eb kremtuar n\u00eb Kish\u00ebn \u00abMetamorfoza e Shp\u00ebtimtarit\u00bb ku meshoi dhe Hir\u00ebsia e Tij z. Dhimit\u00ebr. Gjall\u00ebria dhe g\u00ebzimi i besimtar\u00ebve reflektoheshin qart\u00eb n\u00eb fytyrat e tyre. T\u00eb gjith\u00eb<\/p>\n","protected":false},"author":1,"featured_media":0,"comment_status":"open","ping_status":"open","sticky":false,"template":"","format":"standard","meta":{"_acf_changed":false,"pagelayer_contact_templates":[],"_pagelayer_content":"","inline_featured_image":false,"fifu_image_url":"","fifu_image_alt":"","footnotes":""},"categories":[108],"tags":[144,192,212,198],"class_list":["post-856","post","type-post","status-publish","format-standard","hentry","category-lajme","tag-144","tag-krishtlindje","tag-lajme-d27","tag-gjirokaster"],"acf":[],"yoast_head":"<!-- This site is optimized with the Yoast SEO plugin v27.2 - https:\/\/yoast.com\/product\/yoast-seo-wordpress\/ -->\n<title>Krishtlindje n\u00eb Gjirokast\u00ebr. (Dhjetor 2010) - Kisha Orthodh\u03bfkse Autoqefale e Shqip\u00ebris\u00eb<\/title>\n<meta name=\"robots\" content=\"index, follow, max-snippet:-1, max-image-preview:large, max-video-preview:-1\" \/>\n<link rel=\"canonical\" href=\"https:\/\/orthodoxalbania.org\/2020\/2013\/03\/21\/krishtlindje-ne-gjirokaster\/\" \/>\n<meta property=\"og:locale\" content=\"en_US\" \/>\n<meta property=\"og:type\" content=\"article\" \/>\n<meta property=\"og:title\" content=\"Krishtlindje n\u00eb Gjirokast\u00ebr. (Dhjetor 2010) - Kisha Orthodh\u03bfkse Autoqefale e Shqip\u00ebris\u00eb\" \/>\n<meta property=\"og:description\" content=\"&nbsp;&nbsp;&nbsp; Edhe k\u00ebt\u00eb vit me bekimin e Per\u00ebndis\u00eb n\u00eb Mitropolin\u00eb e Shenjt\u00eb t\u00eb Gjirokastr\u00ebs u festua me lutje, p\u00ebrd\u00ebllimtari dhe besim Dita e Lindjes s\u00eb Shp\u00ebtimtarit ton\u00eb Zotit Iisu Krisht. T\u00eb gjith\u00eb besimtar\u00ebt orthodoks\u00eb ishin mbledhur p\u00ebr t\u00eb kremtuar n\u00eb Kish\u00ebn \u00abMetamorfoza e Shp\u00ebtimtarit\u00bb ku meshoi dhe Hir\u00ebsia e Tij z. Dhimit\u00ebr. Gjall\u00ebria dhe g\u00ebzimi i besimtar\u00ebve reflektoheshin qart\u00eb n\u00eb fytyrat e tyre. T\u00eb gjith\u00eb\" \/>\n<meta property=\"og:url\" content=\"https:\/\/orthodoxalbania.org\/2020\/2013\/03\/21\/krishtlindje-ne-gjirokaster\/\" \/>\n<meta property=\"og:site_name\" content=\"Kisha Orthodh\u03bfkse Autoqefale e Shqip\u00ebris\u00eb\" \/>\n<meta property=\"article:publisher\" content=\"https:\/\/www.facebook.com\/koash1991\" \/>\n<meta property=\"article:published_time\" content=\"2013-03-21T09:02:04+00:00\" \/>\n<meta property=\"article:modified_time\" content=\"2020-04-06T20:32:12+00:00\" \/>\n<meta property=\"og:image\" content=\"https:\/\/orthodoxalbania.org\/2020\/wp-content\/uploads\/2021\/02\/LogoLastALb-200.png\" \/>\n\t<meta property=\"og:image:width\" content=\"200\" \/>\n\t<meta property=\"og:image:height\" content=\"172\" \/>\n\t<meta property=\"og:image:type\" content=\"image\/png\" \/>\n<meta name=\"author\" content=\"Kisha Orthodhokse\" \/>\n<meta name=\"twitter:card\" content=\"summary_large_image\" \/>\n<meta name=\"twitter:label1\" content=\"Written by\" \/>\n\t<meta name=\"twitter:data1\" content=\"Kisha Orthodhokse\" \/>\n\t<meta name=\"twitter:label2\" content=\"Est. reading time\" \/>\n\t<meta name=\"twitter:data2\" content=\"2 minutes\" \/>\n<script type=\"application\/ld+json\" class=\"yoast-schema-graph\">{\"@context\":\"https:\/\/schema.org\",\"@graph\":[{\"@type\":\"Article\",\"@id\":\"https:\/\/orthodoxalbania.org\/2020\/2013\/03\/21\/krishtlindje-ne-gjirokaster\/#article\",\"isPartOf\":{\"@id\":\"https:\/\/orthodoxalbania.org\/2020\/2013\/03\/21\/krishtlindje-ne-gjirokaster\/\"},\"author\":{\"name\":\"Kisha Orthodhokse\",\"@id\":\"https:\/\/orthodoxalbania.org\/2020\/#\/schema\/person\/0c387634a7063ac612d7ed9ce71c7e86\"},\"headline\":\"Krishtlindje n\u00eb Gjirokast\u00ebr. (Dhjetor 2010)\",\"datePublished\":\"2013-03-21T09:02:04+00:00\",\"dateModified\":\"2020-04-06T20:32:12+00:00\",\"mainEntityOfPage\":{\"@id\":\"https:\/\/orthodoxalbania.org\/2020\/2013\/03\/21\/krishtlindje-ne-gjirokaster\/\"},\"wordCount\":343,\"commentCount\":0,\"publisher\":{\"@id\":\"https:\/\/orthodoxalbania.org\/2020\/#organization\"},\"keywords\":[\"2010\",\"Krishtlindje\",\"lajme\",\"Mitropolia Gjirokast\u00ebr\"],\"articleSection\":[\"Lajme\"],\"inLanguage\":\"en-US\"},{\"@type\":\"WebPage\",\"@id\":\"https:\/\/orthodoxalbania.org\/2020\/2013\/03\/21\/krishtlindje-ne-gjirokaster\/\",\"url\":\"https:\/\/orthodoxalbania.org\/2020\/2013\/03\/21\/krishtlindje-ne-gjirokaster\/\",\"name\":\"Krishtlindje n\u00eb Gjirokast\u00ebr. (Dhjetor 2010) - Kisha Orthodh\u03bfkse Autoqefale e Shqip\u00ebris\u00eb\",\"isPartOf\":{\"@id\":\"https:\/\/orthodoxalbania.org\/2020\/#website\"},\"datePublished\":\"2013-03-21T09:02:04+00:00\",\"dateModified\":\"2020-04-06T20:32:12+00:00\",\"breadcrumb\":{\"@id\":\"https:\/\/orthodoxalbania.org\/2020\/2013\/03\/21\/krishtlindje-ne-gjirokaster\/#breadcrumb\"},\"inLanguage\":\"en-US\",\"potentialAction\":[{\"@type\":\"ReadAction\",\"target\":[\"https:\/\/orthodoxalbania.org\/2020\/2013\/03\/21\/krishtlindje-ne-gjirokaster\/\"]}]},{\"@type\":\"BreadcrumbList\",\"@id\":\"https:\/\/orthodoxalbania.org\/2020\/2013\/03\/21\/krishtlindje-ne-gjirokaster\/#breadcrumb\",\"itemListElement\":[{\"@type\":\"ListItem\",\"position\":1,\"name\":\"Home\",\"item\":\"https:\/\/orthodoxalbania.org\/2020\/\"},{\"@type\":\"ListItem\",\"position\":2,\"name\":\"Krishtlindje n\u00eb Gjirokast\u00ebr. (Dhjetor 2010)\"}]},{\"@type\":\"WebSite\",\"@id\":\"https:\/\/orthodoxalbania.org\/2020\/#website\",\"url\":\"https:\/\/orthodoxalbania.org\/2020\/\",\"name\":\"Kisha Orthodh\u03bfkse Autoqefale e Shqip\u00ebris\u00eb\",\"description\":\"Fqja Zyrtare e Kish\u00ebs Orthodhokse Autoqefale e Shqip\u00ebris\u00eb me lajmet edhe informacionet zyrtare p\u00ebr struktur\u00ebn edhe veprimtarin e saj.\",\"publisher\":{\"@id\":\"https:\/\/orthodoxalbania.org\/2020\/#organization\"},\"potentialAction\":[{\"@type\":\"SearchAction\",\"target\":{\"@type\":\"EntryPoint\",\"urlTemplate\":\"https:\/\/orthodoxalbania.org\/2020\/?s={search_term_string}\"},\"query-input\":{\"@type\":\"PropertyValueSpecification\",\"valueRequired\":true,\"valueName\":\"search_term_string\"}}],\"inLanguage\":\"en-US\"},{\"@type\":\"Organization\",\"@id\":\"https:\/\/orthodoxalbania.org\/2020\/#organization\",\"name\":\"Kisha Orthodhokse Autoqefale e Shqip\u00ebris\u00eb\",\"url\":\"https:\/\/orthodoxalbania.org\/2020\/\",\"logo\":{\"@type\":\"ImageObject\",\"inLanguage\":\"en-US\",\"@id\":\"https:\/\/orthodoxalbania.org\/2020\/#\/schema\/logo\/image\/\",\"url\":\"https:\/\/orthodoxalbania.org\/2020\/wp-content\/uploads\/2020\/05\/albania.jpeg\",\"contentUrl\":\"https:\/\/orthodoxalbania.org\/2020\/wp-content\/uploads\/2020\/05\/albania.jpeg\",\"width\":540,\"height\":540,\"caption\":\"Kisha Orthodhokse Autoqefale e Shqip\u00ebris\u00eb\"},\"image\":{\"@id\":\"https:\/\/orthodoxalbania.org\/2020\/#\/schema\/logo\/image\/\"},\"sameAs\":[\"https:\/\/www.facebook.com\/koash1991\"]},{\"@type\":\"Person\",\"@id\":\"https:\/\/orthodoxalbania.org\/2020\/#\/schema\/person\/0c387634a7063ac612d7ed9ce71c7e86\",\"name\":\"Kisha Orthodhokse\",\"image\":{\"@type\":\"ImageObject\",\"inLanguage\":\"en-US\",\"@id\":\"https:\/\/secure.gravatar.com\/avatar\/596e7c417251e30f2fbb9c00e026fce61a695a00e51c889caded71c96cbbdde5?s=96&d=mm&r=g\",\"url\":\"https:\/\/secure.gravatar.com\/avatar\/596e7c417251e30f2fbb9c00e026fce61a695a00e51c889caded71c96cbbdde5?s=96&d=mm&r=g\",\"contentUrl\":\"https:\/\/secure.gravatar.com\/avatar\/596e7c417251e30f2fbb9c00e026fce61a695a00e51c889caded71c96cbbdde5?s=96&d=mm&r=g\",\"caption\":\"Kisha Orthodhokse\"}}]}<\/script>\n<!-- \/ Yoast SEO plugin. -->","yoast_head_json":{"title":"Krishtlindje n\u00eb Gjirokast\u00ebr. (Dhjetor 2010) - Kisha Orthodh\u03bfkse Autoqefale e Shqip\u00ebris\u00eb","robots":{"index":"index","follow":"follow","max-snippet":"max-snippet:-1","max-image-preview":"max-image-preview:large","max-video-preview":"max-video-preview:-1"},"canonical":"https:\/\/orthodoxalbania.org\/2020\/2013\/03\/21\/krishtlindje-ne-gjirokaster\/","og_locale":"en_US","og_type":"article","og_title":"Krishtlindje n\u00eb Gjirokast\u00ebr. (Dhjetor 2010) - Kisha Orthodh\u03bfkse Autoqefale e Shqip\u00ebris\u00eb","og_description":"&nbsp;&nbsp;&nbsp; Edhe k\u00ebt\u00eb vit me bekimin e Per\u00ebndis\u00eb n\u00eb Mitropolin\u00eb e Shenjt\u00eb t\u00eb Gjirokastr\u00ebs u festua me lutje, p\u00ebrd\u00ebllimtari dhe besim Dita e Lindjes s\u00eb Shp\u00ebtimtarit ton\u00eb Zotit Iisu Krisht. T\u00eb gjith\u00eb besimtar\u00ebt orthodoks\u00eb ishin mbledhur p\u00ebr t\u00eb kremtuar n\u00eb Kish\u00ebn \u00abMetamorfoza e Shp\u00ebtimtarit\u00bb ku meshoi dhe Hir\u00ebsia e Tij z. Dhimit\u00ebr. Gjall\u00ebria dhe g\u00ebzimi i besimtar\u00ebve reflektoheshin qart\u00eb n\u00eb fytyrat e tyre. T\u00eb gjith\u00eb","og_url":"https:\/\/orthodoxalbania.org\/2020\/2013\/03\/21\/krishtlindje-ne-gjirokaster\/","og_site_name":"Kisha Orthodh\u03bfkse Autoqefale e Shqip\u00ebris\u00eb","article_publisher":"https:\/\/www.facebook.com\/koash1991","article_published_time":"2013-03-21T09:02:04+00:00","article_modified_time":"2020-04-06T20:32:12+00:00","og_image":[{"width":200,"height":172,"url":"https:\/\/orthodoxalbania.org\/2020\/wp-content\/uploads\/2021\/02\/LogoLastALb-200.png","type":"image\/png"}],"author":"Kisha Orthodhokse","twitter_card":"summary_large_image","twitter_misc":{"Written by":"Kisha Orthodhokse","Est. reading time":"2 minutes"},"schema":{"@context":"https:\/\/schema.org","@graph":[{"@type":"Article","@id":"https:\/\/orthodoxalbania.org\/2020\/2013\/03\/21\/krishtlindje-ne-gjirokaster\/#article","isPartOf":{"@id":"https:\/\/orthodoxalbania.org\/2020\/2013\/03\/21\/krishtlindje-ne-gjirokaster\/"},"author":{"name":"Kisha Orthodhokse","@id":"https:\/\/orthodoxalbania.org\/2020\/#\/schema\/person\/0c387634a7063ac612d7ed9ce71c7e86"},"headline":"Krishtlindje n\u00eb Gjirokast\u00ebr. (Dhjetor 2010)","datePublished":"2013-03-21T09:02:04+00:00","dateModified":"2020-04-06T20:32:12+00:00","mainEntityOfPage":{"@id":"https:\/\/orthodoxalbania.org\/2020\/2013\/03\/21\/krishtlindje-ne-gjirokaster\/"},"wordCount":343,"commentCount":0,"publisher":{"@id":"https:\/\/orthodoxalbania.org\/2020\/#organization"},"keywords":["2010","Krishtlindje","lajme","Mitropolia Gjirokast\u00ebr"],"articleSection":["Lajme"],"inLanguage":"en-US"},{"@type":"WebPage","@id":"https:\/\/orthodoxalbania.org\/2020\/2013\/03\/21\/krishtlindje-ne-gjirokaster\/","url":"https:\/\/orthodoxalbania.org\/2020\/2013\/03\/21\/krishtlindje-ne-gjirokaster\/","name":"Krishtlindje n\u00eb Gjirokast\u00ebr. (Dhjetor 2010) - Kisha Orthodh\u03bfkse Autoqefale e Shqip\u00ebris\u00eb","isPartOf":{"@id":"https:\/\/orthodoxalbania.org\/2020\/#website"},"datePublished":"2013-03-21T09:02:04+00:00","dateModified":"2020-04-06T20:32:12+00:00","breadcrumb":{"@id":"https:\/\/orthodoxalbania.org\/2020\/2013\/03\/21\/krishtlindje-ne-gjirokaster\/#breadcrumb"},"inLanguage":"en-US","potentialAction":[{"@type":"ReadAction","target":["https:\/\/orthodoxalbania.org\/2020\/2013\/03\/21\/krishtlindje-ne-gjirokaster\/"]}]},{"@type":"BreadcrumbList","@id":"https:\/\/orthodoxalbania.org\/2020\/2013\/03\/21\/krishtlindje-ne-gjirokaster\/#breadcrumb","itemListElement":[{"@type":"ListItem","position":1,"name":"Home","item":"https:\/\/orthodoxalbania.org\/2020\/"},{"@type":"ListItem","position":2,"name":"Krishtlindje n\u00eb Gjirokast\u00ebr. (Dhjetor 2010)"}]},{"@type":"WebSite","@id":"https:\/\/orthodoxalbania.org\/2020\/#website","url":"https:\/\/orthodoxalbania.org\/2020\/","name":"Kisha Orthodh\u03bfkse Autoqefale e Shqip\u00ebris\u00eb","description":"Fqja Zyrtare e Kish\u00ebs Orthodhokse Autoqefale e Shqip\u00ebris\u00eb me lajmet edhe informacionet zyrtare p\u00ebr struktur\u00ebn edhe veprimtarin e saj.","publisher":{"@id":"https:\/\/orthodoxalbania.org\/2020\/#organization"},"potentialAction":[{"@type":"SearchAction","target":{"@type":"EntryPoint","urlTemplate":"https:\/\/orthodoxalbania.org\/2020\/?s={search_term_string}"},"query-input":{"@type":"PropertyValueSpecification","valueRequired":true,"valueName":"search_term_string"}}],"inLanguage":"en-US"},{"@type":"Organization","@id":"https:\/\/orthodoxalbania.org\/2020\/#organization","name":"Kisha Orthodhokse Autoqefale e Shqip\u00ebris\u00eb","url":"https:\/\/orthodoxalbania.org\/2020\/","logo":{"@type":"ImageObject","inLanguage":"en-US","@id":"https:\/\/orthodoxalbania.org\/2020\/#\/schema\/logo\/image\/","url":"https:\/\/orthodoxalbania.org\/2020\/wp-content\/uploads\/2020\/05\/albania.jpeg","contentUrl":"https:\/\/orthodoxalbania.org\/2020\/wp-content\/uploads\/2020\/05\/albania.jpeg","width":540,"height":540,"caption":"Kisha Orthodhokse Autoqefale e Shqip\u00ebris\u00eb"},"image":{"@id":"https:\/\/orthodoxalbania.org\/2020\/#\/schema\/logo\/image\/"},"sameAs":["https:\/\/www.facebook.com\/koash1991"]},{"@type":"Person","@id":"https:\/\/orthodoxalbania.org\/2020\/#\/schema\/person\/0c387634a7063ac612d7ed9ce71c7e86","name":"Kisha Orthodhokse","image":{"@type":"ImageObject","inLanguage":"en-US","@id":"https:\/\/secure.gravatar.com\/avatar\/596e7c417251e30f2fbb9c00e026fce61a695a00e51c889caded71c96cbbdde5?s=96&d=mm&r=g","url":"https:\/\/secure.gravatar.com\/avatar\/596e7c417251e30f2fbb9c00e026fce61a695a00e51c889caded71c96cbbdde5?s=96&d=mm&r=g","contentUrl":"https:\/\/secure.gravatar.com\/avatar\/596e7c417251e30f2fbb9c00e026fce61a695a00e51c889caded71c96cbbdde5?s=96&d=mm&r=g","caption":"Kisha Orthodhokse"}}]}},"_links":{"self":[{"href":"https:\/\/orthodoxalbania.org\/2020\/wp-json\/wp\/v2\/posts\/856","targetHints":{"allow":["GET"]}}],"collection":[{"href":"https:\/\/orthodoxalbania.org\/2020\/wp-json\/wp\/v2\/posts"}],"about":[{"href":"https:\/\/orthodoxalbania.org\/2020\/wp-json\/wp\/v2\/types\/post"}],"author":[{"embeddable":true,"href":"https:\/\/orthodoxalbania.org\/2020\/wp-json\/wp\/v2\/users\/1"}],"replies":[{"embeddable":true,"href":"https:\/\/orthodoxalbania.org\/2020\/wp-json\/wp\/v2\/comments?post=856"}],"version-history":[{"count":1,"href":"https:\/\/orthodoxalbania.org\/2020\/wp-json\/wp\/v2\/posts\/856\/revisions"}],"predecessor-version":[{"id":15429,"href":"https:\/\/orthodoxalbania.org\/2020\/wp-json\/wp\/v2\/posts\/856\/revisions\/15429"}],"wp:attachment":[{"href":"https:\/\/orthodoxalbania.org\/2020\/wp-json\/wp\/v2\/media?parent=856"}],"wp:term":[{"taxonomy":"category","embeddable":true,"href":"https:\/\/orthodoxalbania.org\/2020\/wp-json\/wp\/v2\/categories?post=856"},{"taxonomy":"post_tag","embeddable":true,"href":"https:\/\/orthodoxalbania.org\/2020\/wp-json\/wp\/v2\/tags?post=856"}],"curies":[{"name":"wp","href":"https:\/\/api.w.org\/{rel}","templated":true}]}}