{"id":854,"date":"2013-12-28T09:42:21","date_gmt":"2013-12-28T09:42:21","guid":{"rendered":""},"modified":"2020-04-06T22:05:23","modified_gmt":"2020-04-06T20:05:23","slug":"3-1","status":"publish","type":"post","link":"https:\/\/orthodoxalbania.org\/2020\/2013\/12\/28\/3-1\/","title":{"rendered":"Krishtlindje n\u00eb Berat. (Dhjetor 2013)"},"content":{"rendered":"<div style=\"text-align: justify;\"><span style=\"font-family: tahoma,geneva,sans-serif;\"><span style=\"font-size: 12px;\"><img decoding=\"async\" class=\"lazyload HAa Eha\" style=\"height: 200px; width: 300px; margin: 10px; float: left; border-width: 1px; border-style: solid;\" alt=\"\" src=\"data:image\/gif;base64,R0lGODlhAQABAAAAACH5BAEKAAEALAAAAAABAAEAAAICTAEAOw==\" data-orig-src=\"https:\/\/lh4.googleusercontent.com\/-vY7sARXw8xM\/Ur6ax3LoqbI\/AAAAAAAAHPw\/ew9gsnz-gtc\/w702-h468-no\/berati+2.JPG\" \/>&nbsp;&nbsp;<span style=\"color: #000000;\">&nbsp; Atmosfera e g\u00ebzueshme e Krishtlindjeve kishte dit\u00eb q\u00eb dukej nw syt\u00eb e f\u00ebmij\u00ebve, e t\u00eb rinjve por edhe te shum\u00eb prej besimtar\u00ebve beratas. Shum\u00eb koh\u00eb m\u00eb p\u00ebrpara kishin filluar p\u00ebrgatitjet p\u00ebr t\u00eb p\u00ebrjetuar sa m\u00eb bukur k\u00ebt\u00eb t\u00eb kremte t\u00eb madhe, Lindjen e Shp\u00ebtimtarit ton\u00eb Jisu Krisht. Aktivitetet dhe koncertet e k\u00ebtij fundviti, ku f\u00ebmij\u00ebt dhe t\u00eb rinjt\u00eb e qytetit ton\u00eb kan\u00eb qen\u00eb shum\u00eb aktiv, e b\u00ebn\u00eb edhe m\u00eb t\u00eb shk\u00eblqyeshme k\u00ebt\u00eb fest\u00eb t\u00eb shndritshme. Emocionuese \u00ebsht\u00eb edhe mbr\u00ebmja e kolendrave, 23 dhjetor, ku shum\u00eb grupe f\u00ebmij\u00ebsh t\u00eb stolisur bukur dhe me Yllin e Betlehemit nd\u00ebr duar, shkojn\u00eb sht\u00ebpi m\u00eb sht\u00ebpi, p\u00ebr t\u00eb ndar\u00eb lajmin e lindjes s\u00eb Shp\u00ebtimtarit.<\/span><\/span> <\/span><\/div>\n<div style=\"text-align: justify;\"><span style=\"font-family: tahoma,geneva,sans-serif;\"><span style=\"font-size: 12px;\"><span style=\"color: #000000;\">&nbsp;&nbsp;&nbsp; Kulmi i fest\u00ebs padyshim \u00ebsht\u00eb m\u00ebngjesi i dat\u00ebs 25 Dhjetor, ku t\u00eb gjith\u00eb orthodhoks\u00ebt drejtohen n\u00eb kisha p\u00ebr t\u00eb kremtuar Lindjen Trupore t\u00eb Shp\u00ebtimtarit Krisht si dhe t\u00eb kungohen me Trupin dhe Gjakun e Tij. N\u00eb Berat, sipas tradit\u00ebs, Liturgjia Hyjnore filloi her\u00ebt n\u00eb or\u00ebn 6 t\u00eb m\u00ebngjesit, e drejtuar nga Mitropoliti i Beratit, Vlor\u00ebs dhe Kanin\u00ebs Imzot Ignati. Pas saj u kryen n\u00eb Mitropolin\u00eb e Hirshme pritjet e rastit ku nuk munguan t\u00eb uronin autoritetet m\u00eb t\u00eb larta vendore, p\u00ebrfaq\u00ebsues t\u00eb komuniteteve fetare si dhe besimtar\u00eb t\u00eb shumt\u00eb.<\/span><\/span> <\/span><\/div>\n<div style=\"text-align: justify;\"><span style=\"font-family: tahoma,geneva,sans-serif;\"><span style=\"font-size: 12px;\"><span style=\"color: #000000;\">&nbsp;&nbsp;&nbsp; E nj\u00ebjta atmosfer\u00eb u p\u00ebrjetua dhe n\u00eb \u00e7do kish\u00eb t\u00eb Mitropolis\u00eb ton\u00eb, t\u00eb rretheve Fier, Lushnje dhe Vlor\u00eb. Edhe n\u00eb enorit\u00eb e shumta t\u00eb k\u00ebtyre zonave Liturgjia Hyjnore filloi her\u00ebt rreth or\u00ebs 6 t\u00eb m\u00ebngjesit. N\u00eb kishat kryesore t\u00eb Z\u00ebvend\u00ebsive u kryen edhe pritje urimesh. Nj\u00eb atmosfer\u00eb e g\u00ebzueshme dhe tep\u00ebr festive u krijua n\u00eb Vlor\u00eb gjat\u00eb pritjeve t\u00eb zhvilluara n\u00eb ambientet e bukura q\u00eb gjenden pran\u00eb kish\u00ebs s\u00eb Sh\u00ebn Theodhor\u00ebve.<\/span><\/span> <\/span><\/div>\n<div style=\"text-align: justify;\"><span style=\"font-family: tahoma,geneva,sans-serif;\"><span style=\"font-size: 12px;\"><span style=\"color: #000000;\">&nbsp;&nbsp;&nbsp; N\u00eb t\u00eb gjitha kishat e Mitropolis\u00eb ton\u00eb u d\u00ebgjua Mesazhi i p\u00ebrgatitur nga Mitropoliti yn\u00eb, Imzot Ignati, n\u00eb t\u00eb cilin theksohej: \u201cPara se t\u00eb vij\u00eb njeriu mbi tok\u00eb, \u201cmbolli Per\u00ebndia Parajs\u00ebn n\u00eb Edem, n\u00eb lindje, dhe vendosi atje njeriun q\u00eb gatoi\u201d. Dhe brenda atij kopshti t\u00eb mrekulluesh\u00ebm dhe t\u00eb per\u00ebndimbjell\u00eb, \u201cb\u00ebri q\u00eb t\u00eb mbijn\u00eb nga toka lloj-lloj pem\u00ebsh t\u00eb k\u00ebndshme nga pamja dhe q\u00eb jepnin fryte t\u00eb mira p\u00ebr t\u2019u ngr\u00ebn\u00eb\u201d. Po, kur erdhi \u201cKrishti mbi tok\u00eb\u201d? Oh At\u00ebher\u00eb! N\u00eb vend t\u00eb Edemit, Betlehemi! N\u00eb vend t\u00eb ngroht\u00ebsis\u00eb s\u00eb Parajs\u00ebs, shpella e lag\u00ebsht dhe e ftoht\u00eb! N\u00eb vend t\u00eb arom\u00ebs s\u00eb Parajs\u00ebs, era e keqe e stall\u00ebs! N\u00eb vend t\u00eb drit\u00ebs verbuese t\u00eb dit\u00ebve t\u00eb Parajs\u00ebs, perdja e err\u00ebt e nat\u00ebs! Dhe Mbjell\u00ebsin e Parajs\u00ebs, kur erdhi mbi tok\u00eb, e pranoi grazhdi i varf\u00ebr i kafsh\u00ebve t\u00eb palogjikshme! E ndjem\u00eb vall\u00eb, ndonj\u00ebher\u00eb, se Krishti erdhi nga qiejt mbi tok\u00eb, me kushtet m\u00eb t\u00eb p\u00ebrulura dhe t\u00eb varfra, q\u00eb t\u00eb lart\u00ebsoj\u00eb njeriun, nga toka n\u00eb qiell? \u201cNjeri, u b\u00eb Per\u00ebndia, n\u00eb m\u00ebnyr\u00eb q\u00eb ta b\u00ebj\u00eb Adamin, Per\u00ebndi\u201d, v\u00ebren sh\u00ebn Athanasi i Madh. Po, Per\u00ebndi sipas hirit, q\u00eb, si\u00e7 thot\u00eb sh\u00ebn Pavli, \u201ct\u00eb marrim bir\u00ebsin\u00eb\u201d. \u201d<\/p>\n<p> &nbsp;&nbsp;&nbsp;&nbsp; <strong>Dhjakon Joan Qako<\/strong><\/span><\/span> <\/span><\/div>\n<p style=\"text-align: justify;\"><span style=\"font-family: tahoma,geneva,sans-serif;\"><span style=\"font-size: 12px;\"><strong><img decoding=\"async\" class=\"lazyload HAa Eha\" style=\"height: 400px; width: 600px; margin: 10px; border-width: 1px; border-style: solid;\" alt=\"\" src=\"data:image\/gif;base64,R0lGODlhAQABAAAAACH5BAEKAAEALAAAAAABAAEAAAICTAEAOw==\" data-orig-src=\"https:\/\/lh6.googleusercontent.com\/-ID-Lc0HRJjs\/Ur6a1BBxDmI\/AAAAAAAAHQM\/uUa4mnQZEA8\/w702-h468-no\/berati+1.jpg\" \/><\/strong><\/span><\/span><\/p>\n<p style=\"text-align: justify;\"><span style=\"font-family: tahoma,geneva,sans-serif;\"><span style=\"font-size: 12px;\"><strong><img decoding=\"async\" class=\"lazyload HAa Eha\" style=\"height: 400px; width: 600px; margin: 10px; border-width: 1px; border-style: solid;\" alt=\"\" src=\"data:image\/gif;base64,R0lGODlhAQABAAAAACH5BAEKAAEALAAAAAABAAEAAAICTAEAOw==\" data-orig-src=\"https:\/\/lh5.googleusercontent.com\/-JVsawL0HLVs\/Ur6axSt_0DI\/AAAAAAAAHPo\/pDMvAq_Cn_8\/w702-h468-no\/berati+3.JPG\" \/><\/strong><\/span><\/span><\/p>\n<p style=\"text-align: justify;\"><span style=\"font-family: tahoma,geneva,sans-serif;\"><span style=\"font-size: 12px;\"><strong><img decoding=\"async\" class=\"lazyload HAa Eha\" style=\"height: 400px; width: 600px; margin: 10px; border-width: 1px; border-style: solid;\" alt=\"\" src=\"data:image\/gif;base64,R0lGODlhAQABAAAAACH5BAEKAAEALAAAAAABAAEAAAICTAEAOw==\" data-orig-src=\"https:\/\/lh5.googleusercontent.com\/-LMCWqx_V0Qg\/Ur6axC903jI\/AAAAAAAAHPk\/vcSFbv5eF2U\/w702-h468-no\/berati+4.JPG\" \/><\/strong><\/span><\/span><\/p>\n<p style=\"text-align: justify;\"><span style=\"font-family: tahoma,geneva,sans-serif;\"><span style=\"font-size: 12px;\"><strong><img decoding=\"async\" class=\"lazyload HAa Eha\" style=\"height: 400px; width: 600px; margin: 10px; border-width: 1px; border-style: solid;\" alt=\"\" src=\"data:image\/gif;base64,R0lGODlhAQABAAAAACH5BAEKAAEALAAAAAABAAEAAAICTAEAOw==\" data-orig-src=\"https:\/\/lh6.googleusercontent.com\/-tLMA2U1OK1g\/Ur6ayF1Vd5I\/AAAAAAAAHP4\/8a-TGutVffs\/w702-h468-no\/berati+5.JPG\" \/><\/strong><\/span><\/span><\/p>\n<p style=\"text-align: justify;\"><span style=\"font-family: tahoma,geneva,sans-serif;\"><span style=\"font-size: 12px;\"><strong><img decoding=\"async\" class=\"lazyload HAa Eha\" style=\"height: 400px; width: 600px; margin: 10px; border-width: 1px; border-style: solid;\" alt=\"\" src=\"data:image\/gif;base64,R0lGODlhAQABAAAAACH5BAEKAAEALAAAAAABAAEAAAICTAEAOw==\" data-orig-src=\"https:\/\/lh3.googleusercontent.com\/-SZqyB_uRnw4\/Ur6ayjVwmwI\/AAAAAAAAHQA\/B3pwu-uepTY\/w702-h468-no\/berati+6.JPG\" \/><\/strong><\/span><\/span><\/p>\n<p style=\"text-align: justify;\"><span style=\"font-family: tahoma,geneva,sans-serif;\"><span style=\"font-size: 12px;\"><strong><img decoding=\"async\" class=\"lazyload HAa Eha\" style=\"height: 400px; width: 600px; margin: 10px; border-width: 1px; border-style: solid;\" alt=\"\" src=\"data:image\/gif;base64,R0lGODlhAQABAAAAACH5BAEKAAEALAAAAAABAAEAAAICTAEAOw==\" data-orig-src=\"https:\/\/lh4.googleusercontent.com\/-lT20P_arvq8\/Ur6azBqnslI\/AAAAAAAAHQE\/NGdAYQ2YiZw\/w702-h468-no\/berati+7.JPG\" \/><\/strong><\/span><\/span><\/p>\n","protected":false},"excerpt":{"rendered":"<p>&nbsp;&nbsp;&nbsp; Atmosfera e g\u00ebzueshme e Krishtlindjeve kishte dit\u00eb q\u00eb dukej nw syt\u00eb e f\u00ebmij\u00ebve, e t\u00eb rinjve por edhe te shum\u00eb prej besimtar\u00ebve beratas. Shum\u00eb koh\u00eb m\u00eb p\u00ebrpara kishin filluar p\u00ebrgatitjet p\u00ebr t\u00eb p\u00ebrjetuar sa m\u00eb bukur k\u00ebt\u00eb t\u00eb kremte t\u00eb madhe, Lindjen e Shp\u00ebtimtarit ton\u00eb Jisu Krisht. Aktivitetet dhe koncertet e k\u00ebtij fundviti, ku f\u00ebmij\u00ebt dhe t\u00eb rinjt\u00eb e qytetit ton\u00eb kan\u00eb qen\u00eb shum\u00eb<\/p>\n","protected":false},"author":1,"featured_media":855,"comment_status":"open","ping_status":"open","sticky":false,"template":"","format":"standard","meta":{"_acf_changed":false,"pagelayer_contact_templates":[],"_pagelayer_content":"","inline_featured_image":false,"fifu_image_url":"","fifu_image_alt":"","footnotes":""},"categories":[108],"tags":[141,157,192,212,197],"class_list":["post-854","post","type-post","status-publish","format-standard","has-post-thumbnail","hentry","category-lajme","tag-141","tag-kremtime","tag-krishtlindje","tag-lajme-d27","tag-berat"],"acf":[],"yoast_head":"<!-- This site is optimized with the Yoast SEO plugin v27.2 - https:\/\/yoast.com\/product\/yoast-seo-wordpress\/ -->\n<title>Krishtlindje n\u00eb Berat. (Dhjetor 2013) - Kisha Orthodh\u03bfkse Autoqefale e Shqip\u00ebris\u00eb<\/title>\n<meta name=\"robots\" content=\"index, follow, max-snippet:-1, max-image-preview:large, max-video-preview:-1\" \/>\n<link rel=\"canonical\" href=\"https:\/\/orthodoxalbania.org\/2020\/2013\/12\/28\/3-1\/\" \/>\n<meta property=\"og:locale\" content=\"en_US\" \/>\n<meta property=\"og:type\" content=\"article\" \/>\n<meta property=\"og:title\" content=\"Krishtlindje n\u00eb Berat. (Dhjetor 2013) - Kisha Orthodh\u03bfkse Autoqefale e Shqip\u00ebris\u00eb\" \/>\n<meta property=\"og:description\" content=\"&nbsp;&nbsp;&nbsp; Atmosfera e g\u00ebzueshme e Krishtlindjeve kishte dit\u00eb q\u00eb dukej nw syt\u00eb e f\u00ebmij\u00ebve, e t\u00eb rinjve por edhe te shum\u00eb prej besimtar\u00ebve beratas. Shum\u00eb koh\u00eb m\u00eb p\u00ebrpara kishin filluar p\u00ebrgatitjet p\u00ebr t\u00eb p\u00ebrjetuar sa m\u00eb bukur k\u00ebt\u00eb t\u00eb kremte t\u00eb madhe, Lindjen e Shp\u00ebtimtarit ton\u00eb Jisu Krisht. Aktivitetet dhe koncertet e k\u00ebtij fundviti, ku f\u00ebmij\u00ebt dhe t\u00eb rinjt\u00eb e qytetit ton\u00eb kan\u00eb qen\u00eb shum\u00eb\" \/>\n<meta property=\"og:url\" content=\"https:\/\/orthodoxalbania.org\/2020\/2013\/12\/28\/3-1\/\" \/>\n<meta property=\"og:site_name\" content=\"Kisha Orthodh\u03bfkse Autoqefale e Shqip\u00ebris\u00eb\" \/>\n<meta property=\"article:publisher\" content=\"https:\/\/www.facebook.com\/koash1991\" \/>\n<meta property=\"article:published_time\" content=\"2013-12-28T09:42:21+00:00\" \/>\n<meta property=\"article:modified_time\" content=\"2020-04-06T20:05:23+00:00\" \/>\n<meta property=\"og:image\" content=\"https:\/\/orthodoxalbania.org\/2020\/wp-content\/uploads\/2020\/04\/berati-2.JPG\" \/>\n\t<meta property=\"og:image:width\" content=\"702\" \/>\n\t<meta property=\"og:image:height\" content=\"468\" \/>\n\t<meta property=\"og:image:type\" content=\"image\/jpeg\" \/>\n<meta name=\"author\" content=\"Kisha Orthodhokse\" \/>\n<meta name=\"twitter:card\" content=\"summary_large_image\" \/>\n<meta name=\"twitter:label1\" content=\"Written by\" \/>\n\t<meta name=\"twitter:data1\" content=\"Kisha Orthodhokse\" \/>\n\t<meta name=\"twitter:label2\" content=\"Est. reading time\" \/>\n\t<meta name=\"twitter:data2\" content=\"3 minutes\" \/>\n<script type=\"application\/ld+json\" class=\"yoast-schema-graph\">{\"@context\":\"https:\/\/schema.org\",\"@graph\":[{\"@type\":\"Article\",\"@id\":\"https:\/\/orthodoxalbania.org\/2020\/2013\/12\/28\/3-1\/#article\",\"isPartOf\":{\"@id\":\"https:\/\/orthodoxalbania.org\/2020\/2013\/12\/28\/3-1\/\"},\"author\":{\"name\":\"Kisha Orthodhokse\",\"@id\":\"https:\/\/orthodoxalbania.org\/2020\/#\/schema\/person\/0c387634a7063ac612d7ed9ce71c7e86\"},\"headline\":\"Krishtlindje n\u00eb Berat. (Dhjetor 2013)\",\"datePublished\":\"2013-12-28T09:42:21+00:00\",\"dateModified\":\"2020-04-06T20:05:23+00:00\",\"mainEntityOfPage\":{\"@id\":\"https:\/\/orthodoxalbania.org\/2020\/2013\/12\/28\/3-1\/\"},\"wordCount\":572,\"commentCount\":0,\"publisher\":{\"@id\":\"https:\/\/orthodoxalbania.org\/2020\/#organization\"},\"image\":{\"@id\":\"https:\/\/orthodoxalbania.org\/2020\/2013\/12\/28\/3-1\/#primaryimage\"},\"thumbnailUrl\":\"https:\/\/orthodoxalbania.org\/2020\/wp-content\/uploads\/2020\/04\/berati-2.JPG\",\"keywords\":[\"2013\",\"Kremtime\",\"Krishtlindje\",\"lajme\",\"Mitropolia Berat\"],\"articleSection\":[\"Lajme\"],\"inLanguage\":\"en-US\"},{\"@type\":\"WebPage\",\"@id\":\"https:\/\/orthodoxalbania.org\/2020\/2013\/12\/28\/3-1\/\",\"url\":\"https:\/\/orthodoxalbania.org\/2020\/2013\/12\/28\/3-1\/\",\"name\":\"Krishtlindje n\u00eb Berat. (Dhjetor 2013) - Kisha Orthodh\u03bfkse Autoqefale e Shqip\u00ebris\u00eb\",\"isPartOf\":{\"@id\":\"https:\/\/orthodoxalbania.org\/2020\/#website\"},\"primaryImageOfPage\":{\"@id\":\"https:\/\/orthodoxalbania.org\/2020\/2013\/12\/28\/3-1\/#primaryimage\"},\"image\":{\"@id\":\"https:\/\/orthodoxalbania.org\/2020\/2013\/12\/28\/3-1\/#primaryimage\"},\"thumbnailUrl\":\"https:\/\/orthodoxalbania.org\/2020\/wp-content\/uploads\/2020\/04\/berati-2.JPG\",\"datePublished\":\"2013-12-28T09:42:21+00:00\",\"dateModified\":\"2020-04-06T20:05:23+00:00\",\"breadcrumb\":{\"@id\":\"https:\/\/orthodoxalbania.org\/2020\/2013\/12\/28\/3-1\/#breadcrumb\"},\"inLanguage\":\"en-US\",\"potentialAction\":[{\"@type\":\"ReadAction\",\"target\":[\"https:\/\/orthodoxalbania.org\/2020\/2013\/12\/28\/3-1\/\"]}]},{\"@type\":\"ImageObject\",\"inLanguage\":\"en-US\",\"@id\":\"https:\/\/orthodoxalbania.org\/2020\/2013\/12\/28\/3-1\/#primaryimage\",\"url\":\"https:\/\/orthodoxalbania.org\/2020\/wp-content\/uploads\/2020\/04\/berati-2.JPG\",\"contentUrl\":\"https:\/\/orthodoxalbania.org\/2020\/wp-content\/uploads\/2020\/04\/berati-2.JPG\",\"width\":702,\"height\":468},{\"@type\":\"BreadcrumbList\",\"@id\":\"https:\/\/orthodoxalbania.org\/2020\/2013\/12\/28\/3-1\/#breadcrumb\",\"itemListElement\":[{\"@type\":\"ListItem\",\"position\":1,\"name\":\"Home\",\"item\":\"https:\/\/orthodoxalbania.org\/2020\/\"},{\"@type\":\"ListItem\",\"position\":2,\"name\":\"Krishtlindje n\u00eb Berat. (Dhjetor 2013)\"}]},{\"@type\":\"WebSite\",\"@id\":\"https:\/\/orthodoxalbania.org\/2020\/#website\",\"url\":\"https:\/\/orthodoxalbania.org\/2020\/\",\"name\":\"Kisha Orthodh\u03bfkse Autoqefale e Shqip\u00ebris\u00eb\",\"description\":\"Fqja Zyrtare e Kish\u00ebs Orthodhokse Autoqefale e Shqip\u00ebris\u00eb me lajmet edhe informacionet zyrtare p\u00ebr struktur\u00ebn edhe veprimtarin e saj.\",\"publisher\":{\"@id\":\"https:\/\/orthodoxalbania.org\/2020\/#organization\"},\"potentialAction\":[{\"@type\":\"SearchAction\",\"target\":{\"@type\":\"EntryPoint\",\"urlTemplate\":\"https:\/\/orthodoxalbania.org\/2020\/?s={search_term_string}\"},\"query-input\":{\"@type\":\"PropertyValueSpecification\",\"valueRequired\":true,\"valueName\":\"search_term_string\"}}],\"inLanguage\":\"en-US\"},{\"@type\":\"Organization\",\"@id\":\"https:\/\/orthodoxalbania.org\/2020\/#organization\",\"name\":\"Kisha Orthodhokse Autoqefale e Shqip\u00ebris\u00eb\",\"url\":\"https:\/\/orthodoxalbania.org\/2020\/\",\"logo\":{\"@type\":\"ImageObject\",\"inLanguage\":\"en-US\",\"@id\":\"https:\/\/orthodoxalbania.org\/2020\/#\/schema\/logo\/image\/\",\"url\":\"https:\/\/orthodoxalbania.org\/2020\/wp-content\/uploads\/2020\/05\/albania.jpeg\",\"contentUrl\":\"https:\/\/orthodoxalbania.org\/2020\/wp-content\/uploads\/2020\/05\/albania.jpeg\",\"width\":540,\"height\":540,\"caption\":\"Kisha Orthodhokse Autoqefale e Shqip\u00ebris\u00eb\"},\"image\":{\"@id\":\"https:\/\/orthodoxalbania.org\/2020\/#\/schema\/logo\/image\/\"},\"sameAs\":[\"https:\/\/www.facebook.com\/koash1991\"]},{\"@type\":\"Person\",\"@id\":\"https:\/\/orthodoxalbania.org\/2020\/#\/schema\/person\/0c387634a7063ac612d7ed9ce71c7e86\",\"name\":\"Kisha Orthodhokse\",\"image\":{\"@type\":\"ImageObject\",\"inLanguage\":\"en-US\",\"@id\":\"https:\/\/secure.gravatar.com\/avatar\/596e7c417251e30f2fbb9c00e026fce61a695a00e51c889caded71c96cbbdde5?s=96&d=mm&r=g\",\"url\":\"https:\/\/secure.gravatar.com\/avatar\/596e7c417251e30f2fbb9c00e026fce61a695a00e51c889caded71c96cbbdde5?s=96&d=mm&r=g\",\"contentUrl\":\"https:\/\/secure.gravatar.com\/avatar\/596e7c417251e30f2fbb9c00e026fce61a695a00e51c889caded71c96cbbdde5?s=96&d=mm&r=g\",\"caption\":\"Kisha Orthodhokse\"}}]}<\/script>\n<!-- \/ Yoast SEO plugin. -->","yoast_head_json":{"title":"Krishtlindje n\u00eb Berat. (Dhjetor 2013) - Kisha Orthodh\u03bfkse Autoqefale e Shqip\u00ebris\u00eb","robots":{"index":"index","follow":"follow","max-snippet":"max-snippet:-1","max-image-preview":"max-image-preview:large","max-video-preview":"max-video-preview:-1"},"canonical":"https:\/\/orthodoxalbania.org\/2020\/2013\/12\/28\/3-1\/","og_locale":"en_US","og_type":"article","og_title":"Krishtlindje n\u00eb Berat. (Dhjetor 2013) - Kisha Orthodh\u03bfkse Autoqefale e Shqip\u00ebris\u00eb","og_description":"&nbsp;&nbsp;&nbsp; Atmosfera e g\u00ebzueshme e Krishtlindjeve kishte dit\u00eb q\u00eb dukej nw syt\u00eb e f\u00ebmij\u00ebve, e t\u00eb rinjve por edhe te shum\u00eb prej besimtar\u00ebve beratas. Shum\u00eb koh\u00eb m\u00eb p\u00ebrpara kishin filluar p\u00ebrgatitjet p\u00ebr t\u00eb p\u00ebrjetuar sa m\u00eb bukur k\u00ebt\u00eb t\u00eb kremte t\u00eb madhe, Lindjen e Shp\u00ebtimtarit ton\u00eb Jisu Krisht. Aktivitetet dhe koncertet e k\u00ebtij fundviti, ku f\u00ebmij\u00ebt dhe t\u00eb rinjt\u00eb e qytetit ton\u00eb kan\u00eb qen\u00eb shum\u00eb","og_url":"https:\/\/orthodoxalbania.org\/2020\/2013\/12\/28\/3-1\/","og_site_name":"Kisha Orthodh\u03bfkse Autoqefale e Shqip\u00ebris\u00eb","article_publisher":"https:\/\/www.facebook.com\/koash1991","article_published_time":"2013-12-28T09:42:21+00:00","article_modified_time":"2020-04-06T20:05:23+00:00","og_image":[{"width":702,"height":468,"url":"https:\/\/orthodoxalbania.org\/2020\/wp-content\/uploads\/2020\/04\/berati-2.JPG","type":"image\/jpeg"}],"author":"Kisha Orthodhokse","twitter_card":"summary_large_image","twitter_misc":{"Written by":"Kisha Orthodhokse","Est. reading time":"3 minutes"},"schema":{"@context":"https:\/\/schema.org","@graph":[{"@type":"Article","@id":"https:\/\/orthodoxalbania.org\/2020\/2013\/12\/28\/3-1\/#article","isPartOf":{"@id":"https:\/\/orthodoxalbania.org\/2020\/2013\/12\/28\/3-1\/"},"author":{"name":"Kisha Orthodhokse","@id":"https:\/\/orthodoxalbania.org\/2020\/#\/schema\/person\/0c387634a7063ac612d7ed9ce71c7e86"},"headline":"Krishtlindje n\u00eb Berat. (Dhjetor 2013)","datePublished":"2013-12-28T09:42:21+00:00","dateModified":"2020-04-06T20:05:23+00:00","mainEntityOfPage":{"@id":"https:\/\/orthodoxalbania.org\/2020\/2013\/12\/28\/3-1\/"},"wordCount":572,"commentCount":0,"publisher":{"@id":"https:\/\/orthodoxalbania.org\/2020\/#organization"},"image":{"@id":"https:\/\/orthodoxalbania.org\/2020\/2013\/12\/28\/3-1\/#primaryimage"},"thumbnailUrl":"https:\/\/orthodoxalbania.org\/2020\/wp-content\/uploads\/2020\/04\/berati-2.JPG","keywords":["2013","Kremtime","Krishtlindje","lajme","Mitropolia Berat"],"articleSection":["Lajme"],"inLanguage":"en-US"},{"@type":"WebPage","@id":"https:\/\/orthodoxalbania.org\/2020\/2013\/12\/28\/3-1\/","url":"https:\/\/orthodoxalbania.org\/2020\/2013\/12\/28\/3-1\/","name":"Krishtlindje n\u00eb Berat. (Dhjetor 2013) - Kisha Orthodh\u03bfkse Autoqefale e Shqip\u00ebris\u00eb","isPartOf":{"@id":"https:\/\/orthodoxalbania.org\/2020\/#website"},"primaryImageOfPage":{"@id":"https:\/\/orthodoxalbania.org\/2020\/2013\/12\/28\/3-1\/#primaryimage"},"image":{"@id":"https:\/\/orthodoxalbania.org\/2020\/2013\/12\/28\/3-1\/#primaryimage"},"thumbnailUrl":"https:\/\/orthodoxalbania.org\/2020\/wp-content\/uploads\/2020\/04\/berati-2.JPG","datePublished":"2013-12-28T09:42:21+00:00","dateModified":"2020-04-06T20:05:23+00:00","breadcrumb":{"@id":"https:\/\/orthodoxalbania.org\/2020\/2013\/12\/28\/3-1\/#breadcrumb"},"inLanguage":"en-US","potentialAction":[{"@type":"ReadAction","target":["https:\/\/orthodoxalbania.org\/2020\/2013\/12\/28\/3-1\/"]}]},{"@type":"ImageObject","inLanguage":"en-US","@id":"https:\/\/orthodoxalbania.org\/2020\/2013\/12\/28\/3-1\/#primaryimage","url":"https:\/\/orthodoxalbania.org\/2020\/wp-content\/uploads\/2020\/04\/berati-2.JPG","contentUrl":"https:\/\/orthodoxalbania.org\/2020\/wp-content\/uploads\/2020\/04\/berati-2.JPG","width":702,"height":468},{"@type":"BreadcrumbList","@id":"https:\/\/orthodoxalbania.org\/2020\/2013\/12\/28\/3-1\/#breadcrumb","itemListElement":[{"@type":"ListItem","position":1,"name":"Home","item":"https:\/\/orthodoxalbania.org\/2020\/"},{"@type":"ListItem","position":2,"name":"Krishtlindje n\u00eb Berat. (Dhjetor 2013)"}]},{"@type":"WebSite","@id":"https:\/\/orthodoxalbania.org\/2020\/#website","url":"https:\/\/orthodoxalbania.org\/2020\/","name":"Kisha Orthodh\u03bfkse Autoqefale e Shqip\u00ebris\u00eb","description":"Fqja Zyrtare e Kish\u00ebs Orthodhokse Autoqefale e Shqip\u00ebris\u00eb me lajmet edhe informacionet zyrtare p\u00ebr struktur\u00ebn edhe veprimtarin e saj.","publisher":{"@id":"https:\/\/orthodoxalbania.org\/2020\/#organization"},"potentialAction":[{"@type":"SearchAction","target":{"@type":"EntryPoint","urlTemplate":"https:\/\/orthodoxalbania.org\/2020\/?s={search_term_string}"},"query-input":{"@type":"PropertyValueSpecification","valueRequired":true,"valueName":"search_term_string"}}],"inLanguage":"en-US"},{"@type":"Organization","@id":"https:\/\/orthodoxalbania.org\/2020\/#organization","name":"Kisha Orthodhokse Autoqefale e Shqip\u00ebris\u00eb","url":"https:\/\/orthodoxalbania.org\/2020\/","logo":{"@type":"ImageObject","inLanguage":"en-US","@id":"https:\/\/orthodoxalbania.org\/2020\/#\/schema\/logo\/image\/","url":"https:\/\/orthodoxalbania.org\/2020\/wp-content\/uploads\/2020\/05\/albania.jpeg","contentUrl":"https:\/\/orthodoxalbania.org\/2020\/wp-content\/uploads\/2020\/05\/albania.jpeg","width":540,"height":540,"caption":"Kisha Orthodhokse Autoqefale e Shqip\u00ebris\u00eb"},"image":{"@id":"https:\/\/orthodoxalbania.org\/2020\/#\/schema\/logo\/image\/"},"sameAs":["https:\/\/www.facebook.com\/koash1991"]},{"@type":"Person","@id":"https:\/\/orthodoxalbania.org\/2020\/#\/schema\/person\/0c387634a7063ac612d7ed9ce71c7e86","name":"Kisha Orthodhokse","image":{"@type":"ImageObject","inLanguage":"en-US","@id":"https:\/\/secure.gravatar.com\/avatar\/596e7c417251e30f2fbb9c00e026fce61a695a00e51c889caded71c96cbbdde5?s=96&d=mm&r=g","url":"https:\/\/secure.gravatar.com\/avatar\/596e7c417251e30f2fbb9c00e026fce61a695a00e51c889caded71c96cbbdde5?s=96&d=mm&r=g","contentUrl":"https:\/\/secure.gravatar.com\/avatar\/596e7c417251e30f2fbb9c00e026fce61a695a00e51c889caded71c96cbbdde5?s=96&d=mm&r=g","caption":"Kisha Orthodhokse"}}]}},"_links":{"self":[{"href":"https:\/\/orthodoxalbania.org\/2020\/wp-json\/wp\/v2\/posts\/854","targetHints":{"allow":["GET"]}}],"collection":[{"href":"https:\/\/orthodoxalbania.org\/2020\/wp-json\/wp\/v2\/posts"}],"about":[{"href":"https:\/\/orthodoxalbania.org\/2020\/wp-json\/wp\/v2\/types\/post"}],"author":[{"embeddable":true,"href":"https:\/\/orthodoxalbania.org\/2020\/wp-json\/wp\/v2\/users\/1"}],"replies":[{"embeddable":true,"href":"https:\/\/orthodoxalbania.org\/2020\/wp-json\/wp\/v2\/comments?post=854"}],"version-history":[{"count":1,"href":"https:\/\/orthodoxalbania.org\/2020\/wp-json\/wp\/v2\/posts\/854\/revisions"}],"predecessor-version":[{"id":15134,"href":"https:\/\/orthodoxalbania.org\/2020\/wp-json\/wp\/v2\/posts\/854\/revisions\/15134"}],"wp:featuredmedia":[{"embeddable":true,"href":"https:\/\/orthodoxalbania.org\/2020\/wp-json\/wp\/v2\/media\/855"}],"wp:attachment":[{"href":"https:\/\/orthodoxalbania.org\/2020\/wp-json\/wp\/v2\/media?parent=854"}],"wp:term":[{"taxonomy":"category","embeddable":true,"href":"https:\/\/orthodoxalbania.org\/2020\/wp-json\/wp\/v2\/categories?post=854"},{"taxonomy":"post_tag","embeddable":true,"href":"https:\/\/orthodoxalbania.org\/2020\/wp-json\/wp\/v2\/tags?post=854"}],"curies":[{"name":"wp","href":"https:\/\/api.w.org\/{rel}","templated":true}]}}