{"id":851,"date":"2014-12-24T12:54:03","date_gmt":"2014-12-24T12:54:03","guid":{"rendered":""},"modified":"2020-04-06T22:02:19","modified_gmt":"2020-04-06T20:02:19","slug":"mesazhi-i-kryepiskopit-anastas-krishtlindje-2014","status":"publish","type":"post","link":"https:\/\/orthodoxalbania.org\/2020\/2014\/12\/24\/mesazhi-i-kryepiskopit-anastas-krishtlindje-2014\/","title":{"rendered":"KRISHTLINDJE 2014 &#8211; T\u00eb mahnitshme jan\u00eb nd\u00ebrhyrjet e Per\u00ebndis\u00eb. Kap\u00ebrcimi i s\u00eb pamundur\u00ebs &#8211; Mesazh nga Kryepiskopi Anastas"},"content":{"rendered":"<p>\n\t<span style=\"color: #000000;\"><span style=\"font-size: 12px;\"><span style=\"font-family: tahoma,geneva,sans-serif;\"><img decoding=\"async\" alt=\"\" class=\"lazyload HAa Eha\" src=\"data:image\/gif;base64,R0lGODlhAQABAAAAACH5BAEKAAEALAAAAAABAAEAAAICTAEAOw==\" data-orig-src=\"https:\/\/lh3.googleusercontent.com\/-0XaSr7tg_9w\/U_NB8PwotlI\/AAAAAAAAA2g\/QXaauIV8bCc\/s577-no\/logo.png\" style=\"height: 53px; width: 53px; display: block; margin-left: auto; margin-right: auto;\" \/><\/span><\/span><\/span><\/p>\n<p style=\"text-align: center;\">\n\t<span style=\"font-size: 12pt; font-family: helvetica; color: #000000;\">Kisha Orthodhokse Autoqefale e Shqip\u00ebris\u00eb<\/span><br \/>\n\t<span style=\"font-size: 12pt; font-family: helvetica; color: #000000;\"> &nbsp;&nbsp;&nbsp;&nbsp;&nbsp;&nbsp;&nbsp;&nbsp;&nbsp;&nbsp;&nbsp;&nbsp;&nbsp;&nbsp;&nbsp;&nbsp;&nbsp;&nbsp;&nbsp;&nbsp;&nbsp;&nbsp;&nbsp;&nbsp;&nbsp;&nbsp;&nbsp;&nbsp;&nbsp;&nbsp;&nbsp;&nbsp;&nbsp;&nbsp;&nbsp;&nbsp;&nbsp;&nbsp;&nbsp;&nbsp;&nbsp;&nbsp;&nbsp;&nbsp;&nbsp;&nbsp;&nbsp;&nbsp;&nbsp;&nbsp;&nbsp; &nbsp;<\/span><br \/>\n\t<span style=\"color: #000000;\"> <strong><span style=\"font-size: 12pt; font-family: helvetica;\">Krishtlindje 2014<\/span><\/strong><\/span><br \/>\n\t<span style=\"color: #000000;\"> <strong><span style=\"font-size: 12pt; font-family: helvetica;\">&nbsp;&nbsp;&nbsp;&nbsp;&nbsp;&nbsp;&nbsp;&nbsp;&nbsp;&nbsp;&nbsp;&nbsp;&nbsp;&nbsp;&nbsp; &nbsp;<\/span><\/strong><\/span><br \/>\n\t<span style=\"color: #000000;\"> <strong><span style=\"font-size: 12pt; font-family: helvetica;\">\u2020 Anastasi<\/span><\/strong><\/span><br \/>\n\t<span style=\"font-size: 12pt; font-family: helvetica; color: #000000;\"> Kryepiskop i Tiran\u00ebs, Durr\u00ebsit dhe i Gjith\u00eb Shqip\u00ebris\u00eb<\/span><\/p>\n<p>\t<span style=\"color: #000000;\"> <strong><span style=\"font-size: 12pt; font-family: helvetica;\">T\u00eb mahnitshme jan\u00eb nd\u00ebrhyrjet e Per\u00ebndis\u00eb<\/span><\/strong><\/span><\/p>\n<p>\t<span style=\"color: #000000;\"> <strong><span style=\"font-size: 12pt; font-family: helvetica;\">Kap\u00ebrcimi i s\u00eb pamundur\u00ebs<\/span><\/strong><\/span><\/p>\n<p>\n\t<span style=\"color: #000000;\"> &nbsp;<\/span><\/p>\n<p style=\"text-align: left;\">\n<p>\t<span style=\"font-size: 12pt; font-family: helvetica; color: #000000;\">&nbsp;&nbsp;&nbsp;&nbsp; Klerit dhe popullit shpres\u00ebtar Orthodhoks,<\/span><br \/>\n\t<span style=\"font-size: 12pt; font-family: helvetica; color: #000000;\"> &nbsp;&nbsp;&nbsp;&nbsp; Bij t\u00eb shtrenjt\u00eb m\u00eb Zotin,<\/span><\/p>\n<p style=\"text-align: justify;\">\n\t&nbsp;<\/p>\n<p style=\"text-align: right;\">\n\t<br \/>\n\t<span style=\"font-size: 12pt; font-family: helvetica; color: #000000;\">&nbsp;&nbsp;&nbsp;&nbsp;&nbsp;&nbsp;&nbsp;&nbsp;&nbsp;&nbsp;&nbsp;&nbsp;&nbsp;&nbsp;&nbsp;&nbsp;&nbsp;&nbsp;&nbsp;&nbsp;&nbsp;&nbsp;&nbsp;&nbsp;&nbsp;&nbsp;&nbsp;&nbsp;&nbsp;&nbsp;&nbsp;&nbsp;&nbsp;&nbsp;&nbsp;&nbsp; \u201c Atje ku do Per\u00ebndia, mposhtet rregulli i natyr\u00ebs.\u201d<\/span><br \/>\n\t<span style=\"font-size: 12pt; font-family: helvetica; color: #000000;\"> &nbsp;&nbsp;&nbsp;&nbsp;&nbsp;&nbsp;&nbsp;&nbsp;&nbsp;&nbsp;&nbsp;&nbsp;&nbsp;&nbsp;&nbsp;&nbsp;&nbsp;&nbsp;&nbsp;&nbsp;&nbsp;&nbsp;&nbsp;&nbsp;&nbsp;&nbsp;&nbsp;&nbsp;&nbsp;&nbsp;&nbsp;&nbsp;&nbsp;&nbsp;&nbsp;&nbsp;&nbsp;&nbsp;&nbsp;&nbsp;&nbsp;&nbsp;&nbsp;&nbsp;&nbsp;&nbsp;&nbsp;&nbsp;&nbsp;&nbsp;&nbsp;&nbsp; (Himn nga M\u00ebngjesorja e Krishtlindjes)<\/span><br \/>\n\t<span style=\"font-size: 12pt; font-family: helvetica; color: #000000;\"> &nbsp;&nbsp;&nbsp;&nbsp;&nbsp;&nbsp; <\/span><\/p>\n<p style=\"text-align: justify;\">\n\t<br \/>\n\t<span style=\"font-size: 12pt; font-family: helvetica; color: #000000;\">&nbsp;&nbsp;&nbsp; T\u00eb papritura jan\u00eb m\u00ebnyrat me t\u00eb cilat vepron Per\u00ebndia; t\u00eb pakapshme p\u00ebr logjik\u00ebn njer\u00ebzore. Ngjarjet e Krishtlindjes na sigurojn\u00eb p\u00ebr k\u00ebt\u00eb t\u00eb v\u00ebrtet\u00eb.<\/span><\/p>\n<p style=\"text-align: justify;\">\n\t<span style=\"font-size: 12pt; font-family: helvetica; color: #000000;\">&nbsp;&nbsp;&nbsp; Jisu Krishti, Shp\u00ebtimtari i bot\u00ebs, nuk vjen n\u00eb historin\u00eb e njer\u00ebzimit si ushtarak apo qeveritar i t\u00ebr\u00ebfuqish\u00ebm. Nuk imponohet me an\u00eb t\u00eb fuqis\u00eb, pasuris\u00eb dhe dituris\u00eb s\u00eb jashtme. Lind n\u00eb nj\u00eb vend t\u00eb varf\u00ebr, n\u00eb grazhdin e nj\u00eb stalle, n\u00eb nj\u00eb ambient jomikprit\u00ebs, indiferent deri n\u00eb armiq\u00ebsor. N\u00ebna e Tij e dhembshur, \u201ce mb\u00ebshtolli me shp\u00ebrg\u00ebnj dhe e vuri t\u00eb rrij\u00eb n\u00eb grazhd, sepse nuk kishte vend p\u00ebr ata atje ku kishin r\u00ebn\u00eb\u201d (Llk.2:7).<\/span><\/p>\n<p style=\"text-align: justify;\">\n\t<span style=\"font-size: 12pt; font-family: helvetica; color: #000000;\">&nbsp;&nbsp;&nbsp; B\u00ebrja njeri e Fjal\u00ebs s\u00eb Per\u00ebndis\u00eb g\u00ebrshetohet me rrethana kund\u00ebrshtuese dhe rrug\u00eb t\u00eb shum\u00ebllojta pa krye. Para Lindjes, Josifi i drejt\u00eb skandalizohet dhe do q\u00eb t\u00eb braktis\u00eb N\u00ebn\u00ebn e t\u00ebr\u00ebd\u00eblir\u00eb t\u00eb Jisuit. Banor\u00ebt e Bethlehemit tregojn\u00eb indiferenc\u00eb t\u00eb plot\u00eb p\u00ebr t\u00eb T\u00ebr\u00ebshenjt\u00ebn&nbsp; q\u00eb \u00ebsht\u00eb gati t\u00eb lind\u00eb. Ende foshnj\u00eb, Jisui k\u00ebrc\u00ebnohet nga mania e Herodit paranojak. Mes k\u00ebtyre k\u00ebrc\u00ebnimeve zgjidhja vjen me energji hyjnore n\u00eb bashk\u00ebpunim me virtytin njer\u00ebzor t\u00eb Josifit \u201ct\u00eb drejt\u00eb\u201d dhe t\u00eb Maris\u00eb s\u00eb panjoll\u00ebshme.<\/span><\/p>\n<p style=\"text-align: justify;\">\n\t<span style=\"font-size: 12pt; font-family: helvetica; color: #000000;\">&nbsp;&nbsp;&nbsp; Rr\u00ebfimet e Ungjillor\u00ebve p\u00ebr Lindjen na zbulojn\u00eb se p\u00ebrkujdesja e Per\u00ebndis\u00eb ndjek rrug\u00eb t\u00eb panjohura m\u00eb par\u00eb. Kjo ka vler\u00eb jo vet\u00ebm p\u00ebr mbar\u00eb historin\u00eb njer\u00ebzore, por edhe p\u00ebr historin\u00eb ton\u00eb personale. Sa m\u00eb shum\u00eb q\u00eb lidhemi me Krishtin, me besim t\u00eb thell\u00eb dhe bindje t\u00eb plot\u00eb te vullneti i Tij, problemet e shum\u00ebllojta personale, familjare e shoq\u00ebrore zgjidhen paq\u00ebsisht. Nj\u00ebkoh\u00ebsisht, me frym\u00ebzimin dhe fuqin\u00eb e Tij hyjnore mundemi edhe ne t\u00eb kontribuojm\u00eb n\u00eb kap\u00ebrcimin e rrug\u00ebve t\u00eb ndryshme pa krye: Duke \u00e7elur hap\u00ebsira mir\u00ebkuptimi dhe pajtimi atje ku t\u00eb gjitha jan\u00eb t\u00eb vulosura nga zem\u00ebrngurt\u00ebsia, dyshimi i lig, mendjeshkurt\u00ebsia, urrejtja, fanatizmi.<\/span><\/p>\n<p style=\"text-align: justify;\">\n\t<span style=\"font-size: 12pt; font-family: helvetica; color: #000000;\">&nbsp;&nbsp;&nbsp; Paralelisht, ngjarjet historike t\u00eb Lindjes s\u00eb Krishtit p\u00ebrcaktojn\u00eb shembullin e jet\u00ebs p\u00ebr ata q\u00eb E pasojn\u00eb me devocion. Jisui u p\u00ebrul, duke theksuar vler\u00ebn e t\u00eb p\u00ebrulurve. Lindi n\u00eb vend t\u00eb varf\u00ebr, q\u00eb t\u00eb mos p\u00ebrbuzen t\u00eb varfrit. U persekutua, duke theksuar dinjitetin e atyre q\u00eb ndiqen me t\u00eb padrejt\u00eb. Vuajti, duke frym\u00ebzuar dhembshurin\u00eb p\u00ebr ata q\u00eb heqin keq. U mundua si f\u00ebmij\u00eb, q\u00eb t\u00eb mos harrojm\u00eb t\u00eb drejtat dhe nevojat e f\u00ebmij\u00ebve t\u00eb bot\u00ebs.<\/span><\/p>\n<div style=\"text-align: center;\">\n\t&nbsp;<\/div>\n<div style=\"text-align: center;\">\n\t&nbsp;<\/div>\n<div style=\"text-align: center;\">\n\t&nbsp;<\/div>\n<div style=\"text-align: center;\">\n\t<span style=\"font-size: 12pt; font-family: helvetica; color: #000000;\">* * *<\/span><\/div>\n<div style=\"text-align: center;\">\n\t&nbsp;<\/div>\n<p style=\"text-align: justify;\">\n\t<br \/>\n\t<span style=\"font-size: 12pt; font-family: helvetica; color: #000000;\">&nbsp;&nbsp;&nbsp; Por, ekziston edhe nj\u00eb tjet\u00ebr dimension i Krishtlindjes, ai theologjik dhe kozmologjik, q\u00eb na e zbulon Ungjillor Joani. Ai thekson faktin se Misteri i madh i Lindjes lidhet me mbar\u00eb krijes\u00ebn: \u201cN\u00eb fillim ishte Fjala,&#8230; dhe Fjala ishte Per\u00ebndi&#8230; Dhe Fjala u b\u00eb mish dhe q\u00ebndroi nd\u00ebr ne\u201d (Jn. 1:1,14). Ungjillori hedh drit\u00eb mbi misterin e Mish\u00ebrimit q\u00eb p\u00ebrb\u00ebn kap\u00ebrcimin e s\u00eb pamundur\u00ebs nga ana njer\u00ebzore dhe na fton t\u00eb shikojm\u00eb kuptimin dhe perspektiv\u00ebn e tij m\u00eb t\u00eb thell\u00eb.<\/span><\/p>\n<p style=\"text-align: justify;\">\n\t&nbsp;<span style=\"font-size: 12pt; font-family: helvetica; color: #000000;\">&nbsp;&nbsp; Me gjith\u00eb p\u00ebrkimet e vjetra me filozofin\u00eb antike greke dhe p\u00ebrpunimin e saj hebraik, koncepti i Fjal\u00ebs merr nj\u00eb kuptim t\u00eb ri theologjik tek Ungjilli sipas Joanit. Fjala \u00ebsht\u00eb Jisu Krishti, Krijuesi i gjith\u00ebsis\u00eb, drita dhe jeta e njer\u00ebzimit, i Cili u b\u00eb njeri p\u00ebr shp\u00ebtimin e bot\u00ebs. Sh\u00ebn Joan Gojarti e p\u00ebrmbledh k\u00ebt\u00eb shkurt: \u201cDhe mos k\u00ebrko se si. Se atje ku do Per\u00ebndia, kap\u00ebrcehet rregulli i natyr\u00ebs. E deshi, e b\u00ebri at\u00eb t\u00eb mundur. Zbriti (n\u00eb tok\u00eb) shp\u00ebtoi. &#8230;Nd\u00ebrsa ishte Per\u00ebndi, b\u00ebhet njeri, pa reshtur s\u00eb qeni Per\u00ebndi. Por nuk u b\u00eb njeri me tjet\u00ebrsim t\u00eb Hyjnis\u00eb dhe as u b\u00eb p\u00ebrs\u00ebri nga njeri Per\u00ebndi me zhvillim progresiv. Por, duke qen\u00eb Fjala pa p\u00ebsim, pa kurrfar\u00eb tjet\u00ebrsimi mori mish, pa ndryshuar natyr\u00ebn e Tij hyjnore\u201d (Migne P.G.56:385-386). N\u00eb personin e Krishtit u bashkuan natyra hyjnore dhe ajo njer\u00ebzore.<\/span><\/p>\n<p style=\"text-align: justify;\">\n\t<span style=\"font-size: 12pt; font-family: helvetica; color: #000000;\">&nbsp;&nbsp;&nbsp; Per\u00ebndia i paafruesh\u00ebm dhe i pafund mori natyr\u00ebn njer\u00ebzore, duke nxjerr\u00eb n\u00eb pah vler\u00ebn e pafundme t\u00eb njeriut, si n\u00eb entitetin e tij shpirt\u00ebror, ashtu edhe n\u00eb at\u00eb trupor. Si rrjedhoj\u00eb, ajo q\u00eb i jep vler\u00eb \u00e7do njeriu nuk \u00ebsht\u00eb origjina e tij, raca, dijet, aft\u00ebsit\u00eb e tij, gjinia, paraqitja e jashtme, pasuria, por fakti se \u00ebsht\u00eb njeri.<\/span><\/p>\n<p style=\"text-align: justify;\">\n\t<span style=\"font-size: 12pt; font-family: helvetica; color: #000000;\">&nbsp;&nbsp;&nbsp; Shum\u00eb, nuk e pranojn\u00eb t\u00eb v\u00ebrtet\u00ebn e mish\u00ebrimit t\u00eb Fjal\u00ebs. \u201cSepse besimi nuk \u00ebsht\u00eb tek t\u00eb gjith\u00eb\u201d (2Thes.3:2). Ungjillor Joani e nxjerr k\u00ebt\u00eb n\u00eb pah: \u201cErdhi n\u00eb t\u00eb tijt\u00eb dhe t\u00eb tijt\u00eb nuk e prit\u00ebn at\u00eb\u201d (Jn.1:11). Judenjt\u00eb q\u00eb e prisnin si Mesi, nuk e njoh\u00ebn si Shp\u00ebtimtar. T\u00eb tjer\u00eb e quajt\u00ebn si \u201cdob\u00ebsi\u201d faktin q\u00eb \u201cPer\u00ebndia u shfaq n\u00eb mish\u201d (1Tim.3:16). \u201cEdhe sa e prit\u00ebn, atyre u dha pushtet t\u00eb b\u00ebhen bij t\u00eb Per\u00ebndis\u00eb, atyre q\u00eb besojn\u00eb me an\u00eb t\u00eb tij\u201d (Jn.1:12). Fal\u00eb besimit t\u00eb tyre, Per\u00ebndia u fal aft\u00ebsin\u00eb dhe pushtetin q\u00eb t\u00eb b\u00ebhen jo vet\u00ebm pasues t\u00eb Tij, por \u201cbij t\u00eb Tij\u201d, duke u hapur atyre rrug\u00ebt p\u00ebr kap\u00ebrcimin e m\u00ebkatit dhe t\u00eb vdekjes, q\u00eb t\u00eb b\u00ebhen \u201cpjes\u00ebmarr\u00ebs t\u00eb natyr\u00ebs hyjnore\u201d (2Petr.1:3-4). Kjo mund\u00ebsi unikale vihet n\u00eb veprim brenda Trupit mistik t\u00eb Krishtit \u201cq\u00eb \u00ebsht\u00eb Kisha\u201d, me hirin d\u00eblir\u00ebsues t\u00eb Mistereve.<\/span><\/p>\n<div style=\"text-align: justify;\">\n\t<span style=\"color: #000000;\"><span style=\"font-size: 12pt; font-family: helvetica;\">&nbsp;&nbsp;&nbsp; Sigurisht k\u00ebto t\u00eb v\u00ebrteta nuk imponohen as me dhun\u00eb, as me forma intelektuale. Ato mund t\u00eb p\u00ebrqasen dhe p\u00ebrjetohen \u201cn\u00eb besim\u201d. Dhe Kisha na fton t\u00eb p\u00ebrqasemi n\u00eb k\u00ebt\u00eb m\u00ebnyr\u00eb, ve\u00e7an\u00ebrisht n\u00eb t\u00eb kremtet e m\u00ebdha.<\/span><span style=\"font-size: 12pt; font-family: helvetica;\"> <\/span><\/span><\/div>\n<div style=\"text-align: center;\">\n\t&nbsp;<\/div>\n<div style=\"text-align: center;\">\n\t&nbsp;<\/div>\n<div style=\"text-align: center;\">\n\t<br \/>\n\t<span style=\"font-size: 12pt; font-family: helvetica; color: #000000;\">* * *<\/span><\/div>\n<div style=\"text-align: center;\">\n\t&nbsp;<\/div>\n<div style=\"text-align: center;\">\n\t&nbsp;<\/div>\n<p style=\"text-align: justify;\">\n\t<br \/>\n\t<span style=\"font-size: 12pt; font-family: helvetica; color: #000000;\">&nbsp;&nbsp;&nbsp; \u201cAtje ku do Per\u00ebndia, mposhtet rregulli i natyr\u00ebs.\u201d<\/span><\/p>\n<p style=\"text-align: justify;\">\n\t&nbsp;<span style=\"font-size: 12pt; font-family: helvetica; color: #000000;\">&nbsp;&nbsp;&nbsp; E kremtja e Krishtlindjes, v\u00ebllez\u00ebrit e mi, na kujton kushtet specifike dhe v\u00ebshtir\u00ebsit\u00eb n\u00eb t\u00eb cilat eci, qysh foshnj\u00eb, Jisu Krishti, por, mbi t\u00eb gjitha, faktin se Ai \u00ebsht\u00eb Fjala, i Cili u mish\u00ebrua\u201cdhe banoi nd\u00ebr ne\u201d. Shpesh edhe ne p\u00ebrballemi me kund\u00ebrv\u00ebnie t\u00eb pakap\u00ebrcyeshme. Le t\u00eb mos e humbasim mendjen. Besimi n\u00eb Krishtin fal bindjen se nuk jemi t\u00eb vet\u00ebm n\u00eb nj\u00eb bot\u00eb t\u00eb ashp\u00ebr. Fjala e mish\u00ebruar e Per\u00ebndis\u00eb mbetet n\u00eb m\u00ebnyr\u00eb t\u00eb pand\u00ebrprer\u00eb me ne. Ai jep kuptim, drit\u00eb dhe fuqi n\u00eb \u00e7do faz\u00eb t\u00eb jet\u00ebs son\u00eb. Ai \u00e7el udh\u00eb n\u00eb vende t\u00eb v\u00ebshtira p\u00ebr t\u00eb kaluar. Ofron mund\u00ebsin\u00eb e kap\u00ebrcimit t\u00eb asaj q\u00eb \u00ebsht\u00eb e pamundur nga ana njer\u00ebzore. Me sigurin\u00eb se \u201ct\u00eb pamundurat p\u00ebr njer\u00ebzit jan\u00eb t\u00eb mundura p\u00ebr Per\u00ebndin\u00eb\u201d (Llk.18:27), le t\u00eb kremtojm\u00eb Krishtlindjen, duke marr\u00eb frym\u00ebzim, besim, q\u00ebndrueshm\u00ebri dhe shpres\u00eb n\u00eb sprovat e vogla ose t\u00eb m\u00ebdha, n\u00eb problemet tona personale dhe sociale.<\/span><\/p>\n<p style=\"text-align: justify;\">\n\t<span style=\"font-size: 12pt; font-family: helvetica; color: #000000;\">&nbsp;&nbsp;&nbsp; Krishtlindje t\u00eb bekuara! Viti i Ri le t\u00eb na sjell\u00eb paqe!<\/span><\/p>\n<p style=\"text-align: justify;\">\n\t&nbsp;<\/p>\n<p style=\"text-align: justify;\">\n\t&nbsp;<\/p>\n<p style=\"text-align: center;\">\n<p>\n\t<span style=\"font-size: 12pt; font-family: helvetica; color: #000000;\">&nbsp;&nbsp;&nbsp;&nbsp;&nbsp; Me dashuri t\u00eb thell\u00eb m\u00eb Krishtin,<\/span><\/p>\n<p>\t<span style=\"font-size: 12pt; font-family: helvetica; color: #000000;\"> &nbsp;<strong> \u2020 Anastasi<\/strong><\/span><br \/>\n\t<span style=\"font-size: 12pt; font-family: helvetica; color: #000000;\"> Kryepiskop i Tiran\u00ebs, Durr\u00ebsit dhe i Gjith\u00eb Shqip\u00ebris\u00eb<\/span><br \/>\n\t<span style=\"color: #000000;\"> &nbsp;&nbsp;&nbsp;&nbsp;&nbsp;&nbsp;&nbsp;&nbsp;&nbsp;&nbsp;&nbsp;&nbsp;<\/span><\/p>\n","protected":false},"excerpt":{"rendered":"<p>Kisha Orthodhokse Autoqefale e Shqip\u00ebris\u00eb &nbsp;&nbsp;&nbsp;&nbsp;&nbsp;&nbsp;&nbsp;&nbsp;&nbsp;&nbsp;&nbsp;&nbsp;&nbsp;&nbsp;&nbsp;&nbsp;&nbsp;&nbsp;&nbsp;&nbsp;&nbsp;&nbsp;&nbsp;&nbsp;&nbsp;&nbsp;&nbsp;&nbsp;&nbsp;&nbsp;&nbsp;&nbsp;&nbsp;&nbsp;&nbsp;&nbsp;&nbsp;&nbsp;&nbsp;&nbsp;&nbsp;&nbsp;&nbsp;&nbsp;&nbsp;&nbsp;&nbsp;&nbsp;&nbsp;&nbsp;&nbsp; &nbsp; Krishtlindje 2014 &nbsp;&nbsp;&nbsp;&nbsp;&nbsp;&nbsp;&nbsp;&nbsp;&nbsp;&nbsp;&nbsp;&nbsp;&nbsp;&nbsp;&nbsp; &nbsp; \u2020 Anastasi Kryepiskop i Tiran\u00ebs, Durr\u00ebsit dhe i Gjith\u00eb Shqip\u00ebris\u00eb T\u00eb mahnitshme jan\u00eb nd\u00ebrhyrjet e Per\u00ebndis\u00eb Kap\u00ebrcimi i s\u00eb pamundur\u00ebs &nbsp; &nbsp;&nbsp;&nbsp;&nbsp; Klerit dhe popullit shpres\u00ebtar Orthodhoks, &nbsp;&nbsp;&nbsp;&nbsp; Bij t\u00eb shtrenjt\u00eb m\u00eb Zotin, &nbsp; &nbsp;&nbsp;&nbsp;&nbsp;&nbsp;&nbsp;&nbsp;&nbsp;&nbsp;&nbsp;&nbsp;&nbsp;&nbsp;&nbsp;&nbsp;&nbsp;&nbsp;&nbsp;&nbsp;&nbsp;&nbsp;&nbsp;&nbsp;&nbsp;&nbsp;&nbsp;&nbsp;&nbsp;&nbsp;&nbsp;&nbsp;&nbsp;&nbsp;&nbsp;&nbsp;&nbsp; \u201c Atje ku do Per\u00ebndia, mposhtet rregulli i natyr\u00ebs.\u201d &nbsp;&nbsp;&nbsp;&nbsp;&nbsp;&nbsp;&nbsp;&nbsp;&nbsp;&nbsp;&nbsp;&nbsp;&nbsp;&nbsp;&nbsp;&nbsp;&nbsp;&nbsp;&nbsp;&nbsp;&nbsp;&nbsp;&nbsp;&nbsp;&nbsp;&nbsp;&nbsp;&nbsp;&nbsp;&nbsp;&nbsp;&nbsp;&nbsp;&nbsp;&nbsp;&nbsp;&nbsp;&nbsp;&nbsp;&nbsp;&nbsp;&nbsp;&nbsp;&nbsp;&nbsp;&nbsp;&nbsp;&nbsp;&nbsp;&nbsp;&nbsp;&nbsp; (Himn nga M\u00ebngjesorja e Krishtlindjes) &nbsp;&nbsp;&nbsp;&nbsp;&nbsp;&nbsp; &nbsp;&nbsp;&nbsp; T\u00eb papritura<\/p>\n","protected":false},"author":1,"featured_media":852,"comment_status":"open","ping_status":"open","sticky":false,"template":"","format":"standard","meta":{"_acf_changed":false,"pagelayer_contact_templates":[],"_pagelayer_content":"","inline_featured_image":false,"fifu_image_url":"","fifu_image_alt":"","footnotes":""},"categories":[108],"tags":[140,192,196,201,212,152],"class_list":["post-851","post","type-post","status-publish","format-standard","has-post-thumbnail","hentry","category-lajme","tag-140","tag-krishtlindje","tag-tirane","tag-kryepiskopi-anastas","tag-lajme-d27","tag-mesazhet-festive-d19"],"acf":[],"yoast_head":"<!-- This site is optimized with the Yoast SEO plugin v27.2 - https:\/\/yoast.com\/product\/yoast-seo-wordpress\/ -->\n<title>KRISHTLINDJE 2014 - T\u00eb mahnitshme jan\u00eb nd\u00ebrhyrjet e Per\u00ebndis\u00eb. Kap\u00ebrcimi i s\u00eb pamundur\u00ebs - Mesazh nga Kryepiskopi Anastas - Kisha Orthodh\u03bfkse Autoqefale e Shqip\u00ebris\u00eb<\/title>\n<meta name=\"robots\" content=\"index, follow, max-snippet:-1, max-image-preview:large, max-video-preview:-1\" \/>\n<link rel=\"canonical\" href=\"https:\/\/orthodoxalbania.org\/2020\/2014\/12\/24\/mesazhi-i-kryepiskopit-anastas-krishtlindje-2014\/\" \/>\n<meta property=\"og:locale\" content=\"en_US\" \/>\n<meta property=\"og:type\" content=\"article\" \/>\n<meta property=\"og:title\" content=\"KRISHTLINDJE 2014 - T\u00eb mahnitshme jan\u00eb nd\u00ebrhyrjet e Per\u00ebndis\u00eb. Kap\u00ebrcimi i s\u00eb pamundur\u00ebs - Mesazh nga Kryepiskopi Anastas - Kisha Orthodh\u03bfkse Autoqefale e Shqip\u00ebris\u00eb\" \/>\n<meta property=\"og:description\" content=\"Kisha Orthodhokse Autoqefale e Shqip\u00ebris\u00eb &nbsp;&nbsp;&nbsp;&nbsp;&nbsp;&nbsp;&nbsp;&nbsp;&nbsp;&nbsp;&nbsp;&nbsp;&nbsp;&nbsp;&nbsp;&nbsp;&nbsp;&nbsp;&nbsp;&nbsp;&nbsp;&nbsp;&nbsp;&nbsp;&nbsp;&nbsp;&nbsp;&nbsp;&nbsp;&nbsp;&nbsp;&nbsp;&nbsp;&nbsp;&nbsp;&nbsp;&nbsp;&nbsp;&nbsp;&nbsp;&nbsp;&nbsp;&nbsp;&nbsp;&nbsp;&nbsp;&nbsp;&nbsp;&nbsp;&nbsp;&nbsp; &nbsp; Krishtlindje 2014 &nbsp;&nbsp;&nbsp;&nbsp;&nbsp;&nbsp;&nbsp;&nbsp;&nbsp;&nbsp;&nbsp;&nbsp;&nbsp;&nbsp;&nbsp; &nbsp; \u2020 Anastasi Kryepiskop i Tiran\u00ebs, Durr\u00ebsit dhe i Gjith\u00eb Shqip\u00ebris\u00eb T\u00eb mahnitshme jan\u00eb nd\u00ebrhyrjet e Per\u00ebndis\u00eb Kap\u00ebrcimi i s\u00eb pamundur\u00ebs &nbsp; &nbsp;&nbsp;&nbsp;&nbsp; Klerit dhe popullit shpres\u00ebtar Orthodhoks, &nbsp;&nbsp;&nbsp;&nbsp; Bij t\u00eb shtrenjt\u00eb m\u00eb Zotin, &nbsp; &nbsp;&nbsp;&nbsp;&nbsp;&nbsp;&nbsp;&nbsp;&nbsp;&nbsp;&nbsp;&nbsp;&nbsp;&nbsp;&nbsp;&nbsp;&nbsp;&nbsp;&nbsp;&nbsp;&nbsp;&nbsp;&nbsp;&nbsp;&nbsp;&nbsp;&nbsp;&nbsp;&nbsp;&nbsp;&nbsp;&nbsp;&nbsp;&nbsp;&nbsp;&nbsp;&nbsp; \u201c Atje ku do Per\u00ebndia, mposhtet rregulli i natyr\u00ebs.\u201d &nbsp;&nbsp;&nbsp;&nbsp;&nbsp;&nbsp;&nbsp;&nbsp;&nbsp;&nbsp;&nbsp;&nbsp;&nbsp;&nbsp;&nbsp;&nbsp;&nbsp;&nbsp;&nbsp;&nbsp;&nbsp;&nbsp;&nbsp;&nbsp;&nbsp;&nbsp;&nbsp;&nbsp;&nbsp;&nbsp;&nbsp;&nbsp;&nbsp;&nbsp;&nbsp;&nbsp;&nbsp;&nbsp;&nbsp;&nbsp;&nbsp;&nbsp;&nbsp;&nbsp;&nbsp;&nbsp;&nbsp;&nbsp;&nbsp;&nbsp;&nbsp;&nbsp; (Himn nga M\u00ebngjesorja e Krishtlindjes) &nbsp;&nbsp;&nbsp;&nbsp;&nbsp;&nbsp; &nbsp;&nbsp;&nbsp; T\u00eb papritura\" \/>\n<meta property=\"og:url\" content=\"https:\/\/orthodoxalbania.org\/2020\/2014\/12\/24\/mesazhi-i-kryepiskopit-anastas-krishtlindje-2014\/\" \/>\n<meta property=\"og:site_name\" content=\"Kisha Orthodh\u03bfkse Autoqefale e Shqip\u00ebris\u00eb\" \/>\n<meta property=\"article:publisher\" content=\"https:\/\/www.facebook.com\/koash1991\" \/>\n<meta property=\"article:published_time\" content=\"2014-12-24T12:54:03+00:00\" \/>\n<meta property=\"article:modified_time\" content=\"2020-04-06T20:02:19+00:00\" \/>\n<meta property=\"og:image\" content=\"https:\/\/orthodoxalbania.org\/2020\/wp-content\/uploads\/2020\/04\/kryepiskopi%2Be%2Bre.tif\" \/>\n\t<meta property=\"og:image:width\" content=\"150\" \/>\n\t<meta property=\"og:image:height\" content=\"150\" \/>\n\t<meta property=\"og:image:type\" content=\"image\/jpeg\" \/>\n<meta name=\"author\" content=\"Kisha Orthodhokse\" \/>\n<meta name=\"twitter:card\" content=\"summary_large_image\" \/>\n<meta name=\"twitter:label1\" content=\"Written by\" \/>\n\t<meta name=\"twitter:data1\" content=\"Kisha Orthodhokse\" \/>\n\t<meta name=\"twitter:label2\" content=\"Est. reading time\" \/>\n\t<meta name=\"twitter:data2\" content=\"8 minutes\" \/>\n<script type=\"application\/ld+json\" class=\"yoast-schema-graph\">{\"@context\":\"https:\/\/schema.org\",\"@graph\":[{\"@type\":\"Article\",\"@id\":\"https:\/\/orthodoxalbania.org\/2020\/2014\/12\/24\/mesazhi-i-kryepiskopit-anastas-krishtlindje-2014\/#article\",\"isPartOf\":{\"@id\":\"https:\/\/orthodoxalbania.org\/2020\/2014\/12\/24\/mesazhi-i-kryepiskopit-anastas-krishtlindje-2014\/\"},\"author\":{\"name\":\"Kisha Orthodhokse\",\"@id\":\"https:\/\/orthodoxalbania.org\/2020\/#\/schema\/person\/0c387634a7063ac612d7ed9ce71c7e86\"},\"headline\":\"KRISHTLINDJE 2014 &#8211; T\u00eb mahnitshme jan\u00eb nd\u00ebrhyrjet e Per\u00ebndis\u00eb. Kap\u00ebrcimi i s\u00eb pamundur\u00ebs &#8211; Mesazh nga Kryepiskopi Anastas\",\"datePublished\":\"2014-12-24T12:54:03+00:00\",\"dateModified\":\"2020-04-06T20:02:19+00:00\",\"mainEntityOfPage\":{\"@id\":\"https:\/\/orthodoxalbania.org\/2020\/2014\/12\/24\/mesazhi-i-kryepiskopit-anastas-krishtlindje-2014\/\"},\"wordCount\":1523,\"commentCount\":0,\"publisher\":{\"@id\":\"https:\/\/orthodoxalbania.org\/2020\/#organization\"},\"image\":{\"@id\":\"https:\/\/orthodoxalbania.org\/2020\/2014\/12\/24\/mesazhi-i-kryepiskopit-anastas-krishtlindje-2014\/#primaryimage\"},\"thumbnailUrl\":\"https:\/\/orthodoxalbania.org\/2020\/wp-content\/uploads\/2020\/04\/kryepiskopi%2Be%2Bre.tif\",\"keywords\":[\"2014\",\"Krishtlindje\",\"Kryepiskopata Tiran\u00eb\",\"Kryepiskopi Anastas\",\"lajme\",\"Mesazhet Festive\"],\"articleSection\":[\"Lajme\"],\"inLanguage\":\"en-US\"},{\"@type\":\"WebPage\",\"@id\":\"https:\/\/orthodoxalbania.org\/2020\/2014\/12\/24\/mesazhi-i-kryepiskopit-anastas-krishtlindje-2014\/\",\"url\":\"https:\/\/orthodoxalbania.org\/2020\/2014\/12\/24\/mesazhi-i-kryepiskopit-anastas-krishtlindje-2014\/\",\"name\":\"KRISHTLINDJE 2014 - T\u00eb mahnitshme jan\u00eb nd\u00ebrhyrjet e Per\u00ebndis\u00eb. Kap\u00ebrcimi i s\u00eb pamundur\u00ebs - Mesazh nga Kryepiskopi Anastas - Kisha Orthodh\u03bfkse Autoqefale e Shqip\u00ebris\u00eb\",\"isPartOf\":{\"@id\":\"https:\/\/orthodoxalbania.org\/2020\/#website\"},\"primaryImageOfPage\":{\"@id\":\"https:\/\/orthodoxalbania.org\/2020\/2014\/12\/24\/mesazhi-i-kryepiskopit-anastas-krishtlindje-2014\/#primaryimage\"},\"image\":{\"@id\":\"https:\/\/orthodoxalbania.org\/2020\/2014\/12\/24\/mesazhi-i-kryepiskopit-anastas-krishtlindje-2014\/#primaryimage\"},\"thumbnailUrl\":\"https:\/\/orthodoxalbania.org\/2020\/wp-content\/uploads\/2020\/04\/kryepiskopi%2Be%2Bre.tif\",\"datePublished\":\"2014-12-24T12:54:03+00:00\",\"dateModified\":\"2020-04-06T20:02:19+00:00\",\"breadcrumb\":{\"@id\":\"https:\/\/orthodoxalbania.org\/2020\/2014\/12\/24\/mesazhi-i-kryepiskopit-anastas-krishtlindje-2014\/#breadcrumb\"},\"inLanguage\":\"en-US\",\"potentialAction\":[{\"@type\":\"ReadAction\",\"target\":[\"https:\/\/orthodoxalbania.org\/2020\/2014\/12\/24\/mesazhi-i-kryepiskopit-anastas-krishtlindje-2014\/\"]}]},{\"@type\":\"ImageObject\",\"inLanguage\":\"en-US\",\"@id\":\"https:\/\/orthodoxalbania.org\/2020\/2014\/12\/24\/mesazhi-i-kryepiskopit-anastas-krishtlindje-2014\/#primaryimage\",\"url\":\"https:\/\/orthodoxalbania.org\/2020\/wp-content\/uploads\/2020\/04\/kryepiskopi%2Be%2Bre.tif\",\"contentUrl\":\"https:\/\/orthodoxalbania.org\/2020\/wp-content\/uploads\/2020\/04\/kryepiskopi%2Be%2Bre.tif\",\"width\":150,\"height\":150},{\"@type\":\"BreadcrumbList\",\"@id\":\"https:\/\/orthodoxalbania.org\/2020\/2014\/12\/24\/mesazhi-i-kryepiskopit-anastas-krishtlindje-2014\/#breadcrumb\",\"itemListElement\":[{\"@type\":\"ListItem\",\"position\":1,\"name\":\"Home\",\"item\":\"https:\/\/orthodoxalbania.org\/2020\/\"},{\"@type\":\"ListItem\",\"position\":2,\"name\":\"KRISHTLINDJE 2014 &#8211; T\u00eb mahnitshme jan\u00eb nd\u00ebrhyrjet e Per\u00ebndis\u00eb. Kap\u00ebrcimi i s\u00eb pamundur\u00ebs &#8211; Mesazh nga Kryepiskopi Anastas\"}]},{\"@type\":\"WebSite\",\"@id\":\"https:\/\/orthodoxalbania.org\/2020\/#website\",\"url\":\"https:\/\/orthodoxalbania.org\/2020\/\",\"name\":\"Kisha Orthodh\u03bfkse Autoqefale e Shqip\u00ebris\u00eb\",\"description\":\"Fqja Zyrtare e Kish\u00ebs Orthodhokse Autoqefale e Shqip\u00ebris\u00eb me lajmet edhe informacionet zyrtare p\u00ebr struktur\u00ebn edhe veprimtarin e saj.\",\"publisher\":{\"@id\":\"https:\/\/orthodoxalbania.org\/2020\/#organization\"},\"potentialAction\":[{\"@type\":\"SearchAction\",\"target\":{\"@type\":\"EntryPoint\",\"urlTemplate\":\"https:\/\/orthodoxalbania.org\/2020\/?s={search_term_string}\"},\"query-input\":{\"@type\":\"PropertyValueSpecification\",\"valueRequired\":true,\"valueName\":\"search_term_string\"}}],\"inLanguage\":\"en-US\"},{\"@type\":\"Organization\",\"@id\":\"https:\/\/orthodoxalbania.org\/2020\/#organization\",\"name\":\"Kisha Orthodhokse Autoqefale e Shqip\u00ebris\u00eb\",\"url\":\"https:\/\/orthodoxalbania.org\/2020\/\",\"logo\":{\"@type\":\"ImageObject\",\"inLanguage\":\"en-US\",\"@id\":\"https:\/\/orthodoxalbania.org\/2020\/#\/schema\/logo\/image\/\",\"url\":\"https:\/\/orthodoxalbania.org\/2020\/wp-content\/uploads\/2020\/05\/albania.jpeg\",\"contentUrl\":\"https:\/\/orthodoxalbania.org\/2020\/wp-content\/uploads\/2020\/05\/albania.jpeg\",\"width\":540,\"height\":540,\"caption\":\"Kisha Orthodhokse Autoqefale e Shqip\u00ebris\u00eb\"},\"image\":{\"@id\":\"https:\/\/orthodoxalbania.org\/2020\/#\/schema\/logo\/image\/\"},\"sameAs\":[\"https:\/\/www.facebook.com\/koash1991\"]},{\"@type\":\"Person\",\"@id\":\"https:\/\/orthodoxalbania.org\/2020\/#\/schema\/person\/0c387634a7063ac612d7ed9ce71c7e86\",\"name\":\"Kisha Orthodhokse\",\"image\":{\"@type\":\"ImageObject\",\"inLanguage\":\"en-US\",\"@id\":\"https:\/\/secure.gravatar.com\/avatar\/596e7c417251e30f2fbb9c00e026fce61a695a00e51c889caded71c96cbbdde5?s=96&d=mm&r=g\",\"url\":\"https:\/\/secure.gravatar.com\/avatar\/596e7c417251e30f2fbb9c00e026fce61a695a00e51c889caded71c96cbbdde5?s=96&d=mm&r=g\",\"contentUrl\":\"https:\/\/secure.gravatar.com\/avatar\/596e7c417251e30f2fbb9c00e026fce61a695a00e51c889caded71c96cbbdde5?s=96&d=mm&r=g\",\"caption\":\"Kisha Orthodhokse\"}}]}<\/script>\n<!-- \/ Yoast SEO plugin. -->","yoast_head_json":{"title":"KRISHTLINDJE 2014 - T\u00eb mahnitshme jan\u00eb nd\u00ebrhyrjet e Per\u00ebndis\u00eb. Kap\u00ebrcimi i s\u00eb pamundur\u00ebs - Mesazh nga Kryepiskopi Anastas - Kisha Orthodh\u03bfkse Autoqefale e Shqip\u00ebris\u00eb","robots":{"index":"index","follow":"follow","max-snippet":"max-snippet:-1","max-image-preview":"max-image-preview:large","max-video-preview":"max-video-preview:-1"},"canonical":"https:\/\/orthodoxalbania.org\/2020\/2014\/12\/24\/mesazhi-i-kryepiskopit-anastas-krishtlindje-2014\/","og_locale":"en_US","og_type":"article","og_title":"KRISHTLINDJE 2014 - T\u00eb mahnitshme jan\u00eb nd\u00ebrhyrjet e Per\u00ebndis\u00eb. Kap\u00ebrcimi i s\u00eb pamundur\u00ebs - Mesazh nga Kryepiskopi Anastas - Kisha Orthodh\u03bfkse Autoqefale e Shqip\u00ebris\u00eb","og_description":"Kisha Orthodhokse Autoqefale e Shqip\u00ebris\u00eb &nbsp;&nbsp;&nbsp;&nbsp;&nbsp;&nbsp;&nbsp;&nbsp;&nbsp;&nbsp;&nbsp;&nbsp;&nbsp;&nbsp;&nbsp;&nbsp;&nbsp;&nbsp;&nbsp;&nbsp;&nbsp;&nbsp;&nbsp;&nbsp;&nbsp;&nbsp;&nbsp;&nbsp;&nbsp;&nbsp;&nbsp;&nbsp;&nbsp;&nbsp;&nbsp;&nbsp;&nbsp;&nbsp;&nbsp;&nbsp;&nbsp;&nbsp;&nbsp;&nbsp;&nbsp;&nbsp;&nbsp;&nbsp;&nbsp;&nbsp;&nbsp; &nbsp; Krishtlindje 2014 &nbsp;&nbsp;&nbsp;&nbsp;&nbsp;&nbsp;&nbsp;&nbsp;&nbsp;&nbsp;&nbsp;&nbsp;&nbsp;&nbsp;&nbsp; &nbsp; \u2020 Anastasi Kryepiskop i Tiran\u00ebs, Durr\u00ebsit dhe i Gjith\u00eb Shqip\u00ebris\u00eb T\u00eb mahnitshme jan\u00eb nd\u00ebrhyrjet e Per\u00ebndis\u00eb Kap\u00ebrcimi i s\u00eb pamundur\u00ebs &nbsp; &nbsp;&nbsp;&nbsp;&nbsp; Klerit dhe popullit shpres\u00ebtar Orthodhoks, &nbsp;&nbsp;&nbsp;&nbsp; Bij t\u00eb shtrenjt\u00eb m\u00eb Zotin, &nbsp; &nbsp;&nbsp;&nbsp;&nbsp;&nbsp;&nbsp;&nbsp;&nbsp;&nbsp;&nbsp;&nbsp;&nbsp;&nbsp;&nbsp;&nbsp;&nbsp;&nbsp;&nbsp;&nbsp;&nbsp;&nbsp;&nbsp;&nbsp;&nbsp;&nbsp;&nbsp;&nbsp;&nbsp;&nbsp;&nbsp;&nbsp;&nbsp;&nbsp;&nbsp;&nbsp;&nbsp; \u201c Atje ku do Per\u00ebndia, mposhtet rregulli i natyr\u00ebs.\u201d &nbsp;&nbsp;&nbsp;&nbsp;&nbsp;&nbsp;&nbsp;&nbsp;&nbsp;&nbsp;&nbsp;&nbsp;&nbsp;&nbsp;&nbsp;&nbsp;&nbsp;&nbsp;&nbsp;&nbsp;&nbsp;&nbsp;&nbsp;&nbsp;&nbsp;&nbsp;&nbsp;&nbsp;&nbsp;&nbsp;&nbsp;&nbsp;&nbsp;&nbsp;&nbsp;&nbsp;&nbsp;&nbsp;&nbsp;&nbsp;&nbsp;&nbsp;&nbsp;&nbsp;&nbsp;&nbsp;&nbsp;&nbsp;&nbsp;&nbsp;&nbsp;&nbsp; (Himn nga M\u00ebngjesorja e Krishtlindjes) &nbsp;&nbsp;&nbsp;&nbsp;&nbsp;&nbsp; &nbsp;&nbsp;&nbsp; T\u00eb papritura","og_url":"https:\/\/orthodoxalbania.org\/2020\/2014\/12\/24\/mesazhi-i-kryepiskopit-anastas-krishtlindje-2014\/","og_site_name":"Kisha Orthodh\u03bfkse Autoqefale e Shqip\u00ebris\u00eb","article_publisher":"https:\/\/www.facebook.com\/koash1991","article_published_time":"2014-12-24T12:54:03+00:00","article_modified_time":"2020-04-06T20:02:19+00:00","og_image":[{"width":150,"height":150,"url":"https:\/\/orthodoxalbania.org\/2020\/wp-content\/uploads\/2020\/04\/kryepiskopi%2Be%2Bre.tif","type":"image\/jpeg"}],"author":"Kisha Orthodhokse","twitter_card":"summary_large_image","twitter_misc":{"Written by":"Kisha Orthodhokse","Est. reading time":"8 minutes"},"schema":{"@context":"https:\/\/schema.org","@graph":[{"@type":"Article","@id":"https:\/\/orthodoxalbania.org\/2020\/2014\/12\/24\/mesazhi-i-kryepiskopit-anastas-krishtlindje-2014\/#article","isPartOf":{"@id":"https:\/\/orthodoxalbania.org\/2020\/2014\/12\/24\/mesazhi-i-kryepiskopit-anastas-krishtlindje-2014\/"},"author":{"name":"Kisha Orthodhokse","@id":"https:\/\/orthodoxalbania.org\/2020\/#\/schema\/person\/0c387634a7063ac612d7ed9ce71c7e86"},"headline":"KRISHTLINDJE 2014 &#8211; T\u00eb mahnitshme jan\u00eb nd\u00ebrhyrjet e Per\u00ebndis\u00eb. Kap\u00ebrcimi i s\u00eb pamundur\u00ebs &#8211; Mesazh nga Kryepiskopi Anastas","datePublished":"2014-12-24T12:54:03+00:00","dateModified":"2020-04-06T20:02:19+00:00","mainEntityOfPage":{"@id":"https:\/\/orthodoxalbania.org\/2020\/2014\/12\/24\/mesazhi-i-kryepiskopit-anastas-krishtlindje-2014\/"},"wordCount":1523,"commentCount":0,"publisher":{"@id":"https:\/\/orthodoxalbania.org\/2020\/#organization"},"image":{"@id":"https:\/\/orthodoxalbania.org\/2020\/2014\/12\/24\/mesazhi-i-kryepiskopit-anastas-krishtlindje-2014\/#primaryimage"},"thumbnailUrl":"https:\/\/orthodoxalbania.org\/2020\/wp-content\/uploads\/2020\/04\/kryepiskopi%2Be%2Bre.tif","keywords":["2014","Krishtlindje","Kryepiskopata Tiran\u00eb","Kryepiskopi Anastas","lajme","Mesazhet Festive"],"articleSection":["Lajme"],"inLanguage":"en-US"},{"@type":"WebPage","@id":"https:\/\/orthodoxalbania.org\/2020\/2014\/12\/24\/mesazhi-i-kryepiskopit-anastas-krishtlindje-2014\/","url":"https:\/\/orthodoxalbania.org\/2020\/2014\/12\/24\/mesazhi-i-kryepiskopit-anastas-krishtlindje-2014\/","name":"KRISHTLINDJE 2014 - T\u00eb mahnitshme jan\u00eb nd\u00ebrhyrjet e Per\u00ebndis\u00eb. Kap\u00ebrcimi i s\u00eb pamundur\u00ebs - Mesazh nga Kryepiskopi Anastas - Kisha Orthodh\u03bfkse Autoqefale e Shqip\u00ebris\u00eb","isPartOf":{"@id":"https:\/\/orthodoxalbania.org\/2020\/#website"},"primaryImageOfPage":{"@id":"https:\/\/orthodoxalbania.org\/2020\/2014\/12\/24\/mesazhi-i-kryepiskopit-anastas-krishtlindje-2014\/#primaryimage"},"image":{"@id":"https:\/\/orthodoxalbania.org\/2020\/2014\/12\/24\/mesazhi-i-kryepiskopit-anastas-krishtlindje-2014\/#primaryimage"},"thumbnailUrl":"https:\/\/orthodoxalbania.org\/2020\/wp-content\/uploads\/2020\/04\/kryepiskopi%2Be%2Bre.tif","datePublished":"2014-12-24T12:54:03+00:00","dateModified":"2020-04-06T20:02:19+00:00","breadcrumb":{"@id":"https:\/\/orthodoxalbania.org\/2020\/2014\/12\/24\/mesazhi-i-kryepiskopit-anastas-krishtlindje-2014\/#breadcrumb"},"inLanguage":"en-US","potentialAction":[{"@type":"ReadAction","target":["https:\/\/orthodoxalbania.org\/2020\/2014\/12\/24\/mesazhi-i-kryepiskopit-anastas-krishtlindje-2014\/"]}]},{"@type":"ImageObject","inLanguage":"en-US","@id":"https:\/\/orthodoxalbania.org\/2020\/2014\/12\/24\/mesazhi-i-kryepiskopit-anastas-krishtlindje-2014\/#primaryimage","url":"https:\/\/orthodoxalbania.org\/2020\/wp-content\/uploads\/2020\/04\/kryepiskopi%2Be%2Bre.tif","contentUrl":"https:\/\/orthodoxalbania.org\/2020\/wp-content\/uploads\/2020\/04\/kryepiskopi%2Be%2Bre.tif","width":150,"height":150},{"@type":"BreadcrumbList","@id":"https:\/\/orthodoxalbania.org\/2020\/2014\/12\/24\/mesazhi-i-kryepiskopit-anastas-krishtlindje-2014\/#breadcrumb","itemListElement":[{"@type":"ListItem","position":1,"name":"Home","item":"https:\/\/orthodoxalbania.org\/2020\/"},{"@type":"ListItem","position":2,"name":"KRISHTLINDJE 2014 &#8211; T\u00eb mahnitshme jan\u00eb nd\u00ebrhyrjet e Per\u00ebndis\u00eb. Kap\u00ebrcimi i s\u00eb pamundur\u00ebs &#8211; Mesazh nga Kryepiskopi Anastas"}]},{"@type":"WebSite","@id":"https:\/\/orthodoxalbania.org\/2020\/#website","url":"https:\/\/orthodoxalbania.org\/2020\/","name":"Kisha Orthodh\u03bfkse Autoqefale e Shqip\u00ebris\u00eb","description":"Fqja Zyrtare e Kish\u00ebs Orthodhokse Autoqefale e Shqip\u00ebris\u00eb me lajmet edhe informacionet zyrtare p\u00ebr struktur\u00ebn edhe veprimtarin e saj.","publisher":{"@id":"https:\/\/orthodoxalbania.org\/2020\/#organization"},"potentialAction":[{"@type":"SearchAction","target":{"@type":"EntryPoint","urlTemplate":"https:\/\/orthodoxalbania.org\/2020\/?s={search_term_string}"},"query-input":{"@type":"PropertyValueSpecification","valueRequired":true,"valueName":"search_term_string"}}],"inLanguage":"en-US"},{"@type":"Organization","@id":"https:\/\/orthodoxalbania.org\/2020\/#organization","name":"Kisha Orthodhokse Autoqefale e Shqip\u00ebris\u00eb","url":"https:\/\/orthodoxalbania.org\/2020\/","logo":{"@type":"ImageObject","inLanguage":"en-US","@id":"https:\/\/orthodoxalbania.org\/2020\/#\/schema\/logo\/image\/","url":"https:\/\/orthodoxalbania.org\/2020\/wp-content\/uploads\/2020\/05\/albania.jpeg","contentUrl":"https:\/\/orthodoxalbania.org\/2020\/wp-content\/uploads\/2020\/05\/albania.jpeg","width":540,"height":540,"caption":"Kisha Orthodhokse Autoqefale e Shqip\u00ebris\u00eb"},"image":{"@id":"https:\/\/orthodoxalbania.org\/2020\/#\/schema\/logo\/image\/"},"sameAs":["https:\/\/www.facebook.com\/koash1991"]},{"@type":"Person","@id":"https:\/\/orthodoxalbania.org\/2020\/#\/schema\/person\/0c387634a7063ac612d7ed9ce71c7e86","name":"Kisha Orthodhokse","image":{"@type":"ImageObject","inLanguage":"en-US","@id":"https:\/\/secure.gravatar.com\/avatar\/596e7c417251e30f2fbb9c00e026fce61a695a00e51c889caded71c96cbbdde5?s=96&d=mm&r=g","url":"https:\/\/secure.gravatar.com\/avatar\/596e7c417251e30f2fbb9c00e026fce61a695a00e51c889caded71c96cbbdde5?s=96&d=mm&r=g","contentUrl":"https:\/\/secure.gravatar.com\/avatar\/596e7c417251e30f2fbb9c00e026fce61a695a00e51c889caded71c96cbbdde5?s=96&d=mm&r=g","caption":"Kisha Orthodhokse"}}]}},"_links":{"self":[{"href":"https:\/\/orthodoxalbania.org\/2020\/wp-json\/wp\/v2\/posts\/851","targetHints":{"allow":["GET"]}}],"collection":[{"href":"https:\/\/orthodoxalbania.org\/2020\/wp-json\/wp\/v2\/posts"}],"about":[{"href":"https:\/\/orthodoxalbania.org\/2020\/wp-json\/wp\/v2\/types\/post"}],"author":[{"embeddable":true,"href":"https:\/\/orthodoxalbania.org\/2020\/wp-json\/wp\/v2\/users\/1"}],"replies":[{"embeddable":true,"href":"https:\/\/orthodoxalbania.org\/2020\/wp-json\/wp\/v2\/comments?post=851"}],"version-history":[{"count":1,"href":"https:\/\/orthodoxalbania.org\/2020\/wp-json\/wp\/v2\/posts\/851\/revisions"}],"predecessor-version":[{"id":15038,"href":"https:\/\/orthodoxalbania.org\/2020\/wp-json\/wp\/v2\/posts\/851\/revisions\/15038"}],"wp:featuredmedia":[{"embeddable":true,"href":"https:\/\/orthodoxalbania.org\/2020\/wp-json\/wp\/v2\/media\/852"}],"wp:attachment":[{"href":"https:\/\/orthodoxalbania.org\/2020\/wp-json\/wp\/v2\/media?parent=851"}],"wp:term":[{"taxonomy":"category","embeddable":true,"href":"https:\/\/orthodoxalbania.org\/2020\/wp-json\/wp\/v2\/categories?post=851"},{"taxonomy":"post_tag","embeddable":true,"href":"https:\/\/orthodoxalbania.org\/2020\/wp-json\/wp\/v2\/tags?post=851"}],"curies":[{"name":"wp","href":"https:\/\/api.w.org\/{rel}","templated":true}]}}