{"id":850,"date":"2013-12-24T10:55:54","date_gmt":"2013-12-24T10:55:54","guid":{"rendered":""},"modified":"2020-04-06T22:05:24","modified_gmt":"2020-04-06T20:05:24","slug":"krishtlindje-2013-vlera-e-pakonceptueshme-e-jetes-njerezore","status":"publish","type":"post","link":"https:\/\/orthodoxalbania.org\/2020\/2013\/12\/24\/krishtlindje-2013-vlera-e-pakonceptueshme-e-jetes-njerezore\/","title":{"rendered":"KRISHTLINDJE 2013  VLERA E PAKONCEPTUESHME E JET\u00cbS NJER\u00cbZORE."},"content":{"rendered":"<p>\n\t<span style=\"color: #000000;\"><img class=\"lazyload\" decoding=\"async\" alt=\"\" src=\"data:image\/gif;base64,R0lGODlhAQABAAAAACH5BAEKAAEALAAAAAABAAEAAAICTAEAOw==\" data-orig-src=\"https:\/\/lh4.googleusercontent.com\/-QJzhHVMsPXc\/UrlnD46EMOI\/AAAAAAAAHFs\/w0KUvJyhf84\/w958-h550-no\/gennisi+kritikis+sxolis.JPG\" style=\"height: 344px; width: 600px; display: block; margin-left: auto; margin-right: auto;\" \/><\/span><\/p>\n<div>\n\t&nbsp;<\/div>\n<div>\n\t&nbsp;<\/div>\n<div style=\"text-align: center;\">\n\t<span style=\"font-size: 12pt; font-family: helvetica; color: #000000;\"><strong>\u2020 Anastasi<\/strong><\/span><\/div>\n<div style=\"text-align: center;\">\n\t<span style=\"font-size: 12pt; font-family: helvetica; color: #000000;\">Kryepiskop i Tiran\u00ebs, Durr\u00ebsit dhe i Gjith\u00eb Shqip\u00ebris\u00eb<\/span><\/div>\n<div style=\"text-align: center;\">\n\t&nbsp;<\/div>\n<div style=\"text-align: center;\">\n\t&nbsp;<\/div>\n<div style=\"text-align: center;\">\n\t&nbsp;<\/div>\n<div style=\"text-align: center;\">\n\t&nbsp;<\/div>\n<div style=\"text-align: center;\">\n\t&nbsp;<\/div>\n<div style=\"text-align: justify;\">\n\t<span style=\"font-size: 12pt; font-family: helvetica; color: #000000;\">&nbsp; &nbsp; Klerit dhe popullit shpres\u00ebtar Orthodhoks,<\/span><\/div>\n<div style=\"text-align: justify;\">\n\t&nbsp;<\/div>\n<div style=\"text-align: justify;\">\n\t<span style=\"font-size: 12pt; font-family: helvetica; color: #000000;\">&nbsp; &nbsp; Bij t\u00eb shtrenjt\u00eb m\u00eb Zotin,<\/span><\/div>\n<div style=\"text-align: justify;\">\n\t&nbsp;<\/div>\n<div style=\"text-align: justify;\">\n\t<span style=\"font-size: 12pt; font-family: helvetica; color: #000000;\">&nbsp; &nbsp; \u201cUn\u00eb erdha t\u00eb ken\u00eb jet\u00eb dhe ta ken\u00eb me t\u00eb tep\u00ebrt\u201d (Joani 10:10).&nbsp;<\/span><\/div>\n<div style=\"text-align: justify;\">\n\t&nbsp;<\/div>\n<div style=\"text-align: justify;\">\n\t<span style=\"font-size: 12pt; font-family: helvetica; color: #000000;\">&nbsp; &nbsp; N\u00eb epok\u00ebn ton\u00eb, n\u00eb deklaratat publike, mbisundon theksimi i dinjitetit t\u00eb njeriut. Por ngjarja q\u00eb tregon me forc\u00eb unikale vler\u00ebn e jet\u00ebs njer\u00ebzore, \u00ebsht\u00eb ajo q\u00eb zot\u00ebron n\u00eb t\u00eb kremten e sotme: Biri i Per\u00ebndis\u00eb s\u00eb gjall\u00eb, t\u00eb paafruesh\u00ebm dhe t\u00eb t\u00ebr\u00ebfuqish\u00ebm, mori natyr\u00ebn njer\u00ebzore, u b\u00eb njeri. Ky vazhdon t\u00eb jet\u00eb mesazhi qendror mahnit\u00ebs i Krishtlindjes. Per\u00ebndia nuk d\u00ebrgoi engj\u00ebj p\u00ebr shp\u00ebtimin e bot\u00ebs, nuk mori form\u00ebn e nj\u00eb krijese tjet\u00ebr, por u b\u00eb njeri. N\u00eb k\u00ebt\u00eb m\u00ebnyr\u00eb theksoi qartazi vler\u00ebn e jet\u00ebs s\u00eb njeriut n\u00eb vetvete dhe shfaqi shenjt\u00ebrin\u00eb e \u00e7do qenieje njer\u00ebzore. Por, nj\u00ebkoh\u00ebsisht, Ungjilli zbulon se Krishti erdhi p\u00ebr t\u00eb lart\u00ebsuar natyr\u00ebn njer\u00ebzore, q\u00eb t\u2019i injektoj\u00eb asaj jet\u00eb me boll\u00ebk. Pra, e kremtja e sotme, n\u00eb t\u00eb gjitha dimensionet dhe perspektiv\u00ebn e saj, \u00ebsht\u00eb mbi t\u00eb gjitha e kremtja e jet\u00ebs.&nbsp;<\/span><\/div>\n<p style=\"text-align: justify;\">\n\t<span style=\"font-size: 12pt; font-family: helvetica; color: #000000;\">&nbsp; &nbsp; Brenda atmosfer\u00ebs festive t\u00eb Krishtlindjes, na jepet rasti t\u00eb mendojm\u00eb m\u00eb thell\u00eb p\u00ebr vler\u00ebn esenciale t\u00eb k\u00ebsaj dhurate q\u00eb na e ka falur Per\u00ebndia, t\u00eb cil\u00ebn jemi duke e shijuar dhe gjithashtu, t\u00eb rrisim respektin p\u00ebr \u00e7do qenie njer\u00ebzore anek\u00ebnd bot\u00ebs.&nbsp;<\/span><\/p>\n<p style=\"text-align: justify;\">\n\t<span style=\"font-size: 12pt; font-family: helvetica; color: #000000;\">&nbsp; &nbsp; 1. Duke e nisur s\u00eb pari nga jeta jon\u00eb, \u00ebsht\u00eb koha t\u00eb shikojm\u00eb me kujdes gj\u00ebrat q\u00eb i quajm\u00eb t\u00eb vet\u00ebkuptueshme. P.sh. si\u00e7 \u00ebsht\u00eb detyrimi yn\u00eb p\u00ebr t\u00eb ruajtur m\u00eb s\u00eb miri jet\u00ebn ton\u00eb biologjike, duke shmangur shp\u00ebrdorime, pasione dhe gabime q\u00eb e cenojn\u00eb dhe e minojn\u00eb dhe duke u p\u00ebrkujdesur p\u00ebr t\u00eb zhvilluar t\u00eb gjitha potencialet tona shpirt\u00ebrore. Si nj\u00eb qeliz\u00eb e gjall\u00eb e rac\u00ebs njer\u00ebzore, kemi p\u00ebrgjegj\u00ebsin\u00eb dhe detyrimin p\u00ebr t\u00eb kultivuar t\u00eb gjitha dhuratat tona, t\u00eb gjith\u00eb spektrin e krijueshm\u00ebris\u00eb son\u00eb dhe q\u00eb t\u2019i ofrojm\u00eb njer\u00ebzimit gj\u00ebn\u00eb m\u00eb t\u00eb mir\u00eb q\u00eb disponojm\u00eb. Madje, edhe n\u00eb \u00e7astet m\u00eb t\u00eb err\u00ebta t\u00eb d\u00ebshp\u00ebrimit, le t\u00eb sjellim nd\u00ebr mend vler\u00ebn e pakap\u00ebrcyeshme t\u00eb jet\u00ebs dhe se, n\u00eb asnj\u00eb rast, nuk kemi t\u00eb drejt\u00eb ta shkat\u00ebrrojm\u00eb vet\u00eb me duart tona. Sprovat e shum\u00ebllojshme t\u00eb jet\u00ebs njer\u00ebzore, v\u00ebshtir\u00ebsit\u00eb e sh\u00ebndetit, varf\u00ebria, p\u00ebrndjekjet, shpifjet, shpesh \u00e7elin horizonte t\u00eb reja shpirt\u00ebrore dhe ekzistenciale.&nbsp;<\/span><\/p>\n<p style=\"text-align: justify;\">\n\t<span style=\"font-size: 12pt; font-family: helvetica; color: #000000;\">&nbsp; &nbsp; T\u00eb p\u00ebrthithur nga p\u00ebrkujdesja p\u00ebr jet\u00ebn ton\u00eb t\u00eb p\u00ebrditshme, zakonisht neglizhojm\u00eb dimensionin tjet\u00ebr q\u00eb Krishti, Biri i Per\u00ebndis\u00eb \u00e7eli me ardhjen e Tij. Ai erdhi t\u00eb na udh\u00ebheq\u00eb drejt nj\u00eb lul\u00ebzimi dhe frytshm\u00ebrie shpirt\u00ebrore, t\u00eb na ofroj\u00eb \u201ct\u00eb tep\u00ebrt\u00ebn edhe t\u00eb k\u00ebsaj jete; pra, kjo \u00ebsht\u00eb gj\u00ebja m\u00eb e vyer, pjes\u00ebmarrja e p\u00ebrsosur e Shpirtit t\u00eb Shenjt\u00eb\u201d (Sh\u00ebn Kirilli i Aleksandris\u00eb). \u201cMe t\u00eb tep\u00ebrt\u201d ka kuptimin e plot\u00ebsis\u00eb cil\u00ebsore q\u00eb fal prania e Shpirtit jet\u00ebb\u00ebr\u00ebs tek ata \u201cq\u00eb mbeten n\u00eb Krishtin\u201d.&nbsp;<\/span><\/p>\n<p style=\"text-align: justify;\">\n\t<span style=\"font-size: 12pt; font-family: helvetica; color: #000000;\">&nbsp; &nbsp; 2. Drejtimi i dyt\u00eb i meditimit krishtlind\u00ebsor duhet t\u00eb shikoj\u00eb n\u00eb forcimin e respektit ndaj jet\u00ebs s\u00eb bashk\u00ebnjer\u00ebzve tan\u00eb. K\u00ebrc\u00ebnimet e ndryshme kund\u00ebr jet\u00ebs, aktet vrastare, konfliktet e p\u00ebrgjakshme, kamxhikojn\u00eb realitetin e p\u00ebrditsh\u00ebm. Me gjith\u00eb pretekstet e ndryshme, marrja e nj\u00eb jete njer\u00ebzore p\u00ebrb\u00ebn jo vet\u00ebm krim ndaj viktim\u00ebs, por n\u00eb p\u00ebrgjith\u00ebsi, \u00ebsht\u00eb krim kund\u00ebr njer\u00ebzimit.&nbsp;<\/span><\/p>\n<p style=\"text-align: justify;\">\n\t<span style=\"font-size: 12pt; font-family: helvetica; color: #000000;\">&nbsp; &nbsp; Por p\u00ebrbuzja e jet\u00ebs nuk kryhet vet\u00ebm me akte kriminale dhe dhun\u00eb t\u00eb shum\u00ebllojshme. Njer\u00ebz t\u00eb panum\u00ebrt k\u00ebrc\u00ebnohen nga forma t\u00eb ndryshme padrejt\u00ebsie n\u00eb sfer\u00ebn sociale dhe private. Padrejt\u00ebsia i \u00e7on shum\u00eb njer\u00ebz drejt privacioneve, varf\u00ebris\u00eb dhe mjerimit. Di\u00e7ka q\u00eb vepron, pa u dalluar qart\u00eb, kund\u00ebr jet\u00ebs njer\u00ebzore, \u00ebsht\u00eb indiferenca ndaj cil\u00ebsis\u00eb s\u00eb jet\u00ebs s\u00eb bashk\u00ebnjer\u00ebzve tan\u00eb. Ky fenomen nuk d\u00ebnohet nga ligji, por nuk resht s\u00eb minuari jet\u00eb t\u00eb panum\u00ebrta njer\u00ebzore. Madje n\u00eb nj\u00eb epok\u00eb krizash, si\u00e7 \u00ebsht\u00eb kjo e jona, indiferenca shpesh kthehet n\u00eb vdekjeprur\u00ebse. Detyra imediate e t\u00eb gjith\u00ebve ne, \u00ebsht\u00eb t\u00eb mbrojm\u00eb \u00e7do jet\u00eb njer\u00ebzore me ndihm\u00eb konkrete, t\u00eb shprehur n\u00eb praktik\u00eb dhe solidaritet aktiv, duke mb\u00ebshtetur me fjal\u00eb dhe vepra, me dashuri t\u00eb sinqert\u00eb, ata q\u00eb ndodhen n\u00eb sprova, ata q\u00eb i ka plagosur varf\u00ebria, s\u00ebmundja dhe d\u00ebshp\u00ebrimi.<\/span><\/p>\n<div style=\"text-align: justify;\">\n\t<span style=\"font-size: 12pt; font-family: helvetica; color: #000000;\">&nbsp; &nbsp; Nj\u00ebkoh\u00ebsisht, detyrimi i t\u00eb krishter\u00ebve t\u00eb nd\u00ebrgjegjsh\u00ebm \u00ebsht\u00eb edhe d\u00ebshmia se p\u00ebrpos jet\u00ebs biologjike, ekziston edhe nj\u00eb jet\u00eb e nj\u00eb cil\u00ebsie m\u00eb t\u00eb lart\u00eb: ajo shpirt\u00ebrore q\u00eb fal dhe nxit besimin, q\u00eb mund\u00ebson hapjen e zemr\u00ebs son\u00eb n\u00eb zon\u00ebn e Shpirtit. Nj\u00eb jet\u00eb q\u00eb l\u00ebviz vazhdimisht duke u transformuar s\u00eb brendshmi me sigurin\u00eb se Krishti erdhi \u201c&#8230; q\u00eb kushdo i cili shikon Birin dhe beson n\u00eb at\u00eb t\u00eb ket\u00eb jet\u00eb t\u00eb p\u00ebrjetshme&#8230;\u201d (Joani 6:40).&nbsp;<\/span><\/div>\n<div style=\"text-align: justify;\">\n\t&nbsp;<\/div>\n<div style=\"text-align: justify;\">\n\t&nbsp;<\/div>\n<div style=\"text-align: center;\">\n\t<span style=\"font-size: 12pt; font-family: helvetica; color: #000000;\">* * *<\/span><\/div>\n<div style=\"text-align: center;\">\n\t&nbsp;<\/div>\n<div style=\"text-align: center;\">\n\t&nbsp;<\/div>\n<div style=\"text-align: justify;\">\n\t<span style=\"font-size: 12pt; font-family: helvetica; color: #000000;\">&nbsp; &nbsp;\u201cUn\u00eb erdha q\u00eb t\u00eb ken\u00eb jet\u00eb dhe ta ken\u00eb me t\u00eb tep\u00ebrt\u201d (Joani 10:10).&nbsp;<\/span><\/div>\n<div style=\"text-align: justify;\">\n\t<span style=\"font-size: 12pt; font-family: helvetica; color: #000000;\">&nbsp; &nbsp;Mesazhi mahnit\u00ebs i Krishtlindjes \u00ebsht\u00eb se Biri i Per\u00ebndis\u00eb s\u00eb Paafruesh\u00ebm u b\u00eb njeri. B\u00ebrja njeri e Fjal\u00ebs Hyjnore shpall me buj\u00eb, v\u00ebllez\u00ebrit e mi, vler\u00ebn e jasht\u00ebzakonshme t\u00eb jet\u00ebs njer\u00ebzore. Por n\u00eb t\u00eb nj\u00ebjt\u00ebn koh\u00eb, zbulon se Krishti erdhi &nbsp;t\u00eb na injektoj\u00eb nj\u00eb jet\u00eb m\u00eb t\u00eb lart\u00eb, \u201cpjes\u00ebmarrjen e p\u00ebrsosur t\u00eb Shpirtit\u201d, q\u00eb shtrihet n\u00eb p\u00ebrjet\u00ebsi.&nbsp;<\/span><\/div>\n<p style=\"text-align: justify;\">\n\t<span style=\"font-size: 12pt; font-family: helvetica; color: #000000;\">&nbsp; &nbsp;Le t\u00eb p\u00ebrkujdesemi q\u00eb n\u00eb k\u00ebto dit\u00eb festive, t\u00eb p\u00ebrjetojm\u00eb m\u00eb thell\u00eb shenjt\u00ebrin\u00eb dhe madh\u00ebshtin\u00eb e dhurat\u00ebs s\u00eb jet\u00ebs q\u00eb na e ka dhuruar Per\u00ebndia. Dhe p\u00ebr m\u00eb tep\u00ebr t\u00eb shprehim mir\u00ebnjohjen ton\u00eb me p\u00ebrpjekje t\u00eb pand\u00ebrprer\u00eb p\u00ebr zhvillimin e jet\u00ebs shpirt\u00ebrore. N\u00eb t\u00eb nj\u00ebjt\u00ebn koh\u00eb, le t\u00eb forcojm\u00eb respektin p\u00ebr jet\u00ebn e bashk\u00ebnjer\u00ebzve tan\u00eb, duke luftuar dhun\u00ebn, padrejt\u00ebsin\u00eb dhe indiferenc\u00ebn q\u00eb e minojn\u00eb at\u00eb. Le ta mb\u00ebshtesim me solidaritetin ton\u00eb dashuror.&nbsp;<\/span><\/p>\n<div style=\"text-align: justify;\">\n\t<span style=\"font-size: 12pt; font-family: helvetica; color: #000000;\">&nbsp; &nbsp; Krishtlindje t\u00eb bekuara, me p\u00ebrpjekje t\u00eb nd\u00ebrgjegjshme p\u00ebr nj\u00eb shoq\u00ebri m\u00eb njer\u00ebzore! Me frym\u00ebzimin e Krishtit, Viti i Ri le t\u00eb jet\u00eb sa m\u00eb shum\u00eb njer\u00ebzor!&nbsp;<\/span><\/div>\n<div style=\"text-align: justify;\">\n\t&nbsp;<\/div>\n<div style=\"text-align: justify;\">\n\t&nbsp;<\/div>\n<div style=\"text-align: justify;\">\n\t&nbsp;<\/div>\n<div style=\"text-align: justify;\">\n\t&nbsp;<\/div>\n<div style=\"text-align: center;\">\n\t<span style=\"font-size: 12pt; font-family: helvetica; color: #000000;\">Me dashuri t\u00eb t\u00ebr\u00ebshpirtshme m\u00eb Krishtin,&nbsp;<\/span><\/div>\n<div style=\"text-align: center;\">\n\t&nbsp;<\/div>\n<div style=\"text-align: center;\">\n\t<span style=\"font-size: 12pt; font-family: helvetica; color: #000000;\"><strong>+ Anastasi<\/strong><\/span><\/div>\n<div style=\"text-align: center;\">\n\t<span style=\"font-size: 12pt; font-family: helvetica; color: #000000;\">Kryepiskop i Tiran\u00ebs, Durr\u00ebsit dhe i Gjith\u00eb Shqip\u00ebris\u00eb&nbsp;<\/span><\/div>\n<div>\n\t&nbsp;<\/div>\n","protected":false},"excerpt":{"rendered":"<p>&nbsp; &nbsp; \u2020 Anastasi Kryepiskop i Tiran\u00ebs, Durr\u00ebsit dhe i Gjith\u00eb Shqip\u00ebris\u00eb &nbsp; &nbsp; &nbsp; &nbsp; &nbsp; &nbsp; &nbsp; Klerit dhe popullit shpres\u00ebtar Orthodhoks, &nbsp; &nbsp; &nbsp; Bij t\u00eb shtrenjt\u00eb m\u00eb Zotin, &nbsp; &nbsp; &nbsp; \u201cUn\u00eb erdha t\u00eb ken\u00eb jet\u00eb dhe ta ken\u00eb me t\u00eb tep\u00ebrt\u201d (Joani 10:10).&nbsp; &nbsp; &nbsp; &nbsp; N\u00eb epok\u00ebn ton\u00eb, n\u00eb deklaratat publike, mbisundon theksimi i dinjitetit t\u00eb njeriut. Por ngjarja<\/p>\n","protected":false},"author":14,"featured_media":0,"comment_status":"open","ping_status":"open","sticky":false,"template":"","format":"standard","meta":{"_acf_changed":false,"pagelayer_contact_templates":[],"_pagelayer_content":"","inline_featured_image":false,"fifu_image_url":"","fifu_image_alt":"","footnotes":""},"categories":[108],"tags":[141,192,196,201,212,152],"class_list":["post-850","post","type-post","status-publish","format-standard","hentry","category-lajme","tag-141","tag-krishtlindje","tag-tirane","tag-kryepiskopi-anastas","tag-lajme-d27","tag-mesazhet-festive-d19"],"acf":[],"yoast_head":"<!-- This site is optimized with the Yoast SEO plugin v27.2 - https:\/\/yoast.com\/product\/yoast-seo-wordpress\/ -->\n<title>KRISHTLINDJE 2013 VLERA E PAKONCEPTUESHME E JET\u00cbS NJER\u00cbZORE. - Kisha Orthodh\u03bfkse Autoqefale e Shqip\u00ebris\u00eb<\/title>\n<meta name=\"robots\" content=\"index, follow, max-snippet:-1, max-image-preview:large, max-video-preview:-1\" \/>\n<link rel=\"canonical\" href=\"https:\/\/orthodoxalbania.org\/2020\/2013\/12\/24\/krishtlindje-2013-vlera-e-pakonceptueshme-e-jetes-njerezore\/\" \/>\n<meta property=\"og:locale\" content=\"en_US\" \/>\n<meta property=\"og:type\" content=\"article\" \/>\n<meta property=\"og:title\" content=\"KRISHTLINDJE 2013 VLERA E PAKONCEPTUESHME E JET\u00cbS NJER\u00cbZORE. - Kisha Orthodh\u03bfkse Autoqefale e Shqip\u00ebris\u00eb\" \/>\n<meta property=\"og:description\" content=\"&nbsp; &nbsp; \u2020 Anastasi Kryepiskop i Tiran\u00ebs, Durr\u00ebsit dhe i Gjith\u00eb Shqip\u00ebris\u00eb &nbsp; &nbsp; &nbsp; &nbsp; &nbsp; &nbsp; &nbsp; Klerit dhe popullit shpres\u00ebtar Orthodhoks, &nbsp; &nbsp; &nbsp; Bij t\u00eb shtrenjt\u00eb m\u00eb Zotin, &nbsp; &nbsp; &nbsp; \u201cUn\u00eb erdha t\u00eb ken\u00eb jet\u00eb dhe ta ken\u00eb me t\u00eb tep\u00ebrt\u201d (Joani 10:10).&nbsp; &nbsp; &nbsp; &nbsp; N\u00eb epok\u00ebn ton\u00eb, n\u00eb deklaratat publike, mbisundon theksimi i dinjitetit t\u00eb njeriut. Por ngjarja\" \/>\n<meta property=\"og:url\" content=\"https:\/\/orthodoxalbania.org\/2020\/2013\/12\/24\/krishtlindje-2013-vlera-e-pakonceptueshme-e-jetes-njerezore\/\" \/>\n<meta property=\"og:site_name\" content=\"Kisha Orthodh\u03bfkse Autoqefale e Shqip\u00ebris\u00eb\" \/>\n<meta property=\"article:publisher\" content=\"https:\/\/www.facebook.com\/koash1991\" \/>\n<meta property=\"article:published_time\" content=\"2013-12-24T10:55:54+00:00\" \/>\n<meta property=\"article:modified_time\" content=\"2020-04-06T20:05:24+00:00\" \/>\n<meta property=\"og:image\" content=\"https:\/\/lh4.googleusercontent.com\/-QJzhHVMsPXc\/UrlnD46EMOI\/AAAAAAAAHFs\/w0KUvJyhf84\/w958-h550-no\/gennisi+kritikis+sxolis.JPG\" \/>\n<meta name=\"author\" content=\"neo_admin\" \/>\n<meta name=\"twitter:card\" content=\"summary_large_image\" \/>\n<meta name=\"twitter:label1\" content=\"Written by\" \/>\n\t<meta name=\"twitter:data1\" content=\"neo_admin\" \/>\n\t<meta name=\"twitter:label2\" content=\"Est. reading time\" \/>\n\t<meta name=\"twitter:data2\" content=\"6 minutes\" \/>\n<script type=\"application\/ld+json\" class=\"yoast-schema-graph\">{\"@context\":\"https:\/\/schema.org\",\"@graph\":[{\"@type\":\"Article\",\"@id\":\"https:\/\/orthodoxalbania.org\/2020\/2013\/12\/24\/krishtlindje-2013-vlera-e-pakonceptueshme-e-jetes-njerezore\/#article\",\"isPartOf\":{\"@id\":\"https:\/\/orthodoxalbania.org\/2020\/2013\/12\/24\/krishtlindje-2013-vlera-e-pakonceptueshme-e-jetes-njerezore\/\"},\"author\":{\"name\":\"neo_admin\",\"@id\":\"https:\/\/orthodoxalbania.org\/2020\/#\/schema\/person\/dd2bdc135b53c60d45b8bb329565cf6d\"},\"headline\":\"KRISHTLINDJE 2013 VLERA E PAKONCEPTUESHME E JET\u00cbS NJER\u00cbZORE.\",\"datePublished\":\"2013-12-24T10:55:54+00:00\",\"dateModified\":\"2020-04-06T20:05:24+00:00\",\"mainEntityOfPage\":{\"@id\":\"https:\/\/orthodoxalbania.org\/2020\/2013\/12\/24\/krishtlindje-2013-vlera-e-pakonceptueshme-e-jetes-njerezore\/\"},\"wordCount\":1184,\"commentCount\":0,\"publisher\":{\"@id\":\"https:\/\/orthodoxalbania.org\/2020\/#organization\"},\"image\":{\"@id\":\"https:\/\/orthodoxalbania.org\/2020\/2013\/12\/24\/krishtlindje-2013-vlera-e-pakonceptueshme-e-jetes-njerezore\/#primaryimage\"},\"thumbnailUrl\":\"https:\/\/lh4.googleusercontent.com\/-QJzhHVMsPXc\/UrlnD46EMOI\/AAAAAAAAHFs\/w0KUvJyhf84\/w958-h550-no\/gennisi+kritikis+sxolis.JPG\",\"keywords\":[\"2013\",\"Krishtlindje\",\"Kryepiskopata Tiran\u00eb\",\"Kryepiskopi Anastas\",\"lajme\",\"Mesazhet Festive\"],\"articleSection\":[\"Lajme\"],\"inLanguage\":\"en-US\"},{\"@type\":\"WebPage\",\"@id\":\"https:\/\/orthodoxalbania.org\/2020\/2013\/12\/24\/krishtlindje-2013-vlera-e-pakonceptueshme-e-jetes-njerezore\/\",\"url\":\"https:\/\/orthodoxalbania.org\/2020\/2013\/12\/24\/krishtlindje-2013-vlera-e-pakonceptueshme-e-jetes-njerezore\/\",\"name\":\"KRISHTLINDJE 2013 VLERA E PAKONCEPTUESHME E JET\u00cbS NJER\u00cbZORE. - Kisha Orthodh\u03bfkse Autoqefale e Shqip\u00ebris\u00eb\",\"isPartOf\":{\"@id\":\"https:\/\/orthodoxalbania.org\/2020\/#website\"},\"primaryImageOfPage\":{\"@id\":\"https:\/\/orthodoxalbania.org\/2020\/2013\/12\/24\/krishtlindje-2013-vlera-e-pakonceptueshme-e-jetes-njerezore\/#primaryimage\"},\"image\":{\"@id\":\"https:\/\/orthodoxalbania.org\/2020\/2013\/12\/24\/krishtlindje-2013-vlera-e-pakonceptueshme-e-jetes-njerezore\/#primaryimage\"},\"thumbnailUrl\":\"https:\/\/lh4.googleusercontent.com\/-QJzhHVMsPXc\/UrlnD46EMOI\/AAAAAAAAHFs\/w0KUvJyhf84\/w958-h550-no\/gennisi+kritikis+sxolis.JPG\",\"datePublished\":\"2013-12-24T10:55:54+00:00\",\"dateModified\":\"2020-04-06T20:05:24+00:00\",\"breadcrumb\":{\"@id\":\"https:\/\/orthodoxalbania.org\/2020\/2013\/12\/24\/krishtlindje-2013-vlera-e-pakonceptueshme-e-jetes-njerezore\/#breadcrumb\"},\"inLanguage\":\"en-US\",\"potentialAction\":[{\"@type\":\"ReadAction\",\"target\":[\"https:\/\/orthodoxalbania.org\/2020\/2013\/12\/24\/krishtlindje-2013-vlera-e-pakonceptueshme-e-jetes-njerezore\/\"]}]},{\"@type\":\"ImageObject\",\"inLanguage\":\"en-US\",\"@id\":\"https:\/\/orthodoxalbania.org\/2020\/2013\/12\/24\/krishtlindje-2013-vlera-e-pakonceptueshme-e-jetes-njerezore\/#primaryimage\",\"url\":\"https:\/\/lh4.googleusercontent.com\/-QJzhHVMsPXc\/UrlnD46EMOI\/AAAAAAAAHFs\/w0KUvJyhf84\/w958-h550-no\/gennisi+kritikis+sxolis.JPG\",\"contentUrl\":\"https:\/\/lh4.googleusercontent.com\/-QJzhHVMsPXc\/UrlnD46EMOI\/AAAAAAAAHFs\/w0KUvJyhf84\/w958-h550-no\/gennisi+kritikis+sxolis.JPG\"},{\"@type\":\"BreadcrumbList\",\"@id\":\"https:\/\/orthodoxalbania.org\/2020\/2013\/12\/24\/krishtlindje-2013-vlera-e-pakonceptueshme-e-jetes-njerezore\/#breadcrumb\",\"itemListElement\":[{\"@type\":\"ListItem\",\"position\":1,\"name\":\"Home\",\"item\":\"https:\/\/orthodoxalbania.org\/2020\/\"},{\"@type\":\"ListItem\",\"position\":2,\"name\":\"KRISHTLINDJE 2013 VLERA E PAKONCEPTUESHME E JET\u00cbS NJER\u00cbZORE.\"}]},{\"@type\":\"WebSite\",\"@id\":\"https:\/\/orthodoxalbania.org\/2020\/#website\",\"url\":\"https:\/\/orthodoxalbania.org\/2020\/\",\"name\":\"Kisha Orthodh\u03bfkse Autoqefale e Shqip\u00ebris\u00eb\",\"description\":\"Fqja Zyrtare e Kish\u00ebs Orthodhokse Autoqefale e Shqip\u00ebris\u00eb me lajmet edhe informacionet zyrtare p\u00ebr struktur\u00ebn edhe veprimtarin e saj.\",\"publisher\":{\"@id\":\"https:\/\/orthodoxalbania.org\/2020\/#organization\"},\"potentialAction\":[{\"@type\":\"SearchAction\",\"target\":{\"@type\":\"EntryPoint\",\"urlTemplate\":\"https:\/\/orthodoxalbania.org\/2020\/?s={search_term_string}\"},\"query-input\":{\"@type\":\"PropertyValueSpecification\",\"valueRequired\":true,\"valueName\":\"search_term_string\"}}],\"inLanguage\":\"en-US\"},{\"@type\":\"Organization\",\"@id\":\"https:\/\/orthodoxalbania.org\/2020\/#organization\",\"name\":\"Kisha Orthodhokse Autoqefale e Shqip\u00ebris\u00eb\",\"url\":\"https:\/\/orthodoxalbania.org\/2020\/\",\"logo\":{\"@type\":\"ImageObject\",\"inLanguage\":\"en-US\",\"@id\":\"https:\/\/orthodoxalbania.org\/2020\/#\/schema\/logo\/image\/\",\"url\":\"https:\/\/orthodoxalbania.org\/2020\/wp-content\/uploads\/2020\/05\/albania.jpeg\",\"contentUrl\":\"https:\/\/orthodoxalbania.org\/2020\/wp-content\/uploads\/2020\/05\/albania.jpeg\",\"width\":540,\"height\":540,\"caption\":\"Kisha Orthodhokse Autoqefale e Shqip\u00ebris\u00eb\"},\"image\":{\"@id\":\"https:\/\/orthodoxalbania.org\/2020\/#\/schema\/logo\/image\/\"},\"sameAs\":[\"https:\/\/www.facebook.com\/koash1991\"]},{\"@type\":\"Person\",\"@id\":\"https:\/\/orthodoxalbania.org\/2020\/#\/schema\/person\/dd2bdc135b53c60d45b8bb329565cf6d\",\"name\":\"neo_admin\",\"image\":{\"@type\":\"ImageObject\",\"inLanguage\":\"en-US\",\"@id\":\"https:\/\/secure.gravatar.com\/avatar\/53e6cdc30765aade0129f85e5aeb50124b1d3f5bb9a70373be31e4eb328371e0?s=96&d=mm&r=g\",\"url\":\"https:\/\/secure.gravatar.com\/avatar\/53e6cdc30765aade0129f85e5aeb50124b1d3f5bb9a70373be31e4eb328371e0?s=96&d=mm&r=g\",\"contentUrl\":\"https:\/\/secure.gravatar.com\/avatar\/53e6cdc30765aade0129f85e5aeb50124b1d3f5bb9a70373be31e4eb328371e0?s=96&d=mm&r=g\",\"caption\":\"neo_admin\"}}]}<\/script>\n<!-- \/ Yoast SEO plugin. -->","yoast_head_json":{"title":"KRISHTLINDJE 2013 VLERA E PAKONCEPTUESHME E JET\u00cbS NJER\u00cbZORE. - Kisha Orthodh\u03bfkse Autoqefale e Shqip\u00ebris\u00eb","robots":{"index":"index","follow":"follow","max-snippet":"max-snippet:-1","max-image-preview":"max-image-preview:large","max-video-preview":"max-video-preview:-1"},"canonical":"https:\/\/orthodoxalbania.org\/2020\/2013\/12\/24\/krishtlindje-2013-vlera-e-pakonceptueshme-e-jetes-njerezore\/","og_locale":"en_US","og_type":"article","og_title":"KRISHTLINDJE 2013 VLERA E PAKONCEPTUESHME E JET\u00cbS NJER\u00cbZORE. - Kisha Orthodh\u03bfkse Autoqefale e Shqip\u00ebris\u00eb","og_description":"&nbsp; &nbsp; \u2020 Anastasi Kryepiskop i Tiran\u00ebs, Durr\u00ebsit dhe i Gjith\u00eb Shqip\u00ebris\u00eb &nbsp; &nbsp; &nbsp; &nbsp; &nbsp; &nbsp; &nbsp; Klerit dhe popullit shpres\u00ebtar Orthodhoks, &nbsp; &nbsp; &nbsp; Bij t\u00eb shtrenjt\u00eb m\u00eb Zotin, &nbsp; &nbsp; &nbsp; \u201cUn\u00eb erdha t\u00eb ken\u00eb jet\u00eb dhe ta ken\u00eb me t\u00eb tep\u00ebrt\u201d (Joani 10:10).&nbsp; &nbsp; &nbsp; &nbsp; N\u00eb epok\u00ebn ton\u00eb, n\u00eb deklaratat publike, mbisundon theksimi i dinjitetit t\u00eb njeriut. Por ngjarja","og_url":"https:\/\/orthodoxalbania.org\/2020\/2013\/12\/24\/krishtlindje-2013-vlera-e-pakonceptueshme-e-jetes-njerezore\/","og_site_name":"Kisha Orthodh\u03bfkse Autoqefale e Shqip\u00ebris\u00eb","article_publisher":"https:\/\/www.facebook.com\/koash1991","article_published_time":"2013-12-24T10:55:54+00:00","article_modified_time":"2020-04-06T20:05:24+00:00","og_image":[{"url":"https:\/\/lh4.googleusercontent.com\/-QJzhHVMsPXc\/UrlnD46EMOI\/AAAAAAAAHFs\/w0KUvJyhf84\/w958-h550-no\/gennisi+kritikis+sxolis.JPG","type":"","width":"","height":""}],"author":"neo_admin","twitter_card":"summary_large_image","twitter_misc":{"Written by":"neo_admin","Est. reading time":"6 minutes"},"schema":{"@context":"https:\/\/schema.org","@graph":[{"@type":"Article","@id":"https:\/\/orthodoxalbania.org\/2020\/2013\/12\/24\/krishtlindje-2013-vlera-e-pakonceptueshme-e-jetes-njerezore\/#article","isPartOf":{"@id":"https:\/\/orthodoxalbania.org\/2020\/2013\/12\/24\/krishtlindje-2013-vlera-e-pakonceptueshme-e-jetes-njerezore\/"},"author":{"name":"neo_admin","@id":"https:\/\/orthodoxalbania.org\/2020\/#\/schema\/person\/dd2bdc135b53c60d45b8bb329565cf6d"},"headline":"KRISHTLINDJE 2013 VLERA E PAKONCEPTUESHME E JET\u00cbS NJER\u00cbZORE.","datePublished":"2013-12-24T10:55:54+00:00","dateModified":"2020-04-06T20:05:24+00:00","mainEntityOfPage":{"@id":"https:\/\/orthodoxalbania.org\/2020\/2013\/12\/24\/krishtlindje-2013-vlera-e-pakonceptueshme-e-jetes-njerezore\/"},"wordCount":1184,"commentCount":0,"publisher":{"@id":"https:\/\/orthodoxalbania.org\/2020\/#organization"},"image":{"@id":"https:\/\/orthodoxalbania.org\/2020\/2013\/12\/24\/krishtlindje-2013-vlera-e-pakonceptueshme-e-jetes-njerezore\/#primaryimage"},"thumbnailUrl":"https:\/\/lh4.googleusercontent.com\/-QJzhHVMsPXc\/UrlnD46EMOI\/AAAAAAAAHFs\/w0KUvJyhf84\/w958-h550-no\/gennisi+kritikis+sxolis.JPG","keywords":["2013","Krishtlindje","Kryepiskopata Tiran\u00eb","Kryepiskopi Anastas","lajme","Mesazhet Festive"],"articleSection":["Lajme"],"inLanguage":"en-US"},{"@type":"WebPage","@id":"https:\/\/orthodoxalbania.org\/2020\/2013\/12\/24\/krishtlindje-2013-vlera-e-pakonceptueshme-e-jetes-njerezore\/","url":"https:\/\/orthodoxalbania.org\/2020\/2013\/12\/24\/krishtlindje-2013-vlera-e-pakonceptueshme-e-jetes-njerezore\/","name":"KRISHTLINDJE 2013 VLERA E PAKONCEPTUESHME E JET\u00cbS NJER\u00cbZORE. - Kisha Orthodh\u03bfkse Autoqefale e Shqip\u00ebris\u00eb","isPartOf":{"@id":"https:\/\/orthodoxalbania.org\/2020\/#website"},"primaryImageOfPage":{"@id":"https:\/\/orthodoxalbania.org\/2020\/2013\/12\/24\/krishtlindje-2013-vlera-e-pakonceptueshme-e-jetes-njerezore\/#primaryimage"},"image":{"@id":"https:\/\/orthodoxalbania.org\/2020\/2013\/12\/24\/krishtlindje-2013-vlera-e-pakonceptueshme-e-jetes-njerezore\/#primaryimage"},"thumbnailUrl":"https:\/\/lh4.googleusercontent.com\/-QJzhHVMsPXc\/UrlnD46EMOI\/AAAAAAAAHFs\/w0KUvJyhf84\/w958-h550-no\/gennisi+kritikis+sxolis.JPG","datePublished":"2013-12-24T10:55:54+00:00","dateModified":"2020-04-06T20:05:24+00:00","breadcrumb":{"@id":"https:\/\/orthodoxalbania.org\/2020\/2013\/12\/24\/krishtlindje-2013-vlera-e-pakonceptueshme-e-jetes-njerezore\/#breadcrumb"},"inLanguage":"en-US","potentialAction":[{"@type":"ReadAction","target":["https:\/\/orthodoxalbania.org\/2020\/2013\/12\/24\/krishtlindje-2013-vlera-e-pakonceptueshme-e-jetes-njerezore\/"]}]},{"@type":"ImageObject","inLanguage":"en-US","@id":"https:\/\/orthodoxalbania.org\/2020\/2013\/12\/24\/krishtlindje-2013-vlera-e-pakonceptueshme-e-jetes-njerezore\/#primaryimage","url":"https:\/\/lh4.googleusercontent.com\/-QJzhHVMsPXc\/UrlnD46EMOI\/AAAAAAAAHFs\/w0KUvJyhf84\/w958-h550-no\/gennisi+kritikis+sxolis.JPG","contentUrl":"https:\/\/lh4.googleusercontent.com\/-QJzhHVMsPXc\/UrlnD46EMOI\/AAAAAAAAHFs\/w0KUvJyhf84\/w958-h550-no\/gennisi+kritikis+sxolis.JPG"},{"@type":"BreadcrumbList","@id":"https:\/\/orthodoxalbania.org\/2020\/2013\/12\/24\/krishtlindje-2013-vlera-e-pakonceptueshme-e-jetes-njerezore\/#breadcrumb","itemListElement":[{"@type":"ListItem","position":1,"name":"Home","item":"https:\/\/orthodoxalbania.org\/2020\/"},{"@type":"ListItem","position":2,"name":"KRISHTLINDJE 2013 VLERA E PAKONCEPTUESHME E JET\u00cbS NJER\u00cbZORE."}]},{"@type":"WebSite","@id":"https:\/\/orthodoxalbania.org\/2020\/#website","url":"https:\/\/orthodoxalbania.org\/2020\/","name":"Kisha Orthodh\u03bfkse Autoqefale e Shqip\u00ebris\u00eb","description":"Fqja Zyrtare e Kish\u00ebs Orthodhokse Autoqefale e Shqip\u00ebris\u00eb me lajmet edhe informacionet zyrtare p\u00ebr struktur\u00ebn edhe veprimtarin e saj.","publisher":{"@id":"https:\/\/orthodoxalbania.org\/2020\/#organization"},"potentialAction":[{"@type":"SearchAction","target":{"@type":"EntryPoint","urlTemplate":"https:\/\/orthodoxalbania.org\/2020\/?s={search_term_string}"},"query-input":{"@type":"PropertyValueSpecification","valueRequired":true,"valueName":"search_term_string"}}],"inLanguage":"en-US"},{"@type":"Organization","@id":"https:\/\/orthodoxalbania.org\/2020\/#organization","name":"Kisha Orthodhokse Autoqefale e Shqip\u00ebris\u00eb","url":"https:\/\/orthodoxalbania.org\/2020\/","logo":{"@type":"ImageObject","inLanguage":"en-US","@id":"https:\/\/orthodoxalbania.org\/2020\/#\/schema\/logo\/image\/","url":"https:\/\/orthodoxalbania.org\/2020\/wp-content\/uploads\/2020\/05\/albania.jpeg","contentUrl":"https:\/\/orthodoxalbania.org\/2020\/wp-content\/uploads\/2020\/05\/albania.jpeg","width":540,"height":540,"caption":"Kisha Orthodhokse Autoqefale e Shqip\u00ebris\u00eb"},"image":{"@id":"https:\/\/orthodoxalbania.org\/2020\/#\/schema\/logo\/image\/"},"sameAs":["https:\/\/www.facebook.com\/koash1991"]},{"@type":"Person","@id":"https:\/\/orthodoxalbania.org\/2020\/#\/schema\/person\/dd2bdc135b53c60d45b8bb329565cf6d","name":"neo_admin","image":{"@type":"ImageObject","inLanguage":"en-US","@id":"https:\/\/secure.gravatar.com\/avatar\/53e6cdc30765aade0129f85e5aeb50124b1d3f5bb9a70373be31e4eb328371e0?s=96&d=mm&r=g","url":"https:\/\/secure.gravatar.com\/avatar\/53e6cdc30765aade0129f85e5aeb50124b1d3f5bb9a70373be31e4eb328371e0?s=96&d=mm&r=g","contentUrl":"https:\/\/secure.gravatar.com\/avatar\/53e6cdc30765aade0129f85e5aeb50124b1d3f5bb9a70373be31e4eb328371e0?s=96&d=mm&r=g","caption":"neo_admin"}}]}},"_links":{"self":[{"href":"https:\/\/orthodoxalbania.org\/2020\/wp-json\/wp\/v2\/posts\/850","targetHints":{"allow":["GET"]}}],"collection":[{"href":"https:\/\/orthodoxalbania.org\/2020\/wp-json\/wp\/v2\/posts"}],"about":[{"href":"https:\/\/orthodoxalbania.org\/2020\/wp-json\/wp\/v2\/types\/post"}],"author":[{"embeddable":true,"href":"https:\/\/orthodoxalbania.org\/2020\/wp-json\/wp\/v2\/users\/14"}],"replies":[{"embeddable":true,"href":"https:\/\/orthodoxalbania.org\/2020\/wp-json\/wp\/v2\/comments?post=850"}],"version-history":[{"count":1,"href":"https:\/\/orthodoxalbania.org\/2020\/wp-json\/wp\/v2\/posts\/850\/revisions"}],"predecessor-version":[{"id":15140,"href":"https:\/\/orthodoxalbania.org\/2020\/wp-json\/wp\/v2\/posts\/850\/revisions\/15140"}],"wp:attachment":[{"href":"https:\/\/orthodoxalbania.org\/2020\/wp-json\/wp\/v2\/media?parent=850"}],"wp:term":[{"taxonomy":"category","embeddable":true,"href":"https:\/\/orthodoxalbania.org\/2020\/wp-json\/wp\/v2\/categories?post=850"},{"taxonomy":"post_tag","embeddable":true,"href":"https:\/\/orthodoxalbania.org\/2020\/wp-json\/wp\/v2\/tags?post=850"}],"curies":[{"name":"wp","href":"https:\/\/api.w.org\/{rel}","templated":true}]}}