{"id":849,"date":"2013-03-21T12:40:31","date_gmt":"2013-03-21T12:40:31","guid":{"rendered":""},"modified":"2020-04-06T22:05:52","modified_gmt":"2020-04-06T20:05:52","slug":"krishtlindje-2012-ne-durres","status":"publish","type":"post","link":"https:\/\/orthodoxalbania.org\/2020\/2013\/03\/21\/krishtlindje-2012-ne-durres\/","title":{"rendered":"KRISHTLINDJE 2012 N\u00cb DURR\u00cbS."},"content":{"rendered":"<p style=\"text-align: justify;\">\n\t<span style=\"color:#000000;\"><span style=\"font-family: tahoma,geneva,sans-serif;\"><span style=\"font-size: 12px;\"><img class=\"lazyload\" decoding=\"async\" src=\"data:image\/gif;base64,R0lGODlhAQABAAAAACH5BAEKAAEALAAAAAABAAEAAAICTAEAOw==\" data-orig-src=\"https:\/\/lh4.googleusercontent.com\/-ajPU1LRAigk\/UOFn1RHFfFI\/AAAAAAAABuw\/QjYFPIFnc7I\/s640\/image_1356543108646471.jpg\" style=\"width: 200px; height: 149px; border-width: 1px; border-style: solid; margin: 10px; float: left;\" \/><\/span><\/span><\/span><\/p>\n<div style=\"text-align: justify;\">\n\t<span style=\"color:#000000;\"><span style=\"font-family: tahoma,geneva,sans-serif;\"><span style=\"font-size: 12px;\">&nbsp;&nbsp;&nbsp; N\u00eb k\u00ebt\u00eb stin\u00eb t\u00eb ftoht\u00eb e t\u00eb akullt dimri, besimtar\u00ebt e krishter\u00eb marrin ngroht\u00ebsi nga rrezet e Diellit t\u00eb Drejt\u00ebsis\u00eb. Ky Diell lind p\u00ebr t\u00eb ndri\u00e7uar gjith\u00eb popujt pa ndonj\u00eb p\u00ebrjashtim. Le t\u00eb hapim dyert e shpirtit dhe ta lejojm\u00eb q\u00eb t\u00eb hyj\u00eb brenda nesh p\u00ebr t\u00eb shkrir\u00eb akujt e egoizmit ton\u00eb.<\/span><\/span><\/span><\/div>\n<div style=\"text-align: justify;\">\n\t<br \/>\n\t<span style=\"color:#000000;\"><span style=\"font-family: tahoma,geneva,sans-serif;\"><span style=\"font-size: 12px;\">&nbsp;&nbsp;&nbsp; N\u00eb atmosfer\u00eb lutjesh e g\u00ebzimi u kremtua n\u00eb qytetin e Durr\u00ebsit Trup\u00ebzimi i Zotit ton\u00eb Jisu Krisht. N\u00eb Kish\u00ebn \u201cApostull Pavli &amp; Sh\u00ebn Asti\u201d n\u00eb Durr\u00ebs gjat\u00eb periudh\u00ebs s\u00eb kreshm\u00ebs, q\u00eb paraprin k\u00ebt\u00eb fest\u00eb, u krye Sarandari (Liturgji Hyjnore p\u00ebr 40 dit\u00eb) ku mor\u00ebn pjes\u00eb shum\u00eb familje shpres\u00ebtare. Gjithashtu u zhvillua edhe nj\u00eb lutje e pand\u00ebrprer\u00eb, 24-or\u00ebshe, n\u00eb t\u00eb cil\u00ebn besimtar\u00eb t\u00eb shumt\u00eb u organizuan q\u00eb t\u00eb luten n\u00eb \u00e7do or\u00eb t\u00eb dit\u00ebs dhe t\u00eb nat\u00ebs.<\/span><\/span><\/span><\/div>\n<div style=\"text-align: justify;\">\n\t<br \/>\n\t<span style=\"color:#000000;\"><span style=\"font-family: tahoma,geneva,sans-serif;\"><span style=\"font-size: 12px;\">&nbsp;&nbsp;&nbsp; N\u00eb Vigjilje t\u00eb Krishtlindjeve, dat\u00eb 24 dhjetor, f\u00ebmij\u00ebt dhe t\u00eb rinjt\u00eb e katekizmit shkuan n\u00ebp\u00ebr sht\u00ebpit\u00eb e besimtar\u00ebve p\u00ebr t\u00eb p\u00ebrhapur lajmin gazmor t\u00eb Lindjes s\u00eb Shp\u00ebtimtarit Jisu. Duke mbajtur ikon\u00ebn e Lindjes s\u00eb Krishtit n\u00eb duar dhe duke k\u00ebnduar k\u00ebng\u00ebt tradicionale t\u00eb Krishtlindjeve, ata vizituan sht\u00ebpi t\u00eb shumta p\u00ebr or\u00eb t\u00eb t\u00ebra.<\/span><\/span><\/span><\/div>\n<div style=\"text-align: justify;\">\n\t<br \/>\n\t<span style=\"color:#000000;\"><span style=\"font-family: tahoma,geneva,sans-serif;\"><span style=\"font-size: 12px;\">&nbsp;&nbsp;&nbsp; Me mbledhjen e kontributeve t\u00eb besimtar\u00ebve u p\u00ebrgatit\u00ebn mbi 70 pako ushqimore, t\u00eb cilat u ndan\u00eb tek disa familje n\u00eb nevoj\u00eb.<\/span><\/span><\/span><\/div>\n<div style=\"text-align: justify;\">\n\t<br \/>\n\t<span style=\"color:#000000;\"><span style=\"font-family: tahoma,geneva,sans-serif;\"><span style=\"font-size: 12px;\">&nbsp;&nbsp;&nbsp; R\u00ebnia e k\u00ebmbanave n\u00eb or\u00ebt e para t\u00eb m\u00ebngjesit t\u00eb dat\u00ebs 25 dhjetor lajm\u00ebroi t\u00eb gjith\u00eb besimtar\u00ebt p\u00ebr fillimin e Mesh\u00ebs Hyjnore me rastin e k\u00ebsaj t\u00eb Kremteje madh\u00ebshtore q\u00eb ndryshe quhet Pashka e Vog\u00ebl. Kjo Mesh\u00eb u drejtua nga Stavrofor Ikonom At\u00eb Spiro Tola. N\u00eb fund t\u00eb Liturgjis\u00eb f\u00ebmij\u00ebt e katekizmit dol\u00ebn p\u00ebrpara besimtar\u00ebve dhe k\u00ebnduan e uruan t\u00eb gjith\u00eb t\u00eb pranishmit.<\/span><\/span><\/span><\/div>\n<div style=\"text-align: justify;\">\n\t<br \/>\n\t<span style=\"color:#000000;\"><span style=\"font-family: tahoma,geneva,sans-serif;\"><span style=\"font-size: 12px;\">&nbsp;&nbsp;&nbsp; N\u00eb or\u00ebn 10:00 filloi ceremonia e pritjes zyrtare t\u00eb autoriteteve lokale t\u00eb qytetit t\u00eb Durr\u00ebsit si edhe t\u00eb dhuruesve t\u00eb Kish\u00ebs. N\u00ebn tingujt e psalmeve dhe n\u00eb shoq\u00ebrin\u00eb k\u00ebng\u00ebve t\u00eb Krishtlindjeve me gota n\u00eb duar t\u00eb gjith\u00eb shk\u00ebmbyen urime t\u00eb shumta p\u00ebr Krishtlindje t\u00eb bekuara dhe nj\u00eb Vit t\u00eb Ri t\u00eb mbar\u00eb.<\/span><\/span><\/span><\/div>\n<div style=\"text-align: justify;\">\n\t<br \/>\n\t<span style=\"color:#000000;\"><span style=\"font-family: tahoma,geneva,sans-serif;\"><span style=\"font-size: 12px;\">&nbsp;&nbsp;&nbsp; K\u00ebto urime ia p\u00ebrcjellim gjith\u00eb t\u00eb krishter\u00ebve kudo q\u00eb ndodhen. Foshnja Hyjnore q\u00eb lindi n\u00eb nj\u00eb grazhd le t\u00eb jet\u00eb shembulli dhe udh\u00ebrr\u00ebfyesi yn\u00eb n\u00eb Vitin e Ri 2013. Urime t\u00eb p\u00ebrzem\u00ebrta nga kleri dhe populli besimtar i qytetit t\u00eb Durr\u00ebsit.<\/span><\/span><\/span><\/div>\n<div style=\"text-align: right;\">\n\t<br \/>\n\t<span style=\"color:#000000;\"><span style=\"font-family: tahoma,geneva,sans-serif;\"><span style=\"font-size: 12px;\"><strong>Theano Kostoli<\/strong><\/span><\/span><\/span><\/div>\n<p style=\"text-align: justify;\">\n\t<span style=\"color:#000000;\"><span style=\"font-family: tahoma,geneva,sans-serif;\"><span style=\"font-size: 12px;\"><img class=\"lazyload\" decoding=\"async\" src=\"data:image\/gif;base64,R0lGODlhAQABAAAAACH5BAEKAAEALAAAAAABAAEAAAICTAEAOw==\" data-orig-src=\"https:\/\/lh6.googleusercontent.com\/-QVoIZs72H-0\/UOFnznL-s2I\/AAAAAAAABuo\/gp3oFos3POc\/s640\/IMG_1395.jpg\" style=\"width: 600px; height: 401px; border-width: 1px; border-style: solid; margin: 10px; float: left;\" \/><\/span><\/span><\/span><\/p>\n<p style=\"text-align: justify;\">\n\t<span style=\"color:#000000;\"><span style=\"font-family: tahoma,geneva,sans-serif;\"><span style=\"font-size: 12px;\"><img class=\"lazyload\" decoding=\"async\" src=\"data:image\/gif;base64,R0lGODlhAQABAAAAACH5BAEKAAEALAAAAAABAAEAAAICTAEAOw==\" data-orig-src=\"https:\/\/lh5.googleusercontent.com\/-NeV4jA-TuQ8\/UOFnw1U4vAI\/AAAAAAAABuU\/o9yKA0DpLvs\/s640\/201365_4329074508686_229827238_o.jpg\" style=\"width: 600px; height: 399px; border-width: 1px; border-style: solid; margin: 10px; float: left;\" \/><\/span><\/span><\/span><br \/>\n\t&nbsp;<\/p>\n","protected":false},"excerpt":{"rendered":"<p>&nbsp;&nbsp;&nbsp; N\u00eb k\u00ebt\u00eb stin\u00eb t\u00eb ftoht\u00eb e t\u00eb akullt dimri, besimtar\u00ebt e krishter\u00eb marrin ngroht\u00ebsi nga rrezet e Diellit t\u00eb Drejt\u00ebsis\u00eb. Ky Diell lind p\u00ebr t\u00eb ndri\u00e7uar gjith\u00eb popujt pa ndonj\u00eb p\u00ebrjashtim. Le t\u00eb hapim dyert e shpirtit dhe ta lejojm\u00eb q\u00eb t\u00eb hyj\u00eb brenda nesh p\u00ebr t\u00eb shkrir\u00eb akujt e egoizmit ton\u00eb. &nbsp;&nbsp;&nbsp; N\u00eb atmosfer\u00eb lutjesh e g\u00ebzimi u kremtua n\u00eb qytetin e Durr\u00ebsit<\/p>\n","protected":false},"author":1,"featured_media":0,"comment_status":"open","ping_status":"open","sticky":false,"template":"","format":"standard","meta":{"_acf_changed":false,"pagelayer_contact_templates":[],"_pagelayer_content":"","inline_featured_image":false,"fifu_image_url":"","fifu_image_alt":"","footnotes":""},"categories":[108],"tags":[142,192,196,212],"class_list":["post-849","post","type-post","status-publish","format-standard","hentry","category-lajme","tag-142","tag-krishtlindje","tag-tirane","tag-lajme-d27"],"acf":[],"yoast_head":"<!-- This site is optimized with the Yoast SEO plugin v27.2 - https:\/\/yoast.com\/product\/yoast-seo-wordpress\/ -->\n<title>KRISHTLINDJE 2012 N\u00cb DURR\u00cbS. - Kisha Orthodh\u03bfkse Autoqefale e Shqip\u00ebris\u00eb<\/title>\n<meta name=\"robots\" content=\"index, follow, max-snippet:-1, max-image-preview:large, max-video-preview:-1\" \/>\n<link rel=\"canonical\" href=\"https:\/\/orthodoxalbania.org\/2020\/2013\/03\/21\/krishtlindje-2012-ne-durres\/\" \/>\n<meta property=\"og:locale\" content=\"en_US\" \/>\n<meta property=\"og:type\" content=\"article\" \/>\n<meta property=\"og:title\" content=\"KRISHTLINDJE 2012 N\u00cb DURR\u00cbS. - Kisha Orthodh\u03bfkse Autoqefale e Shqip\u00ebris\u00eb\" \/>\n<meta property=\"og:description\" content=\"&nbsp;&nbsp;&nbsp; N\u00eb k\u00ebt\u00eb stin\u00eb t\u00eb ftoht\u00eb e t\u00eb akullt dimri, besimtar\u00ebt e krishter\u00eb marrin ngroht\u00ebsi nga rrezet e Diellit t\u00eb Drejt\u00ebsis\u00eb. Ky Diell lind p\u00ebr t\u00eb ndri\u00e7uar gjith\u00eb popujt pa ndonj\u00eb p\u00ebrjashtim. Le t\u00eb hapim dyert e shpirtit dhe ta lejojm\u00eb q\u00eb t\u00eb hyj\u00eb brenda nesh p\u00ebr t\u00eb shkrir\u00eb akujt e egoizmit ton\u00eb. &nbsp;&nbsp;&nbsp; N\u00eb atmosfer\u00eb lutjesh e g\u00ebzimi u kremtua n\u00eb qytetin e Durr\u00ebsit\" \/>\n<meta property=\"og:url\" content=\"https:\/\/orthodoxalbania.org\/2020\/2013\/03\/21\/krishtlindje-2012-ne-durres\/\" \/>\n<meta property=\"og:site_name\" content=\"Kisha Orthodh\u03bfkse Autoqefale e Shqip\u00ebris\u00eb\" \/>\n<meta property=\"article:publisher\" content=\"https:\/\/www.facebook.com\/koash1991\" \/>\n<meta property=\"article:published_time\" content=\"2013-03-21T12:40:31+00:00\" \/>\n<meta property=\"article:modified_time\" content=\"2020-04-06T20:05:52+00:00\" \/>\n<meta property=\"og:image\" content=\"https:\/\/lh4.googleusercontent.com\/-ajPU1LRAigk\/UOFn1RHFfFI\/AAAAAAAABuw\/QjYFPIFnc7I\/s640\/image_1356543108646471.jpg\" \/>\n<meta name=\"author\" content=\"Kisha Orthodhokse\" \/>\n<meta name=\"twitter:card\" content=\"summary_large_image\" \/>\n<meta name=\"twitter:label1\" content=\"Written by\" \/>\n\t<meta name=\"twitter:data1\" content=\"Kisha Orthodhokse\" \/>\n\t<meta name=\"twitter:label2\" content=\"Est. reading time\" \/>\n\t<meta name=\"twitter:data2\" content=\"2 minutes\" \/>\n<script type=\"application\/ld+json\" class=\"yoast-schema-graph\">{\"@context\":\"https:\/\/schema.org\",\"@graph\":[{\"@type\":\"Article\",\"@id\":\"https:\/\/orthodoxalbania.org\/2020\/2013\/03\/21\/krishtlindje-2012-ne-durres\/#article\",\"isPartOf\":{\"@id\":\"https:\/\/orthodoxalbania.org\/2020\/2013\/03\/21\/krishtlindje-2012-ne-durres\/\"},\"author\":{\"name\":\"Kisha Orthodhokse\",\"@id\":\"https:\/\/orthodoxalbania.org\/2020\/#\/schema\/person\/0c387634a7063ac612d7ed9ce71c7e86\"},\"headline\":\"KRISHTLINDJE 2012 N\u00cb DURR\u00cbS.\",\"datePublished\":\"2013-03-21T12:40:31+00:00\",\"dateModified\":\"2020-04-06T20:05:52+00:00\",\"mainEntityOfPage\":{\"@id\":\"https:\/\/orthodoxalbania.org\/2020\/2013\/03\/21\/krishtlindje-2012-ne-durres\/\"},\"wordCount\":459,\"commentCount\":0,\"publisher\":{\"@id\":\"https:\/\/orthodoxalbania.org\/2020\/#organization\"},\"image\":{\"@id\":\"https:\/\/orthodoxalbania.org\/2020\/2013\/03\/21\/krishtlindje-2012-ne-durres\/#primaryimage\"},\"thumbnailUrl\":\"https:\/\/lh4.googleusercontent.com\/-ajPU1LRAigk\/UOFn1RHFfFI\/AAAAAAAABuw\/QjYFPIFnc7I\/s640\/image_1356543108646471.jpg\",\"keywords\":[\"2012\",\"Krishtlindje\",\"Kryepiskopata Tiran\u00eb\",\"lajme\"],\"articleSection\":[\"Lajme\"],\"inLanguage\":\"en-US\"},{\"@type\":\"WebPage\",\"@id\":\"https:\/\/orthodoxalbania.org\/2020\/2013\/03\/21\/krishtlindje-2012-ne-durres\/\",\"url\":\"https:\/\/orthodoxalbania.org\/2020\/2013\/03\/21\/krishtlindje-2012-ne-durres\/\",\"name\":\"KRISHTLINDJE 2012 N\u00cb DURR\u00cbS. - Kisha Orthodh\u03bfkse Autoqefale e Shqip\u00ebris\u00eb\",\"isPartOf\":{\"@id\":\"https:\/\/orthodoxalbania.org\/2020\/#website\"},\"primaryImageOfPage\":{\"@id\":\"https:\/\/orthodoxalbania.org\/2020\/2013\/03\/21\/krishtlindje-2012-ne-durres\/#primaryimage\"},\"image\":{\"@id\":\"https:\/\/orthodoxalbania.org\/2020\/2013\/03\/21\/krishtlindje-2012-ne-durres\/#primaryimage\"},\"thumbnailUrl\":\"https:\/\/lh4.googleusercontent.com\/-ajPU1LRAigk\/UOFn1RHFfFI\/AAAAAAAABuw\/QjYFPIFnc7I\/s640\/image_1356543108646471.jpg\",\"datePublished\":\"2013-03-21T12:40:31+00:00\",\"dateModified\":\"2020-04-06T20:05:52+00:00\",\"breadcrumb\":{\"@id\":\"https:\/\/orthodoxalbania.org\/2020\/2013\/03\/21\/krishtlindje-2012-ne-durres\/#breadcrumb\"},\"inLanguage\":\"en-US\",\"potentialAction\":[{\"@type\":\"ReadAction\",\"target\":[\"https:\/\/orthodoxalbania.org\/2020\/2013\/03\/21\/krishtlindje-2012-ne-durres\/\"]}]},{\"@type\":\"ImageObject\",\"inLanguage\":\"en-US\",\"@id\":\"https:\/\/orthodoxalbania.org\/2020\/2013\/03\/21\/krishtlindje-2012-ne-durres\/#primaryimage\",\"url\":\"https:\/\/lh4.googleusercontent.com\/-ajPU1LRAigk\/UOFn1RHFfFI\/AAAAAAAABuw\/QjYFPIFnc7I\/s640\/image_1356543108646471.jpg\",\"contentUrl\":\"https:\/\/lh4.googleusercontent.com\/-ajPU1LRAigk\/UOFn1RHFfFI\/AAAAAAAABuw\/QjYFPIFnc7I\/s640\/image_1356543108646471.jpg\"},{\"@type\":\"BreadcrumbList\",\"@id\":\"https:\/\/orthodoxalbania.org\/2020\/2013\/03\/21\/krishtlindje-2012-ne-durres\/#breadcrumb\",\"itemListElement\":[{\"@type\":\"ListItem\",\"position\":1,\"name\":\"Home\",\"item\":\"https:\/\/orthodoxalbania.org\/2020\/\"},{\"@type\":\"ListItem\",\"position\":2,\"name\":\"KRISHTLINDJE 2012 N\u00cb DURR\u00cbS.\"}]},{\"@type\":\"WebSite\",\"@id\":\"https:\/\/orthodoxalbania.org\/2020\/#website\",\"url\":\"https:\/\/orthodoxalbania.org\/2020\/\",\"name\":\"Kisha Orthodh\u03bfkse Autoqefale e Shqip\u00ebris\u00eb\",\"description\":\"Fqja Zyrtare e Kish\u00ebs Orthodhokse Autoqefale e Shqip\u00ebris\u00eb me lajmet edhe informacionet zyrtare p\u00ebr struktur\u00ebn edhe veprimtarin e saj.\",\"publisher\":{\"@id\":\"https:\/\/orthodoxalbania.org\/2020\/#organization\"},\"potentialAction\":[{\"@type\":\"SearchAction\",\"target\":{\"@type\":\"EntryPoint\",\"urlTemplate\":\"https:\/\/orthodoxalbania.org\/2020\/?s={search_term_string}\"},\"query-input\":{\"@type\":\"PropertyValueSpecification\",\"valueRequired\":true,\"valueName\":\"search_term_string\"}}],\"inLanguage\":\"en-US\"},{\"@type\":\"Organization\",\"@id\":\"https:\/\/orthodoxalbania.org\/2020\/#organization\",\"name\":\"Kisha Orthodhokse Autoqefale e Shqip\u00ebris\u00eb\",\"url\":\"https:\/\/orthodoxalbania.org\/2020\/\",\"logo\":{\"@type\":\"ImageObject\",\"inLanguage\":\"en-US\",\"@id\":\"https:\/\/orthodoxalbania.org\/2020\/#\/schema\/logo\/image\/\",\"url\":\"https:\/\/orthodoxalbania.org\/2020\/wp-content\/uploads\/2020\/05\/albania.jpeg\",\"contentUrl\":\"https:\/\/orthodoxalbania.org\/2020\/wp-content\/uploads\/2020\/05\/albania.jpeg\",\"width\":540,\"height\":540,\"caption\":\"Kisha Orthodhokse Autoqefale e Shqip\u00ebris\u00eb\"},\"image\":{\"@id\":\"https:\/\/orthodoxalbania.org\/2020\/#\/schema\/logo\/image\/\"},\"sameAs\":[\"https:\/\/www.facebook.com\/koash1991\"]},{\"@type\":\"Person\",\"@id\":\"https:\/\/orthodoxalbania.org\/2020\/#\/schema\/person\/0c387634a7063ac612d7ed9ce71c7e86\",\"name\":\"Kisha Orthodhokse\",\"image\":{\"@type\":\"ImageObject\",\"inLanguage\":\"en-US\",\"@id\":\"https:\/\/secure.gravatar.com\/avatar\/596e7c417251e30f2fbb9c00e026fce61a695a00e51c889caded71c96cbbdde5?s=96&d=mm&r=g\",\"url\":\"https:\/\/secure.gravatar.com\/avatar\/596e7c417251e30f2fbb9c00e026fce61a695a00e51c889caded71c96cbbdde5?s=96&d=mm&r=g\",\"contentUrl\":\"https:\/\/secure.gravatar.com\/avatar\/596e7c417251e30f2fbb9c00e026fce61a695a00e51c889caded71c96cbbdde5?s=96&d=mm&r=g\",\"caption\":\"Kisha Orthodhokse\"}}]}<\/script>\n<!-- \/ Yoast SEO plugin. -->","yoast_head_json":{"title":"KRISHTLINDJE 2012 N\u00cb DURR\u00cbS. - Kisha Orthodh\u03bfkse Autoqefale e Shqip\u00ebris\u00eb","robots":{"index":"index","follow":"follow","max-snippet":"max-snippet:-1","max-image-preview":"max-image-preview:large","max-video-preview":"max-video-preview:-1"},"canonical":"https:\/\/orthodoxalbania.org\/2020\/2013\/03\/21\/krishtlindje-2012-ne-durres\/","og_locale":"en_US","og_type":"article","og_title":"KRISHTLINDJE 2012 N\u00cb DURR\u00cbS. - Kisha Orthodh\u03bfkse Autoqefale e Shqip\u00ebris\u00eb","og_description":"&nbsp;&nbsp;&nbsp; N\u00eb k\u00ebt\u00eb stin\u00eb t\u00eb ftoht\u00eb e t\u00eb akullt dimri, besimtar\u00ebt e krishter\u00eb marrin ngroht\u00ebsi nga rrezet e Diellit t\u00eb Drejt\u00ebsis\u00eb. Ky Diell lind p\u00ebr t\u00eb ndri\u00e7uar gjith\u00eb popujt pa ndonj\u00eb p\u00ebrjashtim. Le t\u00eb hapim dyert e shpirtit dhe ta lejojm\u00eb q\u00eb t\u00eb hyj\u00eb brenda nesh p\u00ebr t\u00eb shkrir\u00eb akujt e egoizmit ton\u00eb. &nbsp;&nbsp;&nbsp; N\u00eb atmosfer\u00eb lutjesh e g\u00ebzimi u kremtua n\u00eb qytetin e Durr\u00ebsit","og_url":"https:\/\/orthodoxalbania.org\/2020\/2013\/03\/21\/krishtlindje-2012-ne-durres\/","og_site_name":"Kisha Orthodh\u03bfkse Autoqefale e Shqip\u00ebris\u00eb","article_publisher":"https:\/\/www.facebook.com\/koash1991","article_published_time":"2013-03-21T12:40:31+00:00","article_modified_time":"2020-04-06T20:05:52+00:00","og_image":[{"url":"https:\/\/lh4.googleusercontent.com\/-ajPU1LRAigk\/UOFn1RHFfFI\/AAAAAAAABuw\/QjYFPIFnc7I\/s640\/image_1356543108646471.jpg","type":"","width":"","height":""}],"author":"Kisha Orthodhokse","twitter_card":"summary_large_image","twitter_misc":{"Written by":"Kisha Orthodhokse","Est. reading time":"2 minutes"},"schema":{"@context":"https:\/\/schema.org","@graph":[{"@type":"Article","@id":"https:\/\/orthodoxalbania.org\/2020\/2013\/03\/21\/krishtlindje-2012-ne-durres\/#article","isPartOf":{"@id":"https:\/\/orthodoxalbania.org\/2020\/2013\/03\/21\/krishtlindje-2012-ne-durres\/"},"author":{"name":"Kisha Orthodhokse","@id":"https:\/\/orthodoxalbania.org\/2020\/#\/schema\/person\/0c387634a7063ac612d7ed9ce71c7e86"},"headline":"KRISHTLINDJE 2012 N\u00cb DURR\u00cbS.","datePublished":"2013-03-21T12:40:31+00:00","dateModified":"2020-04-06T20:05:52+00:00","mainEntityOfPage":{"@id":"https:\/\/orthodoxalbania.org\/2020\/2013\/03\/21\/krishtlindje-2012-ne-durres\/"},"wordCount":459,"commentCount":0,"publisher":{"@id":"https:\/\/orthodoxalbania.org\/2020\/#organization"},"image":{"@id":"https:\/\/orthodoxalbania.org\/2020\/2013\/03\/21\/krishtlindje-2012-ne-durres\/#primaryimage"},"thumbnailUrl":"https:\/\/lh4.googleusercontent.com\/-ajPU1LRAigk\/UOFn1RHFfFI\/AAAAAAAABuw\/QjYFPIFnc7I\/s640\/image_1356543108646471.jpg","keywords":["2012","Krishtlindje","Kryepiskopata Tiran\u00eb","lajme"],"articleSection":["Lajme"],"inLanguage":"en-US"},{"@type":"WebPage","@id":"https:\/\/orthodoxalbania.org\/2020\/2013\/03\/21\/krishtlindje-2012-ne-durres\/","url":"https:\/\/orthodoxalbania.org\/2020\/2013\/03\/21\/krishtlindje-2012-ne-durres\/","name":"KRISHTLINDJE 2012 N\u00cb DURR\u00cbS. - Kisha Orthodh\u03bfkse Autoqefale e Shqip\u00ebris\u00eb","isPartOf":{"@id":"https:\/\/orthodoxalbania.org\/2020\/#website"},"primaryImageOfPage":{"@id":"https:\/\/orthodoxalbania.org\/2020\/2013\/03\/21\/krishtlindje-2012-ne-durres\/#primaryimage"},"image":{"@id":"https:\/\/orthodoxalbania.org\/2020\/2013\/03\/21\/krishtlindje-2012-ne-durres\/#primaryimage"},"thumbnailUrl":"https:\/\/lh4.googleusercontent.com\/-ajPU1LRAigk\/UOFn1RHFfFI\/AAAAAAAABuw\/QjYFPIFnc7I\/s640\/image_1356543108646471.jpg","datePublished":"2013-03-21T12:40:31+00:00","dateModified":"2020-04-06T20:05:52+00:00","breadcrumb":{"@id":"https:\/\/orthodoxalbania.org\/2020\/2013\/03\/21\/krishtlindje-2012-ne-durres\/#breadcrumb"},"inLanguage":"en-US","potentialAction":[{"@type":"ReadAction","target":["https:\/\/orthodoxalbania.org\/2020\/2013\/03\/21\/krishtlindje-2012-ne-durres\/"]}]},{"@type":"ImageObject","inLanguage":"en-US","@id":"https:\/\/orthodoxalbania.org\/2020\/2013\/03\/21\/krishtlindje-2012-ne-durres\/#primaryimage","url":"https:\/\/lh4.googleusercontent.com\/-ajPU1LRAigk\/UOFn1RHFfFI\/AAAAAAAABuw\/QjYFPIFnc7I\/s640\/image_1356543108646471.jpg","contentUrl":"https:\/\/lh4.googleusercontent.com\/-ajPU1LRAigk\/UOFn1RHFfFI\/AAAAAAAABuw\/QjYFPIFnc7I\/s640\/image_1356543108646471.jpg"},{"@type":"BreadcrumbList","@id":"https:\/\/orthodoxalbania.org\/2020\/2013\/03\/21\/krishtlindje-2012-ne-durres\/#breadcrumb","itemListElement":[{"@type":"ListItem","position":1,"name":"Home","item":"https:\/\/orthodoxalbania.org\/2020\/"},{"@type":"ListItem","position":2,"name":"KRISHTLINDJE 2012 N\u00cb DURR\u00cbS."}]},{"@type":"WebSite","@id":"https:\/\/orthodoxalbania.org\/2020\/#website","url":"https:\/\/orthodoxalbania.org\/2020\/","name":"Kisha Orthodh\u03bfkse Autoqefale e Shqip\u00ebris\u00eb","description":"Fqja Zyrtare e Kish\u00ebs Orthodhokse Autoqefale e Shqip\u00ebris\u00eb me lajmet edhe informacionet zyrtare p\u00ebr struktur\u00ebn edhe veprimtarin e saj.","publisher":{"@id":"https:\/\/orthodoxalbania.org\/2020\/#organization"},"potentialAction":[{"@type":"SearchAction","target":{"@type":"EntryPoint","urlTemplate":"https:\/\/orthodoxalbania.org\/2020\/?s={search_term_string}"},"query-input":{"@type":"PropertyValueSpecification","valueRequired":true,"valueName":"search_term_string"}}],"inLanguage":"en-US"},{"@type":"Organization","@id":"https:\/\/orthodoxalbania.org\/2020\/#organization","name":"Kisha Orthodhokse Autoqefale e Shqip\u00ebris\u00eb","url":"https:\/\/orthodoxalbania.org\/2020\/","logo":{"@type":"ImageObject","inLanguage":"en-US","@id":"https:\/\/orthodoxalbania.org\/2020\/#\/schema\/logo\/image\/","url":"https:\/\/orthodoxalbania.org\/2020\/wp-content\/uploads\/2020\/05\/albania.jpeg","contentUrl":"https:\/\/orthodoxalbania.org\/2020\/wp-content\/uploads\/2020\/05\/albania.jpeg","width":540,"height":540,"caption":"Kisha Orthodhokse Autoqefale e Shqip\u00ebris\u00eb"},"image":{"@id":"https:\/\/orthodoxalbania.org\/2020\/#\/schema\/logo\/image\/"},"sameAs":["https:\/\/www.facebook.com\/koash1991"]},{"@type":"Person","@id":"https:\/\/orthodoxalbania.org\/2020\/#\/schema\/person\/0c387634a7063ac612d7ed9ce71c7e86","name":"Kisha Orthodhokse","image":{"@type":"ImageObject","inLanguage":"en-US","@id":"https:\/\/secure.gravatar.com\/avatar\/596e7c417251e30f2fbb9c00e026fce61a695a00e51c889caded71c96cbbdde5?s=96&d=mm&r=g","url":"https:\/\/secure.gravatar.com\/avatar\/596e7c417251e30f2fbb9c00e026fce61a695a00e51c889caded71c96cbbdde5?s=96&d=mm&r=g","contentUrl":"https:\/\/secure.gravatar.com\/avatar\/596e7c417251e30f2fbb9c00e026fce61a695a00e51c889caded71c96cbbdde5?s=96&d=mm&r=g","caption":"Kisha Orthodhokse"}}]}},"_links":{"self":[{"href":"https:\/\/orthodoxalbania.org\/2020\/wp-json\/wp\/v2\/posts\/849","targetHints":{"allow":["GET"]}}],"collection":[{"href":"https:\/\/orthodoxalbania.org\/2020\/wp-json\/wp\/v2\/posts"}],"about":[{"href":"https:\/\/orthodoxalbania.org\/2020\/wp-json\/wp\/v2\/types\/post"}],"author":[{"embeddable":true,"href":"https:\/\/orthodoxalbania.org\/2020\/wp-json\/wp\/v2\/users\/1"}],"replies":[{"embeddable":true,"href":"https:\/\/orthodoxalbania.org\/2020\/wp-json\/wp\/v2\/comments?post=849"}],"version-history":[{"count":1,"href":"https:\/\/orthodoxalbania.org\/2020\/wp-json\/wp\/v2\/posts\/849\/revisions"}],"predecessor-version":[{"id":15266,"href":"https:\/\/orthodoxalbania.org\/2020\/wp-json\/wp\/v2\/posts\/849\/revisions\/15266"}],"wp:attachment":[{"href":"https:\/\/orthodoxalbania.org\/2020\/wp-json\/wp\/v2\/media?parent=849"}],"wp:term":[{"taxonomy":"category","embeddable":true,"href":"https:\/\/orthodoxalbania.org\/2020\/wp-json\/wp\/v2\/categories?post=849"},{"taxonomy":"post_tag","embeddable":true,"href":"https:\/\/orthodoxalbania.org\/2020\/wp-json\/wp\/v2\/tags?post=849"}],"curies":[{"name":"wp","href":"https:\/\/api.w.org\/{rel}","templated":true}]}}