{"id":848,"date":"2013-03-21T10:22:29","date_gmt":"2013-03-21T10:22:29","guid":{"rendered":""},"modified":"2020-04-06T22:31:55","modified_gmt":"2020-04-06T20:31:55","slug":"krishtlindje-2011-mesazhi-i-kryepeshkopit-anastas","status":"publish","type":"post","link":"https:\/\/orthodoxalbania.org\/2020\/2013\/03\/21\/krishtlindje-2011-mesazhi-i-kryepeshkopit-anastas\/","title":{"rendered":"Krishtlindje 2011- Mesazhi i Kryepeshkopit Anastas"},"content":{"rendered":"<p>\n\t<span style=\"color: #000000; font-size: 12pt;\"><span style=\"font-family: tahoma,geneva,sans-serif;\"><img decoding=\"async\" alt=\"\" class=\"lazyload HAa Eha\" src=\"data:image\/gif;base64,R0lGODlhAQABAAAAACH5BAEKAAEALAAAAAABAAEAAAICTAEAOw==\" data-orig-src=\"https:\/\/lh3.googleusercontent.com\/-0XaSr7tg_9w\/U_NB8PwotlI\/AAAAAAAAA2g\/QXaauIV8bCc\/s577-no\/logo.png\" style=\"width: 51px; height: 51px; display: block; margin-left: auto; margin-right: auto;\" \/><\/span><\/span><\/p>\n<div style=\"text-align: center;\">\n\t<span style=\"color: #000000; font-size: 12pt; font-family: helvetica;\"><span class=\"style11\"><strong>Kap\u00ebrcimi i s\u00eb pamundur\u00ebs nga ana njer\u00ebzore<\/strong><\/span><\/span><\/div>\n<div style=\"text-align: center;\">\n\t<br \/>\n\t<span style=\"color: #000000; font-size: 12pt; font-family: helvetica;\"><span class=\"style11\"><strong>\u2020 Anastasi<\/strong><br \/>\n\tKryepiskop i Tiran\u00ebs, Durr\u00ebsit dhe i gjith\u00eb Shqip\u00ebris\u00eb<\/span><\/span><\/div>\n<p style=\"text-align: center;\">\n\t<span style=\"color: #000000; font-size: 12pt; font-family: helvetica;\"><em>Klerit dhe popullit shpres\u00ebtar Orthodhoks,<\/em><br \/>\n\t<em>Bij t\u00eb shtrenjt\u00eb m\u00eb Zotin,<\/em><\/span><\/p>\n<p>\n\t&nbsp;<\/p>\n<p style=\"text-align: center;\">\n\t&nbsp;<\/p>\n<table border=\"0\">\n<tbody>\n<tr>\n<td>\n<p style=\"text-align: justify;\">\n\t\t\t\t\t<span style=\"color: #000000;\"><span style=\"font-size: 12pt; font-family: helvetica;\"><em>&nbsp;&nbsp;&nbsp; \u201cPer\u00ebndia u shfaq n\u00eb mish\u201d<\/em> (1 Tim. 3:16)<\/span><\/span><\/p>\n<p style=\"text-align: justify;\">\n\t\t\t\t\t<span style=\"color: #000000; font-size: 12pt; font-family: helvetica;\">&nbsp; &nbsp; Kap\u00ebrcimi i s\u00eb pamundur\u00ebs nga ana njer\u00ebzore \u00ebsht\u00eb mesazhi themelor i t\u00eb kremtes s\u00eb madhe q\u00eb feston sot bota e krishter\u00eb. Madje edhe mendja m\u00eb e guximshme nuk e kishte p\u00ebrfytyruar se \u201cvet\u00eb Per\u00ebndia i paafruesh\u00ebm dhe i pakapsh\u00ebm do t\u00eb merrte natyr\u00ebn njer\u00ebzore dhe do t\u00eb shfaqej n\u00eb mish\u201d. P\u00ebr logjik\u00ebn klasike, di\u00e7ka e till\u00eb i takon sfer\u00ebs s\u00eb t\u00eb pamundur\u00ebs.<\/span><\/p>\n<p style=\"text-align: justify;\">\n\t\t\t\t\t<span style=\"color: #000000; font-size: 12pt; font-family: helvetica;\"><span style=\"font-size: 12pt; font-family: helvetica;\">&nbsp;<span class=\"style10\">&nbsp;&nbsp; <\/span>Pik\u00ebrisht, k\u00ebt\u00eb kap\u00ebrcim t\u00eb s\u00eb pamundur\u00ebs nga ana njer\u00ebzore festojm\u00eb sot me madh\u00ebshti. Dhe thirremi ta g\u00ebzojm\u00eb, pavar\u00ebsisht realitetit t\u00eb ashp\u00ebr q\u00eb p\u00ebrjetojm\u00eb. Biri dhe Fjala e Per\u00ebndis\u00eb u b\u00eb njeri, hyri n\u00eb historin\u00eb njer\u00ebzore. Fakti \u201cq\u00eb u shfaq\u201d n\u00ebnkupton jet\u00ebn e m\u00ebparshme e t\u00eb p\u00ebrjetshme t\u00eb Fjal\u00ebs. \u201cDuke qen\u00eb Per\u00ebndi dhe Bir i Per\u00ebndis\u00eb e duke pasur natyr\u00ebn t\u00eb padukshme, u shfaq n\u00eb t\u00eb gjith\u00eb, duke u b\u00ebr\u00eb njeri (Theodhoriti, episkopi i Kiros). Liria e Per\u00ebndis\u00eb nuk njeh cak. Po ashtu dhe dashuria e Tij, q\u00eb \u00ebsht\u00eb cil\u00ebsia e Tij thelb\u00ebsore.<\/span><\/span><\/p>\n<p style=\"text-align: justify;\">\n\t\t\t\t\t<span style=\"color: #000000; font-size: 12pt; font-family: helvetica;\">&nbsp;&nbsp;&nbsp; \u201cDhe Fjala u b\u00eb mish dhe banoi nd\u00ebr ne\u201d (Jn. 1:14). Biri dhe Fjala e Per\u00ebndis\u00eb, duke marr\u00eb trupin njer\u00ebzor shfaqi nj\u00ebkoh\u00ebsisht vler\u00ebn e pashtershme dhe r\u00ebnd\u00ebsin\u00eb unikale q\u00eb ka kjo krijes\u00eb e Tij e mrekullueshme. Dhe zbuloi se q\u00ebllimi final i njeriut \u00ebsht\u00eb t\u00eb b\u00ebhet banes\u00eb e Per\u00ebndis\u00eb. Me b\u00ebrjen e Tij njeri, Krishti shfaqi dinamik\u00ebn e liris\u00eb dhe t\u00eb dashuris\u00eb s\u00eb Per\u00ebndis\u00eb personal, e pakapshme kjo p\u00ebr mendjen e njer\u00ebzore. I vendosi marr\u00ebdh\u00ebniet njer\u00ebzore me At\u00eb mbi nj\u00eb baz\u00eb t\u00eb re.<\/span><\/p>\n<p style=\"text-align: justify;\">\n\t\t\t\t\t<span style=\"color: #000000; font-size: 12pt; font-family: helvetica;\">&nbsp;<span class=\"style10\">&nbsp;&nbsp; <\/span>T\u00eb gjith\u00eb sa v\u00ebshtrojm\u00eb me besim e dashuri te Biri dhe Fjala e Per\u00ebndis\u00eb q\u00eb u b\u00eb njeri, e kuptojm\u00eb se Ai mbetet p\u00ebrfundimisht rruga (Jn.14:6) q\u00eb udh\u00ebheq mrekullisht n\u00ebp\u00ebr shtigjet e jet\u00ebs. Dhe shum\u00eb nga ne kemi p\u00ebrvoj\u00eb vetjake, se atje ku t\u00eb gjitha duken t\u00eb mbyllura e t\u00eb err\u00ebta, Ai hap rrug\u00eb shp\u00ebtimtare.<\/span><\/p>\n<p style=\"text-align: justify;\">\n\t\t\t\t\t<span style=\"color: #000000; font-size: 12pt; font-family: helvetica;\">&nbsp;<span class=\"style10\">&nbsp;&nbsp; <\/span>Kap\u00ebrcimi i s\u00eb pamundur\u00ebs nga ana njer\u00ebzore, q\u00eb na zbulojn\u00eb Krishtlindjet, nuk shpallet me trumbeta dhe me premtime pompoze publike. Nd\u00ebrhyrjet e Per\u00ebndis\u00eb mbeten p\u00ebr \u00e7do koh\u00eb jo t\u00eb zhurmshme e mistike. Ato i karakterizon thjesht\u00ebsia dhe p\u00ebrul\u00ebsia, nd\u00ebrkoh\u00eb q\u00eb ruajn\u00eb origjinalitet t\u00eb jasht\u00ebzakonsh\u00ebm. Dhe k\u00ebto nd\u00ebrhyrje vazhdojn\u00eb n\u00eb shekuj.<\/span><\/p>\n<p style=\"text-align: justify;\">\n\t\t\t\t\t<span style=\"color: #000000; font-size: 12pt; font-family: helvetica;\">&nbsp;<span class=\"style10\">&nbsp;&nbsp; <\/span>Ligjet e natyr\u00ebs q\u00eb rregullojn\u00eb bot\u00ebn nuk e p\u00ebrjashtojn\u00eb nd\u00ebrhyrjen e Per\u00ebndis\u00eb Krijues, Ligjv\u00ebn\u00ebs dhe Providencial. Me lirin\u00eb dhe dashurin\u00eb e Tij, nuk resht s\u00eb vepruari, kur Ai e gjykon me vend, p\u00ebr kap\u00ebrcimin e s\u00eb pamundur\u00ebs nga ana njer\u00ebzore, me m\u00ebnyra t\u00eb mrekullueshme. Sigurisht, kur nuk ekziston besimi te Per\u00ebndia i dashuris\u00eb, i Cili \u00ebsht\u00eb i lir\u00eb nga \u00e7do lloj nevoje, njeriu mohon mund\u00ebsin\u00eb e mrekullis\u00eb. Nd\u00ebrkoh\u00eb, i krishteri pranon me p\u00ebrul\u00ebsi pafuqishm\u00ebrin\u00eb e natyr\u00ebs njer\u00ebzore dhe i k\u00ebrkon Atij, i Cili \u00ebsht\u00eb i pafund dhe i t\u00ebr\u00ebfuqish\u00ebm, t\u2019i fal\u00eb mund\u00ebsin\u00eb e p\u00ebrmbilogjikshme dhe ndri\u00e7imin p\u00ebr t\u00eb pranuar mrekullin\u00eb.<\/span><\/p>\n<p style=\"text-align: justify;\">\n\t\t\t\t\t<span style=\"color: #000000;\"><span style=\"font-size: 12pt; font-family: helvetica;\">&nbsp;<span class=\"style10\">&nbsp;&nbsp; <\/span>Koh\u00ebt e fundit, kushtet e v\u00ebshtira p\u00ebr shkak t\u00eb kriz\u00ebs s\u00eb p\u00ebrgjithshme morale dhe ekonomike kan\u00eb \u00e7uar n\u00eb rrug\u00eb t\u00eb shumta pa krye. N\u00eb k\u00ebt\u00eb atmosfer\u00eb t\u00eb mjegullt e mbyt\u00ebse, e kremtja e Krishtlindjeve vjen q\u00eb t\u00eb dhuroj\u00eb drit\u00eb ngush\u00eblluese. T\u00eb siguroj\u00eb se Biri i Per\u00ebndis\u00eb u b\u00eb njeri q\u00eb t\u00eb q\u00ebndroj\u00eb gjithmon\u00eb \u201cme ne\u201d. Per\u00ebndia nuk na braktis, edhe kur shpesh E harrojm\u00eb dhe sillemi sikur t\u00eb mos ekzistoj\u00eb.<\/span><\/span><\/p>\n<p style=\"text-align: justify;\">\n\t\t\t\t\t<span style=\"color: #000000;\"><span style=\"font-size: 12pt; font-family: helvetica;\">&nbsp;<span class=\"style10\">&nbsp;&nbsp; <\/span>Krishti shfuqizon me m\u00ebnyra t\u00eb mrekullueshme t\u00eb pamundurat nga ana njer\u00ebzore. \u201cSe nuk ka pun\u00eb q\u00eb t\u00eb jet\u00eb e pamundur p\u00ebr Per\u00ebndin\u00eb\u201d (Lluk. 1:37). Por nuk \u00ebsht\u00eb \u201cDeus ex machina\u201d i tragjedis\u00eb antike. Ai respekton lirin\u00eb ton\u00eb dhe shpreson q\u00eb edhe ne t\u00eb v\u00ebm\u00eb n\u00eb p\u00ebrdorim mund\u00ebsit\u00eb q\u00eb i ka falur natyr\u00ebs son\u00eb njer\u00ebzore.<\/span><\/span><\/p>\n<p style=\"text-align: justify;\">\n\t\t\t\t\t<span style=\"color: #000000; font-size: 12pt; font-family: helvetica;\"><span class=\"style10\">&nbsp;&nbsp;&nbsp; <\/span>Ekzistojn\u00eb shum\u00eb gj\u00ebra q\u00eb r\u00ebndom i quajm\u00eb \u201ct\u00eb pamundura\u201d, t\u00eb cilat ftohemi t\u2019i kap\u00ebrcejm\u00eb me hirin e Tij, duke filluar nga ato q\u00eb kan\u00eb lidhje t\u00eb drejtp\u00ebrdrejt\u00eb e personale. N\u00eb pamje t\u00eb par\u00eb, \u00e7lirimi nga pasionet tona, nga dashuria e s\u00ebmur\u00eb p\u00ebr veten, lakmia, epshi trupor, g\u00ebnjeshtrat, nga indiferenca ndaj drejt\u00ebsis\u00eb dhe ligjshm\u00ebris\u00eb, ndaj&nbsp; solidaritetit me t\u00eb tjer\u00ebt ngjan pothuajse e pamundur. P\u00ebr m\u00eb tep\u00ebr, nj\u00ebkoh\u00ebsisht shprehemi se \u00ebsht\u00eb \u201ce pamundur\u201d t\u00eb nd\u00ebrmarrim iniciativa q\u00eb lypin sakrifica, p\u00ebr hir t\u00eb bashk\u00ebsis\u00eb m\u00eb t\u00eb gjer\u00eb shoq\u00ebrore. N\u00eb t\u00eb kund\u00ebrt, besimi dhe marr\u00ebdh\u00ebnia personale me Krishtin, shpengojn\u00eb dhe v\u00ebn\u00eb n\u00eb l\u00ebvizje fuqi t\u00eb fshehura brenda nesh p\u00ebr kap\u00ebrcimin e t\u00eb pamundurave nga ana njer\u00ebzore. Nj\u00ebkoh\u00ebsisht injektojn\u00eb energji jet\u00ebsore t\u00eb mahnitshme n\u00eb shpirtin njer\u00ebzor, q\u00eb t\u00eb rezistoj\u00eb n\u00eb kushtet m\u00eb t\u00eb disfavorshme t\u00eb privimit, p\u00ebrndjekjeve, trysnive dhe t\u00eb vazhdoj\u00eb t\u00eb veproj\u00eb me optimiz\u00ebm krijues. K\u00ebt\u00eb p\u00ebrvoj\u00eb e p\u00ebrmbledh d\u00ebshmia e apostull Pavlit: \u201cT\u00eb gjitha mund t\u2019i b\u00ebj me an\u00eb t\u00eb Krishtit q\u00eb m\u00eb jep fuqi\u201d (Fil. 4:13).&nbsp;&nbsp;<\/span><\/p>\n<p style=\"text-align: justify;\">\n\t\t\t\t\t<span style=\"color: #000000; font-size: 12pt; font-family: helvetica;\">&nbsp;<span class=\"style10\">&nbsp;&nbsp; <\/span>T\u00eb kremtet e Kish\u00ebs na ftojn\u00eb t\u00eb rishikojm\u00eb jet\u00ebn ton\u00eb. T\u00eb vijm\u00eb n\u00eb vete nga turbullimi dhe depresioni. T\u00eb rip\u00ebrt\u00ebrijm\u00eb besimin dhe sigurin\u00eb ton\u00eb se Krishti, ardhjen n\u00eb bot\u00eb t\u00eb t\u00eb Cilit festojm\u00eb sot, q\u00ebndron gjithmon\u00eb&nbsp; \u201cme ne\u201d; se \u201ct\u00eb pamundurat p\u00ebr njer\u00ebzit, jan\u00eb t\u00eb mundura p\u00ebr Per\u00ebndin\u00eb\u201d (Lluk. 18:27). T\u00eb ndryshojm\u00eb m\u00ebnyr\u00ebn e t\u00eb menduarit dhe t\u00eb sjelljes. T\u00eb bashk\u00ebrendojm\u00eb jet\u00ebn ton\u00eb me vullnetin e Tij. Dhe ky ndryshim personal reflekton gjithmon\u00eb me bamir\u00ebsi n\u00eb bashk\u00ebsin\u00eb m\u00eb t\u00eb gjer\u00eb shoq\u00ebrore; fuqizon durimin, solidaritetin me t\u00eb tjer\u00eb, paqen, krijimtarin\u00eb, me m\u00ebnyra q\u00eb shpesh mbeten t\u00eb padukshme, por q\u00eb jan\u00eb esenciale.<\/span><\/p>\n<p style=\"text-align: justify;\">\n\t\t\t\t\t<span style=\"color: #000000; font-size: 12pt; font-family: helvetica;\">&nbsp;<span class=\"style10\">&nbsp;&nbsp; <\/span>\u201cPer\u00ebndia u shfaq n\u00eb mish&#8230;\u201d.<\/span><\/p>\n<p style=\"text-align: justify;\">\n\t\t\t\t\t<span style=\"color: #000000;\"><span style=\"font-size: 12pt; font-family: helvetica;\">&nbsp;<span class=\"style10\">&nbsp;&nbsp; <\/span>V\u00ebllez\u00ebrit e mi, kap\u00ebrcimi i s\u00eb pamundur\u00ebs nga ana njer\u00ebzore mbetet p\u00ebrher\u00eb mesazhi qendror i Krishtlindjeve dhe p\u00ebrvoja vetjake e atyre q\u00eb jetojn\u00eb n\u00eb Krishtin.<\/span><\/span><\/p>\n<p style=\"text-align: justify;\">\n\t\t\t\t\t<span style=\"color: #000000; font-size: 12pt; font-family: helvetica;\">&nbsp;&nbsp;&nbsp; Uroj nga zemra, q\u00eb kjo bindje t\u00eb fuqizohet brenda nesh gjat\u00eb k\u00ebsaj periudhe festive, t\u00eb na ngush\u00eblloj\u00eb dhe t\u00eb na mb\u00ebshtes\u00eb n\u00eb vitin q\u00eb vjen.<\/span><\/p>\n<p style=\"text-align: justify;\">\n\t\t\t\t\t<span style=\"color: #000000;\"><span style=\"font-size: 12pt; font-family: helvetica;\">&nbsp;&nbsp;<span class=\"style10\">&nbsp; <\/span>Krishtlindje t\u00eb bekuara! Viti i Ri qoft\u00eb i mbushur me durim ngaz\u00ebllues!<\/span><\/span><\/p>\n<p style=\"text-align: justify;\">\n\t\t\t\t\t&nbsp;<\/p>\n<p style=\"text-align: center;\">\n\t\t\t\t\t<span style=\"color: #000000; font-size: 12pt; font-family: helvetica;\">&nbsp;&nbsp;&nbsp;&nbsp;&nbsp;&nbsp;&nbsp;&nbsp;&nbsp;&nbsp;&nbsp;&nbsp;&nbsp;&nbsp;&nbsp;&nbsp;&nbsp;&nbsp;<br \/>\n\t\t\t\t\tMe t\u00eb gjith\u00eb dashurin\u00eb time m\u00eb Krishtin,<\/span><\/p>\n<p style=\"text-align: center;\">\n\t\t\t\t\t<span style=\"color: #000000; font-size: 12pt; font-family: helvetica;\"><strong><em>\u2020 Anastasi<\/em><\/strong><br \/>\n\t\t\t\t\t<em>Kryepiskop i Tiran\u00ebs, Durr\u00ebsit dhe i gjith\u00eb Shqip\u00ebris\u00eb<\/em><\/span><\/p>\n<\/td>\n<\/tr>\n<\/tbody>\n<\/table>\n<p>\n\t&nbsp;<\/p>\n","protected":false},"excerpt":{"rendered":"<p>Kap\u00ebrcimi i s\u00eb pamundur\u00ebs nga ana njer\u00ebzore \u2020 Anastasi Kryepiskop i Tiran\u00ebs, Durr\u00ebsit dhe i gjith\u00eb Shqip\u00ebris\u00eb Klerit dhe popullit shpres\u00ebtar Orthodhoks, Bij t\u00eb shtrenjt\u00eb m\u00eb Zotin, &nbsp; &nbsp; &nbsp;&nbsp;&nbsp; \u201cPer\u00ebndia u shfaq n\u00eb mish\u201d (1 Tim. 3:16) &nbsp; &nbsp; Kap\u00ebrcimi i s\u00eb pamundur\u00ebs nga ana njer\u00ebzore \u00ebsht\u00eb mesazhi themelor i t\u00eb kremtes s\u00eb madhe q\u00eb feston sot bota e krishter\u00eb. Madje edhe mendja m\u00eb<\/p>\n","protected":false},"author":1,"featured_media":0,"comment_status":"open","ping_status":"open","sticky":false,"template":"","format":"standard","meta":{"_acf_changed":false,"pagelayer_contact_templates":[],"_pagelayer_content":"","inline_featured_image":false,"fifu_image_url":"","fifu_image_alt":"","footnotes":""},"categories":[108],"tags":[143,192,196,201,212,152],"class_list":["post-848","post","type-post","status-publish","format-standard","hentry","category-lajme","tag-143","tag-krishtlindje","tag-tirane","tag-kryepiskopi-anastas","tag-lajme-d27","tag-mesazhet-festive-d19"],"acf":[],"yoast_head":"<!-- This site is optimized with the Yoast SEO plugin v27.2 - https:\/\/yoast.com\/product\/yoast-seo-wordpress\/ -->\n<title>Krishtlindje 2011- Mesazhi i Kryepeshkopit Anastas - Kisha Orthodh\u03bfkse Autoqefale e Shqip\u00ebris\u00eb<\/title>\n<meta name=\"robots\" content=\"index, follow, max-snippet:-1, max-image-preview:large, max-video-preview:-1\" \/>\n<link rel=\"canonical\" href=\"https:\/\/orthodoxalbania.org\/2020\/2013\/03\/21\/krishtlindje-2011-mesazhi-i-kryepeshkopit-anastas\/\" \/>\n<meta property=\"og:locale\" content=\"en_US\" \/>\n<meta property=\"og:type\" content=\"article\" \/>\n<meta property=\"og:title\" content=\"Krishtlindje 2011- Mesazhi i Kryepeshkopit Anastas - Kisha Orthodh\u03bfkse Autoqefale e Shqip\u00ebris\u00eb\" \/>\n<meta property=\"og:description\" content=\"Kap\u00ebrcimi i s\u00eb pamundur\u00ebs nga ana njer\u00ebzore \u2020 Anastasi Kryepiskop i Tiran\u00ebs, Durr\u00ebsit dhe i gjith\u00eb Shqip\u00ebris\u00eb Klerit dhe popullit shpres\u00ebtar Orthodhoks, Bij t\u00eb shtrenjt\u00eb m\u00eb Zotin, &nbsp; &nbsp; &nbsp;&nbsp;&nbsp; \u201cPer\u00ebndia u shfaq n\u00eb mish\u201d (1 Tim. 3:16) &nbsp; &nbsp; Kap\u00ebrcimi i s\u00eb pamundur\u00ebs nga ana njer\u00ebzore \u00ebsht\u00eb mesazhi themelor i t\u00eb kremtes s\u00eb madhe q\u00eb feston sot bota e krishter\u00eb. Madje edhe mendja m\u00eb\" \/>\n<meta property=\"og:url\" content=\"https:\/\/orthodoxalbania.org\/2020\/2013\/03\/21\/krishtlindje-2011-mesazhi-i-kryepeshkopit-anastas\/\" \/>\n<meta property=\"og:site_name\" content=\"Kisha Orthodh\u03bfkse Autoqefale e Shqip\u00ebris\u00eb\" \/>\n<meta property=\"article:publisher\" content=\"https:\/\/www.facebook.com\/koash1991\" \/>\n<meta property=\"article:published_time\" content=\"2013-03-21T10:22:29+00:00\" \/>\n<meta property=\"article:modified_time\" content=\"2020-04-06T20:31:55+00:00\" \/>\n<meta property=\"og:image\" content=\"https:\/\/lh3.googleusercontent.com\/-0XaSr7tg_9w\/U_NB8PwotlI\/AAAAAAAAA2g\/QXaauIV8bCc\/s577-no\/logo.png\" \/>\n<meta name=\"author\" content=\"Kisha Orthodhokse\" \/>\n<meta name=\"twitter:card\" content=\"summary_large_image\" \/>\n<meta name=\"twitter:label1\" content=\"Written by\" \/>\n\t<meta name=\"twitter:data1\" content=\"Kisha Orthodhokse\" \/>\n\t<meta name=\"twitter:label2\" content=\"Est. reading time\" \/>\n\t<meta name=\"twitter:data2\" content=\"6 minutes\" \/>\n<script type=\"application\/ld+json\" class=\"yoast-schema-graph\">{\"@context\":\"https:\/\/schema.org\",\"@graph\":[{\"@type\":\"Article\",\"@id\":\"https:\/\/orthodoxalbania.org\/2020\/2013\/03\/21\/krishtlindje-2011-mesazhi-i-kryepeshkopit-anastas\/#article\",\"isPartOf\":{\"@id\":\"https:\/\/orthodoxalbania.org\/2020\/2013\/03\/21\/krishtlindje-2011-mesazhi-i-kryepeshkopit-anastas\/\"},\"author\":{\"name\":\"Kisha Orthodhokse\",\"@id\":\"https:\/\/orthodoxalbania.org\/2020\/#\/schema\/person\/0c387634a7063ac612d7ed9ce71c7e86\"},\"headline\":\"Krishtlindje 2011- Mesazhi i Kryepeshkopit Anastas\",\"datePublished\":\"2013-03-21T10:22:29+00:00\",\"dateModified\":\"2020-04-06T20:31:55+00:00\",\"mainEntityOfPage\":{\"@id\":\"https:\/\/orthodoxalbania.org\/2020\/2013\/03\/21\/krishtlindje-2011-mesazhi-i-kryepeshkopit-anastas\/\"},\"wordCount\":1226,\"commentCount\":0,\"publisher\":{\"@id\":\"https:\/\/orthodoxalbania.org\/2020\/#organization\"},\"image\":{\"@id\":\"https:\/\/orthodoxalbania.org\/2020\/2013\/03\/21\/krishtlindje-2011-mesazhi-i-kryepeshkopit-anastas\/#primaryimage\"},\"thumbnailUrl\":\"https:\/\/lh3.googleusercontent.com\/-0XaSr7tg_9w\/U_NB8PwotlI\/AAAAAAAAA2g\/QXaauIV8bCc\/s577-no\/logo.png\",\"keywords\":[\"2011\",\"Krishtlindje\",\"Kryepiskopata Tiran\u00eb\",\"Kryepiskopi Anastas\",\"lajme\",\"Mesazhet Festive\"],\"articleSection\":[\"Lajme\"],\"inLanguage\":\"en-US\"},{\"@type\":\"WebPage\",\"@id\":\"https:\/\/orthodoxalbania.org\/2020\/2013\/03\/21\/krishtlindje-2011-mesazhi-i-kryepeshkopit-anastas\/\",\"url\":\"https:\/\/orthodoxalbania.org\/2020\/2013\/03\/21\/krishtlindje-2011-mesazhi-i-kryepeshkopit-anastas\/\",\"name\":\"Krishtlindje 2011- Mesazhi i Kryepeshkopit Anastas - Kisha Orthodh\u03bfkse Autoqefale e Shqip\u00ebris\u00eb\",\"isPartOf\":{\"@id\":\"https:\/\/orthodoxalbania.org\/2020\/#website\"},\"primaryImageOfPage\":{\"@id\":\"https:\/\/orthodoxalbania.org\/2020\/2013\/03\/21\/krishtlindje-2011-mesazhi-i-kryepeshkopit-anastas\/#primaryimage\"},\"image\":{\"@id\":\"https:\/\/orthodoxalbania.org\/2020\/2013\/03\/21\/krishtlindje-2011-mesazhi-i-kryepeshkopit-anastas\/#primaryimage\"},\"thumbnailUrl\":\"https:\/\/lh3.googleusercontent.com\/-0XaSr7tg_9w\/U_NB8PwotlI\/AAAAAAAAA2g\/QXaauIV8bCc\/s577-no\/logo.png\",\"datePublished\":\"2013-03-21T10:22:29+00:00\",\"dateModified\":\"2020-04-06T20:31:55+00:00\",\"breadcrumb\":{\"@id\":\"https:\/\/orthodoxalbania.org\/2020\/2013\/03\/21\/krishtlindje-2011-mesazhi-i-kryepeshkopit-anastas\/#breadcrumb\"},\"inLanguage\":\"en-US\",\"potentialAction\":[{\"@type\":\"ReadAction\",\"target\":[\"https:\/\/orthodoxalbania.org\/2020\/2013\/03\/21\/krishtlindje-2011-mesazhi-i-kryepeshkopit-anastas\/\"]}]},{\"@type\":\"ImageObject\",\"inLanguage\":\"en-US\",\"@id\":\"https:\/\/orthodoxalbania.org\/2020\/2013\/03\/21\/krishtlindje-2011-mesazhi-i-kryepeshkopit-anastas\/#primaryimage\",\"url\":\"https:\/\/lh3.googleusercontent.com\/-0XaSr7tg_9w\/U_NB8PwotlI\/AAAAAAAAA2g\/QXaauIV8bCc\/s577-no\/logo.png\",\"contentUrl\":\"https:\/\/lh3.googleusercontent.com\/-0XaSr7tg_9w\/U_NB8PwotlI\/AAAAAAAAA2g\/QXaauIV8bCc\/s577-no\/logo.png\"},{\"@type\":\"BreadcrumbList\",\"@id\":\"https:\/\/orthodoxalbania.org\/2020\/2013\/03\/21\/krishtlindje-2011-mesazhi-i-kryepeshkopit-anastas\/#breadcrumb\",\"itemListElement\":[{\"@type\":\"ListItem\",\"position\":1,\"name\":\"Home\",\"item\":\"https:\/\/orthodoxalbania.org\/2020\/\"},{\"@type\":\"ListItem\",\"position\":2,\"name\":\"Krishtlindje 2011- Mesazhi i Kryepeshkopit Anastas\"}]},{\"@type\":\"WebSite\",\"@id\":\"https:\/\/orthodoxalbania.org\/2020\/#website\",\"url\":\"https:\/\/orthodoxalbania.org\/2020\/\",\"name\":\"Kisha Orthodh\u03bfkse Autoqefale e Shqip\u00ebris\u00eb\",\"description\":\"Fqja Zyrtare e Kish\u00ebs Orthodhokse Autoqefale e Shqip\u00ebris\u00eb me lajmet edhe informacionet zyrtare p\u00ebr struktur\u00ebn edhe veprimtarin e saj.\",\"publisher\":{\"@id\":\"https:\/\/orthodoxalbania.org\/2020\/#organization\"},\"potentialAction\":[{\"@type\":\"SearchAction\",\"target\":{\"@type\":\"EntryPoint\",\"urlTemplate\":\"https:\/\/orthodoxalbania.org\/2020\/?s={search_term_string}\"},\"query-input\":{\"@type\":\"PropertyValueSpecification\",\"valueRequired\":true,\"valueName\":\"search_term_string\"}}],\"inLanguage\":\"en-US\"},{\"@type\":\"Organization\",\"@id\":\"https:\/\/orthodoxalbania.org\/2020\/#organization\",\"name\":\"Kisha Orthodhokse Autoqefale e Shqip\u00ebris\u00eb\",\"url\":\"https:\/\/orthodoxalbania.org\/2020\/\",\"logo\":{\"@type\":\"ImageObject\",\"inLanguage\":\"en-US\",\"@id\":\"https:\/\/orthodoxalbania.org\/2020\/#\/schema\/logo\/image\/\",\"url\":\"https:\/\/orthodoxalbania.org\/2020\/wp-content\/uploads\/2020\/05\/albania.jpeg\",\"contentUrl\":\"https:\/\/orthodoxalbania.org\/2020\/wp-content\/uploads\/2020\/05\/albania.jpeg\",\"width\":540,\"height\":540,\"caption\":\"Kisha Orthodhokse Autoqefale e Shqip\u00ebris\u00eb\"},\"image\":{\"@id\":\"https:\/\/orthodoxalbania.org\/2020\/#\/schema\/logo\/image\/\"},\"sameAs\":[\"https:\/\/www.facebook.com\/koash1991\"]},{\"@type\":\"Person\",\"@id\":\"https:\/\/orthodoxalbania.org\/2020\/#\/schema\/person\/0c387634a7063ac612d7ed9ce71c7e86\",\"name\":\"Kisha Orthodhokse\",\"image\":{\"@type\":\"ImageObject\",\"inLanguage\":\"en-US\",\"@id\":\"https:\/\/secure.gravatar.com\/avatar\/596e7c417251e30f2fbb9c00e026fce61a695a00e51c889caded71c96cbbdde5?s=96&d=mm&r=g\",\"url\":\"https:\/\/secure.gravatar.com\/avatar\/596e7c417251e30f2fbb9c00e026fce61a695a00e51c889caded71c96cbbdde5?s=96&d=mm&r=g\",\"contentUrl\":\"https:\/\/secure.gravatar.com\/avatar\/596e7c417251e30f2fbb9c00e026fce61a695a00e51c889caded71c96cbbdde5?s=96&d=mm&r=g\",\"caption\":\"Kisha Orthodhokse\"}}]}<\/script>\n<!-- \/ Yoast SEO plugin. -->","yoast_head_json":{"title":"Krishtlindje 2011- Mesazhi i Kryepeshkopit Anastas - Kisha Orthodh\u03bfkse Autoqefale e Shqip\u00ebris\u00eb","robots":{"index":"index","follow":"follow","max-snippet":"max-snippet:-1","max-image-preview":"max-image-preview:large","max-video-preview":"max-video-preview:-1"},"canonical":"https:\/\/orthodoxalbania.org\/2020\/2013\/03\/21\/krishtlindje-2011-mesazhi-i-kryepeshkopit-anastas\/","og_locale":"en_US","og_type":"article","og_title":"Krishtlindje 2011- Mesazhi i Kryepeshkopit Anastas - Kisha Orthodh\u03bfkse Autoqefale e Shqip\u00ebris\u00eb","og_description":"Kap\u00ebrcimi i s\u00eb pamundur\u00ebs nga ana njer\u00ebzore \u2020 Anastasi Kryepiskop i Tiran\u00ebs, Durr\u00ebsit dhe i gjith\u00eb Shqip\u00ebris\u00eb Klerit dhe popullit shpres\u00ebtar Orthodhoks, Bij t\u00eb shtrenjt\u00eb m\u00eb Zotin, &nbsp; &nbsp; &nbsp;&nbsp;&nbsp; \u201cPer\u00ebndia u shfaq n\u00eb mish\u201d (1 Tim. 3:16) &nbsp; &nbsp; Kap\u00ebrcimi i s\u00eb pamundur\u00ebs nga ana njer\u00ebzore \u00ebsht\u00eb mesazhi themelor i t\u00eb kremtes s\u00eb madhe q\u00eb feston sot bota e krishter\u00eb. Madje edhe mendja m\u00eb","og_url":"https:\/\/orthodoxalbania.org\/2020\/2013\/03\/21\/krishtlindje-2011-mesazhi-i-kryepeshkopit-anastas\/","og_site_name":"Kisha Orthodh\u03bfkse Autoqefale e Shqip\u00ebris\u00eb","article_publisher":"https:\/\/www.facebook.com\/koash1991","article_published_time":"2013-03-21T10:22:29+00:00","article_modified_time":"2020-04-06T20:31:55+00:00","og_image":[{"url":"https:\/\/lh3.googleusercontent.com\/-0XaSr7tg_9w\/U_NB8PwotlI\/AAAAAAAAA2g\/QXaauIV8bCc\/s577-no\/logo.png","type":"","width":"","height":""}],"author":"Kisha Orthodhokse","twitter_card":"summary_large_image","twitter_misc":{"Written by":"Kisha Orthodhokse","Est. reading time":"6 minutes"},"schema":{"@context":"https:\/\/schema.org","@graph":[{"@type":"Article","@id":"https:\/\/orthodoxalbania.org\/2020\/2013\/03\/21\/krishtlindje-2011-mesazhi-i-kryepeshkopit-anastas\/#article","isPartOf":{"@id":"https:\/\/orthodoxalbania.org\/2020\/2013\/03\/21\/krishtlindje-2011-mesazhi-i-kryepeshkopit-anastas\/"},"author":{"name":"Kisha Orthodhokse","@id":"https:\/\/orthodoxalbania.org\/2020\/#\/schema\/person\/0c387634a7063ac612d7ed9ce71c7e86"},"headline":"Krishtlindje 2011- Mesazhi i Kryepeshkopit Anastas","datePublished":"2013-03-21T10:22:29+00:00","dateModified":"2020-04-06T20:31:55+00:00","mainEntityOfPage":{"@id":"https:\/\/orthodoxalbania.org\/2020\/2013\/03\/21\/krishtlindje-2011-mesazhi-i-kryepeshkopit-anastas\/"},"wordCount":1226,"commentCount":0,"publisher":{"@id":"https:\/\/orthodoxalbania.org\/2020\/#organization"},"image":{"@id":"https:\/\/orthodoxalbania.org\/2020\/2013\/03\/21\/krishtlindje-2011-mesazhi-i-kryepeshkopit-anastas\/#primaryimage"},"thumbnailUrl":"https:\/\/lh3.googleusercontent.com\/-0XaSr7tg_9w\/U_NB8PwotlI\/AAAAAAAAA2g\/QXaauIV8bCc\/s577-no\/logo.png","keywords":["2011","Krishtlindje","Kryepiskopata Tiran\u00eb","Kryepiskopi Anastas","lajme","Mesazhet Festive"],"articleSection":["Lajme"],"inLanguage":"en-US"},{"@type":"WebPage","@id":"https:\/\/orthodoxalbania.org\/2020\/2013\/03\/21\/krishtlindje-2011-mesazhi-i-kryepeshkopit-anastas\/","url":"https:\/\/orthodoxalbania.org\/2020\/2013\/03\/21\/krishtlindje-2011-mesazhi-i-kryepeshkopit-anastas\/","name":"Krishtlindje 2011- Mesazhi i Kryepeshkopit Anastas - Kisha Orthodh\u03bfkse Autoqefale e Shqip\u00ebris\u00eb","isPartOf":{"@id":"https:\/\/orthodoxalbania.org\/2020\/#website"},"primaryImageOfPage":{"@id":"https:\/\/orthodoxalbania.org\/2020\/2013\/03\/21\/krishtlindje-2011-mesazhi-i-kryepeshkopit-anastas\/#primaryimage"},"image":{"@id":"https:\/\/orthodoxalbania.org\/2020\/2013\/03\/21\/krishtlindje-2011-mesazhi-i-kryepeshkopit-anastas\/#primaryimage"},"thumbnailUrl":"https:\/\/lh3.googleusercontent.com\/-0XaSr7tg_9w\/U_NB8PwotlI\/AAAAAAAAA2g\/QXaauIV8bCc\/s577-no\/logo.png","datePublished":"2013-03-21T10:22:29+00:00","dateModified":"2020-04-06T20:31:55+00:00","breadcrumb":{"@id":"https:\/\/orthodoxalbania.org\/2020\/2013\/03\/21\/krishtlindje-2011-mesazhi-i-kryepeshkopit-anastas\/#breadcrumb"},"inLanguage":"en-US","potentialAction":[{"@type":"ReadAction","target":["https:\/\/orthodoxalbania.org\/2020\/2013\/03\/21\/krishtlindje-2011-mesazhi-i-kryepeshkopit-anastas\/"]}]},{"@type":"ImageObject","inLanguage":"en-US","@id":"https:\/\/orthodoxalbania.org\/2020\/2013\/03\/21\/krishtlindje-2011-mesazhi-i-kryepeshkopit-anastas\/#primaryimage","url":"https:\/\/lh3.googleusercontent.com\/-0XaSr7tg_9w\/U_NB8PwotlI\/AAAAAAAAA2g\/QXaauIV8bCc\/s577-no\/logo.png","contentUrl":"https:\/\/lh3.googleusercontent.com\/-0XaSr7tg_9w\/U_NB8PwotlI\/AAAAAAAAA2g\/QXaauIV8bCc\/s577-no\/logo.png"},{"@type":"BreadcrumbList","@id":"https:\/\/orthodoxalbania.org\/2020\/2013\/03\/21\/krishtlindje-2011-mesazhi-i-kryepeshkopit-anastas\/#breadcrumb","itemListElement":[{"@type":"ListItem","position":1,"name":"Home","item":"https:\/\/orthodoxalbania.org\/2020\/"},{"@type":"ListItem","position":2,"name":"Krishtlindje 2011- Mesazhi i Kryepeshkopit Anastas"}]},{"@type":"WebSite","@id":"https:\/\/orthodoxalbania.org\/2020\/#website","url":"https:\/\/orthodoxalbania.org\/2020\/","name":"Kisha Orthodh\u03bfkse Autoqefale e Shqip\u00ebris\u00eb","description":"Fqja Zyrtare e Kish\u00ebs Orthodhokse Autoqefale e Shqip\u00ebris\u00eb me lajmet edhe informacionet zyrtare p\u00ebr struktur\u00ebn edhe veprimtarin e saj.","publisher":{"@id":"https:\/\/orthodoxalbania.org\/2020\/#organization"},"potentialAction":[{"@type":"SearchAction","target":{"@type":"EntryPoint","urlTemplate":"https:\/\/orthodoxalbania.org\/2020\/?s={search_term_string}"},"query-input":{"@type":"PropertyValueSpecification","valueRequired":true,"valueName":"search_term_string"}}],"inLanguage":"en-US"},{"@type":"Organization","@id":"https:\/\/orthodoxalbania.org\/2020\/#organization","name":"Kisha Orthodhokse Autoqefale e Shqip\u00ebris\u00eb","url":"https:\/\/orthodoxalbania.org\/2020\/","logo":{"@type":"ImageObject","inLanguage":"en-US","@id":"https:\/\/orthodoxalbania.org\/2020\/#\/schema\/logo\/image\/","url":"https:\/\/orthodoxalbania.org\/2020\/wp-content\/uploads\/2020\/05\/albania.jpeg","contentUrl":"https:\/\/orthodoxalbania.org\/2020\/wp-content\/uploads\/2020\/05\/albania.jpeg","width":540,"height":540,"caption":"Kisha Orthodhokse Autoqefale e Shqip\u00ebris\u00eb"},"image":{"@id":"https:\/\/orthodoxalbania.org\/2020\/#\/schema\/logo\/image\/"},"sameAs":["https:\/\/www.facebook.com\/koash1991"]},{"@type":"Person","@id":"https:\/\/orthodoxalbania.org\/2020\/#\/schema\/person\/0c387634a7063ac612d7ed9ce71c7e86","name":"Kisha Orthodhokse","image":{"@type":"ImageObject","inLanguage":"en-US","@id":"https:\/\/secure.gravatar.com\/avatar\/596e7c417251e30f2fbb9c00e026fce61a695a00e51c889caded71c96cbbdde5?s=96&d=mm&r=g","url":"https:\/\/secure.gravatar.com\/avatar\/596e7c417251e30f2fbb9c00e026fce61a695a00e51c889caded71c96cbbdde5?s=96&d=mm&r=g","contentUrl":"https:\/\/secure.gravatar.com\/avatar\/596e7c417251e30f2fbb9c00e026fce61a695a00e51c889caded71c96cbbdde5?s=96&d=mm&r=g","caption":"Kisha Orthodhokse"}}]}},"_links":{"self":[{"href":"https:\/\/orthodoxalbania.org\/2020\/wp-json\/wp\/v2\/posts\/848","targetHints":{"allow":["GET"]}}],"collection":[{"href":"https:\/\/orthodoxalbania.org\/2020\/wp-json\/wp\/v2\/posts"}],"about":[{"href":"https:\/\/orthodoxalbania.org\/2020\/wp-json\/wp\/v2\/types\/post"}],"author":[{"embeddable":true,"href":"https:\/\/orthodoxalbania.org\/2020\/wp-json\/wp\/v2\/users\/1"}],"replies":[{"embeddable":true,"href":"https:\/\/orthodoxalbania.org\/2020\/wp-json\/wp\/v2\/comments?post=848"}],"version-history":[{"count":1,"href":"https:\/\/orthodoxalbania.org\/2020\/wp-json\/wp\/v2\/posts\/848\/revisions"}],"predecessor-version":[{"id":15350,"href":"https:\/\/orthodoxalbania.org\/2020\/wp-json\/wp\/v2\/posts\/848\/revisions\/15350"}],"wp:attachment":[{"href":"https:\/\/orthodoxalbania.org\/2020\/wp-json\/wp\/v2\/media?parent=848"}],"wp:term":[{"taxonomy":"category","embeddable":true,"href":"https:\/\/orthodoxalbania.org\/2020\/wp-json\/wp\/v2\/categories?post=848"},{"taxonomy":"post_tag","embeddable":true,"href":"https:\/\/orthodoxalbania.org\/2020\/wp-json\/wp\/v2\/tags?post=848"}],"curies":[{"name":"wp","href":"https:\/\/api.w.org\/{rel}","templated":true}]}}