{"id":847,"date":"2009-03-18T12:26:43","date_gmt":"2009-03-18T12:26:43","guid":{"rendered":""},"modified":"2020-04-06T22:35:07","modified_gmt":"2020-04-06T20:35:07","slug":"krishtlindje-2009-krishti-drita-e-botes-mesazhi-i-kryepiskopit-anastas","status":"publish","type":"post","link":"https:\/\/orthodoxalbania.org\/2020\/2009\/03\/18\/krishtlindje-2009-krishti-drita-e-botes-mesazhi-i-kryepiskopit-anastas\/","title":{"rendered":"Krishtlindje 2009, Krishti, Drita e bot\u00ebs &#8211; Mesazhi i Kryepiskopit Anastas &#8211;"},"content":{"rendered":"<p style=\"text-align: justify;\"><span style=\"color: #000000;\"><span style=\"font-family: tahoma,geneva,sans-serif;\"><span style=\"font-size: 12px;\"><img decoding=\"async\" class=\"lazyload HAa Eha\" style=\"height: 51px; width: 51px; display: block; margin-left: auto; margin-right: auto;\" alt=\"\" src=\"data:image\/svg+xml,%3Csvg%20xmlns%3D%27http%3A%2F%2Fwww.w3.org%2F2000%2Fsvg%27%20width%3D%2751%27%20height%3D%2751%27%20viewBox%3D%270%200%2051%2051%27%3E%3Crect%20width%3D%2751%27%20height%3D%2751%27%20fill-opacity%3D%220%22%2F%3E%3C%2Fsvg%3E\" data-orig-src=\"https:\/\/lh3.googleusercontent.com\/-0XaSr7tg_9w\/U_NB8PwotlI\/AAAAAAAAA2g\/QXaauIV8bCc\/s577-no\/logo.png\" height=\"51px\" width=\"51px\" \/><\/span><\/span><\/span><\/p>\n<p style=\"text-align: center;\"><span style=\"color: #000000; font-size: 12pt; font-family: helvetica;\">Kisha Orthodhokse Autoqefale e Shqip\u00ebris\u00eb<\/span><\/p>\n<p style=\"text-align: center;\"><span style=\"color: #000000; font-size: 12pt; font-family: helvetica;\">Krishtlindje 2009<\/span><\/p>\n<p style=\"text-align: center;\"><span style=\"color: #000000; font-size: 12pt; font-family: helvetica;\"><strong>Krishti, Drita e bot\u00ebs<\/strong><\/span><\/p>\n<p style=\"text-align: center;\"><span style=\"color: #000000; font-size: 12pt; font-family: helvetica;\"><strong>\u2020 Anastasi<\/strong><\/span><\/p>\n<p style=\"text-align: center;\"><span style=\"color: #000000; font-size: 12pt; font-family: helvetica;\"><em>Kryepiskop i Tiran\u00ebs, Durr\u00ebsit dhe i gjith\u00eb Shqip\u00ebris\u00eb<\/em><\/span><\/p>\n<p style=\"text-align: center;\">&nbsp;<\/p>\n<p style=\"text-align: center;\">&nbsp;<\/p>\n<p style=\"text-align: center;\">&nbsp;<\/p>\n<p style=\"text-align: justify;\">&nbsp;<\/p>\n<p style=\"text-align: justify;\">&nbsp;<\/p>\n<p style=\"text-align: justify;\"><span style=\"color: #000000; font-size: 12pt; font-family: helvetica;\">&nbsp;&nbsp;&nbsp;&nbsp; Klerit dhe besimtar\u00ebve shpres\u00ebtar\u00eb Orthodhoks\u00eb<\/span><\/p>\n<p style=\"text-align: justify;\"><span style=\"color: #000000; font-size: 12pt; font-family: helvetica;\">&nbsp;&nbsp;&nbsp;&nbsp; Bij t\u00eb shtrenjt\u00eb m\u00eb Zotin,<\/span><\/p>\n<p style=\"text-align: right;\"><span style=\"color: #000000; font-size: 12pt; font-family: helvetica;\"><em>\u201cIshte drita e v\u00ebrtet\u00eb, q\u00eb ndri\u00e7on \u00e7do njeri, i cili vjen n\u00eb bot\u00eb\u201d<\/em> (Joan 1:9)<\/span><\/p>\n<p style=\"text-align: right;\">&nbsp;<\/p>\n<p style=\"text-align: justify;\"><span style=\"color: #000000; font-size: 12pt; font-family: helvetica;\">&nbsp;&nbsp;&nbsp;&nbsp; Fjala \u201cishte drita e v\u00ebrtet\u00eb, ajo q\u00eb ndri\u00e7on \u00e7do njeri i cili vjen n\u00eb bot\u00eb\u201d. N\u00eb Krishtlindje kremtojm\u00eb k\u00ebt\u00eb ngjarje trondit\u00ebse, e cila prek mbar\u00eb njer\u00ebzimin. Kjo e kremte e sotme e shk\u00eblqyer, na fal siguri t\u00eb t\u00ebr\u00ebndritshme dhe shpres\u00eb q\u00eb nuk zhg\u00ebnjen.<\/span><\/p>\n<p style=\"text-align: justify;\"><span style=\"color: #000000; font-size: 12pt; font-family: helvetica;\">&nbsp;&nbsp;&nbsp;&nbsp; N\u00eb Lindjen e Krishtit, si\u00e7 psal Kisha jon\u00eb, \u201cdrita prej drit\u00ebs, q\u00eb parashk\u00eblqeu para \u00e7do kohe, n\u00eb koh\u00eb u shfaq n\u00eb mish n\u00eb ata q\u00eb ishin mbi tok\u00eb dhe bot\u00ebn e ndri\u00e7oi\u201d (Lutjesorja, ting. I, M\u00ebngjesorja e s\u00eb Enjtes).<\/span><\/p>\n<p style=\"text-align: justify;\"><span style=\"color: #000000; font-size: 12pt; font-family: helvetica;\">&nbsp;&nbsp;&nbsp;&nbsp; Jisu Krishti, Fjala e mish\u00ebruar e Per\u00ebndis\u00eb, pa perifrazime, n\u00eb m\u00ebnyr\u00eb t\u00eb p\u00ebrs\u00ebritur dhe publike, shpalli: \u201cUn\u00eb jam drita e bot\u00ebs\u201d (Jn. 8:12, 9:4). Nj\u00eb drit\u00eb q\u00eb lidhet drejtp\u00ebrs\u00ebdrejti me jet\u00ebn: \u201cai q\u00eb m\u00eb ndjek mua, nuk do t\u00eb ec\u00eb n\u00eb err\u00ebsir\u00eb, por do t\u00eb ket\u00eb drit\u00ebn e jet\u00ebs\u201d (Jn. 8:12).<\/span><\/p>\n<p style=\"text-align: justify;\"><span style=\"color: #000000; font-size: 12pt; font-family: helvetica;\">&nbsp;&nbsp;&nbsp;&nbsp; Pas Kryq\u00ebzimit dhe Ngjalljes s\u00eb Tij, gjith\u00ebsia mbushet plotp\u00ebrplot me drit\u00eb. Dhe kur historia e shp\u00ebtimit t\u00eb njer\u00ebzve arrin n\u00eb fundin e saj, n\u00eb krijes\u00ebn e re, drita do t\u00eb jet\u00eb vet\u00eb Biri dhe Fjala e Per\u00ebndis\u00eb! (Zb. 21:23). N\u00eb k\u00ebt\u00eb m\u00ebnyr\u00eb, nga drita natyrale, q\u00eb n\u00eb jet\u00ebn e p\u00ebrkohshme kombinohet me err\u00ebsir\u00ebn e nat\u00ebs, do t\u00eb shkojm\u00eb p\u00ebrfundimisht drejt drit\u00ebs q\u00eb nuk per\u00ebndon, q\u00eb \u00ebsht\u00eb vet\u00eb Per\u00ebndia.<\/span><\/p>\n<p style=\"text-align: justify;\"><span style=\"color: #000000; font-size: 12pt; font-family: helvetica;\">&nbsp;&nbsp;&nbsp;&nbsp; Natyra e drit\u00ebs gjendet gjithnj\u00eb n\u00eb epiqend\u00ebr t\u00eb k\u00ebrkimit njer\u00ebzor dhe lidhet drejtp\u00ebrs\u00ebdrejti me zhvillimin shkencor. Pasuria e re e njohurive n\u00eb lidhje me drit\u00ebn natyrale, \u201ct\u00eb krijuar\u201d, i zgjeron edhe m\u00eb tej simbolizmat p\u00ebr ndikimet e mahnitshme t\u00eb drit\u00ebs shpirt\u00ebrore n\u00eb bot\u00eb.<\/span><\/p>\n<p style=\"text-align: justify;\"><span style=\"color: #000000; font-size: 12pt; font-family: helvetica;\">&nbsp;&nbsp;&nbsp;&nbsp; Drita e bot\u00ebs, Jisu Krishti, shfaqet e njohur dhe familjare, sikund\u00ebr edhe drita natyrale. Por, n\u00eb t\u00eb nj\u00ebjt\u00ebn koh\u00eb, mbetet e paafrueshme dhe e pakonceptueshme p\u00ebr sa i takon esenc\u00ebs s\u00eb saj. Per\u00ebndia quhet drit\u00eb sipas energjive t\u00eb Tij, t\u00eb cilat b\u00ebhen t\u00eb kapshme p\u00ebr njer\u00ebzit dhe jan\u00eb t\u00eb kungueshme. Nd\u00ebrsa esenca e Per\u00ebndis\u00eb \u00ebsht\u00eb e panjohur dhe e pakungueshme p\u00ebr njer\u00ebzit (Sh\u00ebn Grigor Pallamai).<\/span><\/p>\n<p style=\"text-align: justify;\"><span style=\"color: #000000; font-size: 12pt; font-family: helvetica;\">&nbsp;&nbsp;&nbsp;&nbsp; Drita e Fjal\u00ebs \u00ebsht\u00eb dhurat\u00eb hyjnore, q\u00eb i falet \u00e7do njeriu gjat\u00eb lindjes s\u00eb tij. Sh\u00ebn Kirilli i Aleksandris\u00eb qart\u00ebson se \u201cFjala e Per\u00ebndis\u00eb ndri\u00e7on&#8230; vendos far\u00eb urt\u00ebsie, pra per\u00ebndinjohjeje, n\u00eb \u00e7do njeri q\u00eb vjen n\u00eb jet\u00eb dhe mbjell brenda tij rr\u00ebnj\u00ebn e men\u00e7uris\u00eb\u201d. Pra, do t\u00eb guxonim t\u00eb formulonim se n\u00eb nd\u00ebrgjegjen e \u00e7do njeriu ekziston nj\u00eb foton nga drita e Krishtit, edhe sikur t\u00eb jet\u00eb err\u00ebsuar nga injoranca dhe indiferentizmi. \u00c7do gj\u00eb fisnike dhe e v\u00ebrtet\u00eb n\u00eb mendim, n\u00eb sjellje, n\u00eb jet\u00ebn fetare t\u00eb njer\u00ebzve \u00ebsht\u00eb reflektim nga drita e Birit dhe Fjal\u00ebs s\u00eb Per\u00ebndis\u00eb.<\/span><\/p>\n<p style=\"text-align: justify;\"><span style=\"color: #000000; font-size: 12pt; font-family: helvetica;\">&nbsp;&nbsp;&nbsp;&nbsp; Sigurisht, kan\u00eb ekzistuar shum\u00eb raste me re t\u00eb dendura arrogance, pabesie, urrejtjesh dhe net t\u00eb err\u00ebta t\u00eb interesave t\u00eb paligjshme, t\u00eb cilat u p\u00ebrpoq\u00ebn ta pengonin drit\u00ebn e Ungjillit t\u00eb shk\u00eblqej\u00eb n\u00eb bot\u00eb.<\/span><\/p>\n<p class=\"style9\" style=\"text-align: justify;\"><span style=\"color: #000000; font-size: 12pt; font-family: helvetica;\">&nbsp;&nbsp;&nbsp; Por edhe n\u00eb k\u00ebto periudha me re t\u00eb err\u00ebta, drita e p\u00ebrshkon mistikisht atmosfer\u00ebn me m\u00ebnyra t\u00eb ndryshme. Shum\u00ebform\u00ebsia e dep\u00ebrtimeve t\u00eb drit\u00ebs natyrale, si\u00e7 e konstaton dhe shkenca bashk\u00ebkohore, nxit mendimin ton\u00eb p\u00ebr t\u2019u nd\u00ebrgjegj\u00ebsuar p\u00ebr dep\u00ebrtimet mistike t\u00eb drit\u00ebs s\u00eb Krishtit n\u00eb ecurin\u00eb e njer\u00ebzimit, por edhe t\u00eb jet\u00ebs son\u00eb personale, n\u00eb rastet e tundimeve t\u00eb shum\u00ebllojta dhe impakteve t\u00eb err\u00ebta.<\/span><\/p>\n<p class=\"style9\" style=\"text-align: justify;\">&nbsp;<\/p>\n<p style=\"text-align: center;\"><span style=\"color: #000000; font-size: 12pt; font-family: helvetica;\">*&nbsp; &nbsp;&nbsp;&nbsp;&nbsp;&nbsp; *&nbsp;&nbsp;&nbsp;&nbsp; &nbsp;&nbsp; *<\/span><\/p>\n<p style=\"text-align: center;\">&nbsp;<\/p>\n<p style=\"text-align: justify;\"><span style=\"color: #000000; font-size: 12pt; font-family: helvetica;\">&nbsp;&nbsp;&nbsp;&nbsp;&nbsp; Krishti, duke qen\u00eb Ai vet\u00eb drita e v\u00ebrtet\u00eb, i ftoi nx\u00ebn\u00ebsit e Tij t\u00eb b\u00ebhen edhe ata vet\u00eb drit\u00eb brenda bot\u00ebs: \u201cK\u00ebshtu le t\u00eb shndris\u00eb drita juaj p\u00ebrpara njer\u00ebzve, q\u00eb t\u00eb shikojn\u00eb veprat tuaja t\u00eb mira dhe t\u00eb lavd\u00ebrojn\u00eb atin tuaj q\u00eb \u00ebsht\u00eb n\u00eb qiejt\u201d (Matth. 5:16). Ai e lidh shk\u00eblqimin e drit\u00ebs jo me gjendje ekstaze, t\u00eb tipit neoplatonik ose indian, por me veprat e mira. Duke p\u00ebrthithur dhe shp\u00ebrndar\u00eb pareshtur drit\u00ebn e Krishtit, \u00e7do besimtar ftohet t\u00eb shpreh\u00eb besimin e tij me vepra sh\u00ebrbese ndaj t\u00eb gjith\u00ebve, pa b\u00ebr\u00eb p\u00ebrjashtim. Pothuajse t\u00eb gjitha iniciativat humanitare dhe strukturat q\u00eb u zhvilluan kudo qoft\u00eb, p\u00ebr t\u00eb leht\u00ebsuar dhimbjen, t\u00eb qenit jetim, varf\u00ebrin\u00eb, pleq\u00ebrin\u00eb, t\u00eb qenit i huaj, vetmin\u00eb e kan\u00eb origjin\u00ebn nga njer\u00ebz t\u00eb ndri\u00e7uar -direkt ose indirekt- nga drita e Krishtit. K\u00ebt\u00eb tradit\u00eb duhet ta vazhdojm\u00eb edhe ne, me ide krijuese, iniciativa bujare dhe veprimtari t\u00eb larmishme.<\/span><\/p>\n<p style=\"text-align: justify;\"><span style=\"color: #000000; font-size: 12pt; font-family: helvetica;\">&nbsp;&nbsp;&nbsp;&nbsp;&nbsp; Ngjyra e bardh\u00eb e drit\u00ebs, n\u00eb shikim t\u00eb par\u00eb, si\u00e7 dihet, \u00ebsht\u00eb sintez\u00eb e shtat\u00eb ngjyrave t\u00eb ndryshme. Drita e kungueshme e Krishtit, n\u00eb jet\u00ebn personale e sociale, shp\u00ebrhapet me ngjyrime t\u00eb shum\u00ebllojta. Nga ky spekt\u00ebr i drit\u00ebs, ne t\u00eb krishter\u00ebt \u201csi bij t\u00eb drit\u00ebs\u201d, ftohemi t\u00eb shfaqim sa m\u00eb shum\u00eb ngjyrime q\u00eb \u00ebsht\u00eb e mundur:<\/span><\/p>\n<p style=\"text-align: justify;\"><span style=\"color: #000000; font-size: 12pt; font-family: helvetica;\">&nbsp;&nbsp;&nbsp;&nbsp;&nbsp; Drit\u00eb paqeje, me veten ton\u00eb, me mjedisin q\u00eb na rrethon dhe mbar\u00eb bot\u00ebn;<\/span><\/p>\n<p style=\"text-align: justify;\"><span style=\"color: #000000; font-size: 12pt; font-family: helvetica;\">&nbsp;&nbsp;&nbsp;&nbsp;&nbsp; Drit\u00eb t\u00eb v\u00ebrtet\u00eb, p\u00ebr kuptimin e shkakut m\u00eb t\u00eb thell\u00eb t\u00eb korrupsionit dhe t\u00eb kriz\u00ebs shum\u00ebform\u00ebshe;<\/span><\/p>\n<p style=\"text-align: justify;\"><span style=\"color: #000000; font-size: 12pt; font-family: helvetica;\">&nbsp;&nbsp;&nbsp;&nbsp;&nbsp; Drit\u00eb drejt\u00ebsie, n\u00eb p\u00ebrpjekjet shoq\u00ebrore n\u00eb nivel lokal e global;<\/span><\/p>\n<p style=\"text-align: justify;\"><span style=\"color: #000000; font-size: 12pt; font-family: helvetica;\">&nbsp;&nbsp;&nbsp;&nbsp;&nbsp; Drit\u00eb fryme krijuese, q\u00eb inkurajon mendimin origjinal, shkencat, artet, qytet\u00ebrimin;<\/span><\/p>\n<p style=\"text-align: justify;\"><span style=\"color: #000000; font-size: 12pt; font-family: helvetica;\">&nbsp;&nbsp;&nbsp;&nbsp;&nbsp; Drit\u00eb shprese, q\u00eb fuqizon reciprocitetin e t\u00eb gjith\u00eb popujve p\u00ebr shp\u00ebtimin e planetit;<\/span><\/p>\n<p style=\"text-align: justify;\"><span style=\"color: #000000; font-size: 12pt; font-family: helvetica;\">&nbsp;&nbsp;&nbsp;&nbsp;&nbsp; Drit\u00eb dashurie, me vepra, pa interes dhe me sinqeritet ndaj \u00e7do njeriu;<\/span><\/p>\n<p style=\"text-align: justify;\"><span style=\"color: #000000; font-size: 12pt; font-family: helvetica;\">&nbsp;&nbsp;&nbsp;&nbsp;&nbsp; Drit\u00eb besimi q\u00eb nuk per\u00ebndon, e cila \u00e7on n\u00eb kap\u00ebrcimin final t\u00eb m\u00ebkatit, t\u00eb prishjes dhe t\u00eb vdekjes, me fuqin\u00eb e Kryqit dhe Ngjalljes s\u00eb Krishtit.<\/span><\/p>\n<p style=\"text-align: justify;\"><span style=\"color: #000000; font-size: 12pt; font-family: helvetica;\"><em>&nbsp;&nbsp;&nbsp;&nbsp;&nbsp; \u201cIshte drita e v\u00ebrtet\u00eb, q\u00eb ndri\u00e7on \u00e7do njeri, i cili vjen n\u00eb bot\u00eb\u201d.<\/em><\/span><\/p>\n<p style=\"text-align: justify;\"><span style=\"color: #000000; font-size: 12pt; font-family: helvetica;\">&nbsp;&nbsp;&nbsp;&nbsp;&nbsp; Le t\u00eb hapen tejp\u00ebrtej zemrat tona gjat\u00eb k\u00ebtyre dit\u00ebve festive, q\u00eb t\u00eb dep\u00ebrtoj\u00eb n\u00eb thell\u00ebsit\u00eb e qenies son\u00eb Biri i mish\u00ebruar dhe Fjala e Per\u00ebndis\u00eb, \u201cDrita e v\u00ebrtet\u00eb\u201d. T\u00eb ndri\u00e7oj\u00eb mendimet tona, vendimet dhe veprimet tona. Q\u00eb t\u00eb gjall\u00ebroj\u00eb qenien ton\u00eb. Le t\u00eb urojm\u00eb q\u00eb t\u00eb mb\u00ebshtes\u00eb dhe t\u00eb fuqizoj\u00eb jet\u00ebn e t\u00eb dashurve tan\u00eb dhe t\u00eb gjith\u00eb njer\u00ebzve. Dhe le t\u00eb lutemi q\u00eb drita e Krishtit t\u00eb drejtoj\u00eb ecurin\u00eb e bot\u00ebs.<\/span><\/p>\n<p style=\"text-align: justify;\"><span style=\"color: #000000; font-size: 12pt; font-family: helvetica;\">&nbsp;&nbsp;&nbsp;&nbsp;&nbsp; Krishtlindje t\u00eb bekuara! Viti i Ri 2010 qoft\u00eb i t\u00ebri i ndri\u00e7uar!<\/span><\/p>\n<p style=\"text-align: justify;\">&nbsp;<\/p>\n<p style=\"text-align: center;\">&nbsp;<\/p>\n<p style=\"text-align: center;\"><span style=\"color: #000000; font-size: 12pt; font-family: helvetica;\"><strong>Me lutje t\u00eb zjarrta te Per\u00ebndia<\/strong><\/span><\/p>\n<p style=\"text-align: center;\"><span style=\"color: #000000; font-size: 12pt; font-family: helvetica;\"><strong>\u2020Anastasi<\/strong><\/span><\/p>\n<p style=\"text-align: center;\"><span style=\"color: #000000; font-size: 12pt; font-family: helvetica;\"><strong><em>Kryepiskop i Tiran\u00ebs, Durr\u00ebsit dhe i gjith\u00eb Shqip\u00ebris\u00eb<\/em><\/strong><\/span><\/p>\n","protected":false},"excerpt":{"rendered":"<p>Kisha Orthodhokse Autoqefale e Shqip\u00ebris\u00eb Krishtlindje 2009 Krishti, Drita e bot\u00ebs \u2020 Anastasi Kryepiskop i Tiran\u00ebs, Durr\u00ebsit dhe i gjith\u00eb Shqip\u00ebris\u00eb &nbsp; &nbsp; &nbsp; &nbsp; &nbsp; &nbsp;&nbsp;&nbsp;&nbsp; Klerit dhe besimtar\u00ebve shpres\u00ebtar\u00eb Orthodhoks\u00eb &nbsp;&nbsp;&nbsp;&nbsp; Bij t\u00eb shtrenjt\u00eb m\u00eb Zotin, \u201cIshte drita e v\u00ebrtet\u00eb, q\u00eb ndri\u00e7on \u00e7do njeri, i cili vjen n\u00eb bot\u00eb\u201d (Joan 1:9) &nbsp; &nbsp;&nbsp;&nbsp;&nbsp; Fjala \u201cishte drita e v\u00ebrtet\u00eb, ajo q\u00eb ndri\u00e7on \u00e7do njeri<\/p>\n","protected":false},"author":1,"featured_media":0,"comment_status":"open","ping_status":"open","sticky":false,"template":"","format":"standard","meta":{"_acf_changed":false,"pagelayer_contact_templates":[],"_pagelayer_content":"","inline_featured_image":false,"fifu_image_url":"","fifu_image_alt":"","footnotes":""},"categories":[108],"tags":[145,192,196,201,212,152],"class_list":["post-847","post","type-post","status-publish","format-standard","hentry","category-lajme","tag-145","tag-krishtlindje","tag-tirane","tag-kryepiskopi-anastas","tag-lajme-d27","tag-mesazhet-festive-d19"],"acf":[],"yoast_head":"<!-- This site is optimized with the Yoast SEO plugin v27.2 - https:\/\/yoast.com\/product\/yoast-seo-wordpress\/ -->\n<title>Krishtlindje 2009, Krishti, Drita e bot\u00ebs - Mesazhi i Kryepiskopit Anastas - Kisha Orthodh\u03bfkse Autoqefale e Shqip\u00ebris\u00eb<\/title>\n<meta name=\"robots\" content=\"index, follow, max-snippet:-1, max-image-preview:large, max-video-preview:-1\" \/>\n<link rel=\"canonical\" href=\"https:\/\/orthodoxalbania.org\/2020\/2009\/03\/18\/krishtlindje-2009-krishti-drita-e-botes-mesazhi-i-kryepiskopit-anastas\/\" \/>\n<meta property=\"og:locale\" content=\"en_US\" \/>\n<meta property=\"og:type\" content=\"article\" \/>\n<meta property=\"og:title\" content=\"Krishtlindje 2009, Krishti, Drita e bot\u00ebs - Mesazhi i Kryepiskopit Anastas - Kisha Orthodh\u03bfkse Autoqefale e Shqip\u00ebris\u00eb\" \/>\n<meta property=\"og:description\" content=\"Kisha Orthodhokse Autoqefale e Shqip\u00ebris\u00eb Krishtlindje 2009 Krishti, Drita e bot\u00ebs \u2020 Anastasi Kryepiskop i Tiran\u00ebs, Durr\u00ebsit dhe i gjith\u00eb Shqip\u00ebris\u00eb &nbsp; &nbsp; &nbsp; &nbsp; &nbsp; &nbsp;&nbsp;&nbsp;&nbsp; Klerit dhe besimtar\u00ebve shpres\u00ebtar\u00eb Orthodhoks\u00eb &nbsp;&nbsp;&nbsp;&nbsp; Bij t\u00eb shtrenjt\u00eb m\u00eb Zotin, \u201cIshte drita e v\u00ebrtet\u00eb, q\u00eb ndri\u00e7on \u00e7do njeri, i cili vjen n\u00eb bot\u00eb\u201d (Joan 1:9) &nbsp; &nbsp;&nbsp;&nbsp;&nbsp; Fjala \u201cishte drita e v\u00ebrtet\u00eb, ajo q\u00eb ndri\u00e7on \u00e7do njeri\" \/>\n<meta property=\"og:url\" content=\"https:\/\/orthodoxalbania.org\/2020\/2009\/03\/18\/krishtlindje-2009-krishti-drita-e-botes-mesazhi-i-kryepiskopit-anastas\/\" \/>\n<meta property=\"og:site_name\" content=\"Kisha Orthodh\u03bfkse Autoqefale e Shqip\u00ebris\u00eb\" \/>\n<meta property=\"article:publisher\" content=\"https:\/\/www.facebook.com\/koash1991\" \/>\n<meta property=\"article:published_time\" content=\"2009-03-18T12:26:43+00:00\" \/>\n<meta property=\"article:modified_time\" content=\"2020-04-06T20:35:07+00:00\" \/>\n<meta property=\"og:image\" content=\"https:\/\/lh3.googleusercontent.com\/-0XaSr7tg_9w\/U_NB8PwotlI\/AAAAAAAAA2g\/QXaauIV8bCc\/s577-no\/logo.png\" \/>\n<meta name=\"author\" content=\"Kisha Orthodhokse\" \/>\n<meta name=\"twitter:card\" content=\"summary_large_image\" \/>\n<meta name=\"twitter:label1\" content=\"Written by\" \/>\n\t<meta name=\"twitter:data1\" content=\"Kisha Orthodhokse\" \/>\n\t<meta name=\"twitter:label2\" content=\"Est. reading time\" \/>\n\t<meta name=\"twitter:data2\" content=\"6 minutes\" \/>\n<script type=\"application\/ld+json\" class=\"yoast-schema-graph\">{\"@context\":\"https:\/\/schema.org\",\"@graph\":[{\"@type\":\"Article\",\"@id\":\"https:\/\/orthodoxalbania.org\/2020\/2009\/03\/18\/krishtlindje-2009-krishti-drita-e-botes-mesazhi-i-kryepiskopit-anastas\/#article\",\"isPartOf\":{\"@id\":\"https:\/\/orthodoxalbania.org\/2020\/2009\/03\/18\/krishtlindje-2009-krishti-drita-e-botes-mesazhi-i-kryepiskopit-anastas\/\"},\"author\":{\"name\":\"Kisha Orthodhokse\",\"@id\":\"https:\/\/orthodoxalbania.org\/2020\/#\/schema\/person\/0c387634a7063ac612d7ed9ce71c7e86\"},\"headline\":\"Krishtlindje 2009, Krishti, Drita e bot\u00ebs &#8211; Mesazhi i Kryepiskopit Anastas &#8211;\",\"datePublished\":\"2009-03-18T12:26:43+00:00\",\"dateModified\":\"2020-04-06T20:35:07+00:00\",\"mainEntityOfPage\":{\"@id\":\"https:\/\/orthodoxalbania.org\/2020\/2009\/03\/18\/krishtlindje-2009-krishti-drita-e-botes-mesazhi-i-kryepiskopit-anastas\/\"},\"wordCount\":1284,\"commentCount\":0,\"publisher\":{\"@id\":\"https:\/\/orthodoxalbania.org\/2020\/#organization\"},\"image\":{\"@id\":\"https:\/\/orthodoxalbania.org\/2020\/2009\/03\/18\/krishtlindje-2009-krishti-drita-e-botes-mesazhi-i-kryepiskopit-anastas\/#primaryimage\"},\"thumbnailUrl\":\"https:\/\/lh3.googleusercontent.com\/-0XaSr7tg_9w\/U_NB8PwotlI\/AAAAAAAAA2g\/QXaauIV8bCc\/s577-no\/logo.png\",\"keywords\":[\"2009\",\"Krishtlindje\",\"Kryepiskopata Tiran\u00eb\",\"Kryepiskopi Anastas\",\"lajme\",\"Mesazhet Festive\"],\"articleSection\":[\"Lajme\"],\"inLanguage\":\"en-US\"},{\"@type\":\"WebPage\",\"@id\":\"https:\/\/orthodoxalbania.org\/2020\/2009\/03\/18\/krishtlindje-2009-krishti-drita-e-botes-mesazhi-i-kryepiskopit-anastas\/\",\"url\":\"https:\/\/orthodoxalbania.org\/2020\/2009\/03\/18\/krishtlindje-2009-krishti-drita-e-botes-mesazhi-i-kryepiskopit-anastas\/\",\"name\":\"Krishtlindje 2009, Krishti, Drita e bot\u00ebs - Mesazhi i Kryepiskopit Anastas - Kisha Orthodh\u03bfkse Autoqefale e Shqip\u00ebris\u00eb\",\"isPartOf\":{\"@id\":\"https:\/\/orthodoxalbania.org\/2020\/#website\"},\"primaryImageOfPage\":{\"@id\":\"https:\/\/orthodoxalbania.org\/2020\/2009\/03\/18\/krishtlindje-2009-krishti-drita-e-botes-mesazhi-i-kryepiskopit-anastas\/#primaryimage\"},\"image\":{\"@id\":\"https:\/\/orthodoxalbania.org\/2020\/2009\/03\/18\/krishtlindje-2009-krishti-drita-e-botes-mesazhi-i-kryepiskopit-anastas\/#primaryimage\"},\"thumbnailUrl\":\"https:\/\/lh3.googleusercontent.com\/-0XaSr7tg_9w\/U_NB8PwotlI\/AAAAAAAAA2g\/QXaauIV8bCc\/s577-no\/logo.png\",\"datePublished\":\"2009-03-18T12:26:43+00:00\",\"dateModified\":\"2020-04-06T20:35:07+00:00\",\"breadcrumb\":{\"@id\":\"https:\/\/orthodoxalbania.org\/2020\/2009\/03\/18\/krishtlindje-2009-krishti-drita-e-botes-mesazhi-i-kryepiskopit-anastas\/#breadcrumb\"},\"inLanguage\":\"en-US\",\"potentialAction\":[{\"@type\":\"ReadAction\",\"target\":[\"https:\/\/orthodoxalbania.org\/2020\/2009\/03\/18\/krishtlindje-2009-krishti-drita-e-botes-mesazhi-i-kryepiskopit-anastas\/\"]}]},{\"@type\":\"ImageObject\",\"inLanguage\":\"en-US\",\"@id\":\"https:\/\/orthodoxalbania.org\/2020\/2009\/03\/18\/krishtlindje-2009-krishti-drita-e-botes-mesazhi-i-kryepiskopit-anastas\/#primaryimage\",\"url\":\"https:\/\/lh3.googleusercontent.com\/-0XaSr7tg_9w\/U_NB8PwotlI\/AAAAAAAAA2g\/QXaauIV8bCc\/s577-no\/logo.png\",\"contentUrl\":\"https:\/\/lh3.googleusercontent.com\/-0XaSr7tg_9w\/U_NB8PwotlI\/AAAAAAAAA2g\/QXaauIV8bCc\/s577-no\/logo.png\"},{\"@type\":\"BreadcrumbList\",\"@id\":\"https:\/\/orthodoxalbania.org\/2020\/2009\/03\/18\/krishtlindje-2009-krishti-drita-e-botes-mesazhi-i-kryepiskopit-anastas\/#breadcrumb\",\"itemListElement\":[{\"@type\":\"ListItem\",\"position\":1,\"name\":\"Home\",\"item\":\"https:\/\/orthodoxalbania.org\/2020\/\"},{\"@type\":\"ListItem\",\"position\":2,\"name\":\"Krishtlindje 2009, Krishti, Drita e bot\u00ebs &#8211; Mesazhi i Kryepiskopit Anastas &#8211;\"}]},{\"@type\":\"WebSite\",\"@id\":\"https:\/\/orthodoxalbania.org\/2020\/#website\",\"url\":\"https:\/\/orthodoxalbania.org\/2020\/\",\"name\":\"Kisha Orthodh\u03bfkse Autoqefale e Shqip\u00ebris\u00eb\",\"description\":\"Fqja Zyrtare e Kish\u00ebs Orthodhokse Autoqefale e Shqip\u00ebris\u00eb me lajmet edhe informacionet zyrtare p\u00ebr struktur\u00ebn edhe veprimtarin e saj.\",\"publisher\":{\"@id\":\"https:\/\/orthodoxalbania.org\/2020\/#organization\"},\"potentialAction\":[{\"@type\":\"SearchAction\",\"target\":{\"@type\":\"EntryPoint\",\"urlTemplate\":\"https:\/\/orthodoxalbania.org\/2020\/?s={search_term_string}\"},\"query-input\":{\"@type\":\"PropertyValueSpecification\",\"valueRequired\":true,\"valueName\":\"search_term_string\"}}],\"inLanguage\":\"en-US\"},{\"@type\":\"Organization\",\"@id\":\"https:\/\/orthodoxalbania.org\/2020\/#organization\",\"name\":\"Kisha Orthodhokse Autoqefale e Shqip\u00ebris\u00eb\",\"url\":\"https:\/\/orthodoxalbania.org\/2020\/\",\"logo\":{\"@type\":\"ImageObject\",\"inLanguage\":\"en-US\",\"@id\":\"https:\/\/orthodoxalbania.org\/2020\/#\/schema\/logo\/image\/\",\"url\":\"https:\/\/orthodoxalbania.org\/2020\/wp-content\/uploads\/2020\/05\/albania.jpeg\",\"contentUrl\":\"https:\/\/orthodoxalbania.org\/2020\/wp-content\/uploads\/2020\/05\/albania.jpeg\",\"width\":540,\"height\":540,\"caption\":\"Kisha Orthodhokse Autoqefale e Shqip\u00ebris\u00eb\"},\"image\":{\"@id\":\"https:\/\/orthodoxalbania.org\/2020\/#\/schema\/logo\/image\/\"},\"sameAs\":[\"https:\/\/www.facebook.com\/koash1991\"]},{\"@type\":\"Person\",\"@id\":\"https:\/\/orthodoxalbania.org\/2020\/#\/schema\/person\/0c387634a7063ac612d7ed9ce71c7e86\",\"name\":\"Kisha Orthodhokse\",\"image\":{\"@type\":\"ImageObject\",\"inLanguage\":\"en-US\",\"@id\":\"https:\/\/secure.gravatar.com\/avatar\/596e7c417251e30f2fbb9c00e026fce61a695a00e51c889caded71c96cbbdde5?s=96&d=mm&r=g\",\"url\":\"https:\/\/secure.gravatar.com\/avatar\/596e7c417251e30f2fbb9c00e026fce61a695a00e51c889caded71c96cbbdde5?s=96&d=mm&r=g\",\"contentUrl\":\"https:\/\/secure.gravatar.com\/avatar\/596e7c417251e30f2fbb9c00e026fce61a695a00e51c889caded71c96cbbdde5?s=96&d=mm&r=g\",\"caption\":\"Kisha Orthodhokse\"}}]}<\/script>\n<!-- \/ Yoast SEO plugin. -->","yoast_head_json":{"title":"Krishtlindje 2009, Krishti, Drita e bot\u00ebs - Mesazhi i Kryepiskopit Anastas - Kisha Orthodh\u03bfkse Autoqefale e Shqip\u00ebris\u00eb","robots":{"index":"index","follow":"follow","max-snippet":"max-snippet:-1","max-image-preview":"max-image-preview:large","max-video-preview":"max-video-preview:-1"},"canonical":"https:\/\/orthodoxalbania.org\/2020\/2009\/03\/18\/krishtlindje-2009-krishti-drita-e-botes-mesazhi-i-kryepiskopit-anastas\/","og_locale":"en_US","og_type":"article","og_title":"Krishtlindje 2009, Krishti, Drita e bot\u00ebs - Mesazhi i Kryepiskopit Anastas - Kisha Orthodh\u03bfkse Autoqefale e Shqip\u00ebris\u00eb","og_description":"Kisha Orthodhokse Autoqefale e Shqip\u00ebris\u00eb Krishtlindje 2009 Krishti, Drita e bot\u00ebs \u2020 Anastasi Kryepiskop i Tiran\u00ebs, Durr\u00ebsit dhe i gjith\u00eb Shqip\u00ebris\u00eb &nbsp; &nbsp; &nbsp; &nbsp; &nbsp; &nbsp;&nbsp;&nbsp;&nbsp; Klerit dhe besimtar\u00ebve shpres\u00ebtar\u00eb Orthodhoks\u00eb &nbsp;&nbsp;&nbsp;&nbsp; Bij t\u00eb shtrenjt\u00eb m\u00eb Zotin, \u201cIshte drita e v\u00ebrtet\u00eb, q\u00eb ndri\u00e7on \u00e7do njeri, i cili vjen n\u00eb bot\u00eb\u201d (Joan 1:9) &nbsp; &nbsp;&nbsp;&nbsp;&nbsp; Fjala \u201cishte drita e v\u00ebrtet\u00eb, ajo q\u00eb ndri\u00e7on \u00e7do njeri","og_url":"https:\/\/orthodoxalbania.org\/2020\/2009\/03\/18\/krishtlindje-2009-krishti-drita-e-botes-mesazhi-i-kryepiskopit-anastas\/","og_site_name":"Kisha Orthodh\u03bfkse Autoqefale e Shqip\u00ebris\u00eb","article_publisher":"https:\/\/www.facebook.com\/koash1991","article_published_time":"2009-03-18T12:26:43+00:00","article_modified_time":"2020-04-06T20:35:07+00:00","og_image":[{"url":"https:\/\/lh3.googleusercontent.com\/-0XaSr7tg_9w\/U_NB8PwotlI\/AAAAAAAAA2g\/QXaauIV8bCc\/s577-no\/logo.png","type":"","width":"","height":""}],"author":"Kisha Orthodhokse","twitter_card":"summary_large_image","twitter_misc":{"Written by":"Kisha Orthodhokse","Est. reading time":"6 minutes"},"schema":{"@context":"https:\/\/schema.org","@graph":[{"@type":"Article","@id":"https:\/\/orthodoxalbania.org\/2020\/2009\/03\/18\/krishtlindje-2009-krishti-drita-e-botes-mesazhi-i-kryepiskopit-anastas\/#article","isPartOf":{"@id":"https:\/\/orthodoxalbania.org\/2020\/2009\/03\/18\/krishtlindje-2009-krishti-drita-e-botes-mesazhi-i-kryepiskopit-anastas\/"},"author":{"name":"Kisha Orthodhokse","@id":"https:\/\/orthodoxalbania.org\/2020\/#\/schema\/person\/0c387634a7063ac612d7ed9ce71c7e86"},"headline":"Krishtlindje 2009, Krishti, Drita e bot\u00ebs &#8211; Mesazhi i Kryepiskopit Anastas &#8211;","datePublished":"2009-03-18T12:26:43+00:00","dateModified":"2020-04-06T20:35:07+00:00","mainEntityOfPage":{"@id":"https:\/\/orthodoxalbania.org\/2020\/2009\/03\/18\/krishtlindje-2009-krishti-drita-e-botes-mesazhi-i-kryepiskopit-anastas\/"},"wordCount":1284,"commentCount":0,"publisher":{"@id":"https:\/\/orthodoxalbania.org\/2020\/#organization"},"image":{"@id":"https:\/\/orthodoxalbania.org\/2020\/2009\/03\/18\/krishtlindje-2009-krishti-drita-e-botes-mesazhi-i-kryepiskopit-anastas\/#primaryimage"},"thumbnailUrl":"https:\/\/lh3.googleusercontent.com\/-0XaSr7tg_9w\/U_NB8PwotlI\/AAAAAAAAA2g\/QXaauIV8bCc\/s577-no\/logo.png","keywords":["2009","Krishtlindje","Kryepiskopata Tiran\u00eb","Kryepiskopi Anastas","lajme","Mesazhet Festive"],"articleSection":["Lajme"],"inLanguage":"en-US"},{"@type":"WebPage","@id":"https:\/\/orthodoxalbania.org\/2020\/2009\/03\/18\/krishtlindje-2009-krishti-drita-e-botes-mesazhi-i-kryepiskopit-anastas\/","url":"https:\/\/orthodoxalbania.org\/2020\/2009\/03\/18\/krishtlindje-2009-krishti-drita-e-botes-mesazhi-i-kryepiskopit-anastas\/","name":"Krishtlindje 2009, Krishti, Drita e bot\u00ebs - Mesazhi i Kryepiskopit Anastas - Kisha Orthodh\u03bfkse Autoqefale e Shqip\u00ebris\u00eb","isPartOf":{"@id":"https:\/\/orthodoxalbania.org\/2020\/#website"},"primaryImageOfPage":{"@id":"https:\/\/orthodoxalbania.org\/2020\/2009\/03\/18\/krishtlindje-2009-krishti-drita-e-botes-mesazhi-i-kryepiskopit-anastas\/#primaryimage"},"image":{"@id":"https:\/\/orthodoxalbania.org\/2020\/2009\/03\/18\/krishtlindje-2009-krishti-drita-e-botes-mesazhi-i-kryepiskopit-anastas\/#primaryimage"},"thumbnailUrl":"https:\/\/lh3.googleusercontent.com\/-0XaSr7tg_9w\/U_NB8PwotlI\/AAAAAAAAA2g\/QXaauIV8bCc\/s577-no\/logo.png","datePublished":"2009-03-18T12:26:43+00:00","dateModified":"2020-04-06T20:35:07+00:00","breadcrumb":{"@id":"https:\/\/orthodoxalbania.org\/2020\/2009\/03\/18\/krishtlindje-2009-krishti-drita-e-botes-mesazhi-i-kryepiskopit-anastas\/#breadcrumb"},"inLanguage":"en-US","potentialAction":[{"@type":"ReadAction","target":["https:\/\/orthodoxalbania.org\/2020\/2009\/03\/18\/krishtlindje-2009-krishti-drita-e-botes-mesazhi-i-kryepiskopit-anastas\/"]}]},{"@type":"ImageObject","inLanguage":"en-US","@id":"https:\/\/orthodoxalbania.org\/2020\/2009\/03\/18\/krishtlindje-2009-krishti-drita-e-botes-mesazhi-i-kryepiskopit-anastas\/#primaryimage","url":"https:\/\/lh3.googleusercontent.com\/-0XaSr7tg_9w\/U_NB8PwotlI\/AAAAAAAAA2g\/QXaauIV8bCc\/s577-no\/logo.png","contentUrl":"https:\/\/lh3.googleusercontent.com\/-0XaSr7tg_9w\/U_NB8PwotlI\/AAAAAAAAA2g\/QXaauIV8bCc\/s577-no\/logo.png"},{"@type":"BreadcrumbList","@id":"https:\/\/orthodoxalbania.org\/2020\/2009\/03\/18\/krishtlindje-2009-krishti-drita-e-botes-mesazhi-i-kryepiskopit-anastas\/#breadcrumb","itemListElement":[{"@type":"ListItem","position":1,"name":"Home","item":"https:\/\/orthodoxalbania.org\/2020\/"},{"@type":"ListItem","position":2,"name":"Krishtlindje 2009, Krishti, Drita e bot\u00ebs &#8211; Mesazhi i Kryepiskopit Anastas &#8211;"}]},{"@type":"WebSite","@id":"https:\/\/orthodoxalbania.org\/2020\/#website","url":"https:\/\/orthodoxalbania.org\/2020\/","name":"Kisha Orthodh\u03bfkse Autoqefale e Shqip\u00ebris\u00eb","description":"Fqja Zyrtare e Kish\u00ebs Orthodhokse Autoqefale e Shqip\u00ebris\u00eb me lajmet edhe informacionet zyrtare p\u00ebr struktur\u00ebn edhe veprimtarin e saj.","publisher":{"@id":"https:\/\/orthodoxalbania.org\/2020\/#organization"},"potentialAction":[{"@type":"SearchAction","target":{"@type":"EntryPoint","urlTemplate":"https:\/\/orthodoxalbania.org\/2020\/?s={search_term_string}"},"query-input":{"@type":"PropertyValueSpecification","valueRequired":true,"valueName":"search_term_string"}}],"inLanguage":"en-US"},{"@type":"Organization","@id":"https:\/\/orthodoxalbania.org\/2020\/#organization","name":"Kisha Orthodhokse Autoqefale e Shqip\u00ebris\u00eb","url":"https:\/\/orthodoxalbania.org\/2020\/","logo":{"@type":"ImageObject","inLanguage":"en-US","@id":"https:\/\/orthodoxalbania.org\/2020\/#\/schema\/logo\/image\/","url":"https:\/\/orthodoxalbania.org\/2020\/wp-content\/uploads\/2020\/05\/albania.jpeg","contentUrl":"https:\/\/orthodoxalbania.org\/2020\/wp-content\/uploads\/2020\/05\/albania.jpeg","width":540,"height":540,"caption":"Kisha Orthodhokse Autoqefale e Shqip\u00ebris\u00eb"},"image":{"@id":"https:\/\/orthodoxalbania.org\/2020\/#\/schema\/logo\/image\/"},"sameAs":["https:\/\/www.facebook.com\/koash1991"]},{"@type":"Person","@id":"https:\/\/orthodoxalbania.org\/2020\/#\/schema\/person\/0c387634a7063ac612d7ed9ce71c7e86","name":"Kisha Orthodhokse","image":{"@type":"ImageObject","inLanguage":"en-US","@id":"https:\/\/secure.gravatar.com\/avatar\/596e7c417251e30f2fbb9c00e026fce61a695a00e51c889caded71c96cbbdde5?s=96&d=mm&r=g","url":"https:\/\/secure.gravatar.com\/avatar\/596e7c417251e30f2fbb9c00e026fce61a695a00e51c889caded71c96cbbdde5?s=96&d=mm&r=g","contentUrl":"https:\/\/secure.gravatar.com\/avatar\/596e7c417251e30f2fbb9c00e026fce61a695a00e51c889caded71c96cbbdde5?s=96&d=mm&r=g","caption":"Kisha Orthodhokse"}}]}},"_links":{"self":[{"href":"https:\/\/orthodoxalbania.org\/2020\/wp-json\/wp\/v2\/posts\/847","targetHints":{"allow":["GET"]}}],"collection":[{"href":"https:\/\/orthodoxalbania.org\/2020\/wp-json\/wp\/v2\/posts"}],"about":[{"href":"https:\/\/orthodoxalbania.org\/2020\/wp-json\/wp\/v2\/types\/post"}],"author":[{"embeddable":true,"href":"https:\/\/orthodoxalbania.org\/2020\/wp-json\/wp\/v2\/users\/1"}],"replies":[{"embeddable":true,"href":"https:\/\/orthodoxalbania.org\/2020\/wp-json\/wp\/v2\/comments?post=847"}],"version-history":[{"count":1,"href":"https:\/\/orthodoxalbania.org\/2020\/wp-json\/wp\/v2\/posts\/847\/revisions"}],"predecessor-version":[{"id":15598,"href":"https:\/\/orthodoxalbania.org\/2020\/wp-json\/wp\/v2\/posts\/847\/revisions\/15598"}],"wp:attachment":[{"href":"https:\/\/orthodoxalbania.org\/2020\/wp-json\/wp\/v2\/media?parent=847"}],"wp:term":[{"taxonomy":"category","embeddable":true,"href":"https:\/\/orthodoxalbania.org\/2020\/wp-json\/wp\/v2\/categories?post=847"},{"taxonomy":"post_tag","embeddable":true,"href":"https:\/\/orthodoxalbania.org\/2020\/wp-json\/wp\/v2\/tags?post=847"}],"curies":[{"name":"wp","href":"https:\/\/api.w.org\/{rel}","templated":true}]}}