{"id":846,"date":"2007-02-26T00:00:00","date_gmt":"2007-02-26T00:00:00","guid":{"rendered":""},"modified":"2020-04-06T22:35:48","modified_gmt":"2020-04-06T20:35:48","slug":"krishtlindje-2007-mesazhi-i-kryepiskopit-anastas","status":"publish","type":"post","link":"https:\/\/orthodoxalbania.org\/2020\/2007\/02\/26\/krishtlindje-2007-mesazhi-i-kryepiskopit-anastas\/","title":{"rendered":"Krishtlindje 2007 &#8211; Mesazhi i Kryepiskopit Anastas"},"content":{"rendered":"<p style=\"text-align: center;\"><span style=\"color: #000000; font-size: 12pt;\"><img decoding=\"async\" class=\"lazyload HAa Eha\" style=\"height: 53px; width: 53px; margin: 10px auto; display: block;\" alt=\"\" src=\"data:image\/svg+xml,%3Csvg%20xmlns%3D%27http%3A%2F%2Fwww.w3.org%2F2000%2Fsvg%27%20width%3D%2753%27%20height%3D%2753%27%20viewBox%3D%270%200%2053%2053%27%3E%3Crect%20width%3D%2753%27%20height%3D%2753%27%20fill-opacity%3D%220%22%2F%3E%3C%2Fsvg%3E\" data-orig-src=\"https:\/\/lh3.googleusercontent.com\/-0XaSr7tg_9w\/U_NB8PwotlI\/AAAAAAAAA2g\/QXaauIV8bCc\/s577-no\/logo.png\" height=\"53px\" width=\"53px\" \/><\/span><\/p>\n<p style=\"text-align: center;\"><span style=\"color: #000000; font-size: 12pt; font-family: helvetica;\">Kisha Orthodhokse Autoqefale e Shqip\u00ebris\u00eb<\/span><\/p>\n<p style=\"text-align: center;\"><span style=\"font-size: 12pt; font-family: helvetica;\"><strong><span style=\"color: #b22222;\">Krishtlindje 2007<\/span><\/strong><\/span><\/p>\n<p style=\"text-align: center;\"><span style=\"color: #000000; font-size: 12pt; font-family: helvetica;\"><strong>M\u00ebrgimi<\/strong><\/span><\/p>\n<p style=\"text-align: center;\"><span style=\"color: #000000; font-size: 12pt; font-family: helvetica;\">+Anastasi<\/span><\/p>\n<p style=\"text-align: center;\"><span style=\"color: #000000; font-size: 12pt; font-family: helvetica;\">Kryepiskop i Tiran\u00ebs, Durr\u00ebsit dhe i gjith\u00eb Shqip\u00ebris\u00eb<\/span><\/p>\n<p style=\"text-align: center;\">&nbsp;<\/p>\n<p style=\"text-align: center;\">&nbsp;<\/p>\n<p style=\"text-align: justify;\">&nbsp;<\/p>\n<p style=\"text-align: justify;\"><span style=\"color: #000000; font-size: 12pt; font-family: helvetica;\"><em>&nbsp;&nbsp;&nbsp; Drejtuar klerit dhe popullit shpres\u00ebtar Orthodhoks<\/em><\/span><\/p>\n<p style=\"text-align: justify;\"><span style=\"color: #000000; font-size: 12pt; font-family: helvetica;\"><em>&nbsp;&nbsp;&nbsp; Bij t\u00eb shtrenjt\u00eb m\u00eb Zotin,<\/em><\/span><\/p>\n<p style=\"text-align: justify;\">&nbsp;<\/p>\n<p style=\"text-align: justify;\"><span style=\"color: #000000; font-size: 12pt; font-family: helvetica;\">&nbsp;&nbsp;&nbsp; <strong>F<\/strong>jala e Per\u00ebndis\u00eb mori natyr\u00ebn e njeriut dhe u p\u00ebrfshi n\u00eb historin\u00eb njer\u00ebzore. K\u00ebt\u00eb Ngjarje trondit\u00ebse kremtojm\u00eb gjat\u00eb Krishtlindjeve. Per\u00ebndia i p\u00ebrjetsh\u00ebm, \u201cAi q\u00eb ka qen\u00eb, u b\u00eb p\u00ebr ne ajo q\u00eb nuk ishte, dhe nd\u00ebrsa nuk iu largua natyr\u00ebs, mori nga brumi yn\u00eb\u201d.<\/span><\/p>\n<p style=\"text-align: justify;\"><span style=\"color: #000000; font-size: 12pt; font-family: helvetica;\">&nbsp;&nbsp;&nbsp; Por, krahas kuptimit qendror theologjik dhe antropologjik, kjo Ngjarje ka t\u00eb b\u00ebj\u00eb me holl\u00ebsi t\u00eb ve\u00e7anta tipike q\u00eb hedhin drit\u00eb mbi aspekte t\u00eb ndryshme t\u00eb jet\u00ebs njer\u00ebzore, si\u00e7 \u00ebsht\u00eb edhe p\u00ebrvoja e m\u00ebrgimit. Q\u00eb n\u00eb vitet e Tij t\u00eb para, Jisu Krishti, N\u00ebna e Tij e P\u00ebrmbishenjt\u00eb dhe Josifi i drejt\u00eb, mor\u00ebn rrug\u00ebn e gjat\u00eb p\u00ebr n\u00eb Egjipt (Matth. 2:14), t\u00eb pajisur me besimin absolut ndaj providenc\u00ebs dhe mbrojtjes s\u00eb Per\u00ebndis\u00eb. Pra, Jisui, ende foshnj\u00eb, ka jetuar si i huaj n\u00eb vend t\u00eb huaj. Ai p\u00ebrjetoi dhe shenjt\u00ebroi k\u00ebt\u00eb form\u00eb jete, q\u00eb njer\u00ebz t\u00eb panum\u00ebrt p\u00ebrjetojn\u00eb edhe sot e k\u00ebsaj dite.<\/span><\/p>\n<p style=\"text-align: justify;\"><span style=\"color: #000000; font-size: 12pt; font-family: helvetica;\">&nbsp;&nbsp;&nbsp; M\u00eb von\u00eb, gjat\u00eb veprimtaris\u00eb s\u00eb Tij publike, Krishti theksoi detyr\u00ebn e respektit dhe interesit ndaj t\u00eb huajve. Madje, duke folur p\u00ebr fundin e historis\u00eb, Ai u identifikua me ta. N\u00eb Gjykimin p\u00ebrfundimtar gjat\u00eb Ardhjes s\u00eb Tij t\u00eb Dyt\u00eb, si kriter baz\u00eb q\u00eb do t\u00eb ndikoj\u00eb p\u00ebrfundimisht n\u00eb vler\u00ebsimin e njer\u00ebzve, Ai p\u00ebrcaktoi q\u00ebndrimin e tyre ndaj t\u00eb huajve: \u201cIsha i huaj dhe ju m\u00eb mor\u00ebt n\u00eb sht\u00ebpi\u201d, ose p\u00ebr ata q\u00eb q\u00ebndruan indiferent\u00eb n\u00eb k\u00ebt\u00eb detyrim: \u201cisha i huaj dhe ju nuk m\u00eb mor\u00ebt brenda\u201d (Matth. 25:35,43).<\/span><\/p>\n<p style=\"text-align: justify;\"><span style=\"color: #000000; font-size: 12pt; font-family: helvetica;\">&nbsp;&nbsp;&nbsp; Jisui u gjend n\u00eb pozit\u00ebn e \u201ct\u00eb huajit\u201d si n\u00eb fillim ashtu dhe n\u00eb fund t\u00eb jet\u00ebs s\u00eb Tij n\u00eb tok\u00eb. Nj\u00eb himn paraqet K\u00ebshilltarin e nderuar Josif, duke i k\u00ebrkuar Pontit Pilat Trupin e Krishtit t\u00eb kryq\u00ebzuar, me k\u00ebto fjal\u00eb: \u201cJepm\u00eb k\u00ebt\u00eb t\u00eb huaj q\u00eb u b\u00eb i huaj q\u00ebkurse ishte foshnj\u00eb\u201d, t\u00eb cilin \u201chebrenjt\u00eb\u201d dhe armiqt\u00eb e Tij t\u00eb her\u00ebpashersh\u00ebm \u201ce b\u00ebn\u00eb t\u00eb huaj p\u00ebr shkak t\u00eb smir\u00ebs\u201d.<\/span><\/p>\n<p style=\"text-align: justify;\">&nbsp;<\/p>\n<p style=\"text-align: justify;\">&nbsp;<\/p>\n<p style=\"text-align: center;\"><span style=\"color: #000000; font-size: 12pt; font-family: helvetica;\">*&nbsp;&nbsp; *<\/span><\/p>\n<p style=\"text-align: center;\">&nbsp;<\/p>\n<p style=\"text-align: justify;\"><span style=\"color: #000000; font-size: 12pt; font-family: helvetica;\">&nbsp;&nbsp; <strong>J<\/strong>etesa n\u00eb dh\u00e9 t\u00eb huaj, m\u00ebrgimi, ka plagosur bot\u00ebn e sotme. Kulmon me emigrimin e zgjerohet m\u00eb tep\u00ebr nga t\u00eb qen\u00ebt i huaj, gj\u00eb q\u00eb e ndiejn\u00eb shum\u00eb njer\u00ebz n\u00eb nj\u00eb mjedis shoq\u00ebror indiferent. T\u00eb gjith\u00eb ata q\u00eb gjat\u00eb k\u00ebtyre t\u00eb kremteve rrojn\u00eb n\u00eb m\u00ebrgim apo n\u00eb forma t\u00eb ndryshme m\u00ebrgimi, le t\u00eb sjellin nd\u00ebr mend me bes\u00eb M\u00ebrgimtarin e madh, i Cili p\u00ebrjetoi edhe k\u00ebt\u00eb p\u00ebrvoj\u00eb njer\u00ebzore dhe \u00ebsht\u00eb i gatsh\u00ebm t\u2019u gjendet pran\u00eb n\u00eb vuajtjet, privimet dhe vetmin\u00eb e tyre, kudo q\u00eb ata ndodhen.<\/span><\/p>\n<p style=\"text-align: justify;\"><span style=\"color: #000000; font-size: 12pt; font-family: helvetica;\">&nbsp;&nbsp;&nbsp; Ato familje q\u00eb kan\u00eb pjes\u00ebtar\u00eb t\u00eb tyre n\u00eb dh\u00e9 t\u00eb huaj, nd\u00ebrsa mendjen e tyre e kan\u00eb t\u00eb drejtuar tek t\u00eb m\u00ebrguarit, dashurin\u00eb e tyre le t\u2019ia b\u00ebjn\u00eb lutje t\u00eb thell\u00eb Atij \u201cq\u00eb di t\u00eb p\u00ebrkujdeset p\u00ebr t\u00eb varfrit dhe t\u00eb huajt\u201d. \u00c7do njeri merr mb\u00ebshtetje, kur ndien se disa njer\u00ebz e duan me t\u00eb v\u00ebrtet\u00eb dhe mendojn\u00eb p\u00ebr t\u00eb, qoft\u00eb edhe n\u00ebse ndodhen larg tij.<\/span><\/p>\n<p style=\"text-align: justify;\"><span style=\"color: #000000; font-size: 12pt; font-family: helvetica;\">&nbsp;&nbsp;&nbsp; Shum\u00eb takojn\u00eb n\u00eb vendin e tyre njer\u00ebz q\u00eb kan\u00eb l\u00ebn\u00eb atdheun t\u00eb shtyr\u00eb nga nevoja t\u00eb ndryshme mbijetese. Frika, dyshime dhe shqet\u00ebsime ndaj atij q\u00eb \u00ebsht\u00eb ndryshe dhe i huaj, synojn\u00eb t\u2019u mbyllin zemrat. T\u00eb gjith\u00eb ne q\u00eb I besojm\u00eb v\u00ebrtet Krishtit, le t\u00eb mos harrojm\u00eb se respekti yn\u00eb p\u00ebr t\u00eb huajin, pasqyrohet n\u00eb Vet\u00eb Krishtin, i Cili u identifikua aq qart\u00eb me t\u00eb.<\/span><\/p>\n<p style=\"text-align: justify;\">&nbsp;<\/p>\n<p style=\"text-align: justify;\">&nbsp;<\/p>\n<p style=\"text-align: center;\"><span style=\"color: #000000; font-size: 12pt; font-family: helvetica;\">*&nbsp;&nbsp; *<\/span><\/p>\n<p style=\"text-align: center;\">&nbsp;<\/p>\n<p style=\"text-align: justify;\"><span style=\"color: #000000; font-size: 12pt; font-family: helvetica;\">&nbsp;&nbsp;&nbsp; <strong>P<\/strong>or, p\u00ebrve\u00e7 atyre q\u00eb jan\u00eb formalisht t\u00eb \u201chuaj\u201d, n\u00eb epok\u00ebn e sotme shpesh vendosim n\u00eb kategorin\u00eb e t\u00eb huajit edhe njer\u00ebz t\u00eb njohur dhe t\u00eb af\u00ebrt. I largojm\u00eb dhe i izolojm\u00eb ata; dhe arrijm\u00eb derisa t\u00eb shohim si t\u00eb \u201chuaj\u201d madje dhe njeriun q\u00eb kemi pran\u00eb. Tendenca e distancimit e shkreton jet\u00ebn ton\u00eb. Ashtu si ndryshimet klimaterike n\u00eb planet zgjerojn\u00eb gjithnj\u00eb e m\u00eb shum\u00eb shkret\u00ebtirat, n\u00eb t\u00eb nj\u00ebjt\u00ebn m\u00ebnyr\u00eb edhe ndryshimet e sotme sociale shkretojn\u00eb marr\u00ebdh\u00ebniet njer\u00ebzore, sidomos n\u00eb qytete. Ndaj, njer\u00ebzit e p\u00ebrballojn\u00eb nj\u00ebri-tjetrin n\u00eb m\u00ebnyr\u00eb patetike, indiferente, si t\u00eb huaj, dhe e l\u00ebn\u00eb veten e tyre t\u00eb zhytet n\u00eb vetmi.<\/span><\/p>\n<p style=\"text-align: justify;\"><span style=\"color: #000000; font-size: 12pt; font-family: helvetica;\">&nbsp;&nbsp;&nbsp; Ky izolim i individit, i egos, shpesh arrin n\u00eb pik\u00ebn tragjike t\u00eb largimit, madje dhe nga elementi m\u00eb i \u00e7muar i personalitetit ton\u00eb: nga thell\u00ebsia e vetes son\u00eb, nga nevojat dhe k\u00ebrkimet tona ekzistenciale. Shum\u00eb nga ne i shmangemi t\u00eb merremi me \u201cqenien\u201d ton\u00eb t\u00eb v\u00ebrtet\u00eb, me personin ton\u00eb t\u00eb v\u00ebrtet\u00eb. P\u00ebrfundimisht ne e kalojm\u00eb at\u00eb si t\u00eb ishte \u201ci huaj\u201d.<\/span><\/p>\n<p style=\"text-align: justify;\"><span style=\"color: #000000; font-size: 12pt; font-family: helvetica;\">&nbsp;&nbsp;&nbsp; Shkaku? Sa m\u00eb shum\u00eb largohemi nga \u201cQenia e Qen\u00ebsishme\u201d, Zoti i gjith\u00ebsis\u00eb, Per\u00ebndia Triadik, aq m\u00eb shum\u00eb b\u00ebhemi t\u00eb huaj me veten ton\u00eb dhe me t\u00eb tjer\u00ebt; jo vet\u00ebm me ata q\u00eb jan\u00eb formalisht t\u00eb huaj, pra t\u00eb ardhur, por edhe me njer\u00ebzit tan\u00eb m\u00eb t\u00eb af\u00ebrt.<\/span><\/p>\n<p style=\"text-align: justify;\"><span style=\"color: #000000; font-size: 12pt; font-family: helvetica;\">&nbsp;&nbsp;&nbsp; Mish\u00ebrimi i Fjal\u00ebs Hyjnore dhe m\u00ebnyra e Ardhjes s\u00eb Saj n\u00eb tok\u00eb ka r\u00ebnd\u00ebsi t\u00eb madhe dhe unikale p\u00ebr secilin nga ne. Nj\u00eb himnshkrues i Kish\u00ebs son\u00eb, duke iu drejtuar Per\u00ebndinjeriut, thot\u00eb shprehimisht: \u201cI huaj u b\u00eb n\u00eb t\u00eb tijat, p\u00ebr t\u00eb thirrur t\u00eb kthehej n\u00eb qiell, at\u00eb q\u00eb kishte m\u00ebrguar mjeruesh\u00ebm larg nga Parajsa\u201d (Ode I, 24 dhjetor). Me Trup\u00ebzimin e Tij, me jet\u00ebn, vepr\u00ebn dhe sakrific\u00ebn e Tij, Krishti na \u00e7liroi nga \u201cm\u00ebrgimi\u201d m\u00eb tragjik, largimi nga Per\u00ebndia. T\u00eb bashkuar me T\u00eb, nuk jemi m\u00eb \u201ct\u00eb huaj dhe t\u00eb jasht\u00ebm\u201d, por \u201cpjes\u00ebtar\u00eb t\u00eb familjes\u201d s\u00eb Per\u00ebndis\u00eb (Efes. 2:19).<\/span><\/p>\n<p style=\"text-align: justify;\">&nbsp;<\/p>\n<p style=\"text-align: justify;\">&nbsp;<\/p>\n<p style=\"text-align: center;\"><span style=\"color: #000000; font-size: 12pt; font-family: helvetica;\">*&nbsp;&nbsp; *<\/span><\/p>\n<p style=\"text-align: center;\">&nbsp;<\/p>\n<p style=\"text-align: justify;\"><span style=\"color: #000000; font-size: 12pt; font-family: helvetica;\">&nbsp;&nbsp;&nbsp; Duke festuar Krishtlindjet, ftohemi t\u00eb nd\u00ebrgjegj\u00ebsohemi se respekti yn\u00eb dhe interesimi p\u00ebr tjetrin, \u201ct\u00eb huajin\u201d, \u00ebsht\u00eb shprehje e besimit dhe e dashuris\u00eb p\u00ebr Vet\u00eb Krishtin, i Cili me Lindjen e Tij veshi t\u00eb gjith\u00eb natyr\u00ebn njer\u00ebzore.<\/span><\/p>\n<p style=\"text-align: justify;\"><span style=\"color: #000000; font-size: 12pt; font-family: helvetica;\">&nbsp;&nbsp;&nbsp; Le t\u00eb urojm\u00eb dhe t\u00eb p\u00ebrpiqemi, n\u00eb vitin q\u00eb po vjen, p\u00ebr t\u00eb rritur interesimin dhe dashurin\u00eb ton\u00eb p\u00ebr Fjal\u00ebn e Per\u00ebndis\u00eb t\u00eb b\u00ebr\u00eb njeri, Krishtin, dhe p\u00ebr v\u00ebllez\u00ebrit tan\u00eb &#8211; si p\u00ebr ata q\u00eb ne i quajm\u00eb \u201ctan\u00ebt\u201d ashtu dhe p\u00ebr ata q\u00eb i konsiderojm\u00eb \u201ct\u00eb huaj\u201d.<\/span><\/p>\n<p style=\"text-align: justify;\">&nbsp;<\/p>\n<p style=\"text-align: justify;\">&nbsp;<\/p>\n<p style=\"text-align: justify;\">&nbsp;<\/p>\n<p style=\"text-align: justify;\">&nbsp;<\/p>\n<p style=\"text-align: center;\"><span style=\"color: #000000; font-size: 12pt; font-family: helvetica;\">G\u00ebzuar Krishtlindjet dhe Vit t\u00eb Ri t\u00eb bekuar!<\/span><br \/> <span style=\"font-size: 12pt; font-family: helvetica;\"> &nbsp;<\/span><\/p>\n<p style=\"text-align: center;\"><span style=\"color: #000000; font-size: 12pt; font-family: helvetica;\">Me t\u00eb gjith\u00eb dashurin\u00eb m\u00eb Krishtin Jisu, Zotin ton\u00eb,<\/span><\/p>\n<p style=\"text-align: center;\"><span style=\"color: #000000; font-size: 12pt; font-family: helvetica;\">+ Anastasi<\/span><\/p>\n","protected":false},"excerpt":{"rendered":"<p>Kisha Orthodhokse Autoqefale e Shqip\u00ebris\u00eb Krishtlindje 2007 M\u00ebrgimi +Anastasi Kryepiskop i Tiran\u00ebs, Durr\u00ebsit dhe i gjith\u00eb Shqip\u00ebris\u00eb &nbsp; &nbsp; &nbsp; &nbsp;&nbsp;&nbsp; Drejtuar klerit dhe popullit shpres\u00ebtar Orthodhoks &nbsp;&nbsp;&nbsp; Bij t\u00eb shtrenjt\u00eb m\u00eb Zotin, &nbsp; &nbsp;&nbsp;&nbsp; Fjala e Per\u00ebndis\u00eb mori natyr\u00ebn e njeriut dhe u p\u00ebrfshi n\u00eb historin\u00eb njer\u00ebzore. K\u00ebt\u00eb Ngjarje trondit\u00ebse kremtojm\u00eb gjat\u00eb Krishtlindjeve. Per\u00ebndia i p\u00ebrjetsh\u00ebm, \u201cAi q\u00eb ka qen\u00eb, u b\u00eb p\u00ebr ne<\/p>\n","protected":false},"author":1,"featured_media":0,"comment_status":"open","ping_status":"open","sticky":false,"template":"","format":"standard","meta":{"_acf_changed":false,"pagelayer_contact_templates":[],"_pagelayer_content":"","inline_featured_image":false,"fifu_image_url":"","fifu_image_alt":"","footnotes":""},"categories":[108],"tags":[147,192,196,201,212,152],"class_list":["post-846","post","type-post","status-publish","format-standard","hentry","category-lajme","tag-147","tag-krishtlindje","tag-tirane","tag-kryepiskopi-anastas","tag-lajme-d27","tag-mesazhet-festive-d19"],"acf":[],"yoast_head":"<!-- This site is optimized with the Yoast SEO plugin v27.2 - https:\/\/yoast.com\/product\/yoast-seo-wordpress\/ -->\n<title>Krishtlindje 2007 - Mesazhi i Kryepiskopit Anastas - Kisha Orthodh\u03bfkse Autoqefale e Shqip\u00ebris\u00eb<\/title>\n<meta name=\"robots\" content=\"index, follow, max-snippet:-1, max-image-preview:large, max-video-preview:-1\" \/>\n<link rel=\"canonical\" href=\"https:\/\/orthodoxalbania.org\/2020\/2007\/02\/26\/krishtlindje-2007-mesazhi-i-kryepiskopit-anastas\/\" \/>\n<meta property=\"og:locale\" content=\"en_US\" \/>\n<meta property=\"og:type\" content=\"article\" \/>\n<meta property=\"og:title\" content=\"Krishtlindje 2007 - Mesazhi i Kryepiskopit Anastas - Kisha Orthodh\u03bfkse Autoqefale e Shqip\u00ebris\u00eb\" \/>\n<meta property=\"og:description\" content=\"Kisha Orthodhokse Autoqefale e Shqip\u00ebris\u00eb Krishtlindje 2007 M\u00ebrgimi +Anastasi Kryepiskop i Tiran\u00ebs, Durr\u00ebsit dhe i gjith\u00eb Shqip\u00ebris\u00eb &nbsp; &nbsp; &nbsp; &nbsp;&nbsp;&nbsp; Drejtuar klerit dhe popullit shpres\u00ebtar Orthodhoks &nbsp;&nbsp;&nbsp; Bij t\u00eb shtrenjt\u00eb m\u00eb Zotin, &nbsp; &nbsp;&nbsp;&nbsp; Fjala e Per\u00ebndis\u00eb mori natyr\u00ebn e njeriut dhe u p\u00ebrfshi n\u00eb historin\u00eb njer\u00ebzore. K\u00ebt\u00eb Ngjarje trondit\u00ebse kremtojm\u00eb gjat\u00eb Krishtlindjeve. Per\u00ebndia i p\u00ebrjetsh\u00ebm, \u201cAi q\u00eb ka qen\u00eb, u b\u00eb p\u00ebr ne\" \/>\n<meta property=\"og:url\" content=\"https:\/\/orthodoxalbania.org\/2020\/2007\/02\/26\/krishtlindje-2007-mesazhi-i-kryepiskopit-anastas\/\" \/>\n<meta property=\"og:site_name\" content=\"Kisha Orthodh\u03bfkse Autoqefale e Shqip\u00ebris\u00eb\" \/>\n<meta property=\"article:publisher\" content=\"https:\/\/www.facebook.com\/koash1991\" \/>\n<meta property=\"article:published_time\" content=\"2007-02-26T00:00:00+00:00\" \/>\n<meta property=\"article:modified_time\" content=\"2020-04-06T20:35:48+00:00\" \/>\n<meta property=\"og:image\" content=\"https:\/\/lh3.googleusercontent.com\/-0XaSr7tg_9w\/U_NB8PwotlI\/AAAAAAAAA2g\/QXaauIV8bCc\/s577-no\/logo.png\" \/>\n<meta name=\"author\" content=\"Kisha Orthodhokse\" \/>\n<meta name=\"twitter:card\" content=\"summary_large_image\" \/>\n<meta name=\"twitter:label1\" content=\"Written by\" \/>\n\t<meta name=\"twitter:data1\" content=\"Kisha Orthodhokse\" \/>\n\t<meta name=\"twitter:label2\" content=\"Est. reading time\" \/>\n\t<meta name=\"twitter:data2\" content=\"6 minutes\" \/>\n<script type=\"application\/ld+json\" class=\"yoast-schema-graph\">{\"@context\":\"https:\/\/schema.org\",\"@graph\":[{\"@type\":\"Article\",\"@id\":\"https:\/\/orthodoxalbania.org\/2020\/2007\/02\/26\/krishtlindje-2007-mesazhi-i-kryepiskopit-anastas\/#article\",\"isPartOf\":{\"@id\":\"https:\/\/orthodoxalbania.org\/2020\/2007\/02\/26\/krishtlindje-2007-mesazhi-i-kryepiskopit-anastas\/\"},\"author\":{\"name\":\"Kisha Orthodhokse\",\"@id\":\"https:\/\/orthodoxalbania.org\/2020\/#\/schema\/person\/0c387634a7063ac612d7ed9ce71c7e86\"},\"headline\":\"Krishtlindje 2007 &#8211; Mesazhi i Kryepiskopit Anastas\",\"datePublished\":\"2007-02-26T00:00:00+00:00\",\"dateModified\":\"2020-04-06T20:35:48+00:00\",\"mainEntityOfPage\":{\"@id\":\"https:\/\/orthodoxalbania.org\/2020\/2007\/02\/26\/krishtlindje-2007-mesazhi-i-kryepiskopit-anastas\/\"},\"wordCount\":1198,\"commentCount\":0,\"publisher\":{\"@id\":\"https:\/\/orthodoxalbania.org\/2020\/#organization\"},\"image\":{\"@id\":\"https:\/\/orthodoxalbania.org\/2020\/2007\/02\/26\/krishtlindje-2007-mesazhi-i-kryepiskopit-anastas\/#primaryimage\"},\"thumbnailUrl\":\"https:\/\/lh3.googleusercontent.com\/-0XaSr7tg_9w\/U_NB8PwotlI\/AAAAAAAAA2g\/QXaauIV8bCc\/s577-no\/logo.png\",\"keywords\":[\"2007\",\"Krishtlindje\",\"Kryepiskopata Tiran\u00eb\",\"Kryepiskopi Anastas\",\"lajme\",\"Mesazhet Festive\"],\"articleSection\":[\"Lajme\"],\"inLanguage\":\"en-US\"},{\"@type\":\"WebPage\",\"@id\":\"https:\/\/orthodoxalbania.org\/2020\/2007\/02\/26\/krishtlindje-2007-mesazhi-i-kryepiskopit-anastas\/\",\"url\":\"https:\/\/orthodoxalbania.org\/2020\/2007\/02\/26\/krishtlindje-2007-mesazhi-i-kryepiskopit-anastas\/\",\"name\":\"Krishtlindje 2007 - Mesazhi i Kryepiskopit Anastas - Kisha Orthodh\u03bfkse Autoqefale e Shqip\u00ebris\u00eb\",\"isPartOf\":{\"@id\":\"https:\/\/orthodoxalbania.org\/2020\/#website\"},\"primaryImageOfPage\":{\"@id\":\"https:\/\/orthodoxalbania.org\/2020\/2007\/02\/26\/krishtlindje-2007-mesazhi-i-kryepiskopit-anastas\/#primaryimage\"},\"image\":{\"@id\":\"https:\/\/orthodoxalbania.org\/2020\/2007\/02\/26\/krishtlindje-2007-mesazhi-i-kryepiskopit-anastas\/#primaryimage\"},\"thumbnailUrl\":\"https:\/\/lh3.googleusercontent.com\/-0XaSr7tg_9w\/U_NB8PwotlI\/AAAAAAAAA2g\/QXaauIV8bCc\/s577-no\/logo.png\",\"datePublished\":\"2007-02-26T00:00:00+00:00\",\"dateModified\":\"2020-04-06T20:35:48+00:00\",\"breadcrumb\":{\"@id\":\"https:\/\/orthodoxalbania.org\/2020\/2007\/02\/26\/krishtlindje-2007-mesazhi-i-kryepiskopit-anastas\/#breadcrumb\"},\"inLanguage\":\"en-US\",\"potentialAction\":[{\"@type\":\"ReadAction\",\"target\":[\"https:\/\/orthodoxalbania.org\/2020\/2007\/02\/26\/krishtlindje-2007-mesazhi-i-kryepiskopit-anastas\/\"]}]},{\"@type\":\"ImageObject\",\"inLanguage\":\"en-US\",\"@id\":\"https:\/\/orthodoxalbania.org\/2020\/2007\/02\/26\/krishtlindje-2007-mesazhi-i-kryepiskopit-anastas\/#primaryimage\",\"url\":\"https:\/\/lh3.googleusercontent.com\/-0XaSr7tg_9w\/U_NB8PwotlI\/AAAAAAAAA2g\/QXaauIV8bCc\/s577-no\/logo.png\",\"contentUrl\":\"https:\/\/lh3.googleusercontent.com\/-0XaSr7tg_9w\/U_NB8PwotlI\/AAAAAAAAA2g\/QXaauIV8bCc\/s577-no\/logo.png\"},{\"@type\":\"BreadcrumbList\",\"@id\":\"https:\/\/orthodoxalbania.org\/2020\/2007\/02\/26\/krishtlindje-2007-mesazhi-i-kryepiskopit-anastas\/#breadcrumb\",\"itemListElement\":[{\"@type\":\"ListItem\",\"position\":1,\"name\":\"Home\",\"item\":\"https:\/\/orthodoxalbania.org\/2020\/\"},{\"@type\":\"ListItem\",\"position\":2,\"name\":\"Krishtlindje 2007 &#8211; Mesazhi i Kryepiskopit Anastas\"}]},{\"@type\":\"WebSite\",\"@id\":\"https:\/\/orthodoxalbania.org\/2020\/#website\",\"url\":\"https:\/\/orthodoxalbania.org\/2020\/\",\"name\":\"Kisha Orthodh\u03bfkse Autoqefale e Shqip\u00ebris\u00eb\",\"description\":\"Fqja Zyrtare e Kish\u00ebs Orthodhokse Autoqefale e Shqip\u00ebris\u00eb me lajmet edhe informacionet zyrtare p\u00ebr struktur\u00ebn edhe veprimtarin e saj.\",\"publisher\":{\"@id\":\"https:\/\/orthodoxalbania.org\/2020\/#organization\"},\"potentialAction\":[{\"@type\":\"SearchAction\",\"target\":{\"@type\":\"EntryPoint\",\"urlTemplate\":\"https:\/\/orthodoxalbania.org\/2020\/?s={search_term_string}\"},\"query-input\":{\"@type\":\"PropertyValueSpecification\",\"valueRequired\":true,\"valueName\":\"search_term_string\"}}],\"inLanguage\":\"en-US\"},{\"@type\":\"Organization\",\"@id\":\"https:\/\/orthodoxalbania.org\/2020\/#organization\",\"name\":\"Kisha Orthodhokse Autoqefale e Shqip\u00ebris\u00eb\",\"url\":\"https:\/\/orthodoxalbania.org\/2020\/\",\"logo\":{\"@type\":\"ImageObject\",\"inLanguage\":\"en-US\",\"@id\":\"https:\/\/orthodoxalbania.org\/2020\/#\/schema\/logo\/image\/\",\"url\":\"https:\/\/orthodoxalbania.org\/2020\/wp-content\/uploads\/2020\/05\/albania.jpeg\",\"contentUrl\":\"https:\/\/orthodoxalbania.org\/2020\/wp-content\/uploads\/2020\/05\/albania.jpeg\",\"width\":540,\"height\":540,\"caption\":\"Kisha Orthodhokse Autoqefale e Shqip\u00ebris\u00eb\"},\"image\":{\"@id\":\"https:\/\/orthodoxalbania.org\/2020\/#\/schema\/logo\/image\/\"},\"sameAs\":[\"https:\/\/www.facebook.com\/koash1991\"]},{\"@type\":\"Person\",\"@id\":\"https:\/\/orthodoxalbania.org\/2020\/#\/schema\/person\/0c387634a7063ac612d7ed9ce71c7e86\",\"name\":\"Kisha Orthodhokse\",\"image\":{\"@type\":\"ImageObject\",\"inLanguage\":\"en-US\",\"@id\":\"https:\/\/secure.gravatar.com\/avatar\/596e7c417251e30f2fbb9c00e026fce61a695a00e51c889caded71c96cbbdde5?s=96&d=mm&r=g\",\"url\":\"https:\/\/secure.gravatar.com\/avatar\/596e7c417251e30f2fbb9c00e026fce61a695a00e51c889caded71c96cbbdde5?s=96&d=mm&r=g\",\"contentUrl\":\"https:\/\/secure.gravatar.com\/avatar\/596e7c417251e30f2fbb9c00e026fce61a695a00e51c889caded71c96cbbdde5?s=96&d=mm&r=g\",\"caption\":\"Kisha Orthodhokse\"}}]}<\/script>\n<!-- \/ Yoast SEO plugin. -->","yoast_head_json":{"title":"Krishtlindje 2007 - Mesazhi i Kryepiskopit Anastas - Kisha Orthodh\u03bfkse Autoqefale e Shqip\u00ebris\u00eb","robots":{"index":"index","follow":"follow","max-snippet":"max-snippet:-1","max-image-preview":"max-image-preview:large","max-video-preview":"max-video-preview:-1"},"canonical":"https:\/\/orthodoxalbania.org\/2020\/2007\/02\/26\/krishtlindje-2007-mesazhi-i-kryepiskopit-anastas\/","og_locale":"en_US","og_type":"article","og_title":"Krishtlindje 2007 - Mesazhi i Kryepiskopit Anastas - Kisha Orthodh\u03bfkse Autoqefale e Shqip\u00ebris\u00eb","og_description":"Kisha Orthodhokse Autoqefale e Shqip\u00ebris\u00eb Krishtlindje 2007 M\u00ebrgimi +Anastasi Kryepiskop i Tiran\u00ebs, Durr\u00ebsit dhe i gjith\u00eb Shqip\u00ebris\u00eb &nbsp; &nbsp; &nbsp; &nbsp;&nbsp;&nbsp; Drejtuar klerit dhe popullit shpres\u00ebtar Orthodhoks &nbsp;&nbsp;&nbsp; Bij t\u00eb shtrenjt\u00eb m\u00eb Zotin, &nbsp; &nbsp;&nbsp;&nbsp; Fjala e Per\u00ebndis\u00eb mori natyr\u00ebn e njeriut dhe u p\u00ebrfshi n\u00eb historin\u00eb njer\u00ebzore. K\u00ebt\u00eb Ngjarje trondit\u00ebse kremtojm\u00eb gjat\u00eb Krishtlindjeve. Per\u00ebndia i p\u00ebrjetsh\u00ebm, \u201cAi q\u00eb ka qen\u00eb, u b\u00eb p\u00ebr ne","og_url":"https:\/\/orthodoxalbania.org\/2020\/2007\/02\/26\/krishtlindje-2007-mesazhi-i-kryepiskopit-anastas\/","og_site_name":"Kisha Orthodh\u03bfkse Autoqefale e Shqip\u00ebris\u00eb","article_publisher":"https:\/\/www.facebook.com\/koash1991","article_published_time":"2007-02-26T00:00:00+00:00","article_modified_time":"2020-04-06T20:35:48+00:00","og_image":[{"url":"https:\/\/lh3.googleusercontent.com\/-0XaSr7tg_9w\/U_NB8PwotlI\/AAAAAAAAA2g\/QXaauIV8bCc\/s577-no\/logo.png","type":"","width":"","height":""}],"author":"Kisha Orthodhokse","twitter_card":"summary_large_image","twitter_misc":{"Written by":"Kisha Orthodhokse","Est. reading time":"6 minutes"},"schema":{"@context":"https:\/\/schema.org","@graph":[{"@type":"Article","@id":"https:\/\/orthodoxalbania.org\/2020\/2007\/02\/26\/krishtlindje-2007-mesazhi-i-kryepiskopit-anastas\/#article","isPartOf":{"@id":"https:\/\/orthodoxalbania.org\/2020\/2007\/02\/26\/krishtlindje-2007-mesazhi-i-kryepiskopit-anastas\/"},"author":{"name":"Kisha Orthodhokse","@id":"https:\/\/orthodoxalbania.org\/2020\/#\/schema\/person\/0c387634a7063ac612d7ed9ce71c7e86"},"headline":"Krishtlindje 2007 &#8211; Mesazhi i Kryepiskopit Anastas","datePublished":"2007-02-26T00:00:00+00:00","dateModified":"2020-04-06T20:35:48+00:00","mainEntityOfPage":{"@id":"https:\/\/orthodoxalbania.org\/2020\/2007\/02\/26\/krishtlindje-2007-mesazhi-i-kryepiskopit-anastas\/"},"wordCount":1198,"commentCount":0,"publisher":{"@id":"https:\/\/orthodoxalbania.org\/2020\/#organization"},"image":{"@id":"https:\/\/orthodoxalbania.org\/2020\/2007\/02\/26\/krishtlindje-2007-mesazhi-i-kryepiskopit-anastas\/#primaryimage"},"thumbnailUrl":"https:\/\/lh3.googleusercontent.com\/-0XaSr7tg_9w\/U_NB8PwotlI\/AAAAAAAAA2g\/QXaauIV8bCc\/s577-no\/logo.png","keywords":["2007","Krishtlindje","Kryepiskopata Tiran\u00eb","Kryepiskopi Anastas","lajme","Mesazhet Festive"],"articleSection":["Lajme"],"inLanguage":"en-US"},{"@type":"WebPage","@id":"https:\/\/orthodoxalbania.org\/2020\/2007\/02\/26\/krishtlindje-2007-mesazhi-i-kryepiskopit-anastas\/","url":"https:\/\/orthodoxalbania.org\/2020\/2007\/02\/26\/krishtlindje-2007-mesazhi-i-kryepiskopit-anastas\/","name":"Krishtlindje 2007 - Mesazhi i Kryepiskopit Anastas - Kisha Orthodh\u03bfkse Autoqefale e Shqip\u00ebris\u00eb","isPartOf":{"@id":"https:\/\/orthodoxalbania.org\/2020\/#website"},"primaryImageOfPage":{"@id":"https:\/\/orthodoxalbania.org\/2020\/2007\/02\/26\/krishtlindje-2007-mesazhi-i-kryepiskopit-anastas\/#primaryimage"},"image":{"@id":"https:\/\/orthodoxalbania.org\/2020\/2007\/02\/26\/krishtlindje-2007-mesazhi-i-kryepiskopit-anastas\/#primaryimage"},"thumbnailUrl":"https:\/\/lh3.googleusercontent.com\/-0XaSr7tg_9w\/U_NB8PwotlI\/AAAAAAAAA2g\/QXaauIV8bCc\/s577-no\/logo.png","datePublished":"2007-02-26T00:00:00+00:00","dateModified":"2020-04-06T20:35:48+00:00","breadcrumb":{"@id":"https:\/\/orthodoxalbania.org\/2020\/2007\/02\/26\/krishtlindje-2007-mesazhi-i-kryepiskopit-anastas\/#breadcrumb"},"inLanguage":"en-US","potentialAction":[{"@type":"ReadAction","target":["https:\/\/orthodoxalbania.org\/2020\/2007\/02\/26\/krishtlindje-2007-mesazhi-i-kryepiskopit-anastas\/"]}]},{"@type":"ImageObject","inLanguage":"en-US","@id":"https:\/\/orthodoxalbania.org\/2020\/2007\/02\/26\/krishtlindje-2007-mesazhi-i-kryepiskopit-anastas\/#primaryimage","url":"https:\/\/lh3.googleusercontent.com\/-0XaSr7tg_9w\/U_NB8PwotlI\/AAAAAAAAA2g\/QXaauIV8bCc\/s577-no\/logo.png","contentUrl":"https:\/\/lh3.googleusercontent.com\/-0XaSr7tg_9w\/U_NB8PwotlI\/AAAAAAAAA2g\/QXaauIV8bCc\/s577-no\/logo.png"},{"@type":"BreadcrumbList","@id":"https:\/\/orthodoxalbania.org\/2020\/2007\/02\/26\/krishtlindje-2007-mesazhi-i-kryepiskopit-anastas\/#breadcrumb","itemListElement":[{"@type":"ListItem","position":1,"name":"Home","item":"https:\/\/orthodoxalbania.org\/2020\/"},{"@type":"ListItem","position":2,"name":"Krishtlindje 2007 &#8211; Mesazhi i Kryepiskopit Anastas"}]},{"@type":"WebSite","@id":"https:\/\/orthodoxalbania.org\/2020\/#website","url":"https:\/\/orthodoxalbania.org\/2020\/","name":"Kisha Orthodh\u03bfkse Autoqefale e Shqip\u00ebris\u00eb","description":"Fqja Zyrtare e Kish\u00ebs Orthodhokse Autoqefale e Shqip\u00ebris\u00eb me lajmet edhe informacionet zyrtare p\u00ebr struktur\u00ebn edhe veprimtarin e saj.","publisher":{"@id":"https:\/\/orthodoxalbania.org\/2020\/#organization"},"potentialAction":[{"@type":"SearchAction","target":{"@type":"EntryPoint","urlTemplate":"https:\/\/orthodoxalbania.org\/2020\/?s={search_term_string}"},"query-input":{"@type":"PropertyValueSpecification","valueRequired":true,"valueName":"search_term_string"}}],"inLanguage":"en-US"},{"@type":"Organization","@id":"https:\/\/orthodoxalbania.org\/2020\/#organization","name":"Kisha Orthodhokse Autoqefale e Shqip\u00ebris\u00eb","url":"https:\/\/orthodoxalbania.org\/2020\/","logo":{"@type":"ImageObject","inLanguage":"en-US","@id":"https:\/\/orthodoxalbania.org\/2020\/#\/schema\/logo\/image\/","url":"https:\/\/orthodoxalbania.org\/2020\/wp-content\/uploads\/2020\/05\/albania.jpeg","contentUrl":"https:\/\/orthodoxalbania.org\/2020\/wp-content\/uploads\/2020\/05\/albania.jpeg","width":540,"height":540,"caption":"Kisha Orthodhokse Autoqefale e Shqip\u00ebris\u00eb"},"image":{"@id":"https:\/\/orthodoxalbania.org\/2020\/#\/schema\/logo\/image\/"},"sameAs":["https:\/\/www.facebook.com\/koash1991"]},{"@type":"Person","@id":"https:\/\/orthodoxalbania.org\/2020\/#\/schema\/person\/0c387634a7063ac612d7ed9ce71c7e86","name":"Kisha Orthodhokse","image":{"@type":"ImageObject","inLanguage":"en-US","@id":"https:\/\/secure.gravatar.com\/avatar\/596e7c417251e30f2fbb9c00e026fce61a695a00e51c889caded71c96cbbdde5?s=96&d=mm&r=g","url":"https:\/\/secure.gravatar.com\/avatar\/596e7c417251e30f2fbb9c00e026fce61a695a00e51c889caded71c96cbbdde5?s=96&d=mm&r=g","contentUrl":"https:\/\/secure.gravatar.com\/avatar\/596e7c417251e30f2fbb9c00e026fce61a695a00e51c889caded71c96cbbdde5?s=96&d=mm&r=g","caption":"Kisha Orthodhokse"}}]}},"_links":{"self":[{"href":"https:\/\/orthodoxalbania.org\/2020\/wp-json\/wp\/v2\/posts\/846","targetHints":{"allow":["GET"]}}],"collection":[{"href":"https:\/\/orthodoxalbania.org\/2020\/wp-json\/wp\/v2\/posts"}],"about":[{"href":"https:\/\/orthodoxalbania.org\/2020\/wp-json\/wp\/v2\/types\/post"}],"author":[{"embeddable":true,"href":"https:\/\/orthodoxalbania.org\/2020\/wp-json\/wp\/v2\/users\/1"}],"replies":[{"embeddable":true,"href":"https:\/\/orthodoxalbania.org\/2020\/wp-json\/wp\/v2\/comments?post=846"}],"version-history":[{"count":1,"href":"https:\/\/orthodoxalbania.org\/2020\/wp-json\/wp\/v2\/posts\/846\/revisions"}],"predecessor-version":[{"id":15771,"href":"https:\/\/orthodoxalbania.org\/2020\/wp-json\/wp\/v2\/posts\/846\/revisions\/15771"}],"wp:attachment":[{"href":"https:\/\/orthodoxalbania.org\/2020\/wp-json\/wp\/v2\/media?parent=846"}],"wp:term":[{"taxonomy":"category","embeddable":true,"href":"https:\/\/orthodoxalbania.org\/2020\/wp-json\/wp\/v2\/categories?post=846"},{"taxonomy":"post_tag","embeddable":true,"href":"https:\/\/orthodoxalbania.org\/2020\/wp-json\/wp\/v2\/tags?post=846"}],"curies":[{"name":"wp","href":"https:\/\/api.w.org\/{rel}","templated":true}]}}