{"id":844,"date":"2005-02-14T10:11:10","date_gmt":"2005-02-14T10:11:10","guid":{"rendered":""},"modified":"2020-04-06T22:41:54","modified_gmt":"2020-04-06T20:41:54","slug":"krishtlindje-2005","status":"publish","type":"post","link":"https:\/\/orthodoxalbania.org\/2020\/2005\/02\/14\/krishtlindje-2005\/","title":{"rendered":"Krishtlindje 2005. (Dhjetor 2005)"},"content":{"rendered":"<div class=\"MsoNormal\" style=\"text-indent: 0.25in; line-height: 150%; text-align: center;\">\n<p> <span style=\"font-family: tahoma,geneva,sans-serif; font-size: 12pt;\"><span style=\"color: #000000;\"><img decoding=\"async\" class=\"lazyload HAa Eha\" style=\"height: 53px; width: 53px; display: block; margin-left: auto; margin-right: auto;\" alt=\"\" src=\"data:image\/svg+xml,%3Csvg%20xmlns%3D%27http%3A%2F%2Fwww.w3.org%2F2000%2Fsvg%27%20width%3D%2753%27%20height%3D%2753%27%20viewBox%3D%270%200%2053%2053%27%3E%3Crect%20width%3D%2753%27%20height%3D%2753%27%20fill-opacity%3D%220%22%2F%3E%3C%2Fsvg%3E\" data-orig-src=\"https:\/\/lh3.googleusercontent.com\/-0XaSr7tg_9w\/U_NB8PwotlI\/AAAAAAAAA2g\/QXaauIV8bCc\/s577-no\/logo.png\" height=\"53px\" width=\"53px\" \/><br \/> <span style=\"font-family: helvetica;\"> KISHA ORTHODHOKSE AUTOQEFALE E SHQIP\u00cbRIS\u00cb<\/span><\/p>\n<p> <span style=\"font-family: helvetica;\"> <strong>Krishtlindje 2005<\/strong><\/span><\/span><\/span><\/div>\n<div class=\"MsoNormal\" style=\"text-indent: 0.25in; line-height: 150%; text-align: center;\"> <span style=\"font-family: tahoma,geneva,sans-serif; font-size: 12pt;\"><span style=\"color: #000000;\"><span style=\"font-family: helvetica;\"><strong>(Lindja e Diellit t\u00eb Drejt\u00ebsis\u00eb)<\/strong><\/span><\/span><\/span><\/div>\n<div class=\"MsoNormal\" style=\"text-indent: 0.25in; line-height: 150%; text-align: center;\">&nbsp;<\/div>\n<div class=\"MsoNormal\" style=\"text-align: center; text-indent: 14.2pt; line-height: 150%;\"><span style=\"font-family: helvetica; font-size: 12pt;\"><span style=\"color: #000000;\">+ Anastasi<\/span><\/span><\/div>\n<div class=\"MsoNormal\" style=\"text-align: center; text-indent: 14.2pt; line-height: 150%;\"><span style=\"font-family: helvetica; font-size: 12pt;\"><span style=\"color: #000000;\">Kryepiskop i Tiran\u00ebs, Durr\u00ebsit dhe i gjith\u00eb Shqip\u00ebris\u00eb&nbsp;<\/span><\/span><\/div>\n<p class=\"MsoNormal\" style=\"text-align: center; text-indent: 14.2pt; line-height: 150%;\">&nbsp;<\/p>\n<p class=\"MsoNormal\" style=\"text-align: center; text-indent: 14.2pt; line-height: 150%;\">&nbsp;<\/p>\n<p class=\"MsoNormal\" style=\"text-align: right; text-indent: 14.2pt; line-height: 150%;\"><span style=\"font-family: helvetica; font-size: 12pt;\"><span style=\"color: #000000;\"><em>Klerit dhe besimtar\u00ebve shpres\u00ebtar\u00eb Orthodhoks\u00eb,<\/em><\/span><\/span><\/p>\n<p class=\"MsoNormal\" style=\"text-align: right; text-indent: 14.2pt; line-height: 150%;\"><span style=\"font-family: helvetica; font-size: 12pt;\"><span style=\"color: #000000;\"><em>Bij t\u00eb shtrenjt\u00eb m\u00eb Zotin<\/em>,<\/span><\/span><\/p>\n<p class=\"MsoNormal\" style=\"text-align: justify; text-indent: 14.2pt; line-height: 150%;\"><span style=\"font-family: helvetica; font-size: 12pt;\"><span style=\"color: #b22222;\"><strong><span style=\"line-height: 150%;\">\u201cL<\/span><\/strong><\/span><span style=\"color: #000000;\">inde Ti prej Virgj\u00ebresh\u00ebs, o Krisht, Diell shpirt\u00ebror i Drejt\u00ebsis\u00eb\u201d, psal\u00ebm dje gjat\u00eb Sh\u00ebrbes\u00ebs s\u00eb Mbr\u00ebm\u00ebsores. Foshnja Hyjnore, Lindjen e s\u00eb Cil\u00ebs kremtojm\u00eb sot, nuk rrezaton vet\u00ebm pafaj\u00ebsi, d\u00eblir\u00ebsi dhe mir\u00ebsi, por nj\u00ebkoh\u00ebsisht \u00ebsht\u00eb \u201cDielli shpirt\u00ebror\u201d p\u00ebr mbar\u00eb rruzullin; \u201cdrita e v\u00ebrtet\u00eb, q\u00eb ndri\u00e7on \u00e7do njeri q\u00eb vjen n\u00eb bot\u00eb\u201d (Jn. 1:9). Ai lind n\u00eb historin\u00eb e njer\u00ebzimit p\u00ebr t\u00eb zhdukur err\u00ebsir\u00ebn dhe pluhurin, p\u00ebr t\u00eb ndri\u00e7uar, p\u00ebr t\u00eb ngrohur dhe p\u00ebr t\u00eb gjall\u00ebruar qenien tone; p\u00ebr t\u00eb drejtuar ecjen e mbar\u00eb bot\u00ebs. Gjat\u00eb periudh\u00ebs s\u00eb jet\u00ebs s\u00eb Tij n\u00eb tok\u00eb, Fjala e Trup\u00ebzuar e Per\u00ebndis\u00eb, shpalli: \u201cUn\u00eb erdha drit\u00eb n\u00eb bot\u00eb\u201d (Jn. 12:46). \u201cUn\u00eb jam drita e bot\u00ebs; ai q\u00eb m\u00eb ndjek pas, nuk do t\u00eb ec\u00eb n\u00eb err\u00ebsir\u00eb, por do t\u00eb ket\u00eb drit\u00ebn e jet\u00ebs\u201d (Jn. 8:12).<\/span><\/span><\/p>\n<p class=\"MsoNormal\" style=\"text-align: justify; text-indent: 14.2pt; line-height: 150%;\"><span style=\"font-family: helvetica; font-size: 12pt;\"><span style=\"color: #000000;\">Njer\u00ebzimi, n\u00eb t\u00eb kaluar\u00ebn, ka njohur pika t\u00eb ndryshme t\u00eb ndritura. Por, si\u00e7 ka theksuar Klementi i Aleksandris\u00eb: \u201cFilozofia greke i ngjan shk\u00eblqimit t\u00eb fitilit q\u00eb ndezin njer\u00ebzit duke vjedhur mjesht\u00ebrisht drit\u00ebn nga dielli. Por, sapo u shpall Fjala, shk\u00eblqeu t\u00ebr\u00eb ajo drit\u00eb e shenjt\u00eb\u201d.<\/span><\/span><\/p>\n<p class=\"MsoNormal\" style=\"text-align: justify; text-indent: 14.2pt; line-height: 150%;\"><span style=\"font-family: helvetica; font-size: 12pt;\"><span style=\"color: #000000;\">Q\u00eb n\u00eb periudhat m\u00eb t\u00eb lashta, njer\u00ebzimi ndjeu r\u00ebnd\u00ebsin\u00eb unikale t\u00eb diellit p\u00ebr \u00e7do form\u00eb jete mbi tok\u00eb. Sa m\u00eb shum\u00eb zhvillohet shkenca, aq m\u00eb shum\u00eb aspekte mahnit\u00ebse t\u00eb ndikimit t\u00eb diellit njohim. N\u00ebn rrezet e tij zbulohet pasuria e pap\u00ebrshkrueshme e ngjyrave, e bukuris\u00eb s\u00eb tok\u00ebs, t\u00eb detit e t\u00eb qiellit dhe kryhet n\u00eb m\u00ebnyr\u00eb mahnit\u00ebse evolucioni i \u00e7do lloji t\u00eb jet\u00ebs. Por, \u201cn\u00ebse dielli q\u00eb i n\u00ebnshtrohet prishjes \u00ebsht\u00eb aq i bukur&#8230; shum\u00eb her\u00eb m\u00eb i bukur \u00ebsht\u00eb dielli i&nbsp; drejt\u00ebsis\u00eb\u201d (Vasili i Madh). Rrezet e Diellit shpirt\u00ebror t\u00eb Drejt\u00ebsis\u00eb hedhin drit\u00eb, gjall\u00ebrojn\u00eb hipostaz\u00ebn ton\u00eb psiko-trupore, na fuqizojn\u00eb n\u00eb p\u00ebrpjekjen ton\u00eb shpirt\u00ebrore. Ndikimin e Tij mir\u00ebb\u00ebr\u00ebs ndjejn\u00eb n\u00eb m\u00ebnyr\u00eb indirekte edhe ata q\u00eb nuk e shohin drejtp\u00ebrdrejt \u2013 nga q\u00eb re t\u00eb dendura q\u00eb err\u00ebsojn\u00eb mendjet dhe zemrat e tyre \u2013 madje edhe ata q\u00eb jan\u00eb t\u00eb mbyllur n\u00eb shpella t\u00eb err\u00ebta pasionesh ose n\u00eb rrug\u00eb t\u00eb n\u00ebndheshme mashtrimi dhe pabesie.<\/span><\/span><\/p>\n<p class=\"MsoNormal\" style=\"text-align: justify; text-indent: 14.2pt; line-height: 150%;\">&nbsp;<\/p>\n<p class=\"MsoNormal\" style=\"text-align: justify; text-indent: 14.2pt; line-height: 150%;\"><span style=\"font-family: helvetica; font-size: 12pt;\"><span style=\"color: #000000;\">Karakteristik\u00eb baz\u00eb e Shp\u00ebrblyesit \u00ebsht\u00eb drejt\u00ebsia. Thirrja \u201co Diell shpirt\u00ebror i Drejt\u00ebsis\u00eb\u201d p\u00ebrjashton \u00e7do keqinterpretim fiziokratik t\u00eb alegoris\u00eb theologjike. Dhe Krishti i porsalindur caktohet si qend\u00ebr e jet\u00ebs son\u00eb personale, e shoq\u00ebris\u00eb dhe e l\u00ebvizjes s\u00eb bot\u00ebs. Me fjal\u00ebn, me jet\u00ebn e Tij, me P\u00ebsimin dhe Ngjalljen, Jisui do t\u00eb zbuloj\u00eb n\u00eb plot\u00ebsin\u00eb e vet kuptimin e drejt\u00ebsis\u00eb. Do t\u2019i ofroj\u00eb njeriut t\u00eb drejt\u00ebn e vet si hir dhe p\u00ebrd\u00ebllim, do t\u2019i dhuroj\u00eb pastrimin shpirt\u00ebror dhe ndri\u00e7imin e mendjes dhe t\u00eb zemr\u00ebs, do t\u00eb shpall\u00eb me t\u00eb madhe lidhjen q\u00eb bashkon drejt\u00ebsin\u00eb, paqen dhe shp\u00ebtimin.&nbsp;<\/span><\/span><\/p>\n<p class=\"MsoNormal\" style=\"text-align: justify; text-indent: 14.2pt; line-height: 150%;\">&nbsp;<\/p>\n<p class=\"MsoNormal\" style=\"text-align: center; line-height: 150%;\"><span style=\"font-family: helvetica; font-size: 12pt;\"><span style=\"color: #000000;\">*&nbsp;&nbsp;&nbsp; *&nbsp;&nbsp;&nbsp; *<\/span><\/span><\/p>\n<p class=\"MsoNormal\" style=\"text-align: center; line-height: 150%;\">&nbsp;<\/p>\n<p class=\"MsoNormal\" style=\"text-align: justify; line-height: 150%;\"><span style=\"font-family: helvetica; font-size: 12pt;\"><span style=\"color: #b22222;\"><strong><span style=\"line-height: 150%;\">&nbsp;&nbsp;&nbsp; N<\/span><\/strong><\/span><span style=\"color: #000000;\">\u00eb epok\u00ebn e sotme, ku padrejt\u00ebsia vazhdon t\u00eb l\u00ebndoj\u00eb n\u00eb shum\u00eb m\u00ebnyra dhe shpesh n\u00eb m\u00ebnyr\u00eb vdekjeprur\u00ebse miliona shpirtra, d\u00ebshira e zjarrt\u00eb p\u00ebr drejt\u00ebsi mbisundon tek njer\u00ebzimi n\u00eb nivel personal, shoq\u00ebror dhe nd\u00ebrkomb\u00ebtar. Brenda trishtimit dhe zhg\u00ebnjimit p\u00ebr padrejt\u00ebsin\u00eb shum\u00ebform\u00ebshe, Fjala e Mish\u00ebruar e Per\u00ebndis\u00eb nuk q\u00ebndron indiferente p\u00ebrball\u00eb shkeljes s\u00eb drejt\u00ebsis\u00eb. Per\u00ebndia i Pafund zbulohet jo si nj\u00eb Qenie Supreme indiferente, si Nj\u00ebsh i ftoht\u00eb, i pal\u00ebvizsh\u00ebm i filozofis\u00eb, por si Per\u00ebndi vetjak, i interesuar drejtp\u00ebrdrejt p\u00ebr sa ndodhin n\u00eb bot\u00eb, si Zot i paqes dhe i drejt\u00ebsis\u00eb. Kjo e v\u00ebrtet\u00eb ofron ngush\u00ebllim t\u00eb thell\u00eb. Ndaj, sado q\u00eb her\u00eb pas here duket se dominojn\u00eb, n\u00ebn pretekste t\u00eb ndryshme, aktet e paligjshme t\u00eb t\u00eb fuqishm\u00ebve dhe tinzar\u00ebve, Dielli i Drejt\u00ebsis\u00eb do t\u2019i zbuloj\u00eb p\u00ebrfundimisht dhe do t\u2019i neutralizoj\u00eb qarqete padrejt\u00ebsis\u00eb s\u00eb tyre.<\/span><\/span><\/p>\n<p class=\"MsoNormal\" style=\"text-align: justify; text-indent: 14.2pt; line-height: 150%;\"><span style=\"font-family: helvetica; font-size: 12pt;\"><span style=\"color: #000000;\">Nj\u00ebkoh\u00ebsisht, p\u00ebr t\u00eb gjith\u00eb ne, besimtar\u00ebt q\u00eb marrim rrezatimin e hirit t\u00eb Diellit shpirt\u00ebror t\u00eb Drejt\u00ebsis\u00eb, vihet nj\u00eb detyr\u00eb e menj\u00ebhershme: T\u00eb jemi njer\u00ebz t\u00eb drejt\u00eb n\u00eb \u00e7do \u00e7ast t\u00eb jet\u00ebs son\u00eb, n\u00eb t\u00eb gjitha marr\u00ebdh\u00ebniet me njer\u00ebzit tan\u00eb dhe ata t\u00eb huaj, t\u00eb mb\u00ebshtesim me guxim dhe burr\u00ebri drejt\u00ebsin\u00eb n\u00eb jet\u00ebn shoq\u00ebrore. Sepse mbetet p\u00ebrher\u00eb aktuale dukuria q\u00eb stigmatizon profeti: \u201cMjer\u00eb ata q\u00eb t\u00eb keqen e quajn\u00eb t\u00eb mir\u00eb dhe t\u00eb mir\u00ebn t\u00eb keqe; q\u00eb p\u00ebr dhurata e shfaj\u00ebsojn\u00eb t\u00eb shtremb\u00ebtin dhe t\u00eb drejtit ia mohojn\u00eb t\u00eb drejt\u00ebn\u201d (Isaia 5:20-21). Nuk jan\u00eb vet\u00ebm qarqet q\u00eb parakusht\u00ebzojn\u00eb gjykatat me veprime korruptive, t\u00eb cilat n\u00eb vende t\u00eb ndryshme po minojn\u00eb dh\u00ebnien e drejt\u00ebsis\u00eb. N\u00eb nivelet e ndryshme t\u00eb shoq\u00ebris\u00eb son\u00eb shum\u00ebform\u00ebshe, p\u00ebr shmangien e padrejt\u00ebsis\u00eb, k\u00ebrkohet q\u00ebndres\u00eb me fjal\u00ebn, shembullin, sjelljen, qoft\u00eb edhe kur kjo gj\u00eb kakosto t\u00eb lart\u00eb. \u201cLum ata q\u00eb p\u00ebrndiqen p\u00ebr hir t\u00eb drejt\u00ebsis\u00eb, sepse e atyre \u00ebsht\u00eb Mbret\u00ebria e Qiejve\u201d (Matth. 5:10), t\u00eb cil\u00ebn sjell Krishti i porsalindur.<\/span><\/span><\/p>\n<p class=\"MsoNormal\" style=\"text-align: justify; text-indent: 14.2pt; line-height: 150%;\"><span style=\"font-family: helvetica; font-size: 12pt;\"><span style=\"color: #000000;\">T\u00eb gjith\u00eb ata q\u00eb i besojn\u00eb dhe e duan Per\u00ebndinjeriun Jisu, duhet ve\u00e7se t\u00eb k\u00ebrkojn\u00eb m\u00eb par\u00eb \u201cmbret\u00ebrin\u00eb e Per\u00ebndis\u00eb dhe drejt\u00ebsin\u00eb e Tij\u201d (Matth. 6:33) dhe t\u00eb p\u00ebrpiqen t\u00eb b\u00ebhen, \u00e7do dit\u00eb e m\u00eb shum\u00eb njer\u00ebz q\u00eb kan\u00eb uri dhe etje p\u00ebr drejt\u00ebsi (Matth. 5:6). Jo n\u00eb m\u00ebnyr\u00eb t\u00eb jashtme, fariseike, sa p\u00ebr t\u2019u dukur, por n\u00eb m\u00ebnyr\u00eb t\u00eb brendshme, personale. \u201cN\u00ebse drejt\u00ebsia juaj nuk do t\u00eb jet\u00eb m\u00eb e tep\u00ebrt se ajo e shkruesve dhe farisejve, nuk keni p\u00ebr t\u00eb hyr\u00eb n\u00eb Mbret\u00ebrin\u00eb e Qiejve\u201d (Matth. 5:20), shpalli Krishti.<\/span><\/span><\/p>\n<p class=\"MsoNormal\" style=\"text-align: justify; text-indent: 14.2pt; line-height: 150%;\"><span style=\"font-family: helvetica; font-size: 12pt;\"><span style=\"color: #000000;\">Ndikimi mir\u00ebb\u00ebr\u00ebs i Diellit t\u00eb Drejt\u00ebsis\u00eb arrin edhe n\u00eb skutat ku nuk i prekin direkt rrezet e Tij. Ndaj, \u201cnga \u00e7do komb pranon at\u00eb q\u00eb ka frik\u00eb prej Tij dhe b\u00ebn drejt\u00ebsi\u201d (Vep. 10:35). Sa m\u00eb tep\u00ebr lidhen me nj\u00ebri-tjetrin banor\u00ebt e planetit ton\u00eb, aq m\u00eb shum\u00eb d\u00ebshira p\u00ebr drejt\u00ebsi merr p\u00ebrmasa mbar\u00ebbot\u00ebrore. D\u00ebshira dhe p\u00ebrpjekjet p\u00ebr paqe dhe drejt\u00ebsi mbi tok\u00eb, n\u00eb \u00e7do rast konkret, n\u00eb \u00e7do k\u00ebnd t\u00eb rruzullit, \u00ebsht\u00eb pjes\u00ebmarrje n\u00eb vepr\u00ebn e Per\u00ebndis\u00eb dhe ka shenjt\u00ebri t\u00eb padiskutueshme. Gjithashtu, kjo p\u00ebrb\u00ebn prelud dhe \u201cshenj\u00eb\u201d p\u00ebr mbizot\u00ebrimin p\u00ebrfundimtar t\u00eb s\u00eb drejt\u00ebs, kur Krishti, gjat\u00eb ardhjes s\u00eb Tij t\u00eb dyt\u00eb\u201d do t\u00eb gjykoj\u00eb mbar\u00eb bot\u00ebn me drejt\u00ebsi\u201d (Vep. 17:31). Aspirata jon\u00eb p\u00ebr t\u00eb par\u00eb \u201cqiej t\u00eb rinj dhe tok\u00eb t\u00eb re&#8230; n\u00eb t\u00eb cilat rri drejt\u00ebsia\u201d (II Petr. 3:13), p\u00ebrb\u00ebn vizionin baz\u00eb t\u00eb krishter\u00eb p\u00ebr q\u00ebllimin e Historis\u00eb. Drejt\u00ebsia e Per\u00ebndis\u00eb \u00ebsht\u00eb p\u00ebr nga natyra eskatologjike, por parashijimi i saj b\u00ebhet i ndjesh\u00ebm q\u00eb tani. Dhe kjo siguri eskatologjike l\u00ebshon nj\u00eb rrezatim dinamik bamir\u00ebs n\u00eb p\u00ebrpjekjet tona, t\u00eb t\u00eb gjith\u00ebve, p\u00ebr drejt\u00ebsi, tek e k\u00ebtushmja dhe e tashmja.&nbsp;<\/span><\/span><\/p>\n<p class=\"MsoNormal\" style=\"text-align: justify; text-indent: 14.2pt; line-height: 150%;\">&nbsp;<\/p>\n<p class=\"MsoNormal\" style=\"text-align: center; line-height: 150%;\"><span style=\"font-family: helvetica; font-size: 12pt;\"><span style=\"color: #000000;\">*&nbsp;&nbsp;&nbsp; *&nbsp;&nbsp;&nbsp; *<\/span><\/span><\/p>\n<p class=\"MsoNormal\" style=\"text-align: center; line-height: 150%;\">&nbsp;<\/p>\n<p class=\"MsoNormal\" style=\"text-align: justify; line-height: 150%;\"><span style=\"font-family: helvetica; font-size: 12pt;\"><span style=\"color: #000000;\">&nbsp;&nbsp;&nbsp; <\/span><span style=\"color: #b22222;\"><strong><span style=\"line-height: 150%;\">\u201cL<\/span><\/strong><\/span><span style=\"color: #000000;\">inde Ti prej Virgj\u00ebresh\u00ebs, o Krisht, Diell shpirt\u00ebror i Drejt\u00ebsis\u00eb\u201d, psal\u00ebm me d\u00ebshir\u00ebn e brendshme q\u00eb t\u00eb shk\u00eblqej\u00eb vazhdimisht edhe n\u00eb shpirtin ton\u00eb. Por \u201cdielli i drejt\u00ebsis\u00eb&#8230; nuk u fal t\u00eb gjith\u00ebve k\u00ebnaq\u00ebsin\u00eb e vet, por vet\u00ebm atyre q\u00eb rrojn\u00eb denj\u00ebsisht sipas tij\u201d (Vasili i Madh).<\/span><\/span><\/p>\n<p class=\"MsoNormal\" style=\"text-align: justify; text-indent: 14.2pt; line-height: 150%;\"><span style=\"font-family: helvetica; font-size: 12pt;\"><span style=\"color: #000000;\">Ndaj, \u00ebsht\u00eb koha q\u00eb me nd\u00ebrgjegje t\u2019i drejtohemi Krishtit, Diellit t\u00eb Drejt\u00ebsis\u00eb, lindjen e t\u00eb Cilit kremtojm\u00eb, me vendimin q\u00eb t\u00eb ecim n\u00ebn drit\u00ebn e Personit t\u00eb Tij. Le t\u2019i p\u00ebrgj\u00ebrohemi q\u00eb t\u00eb hedh\u00eb drit\u00eb n\u00eb mendjet dhe zemrat tona, n\u00eb \u00e7do \u00e7ast dhe faz\u00eb t\u00eb jet\u00ebs son\u00eb, t\u00eb mbush\u00eb plot drit\u00eb paqeje dhe d\u00ebshir\u00eb drejt\u00ebsie vendin ton\u00eb dhe mbar\u00eb bot\u00ebn. Dhurata m\u00eb e \u00e7muar q\u00eb mund t\u2019i b\u00ebjm\u00eb vetvetes p\u00ebr Krishtlindje \u00ebsht\u00eb ta mbajm\u00eb brenda nesh k\u00ebt\u00eb Diell. <\/span><\/span><\/p>\n<p class=\"MsoNormal\" style=\"text-align: justify; text-indent: 14.2pt; line-height: 150%;\"><span style=\"font-family: helvetica; font-size: 12pt;\"><span style=\"color: #000000;\">Krishtlindje t\u00eb bekuara!&nbsp;<\/span><\/span><\/p>\n<p class=\"MsoNormal\" style=\"text-align: justify; text-indent: 14.2pt; line-height: 150%;\">&nbsp;<\/p>\n<p class=\"MsoNormal\" style=\"text-align: center; text-indent: 14.2pt;\"><span style=\"font-family: helvetica; font-size: 12pt;\"><span style=\"color: #000000;\">Me uratat e zjarrta t\u00eb Per\u00ebndis\u00eb,<\/span><\/span><\/p>\n<p class=\"MsoNormal\" style=\"text-align: center; text-indent: 14.2pt;\"><span style=\"font-family: helvetica; font-size: 12pt;\"><span style=\"color: #000000;\">&nbsp;Kryepiskopi i Tiran\u00ebs, Durr\u00ebsit dhe i gjth\u00eb Shqip\u00ebris\u00eb<br \/> <strong> + Anastasi<\/strong><\/span><\/span><\/p>\n","protected":false},"excerpt":{"rendered":"<p>KISHA ORTHODHOKSE AUTOQEFALE E SHQIP\u00cbRIS\u00cb Krishtlindje 2005 (Lindja e Diellit t\u00eb Drejt\u00ebsis\u00eb) &nbsp; + Anastasi Kryepiskop i Tiran\u00ebs, Durr\u00ebsit dhe i gjith\u00eb Shqip\u00ebris\u00eb&nbsp; &nbsp; &nbsp; Klerit dhe besimtar\u00ebve shpres\u00ebtar\u00eb Orthodhoks\u00eb, Bij t\u00eb shtrenjt\u00eb m\u00eb Zotin, \u201cLinde Ti prej Virgj\u00ebresh\u00ebs, o Krisht, Diell shpirt\u00ebror i Drejt\u00ebsis\u00eb\u201d, psal\u00ebm dje gjat\u00eb Sh\u00ebrbes\u00ebs s\u00eb Mbr\u00ebm\u00ebsores. Foshnja Hyjnore, Lindjen e s\u00eb Cil\u00ebs kremtojm\u00eb sot, nuk rrezaton vet\u00ebm pafaj\u00ebsi, d\u00eblir\u00ebsi dhe<\/p>\n","protected":false},"author":1,"featured_media":0,"comment_status":"open","ping_status":"open","sticky":false,"template":"","format":"standard","meta":{"_acf_changed":false,"pagelayer_contact_templates":[],"_pagelayer_content":"","inline_featured_image":false,"fifu_image_url":"","fifu_image_alt":"","footnotes":""},"categories":[108],"tags":[149,192,196,201,212,152],"class_list":["post-844","post","type-post","status-publish","format-standard","hentry","category-lajme","tag-149","tag-krishtlindje","tag-tirane","tag-kryepiskopi-anastas","tag-lajme-d27","tag-mesazhet-festive-d19"],"acf":[],"yoast_head":"<!-- This site is optimized with the Yoast SEO plugin v27.2 - https:\/\/yoast.com\/product\/yoast-seo-wordpress\/ -->\n<title>Krishtlindje 2005. (Dhjetor 2005) - Kisha Orthodh\u03bfkse Autoqefale e Shqip\u00ebris\u00eb<\/title>\n<meta name=\"robots\" content=\"index, follow, max-snippet:-1, max-image-preview:large, max-video-preview:-1\" \/>\n<link rel=\"canonical\" href=\"https:\/\/orthodoxalbania.org\/2020\/2005\/02\/14\/krishtlindje-2005\/\" \/>\n<meta property=\"og:locale\" content=\"en_US\" \/>\n<meta property=\"og:type\" content=\"article\" \/>\n<meta property=\"og:title\" content=\"Krishtlindje 2005. (Dhjetor 2005) - Kisha Orthodh\u03bfkse Autoqefale e Shqip\u00ebris\u00eb\" \/>\n<meta property=\"og:description\" content=\"KISHA ORTHODHOKSE AUTOQEFALE E SHQIP\u00cbRIS\u00cb Krishtlindje 2005 (Lindja e Diellit t\u00eb Drejt\u00ebsis\u00eb) &nbsp; + Anastasi Kryepiskop i Tiran\u00ebs, Durr\u00ebsit dhe i gjith\u00eb Shqip\u00ebris\u00eb&nbsp; &nbsp; &nbsp; Klerit dhe besimtar\u00ebve shpres\u00ebtar\u00eb Orthodhoks\u00eb, Bij t\u00eb shtrenjt\u00eb m\u00eb Zotin, \u201cLinde Ti prej Virgj\u00ebresh\u00ebs, o Krisht, Diell shpirt\u00ebror i Drejt\u00ebsis\u00eb\u201d, psal\u00ebm dje gjat\u00eb Sh\u00ebrbes\u00ebs s\u00eb Mbr\u00ebm\u00ebsores. Foshnja Hyjnore, Lindjen e s\u00eb Cil\u00ebs kremtojm\u00eb sot, nuk rrezaton vet\u00ebm pafaj\u00ebsi, d\u00eblir\u00ebsi dhe\" \/>\n<meta property=\"og:url\" content=\"https:\/\/orthodoxalbania.org\/2020\/2005\/02\/14\/krishtlindje-2005\/\" \/>\n<meta property=\"og:site_name\" content=\"Kisha Orthodh\u03bfkse Autoqefale e Shqip\u00ebris\u00eb\" \/>\n<meta property=\"article:publisher\" content=\"https:\/\/www.facebook.com\/koash1991\" \/>\n<meta property=\"article:published_time\" content=\"2005-02-14T10:11:10+00:00\" \/>\n<meta property=\"article:modified_time\" content=\"2020-04-06T20:41:54+00:00\" \/>\n<meta property=\"og:image\" content=\"https:\/\/lh3.googleusercontent.com\/-0XaSr7tg_9w\/U_NB8PwotlI\/AAAAAAAAA2g\/QXaauIV8bCc\/s577-no\/logo.png\" \/>\n<meta name=\"author\" content=\"Kisha Orthodhokse\" \/>\n<meta name=\"twitter:card\" content=\"summary_large_image\" \/>\n<meta name=\"twitter:label1\" content=\"Written by\" \/>\n\t<meta name=\"twitter:data1\" content=\"Kisha Orthodhokse\" \/>\n\t<meta name=\"twitter:label2\" content=\"Est. reading time\" \/>\n\t<meta name=\"twitter:data2\" content=\"7 minutes\" \/>\n<script type=\"application\/ld+json\" class=\"yoast-schema-graph\">{\"@context\":\"https:\/\/schema.org\",\"@graph\":[{\"@type\":\"Article\",\"@id\":\"https:\/\/orthodoxalbania.org\/2020\/2005\/02\/14\/krishtlindje-2005\/#article\",\"isPartOf\":{\"@id\":\"https:\/\/orthodoxalbania.org\/2020\/2005\/02\/14\/krishtlindje-2005\/\"},\"author\":{\"name\":\"Kisha Orthodhokse\",\"@id\":\"https:\/\/orthodoxalbania.org\/2020\/#\/schema\/person\/0c387634a7063ac612d7ed9ce71c7e86\"},\"headline\":\"Krishtlindje 2005. (Dhjetor 2005)\",\"datePublished\":\"2005-02-14T10:11:10+00:00\",\"dateModified\":\"2020-04-06T20:41:54+00:00\",\"mainEntityOfPage\":{\"@id\":\"https:\/\/orthodoxalbania.org\/2020\/2005\/02\/14\/krishtlindje-2005\/\"},\"wordCount\":1477,\"commentCount\":0,\"publisher\":{\"@id\":\"https:\/\/orthodoxalbania.org\/2020\/#organization\"},\"image\":{\"@id\":\"https:\/\/orthodoxalbania.org\/2020\/2005\/02\/14\/krishtlindje-2005\/#primaryimage\"},\"thumbnailUrl\":\"https:\/\/lh3.googleusercontent.com\/-0XaSr7tg_9w\/U_NB8PwotlI\/AAAAAAAAA2g\/QXaauIV8bCc\/s577-no\/logo.png\",\"keywords\":[\"2005\",\"Krishtlindje\",\"Kryepiskopata Tiran\u00eb\",\"Kryepiskopi Anastas\",\"lajme\",\"Mesazhet Festive\"],\"articleSection\":[\"Lajme\"],\"inLanguage\":\"en-US\"},{\"@type\":\"WebPage\",\"@id\":\"https:\/\/orthodoxalbania.org\/2020\/2005\/02\/14\/krishtlindje-2005\/\",\"url\":\"https:\/\/orthodoxalbania.org\/2020\/2005\/02\/14\/krishtlindje-2005\/\",\"name\":\"Krishtlindje 2005. (Dhjetor 2005) - Kisha Orthodh\u03bfkse Autoqefale e Shqip\u00ebris\u00eb\",\"isPartOf\":{\"@id\":\"https:\/\/orthodoxalbania.org\/2020\/#website\"},\"primaryImageOfPage\":{\"@id\":\"https:\/\/orthodoxalbania.org\/2020\/2005\/02\/14\/krishtlindje-2005\/#primaryimage\"},\"image\":{\"@id\":\"https:\/\/orthodoxalbania.org\/2020\/2005\/02\/14\/krishtlindje-2005\/#primaryimage\"},\"thumbnailUrl\":\"https:\/\/lh3.googleusercontent.com\/-0XaSr7tg_9w\/U_NB8PwotlI\/AAAAAAAAA2g\/QXaauIV8bCc\/s577-no\/logo.png\",\"datePublished\":\"2005-02-14T10:11:10+00:00\",\"dateModified\":\"2020-04-06T20:41:54+00:00\",\"breadcrumb\":{\"@id\":\"https:\/\/orthodoxalbania.org\/2020\/2005\/02\/14\/krishtlindje-2005\/#breadcrumb\"},\"inLanguage\":\"en-US\",\"potentialAction\":[{\"@type\":\"ReadAction\",\"target\":[\"https:\/\/orthodoxalbania.org\/2020\/2005\/02\/14\/krishtlindje-2005\/\"]}]},{\"@type\":\"ImageObject\",\"inLanguage\":\"en-US\",\"@id\":\"https:\/\/orthodoxalbania.org\/2020\/2005\/02\/14\/krishtlindje-2005\/#primaryimage\",\"url\":\"https:\/\/lh3.googleusercontent.com\/-0XaSr7tg_9w\/U_NB8PwotlI\/AAAAAAAAA2g\/QXaauIV8bCc\/s577-no\/logo.png\",\"contentUrl\":\"https:\/\/lh3.googleusercontent.com\/-0XaSr7tg_9w\/U_NB8PwotlI\/AAAAAAAAA2g\/QXaauIV8bCc\/s577-no\/logo.png\"},{\"@type\":\"BreadcrumbList\",\"@id\":\"https:\/\/orthodoxalbania.org\/2020\/2005\/02\/14\/krishtlindje-2005\/#breadcrumb\",\"itemListElement\":[{\"@type\":\"ListItem\",\"position\":1,\"name\":\"Home\",\"item\":\"https:\/\/orthodoxalbania.org\/2020\/\"},{\"@type\":\"ListItem\",\"position\":2,\"name\":\"Krishtlindje 2005. (Dhjetor 2005)\"}]},{\"@type\":\"WebSite\",\"@id\":\"https:\/\/orthodoxalbania.org\/2020\/#website\",\"url\":\"https:\/\/orthodoxalbania.org\/2020\/\",\"name\":\"Kisha Orthodh\u03bfkse Autoqefale e Shqip\u00ebris\u00eb\",\"description\":\"Fqja Zyrtare e Kish\u00ebs Orthodhokse Autoqefale e Shqip\u00ebris\u00eb me lajmet edhe informacionet zyrtare p\u00ebr struktur\u00ebn edhe veprimtarin e saj.\",\"publisher\":{\"@id\":\"https:\/\/orthodoxalbania.org\/2020\/#organization\"},\"potentialAction\":[{\"@type\":\"SearchAction\",\"target\":{\"@type\":\"EntryPoint\",\"urlTemplate\":\"https:\/\/orthodoxalbania.org\/2020\/?s={search_term_string}\"},\"query-input\":{\"@type\":\"PropertyValueSpecification\",\"valueRequired\":true,\"valueName\":\"search_term_string\"}}],\"inLanguage\":\"en-US\"},{\"@type\":\"Organization\",\"@id\":\"https:\/\/orthodoxalbania.org\/2020\/#organization\",\"name\":\"Kisha Orthodhokse Autoqefale e Shqip\u00ebris\u00eb\",\"url\":\"https:\/\/orthodoxalbania.org\/2020\/\",\"logo\":{\"@type\":\"ImageObject\",\"inLanguage\":\"en-US\",\"@id\":\"https:\/\/orthodoxalbania.org\/2020\/#\/schema\/logo\/image\/\",\"url\":\"https:\/\/orthodoxalbania.org\/2020\/wp-content\/uploads\/2020\/05\/albania.jpeg\",\"contentUrl\":\"https:\/\/orthodoxalbania.org\/2020\/wp-content\/uploads\/2020\/05\/albania.jpeg\",\"width\":540,\"height\":540,\"caption\":\"Kisha Orthodhokse Autoqefale e Shqip\u00ebris\u00eb\"},\"image\":{\"@id\":\"https:\/\/orthodoxalbania.org\/2020\/#\/schema\/logo\/image\/\"},\"sameAs\":[\"https:\/\/www.facebook.com\/koash1991\"]},{\"@type\":\"Person\",\"@id\":\"https:\/\/orthodoxalbania.org\/2020\/#\/schema\/person\/0c387634a7063ac612d7ed9ce71c7e86\",\"name\":\"Kisha Orthodhokse\",\"image\":{\"@type\":\"ImageObject\",\"inLanguage\":\"en-US\",\"@id\":\"https:\/\/secure.gravatar.com\/avatar\/596e7c417251e30f2fbb9c00e026fce61a695a00e51c889caded71c96cbbdde5?s=96&d=mm&r=g\",\"url\":\"https:\/\/secure.gravatar.com\/avatar\/596e7c417251e30f2fbb9c00e026fce61a695a00e51c889caded71c96cbbdde5?s=96&d=mm&r=g\",\"contentUrl\":\"https:\/\/secure.gravatar.com\/avatar\/596e7c417251e30f2fbb9c00e026fce61a695a00e51c889caded71c96cbbdde5?s=96&d=mm&r=g\",\"caption\":\"Kisha Orthodhokse\"}}]}<\/script>\n<!-- \/ Yoast SEO plugin. -->","yoast_head_json":{"title":"Krishtlindje 2005. (Dhjetor 2005) - Kisha Orthodh\u03bfkse Autoqefale e Shqip\u00ebris\u00eb","robots":{"index":"index","follow":"follow","max-snippet":"max-snippet:-1","max-image-preview":"max-image-preview:large","max-video-preview":"max-video-preview:-1"},"canonical":"https:\/\/orthodoxalbania.org\/2020\/2005\/02\/14\/krishtlindje-2005\/","og_locale":"en_US","og_type":"article","og_title":"Krishtlindje 2005. (Dhjetor 2005) - Kisha Orthodh\u03bfkse Autoqefale e Shqip\u00ebris\u00eb","og_description":"KISHA ORTHODHOKSE AUTOQEFALE E SHQIP\u00cbRIS\u00cb Krishtlindje 2005 (Lindja e Diellit t\u00eb Drejt\u00ebsis\u00eb) &nbsp; + Anastasi Kryepiskop i Tiran\u00ebs, Durr\u00ebsit dhe i gjith\u00eb Shqip\u00ebris\u00eb&nbsp; &nbsp; &nbsp; Klerit dhe besimtar\u00ebve shpres\u00ebtar\u00eb Orthodhoks\u00eb, Bij t\u00eb shtrenjt\u00eb m\u00eb Zotin, \u201cLinde Ti prej Virgj\u00ebresh\u00ebs, o Krisht, Diell shpirt\u00ebror i Drejt\u00ebsis\u00eb\u201d, psal\u00ebm dje gjat\u00eb Sh\u00ebrbes\u00ebs s\u00eb Mbr\u00ebm\u00ebsores. Foshnja Hyjnore, Lindjen e s\u00eb Cil\u00ebs kremtojm\u00eb sot, nuk rrezaton vet\u00ebm pafaj\u00ebsi, d\u00eblir\u00ebsi dhe","og_url":"https:\/\/orthodoxalbania.org\/2020\/2005\/02\/14\/krishtlindje-2005\/","og_site_name":"Kisha Orthodh\u03bfkse Autoqefale e Shqip\u00ebris\u00eb","article_publisher":"https:\/\/www.facebook.com\/koash1991","article_published_time":"2005-02-14T10:11:10+00:00","article_modified_time":"2020-04-06T20:41:54+00:00","og_image":[{"url":"https:\/\/lh3.googleusercontent.com\/-0XaSr7tg_9w\/U_NB8PwotlI\/AAAAAAAAA2g\/QXaauIV8bCc\/s577-no\/logo.png","type":"","width":"","height":""}],"author":"Kisha Orthodhokse","twitter_card":"summary_large_image","twitter_misc":{"Written by":"Kisha Orthodhokse","Est. reading time":"7 minutes"},"schema":{"@context":"https:\/\/schema.org","@graph":[{"@type":"Article","@id":"https:\/\/orthodoxalbania.org\/2020\/2005\/02\/14\/krishtlindje-2005\/#article","isPartOf":{"@id":"https:\/\/orthodoxalbania.org\/2020\/2005\/02\/14\/krishtlindje-2005\/"},"author":{"name":"Kisha Orthodhokse","@id":"https:\/\/orthodoxalbania.org\/2020\/#\/schema\/person\/0c387634a7063ac612d7ed9ce71c7e86"},"headline":"Krishtlindje 2005. (Dhjetor 2005)","datePublished":"2005-02-14T10:11:10+00:00","dateModified":"2020-04-06T20:41:54+00:00","mainEntityOfPage":{"@id":"https:\/\/orthodoxalbania.org\/2020\/2005\/02\/14\/krishtlindje-2005\/"},"wordCount":1477,"commentCount":0,"publisher":{"@id":"https:\/\/orthodoxalbania.org\/2020\/#organization"},"image":{"@id":"https:\/\/orthodoxalbania.org\/2020\/2005\/02\/14\/krishtlindje-2005\/#primaryimage"},"thumbnailUrl":"https:\/\/lh3.googleusercontent.com\/-0XaSr7tg_9w\/U_NB8PwotlI\/AAAAAAAAA2g\/QXaauIV8bCc\/s577-no\/logo.png","keywords":["2005","Krishtlindje","Kryepiskopata Tiran\u00eb","Kryepiskopi Anastas","lajme","Mesazhet Festive"],"articleSection":["Lajme"],"inLanguage":"en-US"},{"@type":"WebPage","@id":"https:\/\/orthodoxalbania.org\/2020\/2005\/02\/14\/krishtlindje-2005\/","url":"https:\/\/orthodoxalbania.org\/2020\/2005\/02\/14\/krishtlindje-2005\/","name":"Krishtlindje 2005. (Dhjetor 2005) - Kisha Orthodh\u03bfkse Autoqefale e Shqip\u00ebris\u00eb","isPartOf":{"@id":"https:\/\/orthodoxalbania.org\/2020\/#website"},"primaryImageOfPage":{"@id":"https:\/\/orthodoxalbania.org\/2020\/2005\/02\/14\/krishtlindje-2005\/#primaryimage"},"image":{"@id":"https:\/\/orthodoxalbania.org\/2020\/2005\/02\/14\/krishtlindje-2005\/#primaryimage"},"thumbnailUrl":"https:\/\/lh3.googleusercontent.com\/-0XaSr7tg_9w\/U_NB8PwotlI\/AAAAAAAAA2g\/QXaauIV8bCc\/s577-no\/logo.png","datePublished":"2005-02-14T10:11:10+00:00","dateModified":"2020-04-06T20:41:54+00:00","breadcrumb":{"@id":"https:\/\/orthodoxalbania.org\/2020\/2005\/02\/14\/krishtlindje-2005\/#breadcrumb"},"inLanguage":"en-US","potentialAction":[{"@type":"ReadAction","target":["https:\/\/orthodoxalbania.org\/2020\/2005\/02\/14\/krishtlindje-2005\/"]}]},{"@type":"ImageObject","inLanguage":"en-US","@id":"https:\/\/orthodoxalbania.org\/2020\/2005\/02\/14\/krishtlindje-2005\/#primaryimage","url":"https:\/\/lh3.googleusercontent.com\/-0XaSr7tg_9w\/U_NB8PwotlI\/AAAAAAAAA2g\/QXaauIV8bCc\/s577-no\/logo.png","contentUrl":"https:\/\/lh3.googleusercontent.com\/-0XaSr7tg_9w\/U_NB8PwotlI\/AAAAAAAAA2g\/QXaauIV8bCc\/s577-no\/logo.png"},{"@type":"BreadcrumbList","@id":"https:\/\/orthodoxalbania.org\/2020\/2005\/02\/14\/krishtlindje-2005\/#breadcrumb","itemListElement":[{"@type":"ListItem","position":1,"name":"Home","item":"https:\/\/orthodoxalbania.org\/2020\/"},{"@type":"ListItem","position":2,"name":"Krishtlindje 2005. (Dhjetor 2005)"}]},{"@type":"WebSite","@id":"https:\/\/orthodoxalbania.org\/2020\/#website","url":"https:\/\/orthodoxalbania.org\/2020\/","name":"Kisha Orthodh\u03bfkse Autoqefale e Shqip\u00ebris\u00eb","description":"Fqja Zyrtare e Kish\u00ebs Orthodhokse Autoqefale e Shqip\u00ebris\u00eb me lajmet edhe informacionet zyrtare p\u00ebr struktur\u00ebn edhe veprimtarin e saj.","publisher":{"@id":"https:\/\/orthodoxalbania.org\/2020\/#organization"},"potentialAction":[{"@type":"SearchAction","target":{"@type":"EntryPoint","urlTemplate":"https:\/\/orthodoxalbania.org\/2020\/?s={search_term_string}"},"query-input":{"@type":"PropertyValueSpecification","valueRequired":true,"valueName":"search_term_string"}}],"inLanguage":"en-US"},{"@type":"Organization","@id":"https:\/\/orthodoxalbania.org\/2020\/#organization","name":"Kisha Orthodhokse Autoqefale e Shqip\u00ebris\u00eb","url":"https:\/\/orthodoxalbania.org\/2020\/","logo":{"@type":"ImageObject","inLanguage":"en-US","@id":"https:\/\/orthodoxalbania.org\/2020\/#\/schema\/logo\/image\/","url":"https:\/\/orthodoxalbania.org\/2020\/wp-content\/uploads\/2020\/05\/albania.jpeg","contentUrl":"https:\/\/orthodoxalbania.org\/2020\/wp-content\/uploads\/2020\/05\/albania.jpeg","width":540,"height":540,"caption":"Kisha Orthodhokse Autoqefale e Shqip\u00ebris\u00eb"},"image":{"@id":"https:\/\/orthodoxalbania.org\/2020\/#\/schema\/logo\/image\/"},"sameAs":["https:\/\/www.facebook.com\/koash1991"]},{"@type":"Person","@id":"https:\/\/orthodoxalbania.org\/2020\/#\/schema\/person\/0c387634a7063ac612d7ed9ce71c7e86","name":"Kisha Orthodhokse","image":{"@type":"ImageObject","inLanguage":"en-US","@id":"https:\/\/secure.gravatar.com\/avatar\/596e7c417251e30f2fbb9c00e026fce61a695a00e51c889caded71c96cbbdde5?s=96&d=mm&r=g","url":"https:\/\/secure.gravatar.com\/avatar\/596e7c417251e30f2fbb9c00e026fce61a695a00e51c889caded71c96cbbdde5?s=96&d=mm&r=g","contentUrl":"https:\/\/secure.gravatar.com\/avatar\/596e7c417251e30f2fbb9c00e026fce61a695a00e51c889caded71c96cbbdde5?s=96&d=mm&r=g","caption":"Kisha Orthodhokse"}}]}},"_links":{"self":[{"href":"https:\/\/orthodoxalbania.org\/2020\/wp-json\/wp\/v2\/posts\/844","targetHints":{"allow":["GET"]}}],"collection":[{"href":"https:\/\/orthodoxalbania.org\/2020\/wp-json\/wp\/v2\/posts"}],"about":[{"href":"https:\/\/orthodoxalbania.org\/2020\/wp-json\/wp\/v2\/types\/post"}],"author":[{"embeddable":true,"href":"https:\/\/orthodoxalbania.org\/2020\/wp-json\/wp\/v2\/users\/1"}],"replies":[{"embeddable":true,"href":"https:\/\/orthodoxalbania.org\/2020\/wp-json\/wp\/v2\/comments?post=844"}],"version-history":[{"count":1,"href":"https:\/\/orthodoxalbania.org\/2020\/wp-json\/wp\/v2\/posts\/844\/revisions"}],"predecessor-version":[{"id":15857,"href":"https:\/\/orthodoxalbania.org\/2020\/wp-json\/wp\/v2\/posts\/844\/revisions\/15857"}],"wp:attachment":[{"href":"https:\/\/orthodoxalbania.org\/2020\/wp-json\/wp\/v2\/media?parent=844"}],"wp:term":[{"taxonomy":"category","embeddable":true,"href":"https:\/\/orthodoxalbania.org\/2020\/wp-json\/wp\/v2\/categories?post=844"},{"taxonomy":"post_tag","embeddable":true,"href":"https:\/\/orthodoxalbania.org\/2020\/wp-json\/wp\/v2\/tags?post=844"}],"curies":[{"name":"wp","href":"https:\/\/api.w.org\/{rel}","templated":true}]}}