{"id":842,"date":"2013-12-19T08:25:15","date_gmt":"2013-12-19T08:25:15","guid":{"rendered":""},"modified":"2020-04-06T22:05:25","modified_gmt":"2020-04-06T20:05:25","slug":"krishtlindja-po-vjen","status":"publish","type":"post","link":"https:\/\/orthodoxalbania.org\/2020\/2013\/12\/19\/krishtlindja-po-vjen\/","title":{"rendered":"Krishtlindja po vjen. (Dhjetor 2013)"},"content":{"rendered":"<div style=\"text-align: justify;\">\n\t<img class=\"lazyload\" decoding=\"async\" alt=\"\" src=\"data:image\/gif;base64,R0lGODlhAQABAAAAACH5BAEKAAEALAAAAAABAAEAAAICTAEAOw==\" data-orig-src=\"http:\/\/www.orthodoxalbania.org\/images\/News and Publications\/festivalrinia\/P1010037_600x449.JPG\" style=\"border-width: 1px; border-style: solid; width: 300px; height: 225px; margin: 10px; float: left;\" \/>&nbsp;&nbsp;&nbsp;<span style=\"font-family:tahoma,geneva,sans-serif;\"><span style=\"font-size: 12px;\"> <span style=\"color: rgb(0, 0, 0);\">Krishtlindja po vjen, g\u00ebzimi i fest\u00ebs ndjehet kudo. Kisha Orthodhokse tashm\u00eb psal \u00e7do dit\u00eb n\u00eb himnet e saj se Virgj\u00ebresha Mari po p\u00ebrgatitet t\u00eb sjell\u00eb n\u00eb jet\u00eb djalin e saj t\u00eb vet\u00ebm dhe Birin e Vet\u00ebm t\u00eb Per\u00ebndis\u00eb. Gjith\u00e7ka n\u00eb Kish\u00eb th\u00ebrret m\u00eb z\u00eb t\u00eb lart\u00eb, Krishti po vjen, priteni. Kudo q\u00eb hedh syt\u00eb sheh zbukurime dhe d\u00ebgjon k\u00ebng\u00eb q\u00eb lidhen me ardhjen e Krishtlindjes.<\/span><\/span><\/span><\/div>\n<div style=\"text-align: justify;\">\n\t<br \/>\n\t<span style=\"font-family:tahoma,geneva,sans-serif;\"><span style=\"font-size: 12px;\"><span style=\"color: rgb(0, 0, 0);\">&nbsp;&nbsp;&nbsp; Mes atyre q\u00eb e festojn\u00eb m\u00eb me shum\u00eb g\u00ebzim k\u00ebt\u00eb fest\u00eb jan\u00eb t\u00eb rinjt\u00eb dhe f\u00ebmij\u00ebt. F\u00ebmij\u00ebt i sheh t\u00eb rendin aty k\u00ebtu duke l\u00ebvizur sikur do t\u00eb blejn\u00eb \u00e7do gj\u00eb q\u00eb shohin, dhe nga ana tjet\u00ebr zemrat e tyre t\u00eb vogla presin me padurim q\u00eb t\u00eb ndjejn\u00eb g\u00ebzim, dhe sidomos g\u00ebzimin e lindjes s\u00eb Jisu Krishtit.<\/span><\/span><\/span><\/div>\n<div style=\"text-align: justify;\">\n\t<br \/>\n\t<span style=\"font-family:tahoma,geneva,sans-serif;\"><span style=\"font-size: 12px;\"><span style=\"color: rgb(0, 0, 0);\">&nbsp;&nbsp;&nbsp; Kisha Orthodhokse Autoqefale e Shqip\u00ebris\u00eb e ka prioritet zhvillimin e programeve me \u00e7do grupmosh\u00eb, por sidomos me t\u00eb rinjt\u00eb dhe f\u00ebmij\u00ebt. Para Krishtlindjes dhe pas saj do t\u00eb zhvillohen nj\u00eb s\u00ebr\u00eb aktivitetesh q\u00eb kan\u00eb lidhje me k\u00ebt\u00eb fest\u00eb t\u00eb madhe.<\/span><\/span><\/span><\/div>\n<div style=\"text-align: justify;\">\n\t<br \/>\n\t<span style=\"font-family:tahoma,geneva,sans-serif;\"><span style=\"font-size: 12px;\"><span style=\"color: rgb(0, 0, 0);\">&nbsp;&nbsp;&nbsp; Shkolla Protagonist\u00ebt do t\u00eb zhvilloj\u00eb koncertin e saj festiv me dat\u00eb 20 Dhjetor n\u00eb or\u00ebn 17:00; Rinia Orthodhokse \u201cBijt\u00eb e Drit\u00ebs\u201d ka koncertin e saj festiv m\u00eb 26.12.2013 n\u00eb or\u00ebn 17:30; Zyra e Katekizmit do t\u00eb zhvilloj\u00eb nj\u00eb s\u00ebr\u00eb aktivitetesh me f\u00ebmij\u00ebt dhe t\u00eb rinjt\u00eb n\u00eb qytetet dhe fshatrat p\u00ebrreth Shqip\u00ebris\u00eb. Grupet e katekizmit do t\u00eb marrin pjes\u00eb n\u00eb programin e ve\u00e7ant\u00eb t\u00eb Krishtlindjes, n\u00eb aktivitetin e kolendrave i cili do t\u00eb rikthehet k\u00ebt\u00eb vit p\u00ebr her\u00eb t\u00eb par\u00eb n\u00eb disa vende, dhe gjithashtu po p\u00ebrgatit disa grupe me t\u00eb rinj dhe f\u00ebmij\u00eb p\u00ebr t\u00eb marr\u00eb pjes\u00eb n\u00eb koncertin festiv t\u00eb Krishtlindjes.<\/span><\/span><\/span><\/div>\n<div style=\"text-align: justify;\">\n\t<br \/>\n\t<span style=\"font-family:tahoma,geneva,sans-serif;\"><span style=\"font-size: 12px;\"><span style=\"color: rgb(0, 0, 0);\">&nbsp;&nbsp;&nbsp; Gjithashtu Zyra Qendrore e F\u00ebmij\u00ebve po zhvillon n\u00eb nj\u00eb s\u00ebr\u00eb vendesh aktivitete p\u00ebr fest\u00ebn e Krishtlindjes. Kjo zyr\u00eb po zhvillon aktivitetin qendror t\u00eb k\u00ebsaj feste q\u00eb \u00ebsht\u00eb i p\u00ebrb\u00ebr\u00eb me dram\u00eb, m\u00ebsim, k\u00ebng\u00eb, lutje, pun\u00eb dore; me kolendrat q\u00eb m\u00eb dat\u00eb 22 t\u00eb Dhjetorit do t\u00eb shkojn\u00eb n\u00eb familjet e besimtar\u00ebve dhe do t\u00eb k\u00ebndojn\u00eb k\u00ebng\u00eb q\u00eb kan\u00eb lidhje me lindjen e Krishtit, dhe me teatrin&nbsp; l\u00ebviz\u00ebs t\u00eb kukullave, i cili k\u00ebt\u00eb fundviti u ndoq nga 1 000 f\u00ebmij\u00eb.<\/span><\/span><\/span><\/div>\n<div style=\"text-align: justify;\">\n\t<br \/>\n\t<span style=\"font-family:tahoma,geneva,sans-serif;\"><span style=\"font-size: 12px;\"><span style=\"color: rgb(0, 0, 0);\">&nbsp;&nbsp;&nbsp; Shfaqja e k\u00ebsaj Krishtlindje titullohej, \u201cNga Vendi Un\u00eb tek Vendi Ti\u201d. Teatri l\u00ebviz\u00ebs e ofroi k\u00ebt\u00eb shfaqje n\u00eb Tiran\u00eb, Vlor\u00eb, Fier, Berat, Gramsh, Librazhd, Kavaj\u00eb, Durr\u00ebs, Toshk\u00ebz, Agim, Sht\u00ebrmen, Shijon, Gjinar, Sh\u00ebn Vlash, dhe Rrushkull.<\/span><\/span><\/span><\/div>\n<div style=\"text-align: justify;\">\n\t<br \/>\n\t<span style=\"font-family:tahoma,geneva,sans-serif;\"><span style=\"font-size: 12px;\"><span style=\"color: rgb(0, 0, 0);\">&nbsp;&nbsp;&nbsp; Historia e k\u00ebsaj shfaqje \u00ebsht\u00eb shum\u00eb t\u00ebrheq\u00ebse dhe tregon p\u00ebr nj\u00eb djal\u00eb t\u00eb vog\u00ebl i cili banonte n\u00eb Vendin Un\u00eb. Banor\u00ebt e k\u00ebtij vendi ishin njer\u00ebz q\u00eb nuk shkonin mir\u00eb me nj\u00ebri-tjetrin dhe f\u00ebmij\u00ebt nuk luanin bashk\u00eb p\u00ebr arsye se d\u00ebshironte \u00e7donj\u00ebri t\u00eb ishte fitues. Vendi Un\u00eb drejtohej nga Mbret\u00ebresha Mendjemadh\u00ebsi dhe ajo i frym\u00ebzonte njer\u00ebzit e k\u00ebtij vendi se nuk ekziston vend m\u00eb i bukur se Vendi Un\u00eb.<\/span><\/span><\/span><\/div>\n<div style=\"text-align: justify;\">\n\t<br \/>\n\t<span style=\"font-family:tahoma,geneva,sans-serif;\"><span style=\"font-size: 12px;\"><span style=\"color: rgb(0, 0, 0);\">&nbsp;&nbsp;&nbsp; Por, Kok\u00ebforti, djali i vog\u00ebl nga Vendi Un\u00eb, d\u00ebgjoi nj\u00eb dit\u00eb p\u00ebr Vendin Ti dhe d\u00ebshironte ta vizitonte k\u00ebt\u00eb vend me gjith\u00eb sakrific\u00ebn q\u00eb mund t\u2019i kushtonte. Ai e vizitoi Vendin Ti dhe m\u00ebsoi se rregulli p\u00ebr t\u00eb hyr\u00eb n\u00eb k\u00ebt\u00eb vend nuk ishte m\u00eb si n\u00eb Vendin Un\u00eb q\u00eb \u00e7donj\u00ebri thoshte Un\u00eb i pari, por k\u00ebtu duhet t\u00eb m\u00ebsoje t\u00eb thoje Ti i pari. P\u00ebrul\u00ebsia dhe dashuria mbizot\u00ebronin kudo. Kjo gj\u00eb e ndryshoi gjith\u00eb jet\u00ebn e Kok\u00ebfortit dhe ai u p\u00ebrpoq q\u00eb t\u00eb m\u00ebsonte p\u00ebr k\u00ebto gj\u00ebra edhe banor\u00ebt e tjer\u00eb t\u00eb Vendit Un\u00eb.<\/span><\/span><\/span><\/div>\n<div style=\"text-align: justify;\">\n\t<br \/>\n\t<span style=\"font-family:tahoma,geneva,sans-serif;\"><span style=\"font-size: 12px;\"><span style=\"color: rgb(0, 0, 0);\">&nbsp;&nbsp;&nbsp; F\u00ebmij\u00ebt pat\u00ebn mund\u00ebsin\u00eb q\u00eb n\u00ebp\u00ebrmjet teatrit t\u00eb m\u00ebsonin m\u00eb shum\u00eb mbi p\u00ebrul\u00ebsin\u00eb, faljen dhe dashurin\u00eb p\u00ebr nj\u00ebri-tjetrin. Ata kuptuan se arsyeja e ardhjes s\u00eb Krishtit foshnj\u00eb n\u00eb k\u00ebt\u00eb bot\u00eb, \u00ebsht\u00eb pik\u00ebrisht dashuria e madhe ndaj njer\u00ebzimit. Nj\u00eb program nj\u00eb or\u00eb e gjysm\u00eb b\u00ebri q\u00eb f\u00ebmij\u00ebt t\u00eb arg\u00ebtohet dhe t\u00eb kalojn\u00eb nj\u00eb koh\u00eb frytdh\u00ebn\u00ebse. P\u00ebrve\u00e7 shfaqjes me kukulla f\u00ebmij\u00ebt mor\u00ebn pjes\u00eb n\u00eb konkursin lidhur mbi tem\u00ebn e shfaqjes me kukulla dhe m\u00eb pas m\u00ebsuan disa k\u00ebng\u00eb p\u00ebr Krishtlindjen, duke zhvilluar disa loj\u00ebra. N\u00eb fund ata mor\u00ebn pjes\u00eb edhe n\u00eb nj\u00eb koktej t\u00eb thjesht\u00eb.<\/span><\/span><\/span><\/div>\n<div style=\"text-align: justify;\">\n\t<br \/>\n\t<span style=\"font-family:tahoma,geneva,sans-serif;\"><span style=\"font-size: 12px;\"><span style=\"color: rgb(0, 0, 0);\">&nbsp;&nbsp;&nbsp; Festa e Madhe e Krishtlindjes po vjen dhe fryma e k\u00ebsaj feste b\u00ebhet gjithnj\u00eb edhe m\u00eb e prekshme. \u00c7do aktivitet q\u00eb zhvillohet n\u00eb lidhje me k\u00ebt\u00eb fest\u00eb u thot\u00eb t\u00eb gjith\u00ebve se ardhja e Krishtit \u00ebsht\u00eb dhurata m\u00eb e bukur q\u00eb njer\u00ebzia ka marr\u00eb ndonj\u00ebher\u00eb. Le t\u00eb hapim zemrat dhe le t\u00eb presim ardhjen e foshnj\u00ebs Jisu ashtu si\u00e7 i takon.<\/span><\/span><\/span><\/div>\n<div style=\"text-align: right;\">\n\t<br \/>\n\t<span style=\"font-family:tahoma,geneva,sans-serif;\"><span style=\"font-size: 12px;\"><span style=\"color: rgb(0, 0, 0);\"><strong>Ana Meni<\/strong><\/span><\/span><\/span><br \/>\n\t&nbsp;<\/div>\n<p style=\"text-align: justify;\">\n\t<strong><img decoding=\"async\" class=\"lazyload HAa Eha\" src=\"data:image\/gif;base64,R0lGODlhAQABAAAAACH5BAEKAAEALAAAAAABAAEAAAICTAEAOw==\" data-orig-src=\"https:\/\/lh3.googleusercontent.com\/-0eM0fjljoLw\/UrKqR6ArpFI\/AAAAAAAAHCc\/JoPKzARglgI\/w702-h527-no\/Teatri+i+kukullave+2.JPG\" style=\"height: 450px; width: 600px; margin: 10px; border-width: 1px; border-style: solid;\" \/><\/strong><\/p>\n<p style=\"text-align: justify;\">\n\t<strong><img decoding=\"async\" class=\"lazyload HAa Eha\" src=\"data:image\/gif;base64,R0lGODlhAQABAAAAACH5BAEKAAEALAAAAAABAAEAAAICTAEAOw==\" data-orig-src=\"https:\/\/lh5.googleusercontent.com\/-Mi4FtSO6nh4\/UrKqeDnEBpI\/AAAAAAAAHCs\/AVZrZpu19b4\/w702-h527-no\/teatri+i+kukullave+3.JPG\" style=\"height: 450px; width: 600px; margin: 10px; border-width: 1px; border-style: solid;\" \/><\/strong><\/p>\n<p style=\"text-align: justify;\">\n\t<strong><img decoding=\"async\" class=\"lazyload HAa Eha\" src=\"data:image\/gif;base64,R0lGODlhAQABAAAAACH5BAEKAAEALAAAAAABAAEAAAICTAEAOw==\" data-orig-src=\"https:\/\/lh4.googleusercontent.com\/-P-GSyMKb-QU\/UrKqUjv5hdI\/AAAAAAAAHCk\/ZDFLWD4zYSs\/w702-h527-no\/Teatri+i+kukullave+2013.JPG\" style=\"height: 450px; width: 600px; margin: 10px; border-width: 1px; border-style: solid;\" \/><\/strong><\/p>\n","protected":false},"excerpt":{"rendered":"<p>&nbsp;&nbsp;&nbsp; Krishtlindja po vjen, g\u00ebzimi i fest\u00ebs ndjehet kudo. Kisha Orthodhokse tashm\u00eb psal \u00e7do dit\u00eb n\u00eb himnet e saj se Virgj\u00ebresha Mari po p\u00ebrgatitet t\u00eb sjell\u00eb n\u00eb jet\u00eb djalin e saj t\u00eb vet\u00ebm dhe Birin e Vet\u00ebm t\u00eb Per\u00ebndis\u00eb. Gjith\u00e7ka n\u00eb Kish\u00eb th\u00ebrret m\u00eb z\u00eb t\u00eb lart\u00eb, Krishti po vjen, priteni. Kudo q\u00eb hedh syt\u00eb sheh zbukurime dhe d\u00ebgjon k\u00ebng\u00eb q\u00eb lidhen me ardhjen e<\/p>\n","protected":false},"author":1,"featured_media":0,"comment_status":"open","ping_status":"open","sticky":false,"template":"","format":"standard","meta":{"_acf_changed":false,"pagelayer_contact_templates":[],"_pagelayer_content":"","inline_featured_image":false,"fifu_image_url":"","fifu_image_alt":"","footnotes":""},"categories":[108],"tags":[141,192,196,212,167],"class_list":["post-842","post","type-post","status-publish","format-standard","hentry","category-lajme","tag-141","tag-krishtlindje","tag-tirane","tag-lajme-d27","tag-vigjilje-krishtlindjesh"],"acf":[],"yoast_head":"<!-- This site is optimized with the Yoast SEO plugin v27.2 - https:\/\/yoast.com\/product\/yoast-seo-wordpress\/ -->\n<title>Krishtlindja po vjen. (Dhjetor 2013) - Kisha Orthodh\u03bfkse Autoqefale e Shqip\u00ebris\u00eb<\/title>\n<meta name=\"robots\" content=\"index, follow, max-snippet:-1, max-image-preview:large, max-video-preview:-1\" \/>\n<link rel=\"canonical\" href=\"https:\/\/orthodoxalbania.org\/2020\/2013\/12\/19\/krishtlindja-po-vjen\/\" \/>\n<meta property=\"og:locale\" content=\"en_US\" \/>\n<meta property=\"og:type\" content=\"article\" \/>\n<meta property=\"og:title\" content=\"Krishtlindja po vjen. (Dhjetor 2013) - Kisha Orthodh\u03bfkse Autoqefale e Shqip\u00ebris\u00eb\" \/>\n<meta property=\"og:description\" content=\"&nbsp;&nbsp;&nbsp; Krishtlindja po vjen, g\u00ebzimi i fest\u00ebs ndjehet kudo. Kisha Orthodhokse tashm\u00eb psal \u00e7do dit\u00eb n\u00eb himnet e saj se Virgj\u00ebresha Mari po p\u00ebrgatitet t\u00eb sjell\u00eb n\u00eb jet\u00eb djalin e saj t\u00eb vet\u00ebm dhe Birin e Vet\u00ebm t\u00eb Per\u00ebndis\u00eb. Gjith\u00e7ka n\u00eb Kish\u00eb th\u00ebrret m\u00eb z\u00eb t\u00eb lart\u00eb, Krishti po vjen, priteni. Kudo q\u00eb hedh syt\u00eb sheh zbukurime dhe d\u00ebgjon k\u00ebng\u00eb q\u00eb lidhen me ardhjen e\" \/>\n<meta property=\"og:url\" content=\"https:\/\/orthodoxalbania.org\/2020\/2013\/12\/19\/krishtlindja-po-vjen\/\" \/>\n<meta property=\"og:site_name\" content=\"Kisha Orthodh\u03bfkse Autoqefale e Shqip\u00ebris\u00eb\" \/>\n<meta property=\"article:publisher\" content=\"https:\/\/www.facebook.com\/koash1991\" \/>\n<meta property=\"article:published_time\" content=\"2013-12-19T08:25:15+00:00\" \/>\n<meta property=\"article:modified_time\" content=\"2020-04-06T20:05:25+00:00\" \/>\n<meta property=\"og:image\" content=\"http:\/\/www.orthodoxalbania.org\/images\/News%20and%20Publications\/festivalrinia\/P1010037_600x449.JPG\" \/>\n<meta name=\"author\" content=\"Kisha Orthodhokse\" \/>\n<meta name=\"twitter:card\" content=\"summary_large_image\" \/>\n<meta name=\"twitter:label1\" content=\"Written by\" \/>\n\t<meta name=\"twitter:data1\" content=\"Kisha Orthodhokse\" \/>\n\t<meta name=\"twitter:label2\" content=\"Est. reading time\" \/>\n\t<meta name=\"twitter:data2\" content=\"4 minutes\" \/>\n<script type=\"application\/ld+json\" class=\"yoast-schema-graph\">{\"@context\":\"https:\/\/schema.org\",\"@graph\":[{\"@type\":\"Article\",\"@id\":\"https:\/\/orthodoxalbania.org\/2020\/2013\/12\/19\/krishtlindja-po-vjen\/#article\",\"isPartOf\":{\"@id\":\"https:\/\/orthodoxalbania.org\/2020\/2013\/12\/19\/krishtlindja-po-vjen\/\"},\"author\":{\"name\":\"Kisha Orthodhokse\",\"@id\":\"https:\/\/orthodoxalbania.org\/2020\/#\/schema\/person\/0c387634a7063ac612d7ed9ce71c7e86\"},\"headline\":\"Krishtlindja po vjen. (Dhjetor 2013)\",\"datePublished\":\"2013-12-19T08:25:15+00:00\",\"dateModified\":\"2020-04-06T20:05:25+00:00\",\"mainEntityOfPage\":{\"@id\":\"https:\/\/orthodoxalbania.org\/2020\/2013\/12\/19\/krishtlindja-po-vjen\/\"},\"wordCount\":874,\"commentCount\":0,\"publisher\":{\"@id\":\"https:\/\/orthodoxalbania.org\/2020\/#organization\"},\"image\":{\"@id\":\"https:\/\/orthodoxalbania.org\/2020\/2013\/12\/19\/krishtlindja-po-vjen\/#primaryimage\"},\"thumbnailUrl\":\"https:\/\/lh3.googleusercontent.com\/-0eM0fjljoLw\/UrKqR6ArpFI\/AAAAAAAAHCc\/JoPKzARglgI\/w702-h527-no\/Teatri+i+kukullave+2.JPG\",\"keywords\":[\"2013\",\"Krishtlindje\",\"Kryepiskopata Tiran\u00eb\",\"lajme\",\"Vigjilje Krishtlindjesh\"],\"articleSection\":[\"Lajme\"],\"inLanguage\":\"en-US\"},{\"@type\":\"WebPage\",\"@id\":\"https:\/\/orthodoxalbania.org\/2020\/2013\/12\/19\/krishtlindja-po-vjen\/\",\"url\":\"https:\/\/orthodoxalbania.org\/2020\/2013\/12\/19\/krishtlindja-po-vjen\/\",\"name\":\"Krishtlindja po vjen. (Dhjetor 2013) - Kisha Orthodh\u03bfkse Autoqefale e Shqip\u00ebris\u00eb\",\"isPartOf\":{\"@id\":\"https:\/\/orthodoxalbania.org\/2020\/#website\"},\"primaryImageOfPage\":{\"@id\":\"https:\/\/orthodoxalbania.org\/2020\/2013\/12\/19\/krishtlindja-po-vjen\/#primaryimage\"},\"image\":{\"@id\":\"https:\/\/orthodoxalbania.org\/2020\/2013\/12\/19\/krishtlindja-po-vjen\/#primaryimage\"},\"thumbnailUrl\":\"https:\/\/lh3.googleusercontent.com\/-0eM0fjljoLw\/UrKqR6ArpFI\/AAAAAAAAHCc\/JoPKzARglgI\/w702-h527-no\/Teatri+i+kukullave+2.JPG\",\"datePublished\":\"2013-12-19T08:25:15+00:00\",\"dateModified\":\"2020-04-06T20:05:25+00:00\",\"breadcrumb\":{\"@id\":\"https:\/\/orthodoxalbania.org\/2020\/2013\/12\/19\/krishtlindja-po-vjen\/#breadcrumb\"},\"inLanguage\":\"en-US\",\"potentialAction\":[{\"@type\":\"ReadAction\",\"target\":[\"https:\/\/orthodoxalbania.org\/2020\/2013\/12\/19\/krishtlindja-po-vjen\/\"]}]},{\"@type\":\"ImageObject\",\"inLanguage\":\"en-US\",\"@id\":\"https:\/\/orthodoxalbania.org\/2020\/2013\/12\/19\/krishtlindja-po-vjen\/#primaryimage\",\"url\":\"https:\/\/lh3.googleusercontent.com\/-0eM0fjljoLw\/UrKqR6ArpFI\/AAAAAAAAHCc\/JoPKzARglgI\/w702-h527-no\/Teatri+i+kukullave+2.JPG\",\"contentUrl\":\"https:\/\/lh3.googleusercontent.com\/-0eM0fjljoLw\/UrKqR6ArpFI\/AAAAAAAAHCc\/JoPKzARglgI\/w702-h527-no\/Teatri+i+kukullave+2.JPG\"},{\"@type\":\"BreadcrumbList\",\"@id\":\"https:\/\/orthodoxalbania.org\/2020\/2013\/12\/19\/krishtlindja-po-vjen\/#breadcrumb\",\"itemListElement\":[{\"@type\":\"ListItem\",\"position\":1,\"name\":\"Home\",\"item\":\"https:\/\/orthodoxalbania.org\/2020\/\"},{\"@type\":\"ListItem\",\"position\":2,\"name\":\"Krishtlindja po vjen. (Dhjetor 2013)\"}]},{\"@type\":\"WebSite\",\"@id\":\"https:\/\/orthodoxalbania.org\/2020\/#website\",\"url\":\"https:\/\/orthodoxalbania.org\/2020\/\",\"name\":\"Kisha Orthodh\u03bfkse Autoqefale e Shqip\u00ebris\u00eb\",\"description\":\"Fqja Zyrtare e Kish\u00ebs Orthodhokse Autoqefale e Shqip\u00ebris\u00eb me lajmet edhe informacionet zyrtare p\u00ebr struktur\u00ebn edhe veprimtarin e saj.\",\"publisher\":{\"@id\":\"https:\/\/orthodoxalbania.org\/2020\/#organization\"},\"potentialAction\":[{\"@type\":\"SearchAction\",\"target\":{\"@type\":\"EntryPoint\",\"urlTemplate\":\"https:\/\/orthodoxalbania.org\/2020\/?s={search_term_string}\"},\"query-input\":{\"@type\":\"PropertyValueSpecification\",\"valueRequired\":true,\"valueName\":\"search_term_string\"}}],\"inLanguage\":\"en-US\"},{\"@type\":\"Organization\",\"@id\":\"https:\/\/orthodoxalbania.org\/2020\/#organization\",\"name\":\"Kisha Orthodhokse Autoqefale e Shqip\u00ebris\u00eb\",\"url\":\"https:\/\/orthodoxalbania.org\/2020\/\",\"logo\":{\"@type\":\"ImageObject\",\"inLanguage\":\"en-US\",\"@id\":\"https:\/\/orthodoxalbania.org\/2020\/#\/schema\/logo\/image\/\",\"url\":\"https:\/\/orthodoxalbania.org\/2020\/wp-content\/uploads\/2020\/05\/albania.jpeg\",\"contentUrl\":\"https:\/\/orthodoxalbania.org\/2020\/wp-content\/uploads\/2020\/05\/albania.jpeg\",\"width\":540,\"height\":540,\"caption\":\"Kisha Orthodhokse Autoqefale e Shqip\u00ebris\u00eb\"},\"image\":{\"@id\":\"https:\/\/orthodoxalbania.org\/2020\/#\/schema\/logo\/image\/\"},\"sameAs\":[\"https:\/\/www.facebook.com\/koash1991\"]},{\"@type\":\"Person\",\"@id\":\"https:\/\/orthodoxalbania.org\/2020\/#\/schema\/person\/0c387634a7063ac612d7ed9ce71c7e86\",\"name\":\"Kisha Orthodhokse\",\"image\":{\"@type\":\"ImageObject\",\"inLanguage\":\"en-US\",\"@id\":\"https:\/\/secure.gravatar.com\/avatar\/596e7c417251e30f2fbb9c00e026fce61a695a00e51c889caded71c96cbbdde5?s=96&d=mm&r=g\",\"url\":\"https:\/\/secure.gravatar.com\/avatar\/596e7c417251e30f2fbb9c00e026fce61a695a00e51c889caded71c96cbbdde5?s=96&d=mm&r=g\",\"contentUrl\":\"https:\/\/secure.gravatar.com\/avatar\/596e7c417251e30f2fbb9c00e026fce61a695a00e51c889caded71c96cbbdde5?s=96&d=mm&r=g\",\"caption\":\"Kisha Orthodhokse\"}}]}<\/script>\n<!-- \/ Yoast SEO plugin. -->","yoast_head_json":{"title":"Krishtlindja po vjen. (Dhjetor 2013) - Kisha Orthodh\u03bfkse Autoqefale e Shqip\u00ebris\u00eb","robots":{"index":"index","follow":"follow","max-snippet":"max-snippet:-1","max-image-preview":"max-image-preview:large","max-video-preview":"max-video-preview:-1"},"canonical":"https:\/\/orthodoxalbania.org\/2020\/2013\/12\/19\/krishtlindja-po-vjen\/","og_locale":"en_US","og_type":"article","og_title":"Krishtlindja po vjen. (Dhjetor 2013) - Kisha Orthodh\u03bfkse Autoqefale e Shqip\u00ebris\u00eb","og_description":"&nbsp;&nbsp;&nbsp; Krishtlindja po vjen, g\u00ebzimi i fest\u00ebs ndjehet kudo. Kisha Orthodhokse tashm\u00eb psal \u00e7do dit\u00eb n\u00eb himnet e saj se Virgj\u00ebresha Mari po p\u00ebrgatitet t\u00eb sjell\u00eb n\u00eb jet\u00eb djalin e saj t\u00eb vet\u00ebm dhe Birin e Vet\u00ebm t\u00eb Per\u00ebndis\u00eb. Gjith\u00e7ka n\u00eb Kish\u00eb th\u00ebrret m\u00eb z\u00eb t\u00eb lart\u00eb, Krishti po vjen, priteni. Kudo q\u00eb hedh syt\u00eb sheh zbukurime dhe d\u00ebgjon k\u00ebng\u00eb q\u00eb lidhen me ardhjen e","og_url":"https:\/\/orthodoxalbania.org\/2020\/2013\/12\/19\/krishtlindja-po-vjen\/","og_site_name":"Kisha Orthodh\u03bfkse Autoqefale e Shqip\u00ebris\u00eb","article_publisher":"https:\/\/www.facebook.com\/koash1991","article_published_time":"2013-12-19T08:25:15+00:00","article_modified_time":"2020-04-06T20:05:25+00:00","og_image":[{"url":"http:\/\/www.orthodoxalbania.org\/images\/News and Publications\/festivalrinia\/P1010037_600x449.JPG","type":"","width":"","height":""}],"author":"Kisha Orthodhokse","twitter_card":"summary_large_image","twitter_misc":{"Written by":"Kisha Orthodhokse","Est. reading time":"4 minutes"},"schema":{"@context":"https:\/\/schema.org","@graph":[{"@type":"Article","@id":"https:\/\/orthodoxalbania.org\/2020\/2013\/12\/19\/krishtlindja-po-vjen\/#article","isPartOf":{"@id":"https:\/\/orthodoxalbania.org\/2020\/2013\/12\/19\/krishtlindja-po-vjen\/"},"author":{"name":"Kisha Orthodhokse","@id":"https:\/\/orthodoxalbania.org\/2020\/#\/schema\/person\/0c387634a7063ac612d7ed9ce71c7e86"},"headline":"Krishtlindja po vjen. (Dhjetor 2013)","datePublished":"2013-12-19T08:25:15+00:00","dateModified":"2020-04-06T20:05:25+00:00","mainEntityOfPage":{"@id":"https:\/\/orthodoxalbania.org\/2020\/2013\/12\/19\/krishtlindja-po-vjen\/"},"wordCount":874,"commentCount":0,"publisher":{"@id":"https:\/\/orthodoxalbania.org\/2020\/#organization"},"image":{"@id":"https:\/\/orthodoxalbania.org\/2020\/2013\/12\/19\/krishtlindja-po-vjen\/#primaryimage"},"thumbnailUrl":"https:\/\/lh3.googleusercontent.com\/-0eM0fjljoLw\/UrKqR6ArpFI\/AAAAAAAAHCc\/JoPKzARglgI\/w702-h527-no\/Teatri+i+kukullave+2.JPG","keywords":["2013","Krishtlindje","Kryepiskopata Tiran\u00eb","lajme","Vigjilje Krishtlindjesh"],"articleSection":["Lajme"],"inLanguage":"en-US"},{"@type":"WebPage","@id":"https:\/\/orthodoxalbania.org\/2020\/2013\/12\/19\/krishtlindja-po-vjen\/","url":"https:\/\/orthodoxalbania.org\/2020\/2013\/12\/19\/krishtlindja-po-vjen\/","name":"Krishtlindja po vjen. (Dhjetor 2013) - Kisha Orthodh\u03bfkse Autoqefale e Shqip\u00ebris\u00eb","isPartOf":{"@id":"https:\/\/orthodoxalbania.org\/2020\/#website"},"primaryImageOfPage":{"@id":"https:\/\/orthodoxalbania.org\/2020\/2013\/12\/19\/krishtlindja-po-vjen\/#primaryimage"},"image":{"@id":"https:\/\/orthodoxalbania.org\/2020\/2013\/12\/19\/krishtlindja-po-vjen\/#primaryimage"},"thumbnailUrl":"https:\/\/lh3.googleusercontent.com\/-0eM0fjljoLw\/UrKqR6ArpFI\/AAAAAAAAHCc\/JoPKzARglgI\/w702-h527-no\/Teatri+i+kukullave+2.JPG","datePublished":"2013-12-19T08:25:15+00:00","dateModified":"2020-04-06T20:05:25+00:00","breadcrumb":{"@id":"https:\/\/orthodoxalbania.org\/2020\/2013\/12\/19\/krishtlindja-po-vjen\/#breadcrumb"},"inLanguage":"en-US","potentialAction":[{"@type":"ReadAction","target":["https:\/\/orthodoxalbania.org\/2020\/2013\/12\/19\/krishtlindja-po-vjen\/"]}]},{"@type":"ImageObject","inLanguage":"en-US","@id":"https:\/\/orthodoxalbania.org\/2020\/2013\/12\/19\/krishtlindja-po-vjen\/#primaryimage","url":"https:\/\/lh3.googleusercontent.com\/-0eM0fjljoLw\/UrKqR6ArpFI\/AAAAAAAAHCc\/JoPKzARglgI\/w702-h527-no\/Teatri+i+kukullave+2.JPG","contentUrl":"https:\/\/lh3.googleusercontent.com\/-0eM0fjljoLw\/UrKqR6ArpFI\/AAAAAAAAHCc\/JoPKzARglgI\/w702-h527-no\/Teatri+i+kukullave+2.JPG"},{"@type":"BreadcrumbList","@id":"https:\/\/orthodoxalbania.org\/2020\/2013\/12\/19\/krishtlindja-po-vjen\/#breadcrumb","itemListElement":[{"@type":"ListItem","position":1,"name":"Home","item":"https:\/\/orthodoxalbania.org\/2020\/"},{"@type":"ListItem","position":2,"name":"Krishtlindja po vjen. (Dhjetor 2013)"}]},{"@type":"WebSite","@id":"https:\/\/orthodoxalbania.org\/2020\/#website","url":"https:\/\/orthodoxalbania.org\/2020\/","name":"Kisha Orthodh\u03bfkse Autoqefale e Shqip\u00ebris\u00eb","description":"Fqja Zyrtare e Kish\u00ebs Orthodhokse Autoqefale e Shqip\u00ebris\u00eb me lajmet edhe informacionet zyrtare p\u00ebr struktur\u00ebn edhe veprimtarin e saj.","publisher":{"@id":"https:\/\/orthodoxalbania.org\/2020\/#organization"},"potentialAction":[{"@type":"SearchAction","target":{"@type":"EntryPoint","urlTemplate":"https:\/\/orthodoxalbania.org\/2020\/?s={search_term_string}"},"query-input":{"@type":"PropertyValueSpecification","valueRequired":true,"valueName":"search_term_string"}}],"inLanguage":"en-US"},{"@type":"Organization","@id":"https:\/\/orthodoxalbania.org\/2020\/#organization","name":"Kisha Orthodhokse Autoqefale e Shqip\u00ebris\u00eb","url":"https:\/\/orthodoxalbania.org\/2020\/","logo":{"@type":"ImageObject","inLanguage":"en-US","@id":"https:\/\/orthodoxalbania.org\/2020\/#\/schema\/logo\/image\/","url":"https:\/\/orthodoxalbania.org\/2020\/wp-content\/uploads\/2020\/05\/albania.jpeg","contentUrl":"https:\/\/orthodoxalbania.org\/2020\/wp-content\/uploads\/2020\/05\/albania.jpeg","width":540,"height":540,"caption":"Kisha Orthodhokse Autoqefale e Shqip\u00ebris\u00eb"},"image":{"@id":"https:\/\/orthodoxalbania.org\/2020\/#\/schema\/logo\/image\/"},"sameAs":["https:\/\/www.facebook.com\/koash1991"]},{"@type":"Person","@id":"https:\/\/orthodoxalbania.org\/2020\/#\/schema\/person\/0c387634a7063ac612d7ed9ce71c7e86","name":"Kisha Orthodhokse","image":{"@type":"ImageObject","inLanguage":"en-US","@id":"https:\/\/secure.gravatar.com\/avatar\/596e7c417251e30f2fbb9c00e026fce61a695a00e51c889caded71c96cbbdde5?s=96&d=mm&r=g","url":"https:\/\/secure.gravatar.com\/avatar\/596e7c417251e30f2fbb9c00e026fce61a695a00e51c889caded71c96cbbdde5?s=96&d=mm&r=g","contentUrl":"https:\/\/secure.gravatar.com\/avatar\/596e7c417251e30f2fbb9c00e026fce61a695a00e51c889caded71c96cbbdde5?s=96&d=mm&r=g","caption":"Kisha Orthodhokse"}}]}},"_links":{"self":[{"href":"https:\/\/orthodoxalbania.org\/2020\/wp-json\/wp\/v2\/posts\/842","targetHints":{"allow":["GET"]}}],"collection":[{"href":"https:\/\/orthodoxalbania.org\/2020\/wp-json\/wp\/v2\/posts"}],"about":[{"href":"https:\/\/orthodoxalbania.org\/2020\/wp-json\/wp\/v2\/types\/post"}],"author":[{"embeddable":true,"href":"https:\/\/orthodoxalbania.org\/2020\/wp-json\/wp\/v2\/users\/1"}],"replies":[{"embeddable":true,"href":"https:\/\/orthodoxalbania.org\/2020\/wp-json\/wp\/v2\/comments?post=842"}],"version-history":[{"count":1,"href":"https:\/\/orthodoxalbania.org\/2020\/wp-json\/wp\/v2\/posts\/842\/revisions"}],"predecessor-version":[{"id":15146,"href":"https:\/\/orthodoxalbania.org\/2020\/wp-json\/wp\/v2\/posts\/842\/revisions\/15146"}],"wp:attachment":[{"href":"https:\/\/orthodoxalbania.org\/2020\/wp-json\/wp\/v2\/media?parent=842"}],"wp:term":[{"taxonomy":"category","embeddable":true,"href":"https:\/\/orthodoxalbania.org\/2020\/wp-json\/wp\/v2\/categories?post=842"},{"taxonomy":"post_tag","embeddable":true,"href":"https:\/\/orthodoxalbania.org\/2020\/wp-json\/wp\/v2\/tags?post=842"}],"curies":[{"name":"wp","href":"https:\/\/api.w.org\/{rel}","templated":true}]}}