{"id":837,"date":"2013-03-21T10:30:01","date_gmt":"2013-03-21T10:30:01","guid":{"rendered":""},"modified":"2020-04-06T22:31:53","modified_gmt":"2020-04-06T20:31:53","slug":"kreshma-e-madhe-mbledh-te-rinjte-ne-lutje-e-falenderime-ne-manastirin-e-hirshem-te-shen-vlashit","status":"publish","type":"post","link":"https:\/\/orthodoxalbania.org\/2020\/2013\/03\/21\/kreshma-e-madhe-mbledh-te-rinjte-ne-lutje-e-falenderime-ne-manastirin-e-hirshem-te-shen-vlashit\/","title":{"rendered":"Kreshma e Madhe mbledh t\u00eb rinjt\u00eb n\u00eb lutje e falenderime n\u00eb  Manastirin e Hirsh\u00ebm t\u00eb Sh\u00ebn Vlashit. (2012)"},"content":{"rendered":"<div style=\"text-align: justify;\"><span style=\"font-family: tahoma,geneva,sans-serif;\"><span style=\"font-size: 12px;\"><span style=\"color: #000000;\">&nbsp; &nbsp; Gjat\u00eb k\u00ebsaj periudhe t\u00eb Kreshm\u00ebs s\u00eb Madhe, t\u00eb rinjt\u00eb nga grupi rinor n\u00eb Tiran\u00eb marrin pjes\u00eb vazhdimisht n\u00eb Mesh\u00ebn e Dhuratave t\u00eb Parashenjt\u00ebrura n\u00eb Manastiriin e Hirsh\u00ebm t\u00eb sh\u00ebn Vlashit, Durr\u00ebs. Kjo \u00ebsht\u00eb kthyer n\u00eb nj\u00eb tradit\u00eb reth 10-vje\u00e7are. \u00c7do periudh\u00eb kreshme grupi rinor bashkohet me t\u00eb rinjt\u00eb e Akademis\u00eb Teologjike p\u00ebr t\u00eb lavd\u00ebruar dhe fal\u00ebnderuar Zotin s\u00eb bashku. K\u00ebt\u00eb t\u00eb m\u00ebrkur\u00eb, pasi darkuan s\u00eb bashku me student\u00ebt e Akademis\u00eb Teologjike, t\u00eb rinjt\u00eb u takuan p\u00ebr nj\u00eb bised\u00eb t\u00eb shkurt\u00ebr me Hir\u00ebsi Nikoll\u00ebn. Pas urimit q\u00eb t\u00eb rinjt\u00eb i b\u00ebn\u00eb atij p\u00ebr fest\u00ebn e m\u00ebsuesit, duke treguar mir\u00ebnjohjen dhe fal\u00ebnderimin ndaj gjith\u00eb p\u00ebrkujdesjes q\u00eb ai ka treguar p\u00ebr t\u00eb rinjt\u00eb, d\u00ebgjuan prej tij disa mendime dhe sugjerime p\u00ebr Kreshm\u00ebn dhe ushtrimin gjat\u00eb k\u00ebsaj kohe. Hir\u00ebsia iu sugjeroi t\u00eb rinjve t\u00eb b\u00ebjn\u00eb nj\u00eb list\u00eb me gj\u00ebrat q\u00eb duan t\u00eb ndryshojn\u00eb te vetja e tyre gjat\u00eb k\u00ebsaj Kreshme. &#8220;Q\u00eb t\u00eb b\u00ebni di\u00e7ka p\u00ebr Zotin, duhet q\u00eb s\u00eb pari t\u00eb kuptoni q\u00eb edhe Ai ka b\u00ebr\u00eb di\u00e7ka p\u00ebr ju. Jo p\u00ebr bot\u00ebn n\u00eb p\u00ebrgjith\u00ebsi, por p\u00ebr secilin prej nesh personalisht. N\u00ebse arrijm\u00eb ta kuptojm\u00eb e ta p\u00ebrjetojm\u00eb k\u00ebt\u00eb, do t\u00eb jemi gati t\u00eb b\u00ebjm\u00eb edhe ne nj\u00eb sakrific\u00eb p\u00ebr Zotin&#8221;- tha Hir\u00ebsi Nikolla.<\/span><\/span><\/span><\/div>\n<div style=\"text-align: justify;\"><span style=\"font-family: tahoma,geneva,sans-serif;\"><span style=\"font-size: 12px;\"><span style=\"color: #000000;\"><\/span><\/span><\/span>&nbsp;<\/div>\n<table style=\"width: 840px; height: 988px;\" border=\"0\">\n<tbody>\n<tr>\n<td><img decoding=\"async\" class=\"lazyload HAa Eha\" style=\"height: 300px; width: 400px; border-width: 1px; border-style: solid; margin: 10px auto; display: block;\" alt=\"\" src=\"data:image\/gif;base64,R0lGODlhAQABAAAAACH5BAEKAAEALAAAAAABAAEAAAICTAEAOw==\" data-orig-src=\"https:\/\/lh6.googleusercontent.com\/-XLTv7oC6ucg\/VKJhkJHjOeI\/AAAAAAAAJxM\/K-QbwU6zD5Q\/w958-h719-no\/1%2B-%2Bq.s.jpg\" \/><\/td>\n<td><img decoding=\"async\" class=\"lazyload HAa Eha\" style=\"height: 300px; width: 400px; border-width: 1px; border-style: solid; margin: 10px auto; display: block;\" alt=\"\" src=\"data:image\/gif;base64,R0lGODlhAQABAAAAACH5BAEKAAEALAAAAAABAAEAAAICTAEAOw==\" data-orig-src=\"https:\/\/lh5.googleusercontent.com\/-f-T-kj9prXQ\/VKJhkEv8ULI\/AAAAAAAAJxA\/uku_U3tF908\/w958-h719-no\/2%2B-%2Bq.s..jpg\" \/><\/td>\n<\/tr>\n<tr>\n<td><img decoding=\"async\" class=\"lazyload HAa Eha\" style=\"height: 300px; width: 400px; border-width: 1px; border-style: solid; margin: 10px auto; display: block;\" alt=\"\" src=\"data:image\/gif;base64,R0lGODlhAQABAAAAACH5BAEKAAEALAAAAAABAAEAAAICTAEAOw==\" data-orig-src=\"https:\/\/lh4.googleusercontent.com\/-Hvk2OyeZxIU\/VKJhjwCUi3I\/AAAAAAAAJw8\/oVsUqUJAmYI\/w958-h719-no\/3%2B-%2Bq.s..jpg\" \/><\/td>\n<td><img decoding=\"async\" class=\"lazyload HAa Eha\" style=\"height: 300px; width: 400px; border-width: 1px; border-style: solid; margin: 10px auto; display: block;\" alt=\"\" src=\"data:image\/gif;base64,R0lGODlhAQABAAAAACH5BAEKAAEALAAAAAABAAEAAAICTAEAOw==\" data-orig-src=\"https:\/\/lh4.googleusercontent.com\/-ZjwJGedy_ME\/VKJhk4Q05YI\/AAAAAAAAJxE\/i6BYsXWesgI\/w958-h719-no\/4%2B-%2Bq.s..jpg\" \/><\/td>\n<\/tr>\n<tr>\n<td><img decoding=\"async\" class=\"lazyload HAa Eha\" style=\"height: 300px; width: 400px; border-width: 1px; border-style: solid; margin: 10px auto; display: block;\" alt=\"\" src=\"data:image\/gif;base64,R0lGODlhAQABAAAAACH5BAEKAAEALAAAAAABAAEAAAICTAEAOw==\" data-orig-src=\"https:\/\/lh3.googleusercontent.com\/-OUT-AjNMYJk\/VKJhlKwm6vI\/AAAAAAAAJxQ\/x0TrJLEE7ZQ\/w958-h719-no\/5%2B-%2Bq.s..jpg\" \/><\/td>\n<td>&nbsp;<\/td>\n<\/tr>\n<\/tbody>\n<\/table>\n","protected":false},"excerpt":{"rendered":"<p>&nbsp; &nbsp; Gjat\u00eb k\u00ebsaj periudhe t\u00eb Kreshm\u00ebs s\u00eb Madhe, t\u00eb rinjt\u00eb nga grupi rinor n\u00eb Tiran\u00eb marrin pjes\u00eb vazhdimisht n\u00eb Mesh\u00ebn e Dhuratave t\u00eb Parashenjt\u00ebrura n\u00eb Manastiriin e Hirsh\u00ebm t\u00eb sh\u00ebn Vlashit, Durr\u00ebs. Kjo \u00ebsht\u00eb kthyer n\u00eb nj\u00eb tradit\u00eb reth 10-vje\u00e7are. \u00c7do periudh\u00eb kreshme grupi rinor bashkohet me t\u00eb rinjt\u00eb e Akademis\u00eb Teologjike p\u00ebr t\u00eb lavd\u00ebruar dhe fal\u00ebnderuar Zotin s\u00eb bashku. K\u00ebt\u00eb t\u00eb m\u00ebrkur\u00eb, pasi<\/p>\n","protected":false},"author":1,"featured_media":0,"comment_status":"open","ping_status":"open","sticky":false,"template":"","format":"standard","meta":{"_acf_changed":false,"pagelayer_contact_templates":[],"_pagelayer_content":"","inline_featured_image":false,"fifu_image_url":"","fifu_image_alt":"","footnotes":""},"categories":[108],"tags":[142,169,196,212,176],"class_list":["post-837","post","type-post","status-publish","format-standard","hentry","category-lajme","tag-142","tag-akademia-teologjike","tag-tirane","tag-lajme-d27","tag-rinia-orthodhokse"],"acf":[],"yoast_head":"<!-- This site is optimized with the Yoast SEO plugin v27.2 - https:\/\/yoast.com\/product\/yoast-seo-wordpress\/ -->\n<title>Kreshma e Madhe mbledh t\u00eb rinjt\u00eb n\u00eb lutje e falenderime n\u00eb Manastirin e Hirsh\u00ebm t\u00eb Sh\u00ebn Vlashit. (2012) - Kisha Orthodh\u03bfkse Autoqefale e Shqip\u00ebris\u00eb<\/title>\n<meta name=\"robots\" content=\"index, follow, max-snippet:-1, max-image-preview:large, max-video-preview:-1\" \/>\n<link rel=\"canonical\" href=\"https:\/\/orthodoxalbania.org\/2020\/2013\/03\/21\/kreshma-e-madhe-mbledh-te-rinjte-ne-lutje-e-falenderime-ne-manastirin-e-hirshem-te-shen-vlashit\/\" \/>\n<meta property=\"og:locale\" content=\"en_US\" \/>\n<meta property=\"og:type\" content=\"article\" \/>\n<meta property=\"og:title\" content=\"Kreshma e Madhe mbledh t\u00eb rinjt\u00eb n\u00eb lutje e falenderime n\u00eb Manastirin e Hirsh\u00ebm t\u00eb Sh\u00ebn Vlashit. (2012) - Kisha Orthodh\u03bfkse Autoqefale e Shqip\u00ebris\u00eb\" \/>\n<meta property=\"og:description\" content=\"&nbsp; &nbsp; Gjat\u00eb k\u00ebsaj periudhe t\u00eb Kreshm\u00ebs s\u00eb Madhe, t\u00eb rinjt\u00eb nga grupi rinor n\u00eb Tiran\u00eb marrin pjes\u00eb vazhdimisht n\u00eb Mesh\u00ebn e Dhuratave t\u00eb Parashenjt\u00ebrura n\u00eb Manastiriin e Hirsh\u00ebm t\u00eb sh\u00ebn Vlashit, Durr\u00ebs. Kjo \u00ebsht\u00eb kthyer n\u00eb nj\u00eb tradit\u00eb reth 10-vje\u00e7are. \u00c7do periudh\u00eb kreshme grupi rinor bashkohet me t\u00eb rinjt\u00eb e Akademis\u00eb Teologjike p\u00ebr t\u00eb lavd\u00ebruar dhe fal\u00ebnderuar Zotin s\u00eb bashku. K\u00ebt\u00eb t\u00eb m\u00ebrkur\u00eb, pasi\" \/>\n<meta property=\"og:url\" content=\"https:\/\/orthodoxalbania.org\/2020\/2013\/03\/21\/kreshma-e-madhe-mbledh-te-rinjte-ne-lutje-e-falenderime-ne-manastirin-e-hirshem-te-shen-vlashit\/\" \/>\n<meta property=\"og:site_name\" content=\"Kisha Orthodh\u03bfkse Autoqefale e Shqip\u00ebris\u00eb\" \/>\n<meta property=\"article:publisher\" content=\"https:\/\/www.facebook.com\/koash1991\" \/>\n<meta property=\"article:published_time\" content=\"2013-03-21T10:30:01+00:00\" \/>\n<meta property=\"article:modified_time\" content=\"2020-04-06T20:31:53+00:00\" \/>\n<meta property=\"og:image\" content=\"https:\/\/lh6.googleusercontent.com\/-XLTv7oC6ucg\/VKJhkJHjOeI\/AAAAAAAAJxM\/K-QbwU6zD5Q\/w958-h719-no\/1%2B-%2Bq.s.jpg\" \/>\n<meta name=\"author\" content=\"Kisha Orthodhokse\" \/>\n<meta name=\"twitter:card\" content=\"summary_large_image\" \/>\n<meta name=\"twitter:label1\" content=\"Written by\" \/>\n\t<meta name=\"twitter:data1\" content=\"Kisha Orthodhokse\" \/>\n\t<meta name=\"twitter:label2\" content=\"Est. reading time\" \/>\n\t<meta name=\"twitter:data2\" content=\"1 minute\" \/>\n<script type=\"application\/ld+json\" class=\"yoast-schema-graph\">{\"@context\":\"https:\/\/schema.org\",\"@graph\":[{\"@type\":\"Article\",\"@id\":\"https:\/\/orthodoxalbania.org\/2020\/2013\/03\/21\/kreshma-e-madhe-mbledh-te-rinjte-ne-lutje-e-falenderime-ne-manastirin-e-hirshem-te-shen-vlashit\/#article\",\"isPartOf\":{\"@id\":\"https:\/\/orthodoxalbania.org\/2020\/2013\/03\/21\/kreshma-e-madhe-mbledh-te-rinjte-ne-lutje-e-falenderime-ne-manastirin-e-hirshem-te-shen-vlashit\/\"},\"author\":{\"name\":\"Kisha Orthodhokse\",\"@id\":\"https:\/\/orthodoxalbania.org\/2020\/#\/schema\/person\/0c387634a7063ac612d7ed9ce71c7e86\"},\"headline\":\"Kreshma e Madhe mbledh t\u00eb rinjt\u00eb n\u00eb lutje e falenderime n\u00eb Manastirin e Hirsh\u00ebm t\u00eb Sh\u00ebn Vlashit. (2012)\",\"datePublished\":\"2013-03-21T10:30:01+00:00\",\"dateModified\":\"2020-04-06T20:31:53+00:00\",\"mainEntityOfPage\":{\"@id\":\"https:\/\/orthodoxalbania.org\/2020\/2013\/03\/21\/kreshma-e-madhe-mbledh-te-rinjte-ne-lutje-e-falenderime-ne-manastirin-e-hirshem-te-shen-vlashit\/\"},\"wordCount\":275,\"commentCount\":0,\"publisher\":{\"@id\":\"https:\/\/orthodoxalbania.org\/2020\/#organization\"},\"image\":{\"@id\":\"https:\/\/orthodoxalbania.org\/2020\/2013\/03\/21\/kreshma-e-madhe-mbledh-te-rinjte-ne-lutje-e-falenderime-ne-manastirin-e-hirshem-te-shen-vlashit\/#primaryimage\"},\"thumbnailUrl\":\"https:\/\/lh6.googleusercontent.com\/-XLTv7oC6ucg\/VKJhkJHjOeI\/AAAAAAAAJxM\/K-QbwU6zD5Q\/w958-h719-no\/1%2B-%2Bq.s.jpg\",\"keywords\":[\"2012\",\"Akademia Teologjike\",\"Kryepiskopata Tiran\u00eb\",\"lajme\",\"Rinia Orthodhokse\"],\"articleSection\":[\"Lajme\"],\"inLanguage\":\"en-US\"},{\"@type\":\"WebPage\",\"@id\":\"https:\/\/orthodoxalbania.org\/2020\/2013\/03\/21\/kreshma-e-madhe-mbledh-te-rinjte-ne-lutje-e-falenderime-ne-manastirin-e-hirshem-te-shen-vlashit\/\",\"url\":\"https:\/\/orthodoxalbania.org\/2020\/2013\/03\/21\/kreshma-e-madhe-mbledh-te-rinjte-ne-lutje-e-falenderime-ne-manastirin-e-hirshem-te-shen-vlashit\/\",\"name\":\"Kreshma e Madhe mbledh t\u00eb rinjt\u00eb n\u00eb lutje e falenderime n\u00eb Manastirin e Hirsh\u00ebm t\u00eb Sh\u00ebn Vlashit. (2012) - Kisha Orthodh\u03bfkse Autoqefale e Shqip\u00ebris\u00eb\",\"isPartOf\":{\"@id\":\"https:\/\/orthodoxalbania.org\/2020\/#website\"},\"primaryImageOfPage\":{\"@id\":\"https:\/\/orthodoxalbania.org\/2020\/2013\/03\/21\/kreshma-e-madhe-mbledh-te-rinjte-ne-lutje-e-falenderime-ne-manastirin-e-hirshem-te-shen-vlashit\/#primaryimage\"},\"image\":{\"@id\":\"https:\/\/orthodoxalbania.org\/2020\/2013\/03\/21\/kreshma-e-madhe-mbledh-te-rinjte-ne-lutje-e-falenderime-ne-manastirin-e-hirshem-te-shen-vlashit\/#primaryimage\"},\"thumbnailUrl\":\"https:\/\/lh6.googleusercontent.com\/-XLTv7oC6ucg\/VKJhkJHjOeI\/AAAAAAAAJxM\/K-QbwU6zD5Q\/w958-h719-no\/1%2B-%2Bq.s.jpg\",\"datePublished\":\"2013-03-21T10:30:01+00:00\",\"dateModified\":\"2020-04-06T20:31:53+00:00\",\"breadcrumb\":{\"@id\":\"https:\/\/orthodoxalbania.org\/2020\/2013\/03\/21\/kreshma-e-madhe-mbledh-te-rinjte-ne-lutje-e-falenderime-ne-manastirin-e-hirshem-te-shen-vlashit\/#breadcrumb\"},\"inLanguage\":\"en-US\",\"potentialAction\":[{\"@type\":\"ReadAction\",\"target\":[\"https:\/\/orthodoxalbania.org\/2020\/2013\/03\/21\/kreshma-e-madhe-mbledh-te-rinjte-ne-lutje-e-falenderime-ne-manastirin-e-hirshem-te-shen-vlashit\/\"]}]},{\"@type\":\"ImageObject\",\"inLanguage\":\"en-US\",\"@id\":\"https:\/\/orthodoxalbania.org\/2020\/2013\/03\/21\/kreshma-e-madhe-mbledh-te-rinjte-ne-lutje-e-falenderime-ne-manastirin-e-hirshem-te-shen-vlashit\/#primaryimage\",\"url\":\"https:\/\/lh6.googleusercontent.com\/-XLTv7oC6ucg\/VKJhkJHjOeI\/AAAAAAAAJxM\/K-QbwU6zD5Q\/w958-h719-no\/1%2B-%2Bq.s.jpg\",\"contentUrl\":\"https:\/\/lh6.googleusercontent.com\/-XLTv7oC6ucg\/VKJhkJHjOeI\/AAAAAAAAJxM\/K-QbwU6zD5Q\/w958-h719-no\/1%2B-%2Bq.s.jpg\"},{\"@type\":\"BreadcrumbList\",\"@id\":\"https:\/\/orthodoxalbania.org\/2020\/2013\/03\/21\/kreshma-e-madhe-mbledh-te-rinjte-ne-lutje-e-falenderime-ne-manastirin-e-hirshem-te-shen-vlashit\/#breadcrumb\",\"itemListElement\":[{\"@type\":\"ListItem\",\"position\":1,\"name\":\"Home\",\"item\":\"https:\/\/orthodoxalbania.org\/2020\/\"},{\"@type\":\"ListItem\",\"position\":2,\"name\":\"Kreshma e Madhe mbledh t\u00eb rinjt\u00eb n\u00eb lutje e falenderime n\u00eb Manastirin e Hirsh\u00ebm t\u00eb Sh\u00ebn Vlashit. (2012)\"}]},{\"@type\":\"WebSite\",\"@id\":\"https:\/\/orthodoxalbania.org\/2020\/#website\",\"url\":\"https:\/\/orthodoxalbania.org\/2020\/\",\"name\":\"Kisha Orthodh\u03bfkse Autoqefale e Shqip\u00ebris\u00eb\",\"description\":\"Fqja Zyrtare e Kish\u00ebs Orthodhokse Autoqefale e Shqip\u00ebris\u00eb me lajmet edhe informacionet zyrtare p\u00ebr struktur\u00ebn edhe veprimtarin e saj.\",\"publisher\":{\"@id\":\"https:\/\/orthodoxalbania.org\/2020\/#organization\"},\"potentialAction\":[{\"@type\":\"SearchAction\",\"target\":{\"@type\":\"EntryPoint\",\"urlTemplate\":\"https:\/\/orthodoxalbania.org\/2020\/?s={search_term_string}\"},\"query-input\":{\"@type\":\"PropertyValueSpecification\",\"valueRequired\":true,\"valueName\":\"search_term_string\"}}],\"inLanguage\":\"en-US\"},{\"@type\":\"Organization\",\"@id\":\"https:\/\/orthodoxalbania.org\/2020\/#organization\",\"name\":\"Kisha Orthodhokse Autoqefale e Shqip\u00ebris\u00eb\",\"url\":\"https:\/\/orthodoxalbania.org\/2020\/\",\"logo\":{\"@type\":\"ImageObject\",\"inLanguage\":\"en-US\",\"@id\":\"https:\/\/orthodoxalbania.org\/2020\/#\/schema\/logo\/image\/\",\"url\":\"https:\/\/orthodoxalbania.org\/2020\/wp-content\/uploads\/2020\/05\/albania.jpeg\",\"contentUrl\":\"https:\/\/orthodoxalbania.org\/2020\/wp-content\/uploads\/2020\/05\/albania.jpeg\",\"width\":540,\"height\":540,\"caption\":\"Kisha Orthodhokse Autoqefale e Shqip\u00ebris\u00eb\"},\"image\":{\"@id\":\"https:\/\/orthodoxalbania.org\/2020\/#\/schema\/logo\/image\/\"},\"sameAs\":[\"https:\/\/www.facebook.com\/koash1991\"]},{\"@type\":\"Person\",\"@id\":\"https:\/\/orthodoxalbania.org\/2020\/#\/schema\/person\/0c387634a7063ac612d7ed9ce71c7e86\",\"name\":\"Kisha Orthodhokse\",\"image\":{\"@type\":\"ImageObject\",\"inLanguage\":\"en-US\",\"@id\":\"https:\/\/secure.gravatar.com\/avatar\/596e7c417251e30f2fbb9c00e026fce61a695a00e51c889caded71c96cbbdde5?s=96&d=mm&r=g\",\"url\":\"https:\/\/secure.gravatar.com\/avatar\/596e7c417251e30f2fbb9c00e026fce61a695a00e51c889caded71c96cbbdde5?s=96&d=mm&r=g\",\"contentUrl\":\"https:\/\/secure.gravatar.com\/avatar\/596e7c417251e30f2fbb9c00e026fce61a695a00e51c889caded71c96cbbdde5?s=96&d=mm&r=g\",\"caption\":\"Kisha Orthodhokse\"}}]}<\/script>\n<!-- \/ Yoast SEO plugin. -->","yoast_head_json":{"title":"Kreshma e Madhe mbledh t\u00eb rinjt\u00eb n\u00eb lutje e falenderime n\u00eb Manastirin e Hirsh\u00ebm t\u00eb Sh\u00ebn Vlashit. (2012) - Kisha Orthodh\u03bfkse Autoqefale e Shqip\u00ebris\u00eb","robots":{"index":"index","follow":"follow","max-snippet":"max-snippet:-1","max-image-preview":"max-image-preview:large","max-video-preview":"max-video-preview:-1"},"canonical":"https:\/\/orthodoxalbania.org\/2020\/2013\/03\/21\/kreshma-e-madhe-mbledh-te-rinjte-ne-lutje-e-falenderime-ne-manastirin-e-hirshem-te-shen-vlashit\/","og_locale":"en_US","og_type":"article","og_title":"Kreshma e Madhe mbledh t\u00eb rinjt\u00eb n\u00eb lutje e falenderime n\u00eb Manastirin e Hirsh\u00ebm t\u00eb Sh\u00ebn Vlashit. (2012) - Kisha Orthodh\u03bfkse Autoqefale e Shqip\u00ebris\u00eb","og_description":"&nbsp; &nbsp; Gjat\u00eb k\u00ebsaj periudhe t\u00eb Kreshm\u00ebs s\u00eb Madhe, t\u00eb rinjt\u00eb nga grupi rinor n\u00eb Tiran\u00eb marrin pjes\u00eb vazhdimisht n\u00eb Mesh\u00ebn e Dhuratave t\u00eb Parashenjt\u00ebrura n\u00eb Manastiriin e Hirsh\u00ebm t\u00eb sh\u00ebn Vlashit, Durr\u00ebs. Kjo \u00ebsht\u00eb kthyer n\u00eb nj\u00eb tradit\u00eb reth 10-vje\u00e7are. \u00c7do periudh\u00eb kreshme grupi rinor bashkohet me t\u00eb rinjt\u00eb e Akademis\u00eb Teologjike p\u00ebr t\u00eb lavd\u00ebruar dhe fal\u00ebnderuar Zotin s\u00eb bashku. K\u00ebt\u00eb t\u00eb m\u00ebrkur\u00eb, pasi","og_url":"https:\/\/orthodoxalbania.org\/2020\/2013\/03\/21\/kreshma-e-madhe-mbledh-te-rinjte-ne-lutje-e-falenderime-ne-manastirin-e-hirshem-te-shen-vlashit\/","og_site_name":"Kisha Orthodh\u03bfkse Autoqefale e Shqip\u00ebris\u00eb","article_publisher":"https:\/\/www.facebook.com\/koash1991","article_published_time":"2013-03-21T10:30:01+00:00","article_modified_time":"2020-04-06T20:31:53+00:00","og_image":[{"url":"https:\/\/lh6.googleusercontent.com\/-XLTv7oC6ucg\/VKJhkJHjOeI\/AAAAAAAAJxM\/K-QbwU6zD5Q\/w958-h719-no\/1%2B-%2Bq.s.jpg","type":"","width":"","height":""}],"author":"Kisha Orthodhokse","twitter_card":"summary_large_image","twitter_misc":{"Written by":"Kisha Orthodhokse","Est. reading time":"1 minute"},"schema":{"@context":"https:\/\/schema.org","@graph":[{"@type":"Article","@id":"https:\/\/orthodoxalbania.org\/2020\/2013\/03\/21\/kreshma-e-madhe-mbledh-te-rinjte-ne-lutje-e-falenderime-ne-manastirin-e-hirshem-te-shen-vlashit\/#article","isPartOf":{"@id":"https:\/\/orthodoxalbania.org\/2020\/2013\/03\/21\/kreshma-e-madhe-mbledh-te-rinjte-ne-lutje-e-falenderime-ne-manastirin-e-hirshem-te-shen-vlashit\/"},"author":{"name":"Kisha Orthodhokse","@id":"https:\/\/orthodoxalbania.org\/2020\/#\/schema\/person\/0c387634a7063ac612d7ed9ce71c7e86"},"headline":"Kreshma e Madhe mbledh t\u00eb rinjt\u00eb n\u00eb lutje e falenderime n\u00eb Manastirin e Hirsh\u00ebm t\u00eb Sh\u00ebn Vlashit. (2012)","datePublished":"2013-03-21T10:30:01+00:00","dateModified":"2020-04-06T20:31:53+00:00","mainEntityOfPage":{"@id":"https:\/\/orthodoxalbania.org\/2020\/2013\/03\/21\/kreshma-e-madhe-mbledh-te-rinjte-ne-lutje-e-falenderime-ne-manastirin-e-hirshem-te-shen-vlashit\/"},"wordCount":275,"commentCount":0,"publisher":{"@id":"https:\/\/orthodoxalbania.org\/2020\/#organization"},"image":{"@id":"https:\/\/orthodoxalbania.org\/2020\/2013\/03\/21\/kreshma-e-madhe-mbledh-te-rinjte-ne-lutje-e-falenderime-ne-manastirin-e-hirshem-te-shen-vlashit\/#primaryimage"},"thumbnailUrl":"https:\/\/lh6.googleusercontent.com\/-XLTv7oC6ucg\/VKJhkJHjOeI\/AAAAAAAAJxM\/K-QbwU6zD5Q\/w958-h719-no\/1%2B-%2Bq.s.jpg","keywords":["2012","Akademia Teologjike","Kryepiskopata Tiran\u00eb","lajme","Rinia Orthodhokse"],"articleSection":["Lajme"],"inLanguage":"en-US"},{"@type":"WebPage","@id":"https:\/\/orthodoxalbania.org\/2020\/2013\/03\/21\/kreshma-e-madhe-mbledh-te-rinjte-ne-lutje-e-falenderime-ne-manastirin-e-hirshem-te-shen-vlashit\/","url":"https:\/\/orthodoxalbania.org\/2020\/2013\/03\/21\/kreshma-e-madhe-mbledh-te-rinjte-ne-lutje-e-falenderime-ne-manastirin-e-hirshem-te-shen-vlashit\/","name":"Kreshma e Madhe mbledh t\u00eb rinjt\u00eb n\u00eb lutje e falenderime n\u00eb Manastirin e Hirsh\u00ebm t\u00eb Sh\u00ebn Vlashit. (2012) - Kisha Orthodh\u03bfkse Autoqefale e Shqip\u00ebris\u00eb","isPartOf":{"@id":"https:\/\/orthodoxalbania.org\/2020\/#website"},"primaryImageOfPage":{"@id":"https:\/\/orthodoxalbania.org\/2020\/2013\/03\/21\/kreshma-e-madhe-mbledh-te-rinjte-ne-lutje-e-falenderime-ne-manastirin-e-hirshem-te-shen-vlashit\/#primaryimage"},"image":{"@id":"https:\/\/orthodoxalbania.org\/2020\/2013\/03\/21\/kreshma-e-madhe-mbledh-te-rinjte-ne-lutje-e-falenderime-ne-manastirin-e-hirshem-te-shen-vlashit\/#primaryimage"},"thumbnailUrl":"https:\/\/lh6.googleusercontent.com\/-XLTv7oC6ucg\/VKJhkJHjOeI\/AAAAAAAAJxM\/K-QbwU6zD5Q\/w958-h719-no\/1%2B-%2Bq.s.jpg","datePublished":"2013-03-21T10:30:01+00:00","dateModified":"2020-04-06T20:31:53+00:00","breadcrumb":{"@id":"https:\/\/orthodoxalbania.org\/2020\/2013\/03\/21\/kreshma-e-madhe-mbledh-te-rinjte-ne-lutje-e-falenderime-ne-manastirin-e-hirshem-te-shen-vlashit\/#breadcrumb"},"inLanguage":"en-US","potentialAction":[{"@type":"ReadAction","target":["https:\/\/orthodoxalbania.org\/2020\/2013\/03\/21\/kreshma-e-madhe-mbledh-te-rinjte-ne-lutje-e-falenderime-ne-manastirin-e-hirshem-te-shen-vlashit\/"]}]},{"@type":"ImageObject","inLanguage":"en-US","@id":"https:\/\/orthodoxalbania.org\/2020\/2013\/03\/21\/kreshma-e-madhe-mbledh-te-rinjte-ne-lutje-e-falenderime-ne-manastirin-e-hirshem-te-shen-vlashit\/#primaryimage","url":"https:\/\/lh6.googleusercontent.com\/-XLTv7oC6ucg\/VKJhkJHjOeI\/AAAAAAAAJxM\/K-QbwU6zD5Q\/w958-h719-no\/1%2B-%2Bq.s.jpg","contentUrl":"https:\/\/lh6.googleusercontent.com\/-XLTv7oC6ucg\/VKJhkJHjOeI\/AAAAAAAAJxM\/K-QbwU6zD5Q\/w958-h719-no\/1%2B-%2Bq.s.jpg"},{"@type":"BreadcrumbList","@id":"https:\/\/orthodoxalbania.org\/2020\/2013\/03\/21\/kreshma-e-madhe-mbledh-te-rinjte-ne-lutje-e-falenderime-ne-manastirin-e-hirshem-te-shen-vlashit\/#breadcrumb","itemListElement":[{"@type":"ListItem","position":1,"name":"Home","item":"https:\/\/orthodoxalbania.org\/2020\/"},{"@type":"ListItem","position":2,"name":"Kreshma e Madhe mbledh t\u00eb rinjt\u00eb n\u00eb lutje e falenderime n\u00eb Manastirin e Hirsh\u00ebm t\u00eb Sh\u00ebn Vlashit. (2012)"}]},{"@type":"WebSite","@id":"https:\/\/orthodoxalbania.org\/2020\/#website","url":"https:\/\/orthodoxalbania.org\/2020\/","name":"Kisha Orthodh\u03bfkse Autoqefale e Shqip\u00ebris\u00eb","description":"Fqja Zyrtare e Kish\u00ebs Orthodhokse Autoqefale e Shqip\u00ebris\u00eb me lajmet edhe informacionet zyrtare p\u00ebr struktur\u00ebn edhe veprimtarin e saj.","publisher":{"@id":"https:\/\/orthodoxalbania.org\/2020\/#organization"},"potentialAction":[{"@type":"SearchAction","target":{"@type":"EntryPoint","urlTemplate":"https:\/\/orthodoxalbania.org\/2020\/?s={search_term_string}"},"query-input":{"@type":"PropertyValueSpecification","valueRequired":true,"valueName":"search_term_string"}}],"inLanguage":"en-US"},{"@type":"Organization","@id":"https:\/\/orthodoxalbania.org\/2020\/#organization","name":"Kisha Orthodhokse Autoqefale e Shqip\u00ebris\u00eb","url":"https:\/\/orthodoxalbania.org\/2020\/","logo":{"@type":"ImageObject","inLanguage":"en-US","@id":"https:\/\/orthodoxalbania.org\/2020\/#\/schema\/logo\/image\/","url":"https:\/\/orthodoxalbania.org\/2020\/wp-content\/uploads\/2020\/05\/albania.jpeg","contentUrl":"https:\/\/orthodoxalbania.org\/2020\/wp-content\/uploads\/2020\/05\/albania.jpeg","width":540,"height":540,"caption":"Kisha Orthodhokse Autoqefale e Shqip\u00ebris\u00eb"},"image":{"@id":"https:\/\/orthodoxalbania.org\/2020\/#\/schema\/logo\/image\/"},"sameAs":["https:\/\/www.facebook.com\/koash1991"]},{"@type":"Person","@id":"https:\/\/orthodoxalbania.org\/2020\/#\/schema\/person\/0c387634a7063ac612d7ed9ce71c7e86","name":"Kisha Orthodhokse","image":{"@type":"ImageObject","inLanguage":"en-US","@id":"https:\/\/secure.gravatar.com\/avatar\/596e7c417251e30f2fbb9c00e026fce61a695a00e51c889caded71c96cbbdde5?s=96&d=mm&r=g","url":"https:\/\/secure.gravatar.com\/avatar\/596e7c417251e30f2fbb9c00e026fce61a695a00e51c889caded71c96cbbdde5?s=96&d=mm&r=g","contentUrl":"https:\/\/secure.gravatar.com\/avatar\/596e7c417251e30f2fbb9c00e026fce61a695a00e51c889caded71c96cbbdde5?s=96&d=mm&r=g","caption":"Kisha Orthodhokse"}}]}},"_links":{"self":[{"href":"https:\/\/orthodoxalbania.org\/2020\/wp-json\/wp\/v2\/posts\/837","targetHints":{"allow":["GET"]}}],"collection":[{"href":"https:\/\/orthodoxalbania.org\/2020\/wp-json\/wp\/v2\/posts"}],"about":[{"href":"https:\/\/orthodoxalbania.org\/2020\/wp-json\/wp\/v2\/types\/post"}],"author":[{"embeddable":true,"href":"https:\/\/orthodoxalbania.org\/2020\/wp-json\/wp\/v2\/users\/1"}],"replies":[{"embeddable":true,"href":"https:\/\/orthodoxalbania.org\/2020\/wp-json\/wp\/v2\/comments?post=837"}],"version-history":[{"count":1,"href":"https:\/\/orthodoxalbania.org\/2020\/wp-json\/wp\/v2\/posts\/837\/revisions"}],"predecessor-version":[{"id":15341,"href":"https:\/\/orthodoxalbania.org\/2020\/wp-json\/wp\/v2\/posts\/837\/revisions\/15341"}],"wp:attachment":[{"href":"https:\/\/orthodoxalbania.org\/2020\/wp-json\/wp\/v2\/media?parent=837"}],"wp:term":[{"taxonomy":"category","embeddable":true,"href":"https:\/\/orthodoxalbania.org\/2020\/wp-json\/wp\/v2\/categories?post=837"},{"taxonomy":"post_tag","embeddable":true,"href":"https:\/\/orthodoxalbania.org\/2020\/wp-json\/wp\/v2\/tags?post=837"}],"curies":[{"name":"wp","href":"https:\/\/api.w.org\/{rel}","templated":true}]}}