{"id":834,"date":"2013-03-21T11:58:09","date_gmt":"2013-03-21T11:58:09","guid":{"rendered":""},"modified":"2020-04-06T22:06:04","modified_gmt":"2020-04-06T20:06:04","slug":"kremtohet-shen-joan-vladimiri","status":"publish","type":"post","link":"https:\/\/orthodoxalbania.org\/2020\/2013\/03\/21\/kremtohet-shen-joan-vladimiri\/","title":{"rendered":"Kremtohet sh\u00ebn Joan Vladimiri. (4 Qershor 2012)"},"content":{"rendered":"<div style=\"text-align: justify;\"><span style=\"color: #000000;\">&nbsp;<img class=\"lazyload\" decoding=\"async\" style=\"width: 287px; height: 189px; border-width: 1px; border-style: solid; margin: 10px; float: left;\" alt=\"\" src=\"data:image\/gif;base64,R0lGODlhAQABAAAAACH5BAEKAAEALAAAAAABAAEAAAICTAEAOw==\" data-orig-src=\"https:\/\/lh5.googleusercontent.com\/-0JtTjSnLllE\/T9Id6HVeLYI\/AAAAAAAAAG4\/uxU1OQ_Z1Q4\/s720\/panairi%205.jpg\" \/> &nbsp;&nbsp;<span style=\"font-family: tahoma,geneva,sans-serif;\"><span style=\"font-size: 12px;\"> N\u00eb 4 qershor u kremtua kujtimi i sh\u00ebn Joan Vladimirit n\u00eb Manastirin e Hirsh\u00ebm q\u00eb mban emrin e shenjtit, n\u00eb Shijon t\u00eb Elbasanit. N\u00eb k\u00ebt\u00eb panair mor\u00ebn pjes\u00eb nj\u00eb num\u00ebr i madh besimtar\u00ebsh orthodhoks\u00eb nga rrethe t\u00eb ndryshme t\u00eb Shqip\u00ebris\u00eb, madje edhe besimtar\u00eb t\u00eb huaj (nj\u00eb grup student\u00ebsh nga SHBA t\u00eb udh\u00ebhequr nga at\u00eb Luka Veronis si dhe nj\u00eb grup tjet\u00ebr besimtar\u00ebsh orthodhoks\u00eb nga Mali i Zi, C\u00ebrna Gores). K\u00ebshtu t\u00eb gjith\u00eb bashk\u00eb i dhan\u00eb manastirit gjall\u00ebri, shpres\u00eb e besim. Si \u00e7do vit ishin t\u00eb pranish\u00ebm edhe student\u00ebt e Akademis\u00eb Teologjike \u201cNgjallja e Krishtit\u201d, drejtuar nga Hir\u00ebsia e Tij, Imzot Nikolla, t\u00eb cil\u00ebt kishin edhe p\u00ebrgjegj\u00ebsin\u00eb e organizimit t\u00eb k\u00ebtij panairi. Mor\u00ebn pjes\u00eb edhe grupe t\u00eb ndryshme nga Tirana, organizuar nga Qendra Studentore, Zyra Rinore, Zyra e Lidhjes s\u00eb Grave, si edhe besimtar\u00eb nga qytetet dhe fshatrat p\u00ebrreth.<\/span><\/span><\/span><\/div>\n<div style=\"text-align: justify;\"> <span style=\"color: #000000;\"><span style=\"font-family: tahoma,geneva,sans-serif;\"><span style=\"font-size: 12px;\">&nbsp;&nbsp;&nbsp; Sh\u00ebrbesat nis\u00ebn q\u00eb n\u00eb mbr\u00ebmjen e dat\u00ebs 3 qershor, kryesuar nga Hir\u00ebsia e Tij, episkopi i Kruj\u00ebs, Imzot Andoni. At\u00eb Luka Veroni mbajti predikimin e rastit, duke theksuar se nj\u00eb nga virtytet e sh\u00ebn Joan Vladimirit ishte urt\u00ebsia. Agripnia zgjati deri n\u00eb or\u00ebt e para t\u00eb m\u00ebngjesit. N\u00eb p\u00ebrfundim t\u00eb Liturgjis\u00eb Hyjnore, si\u00e7 \u00ebsht\u00eb edhe tradita, u zhvillua litania rreth Manastirit me lipsanin e shenjtit. Pas mbarimit t\u00eb Litanis\u00eb s\u00eb madhe, besimtar\u00ebve iu shp\u00ebrndan\u00eb edhe ikona t\u00eb shenjtorit, nd\u00ebrsa lutjet e tyre vazhduar gjat\u00eb gjith\u00eb asaj dite, p\u00ebr t\u00eb k\u00ebrkuar nd\u00ebrmjetimet e tij te Per\u00ebndia. Kjo e kremte ishte edhe dit\u00eb festive p\u00ebr komun\u00ebn, e cila e ka shpallur 4 qershorin fest\u00ebn e t\u00eb gjith\u00eb zon\u00ebs.<\/span><\/span><\/span><\/div>\n<div style=\"text-align: right;\"> <span style=\"color: #000000;\"><span style=\"font-family: tahoma,geneva,sans-serif;\"><span style=\"font-size: 12px;\"><strong>Kristi Xhaferi<\/strong><\/span><\/span><\/span><\/div>\n","protected":false},"excerpt":{"rendered":"<p>&nbsp; &nbsp;&nbsp; N\u00eb 4 qershor u kremtua kujtimi i sh\u00ebn Joan Vladimirit n\u00eb Manastirin e Hirsh\u00ebm q\u00eb mban emrin e shenjtit, n\u00eb Shijon t\u00eb Elbasanit. N\u00eb k\u00ebt\u00eb panair mor\u00ebn pjes\u00eb nj\u00eb num\u00ebr i madh besimtar\u00ebsh orthodhoks\u00eb nga rrethe t\u00eb ndryshme t\u00eb Shqip\u00ebris\u00eb, madje edhe besimtar\u00eb t\u00eb huaj (nj\u00eb grup student\u00ebsh nga SHBA t\u00eb udh\u00ebhequr nga at\u00eb Luka Veronis si dhe nj\u00eb grup tjet\u00ebr besimtar\u00ebsh orthodhoks\u00eb<\/p>\n","protected":false},"author":1,"featured_media":0,"comment_status":"open","ping_status":"open","sticky":false,"template":"","format":"standard","meta":{"_acf_changed":false,"pagelayer_contact_templates":[],"_pagelayer_content":"","inline_featured_image":false,"fifu_image_url":"","fifu_image_alt":"","footnotes":""},"categories":[108],"tags":[142,157,196,212],"class_list":["post-834","post","type-post","status-publish","format-standard","hentry","category-lajme","tag-142","tag-kremtime","tag-tirane","tag-lajme-d27"],"acf":[],"yoast_head":"<!-- This site is optimized with the Yoast SEO plugin v27.2 - https:\/\/yoast.com\/product\/yoast-seo-wordpress\/ -->\n<title>Kremtohet sh\u00ebn Joan Vladimiri. (4 Qershor 2012) - Kisha Orthodh\u03bfkse Autoqefale e Shqip\u00ebris\u00eb<\/title>\n<meta name=\"robots\" content=\"index, follow, max-snippet:-1, max-image-preview:large, max-video-preview:-1\" \/>\n<link rel=\"canonical\" href=\"https:\/\/orthodoxalbania.org\/2020\/2013\/03\/21\/kremtohet-shen-joan-vladimiri\/\" \/>\n<meta property=\"og:locale\" content=\"en_US\" \/>\n<meta property=\"og:type\" content=\"article\" \/>\n<meta property=\"og:title\" content=\"Kremtohet sh\u00ebn Joan Vladimiri. (4 Qershor 2012) - Kisha Orthodh\u03bfkse Autoqefale e Shqip\u00ebris\u00eb\" \/>\n<meta property=\"og:description\" content=\"&nbsp; &nbsp;&nbsp; N\u00eb 4 qershor u kremtua kujtimi i sh\u00ebn Joan Vladimirit n\u00eb Manastirin e Hirsh\u00ebm q\u00eb mban emrin e shenjtit, n\u00eb Shijon t\u00eb Elbasanit. N\u00eb k\u00ebt\u00eb panair mor\u00ebn pjes\u00eb nj\u00eb num\u00ebr i madh besimtar\u00ebsh orthodhoks\u00eb nga rrethe t\u00eb ndryshme t\u00eb Shqip\u00ebris\u00eb, madje edhe besimtar\u00eb t\u00eb huaj (nj\u00eb grup student\u00ebsh nga SHBA t\u00eb udh\u00ebhequr nga at\u00eb Luka Veronis si dhe nj\u00eb grup tjet\u00ebr besimtar\u00ebsh orthodhoks\u00eb\" \/>\n<meta property=\"og:url\" content=\"https:\/\/orthodoxalbania.org\/2020\/2013\/03\/21\/kremtohet-shen-joan-vladimiri\/\" \/>\n<meta property=\"og:site_name\" content=\"Kisha Orthodh\u03bfkse Autoqefale e Shqip\u00ebris\u00eb\" \/>\n<meta property=\"article:publisher\" content=\"https:\/\/www.facebook.com\/koash1991\" \/>\n<meta property=\"article:published_time\" content=\"2013-03-21T11:58:09+00:00\" \/>\n<meta property=\"article:modified_time\" content=\"2020-04-06T20:06:04+00:00\" \/>\n<meta property=\"og:image\" content=\"https:\/\/lh5.googleusercontent.com\/-0JtTjSnLllE\/T9Id6HVeLYI\/AAAAAAAAAG4\/uxU1OQ_Z1Q4\/s720\/panairi%205.jpg\" \/>\n<meta name=\"author\" content=\"Kisha Orthodhokse\" \/>\n<meta name=\"twitter:card\" content=\"summary_large_image\" \/>\n<meta name=\"twitter:label1\" content=\"Written by\" \/>\n\t<meta name=\"twitter:data1\" content=\"Kisha Orthodhokse\" \/>\n\t<meta name=\"twitter:label2\" content=\"Est. reading time\" \/>\n\t<meta name=\"twitter:data2\" content=\"2 minutes\" \/>\n<script type=\"application\/ld+json\" class=\"yoast-schema-graph\">{\"@context\":\"https:\/\/schema.org\",\"@graph\":[{\"@type\":\"Article\",\"@id\":\"https:\/\/orthodoxalbania.org\/2020\/2013\/03\/21\/kremtohet-shen-joan-vladimiri\/#article\",\"isPartOf\":{\"@id\":\"https:\/\/orthodoxalbania.org\/2020\/2013\/03\/21\/kremtohet-shen-joan-vladimiri\/\"},\"author\":{\"name\":\"Kisha Orthodhokse\",\"@id\":\"https:\/\/orthodoxalbania.org\/2020\/#\/schema\/person\/0c387634a7063ac612d7ed9ce71c7e86\"},\"headline\":\"Kremtohet sh\u00ebn Joan Vladimiri. (4 Qershor 2012)\",\"datePublished\":\"2013-03-21T11:58:09+00:00\",\"dateModified\":\"2020-04-06T20:06:04+00:00\",\"mainEntityOfPage\":{\"@id\":\"https:\/\/orthodoxalbania.org\/2020\/2013\/03\/21\/kremtohet-shen-joan-vladimiri\/\"},\"wordCount\":310,\"commentCount\":0,\"publisher\":{\"@id\":\"https:\/\/orthodoxalbania.org\/2020\/#organization\"},\"image\":{\"@id\":\"https:\/\/orthodoxalbania.org\/2020\/2013\/03\/21\/kremtohet-shen-joan-vladimiri\/#primaryimage\"},\"thumbnailUrl\":\"https:\/\/lh5.googleusercontent.com\/-0JtTjSnLllE\/T9Id6HVeLYI\/AAAAAAAAAG4\/uxU1OQ_Z1Q4\/s720\/panairi%205.jpg\",\"keywords\":[\"2012\",\"Kremtime\",\"Kryepiskopata Tiran\u00eb\",\"lajme\"],\"articleSection\":[\"Lajme\"],\"inLanguage\":\"en-US\"},{\"@type\":\"WebPage\",\"@id\":\"https:\/\/orthodoxalbania.org\/2020\/2013\/03\/21\/kremtohet-shen-joan-vladimiri\/\",\"url\":\"https:\/\/orthodoxalbania.org\/2020\/2013\/03\/21\/kremtohet-shen-joan-vladimiri\/\",\"name\":\"Kremtohet sh\u00ebn Joan Vladimiri. (4 Qershor 2012) - Kisha Orthodh\u03bfkse Autoqefale e Shqip\u00ebris\u00eb\",\"isPartOf\":{\"@id\":\"https:\/\/orthodoxalbania.org\/2020\/#website\"},\"primaryImageOfPage\":{\"@id\":\"https:\/\/orthodoxalbania.org\/2020\/2013\/03\/21\/kremtohet-shen-joan-vladimiri\/#primaryimage\"},\"image\":{\"@id\":\"https:\/\/orthodoxalbania.org\/2020\/2013\/03\/21\/kremtohet-shen-joan-vladimiri\/#primaryimage\"},\"thumbnailUrl\":\"https:\/\/lh5.googleusercontent.com\/-0JtTjSnLllE\/T9Id6HVeLYI\/AAAAAAAAAG4\/uxU1OQ_Z1Q4\/s720\/panairi%205.jpg\",\"datePublished\":\"2013-03-21T11:58:09+00:00\",\"dateModified\":\"2020-04-06T20:06:04+00:00\",\"breadcrumb\":{\"@id\":\"https:\/\/orthodoxalbania.org\/2020\/2013\/03\/21\/kremtohet-shen-joan-vladimiri\/#breadcrumb\"},\"inLanguage\":\"en-US\",\"potentialAction\":[{\"@type\":\"ReadAction\",\"target\":[\"https:\/\/orthodoxalbania.org\/2020\/2013\/03\/21\/kremtohet-shen-joan-vladimiri\/\"]}]},{\"@type\":\"ImageObject\",\"inLanguage\":\"en-US\",\"@id\":\"https:\/\/orthodoxalbania.org\/2020\/2013\/03\/21\/kremtohet-shen-joan-vladimiri\/#primaryimage\",\"url\":\"https:\/\/lh5.googleusercontent.com\/-0JtTjSnLllE\/T9Id6HVeLYI\/AAAAAAAAAG4\/uxU1OQ_Z1Q4\/s720\/panairi%205.jpg\",\"contentUrl\":\"https:\/\/lh5.googleusercontent.com\/-0JtTjSnLllE\/T9Id6HVeLYI\/AAAAAAAAAG4\/uxU1OQ_Z1Q4\/s720\/panairi%205.jpg\"},{\"@type\":\"BreadcrumbList\",\"@id\":\"https:\/\/orthodoxalbania.org\/2020\/2013\/03\/21\/kremtohet-shen-joan-vladimiri\/#breadcrumb\",\"itemListElement\":[{\"@type\":\"ListItem\",\"position\":1,\"name\":\"Home\",\"item\":\"https:\/\/orthodoxalbania.org\/2020\/\"},{\"@type\":\"ListItem\",\"position\":2,\"name\":\"Kremtohet sh\u00ebn Joan Vladimiri. (4 Qershor 2012)\"}]},{\"@type\":\"WebSite\",\"@id\":\"https:\/\/orthodoxalbania.org\/2020\/#website\",\"url\":\"https:\/\/orthodoxalbania.org\/2020\/\",\"name\":\"Kisha Orthodh\u03bfkse Autoqefale e Shqip\u00ebris\u00eb\",\"description\":\"Fqja Zyrtare e Kish\u00ebs Orthodhokse Autoqefale e Shqip\u00ebris\u00eb me lajmet edhe informacionet zyrtare p\u00ebr struktur\u00ebn edhe veprimtarin e saj.\",\"publisher\":{\"@id\":\"https:\/\/orthodoxalbania.org\/2020\/#organization\"},\"potentialAction\":[{\"@type\":\"SearchAction\",\"target\":{\"@type\":\"EntryPoint\",\"urlTemplate\":\"https:\/\/orthodoxalbania.org\/2020\/?s={search_term_string}\"},\"query-input\":{\"@type\":\"PropertyValueSpecification\",\"valueRequired\":true,\"valueName\":\"search_term_string\"}}],\"inLanguage\":\"en-US\"},{\"@type\":\"Organization\",\"@id\":\"https:\/\/orthodoxalbania.org\/2020\/#organization\",\"name\":\"Kisha Orthodhokse Autoqefale e Shqip\u00ebris\u00eb\",\"url\":\"https:\/\/orthodoxalbania.org\/2020\/\",\"logo\":{\"@type\":\"ImageObject\",\"inLanguage\":\"en-US\",\"@id\":\"https:\/\/orthodoxalbania.org\/2020\/#\/schema\/logo\/image\/\",\"url\":\"https:\/\/orthodoxalbania.org\/2020\/wp-content\/uploads\/2020\/05\/albania.jpeg\",\"contentUrl\":\"https:\/\/orthodoxalbania.org\/2020\/wp-content\/uploads\/2020\/05\/albania.jpeg\",\"width\":540,\"height\":540,\"caption\":\"Kisha Orthodhokse Autoqefale e Shqip\u00ebris\u00eb\"},\"image\":{\"@id\":\"https:\/\/orthodoxalbania.org\/2020\/#\/schema\/logo\/image\/\"},\"sameAs\":[\"https:\/\/www.facebook.com\/koash1991\"]},{\"@type\":\"Person\",\"@id\":\"https:\/\/orthodoxalbania.org\/2020\/#\/schema\/person\/0c387634a7063ac612d7ed9ce71c7e86\",\"name\":\"Kisha Orthodhokse\",\"image\":{\"@type\":\"ImageObject\",\"inLanguage\":\"en-US\",\"@id\":\"https:\/\/secure.gravatar.com\/avatar\/596e7c417251e30f2fbb9c00e026fce61a695a00e51c889caded71c96cbbdde5?s=96&d=mm&r=g\",\"url\":\"https:\/\/secure.gravatar.com\/avatar\/596e7c417251e30f2fbb9c00e026fce61a695a00e51c889caded71c96cbbdde5?s=96&d=mm&r=g\",\"contentUrl\":\"https:\/\/secure.gravatar.com\/avatar\/596e7c417251e30f2fbb9c00e026fce61a695a00e51c889caded71c96cbbdde5?s=96&d=mm&r=g\",\"caption\":\"Kisha Orthodhokse\"}}]}<\/script>\n<!-- \/ Yoast SEO plugin. -->","yoast_head_json":{"title":"Kremtohet sh\u00ebn Joan Vladimiri. (4 Qershor 2012) - Kisha Orthodh\u03bfkse Autoqefale e Shqip\u00ebris\u00eb","robots":{"index":"index","follow":"follow","max-snippet":"max-snippet:-1","max-image-preview":"max-image-preview:large","max-video-preview":"max-video-preview:-1"},"canonical":"https:\/\/orthodoxalbania.org\/2020\/2013\/03\/21\/kremtohet-shen-joan-vladimiri\/","og_locale":"en_US","og_type":"article","og_title":"Kremtohet sh\u00ebn Joan Vladimiri. (4 Qershor 2012) - Kisha Orthodh\u03bfkse Autoqefale e Shqip\u00ebris\u00eb","og_description":"&nbsp; &nbsp;&nbsp; N\u00eb 4 qershor u kremtua kujtimi i sh\u00ebn Joan Vladimirit n\u00eb Manastirin e Hirsh\u00ebm q\u00eb mban emrin e shenjtit, n\u00eb Shijon t\u00eb Elbasanit. N\u00eb k\u00ebt\u00eb panair mor\u00ebn pjes\u00eb nj\u00eb num\u00ebr i madh besimtar\u00ebsh orthodhoks\u00eb nga rrethe t\u00eb ndryshme t\u00eb Shqip\u00ebris\u00eb, madje edhe besimtar\u00eb t\u00eb huaj (nj\u00eb grup student\u00ebsh nga SHBA t\u00eb udh\u00ebhequr nga at\u00eb Luka Veronis si dhe nj\u00eb grup tjet\u00ebr besimtar\u00ebsh orthodhoks\u00eb","og_url":"https:\/\/orthodoxalbania.org\/2020\/2013\/03\/21\/kremtohet-shen-joan-vladimiri\/","og_site_name":"Kisha Orthodh\u03bfkse Autoqefale e Shqip\u00ebris\u00eb","article_publisher":"https:\/\/www.facebook.com\/koash1991","article_published_time":"2013-03-21T11:58:09+00:00","article_modified_time":"2020-04-06T20:06:04+00:00","og_image":[{"url":"https:\/\/lh5.googleusercontent.com\/-0JtTjSnLllE\/T9Id6HVeLYI\/AAAAAAAAAG4\/uxU1OQ_Z1Q4\/s720\/panairi%205.jpg","type":"","width":"","height":""}],"author":"Kisha Orthodhokse","twitter_card":"summary_large_image","twitter_misc":{"Written by":"Kisha Orthodhokse","Est. reading time":"2 minutes"},"schema":{"@context":"https:\/\/schema.org","@graph":[{"@type":"Article","@id":"https:\/\/orthodoxalbania.org\/2020\/2013\/03\/21\/kremtohet-shen-joan-vladimiri\/#article","isPartOf":{"@id":"https:\/\/orthodoxalbania.org\/2020\/2013\/03\/21\/kremtohet-shen-joan-vladimiri\/"},"author":{"name":"Kisha Orthodhokse","@id":"https:\/\/orthodoxalbania.org\/2020\/#\/schema\/person\/0c387634a7063ac612d7ed9ce71c7e86"},"headline":"Kremtohet sh\u00ebn Joan Vladimiri. (4 Qershor 2012)","datePublished":"2013-03-21T11:58:09+00:00","dateModified":"2020-04-06T20:06:04+00:00","mainEntityOfPage":{"@id":"https:\/\/orthodoxalbania.org\/2020\/2013\/03\/21\/kremtohet-shen-joan-vladimiri\/"},"wordCount":310,"commentCount":0,"publisher":{"@id":"https:\/\/orthodoxalbania.org\/2020\/#organization"},"image":{"@id":"https:\/\/orthodoxalbania.org\/2020\/2013\/03\/21\/kremtohet-shen-joan-vladimiri\/#primaryimage"},"thumbnailUrl":"https:\/\/lh5.googleusercontent.com\/-0JtTjSnLllE\/T9Id6HVeLYI\/AAAAAAAAAG4\/uxU1OQ_Z1Q4\/s720\/panairi%205.jpg","keywords":["2012","Kremtime","Kryepiskopata Tiran\u00eb","lajme"],"articleSection":["Lajme"],"inLanguage":"en-US"},{"@type":"WebPage","@id":"https:\/\/orthodoxalbania.org\/2020\/2013\/03\/21\/kremtohet-shen-joan-vladimiri\/","url":"https:\/\/orthodoxalbania.org\/2020\/2013\/03\/21\/kremtohet-shen-joan-vladimiri\/","name":"Kremtohet sh\u00ebn Joan Vladimiri. (4 Qershor 2012) - Kisha Orthodh\u03bfkse Autoqefale e Shqip\u00ebris\u00eb","isPartOf":{"@id":"https:\/\/orthodoxalbania.org\/2020\/#website"},"primaryImageOfPage":{"@id":"https:\/\/orthodoxalbania.org\/2020\/2013\/03\/21\/kremtohet-shen-joan-vladimiri\/#primaryimage"},"image":{"@id":"https:\/\/orthodoxalbania.org\/2020\/2013\/03\/21\/kremtohet-shen-joan-vladimiri\/#primaryimage"},"thumbnailUrl":"https:\/\/lh5.googleusercontent.com\/-0JtTjSnLllE\/T9Id6HVeLYI\/AAAAAAAAAG4\/uxU1OQ_Z1Q4\/s720\/panairi%205.jpg","datePublished":"2013-03-21T11:58:09+00:00","dateModified":"2020-04-06T20:06:04+00:00","breadcrumb":{"@id":"https:\/\/orthodoxalbania.org\/2020\/2013\/03\/21\/kremtohet-shen-joan-vladimiri\/#breadcrumb"},"inLanguage":"en-US","potentialAction":[{"@type":"ReadAction","target":["https:\/\/orthodoxalbania.org\/2020\/2013\/03\/21\/kremtohet-shen-joan-vladimiri\/"]}]},{"@type":"ImageObject","inLanguage":"en-US","@id":"https:\/\/orthodoxalbania.org\/2020\/2013\/03\/21\/kremtohet-shen-joan-vladimiri\/#primaryimage","url":"https:\/\/lh5.googleusercontent.com\/-0JtTjSnLllE\/T9Id6HVeLYI\/AAAAAAAAAG4\/uxU1OQ_Z1Q4\/s720\/panairi%205.jpg","contentUrl":"https:\/\/lh5.googleusercontent.com\/-0JtTjSnLllE\/T9Id6HVeLYI\/AAAAAAAAAG4\/uxU1OQ_Z1Q4\/s720\/panairi%205.jpg"},{"@type":"BreadcrumbList","@id":"https:\/\/orthodoxalbania.org\/2020\/2013\/03\/21\/kremtohet-shen-joan-vladimiri\/#breadcrumb","itemListElement":[{"@type":"ListItem","position":1,"name":"Home","item":"https:\/\/orthodoxalbania.org\/2020\/"},{"@type":"ListItem","position":2,"name":"Kremtohet sh\u00ebn Joan Vladimiri. (4 Qershor 2012)"}]},{"@type":"WebSite","@id":"https:\/\/orthodoxalbania.org\/2020\/#website","url":"https:\/\/orthodoxalbania.org\/2020\/","name":"Kisha Orthodh\u03bfkse Autoqefale e Shqip\u00ebris\u00eb","description":"Fqja Zyrtare e Kish\u00ebs Orthodhokse Autoqefale e Shqip\u00ebris\u00eb me lajmet edhe informacionet zyrtare p\u00ebr struktur\u00ebn edhe veprimtarin e saj.","publisher":{"@id":"https:\/\/orthodoxalbania.org\/2020\/#organization"},"potentialAction":[{"@type":"SearchAction","target":{"@type":"EntryPoint","urlTemplate":"https:\/\/orthodoxalbania.org\/2020\/?s={search_term_string}"},"query-input":{"@type":"PropertyValueSpecification","valueRequired":true,"valueName":"search_term_string"}}],"inLanguage":"en-US"},{"@type":"Organization","@id":"https:\/\/orthodoxalbania.org\/2020\/#organization","name":"Kisha Orthodhokse Autoqefale e Shqip\u00ebris\u00eb","url":"https:\/\/orthodoxalbania.org\/2020\/","logo":{"@type":"ImageObject","inLanguage":"en-US","@id":"https:\/\/orthodoxalbania.org\/2020\/#\/schema\/logo\/image\/","url":"https:\/\/orthodoxalbania.org\/2020\/wp-content\/uploads\/2020\/05\/albania.jpeg","contentUrl":"https:\/\/orthodoxalbania.org\/2020\/wp-content\/uploads\/2020\/05\/albania.jpeg","width":540,"height":540,"caption":"Kisha Orthodhokse Autoqefale e Shqip\u00ebris\u00eb"},"image":{"@id":"https:\/\/orthodoxalbania.org\/2020\/#\/schema\/logo\/image\/"},"sameAs":["https:\/\/www.facebook.com\/koash1991"]},{"@type":"Person","@id":"https:\/\/orthodoxalbania.org\/2020\/#\/schema\/person\/0c387634a7063ac612d7ed9ce71c7e86","name":"Kisha Orthodhokse","image":{"@type":"ImageObject","inLanguage":"en-US","@id":"https:\/\/secure.gravatar.com\/avatar\/596e7c417251e30f2fbb9c00e026fce61a695a00e51c889caded71c96cbbdde5?s=96&d=mm&r=g","url":"https:\/\/secure.gravatar.com\/avatar\/596e7c417251e30f2fbb9c00e026fce61a695a00e51c889caded71c96cbbdde5?s=96&d=mm&r=g","contentUrl":"https:\/\/secure.gravatar.com\/avatar\/596e7c417251e30f2fbb9c00e026fce61a695a00e51c889caded71c96cbbdde5?s=96&d=mm&r=g","caption":"Kisha Orthodhokse"}}]}},"_links":{"self":[{"href":"https:\/\/orthodoxalbania.org\/2020\/wp-json\/wp\/v2\/posts\/834","targetHints":{"allow":["GET"]}}],"collection":[{"href":"https:\/\/orthodoxalbania.org\/2020\/wp-json\/wp\/v2\/posts"}],"about":[{"href":"https:\/\/orthodoxalbania.org\/2020\/wp-json\/wp\/v2\/types\/post"}],"author":[{"embeddable":true,"href":"https:\/\/orthodoxalbania.org\/2020\/wp-json\/wp\/v2\/users\/1"}],"replies":[{"embeddable":true,"href":"https:\/\/orthodoxalbania.org\/2020\/wp-json\/wp\/v2\/comments?post=834"}],"version-history":[{"count":1,"href":"https:\/\/orthodoxalbania.org\/2020\/wp-json\/wp\/v2\/posts\/834\/revisions"}],"predecessor-version":[{"id":15320,"href":"https:\/\/orthodoxalbania.org\/2020\/wp-json\/wp\/v2\/posts\/834\/revisions\/15320"}],"wp:attachment":[{"href":"https:\/\/orthodoxalbania.org\/2020\/wp-json\/wp\/v2\/media?parent=834"}],"wp:term":[{"taxonomy":"category","embeddable":true,"href":"https:\/\/orthodoxalbania.org\/2020\/wp-json\/wp\/v2\/categories?post=834"},{"taxonomy":"post_tag","embeddable":true,"href":"https:\/\/orthodoxalbania.org\/2020\/wp-json\/wp\/v2\/tags?post=834"}],"curies":[{"name":"wp","href":"https:\/\/api.w.org\/{rel}","templated":true}]}}