{"id":830,"date":"2008-02-26T00:00:00","date_gmt":"2008-02-26T00:00:00","guid":{"rendered":""},"modified":"2020-04-06T22:35:27","modified_gmt":"2020-04-06T20:35:27","slug":"kremtohet-ne-kolkondas-shen-kozmai-nje-figure-e-lavdishme-orthodhokse-2008","status":"publish","type":"post","link":"https:\/\/orthodoxalbania.org\/2020\/2008\/02\/26\/kremtohet-ne-kolkondas-shen-kozmai-nje-figure-e-lavdishme-orthodhokse-2008\/","title":{"rendered":"Kremtohet n\u00eb Kolkondas Sh\u00ebn Kozmai, nj\u00eb figur\u00eb e lavdishme orthodhokse. (2008)"},"content":{"rendered":"<div style=\"text-align: justify;\"><span style=\"color: #000000;\"><span style=\"font-family: tahoma,geneva,sans-serif;\"><span style=\"font-size: 12px;\">&nbsp;&nbsp;&nbsp; Manastiri i hirsh\u00ebm i Sh\u00ebn Kozmait n\u00eb Kolkondas t\u00eb Fierit p\u00ebrs\u00ebri sivjet m\u00eb 24 gusht mblodhi n\u00eb gjirin e tij me qindra e qindra besimtar\u00eb. P\u00ebr gjith\u00eb Kish\u00ebn Orthodhokse kjo \u00ebsht\u00eb nj\u00eb dit\u00eb e madhe dhe e shenjt\u00eb, \u00ebsht\u00eb dita n\u00eb t\u00eb cil\u00ebn p\u00ebrkujtohet martirizimi i hierod\u00ebshmorit Kozma.Sh\u00ebrbesat p\u00ebr nder t\u00eb hierod\u00ebshmorit filluan pasditen e dat\u00ebs&nbsp; 23 gusht dhe vazhduan t\u00eb nes\u00ebrmen me Liturgjin\u00eb Hyjnore. K\u00ebto sh\u00ebrbesa u drejtuan nga Mitropoliti i Beratit, Vlor\u00ebs, Kanin\u00ebs dhe i gjith\u00eb Myzeqes\u00eb Imzot Ignati, i cili n\u00eb predikimin e Tij tha:<\/span><\/span><\/span><\/div>\n<div style=\"text-align: justify;\"> <span style=\"color: #000000;\"><span style=\"font-family: tahoma,geneva,sans-serif;\"><span style=\"font-size: 12px;\">&nbsp;&nbsp;&nbsp;&nbsp; <em>\u201cNj\u00eb nga personalitetet fetare, q\u00eb vij\u00ebzuan nj\u00eb trajektore t\u00eb ndritshme n\u00eb horizontin shum\u00eb t\u00eb err\u00ebt t\u00eb epok\u00ebs s\u00eb skllav\u00ebris\u00eb gjat\u00eb shek. XVIII dhe e mbajti t\u00eb pashuar drit\u00ebn e shenjt\u00eb t\u00eb bes\u00ebs orthodhokse, \u00ebsht\u00eb dhe figura e lavdishme e hierod\u00ebshmorit t\u00eb shenjt\u00eb Kozma. Jetoi dhe punoi n\u00eb vitet 1714 \u2013 1779. Nuk ishte vet\u00ebm varf\u00ebria e skajshme e pjes\u00ebs m\u00eb t\u00eb madhe t\u00eb skllev\u00ebrve. Ishte dhe mungesa e plot\u00eb e ushqimit shpirt\u00ebror. Shkolla nuk ekzistonin, q\u00eb f\u00ebmij\u00ebt t\u00eb mund t\u00eb m\u00ebsonin shkronjat elementare dhe historin\u00eb. Prift\u00ebrinj q\u00eb t\u00eb meshonin dhe t\u00eb bekonin popullin, t\u00eb ruanin shpres\u00ebtarin e tij dhe t\u00eb rinovonin flak\u00ebn e bes\u00ebs, n\u00eb disa vende mungonin plot\u00ebsisht.<\/em><\/span><\/span><\/span><\/div>\n<div style=\"text-align: justify;\">&nbsp;<\/div>\n<div style=\"text-align: justify;\"><img decoding=\"async\" class=\"lazyload HAa Eha\" style=\"margin: 10px; float: left; border: 1px solid;\" alt=\"\" src=\"data:image\/svg+xml,%3Csvg%20xmlns%3D%27http%3A%2F%2Fwww.w3.org%2F2000%2Fsvg%27%20width%3D%27177%27%20height%3D%27257%27%20viewBox%3D%270%200%20177%20257%27%3E%3Crect%20width%3D%27177%27%20height%3D%27257%27%20fill-opacity%3D%220%22%2F%3E%3C%2Fsvg%3E\" data-orig-src=\"https:\/\/lh4.googleusercontent.com\/-ouHStq4c1U0\/VJKaZkajxQI\/AAAAAAAAIdU\/wRCMwrFtYFg\/w308-h448-no\/tekst+1.jpg\" height=\"257\" width=\"177\" \/><\/div>\n<div style=\"text-align: justify;\"><span style=\"font-family: Verdana, Arial, Helvetica, sans-serif; font-weight: bold; text-align: justify; background-color: #ffffff;\"><span style=\"font-family: tahoma, geneva, sans-serif;\"><span style=\"font-size: 12px;\"><em>&nbsp; <span style=\"color: #000000;\">&nbsp; Hierod\u00ebshmori Kozma duke qen\u00eb p\u00ebrpara nj\u00eb situate t\u00eb till\u00eb, mbi t\u00eb gjitha t\u00eb hidhur dhe t\u00eb p\u00ebrlotur, mori vendimin e madh p\u00ebr t\u00eb kushtuar jet\u00ebn, fuqit\u00eb e tij v\u00ebllez\u00ebrve t\u00eb tij t\u00eb vuajtur. At\u00ebher\u00eb ishte 45 vje\u00e7, kur pas nj\u00eb m\u00ebsimi shum\u00ebvje\u00e7ar n\u00eb shkoll\u00ebn e famshme t\u00eb Athonjadh\u00ebs n\u00eb Malin e Shenjt\u00eb, n\u00ebn kujdesin e m\u00ebsuesve t\u00eb urt\u00eb, si Eugjen Vulgari, Panajot Palamai etj., shkon n\u00eb Konstandinopoj\u00eb p\u00ebr t\u00eb marr\u00eb lejen dhe bekimin e Patriarkut Ekumenik, p\u00ebr t\u00eb filluar udh\u00ebtimin dhe vepr\u00ebn e p\u00ebrhapjes s\u00eb Ungjillit tek populli orthodhoks, q\u00eb vuan n\u00eb m\u00ebnyr\u00eb t\u00eb padrejt\u00eb. \u201cK\u00ebshtu Sh\u00ebn Kozmai \u2013 sh\u00ebnon biografi i tij \u2013 duke pasur mb\u00ebshtetjen dhe miratimin e Kish\u00ebs zbriste n\u00eb luft\u00ebn e tij, i p\u00ebrgatitur prej shum\u00eb vitesh p\u00ebr k\u00ebt\u00eb, me studimin, me p\u00ebrvoj\u00ebn e bot\u00ebs dhe njohjen e thell\u00eb t\u00eb parimeve t\u00eb Ungjillit&#8230; I veshur me rason e tij t\u00eb thjesht\u00eb dhe duke mbajtur nj\u00eb shkop n\u00eb dor\u00eb ecte p\u00ebr t\u00eb p\u00ebrmbushur synimet e tij. Ishte n\u00eb mosh\u00ebn m\u00eb t\u00eb pjekur dhe burr\u00ebrore, 46 vje\u00e7, i nxir\u00eb nga dielli, me sy q\u00eb shk\u00eblqenin nga Drita qiellore, me nj\u00eb hijeshi t\u00eb pap\u00ebrshkruar n\u00eb buz\u00ebt e tij, me shtatin e tij t\u00eb derdhur, i fuqish\u00ebm nga asketizmi dhe me ndjenj\u00eb n\u00eb misionin e tij\u201d.<\/span><\/em><span style=\"color: #000000;\">&nbsp;Pun\u00ebtor\u00ebt e frym\u00ebzuar t\u00eb Ungjillit Per\u00ebndia i pajis me shum\u00eb dhunti dhe iu beson shum\u00eb talente, sepse e di se do t\u2019i vler\u00ebsojn\u00eb si\u00e7 duhet dhe do t\u00eb punojn\u00eb intensivisht q\u00eb t\u2019i shumojn\u00eb. Kjo ndodhi edhe me Sh\u00ebn Kozmain. Bashk\u00eb me zellin e zjarrt\u00eb dhe aktivitetin e palodhur, i dha fuqin\u00eb e fjal\u00ebs q\u00eb t\u00eb t\u00ebrheq\u00eb turmat.<\/span><\/span><\/span><\/span><br style=\"font-family: Verdana, Arial, Helvetica, sans-serif; font-weight: bold; text-align: justify; background-color: #ffffff;\" \/><span style=\"font-family: Verdana, Arial, Helvetica, sans-serif; font-weight: bold; text-align: justify; color: #000000; background-color: #ffffff;\"><span style=\"font-family: tahoma, geneva, sans-serif;\"><span style=\"font-size: 12px;\"><\/span><\/span><\/span><\/div>\n<div style=\"text-align: justify;\">&nbsp;<\/div>\n<div style=\"text-align: justify;\"><span style=\"font-family: Verdana, Arial, Helvetica, sans-serif; font-weight: bold; text-align: justify; color: #000000; background-color: #ffffff;\"><span style=\"font-family: tahoma, geneva, sans-serif;\"><span style=\"font-size: 12px;\">&nbsp;&nbsp;&nbsp;&nbsp; Le t\u00eb d\u00ebgjojm\u00eb vet shenjtorin t\u00eb prezantoj\u00eb s\u00eb pari veten e tij, pastaj q\u00ebllimet dhe synimet e tij, n\u00eb pun\u00ebn q\u00eb mori p\u00ebrsip\u00ebr. Fjalimet e tij, q\u00eb u ruajt\u00ebn deri m\u00eb sot, p\u00ebrb\u00ebjn\u00eb nj\u00eb burim t\u00eb \u00e7muar dhe t\u00eb shumansh\u00ebm.<\/span><\/span><\/span><\/div>\n<div style=\"text-align: justify;\">&nbsp;<\/div>\n<div style=\"text-align: justify;\"><span style=\"color: #000000;\"><span style=\"font-family: tahoma,geneva,sans-serif;\"><span style=\"font-size: 12px;\"><em>&nbsp;&nbsp;&nbsp; \u201cAtdheu im i rrem\u00eb, tok\u00ebsor dhe i kot\u00eb \u00ebsht\u00eb nga dioqeza e mitropolitit t\u00eb Art\u00ebs. Ati im, n\u00ebna ime dhe fisi im jan\u00eb t\u00eb krishter\u00eb shpres\u00ebtar\u00eb orthodhoks\u00eb. Jam pra edhe un\u00eb, v\u00ebllez\u00ebrit e mi, njeri m\u00ebkatar, m\u00eb shum\u00eb nga t\u00eb gjith\u00eb; por jam sh\u00ebrb\u00ebtor i Zotit ton\u00eb, Jisu Krishtit t\u00eb Kryq\u00ebzuar dhe Per\u00ebndi. Jo se <\/em><\/span><\/span><\/span><\/div>\n<div style=\"text-align: justify;\"><span style=\"color: #000000;\"><span style=\"font-family: tahoma,geneva,sans-serif;\"><span style=\"font-size: 12px;\"><em>e meritoj t\u00eb jem sh\u00ebrb\u00ebtor i Zotit Krisht, por Krishti im m\u00eb pranon nga dhimbsuria e Tij. Krishtit ton\u00eb, pra, v\u00ebllez\u00ebrit e mi, i besoj, e lavd\u00ebroj dhe i falem. Krishtit ton\u00eb i lutem t\u00eb m\u00eb pastroj\u00eb nga \u00e7do m\u00ebkat shpirti dhe trupi. Krishtit ton\u00eb i lutem t\u00eb m\u00eb forcoj\u00eb t\u00eb mund tre armiqt\u00eb: bot\u00ebn, mishin dhe djallin. Krishtit ton\u00eb i lutem t\u00eb m\u00eb denj\u00ebsoj\u00eb edhe mua t\u00eb derdh gjakun tim p\u00ebr dashurin\u00eb e Tij, si\u00e7 e derdhi edhe Ai p\u00ebr dashurin\u00eb time. N\u00ebse, v\u00ebllez\u00ebrit e mi, do t\u00eb ishte e mundur t\u00eb ngjitem n\u00eb qiejt, t\u00eb th\u00ebrras me z\u00eb t\u00eb madh, t\u00eb predikoj n\u00eb t\u00ebr\u00eb bot\u00ebn se vet\u00ebm Krishti yn\u00eb \u00ebsht\u00eb Bir dhe Fjal\u00eb e Per\u00ebndis\u00eb, dhe Per\u00ebndi i v\u00ebrtet\u00eb, dhe Jeta e t\u00eb gjith\u00ebve, do doja ta b\u00ebja; por nga q\u00eb nuk mund t\u00eb b\u00ebj k\u00ebt\u00eb gj\u00eb t\u00eb madhe, b\u00ebj k\u00ebt\u00eb t\u00eb vogl\u00ebn dhe shkoj nga nj\u00ebri vend tek tjetri; dhe predikoj, v\u00ebllez\u00ebrit e mi, sipas mund\u00ebsive q\u00eb kam, jo si m\u00ebsues, por si v\u00eblla. M\u00ebsues \u00ebsht\u00eb vet\u00ebm Krishti yn\u00eb\u201d.<\/em><\/span><\/span><\/span><\/div>\n<div style=\"text-align: justify;\"> <span style=\"color: #000000;\"><span style=\"font-family: tahoma,geneva,sans-serif;\"><span style=\"font-size: 12px;\">&nbsp;&nbsp;&nbsp;&nbsp; Duke vazhduar predikimin e tij, misionari i frym\u00ebzuar, shpjegon n\u00eb m\u00ebnyr\u00eb t\u00ebrheq\u00ebse dhe shum\u00eb t\u00eb dobishme se mori vendim t\u00eb punoj\u00eb p\u00ebr hir dhe dobi t\u00eb t\u00eb krishter\u00ebve t\u00eb skllav\u00ebruar.<\/span><\/span><\/span><\/div>\n<div style=\"text-align: justify;\"> <span style=\"color: #000000;\"><span style=\"font-family: tahoma,geneva,sans-serif;\"><span style=\"font-size: 12px;\">&nbsp;&nbsp;&nbsp;&nbsp; <em>\u201cDo t\u2019iu tregoj shkakun, v\u00ebllez\u00ebrit e mi, se nga u nxita. Duke u nisur nga atdheu im para dyzet vjet\u00ebsh shkela shum\u00eb vende, k\u00ebshtjella, qytete dhe fshatra, madje deri n\u00eb Konstandinopoj\u00eb dhe m\u00eb tep\u00ebr ndenja n\u00eb Malin e Shenjt\u00eb, 17 vjet, dhe qaja p\u00ebr m\u00ebkatet e mia. Bashk\u00eb me dhuntit\u00eb e pafundme q\u00eb m\u00eb dhuroi Zoti im, m\u00eb denj\u00ebsoi t\u00eb m\u00ebsoj shkronja. U b\u00ebra edhe kallogjer (murg).<\/em><\/span><\/span><\/span><\/div>\n<div style=\"text-align: justify;\"> <span style=\"color: #000000;\"><span style=\"font-family: tahoma,geneva,sans-serif;\"><span style=\"font-size: 12px;\">&nbsp;&nbsp;&nbsp;&nbsp; <em>Duke studiuar Ungjillin e shenjt\u00eb gjeta brenda tij shum\u00eb kuptime t\u00eb ndryshme, t\u00eb cilat jan\u00eb margaritar\u00eb, diamante, thesare, pasuri, g\u00ebzim, ngaz\u00ebllim, jet\u00eb e p\u00ebrjetshme. Bashk\u00eb me t\u00eb tjerat gjeta edhe k\u00ebto fjal\u00eb, ku Krishti jon\u00eb thot\u00eb, se nuk duhet q\u00eb cilido i krishter\u00eb, burr\u00eb ose grua, t\u00eb kujdeset vet\u00ebm p\u00ebr veten e tij si do t\u00eb shp\u00ebtoj\u00eb, por t\u00eb kujdeset edhe p\u00ebr v\u00ebllez\u00ebrit e tij, q\u00eb t\u00eb mos mundohen n\u00eb ferr.<\/em><\/span><\/span><\/span><\/div>\n<div style=\"text-align: justify;\"> <span style=\"color: #000000;\"><span style=\"font-family: tahoma,geneva,sans-serif;\"><span style=\"font-size: 12px;\">&nbsp;&nbsp;&nbsp; <em>Duke d\u00ebgjuar edhe un\u00eb, v\u00ebllez\u00ebrit e mi, fjal\u00ebn e \u00ebmb\u00ebl q\u00eb na thot\u00eb Krishti yn\u00eb, t\u00eb kujdesemi edhe p\u00ebr v\u00ebllez\u00ebrit tan\u00eb, m\u00eb bluante n\u00eb zem\u00ebr p\u00ebr aq vite, si mola q\u00eb ha drurin, \u00e7\u2019t\u00eb b\u00ebja edhe un\u00eb duke medituar n\u00eb paditurin\u00eb time. U k\u00ebshillova me et\u00ebrit e mi shpirt\u00ebror, kryeprift\u00ebrinj, patriark\u00eb; u shfaqa mendimin tim, n\u00ebse do t\u00eb ishte e p\u00eblqyeshme p\u00ebr Per\u00ebndin\u00eb t\u00eb kryej nj\u00eb vep\u00ebr t\u00eb till\u00eb, edhe t\u00eb gjith\u00eb m\u00eb nxit\u00ebn ta b\u00ebj, dhe m\u00eb than\u00eb se nj\u00eb vep\u00ebr e till\u00eb \u00ebsht\u00eb e mir\u00eb dhe e shenjt\u00eb. Madje i nxitur nga T\u00ebr\u00ebshenjt\u00ebria e tij, imzot Sofroni, patriarku, i pa\u00e7im urat\u00ebn, dhe duke marr\u00eb urimet e tij t\u00eb shenjta, lash kujdesin p\u00ebr veten dhe dola p\u00ebr t\u00eb shkuar nga vendi n\u00eb vend, q\u00eb t\u00eb predikoj dhe m\u00ebsoj v\u00ebllez\u00ebrit e mi\u201d.<\/em><\/span><\/span><\/span><\/div>\n<div style=\"text-align: justify;\"> <span style=\"color: #000000;\"><span style=\"font-family: tahoma,geneva,sans-serif;\"><span style=\"font-size: 12px;\">&nbsp;&nbsp;&nbsp;&nbsp; M\u00ebsimi i Sh\u00ebn Kozmait pran\u00eb m\u00ebsuesve t\u00eb urt\u00eb dhe shpres\u00ebtar\u00eb n\u00eb akademin\u00eb Athonjadha, e ndihmoi t\u00eb njoh\u00eb dhe t\u00eb shpall\u00eb me sakt\u00ebsi doktrinat e besimit ton\u00eb orthodhoks. Kishte dhe shum\u00eb nevoj\u00eb populli i skllav\u00ebruar t\u00eb m\u00ebsoj\u00eb fjal\u00ebn e s\u00eb v\u00ebrtet\u00ebs, q\u00eb t\u00eb mbrohet nga herezit\u00eb dhe nga doktrinat e g\u00ebnjeshtra! Ja, me sa sakt\u00ebsi dhe thjesht\u00ebsi predikon tek populli doktrin\u00ebn p\u00ebr Trinin\u00eb e Shenjt\u00eb, duke e g\u00ebrshetuar at\u00eb me predikimin moral p\u00ebr dashurin\u00eb.<\/span><\/span><\/span><\/div>\n<div style=\"text-align: justify;\"> <span style=\"color: #000000;\"><span style=\"font-family: tahoma,geneva,sans-serif;\"><span style=\"font-size: 12px;\">&nbsp;&nbsp;&nbsp;&nbsp; <em>\u201cPer\u00ebndia i T\u00ebr\u00ebmir\u00eb dhe i Shum\u00ebm\u00ebshirsh\u00ebm, v\u00ebllez\u00ebrit e mi, \u00ebsht\u00eb nj\u00eb; dhe kush thot\u00eb se ekzistojn\u00eb shum\u00eb Per\u00ebndi, \u00ebsht\u00eb djall. \u00cbsht\u00eb dhe Trini: Ati, Biri dhe Shpirti i Shenjt\u00eb; nj\u00eb Lavdi, nj\u00eb Mbret\u00ebri, nj\u00eb Per\u00ebndi! Per\u00ebndia i T\u00ebr\u00ebmir\u00eb dhe i Shum\u00ebm\u00ebshirsh\u00ebm, v\u00ebllez\u00ebrit e mi, ka emra t\u00eb shumt\u00eb dhe t\u00eb ndrysh\u00ebm. Quhet Drit\u00eb, Jet\u00eb, Ngjallje. Por emri i Tij kryesor \u00ebsht\u00eb Dashuri. Dhe ne, pra, n\u00ebse duam ta quajm\u00eb Per\u00ebndin\u00eb ton\u00eb At\u00eb duhet t\u00eb kemi dy dashuri, dashuri p\u00ebr Per\u00ebndin\u00eb dhe dashuri p\u00ebr t\u00eb af\u00ebrmin. Ashtu si dall\u00ebndyshja ka nevoj\u00eb p\u00ebr dy krah\u00eb q\u00eb t\u00eb fluturoj\u00eb, k\u00ebshtu edhe neve na duhen dy dashuri dhe pa k\u00ebto \u00ebsht\u00eb e pamundur t\u00eb shp\u00ebtohemi.<\/em><\/span><\/span><\/span><\/div>\n<div style=\"text-align: justify;\"> <span style=\"color: #000000;\"><span style=\"font-family: tahoma,geneva,sans-serif;\"><span style=\"font-size: 12px;\">&nbsp;&nbsp;&nbsp;&nbsp; <em>Me fjalimet e tij aq t\u00eb gjalla dhe shpreh\u00ebse, Sh\u00ebn Kozmai, k\u00ebshillonte dhe m\u00ebsonte popullin e Zotit. Dhe ashtu si\u00e7 sh\u00ebnon biografi i tij, <\/em><em>\u201c<\/em><em>nj\u00eb kuror\u00eb lavdie rrethonte fytyr\u00ebn e tij engj\u00ebllore, kur predikonte, dukej sikur nuk shkelte mbi tok\u00eb dhe turmat rendnin mbas tij t\u00eb mahnitura<\/em><em>\u201d. Frytet dhe p\u00ebrfundimet e nj\u00eb p\u00ebrpjekjeje t\u00eb till\u00eb t\u00eb Sh\u00ebn Kozmait soll\u00ebn rezultate shum\u00eb t\u00eb vlefshme. Ndihmuan popullin t\u00eb ruaj\u00eb besimin e tij orthodhoks. Nd\u00ebrpren\u00eb rrjedh\u00ebn e ndryshimit t\u00eb bes\u00ebs. Nxit\u00ebn popullin n\u00eb pendim. Jeta e tij e shenjt\u00eb, pamja e tij asketike, m\u00ebnyra e tij joargjendash\u00ebse, entuziazmi i tij qiellor krijuan dhe fron\u00ebzuan n\u00eb shpirtrat e skllev\u00ebrve bindjen se ishte i d\u00ebrguar i Per\u00ebndis\u00eb, si\u00e7 ishte me t\u00eb v\u00ebrtet\u00eb. Prandaj \u00e7far\u00ebdo q\u00eb predikonte rr\u00ebnjosej thell\u00eb n\u00eb shpirtrat e njer\u00ebzve dhe mbetej e pashlyeshme dhe transmetohej nga brezi n\u00eb brez.<\/em><\/span><\/span><\/span><\/div>\n<div style=\"text-align: justify;\"> <span style=\"color: #000000;\"><span style=\"font-family: tahoma,geneva,sans-serif;\"><span style=\"font-size: 12px;\">&nbsp;&nbsp;&nbsp;&nbsp; <em>Akoma edhe deri m\u00eb sot, pas m\u00eb shum\u00eb se 200 vjet\u00ebsh nga martirizimi i tij, figura e tij frym\u00ebzon shpres\u00ebtari t\u00eb thell\u00eb, m\u00ebsimet dhe profecit\u00eb e tij transmetohen goj\u00eb m\u00eb goj\u00eb n\u00eb brezat pasardh\u00ebs si trash\u00ebgimi e \u00e7mueshme. Por prij\u00ebsi dhe themeluesi i besimit ton\u00eb, Zoti Jisu Krisht, kishte parath\u00ebn\u00eb se nx\u00ebn\u00ebsit do d\u00ebrgoheshin t\u00eb punonin <\/em><em>\u201c<\/em><em>si dele mes ujq\u00ebrve<\/em><em>\u201d<\/em><em> (Mat. 10, 16). Kjo ndodhi edhe me Sh\u00ebn Kozmain. Njer\u00ebzit dashamir\u00ebs, edhe pse ishin m\u00ebkatar\u00eb i vinin re fjalimeve t\u00eb tij dhe u faleshin dhe b\u00ebheshin pasues t\u00eb tij t\u00eb p\u00ebrkushtuar. Por njer\u00ebzit shpirtkeq, shfrynin t\u00eb zem\u00ebruar dhe k\u00ebrkonin m\u00ebnyr\u00eb q\u00eb ta zhduknin. K\u00ebt\u00eb b\u00ebri p\u00ebrfundimisht Kurt pashai i Beratit. Shenjtori e dinte se jeta e tij do t\u00eb p\u00ebrfundonte n\u00eb kryqin e martirizimit, prandaj si gjith\u00eb martir\u00ebt shkoi drejt martirizimit me hap t\u00eb g\u00ebzuesh\u00ebm dhe festiv. Kur t\u00eb d\u00ebrguarit e Kurt pashait e arrestuan, shenjtori n\u00eb momentin q\u00eb ndahej nga murgj\u00ebrit q\u00eb e shoq\u00ebronin, n\u00eb m\u00ebnyr\u00eb profetike citoi fjal\u00ebt e psalmistit t\u00eb hijsh\u00ebm: <\/em><em>\u201c<\/em><em>Kemi kaluar n\u00ebp\u00ebr zjarr dhe n\u00ebp\u00ebr uj\u00eb, por Ti na ke nxjerr\u00eb jasht\u00eb n\u00eb nj\u00eb vend t\u00eb fresk\u00ebt<\/em><em>\u201d<\/em><em> (Psalmi 65:12). Ata q\u00eb e arrestuan e mbyll\u00ebn n\u00eb nj\u00eb vend ku t\u00ebr\u00eb nat\u00ebn e kaloi me psalmodhi, t\u00eb nes\u00ebrmen n\u00eb m\u00ebngjes u nis\u00ebn q\u00eb ta \u00e7ojn\u00eb gjoja tek pashai. Por kur arrit\u00ebn n\u00eb vendin e martirizimit i thon\u00eb t\u00eb p\u00ebrgatitej. Shenjtori e ndjeu. Kishin ardhur momentet e tij t\u00eb fundit. U gjunj\u00ebzua dhe u lut nxeht\u00ebsisht Per\u00ebndis\u00eb. M\u00eb pas u ngrit dhe b\u00ebri kryqin n\u00eb kat\u00ebr an\u00ebt e horizontit. Nd\u00ebrkoh\u00eb q\u00eb xhelat\u00ebt p\u00ebrgatisnin litarin p\u00ebr ta varur, shenjtori ngriti syt\u00eb drejt qiellit, atje ku mbas pak do t\u00eb fluturonte shpirti i tij, pastaj p\u00ebrs\u00ebriti fjal\u00ebt e fundit t\u00eb protomartirit Stefan duke th\u00ebn\u00eb: <\/em><em>\u201c<\/em><em>O Zot, prano shpirtin tim<\/em><em>\u201d. Qielli e pranoi frym\u00ebn e tij dhe lumi trupin e tij t\u00eb martirizuar, t\u00eb cilin t\u00eb krishter\u00ebt pasi e nxor\u00ebn nga lumi, k\u00ebnduan sh\u00ebrbes\u00ebn q\u00eb i p\u00ebrket martir\u00ebve dhe me shpres\u00ebtari e varros\u00ebn. E varros\u00ebn pran\u00eb kish\u00ebs s\u00eb Sh\u00ebn M\u00ebris\u00eb, ku p\u00ebrbri varrit pas disa vjet\u00ebsh u ngrit kish\u00eb e madhe n\u00eb emrin e shenjtorit, e cila ekziston deri m\u00eb sot dhe rreth saj u nd\u00ebrtuan qeli dhe u b\u00eb manastir. N\u00eb k\u00ebt\u00eb manastir u strehua edhe nj\u00eb shkoll\u00eb kishtare, ku numri i nx\u00ebn\u00ebsve arriti deri n\u00eb 100 vet\u00eb.<\/em><\/span><\/span><\/span><\/div>\n<div style=\"text-align: justify;\"> <span style=\"color: #000000;\"><span style=\"font-family: tahoma,geneva,sans-serif;\"><span style=\"font-size: 12px;\">&nbsp;&nbsp;&nbsp;&nbsp; <em>Shenjtori le t\u00eb nd\u00ebrmjetoj\u00eb p\u00ebr t\u00eb gjith\u00eb ne dhe ve\u00e7an\u00ebrisht p\u00ebr t\u00eb rinjt\u00eb, p\u00ebr t\u00eb cil\u00ebt konsiderohet mbrojt\u00ebs, t\u2019i frym\u00ebzoj\u00eb me zjarrin e shenjt\u00eb t\u00eb zellit hyjnor q\u00eb kishte edhe ai vet\u00eb. U b\u00ebft\u00eb.\u201d<\/em><\/span><\/span><\/span><\/div>\n<div style=\"text-align: justify;\">&nbsp;<\/div>\n<div style=\"text-align: justify;\">&nbsp;<\/div>\n<div style=\"text-align: justify;\">&nbsp;<\/div>\n<div style=\"text-align: justify;\"><img decoding=\"async\" class=\"lazyload HAa Eha\" style=\"border-width: 1px; border-style: solid; margin: 10px auto;\" alt=\"\" src=\"data:image\/gif;base64,R0lGODlhAQABAAAAACH5BAEKAAEALAAAAAABAAEAAAICTAEAOw==\" data-orig-src=\"https:\/\/lh3.googleusercontent.com\/-EG4544pQlSM\/VJKaW0ngteI\/AAAAAAAAIcs\/yViAA6xmza4\/w336-h448-no\/23-24.08.08_016.jpg\" \/><\/div>\n<p><img decoding=\"async\" class=\"lazyload HAa Eha\" style=\"border-width: 1px; border-style: solid; margin: 10px auto;\" alt=\"\" src=\"data:image\/gif;base64,R0lGODlhAQABAAAAACH5BAEKAAEALAAAAAABAAEAAAICTAEAOw==\" data-orig-src=\"https:\/\/lh3.googleusercontent.com\/-ArQaKtEeqds\/VJKaWv-FmfI\/AAAAAAAAIdo\/1IxR66ELU8w\/w448-h336-no\/23-24.08.08_001.jpg\" \/><\/p>\n<p><img decoding=\"async\" class=\"lazyload HAa Eha\" style=\"border-width: 1px; border-style: solid; margin: 10px auto;\" alt=\"\" src=\"data:image\/gif;base64,R0lGODlhAQABAAAAACH5BAEKAAEALAAAAAABAAEAAAICTAEAOw==\" data-orig-src=\"https:\/\/lh4.googleusercontent.com\/-5s5MqudlfCc\/VJKaXPh6CVI\/AAAAAAAAIdw\/osLE0qRajnI\/w448-h336-no\/23-24.08.08_072.jpg\" \/><\/p>\n<p><img decoding=\"async\" class=\"lazyload HAa Eha\" style=\"border-width: 1px; border-style: solid; margin: 10px auto;\" alt=\"\" src=\"data:image\/gif;base64,R0lGODlhAQABAAAAACH5BAEKAAEALAAAAAABAAEAAAICTAEAOw==\" data-orig-src=\"https:\/\/lh5.googleusercontent.com\/-53vuZc1ywu8\/VJKaXZEwqBI\/AAAAAAAAIdg\/a1T1ddQamh8\/w448-h336-no\/23-24.08.08_079.jpg\" \/><\/p>\n<p><img decoding=\"async\" class=\"lazyload HAa Eha\" style=\"border-width: 1px; border-style: solid; margin: 10px auto;\" alt=\"\" src=\"data:image\/gif;base64,R0lGODlhAQABAAAAACH5BAEKAAEALAAAAAABAAEAAAICTAEAOw==\" data-orig-src=\"https:\/\/lh4.googleusercontent.com\/-nhlGWFTTnzc\/VJKaYEnYClI\/AAAAAAAAIdA\/MqB5UHcb-yE\/w448-h336-no\/23-24.08.08_170.jpg\" \/><\/p>\n<p><img decoding=\"async\" class=\"lazyload HAa Eha\" style=\"border-width: 1px; border-style: solid; margin: 10px auto;\" alt=\"\" src=\"data:image\/gif;base64,R0lGODlhAQABAAAAACH5BAEKAAEALAAAAAABAAEAAAICTAEAOw==\" data-orig-src=\"https:\/\/lh4.googleusercontent.com\/-gAWxikwR7go\/VJKaYmS269I\/AAAAAAAAIdY\/1fdzUHRneI0\/w448-h336-no\/23-24.08.08_172.jpg\" \/><\/p>\n<p><img decoding=\"async\" class=\"lazyload HAa Eha\" style=\"border-width: 1px; border-style: solid; margin: 10px auto;\" alt=\"\" src=\"data:image\/gif;base64,R0lGODlhAQABAAAAACH5BAEKAAEALAAAAAABAAEAAAICTAEAOw==\" data-orig-src=\"https:\/\/lh5.googleusercontent.com\/-AJAR5F-7OZs\/VJKaYqedFYI\/AAAAAAAAIdc\/_gstUG-g3vQ\/w448-h336-no\/23-24.08.08_176.jpg\" \/><\/p>\n<p><img decoding=\"async\" class=\"lazyload HAa Eha\" style=\"border-width: 1px; border-style: solid; margin: 10px auto;\" alt=\"\" src=\"data:image\/gif;base64,R0lGODlhAQABAAAAACH5BAEKAAEALAAAAAABAAEAAAICTAEAOw==\" data-orig-src=\"https:\/\/lh5.googleusercontent.com\/-BizOwGj9CMI\/VJKaZOVZQvI\/AAAAAAAAIdQ\/2Kw4IeaIt-I\/w448-h336-no\/23-24.08.08_180.jpg\" \/><\/p>\n<p><img decoding=\"async\" class=\"lazyload HAa Eha\" style=\"border-width: 1px; border-style: solid; margin: 10px auto;\" alt=\"\" src=\"data:image\/gif;base64,R0lGODlhAQABAAAAACH5BAEKAAEALAAAAAABAAEAAAICTAEAOw==\" data-orig-src=\"https:\/\/lh4.googleusercontent.com\/-QHqI4wnv3nw\/VJKaWwRJAvI\/AAAAAAAAIdk\/yo6cyALiC7k\/w448-h336-no\/23-24.08.08_052.jpg\" \/><\/p>\n<p><img decoding=\"async\" class=\"lazyload HAa Eha\" style=\"border-width: 1px; border-style: solid; margin: 10px auto;\" alt=\"\" src=\"data:image\/gif;base64,R0lGODlhAQABAAAAACH5BAEKAAEALAAAAAABAAEAAAICTAEAOw==\" data-orig-src=\"https:\/\/lh4.googleusercontent.com\/-nNCTDTz5iT8\/VJKaX4mRmKI\/AAAAAAAAIc4\/AaBpB0QB28k\/w336-h448-no\/23-24.08.08_089.jpg\" \/><\/p>\n<p>&nbsp;<\/p>\n","protected":false},"excerpt":{"rendered":"<p>&nbsp;&nbsp;&nbsp; Manastiri i hirsh\u00ebm i Sh\u00ebn Kozmait n\u00eb Kolkondas t\u00eb Fierit p\u00ebrs\u00ebri sivjet m\u00eb 24 gusht mblodhi n\u00eb gjirin e tij me qindra e qindra besimtar\u00eb. P\u00ebr gjith\u00eb Kish\u00ebn Orthodhokse kjo \u00ebsht\u00eb nj\u00eb dit\u00eb e madhe dhe e shenjt\u00eb, \u00ebsht\u00eb dita n\u00eb t\u00eb cil\u00ebn p\u00ebrkujtohet martirizimi i hierod\u00ebshmorit Kozma.Sh\u00ebrbesat p\u00ebr nder t\u00eb hierod\u00ebshmorit filluan pasditen e dat\u00ebs&nbsp; 23 gusht dhe vazhduan t\u00eb nes\u00ebrmen me Liturgjin\u00eb<\/p>\n","protected":false},"author":1,"featured_media":0,"comment_status":"open","ping_status":"open","sticky":false,"template":"","format":"standard","meta":{"_acf_changed":false,"pagelayer_contact_templates":[],"_pagelayer_content":"","inline_featured_image":false,"fifu_image_url":"","fifu_image_alt":"","footnotes":""},"categories":[108],"tags":[146,157,212,197],"class_list":["post-830","post","type-post","status-publish","format-standard","hentry","category-lajme","tag-146","tag-kremtime","tag-lajme-d27","tag-berat"],"acf":[],"yoast_head":"<!-- This site is optimized with the Yoast SEO plugin v27.2 - https:\/\/yoast.com\/product\/yoast-seo-wordpress\/ -->\n<title>Kremtohet n\u00eb Kolkondas Sh\u00ebn Kozmai, nj\u00eb figur\u00eb e lavdishme orthodhokse. (2008) - Kisha Orthodh\u03bfkse Autoqefale e Shqip\u00ebris\u00eb<\/title>\n<meta name=\"robots\" content=\"index, follow, max-snippet:-1, max-image-preview:large, max-video-preview:-1\" \/>\n<link rel=\"canonical\" href=\"https:\/\/orthodoxalbania.org\/2020\/2008\/02\/26\/kremtohet-ne-kolkondas-shen-kozmai-nje-figure-e-lavdishme-orthodhokse-2008\/\" \/>\n<meta property=\"og:locale\" content=\"en_US\" \/>\n<meta property=\"og:type\" content=\"article\" \/>\n<meta property=\"og:title\" content=\"Kremtohet n\u00eb Kolkondas Sh\u00ebn Kozmai, nj\u00eb figur\u00eb e lavdishme orthodhokse. (2008) - Kisha Orthodh\u03bfkse Autoqefale e Shqip\u00ebris\u00eb\" \/>\n<meta property=\"og:description\" content=\"&nbsp;&nbsp;&nbsp; Manastiri i hirsh\u00ebm i Sh\u00ebn Kozmait n\u00eb Kolkondas t\u00eb Fierit p\u00ebrs\u00ebri sivjet m\u00eb 24 gusht mblodhi n\u00eb gjirin e tij me qindra e qindra besimtar\u00eb. P\u00ebr gjith\u00eb Kish\u00ebn Orthodhokse kjo \u00ebsht\u00eb nj\u00eb dit\u00eb e madhe dhe e shenjt\u00eb, \u00ebsht\u00eb dita n\u00eb t\u00eb cil\u00ebn p\u00ebrkujtohet martirizimi i hierod\u00ebshmorit Kozma.Sh\u00ebrbesat p\u00ebr nder t\u00eb hierod\u00ebshmorit filluan pasditen e dat\u00ebs&nbsp; 23 gusht dhe vazhduan t\u00eb nes\u00ebrmen me Liturgjin\u00eb\" \/>\n<meta property=\"og:url\" content=\"https:\/\/orthodoxalbania.org\/2020\/2008\/02\/26\/kremtohet-ne-kolkondas-shen-kozmai-nje-figure-e-lavdishme-orthodhokse-2008\/\" \/>\n<meta property=\"og:site_name\" content=\"Kisha Orthodh\u03bfkse Autoqefale e Shqip\u00ebris\u00eb\" \/>\n<meta property=\"article:publisher\" content=\"https:\/\/www.facebook.com\/koash1991\" \/>\n<meta property=\"article:published_time\" content=\"2008-02-26T00:00:00+00:00\" \/>\n<meta property=\"article:modified_time\" content=\"2020-04-06T20:35:27+00:00\" \/>\n<meta property=\"og:image\" content=\"https:\/\/lh4.googleusercontent.com\/-ouHStq4c1U0\/VJKaZkajxQI\/AAAAAAAAIdU\/wRCMwrFtYFg\/w308-h448-no\/tekst+1.jpg\" \/>\n<meta name=\"author\" content=\"Kisha Orthodhokse\" \/>\n<meta name=\"twitter:card\" content=\"summary_large_image\" \/>\n<meta name=\"twitter:label1\" content=\"Written by\" \/>\n\t<meta name=\"twitter:data1\" content=\"Kisha Orthodhokse\" \/>\n\t<meta name=\"twitter:label2\" content=\"Est. reading time\" \/>\n\t<meta name=\"twitter:data2\" content=\"11 minutes\" \/>\n<script type=\"application\/ld+json\" class=\"yoast-schema-graph\">{\"@context\":\"https:\/\/schema.org\",\"@graph\":[{\"@type\":\"Article\",\"@id\":\"https:\/\/orthodoxalbania.org\/2020\/2008\/02\/26\/kremtohet-ne-kolkondas-shen-kozmai-nje-figure-e-lavdishme-orthodhokse-2008\/#article\",\"isPartOf\":{\"@id\":\"https:\/\/orthodoxalbania.org\/2020\/2008\/02\/26\/kremtohet-ne-kolkondas-shen-kozmai-nje-figure-e-lavdishme-orthodhokse-2008\/\"},\"author\":{\"name\":\"Kisha Orthodhokse\",\"@id\":\"https:\/\/orthodoxalbania.org\/2020\/#\/schema\/person\/0c387634a7063ac612d7ed9ce71c7e86\"},\"headline\":\"Kremtohet n\u00eb Kolkondas Sh\u00ebn Kozmai, nj\u00eb figur\u00eb e lavdishme orthodhokse. (2008)\",\"datePublished\":\"2008-02-26T00:00:00+00:00\",\"dateModified\":\"2020-04-06T20:35:27+00:00\",\"mainEntityOfPage\":{\"@id\":\"https:\/\/orthodoxalbania.org\/2020\/2008\/02\/26\/kremtohet-ne-kolkondas-shen-kozmai-nje-figure-e-lavdishme-orthodhokse-2008\/\"},\"wordCount\":2189,\"commentCount\":0,\"publisher\":{\"@id\":\"https:\/\/orthodoxalbania.org\/2020\/#organization\"},\"image\":{\"@id\":\"https:\/\/orthodoxalbania.org\/2020\/2008\/02\/26\/kremtohet-ne-kolkondas-shen-kozmai-nje-figure-e-lavdishme-orthodhokse-2008\/#primaryimage\"},\"thumbnailUrl\":\"https:\/\/lh4.googleusercontent.com\/-ouHStq4c1U0\/VJKaZkajxQI\/AAAAAAAAIdU\/wRCMwrFtYFg\/w308-h448-no\/tekst+1.jpg\",\"keywords\":[\"2008\",\"Kremtime\",\"lajme\",\"Mitropolia Berat\"],\"articleSection\":[\"Lajme\"],\"inLanguage\":\"en-US\"},{\"@type\":\"WebPage\",\"@id\":\"https:\/\/orthodoxalbania.org\/2020\/2008\/02\/26\/kremtohet-ne-kolkondas-shen-kozmai-nje-figure-e-lavdishme-orthodhokse-2008\/\",\"url\":\"https:\/\/orthodoxalbania.org\/2020\/2008\/02\/26\/kremtohet-ne-kolkondas-shen-kozmai-nje-figure-e-lavdishme-orthodhokse-2008\/\",\"name\":\"Kremtohet n\u00eb Kolkondas Sh\u00ebn Kozmai, nj\u00eb figur\u00eb e lavdishme orthodhokse. (2008) - Kisha Orthodh\u03bfkse Autoqefale e Shqip\u00ebris\u00eb\",\"isPartOf\":{\"@id\":\"https:\/\/orthodoxalbania.org\/2020\/#website\"},\"primaryImageOfPage\":{\"@id\":\"https:\/\/orthodoxalbania.org\/2020\/2008\/02\/26\/kremtohet-ne-kolkondas-shen-kozmai-nje-figure-e-lavdishme-orthodhokse-2008\/#primaryimage\"},\"image\":{\"@id\":\"https:\/\/orthodoxalbania.org\/2020\/2008\/02\/26\/kremtohet-ne-kolkondas-shen-kozmai-nje-figure-e-lavdishme-orthodhokse-2008\/#primaryimage\"},\"thumbnailUrl\":\"https:\/\/lh4.googleusercontent.com\/-ouHStq4c1U0\/VJKaZkajxQI\/AAAAAAAAIdU\/wRCMwrFtYFg\/w308-h448-no\/tekst+1.jpg\",\"datePublished\":\"2008-02-26T00:00:00+00:00\",\"dateModified\":\"2020-04-06T20:35:27+00:00\",\"breadcrumb\":{\"@id\":\"https:\/\/orthodoxalbania.org\/2020\/2008\/02\/26\/kremtohet-ne-kolkondas-shen-kozmai-nje-figure-e-lavdishme-orthodhokse-2008\/#breadcrumb\"},\"inLanguage\":\"en-US\",\"potentialAction\":[{\"@type\":\"ReadAction\",\"target\":[\"https:\/\/orthodoxalbania.org\/2020\/2008\/02\/26\/kremtohet-ne-kolkondas-shen-kozmai-nje-figure-e-lavdishme-orthodhokse-2008\/\"]}]},{\"@type\":\"ImageObject\",\"inLanguage\":\"en-US\",\"@id\":\"https:\/\/orthodoxalbania.org\/2020\/2008\/02\/26\/kremtohet-ne-kolkondas-shen-kozmai-nje-figure-e-lavdishme-orthodhokse-2008\/#primaryimage\",\"url\":\"https:\/\/lh4.googleusercontent.com\/-ouHStq4c1U0\/VJKaZkajxQI\/AAAAAAAAIdU\/wRCMwrFtYFg\/w308-h448-no\/tekst+1.jpg\",\"contentUrl\":\"https:\/\/lh4.googleusercontent.com\/-ouHStq4c1U0\/VJKaZkajxQI\/AAAAAAAAIdU\/wRCMwrFtYFg\/w308-h448-no\/tekst+1.jpg\"},{\"@type\":\"BreadcrumbList\",\"@id\":\"https:\/\/orthodoxalbania.org\/2020\/2008\/02\/26\/kremtohet-ne-kolkondas-shen-kozmai-nje-figure-e-lavdishme-orthodhokse-2008\/#breadcrumb\",\"itemListElement\":[{\"@type\":\"ListItem\",\"position\":1,\"name\":\"Home\",\"item\":\"https:\/\/orthodoxalbania.org\/2020\/\"},{\"@type\":\"ListItem\",\"position\":2,\"name\":\"Kremtohet n\u00eb Kolkondas Sh\u00ebn Kozmai, nj\u00eb figur\u00eb e lavdishme orthodhokse. (2008)\"}]},{\"@type\":\"WebSite\",\"@id\":\"https:\/\/orthodoxalbania.org\/2020\/#website\",\"url\":\"https:\/\/orthodoxalbania.org\/2020\/\",\"name\":\"Kisha Orthodh\u03bfkse Autoqefale e Shqip\u00ebris\u00eb\",\"description\":\"Fqja Zyrtare e Kish\u00ebs Orthodhokse Autoqefale e Shqip\u00ebris\u00eb me lajmet edhe informacionet zyrtare p\u00ebr struktur\u00ebn edhe veprimtarin e saj.\",\"publisher\":{\"@id\":\"https:\/\/orthodoxalbania.org\/2020\/#organization\"},\"potentialAction\":[{\"@type\":\"SearchAction\",\"target\":{\"@type\":\"EntryPoint\",\"urlTemplate\":\"https:\/\/orthodoxalbania.org\/2020\/?s={search_term_string}\"},\"query-input\":{\"@type\":\"PropertyValueSpecification\",\"valueRequired\":true,\"valueName\":\"search_term_string\"}}],\"inLanguage\":\"en-US\"},{\"@type\":\"Organization\",\"@id\":\"https:\/\/orthodoxalbania.org\/2020\/#organization\",\"name\":\"Kisha Orthodhokse Autoqefale e Shqip\u00ebris\u00eb\",\"url\":\"https:\/\/orthodoxalbania.org\/2020\/\",\"logo\":{\"@type\":\"ImageObject\",\"inLanguage\":\"en-US\",\"@id\":\"https:\/\/orthodoxalbania.org\/2020\/#\/schema\/logo\/image\/\",\"url\":\"https:\/\/orthodoxalbania.org\/2020\/wp-content\/uploads\/2020\/05\/albania.jpeg\",\"contentUrl\":\"https:\/\/orthodoxalbania.org\/2020\/wp-content\/uploads\/2020\/05\/albania.jpeg\",\"width\":540,\"height\":540,\"caption\":\"Kisha Orthodhokse Autoqefale e Shqip\u00ebris\u00eb\"},\"image\":{\"@id\":\"https:\/\/orthodoxalbania.org\/2020\/#\/schema\/logo\/image\/\"},\"sameAs\":[\"https:\/\/www.facebook.com\/koash1991\"]},{\"@type\":\"Person\",\"@id\":\"https:\/\/orthodoxalbania.org\/2020\/#\/schema\/person\/0c387634a7063ac612d7ed9ce71c7e86\",\"name\":\"Kisha Orthodhokse\",\"image\":{\"@type\":\"ImageObject\",\"inLanguage\":\"en-US\",\"@id\":\"https:\/\/secure.gravatar.com\/avatar\/596e7c417251e30f2fbb9c00e026fce61a695a00e51c889caded71c96cbbdde5?s=96&d=mm&r=g\",\"url\":\"https:\/\/secure.gravatar.com\/avatar\/596e7c417251e30f2fbb9c00e026fce61a695a00e51c889caded71c96cbbdde5?s=96&d=mm&r=g\",\"contentUrl\":\"https:\/\/secure.gravatar.com\/avatar\/596e7c417251e30f2fbb9c00e026fce61a695a00e51c889caded71c96cbbdde5?s=96&d=mm&r=g\",\"caption\":\"Kisha Orthodhokse\"}}]}<\/script>\n<!-- \/ Yoast SEO plugin. -->","yoast_head_json":{"title":"Kremtohet n\u00eb Kolkondas Sh\u00ebn Kozmai, nj\u00eb figur\u00eb e lavdishme orthodhokse. (2008) - Kisha Orthodh\u03bfkse Autoqefale e Shqip\u00ebris\u00eb","robots":{"index":"index","follow":"follow","max-snippet":"max-snippet:-1","max-image-preview":"max-image-preview:large","max-video-preview":"max-video-preview:-1"},"canonical":"https:\/\/orthodoxalbania.org\/2020\/2008\/02\/26\/kremtohet-ne-kolkondas-shen-kozmai-nje-figure-e-lavdishme-orthodhokse-2008\/","og_locale":"en_US","og_type":"article","og_title":"Kremtohet n\u00eb Kolkondas Sh\u00ebn Kozmai, nj\u00eb figur\u00eb e lavdishme orthodhokse. (2008) - Kisha Orthodh\u03bfkse Autoqefale e Shqip\u00ebris\u00eb","og_description":"&nbsp;&nbsp;&nbsp; Manastiri i hirsh\u00ebm i Sh\u00ebn Kozmait n\u00eb Kolkondas t\u00eb Fierit p\u00ebrs\u00ebri sivjet m\u00eb 24 gusht mblodhi n\u00eb gjirin e tij me qindra e qindra besimtar\u00eb. P\u00ebr gjith\u00eb Kish\u00ebn Orthodhokse kjo \u00ebsht\u00eb nj\u00eb dit\u00eb e madhe dhe e shenjt\u00eb, \u00ebsht\u00eb dita n\u00eb t\u00eb cil\u00ebn p\u00ebrkujtohet martirizimi i hierod\u00ebshmorit Kozma.Sh\u00ebrbesat p\u00ebr nder t\u00eb hierod\u00ebshmorit filluan pasditen e dat\u00ebs&nbsp; 23 gusht dhe vazhduan t\u00eb nes\u00ebrmen me Liturgjin\u00eb","og_url":"https:\/\/orthodoxalbania.org\/2020\/2008\/02\/26\/kremtohet-ne-kolkondas-shen-kozmai-nje-figure-e-lavdishme-orthodhokse-2008\/","og_site_name":"Kisha Orthodh\u03bfkse Autoqefale e Shqip\u00ebris\u00eb","article_publisher":"https:\/\/www.facebook.com\/koash1991","article_published_time":"2008-02-26T00:00:00+00:00","article_modified_time":"2020-04-06T20:35:27+00:00","og_image":[{"url":"https:\/\/lh4.googleusercontent.com\/-ouHStq4c1U0\/VJKaZkajxQI\/AAAAAAAAIdU\/wRCMwrFtYFg\/w308-h448-no\/tekst+1.jpg","type":"","width":"","height":""}],"author":"Kisha Orthodhokse","twitter_card":"summary_large_image","twitter_misc":{"Written by":"Kisha Orthodhokse","Est. reading time":"11 minutes"},"schema":{"@context":"https:\/\/schema.org","@graph":[{"@type":"Article","@id":"https:\/\/orthodoxalbania.org\/2020\/2008\/02\/26\/kremtohet-ne-kolkondas-shen-kozmai-nje-figure-e-lavdishme-orthodhokse-2008\/#article","isPartOf":{"@id":"https:\/\/orthodoxalbania.org\/2020\/2008\/02\/26\/kremtohet-ne-kolkondas-shen-kozmai-nje-figure-e-lavdishme-orthodhokse-2008\/"},"author":{"name":"Kisha Orthodhokse","@id":"https:\/\/orthodoxalbania.org\/2020\/#\/schema\/person\/0c387634a7063ac612d7ed9ce71c7e86"},"headline":"Kremtohet n\u00eb Kolkondas Sh\u00ebn Kozmai, nj\u00eb figur\u00eb e lavdishme orthodhokse. (2008)","datePublished":"2008-02-26T00:00:00+00:00","dateModified":"2020-04-06T20:35:27+00:00","mainEntityOfPage":{"@id":"https:\/\/orthodoxalbania.org\/2020\/2008\/02\/26\/kremtohet-ne-kolkondas-shen-kozmai-nje-figure-e-lavdishme-orthodhokse-2008\/"},"wordCount":2189,"commentCount":0,"publisher":{"@id":"https:\/\/orthodoxalbania.org\/2020\/#organization"},"image":{"@id":"https:\/\/orthodoxalbania.org\/2020\/2008\/02\/26\/kremtohet-ne-kolkondas-shen-kozmai-nje-figure-e-lavdishme-orthodhokse-2008\/#primaryimage"},"thumbnailUrl":"https:\/\/lh4.googleusercontent.com\/-ouHStq4c1U0\/VJKaZkajxQI\/AAAAAAAAIdU\/wRCMwrFtYFg\/w308-h448-no\/tekst+1.jpg","keywords":["2008","Kremtime","lajme","Mitropolia Berat"],"articleSection":["Lajme"],"inLanguage":"en-US"},{"@type":"WebPage","@id":"https:\/\/orthodoxalbania.org\/2020\/2008\/02\/26\/kremtohet-ne-kolkondas-shen-kozmai-nje-figure-e-lavdishme-orthodhokse-2008\/","url":"https:\/\/orthodoxalbania.org\/2020\/2008\/02\/26\/kremtohet-ne-kolkondas-shen-kozmai-nje-figure-e-lavdishme-orthodhokse-2008\/","name":"Kremtohet n\u00eb Kolkondas Sh\u00ebn Kozmai, nj\u00eb figur\u00eb e lavdishme orthodhokse. (2008) - Kisha Orthodh\u03bfkse Autoqefale e Shqip\u00ebris\u00eb","isPartOf":{"@id":"https:\/\/orthodoxalbania.org\/2020\/#website"},"primaryImageOfPage":{"@id":"https:\/\/orthodoxalbania.org\/2020\/2008\/02\/26\/kremtohet-ne-kolkondas-shen-kozmai-nje-figure-e-lavdishme-orthodhokse-2008\/#primaryimage"},"image":{"@id":"https:\/\/orthodoxalbania.org\/2020\/2008\/02\/26\/kremtohet-ne-kolkondas-shen-kozmai-nje-figure-e-lavdishme-orthodhokse-2008\/#primaryimage"},"thumbnailUrl":"https:\/\/lh4.googleusercontent.com\/-ouHStq4c1U0\/VJKaZkajxQI\/AAAAAAAAIdU\/wRCMwrFtYFg\/w308-h448-no\/tekst+1.jpg","datePublished":"2008-02-26T00:00:00+00:00","dateModified":"2020-04-06T20:35:27+00:00","breadcrumb":{"@id":"https:\/\/orthodoxalbania.org\/2020\/2008\/02\/26\/kremtohet-ne-kolkondas-shen-kozmai-nje-figure-e-lavdishme-orthodhokse-2008\/#breadcrumb"},"inLanguage":"en-US","potentialAction":[{"@type":"ReadAction","target":["https:\/\/orthodoxalbania.org\/2020\/2008\/02\/26\/kremtohet-ne-kolkondas-shen-kozmai-nje-figure-e-lavdishme-orthodhokse-2008\/"]}]},{"@type":"ImageObject","inLanguage":"en-US","@id":"https:\/\/orthodoxalbania.org\/2020\/2008\/02\/26\/kremtohet-ne-kolkondas-shen-kozmai-nje-figure-e-lavdishme-orthodhokse-2008\/#primaryimage","url":"https:\/\/lh4.googleusercontent.com\/-ouHStq4c1U0\/VJKaZkajxQI\/AAAAAAAAIdU\/wRCMwrFtYFg\/w308-h448-no\/tekst+1.jpg","contentUrl":"https:\/\/lh4.googleusercontent.com\/-ouHStq4c1U0\/VJKaZkajxQI\/AAAAAAAAIdU\/wRCMwrFtYFg\/w308-h448-no\/tekst+1.jpg"},{"@type":"BreadcrumbList","@id":"https:\/\/orthodoxalbania.org\/2020\/2008\/02\/26\/kremtohet-ne-kolkondas-shen-kozmai-nje-figure-e-lavdishme-orthodhokse-2008\/#breadcrumb","itemListElement":[{"@type":"ListItem","position":1,"name":"Home","item":"https:\/\/orthodoxalbania.org\/2020\/"},{"@type":"ListItem","position":2,"name":"Kremtohet n\u00eb Kolkondas Sh\u00ebn Kozmai, nj\u00eb figur\u00eb e lavdishme orthodhokse. (2008)"}]},{"@type":"WebSite","@id":"https:\/\/orthodoxalbania.org\/2020\/#website","url":"https:\/\/orthodoxalbania.org\/2020\/","name":"Kisha Orthodh\u03bfkse Autoqefale e Shqip\u00ebris\u00eb","description":"Fqja Zyrtare e Kish\u00ebs Orthodhokse Autoqefale e Shqip\u00ebris\u00eb me lajmet edhe informacionet zyrtare p\u00ebr struktur\u00ebn edhe veprimtarin e saj.","publisher":{"@id":"https:\/\/orthodoxalbania.org\/2020\/#organization"},"potentialAction":[{"@type":"SearchAction","target":{"@type":"EntryPoint","urlTemplate":"https:\/\/orthodoxalbania.org\/2020\/?s={search_term_string}"},"query-input":{"@type":"PropertyValueSpecification","valueRequired":true,"valueName":"search_term_string"}}],"inLanguage":"en-US"},{"@type":"Organization","@id":"https:\/\/orthodoxalbania.org\/2020\/#organization","name":"Kisha Orthodhokse Autoqefale e Shqip\u00ebris\u00eb","url":"https:\/\/orthodoxalbania.org\/2020\/","logo":{"@type":"ImageObject","inLanguage":"en-US","@id":"https:\/\/orthodoxalbania.org\/2020\/#\/schema\/logo\/image\/","url":"https:\/\/orthodoxalbania.org\/2020\/wp-content\/uploads\/2020\/05\/albania.jpeg","contentUrl":"https:\/\/orthodoxalbania.org\/2020\/wp-content\/uploads\/2020\/05\/albania.jpeg","width":540,"height":540,"caption":"Kisha Orthodhokse Autoqefale e Shqip\u00ebris\u00eb"},"image":{"@id":"https:\/\/orthodoxalbania.org\/2020\/#\/schema\/logo\/image\/"},"sameAs":["https:\/\/www.facebook.com\/koash1991"]},{"@type":"Person","@id":"https:\/\/orthodoxalbania.org\/2020\/#\/schema\/person\/0c387634a7063ac612d7ed9ce71c7e86","name":"Kisha Orthodhokse","image":{"@type":"ImageObject","inLanguage":"en-US","@id":"https:\/\/secure.gravatar.com\/avatar\/596e7c417251e30f2fbb9c00e026fce61a695a00e51c889caded71c96cbbdde5?s=96&d=mm&r=g","url":"https:\/\/secure.gravatar.com\/avatar\/596e7c417251e30f2fbb9c00e026fce61a695a00e51c889caded71c96cbbdde5?s=96&d=mm&r=g","contentUrl":"https:\/\/secure.gravatar.com\/avatar\/596e7c417251e30f2fbb9c00e026fce61a695a00e51c889caded71c96cbbdde5?s=96&d=mm&r=g","caption":"Kisha Orthodhokse"}}]}},"_links":{"self":[{"href":"https:\/\/orthodoxalbania.org\/2020\/wp-json\/wp\/v2\/posts\/830","targetHints":{"allow":["GET"]}}],"collection":[{"href":"https:\/\/orthodoxalbania.org\/2020\/wp-json\/wp\/v2\/posts"}],"about":[{"href":"https:\/\/orthodoxalbania.org\/2020\/wp-json\/wp\/v2\/types\/post"}],"author":[{"embeddable":true,"href":"https:\/\/orthodoxalbania.org\/2020\/wp-json\/wp\/v2\/users\/1"}],"replies":[{"embeddable":true,"href":"https:\/\/orthodoxalbania.org\/2020\/wp-json\/wp\/v2\/comments?post=830"}],"version-history":[{"count":1,"href":"https:\/\/orthodoxalbania.org\/2020\/wp-json\/wp\/v2\/posts\/830\/revisions"}],"predecessor-version":[{"id":15687,"href":"https:\/\/orthodoxalbania.org\/2020\/wp-json\/wp\/v2\/posts\/830\/revisions\/15687"}],"wp:attachment":[{"href":"https:\/\/orthodoxalbania.org\/2020\/wp-json\/wp\/v2\/media?parent=830"}],"wp:term":[{"taxonomy":"category","embeddable":true,"href":"https:\/\/orthodoxalbania.org\/2020\/wp-json\/wp\/v2\/categories?post=830"},{"taxonomy":"post_tag","embeddable":true,"href":"https:\/\/orthodoxalbania.org\/2020\/wp-json\/wp\/v2\/tags?post=830"}],"curies":[{"name":"wp","href":"https:\/\/api.w.org\/{rel}","templated":true}]}}