{"id":829,"date":"2006-02-27T08:21:41","date_gmt":"2006-02-27T08:21:41","guid":{"rendered":""},"modified":"2020-04-06T22:35:56","modified_gmt":"2020-04-06T20:35:56","slug":"kremtohet-hierodeshmori-i-shenjte-vlashi-ne-manastirin-e-shen-vlashit-durres-shkurt-06","status":"publish","type":"post","link":"https:\/\/orthodoxalbania.org\/2020\/2006\/02\/27\/kremtohet-hierodeshmori-i-shenjte-vlashi-ne-manastirin-e-shen-vlashit-durres-shkurt-06\/","title":{"rendered":"Kremtohet hierod\u00ebshmori i shenjt\u00eb Vlashi n\u00eb Manastirin e Sh\u00ebn Vlashit, Durr\u00ebs. (11 Shkurt 2006)"},"content":{"rendered":"<div style=\"text-align: justify;\"><span style=\"color: #000000;\"><span style=\"font-family: tahoma,geneva,sans-serif;\"><span style=\"font-size: 12px;\"><img decoding=\"async\" class=\"lazyload HAa Eha\" style=\"border-width: 1px; border-style: solid; margin: 10px; float: left;\" alt=\"\" src=\"data:image\/svg+xml,%3Csvg%20xmlns%3D%27http%3A%2F%2Fwww.w3.org%2F2000%2Fsvg%27%20width%3D%27221%27%20height%3D%27166%27%20viewBox%3D%270%200%20221%20166%27%3E%3Crect%20width%3D%27221%27%20height%3D%27166%27%20fill-opacity%3D%220%22%2F%3E%3C%2Fsvg%3E\" data-orig-src=\"https:\/\/lh3.googleusercontent.com\/-Jgxs1xfI-AI\/VIbMTy4Z6_I\/AAAAAAAAFP4\/Z_EGljrr_RQ\/w350-h263-no\/pic1.jpg\" height=\"166\" width=\"221\" \/>&nbsp;&nbsp;&nbsp; 11 shkurti, e kremtja e Sh\u00ebn Vlashit, mblodhi n\u00eb manastirin e ri me t\u00eb nj\u00ebjtin em\u00ebr pran\u00eb Durr\u00ebsit, qindra besimtar\u00eb p\u00ebr adhuruar Per\u00ebndin\u00eb dhe p\u00ebr t\u2019iu lutur shenjtorit \u00e7udib\u00ebr\u00ebs q\u00eb t\u00eb nd\u00ebrmjetoj\u00eb pran\u00eb Per\u00ebndis\u00eb.<\/span><\/span><\/span><\/div>\n<div style=\"text-align: justify;\">&nbsp;<\/div>\n<div style=\"text-align: justify;\"><span style=\"color: #000000;\"><span style=\"font-family: tahoma,geneva,sans-serif;\"><span style=\"font-size: 12px;\">&nbsp;&nbsp;&nbsp; N\u00eb Liturgjin\u00eb Hyjnore mor\u00ebn pjes\u00eb shum\u00eb besimtar\u00eb t\u00eb zon\u00ebs p\u00ebrreth dhe t\u00eb ardhur nga qytetet e tjer\u00eb t\u00eb vendit, si edhe pedagog\u00ebt e student\u00ebt e Akademis\u00eb Teologjike \u201cNgjallja e Krishtit\u201d etj. N\u00eb mbr\u00ebmjen e nj\u00eb dite m\u00eb par\u00eb, u krye edhe Mbr\u00ebm\u00ebsorja e Madhe, Kanoni lut\u00ebsor (Paraklisi) i s\u00eb T\u00ebr\u00ebshenjt\u00ebs Mari dhe Pasdarka e Vog\u00ebl. Lutjet e shum\u00eb besimtar\u00ebve t\u00eb cil\u00ebt ishin grumbulluar n\u00eb kish\u00eb dhe p\u00ebrreth manastirit vazhduan deri n\u00eb agimin e dit\u00ebs s\u00eb fest\u00ebs.<\/span><\/span><\/span><\/div>\n<div style=\"text-align: justify;\">&nbsp;<\/div>\n<div style=\"text-align: justify;\"><span style=\"color: #000000;\"><span style=\"font-family: tahoma,geneva,sans-serif;\"><span style=\"font-size: 12px;\">&nbsp;&nbsp;&nbsp; Student\u00ebt dhe pedagog\u00ebt e Akademis\u00eb Teologjike kishin p\u00ebrgatitur nj\u00eb organizim model t\u00eb k\u00ebsaj t\u00eb kremteje, duke pritur me qindra besimtar\u00eb dhe duke iu sh\u00ebrbyer atyre n\u00eb \u00e7do koh\u00eb.<\/span><\/span><\/span><\/div>\n<div style=\"text-align: justify;\">&nbsp;<\/div>\n<div style=\"text-align: justify;\"><span style=\"color: #000000;\"><span style=\"font-family: tahoma,geneva,sans-serif;\"><span style=\"font-size: 12px;\">&nbsp;&nbsp;&nbsp; Drejtori i Akademis\u00eb, Hir\u00ebsi Ilia Ketri, p\u00ebrsh\u00ebndeti t\u00eb gjith\u00eb besimtar\u00ebt epranish\u00ebm: \u201cG\u00ebzuar nga mot e p\u00ebr shum\u00eb vjet. M\u00eb lejoni t\u2019ju p\u00ebrcjell urimet dhe p\u00ebrsh\u00ebndetjet e p\u00ebrzem\u00ebrta at\u00ebrore t\u00eb<img decoding=\"async\" class=\"lazyload HAa Eha\" style=\"height: 201px; width: 300px; border-width: 1px; border-style: solid; margin: 10px; float: right;\" alt=\"\" src=\"data:image\/gif;base64,R0lGODlhAQABAAAAACH5BAEKAAEALAAAAAABAAEAAAICTAEAOw==\" data-orig-src=\"https:\/\/lh6.googleusercontent.com\/-L8JvZZXokeM\/VIbMT44YjTI\/AAAAAAAAFP8\/54RcTl8mh_o\/w350-h234-no\/pic2.jpg\" \/> Kryepiskopit Anastas dhe Sinodit t\u00eb Shenjt\u00eb t\u00eb Kish\u00ebs Orthodhokse Autoqefale t\u00eb Shqip\u00ebris\u00eb. Urimet m\u00eb t\u00eb mira me rastin e fest\u00ebs s\u00eb bekuar t\u00eb Sh\u00ebn Vlashit t\u00eb gjith\u00eb ju besimtar\u00ebve q\u00eb ndoq\u00ebt me shpres\u00ebtari sh\u00ebrbesat e shenjta, gjithashtu edhe besimtar\u00ebt e mbar\u00eb Shqip\u00ebris\u00eb q\u00eb vijn\u00eb me shpres\u00ebtari n\u00eb k\u00ebt\u00eb vend t\u00eb shenjt\u00eb dhe t\u00eb bekuar. Per\u00ebndia ju bekoft\u00eb me nd\u00ebrmjetimet e Sh\u00ebn Vlashit!\u201d<\/span><\/span><\/span><\/div>\n<div style=\"text-align: justify;\">&nbsp;<\/div>\n<div style=\"text-align: justify;\"><span style=\"color: #000000;\"><span style=\"font-family: tahoma,geneva,sans-serif;\"><span style=\"font-size: 12px;\"><img decoding=\"async\" class=\"lazyload HAa Eha\" style=\"height: 199px; width: 300px; border-width: 1px; border-style: solid; margin: 10px; float: left;\" alt=\"\" src=\"data:image\/gif;base64,R0lGODlhAQABAAAAACH5BAEKAAEALAAAAAABAAEAAAICTAEAOw==\" data-orig-src=\"https:\/\/lh5.googleusercontent.com\/-ZhQGWiNmx4U\/VIbMT29ljbI\/AAAAAAAAFPw\/Ru9om_WxGrA\/w350-h232-no\/pic3.jpg\" \/>&nbsp;&nbsp;&nbsp;&nbsp; Si \u00e7do vit, predikimin e k\u00ebsaj t\u00eb kremteje gjat\u00eb Liturgjis\u00eb Hyjnore e mban nj\u00eb prej student\u00ebve t\u00eb Akademis\u00eb Teologjike. K\u00ebt\u00eb her\u00eb, i takoi studentit t\u00eb vitit t\u00eb kat\u00ebrt Joan Qako, nga Berati, i cili p\u00ebrcolli tek besimtar\u00ebt mesazhin e fest\u00ebs, duke theksuar se n\u00ebse duam q\u00eb t\u00eb quhemi bij t\u00eb Per\u00ebndis\u00eb dhe t\u00eb trash\u00ebgojm\u00eb premtimet e dh\u00ebna, le t\u00eb imitojm\u00eb Sh\u00ebn Vlashin dhe dashurin\u00eb e past\u00ebr t\u00eb krishter\u00eb q\u00eb ai na m\u00ebsoi me jet\u00ebn e tij t\u00eb p\u00ebrulur. \u201cV\u00ebllez\u00ebr e motra n\u00eb Krishtin, le t\u2019i lutemi Per\u00ebndis\u00eb q\u00eb t\u00eb kemi dashuri p\u00ebr nj\u00ebri-tjetrin. Sh\u00ebn Vlashi ndjeu q\u00eb shpirti i tij kishte nevoj\u00eb t\u2019i lutej Per\u00ebndis\u00eb, u lut dhe arriti t\u00eb donte jo vet\u00ebm Per\u00ebndin\u00eb, por t\u00eb gjith\u00eb ata q\u00eb e rrethonin, madje edhe ata q\u00eb e torturonin, sepse pa se t\u00eb gjith\u00eb ishin krijesat e Per\u00ebndis\u00eb. Ai tregoi n\u00eb k\u00ebt\u00eb m\u00ebnyr\u00eb nj\u00eb dashuri q\u00eb i p\u00ebrfshinte t\u00eb gjith\u00eb\u201d, tha ai n\u00eb predikim.<\/span><\/span><\/span><\/div>\n<div style=\"text-align: justify;\">&nbsp;<\/div>\n<div style=\"text-align: justify;\"><span style=\"color: #000000;\"><span style=\"font-family: tahoma,geneva,sans-serif;\"><span style=\"font-size: 12px;\">&nbsp;&nbsp;&nbsp; Pas Liturgjis\u00eb Hyjnore festa vazhdoi. P\u00ebr klerik\u00ebt, pedagog\u00ebt, student\u00ebt dhe besimtar\u00ebt e ardhur n\u00eb Manastirin e Sh\u00ebn Vlashit ishte p\u00ebrgatitur nj\u00eb drek\u00eb e ve\u00e7ant\u00eb, gjat\u00eb s\u00eb cil\u00ebs u p\u00ebrcoll\u00ebn urime t\u00eb shumta, u k\u00ebnduan k\u00ebng\u00eb etj., n\u00eb nj\u00eb atmosfer\u00eb plot me g\u00ebzim dhe dashuri v\u00ebllaz\u00ebrore.&nbsp;<\/span><\/span><\/span><\/div>\n<div style=\"text-align: justify;\">&nbsp;<\/div>\n<div style=\"text-align: right;\"> <strong><span style=\"color: #000000;\"><span style=\"font-family: tahoma,geneva,sans-serif;\"><span style=\"font-size: 12px;\">Isidor Koti<\/span><\/span><\/span><\/strong><\/div>\n","protected":false},"excerpt":{"rendered":"<p>&nbsp;&nbsp;&nbsp; 11 shkurti, e kremtja e Sh\u00ebn Vlashit, mblodhi n\u00eb manastirin e ri me t\u00eb nj\u00ebjtin em\u00ebr pran\u00eb Durr\u00ebsit, qindra besimtar\u00eb p\u00ebr adhuruar Per\u00ebndin\u00eb dhe p\u00ebr t\u2019iu lutur shenjtorit \u00e7udib\u00ebr\u00ebs q\u00eb t\u00eb nd\u00ebrmjetoj\u00eb pran\u00eb Per\u00ebndis\u00eb. &nbsp; &nbsp;&nbsp;&nbsp; N\u00eb Liturgjin\u00eb Hyjnore mor\u00ebn pjes\u00eb shum\u00eb besimtar\u00eb t\u00eb zon\u00ebs p\u00ebrreth dhe t\u00eb ardhur nga qytetet e tjer\u00eb t\u00eb vendit, si edhe pedagog\u00ebt e student\u00ebt e Akademis\u00eb Teologjike \u201cNgjallja<\/p>\n","protected":false},"author":1,"featured_media":0,"comment_status":"open","ping_status":"open","sticky":false,"template":"","format":"standard","meta":{"_acf_changed":false,"pagelayer_contact_templates":[],"_pagelayer_content":"","inline_featured_image":false,"fifu_image_url":"","fifu_image_alt":"","footnotes":""},"categories":[108],"tags":[148,157,196,212],"class_list":["post-829","post","type-post","status-publish","format-standard","hentry","category-lajme","tag-148","tag-kremtime","tag-tirane","tag-lajme-d27"],"acf":[],"yoast_head":"<!-- This site is optimized with the Yoast SEO plugin v27.2 - https:\/\/yoast.com\/product\/yoast-seo-wordpress\/ -->\n<title>Kremtohet hierod\u00ebshmori i shenjt\u00eb Vlashi n\u00eb Manastirin e Sh\u00ebn Vlashit, Durr\u00ebs. (11 Shkurt 2006) - Kisha Orthodh\u03bfkse Autoqefale e Shqip\u00ebris\u00eb<\/title>\n<meta name=\"robots\" content=\"index, follow, max-snippet:-1, max-image-preview:large, max-video-preview:-1\" \/>\n<link rel=\"canonical\" href=\"https:\/\/orthodoxalbania.org\/2020\/2006\/02\/27\/kremtohet-hierodeshmori-i-shenjte-vlashi-ne-manastirin-e-shen-vlashit-durres-shkurt-06\/\" \/>\n<meta property=\"og:locale\" content=\"en_US\" \/>\n<meta property=\"og:type\" content=\"article\" \/>\n<meta property=\"og:title\" content=\"Kremtohet hierod\u00ebshmori i shenjt\u00eb Vlashi n\u00eb Manastirin e Sh\u00ebn Vlashit, Durr\u00ebs. (11 Shkurt 2006) - Kisha Orthodh\u03bfkse Autoqefale e Shqip\u00ebris\u00eb\" \/>\n<meta property=\"og:description\" content=\"&nbsp;&nbsp;&nbsp; 11 shkurti, e kremtja e Sh\u00ebn Vlashit, mblodhi n\u00eb manastirin e ri me t\u00eb nj\u00ebjtin em\u00ebr pran\u00eb Durr\u00ebsit, qindra besimtar\u00eb p\u00ebr adhuruar Per\u00ebndin\u00eb dhe p\u00ebr t\u2019iu lutur shenjtorit \u00e7udib\u00ebr\u00ebs q\u00eb t\u00eb nd\u00ebrmjetoj\u00eb pran\u00eb Per\u00ebndis\u00eb. &nbsp; &nbsp;&nbsp;&nbsp; N\u00eb Liturgjin\u00eb Hyjnore mor\u00ebn pjes\u00eb shum\u00eb besimtar\u00eb t\u00eb zon\u00ebs p\u00ebrreth dhe t\u00eb ardhur nga qytetet e tjer\u00eb t\u00eb vendit, si edhe pedagog\u00ebt e student\u00ebt e Akademis\u00eb Teologjike \u201cNgjallja\" \/>\n<meta property=\"og:url\" content=\"https:\/\/orthodoxalbania.org\/2020\/2006\/02\/27\/kremtohet-hierodeshmori-i-shenjte-vlashi-ne-manastirin-e-shen-vlashit-durres-shkurt-06\/\" \/>\n<meta property=\"og:site_name\" content=\"Kisha Orthodh\u03bfkse Autoqefale e Shqip\u00ebris\u00eb\" \/>\n<meta property=\"article:publisher\" content=\"https:\/\/www.facebook.com\/koash1991\" \/>\n<meta property=\"article:published_time\" content=\"2006-02-27T08:21:41+00:00\" \/>\n<meta property=\"article:modified_time\" content=\"2020-04-06T20:35:56+00:00\" \/>\n<meta property=\"og:image\" content=\"https:\/\/lh3.googleusercontent.com\/-Jgxs1xfI-AI\/VIbMTy4Z6_I\/AAAAAAAAFP4\/Z_EGljrr_RQ\/w350-h263-no\/pic1.jpg\" \/>\n<meta name=\"author\" content=\"Kisha Orthodhokse\" \/>\n<meta name=\"twitter:card\" content=\"summary_large_image\" \/>\n<meta name=\"twitter:label1\" content=\"Written by\" \/>\n\t<meta name=\"twitter:data1\" content=\"Kisha Orthodhokse\" \/>\n\t<meta name=\"twitter:label2\" content=\"Est. reading time\" \/>\n\t<meta name=\"twitter:data2\" content=\"3 minutes\" \/>\n<script type=\"application\/ld+json\" class=\"yoast-schema-graph\">{\"@context\":\"https:\/\/schema.org\",\"@graph\":[{\"@type\":\"Article\",\"@id\":\"https:\/\/orthodoxalbania.org\/2020\/2006\/02\/27\/kremtohet-hierodeshmori-i-shenjte-vlashi-ne-manastirin-e-shen-vlashit-durres-shkurt-06\/#article\",\"isPartOf\":{\"@id\":\"https:\/\/orthodoxalbania.org\/2020\/2006\/02\/27\/kremtohet-hierodeshmori-i-shenjte-vlashi-ne-manastirin-e-shen-vlashit-durres-shkurt-06\/\"},\"author\":{\"name\":\"Kisha Orthodhokse\",\"@id\":\"https:\/\/orthodoxalbania.org\/2020\/#\/schema\/person\/0c387634a7063ac612d7ed9ce71c7e86\"},\"headline\":\"Kremtohet hierod\u00ebshmori i shenjt\u00eb Vlashi n\u00eb Manastirin e Sh\u00ebn Vlashit, Durr\u00ebs. (11 Shkurt 2006)\",\"datePublished\":\"2006-02-27T08:21:41+00:00\",\"dateModified\":\"2020-04-06T20:35:56+00:00\",\"mainEntityOfPage\":{\"@id\":\"https:\/\/orthodoxalbania.org\/2020\/2006\/02\/27\/kremtohet-hierodeshmori-i-shenjte-vlashi-ne-manastirin-e-shen-vlashit-durres-shkurt-06\/\"},\"wordCount\":579,\"commentCount\":0,\"publisher\":{\"@id\":\"https:\/\/orthodoxalbania.org\/2020\/#organization\"},\"image\":{\"@id\":\"https:\/\/orthodoxalbania.org\/2020\/2006\/02\/27\/kremtohet-hierodeshmori-i-shenjte-vlashi-ne-manastirin-e-shen-vlashit-durres-shkurt-06\/#primaryimage\"},\"thumbnailUrl\":\"https:\/\/lh3.googleusercontent.com\/-Jgxs1xfI-AI\/VIbMTy4Z6_I\/AAAAAAAAFP4\/Z_EGljrr_RQ\/w350-h263-no\/pic1.jpg\",\"keywords\":[\"2006\",\"Kremtime\",\"Kryepiskopata Tiran\u00eb\",\"lajme\"],\"articleSection\":[\"Lajme\"],\"inLanguage\":\"en-US\"},{\"@type\":\"WebPage\",\"@id\":\"https:\/\/orthodoxalbania.org\/2020\/2006\/02\/27\/kremtohet-hierodeshmori-i-shenjte-vlashi-ne-manastirin-e-shen-vlashit-durres-shkurt-06\/\",\"url\":\"https:\/\/orthodoxalbania.org\/2020\/2006\/02\/27\/kremtohet-hierodeshmori-i-shenjte-vlashi-ne-manastirin-e-shen-vlashit-durres-shkurt-06\/\",\"name\":\"Kremtohet hierod\u00ebshmori i shenjt\u00eb Vlashi n\u00eb Manastirin e Sh\u00ebn Vlashit, Durr\u00ebs. (11 Shkurt 2006) - Kisha Orthodh\u03bfkse Autoqefale e Shqip\u00ebris\u00eb\",\"isPartOf\":{\"@id\":\"https:\/\/orthodoxalbania.org\/2020\/#website\"},\"primaryImageOfPage\":{\"@id\":\"https:\/\/orthodoxalbania.org\/2020\/2006\/02\/27\/kremtohet-hierodeshmori-i-shenjte-vlashi-ne-manastirin-e-shen-vlashit-durres-shkurt-06\/#primaryimage\"},\"image\":{\"@id\":\"https:\/\/orthodoxalbania.org\/2020\/2006\/02\/27\/kremtohet-hierodeshmori-i-shenjte-vlashi-ne-manastirin-e-shen-vlashit-durres-shkurt-06\/#primaryimage\"},\"thumbnailUrl\":\"https:\/\/lh3.googleusercontent.com\/-Jgxs1xfI-AI\/VIbMTy4Z6_I\/AAAAAAAAFP4\/Z_EGljrr_RQ\/w350-h263-no\/pic1.jpg\",\"datePublished\":\"2006-02-27T08:21:41+00:00\",\"dateModified\":\"2020-04-06T20:35:56+00:00\",\"breadcrumb\":{\"@id\":\"https:\/\/orthodoxalbania.org\/2020\/2006\/02\/27\/kremtohet-hierodeshmori-i-shenjte-vlashi-ne-manastirin-e-shen-vlashit-durres-shkurt-06\/#breadcrumb\"},\"inLanguage\":\"en-US\",\"potentialAction\":[{\"@type\":\"ReadAction\",\"target\":[\"https:\/\/orthodoxalbania.org\/2020\/2006\/02\/27\/kremtohet-hierodeshmori-i-shenjte-vlashi-ne-manastirin-e-shen-vlashit-durres-shkurt-06\/\"]}]},{\"@type\":\"ImageObject\",\"inLanguage\":\"en-US\",\"@id\":\"https:\/\/orthodoxalbania.org\/2020\/2006\/02\/27\/kremtohet-hierodeshmori-i-shenjte-vlashi-ne-manastirin-e-shen-vlashit-durres-shkurt-06\/#primaryimage\",\"url\":\"https:\/\/lh3.googleusercontent.com\/-Jgxs1xfI-AI\/VIbMTy4Z6_I\/AAAAAAAAFP4\/Z_EGljrr_RQ\/w350-h263-no\/pic1.jpg\",\"contentUrl\":\"https:\/\/lh3.googleusercontent.com\/-Jgxs1xfI-AI\/VIbMTy4Z6_I\/AAAAAAAAFP4\/Z_EGljrr_RQ\/w350-h263-no\/pic1.jpg\"},{\"@type\":\"BreadcrumbList\",\"@id\":\"https:\/\/orthodoxalbania.org\/2020\/2006\/02\/27\/kremtohet-hierodeshmori-i-shenjte-vlashi-ne-manastirin-e-shen-vlashit-durres-shkurt-06\/#breadcrumb\",\"itemListElement\":[{\"@type\":\"ListItem\",\"position\":1,\"name\":\"Home\",\"item\":\"https:\/\/orthodoxalbania.org\/2020\/\"},{\"@type\":\"ListItem\",\"position\":2,\"name\":\"Kremtohet hierod\u00ebshmori i shenjt\u00eb Vlashi n\u00eb Manastirin e Sh\u00ebn Vlashit, Durr\u00ebs. (11 Shkurt 2006)\"}]},{\"@type\":\"WebSite\",\"@id\":\"https:\/\/orthodoxalbania.org\/2020\/#website\",\"url\":\"https:\/\/orthodoxalbania.org\/2020\/\",\"name\":\"Kisha Orthodh\u03bfkse Autoqefale e Shqip\u00ebris\u00eb\",\"description\":\"Fqja Zyrtare e Kish\u00ebs Orthodhokse Autoqefale e Shqip\u00ebris\u00eb me lajmet edhe informacionet zyrtare p\u00ebr struktur\u00ebn edhe veprimtarin e saj.\",\"publisher\":{\"@id\":\"https:\/\/orthodoxalbania.org\/2020\/#organization\"},\"potentialAction\":[{\"@type\":\"SearchAction\",\"target\":{\"@type\":\"EntryPoint\",\"urlTemplate\":\"https:\/\/orthodoxalbania.org\/2020\/?s={search_term_string}\"},\"query-input\":{\"@type\":\"PropertyValueSpecification\",\"valueRequired\":true,\"valueName\":\"search_term_string\"}}],\"inLanguage\":\"en-US\"},{\"@type\":\"Organization\",\"@id\":\"https:\/\/orthodoxalbania.org\/2020\/#organization\",\"name\":\"Kisha Orthodhokse Autoqefale e Shqip\u00ebris\u00eb\",\"url\":\"https:\/\/orthodoxalbania.org\/2020\/\",\"logo\":{\"@type\":\"ImageObject\",\"inLanguage\":\"en-US\",\"@id\":\"https:\/\/orthodoxalbania.org\/2020\/#\/schema\/logo\/image\/\",\"url\":\"https:\/\/orthodoxalbania.org\/2020\/wp-content\/uploads\/2020\/05\/albania.jpeg\",\"contentUrl\":\"https:\/\/orthodoxalbania.org\/2020\/wp-content\/uploads\/2020\/05\/albania.jpeg\",\"width\":540,\"height\":540,\"caption\":\"Kisha Orthodhokse Autoqefale e Shqip\u00ebris\u00eb\"},\"image\":{\"@id\":\"https:\/\/orthodoxalbania.org\/2020\/#\/schema\/logo\/image\/\"},\"sameAs\":[\"https:\/\/www.facebook.com\/koash1991\"]},{\"@type\":\"Person\",\"@id\":\"https:\/\/orthodoxalbania.org\/2020\/#\/schema\/person\/0c387634a7063ac612d7ed9ce71c7e86\",\"name\":\"Kisha Orthodhokse\",\"image\":{\"@type\":\"ImageObject\",\"inLanguage\":\"en-US\",\"@id\":\"https:\/\/secure.gravatar.com\/avatar\/596e7c417251e30f2fbb9c00e026fce61a695a00e51c889caded71c96cbbdde5?s=96&d=mm&r=g\",\"url\":\"https:\/\/secure.gravatar.com\/avatar\/596e7c417251e30f2fbb9c00e026fce61a695a00e51c889caded71c96cbbdde5?s=96&d=mm&r=g\",\"contentUrl\":\"https:\/\/secure.gravatar.com\/avatar\/596e7c417251e30f2fbb9c00e026fce61a695a00e51c889caded71c96cbbdde5?s=96&d=mm&r=g\",\"caption\":\"Kisha Orthodhokse\"}}]}<\/script>\n<!-- \/ Yoast SEO plugin. -->","yoast_head_json":{"title":"Kremtohet hierod\u00ebshmori i shenjt\u00eb Vlashi n\u00eb Manastirin e Sh\u00ebn Vlashit, Durr\u00ebs. (11 Shkurt 2006) - Kisha Orthodh\u03bfkse Autoqefale e Shqip\u00ebris\u00eb","robots":{"index":"index","follow":"follow","max-snippet":"max-snippet:-1","max-image-preview":"max-image-preview:large","max-video-preview":"max-video-preview:-1"},"canonical":"https:\/\/orthodoxalbania.org\/2020\/2006\/02\/27\/kremtohet-hierodeshmori-i-shenjte-vlashi-ne-manastirin-e-shen-vlashit-durres-shkurt-06\/","og_locale":"en_US","og_type":"article","og_title":"Kremtohet hierod\u00ebshmori i shenjt\u00eb Vlashi n\u00eb Manastirin e Sh\u00ebn Vlashit, Durr\u00ebs. (11 Shkurt 2006) - Kisha Orthodh\u03bfkse Autoqefale e Shqip\u00ebris\u00eb","og_description":"&nbsp;&nbsp;&nbsp; 11 shkurti, e kremtja e Sh\u00ebn Vlashit, mblodhi n\u00eb manastirin e ri me t\u00eb nj\u00ebjtin em\u00ebr pran\u00eb Durr\u00ebsit, qindra besimtar\u00eb p\u00ebr adhuruar Per\u00ebndin\u00eb dhe p\u00ebr t\u2019iu lutur shenjtorit \u00e7udib\u00ebr\u00ebs q\u00eb t\u00eb nd\u00ebrmjetoj\u00eb pran\u00eb Per\u00ebndis\u00eb. &nbsp; &nbsp;&nbsp;&nbsp; N\u00eb Liturgjin\u00eb Hyjnore mor\u00ebn pjes\u00eb shum\u00eb besimtar\u00eb t\u00eb zon\u00ebs p\u00ebrreth dhe t\u00eb ardhur nga qytetet e tjer\u00eb t\u00eb vendit, si edhe pedagog\u00ebt e student\u00ebt e Akademis\u00eb Teologjike \u201cNgjallja","og_url":"https:\/\/orthodoxalbania.org\/2020\/2006\/02\/27\/kremtohet-hierodeshmori-i-shenjte-vlashi-ne-manastirin-e-shen-vlashit-durres-shkurt-06\/","og_site_name":"Kisha Orthodh\u03bfkse Autoqefale e Shqip\u00ebris\u00eb","article_publisher":"https:\/\/www.facebook.com\/koash1991","article_published_time":"2006-02-27T08:21:41+00:00","article_modified_time":"2020-04-06T20:35:56+00:00","og_image":[{"url":"https:\/\/lh3.googleusercontent.com\/-Jgxs1xfI-AI\/VIbMTy4Z6_I\/AAAAAAAAFP4\/Z_EGljrr_RQ\/w350-h263-no\/pic1.jpg","type":"","width":"","height":""}],"author":"Kisha Orthodhokse","twitter_card":"summary_large_image","twitter_misc":{"Written by":"Kisha Orthodhokse","Est. reading time":"3 minutes"},"schema":{"@context":"https:\/\/schema.org","@graph":[{"@type":"Article","@id":"https:\/\/orthodoxalbania.org\/2020\/2006\/02\/27\/kremtohet-hierodeshmori-i-shenjte-vlashi-ne-manastirin-e-shen-vlashit-durres-shkurt-06\/#article","isPartOf":{"@id":"https:\/\/orthodoxalbania.org\/2020\/2006\/02\/27\/kremtohet-hierodeshmori-i-shenjte-vlashi-ne-manastirin-e-shen-vlashit-durres-shkurt-06\/"},"author":{"name":"Kisha Orthodhokse","@id":"https:\/\/orthodoxalbania.org\/2020\/#\/schema\/person\/0c387634a7063ac612d7ed9ce71c7e86"},"headline":"Kremtohet hierod\u00ebshmori i shenjt\u00eb Vlashi n\u00eb Manastirin e Sh\u00ebn Vlashit, Durr\u00ebs. (11 Shkurt 2006)","datePublished":"2006-02-27T08:21:41+00:00","dateModified":"2020-04-06T20:35:56+00:00","mainEntityOfPage":{"@id":"https:\/\/orthodoxalbania.org\/2020\/2006\/02\/27\/kremtohet-hierodeshmori-i-shenjte-vlashi-ne-manastirin-e-shen-vlashit-durres-shkurt-06\/"},"wordCount":579,"commentCount":0,"publisher":{"@id":"https:\/\/orthodoxalbania.org\/2020\/#organization"},"image":{"@id":"https:\/\/orthodoxalbania.org\/2020\/2006\/02\/27\/kremtohet-hierodeshmori-i-shenjte-vlashi-ne-manastirin-e-shen-vlashit-durres-shkurt-06\/#primaryimage"},"thumbnailUrl":"https:\/\/lh3.googleusercontent.com\/-Jgxs1xfI-AI\/VIbMTy4Z6_I\/AAAAAAAAFP4\/Z_EGljrr_RQ\/w350-h263-no\/pic1.jpg","keywords":["2006","Kremtime","Kryepiskopata Tiran\u00eb","lajme"],"articleSection":["Lajme"],"inLanguage":"en-US"},{"@type":"WebPage","@id":"https:\/\/orthodoxalbania.org\/2020\/2006\/02\/27\/kremtohet-hierodeshmori-i-shenjte-vlashi-ne-manastirin-e-shen-vlashit-durres-shkurt-06\/","url":"https:\/\/orthodoxalbania.org\/2020\/2006\/02\/27\/kremtohet-hierodeshmori-i-shenjte-vlashi-ne-manastirin-e-shen-vlashit-durres-shkurt-06\/","name":"Kremtohet hierod\u00ebshmori i shenjt\u00eb Vlashi n\u00eb Manastirin e Sh\u00ebn Vlashit, Durr\u00ebs. (11 Shkurt 2006) - Kisha Orthodh\u03bfkse Autoqefale e Shqip\u00ebris\u00eb","isPartOf":{"@id":"https:\/\/orthodoxalbania.org\/2020\/#website"},"primaryImageOfPage":{"@id":"https:\/\/orthodoxalbania.org\/2020\/2006\/02\/27\/kremtohet-hierodeshmori-i-shenjte-vlashi-ne-manastirin-e-shen-vlashit-durres-shkurt-06\/#primaryimage"},"image":{"@id":"https:\/\/orthodoxalbania.org\/2020\/2006\/02\/27\/kremtohet-hierodeshmori-i-shenjte-vlashi-ne-manastirin-e-shen-vlashit-durres-shkurt-06\/#primaryimage"},"thumbnailUrl":"https:\/\/lh3.googleusercontent.com\/-Jgxs1xfI-AI\/VIbMTy4Z6_I\/AAAAAAAAFP4\/Z_EGljrr_RQ\/w350-h263-no\/pic1.jpg","datePublished":"2006-02-27T08:21:41+00:00","dateModified":"2020-04-06T20:35:56+00:00","breadcrumb":{"@id":"https:\/\/orthodoxalbania.org\/2020\/2006\/02\/27\/kremtohet-hierodeshmori-i-shenjte-vlashi-ne-manastirin-e-shen-vlashit-durres-shkurt-06\/#breadcrumb"},"inLanguage":"en-US","potentialAction":[{"@type":"ReadAction","target":["https:\/\/orthodoxalbania.org\/2020\/2006\/02\/27\/kremtohet-hierodeshmori-i-shenjte-vlashi-ne-manastirin-e-shen-vlashit-durres-shkurt-06\/"]}]},{"@type":"ImageObject","inLanguage":"en-US","@id":"https:\/\/orthodoxalbania.org\/2020\/2006\/02\/27\/kremtohet-hierodeshmori-i-shenjte-vlashi-ne-manastirin-e-shen-vlashit-durres-shkurt-06\/#primaryimage","url":"https:\/\/lh3.googleusercontent.com\/-Jgxs1xfI-AI\/VIbMTy4Z6_I\/AAAAAAAAFP4\/Z_EGljrr_RQ\/w350-h263-no\/pic1.jpg","contentUrl":"https:\/\/lh3.googleusercontent.com\/-Jgxs1xfI-AI\/VIbMTy4Z6_I\/AAAAAAAAFP4\/Z_EGljrr_RQ\/w350-h263-no\/pic1.jpg"},{"@type":"BreadcrumbList","@id":"https:\/\/orthodoxalbania.org\/2020\/2006\/02\/27\/kremtohet-hierodeshmori-i-shenjte-vlashi-ne-manastirin-e-shen-vlashit-durres-shkurt-06\/#breadcrumb","itemListElement":[{"@type":"ListItem","position":1,"name":"Home","item":"https:\/\/orthodoxalbania.org\/2020\/"},{"@type":"ListItem","position":2,"name":"Kremtohet hierod\u00ebshmori i shenjt\u00eb Vlashi n\u00eb Manastirin e Sh\u00ebn Vlashit, Durr\u00ebs. (11 Shkurt 2006)"}]},{"@type":"WebSite","@id":"https:\/\/orthodoxalbania.org\/2020\/#website","url":"https:\/\/orthodoxalbania.org\/2020\/","name":"Kisha Orthodh\u03bfkse Autoqefale e Shqip\u00ebris\u00eb","description":"Fqja Zyrtare e Kish\u00ebs Orthodhokse Autoqefale e Shqip\u00ebris\u00eb me lajmet edhe informacionet zyrtare p\u00ebr struktur\u00ebn edhe veprimtarin e saj.","publisher":{"@id":"https:\/\/orthodoxalbania.org\/2020\/#organization"},"potentialAction":[{"@type":"SearchAction","target":{"@type":"EntryPoint","urlTemplate":"https:\/\/orthodoxalbania.org\/2020\/?s={search_term_string}"},"query-input":{"@type":"PropertyValueSpecification","valueRequired":true,"valueName":"search_term_string"}}],"inLanguage":"en-US"},{"@type":"Organization","@id":"https:\/\/orthodoxalbania.org\/2020\/#organization","name":"Kisha Orthodhokse Autoqefale e Shqip\u00ebris\u00eb","url":"https:\/\/orthodoxalbania.org\/2020\/","logo":{"@type":"ImageObject","inLanguage":"en-US","@id":"https:\/\/orthodoxalbania.org\/2020\/#\/schema\/logo\/image\/","url":"https:\/\/orthodoxalbania.org\/2020\/wp-content\/uploads\/2020\/05\/albania.jpeg","contentUrl":"https:\/\/orthodoxalbania.org\/2020\/wp-content\/uploads\/2020\/05\/albania.jpeg","width":540,"height":540,"caption":"Kisha Orthodhokse Autoqefale e Shqip\u00ebris\u00eb"},"image":{"@id":"https:\/\/orthodoxalbania.org\/2020\/#\/schema\/logo\/image\/"},"sameAs":["https:\/\/www.facebook.com\/koash1991"]},{"@type":"Person","@id":"https:\/\/orthodoxalbania.org\/2020\/#\/schema\/person\/0c387634a7063ac612d7ed9ce71c7e86","name":"Kisha Orthodhokse","image":{"@type":"ImageObject","inLanguage":"en-US","@id":"https:\/\/secure.gravatar.com\/avatar\/596e7c417251e30f2fbb9c00e026fce61a695a00e51c889caded71c96cbbdde5?s=96&d=mm&r=g","url":"https:\/\/secure.gravatar.com\/avatar\/596e7c417251e30f2fbb9c00e026fce61a695a00e51c889caded71c96cbbdde5?s=96&d=mm&r=g","contentUrl":"https:\/\/secure.gravatar.com\/avatar\/596e7c417251e30f2fbb9c00e026fce61a695a00e51c889caded71c96cbbdde5?s=96&d=mm&r=g","caption":"Kisha Orthodhokse"}}]}},"_links":{"self":[{"href":"https:\/\/orthodoxalbania.org\/2020\/wp-json\/wp\/v2\/posts\/829","targetHints":{"allow":["GET"]}}],"collection":[{"href":"https:\/\/orthodoxalbania.org\/2020\/wp-json\/wp\/v2\/posts"}],"about":[{"href":"https:\/\/orthodoxalbania.org\/2020\/wp-json\/wp\/v2\/types\/post"}],"author":[{"embeddable":true,"href":"https:\/\/orthodoxalbania.org\/2020\/wp-json\/wp\/v2\/users\/1"}],"replies":[{"embeddable":true,"href":"https:\/\/orthodoxalbania.org\/2020\/wp-json\/wp\/v2\/comments?post=829"}],"version-history":[{"count":1,"href":"https:\/\/orthodoxalbania.org\/2020\/wp-json\/wp\/v2\/posts\/829\/revisions"}],"predecessor-version":[{"id":15803,"href":"https:\/\/orthodoxalbania.org\/2020\/wp-json\/wp\/v2\/posts\/829\/revisions\/15803"}],"wp:attachment":[{"href":"https:\/\/orthodoxalbania.org\/2020\/wp-json\/wp\/v2\/media?parent=829"}],"wp:term":[{"taxonomy":"category","embeddable":true,"href":"https:\/\/orthodoxalbania.org\/2020\/wp-json\/wp\/v2\/categories?post=829"},{"taxonomy":"post_tag","embeddable":true,"href":"https:\/\/orthodoxalbania.org\/2020\/wp-json\/wp\/v2\/tags?post=829"}],"curies":[{"name":"wp","href":"https:\/\/api.w.org\/{rel}","templated":true}]}}