{"id":828,"date":"2013-03-21T09:58:38","date_gmt":"2013-03-21T09:58:38","guid":{"rendered":""},"modified":"2020-04-06T22:32:00","modified_gmt":"2020-04-06T20:32:00","slug":"kremtohet-fjetja-e-te-tereshenjtes-mari-ne-manastirin-e-shen-vlashit","status":"publish","type":"post","link":"https:\/\/orthodoxalbania.org\/2020\/2013\/03\/21\/kremtohet-fjetja-e-te-tereshenjtes-mari-ne-manastirin-e-shen-vlashit\/","title":{"rendered":"Kremtohet Fjetja e t\u00eb T\u00ebr\u00ebshenjt\u00ebs Mari n\u00eb Manastirin e Sh\u00ebn Vlashit. (15 Gusht 2011)"},"content":{"rendered":"<div style=\"text-align: justify;\"><span style=\"color: #000000;\"><span style=\"font-family: tahoma,geneva,sans-serif;\"><span style=\"font-size: 12px;\"><span class=\"style13\"><img decoding=\"async\" class=\"lazyload HAa Eha\" style=\"height: 227px; width: 170px; border-width: 1px; border-style: solid; margin: 10px; float: left;\" alt=\"\" src=\"data:image\/gif;base64,R0lGODlhAQABAAAAACH5BAEKAAEALAAAAAABAAEAAAICTAEAOw==\" data-orig-src=\"https:\/\/lh3.googleusercontent.com\/-AwimbyCgsnY\/VAGeiIRSbzI\/AAAAAAAACdc\/YGyhqvV_uZ4\/w540-h720-no\/foto%2B6%2B-%2Bshen%2Bvlash%2B15%2Bgushti.jpg\" \/> &nbsp; &nbsp; <\/span>M\u00eb 15 gusht, n\u00eb Manastirin e Sh\u00ebn Vlashit u kremtua Fjetja (vdekja) e t\u00eb T\u00ebr\u00ebshenjt\u00ebs Mari. \u00cbsht\u00eb kjo nj\u00eb nga t\u00eb kremtet e r\u00ebnd\u00ebsishme t\u00eb kalendarit t\u00eb krishter\u00eb orthodhoks, p\u00ebr shkak t\u00eb rolit, r\u00ebnd\u00ebsis\u00eb dhe pesh\u00ebs q\u00eb ka n\u00ebna e Zotit Jisu Krisht n\u00eb historin\u00eb e shp\u00ebtimit. Pik\u00ebrisht kjo \u00ebsht\u00eb dhe nj\u00eb nga arsyet e pjes\u00ebmarrjes masive t\u00eb besimtar\u00ebve orthodhoks\u00eb nga qytetet e Durr\u00ebsit, Tiran\u00ebs, Kavaj\u00ebs, Elbasanit etj. dhe rrethinat e tyre, por dhe e qytetar\u00ebve t\u00eb ndrysh\u00ebm, t\u00eb cil\u00ebt i p\u00ebrkasin traditave t\u00eb tjera fetare.<\/span><\/span><\/span><\/div>\n<div style=\"text-align: justify;\"> <span style=\"color: #000000;\"><span style=\"font-family: tahoma,geneva,sans-serif;\"><span style=\"font-size: 12px;\">&nbsp; &nbsp; Sipas tradit\u00ebs liturgjikale orthodhokse kremtimet fillojn\u00eb q\u00eb n\u00eb mbr\u00ebmjen e dit\u00ebs paraardh\u00ebse. K\u00ebshtu n\u00eb mbr\u00ebmjen r k\u00ebsaj dite, kleri dhe populli e filluan lutjen e p\u00ebrbashk\u00ebt me sh\u00ebrbes\u00ebn e Mbr\u00ebm\u00ebsores ku tekstet e himneve dhe uratave q\u00eb i referohen fest\u00ebs nd\u00ebrthuren me dy momente t\u00eb ve\u00e7anta, litania e ikon\u00ebs, ku ikona q\u00eb paraqet ngjarjen q\u00eb p\u00ebrkujtohet nxirret n\u00eb qend\u00ebr t\u00eb kish\u00ebs dhe ku besimtar\u00ebt me shpres\u00ebtari, besim dhe dashuri e nderojn\u00eb duke iu lutur n\u00ebn\u00ebs s\u00eb Zotit Jisu Krisht t\u00eb nd\u00ebrmjetoj\u00eb tek Biri i saj p\u00ebr problemet v\u00ebshtir\u00ebsit\u00eb dhe p\u00ebrparimin e tyre shpirt\u00ebror. Gjithashtu n\u00eb k\u00ebt\u00eb moment lutjeje \u00ebsht\u00eb dhe bekimi i 5 buk\u00ebve, ver\u00ebs dhe vajit. Ky bekim, i cili \u00ebsht\u00eb pjes\u00eb e tradit\u00ebs s\u00eb krishter\u00eb orthodhokse e ka zanafill\u00ebn dhe baz\u00ebn e tij n\u00eb ngjarjen biblike ku Zoti Jisu Krisht bekoi dhe shumoi 5 buk\u00eb dhe 2 peshq (Mateu 14:17) dhe nga ku h\u00ebngr\u00ebn 5 mij\u00eb burra, pa<img decoding=\"async\" class=\"lazyload HAa Eha\" style=\"height: 183px; width: 244px; border-width: 1px; border-style: solid; margin: 10px; float: right;\" alt=\"\" src=\"data:image\/gif;base64,R0lGODlhAQABAAAAACH5BAEKAAEALAAAAAABAAEAAAICTAEAOw==\" data-orig-src=\"https:\/\/lh5.googleusercontent.com\/-A3X3Rj8FPy0\/VAGeQoNclrI\/AAAAAAAACc4\/YbD4efEfcm8\/w720-h540-no\/foto%2B1%2B-%2Bshen%2Bvlash%2B15%2Bgushti.jpg\" \/> llogaritur grat\u00eb dhe f\u00ebmij\u00ebt. Gjat\u00eb lutjes s\u00eb mbr\u00ebmjes u mbajt nj\u00eb predikim, duke iu referuar rolit dhe shembullit t\u00eb Sh\u00ebn Maris\u00eb si n\u00ebn\u00eb, nga pedagogu i Akademis\u00eb Teologjike \u201cNgjallja e Krishtit\u201d n\u00eb Sh\u00ebn Vlash z. Thoma \u00c7om\u00ebni. Pranimi me vullnet t\u00eb lir\u00eb t\u00eb thirrjes hyjnore p\u00ebr t\u00eb lindur Jisu Krishtin \u00ebsht\u00eb tregues i besimit t\u00eb saj, por dhe baza e nj\u00eb marr\u00ebdh\u00ebnie t\u00eb fort\u00eb midis saj dhe Zotit Jisu Krisht. Kjo e b\u00ebri at\u00eb t\u00eb kuptoj\u00eb r\u00ebnd\u00ebsin\u00eb dhe rolin e birit t\u00eb saj n\u00eb historin\u00eb njer\u00ebzore. Mbi k\u00ebt\u00eb pranim t\u00eb lir\u00eb mb\u00ebshtetet p\u00ebrkujdesja p\u00ebr djalin e saj n\u00eb edukimin shoq\u00ebror, familjar dhe fetar t\u00eb tij, bashk\u00eb me dhimbjen n\u00eb Kryq\u00ebzimin dhe g\u00ebzimin n\u00eb Ngjalljen e tij. Jan\u00eb disa nga momentet q\u00eb e T\u00ebr\u00ebshenjta na tregon t\u00eb kuptojm\u00eb g\u00ebzimin, p\u00ebrgjegj\u00ebsin\u00eb dhe detyrimin e n\u00ebn\u00ebs n\u00eb mir\u00ebrritjen dhe edukimin e f\u00ebmij\u00eb s\u00eb saj.<\/span><\/span><\/span><\/div>\n<div style=\"text-align: justify;\"> <span style=\"color: #000000;\"><span style=\"font-family: tahoma,geneva,sans-serif;\"><span style=\"font-size: 12px;\">&nbsp;&nbsp;&nbsp; <img decoding=\"async\" class=\"lazyload HAa Eha\" style=\"height: 197px; width: 262px; border-width: 1px; border-style: solid; margin: 10px; float: left;\" alt=\"\" src=\"data:image\/gif;base64,R0lGODlhAQABAAAAACH5BAEKAAEALAAAAAABAAEAAAICTAEAOw==\" data-orig-src=\"https:\/\/lh6.googleusercontent.com\/-nTbLdU0tLzU\/VAGeQgtvfKI\/AAAAAAAACc8\/xyav1jZCGMA\/w720-h540-no\/foto%2B2%2B-%2Bshen%2Bvlash%2B15%2Bgushti.jpg\" \/> Dhe m\u00eb dat\u00ebn 15 gusht n\u00eb m\u00ebngjes pjes\u00ebmarrja e besimtar\u00ebve vazhdonte t\u00eb ishte e madhe. Edhe k\u00ebt\u00eb m\u00ebngjes vijoi nd\u00ebrthurja e lutjeve individuale t\u00eb besimtar\u00ebve me lutjen e p\u00ebrbashk\u00ebt. Qendra e lutjes s\u00eb p\u00ebrbashk\u00ebt \u00ebsht\u00eb Liturgjia hyjnore, e cila u drejtua nga klerik\u00ebt At\u00eb Gjerasim \u00c7akalli, At\u00eb Asti Beshiri dhe dhjakon Spiro Kostoli, ku si moment kulmor i saj \u00ebsht\u00eb kungimi i besimtar\u00ebve me trupin dhe gjakun e Krishtit. \u00cbsht\u00eb ky momenti ku besimtar\u00ebt p\u00ebrkujtojn\u00eb dark\u00ebn fundit t\u00eb Jisu Krishtit me nx\u00ebn\u00ebsit e Tij, zbatojn\u00eb porosin\u00eb q\u00eb ta zbatojn\u00eb apostujt dhe pasardh\u00ebsit e tij n\u00eb p\u00ebrkujtimin e tij dhe t\u00eb p\u00ebrjetojn\u00eb g\u00ebzimin dhe bashkimin q\u00eb p\u00ebrjetuan apostujt gjat\u00eb momentit t\u00eb dark\u00ebs s\u00eb fundit (Mateu 26: 17-30; I Korinthian\u00ebve 11:26). Gjat\u00eb liturgjis\u00eb hyjnore u mbajt dhe nj\u00eb predikim ku u vu theksi n\u00eb tradit\u00ebn q\u00eb n\u00eb shekuj mbizot\u00ebron, ku besimtar\u00ebt vijn\u00eb dhe kremtojn\u00eb k\u00ebt\u00eb fest\u00eb n\u00eb nj\u00eb vend t\u00eb shenjt\u00eb, pasi e shenjt\u00eb \u00ebsht\u00eb dhe e kremtja. Gjithashtu, gjat\u00eb predikimit, pedagogu i Akademis\u00eb Teologjike, z. Dhimit\u00ebr Qosja, theksoi shembullin e t\u00eb T\u00ebr\u00ebshenjt\u00ebs p\u00ebr vajzat, pasi ajo shquhet p\u00ebr qasht\u00ebrsin\u00eb morale dhe shpirt\u00ebrore. Ajo me besimin dhe dedikimin tek Per\u00ebndia kishte kuptuar q\u00ebllimin e jet\u00ebs, duke nd\u00ebrthurur dimensionin shoq\u00ebror t\u00eb jet\u00ebs me at\u00eb shpirt\u00ebror. Madje duke e par\u00eb n\u00eb k\u00ebt\u00eb k\u00ebndv\u00ebshtrim e T\u00ebr\u00ebshenjta Mari \u00ebsht\u00eb nj\u00eb shembull p\u00ebr rinin\u00eb e koh\u00ebs s\u00eb sotme, pasi e T\u00ebr\u00ebshenjta Mari dhe t\u00eb rinjt\u00eb shquhen p\u00ebr fuqin\u00eb, forc\u00ebn dhe guximin. Tek e T\u00ebr\u00ebshenjta k\u00ebto ve\u00e7ori nd\u00ebrthuren me qart\u00ebsin\u00eb, seriozitetin dhe mbi t\u00eb gjitha besimin tek Per\u00ebndia.<\/span><\/span><\/span><\/div>\n<div style=\"text-align: justify;\"><span style=\"color: #000000;\"><span style=\"font-family: tahoma,geneva,sans-serif;\"><span style=\"font-size: 12px;\"><img decoding=\"async\" class=\"lazyload HAa Eha\" style=\"height: 206px; width: 274px; border-width: 1px; border-style: solid; margin: 10px; float: right;\" alt=\"\" src=\"data:image\/gif;base64,R0lGODlhAQABAAAAACH5BAEKAAEALAAAAAABAAEAAAICTAEAOw==\" data-orig-src=\"https:\/\/lh3.googleusercontent.com\/-tGtQMhoc_lk\/VAGeQXShbRI\/AAAAAAAACdI\/t-aLBBqhGAQ\/w720-h540-no\/foto%2B3%2B-%2Bshen%2Bvlash%2B15%2Bgushti.jpg\" \/><br \/> &nbsp; &nbsp; N\u00eb k\u00ebt\u00eb frym\u00eb u kremtua festa e fjetjes e t\u00eb T\u00ebr\u00ebshenjt\u00ebs Mari. Edhe pse \u00ebsht\u00eb fjetje (vdekje) ajo transmeton g\u00ebzim, g\u00ebzim q\u00eb mb\u00ebshtetet n\u00eb personin, jet\u00ebn dhe besimin e t\u00eb T\u00ebr\u00ebshenjt\u00ebs, konceptin q\u00eb kan\u00eb t\u00eb krishter\u00ebt p\u00ebr largimin nga kjo jet\u00eb, i cili bazohet n\u00ebn aspirat\u00ebn, aspirat\u00ebn e jet\u00ebs s\u00eb p\u00ebrjetshme dhe n\u00eb ndihm\u00ebn e p\u00ebrkujdesjen q\u00eb ka treguar e T\u00ebr\u00ebshenjta ndaj atyre q\u00eb kan\u00eb k\u00ebrkuar ndihm\u00ebn e saj p\u00ebr probleme, shqet\u00ebsime t\u00eb ndryshme shoq\u00ebrore, familjare dhe shpirt\u00ebrore. Mrekullit\u00eb e panum\u00ebrta jan\u00eb d\u00ebshmia m\u00eb e fort\u00eb.<\/span><\/span><\/span><\/div>\n<div style=\"text-align: justify;\">&nbsp;<\/div>\n<div>&nbsp;<\/div>\n<div style=\"text-align: right;\"><span style=\"color: #000000;\"><span style=\"font-family: tahoma,geneva,sans-serif;\"><span style=\"font-size: 12px;\"><strong>Thoma \u00c7om\u00ebni<\/strong><\/span><\/span><\/span><\/div>\n<div>&nbsp;<\/div>\n<div>&nbsp;<\/div>\n<div>&nbsp;<\/div>\n<div><img decoding=\"async\" class=\"lazyload HAa Eha\" style=\"height: 300px; width: 400px; border-width: 1px; border-style: solid; margin: 10px auto; display: block;\" alt=\"\" src=\"data:image\/gif;base64,R0lGODlhAQABAAAAACH5BAEKAAEALAAAAAABAAEAAAICTAEAOw==\" data-orig-src=\"https:\/\/lh4.googleusercontent.com\/-tqjKFZCrwqs\/VAGeRfa2NoI\/AAAAAAAACdM\/tZCssmDRYG0\/w720-h540-no\/foto%2B4%2B-%2Bshen%2Bvlash%2B15%2Bgushti.jpg\" \/><img decoding=\"async\" class=\"lazyload HAa Eha\" style=\"height: 300px; width: 400px; border-width: 1px; border-style: solid; margin: 10px auto; display: block;\" alt=\"\" src=\"data:image\/gif;base64,R0lGODlhAQABAAAAACH5BAEKAAEALAAAAAABAAEAAAICTAEAOw==\" data-orig-src=\"https:\/\/lh3.googleusercontent.com\/-25w5LZPuvkg\/VAGeR9eHBKI\/AAAAAAAACdA\/-UwTkQDDuys\/w720-h540-no\/foto%2B5%2B-%2Bshen%2Bvlash%2B15%2Bgushti.jpg\" \/><\/div>\n<p>&nbsp;<\/p>\n","protected":false},"excerpt":{"rendered":"<p>&nbsp; &nbsp; M\u00eb 15 gusht, n\u00eb Manastirin e Sh\u00ebn Vlashit u kremtua Fjetja (vdekja) e t\u00eb T\u00ebr\u00ebshenjt\u00ebs Mari. \u00cbsht\u00eb kjo nj\u00eb nga t\u00eb kremtet e r\u00ebnd\u00ebsishme t\u00eb kalendarit t\u00eb krishter\u00eb orthodhoks, p\u00ebr shkak t\u00eb rolit, r\u00ebnd\u00ebsis\u00eb dhe pesh\u00ebs q\u00eb ka n\u00ebna e Zotit Jisu Krisht n\u00eb historin\u00eb e shp\u00ebtimit. Pik\u00ebrisht kjo \u00ebsht\u00eb dhe nj\u00eb nga arsyet e pjes\u00ebmarrjes masive t\u00eb besimtar\u00ebve orthodhoks\u00eb nga qytetet e<\/p>\n","protected":false},"author":1,"featured_media":0,"comment_status":"open","ping_status":"open","sticky":false,"template":"","format":"standard","meta":{"_acf_changed":false,"pagelayer_contact_templates":[],"_pagelayer_content":"","inline_featured_image":false,"fifu_image_url":"","fifu_image_alt":"","footnotes":""},"categories":[108],"tags":[143,157,196,212],"class_list":["post-828","post","type-post","status-publish","format-standard","hentry","category-lajme","tag-143","tag-kremtime","tag-tirane","tag-lajme-d27"],"acf":[],"yoast_head":"<!-- This site is optimized with the Yoast SEO plugin v27.2 - https:\/\/yoast.com\/product\/yoast-seo-wordpress\/ -->\n<title>Kremtohet Fjetja e t\u00eb T\u00ebr\u00ebshenjt\u00ebs Mari n\u00eb Manastirin e Sh\u00ebn Vlashit. (15 Gusht 2011) - Kisha Orthodh\u03bfkse Autoqefale e Shqip\u00ebris\u00eb<\/title>\n<meta name=\"robots\" content=\"index, follow, max-snippet:-1, max-image-preview:large, max-video-preview:-1\" \/>\n<link rel=\"canonical\" href=\"https:\/\/orthodoxalbania.org\/2020\/2013\/03\/21\/kremtohet-fjetja-e-te-tereshenjtes-mari-ne-manastirin-e-shen-vlashit\/\" \/>\n<meta property=\"og:locale\" content=\"en_US\" \/>\n<meta property=\"og:type\" content=\"article\" \/>\n<meta property=\"og:title\" content=\"Kremtohet Fjetja e t\u00eb T\u00ebr\u00ebshenjt\u00ebs Mari n\u00eb Manastirin e Sh\u00ebn Vlashit. (15 Gusht 2011) - Kisha Orthodh\u03bfkse Autoqefale e Shqip\u00ebris\u00eb\" \/>\n<meta property=\"og:description\" content=\"&nbsp; &nbsp; M\u00eb 15 gusht, n\u00eb Manastirin e Sh\u00ebn Vlashit u kremtua Fjetja (vdekja) e t\u00eb T\u00ebr\u00ebshenjt\u00ebs Mari. \u00cbsht\u00eb kjo nj\u00eb nga t\u00eb kremtet e r\u00ebnd\u00ebsishme t\u00eb kalendarit t\u00eb krishter\u00eb orthodhoks, p\u00ebr shkak t\u00eb rolit, r\u00ebnd\u00ebsis\u00eb dhe pesh\u00ebs q\u00eb ka n\u00ebna e Zotit Jisu Krisht n\u00eb historin\u00eb e shp\u00ebtimit. Pik\u00ebrisht kjo \u00ebsht\u00eb dhe nj\u00eb nga arsyet e pjes\u00ebmarrjes masive t\u00eb besimtar\u00ebve orthodhoks\u00eb nga qytetet e\" \/>\n<meta property=\"og:url\" content=\"https:\/\/orthodoxalbania.org\/2020\/2013\/03\/21\/kremtohet-fjetja-e-te-tereshenjtes-mari-ne-manastirin-e-shen-vlashit\/\" \/>\n<meta property=\"og:site_name\" content=\"Kisha Orthodh\u03bfkse Autoqefale e Shqip\u00ebris\u00eb\" \/>\n<meta property=\"article:publisher\" content=\"https:\/\/www.facebook.com\/koash1991\" \/>\n<meta property=\"article:published_time\" content=\"2013-03-21T09:58:38+00:00\" \/>\n<meta property=\"article:modified_time\" content=\"2020-04-06T20:32:00+00:00\" \/>\n<meta property=\"og:image\" content=\"https:\/\/lh3.googleusercontent.com\/-AwimbyCgsnY\/VAGeiIRSbzI\/AAAAAAAACdc\/YGyhqvV_uZ4\/w540-h720-no\/foto%2B6%2B-%2Bshen%2Bvlash%2B15%2Bgushti.jpg\" \/>\n<meta name=\"author\" content=\"Kisha Orthodhokse\" \/>\n<meta name=\"twitter:card\" content=\"summary_large_image\" \/>\n<meta name=\"twitter:label1\" content=\"Written by\" \/>\n\t<meta name=\"twitter:data1\" content=\"Kisha Orthodhokse\" \/>\n\t<meta name=\"twitter:label2\" content=\"Est. reading time\" \/>\n\t<meta name=\"twitter:data2\" content=\"5 minutes\" \/>\n<script type=\"application\/ld+json\" class=\"yoast-schema-graph\">{\"@context\":\"https:\/\/schema.org\",\"@graph\":[{\"@type\":\"Article\",\"@id\":\"https:\/\/orthodoxalbania.org\/2020\/2013\/03\/21\/kremtohet-fjetja-e-te-tereshenjtes-mari-ne-manastirin-e-shen-vlashit\/#article\",\"isPartOf\":{\"@id\":\"https:\/\/orthodoxalbania.org\/2020\/2013\/03\/21\/kremtohet-fjetja-e-te-tereshenjtes-mari-ne-manastirin-e-shen-vlashit\/\"},\"author\":{\"name\":\"Kisha Orthodhokse\",\"@id\":\"https:\/\/orthodoxalbania.org\/2020\/#\/schema\/person\/0c387634a7063ac612d7ed9ce71c7e86\"},\"headline\":\"Kremtohet Fjetja e t\u00eb T\u00ebr\u00ebshenjt\u00ebs Mari n\u00eb Manastirin e Sh\u00ebn Vlashit. (15 Gusht 2011)\",\"datePublished\":\"2013-03-21T09:58:38+00:00\",\"dateModified\":\"2020-04-06T20:32:00+00:00\",\"mainEntityOfPage\":{\"@id\":\"https:\/\/orthodoxalbania.org\/2020\/2013\/03\/21\/kremtohet-fjetja-e-te-tereshenjtes-mari-ne-manastirin-e-shen-vlashit\/\"},\"wordCount\":921,\"commentCount\":0,\"publisher\":{\"@id\":\"https:\/\/orthodoxalbania.org\/2020\/#organization\"},\"image\":{\"@id\":\"https:\/\/orthodoxalbania.org\/2020\/2013\/03\/21\/kremtohet-fjetja-e-te-tereshenjtes-mari-ne-manastirin-e-shen-vlashit\/#primaryimage\"},\"thumbnailUrl\":\"https:\/\/lh3.googleusercontent.com\/-AwimbyCgsnY\/VAGeiIRSbzI\/AAAAAAAACdc\/YGyhqvV_uZ4\/w540-h720-no\/foto%2B6%2B-%2Bshen%2Bvlash%2B15%2Bgushti.jpg\",\"keywords\":[\"2011\",\"Kremtime\",\"Kryepiskopata Tiran\u00eb\",\"lajme\"],\"articleSection\":[\"Lajme\"],\"inLanguage\":\"en-US\"},{\"@type\":\"WebPage\",\"@id\":\"https:\/\/orthodoxalbania.org\/2020\/2013\/03\/21\/kremtohet-fjetja-e-te-tereshenjtes-mari-ne-manastirin-e-shen-vlashit\/\",\"url\":\"https:\/\/orthodoxalbania.org\/2020\/2013\/03\/21\/kremtohet-fjetja-e-te-tereshenjtes-mari-ne-manastirin-e-shen-vlashit\/\",\"name\":\"Kremtohet Fjetja e t\u00eb T\u00ebr\u00ebshenjt\u00ebs Mari n\u00eb Manastirin e Sh\u00ebn Vlashit. (15 Gusht 2011) - Kisha Orthodh\u03bfkse Autoqefale e Shqip\u00ebris\u00eb\",\"isPartOf\":{\"@id\":\"https:\/\/orthodoxalbania.org\/2020\/#website\"},\"primaryImageOfPage\":{\"@id\":\"https:\/\/orthodoxalbania.org\/2020\/2013\/03\/21\/kremtohet-fjetja-e-te-tereshenjtes-mari-ne-manastirin-e-shen-vlashit\/#primaryimage\"},\"image\":{\"@id\":\"https:\/\/orthodoxalbania.org\/2020\/2013\/03\/21\/kremtohet-fjetja-e-te-tereshenjtes-mari-ne-manastirin-e-shen-vlashit\/#primaryimage\"},\"thumbnailUrl\":\"https:\/\/lh3.googleusercontent.com\/-AwimbyCgsnY\/VAGeiIRSbzI\/AAAAAAAACdc\/YGyhqvV_uZ4\/w540-h720-no\/foto%2B6%2B-%2Bshen%2Bvlash%2B15%2Bgushti.jpg\",\"datePublished\":\"2013-03-21T09:58:38+00:00\",\"dateModified\":\"2020-04-06T20:32:00+00:00\",\"breadcrumb\":{\"@id\":\"https:\/\/orthodoxalbania.org\/2020\/2013\/03\/21\/kremtohet-fjetja-e-te-tereshenjtes-mari-ne-manastirin-e-shen-vlashit\/#breadcrumb\"},\"inLanguage\":\"en-US\",\"potentialAction\":[{\"@type\":\"ReadAction\",\"target\":[\"https:\/\/orthodoxalbania.org\/2020\/2013\/03\/21\/kremtohet-fjetja-e-te-tereshenjtes-mari-ne-manastirin-e-shen-vlashit\/\"]}]},{\"@type\":\"ImageObject\",\"inLanguage\":\"en-US\",\"@id\":\"https:\/\/orthodoxalbania.org\/2020\/2013\/03\/21\/kremtohet-fjetja-e-te-tereshenjtes-mari-ne-manastirin-e-shen-vlashit\/#primaryimage\",\"url\":\"https:\/\/lh3.googleusercontent.com\/-AwimbyCgsnY\/VAGeiIRSbzI\/AAAAAAAACdc\/YGyhqvV_uZ4\/w540-h720-no\/foto%2B6%2B-%2Bshen%2Bvlash%2B15%2Bgushti.jpg\",\"contentUrl\":\"https:\/\/lh3.googleusercontent.com\/-AwimbyCgsnY\/VAGeiIRSbzI\/AAAAAAAACdc\/YGyhqvV_uZ4\/w540-h720-no\/foto%2B6%2B-%2Bshen%2Bvlash%2B15%2Bgushti.jpg\"},{\"@type\":\"BreadcrumbList\",\"@id\":\"https:\/\/orthodoxalbania.org\/2020\/2013\/03\/21\/kremtohet-fjetja-e-te-tereshenjtes-mari-ne-manastirin-e-shen-vlashit\/#breadcrumb\",\"itemListElement\":[{\"@type\":\"ListItem\",\"position\":1,\"name\":\"Home\",\"item\":\"https:\/\/orthodoxalbania.org\/2020\/\"},{\"@type\":\"ListItem\",\"position\":2,\"name\":\"Kremtohet Fjetja e t\u00eb T\u00ebr\u00ebshenjt\u00ebs Mari n\u00eb Manastirin e Sh\u00ebn Vlashit. (15 Gusht 2011)\"}]},{\"@type\":\"WebSite\",\"@id\":\"https:\/\/orthodoxalbania.org\/2020\/#website\",\"url\":\"https:\/\/orthodoxalbania.org\/2020\/\",\"name\":\"Kisha Orthodh\u03bfkse Autoqefale e Shqip\u00ebris\u00eb\",\"description\":\"Fqja Zyrtare e Kish\u00ebs Orthodhokse Autoqefale e Shqip\u00ebris\u00eb me lajmet edhe informacionet zyrtare p\u00ebr struktur\u00ebn edhe veprimtarin e saj.\",\"publisher\":{\"@id\":\"https:\/\/orthodoxalbania.org\/2020\/#organization\"},\"potentialAction\":[{\"@type\":\"SearchAction\",\"target\":{\"@type\":\"EntryPoint\",\"urlTemplate\":\"https:\/\/orthodoxalbania.org\/2020\/?s={search_term_string}\"},\"query-input\":{\"@type\":\"PropertyValueSpecification\",\"valueRequired\":true,\"valueName\":\"search_term_string\"}}],\"inLanguage\":\"en-US\"},{\"@type\":\"Organization\",\"@id\":\"https:\/\/orthodoxalbania.org\/2020\/#organization\",\"name\":\"Kisha Orthodhokse Autoqefale e Shqip\u00ebris\u00eb\",\"url\":\"https:\/\/orthodoxalbania.org\/2020\/\",\"logo\":{\"@type\":\"ImageObject\",\"inLanguage\":\"en-US\",\"@id\":\"https:\/\/orthodoxalbania.org\/2020\/#\/schema\/logo\/image\/\",\"url\":\"https:\/\/orthodoxalbania.org\/2020\/wp-content\/uploads\/2020\/05\/albania.jpeg\",\"contentUrl\":\"https:\/\/orthodoxalbania.org\/2020\/wp-content\/uploads\/2020\/05\/albania.jpeg\",\"width\":540,\"height\":540,\"caption\":\"Kisha Orthodhokse Autoqefale e Shqip\u00ebris\u00eb\"},\"image\":{\"@id\":\"https:\/\/orthodoxalbania.org\/2020\/#\/schema\/logo\/image\/\"},\"sameAs\":[\"https:\/\/www.facebook.com\/koash1991\"]},{\"@type\":\"Person\",\"@id\":\"https:\/\/orthodoxalbania.org\/2020\/#\/schema\/person\/0c387634a7063ac612d7ed9ce71c7e86\",\"name\":\"Kisha Orthodhokse\",\"image\":{\"@type\":\"ImageObject\",\"inLanguage\":\"en-US\",\"@id\":\"https:\/\/secure.gravatar.com\/avatar\/596e7c417251e30f2fbb9c00e026fce61a695a00e51c889caded71c96cbbdde5?s=96&d=mm&r=g\",\"url\":\"https:\/\/secure.gravatar.com\/avatar\/596e7c417251e30f2fbb9c00e026fce61a695a00e51c889caded71c96cbbdde5?s=96&d=mm&r=g\",\"contentUrl\":\"https:\/\/secure.gravatar.com\/avatar\/596e7c417251e30f2fbb9c00e026fce61a695a00e51c889caded71c96cbbdde5?s=96&d=mm&r=g\",\"caption\":\"Kisha Orthodhokse\"}}]}<\/script>\n<!-- \/ Yoast SEO plugin. -->","yoast_head_json":{"title":"Kremtohet Fjetja e t\u00eb T\u00ebr\u00ebshenjt\u00ebs Mari n\u00eb Manastirin e Sh\u00ebn Vlashit. (15 Gusht 2011) - Kisha Orthodh\u03bfkse Autoqefale e Shqip\u00ebris\u00eb","robots":{"index":"index","follow":"follow","max-snippet":"max-snippet:-1","max-image-preview":"max-image-preview:large","max-video-preview":"max-video-preview:-1"},"canonical":"https:\/\/orthodoxalbania.org\/2020\/2013\/03\/21\/kremtohet-fjetja-e-te-tereshenjtes-mari-ne-manastirin-e-shen-vlashit\/","og_locale":"en_US","og_type":"article","og_title":"Kremtohet Fjetja e t\u00eb T\u00ebr\u00ebshenjt\u00ebs Mari n\u00eb Manastirin e Sh\u00ebn Vlashit. (15 Gusht 2011) - Kisha Orthodh\u03bfkse Autoqefale e Shqip\u00ebris\u00eb","og_description":"&nbsp; &nbsp; M\u00eb 15 gusht, n\u00eb Manastirin e Sh\u00ebn Vlashit u kremtua Fjetja (vdekja) e t\u00eb T\u00ebr\u00ebshenjt\u00ebs Mari. \u00cbsht\u00eb kjo nj\u00eb nga t\u00eb kremtet e r\u00ebnd\u00ebsishme t\u00eb kalendarit t\u00eb krishter\u00eb orthodhoks, p\u00ebr shkak t\u00eb rolit, r\u00ebnd\u00ebsis\u00eb dhe pesh\u00ebs q\u00eb ka n\u00ebna e Zotit Jisu Krisht n\u00eb historin\u00eb e shp\u00ebtimit. Pik\u00ebrisht kjo \u00ebsht\u00eb dhe nj\u00eb nga arsyet e pjes\u00ebmarrjes masive t\u00eb besimtar\u00ebve orthodhoks\u00eb nga qytetet e","og_url":"https:\/\/orthodoxalbania.org\/2020\/2013\/03\/21\/kremtohet-fjetja-e-te-tereshenjtes-mari-ne-manastirin-e-shen-vlashit\/","og_site_name":"Kisha Orthodh\u03bfkse Autoqefale e Shqip\u00ebris\u00eb","article_publisher":"https:\/\/www.facebook.com\/koash1991","article_published_time":"2013-03-21T09:58:38+00:00","article_modified_time":"2020-04-06T20:32:00+00:00","og_image":[{"url":"https:\/\/lh3.googleusercontent.com\/-AwimbyCgsnY\/VAGeiIRSbzI\/AAAAAAAACdc\/YGyhqvV_uZ4\/w540-h720-no\/foto%2B6%2B-%2Bshen%2Bvlash%2B15%2Bgushti.jpg","type":"","width":"","height":""}],"author":"Kisha Orthodhokse","twitter_card":"summary_large_image","twitter_misc":{"Written by":"Kisha Orthodhokse","Est. reading time":"5 minutes"},"schema":{"@context":"https:\/\/schema.org","@graph":[{"@type":"Article","@id":"https:\/\/orthodoxalbania.org\/2020\/2013\/03\/21\/kremtohet-fjetja-e-te-tereshenjtes-mari-ne-manastirin-e-shen-vlashit\/#article","isPartOf":{"@id":"https:\/\/orthodoxalbania.org\/2020\/2013\/03\/21\/kremtohet-fjetja-e-te-tereshenjtes-mari-ne-manastirin-e-shen-vlashit\/"},"author":{"name":"Kisha Orthodhokse","@id":"https:\/\/orthodoxalbania.org\/2020\/#\/schema\/person\/0c387634a7063ac612d7ed9ce71c7e86"},"headline":"Kremtohet Fjetja e t\u00eb T\u00ebr\u00ebshenjt\u00ebs Mari n\u00eb Manastirin e Sh\u00ebn Vlashit. (15 Gusht 2011)","datePublished":"2013-03-21T09:58:38+00:00","dateModified":"2020-04-06T20:32:00+00:00","mainEntityOfPage":{"@id":"https:\/\/orthodoxalbania.org\/2020\/2013\/03\/21\/kremtohet-fjetja-e-te-tereshenjtes-mari-ne-manastirin-e-shen-vlashit\/"},"wordCount":921,"commentCount":0,"publisher":{"@id":"https:\/\/orthodoxalbania.org\/2020\/#organization"},"image":{"@id":"https:\/\/orthodoxalbania.org\/2020\/2013\/03\/21\/kremtohet-fjetja-e-te-tereshenjtes-mari-ne-manastirin-e-shen-vlashit\/#primaryimage"},"thumbnailUrl":"https:\/\/lh3.googleusercontent.com\/-AwimbyCgsnY\/VAGeiIRSbzI\/AAAAAAAACdc\/YGyhqvV_uZ4\/w540-h720-no\/foto%2B6%2B-%2Bshen%2Bvlash%2B15%2Bgushti.jpg","keywords":["2011","Kremtime","Kryepiskopata Tiran\u00eb","lajme"],"articleSection":["Lajme"],"inLanguage":"en-US"},{"@type":"WebPage","@id":"https:\/\/orthodoxalbania.org\/2020\/2013\/03\/21\/kremtohet-fjetja-e-te-tereshenjtes-mari-ne-manastirin-e-shen-vlashit\/","url":"https:\/\/orthodoxalbania.org\/2020\/2013\/03\/21\/kremtohet-fjetja-e-te-tereshenjtes-mari-ne-manastirin-e-shen-vlashit\/","name":"Kremtohet Fjetja e t\u00eb T\u00ebr\u00ebshenjt\u00ebs Mari n\u00eb Manastirin e Sh\u00ebn Vlashit. (15 Gusht 2011) - Kisha Orthodh\u03bfkse Autoqefale e Shqip\u00ebris\u00eb","isPartOf":{"@id":"https:\/\/orthodoxalbania.org\/2020\/#website"},"primaryImageOfPage":{"@id":"https:\/\/orthodoxalbania.org\/2020\/2013\/03\/21\/kremtohet-fjetja-e-te-tereshenjtes-mari-ne-manastirin-e-shen-vlashit\/#primaryimage"},"image":{"@id":"https:\/\/orthodoxalbania.org\/2020\/2013\/03\/21\/kremtohet-fjetja-e-te-tereshenjtes-mari-ne-manastirin-e-shen-vlashit\/#primaryimage"},"thumbnailUrl":"https:\/\/lh3.googleusercontent.com\/-AwimbyCgsnY\/VAGeiIRSbzI\/AAAAAAAACdc\/YGyhqvV_uZ4\/w540-h720-no\/foto%2B6%2B-%2Bshen%2Bvlash%2B15%2Bgushti.jpg","datePublished":"2013-03-21T09:58:38+00:00","dateModified":"2020-04-06T20:32:00+00:00","breadcrumb":{"@id":"https:\/\/orthodoxalbania.org\/2020\/2013\/03\/21\/kremtohet-fjetja-e-te-tereshenjtes-mari-ne-manastirin-e-shen-vlashit\/#breadcrumb"},"inLanguage":"en-US","potentialAction":[{"@type":"ReadAction","target":["https:\/\/orthodoxalbania.org\/2020\/2013\/03\/21\/kremtohet-fjetja-e-te-tereshenjtes-mari-ne-manastirin-e-shen-vlashit\/"]}]},{"@type":"ImageObject","inLanguage":"en-US","@id":"https:\/\/orthodoxalbania.org\/2020\/2013\/03\/21\/kremtohet-fjetja-e-te-tereshenjtes-mari-ne-manastirin-e-shen-vlashit\/#primaryimage","url":"https:\/\/lh3.googleusercontent.com\/-AwimbyCgsnY\/VAGeiIRSbzI\/AAAAAAAACdc\/YGyhqvV_uZ4\/w540-h720-no\/foto%2B6%2B-%2Bshen%2Bvlash%2B15%2Bgushti.jpg","contentUrl":"https:\/\/lh3.googleusercontent.com\/-AwimbyCgsnY\/VAGeiIRSbzI\/AAAAAAAACdc\/YGyhqvV_uZ4\/w540-h720-no\/foto%2B6%2B-%2Bshen%2Bvlash%2B15%2Bgushti.jpg"},{"@type":"BreadcrumbList","@id":"https:\/\/orthodoxalbania.org\/2020\/2013\/03\/21\/kremtohet-fjetja-e-te-tereshenjtes-mari-ne-manastirin-e-shen-vlashit\/#breadcrumb","itemListElement":[{"@type":"ListItem","position":1,"name":"Home","item":"https:\/\/orthodoxalbania.org\/2020\/"},{"@type":"ListItem","position":2,"name":"Kremtohet Fjetja e t\u00eb T\u00ebr\u00ebshenjt\u00ebs Mari n\u00eb Manastirin e Sh\u00ebn Vlashit. (15 Gusht 2011)"}]},{"@type":"WebSite","@id":"https:\/\/orthodoxalbania.org\/2020\/#website","url":"https:\/\/orthodoxalbania.org\/2020\/","name":"Kisha Orthodh\u03bfkse Autoqefale e Shqip\u00ebris\u00eb","description":"Fqja Zyrtare e Kish\u00ebs Orthodhokse Autoqefale e Shqip\u00ebris\u00eb me lajmet edhe informacionet zyrtare p\u00ebr struktur\u00ebn edhe veprimtarin e saj.","publisher":{"@id":"https:\/\/orthodoxalbania.org\/2020\/#organization"},"potentialAction":[{"@type":"SearchAction","target":{"@type":"EntryPoint","urlTemplate":"https:\/\/orthodoxalbania.org\/2020\/?s={search_term_string}"},"query-input":{"@type":"PropertyValueSpecification","valueRequired":true,"valueName":"search_term_string"}}],"inLanguage":"en-US"},{"@type":"Organization","@id":"https:\/\/orthodoxalbania.org\/2020\/#organization","name":"Kisha Orthodhokse Autoqefale e Shqip\u00ebris\u00eb","url":"https:\/\/orthodoxalbania.org\/2020\/","logo":{"@type":"ImageObject","inLanguage":"en-US","@id":"https:\/\/orthodoxalbania.org\/2020\/#\/schema\/logo\/image\/","url":"https:\/\/orthodoxalbania.org\/2020\/wp-content\/uploads\/2020\/05\/albania.jpeg","contentUrl":"https:\/\/orthodoxalbania.org\/2020\/wp-content\/uploads\/2020\/05\/albania.jpeg","width":540,"height":540,"caption":"Kisha Orthodhokse Autoqefale e Shqip\u00ebris\u00eb"},"image":{"@id":"https:\/\/orthodoxalbania.org\/2020\/#\/schema\/logo\/image\/"},"sameAs":["https:\/\/www.facebook.com\/koash1991"]},{"@type":"Person","@id":"https:\/\/orthodoxalbania.org\/2020\/#\/schema\/person\/0c387634a7063ac612d7ed9ce71c7e86","name":"Kisha Orthodhokse","image":{"@type":"ImageObject","inLanguage":"en-US","@id":"https:\/\/secure.gravatar.com\/avatar\/596e7c417251e30f2fbb9c00e026fce61a695a00e51c889caded71c96cbbdde5?s=96&d=mm&r=g","url":"https:\/\/secure.gravatar.com\/avatar\/596e7c417251e30f2fbb9c00e026fce61a695a00e51c889caded71c96cbbdde5?s=96&d=mm&r=g","contentUrl":"https:\/\/secure.gravatar.com\/avatar\/596e7c417251e30f2fbb9c00e026fce61a695a00e51c889caded71c96cbbdde5?s=96&d=mm&r=g","caption":"Kisha Orthodhokse"}}]}},"_links":{"self":[{"href":"https:\/\/orthodoxalbania.org\/2020\/wp-json\/wp\/v2\/posts\/828","targetHints":{"allow":["GET"]}}],"collection":[{"href":"https:\/\/orthodoxalbania.org\/2020\/wp-json\/wp\/v2\/posts"}],"about":[{"href":"https:\/\/orthodoxalbania.org\/2020\/wp-json\/wp\/v2\/types\/post"}],"author":[{"embeddable":true,"href":"https:\/\/orthodoxalbania.org\/2020\/wp-json\/wp\/v2\/users\/1"}],"replies":[{"embeddable":true,"href":"https:\/\/orthodoxalbania.org\/2020\/wp-json\/wp\/v2\/comments?post=828"}],"version-history":[{"count":1,"href":"https:\/\/orthodoxalbania.org\/2020\/wp-json\/wp\/v2\/posts\/828\/revisions"}],"predecessor-version":[{"id":15372,"href":"https:\/\/orthodoxalbania.org\/2020\/wp-json\/wp\/v2\/posts\/828\/revisions\/15372"}],"wp:attachment":[{"href":"https:\/\/orthodoxalbania.org\/2020\/wp-json\/wp\/v2\/media?parent=828"}],"wp:term":[{"taxonomy":"category","embeddable":true,"href":"https:\/\/orthodoxalbania.org\/2020\/wp-json\/wp\/v2\/categories?post=828"},{"taxonomy":"post_tag","embeddable":true,"href":"https:\/\/orthodoxalbania.org\/2020\/wp-json\/wp\/v2\/tags?post=828"}],"curies":[{"name":"wp","href":"https:\/\/api.w.org\/{rel}","templated":true}]}}