{"id":827,"date":"2007-02-26T00:00:00","date_gmt":"2007-02-26T00:00:00","guid":{"rendered":""},"modified":"2020-04-06T22:35:44","modified_gmt":"2020-04-06T20:35:44","slug":"kremtohet-festa-e-tre-hierarkeve-ne-berat-shkurt-07","status":"publish","type":"post","link":"https:\/\/orthodoxalbania.org\/2020\/2007\/02\/26\/kremtohet-festa-e-tre-hierarkeve-ne-berat-shkurt-07\/","title":{"rendered":"Kremtohet festa e Tre Hierark\u00ebve n\u00eb Berat.  (30 Janar 2007)"},"content":{"rendered":"<table id=\"AutoNumber3\" border=\"0\">\n<tbody>\n<tr>\n<td colspan=\"2\">\n<p style=\"text-align: justify;\"><span style=\"font-family: tahoma,geneva,sans-serif;\"><span style=\"font-size: 12px;\"><span style=\"color: #000000;\">&nbsp;&nbsp;&nbsp; Traditave t\u00eb shumta t\u00eb Beratit, iu shtua dhe festa e Tre Hierark\u00ebve. Tre Arkond\u00ebt e famsh\u00ebm, Sh\u00ebn Vasili i Madh, Grigor Theologu dhe Joan Gojarti njihen kudo n\u00eb t\u00eb gjith\u00eb bot\u00ebn e krishter\u00eb dhe ve\u00e7an\u00ebrisht n\u00eb at\u00eb orthodhokse si mbrojt\u00ebs dhe ndri\u00e7ues t\u00eb arsimit, t\u00eb m\u00ebsuesve, pedagog\u00ebve, nx\u00ebn\u00ebsve, student\u00ebve etj. I nisur nga ky fakt, Kryebariu i dioqez\u00ebs s\u00eb Beratit, Vlor\u00ebs, Kanin\u00ebs dhe gjith\u00eb Myzeqes\u00eb, Imzot Ignati organizoi n\u00eb ambientet e hotel \u201cTomorri\u201d nj\u00eb takim n\u00eb t\u00eb cilin ishin t\u00eb ftuar nga tre p\u00ebrfaq\u00ebsues t\u00eb shkollave t\u00eb mesme dhe 9-vje\u00e7are t\u00eb Beratit, (gjithsej 21 shkolla) si dhe nj\u00eb p\u00ebrfaq\u00ebsi nga Drejtoria Arsimore e qytetit, t\u00eb cil\u00ebn e kryesonte personalisht drejtori i k\u00ebtij institucioni. N\u00eb takim mor\u00ebn pjes\u00eb rreth 70 m\u00ebsues dhe m\u00ebsuese ku mes t\u00eb tjer\u00ebve spikatnin dhe p\u00ebrfaq\u00ebsuesit e shkoll\u00ebs s\u00eb mesme \u201cMedrese\u201d, Vexhi Buharaja si dhe p\u00ebrfaq\u00ebsuesit e shkoll\u00ebs fillore Romano-Katolike \u201cMotrat Filipini\u201d.<\/span><\/span><\/span><\/p>\n<p style=\"text-align: justify;\"><span style=\"font-family: tahoma,geneva,sans-serif;\"><span style=\"font-size: 12px;\"><span style=\"color: #000000;\">&nbsp;&nbsp;&nbsp;&nbsp; Programin e hap\u00ebn f\u00ebmij\u00ebt e katekizmit, t\u00eb cil\u00ebt me shum\u00eb p\u00ebrzem\u00ebrsi p\u00ebrsh\u00ebndet\u00ebn Imzot Ignatin si iniciatorin e k\u00ebtij takimi si edhe gjith\u00eb m\u00ebsuesit e pranish\u00ebm q\u00eb me shum\u00eb dashuri dhe durim kan\u00eb nxjerr n\u00eb jet\u00eb dhjet\u00ebra breza nx\u00ebn\u00ebsish.<\/span><\/span><\/span><br \/> &nbsp;<\/p>\n<\/td>\n<\/tr>\n<tr>\n<td>\n<p><span style=\"font-family: tahoma,geneva,sans-serif;\"><span style=\"font-size: 12px;\"><span style=\"color: #000000;\"><img decoding=\"async\" class=\"lazyload HAa Eha\" style=\"border-width: 1px; border-style: solid; margin: 10px auto; display: block;\" alt=\"\" src=\"data:image\/gif;base64,R0lGODlhAQABAAAAACH5BAEKAAEALAAAAAABAAEAAAICTAEAOw==\" data-orig-src=\"https:\/\/lh4.googleusercontent.com\/-qmEPUCrGOcI\/VIhDu8lsErI\/AAAAAAAAGE8\/LnCnCvPTBfk\/w370-h278-no\/untitled1.jpg\" \/><\/span><\/span><\/span><\/p>\n<\/td>\n<td>\n<p style=\"text-align: justify;\"><span style=\"font-family: tahoma,geneva,sans-serif;\"><span style=\"font-size: 12px;\"><span style=\"color: #000000;\">&nbsp;&nbsp;&nbsp;&nbsp; Fjalimin e rastit e mbajti Imzot Ignati, i cili nd\u00ebr t\u00eb tjera theksoi: \u201cSa shum\u00eb munden t\u00eb ndryshojn\u00eb t\u00eb rinjt\u00eb e vendit ton\u00eb, n\u00ebse do t\u00eb p\u00ebrpiqen p\u00ebr t\u00eb zbatuar k\u00ebshillat e vlefshme t\u00eb Hierark\u00ebve Ekumenik\u00eb, mbrojt\u00ebs, p\u00ebrkrah\u00ebs dhe ndri\u00e7ues t\u00eb arsimit. T\u00eb Tre Hierark\u00ebt ishin njer\u00ebz me shum\u00eb fuqi, me shum\u00eb entuziaz\u00ebm dhe me nj\u00eb pun\u00eb tep\u00ebr komplekse. Shpeshher\u00eb linin tribun\u00ebn dhe pen\u00ebn p\u00ebr t\u00eb qet\u00ebsuar dhimbjen e t\u00eb s\u00ebmurit, p\u00ebr t\u00eb ushqyer t\u00eb uriturin, p\u00ebr t\u00eb mbrojtur njeriun q\u00eb i ishte mohuar e drejta. G\u00ebzim i tyre ishte g\u00ebzimi i t\u00eb tjer\u00ebve dhe jeta e tyre ishte ndihma dhe p\u00ebrkrahja e nevojtar\u00ebve\u201d.<\/span><\/span><\/span><\/p>\n<\/td>\n<\/tr>\n<tr>\n<td>\n<p style=\"text-align: justify;\"><span style=\"font-family: tahoma,geneva,sans-serif;\"><span style=\"font-size: 12px;\"><span style=\"color: #000000;\">&nbsp;&nbsp;&nbsp;&nbsp; Q\u00eb t\u00eb tre k\u00ebta edukator\u00eb t\u00eb shk\u00eblqyer, qysh n\u00eb mosh\u00eb t\u00eb re, iu p\u00ebrvesh\u00ebn me zell t\u00eb madh studimit dhe p\u00ebrvet\u00ebsimit t\u00eb njohurive p\u00ebr t\u2019u b\u00ebr\u00eb dijetar\u00eb n\u00eb fushat p\u00ebrkat\u00ebse. Duke pasur etje t\u00eb pashuar p\u00ebr dituri, ata pa u lodhur vizituan dhe studiuan n\u00eb qendrat m\u00eb t\u00eb r\u00ebnd\u00ebsishme arsimore e shkencore t\u00eb shekullit t\u00eb kat\u00ebrt si: n\u00eb Bizant, n\u00eb Qesari t\u00eb Kapadhoqis\u00eb, n\u00eb Antioki t\u00eb Siris\u00eb, n\u00eb Athin\u00eb etj.<\/span><\/span><\/span><\/p>\n<\/td>\n<td>\n<p><span style=\"font-family: tahoma,geneva,sans-serif;\"><span style=\"font-size: 12px;\"><span style=\"color: #000000;\"><img decoding=\"async\" class=\"lazyload HAa Eha\" style=\"border-width: 1px; border-style: solid; margin: 10px auto; display: block;\" alt=\"\" src=\"data:image\/gif;base64,R0lGODlhAQABAAAAACH5BAEKAAEALAAAAAABAAEAAAICTAEAOw==\" data-orig-src=\"https:\/\/lh6.googleusercontent.com\/-bPWLcFp-VYM\/VIhDvH93irI\/AAAAAAAAGFU\/NY4T4ezq2D8\/w370-h267-no\/untitled2.jpg\" \/><\/span><\/span><\/span><\/p>\n<\/td>\n<\/tr>\n<tr>\n<td>\n<p style=\"text-align: justify;\">&nbsp;<\/p>\n<p><img decoding=\"async\" class=\"lazyload HAa Eha\" style=\"border-width: 1px; border-style: solid; margin: 10px auto; display: block;\" alt=\"\" src=\"data:image\/gif;base64,R0lGODlhAQABAAAAACH5BAEKAAEALAAAAAABAAEAAAICTAEAOw==\" data-orig-src=\"https:\/\/lh5.googleusercontent.com\/-_ML0m98dxuU\/VIhDu_sAAMI\/AAAAAAAAGFg\/cQuTchnUj90\/w370-h260-no\/untitled3.jpg\" \/><\/p>\n<\/td>\n<td>\n<p style=\"text-align: justify;\"><span style=\"font-family: tahoma,geneva,sans-serif;\"><span style=\"font-size: 12px;\"><span style=\"color: #000000;\">&nbsp;&nbsp; Ata karakterizoheshin n\u00eb jet\u00eb si njer\u00ebz me moral t\u00eb lart\u00eb, me vullnet t\u00eb paepur, me sjellje t\u00eb virtytshme n\u00eb sh\u00ebrbim t\u00eb Zotit, duke u b\u00ebr\u00eb n\u00eb k\u00ebt\u00eb m\u00ebnyr\u00eb miq midis tyre, miq t\u00eb rinis\u00eb, dhe sidomos t\u00eb rinis\u00eb. Kriteri i tyre n\u00eb jet\u00eb dhe n\u00eb veprimtari ishte parimi pedagogjik \u201cS\u00eb pari t\u00eb veprosh dhe pastaj t\u00eb edukosh\u201d.<\/span><\/span><\/span><\/p>\n<\/td>\n<\/tr>\n<tr>\n<td>\n<p style=\"text-align: justify;\"><span style=\"font-family: tahoma,geneva,sans-serif;\"><span style=\"font-size: 12px;\"><span style=\"color: #000000;\">&nbsp;&nbsp;&nbsp;&nbsp; Ndon\u00ebse jetuan n\u00eb nj\u00eb periudh\u00eb krize shpirt\u00ebrore dhe shthurjeje shoq\u00ebrore, e shnd\u00ebrruan, at\u00eb periudh\u00eb me jet\u00ebn dhe b\u00ebmat e tyre, n\u00eb shekull t\u00eb art\u00eb. Me gjith\u00eb ngarkes\u00ebn e madhe t\u00eb veprimtaris\u00eb baritore, gjenin koh\u00eb t\u00eb p\u00ebrshtatshme p\u00ebr t\u2019iu kushtuar pun\u00ebs me rinin\u00eb. Sh\u00ebn Joan Gojarti thot\u00eb: \u201cT\u00eb gjitha lihen m\u00ebnjan\u00eb, p\u00ebrve\u00e7 kujdesit p\u00ebr rinin\u00eb \u201d. Sh\u00ebn Vasili i Madh na k\u00ebshillon: \u201cJeta e rinis\u00eb \u00ebsht\u00eb e bashk\u00eblidhur me nj\u00eb shumic\u00eb t\u00eb k\u00ebqijash\u201d.<\/span><\/span><\/span><\/p>\n<\/td>\n<td>\n<p><span style=\"font-family: tahoma,geneva,sans-serif;\"><span style=\"font-size: 12px;\"><span style=\"color: #000000;\"><img decoding=\"async\" class=\"lazyload HAa Eha\" style=\"border-width: 1px; border-style: solid; margin: 10px auto; display: block;\" alt=\"\" src=\"data:image\/gif;base64,R0lGODlhAQABAAAAACH5BAEKAAEALAAAAAABAAEAAAICTAEAOw==\" data-orig-src=\"https:\/\/lh4.googleusercontent.com\/-Hpt504nRBbY\/VIhDvtJHXdI\/AAAAAAAAGFI\/BYv5jaFOpG8\/w370-h278-no\/untitled4.jpg\" \/><\/span><\/span><\/span><\/p>\n<\/td>\n<\/tr>\n<tr>\n<td dir=\"ltr\">\n<p><span style=\"font-family: tahoma,geneva,sans-serif;\"><span style=\"font-size: 12px;\"><span style=\"color: #000000;\"><img decoding=\"async\" class=\"lazyload HAa Eha\" style=\"border-width: 1px; border-style: solid; margin: 10px auto; display: block;\" alt=\"\" src=\"data:image\/gif;base64,R0lGODlhAQABAAAAACH5BAEKAAEALAAAAAABAAEAAAICTAEAOw==\" data-orig-src=\"https:\/\/lh6.googleusercontent.com\/-WJY1DDIVGmY\/VIhDv0FOr6I\/AAAAAAAAGFQ\/oEpmO5y0Lxk\/w370-h278-no\/untitled5.jpg\" \/><\/span><\/span><\/span><\/p>\n<\/td>\n<td dir=\"ltr\">\n<p style=\"text-align: justify;\"><span style=\"font-family: tahoma,geneva,sans-serif;\"><span style=\"font-size: 12px;\"><span style=\"color: #000000;\">&nbsp;&nbsp;&nbsp;&nbsp;Sh\u00ebn Grigor Theologu, duke folur p\u00ebr shum\u00eb t\u00eb rinj t\u00eb Athin\u00ebs, nga p\u00ebrvoja e tij si bashk\u00ebstudent, por edhe si pedagog thekson: \u201csulmohen nga mania e sofistik\u00ebs\u201d. Sh\u00ebn Joan Gojarti shton: \u201cKur rinis\u00eb i mungon kujdesi i t\u00eb rriturve dhe nuk ka ideale t\u00eb larta dhe mbetet papun\u00eb, zhytet n\u00eb m\u00ebkate dhe b\u00ebhet m\u00eb e rrezikshme se eg\u00ebrsira\u201d.<\/span><\/span><\/span><\/p>\n<\/td>\n<\/tr>\n<tr>\n<td dir=\"ltr\">\n<p style=\"text-align: justify;\"><span style=\"font-family: tahoma,geneva,sans-serif;\"><span style=\"font-size: 12px;\"><span style=\"color: #000000;\">&nbsp;&nbsp;&nbsp;&nbsp; Sh\u00ebn Vasili i Madh ka botuar nj\u00eb studim t\u00eb shquar q\u00eb u kushtohet problemeve t\u00eb rinis\u00eb me titull: \u201cSi do t\u00eb jet\u00eb e dobishme Let\u00ebrsia Greke\u201d. N\u00eb k\u00ebt\u00eb studim ai u jep k\u00ebshilla t\u00eb vyera pedagogjike t\u00eb rinjve q\u00eb nisin rrug\u00ebn e jet\u00ebs dhe themelojn\u00eb godin\u00ebn e tyre shpirt\u00ebrore, t\u00eb p\u00ebrparojn\u00eb me t\u00eb v\u00ebrtet\u00eb dhe t\u00eb arrijn\u00eb lumturin\u00eb e p\u00ebrjetshme. U interesua personalisht q\u00eb t\u00eb ket\u00eb n\u00eb Qesari t\u00eb Kapadhoqis\u00eb, n\u00eb atdheun e tij, nj\u00eb stadium p\u00ebr t\u2019u ushtruar t\u00eb rinjt\u00eb dhe q\u00eb t\u2019i shmangen jet\u00ebs s\u00eb shthurur, k\u00ebshilla k\u00ebto q\u00eb ting\u00ebllojn\u00eb aq aktuale dhe n\u00eb dit\u00ebt e sotme.<\/span><\/span><\/span><\/p>\n<\/td>\n<td dir=\"ltr\">\n<p><span style=\"font-family: tahoma,geneva,sans-serif;\"><span style=\"font-size: 12px;\"><span style=\"color: #000000;\"><img decoding=\"async\" class=\"lazyload HAa Eha\" style=\"border-width: 1px; border-style: solid; margin: 10px auto; display: block;\" alt=\"\" src=\"data:image\/gif;base64,R0lGODlhAQABAAAAACH5BAEKAAEALAAAAAABAAEAAAICTAEAOw==\" data-orig-src=\"https:\/\/lh4.googleusercontent.com\/-UutE4HjYJ_Y\/VIhDwFn_p3I\/AAAAAAAAGFY\/Y92zICcZ0UU\/w370-h278-no\/untitled6.jpg\" \/><\/span><\/span><\/span><\/p>\n<\/td>\n<\/tr>\n<tr>\n<td dir=\"ltr\" colspan=\"2\">\n<p style=\"text-align: justify;\"> <span style=\"font-family: tahoma,geneva,sans-serif;\"><span style=\"font-size: 12px;\"><span style=\"color: #000000;\">&nbsp;&nbsp;&nbsp;&nbsp; Por dhe Joan Gojarti u p\u00ebrqendrua shpeshher\u00eb n\u00eb problemet e t\u00eb rinjve, t\u00eb cil\u00ebt, si sot, dhe at\u00ebher\u00eb kishin v\u00ebshtir\u00ebsit\u00eb dhe kund\u00ebrshtimet e tyre. Prandaj, p\u00ebrve\u00e7 ligj\u00ebratave t\u00eb tilla \u201cp\u00ebr edukimin e f\u00ebmij\u00ebve\u201d, n\u00ebp\u00ebrmjet t\u00eb cilave k\u00ebshillonte prind\u00ebrit si t\u2019i edukonin ata, vazhdimisht n\u00eb fjalimet e tij raportonte p\u00ebr t\u00eb rinjt\u00eb. Qortonte me takt pedagogjik sjelljet e gabuara t\u00eb rinis\u00eb s\u00eb asaj kohe, duke e nxitur p\u00ebr nj\u00eb jet\u00eb, t\u00eb hijshme, t\u00eb past\u00ebr dhe t\u00eb shenjt\u00eb. Ftonte t\u00ebr\u00eb besimtar\u00ebt duke u th\u00ebn\u00eb: \u201cLutjuni t\u00eb gjith\u00eb s\u00eb bashku Per\u00ebndis\u00eb p\u00ebr rinin\u00eb, dhe madje, p\u00ebr rinin\u00eb besimtare q\u00eb, me hirin e Tij, t\u00eb b\u00ebjn\u00eb nj\u00eb jet\u00eb t\u00eb mir\u00eb p\u00ebr t\u00eb fituar nj\u00eb pleq\u00ebri t\u00eb mbar\u00eb\u201d.<\/span><\/span><\/span><\/p>\n<p style=\"text-align: justify;\"><span style=\"font-family: tahoma,geneva,sans-serif;\"><span style=\"font-size: 12px;\"><span style=\"color: #000000;\">&nbsp;&nbsp;&nbsp;&nbsp; M\u00eb tej, Hir\u00ebsi Ignati iu tha arsimtar\u00ebve se k\u00ebshillat dhe porosit\u00eb e Tre Hierark\u00ebve t\u00eb lartp\u00ebrmendur, krahas literatur\u00ebs pedagogjike, psikologjike dhe edukative t\u00eb autor\u00ebve t\u00eb shquar shqiptar\u00eb, do t\u00eb jen\u00eb t\u00eb vlefshme n\u00eb pun\u00ebn tuaj m\u00ebsimore-edukative. Duke u bazuar n\u00eb shembullin e Tre Hierark\u00ebve, arsimtar\u00ebt do t\u00eb thellohen n\u00eb studime dhe n\u00eb specializime p\u00ebr ngritjen profesionale q\u00eb t\u00eb pajisin nx\u00ebn\u00ebsit me njohuri t\u00eb sakta bashk\u00ebkohore.<\/span><\/span><\/span><\/p>\n<p style=\"text-align: justify;\"><span style=\"font-family: tahoma,geneva,sans-serif;\"><span style=\"font-size: 12px;\"><span style=\"color: #000000;\">&nbsp;&nbsp;&nbsp; Pas fjalimit t\u00eb Imzot Ignatit, fjal\u00ebn e mor\u00ebn m\u00ebsues t\u00eb ndrysh\u00ebm, t\u00eb cil\u00ebt me shum\u00eb p\u00ebrzem\u00ebrsi fal\u00ebnderuan Hir\u00ebsin\u00eb e Tij p\u00ebr iniciativ\u00ebn e marr\u00eb si dhe theksuan rolin q\u00eb ka besimi n\u00eb edukimin e f\u00ebmij\u00ebve. Disa prej tyre kujtuan r\u00ebnd\u00ebsin\u00eb e m\u00ebsimit fetar q\u00eb p\u00ebr nj\u00eb periudh\u00eb t\u00eb gjat\u00eb kohe ishte dh\u00ebn\u00eb si l\u00ebnd\u00eb e ve\u00e7ant\u00eb n\u00ebp\u00ebr shkollat publike, apo prind\u00ebrit e tyre t\u00eb cil\u00ebt me aq urt\u00ebsi dhe dashuri ndaj Zotit i merrnin prej dore dhe i m\u00ebsonin t\u2019i faleshin Per\u00ebndis\u00eb n\u00ebp\u00ebr Kisha.<\/span><\/span><\/span><\/p>\n<\/td>\n<\/tr>\n<tr>\n<td dir=\"ltr\" colspan=\"2\">\n<p style=\"text-align: justify;\"> &nbsp;<\/p>\n<p style=\"text-align: justify;\">&nbsp;<\/p>\n<p style=\"text-align: justify;\"><span style=\"font-family: tahoma,geneva,sans-serif;\"><span style=\"font-size: 12px;\"><span style=\"color: #000000;\"><strong>Joan Qako<\/strong><\/span><\/span><\/span><\/p>\n<p style=\"text-align: justify;\"><span style=\"font-family: tahoma,geneva,sans-serif;\"><span style=\"font-size: 12px;\"><span style=\"color: #000000;\"><em>Korrespodent i Mitropolis\u00eb s\u00eb Beratit<\/em><\/span><\/span><\/span><\/p>\n<\/td>\n<\/tr>\n<\/tbody>\n<\/table>\n","protected":false},"excerpt":{"rendered":"<p>&nbsp;&nbsp;&nbsp; Traditave t\u00eb shumta t\u00eb Beratit, iu shtua dhe festa e Tre Hierark\u00ebve. Tre Arkond\u00ebt e famsh\u00ebm, Sh\u00ebn Vasili i Madh, Grigor Theologu dhe Joan Gojarti njihen kudo n\u00eb t\u00eb gjith\u00eb bot\u00ebn e krishter\u00eb dhe ve\u00e7an\u00ebrisht n\u00eb at\u00eb orthodhokse si mbrojt\u00ebs dhe ndri\u00e7ues t\u00eb arsimit, t\u00eb m\u00ebsuesve, pedagog\u00ebve, nx\u00ebn\u00ebsve, student\u00ebve etj. I nisur nga ky fakt, Kryebariu i dioqez\u00ebs s\u00eb Beratit, Vlor\u00ebs, Kanin\u00ebs dhe gjith\u00eb<\/p>\n","protected":false},"author":1,"featured_media":0,"comment_status":"open","ping_status":"open","sticky":false,"template":"","format":"standard","meta":{"_acf_changed":false,"pagelayer_contact_templates":[],"_pagelayer_content":"","inline_featured_image":false,"fifu_image_url":"","fifu_image_alt":"","footnotes":""},"categories":[108],"tags":[147,157,212,197],"class_list":["post-827","post","type-post","status-publish","format-standard","hentry","category-lajme","tag-147","tag-kremtime","tag-lajme-d27","tag-berat"],"acf":[],"yoast_head":"<!-- This site is optimized with the Yoast SEO plugin v27.2 - https:\/\/yoast.com\/product\/yoast-seo-wordpress\/ -->\n<title>Kremtohet festa e Tre Hierark\u00ebve n\u00eb Berat. (30 Janar 2007) - Kisha Orthodh\u03bfkse Autoqefale e Shqip\u00ebris\u00eb<\/title>\n<meta name=\"robots\" content=\"index, follow, max-snippet:-1, max-image-preview:large, max-video-preview:-1\" \/>\n<link rel=\"canonical\" href=\"https:\/\/orthodoxalbania.org\/2020\/2007\/02\/26\/kremtohet-festa-e-tre-hierarkeve-ne-berat-shkurt-07\/\" \/>\n<meta property=\"og:locale\" content=\"en_US\" \/>\n<meta property=\"og:type\" content=\"article\" \/>\n<meta property=\"og:title\" content=\"Kremtohet festa e Tre Hierark\u00ebve n\u00eb Berat. (30 Janar 2007) - Kisha Orthodh\u03bfkse Autoqefale e Shqip\u00ebris\u00eb\" \/>\n<meta property=\"og:description\" content=\"&nbsp;&nbsp;&nbsp; Traditave t\u00eb shumta t\u00eb Beratit, iu shtua dhe festa e Tre Hierark\u00ebve. Tre Arkond\u00ebt e famsh\u00ebm, Sh\u00ebn Vasili i Madh, Grigor Theologu dhe Joan Gojarti njihen kudo n\u00eb t\u00eb gjith\u00eb bot\u00ebn e krishter\u00eb dhe ve\u00e7an\u00ebrisht n\u00eb at\u00eb orthodhokse si mbrojt\u00ebs dhe ndri\u00e7ues t\u00eb arsimit, t\u00eb m\u00ebsuesve, pedagog\u00ebve, nx\u00ebn\u00ebsve, student\u00ebve etj. I nisur nga ky fakt, Kryebariu i dioqez\u00ebs s\u00eb Beratit, Vlor\u00ebs, Kanin\u00ebs dhe gjith\u00eb\" \/>\n<meta property=\"og:url\" content=\"https:\/\/orthodoxalbania.org\/2020\/2007\/02\/26\/kremtohet-festa-e-tre-hierarkeve-ne-berat-shkurt-07\/\" \/>\n<meta property=\"og:site_name\" content=\"Kisha Orthodh\u03bfkse Autoqefale e Shqip\u00ebris\u00eb\" \/>\n<meta property=\"article:publisher\" content=\"https:\/\/www.facebook.com\/koash1991\" \/>\n<meta property=\"article:published_time\" content=\"2007-02-26T00:00:00+00:00\" \/>\n<meta property=\"article:modified_time\" content=\"2020-04-06T20:35:44+00:00\" \/>\n<meta property=\"og:image\" content=\"https:\/\/lh4.googleusercontent.com\/-qmEPUCrGOcI\/VIhDu8lsErI\/AAAAAAAAGE8\/LnCnCvPTBfk\/w370-h278-no\/untitled1.jpg\" \/>\n<meta name=\"author\" content=\"Kisha Orthodhokse\" \/>\n<meta name=\"twitter:card\" content=\"summary_large_image\" \/>\n<meta name=\"twitter:label1\" content=\"Written by\" \/>\n\t<meta name=\"twitter:data1\" content=\"Kisha Orthodhokse\" \/>\n\t<meta name=\"twitter:label2\" content=\"Est. reading time\" \/>\n\t<meta name=\"twitter:data2\" content=\"6 minutes\" \/>\n<script type=\"application\/ld+json\" class=\"yoast-schema-graph\">{\"@context\":\"https:\/\/schema.org\",\"@graph\":[{\"@type\":\"Article\",\"@id\":\"https:\/\/orthodoxalbania.org\/2020\/2007\/02\/26\/kremtohet-festa-e-tre-hierarkeve-ne-berat-shkurt-07\/#article\",\"isPartOf\":{\"@id\":\"https:\/\/orthodoxalbania.org\/2020\/2007\/02\/26\/kremtohet-festa-e-tre-hierarkeve-ne-berat-shkurt-07\/\"},\"author\":{\"name\":\"Kisha Orthodhokse\",\"@id\":\"https:\/\/orthodoxalbania.org\/2020\/#\/schema\/person\/0c387634a7063ac612d7ed9ce71c7e86\"},\"headline\":\"Kremtohet festa e Tre Hierark\u00ebve n\u00eb Berat. (30 Janar 2007)\",\"datePublished\":\"2007-02-26T00:00:00+00:00\",\"dateModified\":\"2020-04-06T20:35:44+00:00\",\"mainEntityOfPage\":{\"@id\":\"https:\/\/orthodoxalbania.org\/2020\/2007\/02\/26\/kremtohet-festa-e-tre-hierarkeve-ne-berat-shkurt-07\/\"},\"wordCount\":1178,\"commentCount\":0,\"publisher\":{\"@id\":\"https:\/\/orthodoxalbania.org\/2020\/#organization\"},\"image\":{\"@id\":\"https:\/\/orthodoxalbania.org\/2020\/2007\/02\/26\/kremtohet-festa-e-tre-hierarkeve-ne-berat-shkurt-07\/#primaryimage\"},\"thumbnailUrl\":\"https:\/\/lh4.googleusercontent.com\/-qmEPUCrGOcI\/VIhDu8lsErI\/AAAAAAAAGE8\/LnCnCvPTBfk\/w370-h278-no\/untitled1.jpg\",\"keywords\":[\"2007\",\"Kremtime\",\"lajme\",\"Mitropolia Berat\"],\"articleSection\":[\"Lajme\"],\"inLanguage\":\"en-US\"},{\"@type\":\"WebPage\",\"@id\":\"https:\/\/orthodoxalbania.org\/2020\/2007\/02\/26\/kremtohet-festa-e-tre-hierarkeve-ne-berat-shkurt-07\/\",\"url\":\"https:\/\/orthodoxalbania.org\/2020\/2007\/02\/26\/kremtohet-festa-e-tre-hierarkeve-ne-berat-shkurt-07\/\",\"name\":\"Kremtohet festa e Tre Hierark\u00ebve n\u00eb Berat. (30 Janar 2007) - Kisha Orthodh\u03bfkse Autoqefale e Shqip\u00ebris\u00eb\",\"isPartOf\":{\"@id\":\"https:\/\/orthodoxalbania.org\/2020\/#website\"},\"primaryImageOfPage\":{\"@id\":\"https:\/\/orthodoxalbania.org\/2020\/2007\/02\/26\/kremtohet-festa-e-tre-hierarkeve-ne-berat-shkurt-07\/#primaryimage\"},\"image\":{\"@id\":\"https:\/\/orthodoxalbania.org\/2020\/2007\/02\/26\/kremtohet-festa-e-tre-hierarkeve-ne-berat-shkurt-07\/#primaryimage\"},\"thumbnailUrl\":\"https:\/\/lh4.googleusercontent.com\/-qmEPUCrGOcI\/VIhDu8lsErI\/AAAAAAAAGE8\/LnCnCvPTBfk\/w370-h278-no\/untitled1.jpg\",\"datePublished\":\"2007-02-26T00:00:00+00:00\",\"dateModified\":\"2020-04-06T20:35:44+00:00\",\"breadcrumb\":{\"@id\":\"https:\/\/orthodoxalbania.org\/2020\/2007\/02\/26\/kremtohet-festa-e-tre-hierarkeve-ne-berat-shkurt-07\/#breadcrumb\"},\"inLanguage\":\"en-US\",\"potentialAction\":[{\"@type\":\"ReadAction\",\"target\":[\"https:\/\/orthodoxalbania.org\/2020\/2007\/02\/26\/kremtohet-festa-e-tre-hierarkeve-ne-berat-shkurt-07\/\"]}]},{\"@type\":\"ImageObject\",\"inLanguage\":\"en-US\",\"@id\":\"https:\/\/orthodoxalbania.org\/2020\/2007\/02\/26\/kremtohet-festa-e-tre-hierarkeve-ne-berat-shkurt-07\/#primaryimage\",\"url\":\"https:\/\/lh4.googleusercontent.com\/-qmEPUCrGOcI\/VIhDu8lsErI\/AAAAAAAAGE8\/LnCnCvPTBfk\/w370-h278-no\/untitled1.jpg\",\"contentUrl\":\"https:\/\/lh4.googleusercontent.com\/-qmEPUCrGOcI\/VIhDu8lsErI\/AAAAAAAAGE8\/LnCnCvPTBfk\/w370-h278-no\/untitled1.jpg\"},{\"@type\":\"BreadcrumbList\",\"@id\":\"https:\/\/orthodoxalbania.org\/2020\/2007\/02\/26\/kremtohet-festa-e-tre-hierarkeve-ne-berat-shkurt-07\/#breadcrumb\",\"itemListElement\":[{\"@type\":\"ListItem\",\"position\":1,\"name\":\"Home\",\"item\":\"https:\/\/orthodoxalbania.org\/2020\/\"},{\"@type\":\"ListItem\",\"position\":2,\"name\":\"Kremtohet festa e Tre Hierark\u00ebve n\u00eb Berat. (30 Janar 2007)\"}]},{\"@type\":\"WebSite\",\"@id\":\"https:\/\/orthodoxalbania.org\/2020\/#website\",\"url\":\"https:\/\/orthodoxalbania.org\/2020\/\",\"name\":\"Kisha Orthodh\u03bfkse Autoqefale e Shqip\u00ebris\u00eb\",\"description\":\"Fqja Zyrtare e Kish\u00ebs Orthodhokse Autoqefale e Shqip\u00ebris\u00eb me lajmet edhe informacionet zyrtare p\u00ebr struktur\u00ebn edhe veprimtarin e saj.\",\"publisher\":{\"@id\":\"https:\/\/orthodoxalbania.org\/2020\/#organization\"},\"potentialAction\":[{\"@type\":\"SearchAction\",\"target\":{\"@type\":\"EntryPoint\",\"urlTemplate\":\"https:\/\/orthodoxalbania.org\/2020\/?s={search_term_string}\"},\"query-input\":{\"@type\":\"PropertyValueSpecification\",\"valueRequired\":true,\"valueName\":\"search_term_string\"}}],\"inLanguage\":\"en-US\"},{\"@type\":\"Organization\",\"@id\":\"https:\/\/orthodoxalbania.org\/2020\/#organization\",\"name\":\"Kisha Orthodhokse Autoqefale e Shqip\u00ebris\u00eb\",\"url\":\"https:\/\/orthodoxalbania.org\/2020\/\",\"logo\":{\"@type\":\"ImageObject\",\"inLanguage\":\"en-US\",\"@id\":\"https:\/\/orthodoxalbania.org\/2020\/#\/schema\/logo\/image\/\",\"url\":\"https:\/\/orthodoxalbania.org\/2020\/wp-content\/uploads\/2020\/05\/albania.jpeg\",\"contentUrl\":\"https:\/\/orthodoxalbania.org\/2020\/wp-content\/uploads\/2020\/05\/albania.jpeg\",\"width\":540,\"height\":540,\"caption\":\"Kisha Orthodhokse Autoqefale e Shqip\u00ebris\u00eb\"},\"image\":{\"@id\":\"https:\/\/orthodoxalbania.org\/2020\/#\/schema\/logo\/image\/\"},\"sameAs\":[\"https:\/\/www.facebook.com\/koash1991\"]},{\"@type\":\"Person\",\"@id\":\"https:\/\/orthodoxalbania.org\/2020\/#\/schema\/person\/0c387634a7063ac612d7ed9ce71c7e86\",\"name\":\"Kisha Orthodhokse\",\"image\":{\"@type\":\"ImageObject\",\"inLanguage\":\"en-US\",\"@id\":\"https:\/\/secure.gravatar.com\/avatar\/596e7c417251e30f2fbb9c00e026fce61a695a00e51c889caded71c96cbbdde5?s=96&d=mm&r=g\",\"url\":\"https:\/\/secure.gravatar.com\/avatar\/596e7c417251e30f2fbb9c00e026fce61a695a00e51c889caded71c96cbbdde5?s=96&d=mm&r=g\",\"contentUrl\":\"https:\/\/secure.gravatar.com\/avatar\/596e7c417251e30f2fbb9c00e026fce61a695a00e51c889caded71c96cbbdde5?s=96&d=mm&r=g\",\"caption\":\"Kisha Orthodhokse\"}}]}<\/script>\n<!-- \/ Yoast SEO plugin. -->","yoast_head_json":{"title":"Kremtohet festa e Tre Hierark\u00ebve n\u00eb Berat. (30 Janar 2007) - Kisha Orthodh\u03bfkse Autoqefale e Shqip\u00ebris\u00eb","robots":{"index":"index","follow":"follow","max-snippet":"max-snippet:-1","max-image-preview":"max-image-preview:large","max-video-preview":"max-video-preview:-1"},"canonical":"https:\/\/orthodoxalbania.org\/2020\/2007\/02\/26\/kremtohet-festa-e-tre-hierarkeve-ne-berat-shkurt-07\/","og_locale":"en_US","og_type":"article","og_title":"Kremtohet festa e Tre Hierark\u00ebve n\u00eb Berat. (30 Janar 2007) - Kisha Orthodh\u03bfkse Autoqefale e Shqip\u00ebris\u00eb","og_description":"&nbsp;&nbsp;&nbsp; Traditave t\u00eb shumta t\u00eb Beratit, iu shtua dhe festa e Tre Hierark\u00ebve. Tre Arkond\u00ebt e famsh\u00ebm, Sh\u00ebn Vasili i Madh, Grigor Theologu dhe Joan Gojarti njihen kudo n\u00eb t\u00eb gjith\u00eb bot\u00ebn e krishter\u00eb dhe ve\u00e7an\u00ebrisht n\u00eb at\u00eb orthodhokse si mbrojt\u00ebs dhe ndri\u00e7ues t\u00eb arsimit, t\u00eb m\u00ebsuesve, pedagog\u00ebve, nx\u00ebn\u00ebsve, student\u00ebve etj. I nisur nga ky fakt, Kryebariu i dioqez\u00ebs s\u00eb Beratit, Vlor\u00ebs, Kanin\u00ebs dhe gjith\u00eb","og_url":"https:\/\/orthodoxalbania.org\/2020\/2007\/02\/26\/kremtohet-festa-e-tre-hierarkeve-ne-berat-shkurt-07\/","og_site_name":"Kisha Orthodh\u03bfkse Autoqefale e Shqip\u00ebris\u00eb","article_publisher":"https:\/\/www.facebook.com\/koash1991","article_published_time":"2007-02-26T00:00:00+00:00","article_modified_time":"2020-04-06T20:35:44+00:00","og_image":[{"url":"https:\/\/lh4.googleusercontent.com\/-qmEPUCrGOcI\/VIhDu8lsErI\/AAAAAAAAGE8\/LnCnCvPTBfk\/w370-h278-no\/untitled1.jpg","type":"","width":"","height":""}],"author":"Kisha Orthodhokse","twitter_card":"summary_large_image","twitter_misc":{"Written by":"Kisha Orthodhokse","Est. reading time":"6 minutes"},"schema":{"@context":"https:\/\/schema.org","@graph":[{"@type":"Article","@id":"https:\/\/orthodoxalbania.org\/2020\/2007\/02\/26\/kremtohet-festa-e-tre-hierarkeve-ne-berat-shkurt-07\/#article","isPartOf":{"@id":"https:\/\/orthodoxalbania.org\/2020\/2007\/02\/26\/kremtohet-festa-e-tre-hierarkeve-ne-berat-shkurt-07\/"},"author":{"name":"Kisha Orthodhokse","@id":"https:\/\/orthodoxalbania.org\/2020\/#\/schema\/person\/0c387634a7063ac612d7ed9ce71c7e86"},"headline":"Kremtohet festa e Tre Hierark\u00ebve n\u00eb Berat. (30 Janar 2007)","datePublished":"2007-02-26T00:00:00+00:00","dateModified":"2020-04-06T20:35:44+00:00","mainEntityOfPage":{"@id":"https:\/\/orthodoxalbania.org\/2020\/2007\/02\/26\/kremtohet-festa-e-tre-hierarkeve-ne-berat-shkurt-07\/"},"wordCount":1178,"commentCount":0,"publisher":{"@id":"https:\/\/orthodoxalbania.org\/2020\/#organization"},"image":{"@id":"https:\/\/orthodoxalbania.org\/2020\/2007\/02\/26\/kremtohet-festa-e-tre-hierarkeve-ne-berat-shkurt-07\/#primaryimage"},"thumbnailUrl":"https:\/\/lh4.googleusercontent.com\/-qmEPUCrGOcI\/VIhDu8lsErI\/AAAAAAAAGE8\/LnCnCvPTBfk\/w370-h278-no\/untitled1.jpg","keywords":["2007","Kremtime","lajme","Mitropolia Berat"],"articleSection":["Lajme"],"inLanguage":"en-US"},{"@type":"WebPage","@id":"https:\/\/orthodoxalbania.org\/2020\/2007\/02\/26\/kremtohet-festa-e-tre-hierarkeve-ne-berat-shkurt-07\/","url":"https:\/\/orthodoxalbania.org\/2020\/2007\/02\/26\/kremtohet-festa-e-tre-hierarkeve-ne-berat-shkurt-07\/","name":"Kremtohet festa e Tre Hierark\u00ebve n\u00eb Berat. (30 Janar 2007) - Kisha Orthodh\u03bfkse Autoqefale e Shqip\u00ebris\u00eb","isPartOf":{"@id":"https:\/\/orthodoxalbania.org\/2020\/#website"},"primaryImageOfPage":{"@id":"https:\/\/orthodoxalbania.org\/2020\/2007\/02\/26\/kremtohet-festa-e-tre-hierarkeve-ne-berat-shkurt-07\/#primaryimage"},"image":{"@id":"https:\/\/orthodoxalbania.org\/2020\/2007\/02\/26\/kremtohet-festa-e-tre-hierarkeve-ne-berat-shkurt-07\/#primaryimage"},"thumbnailUrl":"https:\/\/lh4.googleusercontent.com\/-qmEPUCrGOcI\/VIhDu8lsErI\/AAAAAAAAGE8\/LnCnCvPTBfk\/w370-h278-no\/untitled1.jpg","datePublished":"2007-02-26T00:00:00+00:00","dateModified":"2020-04-06T20:35:44+00:00","breadcrumb":{"@id":"https:\/\/orthodoxalbania.org\/2020\/2007\/02\/26\/kremtohet-festa-e-tre-hierarkeve-ne-berat-shkurt-07\/#breadcrumb"},"inLanguage":"en-US","potentialAction":[{"@type":"ReadAction","target":["https:\/\/orthodoxalbania.org\/2020\/2007\/02\/26\/kremtohet-festa-e-tre-hierarkeve-ne-berat-shkurt-07\/"]}]},{"@type":"ImageObject","inLanguage":"en-US","@id":"https:\/\/orthodoxalbania.org\/2020\/2007\/02\/26\/kremtohet-festa-e-tre-hierarkeve-ne-berat-shkurt-07\/#primaryimage","url":"https:\/\/lh4.googleusercontent.com\/-qmEPUCrGOcI\/VIhDu8lsErI\/AAAAAAAAGE8\/LnCnCvPTBfk\/w370-h278-no\/untitled1.jpg","contentUrl":"https:\/\/lh4.googleusercontent.com\/-qmEPUCrGOcI\/VIhDu8lsErI\/AAAAAAAAGE8\/LnCnCvPTBfk\/w370-h278-no\/untitled1.jpg"},{"@type":"BreadcrumbList","@id":"https:\/\/orthodoxalbania.org\/2020\/2007\/02\/26\/kremtohet-festa-e-tre-hierarkeve-ne-berat-shkurt-07\/#breadcrumb","itemListElement":[{"@type":"ListItem","position":1,"name":"Home","item":"https:\/\/orthodoxalbania.org\/2020\/"},{"@type":"ListItem","position":2,"name":"Kremtohet festa e Tre Hierark\u00ebve n\u00eb Berat. (30 Janar 2007)"}]},{"@type":"WebSite","@id":"https:\/\/orthodoxalbania.org\/2020\/#website","url":"https:\/\/orthodoxalbania.org\/2020\/","name":"Kisha Orthodh\u03bfkse Autoqefale e Shqip\u00ebris\u00eb","description":"Fqja Zyrtare e Kish\u00ebs Orthodhokse Autoqefale e Shqip\u00ebris\u00eb me lajmet edhe informacionet zyrtare p\u00ebr struktur\u00ebn edhe veprimtarin e saj.","publisher":{"@id":"https:\/\/orthodoxalbania.org\/2020\/#organization"},"potentialAction":[{"@type":"SearchAction","target":{"@type":"EntryPoint","urlTemplate":"https:\/\/orthodoxalbania.org\/2020\/?s={search_term_string}"},"query-input":{"@type":"PropertyValueSpecification","valueRequired":true,"valueName":"search_term_string"}}],"inLanguage":"en-US"},{"@type":"Organization","@id":"https:\/\/orthodoxalbania.org\/2020\/#organization","name":"Kisha Orthodhokse Autoqefale e Shqip\u00ebris\u00eb","url":"https:\/\/orthodoxalbania.org\/2020\/","logo":{"@type":"ImageObject","inLanguage":"en-US","@id":"https:\/\/orthodoxalbania.org\/2020\/#\/schema\/logo\/image\/","url":"https:\/\/orthodoxalbania.org\/2020\/wp-content\/uploads\/2020\/05\/albania.jpeg","contentUrl":"https:\/\/orthodoxalbania.org\/2020\/wp-content\/uploads\/2020\/05\/albania.jpeg","width":540,"height":540,"caption":"Kisha Orthodhokse Autoqefale e Shqip\u00ebris\u00eb"},"image":{"@id":"https:\/\/orthodoxalbania.org\/2020\/#\/schema\/logo\/image\/"},"sameAs":["https:\/\/www.facebook.com\/koash1991"]},{"@type":"Person","@id":"https:\/\/orthodoxalbania.org\/2020\/#\/schema\/person\/0c387634a7063ac612d7ed9ce71c7e86","name":"Kisha Orthodhokse","image":{"@type":"ImageObject","inLanguage":"en-US","@id":"https:\/\/secure.gravatar.com\/avatar\/596e7c417251e30f2fbb9c00e026fce61a695a00e51c889caded71c96cbbdde5?s=96&d=mm&r=g","url":"https:\/\/secure.gravatar.com\/avatar\/596e7c417251e30f2fbb9c00e026fce61a695a00e51c889caded71c96cbbdde5?s=96&d=mm&r=g","contentUrl":"https:\/\/secure.gravatar.com\/avatar\/596e7c417251e30f2fbb9c00e026fce61a695a00e51c889caded71c96cbbdde5?s=96&d=mm&r=g","caption":"Kisha Orthodhokse"}}]}},"_links":{"self":[{"href":"https:\/\/orthodoxalbania.org\/2020\/wp-json\/wp\/v2\/posts\/827","targetHints":{"allow":["GET"]}}],"collection":[{"href":"https:\/\/orthodoxalbania.org\/2020\/wp-json\/wp\/v2\/posts"}],"about":[{"href":"https:\/\/orthodoxalbania.org\/2020\/wp-json\/wp\/v2\/types\/post"}],"author":[{"embeddable":true,"href":"https:\/\/orthodoxalbania.org\/2020\/wp-json\/wp\/v2\/users\/1"}],"replies":[{"embeddable":true,"href":"https:\/\/orthodoxalbania.org\/2020\/wp-json\/wp\/v2\/comments?post=827"}],"version-history":[{"count":1,"href":"https:\/\/orthodoxalbania.org\/2020\/wp-json\/wp\/v2\/posts\/827\/revisions"}],"predecessor-version":[{"id":15752,"href":"https:\/\/orthodoxalbania.org\/2020\/wp-json\/wp\/v2\/posts\/827\/revisions\/15752"}],"wp:attachment":[{"href":"https:\/\/orthodoxalbania.org\/2020\/wp-json\/wp\/v2\/media?parent=827"}],"wp:term":[{"taxonomy":"category","embeddable":true,"href":"https:\/\/orthodoxalbania.org\/2020\/wp-json\/wp\/v2\/categories?post=827"},{"taxonomy":"post_tag","embeddable":true,"href":"https:\/\/orthodoxalbania.org\/2020\/wp-json\/wp\/v2\/tags?post=827"}],"curies":[{"name":"wp","href":"https:\/\/api.w.org\/{rel}","templated":true}]}}