{"id":826,"date":"2007-02-26T00:00:00","date_gmt":"2007-02-26T00:00:00","guid":{"rendered":""},"modified":"2020-04-06T22:35:43","modified_gmt":"2020-04-06T20:35:43","slug":"kremtohet-festa-e-tre-hierarkeve-ne-akademine-teologjike-durres-shkurt-07","status":"publish","type":"post","link":"https:\/\/orthodoxalbania.org\/2020\/2007\/02\/26\/kremtohet-festa-e-tre-hierarkeve-ne-akademine-teologjike-durres-shkurt-07\/","title":{"rendered":"Kremtohet festa e Tre Hierark\u00ebve n\u00eb Akademin\u00eb Teologjike, Durr\u00ebs. (30 Janar 2007)"},"content":{"rendered":"<p style=\"text-align: justify;\"><span style=\"color: #000000;\"><span style=\"font-family: tahoma,geneva,sans-serif;\"><span style=\"font-size: 12px;\">&nbsp;&nbsp;&nbsp; Tre Hierark\u00ebt njihen n\u00eb bot\u00ebn e krishter\u00eb Orthodhokse si mbrojt\u00ebs dhe ndri\u00e7ues t\u00eb arsimit, t\u00eb m\u00ebsuesve, pedagog\u00ebve dhe nx\u00ebn\u00ebsve. Kjo \u00ebsht\u00eb arsyeja q\u00eb k\u00ebt\u00eb dit\u00eb Janar pedagog\u00ebt dhe student\u00ebt e Akademis\u00eb Teologjike \u201cNgjallja e Krishtit\u201d n\u00eb Manastirin e Sh\u00ebn Vlashit pran\u00eb qytetit bregdetar t\u00eb Durr\u00ebsit e kremtojn\u00eb si fest\u00ebn e shkoll\u00ebs s\u00eb tyre. Q\u00eb n\u00eb or\u00ebt e para t\u00eb dat\u00ebs 30 janar student\u00eb, pedagog\u00eb, banor\u00eb t\u00eb zon\u00ebs p\u00ebrreth si edhe pjes\u00ebtar\u00eb t\u00eb Sht\u00ebpis\u00eb \u201cShpresa e f\u00ebmij\u00ebve\u201d u mblodh\u00ebn s\u00eb bashku n\u00eb Kish\u00ebn e Manastirit t\u00eb Sh\u00ebn Vlashit p\u00ebr t\u00eb marr\u00eb pjes\u00eb n\u00eb Liturgjin\u00eb Hyjnore n\u00eb kujtim t\u00eb Tre Arkond\u00ebve. Liturgjia Hyjnore kryesohej nga N\u00ebndrejtori i k\u00ebsaj Akademie, Episkopi i Apollonis\u00eb, Hir\u00ebsi Nikolla.<\/span><\/span><\/span><\/p>\n<p style=\"text-align: justify;\"><span style=\"color: #000000;\"><span style=\"font-family: tahoma,geneva,sans-serif;\"><span style=\"font-size: 12px;\">&nbsp;&nbsp;&nbsp; Pas Liturgjis\u00eb Hyjnore student\u00eb t\u00eb vitit IV t\u00eb Akademis\u00eb lexuan nga jeta e shenjtor\u00ebve dhe pjes\u00eb nga shkrimet e tyre. E mori fjal\u00ebn edhe Hir\u00ebsi Nikolla, i cili nd\u00ebr t\u00eb tjera tha: \u201cTre Hierark\u00ebt, Vasili i Madh, Grigor Teologu dhe Joan Gojarti jan\u00eb nga njer\u00ebzit m\u00eb t\u00eb ditur t\u00eb koh\u00ebrave. Kjo dituri e tyre nuk ka t\u00eb b\u00ebj\u00eb vet\u00ebm me njohjen e thell\u00eb t\u00eb besimit t\u00eb krishter\u00eb. Ka t\u00eb b\u00ebj\u00eb edhe me njohjen e shkencave t\u00eb ndryshme: filozofin\u00eb, mjek\u00ebsin\u00eb, pedagogjin\u00eb, etj. Ajo q\u00eb \u00ebsht\u00eb e r\u00ebnd\u00ebsishme \u00ebsht\u00eb q\u00eb k\u00ebta tre shenjtor\u00eb q\u00eb nga epoka q\u00eb ata jetuan e deri m\u00eb sot jan\u00eb shembuj p\u00ebr klerin dhe popullin besimtar t\u00eb Kish\u00ebs s\u00eb Krishtit. Ata jan\u00eb shembuj t\u00eb dashuris\u00eb p\u00ebr Per\u00ebndin\u00eb dhe p\u00ebr t\u00eb af\u00ebrmin, shembuj t\u00eb zellit t\u00eb madh p\u00ebr dituri, t\u00eb zellit t\u00eb madh p\u00ebr t\u00eb njohur besimin dhe p\u00ebr ta p\u00ebrhapur at\u00eb. Prandaj \u00ebsht\u00eb nj\u00eb bekim shum\u00eb i madh q\u00eb Akademia jon\u00eb feston k\u00ebt\u00eb t\u00eb kremte dhe k\u00ebta Tre Hierark\u00eb i ka mbrojt\u00ebsit e saj\u2026\u201d <\/span><\/span><\/span><\/p>\n<p style=\"text-align: justify;\"><span style=\"color: #000000;\"><span style=\"font-family: tahoma,geneva,sans-serif;\"><span style=\"font-size: 12px;\">&nbsp;&nbsp;&nbsp;&nbsp; N\u00eb fund student\u00ebt k\u00ebnduan himnin e Akademis\u00eb si nj\u00eb premtim n\u00eb Kish\u00eb p\u00ebrpara Tre Arkond\u00ebve, shenjtor\u00ebve dhe vet\u00eb Per\u00ebndis\u00eb p\u00ebr rrug\u00ebn e nj\u00eb jete t\u00eb past\u00ebr t\u00eb udh\u00ebhequr nga Krishti, rrug\u00eb t\u00eb cil\u00ebn e kan\u00eb nisur dhe premtojn\u00eb se do ta vazhdojn\u00eb si nj\u00eb p\u00ebrgjigje ndaj Z\u00ebrit Qiellor: \u201cJa ku jam o Zoti im\u201d.<\/p>\n<p> \u2026P\u00ebr mision m\u00eb thirri Zoti<\/p>\n<p> N\u00eb Sh\u00ebn Vlash n\u2019Akademi<\/p>\n<p> T\u00eb ringjallim Orthodhoksin\u00eb<\/p>\n<p> N\u00eb t\u00eb gjith\u00eb Shqip\u00ebrin\u00eb.<\/p>\n<p> <strong>&nbsp;&nbsp;&nbsp; Julia Pjetri<\/strong><\/span><\/span><\/span><\/p>\n","protected":false},"excerpt":{"rendered":"<p>&nbsp;&nbsp;&nbsp; Tre Hierark\u00ebt njihen n\u00eb bot\u00ebn e krishter\u00eb Orthodhokse si mbrojt\u00ebs dhe ndri\u00e7ues t\u00eb arsimit, t\u00eb m\u00ebsuesve, pedagog\u00ebve dhe nx\u00ebn\u00ebsve. Kjo \u00ebsht\u00eb arsyeja q\u00eb k\u00ebt\u00eb dit\u00eb Janar pedagog\u00ebt dhe student\u00ebt e Akademis\u00eb Teologjike \u201cNgjallja e Krishtit\u201d n\u00eb Manastirin e Sh\u00ebn Vlashit pran\u00eb qytetit bregdetar t\u00eb Durr\u00ebsit e kremtojn\u00eb si fest\u00ebn e shkoll\u00ebs s\u00eb tyre. Q\u00eb n\u00eb or\u00ebt e para t\u00eb dat\u00ebs 30 janar student\u00eb, pedagog\u00eb,<\/p>\n","protected":false},"author":1,"featured_media":0,"comment_status":"open","ping_status":"open","sticky":false,"template":"","format":"standard","meta":{"_acf_changed":false,"pagelayer_contact_templates":[],"_pagelayer_content":"","inline_featured_image":false,"fifu_image_url":"","fifu_image_alt":"","footnotes":""},"categories":[108],"tags":[147,157,196,212],"class_list":["post-826","post","type-post","status-publish","format-standard","hentry","category-lajme","tag-147","tag-kremtime","tag-tirane","tag-lajme-d27"],"acf":[],"yoast_head":"<!-- This site is optimized with the Yoast SEO plugin v27.2 - https:\/\/yoast.com\/product\/yoast-seo-wordpress\/ -->\n<title>Kremtohet festa e Tre Hierark\u00ebve n\u00eb Akademin\u00eb Teologjike, Durr\u00ebs. (30 Janar 2007) - Kisha Orthodh\u03bfkse Autoqefale e Shqip\u00ebris\u00eb<\/title>\n<meta name=\"robots\" content=\"index, follow, max-snippet:-1, max-image-preview:large, max-video-preview:-1\" \/>\n<link rel=\"canonical\" href=\"https:\/\/orthodoxalbania.org\/2020\/2007\/02\/26\/kremtohet-festa-e-tre-hierarkeve-ne-akademine-teologjike-durres-shkurt-07\/\" \/>\n<meta property=\"og:locale\" content=\"en_US\" \/>\n<meta property=\"og:type\" content=\"article\" \/>\n<meta property=\"og:title\" content=\"Kremtohet festa e Tre Hierark\u00ebve n\u00eb Akademin\u00eb Teologjike, Durr\u00ebs. (30 Janar 2007) - Kisha Orthodh\u03bfkse Autoqefale e Shqip\u00ebris\u00eb\" \/>\n<meta property=\"og:description\" content=\"&nbsp;&nbsp;&nbsp; Tre Hierark\u00ebt njihen n\u00eb bot\u00ebn e krishter\u00eb Orthodhokse si mbrojt\u00ebs dhe ndri\u00e7ues t\u00eb arsimit, t\u00eb m\u00ebsuesve, pedagog\u00ebve dhe nx\u00ebn\u00ebsve. Kjo \u00ebsht\u00eb arsyeja q\u00eb k\u00ebt\u00eb dit\u00eb Janar pedagog\u00ebt dhe student\u00ebt e Akademis\u00eb Teologjike \u201cNgjallja e Krishtit\u201d n\u00eb Manastirin e Sh\u00ebn Vlashit pran\u00eb qytetit bregdetar t\u00eb Durr\u00ebsit e kremtojn\u00eb si fest\u00ebn e shkoll\u00ebs s\u00eb tyre. Q\u00eb n\u00eb or\u00ebt e para t\u00eb dat\u00ebs 30 janar student\u00eb, pedagog\u00eb,\" \/>\n<meta property=\"og:url\" content=\"https:\/\/orthodoxalbania.org\/2020\/2007\/02\/26\/kremtohet-festa-e-tre-hierarkeve-ne-akademine-teologjike-durres-shkurt-07\/\" \/>\n<meta property=\"og:site_name\" content=\"Kisha Orthodh\u03bfkse Autoqefale e Shqip\u00ebris\u00eb\" \/>\n<meta property=\"article:publisher\" content=\"https:\/\/www.facebook.com\/koash1991\" \/>\n<meta property=\"article:published_time\" content=\"2007-02-26T00:00:00+00:00\" \/>\n<meta property=\"article:modified_time\" content=\"2020-04-06T20:35:43+00:00\" \/>\n<meta property=\"og:image\" content=\"https:\/\/orthodoxalbania.org\/2020\/wp-content\/uploads\/2021\/02\/LogoLastALb-200.png\" \/>\n\t<meta property=\"og:image:width\" content=\"200\" \/>\n\t<meta property=\"og:image:height\" content=\"172\" \/>\n\t<meta property=\"og:image:type\" content=\"image\/png\" \/>\n<meta name=\"author\" content=\"Kisha Orthodhokse\" \/>\n<meta name=\"twitter:card\" content=\"summary_large_image\" \/>\n<meta name=\"twitter:label1\" content=\"Written by\" \/>\n\t<meta name=\"twitter:data1\" content=\"Kisha Orthodhokse\" \/>\n\t<meta name=\"twitter:label2\" content=\"Est. reading time\" \/>\n\t<meta name=\"twitter:data2\" content=\"2 minutes\" \/>\n<script type=\"application\/ld+json\" class=\"yoast-schema-graph\">{\"@context\":\"https:\/\/schema.org\",\"@graph\":[{\"@type\":\"Article\",\"@id\":\"https:\/\/orthodoxalbania.org\/2020\/2007\/02\/26\/kremtohet-festa-e-tre-hierarkeve-ne-akademine-teologjike-durres-shkurt-07\/#article\",\"isPartOf\":{\"@id\":\"https:\/\/orthodoxalbania.org\/2020\/2007\/02\/26\/kremtohet-festa-e-tre-hierarkeve-ne-akademine-teologjike-durres-shkurt-07\/\"},\"author\":{\"name\":\"Kisha Orthodhokse\",\"@id\":\"https:\/\/orthodoxalbania.org\/2020\/#\/schema\/person\/0c387634a7063ac612d7ed9ce71c7e86\"},\"headline\":\"Kremtohet festa e Tre Hierark\u00ebve n\u00eb Akademin\u00eb Teologjike, Durr\u00ebs. (30 Janar 2007)\",\"datePublished\":\"2007-02-26T00:00:00+00:00\",\"dateModified\":\"2020-04-06T20:35:43+00:00\",\"mainEntityOfPage\":{\"@id\":\"https:\/\/orthodoxalbania.org\/2020\/2007\/02\/26\/kremtohet-festa-e-tre-hierarkeve-ne-akademine-teologjike-durres-shkurt-07\/\"},\"wordCount\":449,\"commentCount\":0,\"publisher\":{\"@id\":\"https:\/\/orthodoxalbania.org\/2020\/#organization\"},\"keywords\":[\"2007\",\"Kremtime\",\"Kryepiskopata Tiran\u00eb\",\"lajme\"],\"articleSection\":[\"Lajme\"],\"inLanguage\":\"en-US\"},{\"@type\":\"WebPage\",\"@id\":\"https:\/\/orthodoxalbania.org\/2020\/2007\/02\/26\/kremtohet-festa-e-tre-hierarkeve-ne-akademine-teologjike-durres-shkurt-07\/\",\"url\":\"https:\/\/orthodoxalbania.org\/2020\/2007\/02\/26\/kremtohet-festa-e-tre-hierarkeve-ne-akademine-teologjike-durres-shkurt-07\/\",\"name\":\"Kremtohet festa e Tre Hierark\u00ebve n\u00eb Akademin\u00eb Teologjike, Durr\u00ebs. (30 Janar 2007) - Kisha Orthodh\u03bfkse Autoqefale e Shqip\u00ebris\u00eb\",\"isPartOf\":{\"@id\":\"https:\/\/orthodoxalbania.org\/2020\/#website\"},\"datePublished\":\"2007-02-26T00:00:00+00:00\",\"dateModified\":\"2020-04-06T20:35:43+00:00\",\"breadcrumb\":{\"@id\":\"https:\/\/orthodoxalbania.org\/2020\/2007\/02\/26\/kremtohet-festa-e-tre-hierarkeve-ne-akademine-teologjike-durres-shkurt-07\/#breadcrumb\"},\"inLanguage\":\"en-US\",\"potentialAction\":[{\"@type\":\"ReadAction\",\"target\":[\"https:\/\/orthodoxalbania.org\/2020\/2007\/02\/26\/kremtohet-festa-e-tre-hierarkeve-ne-akademine-teologjike-durres-shkurt-07\/\"]}]},{\"@type\":\"BreadcrumbList\",\"@id\":\"https:\/\/orthodoxalbania.org\/2020\/2007\/02\/26\/kremtohet-festa-e-tre-hierarkeve-ne-akademine-teologjike-durres-shkurt-07\/#breadcrumb\",\"itemListElement\":[{\"@type\":\"ListItem\",\"position\":1,\"name\":\"Home\",\"item\":\"https:\/\/orthodoxalbania.org\/2020\/\"},{\"@type\":\"ListItem\",\"position\":2,\"name\":\"Kremtohet festa e Tre Hierark\u00ebve n\u00eb Akademin\u00eb Teologjike, Durr\u00ebs. (30 Janar 2007)\"}]},{\"@type\":\"WebSite\",\"@id\":\"https:\/\/orthodoxalbania.org\/2020\/#website\",\"url\":\"https:\/\/orthodoxalbania.org\/2020\/\",\"name\":\"Kisha Orthodh\u03bfkse Autoqefale e Shqip\u00ebris\u00eb\",\"description\":\"Fqja Zyrtare e Kish\u00ebs Orthodhokse Autoqefale e Shqip\u00ebris\u00eb me lajmet edhe informacionet zyrtare p\u00ebr struktur\u00ebn edhe veprimtarin e saj.\",\"publisher\":{\"@id\":\"https:\/\/orthodoxalbania.org\/2020\/#organization\"},\"potentialAction\":[{\"@type\":\"SearchAction\",\"target\":{\"@type\":\"EntryPoint\",\"urlTemplate\":\"https:\/\/orthodoxalbania.org\/2020\/?s={search_term_string}\"},\"query-input\":{\"@type\":\"PropertyValueSpecification\",\"valueRequired\":true,\"valueName\":\"search_term_string\"}}],\"inLanguage\":\"en-US\"},{\"@type\":\"Organization\",\"@id\":\"https:\/\/orthodoxalbania.org\/2020\/#organization\",\"name\":\"Kisha Orthodhokse Autoqefale e Shqip\u00ebris\u00eb\",\"url\":\"https:\/\/orthodoxalbania.org\/2020\/\",\"logo\":{\"@type\":\"ImageObject\",\"inLanguage\":\"en-US\",\"@id\":\"https:\/\/orthodoxalbania.org\/2020\/#\/schema\/logo\/image\/\",\"url\":\"https:\/\/orthodoxalbania.org\/2020\/wp-content\/uploads\/2020\/05\/albania.jpeg\",\"contentUrl\":\"https:\/\/orthodoxalbania.org\/2020\/wp-content\/uploads\/2020\/05\/albania.jpeg\",\"width\":540,\"height\":540,\"caption\":\"Kisha Orthodhokse Autoqefale e Shqip\u00ebris\u00eb\"},\"image\":{\"@id\":\"https:\/\/orthodoxalbania.org\/2020\/#\/schema\/logo\/image\/\"},\"sameAs\":[\"https:\/\/www.facebook.com\/koash1991\"]},{\"@type\":\"Person\",\"@id\":\"https:\/\/orthodoxalbania.org\/2020\/#\/schema\/person\/0c387634a7063ac612d7ed9ce71c7e86\",\"name\":\"Kisha Orthodhokse\",\"image\":{\"@type\":\"ImageObject\",\"inLanguage\":\"en-US\",\"@id\":\"https:\/\/secure.gravatar.com\/avatar\/596e7c417251e30f2fbb9c00e026fce61a695a00e51c889caded71c96cbbdde5?s=96&d=mm&r=g\",\"url\":\"https:\/\/secure.gravatar.com\/avatar\/596e7c417251e30f2fbb9c00e026fce61a695a00e51c889caded71c96cbbdde5?s=96&d=mm&r=g\",\"contentUrl\":\"https:\/\/secure.gravatar.com\/avatar\/596e7c417251e30f2fbb9c00e026fce61a695a00e51c889caded71c96cbbdde5?s=96&d=mm&r=g\",\"caption\":\"Kisha Orthodhokse\"}}]}<\/script>\n<!-- \/ Yoast SEO plugin. -->","yoast_head_json":{"title":"Kremtohet festa e Tre Hierark\u00ebve n\u00eb Akademin\u00eb Teologjike, Durr\u00ebs. (30 Janar 2007) - Kisha Orthodh\u03bfkse Autoqefale e Shqip\u00ebris\u00eb","robots":{"index":"index","follow":"follow","max-snippet":"max-snippet:-1","max-image-preview":"max-image-preview:large","max-video-preview":"max-video-preview:-1"},"canonical":"https:\/\/orthodoxalbania.org\/2020\/2007\/02\/26\/kremtohet-festa-e-tre-hierarkeve-ne-akademine-teologjike-durres-shkurt-07\/","og_locale":"en_US","og_type":"article","og_title":"Kremtohet festa e Tre Hierark\u00ebve n\u00eb Akademin\u00eb Teologjike, Durr\u00ebs. (30 Janar 2007) - Kisha Orthodh\u03bfkse Autoqefale e Shqip\u00ebris\u00eb","og_description":"&nbsp;&nbsp;&nbsp; Tre Hierark\u00ebt njihen n\u00eb bot\u00ebn e krishter\u00eb Orthodhokse si mbrojt\u00ebs dhe ndri\u00e7ues t\u00eb arsimit, t\u00eb m\u00ebsuesve, pedagog\u00ebve dhe nx\u00ebn\u00ebsve. Kjo \u00ebsht\u00eb arsyeja q\u00eb k\u00ebt\u00eb dit\u00eb Janar pedagog\u00ebt dhe student\u00ebt e Akademis\u00eb Teologjike \u201cNgjallja e Krishtit\u201d n\u00eb Manastirin e Sh\u00ebn Vlashit pran\u00eb qytetit bregdetar t\u00eb Durr\u00ebsit e kremtojn\u00eb si fest\u00ebn e shkoll\u00ebs s\u00eb tyre. Q\u00eb n\u00eb or\u00ebt e para t\u00eb dat\u00ebs 30 janar student\u00eb, pedagog\u00eb,","og_url":"https:\/\/orthodoxalbania.org\/2020\/2007\/02\/26\/kremtohet-festa-e-tre-hierarkeve-ne-akademine-teologjike-durres-shkurt-07\/","og_site_name":"Kisha Orthodh\u03bfkse Autoqefale e Shqip\u00ebris\u00eb","article_publisher":"https:\/\/www.facebook.com\/koash1991","article_published_time":"2007-02-26T00:00:00+00:00","article_modified_time":"2020-04-06T20:35:43+00:00","og_image":[{"width":200,"height":172,"url":"https:\/\/orthodoxalbania.org\/2020\/wp-content\/uploads\/2021\/02\/LogoLastALb-200.png","type":"image\/png"}],"author":"Kisha Orthodhokse","twitter_card":"summary_large_image","twitter_misc":{"Written by":"Kisha Orthodhokse","Est. reading time":"2 minutes"},"schema":{"@context":"https:\/\/schema.org","@graph":[{"@type":"Article","@id":"https:\/\/orthodoxalbania.org\/2020\/2007\/02\/26\/kremtohet-festa-e-tre-hierarkeve-ne-akademine-teologjike-durres-shkurt-07\/#article","isPartOf":{"@id":"https:\/\/orthodoxalbania.org\/2020\/2007\/02\/26\/kremtohet-festa-e-tre-hierarkeve-ne-akademine-teologjike-durres-shkurt-07\/"},"author":{"name":"Kisha Orthodhokse","@id":"https:\/\/orthodoxalbania.org\/2020\/#\/schema\/person\/0c387634a7063ac612d7ed9ce71c7e86"},"headline":"Kremtohet festa e Tre Hierark\u00ebve n\u00eb Akademin\u00eb Teologjike, Durr\u00ebs. (30 Janar 2007)","datePublished":"2007-02-26T00:00:00+00:00","dateModified":"2020-04-06T20:35:43+00:00","mainEntityOfPage":{"@id":"https:\/\/orthodoxalbania.org\/2020\/2007\/02\/26\/kremtohet-festa-e-tre-hierarkeve-ne-akademine-teologjike-durres-shkurt-07\/"},"wordCount":449,"commentCount":0,"publisher":{"@id":"https:\/\/orthodoxalbania.org\/2020\/#organization"},"keywords":["2007","Kremtime","Kryepiskopata Tiran\u00eb","lajme"],"articleSection":["Lajme"],"inLanguage":"en-US"},{"@type":"WebPage","@id":"https:\/\/orthodoxalbania.org\/2020\/2007\/02\/26\/kremtohet-festa-e-tre-hierarkeve-ne-akademine-teologjike-durres-shkurt-07\/","url":"https:\/\/orthodoxalbania.org\/2020\/2007\/02\/26\/kremtohet-festa-e-tre-hierarkeve-ne-akademine-teologjike-durres-shkurt-07\/","name":"Kremtohet festa e Tre Hierark\u00ebve n\u00eb Akademin\u00eb Teologjike, Durr\u00ebs. (30 Janar 2007) - Kisha Orthodh\u03bfkse Autoqefale e Shqip\u00ebris\u00eb","isPartOf":{"@id":"https:\/\/orthodoxalbania.org\/2020\/#website"},"datePublished":"2007-02-26T00:00:00+00:00","dateModified":"2020-04-06T20:35:43+00:00","breadcrumb":{"@id":"https:\/\/orthodoxalbania.org\/2020\/2007\/02\/26\/kremtohet-festa-e-tre-hierarkeve-ne-akademine-teologjike-durres-shkurt-07\/#breadcrumb"},"inLanguage":"en-US","potentialAction":[{"@type":"ReadAction","target":["https:\/\/orthodoxalbania.org\/2020\/2007\/02\/26\/kremtohet-festa-e-tre-hierarkeve-ne-akademine-teologjike-durres-shkurt-07\/"]}]},{"@type":"BreadcrumbList","@id":"https:\/\/orthodoxalbania.org\/2020\/2007\/02\/26\/kremtohet-festa-e-tre-hierarkeve-ne-akademine-teologjike-durres-shkurt-07\/#breadcrumb","itemListElement":[{"@type":"ListItem","position":1,"name":"Home","item":"https:\/\/orthodoxalbania.org\/2020\/"},{"@type":"ListItem","position":2,"name":"Kremtohet festa e Tre Hierark\u00ebve n\u00eb Akademin\u00eb Teologjike, Durr\u00ebs. (30 Janar 2007)"}]},{"@type":"WebSite","@id":"https:\/\/orthodoxalbania.org\/2020\/#website","url":"https:\/\/orthodoxalbania.org\/2020\/","name":"Kisha Orthodh\u03bfkse Autoqefale e Shqip\u00ebris\u00eb","description":"Fqja Zyrtare e Kish\u00ebs Orthodhokse Autoqefale e Shqip\u00ebris\u00eb me lajmet edhe informacionet zyrtare p\u00ebr struktur\u00ebn edhe veprimtarin e saj.","publisher":{"@id":"https:\/\/orthodoxalbania.org\/2020\/#organization"},"potentialAction":[{"@type":"SearchAction","target":{"@type":"EntryPoint","urlTemplate":"https:\/\/orthodoxalbania.org\/2020\/?s={search_term_string}"},"query-input":{"@type":"PropertyValueSpecification","valueRequired":true,"valueName":"search_term_string"}}],"inLanguage":"en-US"},{"@type":"Organization","@id":"https:\/\/orthodoxalbania.org\/2020\/#organization","name":"Kisha Orthodhokse Autoqefale e Shqip\u00ebris\u00eb","url":"https:\/\/orthodoxalbania.org\/2020\/","logo":{"@type":"ImageObject","inLanguage":"en-US","@id":"https:\/\/orthodoxalbania.org\/2020\/#\/schema\/logo\/image\/","url":"https:\/\/orthodoxalbania.org\/2020\/wp-content\/uploads\/2020\/05\/albania.jpeg","contentUrl":"https:\/\/orthodoxalbania.org\/2020\/wp-content\/uploads\/2020\/05\/albania.jpeg","width":540,"height":540,"caption":"Kisha Orthodhokse Autoqefale e Shqip\u00ebris\u00eb"},"image":{"@id":"https:\/\/orthodoxalbania.org\/2020\/#\/schema\/logo\/image\/"},"sameAs":["https:\/\/www.facebook.com\/koash1991"]},{"@type":"Person","@id":"https:\/\/orthodoxalbania.org\/2020\/#\/schema\/person\/0c387634a7063ac612d7ed9ce71c7e86","name":"Kisha Orthodhokse","image":{"@type":"ImageObject","inLanguage":"en-US","@id":"https:\/\/secure.gravatar.com\/avatar\/596e7c417251e30f2fbb9c00e026fce61a695a00e51c889caded71c96cbbdde5?s=96&d=mm&r=g","url":"https:\/\/secure.gravatar.com\/avatar\/596e7c417251e30f2fbb9c00e026fce61a695a00e51c889caded71c96cbbdde5?s=96&d=mm&r=g","contentUrl":"https:\/\/secure.gravatar.com\/avatar\/596e7c417251e30f2fbb9c00e026fce61a695a00e51c889caded71c96cbbdde5?s=96&d=mm&r=g","caption":"Kisha Orthodhokse"}}]}},"_links":{"self":[{"href":"https:\/\/orthodoxalbania.org\/2020\/wp-json\/wp\/v2\/posts\/826","targetHints":{"allow":["GET"]}}],"collection":[{"href":"https:\/\/orthodoxalbania.org\/2020\/wp-json\/wp\/v2\/posts"}],"about":[{"href":"https:\/\/orthodoxalbania.org\/2020\/wp-json\/wp\/v2\/types\/post"}],"author":[{"embeddable":true,"href":"https:\/\/orthodoxalbania.org\/2020\/wp-json\/wp\/v2\/users\/1"}],"replies":[{"embeddable":true,"href":"https:\/\/orthodoxalbania.org\/2020\/wp-json\/wp\/v2\/comments?post=826"}],"version-history":[{"count":1,"href":"https:\/\/orthodoxalbania.org\/2020\/wp-json\/wp\/v2\/posts\/826\/revisions"}],"predecessor-version":[{"id":15746,"href":"https:\/\/orthodoxalbania.org\/2020\/wp-json\/wp\/v2\/posts\/826\/revisions\/15746"}],"wp:attachment":[{"href":"https:\/\/orthodoxalbania.org\/2020\/wp-json\/wp\/v2\/media?parent=826"}],"wp:term":[{"taxonomy":"category","embeddable":true,"href":"https:\/\/orthodoxalbania.org\/2020\/wp-json\/wp\/v2\/categories?post=826"},{"taxonomy":"post_tag","embeddable":true,"href":"https:\/\/orthodoxalbania.org\/2020\/wp-json\/wp\/v2\/tags?post=826"}],"curies":[{"name":"wp","href":"https:\/\/api.w.org\/{rel}","templated":true}]}}