{"id":824,"date":"2013-03-21T09:52:21","date_gmt":"2013-03-21T09:52:21","guid":{"rendered":""},"modified":"2020-04-06T22:32:02","modified_gmt":"2020-04-06T20:32:02","slug":"kremtohet-24-qershori-pervjetor-i-ringjalljes-dhe-i-garancise-per-te-ardhmen","status":"publish","type":"post","link":"https:\/\/orthodoxalbania.org\/2020\/2013\/03\/21\/kremtohet-24-qershori-pervjetor-i-ringjalljes-dhe-i-garancise-per-te-ardhmen\/","title":{"rendered":"Kremtohet 24 qershori (2011)"},"content":{"rendered":"<div id=\"yui_3_2_0_3_130958822466885\" style=\"text-align: center;\">\n\t<span style=\"color:#b22222;\"><strong><span style=\"font-family: tahoma,geneva,sans-serif;\"><span style=\"font-size: 12px;\">&#8211; P\u00ebrvjetor i ringjalljes dhe i garancis\u00eb p\u00ebr t\u00eb ardhmen &#8211;<\/span><\/span><\/strong><\/span><\/div>\n<div style=\"text-align: center;\">\n\t&nbsp;<\/div>\n<div style=\"text-align: justify;\">\n\t<span style=\"color:#000000;\"><span style=\"font-family: tahoma,geneva,sans-serif;\"><span style=\"font-size: 12px;\"><span class=\"style10\"><span class=\"style10\"><img decoding=\"async\" class=\"lazyload HAa Eha\" src=\"data:image\/gif;base64,R0lGODlhAQABAAAAACH5BAEKAAEALAAAAAABAAEAAAICTAEAOw==\" data-orig-src=\"https:\/\/lh4.googleusercontent.com\/-m17ctGGITqw\/VAGTP-fbR2I\/AAAAAAAACbg\/L5GsAwLcCDs\/w319-h480-no\/_DSC5677_319x480.JPG\" style=\"height: 226px; width: 150px; border-width: 1px; border-style: solid; margin: 10px; float: left;\" \/><\/span>&nbsp; &nbsp; N\u00eb dat\u00ebn 24 qershor, n\u00eb Kish\u00ebn \u201cUngjill\u00ebzimi i Hyjlind\u00ebses\u201d, n\u00eb Tiran\u00eb, u festua 19-vjetori i zgjedhjes s\u00eb Fortlumturis\u00eb s\u00eb Tij Anastasit n\u00eb krye t\u00eb Kish\u00ebs Orthodhokse Autoqefale t\u00eb Shqip\u00ebris\u00eb. N\u00eb k\u00ebt\u00eb dit\u00eb t\u00eb ve\u00e7ant\u00eb, u krye Liturgji Hyjnore panegjirike ku bashk\u00eb me t\u00eb gjith\u00eb an\u00ebtar\u00ebt e Sinodit merrnin pjes\u00eb edhe besimtar\u00eb t\u00eb ardhur nga qytete t\u00eb tjera t\u00eb vendit.<\/span><\/span><\/span><\/span><\/div>\n<div style=\"text-align: justify;\">\n\t&nbsp;<\/div>\n<div id=\"yui_3_2_0_3_130958822466885\" style=\"text-align: justify;\">\n\t<span style=\"color:#000000;\"><span style=\"font-family: tahoma,geneva,sans-serif;\"><span style=\"font-size: 12px;\"><span class=\"style10\"><img decoding=\"async\" class=\"lazyload HAa Eha\" src=\"data:image\/gif;base64,R0lGODlhAQABAAAAACH5BAEKAAEALAAAAAABAAEAAAICTAEAOw==\" data-orig-src=\"https:\/\/lh3.googleusercontent.com\/-8FdQcYEFkvQ\/VAGTP-sSIyI\/AAAAAAAACbc\/AnBPjxREm_I\/w640-h425-no\/_DSC5663_640x425.JPG\" style=\"height: 166px; width: 250px; border-width: 1px; border-style: solid; margin: 10px; float: right;\" \/><\/span><\/span><\/span><\/span><\/div>\n<div style=\"text-align: justify;\">\n\t<span style=\"color:#000000;\"><span style=\"font-family: tahoma,geneva,sans-serif;\"><span style=\"font-size: 12px;\"><span class=\"style10\">&nbsp;&nbsp; N\u00ebnt\u00ebmb\u00ebdhjet\u00eb vjet m\u00eb par\u00eb, duke njohur vlerat dhe kontributin e tij, besimtar\u00ebt orthodhoks\u00eb t\u00eb vendit ton\u00eb e vler\u00ebsonin se ai ishte personi i p\u00ebrshtatsh\u00ebm p\u00ebr ta ringjallur Kish\u00ebn ton\u00eb. Ky vler\u00ebsim iu shpreh Patriarkan\u00ebs Ekumenike n\u00eb mars t\u00eb vitit 1992, nga nj\u00eb delegacion i gjer\u00eb zyrtar kleriko-laik i Kish\u00ebs son\u00eb, q\u00eb b\u00ebri nj\u00eb vizit\u00eb pran\u00eb saj. M\u00eb pas, m\u00eb 30 maj 1992, K\u00ebshilli i P\u00ebrgjithsh\u00ebm i Kish\u00ebs Orthodhokse Autoqefale t\u00eb Shqip\u00ebris\u00eb i drejtohej me nj\u00ebk\u00ebrkes\u00eb zyrtare n\u00eb em\u00ebr t\u00eb besimtar\u00ebve orthodhoks\u00eb t\u00eb Shqip\u00ebris\u00eb, T\u00ebr\u00ebshenjt\u00ebris\u00eb s\u00eb Tij, Patriarkut Ekumenik, Vartholomeut. Sinodi i Shenjt\u00eb i Patriarkan\u00ebs Ekumenike, pasi shqyrtoi k\u00ebt\u00eb k\u00ebrkes\u00eb, duke pasur parasysh se nuk kishte mbetur i gjall\u00eb asnj\u00eb episkop me origjin\u00eb shqiptare, duke marr\u00eb n\u00eb konsiderat\u00eb pun\u00ebn e shk\u00eblqyer t\u00eb Imzot Anastasit, vendosi m\u00eb 24 qershor 1992 zgjedhjen e tij si&nbsp; Kryepiskop i Kish\u00ebs Orthodhokse Autoqefale t\u00eb Shqip\u00ebris\u00eb. Nuk ishte ky nj\u00eb fron i rehatsh\u00ebm, ishte nj\u00eb kryq i r\u00ebnd\u00eb, t\u00eb cilin Fortlumturia e Tij e ngriti me guxim e vet\u00ebmohim dhe arriti t\u00eb realizoj\u00eb at\u00eb mrekulli q\u00eb jetojm\u00eb t\u00eb gjith\u00eb ne sot.<\/span><\/span><\/span><\/span><\/div>\n<div style=\"text-align: justify;\">\n\t&nbsp;<\/div>\n<div class=\"style10\" style=\"text-align: right;\">\n\t<span style=\"color:#000000;\"><span style=\"font-family: tahoma,geneva,sans-serif;\"><span style=\"font-size: 12px;\"><strong>Thoma Dhima<\/strong><\/span><\/span><\/span><\/div>\n","protected":false},"excerpt":{"rendered":"<p>&#8211; P\u00ebrvjetor i ringjalljes dhe i garancis\u00eb p\u00ebr t\u00eb ardhmen &#8211; &nbsp; &nbsp; &nbsp; N\u00eb dat\u00ebn 24 qershor, n\u00eb Kish\u00ebn \u201cUngjill\u00ebzimi i Hyjlind\u00ebses\u201d, n\u00eb Tiran\u00eb, u festua 19-vjetori i zgjedhjes s\u00eb Fortlumturis\u00eb s\u00eb Tij Anastasit n\u00eb krye t\u00eb Kish\u00ebs Orthodhokse Autoqefale t\u00eb Shqip\u00ebris\u00eb. N\u00eb k\u00ebt\u00eb dit\u00eb t\u00eb ve\u00e7ant\u00eb, u krye Liturgji Hyjnore panegjirike ku bashk\u00eb me t\u00eb gjith\u00eb an\u00ebtar\u00ebt e Sinodit merrnin pjes\u00eb edhe besimtar\u00eb<\/p>\n","protected":false},"author":1,"featured_media":0,"comment_status":"open","ping_status":"open","sticky":false,"template":"","format":"standard","meta":{"_acf_changed":false,"pagelayer_contact_templates":[],"_pagelayer_content":"","inline_featured_image":false,"fifu_image_url":"","fifu_image_alt":"","footnotes":""},"categories":[108],"tags":[143,157,196,201,212],"class_list":["post-824","post","type-post","status-publish","format-standard","hentry","category-lajme","tag-143","tag-kremtime","tag-tirane","tag-kryepiskopi-anastas","tag-lajme-d27"],"acf":[],"yoast_head":"<!-- This site is optimized with the Yoast SEO plugin v27.2 - https:\/\/yoast.com\/product\/yoast-seo-wordpress\/ -->\n<title>Kremtohet 24 qershori (2011) - Kisha Orthodh\u03bfkse Autoqefale e Shqip\u00ebris\u00eb<\/title>\n<meta name=\"robots\" content=\"index, follow, max-snippet:-1, max-image-preview:large, max-video-preview:-1\" \/>\n<link rel=\"canonical\" href=\"https:\/\/orthodoxalbania.org\/2020\/2013\/03\/21\/kremtohet-24-qershori-pervjetor-i-ringjalljes-dhe-i-garancise-per-te-ardhmen\/\" \/>\n<meta property=\"og:locale\" content=\"en_US\" \/>\n<meta property=\"og:type\" content=\"article\" \/>\n<meta property=\"og:title\" content=\"Kremtohet 24 qershori (2011) - Kisha Orthodh\u03bfkse Autoqefale e Shqip\u00ebris\u00eb\" \/>\n<meta property=\"og:description\" content=\"&#8211; P\u00ebrvjetor i ringjalljes dhe i garancis\u00eb p\u00ebr t\u00eb ardhmen &#8211; &nbsp; &nbsp; &nbsp; N\u00eb dat\u00ebn 24 qershor, n\u00eb Kish\u00ebn \u201cUngjill\u00ebzimi i Hyjlind\u00ebses\u201d, n\u00eb Tiran\u00eb, u festua 19-vjetori i zgjedhjes s\u00eb Fortlumturis\u00eb s\u00eb Tij Anastasit n\u00eb krye t\u00eb Kish\u00ebs Orthodhokse Autoqefale t\u00eb Shqip\u00ebris\u00eb. N\u00eb k\u00ebt\u00eb dit\u00eb t\u00eb ve\u00e7ant\u00eb, u krye Liturgji Hyjnore panegjirike ku bashk\u00eb me t\u00eb gjith\u00eb an\u00ebtar\u00ebt e Sinodit merrnin pjes\u00eb edhe besimtar\u00eb\" \/>\n<meta property=\"og:url\" content=\"https:\/\/orthodoxalbania.org\/2020\/2013\/03\/21\/kremtohet-24-qershori-pervjetor-i-ringjalljes-dhe-i-garancise-per-te-ardhmen\/\" \/>\n<meta property=\"og:site_name\" content=\"Kisha Orthodh\u03bfkse Autoqefale e Shqip\u00ebris\u00eb\" \/>\n<meta property=\"article:publisher\" content=\"https:\/\/www.facebook.com\/koash1991\" \/>\n<meta property=\"article:published_time\" content=\"2013-03-21T09:52:21+00:00\" \/>\n<meta property=\"article:modified_time\" content=\"2020-04-06T20:32:02+00:00\" \/>\n<meta property=\"og:image\" content=\"https:\/\/lh4.googleusercontent.com\/-m17ctGGITqw\/VAGTP-fbR2I\/AAAAAAAACbg\/L5GsAwLcCDs\/w319-h480-no\/_DSC5677_319x480.JPG\" \/>\n<meta name=\"author\" content=\"Kisha Orthodhokse\" \/>\n<meta name=\"twitter:card\" content=\"summary_large_image\" \/>\n<meta name=\"twitter:label1\" content=\"Written by\" \/>\n\t<meta name=\"twitter:data1\" content=\"Kisha Orthodhokse\" \/>\n\t<meta name=\"twitter:label2\" content=\"Est. reading time\" \/>\n\t<meta name=\"twitter:data2\" content=\"1 minute\" \/>\n<script type=\"application\/ld+json\" class=\"yoast-schema-graph\">{\"@context\":\"https:\/\/schema.org\",\"@graph\":[{\"@type\":\"Article\",\"@id\":\"https:\/\/orthodoxalbania.org\/2020\/2013\/03\/21\/kremtohet-24-qershori-pervjetor-i-ringjalljes-dhe-i-garancise-per-te-ardhmen\/#article\",\"isPartOf\":{\"@id\":\"https:\/\/orthodoxalbania.org\/2020\/2013\/03\/21\/kremtohet-24-qershori-pervjetor-i-ringjalljes-dhe-i-garancise-per-te-ardhmen\/\"},\"author\":{\"name\":\"Kisha Orthodhokse\",\"@id\":\"https:\/\/orthodoxalbania.org\/2020\/#\/schema\/person\/0c387634a7063ac612d7ed9ce71c7e86\"},\"headline\":\"Kremtohet 24 qershori (2011)\",\"datePublished\":\"2013-03-21T09:52:21+00:00\",\"dateModified\":\"2020-04-06T20:32:02+00:00\",\"mainEntityOfPage\":{\"@id\":\"https:\/\/orthodoxalbania.org\/2020\/2013\/03\/21\/kremtohet-24-qershori-pervjetor-i-ringjalljes-dhe-i-garancise-per-te-ardhmen\/\"},\"wordCount\":298,\"commentCount\":0,\"publisher\":{\"@id\":\"https:\/\/orthodoxalbania.org\/2020\/#organization\"},\"image\":{\"@id\":\"https:\/\/orthodoxalbania.org\/2020\/2013\/03\/21\/kremtohet-24-qershori-pervjetor-i-ringjalljes-dhe-i-garancise-per-te-ardhmen\/#primaryimage\"},\"thumbnailUrl\":\"https:\/\/lh4.googleusercontent.com\/-m17ctGGITqw\/VAGTP-fbR2I\/AAAAAAAACbg\/L5GsAwLcCDs\/w319-h480-no\/_DSC5677_319x480.JPG\",\"keywords\":[\"2011\",\"Kremtime\",\"Kryepiskopata Tiran\u00eb\",\"Kryepiskopi Anastas\",\"lajme\"],\"articleSection\":[\"Lajme\"],\"inLanguage\":\"en-US\"},{\"@type\":\"WebPage\",\"@id\":\"https:\/\/orthodoxalbania.org\/2020\/2013\/03\/21\/kremtohet-24-qershori-pervjetor-i-ringjalljes-dhe-i-garancise-per-te-ardhmen\/\",\"url\":\"https:\/\/orthodoxalbania.org\/2020\/2013\/03\/21\/kremtohet-24-qershori-pervjetor-i-ringjalljes-dhe-i-garancise-per-te-ardhmen\/\",\"name\":\"Kremtohet 24 qershori (2011) - Kisha Orthodh\u03bfkse Autoqefale e Shqip\u00ebris\u00eb\",\"isPartOf\":{\"@id\":\"https:\/\/orthodoxalbania.org\/2020\/#website\"},\"primaryImageOfPage\":{\"@id\":\"https:\/\/orthodoxalbania.org\/2020\/2013\/03\/21\/kremtohet-24-qershori-pervjetor-i-ringjalljes-dhe-i-garancise-per-te-ardhmen\/#primaryimage\"},\"image\":{\"@id\":\"https:\/\/orthodoxalbania.org\/2020\/2013\/03\/21\/kremtohet-24-qershori-pervjetor-i-ringjalljes-dhe-i-garancise-per-te-ardhmen\/#primaryimage\"},\"thumbnailUrl\":\"https:\/\/lh4.googleusercontent.com\/-m17ctGGITqw\/VAGTP-fbR2I\/AAAAAAAACbg\/L5GsAwLcCDs\/w319-h480-no\/_DSC5677_319x480.JPG\",\"datePublished\":\"2013-03-21T09:52:21+00:00\",\"dateModified\":\"2020-04-06T20:32:02+00:00\",\"breadcrumb\":{\"@id\":\"https:\/\/orthodoxalbania.org\/2020\/2013\/03\/21\/kremtohet-24-qershori-pervjetor-i-ringjalljes-dhe-i-garancise-per-te-ardhmen\/#breadcrumb\"},\"inLanguage\":\"en-US\",\"potentialAction\":[{\"@type\":\"ReadAction\",\"target\":[\"https:\/\/orthodoxalbania.org\/2020\/2013\/03\/21\/kremtohet-24-qershori-pervjetor-i-ringjalljes-dhe-i-garancise-per-te-ardhmen\/\"]}]},{\"@type\":\"ImageObject\",\"inLanguage\":\"en-US\",\"@id\":\"https:\/\/orthodoxalbania.org\/2020\/2013\/03\/21\/kremtohet-24-qershori-pervjetor-i-ringjalljes-dhe-i-garancise-per-te-ardhmen\/#primaryimage\",\"url\":\"https:\/\/lh4.googleusercontent.com\/-m17ctGGITqw\/VAGTP-fbR2I\/AAAAAAAACbg\/L5GsAwLcCDs\/w319-h480-no\/_DSC5677_319x480.JPG\",\"contentUrl\":\"https:\/\/lh4.googleusercontent.com\/-m17ctGGITqw\/VAGTP-fbR2I\/AAAAAAAACbg\/L5GsAwLcCDs\/w319-h480-no\/_DSC5677_319x480.JPG\"},{\"@type\":\"BreadcrumbList\",\"@id\":\"https:\/\/orthodoxalbania.org\/2020\/2013\/03\/21\/kremtohet-24-qershori-pervjetor-i-ringjalljes-dhe-i-garancise-per-te-ardhmen\/#breadcrumb\",\"itemListElement\":[{\"@type\":\"ListItem\",\"position\":1,\"name\":\"Home\",\"item\":\"https:\/\/orthodoxalbania.org\/2020\/\"},{\"@type\":\"ListItem\",\"position\":2,\"name\":\"Kremtohet 24 qershori (2011)\"}]},{\"@type\":\"WebSite\",\"@id\":\"https:\/\/orthodoxalbania.org\/2020\/#website\",\"url\":\"https:\/\/orthodoxalbania.org\/2020\/\",\"name\":\"Kisha Orthodh\u03bfkse Autoqefale e Shqip\u00ebris\u00eb\",\"description\":\"Fqja Zyrtare e Kish\u00ebs Orthodhokse Autoqefale e Shqip\u00ebris\u00eb me lajmet edhe informacionet zyrtare p\u00ebr struktur\u00ebn edhe veprimtarin e saj.\",\"publisher\":{\"@id\":\"https:\/\/orthodoxalbania.org\/2020\/#organization\"},\"potentialAction\":[{\"@type\":\"SearchAction\",\"target\":{\"@type\":\"EntryPoint\",\"urlTemplate\":\"https:\/\/orthodoxalbania.org\/2020\/?s={search_term_string}\"},\"query-input\":{\"@type\":\"PropertyValueSpecification\",\"valueRequired\":true,\"valueName\":\"search_term_string\"}}],\"inLanguage\":\"en-US\"},{\"@type\":\"Organization\",\"@id\":\"https:\/\/orthodoxalbania.org\/2020\/#organization\",\"name\":\"Kisha Orthodhokse Autoqefale e Shqip\u00ebris\u00eb\",\"url\":\"https:\/\/orthodoxalbania.org\/2020\/\",\"logo\":{\"@type\":\"ImageObject\",\"inLanguage\":\"en-US\",\"@id\":\"https:\/\/orthodoxalbania.org\/2020\/#\/schema\/logo\/image\/\",\"url\":\"https:\/\/orthodoxalbania.org\/2020\/wp-content\/uploads\/2020\/05\/albania.jpeg\",\"contentUrl\":\"https:\/\/orthodoxalbania.org\/2020\/wp-content\/uploads\/2020\/05\/albania.jpeg\",\"width\":540,\"height\":540,\"caption\":\"Kisha Orthodhokse Autoqefale e Shqip\u00ebris\u00eb\"},\"image\":{\"@id\":\"https:\/\/orthodoxalbania.org\/2020\/#\/schema\/logo\/image\/\"},\"sameAs\":[\"https:\/\/www.facebook.com\/koash1991\"]},{\"@type\":\"Person\",\"@id\":\"https:\/\/orthodoxalbania.org\/2020\/#\/schema\/person\/0c387634a7063ac612d7ed9ce71c7e86\",\"name\":\"Kisha Orthodhokse\",\"image\":{\"@type\":\"ImageObject\",\"inLanguage\":\"en-US\",\"@id\":\"https:\/\/secure.gravatar.com\/avatar\/596e7c417251e30f2fbb9c00e026fce61a695a00e51c889caded71c96cbbdde5?s=96&d=mm&r=g\",\"url\":\"https:\/\/secure.gravatar.com\/avatar\/596e7c417251e30f2fbb9c00e026fce61a695a00e51c889caded71c96cbbdde5?s=96&d=mm&r=g\",\"contentUrl\":\"https:\/\/secure.gravatar.com\/avatar\/596e7c417251e30f2fbb9c00e026fce61a695a00e51c889caded71c96cbbdde5?s=96&d=mm&r=g\",\"caption\":\"Kisha Orthodhokse\"}}]}<\/script>\n<!-- \/ Yoast SEO plugin. -->","yoast_head_json":{"title":"Kremtohet 24 qershori (2011) - Kisha Orthodh\u03bfkse Autoqefale e Shqip\u00ebris\u00eb","robots":{"index":"index","follow":"follow","max-snippet":"max-snippet:-1","max-image-preview":"max-image-preview:large","max-video-preview":"max-video-preview:-1"},"canonical":"https:\/\/orthodoxalbania.org\/2020\/2013\/03\/21\/kremtohet-24-qershori-pervjetor-i-ringjalljes-dhe-i-garancise-per-te-ardhmen\/","og_locale":"en_US","og_type":"article","og_title":"Kremtohet 24 qershori (2011) - Kisha Orthodh\u03bfkse Autoqefale e Shqip\u00ebris\u00eb","og_description":"&#8211; P\u00ebrvjetor i ringjalljes dhe i garancis\u00eb p\u00ebr t\u00eb ardhmen &#8211; &nbsp; &nbsp; &nbsp; N\u00eb dat\u00ebn 24 qershor, n\u00eb Kish\u00ebn \u201cUngjill\u00ebzimi i Hyjlind\u00ebses\u201d, n\u00eb Tiran\u00eb, u festua 19-vjetori i zgjedhjes s\u00eb Fortlumturis\u00eb s\u00eb Tij Anastasit n\u00eb krye t\u00eb Kish\u00ebs Orthodhokse Autoqefale t\u00eb Shqip\u00ebris\u00eb. N\u00eb k\u00ebt\u00eb dit\u00eb t\u00eb ve\u00e7ant\u00eb, u krye Liturgji Hyjnore panegjirike ku bashk\u00eb me t\u00eb gjith\u00eb an\u00ebtar\u00ebt e Sinodit merrnin pjes\u00eb edhe besimtar\u00eb","og_url":"https:\/\/orthodoxalbania.org\/2020\/2013\/03\/21\/kremtohet-24-qershori-pervjetor-i-ringjalljes-dhe-i-garancise-per-te-ardhmen\/","og_site_name":"Kisha Orthodh\u03bfkse Autoqefale e Shqip\u00ebris\u00eb","article_publisher":"https:\/\/www.facebook.com\/koash1991","article_published_time":"2013-03-21T09:52:21+00:00","article_modified_time":"2020-04-06T20:32:02+00:00","og_image":[{"url":"https:\/\/lh4.googleusercontent.com\/-m17ctGGITqw\/VAGTP-fbR2I\/AAAAAAAACbg\/L5GsAwLcCDs\/w319-h480-no\/_DSC5677_319x480.JPG","type":"","width":"","height":""}],"author":"Kisha Orthodhokse","twitter_card":"summary_large_image","twitter_misc":{"Written by":"Kisha Orthodhokse","Est. reading time":"1 minute"},"schema":{"@context":"https:\/\/schema.org","@graph":[{"@type":"Article","@id":"https:\/\/orthodoxalbania.org\/2020\/2013\/03\/21\/kremtohet-24-qershori-pervjetor-i-ringjalljes-dhe-i-garancise-per-te-ardhmen\/#article","isPartOf":{"@id":"https:\/\/orthodoxalbania.org\/2020\/2013\/03\/21\/kremtohet-24-qershori-pervjetor-i-ringjalljes-dhe-i-garancise-per-te-ardhmen\/"},"author":{"name":"Kisha Orthodhokse","@id":"https:\/\/orthodoxalbania.org\/2020\/#\/schema\/person\/0c387634a7063ac612d7ed9ce71c7e86"},"headline":"Kremtohet 24 qershori (2011)","datePublished":"2013-03-21T09:52:21+00:00","dateModified":"2020-04-06T20:32:02+00:00","mainEntityOfPage":{"@id":"https:\/\/orthodoxalbania.org\/2020\/2013\/03\/21\/kremtohet-24-qershori-pervjetor-i-ringjalljes-dhe-i-garancise-per-te-ardhmen\/"},"wordCount":298,"commentCount":0,"publisher":{"@id":"https:\/\/orthodoxalbania.org\/2020\/#organization"},"image":{"@id":"https:\/\/orthodoxalbania.org\/2020\/2013\/03\/21\/kremtohet-24-qershori-pervjetor-i-ringjalljes-dhe-i-garancise-per-te-ardhmen\/#primaryimage"},"thumbnailUrl":"https:\/\/lh4.googleusercontent.com\/-m17ctGGITqw\/VAGTP-fbR2I\/AAAAAAAACbg\/L5GsAwLcCDs\/w319-h480-no\/_DSC5677_319x480.JPG","keywords":["2011","Kremtime","Kryepiskopata Tiran\u00eb","Kryepiskopi Anastas","lajme"],"articleSection":["Lajme"],"inLanguage":"en-US"},{"@type":"WebPage","@id":"https:\/\/orthodoxalbania.org\/2020\/2013\/03\/21\/kremtohet-24-qershori-pervjetor-i-ringjalljes-dhe-i-garancise-per-te-ardhmen\/","url":"https:\/\/orthodoxalbania.org\/2020\/2013\/03\/21\/kremtohet-24-qershori-pervjetor-i-ringjalljes-dhe-i-garancise-per-te-ardhmen\/","name":"Kremtohet 24 qershori (2011) - Kisha Orthodh\u03bfkse Autoqefale e Shqip\u00ebris\u00eb","isPartOf":{"@id":"https:\/\/orthodoxalbania.org\/2020\/#website"},"primaryImageOfPage":{"@id":"https:\/\/orthodoxalbania.org\/2020\/2013\/03\/21\/kremtohet-24-qershori-pervjetor-i-ringjalljes-dhe-i-garancise-per-te-ardhmen\/#primaryimage"},"image":{"@id":"https:\/\/orthodoxalbania.org\/2020\/2013\/03\/21\/kremtohet-24-qershori-pervjetor-i-ringjalljes-dhe-i-garancise-per-te-ardhmen\/#primaryimage"},"thumbnailUrl":"https:\/\/lh4.googleusercontent.com\/-m17ctGGITqw\/VAGTP-fbR2I\/AAAAAAAACbg\/L5GsAwLcCDs\/w319-h480-no\/_DSC5677_319x480.JPG","datePublished":"2013-03-21T09:52:21+00:00","dateModified":"2020-04-06T20:32:02+00:00","breadcrumb":{"@id":"https:\/\/orthodoxalbania.org\/2020\/2013\/03\/21\/kremtohet-24-qershori-pervjetor-i-ringjalljes-dhe-i-garancise-per-te-ardhmen\/#breadcrumb"},"inLanguage":"en-US","potentialAction":[{"@type":"ReadAction","target":["https:\/\/orthodoxalbania.org\/2020\/2013\/03\/21\/kremtohet-24-qershori-pervjetor-i-ringjalljes-dhe-i-garancise-per-te-ardhmen\/"]}]},{"@type":"ImageObject","inLanguage":"en-US","@id":"https:\/\/orthodoxalbania.org\/2020\/2013\/03\/21\/kremtohet-24-qershori-pervjetor-i-ringjalljes-dhe-i-garancise-per-te-ardhmen\/#primaryimage","url":"https:\/\/lh4.googleusercontent.com\/-m17ctGGITqw\/VAGTP-fbR2I\/AAAAAAAACbg\/L5GsAwLcCDs\/w319-h480-no\/_DSC5677_319x480.JPG","contentUrl":"https:\/\/lh4.googleusercontent.com\/-m17ctGGITqw\/VAGTP-fbR2I\/AAAAAAAACbg\/L5GsAwLcCDs\/w319-h480-no\/_DSC5677_319x480.JPG"},{"@type":"BreadcrumbList","@id":"https:\/\/orthodoxalbania.org\/2020\/2013\/03\/21\/kremtohet-24-qershori-pervjetor-i-ringjalljes-dhe-i-garancise-per-te-ardhmen\/#breadcrumb","itemListElement":[{"@type":"ListItem","position":1,"name":"Home","item":"https:\/\/orthodoxalbania.org\/2020\/"},{"@type":"ListItem","position":2,"name":"Kremtohet 24 qershori (2011)"}]},{"@type":"WebSite","@id":"https:\/\/orthodoxalbania.org\/2020\/#website","url":"https:\/\/orthodoxalbania.org\/2020\/","name":"Kisha Orthodh\u03bfkse Autoqefale e Shqip\u00ebris\u00eb","description":"Fqja Zyrtare e Kish\u00ebs Orthodhokse Autoqefale e Shqip\u00ebris\u00eb me lajmet edhe informacionet zyrtare p\u00ebr struktur\u00ebn edhe veprimtarin e saj.","publisher":{"@id":"https:\/\/orthodoxalbania.org\/2020\/#organization"},"potentialAction":[{"@type":"SearchAction","target":{"@type":"EntryPoint","urlTemplate":"https:\/\/orthodoxalbania.org\/2020\/?s={search_term_string}"},"query-input":{"@type":"PropertyValueSpecification","valueRequired":true,"valueName":"search_term_string"}}],"inLanguage":"en-US"},{"@type":"Organization","@id":"https:\/\/orthodoxalbania.org\/2020\/#organization","name":"Kisha Orthodhokse Autoqefale e Shqip\u00ebris\u00eb","url":"https:\/\/orthodoxalbania.org\/2020\/","logo":{"@type":"ImageObject","inLanguage":"en-US","@id":"https:\/\/orthodoxalbania.org\/2020\/#\/schema\/logo\/image\/","url":"https:\/\/orthodoxalbania.org\/2020\/wp-content\/uploads\/2020\/05\/albania.jpeg","contentUrl":"https:\/\/orthodoxalbania.org\/2020\/wp-content\/uploads\/2020\/05\/albania.jpeg","width":540,"height":540,"caption":"Kisha Orthodhokse Autoqefale e Shqip\u00ebris\u00eb"},"image":{"@id":"https:\/\/orthodoxalbania.org\/2020\/#\/schema\/logo\/image\/"},"sameAs":["https:\/\/www.facebook.com\/koash1991"]},{"@type":"Person","@id":"https:\/\/orthodoxalbania.org\/2020\/#\/schema\/person\/0c387634a7063ac612d7ed9ce71c7e86","name":"Kisha Orthodhokse","image":{"@type":"ImageObject","inLanguage":"en-US","@id":"https:\/\/secure.gravatar.com\/avatar\/596e7c417251e30f2fbb9c00e026fce61a695a00e51c889caded71c96cbbdde5?s=96&d=mm&r=g","url":"https:\/\/secure.gravatar.com\/avatar\/596e7c417251e30f2fbb9c00e026fce61a695a00e51c889caded71c96cbbdde5?s=96&d=mm&r=g","contentUrl":"https:\/\/secure.gravatar.com\/avatar\/596e7c417251e30f2fbb9c00e026fce61a695a00e51c889caded71c96cbbdde5?s=96&d=mm&r=g","caption":"Kisha Orthodhokse"}}]}},"_links":{"self":[{"href":"https:\/\/orthodoxalbania.org\/2020\/wp-json\/wp\/v2\/posts\/824","targetHints":{"allow":["GET"]}}],"collection":[{"href":"https:\/\/orthodoxalbania.org\/2020\/wp-json\/wp\/v2\/posts"}],"about":[{"href":"https:\/\/orthodoxalbania.org\/2020\/wp-json\/wp\/v2\/types\/post"}],"author":[{"embeddable":true,"href":"https:\/\/orthodoxalbania.org\/2020\/wp-json\/wp\/v2\/users\/1"}],"replies":[{"embeddable":true,"href":"https:\/\/orthodoxalbania.org\/2020\/wp-json\/wp\/v2\/comments?post=824"}],"version-history":[{"count":1,"href":"https:\/\/orthodoxalbania.org\/2020\/wp-json\/wp\/v2\/posts\/824\/revisions"}],"predecessor-version":[{"id":15380,"href":"https:\/\/orthodoxalbania.org\/2020\/wp-json\/wp\/v2\/posts\/824\/revisions\/15380"}],"wp:attachment":[{"href":"https:\/\/orthodoxalbania.org\/2020\/wp-json\/wp\/v2\/media?parent=824"}],"wp:term":[{"taxonomy":"category","embeddable":true,"href":"https:\/\/orthodoxalbania.org\/2020\/wp-json\/wp\/v2\/categories?post=824"},{"taxonomy":"post_tag","embeddable":true,"href":"https:\/\/orthodoxalbania.org\/2020\/wp-json\/wp\/v2\/tags?post=824"}],"curies":[{"name":"wp","href":"https:\/\/api.w.org\/{rel}","templated":true}]}}