{"id":822,"date":"2013-03-21T12:12:14","date_gmt":"2013-03-21T12:12:14","guid":{"rendered":""},"modified":"2020-04-06T22:06:00","modified_gmt":"2020-04-06T20:06:00","slug":"kremtohet-20-vjetori-i-fronezimit-te-kryepiskopit-anastas","status":"publish","type":"post","link":"https:\/\/orthodoxalbania.org\/2020\/2013\/03\/21\/kremtohet-20-vjetori-i-fronezimit-te-kryepiskopit-anastas\/","title":{"rendered":"Kremtohet 20 vjetori i Fron\u00ebzimit t\u00eb Kryepiskopit Anastas. (2 Gusht 2012)"},"content":{"rendered":"<div style=\"text-align: center;\">\n\t<span style=\"color:#b22222;\"><span style=\"font-family: tahoma,geneva,sans-serif;\"><span style=\"font-size: 12px;\"><strong>&#8211; Tjet\u00ebr p\u00ebrvjetor historik p\u00ebr Kish\u00ebn Orthodhokse Autoqefale t\u00eb Shqip\u00ebris\u00eb &#8211;<\/strong><\/span><\/span><\/span><\/div>\n<div style=\"text-align: justify;\">\n<p>\t<span style=\"font-family:tahoma,geneva,sans-serif;\"><span style=\"color: rgb(0, 0, 0);\"><span style=\"font-size: 12px;\"><img class=\"lazyload\" decoding=\"async\" src=\"data:image\/gif;base64,R0lGODlhAQABAAAAACH5BAEKAAEALAAAAAABAAEAAAICTAEAOw==\" data-orig-src=\"https:\/\/lh4.googleusercontent.com\/-xueup6BceuU\/UBzk_b3G1OI\/AAAAAAAAAuk\/AnyamGJmUcI\/s640\/DSC_4681a.JPG\" style=\"width: 300px; height: 201px; border-width: 1px; border-style: solid; margin: 10px; float: left;\" \/>&nbsp;&nbsp;&nbsp; M\u00eb 2 gusht, n\u00eb katedralen e re &#8220;Ngjallja e Krishtit&#8221;, n\u00eb kryeqytet, u kremtua 20-vjetori i Fron\u00ebzimit t\u00eb Fortlumturis\u00eb s\u00eb Tij, Kryepiskopit Anastas, nj\u00eb nga \u00e7astet m\u00eb dometh\u00ebn\u00ebse n\u00eb rrug\u00ebn e ringritjes kanonike t\u00eb Kish\u00ebs Orthodhokse pas regjimit ateist. Ky kremtim vinte pas atij madh\u00ebshtor t\u00eb 24-qershorit, n\u00eb dit\u00ebn e 20-vjetorit t\u00eb zgjedhjes s\u00eb Fortlumturis\u00eb s\u00eb Tij Anastasit, q\u00eb ishte dhe dita kur niste ringritja kanonike e Kish\u00ebs son\u00eb.Me k\u00ebt\u00eb rast u krye nga Kryepiskopi Anastas Liturgjia Hyjnore festive, s\u00eb bashku m\u00eb t\u00eb gjith\u00eb an\u00ebtar\u00ebt e Sinodit t\u00eb Shenjt\u00eb t\u00eb Kish\u00ebs son\u00eb dhe klerik\u00eb t\u00eb shumt\u00eb. Liturgjia u ndoq nga besimtar\u00eb nga Tirana dhe nga i gjith\u00eb vendi, t\u00eb ardhur p\u00ebr t\u00eb festuar s\u00eb bashku n\u00eb k\u00ebt\u00eb dit\u00eb t\u00eb sh\u00ebnuar.<\/span><\/span><\/span><\/div>\n<div style=\"text-align: justify;\">\n\t<br \/>\n\t<span style=\"font-family:tahoma,geneva,sans-serif;\"><span style=\"color: rgb(0, 0, 0);\"><span style=\"font-size: 12px;\">&nbsp;&nbsp;&nbsp; N\u00eb fund t\u00eb Liturgjis\u00eb hyjnore, Kryepiskopin e&nbsp; p\u00ebrsh\u00ebndet\u00ebn edhe Mitropoliti i Beratit, Hir\u00ebsia e Tij Ignati, i cili e vuri theksin n\u00eb misionarizmin e Fortlumturis\u00eb s\u00eb Tij dhe shembullin q\u00eb jep ai p\u00ebr mbar\u00eb orthodhoks\u00ebt. Nd\u00ebrsa Mitropoliti i Kor\u00e7\u00ebs, Hir\u00ebsia e Tij Joani, shprehu fal\u00ebnderimin e tij p\u00ebr vepr\u00ebn e madhe t\u00eb Kish\u00ebs dhe Kryepiskopit Anastas n\u00eb kontributin e gjithansh\u00ebm p\u00ebr zhvillimin e Kish\u00ebs dhe mbar\u00eb shoq\u00ebris\u00eb shqiptare.<\/span><\/span><\/span><\/div>\n<div style=\"text-align: justify;\">\n\t<br \/>\n\t<span style=\"font-family:tahoma,geneva,sans-serif;\"><span style=\"color: rgb(0, 0, 0);\"><span style=\"font-size: 12px;\">&nbsp;&nbsp;&nbsp;&nbsp; N\u00eb Liturgji mor\u00ebn pjes\u00eb edhe disa miq klerik\u00eb nga t\u00eb lart\u00eb nga Mali i zi, t\u00eb cil\u00ebt shpreh\u00ebn dhe ata urimet m\u00eb t\u00eb mira dhe ndjesin\u00eb e mrekullis\u00eb q\u00eb p\u00ebrjetohet kur shikohet \u00e7far\u00eb \u00ebsht\u00eb arritur n\u00eb k\u00ebta 20 vjet ringritjeje nga g\u00ebrmadhat.<\/span><\/span><\/span><\/div>\n<div style=\"text-align: justify;\">\n\t<br \/>\n\t<span style=\"font-family:tahoma,geneva,sans-serif;\"><span style=\"color: rgb(0, 0, 0);\"><span style=\"font-size: 12px;\">&nbsp; &nbsp;&nbsp; Edhe Kryepiskopi Anastas fal\u00ebnderoi p\u00ebr vler\u00ebsimet dhe p\u00ebrcolli urimin e tij, duke theksuar se n\u00eb k\u00ebta 20 vjet shikohet nj\u00eb prani e ndjeshme e Kish\u00ebs Orthodhokse n\u00eb zhvillimin e shoq\u00ebris\u00eb. \u201c&#8230;Zoti i shpres\u00ebs le t\u00eb na mbush\u00eb t\u00eb gjith\u00eb me g\u00ebzim dhe dashuri&#8230;\u201d- uroi gjat\u00eb fjal\u00ebs s\u00eb tij Kryepiskopi Anastas. Ky festim thekson krenarin\u00eb dhe vler\u00ebsimin p\u00ebr figur\u00ebn drejtuese t\u00eb Kish\u00ebs me frym\u00ebn e tij t\u00eb paqes, mir\u00ebkuptimit, t\u00eb men\u00e7uris\u00eb dhe respektit p\u00ebr \u00e7do qenie njer\u00ebzore. Ai e ka udh\u00ebhequr Kish\u00ebn n\u00eb koh\u00eb paqeje dhe n\u00eb koh\u00eb trazirash, gjithmon\u00eb me men\u00e7uri dhe urt\u00ebsi, aq sa Kisha Orthodhokse \u00ebsht\u00eb nj\u00eb faktor i r\u00ebnd\u00ebsish\u00ebm zhvillimi n\u00eb jet\u00ebn shoq\u00ebrore t\u00eb Shqip\u00ebris\u00eb.<\/span><\/span><\/span><\/div>\n<div style=\"text-align: justify;\">\n\t&nbsp;<\/div>\n<div style=\"text-align: justify;\">\n\t&nbsp;<\/div>\n<div>\n\t<span style=\"font-family:tahoma,geneva,sans-serif;\"><span style=\"color: rgb(0, 0, 0);\"><span style=\"font-size: 12px;\"><img class=\"lazyload\" decoding=\"async\" src=\"data:image\/gif;base64,R0lGODlhAQABAAAAACH5BAEKAAEALAAAAAABAAEAAAICTAEAOw==\" data-orig-src=\"https:\/\/lh6.googleusercontent.com\/-ws9_mfMgPok\/UBzlAh3jYRI\/AAAAAAAAAuo\/kgTsNZAtN1A\/s640\/DSC_4682a.JPG\" style=\"width: 600px; height: 401px; border-width: 1px; border-style: solid; margin: 10px; float: left;\" \/><\/span><\/span><\/span><\/p>\n<p>\t&nbsp;<\/p><\/div>\n<div>\n\t&nbsp;<\/div>\n<div>\n\t&nbsp;<\/div>\n<div>\n\t&nbsp;<\/div>\n<div>\n\t&nbsp;<\/div>\n<div>\n\t&nbsp;<\/div>\n<div>\n\t&nbsp;<\/div>\n<div>\n\t&nbsp;<\/div>\n<div>\n\t&nbsp;<\/div>\n<div>\n\t&nbsp;<\/div>\n<div>\n\t<span style=\"font-family:tahoma,geneva,sans-serif;\"><span style=\"color: rgb(0, 0, 0);\"><span style=\"font-size: 12px;\"><img class=\"lazyload\" decoding=\"async\" src=\"data:image\/gif;base64,R0lGODlhAQABAAAAACH5BAEKAAEALAAAAAABAAEAAAICTAEAOw==\" data-orig-src=\"https:\/\/lh5.googleusercontent.com\/-eRDntr8wx9Y\/UBzjbVcHE_I\/AAAAAAAAAt0\/E004WbfkoKU\/s640\/DSC_4660aa.jpg\" style=\"width: 600px; height: 401px; border-width: 1px; border-style: solid; margin: 10px; float: left;\" \/><\/span><\/span><\/span><\/div>\n<div>\n\t<span style=\"font-family:tahoma,geneva,sans-serif;\"><span style=\"color: rgb(0, 0, 0);\"><span style=\"font-size: 12px;\"><img class=\"lazyload\" decoding=\"async\" src=\"data:image\/gif;base64,R0lGODlhAQABAAAAACH5BAEKAAEALAAAAAABAAEAAAICTAEAOw==\" data-orig-src=\"https:\/\/lh6.googleusercontent.com\/-UWo2XX5FF94\/UBzkcpe3hCI\/AAAAAAAAAuQ\/tRM8VgX-dzM\/s640\/DSC_4673a.jpg\" style=\"width: 600px; height: 401px; border-width: 1px; border-style: solid; margin: 10px; float: left;\" \/><\/span><\/span><\/span><\/div>\n<div>\n\t<span style=\"font-family:tahoma,geneva,sans-serif;\"><span style=\"color: rgb(0, 0, 0);\"><span style=\"font-size: 12px;\"><img class=\"lazyload\" decoding=\"async\" src=\"data:image\/gif;base64,R0lGODlhAQABAAAAACH5BAEKAAEALAAAAAABAAEAAAICTAEAOw==\" data-orig-src=\"https:\/\/lh4.googleusercontent.com\/-H43gav7jhls\/UBzkYBS7bII\/AAAAAAAAAuI\/tNfitJrSxLU\/s640\/DSC_4677a.jpg\" style=\"width: 600px; height: 401px; border-width: 1px; border-style: solid; margin: 10px; float: left;\" \/><\/span><\/span><\/span><\/div>\n","protected":false},"excerpt":{"rendered":"<p>&#8211; Tjet\u00ebr p\u00ebrvjetor historik p\u00ebr Kish\u00ebn Orthodhokse Autoqefale t\u00eb Shqip\u00ebris\u00eb &#8211; &nbsp;&nbsp;&nbsp; M\u00eb 2 gusht, n\u00eb katedralen e re &#8220;Ngjallja e Krishtit&#8221;, n\u00eb kryeqytet, u kremtua 20-vjetori i Fron\u00ebzimit t\u00eb Fortlumturis\u00eb s\u00eb Tij, Kryepiskopit Anastas, nj\u00eb nga \u00e7astet m\u00eb dometh\u00ebn\u00ebse n\u00eb rrug\u00ebn e ringritjes kanonike t\u00eb Kish\u00ebs Orthodhokse pas regjimit ateist. Ky kremtim vinte pas atij madh\u00ebshtor t\u00eb 24-qershorit, n\u00eb dit\u00ebn e 20-vjetorit t\u00eb zgjedhjes<\/p>\n","protected":false},"author":1,"featured_media":0,"comment_status":"open","ping_status":"open","sticky":false,"template":"","format":"standard","meta":{"_acf_changed":false,"pagelayer_contact_templates":[],"_pagelayer_content":"","inline_featured_image":false,"fifu_image_url":"","fifu_image_alt":"","footnotes":""},"categories":[108],"tags":[142,157,196,201,212],"class_list":["post-822","post","type-post","status-publish","format-standard","hentry","category-lajme","tag-142","tag-kremtime","tag-tirane","tag-kryepiskopi-anastas","tag-lajme-d27"],"acf":[],"yoast_head":"<!-- This site is optimized with the Yoast SEO plugin v27.2 - https:\/\/yoast.com\/product\/yoast-seo-wordpress\/ -->\n<title>Kremtohet 20 vjetori i Fron\u00ebzimit t\u00eb Kryepiskopit Anastas. (2 Gusht 2012) - Kisha Orthodh\u03bfkse Autoqefale e Shqip\u00ebris\u00eb<\/title>\n<meta name=\"robots\" content=\"index, follow, max-snippet:-1, max-image-preview:large, max-video-preview:-1\" \/>\n<link rel=\"canonical\" href=\"https:\/\/orthodoxalbania.org\/2020\/2013\/03\/21\/kremtohet-20-vjetori-i-fronezimit-te-kryepiskopit-anastas\/\" \/>\n<meta property=\"og:locale\" content=\"en_US\" \/>\n<meta property=\"og:type\" content=\"article\" \/>\n<meta property=\"og:title\" content=\"Kremtohet 20 vjetori i Fron\u00ebzimit t\u00eb Kryepiskopit Anastas. (2 Gusht 2012) - Kisha Orthodh\u03bfkse Autoqefale e Shqip\u00ebris\u00eb\" \/>\n<meta property=\"og:description\" content=\"&#8211; Tjet\u00ebr p\u00ebrvjetor historik p\u00ebr Kish\u00ebn Orthodhokse Autoqefale t\u00eb Shqip\u00ebris\u00eb &#8211; &nbsp;&nbsp;&nbsp; M\u00eb 2 gusht, n\u00eb katedralen e re &#8220;Ngjallja e Krishtit&#8221;, n\u00eb kryeqytet, u kremtua 20-vjetori i Fron\u00ebzimit t\u00eb Fortlumturis\u00eb s\u00eb Tij, Kryepiskopit Anastas, nj\u00eb nga \u00e7astet m\u00eb dometh\u00ebn\u00ebse n\u00eb rrug\u00ebn e ringritjes kanonike t\u00eb Kish\u00ebs Orthodhokse pas regjimit ateist. Ky kremtim vinte pas atij madh\u00ebshtor t\u00eb 24-qershorit, n\u00eb dit\u00ebn e 20-vjetorit t\u00eb zgjedhjes\" \/>\n<meta property=\"og:url\" content=\"https:\/\/orthodoxalbania.org\/2020\/2013\/03\/21\/kremtohet-20-vjetori-i-fronezimit-te-kryepiskopit-anastas\/\" \/>\n<meta property=\"og:site_name\" content=\"Kisha Orthodh\u03bfkse Autoqefale e Shqip\u00ebris\u00eb\" \/>\n<meta property=\"article:publisher\" content=\"https:\/\/www.facebook.com\/koash1991\" \/>\n<meta property=\"article:published_time\" content=\"2013-03-21T12:12:14+00:00\" \/>\n<meta property=\"article:modified_time\" content=\"2020-04-06T20:06:00+00:00\" \/>\n<meta property=\"og:image\" content=\"https:\/\/lh4.googleusercontent.com\/-xueup6BceuU\/UBzk_b3G1OI\/AAAAAAAAAuk\/AnyamGJmUcI\/s640\/DSC_4681a.JPG\" \/>\n<meta name=\"author\" content=\"Kisha Orthodhokse\" \/>\n<meta name=\"twitter:card\" content=\"summary_large_image\" \/>\n<meta name=\"twitter:label1\" content=\"Written by\" \/>\n\t<meta name=\"twitter:data1\" content=\"Kisha Orthodhokse\" \/>\n\t<meta name=\"twitter:label2\" content=\"Est. reading time\" \/>\n\t<meta name=\"twitter:data2\" content=\"2 minutes\" \/>\n<script type=\"application\/ld+json\" class=\"yoast-schema-graph\">{\"@context\":\"https:\/\/schema.org\",\"@graph\":[{\"@type\":\"Article\",\"@id\":\"https:\/\/orthodoxalbania.org\/2020\/2013\/03\/21\/kremtohet-20-vjetori-i-fronezimit-te-kryepiskopit-anastas\/#article\",\"isPartOf\":{\"@id\":\"https:\/\/orthodoxalbania.org\/2020\/2013\/03\/21\/kremtohet-20-vjetori-i-fronezimit-te-kryepiskopit-anastas\/\"},\"author\":{\"name\":\"Kisha Orthodhokse\",\"@id\":\"https:\/\/orthodoxalbania.org\/2020\/#\/schema\/person\/0c387634a7063ac612d7ed9ce71c7e86\"},\"headline\":\"Kremtohet 20 vjetori i Fron\u00ebzimit t\u00eb Kryepiskopit Anastas. (2 Gusht 2012)\",\"datePublished\":\"2013-03-21T12:12:14+00:00\",\"dateModified\":\"2020-04-06T20:06:00+00:00\",\"mainEntityOfPage\":{\"@id\":\"https:\/\/orthodoxalbania.org\/2020\/2013\/03\/21\/kremtohet-20-vjetori-i-fronezimit-te-kryepiskopit-anastas\/\"},\"wordCount\":455,\"commentCount\":0,\"publisher\":{\"@id\":\"https:\/\/orthodoxalbania.org\/2020\/#organization\"},\"image\":{\"@id\":\"https:\/\/orthodoxalbania.org\/2020\/2013\/03\/21\/kremtohet-20-vjetori-i-fronezimit-te-kryepiskopit-anastas\/#primaryimage\"},\"thumbnailUrl\":\"https:\/\/lh4.googleusercontent.com\/-xueup6BceuU\/UBzk_b3G1OI\/AAAAAAAAAuk\/AnyamGJmUcI\/s640\/DSC_4681a.JPG\",\"keywords\":[\"2012\",\"Kremtime\",\"Kryepiskopata Tiran\u00eb\",\"Kryepiskopi Anastas\",\"lajme\"],\"articleSection\":[\"Lajme\"],\"inLanguage\":\"en-US\"},{\"@type\":\"WebPage\",\"@id\":\"https:\/\/orthodoxalbania.org\/2020\/2013\/03\/21\/kremtohet-20-vjetori-i-fronezimit-te-kryepiskopit-anastas\/\",\"url\":\"https:\/\/orthodoxalbania.org\/2020\/2013\/03\/21\/kremtohet-20-vjetori-i-fronezimit-te-kryepiskopit-anastas\/\",\"name\":\"Kremtohet 20 vjetori i Fron\u00ebzimit t\u00eb Kryepiskopit Anastas. (2 Gusht 2012) - Kisha Orthodh\u03bfkse Autoqefale e Shqip\u00ebris\u00eb\",\"isPartOf\":{\"@id\":\"https:\/\/orthodoxalbania.org\/2020\/#website\"},\"primaryImageOfPage\":{\"@id\":\"https:\/\/orthodoxalbania.org\/2020\/2013\/03\/21\/kremtohet-20-vjetori-i-fronezimit-te-kryepiskopit-anastas\/#primaryimage\"},\"image\":{\"@id\":\"https:\/\/orthodoxalbania.org\/2020\/2013\/03\/21\/kremtohet-20-vjetori-i-fronezimit-te-kryepiskopit-anastas\/#primaryimage\"},\"thumbnailUrl\":\"https:\/\/lh4.googleusercontent.com\/-xueup6BceuU\/UBzk_b3G1OI\/AAAAAAAAAuk\/AnyamGJmUcI\/s640\/DSC_4681a.JPG\",\"datePublished\":\"2013-03-21T12:12:14+00:00\",\"dateModified\":\"2020-04-06T20:06:00+00:00\",\"breadcrumb\":{\"@id\":\"https:\/\/orthodoxalbania.org\/2020\/2013\/03\/21\/kremtohet-20-vjetori-i-fronezimit-te-kryepiskopit-anastas\/#breadcrumb\"},\"inLanguage\":\"en-US\",\"potentialAction\":[{\"@type\":\"ReadAction\",\"target\":[\"https:\/\/orthodoxalbania.org\/2020\/2013\/03\/21\/kremtohet-20-vjetori-i-fronezimit-te-kryepiskopit-anastas\/\"]}]},{\"@type\":\"ImageObject\",\"inLanguage\":\"en-US\",\"@id\":\"https:\/\/orthodoxalbania.org\/2020\/2013\/03\/21\/kremtohet-20-vjetori-i-fronezimit-te-kryepiskopit-anastas\/#primaryimage\",\"url\":\"https:\/\/lh4.googleusercontent.com\/-xueup6BceuU\/UBzk_b3G1OI\/AAAAAAAAAuk\/AnyamGJmUcI\/s640\/DSC_4681a.JPG\",\"contentUrl\":\"https:\/\/lh4.googleusercontent.com\/-xueup6BceuU\/UBzk_b3G1OI\/AAAAAAAAAuk\/AnyamGJmUcI\/s640\/DSC_4681a.JPG\"},{\"@type\":\"BreadcrumbList\",\"@id\":\"https:\/\/orthodoxalbania.org\/2020\/2013\/03\/21\/kremtohet-20-vjetori-i-fronezimit-te-kryepiskopit-anastas\/#breadcrumb\",\"itemListElement\":[{\"@type\":\"ListItem\",\"position\":1,\"name\":\"Home\",\"item\":\"https:\/\/orthodoxalbania.org\/2020\/\"},{\"@type\":\"ListItem\",\"position\":2,\"name\":\"Kremtohet 20 vjetori i Fron\u00ebzimit t\u00eb Kryepiskopit Anastas. (2 Gusht 2012)\"}]},{\"@type\":\"WebSite\",\"@id\":\"https:\/\/orthodoxalbania.org\/2020\/#website\",\"url\":\"https:\/\/orthodoxalbania.org\/2020\/\",\"name\":\"Kisha Orthodh\u03bfkse Autoqefale e Shqip\u00ebris\u00eb\",\"description\":\"Fqja Zyrtare e Kish\u00ebs Orthodhokse Autoqefale e Shqip\u00ebris\u00eb me lajmet edhe informacionet zyrtare p\u00ebr struktur\u00ebn edhe veprimtarin e saj.\",\"publisher\":{\"@id\":\"https:\/\/orthodoxalbania.org\/2020\/#organization\"},\"potentialAction\":[{\"@type\":\"SearchAction\",\"target\":{\"@type\":\"EntryPoint\",\"urlTemplate\":\"https:\/\/orthodoxalbania.org\/2020\/?s={search_term_string}\"},\"query-input\":{\"@type\":\"PropertyValueSpecification\",\"valueRequired\":true,\"valueName\":\"search_term_string\"}}],\"inLanguage\":\"en-US\"},{\"@type\":\"Organization\",\"@id\":\"https:\/\/orthodoxalbania.org\/2020\/#organization\",\"name\":\"Kisha Orthodhokse Autoqefale e Shqip\u00ebris\u00eb\",\"url\":\"https:\/\/orthodoxalbania.org\/2020\/\",\"logo\":{\"@type\":\"ImageObject\",\"inLanguage\":\"en-US\",\"@id\":\"https:\/\/orthodoxalbania.org\/2020\/#\/schema\/logo\/image\/\",\"url\":\"https:\/\/orthodoxalbania.org\/2020\/wp-content\/uploads\/2020\/05\/albania.jpeg\",\"contentUrl\":\"https:\/\/orthodoxalbania.org\/2020\/wp-content\/uploads\/2020\/05\/albania.jpeg\",\"width\":540,\"height\":540,\"caption\":\"Kisha Orthodhokse Autoqefale e Shqip\u00ebris\u00eb\"},\"image\":{\"@id\":\"https:\/\/orthodoxalbania.org\/2020\/#\/schema\/logo\/image\/\"},\"sameAs\":[\"https:\/\/www.facebook.com\/koash1991\"]},{\"@type\":\"Person\",\"@id\":\"https:\/\/orthodoxalbania.org\/2020\/#\/schema\/person\/0c387634a7063ac612d7ed9ce71c7e86\",\"name\":\"Kisha Orthodhokse\",\"image\":{\"@type\":\"ImageObject\",\"inLanguage\":\"en-US\",\"@id\":\"https:\/\/secure.gravatar.com\/avatar\/596e7c417251e30f2fbb9c00e026fce61a695a00e51c889caded71c96cbbdde5?s=96&d=mm&r=g\",\"url\":\"https:\/\/secure.gravatar.com\/avatar\/596e7c417251e30f2fbb9c00e026fce61a695a00e51c889caded71c96cbbdde5?s=96&d=mm&r=g\",\"contentUrl\":\"https:\/\/secure.gravatar.com\/avatar\/596e7c417251e30f2fbb9c00e026fce61a695a00e51c889caded71c96cbbdde5?s=96&d=mm&r=g\",\"caption\":\"Kisha Orthodhokse\"}}]}<\/script>\n<!-- \/ Yoast SEO plugin. -->","yoast_head_json":{"title":"Kremtohet 20 vjetori i Fron\u00ebzimit t\u00eb Kryepiskopit Anastas. (2 Gusht 2012) - Kisha Orthodh\u03bfkse Autoqefale e Shqip\u00ebris\u00eb","robots":{"index":"index","follow":"follow","max-snippet":"max-snippet:-1","max-image-preview":"max-image-preview:large","max-video-preview":"max-video-preview:-1"},"canonical":"https:\/\/orthodoxalbania.org\/2020\/2013\/03\/21\/kremtohet-20-vjetori-i-fronezimit-te-kryepiskopit-anastas\/","og_locale":"en_US","og_type":"article","og_title":"Kremtohet 20 vjetori i Fron\u00ebzimit t\u00eb Kryepiskopit Anastas. (2 Gusht 2012) - Kisha Orthodh\u03bfkse Autoqefale e Shqip\u00ebris\u00eb","og_description":"&#8211; Tjet\u00ebr p\u00ebrvjetor historik p\u00ebr Kish\u00ebn Orthodhokse Autoqefale t\u00eb Shqip\u00ebris\u00eb &#8211; &nbsp;&nbsp;&nbsp; M\u00eb 2 gusht, n\u00eb katedralen e re &#8220;Ngjallja e Krishtit&#8221;, n\u00eb kryeqytet, u kremtua 20-vjetori i Fron\u00ebzimit t\u00eb Fortlumturis\u00eb s\u00eb Tij, Kryepiskopit Anastas, nj\u00eb nga \u00e7astet m\u00eb dometh\u00ebn\u00ebse n\u00eb rrug\u00ebn e ringritjes kanonike t\u00eb Kish\u00ebs Orthodhokse pas regjimit ateist. Ky kremtim vinte pas atij madh\u00ebshtor t\u00eb 24-qershorit, n\u00eb dit\u00ebn e 20-vjetorit t\u00eb zgjedhjes","og_url":"https:\/\/orthodoxalbania.org\/2020\/2013\/03\/21\/kremtohet-20-vjetori-i-fronezimit-te-kryepiskopit-anastas\/","og_site_name":"Kisha Orthodh\u03bfkse Autoqefale e Shqip\u00ebris\u00eb","article_publisher":"https:\/\/www.facebook.com\/koash1991","article_published_time":"2013-03-21T12:12:14+00:00","article_modified_time":"2020-04-06T20:06:00+00:00","og_image":[{"url":"https:\/\/lh4.googleusercontent.com\/-xueup6BceuU\/UBzk_b3G1OI\/AAAAAAAAAuk\/AnyamGJmUcI\/s640\/DSC_4681a.JPG","type":"","width":"","height":""}],"author":"Kisha Orthodhokse","twitter_card":"summary_large_image","twitter_misc":{"Written by":"Kisha Orthodhokse","Est. reading time":"2 minutes"},"schema":{"@context":"https:\/\/schema.org","@graph":[{"@type":"Article","@id":"https:\/\/orthodoxalbania.org\/2020\/2013\/03\/21\/kremtohet-20-vjetori-i-fronezimit-te-kryepiskopit-anastas\/#article","isPartOf":{"@id":"https:\/\/orthodoxalbania.org\/2020\/2013\/03\/21\/kremtohet-20-vjetori-i-fronezimit-te-kryepiskopit-anastas\/"},"author":{"name":"Kisha Orthodhokse","@id":"https:\/\/orthodoxalbania.org\/2020\/#\/schema\/person\/0c387634a7063ac612d7ed9ce71c7e86"},"headline":"Kremtohet 20 vjetori i Fron\u00ebzimit t\u00eb Kryepiskopit Anastas. (2 Gusht 2012)","datePublished":"2013-03-21T12:12:14+00:00","dateModified":"2020-04-06T20:06:00+00:00","mainEntityOfPage":{"@id":"https:\/\/orthodoxalbania.org\/2020\/2013\/03\/21\/kremtohet-20-vjetori-i-fronezimit-te-kryepiskopit-anastas\/"},"wordCount":455,"commentCount":0,"publisher":{"@id":"https:\/\/orthodoxalbania.org\/2020\/#organization"},"image":{"@id":"https:\/\/orthodoxalbania.org\/2020\/2013\/03\/21\/kremtohet-20-vjetori-i-fronezimit-te-kryepiskopit-anastas\/#primaryimage"},"thumbnailUrl":"https:\/\/lh4.googleusercontent.com\/-xueup6BceuU\/UBzk_b3G1OI\/AAAAAAAAAuk\/AnyamGJmUcI\/s640\/DSC_4681a.JPG","keywords":["2012","Kremtime","Kryepiskopata Tiran\u00eb","Kryepiskopi Anastas","lajme"],"articleSection":["Lajme"],"inLanguage":"en-US"},{"@type":"WebPage","@id":"https:\/\/orthodoxalbania.org\/2020\/2013\/03\/21\/kremtohet-20-vjetori-i-fronezimit-te-kryepiskopit-anastas\/","url":"https:\/\/orthodoxalbania.org\/2020\/2013\/03\/21\/kremtohet-20-vjetori-i-fronezimit-te-kryepiskopit-anastas\/","name":"Kremtohet 20 vjetori i Fron\u00ebzimit t\u00eb Kryepiskopit Anastas. (2 Gusht 2012) - Kisha Orthodh\u03bfkse Autoqefale e Shqip\u00ebris\u00eb","isPartOf":{"@id":"https:\/\/orthodoxalbania.org\/2020\/#website"},"primaryImageOfPage":{"@id":"https:\/\/orthodoxalbania.org\/2020\/2013\/03\/21\/kremtohet-20-vjetori-i-fronezimit-te-kryepiskopit-anastas\/#primaryimage"},"image":{"@id":"https:\/\/orthodoxalbania.org\/2020\/2013\/03\/21\/kremtohet-20-vjetori-i-fronezimit-te-kryepiskopit-anastas\/#primaryimage"},"thumbnailUrl":"https:\/\/lh4.googleusercontent.com\/-xueup6BceuU\/UBzk_b3G1OI\/AAAAAAAAAuk\/AnyamGJmUcI\/s640\/DSC_4681a.JPG","datePublished":"2013-03-21T12:12:14+00:00","dateModified":"2020-04-06T20:06:00+00:00","breadcrumb":{"@id":"https:\/\/orthodoxalbania.org\/2020\/2013\/03\/21\/kremtohet-20-vjetori-i-fronezimit-te-kryepiskopit-anastas\/#breadcrumb"},"inLanguage":"en-US","potentialAction":[{"@type":"ReadAction","target":["https:\/\/orthodoxalbania.org\/2020\/2013\/03\/21\/kremtohet-20-vjetori-i-fronezimit-te-kryepiskopit-anastas\/"]}]},{"@type":"ImageObject","inLanguage":"en-US","@id":"https:\/\/orthodoxalbania.org\/2020\/2013\/03\/21\/kremtohet-20-vjetori-i-fronezimit-te-kryepiskopit-anastas\/#primaryimage","url":"https:\/\/lh4.googleusercontent.com\/-xueup6BceuU\/UBzk_b3G1OI\/AAAAAAAAAuk\/AnyamGJmUcI\/s640\/DSC_4681a.JPG","contentUrl":"https:\/\/lh4.googleusercontent.com\/-xueup6BceuU\/UBzk_b3G1OI\/AAAAAAAAAuk\/AnyamGJmUcI\/s640\/DSC_4681a.JPG"},{"@type":"BreadcrumbList","@id":"https:\/\/orthodoxalbania.org\/2020\/2013\/03\/21\/kremtohet-20-vjetori-i-fronezimit-te-kryepiskopit-anastas\/#breadcrumb","itemListElement":[{"@type":"ListItem","position":1,"name":"Home","item":"https:\/\/orthodoxalbania.org\/2020\/"},{"@type":"ListItem","position":2,"name":"Kremtohet 20 vjetori i Fron\u00ebzimit t\u00eb Kryepiskopit Anastas. (2 Gusht 2012)"}]},{"@type":"WebSite","@id":"https:\/\/orthodoxalbania.org\/2020\/#website","url":"https:\/\/orthodoxalbania.org\/2020\/","name":"Kisha Orthodh\u03bfkse Autoqefale e Shqip\u00ebris\u00eb","description":"Fqja Zyrtare e Kish\u00ebs Orthodhokse Autoqefale e Shqip\u00ebris\u00eb me lajmet edhe informacionet zyrtare p\u00ebr struktur\u00ebn edhe veprimtarin e saj.","publisher":{"@id":"https:\/\/orthodoxalbania.org\/2020\/#organization"},"potentialAction":[{"@type":"SearchAction","target":{"@type":"EntryPoint","urlTemplate":"https:\/\/orthodoxalbania.org\/2020\/?s={search_term_string}"},"query-input":{"@type":"PropertyValueSpecification","valueRequired":true,"valueName":"search_term_string"}}],"inLanguage":"en-US"},{"@type":"Organization","@id":"https:\/\/orthodoxalbania.org\/2020\/#organization","name":"Kisha Orthodhokse Autoqefale e Shqip\u00ebris\u00eb","url":"https:\/\/orthodoxalbania.org\/2020\/","logo":{"@type":"ImageObject","inLanguage":"en-US","@id":"https:\/\/orthodoxalbania.org\/2020\/#\/schema\/logo\/image\/","url":"https:\/\/orthodoxalbania.org\/2020\/wp-content\/uploads\/2020\/05\/albania.jpeg","contentUrl":"https:\/\/orthodoxalbania.org\/2020\/wp-content\/uploads\/2020\/05\/albania.jpeg","width":540,"height":540,"caption":"Kisha Orthodhokse Autoqefale e Shqip\u00ebris\u00eb"},"image":{"@id":"https:\/\/orthodoxalbania.org\/2020\/#\/schema\/logo\/image\/"},"sameAs":["https:\/\/www.facebook.com\/koash1991"]},{"@type":"Person","@id":"https:\/\/orthodoxalbania.org\/2020\/#\/schema\/person\/0c387634a7063ac612d7ed9ce71c7e86","name":"Kisha Orthodhokse","image":{"@type":"ImageObject","inLanguage":"en-US","@id":"https:\/\/secure.gravatar.com\/avatar\/596e7c417251e30f2fbb9c00e026fce61a695a00e51c889caded71c96cbbdde5?s=96&d=mm&r=g","url":"https:\/\/secure.gravatar.com\/avatar\/596e7c417251e30f2fbb9c00e026fce61a695a00e51c889caded71c96cbbdde5?s=96&d=mm&r=g","contentUrl":"https:\/\/secure.gravatar.com\/avatar\/596e7c417251e30f2fbb9c00e026fce61a695a00e51c889caded71c96cbbdde5?s=96&d=mm&r=g","caption":"Kisha Orthodhokse"}}]}},"_links":{"self":[{"href":"https:\/\/orthodoxalbania.org\/2020\/wp-json\/wp\/v2\/posts\/822","targetHints":{"allow":["GET"]}}],"collection":[{"href":"https:\/\/orthodoxalbania.org\/2020\/wp-json\/wp\/v2\/posts"}],"about":[{"href":"https:\/\/orthodoxalbania.org\/2020\/wp-json\/wp\/v2\/types\/post"}],"author":[{"embeddable":true,"href":"https:\/\/orthodoxalbania.org\/2020\/wp-json\/wp\/v2\/users\/1"}],"replies":[{"embeddable":true,"href":"https:\/\/orthodoxalbania.org\/2020\/wp-json\/wp\/v2\/comments?post=822"}],"version-history":[{"count":1,"href":"https:\/\/orthodoxalbania.org\/2020\/wp-json\/wp\/v2\/posts\/822\/revisions"}],"predecessor-version":[{"id":15305,"href":"https:\/\/orthodoxalbania.org\/2020\/wp-json\/wp\/v2\/posts\/822\/revisions\/15305"}],"wp:attachment":[{"href":"https:\/\/orthodoxalbania.org\/2020\/wp-json\/wp\/v2\/media?parent=822"}],"wp:term":[{"taxonomy":"category","embeddable":true,"href":"https:\/\/orthodoxalbania.org\/2020\/wp-json\/wp\/v2\/categories?post=822"},{"taxonomy":"post_tag","embeddable":true,"href":"https:\/\/orthodoxalbania.org\/2020\/wp-json\/wp\/v2\/tags?post=822"}],"curies":[{"name":"wp","href":"https:\/\/api.w.org\/{rel}","templated":true}]}}