{"id":820,"date":"2006-02-26T00:00:00","date_gmt":"2006-02-26T00:00:00","guid":{"rendered":""},"modified":"2020-04-06T22:35:58","modified_gmt":"2020-04-06T20:35:58","slug":"kremtimi-paskal-ne-berat-prill-06","status":"publish","type":"post","link":"https:\/\/orthodoxalbania.org\/2020\/2006\/02\/26\/kremtimi-paskal-ne-berat-prill-06\/","title":{"rendered":"Kremtimi paskal n\u00eb Berat. (Prill 2006)"},"content":{"rendered":"<div style=\"text-align: justify;\"><span style=\"color: #000000;\"><span style=\"font-family: tahoma,geneva,sans-serif;\"><span style=\"font-size: 12px;\"><img decoding=\"async\" class=\"lazyload HAa Eha\" style=\"height: 189px; width: 250px; border-width: 1px; border-style: solid; margin: 10px; float: left;\" alt=\"\" src=\"data:image\/gif;base64,R0lGODlhAQABAAAAACH5BAEKAAEALAAAAAABAAEAAAICTAEAOw==\" data-orig-src=\"https:\/\/lh4.googleusercontent.com\/-WY7b-AWu0B0\/VIbZWvrAC0I\/AAAAAAAAFXk\/nkX88lWjHns\/w331-h250-no\/1netextngjalljashMarianekala1jpg.jpg\" \/>&nbsp;&nbsp;&nbsp; Edhe n\u00eb Dioqez\u00ebn e Beratit, Java e Madhe, e cila u finalizua me Ngjalljen e Zotit Jisu Krisht, u kremtua me madh\u00ebshti. Mitropoliti i Beratit gjat\u00eb k\u00ebsaj jave kreu sh\u00ebrbesat paskale n\u00eb disa kisha n\u00eb Berat, n\u00eb Vlor\u00eb, n\u00eb Fier.<br \/> <\/span><\/span><\/span><\/div>\n<div style=\"text-align: justify;\">&nbsp;<\/div>\n<div style=\"text-align: justify;\"><span style=\"color: #000000;\"><span style=\"font-family: tahoma,geneva,sans-serif;\"><span style=\"font-size: 12px;\">&nbsp;&nbsp; K\u00ebshtu t\u00eb Diel\u00ebn e Dafinave dhe deri t\u00eb Enjten e Madhe ai kreu sh\u00ebrbesat e Dh\u00ebnd\u00ebrit, Efqelin\u00eb dhe Kryq\u00ebzimin n\u00eb kish\u00ebn historike t\u00eb Sh\u00ebn Spiridhonit, gjithashtu edhe at\u00eb Sh\u00ebn Gjergjit t\u00eb kalas\u00eb.T\u00eb M\u00ebrkur\u00ebn e Madhe, n\u00eb ceremonin\u00eb e bukur t\u00eb lyerjes me vajin e shenjt\u00eb, qindra shpres\u00ebtar\u00eb pat\u00ebn rastin dhe bekimin t\u00eb vajoseshin p\u00ebr sh\u00ebrim s\u00ebmundjeje trupore dhe shpirt\u00ebrore.<br \/> &nbsp;<\/span><\/span><\/span><\/div>\n<div style=\"text-align: justify;\"><span style=\"color: #000000;\"><span style=\"font-family: tahoma,geneva,sans-serif;\"><span style=\"font-size: 12px;\">&nbsp;&nbsp; T\u00eb Enjten e Madhe, besimtar\u00ebt iu fal\u00ebn t\u00eb p\u00ebrulur Kryqit t\u00eb Shenjt\u00eb, duke e gdhir\u00eb at\u00eb nat\u00eb brenda n\u00eb Kish\u00eb pran\u00eb Kryqit, q\u00eb mbart trupin e pavdek\u00ebsis\u00eb.<br \/> <\/span><\/span><\/span><\/div>\n<div style=\"text-align: justify;\">&nbsp;<\/div>\n<div style=\"text-align: justify;\"><span style=\"color: #000000;\"><span style=\"font-family: tahoma,geneva,sans-serif;\"><span style=\"font-size: 12px;\">&nbsp;&nbsp;&nbsp; T\u00eb Premten e Madhe, ngarkesa emocionale dhe shpirt\u00ebrore ishte m\u00eb e madhe. Pasi p\u00ebrfunduan vajtimet e p\u00ebrmbivarrshme, u krye litania e epitafit n\u00eb lagjen Gorric\u00eb me pjes\u00ebmarrjen e qindra besimtar\u00ebve. Nd\u00ebrsa Mitropoliti kreu Sh\u00ebrbes\u00ebn e Epitafis\u00eb n\u00eb kish\u00ebn e Sh\u00ebn Theodhor\u00ebve, n\u00eb Vlor\u00eb, midis shum\u00eb besimtar\u00ebve vlonjat\u00eb.<br \/> <\/span><\/span><\/span><\/div>\n<div style=\"text-align: justify;\">&nbsp;<\/div>\n<div style=\"text-align: justify;\"><span style=\"color: #000000;\"><span style=\"font-family: tahoma,geneva,sans-serif;\"><span style=\"font-size: 12px;\">&nbsp;<img decoding=\"async\" class=\"lazyload HAa Eha\" style=\"height: 333px; width: 250px; border-width: 1px; border-style: solid; margin: 10px; float: left;\" alt=\"\" src=\"data:image\/gif;base64,R0lGODlhAQABAAAAACH5BAEKAAEALAAAAAABAAEAAAICTAEAOw==\" data-orig-src=\"https:\/\/lh3.googleusercontent.com\/-ST1-7LoQAHE\/VIbZE4qz92I\/AAAAAAAAFWQ\/TcHBZRb3BuM\/w256-h341-no\/2textmbremfr2jp.jpg\" \/>&nbsp;&nbsp; Ngjalljen e Krishtit, besimtar\u00ebt e prit\u00ebn n\u00eb kish\u00ebn e t\u00eb T\u00ebr\u00ebshenjt\u00ebs Mari n\u00eb kala, ku u dha edhe lajmi i triumfit t\u00eb pavdek\u00ebsis\u00eb. Ishte nj\u00eb moment i paharruesh\u00ebm, kur Hir\u00ebsia e Tij Ignati, doli nga Ajovima me qiririn e ndezur, duke th\u00ebn\u00eb: \u201cEni merrni drit\u00eb nga drita q\u00eb s\u2019per\u00ebndon\u201d. Qindra shpres\u00ebtar\u00eb t\u00eb moshave t\u00eb ndryshme, v\u00ebrshuan drejt tij p\u00ebr t\u00eb ndezur llambadhet e tyre, duke i dh\u00ebn\u00eb k\u00ebshtu nj\u00eb ndri\u00e7im vezullues t\u00eb gjith\u00eb kish\u00ebs.<br \/> <\/span><\/span><\/span><\/div>\n<div style=\"text-align: justify;\">&nbsp;<\/div>\n<div style=\"text-align: justify;\"><span style=\"color: #000000;\"><span style=\"font-family: tahoma,geneva,sans-serif;\"><span style=\"font-size: 12px;\">&nbsp;&nbsp;&nbsp; N\u00eb or\u00ebn 24.00, n\u00eb oborrin e kish\u00ebs, u mblodh\u00ebn t\u00eb gjith\u00eb besimtar\u00ebt, p\u00ebr t\u00eb d\u00ebgjuar mesazhin e p\u00ebrgatitur nga Hir\u00ebsia e tij Ignati, p\u00ebr k\u00ebt\u00eb dit\u00eb t\u00eb sh\u00ebnuar.<br \/> <\/span><\/span><\/span><\/div>\n<div style=\"text-align: justify;\">&nbsp;<\/div>\n<div style=\"text-align: justify;\"><span style=\"color: #000000;\"><span style=\"font-family: tahoma,geneva,sans-serif;\"><span style=\"font-size: 12px;\">&nbsp;&nbsp;&nbsp; Ngjarjen dhe pranimin e Ngjalljes s\u00eb Jisu Krishtit Mitropoliti e paralelizoi edhe me dit\u00ebt e sotme ku nd\u00ebr t\u00eb tjera tha: \u201cMos vall\u00eb nuk ka n\u00eb epok\u00ebn ton\u00eb njer\u00ebz t\u00eb till\u00eb? Mos vall\u00eb edhe sot, me gjith\u00eb lig\u00ebsin\u00eb dhe m\u00ebkatin q\u00eb mbizot\u00ebrojn\u00eb nuk ka njer\u00ebz t\u00eb Tij, t\u00eb Krishtit q\u00eb u ngjall, t\u00eb cil\u00ebt me jet\u00ebn e tyre shpirt\u00ebrore d\u00ebshmojn\u00eb k\u00ebt\u00eb realitet t\u00eb madh, se Krishti q\u00eb u ngjall dhuron jet\u00ebn e re dhe t\u00eb amshuar p\u00ebr t\u00eb gjith\u00eb ata q\u00eb duan? Edhe pse mund t\u00eb b\u00ebhemi njer\u00ebz t\u00eb rinj, t\u00eb krishter\u00eb t\u00eb v\u00ebrtet\u00eb q\u00eb do t\u00eb jetojm\u00eb k\u00ebt\u00eb jet\u00eb me Krishtin, duhet ta duam At\u00eb dhe t\u2019ia dor\u00ebzojm\u00eb veten ton\u00eb Krishtit q\u00eb u Ngjall. At\u00ebher\u00eb do t\u00eb mundemi edhe ne nga p\u00ebrvoja dhe me gjith\u00eb zem\u00ebr t\u00eb shpallim dhe t\u00eb v\u00ebrtetojm\u00eb \u201cKrishti u Ngjall! V\u00ebrtet u Ngjall!\u201d. Pas fjal\u00ebs s\u00eb mir\u00eb paskale t\u00eb ngjalljes, besimtar\u00ebt u rikthyen n\u00eb kish\u00eb, ku edhe vazhduan lavd\u00ebrimin hyjnor edhe me Liturgjin\u00eb Hyjnore deri n\u00eb or\u00ebn 02.30 t\u00eb s\u00eb diel\u00ebs. &nbsp;<br \/> <\/span><\/span><\/span><\/div>\n<div style=\"text-align: justify;\">&nbsp;<\/div>\n<div style=\"text-align: justify;\"><span style=\"color: #000000;\"><span style=\"font-family: tahoma,geneva,sans-serif;\"><span style=\"font-size: 12px;\">&nbsp;&nbsp;&nbsp; Po at\u00eb dit\u00eb, t\u00eb diel\u00ebn e Pashk\u00ebs s\u00eb Madhe, Mitropoliti Ignat kreu Mbr\u00ebm\u00ebsoren e Dashuris\u00eb n\u00eb kish\u00ebn e Sh\u00ebn Gjergjit t\u00eb qytetit t\u00eb Fierit, ku mori pjes\u00eb edhe Presidenti i Republik\u00ebs, z. Alfred Moisiu, i cili kishte ardhur p\u00ebr t\u00eb marr\u00eb pjes\u00eb n\u00eb g\u00ebzimin e fest\u00ebs paskale. Hir\u00ebsi Ignati n\u00eb fjal\u00ebn e tij t\u00eb p\u00ebrsh\u00ebndetjes tha: \u201cZoti President, konstatojm\u00eb me k\u00ebnaq\u00ebsi se vizitat tuaja n\u00eb ceremonit\u00eb fetare shtojn\u00eb s\u00eb tep\u00ebrmi etjen e shpres\u00ebtar\u00ebve p\u00ebr t\u00eb p\u00ebrqafuar m\u00eb fort edukimin shpirt\u00ebror, i cili do t\u00eb ndikoj\u00eb fuqish\u00ebm edhe n\u00eb zhvillimin arsimor, kulturor, moral dhe material t\u00eb tyre, p\u00ebr t\u00eb qen\u00eb t\u00eb denj\u00eb t\u00eb radhiten p\u00ebrkrah vendeve t\u00eb zhvilluara e t\u00eb qytet\u00ebruara t\u00eb Evrop\u00ebs e t\u00eb bot\u00ebs\u201d.<br \/> <\/span><\/span><\/span><\/div>\n<div style=\"text-align: justify;\">&nbsp;<\/div>\n<div style=\"text-align: justify;\"><span style=\"color: #000000;\"><span style=\"font-family: tahoma,geneva,sans-serif;\"><span style=\"font-size: 12px;\">&nbsp;&nbsp;&nbsp;&nbsp; N\u00eb fund t\u00eb Sh\u00ebrbes\u00ebs s\u00eb Dashuris\u00eb Presidenti z. Alfred Moisiu p\u00ebrsh\u00ebndeti t\u00eb gjith\u00eb besimtar\u00ebt, duke theksuar r\u00ebnd\u00ebsin\u00eb e madhe t\u00eb mesazhit&nbsp; t\u00eb Pashk\u00ebs, i cili m\u00ebshon fort n\u00eb dashurin\u00eb p\u00ebr nj\u00ebri-tjetrin, n\u00eb toleranc\u00eb, bashk\u00ebpunim etj.<br \/> <\/span><\/span><\/span><\/div>\n<div style=\"text-align: justify;\"><span style=\"color: #000000;\"><span style=\"font-family: tahoma,geneva,sans-serif;\"><span style=\"font-size: 12px;\"><\/span><\/span><\/span><\/div>\n<div style=\"text-align: justify;\"><span style=\"color: #000000;\"><span style=\"font-family: tahoma,geneva,sans-serif;\"><span style=\"font-size: 12px;\">&nbsp;&nbsp; Po at\u00eb dit\u00eb n\u00eb m\u00ebngjes Sh\u00ebrbesa e Dashuris\u00eb u kremtua edhe n\u00eb kishat e Sh\u00ebn Spiridhonit dhe t\u00eb Sh\u00ebn Gjergjit n\u00eb Berat. &nbsp;<br \/> <\/span><\/span><\/span><\/div>\n<div style=\"text-align: justify;\">&nbsp;<\/div>\n<div style=\"text-align: justify;\"><span style=\"color: #000000;\"><span style=\"font-family: tahoma,geneva,sans-serif;\"><span style=\"font-size: 12px;\"><img decoding=\"async\" class=\"lazyload HAa Eha\" style=\"height: 187px; width: 250px; border-width: 1px; border-style: solid; margin: 10px; float: left;\" alt=\"\" src=\"data:image\/gif;base64,R0lGODlhAQABAAAAACH5BAEKAAEALAAAAAABAAEAAAICTAEAOw==\" data-orig-src=\"https:\/\/lh4.googleusercontent.com\/-TqF9615DKeU\/VIbZGm5ErNI\/AAAAAAAAFWk\/zhM-NZq3A_0\/w312-h233-no\/pic3h.jpg\" \/><\/span><\/span><\/span><\/div>\n<div style=\"text-align: justify;\"><span style=\"color: #000000;\"><span style=\"font-family: tahoma,geneva,sans-serif;\"><span style=\"font-size: 12px;\">&nbsp;&nbsp;&nbsp; Me rastin e fest\u00ebs s\u00eb Pashk\u00ebs u organizua edhe pritja festive, ku nderuan me ardhjen e tyre personalitete t\u00eb politik\u00ebs dhe kultur\u00ebs, p\u00ebrfaq\u00ebsues t\u00eb komuniteteve t\u00eb tjera fetare si edhe shum\u00eb besimtar\u00eb t\u00eb Dioqez\u00ebs. Me k\u00ebt\u00eb rast mitropoliti&nbsp; theksoi se mesazhi i Pashk\u00ebs \u00ebsht\u00eb triumfi i Krishtit fitimtar ndaj vdekjes. Ai na ngaz\u00ebllon shpirtrat dhe ngjall shpresat. Ky triumf ngaz\u00ebllimi ndri\u00e7on n\u00eb bot\u00eb virtytin dhe shenjt\u00ebrimin si: drejt\u00ebsin\u00eb, ndershm\u00ebrin\u00eb, vet\u00ebsakrifikimin dhe lutjen, sepse Ai dhuroi me Ngjalljen e Tij jet\u00ebn e re dhe t\u00eb amshuar p\u00ebr t\u00eb gjith\u00eb ata q\u00eb e duan.<br \/> <\/span><\/span><\/span><\/div>\n<div style=\"text-align: justify;\">&nbsp;<\/div>\n<div style=\"text-align: justify;\"><span style=\"color: #000000;\"><span style=\"font-family: tahoma,geneva,sans-serif;\"><span style=\"font-size: 12px;\">&nbsp;&nbsp;&nbsp; Edhe t\u00eb nes\u00ebrmen, dt. 24, n\u00eb rrugicat dhe kalldr\u00ebmet e kalas\u00eb s\u00eb mo\u00e7me nuk kishte qet\u00ebsi. Shum\u00eb besimtar\u00eb kishin ardhur her\u00ebt n\u00eb m\u00ebngjes, jo vet\u00ebm nga qyteti, por edhe nga zonat p\u00ebrreth p\u00ebr t\u00eb marr\u00eb pjes\u00eb n\u00eb t\u00eb kremten p\u00ebr nder t\u00eb Sh\u00ebn Gjergjit, n\u00eb kish\u00ebn me t\u00eb nj\u00ebjtin em\u00ebr, ku u krye edhe Liturgjia Hyjnore e drejtuar nga Hir\u00ebsi Ignati. N\u00eb predikimin e tij, Mitropoliti vuri n\u00eb dukje guximin, shpres\u00ebn, dashurin\u00eb e shenjtit dhe t\u00eb t\u00eb gjith\u00eb shenjtor\u00ebve, q\u00eb burojn\u00eb nga dashuria p\u00ebr Per\u00ebndin\u00eb dhe p\u00ebrjetimi i Ngjalljes s\u00eb Jisu Krishtit, shembull q\u00eb duhet t\u00eb na karakterizoj\u00eb t\u00eb gjith\u00ebve ne si besimtar\u00eb.<br \/> &nbsp;<br \/> <\/span><\/span><\/span><\/div>\n<div style=\"text-align: right;\"><strong><span style=\"color: #000000;\"><span style=\"font-family: tahoma,geneva,sans-serif;\"><span style=\"font-size: 12px;\">Ilia Zaka, Sotiraq Mishaxhi &#8211; Berat<\/span><\/span><\/span><\/strong><\/div>\n<div style=\"text-align: right;\">&nbsp;<\/div>\n<div style=\"text-align: center;\"><img decoding=\"async\" class=\"lazyload HAa Eha\" style=\"border-width: 1px; border-style: solid; margin: 10px;\" alt=\"\" src=\"data:image\/gif;base64,R0lGODlhAQABAAAAACH5BAEKAAEALAAAAAABAAEAAAICTAEAOw==\" data-orig-src=\"https:\/\/lh6.googleusercontent.com\/-8RMc8EGabwU\/VIbZFoL1OEI\/AAAAAAAAFXE\/o8j-Rv9rYTI\/w600-h450-no\/i.jpg\" \/><\/div>\n<div style=\"text-align: center;\">&nbsp;<\/div>\n<div style=\"text-align: center;\"><img decoding=\"async\" class=\"lazyload HAa Eha\" style=\"border-width: 1px; border-style: solid; margin: 10px;\" alt=\"\" src=\"data:image\/gif;base64,R0lGODlhAQABAAAAACH5BAEKAAEALAAAAAABAAEAAAICTAEAOw==\" data-orig-src=\"https:\/\/lh4.googleusercontent.com\/-_BGnQ9k44uY\/VIbZGfQw6bI\/AAAAAAAAFWg\/3LI0mE6dCHU\/w450-h600-no\/o.jpg\" \/><\/div>\n<div style=\"text-align: center;\">&nbsp;<\/div>\n<div style=\"text-align: center;\"><img decoding=\"async\" class=\"lazyload HAa Eha\" style=\"border-width: 1px; border-style: solid; margin: 10px;\" alt=\"\" src=\"data:image\/gif;base64,R0lGODlhAQABAAAAACH5BAEKAAEALAAAAAABAAEAAAICTAEAOw==\" data-orig-src=\"https:\/\/lh4.googleusercontent.com\/-3sWmnQQE930\/VIbZGJAh8hI\/AAAAAAAAFW8\/CummG363HiE\/w600-h450-no\/m.jpg\" \/><\/div>\n<div style=\"text-align: center;\">&nbsp;<\/div>\n<div style=\"text-align: center;\"><img decoding=\"async\" class=\"lazyload HAa Eha\" style=\"border-width: 1px; border-style: solid; margin: 10px;\" alt=\"\" src=\"data:image\/gif;base64,R0lGODlhAQABAAAAACH5BAEKAAEALAAAAAABAAEAAAICTAEAOw==\" data-orig-src=\"https:\/\/lh5.googleusercontent.com\/-spBAdf_4z7s\/VIbZH-z5UMI\/AAAAAAAAFXA\/lZvnPQk2vA0\/w450-h600-no\/unti.jpg\" \/><\/div>\n<div style=\"text-align: center;\">&nbsp;<\/div>\n<div style=\"text-align: center;\"><img decoding=\"async\" class=\"lazyload HAa Eha\" style=\"border-width: 1px; border-style: solid; margin: 10px;\" alt=\"\" src=\"data:image\/gif;base64,R0lGODlhAQABAAAAACH5BAEKAAEALAAAAAABAAEAAAICTAEAOw==\" data-orig-src=\"https:\/\/lh3.googleusercontent.com\/-GjypLTyWu_Y\/VIbZHQGbrhI\/AAAAAAAAFWw\/oLeEWbIPPJA\/w600-h450-no\/un.jpg\" \/><\/div>\n<div style=\"text-align: center;\">&nbsp;<\/div>\n<div style=\"text-align: center;\"><img decoding=\"async\" class=\"lazyload HAa Eha\" style=\"border-width: 1px; border-style: solid; margin: 10px;\" alt=\"\" src=\"data:image\/gif;base64,R0lGODlhAQABAAAAACH5BAEKAAEALAAAAAABAAEAAAICTAEAOw==\" data-orig-src=\"https:\/\/lh5.googleusercontent.com\/-YVVp1HlN1kY\/VIbZFMl1VEI\/AAAAAAAAFXQ\/qR7pqbrTE-o\/w600-h491-no\/d6.jpg\" \/><\/div>\n<div style=\"text-align: center;\">&nbsp;<\/div>\n<div style=\"text-align: center;\"><img decoding=\"async\" class=\"lazyload HAa Eha\" style=\"border-width: 1px; border-style: solid; margin: 10px;\" alt=\"\" src=\"data:image\/gif;base64,R0lGODlhAQABAAAAACH5BAEKAAEALAAAAAABAAEAAAICTAEAOw==\" data-orig-src=\"https:\/\/lh6.googleusercontent.com\/-xmi6T-ZZQIk\/VIbZHKBTB7I\/AAAAAAAAFW4\/eiAAs5-7zr8\/w600-h450-no\/ti.jpg\" \/><\/div>\n<div style=\"text-align: center;\">&nbsp;<\/div>\n<div style=\"text-align: center;\"><img decoding=\"async\" class=\"lazyload HAa Eha\" style=\"border-width: 1px; border-style: solid; margin: 10px;\" alt=\"\" src=\"data:image\/gif;base64,R0lGODlhAQABAAAAACH5BAEKAAEALAAAAAABAAEAAAICTAEAOw==\" data-orig-src=\"https:\/\/lh4.googleusercontent.com\/-m3k22TEFraM\/VIbZFIW6iHI\/AAAAAAAAFXI\/r05FsAjTVzY\/w640-h480-no\/8.jpg\" \/><\/div>\n","protected":false},"excerpt":{"rendered":"<p>&nbsp;&nbsp;&nbsp; Edhe n\u00eb Dioqez\u00ebn e Beratit, Java e Madhe, e cila u finalizua me Ngjalljen e Zotit Jisu Krisht, u kremtua me madh\u00ebshti. Mitropoliti i Beratit gjat\u00eb k\u00ebsaj jave kreu sh\u00ebrbesat paskale n\u00eb disa kisha n\u00eb Berat, n\u00eb Vlor\u00eb, n\u00eb Fier. &nbsp; &nbsp;&nbsp; K\u00ebshtu t\u00eb Diel\u00ebn e Dafinave dhe deri t\u00eb Enjten e Madhe ai kreu sh\u00ebrbesat e Dh\u00ebnd\u00ebrit, Efqelin\u00eb dhe Kryq\u00ebzimin n\u00eb kish\u00ebn historike<\/p>\n","protected":false},"author":1,"featured_media":0,"comment_status":"open","ping_status":"open","sticky":false,"template":"","format":"standard","meta":{"_acf_changed":false,"pagelayer_contact_templates":[],"_pagelayer_content":"","inline_featured_image":false,"fifu_image_url":"","fifu_image_alt":"","footnotes":""},"categories":[108],"tags":[148,212,197,189],"class_list":["post-820","post","type-post","status-publish","format-standard","hentry","category-lajme","tag-148","tag-lajme-d27","tag-berat","tag-pashke-2014"],"acf":[],"yoast_head":"<!-- This site is optimized with the Yoast SEO plugin v27.2 - https:\/\/yoast.com\/product\/yoast-seo-wordpress\/ -->\n<title>Kremtimi paskal n\u00eb Berat. (Prill 2006) - Kisha Orthodh\u03bfkse Autoqefale e Shqip\u00ebris\u00eb<\/title>\n<meta name=\"robots\" content=\"index, follow, max-snippet:-1, max-image-preview:large, max-video-preview:-1\" \/>\n<link rel=\"canonical\" href=\"https:\/\/orthodoxalbania.org\/2020\/2006\/02\/26\/kremtimi-paskal-ne-berat-prill-06\/\" \/>\n<meta property=\"og:locale\" content=\"en_US\" \/>\n<meta property=\"og:type\" content=\"article\" \/>\n<meta property=\"og:title\" content=\"Kremtimi paskal n\u00eb Berat. (Prill 2006) - Kisha Orthodh\u03bfkse Autoqefale e Shqip\u00ebris\u00eb\" \/>\n<meta property=\"og:description\" content=\"&nbsp;&nbsp;&nbsp; Edhe n\u00eb Dioqez\u00ebn e Beratit, Java e Madhe, e cila u finalizua me Ngjalljen e Zotit Jisu Krisht, u kremtua me madh\u00ebshti. Mitropoliti i Beratit gjat\u00eb k\u00ebsaj jave kreu sh\u00ebrbesat paskale n\u00eb disa kisha n\u00eb Berat, n\u00eb Vlor\u00eb, n\u00eb Fier. &nbsp; &nbsp;&nbsp; K\u00ebshtu t\u00eb Diel\u00ebn e Dafinave dhe deri t\u00eb Enjten e Madhe ai kreu sh\u00ebrbesat e Dh\u00ebnd\u00ebrit, Efqelin\u00eb dhe Kryq\u00ebzimin n\u00eb kish\u00ebn historike\" \/>\n<meta property=\"og:url\" content=\"https:\/\/orthodoxalbania.org\/2020\/2006\/02\/26\/kremtimi-paskal-ne-berat-prill-06\/\" \/>\n<meta property=\"og:site_name\" content=\"Kisha Orthodh\u03bfkse Autoqefale e Shqip\u00ebris\u00eb\" \/>\n<meta property=\"article:publisher\" content=\"https:\/\/www.facebook.com\/koash1991\" \/>\n<meta property=\"article:published_time\" content=\"2006-02-26T00:00:00+00:00\" \/>\n<meta property=\"article:modified_time\" content=\"2020-04-06T20:35:58+00:00\" \/>\n<meta property=\"og:image\" content=\"https:\/\/lh4.googleusercontent.com\/-WY7b-AWu0B0\/VIbZWvrAC0I\/AAAAAAAAFXk\/nkX88lWjHns\/w331-h250-no\/1netextngjalljashMarianekala1jpg.jpg\" \/>\n<meta name=\"author\" content=\"Kisha Orthodhokse\" \/>\n<meta name=\"twitter:card\" content=\"summary_large_image\" \/>\n<meta name=\"twitter:label1\" content=\"Written by\" \/>\n\t<meta name=\"twitter:data1\" content=\"Kisha Orthodhokse\" \/>\n\t<meta name=\"twitter:label2\" content=\"Est. reading time\" \/>\n\t<meta name=\"twitter:data2\" content=\"5 minutes\" \/>\n<script type=\"application\/ld+json\" class=\"yoast-schema-graph\">{\"@context\":\"https:\/\/schema.org\",\"@graph\":[{\"@type\":\"Article\",\"@id\":\"https:\/\/orthodoxalbania.org\/2020\/2006\/02\/26\/kremtimi-paskal-ne-berat-prill-06\/#article\",\"isPartOf\":{\"@id\":\"https:\/\/orthodoxalbania.org\/2020\/2006\/02\/26\/kremtimi-paskal-ne-berat-prill-06\/\"},\"author\":{\"name\":\"Kisha Orthodhokse\",\"@id\":\"https:\/\/orthodoxalbania.org\/2020\/#\/schema\/person\/0c387634a7063ac612d7ed9ce71c7e86\"},\"headline\":\"Kremtimi paskal n\u00eb Berat. (Prill 2006)\",\"datePublished\":\"2006-02-26T00:00:00+00:00\",\"dateModified\":\"2020-04-06T20:35:58+00:00\",\"mainEntityOfPage\":{\"@id\":\"https:\/\/orthodoxalbania.org\/2020\/2006\/02\/26\/kremtimi-paskal-ne-berat-prill-06\/\"},\"wordCount\":1055,\"commentCount\":0,\"publisher\":{\"@id\":\"https:\/\/orthodoxalbania.org\/2020\/#organization\"},\"image\":{\"@id\":\"https:\/\/orthodoxalbania.org\/2020\/2006\/02\/26\/kremtimi-paskal-ne-berat-prill-06\/#primaryimage\"},\"thumbnailUrl\":\"https:\/\/lh4.googleusercontent.com\/-WY7b-AWu0B0\/VIbZWvrAC0I\/AAAAAAAAFXk\/nkX88lWjHns\/w331-h250-no\/1netextngjalljashMarianekala1jpg.jpg\",\"keywords\":[\"2006\",\"lajme\",\"Mitropolia Berat\",\"Pashk\u00eb\"],\"articleSection\":[\"Lajme\"],\"inLanguage\":\"en-US\"},{\"@type\":\"WebPage\",\"@id\":\"https:\/\/orthodoxalbania.org\/2020\/2006\/02\/26\/kremtimi-paskal-ne-berat-prill-06\/\",\"url\":\"https:\/\/orthodoxalbania.org\/2020\/2006\/02\/26\/kremtimi-paskal-ne-berat-prill-06\/\",\"name\":\"Kremtimi paskal n\u00eb Berat. (Prill 2006) - Kisha Orthodh\u03bfkse Autoqefale e Shqip\u00ebris\u00eb\",\"isPartOf\":{\"@id\":\"https:\/\/orthodoxalbania.org\/2020\/#website\"},\"primaryImageOfPage\":{\"@id\":\"https:\/\/orthodoxalbania.org\/2020\/2006\/02\/26\/kremtimi-paskal-ne-berat-prill-06\/#primaryimage\"},\"image\":{\"@id\":\"https:\/\/orthodoxalbania.org\/2020\/2006\/02\/26\/kremtimi-paskal-ne-berat-prill-06\/#primaryimage\"},\"thumbnailUrl\":\"https:\/\/lh4.googleusercontent.com\/-WY7b-AWu0B0\/VIbZWvrAC0I\/AAAAAAAAFXk\/nkX88lWjHns\/w331-h250-no\/1netextngjalljashMarianekala1jpg.jpg\",\"datePublished\":\"2006-02-26T00:00:00+00:00\",\"dateModified\":\"2020-04-06T20:35:58+00:00\",\"breadcrumb\":{\"@id\":\"https:\/\/orthodoxalbania.org\/2020\/2006\/02\/26\/kremtimi-paskal-ne-berat-prill-06\/#breadcrumb\"},\"inLanguage\":\"en-US\",\"potentialAction\":[{\"@type\":\"ReadAction\",\"target\":[\"https:\/\/orthodoxalbania.org\/2020\/2006\/02\/26\/kremtimi-paskal-ne-berat-prill-06\/\"]}]},{\"@type\":\"ImageObject\",\"inLanguage\":\"en-US\",\"@id\":\"https:\/\/orthodoxalbania.org\/2020\/2006\/02\/26\/kremtimi-paskal-ne-berat-prill-06\/#primaryimage\",\"url\":\"https:\/\/lh4.googleusercontent.com\/-WY7b-AWu0B0\/VIbZWvrAC0I\/AAAAAAAAFXk\/nkX88lWjHns\/w331-h250-no\/1netextngjalljashMarianekala1jpg.jpg\",\"contentUrl\":\"https:\/\/lh4.googleusercontent.com\/-WY7b-AWu0B0\/VIbZWvrAC0I\/AAAAAAAAFXk\/nkX88lWjHns\/w331-h250-no\/1netextngjalljashMarianekala1jpg.jpg\"},{\"@type\":\"BreadcrumbList\",\"@id\":\"https:\/\/orthodoxalbania.org\/2020\/2006\/02\/26\/kremtimi-paskal-ne-berat-prill-06\/#breadcrumb\",\"itemListElement\":[{\"@type\":\"ListItem\",\"position\":1,\"name\":\"Home\",\"item\":\"https:\/\/orthodoxalbania.org\/2020\/\"},{\"@type\":\"ListItem\",\"position\":2,\"name\":\"Kremtimi paskal n\u00eb Berat. (Prill 2006)\"}]},{\"@type\":\"WebSite\",\"@id\":\"https:\/\/orthodoxalbania.org\/2020\/#website\",\"url\":\"https:\/\/orthodoxalbania.org\/2020\/\",\"name\":\"Kisha Orthodh\u03bfkse Autoqefale e Shqip\u00ebris\u00eb\",\"description\":\"Fqja Zyrtare e Kish\u00ebs Orthodhokse Autoqefale e Shqip\u00ebris\u00eb me lajmet edhe informacionet zyrtare p\u00ebr struktur\u00ebn edhe veprimtarin e saj.\",\"publisher\":{\"@id\":\"https:\/\/orthodoxalbania.org\/2020\/#organization\"},\"potentialAction\":[{\"@type\":\"SearchAction\",\"target\":{\"@type\":\"EntryPoint\",\"urlTemplate\":\"https:\/\/orthodoxalbania.org\/2020\/?s={search_term_string}\"},\"query-input\":{\"@type\":\"PropertyValueSpecification\",\"valueRequired\":true,\"valueName\":\"search_term_string\"}}],\"inLanguage\":\"en-US\"},{\"@type\":\"Organization\",\"@id\":\"https:\/\/orthodoxalbania.org\/2020\/#organization\",\"name\":\"Kisha Orthodhokse Autoqefale e Shqip\u00ebris\u00eb\",\"url\":\"https:\/\/orthodoxalbania.org\/2020\/\",\"logo\":{\"@type\":\"ImageObject\",\"inLanguage\":\"en-US\",\"@id\":\"https:\/\/orthodoxalbania.org\/2020\/#\/schema\/logo\/image\/\",\"url\":\"https:\/\/orthodoxalbania.org\/2020\/wp-content\/uploads\/2020\/05\/albania.jpeg\",\"contentUrl\":\"https:\/\/orthodoxalbania.org\/2020\/wp-content\/uploads\/2020\/05\/albania.jpeg\",\"width\":540,\"height\":540,\"caption\":\"Kisha Orthodhokse Autoqefale e Shqip\u00ebris\u00eb\"},\"image\":{\"@id\":\"https:\/\/orthodoxalbania.org\/2020\/#\/schema\/logo\/image\/\"},\"sameAs\":[\"https:\/\/www.facebook.com\/koash1991\"]},{\"@type\":\"Person\",\"@id\":\"https:\/\/orthodoxalbania.org\/2020\/#\/schema\/person\/0c387634a7063ac612d7ed9ce71c7e86\",\"name\":\"Kisha Orthodhokse\",\"image\":{\"@type\":\"ImageObject\",\"inLanguage\":\"en-US\",\"@id\":\"https:\/\/secure.gravatar.com\/avatar\/596e7c417251e30f2fbb9c00e026fce61a695a00e51c889caded71c96cbbdde5?s=96&d=mm&r=g\",\"url\":\"https:\/\/secure.gravatar.com\/avatar\/596e7c417251e30f2fbb9c00e026fce61a695a00e51c889caded71c96cbbdde5?s=96&d=mm&r=g\",\"contentUrl\":\"https:\/\/secure.gravatar.com\/avatar\/596e7c417251e30f2fbb9c00e026fce61a695a00e51c889caded71c96cbbdde5?s=96&d=mm&r=g\",\"caption\":\"Kisha Orthodhokse\"}}]}<\/script>\n<!-- \/ Yoast SEO plugin. -->","yoast_head_json":{"title":"Kremtimi paskal n\u00eb Berat. (Prill 2006) - Kisha Orthodh\u03bfkse Autoqefale e Shqip\u00ebris\u00eb","robots":{"index":"index","follow":"follow","max-snippet":"max-snippet:-1","max-image-preview":"max-image-preview:large","max-video-preview":"max-video-preview:-1"},"canonical":"https:\/\/orthodoxalbania.org\/2020\/2006\/02\/26\/kremtimi-paskal-ne-berat-prill-06\/","og_locale":"en_US","og_type":"article","og_title":"Kremtimi paskal n\u00eb Berat. (Prill 2006) - Kisha Orthodh\u03bfkse Autoqefale e Shqip\u00ebris\u00eb","og_description":"&nbsp;&nbsp;&nbsp; Edhe n\u00eb Dioqez\u00ebn e Beratit, Java e Madhe, e cila u finalizua me Ngjalljen e Zotit Jisu Krisht, u kremtua me madh\u00ebshti. Mitropoliti i Beratit gjat\u00eb k\u00ebsaj jave kreu sh\u00ebrbesat paskale n\u00eb disa kisha n\u00eb Berat, n\u00eb Vlor\u00eb, n\u00eb Fier. &nbsp; &nbsp;&nbsp; K\u00ebshtu t\u00eb Diel\u00ebn e Dafinave dhe deri t\u00eb Enjten e Madhe ai kreu sh\u00ebrbesat e Dh\u00ebnd\u00ebrit, Efqelin\u00eb dhe Kryq\u00ebzimin n\u00eb kish\u00ebn historike","og_url":"https:\/\/orthodoxalbania.org\/2020\/2006\/02\/26\/kremtimi-paskal-ne-berat-prill-06\/","og_site_name":"Kisha Orthodh\u03bfkse Autoqefale e Shqip\u00ebris\u00eb","article_publisher":"https:\/\/www.facebook.com\/koash1991","article_published_time":"2006-02-26T00:00:00+00:00","article_modified_time":"2020-04-06T20:35:58+00:00","og_image":[{"url":"https:\/\/lh4.googleusercontent.com\/-WY7b-AWu0B0\/VIbZWvrAC0I\/AAAAAAAAFXk\/nkX88lWjHns\/w331-h250-no\/1netextngjalljashMarianekala1jpg.jpg","type":"","width":"","height":""}],"author":"Kisha Orthodhokse","twitter_card":"summary_large_image","twitter_misc":{"Written by":"Kisha Orthodhokse","Est. reading time":"5 minutes"},"schema":{"@context":"https:\/\/schema.org","@graph":[{"@type":"Article","@id":"https:\/\/orthodoxalbania.org\/2020\/2006\/02\/26\/kremtimi-paskal-ne-berat-prill-06\/#article","isPartOf":{"@id":"https:\/\/orthodoxalbania.org\/2020\/2006\/02\/26\/kremtimi-paskal-ne-berat-prill-06\/"},"author":{"name":"Kisha Orthodhokse","@id":"https:\/\/orthodoxalbania.org\/2020\/#\/schema\/person\/0c387634a7063ac612d7ed9ce71c7e86"},"headline":"Kremtimi paskal n\u00eb Berat. (Prill 2006)","datePublished":"2006-02-26T00:00:00+00:00","dateModified":"2020-04-06T20:35:58+00:00","mainEntityOfPage":{"@id":"https:\/\/orthodoxalbania.org\/2020\/2006\/02\/26\/kremtimi-paskal-ne-berat-prill-06\/"},"wordCount":1055,"commentCount":0,"publisher":{"@id":"https:\/\/orthodoxalbania.org\/2020\/#organization"},"image":{"@id":"https:\/\/orthodoxalbania.org\/2020\/2006\/02\/26\/kremtimi-paskal-ne-berat-prill-06\/#primaryimage"},"thumbnailUrl":"https:\/\/lh4.googleusercontent.com\/-WY7b-AWu0B0\/VIbZWvrAC0I\/AAAAAAAAFXk\/nkX88lWjHns\/w331-h250-no\/1netextngjalljashMarianekala1jpg.jpg","keywords":["2006","lajme","Mitropolia Berat","Pashk\u00eb"],"articleSection":["Lajme"],"inLanguage":"en-US"},{"@type":"WebPage","@id":"https:\/\/orthodoxalbania.org\/2020\/2006\/02\/26\/kremtimi-paskal-ne-berat-prill-06\/","url":"https:\/\/orthodoxalbania.org\/2020\/2006\/02\/26\/kremtimi-paskal-ne-berat-prill-06\/","name":"Kremtimi paskal n\u00eb Berat. (Prill 2006) - Kisha Orthodh\u03bfkse Autoqefale e Shqip\u00ebris\u00eb","isPartOf":{"@id":"https:\/\/orthodoxalbania.org\/2020\/#website"},"primaryImageOfPage":{"@id":"https:\/\/orthodoxalbania.org\/2020\/2006\/02\/26\/kremtimi-paskal-ne-berat-prill-06\/#primaryimage"},"image":{"@id":"https:\/\/orthodoxalbania.org\/2020\/2006\/02\/26\/kremtimi-paskal-ne-berat-prill-06\/#primaryimage"},"thumbnailUrl":"https:\/\/lh4.googleusercontent.com\/-WY7b-AWu0B0\/VIbZWvrAC0I\/AAAAAAAAFXk\/nkX88lWjHns\/w331-h250-no\/1netextngjalljashMarianekala1jpg.jpg","datePublished":"2006-02-26T00:00:00+00:00","dateModified":"2020-04-06T20:35:58+00:00","breadcrumb":{"@id":"https:\/\/orthodoxalbania.org\/2020\/2006\/02\/26\/kremtimi-paskal-ne-berat-prill-06\/#breadcrumb"},"inLanguage":"en-US","potentialAction":[{"@type":"ReadAction","target":["https:\/\/orthodoxalbania.org\/2020\/2006\/02\/26\/kremtimi-paskal-ne-berat-prill-06\/"]}]},{"@type":"ImageObject","inLanguage":"en-US","@id":"https:\/\/orthodoxalbania.org\/2020\/2006\/02\/26\/kremtimi-paskal-ne-berat-prill-06\/#primaryimage","url":"https:\/\/lh4.googleusercontent.com\/-WY7b-AWu0B0\/VIbZWvrAC0I\/AAAAAAAAFXk\/nkX88lWjHns\/w331-h250-no\/1netextngjalljashMarianekala1jpg.jpg","contentUrl":"https:\/\/lh4.googleusercontent.com\/-WY7b-AWu0B0\/VIbZWvrAC0I\/AAAAAAAAFXk\/nkX88lWjHns\/w331-h250-no\/1netextngjalljashMarianekala1jpg.jpg"},{"@type":"BreadcrumbList","@id":"https:\/\/orthodoxalbania.org\/2020\/2006\/02\/26\/kremtimi-paskal-ne-berat-prill-06\/#breadcrumb","itemListElement":[{"@type":"ListItem","position":1,"name":"Home","item":"https:\/\/orthodoxalbania.org\/2020\/"},{"@type":"ListItem","position":2,"name":"Kremtimi paskal n\u00eb Berat. (Prill 2006)"}]},{"@type":"WebSite","@id":"https:\/\/orthodoxalbania.org\/2020\/#website","url":"https:\/\/orthodoxalbania.org\/2020\/","name":"Kisha Orthodh\u03bfkse Autoqefale e Shqip\u00ebris\u00eb","description":"Fqja Zyrtare e Kish\u00ebs Orthodhokse Autoqefale e Shqip\u00ebris\u00eb me lajmet edhe informacionet zyrtare p\u00ebr struktur\u00ebn edhe veprimtarin e saj.","publisher":{"@id":"https:\/\/orthodoxalbania.org\/2020\/#organization"},"potentialAction":[{"@type":"SearchAction","target":{"@type":"EntryPoint","urlTemplate":"https:\/\/orthodoxalbania.org\/2020\/?s={search_term_string}"},"query-input":{"@type":"PropertyValueSpecification","valueRequired":true,"valueName":"search_term_string"}}],"inLanguage":"en-US"},{"@type":"Organization","@id":"https:\/\/orthodoxalbania.org\/2020\/#organization","name":"Kisha Orthodhokse Autoqefale e Shqip\u00ebris\u00eb","url":"https:\/\/orthodoxalbania.org\/2020\/","logo":{"@type":"ImageObject","inLanguage":"en-US","@id":"https:\/\/orthodoxalbania.org\/2020\/#\/schema\/logo\/image\/","url":"https:\/\/orthodoxalbania.org\/2020\/wp-content\/uploads\/2020\/05\/albania.jpeg","contentUrl":"https:\/\/orthodoxalbania.org\/2020\/wp-content\/uploads\/2020\/05\/albania.jpeg","width":540,"height":540,"caption":"Kisha Orthodhokse Autoqefale e Shqip\u00ebris\u00eb"},"image":{"@id":"https:\/\/orthodoxalbania.org\/2020\/#\/schema\/logo\/image\/"},"sameAs":["https:\/\/www.facebook.com\/koash1991"]},{"@type":"Person","@id":"https:\/\/orthodoxalbania.org\/2020\/#\/schema\/person\/0c387634a7063ac612d7ed9ce71c7e86","name":"Kisha Orthodhokse","image":{"@type":"ImageObject","inLanguage":"en-US","@id":"https:\/\/secure.gravatar.com\/avatar\/596e7c417251e30f2fbb9c00e026fce61a695a00e51c889caded71c96cbbdde5?s=96&d=mm&r=g","url":"https:\/\/secure.gravatar.com\/avatar\/596e7c417251e30f2fbb9c00e026fce61a695a00e51c889caded71c96cbbdde5?s=96&d=mm&r=g","contentUrl":"https:\/\/secure.gravatar.com\/avatar\/596e7c417251e30f2fbb9c00e026fce61a695a00e51c889caded71c96cbbdde5?s=96&d=mm&r=g","caption":"Kisha Orthodhokse"}}]}},"_links":{"self":[{"href":"https:\/\/orthodoxalbania.org\/2020\/wp-json\/wp\/v2\/posts\/820","targetHints":{"allow":["GET"]}}],"collection":[{"href":"https:\/\/orthodoxalbania.org\/2020\/wp-json\/wp\/v2\/posts"}],"about":[{"href":"https:\/\/orthodoxalbania.org\/2020\/wp-json\/wp\/v2\/types\/post"}],"author":[{"embeddable":true,"href":"https:\/\/orthodoxalbania.org\/2020\/wp-json\/wp\/v2\/users\/1"}],"replies":[{"embeddable":true,"href":"https:\/\/orthodoxalbania.org\/2020\/wp-json\/wp\/v2\/comments?post=820"}],"version-history":[{"count":1,"href":"https:\/\/orthodoxalbania.org\/2020\/wp-json\/wp\/v2\/posts\/820\/revisions"}],"predecessor-version":[{"id":15812,"href":"https:\/\/orthodoxalbania.org\/2020\/wp-json\/wp\/v2\/posts\/820\/revisions\/15812"}],"wp:attachment":[{"href":"https:\/\/orthodoxalbania.org\/2020\/wp-json\/wp\/v2\/media?parent=820"}],"wp:term":[{"taxonomy":"category","embeddable":true,"href":"https:\/\/orthodoxalbania.org\/2020\/wp-json\/wp\/v2\/categories?post=820"},{"taxonomy":"post_tag","embeddable":true,"href":"https:\/\/orthodoxalbania.org\/2020\/wp-json\/wp\/v2\/tags?post=820"}],"curies":[{"name":"wp","href":"https:\/\/api.w.org\/{rel}","templated":true}]}}