{"id":819,"date":"2006-02-27T08:17:00","date_gmt":"2006-02-27T08:17:00","guid":{"rendered":""},"modified":"2020-04-06T22:35:57","modified_gmt":"2020-04-06T20:35:57","slug":"kremtimi-i-tre-hierarkeve-ne-akademine-teologjike-janar-06","status":"publish","type":"post","link":"https:\/\/orthodoxalbania.org\/2020\/2006\/02\/27\/kremtimi-i-tre-hierarkeve-ne-akademine-teologjike-janar-06\/","title":{"rendered":"Kremtimi i Tre Hierark\u00ebve n\u00eb Akademin\u00eb Teologjike. (30 Janar 2006)"},"content":{"rendered":"<p class=\"MsoNormal\" style=\"text-align: justify; text-indent: 18.7pt; line-height: 150%;\"><span style=\"color: #000000;\"><span style=\"font-family: Arial;\"><span style=\"font-family: Arial;\"><img class=\"lazyload\" decoding=\"async\" style=\"float: left; margin: 10px; border-width: 1px; border-style: solid;\" alt=\"\" src=\"data:image\/svg+xml,%3Csvg%20xmlns%3D%27http%3A%2F%2Fwww.w3.org%2F2000%2Fsvg%27%20width%3D%27239%27%20height%3D%27179%27%20viewBox%3D%270%200%20239%20179%27%3E%3Crect%20width%3D%27239%27%20height%3D%27179%27%20fill-opacity%3D%220%22%2F%3E%3C%2Fsvg%3E\" data-orig-src=\"https:\/\/lh6.googleusercontent.com\/-OX0OH3J21Mg\/URy_ajmL7sI\/AAAAAAAACAg\/BGYTbbTq0HE\/s330\/episkopimekleriket-foto4.jpg\" height=\"179\" width=\"239\" \/><\/span>&nbsp; <span style=\"font-family: tahoma,geneva,sans-serif;\"><span style=\"font-size: 12px;\">M\u00eb 30 janar, n\u00eb Akademin\u00eb Teologjike \u201cNgjallja e Krishtit\u201d, n\u00eb Sh\u00ebn Vlash t\u00eb Durr\u00ebsit, u kremtua e kremtja e Tre Hierark\u00ebve t\u00eb M\u00ebdhenj (Sh\u00ebn Vasilit t\u00eb Madh, Sh\u00ebn Grigor Teologut dhe Sh\u00ebn Joan Gojartit). E kremte mjaft dometh\u00ebn\u00ebse p\u00ebr pedagog\u00ebt dhe student\u00ebt, t\u00eb cil\u00ebt e konsiderojn\u00eb k\u00ebt\u00eb dit\u00eb si fest\u00ebn e tyre, sepse k\u00ebta Tre Hierark\u00eb kan\u00eb dh\u00ebn\u00eb kontribut mjaft t\u00eb \u00e7muar n\u00eb teologji, shkenc\u00eb dhe arsim.<br \/> <\/span><\/span><\/span><\/span><\/p>\n<p class=\"MsoNormal\" style=\"text-align: justify; text-indent: 18.7pt; line-height: 150%;\"><span style=\"color: #000000;\"><span style=\"font-family: Arial;\"><span style=\"font-family: tahoma,geneva,sans-serif;\"><span style=\"font-size: 12px;\">&nbsp; Kremtimi filloi n\u00eb mbr\u00ebmjen e 29 janarit me Mbr\u00ebm\u00ebsoren e Madhe, n\u00eb t\u00eb cil\u00ebn u b\u00eb edhe Bekimi i Pes\u00eb Buk\u00ebve, duke pasuar m\u00eb pas me nj\u00eb program t\u00eb ve\u00e7ant\u00eb t\u00eb p\u00ebrgatitur nga student\u00ebt e vitit t\u00eb kat\u00ebrt, duke p\u00ebrcjell\u00eb mesazhe shum\u00eb t\u00eb vlefsh\u00ebm nga jet\u00ebshkrimet dhe veprat shembullore t\u00eb k\u00ebtyre tre shenjtor\u00ebve t\u00eb m\u00ebdhenj.<br \/> <\/span><\/span><\/span><\/span><\/p>\n<p class=\"MsoNormal\" style=\"text-align: justify; text-indent: 18.7pt; line-height: 150%;\"><span style=\"color: #000000;\"><span style=\"font-family: Arial;\"><span style=\"font-family: tahoma,geneva,sans-serif;\"><span style=\"font-size: 12px;\"><img class=\"lazyload\" decoding=\"async\" style=\"width: 350px; height: 262px; border-width: 1px; border-style: solid; margin: 10px; float: right;\" alt=\"\" src=\"data:image\/gif;base64,R0lGODlhAQABAAAAACH5BAEKAAEALAAAAAABAAEAAAICTAEAOw==\" data-orig-src=\"https:\/\/lh5.googleusercontent.com\/-xwWJEovWM5g\/URy_fd1rheI\/AAAAAAAACBY\/nbT84KP5f4M\/s330\/koriidjemve-foto3.jpg\" \/>&nbsp; \u201cKy \u00ebsht\u00eb viti i tret\u00eb q\u00eb e kemi caktuar k\u00ebt\u00eb dit\u00eb si fest\u00ebn e Akademis\u00eb q\u00eb, duke nderuar Et\u00ebrit e Shenjt\u00eb, t\u00eb marrim nj\u00eb vendim gjithsecili prej nesh dhe t\u00eb gjith\u00eb <img class=\"lazyload\" decoding=\"async\" style=\"float: left; margin: 10px; border-width: 1px; border-style: solid;\" alt=\"\" src=\"data:image\/svg+xml,%3Csvg%20xmlns%3D%27http%3A%2F%2Fwww.w3.org%2F2000%2Fsvg%27%20width%3D%27246%27%20height%3D%27185%27%20viewBox%3D%270%200%20246%20185%27%3E%3Crect%20width%3D%27246%27%20height%3D%27185%27%20fill-opacity%3D%220%22%2F%3E%3C%2Fsvg%3E\" data-orig-src=\"https:\/\/lh5.googleusercontent.com\/-hVX1H4eYUfc\/URy_ZlheHUI\/AAAAAAAACAY\/IHR989tspDk\/s320\/bekimii5bukeve-foto1.jpg\" height=\"185\" width=\"246\" \/>si Akademi, t\u2019i p\u00ebrkushtojm\u00eb pun\u00ebn ton\u00eb teologjis\u00eb orthodhokse, duke ndar\u00eb forcat dhe talentet tona p\u00ebr lavdin\u00eb e Zotit dhe p\u00ebr Kish\u00ebn Orthodhokse k\u00ebtu n\u00eb Shqip\u00ebri. Uroj pedagog\u00ebt, student\u00ebt, stafin dhe gjith\u00eb besimtar\u00ebt, me nd\u00ebrmjetimet e t\u00eb Tre Hierark\u00ebve, Zoti t\u2019ju dhuroj\u00eb sh\u00ebndet, paqe, lumturi dhe g\u00ebzim, dhe pun\u00ebt tuaja t\u00eb jen\u00eb kurdoher\u00eb t\u00eb bekuara nga Per\u00ebndia, p\u00ebr lavdi dhe p\u00ebr nderin e Tij p\u00ebrgjithmon\u00eb\u201d \u2013 tha gjat\u00eb fjal\u00ebs p\u00ebrsh\u00ebndet\u00ebse dekani i shkoll\u00ebs, Hir\u00ebsi e Tij, Ilia Ketri.<\/span><\/span><\/span><\/span><\/p>\n<p class=\"MsoNormal\" style=\"text-align: justify; text-indent: 18.7pt; line-height: 150%;\"><span style=\"color: #000000;\"><span style=\"font-family: Arial;\"><span style=\"font-family: tahoma,geneva,sans-serif;\"><span style=\"font-size: 12px;\">M\u00ebngjesin e 30 janarit u b\u00eb Liturgjia Hyjnore p\u00ebr nder t\u00eb Tre Hierark\u00ebve. Pas saj u b\u00eb edhe Bekimi i Grurit, t\u00eb shenjtor\u00ebve kremtues si edhe nj\u00eb p\u00ebrshpirtje p\u00ebr t\u00eb gjith\u00eb pedagog\u00ebt e fjetur q\u00eb dhan\u00eb m\u00ebsim dhe kontributin e tyre n\u00eb Akademin\u00eb Teologjike si edhe n\u00eb rritjen dhe zhvillimin e Kish\u00ebs son\u00eb dhe q\u00eb sot nuk ndodhen m\u00eb midis nesh.<\/span><\/span><\/span><span style=\"font-family: Arial;\"><span style=\"font-family: tahoma,geneva,sans-serif;\"><span style=\"font-size: 12px;\"> Pedagogu Thoma \u00c7om\u00ebni, n\u00eb predikim e tij, foli p\u00ebr jet\u00ebn, shkrimet dhe personalitetet e ndritura kishtare, teologjike, pimantike, shkencore t\u00eb shenjtor\u00ebve kremtues.<br \/> <\/span><\/span><\/span><img decoding=\"async\" class=\"lazyload HAa Eha\" style=\"border-width: 1px; border-style: solid; margin: 10px; float: left;\" alt=\"\" src=\"data:image\/svg+xml,%3Csvg%20xmlns%3D%27http%3A%2F%2Fwww.w3.org%2F2000%2Fsvg%27%20width%3D%27220%27%20height%3D%27200%27%20viewBox%3D%270%200%20220%20200%27%3E%3Crect%20width%3D%27220%27%20height%3D%27200%27%20fill-opacity%3D%220%22%2F%3E%3C%2Fsvg%3E\" data-orig-src=\"https:\/\/lh5.googleusercontent.com\/-drGY8df-fpM\/VIbKQKZo1TI\/AAAAAAAAFPc\/UCX2Y3h-Ff4\/w330-h247-no\/foto2.jpg\" height=\"200\" width=\"220\" \/><\/span><\/p>\n<p class=\"MsoNormal\" style=\"text-align: justify; text-indent: 18.7pt; line-height: 150%;\"><span style=\"color: #000000;\"><span style=\"font-family: Arial;\"><span style=\"font-family: tahoma,geneva,sans-serif;\"><span style=\"font-size: 12px;\">&nbsp;&nbsp; Nd\u00ebrsa Hir\u00ebsi Ilia, transmetoi urimet e Kryepiskopit Anastas, duke theksuar se vazhdimisht: \u201cShpirti dhe mendimet e tij jan\u00eb pran\u00eb nesh, sepse dit\u00eb e nat\u00eb kujdeset dhe punon p\u00ebr mbar\u00ebvajtjen e Kish\u00ebs dhe t\u00eb Akademis\u00eb son\u00eb. N\u00eb k\u00ebt\u00eb dit\u00eb e urojm\u00eb p\u00ebr shum\u00eb vjet, Per\u00ebndia t\u2019i dhuroj\u00eb sh\u00ebndet dhe dit\u00eb t\u00eb gjata, urt\u00ebsi dhe fuqi p\u00ebr t\u00eb drejtuar k\u00ebt\u00eb Kish\u00eb dhe p\u00ebr shum\u00eb vjet ta kemi pran\u00eb\u201d. <\/span><\/span><\/span><br \/> <span style=\"font-family: tahoma,geneva,sans-serif;\"><span style=\"font-size: 12px;\"> <\/span><\/span><\/span><\/p>\n<p class=\"MsoNormal\" style=\"text-align: justify; text-indent: 18.7pt; line-height: 150%;\"><span style=\"color: #000000;\"><span style=\"font-family: tahoma,geneva,sans-serif;\"><span style=\"font-size: 12px;\"><span>&nbsp;&nbsp; Kisha jon\u00eb i nderon me madh\u00ebshti Tre Hierark\u00ebt e m\u00ebdhenj, t\u00eb cil\u00ebt vijn\u00eb t\u00eb takohen me shkenc\u00ebtar\u00ebt, pe<\/span><span>dagog\u00ebt, m\u00ebsuesit, student\u00ebt, me mbar\u00eb njer\u00ebzit duke ofruar mesazhin e jet\u00ebs s\u00eb v\u00ebrtet\u00eb, duke realizuar gjith\u00e7ka me pun\u00eb, zell, past\u00ebrti dhe plot\u00ebsi, me ndershm\u00ebri dhe dashuri t\u00eb p\u00ebrulur, me p\u00ebrkushtim dhe pun\u00eb t\u00eb gjithanshme.<\/span><br \/> <\/span><\/span><\/span><\/p>\n<p class=\"MsoNormal\" style=\"text-align: justify; text-indent: 18.7pt; line-height: 150%;\">&nbsp;<\/p>\n<p class=\"MsoNormal\" style=\"text-indent: 18.7pt; line-height: 150%; text-align: right;\"><span style=\"color: #000000;\"><span style=\"font-family: tahoma,geneva,sans-serif;\"><span style=\"font-size: 12px;\"><strong>I<span>sidor Koti<\/span><\/strong><\/span><\/span><\/span><\/p>\n<p class=\"MsoNormal\" style=\"text-align: justify; text-indent: 18.7pt; line-height: 150%;\"> &nbsp;<\/p>\n","protected":false},"excerpt":{"rendered":"<p>&nbsp; M\u00eb 30 janar, n\u00eb Akademin\u00eb Teologjike \u201cNgjallja e Krishtit\u201d, n\u00eb Sh\u00ebn Vlash t\u00eb Durr\u00ebsit, u kremtua e kremtja e Tre Hierark\u00ebve t\u00eb M\u00ebdhenj (Sh\u00ebn Vasilit t\u00eb Madh, Sh\u00ebn Grigor Teologut dhe Sh\u00ebn Joan Gojartit). E kremte mjaft dometh\u00ebn\u00ebse p\u00ebr pedagog\u00ebt dhe student\u00ebt, t\u00eb cil\u00ebt e konsiderojn\u00eb k\u00ebt\u00eb dit\u00eb si fest\u00ebn e tyre, sepse k\u00ebta Tre Hierark\u00eb kan\u00eb dh\u00ebn\u00eb kontribut mjaft t\u00eb \u00e7muar n\u00eb teologji,<\/p>\n","protected":false},"author":1,"featured_media":0,"comment_status":"open","ping_status":"open","sticky":false,"template":"","format":"standard","meta":{"_acf_changed":false,"pagelayer_contact_templates":[],"_pagelayer_content":"","inline_featured_image":false,"fifu_image_url":"","fifu_image_alt":"","footnotes":""},"categories":[108],"tags":[148,157,196,212],"class_list":["post-819","post","type-post","status-publish","format-standard","hentry","category-lajme","tag-148","tag-kremtime","tag-tirane","tag-lajme-d27"],"acf":[],"yoast_head":"<!-- This site is optimized with the Yoast SEO plugin v27.2 - https:\/\/yoast.com\/product\/yoast-seo-wordpress\/ -->\n<title>Kremtimi i Tre Hierark\u00ebve n\u00eb Akademin\u00eb Teologjike. (30 Janar 2006) - Kisha Orthodh\u03bfkse Autoqefale e Shqip\u00ebris\u00eb<\/title>\n<meta name=\"robots\" content=\"index, follow, max-snippet:-1, max-image-preview:large, max-video-preview:-1\" \/>\n<link rel=\"canonical\" href=\"https:\/\/orthodoxalbania.org\/2020\/2006\/02\/27\/kremtimi-i-tre-hierarkeve-ne-akademine-teologjike-janar-06\/\" \/>\n<meta property=\"og:locale\" content=\"en_US\" \/>\n<meta property=\"og:type\" content=\"article\" \/>\n<meta property=\"og:title\" content=\"Kremtimi i Tre Hierark\u00ebve n\u00eb Akademin\u00eb Teologjike. (30 Janar 2006) - Kisha Orthodh\u03bfkse Autoqefale e Shqip\u00ebris\u00eb\" \/>\n<meta property=\"og:description\" content=\"&nbsp; M\u00eb 30 janar, n\u00eb Akademin\u00eb Teologjike \u201cNgjallja e Krishtit\u201d, n\u00eb Sh\u00ebn Vlash t\u00eb Durr\u00ebsit, u kremtua e kremtja e Tre Hierark\u00ebve t\u00eb M\u00ebdhenj (Sh\u00ebn Vasilit t\u00eb Madh, Sh\u00ebn Grigor Teologut dhe Sh\u00ebn Joan Gojartit). E kremte mjaft dometh\u00ebn\u00ebse p\u00ebr pedagog\u00ebt dhe student\u00ebt, t\u00eb cil\u00ebt e konsiderojn\u00eb k\u00ebt\u00eb dit\u00eb si fest\u00ebn e tyre, sepse k\u00ebta Tre Hierark\u00eb kan\u00eb dh\u00ebn\u00eb kontribut mjaft t\u00eb \u00e7muar n\u00eb teologji,\" \/>\n<meta property=\"og:url\" content=\"https:\/\/orthodoxalbania.org\/2020\/2006\/02\/27\/kremtimi-i-tre-hierarkeve-ne-akademine-teologjike-janar-06\/\" \/>\n<meta property=\"og:site_name\" content=\"Kisha Orthodh\u03bfkse Autoqefale e Shqip\u00ebris\u00eb\" \/>\n<meta property=\"article:publisher\" content=\"https:\/\/www.facebook.com\/koash1991\" \/>\n<meta property=\"article:published_time\" content=\"2006-02-27T08:17:00+00:00\" \/>\n<meta property=\"article:modified_time\" content=\"2020-04-06T20:35:57+00:00\" \/>\n<meta property=\"og:image\" content=\"https:\/\/lh6.googleusercontent.com\/-OX0OH3J21Mg\/URy_ajmL7sI\/AAAAAAAACAg\/BGYTbbTq0HE\/s330\/episkopimekleriket-foto4.jpg\" \/>\n<meta name=\"author\" content=\"Kisha Orthodhokse\" \/>\n<meta name=\"twitter:card\" content=\"summary_large_image\" \/>\n<meta name=\"twitter:label1\" content=\"Written by\" \/>\n\t<meta name=\"twitter:data1\" content=\"Kisha Orthodhokse\" \/>\n\t<meta name=\"twitter:label2\" content=\"Est. reading time\" \/>\n\t<meta name=\"twitter:data2\" content=\"3 minutes\" \/>\n<script type=\"application\/ld+json\" class=\"yoast-schema-graph\">{\"@context\":\"https:\/\/schema.org\",\"@graph\":[{\"@type\":\"Article\",\"@id\":\"https:\/\/orthodoxalbania.org\/2020\/2006\/02\/27\/kremtimi-i-tre-hierarkeve-ne-akademine-teologjike-janar-06\/#article\",\"isPartOf\":{\"@id\":\"https:\/\/orthodoxalbania.org\/2020\/2006\/02\/27\/kremtimi-i-tre-hierarkeve-ne-akademine-teologjike-janar-06\/\"},\"author\":{\"name\":\"Kisha Orthodhokse\",\"@id\":\"https:\/\/orthodoxalbania.org\/2020\/#\/schema\/person\/0c387634a7063ac612d7ed9ce71c7e86\"},\"headline\":\"Kremtimi i Tre Hierark\u00ebve n\u00eb Akademin\u00eb Teologjike. (30 Janar 2006)\",\"datePublished\":\"2006-02-27T08:17:00+00:00\",\"dateModified\":\"2020-04-06T20:35:57+00:00\",\"mainEntityOfPage\":{\"@id\":\"https:\/\/orthodoxalbania.org\/2020\/2006\/02\/27\/kremtimi-i-tre-hierarkeve-ne-akademine-teologjike-janar-06\/\"},\"wordCount\":554,\"commentCount\":0,\"publisher\":{\"@id\":\"https:\/\/orthodoxalbania.org\/2020\/#organization\"},\"image\":{\"@id\":\"https:\/\/orthodoxalbania.org\/2020\/2006\/02\/27\/kremtimi-i-tre-hierarkeve-ne-akademine-teologjike-janar-06\/#primaryimage\"},\"thumbnailUrl\":\"https:\/\/lh6.googleusercontent.com\/-OX0OH3J21Mg\/URy_ajmL7sI\/AAAAAAAACAg\/BGYTbbTq0HE\/s330\/episkopimekleriket-foto4.jpg\",\"keywords\":[\"2006\",\"Kremtime\",\"Kryepiskopata Tiran\u00eb\",\"lajme\"],\"articleSection\":[\"Lajme\"],\"inLanguage\":\"en-US\"},{\"@type\":\"WebPage\",\"@id\":\"https:\/\/orthodoxalbania.org\/2020\/2006\/02\/27\/kremtimi-i-tre-hierarkeve-ne-akademine-teologjike-janar-06\/\",\"url\":\"https:\/\/orthodoxalbania.org\/2020\/2006\/02\/27\/kremtimi-i-tre-hierarkeve-ne-akademine-teologjike-janar-06\/\",\"name\":\"Kremtimi i Tre Hierark\u00ebve n\u00eb Akademin\u00eb Teologjike. (30 Janar 2006) - Kisha Orthodh\u03bfkse Autoqefale e Shqip\u00ebris\u00eb\",\"isPartOf\":{\"@id\":\"https:\/\/orthodoxalbania.org\/2020\/#website\"},\"primaryImageOfPage\":{\"@id\":\"https:\/\/orthodoxalbania.org\/2020\/2006\/02\/27\/kremtimi-i-tre-hierarkeve-ne-akademine-teologjike-janar-06\/#primaryimage\"},\"image\":{\"@id\":\"https:\/\/orthodoxalbania.org\/2020\/2006\/02\/27\/kremtimi-i-tre-hierarkeve-ne-akademine-teologjike-janar-06\/#primaryimage\"},\"thumbnailUrl\":\"https:\/\/lh6.googleusercontent.com\/-OX0OH3J21Mg\/URy_ajmL7sI\/AAAAAAAACAg\/BGYTbbTq0HE\/s330\/episkopimekleriket-foto4.jpg\",\"datePublished\":\"2006-02-27T08:17:00+00:00\",\"dateModified\":\"2020-04-06T20:35:57+00:00\",\"breadcrumb\":{\"@id\":\"https:\/\/orthodoxalbania.org\/2020\/2006\/02\/27\/kremtimi-i-tre-hierarkeve-ne-akademine-teologjike-janar-06\/#breadcrumb\"},\"inLanguage\":\"en-US\",\"potentialAction\":[{\"@type\":\"ReadAction\",\"target\":[\"https:\/\/orthodoxalbania.org\/2020\/2006\/02\/27\/kremtimi-i-tre-hierarkeve-ne-akademine-teologjike-janar-06\/\"]}]},{\"@type\":\"ImageObject\",\"inLanguage\":\"en-US\",\"@id\":\"https:\/\/orthodoxalbania.org\/2020\/2006\/02\/27\/kremtimi-i-tre-hierarkeve-ne-akademine-teologjike-janar-06\/#primaryimage\",\"url\":\"https:\/\/lh6.googleusercontent.com\/-OX0OH3J21Mg\/URy_ajmL7sI\/AAAAAAAACAg\/BGYTbbTq0HE\/s330\/episkopimekleriket-foto4.jpg\",\"contentUrl\":\"https:\/\/lh6.googleusercontent.com\/-OX0OH3J21Mg\/URy_ajmL7sI\/AAAAAAAACAg\/BGYTbbTq0HE\/s330\/episkopimekleriket-foto4.jpg\"},{\"@type\":\"BreadcrumbList\",\"@id\":\"https:\/\/orthodoxalbania.org\/2020\/2006\/02\/27\/kremtimi-i-tre-hierarkeve-ne-akademine-teologjike-janar-06\/#breadcrumb\",\"itemListElement\":[{\"@type\":\"ListItem\",\"position\":1,\"name\":\"Home\",\"item\":\"https:\/\/orthodoxalbania.org\/2020\/\"},{\"@type\":\"ListItem\",\"position\":2,\"name\":\"Kremtimi i Tre Hierark\u00ebve n\u00eb Akademin\u00eb Teologjike. (30 Janar 2006)\"}]},{\"@type\":\"WebSite\",\"@id\":\"https:\/\/orthodoxalbania.org\/2020\/#website\",\"url\":\"https:\/\/orthodoxalbania.org\/2020\/\",\"name\":\"Kisha Orthodh\u03bfkse Autoqefale e Shqip\u00ebris\u00eb\",\"description\":\"Fqja Zyrtare e Kish\u00ebs Orthodhokse Autoqefale e Shqip\u00ebris\u00eb me lajmet edhe informacionet zyrtare p\u00ebr struktur\u00ebn edhe veprimtarin e saj.\",\"publisher\":{\"@id\":\"https:\/\/orthodoxalbania.org\/2020\/#organization\"},\"potentialAction\":[{\"@type\":\"SearchAction\",\"target\":{\"@type\":\"EntryPoint\",\"urlTemplate\":\"https:\/\/orthodoxalbania.org\/2020\/?s={search_term_string}\"},\"query-input\":{\"@type\":\"PropertyValueSpecification\",\"valueRequired\":true,\"valueName\":\"search_term_string\"}}],\"inLanguage\":\"en-US\"},{\"@type\":\"Organization\",\"@id\":\"https:\/\/orthodoxalbania.org\/2020\/#organization\",\"name\":\"Kisha Orthodhokse Autoqefale e Shqip\u00ebris\u00eb\",\"url\":\"https:\/\/orthodoxalbania.org\/2020\/\",\"logo\":{\"@type\":\"ImageObject\",\"inLanguage\":\"en-US\",\"@id\":\"https:\/\/orthodoxalbania.org\/2020\/#\/schema\/logo\/image\/\",\"url\":\"https:\/\/orthodoxalbania.org\/2020\/wp-content\/uploads\/2020\/05\/albania.jpeg\",\"contentUrl\":\"https:\/\/orthodoxalbania.org\/2020\/wp-content\/uploads\/2020\/05\/albania.jpeg\",\"width\":540,\"height\":540,\"caption\":\"Kisha Orthodhokse Autoqefale e Shqip\u00ebris\u00eb\"},\"image\":{\"@id\":\"https:\/\/orthodoxalbania.org\/2020\/#\/schema\/logo\/image\/\"},\"sameAs\":[\"https:\/\/www.facebook.com\/koash1991\"]},{\"@type\":\"Person\",\"@id\":\"https:\/\/orthodoxalbania.org\/2020\/#\/schema\/person\/0c387634a7063ac612d7ed9ce71c7e86\",\"name\":\"Kisha Orthodhokse\",\"image\":{\"@type\":\"ImageObject\",\"inLanguage\":\"en-US\",\"@id\":\"https:\/\/secure.gravatar.com\/avatar\/596e7c417251e30f2fbb9c00e026fce61a695a00e51c889caded71c96cbbdde5?s=96&d=mm&r=g\",\"url\":\"https:\/\/secure.gravatar.com\/avatar\/596e7c417251e30f2fbb9c00e026fce61a695a00e51c889caded71c96cbbdde5?s=96&d=mm&r=g\",\"contentUrl\":\"https:\/\/secure.gravatar.com\/avatar\/596e7c417251e30f2fbb9c00e026fce61a695a00e51c889caded71c96cbbdde5?s=96&d=mm&r=g\",\"caption\":\"Kisha Orthodhokse\"}}]}<\/script>\n<!-- \/ Yoast SEO plugin. -->","yoast_head_json":{"title":"Kremtimi i Tre Hierark\u00ebve n\u00eb Akademin\u00eb Teologjike. (30 Janar 2006) - Kisha Orthodh\u03bfkse Autoqefale e Shqip\u00ebris\u00eb","robots":{"index":"index","follow":"follow","max-snippet":"max-snippet:-1","max-image-preview":"max-image-preview:large","max-video-preview":"max-video-preview:-1"},"canonical":"https:\/\/orthodoxalbania.org\/2020\/2006\/02\/27\/kremtimi-i-tre-hierarkeve-ne-akademine-teologjike-janar-06\/","og_locale":"en_US","og_type":"article","og_title":"Kremtimi i Tre Hierark\u00ebve n\u00eb Akademin\u00eb Teologjike. (30 Janar 2006) - Kisha Orthodh\u03bfkse Autoqefale e Shqip\u00ebris\u00eb","og_description":"&nbsp; M\u00eb 30 janar, n\u00eb Akademin\u00eb Teologjike \u201cNgjallja e Krishtit\u201d, n\u00eb Sh\u00ebn Vlash t\u00eb Durr\u00ebsit, u kremtua e kremtja e Tre Hierark\u00ebve t\u00eb M\u00ebdhenj (Sh\u00ebn Vasilit t\u00eb Madh, Sh\u00ebn Grigor Teologut dhe Sh\u00ebn Joan Gojartit). E kremte mjaft dometh\u00ebn\u00ebse p\u00ebr pedagog\u00ebt dhe student\u00ebt, t\u00eb cil\u00ebt e konsiderojn\u00eb k\u00ebt\u00eb dit\u00eb si fest\u00ebn e tyre, sepse k\u00ebta Tre Hierark\u00eb kan\u00eb dh\u00ebn\u00eb kontribut mjaft t\u00eb \u00e7muar n\u00eb teologji,","og_url":"https:\/\/orthodoxalbania.org\/2020\/2006\/02\/27\/kremtimi-i-tre-hierarkeve-ne-akademine-teologjike-janar-06\/","og_site_name":"Kisha Orthodh\u03bfkse Autoqefale e Shqip\u00ebris\u00eb","article_publisher":"https:\/\/www.facebook.com\/koash1991","article_published_time":"2006-02-27T08:17:00+00:00","article_modified_time":"2020-04-06T20:35:57+00:00","og_image":[{"url":"https:\/\/lh6.googleusercontent.com\/-OX0OH3J21Mg\/URy_ajmL7sI\/AAAAAAAACAg\/BGYTbbTq0HE\/s330\/episkopimekleriket-foto4.jpg","type":"","width":"","height":""}],"author":"Kisha Orthodhokse","twitter_card":"summary_large_image","twitter_misc":{"Written by":"Kisha Orthodhokse","Est. reading time":"3 minutes"},"schema":{"@context":"https:\/\/schema.org","@graph":[{"@type":"Article","@id":"https:\/\/orthodoxalbania.org\/2020\/2006\/02\/27\/kremtimi-i-tre-hierarkeve-ne-akademine-teologjike-janar-06\/#article","isPartOf":{"@id":"https:\/\/orthodoxalbania.org\/2020\/2006\/02\/27\/kremtimi-i-tre-hierarkeve-ne-akademine-teologjike-janar-06\/"},"author":{"name":"Kisha Orthodhokse","@id":"https:\/\/orthodoxalbania.org\/2020\/#\/schema\/person\/0c387634a7063ac612d7ed9ce71c7e86"},"headline":"Kremtimi i Tre Hierark\u00ebve n\u00eb Akademin\u00eb Teologjike. (30 Janar 2006)","datePublished":"2006-02-27T08:17:00+00:00","dateModified":"2020-04-06T20:35:57+00:00","mainEntityOfPage":{"@id":"https:\/\/orthodoxalbania.org\/2020\/2006\/02\/27\/kremtimi-i-tre-hierarkeve-ne-akademine-teologjike-janar-06\/"},"wordCount":554,"commentCount":0,"publisher":{"@id":"https:\/\/orthodoxalbania.org\/2020\/#organization"},"image":{"@id":"https:\/\/orthodoxalbania.org\/2020\/2006\/02\/27\/kremtimi-i-tre-hierarkeve-ne-akademine-teologjike-janar-06\/#primaryimage"},"thumbnailUrl":"https:\/\/lh6.googleusercontent.com\/-OX0OH3J21Mg\/URy_ajmL7sI\/AAAAAAAACAg\/BGYTbbTq0HE\/s330\/episkopimekleriket-foto4.jpg","keywords":["2006","Kremtime","Kryepiskopata Tiran\u00eb","lajme"],"articleSection":["Lajme"],"inLanguage":"en-US"},{"@type":"WebPage","@id":"https:\/\/orthodoxalbania.org\/2020\/2006\/02\/27\/kremtimi-i-tre-hierarkeve-ne-akademine-teologjike-janar-06\/","url":"https:\/\/orthodoxalbania.org\/2020\/2006\/02\/27\/kremtimi-i-tre-hierarkeve-ne-akademine-teologjike-janar-06\/","name":"Kremtimi i Tre Hierark\u00ebve n\u00eb Akademin\u00eb Teologjike. (30 Janar 2006) - Kisha Orthodh\u03bfkse Autoqefale e Shqip\u00ebris\u00eb","isPartOf":{"@id":"https:\/\/orthodoxalbania.org\/2020\/#website"},"primaryImageOfPage":{"@id":"https:\/\/orthodoxalbania.org\/2020\/2006\/02\/27\/kremtimi-i-tre-hierarkeve-ne-akademine-teologjike-janar-06\/#primaryimage"},"image":{"@id":"https:\/\/orthodoxalbania.org\/2020\/2006\/02\/27\/kremtimi-i-tre-hierarkeve-ne-akademine-teologjike-janar-06\/#primaryimage"},"thumbnailUrl":"https:\/\/lh6.googleusercontent.com\/-OX0OH3J21Mg\/URy_ajmL7sI\/AAAAAAAACAg\/BGYTbbTq0HE\/s330\/episkopimekleriket-foto4.jpg","datePublished":"2006-02-27T08:17:00+00:00","dateModified":"2020-04-06T20:35:57+00:00","breadcrumb":{"@id":"https:\/\/orthodoxalbania.org\/2020\/2006\/02\/27\/kremtimi-i-tre-hierarkeve-ne-akademine-teologjike-janar-06\/#breadcrumb"},"inLanguage":"en-US","potentialAction":[{"@type":"ReadAction","target":["https:\/\/orthodoxalbania.org\/2020\/2006\/02\/27\/kremtimi-i-tre-hierarkeve-ne-akademine-teologjike-janar-06\/"]}]},{"@type":"ImageObject","inLanguage":"en-US","@id":"https:\/\/orthodoxalbania.org\/2020\/2006\/02\/27\/kremtimi-i-tre-hierarkeve-ne-akademine-teologjike-janar-06\/#primaryimage","url":"https:\/\/lh6.googleusercontent.com\/-OX0OH3J21Mg\/URy_ajmL7sI\/AAAAAAAACAg\/BGYTbbTq0HE\/s330\/episkopimekleriket-foto4.jpg","contentUrl":"https:\/\/lh6.googleusercontent.com\/-OX0OH3J21Mg\/URy_ajmL7sI\/AAAAAAAACAg\/BGYTbbTq0HE\/s330\/episkopimekleriket-foto4.jpg"},{"@type":"BreadcrumbList","@id":"https:\/\/orthodoxalbania.org\/2020\/2006\/02\/27\/kremtimi-i-tre-hierarkeve-ne-akademine-teologjike-janar-06\/#breadcrumb","itemListElement":[{"@type":"ListItem","position":1,"name":"Home","item":"https:\/\/orthodoxalbania.org\/2020\/"},{"@type":"ListItem","position":2,"name":"Kremtimi i Tre Hierark\u00ebve n\u00eb Akademin\u00eb Teologjike. (30 Janar 2006)"}]},{"@type":"WebSite","@id":"https:\/\/orthodoxalbania.org\/2020\/#website","url":"https:\/\/orthodoxalbania.org\/2020\/","name":"Kisha Orthodh\u03bfkse Autoqefale e Shqip\u00ebris\u00eb","description":"Fqja Zyrtare e Kish\u00ebs Orthodhokse Autoqefale e Shqip\u00ebris\u00eb me lajmet edhe informacionet zyrtare p\u00ebr struktur\u00ebn edhe veprimtarin e saj.","publisher":{"@id":"https:\/\/orthodoxalbania.org\/2020\/#organization"},"potentialAction":[{"@type":"SearchAction","target":{"@type":"EntryPoint","urlTemplate":"https:\/\/orthodoxalbania.org\/2020\/?s={search_term_string}"},"query-input":{"@type":"PropertyValueSpecification","valueRequired":true,"valueName":"search_term_string"}}],"inLanguage":"en-US"},{"@type":"Organization","@id":"https:\/\/orthodoxalbania.org\/2020\/#organization","name":"Kisha Orthodhokse Autoqefale e Shqip\u00ebris\u00eb","url":"https:\/\/orthodoxalbania.org\/2020\/","logo":{"@type":"ImageObject","inLanguage":"en-US","@id":"https:\/\/orthodoxalbania.org\/2020\/#\/schema\/logo\/image\/","url":"https:\/\/orthodoxalbania.org\/2020\/wp-content\/uploads\/2020\/05\/albania.jpeg","contentUrl":"https:\/\/orthodoxalbania.org\/2020\/wp-content\/uploads\/2020\/05\/albania.jpeg","width":540,"height":540,"caption":"Kisha Orthodhokse Autoqefale e Shqip\u00ebris\u00eb"},"image":{"@id":"https:\/\/orthodoxalbania.org\/2020\/#\/schema\/logo\/image\/"},"sameAs":["https:\/\/www.facebook.com\/koash1991"]},{"@type":"Person","@id":"https:\/\/orthodoxalbania.org\/2020\/#\/schema\/person\/0c387634a7063ac612d7ed9ce71c7e86","name":"Kisha Orthodhokse","image":{"@type":"ImageObject","inLanguage":"en-US","@id":"https:\/\/secure.gravatar.com\/avatar\/596e7c417251e30f2fbb9c00e026fce61a695a00e51c889caded71c96cbbdde5?s=96&d=mm&r=g","url":"https:\/\/secure.gravatar.com\/avatar\/596e7c417251e30f2fbb9c00e026fce61a695a00e51c889caded71c96cbbdde5?s=96&d=mm&r=g","contentUrl":"https:\/\/secure.gravatar.com\/avatar\/596e7c417251e30f2fbb9c00e026fce61a695a00e51c889caded71c96cbbdde5?s=96&d=mm&r=g","caption":"Kisha Orthodhokse"}}]}},"_links":{"self":[{"href":"https:\/\/orthodoxalbania.org\/2020\/wp-json\/wp\/v2\/posts\/819","targetHints":{"allow":["GET"]}}],"collection":[{"href":"https:\/\/orthodoxalbania.org\/2020\/wp-json\/wp\/v2\/posts"}],"about":[{"href":"https:\/\/orthodoxalbania.org\/2020\/wp-json\/wp\/v2\/types\/post"}],"author":[{"embeddable":true,"href":"https:\/\/orthodoxalbania.org\/2020\/wp-json\/wp\/v2\/users\/1"}],"replies":[{"embeddable":true,"href":"https:\/\/orthodoxalbania.org\/2020\/wp-json\/wp\/v2\/comments?post=819"}],"version-history":[{"count":1,"href":"https:\/\/orthodoxalbania.org\/2020\/wp-json\/wp\/v2\/posts\/819\/revisions"}],"predecessor-version":[{"id":15805,"href":"https:\/\/orthodoxalbania.org\/2020\/wp-json\/wp\/v2\/posts\/819\/revisions\/15805"}],"wp:attachment":[{"href":"https:\/\/orthodoxalbania.org\/2020\/wp-json\/wp\/v2\/media?parent=819"}],"wp:term":[{"taxonomy":"category","embeddable":true,"href":"https:\/\/orthodoxalbania.org\/2020\/wp-json\/wp\/v2\/categories?post=819"},{"taxonomy":"post_tag","embeddable":true,"href":"https:\/\/orthodoxalbania.org\/2020\/wp-json\/wp\/v2\/tags?post=819"}],"curies":[{"name":"wp","href":"https:\/\/api.w.org\/{rel}","templated":true}]}}