{"id":818,"date":"2006-02-27T07:58:44","date_gmt":"2006-02-27T07:58:44","guid":{"rendered":""},"modified":"2020-04-06T22:35:58","modified_gmt":"2020-04-06T20:35:58","slug":"kremtimi-i-theofanise-uji-bekuar-berat-janar-06","status":"publish","type":"post","link":"https:\/\/orthodoxalbania.org\/2020\/2006\/02\/27\/kremtimi-i-theofanise-uji-bekuar-berat-janar-06\/","title":{"rendered":"Kremtimi i Theofanis\u00eb Uji Bekuar Berat. (6 Janar 2006)"},"content":{"rendered":"<div><img decoding=\"async\" class=\"lazyload HAa Eha\" style=\"border-width: 1px; border-style: solid; margin: 10px auto; display: block;\" alt=\"\" src=\"data:image\/gif;base64,R0lGODlhAQABAAAAACH5BAEKAAEALAAAAAABAAEAAAICTAEAOw==\" data-orig-src=\"https:\/\/lh4.googleusercontent.com\/-vm4lRGDhuS8\/VIbCxPo2yRI\/AAAAAAAAFNU\/2-8uZ-d5gWc\/w400-h277-no\/front.jpg\" \/><\/div>\n<div style=\"text-align: justify;\">&nbsp;<\/div>\n<div style=\"text-align: justify;\">&nbsp;<\/div>\n<div style=\"text-align: justify;\"><span style=\"color: #000000;\"><span style=\"font-family: tahoma,geneva,sans-serif;\"><span style=\"font-size: 12px;\"><img decoding=\"async\" class=\"lazyload HAa Eha\" style=\"border-width: 1px; border-style: solid; margin: 10px; float: left;\" alt=\"\" src=\"data:image\/svg+xml,%3Csvg%20xmlns%3D%27http%3A%2F%2Fwww.w3.org%2F2000%2Fsvg%27%20width%3D%27252%27%20height%3D%27190%27%20viewBox%3D%270%200%20252%20190%27%3E%3Crect%20width%3D%27252%27%20height%3D%27190%27%20fill-opacity%3D%220%22%2F%3E%3C%2Fsvg%3E\" data-orig-src=\"https:\/\/lh5.googleusercontent.com\/-nfMtcu0XDNM\/VIbCxjU3zpI\/AAAAAAAAFMg\/CLv9fMcy6GE\/w300-h225-no\/pic1tx.jpg\" height=\"190\" width=\"252\" \/>Kremtimi i Theofanis\u00eb n\u00eb Berat gjithnj\u00eb \u00ebsht\u00eb i ve\u00e7ant\u00eb, sepse t\u00eb till\u00eb e b\u00ebn edhe populli kremt\u00ebdash\u00ebs i Beratit, por edhe lumi Osum.<img decoding=\"async\" class=\"lazyload HAa Eha\" style=\"border-width: 1px; border-style: solid; margin: 10px; float: right;\" alt=\"\" src=\"data:image\/gif;base64,R0lGODlhAQABAAAAACH5BAEKAAEALAAAAAABAAEAAAICTAEAOw==\" data-orig-src=\"https:\/\/lh4.googleusercontent.com\/-Gk9ZALMuUNU\/VIbCziwacGI\/AAAAAAAAFNA\/6i-OcHg5VMU\/w300-h225-no\/pic8tx.jpg\" \/> K\u00ebshtu her\u00ebt n\u00eb m\u00ebngjes kremtimi filloi me Sh\u00ebrbes\u00ebn e M\u00ebngjesit dhe m\u00eb pas vazhdoi me Liturgjin\u00eb Hyjnore n\u00eb kish\u00ebn e Sh\u00ebn Spiridhonit. Liturgjin\u00eb e drejtoi Imzot Ignati, i cili u shoq\u00ebrua nga at\u00eb Petraqi dhe dhjakon Spiridhoni.<\/span><\/span><\/span><\/div>\n<div style=\"text-align: justify;\">&nbsp;<\/div>\n<div style=\"text-align: justify;\"><span style=\"color: #000000;\"><span style=\"font-family: tahoma,geneva,sans-serif;\"><span style=\"font-size: 12px;\">Pas mbarimit t\u00eb Liturgjis\u00eb besimtar\u00ebt u drejtuan p\u00ebr n\u00eb lumin Osum, ku do t\u00eb hidhej Kryqi i Shenjt\u00eb. Lugina ishte mbushur nga t\u00eb dy an\u00ebt plot e p\u00ebrplot si vet\u00eb shtrati i tij me uj\u00eb k\u00ebt\u00eb vit, nd\u00ebrsa ura shekullore d\u00ebshmi e viteve t\u00eb kremtimit t\u00eb k\u00ebtij riti n\u00eb k\u00ebt\u00eb qytet, kurr\u00eb si sot s&#8217;ka mbartur kaq shum\u00eb k\u00ebmb\u00ebsor\u00eb.<\/span><\/span><\/span><\/div>\n<div style=\"text-align: justify;\">&nbsp;<\/div>\n<div style=\"text-align: justify;\"><span style=\"color: #000000;\"><span style=\"font-family: tahoma,geneva,sans-serif;\"><span style=\"font-size: 12px;\">Besimtar\u00eb t\u00eb shumt\u00eb duke k\u00ebnduar himnin e Pag\u00ebzimit shoq\u00ebruan Imzot Ignatin.<\/span><\/span><\/span><\/div>\n<div style=\"text-align: justify;\">&nbsp;<\/div>\n<div style=\"text-align: justify;\"><span style=\"color: #000000;\"><span style=\"font-family: tahoma,geneva,sans-serif;\"><span style=\"font-size: 12px;\">Ora 10, n\u00eb mes t\u00eb ur\u00ebs s\u00eb gurt\u00eb Kryebariu q\u00ebndroi me kryqin n\u00eb dor\u00eb, nd\u00ebrsa dhjet\u00ebra t\u00eb rinj kishin koh\u00eb q\u00eb ishin futur n\u00eb uj\u00eb dhe s&#8217;donin t&#8217;ia dinin p\u00ebr t\u00eb ftoht\u00ebt.<\/span><\/span><\/span><\/div>\n<div style=\"text-align: justify;\">&nbsp;<\/div>\n<div style=\"text-align: justify;\"><span style=\"color: #000000;\"><span style=\"font-family: tahoma,geneva,sans-serif;\"><span style=\"font-size: 12px;\"><img decoding=\"async\" class=\"lazyload HAa Eha\" style=\"border-width: 1px; border-style: solid; margin: 10px; float: left;\" alt=\"\" src=\"data:image\/svg+xml,%3Csvg%20xmlns%3D%27http%3A%2F%2Fwww.w3.org%2F2000%2Fsvg%27%20width%3D%27251%27%20height%3D%27179%27%20viewBox%3D%270%200%20251%20179%27%3E%3Crect%20width%3D%27251%27%20height%3D%27179%27%20fill-opacity%3D%220%22%2F%3E%3C%2Fsvg%3E\" data-orig-src=\"https:\/\/lh3.googleusercontent.com\/-QM4U06-vYvY\/VIbCzRhGAQI\/AAAAAAAAFM4\/fyv9eL-ADVw\/w300-h225-no\/pic7tx.jpg\" height=\"179\" width=\"251\" \/>Pasi bekoi ujin Mitropoliti hodhi kryqin. Kryqi u kap nga treshja e lagjes Goric\u00eb, q\u00eb tashm\u00eb e kan\u00eb b\u00ebr\u00eb stafet\u00eb tradite: Eligert Batija, Andi Shtrepi dhe Gentian Soveta.<\/span><\/span><\/span><\/div>\n<div style=\"text-align: justify;\">&nbsp;<\/div>\n<div style=\"text-align: justify;\"><span style=\"color: #000000;\"><span style=\"font-family: tahoma,geneva,sans-serif;\"><span style=\"font-size: 12px;\">T\u00eb tre djemt\u00eb q\u00eb kap\u00ebn kryqin bashk\u00eb me bekimin mor\u00ebn dhe dhurat\u00ebn simbolike nga Imzot Ignati.<\/span><\/span><\/span><\/div>\n<div style=\"text-align: justify;\">&nbsp;<\/div>\n<div style=\"text-align: justify;\"><span style=\"color: #000000;\"><span style=\"font-family: tahoma,geneva,sans-serif;\"><span style=\"font-size: 12px;\">M\u00eb pas Hir\u00ebsia e Tij iu drejtua besimtar\u00ebve: &#8220;Kryqin q\u00eb simbolizon trup\u00ebzimin e Krishtit t\u00eb gjith\u00eb duam&nbsp; ta prekim, ta puthim, sepse duam t\u00eb marrim Hirin e&nbsp; Per\u00ebndis\u00eb, dashurin\u00eb, urt\u00ebsin\u00eb, besimin, ndaj afrohen me shpres\u00eb e frik\u00eb ndaj Per\u00ebndis\u00eb&#8221;.<\/span><\/span><\/span><\/div>\n<div style=\"text-align: right;\">&nbsp;<\/div>\n<div style=\"text-align: justify;\"><span style=\"color: #000000;\"><span style=\"font-family: tahoma,geneva,sans-serif;\"><span style=\"font-size: 12px;\">Sipas tradit\u00ebs djemt\u00eb me kryqin shkuan n\u00ebp\u00ebr sht\u00ebpit\u00eb e&nbsp; besimtar\u00ebve si mbar\u00ebsi e dit\u00ebs s\u00eb sh\u00ebnuar, duke k\u00ebnduar himnin e Pag\u00ebzimit.<\/p>\n<p> <\/span><\/span><\/span><span style=\"color: #000000;\"><span style=\"font-family: tahoma,geneva,sans-serif;\"><span style=\"font-size: 12px;\"><strong>Sotiraq Mishaxhi<\/strong><\/span><\/span><\/span><\/div>\n<div style=\"text-align: justify;\">&nbsp;<\/div>\n<div style=\"text-align: center;\"><img decoding=\"async\" class=\"lazyload HAa Eha\" style=\"border-width: 1px; border-style: solid; margin: 10px;\" alt=\"\" src=\"data:image\/gif;base64,R0lGODlhAQABAAAAACH5BAEKAAEALAAAAAABAAEAAAICTAEAOw==\" data-orig-src=\"https:\/\/lh4.googleusercontent.com\/-jP6GRNJQSNM\/VIbCw8KiOCI\/AAAAAAAAFMc\/Uteertd0Hf4\/w600-h450-no\/m.jpg\" \/><\/div>\n<div style=\"text-align: center;\">&nbsp;<\/div>\n<div style=\"text-align: center;\"><img decoding=\"async\" class=\"lazyload HAa Eha\" style=\"border-width: 1px; border-style: solid; margin: 10px;\" alt=\"\" src=\"data:image\/gif;base64,R0lGODlhAQABAAAAACH5BAEKAAEALAAAAAABAAEAAAICTAEAOw==\" data-orig-src=\"https:\/\/lh6.googleusercontent.com\/-SB5GBmazlSE\/VIbCw4744KI\/AAAAAAAAFNw\/IwKSw7PJTHo\/w450-h600-no\/n.jpg\" \/><\/div>\n<div style=\"text-align: center;\">&nbsp;<\/div>\n<div style=\"text-align: center;\"><img decoding=\"async\" class=\"lazyload HAa Eha\" style=\"border-width: 1px; border-style: solid; margin: 10px;\" alt=\"\" src=\"data:image\/gif;base64,R0lGODlhAQABAAAAACH5BAEKAAEALAAAAAABAAEAAAICTAEAOw==\" data-orig-src=\"https:\/\/lh4.googleusercontent.com\/-e1zHwOu3KLw\/VIbCyZdYIlI\/AAAAAAAAFNE\/eiI6eaAhfWk\/w600-h450-no\/pic5.jpg\" \/><\/div>\n<div style=\"text-align: center;\">&nbsp;<\/div>\n<div style=\"text-align: center;\"><img decoding=\"async\" class=\"lazyload HAa Eha\" style=\"border-width: 1px; border-style: solid; margin: 10px;\" alt=\"\" src=\"data:image\/gif;base64,R0lGODlhAQABAAAAACH5BAEKAAEALAAAAAABAAEAAAICTAEAOw==\" data-orig-src=\"https:\/\/lh4.googleusercontent.com\/-wrrHDR2w3DM\/VIbCy7nCOqI\/AAAAAAAAFM8\/D0cbQjbElko\/w600-h450-no\/pic6.jpg\" \/><\/div>\n","protected":false},"excerpt":{"rendered":"<p>&nbsp; &nbsp; Kremtimi i Theofanis\u00eb n\u00eb Berat gjithnj\u00eb \u00ebsht\u00eb i ve\u00e7ant\u00eb, sepse t\u00eb till\u00eb e b\u00ebn edhe populli kremt\u00ebdash\u00ebs i Beratit, por edhe lumi Osum. K\u00ebshtu her\u00ebt n\u00eb m\u00ebngjes kremtimi filloi me Sh\u00ebrbes\u00ebn e M\u00ebngjesit dhe m\u00eb pas vazhdoi me Liturgjin\u00eb Hyjnore n\u00eb kish\u00ebn e Sh\u00ebn Spiridhonit. Liturgjin\u00eb e drejtoi Imzot Ignati, i cili u shoq\u00ebrua nga at\u00eb Petraqi dhe dhjakon Spiridhoni. &nbsp; Pas mbarimit<\/p>\n","protected":false},"author":1,"featured_media":0,"comment_status":"open","ping_status":"open","sticky":false,"template":"","format":"standard","meta":{"_acf_changed":false,"pagelayer_contact_templates":[],"_pagelayer_content":"","inline_featured_image":false,"fifu_image_url":"","fifu_image_alt":"","footnotes":""},"categories":[108],"tags":[148,157,212,197,193],"class_list":["post-818","post","type-post","status-publish","format-standard","hentry","category-lajme","tag-148","tag-kremtime","tag-lajme-d27","tag-berat","tag-uji-i-bekuar"],"acf":[],"yoast_head":"<!-- This site is optimized with the Yoast SEO plugin v27.2 - https:\/\/yoast.com\/product\/yoast-seo-wordpress\/ -->\n<title>Kremtimi i Theofanis\u00eb Uji Bekuar Berat. (6 Janar 2006) - Kisha Orthodh\u03bfkse Autoqefale e Shqip\u00ebris\u00eb<\/title>\n<meta name=\"robots\" content=\"index, follow, max-snippet:-1, max-image-preview:large, max-video-preview:-1\" \/>\n<link rel=\"canonical\" href=\"https:\/\/orthodoxalbania.org\/2020\/2006\/02\/27\/kremtimi-i-theofanise-uji-bekuar-berat-janar-06\/\" \/>\n<meta property=\"og:locale\" content=\"en_US\" \/>\n<meta property=\"og:type\" content=\"article\" \/>\n<meta property=\"og:title\" content=\"Kremtimi i Theofanis\u00eb Uji Bekuar Berat. (6 Janar 2006) - Kisha Orthodh\u03bfkse Autoqefale e Shqip\u00ebris\u00eb\" \/>\n<meta property=\"og:description\" content=\"&nbsp; &nbsp; Kremtimi i Theofanis\u00eb n\u00eb Berat gjithnj\u00eb \u00ebsht\u00eb i ve\u00e7ant\u00eb, sepse t\u00eb till\u00eb e b\u00ebn edhe populli kremt\u00ebdash\u00ebs i Beratit, por edhe lumi Osum. K\u00ebshtu her\u00ebt n\u00eb m\u00ebngjes kremtimi filloi me Sh\u00ebrbes\u00ebn e M\u00ebngjesit dhe m\u00eb pas vazhdoi me Liturgjin\u00eb Hyjnore n\u00eb kish\u00ebn e Sh\u00ebn Spiridhonit. Liturgjin\u00eb e drejtoi Imzot Ignati, i cili u shoq\u00ebrua nga at\u00eb Petraqi dhe dhjakon Spiridhoni. &nbsp; Pas mbarimit\" \/>\n<meta property=\"og:url\" content=\"https:\/\/orthodoxalbania.org\/2020\/2006\/02\/27\/kremtimi-i-theofanise-uji-bekuar-berat-janar-06\/\" \/>\n<meta property=\"og:site_name\" content=\"Kisha Orthodh\u03bfkse Autoqefale e Shqip\u00ebris\u00eb\" \/>\n<meta property=\"article:publisher\" content=\"https:\/\/www.facebook.com\/koash1991\" \/>\n<meta property=\"article:published_time\" content=\"2006-02-27T07:58:44+00:00\" \/>\n<meta property=\"article:modified_time\" content=\"2020-04-06T20:35:58+00:00\" \/>\n<meta property=\"og:image\" content=\"https:\/\/lh4.googleusercontent.com\/-vm4lRGDhuS8\/VIbCxPo2yRI\/AAAAAAAAFNU\/2-8uZ-d5gWc\/w400-h277-no\/front.jpg\" \/>\n<meta name=\"author\" content=\"Kisha Orthodhokse\" \/>\n<meta name=\"twitter:card\" content=\"summary_large_image\" \/>\n<meta name=\"twitter:label1\" content=\"Written by\" \/>\n\t<meta name=\"twitter:data1\" content=\"Kisha Orthodhokse\" \/>\n\t<meta name=\"twitter:label2\" content=\"Est. reading time\" \/>\n\t<meta name=\"twitter:data2\" content=\"2 minutes\" \/>\n<script type=\"application\/ld+json\" class=\"yoast-schema-graph\">{\"@context\":\"https:\/\/schema.org\",\"@graph\":[{\"@type\":\"Article\",\"@id\":\"https:\/\/orthodoxalbania.org\/2020\/2006\/02\/27\/kremtimi-i-theofanise-uji-bekuar-berat-janar-06\/#article\",\"isPartOf\":{\"@id\":\"https:\/\/orthodoxalbania.org\/2020\/2006\/02\/27\/kremtimi-i-theofanise-uji-bekuar-berat-janar-06\/\"},\"author\":{\"name\":\"Kisha Orthodhokse\",\"@id\":\"https:\/\/orthodoxalbania.org\/2020\/#\/schema\/person\/0c387634a7063ac612d7ed9ce71c7e86\"},\"headline\":\"Kremtimi i Theofanis\u00eb Uji Bekuar Berat. (6 Janar 2006)\",\"datePublished\":\"2006-02-27T07:58:44+00:00\",\"dateModified\":\"2020-04-06T20:35:58+00:00\",\"mainEntityOfPage\":{\"@id\":\"https:\/\/orthodoxalbania.org\/2020\/2006\/02\/27\/kremtimi-i-theofanise-uji-bekuar-berat-janar-06\/\"},\"wordCount\":343,\"commentCount\":0,\"publisher\":{\"@id\":\"https:\/\/orthodoxalbania.org\/2020\/#organization\"},\"image\":{\"@id\":\"https:\/\/orthodoxalbania.org\/2020\/2006\/02\/27\/kremtimi-i-theofanise-uji-bekuar-berat-janar-06\/#primaryimage\"},\"thumbnailUrl\":\"https:\/\/lh4.googleusercontent.com\/-vm4lRGDhuS8\/VIbCxPo2yRI\/AAAAAAAAFNU\/2-8uZ-d5gWc\/w400-h277-no\/front.jpg\",\"keywords\":[\"2006\",\"Kremtime\",\"lajme\",\"Mitropolia Berat\",\"Uji i Bekuar\"],\"articleSection\":[\"Lajme\"],\"inLanguage\":\"en-US\"},{\"@type\":\"WebPage\",\"@id\":\"https:\/\/orthodoxalbania.org\/2020\/2006\/02\/27\/kremtimi-i-theofanise-uji-bekuar-berat-janar-06\/\",\"url\":\"https:\/\/orthodoxalbania.org\/2020\/2006\/02\/27\/kremtimi-i-theofanise-uji-bekuar-berat-janar-06\/\",\"name\":\"Kremtimi i Theofanis\u00eb Uji Bekuar Berat. (6 Janar 2006) - Kisha Orthodh\u03bfkse Autoqefale e Shqip\u00ebris\u00eb\",\"isPartOf\":{\"@id\":\"https:\/\/orthodoxalbania.org\/2020\/#website\"},\"primaryImageOfPage\":{\"@id\":\"https:\/\/orthodoxalbania.org\/2020\/2006\/02\/27\/kremtimi-i-theofanise-uji-bekuar-berat-janar-06\/#primaryimage\"},\"image\":{\"@id\":\"https:\/\/orthodoxalbania.org\/2020\/2006\/02\/27\/kremtimi-i-theofanise-uji-bekuar-berat-janar-06\/#primaryimage\"},\"thumbnailUrl\":\"https:\/\/lh4.googleusercontent.com\/-vm4lRGDhuS8\/VIbCxPo2yRI\/AAAAAAAAFNU\/2-8uZ-d5gWc\/w400-h277-no\/front.jpg\",\"datePublished\":\"2006-02-27T07:58:44+00:00\",\"dateModified\":\"2020-04-06T20:35:58+00:00\",\"breadcrumb\":{\"@id\":\"https:\/\/orthodoxalbania.org\/2020\/2006\/02\/27\/kremtimi-i-theofanise-uji-bekuar-berat-janar-06\/#breadcrumb\"},\"inLanguage\":\"en-US\",\"potentialAction\":[{\"@type\":\"ReadAction\",\"target\":[\"https:\/\/orthodoxalbania.org\/2020\/2006\/02\/27\/kremtimi-i-theofanise-uji-bekuar-berat-janar-06\/\"]}]},{\"@type\":\"ImageObject\",\"inLanguage\":\"en-US\",\"@id\":\"https:\/\/orthodoxalbania.org\/2020\/2006\/02\/27\/kremtimi-i-theofanise-uji-bekuar-berat-janar-06\/#primaryimage\",\"url\":\"https:\/\/lh4.googleusercontent.com\/-vm4lRGDhuS8\/VIbCxPo2yRI\/AAAAAAAAFNU\/2-8uZ-d5gWc\/w400-h277-no\/front.jpg\",\"contentUrl\":\"https:\/\/lh4.googleusercontent.com\/-vm4lRGDhuS8\/VIbCxPo2yRI\/AAAAAAAAFNU\/2-8uZ-d5gWc\/w400-h277-no\/front.jpg\"},{\"@type\":\"BreadcrumbList\",\"@id\":\"https:\/\/orthodoxalbania.org\/2020\/2006\/02\/27\/kremtimi-i-theofanise-uji-bekuar-berat-janar-06\/#breadcrumb\",\"itemListElement\":[{\"@type\":\"ListItem\",\"position\":1,\"name\":\"Home\",\"item\":\"https:\/\/orthodoxalbania.org\/2020\/\"},{\"@type\":\"ListItem\",\"position\":2,\"name\":\"Kremtimi i Theofanis\u00eb Uji Bekuar Berat. (6 Janar 2006)\"}]},{\"@type\":\"WebSite\",\"@id\":\"https:\/\/orthodoxalbania.org\/2020\/#website\",\"url\":\"https:\/\/orthodoxalbania.org\/2020\/\",\"name\":\"Kisha Orthodh\u03bfkse Autoqefale e Shqip\u00ebris\u00eb\",\"description\":\"Fqja Zyrtare e Kish\u00ebs Orthodhokse Autoqefale e Shqip\u00ebris\u00eb me lajmet edhe informacionet zyrtare p\u00ebr struktur\u00ebn edhe veprimtarin e saj.\",\"publisher\":{\"@id\":\"https:\/\/orthodoxalbania.org\/2020\/#organization\"},\"potentialAction\":[{\"@type\":\"SearchAction\",\"target\":{\"@type\":\"EntryPoint\",\"urlTemplate\":\"https:\/\/orthodoxalbania.org\/2020\/?s={search_term_string}\"},\"query-input\":{\"@type\":\"PropertyValueSpecification\",\"valueRequired\":true,\"valueName\":\"search_term_string\"}}],\"inLanguage\":\"en-US\"},{\"@type\":\"Organization\",\"@id\":\"https:\/\/orthodoxalbania.org\/2020\/#organization\",\"name\":\"Kisha Orthodhokse Autoqefale e Shqip\u00ebris\u00eb\",\"url\":\"https:\/\/orthodoxalbania.org\/2020\/\",\"logo\":{\"@type\":\"ImageObject\",\"inLanguage\":\"en-US\",\"@id\":\"https:\/\/orthodoxalbania.org\/2020\/#\/schema\/logo\/image\/\",\"url\":\"https:\/\/orthodoxalbania.org\/2020\/wp-content\/uploads\/2020\/05\/albania.jpeg\",\"contentUrl\":\"https:\/\/orthodoxalbania.org\/2020\/wp-content\/uploads\/2020\/05\/albania.jpeg\",\"width\":540,\"height\":540,\"caption\":\"Kisha Orthodhokse Autoqefale e Shqip\u00ebris\u00eb\"},\"image\":{\"@id\":\"https:\/\/orthodoxalbania.org\/2020\/#\/schema\/logo\/image\/\"},\"sameAs\":[\"https:\/\/www.facebook.com\/koash1991\"]},{\"@type\":\"Person\",\"@id\":\"https:\/\/orthodoxalbania.org\/2020\/#\/schema\/person\/0c387634a7063ac612d7ed9ce71c7e86\",\"name\":\"Kisha Orthodhokse\",\"image\":{\"@type\":\"ImageObject\",\"inLanguage\":\"en-US\",\"@id\":\"https:\/\/secure.gravatar.com\/avatar\/596e7c417251e30f2fbb9c00e026fce61a695a00e51c889caded71c96cbbdde5?s=96&d=mm&r=g\",\"url\":\"https:\/\/secure.gravatar.com\/avatar\/596e7c417251e30f2fbb9c00e026fce61a695a00e51c889caded71c96cbbdde5?s=96&d=mm&r=g\",\"contentUrl\":\"https:\/\/secure.gravatar.com\/avatar\/596e7c417251e30f2fbb9c00e026fce61a695a00e51c889caded71c96cbbdde5?s=96&d=mm&r=g\",\"caption\":\"Kisha Orthodhokse\"}}]}<\/script>\n<!-- \/ Yoast SEO plugin. -->","yoast_head_json":{"title":"Kremtimi i Theofanis\u00eb Uji Bekuar Berat. (6 Janar 2006) - Kisha Orthodh\u03bfkse Autoqefale e Shqip\u00ebris\u00eb","robots":{"index":"index","follow":"follow","max-snippet":"max-snippet:-1","max-image-preview":"max-image-preview:large","max-video-preview":"max-video-preview:-1"},"canonical":"https:\/\/orthodoxalbania.org\/2020\/2006\/02\/27\/kremtimi-i-theofanise-uji-bekuar-berat-janar-06\/","og_locale":"en_US","og_type":"article","og_title":"Kremtimi i Theofanis\u00eb Uji Bekuar Berat. (6 Janar 2006) - Kisha Orthodh\u03bfkse Autoqefale e Shqip\u00ebris\u00eb","og_description":"&nbsp; &nbsp; Kremtimi i Theofanis\u00eb n\u00eb Berat gjithnj\u00eb \u00ebsht\u00eb i ve\u00e7ant\u00eb, sepse t\u00eb till\u00eb e b\u00ebn edhe populli kremt\u00ebdash\u00ebs i Beratit, por edhe lumi Osum. K\u00ebshtu her\u00ebt n\u00eb m\u00ebngjes kremtimi filloi me Sh\u00ebrbes\u00ebn e M\u00ebngjesit dhe m\u00eb pas vazhdoi me Liturgjin\u00eb Hyjnore n\u00eb kish\u00ebn e Sh\u00ebn Spiridhonit. Liturgjin\u00eb e drejtoi Imzot Ignati, i cili u shoq\u00ebrua nga at\u00eb Petraqi dhe dhjakon Spiridhoni. &nbsp; Pas mbarimit","og_url":"https:\/\/orthodoxalbania.org\/2020\/2006\/02\/27\/kremtimi-i-theofanise-uji-bekuar-berat-janar-06\/","og_site_name":"Kisha Orthodh\u03bfkse Autoqefale e Shqip\u00ebris\u00eb","article_publisher":"https:\/\/www.facebook.com\/koash1991","article_published_time":"2006-02-27T07:58:44+00:00","article_modified_time":"2020-04-06T20:35:58+00:00","og_image":[{"url":"https:\/\/lh4.googleusercontent.com\/-vm4lRGDhuS8\/VIbCxPo2yRI\/AAAAAAAAFNU\/2-8uZ-d5gWc\/w400-h277-no\/front.jpg","type":"","width":"","height":""}],"author":"Kisha Orthodhokse","twitter_card":"summary_large_image","twitter_misc":{"Written by":"Kisha Orthodhokse","Est. reading time":"2 minutes"},"schema":{"@context":"https:\/\/schema.org","@graph":[{"@type":"Article","@id":"https:\/\/orthodoxalbania.org\/2020\/2006\/02\/27\/kremtimi-i-theofanise-uji-bekuar-berat-janar-06\/#article","isPartOf":{"@id":"https:\/\/orthodoxalbania.org\/2020\/2006\/02\/27\/kremtimi-i-theofanise-uji-bekuar-berat-janar-06\/"},"author":{"name":"Kisha Orthodhokse","@id":"https:\/\/orthodoxalbania.org\/2020\/#\/schema\/person\/0c387634a7063ac612d7ed9ce71c7e86"},"headline":"Kremtimi i Theofanis\u00eb Uji Bekuar Berat. (6 Janar 2006)","datePublished":"2006-02-27T07:58:44+00:00","dateModified":"2020-04-06T20:35:58+00:00","mainEntityOfPage":{"@id":"https:\/\/orthodoxalbania.org\/2020\/2006\/02\/27\/kremtimi-i-theofanise-uji-bekuar-berat-janar-06\/"},"wordCount":343,"commentCount":0,"publisher":{"@id":"https:\/\/orthodoxalbania.org\/2020\/#organization"},"image":{"@id":"https:\/\/orthodoxalbania.org\/2020\/2006\/02\/27\/kremtimi-i-theofanise-uji-bekuar-berat-janar-06\/#primaryimage"},"thumbnailUrl":"https:\/\/lh4.googleusercontent.com\/-vm4lRGDhuS8\/VIbCxPo2yRI\/AAAAAAAAFNU\/2-8uZ-d5gWc\/w400-h277-no\/front.jpg","keywords":["2006","Kremtime","lajme","Mitropolia Berat","Uji i Bekuar"],"articleSection":["Lajme"],"inLanguage":"en-US"},{"@type":"WebPage","@id":"https:\/\/orthodoxalbania.org\/2020\/2006\/02\/27\/kremtimi-i-theofanise-uji-bekuar-berat-janar-06\/","url":"https:\/\/orthodoxalbania.org\/2020\/2006\/02\/27\/kremtimi-i-theofanise-uji-bekuar-berat-janar-06\/","name":"Kremtimi i Theofanis\u00eb Uji Bekuar Berat. (6 Janar 2006) - Kisha Orthodh\u03bfkse Autoqefale e Shqip\u00ebris\u00eb","isPartOf":{"@id":"https:\/\/orthodoxalbania.org\/2020\/#website"},"primaryImageOfPage":{"@id":"https:\/\/orthodoxalbania.org\/2020\/2006\/02\/27\/kremtimi-i-theofanise-uji-bekuar-berat-janar-06\/#primaryimage"},"image":{"@id":"https:\/\/orthodoxalbania.org\/2020\/2006\/02\/27\/kremtimi-i-theofanise-uji-bekuar-berat-janar-06\/#primaryimage"},"thumbnailUrl":"https:\/\/lh4.googleusercontent.com\/-vm4lRGDhuS8\/VIbCxPo2yRI\/AAAAAAAAFNU\/2-8uZ-d5gWc\/w400-h277-no\/front.jpg","datePublished":"2006-02-27T07:58:44+00:00","dateModified":"2020-04-06T20:35:58+00:00","breadcrumb":{"@id":"https:\/\/orthodoxalbania.org\/2020\/2006\/02\/27\/kremtimi-i-theofanise-uji-bekuar-berat-janar-06\/#breadcrumb"},"inLanguage":"en-US","potentialAction":[{"@type":"ReadAction","target":["https:\/\/orthodoxalbania.org\/2020\/2006\/02\/27\/kremtimi-i-theofanise-uji-bekuar-berat-janar-06\/"]}]},{"@type":"ImageObject","inLanguage":"en-US","@id":"https:\/\/orthodoxalbania.org\/2020\/2006\/02\/27\/kremtimi-i-theofanise-uji-bekuar-berat-janar-06\/#primaryimage","url":"https:\/\/lh4.googleusercontent.com\/-vm4lRGDhuS8\/VIbCxPo2yRI\/AAAAAAAAFNU\/2-8uZ-d5gWc\/w400-h277-no\/front.jpg","contentUrl":"https:\/\/lh4.googleusercontent.com\/-vm4lRGDhuS8\/VIbCxPo2yRI\/AAAAAAAAFNU\/2-8uZ-d5gWc\/w400-h277-no\/front.jpg"},{"@type":"BreadcrumbList","@id":"https:\/\/orthodoxalbania.org\/2020\/2006\/02\/27\/kremtimi-i-theofanise-uji-bekuar-berat-janar-06\/#breadcrumb","itemListElement":[{"@type":"ListItem","position":1,"name":"Home","item":"https:\/\/orthodoxalbania.org\/2020\/"},{"@type":"ListItem","position":2,"name":"Kremtimi i Theofanis\u00eb Uji Bekuar Berat. (6 Janar 2006)"}]},{"@type":"WebSite","@id":"https:\/\/orthodoxalbania.org\/2020\/#website","url":"https:\/\/orthodoxalbania.org\/2020\/","name":"Kisha Orthodh\u03bfkse Autoqefale e Shqip\u00ebris\u00eb","description":"Fqja Zyrtare e Kish\u00ebs Orthodhokse Autoqefale e Shqip\u00ebris\u00eb me lajmet edhe informacionet zyrtare p\u00ebr struktur\u00ebn edhe veprimtarin e saj.","publisher":{"@id":"https:\/\/orthodoxalbania.org\/2020\/#organization"},"potentialAction":[{"@type":"SearchAction","target":{"@type":"EntryPoint","urlTemplate":"https:\/\/orthodoxalbania.org\/2020\/?s={search_term_string}"},"query-input":{"@type":"PropertyValueSpecification","valueRequired":true,"valueName":"search_term_string"}}],"inLanguage":"en-US"},{"@type":"Organization","@id":"https:\/\/orthodoxalbania.org\/2020\/#organization","name":"Kisha Orthodhokse Autoqefale e Shqip\u00ebris\u00eb","url":"https:\/\/orthodoxalbania.org\/2020\/","logo":{"@type":"ImageObject","inLanguage":"en-US","@id":"https:\/\/orthodoxalbania.org\/2020\/#\/schema\/logo\/image\/","url":"https:\/\/orthodoxalbania.org\/2020\/wp-content\/uploads\/2020\/05\/albania.jpeg","contentUrl":"https:\/\/orthodoxalbania.org\/2020\/wp-content\/uploads\/2020\/05\/albania.jpeg","width":540,"height":540,"caption":"Kisha Orthodhokse Autoqefale e Shqip\u00ebris\u00eb"},"image":{"@id":"https:\/\/orthodoxalbania.org\/2020\/#\/schema\/logo\/image\/"},"sameAs":["https:\/\/www.facebook.com\/koash1991"]},{"@type":"Person","@id":"https:\/\/orthodoxalbania.org\/2020\/#\/schema\/person\/0c387634a7063ac612d7ed9ce71c7e86","name":"Kisha Orthodhokse","image":{"@type":"ImageObject","inLanguage":"en-US","@id":"https:\/\/secure.gravatar.com\/avatar\/596e7c417251e30f2fbb9c00e026fce61a695a00e51c889caded71c96cbbdde5?s=96&d=mm&r=g","url":"https:\/\/secure.gravatar.com\/avatar\/596e7c417251e30f2fbb9c00e026fce61a695a00e51c889caded71c96cbbdde5?s=96&d=mm&r=g","contentUrl":"https:\/\/secure.gravatar.com\/avatar\/596e7c417251e30f2fbb9c00e026fce61a695a00e51c889caded71c96cbbdde5?s=96&d=mm&r=g","caption":"Kisha Orthodhokse"}}]}},"_links":{"self":[{"href":"https:\/\/orthodoxalbania.org\/2020\/wp-json\/wp\/v2\/posts\/818","targetHints":{"allow":["GET"]}}],"collection":[{"href":"https:\/\/orthodoxalbania.org\/2020\/wp-json\/wp\/v2\/posts"}],"about":[{"href":"https:\/\/orthodoxalbania.org\/2020\/wp-json\/wp\/v2\/types\/post"}],"author":[{"embeddable":true,"href":"https:\/\/orthodoxalbania.org\/2020\/wp-json\/wp\/v2\/users\/1"}],"replies":[{"embeddable":true,"href":"https:\/\/orthodoxalbania.org\/2020\/wp-json\/wp\/v2\/comments?post=818"}],"version-history":[{"count":1,"href":"https:\/\/orthodoxalbania.org\/2020\/wp-json\/wp\/v2\/posts\/818\/revisions"}],"predecessor-version":[{"id":15811,"href":"https:\/\/orthodoxalbania.org\/2020\/wp-json\/wp\/v2\/posts\/818\/revisions\/15811"}],"wp:attachment":[{"href":"https:\/\/orthodoxalbania.org\/2020\/wp-json\/wp\/v2\/media?parent=818"}],"wp:term":[{"taxonomy":"category","embeddable":true,"href":"https:\/\/orthodoxalbania.org\/2020\/wp-json\/wp\/v2\/categories?post=818"},{"taxonomy":"post_tag","embeddable":true,"href":"https:\/\/orthodoxalbania.org\/2020\/wp-json\/wp\/v2\/tags?post=818"}],"curies":[{"name":"wp","href":"https:\/\/api.w.org\/{rel}","templated":true}]}}