{"id":817,"date":"2006-02-27T07:58:45","date_gmt":"2006-02-27T07:58:45","guid":{"rendered":""},"modified":"2020-04-06T22:35:58","modified_gmt":"2020-04-06T20:35:58","slug":"kremtimi-i-theofanise-ne-tirane-janar-06","status":"publish","type":"post","link":"https:\/\/orthodoxalbania.org\/2020\/2006\/02\/27\/kremtimi-i-theofanise-ne-tirane-janar-06\/","title":{"rendered":"Kremtimi i Theofanis\u00eb n\u00eb Tiran\u00eb. (6 Janar 2006)"},"content":{"rendered":"<div style=\"text-align: justify;\"><span style=\"color: #000000;\"><span style=\"font-family: tahoma,geneva,sans-serif;\"><span style=\"font-size: 12px;\">&nbsp;&nbsp;&nbsp; N\u00eb dat\u00ebn 6 janar Kisha Orthodhokse kujton Epifanin\u00eb e Zotit Krisht. N\u00eb k\u00ebt\u00eb dit\u00eb, t\u00eb gjith\u00eb besimtar\u00ebt e krishter\u00eb orthodhoks\u00eb kujtojn\u00eb edhe pag\u00ebzimin e tyre, q\u00eb do t\u00eb thot\u00eb se ne kemi pranuar t\u00eb veshim rrob\u00ebn e Zotit Jisu Krisht. Dhe q\u00eb nga ajo dit\u00eb ne pranuam t\u00eb ecim n\u00eb drit\u00ebn e s\u00eb v\u00ebrtet\u00ebs. Rruga p\u00ebr n\u00eb Mbret\u00ebrin\u00eb e Per\u00ebndis\u00eb, rruga n\u00eb t\u00eb cil\u00ebn Zoti na th\u00ebrret ta ndjekim \u00ebsht\u00eb drejt nj\u00eb jete plot g\u00ebzim, paqe, dashuri dhe shpres\u00eb. Besimtar\u00ebt e krishter\u00eb orthodhoks\u00eb pranojn\u00eb t\u00eb udh\u00ebhiqen nga m\u00ebshira e Per\u00ebndis\u00eb sepse \u00ebsht\u00eb Per\u00ebndia q\u00eb shp\u00ebton. N\u00eb k\u00ebt\u00eb dit\u00eb, thuhet n\u00eb Ungjillin sipas Mattheut: Jisui sapo u pag\u00ebzua doli nga uji dhe qiejt u hap\u00ebn dhe Ai pa Frym\u00ebn e Per\u00ebndis\u00eb duke zbritur si nj\u00eb p\u00ebllumb e duke ardhur mbi T\u00eb, dhe ja nj\u00eb z\u00eb nga qielli tha \u201cKy \u00ebsht\u00eb Biri im i dashur, n\u00eb t\u00eb cilin jam k\u00ebnaqur\u201d. \u00cbsht\u00eb pik\u00ebrisht kjo dit\u00eb q\u00eb ne kujtojm\u00eb dhe fal\u00ebnderojm\u00eb Per\u00ebndin\u00eb, p\u00ebrgatitim veten ton\u00eb p\u00ebr detyr\u00ebn e madhe apostolike q\u00eb kemi q\u00eb n\u00eb momentin e pag\u00ebzimit.<\/span><\/span><\/span><\/div>\n<div style=\"text-align: justify;\">&nbsp;<\/div>\n<div style=\"text-align: justify;\"><span style=\"color: #000000;\"><span style=\"font-family: tahoma,geneva,sans-serif;\"><span style=\"font-size: 12px;\">&nbsp;&nbsp;&nbsp; Liturgjia Hyjnore dhe Sh\u00ebrbesa e Shenjt\u00ebrimit t\u00eb uj\u00ebrave u drejtua nga Protopresviteri At\u00eb Jani Trebicka. Bashk\u00ebmeshonin edhe klerik\u00eb t\u00eb tjer\u00eb n\u00eb pjes\u00ebmarrjen e shum\u00eb besimtar\u00ebve, t\u00eb cil\u00ebt q\u00ebndronin n\u00eb ambientet brenda dhe jasht\u00eb kish\u00ebs \u201cUngjill\u00ebzimi i Per\u00ebndilind\u00ebses Mari\u201d.<\/span><\/span><\/span><\/div>\n<div style=\"text-align: justify;\">&nbsp;<\/div>\n<div style=\"text-align: justify;\"><span style=\"color: #000000;\"><span style=\"font-family: tahoma,geneva,sans-serif;\"><span style=\"font-size: 12px;\">&nbsp;&nbsp;&nbsp; N\u00eb predikimin e tij, At\u00eb Justini theksoi: Drita u shfaq dhe na ka ndri\u00e7uar. Kjo fest\u00eb quhet e drit\u00ebs sepse Per\u00ebndia \u00ebsht\u00eb drita dhe Ai u shfaq nd\u00ebr ne. Ai na u shfaq duke zbuluar misterin e Trinis\u00eb s\u00eb Shenjt\u00eb. Ati d\u00ebshmoi se Jisui nuk \u00ebsht\u00eb njeri i thjesht\u00eb, por Per\u00ebndi-njeri, ku n\u00eb personin e Jisuit u bashkua natyra hyjnore me at\u00eb njer\u00ebzore. Ne \u00e7uditemi nga p\u00ebrul\u00ebsia e Krishtit sepse Ai arriti t\u00eb zvog\u00eblohet dhe t\u00eb b\u00ebhet njeri, madje shkoi tek Joani p\u00ebr t\u2019u pag\u00ebzuar. P\u00ebr ne t\u00eb krishter\u00ebt p\u00ebrul\u00ebsia shkon me dashurin\u00eb dhe k\u00ebshtu ne ftohemi t\u00eb ndri\u00e7ohemi me doktrin\u00ebn e Trinis\u00eb s\u00eb Shenjt\u00eb dhe nga ana tjet\u00ebr t\u00eb kemi p\u00ebrul\u00ebsi duke patur si model Krishtin. Le t\u00eb jemi t\u00eb ndri\u00e7uar, pra, gjat\u00eb gjith\u00eb jet\u00ebs son\u00eb me hirin e Per\u00ebndis\u00eb dhe me virtyt.<\/span><\/span><\/span><\/div>\n","protected":false},"excerpt":{"rendered":"<p>&nbsp;&nbsp;&nbsp; N\u00eb dat\u00ebn 6 janar Kisha Orthodhokse kujton Epifanin\u00eb e Zotit Krisht. N\u00eb k\u00ebt\u00eb dit\u00eb, t\u00eb gjith\u00eb besimtar\u00ebt e krishter\u00eb orthodhoks\u00eb kujtojn\u00eb edhe pag\u00ebzimin e tyre, q\u00eb do t\u00eb thot\u00eb se ne kemi pranuar t\u00eb veshim rrob\u00ebn e Zotit Jisu Krisht. Dhe q\u00eb nga ajo dit\u00eb ne pranuam t\u00eb ecim n\u00eb drit\u00ebn e s\u00eb v\u00ebrtet\u00ebs. Rruga p\u00ebr n\u00eb Mbret\u00ebrin\u00eb e Per\u00ebndis\u00eb, rruga n\u00eb t\u00eb cil\u00ebn<\/p>\n","protected":false},"author":1,"featured_media":0,"comment_status":"open","ping_status":"open","sticky":false,"template":"","format":"standard","meta":{"_acf_changed":false,"pagelayer_contact_templates":[],"_pagelayer_content":"","inline_featured_image":false,"fifu_image_url":"","fifu_image_alt":"","footnotes":""},"categories":[108],"tags":[148,157,196,212,193],"class_list":["post-817","post","type-post","status-publish","format-standard","hentry","category-lajme","tag-148","tag-kremtime","tag-tirane","tag-lajme-d27","tag-uji-i-bekuar"],"acf":[],"yoast_head":"<!-- This site is optimized with the Yoast SEO plugin v27.2 - https:\/\/yoast.com\/product\/yoast-seo-wordpress\/ -->\n<title>Kremtimi i Theofanis\u00eb n\u00eb Tiran\u00eb. (6 Janar 2006) - Kisha Orthodh\u03bfkse Autoqefale e Shqip\u00ebris\u00eb<\/title>\n<meta name=\"robots\" content=\"index, follow, max-snippet:-1, max-image-preview:large, max-video-preview:-1\" \/>\n<link rel=\"canonical\" href=\"https:\/\/orthodoxalbania.org\/2020\/2006\/02\/27\/kremtimi-i-theofanise-ne-tirane-janar-06\/\" \/>\n<meta property=\"og:locale\" content=\"en_US\" \/>\n<meta property=\"og:type\" content=\"article\" \/>\n<meta property=\"og:title\" content=\"Kremtimi i Theofanis\u00eb n\u00eb Tiran\u00eb. (6 Janar 2006) - Kisha Orthodh\u03bfkse Autoqefale e Shqip\u00ebris\u00eb\" \/>\n<meta property=\"og:description\" content=\"&nbsp;&nbsp;&nbsp; N\u00eb dat\u00ebn 6 janar Kisha Orthodhokse kujton Epifanin\u00eb e Zotit Krisht. N\u00eb k\u00ebt\u00eb dit\u00eb, t\u00eb gjith\u00eb besimtar\u00ebt e krishter\u00eb orthodhoks\u00eb kujtojn\u00eb edhe pag\u00ebzimin e tyre, q\u00eb do t\u00eb thot\u00eb se ne kemi pranuar t\u00eb veshim rrob\u00ebn e Zotit Jisu Krisht. Dhe q\u00eb nga ajo dit\u00eb ne pranuam t\u00eb ecim n\u00eb drit\u00ebn e s\u00eb v\u00ebrtet\u00ebs. Rruga p\u00ebr n\u00eb Mbret\u00ebrin\u00eb e Per\u00ebndis\u00eb, rruga n\u00eb t\u00eb cil\u00ebn\" \/>\n<meta property=\"og:url\" content=\"https:\/\/orthodoxalbania.org\/2020\/2006\/02\/27\/kremtimi-i-theofanise-ne-tirane-janar-06\/\" \/>\n<meta property=\"og:site_name\" content=\"Kisha Orthodh\u03bfkse Autoqefale e Shqip\u00ebris\u00eb\" \/>\n<meta property=\"article:publisher\" content=\"https:\/\/www.facebook.com\/koash1991\" \/>\n<meta property=\"article:published_time\" content=\"2006-02-27T07:58:45+00:00\" \/>\n<meta property=\"article:modified_time\" content=\"2020-04-06T20:35:58+00:00\" \/>\n<meta property=\"og:image\" content=\"https:\/\/orthodoxalbania.org\/2020\/wp-content\/uploads\/2021\/02\/LogoLastALb-200.png\" \/>\n\t<meta property=\"og:image:width\" content=\"200\" \/>\n\t<meta property=\"og:image:height\" content=\"172\" \/>\n\t<meta property=\"og:image:type\" content=\"image\/png\" \/>\n<meta name=\"author\" content=\"Kisha Orthodhokse\" \/>\n<meta name=\"twitter:card\" content=\"summary_large_image\" \/>\n<meta name=\"twitter:label1\" content=\"Written by\" \/>\n\t<meta name=\"twitter:data1\" content=\"Kisha Orthodhokse\" \/>\n\t<meta name=\"twitter:label2\" content=\"Est. reading time\" \/>\n\t<meta name=\"twitter:data2\" content=\"2 minutes\" \/>\n<script type=\"application\/ld+json\" class=\"yoast-schema-graph\">{\"@context\":\"https:\/\/schema.org\",\"@graph\":[{\"@type\":\"Article\",\"@id\":\"https:\/\/orthodoxalbania.org\/2020\/2006\/02\/27\/kremtimi-i-theofanise-ne-tirane-janar-06\/#article\",\"isPartOf\":{\"@id\":\"https:\/\/orthodoxalbania.org\/2020\/2006\/02\/27\/kremtimi-i-theofanise-ne-tirane-janar-06\/\"},\"author\":{\"name\":\"Kisha Orthodhokse\",\"@id\":\"https:\/\/orthodoxalbania.org\/2020\/#\/schema\/person\/0c387634a7063ac612d7ed9ce71c7e86\"},\"headline\":\"Kremtimi i Theofanis\u00eb n\u00eb Tiran\u00eb. (6 Janar 2006)\",\"datePublished\":\"2006-02-27T07:58:45+00:00\",\"dateModified\":\"2020-04-06T20:35:58+00:00\",\"mainEntityOfPage\":{\"@id\":\"https:\/\/orthodoxalbania.org\/2020\/2006\/02\/27\/kremtimi-i-theofanise-ne-tirane-janar-06\/\"},\"wordCount\":434,\"commentCount\":0,\"publisher\":{\"@id\":\"https:\/\/orthodoxalbania.org\/2020\/#organization\"},\"keywords\":[\"2006\",\"Kremtime\",\"Kryepiskopata Tiran\u00eb\",\"lajme\",\"Uji i Bekuar\"],\"articleSection\":[\"Lajme\"],\"inLanguage\":\"en-US\"},{\"@type\":\"WebPage\",\"@id\":\"https:\/\/orthodoxalbania.org\/2020\/2006\/02\/27\/kremtimi-i-theofanise-ne-tirane-janar-06\/\",\"url\":\"https:\/\/orthodoxalbania.org\/2020\/2006\/02\/27\/kremtimi-i-theofanise-ne-tirane-janar-06\/\",\"name\":\"Kremtimi i Theofanis\u00eb n\u00eb Tiran\u00eb. (6 Janar 2006) - Kisha Orthodh\u03bfkse Autoqefale e Shqip\u00ebris\u00eb\",\"isPartOf\":{\"@id\":\"https:\/\/orthodoxalbania.org\/2020\/#website\"},\"datePublished\":\"2006-02-27T07:58:45+00:00\",\"dateModified\":\"2020-04-06T20:35:58+00:00\",\"breadcrumb\":{\"@id\":\"https:\/\/orthodoxalbania.org\/2020\/2006\/02\/27\/kremtimi-i-theofanise-ne-tirane-janar-06\/#breadcrumb\"},\"inLanguage\":\"en-US\",\"potentialAction\":[{\"@type\":\"ReadAction\",\"target\":[\"https:\/\/orthodoxalbania.org\/2020\/2006\/02\/27\/kremtimi-i-theofanise-ne-tirane-janar-06\/\"]}]},{\"@type\":\"BreadcrumbList\",\"@id\":\"https:\/\/orthodoxalbania.org\/2020\/2006\/02\/27\/kremtimi-i-theofanise-ne-tirane-janar-06\/#breadcrumb\",\"itemListElement\":[{\"@type\":\"ListItem\",\"position\":1,\"name\":\"Home\",\"item\":\"https:\/\/orthodoxalbania.org\/2020\/\"},{\"@type\":\"ListItem\",\"position\":2,\"name\":\"Kremtimi i Theofanis\u00eb n\u00eb Tiran\u00eb. (6 Janar 2006)\"}]},{\"@type\":\"WebSite\",\"@id\":\"https:\/\/orthodoxalbania.org\/2020\/#website\",\"url\":\"https:\/\/orthodoxalbania.org\/2020\/\",\"name\":\"Kisha Orthodh\u03bfkse Autoqefale e Shqip\u00ebris\u00eb\",\"description\":\"Fqja Zyrtare e Kish\u00ebs Orthodhokse Autoqefale e Shqip\u00ebris\u00eb me lajmet edhe informacionet zyrtare p\u00ebr struktur\u00ebn edhe veprimtarin e saj.\",\"publisher\":{\"@id\":\"https:\/\/orthodoxalbania.org\/2020\/#organization\"},\"potentialAction\":[{\"@type\":\"SearchAction\",\"target\":{\"@type\":\"EntryPoint\",\"urlTemplate\":\"https:\/\/orthodoxalbania.org\/2020\/?s={search_term_string}\"},\"query-input\":{\"@type\":\"PropertyValueSpecification\",\"valueRequired\":true,\"valueName\":\"search_term_string\"}}],\"inLanguage\":\"en-US\"},{\"@type\":\"Organization\",\"@id\":\"https:\/\/orthodoxalbania.org\/2020\/#organization\",\"name\":\"Kisha Orthodhokse Autoqefale e Shqip\u00ebris\u00eb\",\"url\":\"https:\/\/orthodoxalbania.org\/2020\/\",\"logo\":{\"@type\":\"ImageObject\",\"inLanguage\":\"en-US\",\"@id\":\"https:\/\/orthodoxalbania.org\/2020\/#\/schema\/logo\/image\/\",\"url\":\"https:\/\/orthodoxalbania.org\/2020\/wp-content\/uploads\/2020\/05\/albania.jpeg\",\"contentUrl\":\"https:\/\/orthodoxalbania.org\/2020\/wp-content\/uploads\/2020\/05\/albania.jpeg\",\"width\":540,\"height\":540,\"caption\":\"Kisha Orthodhokse Autoqefale e Shqip\u00ebris\u00eb\"},\"image\":{\"@id\":\"https:\/\/orthodoxalbania.org\/2020\/#\/schema\/logo\/image\/\"},\"sameAs\":[\"https:\/\/www.facebook.com\/koash1991\"]},{\"@type\":\"Person\",\"@id\":\"https:\/\/orthodoxalbania.org\/2020\/#\/schema\/person\/0c387634a7063ac612d7ed9ce71c7e86\",\"name\":\"Kisha Orthodhokse\",\"image\":{\"@type\":\"ImageObject\",\"inLanguage\":\"en-US\",\"@id\":\"https:\/\/secure.gravatar.com\/avatar\/596e7c417251e30f2fbb9c00e026fce61a695a00e51c889caded71c96cbbdde5?s=96&d=mm&r=g\",\"url\":\"https:\/\/secure.gravatar.com\/avatar\/596e7c417251e30f2fbb9c00e026fce61a695a00e51c889caded71c96cbbdde5?s=96&d=mm&r=g\",\"contentUrl\":\"https:\/\/secure.gravatar.com\/avatar\/596e7c417251e30f2fbb9c00e026fce61a695a00e51c889caded71c96cbbdde5?s=96&d=mm&r=g\",\"caption\":\"Kisha Orthodhokse\"}}]}<\/script>\n<!-- \/ Yoast SEO plugin. -->","yoast_head_json":{"title":"Kremtimi i Theofanis\u00eb n\u00eb Tiran\u00eb. (6 Janar 2006) - Kisha Orthodh\u03bfkse Autoqefale e Shqip\u00ebris\u00eb","robots":{"index":"index","follow":"follow","max-snippet":"max-snippet:-1","max-image-preview":"max-image-preview:large","max-video-preview":"max-video-preview:-1"},"canonical":"https:\/\/orthodoxalbania.org\/2020\/2006\/02\/27\/kremtimi-i-theofanise-ne-tirane-janar-06\/","og_locale":"en_US","og_type":"article","og_title":"Kremtimi i Theofanis\u00eb n\u00eb Tiran\u00eb. (6 Janar 2006) - Kisha Orthodh\u03bfkse Autoqefale e Shqip\u00ebris\u00eb","og_description":"&nbsp;&nbsp;&nbsp; N\u00eb dat\u00ebn 6 janar Kisha Orthodhokse kujton Epifanin\u00eb e Zotit Krisht. N\u00eb k\u00ebt\u00eb dit\u00eb, t\u00eb gjith\u00eb besimtar\u00ebt e krishter\u00eb orthodhoks\u00eb kujtojn\u00eb edhe pag\u00ebzimin e tyre, q\u00eb do t\u00eb thot\u00eb se ne kemi pranuar t\u00eb veshim rrob\u00ebn e Zotit Jisu Krisht. Dhe q\u00eb nga ajo dit\u00eb ne pranuam t\u00eb ecim n\u00eb drit\u00ebn e s\u00eb v\u00ebrtet\u00ebs. Rruga p\u00ebr n\u00eb Mbret\u00ebrin\u00eb e Per\u00ebndis\u00eb, rruga n\u00eb t\u00eb cil\u00ebn","og_url":"https:\/\/orthodoxalbania.org\/2020\/2006\/02\/27\/kremtimi-i-theofanise-ne-tirane-janar-06\/","og_site_name":"Kisha Orthodh\u03bfkse Autoqefale e Shqip\u00ebris\u00eb","article_publisher":"https:\/\/www.facebook.com\/koash1991","article_published_time":"2006-02-27T07:58:45+00:00","article_modified_time":"2020-04-06T20:35:58+00:00","og_image":[{"width":200,"height":172,"url":"https:\/\/orthodoxalbania.org\/2020\/wp-content\/uploads\/2021\/02\/LogoLastALb-200.png","type":"image\/png"}],"author":"Kisha Orthodhokse","twitter_card":"summary_large_image","twitter_misc":{"Written by":"Kisha Orthodhokse","Est. reading time":"2 minutes"},"schema":{"@context":"https:\/\/schema.org","@graph":[{"@type":"Article","@id":"https:\/\/orthodoxalbania.org\/2020\/2006\/02\/27\/kremtimi-i-theofanise-ne-tirane-janar-06\/#article","isPartOf":{"@id":"https:\/\/orthodoxalbania.org\/2020\/2006\/02\/27\/kremtimi-i-theofanise-ne-tirane-janar-06\/"},"author":{"name":"Kisha Orthodhokse","@id":"https:\/\/orthodoxalbania.org\/2020\/#\/schema\/person\/0c387634a7063ac612d7ed9ce71c7e86"},"headline":"Kremtimi i Theofanis\u00eb n\u00eb Tiran\u00eb. (6 Janar 2006)","datePublished":"2006-02-27T07:58:45+00:00","dateModified":"2020-04-06T20:35:58+00:00","mainEntityOfPage":{"@id":"https:\/\/orthodoxalbania.org\/2020\/2006\/02\/27\/kremtimi-i-theofanise-ne-tirane-janar-06\/"},"wordCount":434,"commentCount":0,"publisher":{"@id":"https:\/\/orthodoxalbania.org\/2020\/#organization"},"keywords":["2006","Kremtime","Kryepiskopata Tiran\u00eb","lajme","Uji i Bekuar"],"articleSection":["Lajme"],"inLanguage":"en-US"},{"@type":"WebPage","@id":"https:\/\/orthodoxalbania.org\/2020\/2006\/02\/27\/kremtimi-i-theofanise-ne-tirane-janar-06\/","url":"https:\/\/orthodoxalbania.org\/2020\/2006\/02\/27\/kremtimi-i-theofanise-ne-tirane-janar-06\/","name":"Kremtimi i Theofanis\u00eb n\u00eb Tiran\u00eb. (6 Janar 2006) - Kisha Orthodh\u03bfkse Autoqefale e Shqip\u00ebris\u00eb","isPartOf":{"@id":"https:\/\/orthodoxalbania.org\/2020\/#website"},"datePublished":"2006-02-27T07:58:45+00:00","dateModified":"2020-04-06T20:35:58+00:00","breadcrumb":{"@id":"https:\/\/orthodoxalbania.org\/2020\/2006\/02\/27\/kremtimi-i-theofanise-ne-tirane-janar-06\/#breadcrumb"},"inLanguage":"en-US","potentialAction":[{"@type":"ReadAction","target":["https:\/\/orthodoxalbania.org\/2020\/2006\/02\/27\/kremtimi-i-theofanise-ne-tirane-janar-06\/"]}]},{"@type":"BreadcrumbList","@id":"https:\/\/orthodoxalbania.org\/2020\/2006\/02\/27\/kremtimi-i-theofanise-ne-tirane-janar-06\/#breadcrumb","itemListElement":[{"@type":"ListItem","position":1,"name":"Home","item":"https:\/\/orthodoxalbania.org\/2020\/"},{"@type":"ListItem","position":2,"name":"Kremtimi i Theofanis\u00eb n\u00eb Tiran\u00eb. (6 Janar 2006)"}]},{"@type":"WebSite","@id":"https:\/\/orthodoxalbania.org\/2020\/#website","url":"https:\/\/orthodoxalbania.org\/2020\/","name":"Kisha Orthodh\u03bfkse Autoqefale e Shqip\u00ebris\u00eb","description":"Fqja Zyrtare e Kish\u00ebs Orthodhokse Autoqefale e Shqip\u00ebris\u00eb me lajmet edhe informacionet zyrtare p\u00ebr struktur\u00ebn edhe veprimtarin e saj.","publisher":{"@id":"https:\/\/orthodoxalbania.org\/2020\/#organization"},"potentialAction":[{"@type":"SearchAction","target":{"@type":"EntryPoint","urlTemplate":"https:\/\/orthodoxalbania.org\/2020\/?s={search_term_string}"},"query-input":{"@type":"PropertyValueSpecification","valueRequired":true,"valueName":"search_term_string"}}],"inLanguage":"en-US"},{"@type":"Organization","@id":"https:\/\/orthodoxalbania.org\/2020\/#organization","name":"Kisha Orthodhokse Autoqefale e Shqip\u00ebris\u00eb","url":"https:\/\/orthodoxalbania.org\/2020\/","logo":{"@type":"ImageObject","inLanguage":"en-US","@id":"https:\/\/orthodoxalbania.org\/2020\/#\/schema\/logo\/image\/","url":"https:\/\/orthodoxalbania.org\/2020\/wp-content\/uploads\/2020\/05\/albania.jpeg","contentUrl":"https:\/\/orthodoxalbania.org\/2020\/wp-content\/uploads\/2020\/05\/albania.jpeg","width":540,"height":540,"caption":"Kisha Orthodhokse Autoqefale e Shqip\u00ebris\u00eb"},"image":{"@id":"https:\/\/orthodoxalbania.org\/2020\/#\/schema\/logo\/image\/"},"sameAs":["https:\/\/www.facebook.com\/koash1991"]},{"@type":"Person","@id":"https:\/\/orthodoxalbania.org\/2020\/#\/schema\/person\/0c387634a7063ac612d7ed9ce71c7e86","name":"Kisha Orthodhokse","image":{"@type":"ImageObject","inLanguage":"en-US","@id":"https:\/\/secure.gravatar.com\/avatar\/596e7c417251e30f2fbb9c00e026fce61a695a00e51c889caded71c96cbbdde5?s=96&d=mm&r=g","url":"https:\/\/secure.gravatar.com\/avatar\/596e7c417251e30f2fbb9c00e026fce61a695a00e51c889caded71c96cbbdde5?s=96&d=mm&r=g","contentUrl":"https:\/\/secure.gravatar.com\/avatar\/596e7c417251e30f2fbb9c00e026fce61a695a00e51c889caded71c96cbbdde5?s=96&d=mm&r=g","caption":"Kisha Orthodhokse"}}]}},"_links":{"self":[{"href":"https:\/\/orthodoxalbania.org\/2020\/wp-json\/wp\/v2\/posts\/817","targetHints":{"allow":["GET"]}}],"collection":[{"href":"https:\/\/orthodoxalbania.org\/2020\/wp-json\/wp\/v2\/posts"}],"about":[{"href":"https:\/\/orthodoxalbania.org\/2020\/wp-json\/wp\/v2\/types\/post"}],"author":[{"embeddable":true,"href":"https:\/\/orthodoxalbania.org\/2020\/wp-json\/wp\/v2\/users\/1"}],"replies":[{"embeddable":true,"href":"https:\/\/orthodoxalbania.org\/2020\/wp-json\/wp\/v2\/comments?post=817"}],"version-history":[{"count":1,"href":"https:\/\/orthodoxalbania.org\/2020\/wp-json\/wp\/v2\/posts\/817\/revisions"}],"predecessor-version":[{"id":15810,"href":"https:\/\/orthodoxalbania.org\/2020\/wp-json\/wp\/v2\/posts\/817\/revisions\/15810"}],"wp:attachment":[{"href":"https:\/\/orthodoxalbania.org\/2020\/wp-json\/wp\/v2\/media?parent=817"}],"wp:term":[{"taxonomy":"category","embeddable":true,"href":"https:\/\/orthodoxalbania.org\/2020\/wp-json\/wp\/v2\/categories?post=817"},{"taxonomy":"post_tag","embeddable":true,"href":"https:\/\/orthodoxalbania.org\/2020\/wp-json\/wp\/v2\/tags?post=817"}],"curies":[{"name":"wp","href":"https:\/\/api.w.org\/{rel}","templated":true}]}}