{"id":816,"date":"2013-03-21T12:44:38","date_gmt":"2013-03-21T12:44:38","guid":{"rendered":""},"modified":"2020-04-06T22:05:51","modified_gmt":"2020-04-06T20:05:51","slug":"kremtimi-i-theofanise-ne-berat","status":"publish","type":"post","link":"https:\/\/orthodoxalbania.org\/2020\/2013\/03\/21\/kremtimi-i-theofanise-ne-berat\/","title":{"rendered":"Kremtimi i Theofanis\u00eb n\u00eb Berat. (6 Janar 2013)"},"content":{"rendered":"<div style=\"text-align: justify;\">\n\t<span style=\"color:#000000;\"><span style=\"font-size: 12px;\"><span style=\"font-family: tahoma,geneva,sans-serif;\"><img class=\"lazyload\" decoding=\"async\" src=\"data:image\/gif;base64,R0lGODlhAQABAAAAACH5BAEKAAEALAAAAAABAAEAAAICTAEAOw==\" data-orig-src=\"https:\/\/lh5.googleusercontent.com\/-i1j7dIoyeQo\/UOwLiEv0giI\/AAAAAAAAB0A\/AvUgGJQmnTg\/s640\/IMG_6072.JPG\" style=\"width: 200px; height: 200px; border-width: 1px; border-style: solid; margin: 10px; float: left;\" \/>&nbsp;&nbsp;&nbsp; Theofania, pag\u00ebzimi i Shp\u00ebtimtarit ton\u00eb Jisu Krisht, p\u00ebrb\u00ebn nj\u00eb nga festat m\u00eb t\u00eb m\u00ebdha t\u00eb vitit liturgjikal. Prandaj n\u00eb t\u00eb gjith\u00eb bot\u00ebn Orthodhokse k\u00ebsaj t\u00eb kremteje i jepet nj\u00eb r\u00ebnd\u00ebsi e ve\u00e7ant\u00eb, ku traditat kishtare nd\u00ebrthuren bukur me traditat e shk\u00eblqyera popullore.<\/span><\/span><\/span><\/div>\n<div style=\"text-align: justify;\">\n\t<br \/>\n\t<span style=\"color:#000000;\"><span style=\"font-size: 12px;\"><span style=\"font-family: tahoma,geneva,sans-serif;\">&nbsp;&nbsp;&nbsp; Kjo fest\u00eb e cila njihet ndryshe edhe si dita e Ujit t\u00eb Bekuar, i jep qytetit historik t\u00eb Beratit nj\u00eb shk\u00eblqim t\u00eb ve\u00e7ant\u00eb, q\u00eb nuk shihet n\u00eb asnj\u00eb dit\u00eb tjet\u00ebr t\u00eb vitit.<\/span><\/span><\/span><\/div>\n<div style=\"text-align: justify;\">\n\t<br \/>\n\t<span style=\"color:#000000;\"><span style=\"font-size: 12px;\"><span style=\"font-family: tahoma,geneva,sans-serif;\">&nbsp;&nbsp;&nbsp; Sh\u00ebrbesat kishtare u kryen n\u00eb dy kishat kryesore t\u00eb qytetit, ne kish\u00ebn e Sh\u00ebn Spiridhonit si dhe n\u00eb Katedralen e Sh\u00ebn Dhimitrit, n\u00ebn drejtimin e Mitropolitit t\u00eb Beratit, Vlor\u00ebs dhe Kanin\u00ebs, Imzot Ignatit. N\u00eb predikimin e dit\u00ebs u theksua: \u201cPara se t\u00eb vij\u00eb Jisu Krishti n\u00eb bot\u00eb, parapriu nj\u00eb p\u00ebrgatitje e madhe dhe e zgjatur. Per\u00ebndia parap\u00ebrgatiti njer\u00ebzimin me shum\u00eb m\u00ebnyra q\u00eb t\u00eb pranoj\u00eb \u00c7lirimtarin. Ve\u00e7an\u00ebrisht parap\u00ebrgatiti popullin e Judes\u00eb, brenda t\u00eb cilit do t\u00eb d\u00ebrgonte Birin e Tij. Dhe veprimi i fundit i r\u00ebnd\u00ebsish\u00ebm i k\u00ebsaj parap\u00ebrgatitjeje ishte d\u00ebrgimi i Joan Pag\u00ebzorit i cili, n\u00eb shkret\u00ebtir\u00ebn e Judes\u00eb, ftonte popullin t\u00eb b\u00ebhet gati p\u00ebr t\u00eb pranuar Shp\u00ebtimtarin.<\/span><\/span><\/span><\/div>\n<div style=\"text-align: justify;\">\n\t<br \/>\n\t<span style=\"color:#000000;\"><span style=\"font-size: 12px;\"><span style=\"font-family: tahoma,geneva,sans-serif;\">&nbsp;&nbsp;&nbsp; Kur Joani u pyet nga Judenjt\u00eb, nga kush e m\u00ebsove Krishtin; iu p\u00ebrgjigj: Ai q\u00eb m\u00eb d\u00ebrgoi t\u00eb pag\u00ebzoj me uj\u00eb m\u00eb tha: \u201cAi mbi t\u00eb cilin do t\u00eb shoh\u00ebsh Shpirtin e Shenjt\u00eb duke zbritur si p\u00ebllumb nga qielli e duke q\u00ebndruar mbi t\u00eb, ky \u00ebsht\u00eb ai q\u00eb pag\u00ebzon me Shpirt t\u00eb Shenjt\u00eb\u201d. Shikon dikush, se pik\u00ebrisht p\u00ebr k\u00ebt\u00eb arsye erdhi Shpirti i Shenjt\u00eb, jo se ishte hera e par\u00eb q\u00eb zbriti, por p\u00ebr t\u00eb treguar At\u00eb, p\u00ebr t\u00eb cilin predikuan profet\u00ebt, dhe e b\u00ebn t\u00eb njohur tek t\u00eb gjith\u00eb, sikur ta tregonte me gisht. Prandaj erdhi t\u00eb pag\u00ebzohet Zoti\u201d.<\/span><\/span><\/span><\/div>\n<div style=\"text-align: justify;\">\n\t<br \/>\n\t<span style=\"color:#000000;\"><span style=\"font-size: 12px;\"><span style=\"font-family: tahoma,geneva,sans-serif;\">&nbsp;&nbsp;&nbsp; Sh\u00ebrbesat t\u00eb cilat filluan n\u00eb or\u00ebt e para t\u00eb m\u00ebngjesit u ndoq\u00ebn me shpres\u00ebtari nga besimtar\u00eb t\u00eb shumt\u00eb t\u00eb cil\u00ebt pat\u00ebn rastin t\u00eb marrin me vete dhe Ujin e Bekuar, q\u00eb do ti shoq\u00ebroj\u00eb gjat\u00eb gjith\u00eb vitit.<\/span><\/span><\/span><\/div>\n<div style=\"text-align: justify;\">\n\t<br \/>\n\t<span style=\"color:#000000;\"><span style=\"font-size: 12px;\"><span style=\"font-family: tahoma,geneva,sans-serif;\">Kulmi i kremtimit \u00ebsht\u00eb padyshim hedhja e kryqit nga ura e Goric\u00ebs n\u00eb uj\u00ebrat e lumit Osum. Ky veprim q\u00eb simbolizon bekimin, me an\u00ebn e kryqit, t\u00eb t\u00eb gjitha uj\u00ebrave p\u00ebrshtatet me kushtet e p\u00ebrkryera gjeografike t\u00eb qytetit ton\u00eb, duke sjell\u00eb n\u00eb Berat pelegrin\u00eb nga e gjith\u00eb Shqip\u00ebria. Me hijeshi u p\u00ebrshkrua bulevardi \u201cRepublika\u201d nga kortezhi i klerik\u00ebve dhe i besimtar\u00ebve t\u00eb shumt\u00eb drejt vendit ku do t\u00eb hidhej kryqi, me guxim u sfiduan temperaturat e ul\u00ebta nga 11 djem t\u00eb cil\u00ebt u p\u00ebrpoq\u00ebn p\u00ebr t\u00eb kapur kryqin.<\/span><\/span><\/span><\/div>\n<div style=\"text-align: justify;\">\n\t<br \/>\n\t<span style=\"color:#000000;\"><span style=\"font-size: 12px;\"><span style=\"font-family: tahoma,geneva,sans-serif;\">&nbsp;&nbsp;&nbsp; N\u00eb kthimin e litanis\u00eb kortezhit iu bashkuan ministri p\u00ebr Inovacionin dhe Teknologjin\u00eb e Informacionit e t\u00eb Komunikimit z. Genc Pollo, Z\u00ebvend\u00ebs kryetari i Kuvendit Popullor z. Nasip Na\u00e7o, rektori i Universitetit t\u00eb Tiran\u00ebs, z. Dhori Kule, Kryetari i Bashkis\u00eb Berat z. Fadil Nasufi, Prefekti i Qarkut z. Bujar Hoxhaj, si dhe p\u00ebrfaq\u00ebsues dhe autoritete t\u00eb shumt\u00eb lokal\u00eb e qendror.<\/span><\/span><\/span><\/div>\n<div style=\"text-align: justify;\">\n\t<br \/>\n\t<span style=\"color:#000000;\"><span style=\"font-size: 12px;\"><span style=\"font-family: tahoma,geneva,sans-serif;\">&nbsp;&nbsp;&nbsp; Nj\u00eb pritje e ve\u00e7ant\u00eb me rastin e k\u00ebsaj feste t\u00eb madhe u mbajt p\u00ebr besimtar\u00ebt dhe autoritet e lartp\u00ebrmendur n\u00eb ambientet e godin\u00ebs s\u00eb Mitropolis\u00eb s\u00eb Hirshme t\u00eb Beratit nga Imzot Ignati.<\/span><\/span><\/span><\/div>\n<div style=\"text-align: justify;\">\n\t&nbsp;<\/div>\n<div style=\"text-align: justify;\">\n\t<span style=\"color:#000000;\"><span style=\"font-size: 12px;\"><span style=\"font-family: tahoma,geneva,sans-serif;\"><img class=\"lazyload\" decoding=\"async\" src=\"data:image\/gif;base64,R0lGODlhAQABAAAAACH5BAEKAAEALAAAAAABAAEAAAICTAEAOw==\" data-orig-src=\"https:\/\/lh6.googleusercontent.com\/-pgyEy1dRU6k\/UOwLiBvVoMI\/AAAAAAAAB0E\/Ktql7ZXSUHo\/s640\/IMG_6028.JPG\" style=\"width: 600px; height: 399px; border-width: 1px; border-style: solid; margin: 10px; float: left;\" \/><\/span><\/span><\/span><\/div>\n<div style=\"text-align: justify;\">\n\t<span style=\"color:#000000;\"><span style=\"font-size: 12px;\"><span style=\"font-family: tahoma,geneva,sans-serif;\"><img class=\"lazyload\" decoding=\"async\" src=\"data:image\/gif;base64,R0lGODlhAQABAAAAACH5BAEKAAEALAAAAAABAAEAAAICTAEAOw==\" data-orig-src=\"https:\/\/lh5.googleusercontent.com\/-pdjmm0M9h5Q\/UOwLkmhueTI\/AAAAAAAAB0U\/OH46huYRh0U\/s640\/IMG_6231.JPG\" style=\"width: 600px; height: 399px; border-width: 1px; border-style: solid; margin: 10px; float: left;\" \/><\/span><\/span><\/span><\/div>\n<div style=\"text-align: justify;\">\n\t<span style=\"color:#000000;\"><span style=\"font-size: 12px;\"><span style=\"font-family: tahoma,geneva,sans-serif;\"><img class=\"lazyload\" decoding=\"async\" src=\"data:image\/gif;base64,R0lGODlhAQABAAAAACH5BAEKAAEALAAAAAABAAEAAAICTAEAOw==\" data-orig-src=\"https:\/\/lh3.googleusercontent.com\/-vii2nhn5C-M\/UOwLlkK4FhI\/AAAAAAAAB0g\/EQEb2PjMX_Y\/s640\/IMG_6254.JPG\" style=\"width: 600px; height: 399px; border-width: 1px; border-style: solid; margin: 10px; float: left;\" \/><\/span><\/span><\/span><\/div>\n<div style=\"text-align: justify;\">\n\t<span style=\"color:#000000;\"><span style=\"font-size: 12px;\"><span style=\"font-family: tahoma,geneva,sans-serif;\"><img class=\"lazyload\" decoding=\"async\" src=\"data:image\/gif;base64,R0lGODlhAQABAAAAACH5BAEKAAEALAAAAAABAAEAAAICTAEAOw==\" data-orig-src=\"https:\/\/lh5.googleusercontent.com\/-79Yw0AbI8-4\/UOwLlkdi44I\/AAAAAAAAB0c\/CDy6EnbCQ8o\/s640\/IMG_6255.JPG\" style=\"width: 600px; height: 399px; border-width: 1px; border-style: solid; margin: 10px; float: left;\" \/><\/span><\/span><\/span><\/div>\n<div style=\"text-align: justify;\">\n\t<span style=\"color:#000000;\"><span style=\"font-size: 12px;\"><span style=\"font-family: tahoma,geneva,sans-serif;\"><img class=\"lazyload\" decoding=\"async\" src=\"data:image\/gif;base64,R0lGODlhAQABAAAAACH5BAEKAAEALAAAAAABAAEAAAICTAEAOw==\" data-orig-src=\"https:\/\/lh6.googleusercontent.com\/-PcYTZQ7kwfs\/UOwLnBUZyGI\/AAAAAAAAB0o\/3HFLfON1FnI\/s640\/IMG_6397.JPG\" style=\"width: 600px; height: 399px; border-width: 1px; border-style: solid; margin: 10px; float: left;\" \/><\/span><\/span><\/span><\/div>\n<div style=\"text-align: justify;\">\n\t<span style=\"color:#000000;\"><span style=\"font-size: 12px;\"><span style=\"font-family: tahoma,geneva,sans-serif;\"><img class=\"lazyload\" decoding=\"async\" src=\"data:image\/gif;base64,R0lGODlhAQABAAAAACH5BAEKAAEALAAAAAABAAEAAAICTAEAOw==\" data-orig-src=\"https:\/\/lh3.googleusercontent.com\/-qTZGFu9yTB8\/UOwLpDLCkTI\/AAAAAAAAB08\/K-hjijZGHOA\/s640\/IMG_6508.JPG\" style=\"width: 600px; height: 424px; border-width: 1px; border-style: solid; margin: 10px; float: left;\" \/><\/span><\/span><\/span><\/div>\n<div style=\"text-align: justify;\">\n\t<span style=\"color:#000000;\"><span style=\"font-size: 12px;\"><span style=\"font-family: tahoma,geneva,sans-serif;\"><img class=\"lazyload\" decoding=\"async\" src=\"data:image\/gif;base64,R0lGODlhAQABAAAAACH5BAEKAAEALAAAAAABAAEAAAICTAEAOw==\" data-orig-src=\"https:\/\/lh5.googleusercontent.com\/-R_SI86bUkSQ\/UOwLqmT2_uI\/AAAAAAAAB1E\/0P3iu4KVulo\/s640\/IMG_6516.JPG\" style=\"width: 600px; height: 399px; border-width: 1px; border-style: solid; margin: 10px; float: left;\" \/><\/span><\/span><\/span><br \/>\n\t&nbsp;<\/div>\n","protected":false},"excerpt":{"rendered":"<p>&nbsp;&nbsp;&nbsp; Theofania, pag\u00ebzimi i Shp\u00ebtimtarit ton\u00eb Jisu Krisht, p\u00ebrb\u00ebn nj\u00eb nga festat m\u00eb t\u00eb m\u00ebdha t\u00eb vitit liturgjikal. Prandaj n\u00eb t\u00eb gjith\u00eb bot\u00ebn Orthodhokse k\u00ebsaj t\u00eb kremteje i jepet nj\u00eb r\u00ebnd\u00ebsi e ve\u00e7ant\u00eb, ku traditat kishtare nd\u00ebrthuren bukur me traditat e shk\u00eblqyera popullore. &nbsp;&nbsp;&nbsp; Kjo fest\u00eb e cila njihet ndryshe edhe si dita e Ujit t\u00eb Bekuar, i jep qytetit historik t\u00eb Beratit nj\u00eb shk\u00eblqim<\/p>\n","protected":false},"author":1,"featured_media":0,"comment_status":"open","ping_status":"open","sticky":false,"template":"","format":"standard","meta":{"_acf_changed":false,"pagelayer_contact_templates":[],"_pagelayer_content":"","inline_featured_image":false,"fifu_image_url":"","fifu_image_alt":"","footnotes":""},"categories":[108],"tags":[141,212,197],"class_list":["post-816","post","type-post","status-publish","format-standard","hentry","category-lajme","tag-141","tag-lajme-d27","tag-berat"],"acf":[],"yoast_head":"<!-- This site is optimized with the Yoast SEO plugin v27.2 - https:\/\/yoast.com\/product\/yoast-seo-wordpress\/ -->\n<title>Kremtimi i Theofanis\u00eb n\u00eb Berat. (6 Janar 2013) - Kisha Orthodh\u03bfkse Autoqefale e Shqip\u00ebris\u00eb<\/title>\n<meta name=\"robots\" content=\"index, follow, max-snippet:-1, max-image-preview:large, max-video-preview:-1\" \/>\n<link rel=\"canonical\" href=\"https:\/\/orthodoxalbania.org\/2020\/2013\/03\/21\/kremtimi-i-theofanise-ne-berat\/\" \/>\n<meta property=\"og:locale\" content=\"en_US\" \/>\n<meta property=\"og:type\" content=\"article\" \/>\n<meta property=\"og:title\" content=\"Kremtimi i Theofanis\u00eb n\u00eb Berat. (6 Janar 2013) - Kisha Orthodh\u03bfkse Autoqefale e Shqip\u00ebris\u00eb\" \/>\n<meta property=\"og:description\" content=\"&nbsp;&nbsp;&nbsp; Theofania, pag\u00ebzimi i Shp\u00ebtimtarit ton\u00eb Jisu Krisht, p\u00ebrb\u00ebn nj\u00eb nga festat m\u00eb t\u00eb m\u00ebdha t\u00eb vitit liturgjikal. Prandaj n\u00eb t\u00eb gjith\u00eb bot\u00ebn Orthodhokse k\u00ebsaj t\u00eb kremteje i jepet nj\u00eb r\u00ebnd\u00ebsi e ve\u00e7ant\u00eb, ku traditat kishtare nd\u00ebrthuren bukur me traditat e shk\u00eblqyera popullore. &nbsp;&nbsp;&nbsp; Kjo fest\u00eb e cila njihet ndryshe edhe si dita e Ujit t\u00eb Bekuar, i jep qytetit historik t\u00eb Beratit nj\u00eb shk\u00eblqim\" \/>\n<meta property=\"og:url\" content=\"https:\/\/orthodoxalbania.org\/2020\/2013\/03\/21\/kremtimi-i-theofanise-ne-berat\/\" \/>\n<meta property=\"og:site_name\" content=\"Kisha Orthodh\u03bfkse Autoqefale e Shqip\u00ebris\u00eb\" \/>\n<meta property=\"article:publisher\" content=\"https:\/\/www.facebook.com\/koash1991\" \/>\n<meta property=\"article:published_time\" content=\"2013-03-21T12:44:38+00:00\" \/>\n<meta property=\"article:modified_time\" content=\"2020-04-06T20:05:51+00:00\" \/>\n<meta property=\"og:image\" content=\"https:\/\/lh5.googleusercontent.com\/-i1j7dIoyeQo\/UOwLiEv0giI\/AAAAAAAAB0A\/AvUgGJQmnTg\/s640\/IMG_6072.JPG\" \/>\n<meta name=\"author\" content=\"Kisha Orthodhokse\" \/>\n<meta name=\"twitter:card\" content=\"summary_large_image\" \/>\n<meta name=\"twitter:label1\" content=\"Written by\" \/>\n\t<meta name=\"twitter:data1\" content=\"Kisha Orthodhokse\" \/>\n\t<meta name=\"twitter:label2\" content=\"Est. reading time\" \/>\n\t<meta name=\"twitter:data2\" content=\"3 minutes\" \/>\n<script type=\"application\/ld+json\" class=\"yoast-schema-graph\">{\"@context\":\"https:\/\/schema.org\",\"@graph\":[{\"@type\":\"Article\",\"@id\":\"https:\/\/orthodoxalbania.org\/2020\/2013\/03\/21\/kremtimi-i-theofanise-ne-berat\/#article\",\"isPartOf\":{\"@id\":\"https:\/\/orthodoxalbania.org\/2020\/2013\/03\/21\/kremtimi-i-theofanise-ne-berat\/\"},\"author\":{\"name\":\"Kisha Orthodhokse\",\"@id\":\"https:\/\/orthodoxalbania.org\/2020\/#\/schema\/person\/0c387634a7063ac612d7ed9ce71c7e86\"},\"headline\":\"Kremtimi i Theofanis\u00eb n\u00eb Berat. (6 Janar 2013)\",\"datePublished\":\"2013-03-21T12:44:38+00:00\",\"dateModified\":\"2020-04-06T20:05:51+00:00\",\"mainEntityOfPage\":{\"@id\":\"https:\/\/orthodoxalbania.org\/2020\/2013\/03\/21\/kremtimi-i-theofanise-ne-berat\/\"},\"wordCount\":622,\"commentCount\":0,\"publisher\":{\"@id\":\"https:\/\/orthodoxalbania.org\/2020\/#organization\"},\"image\":{\"@id\":\"https:\/\/orthodoxalbania.org\/2020\/2013\/03\/21\/kremtimi-i-theofanise-ne-berat\/#primaryimage\"},\"thumbnailUrl\":\"https:\/\/lh5.googleusercontent.com\/-i1j7dIoyeQo\/UOwLiEv0giI\/AAAAAAAAB0A\/AvUgGJQmnTg\/s640\/IMG_6072.JPG\",\"keywords\":[\"2013\",\"lajme\",\"Mitropolia Berat\"],\"articleSection\":[\"Lajme\"],\"inLanguage\":\"en-US\"},{\"@type\":\"WebPage\",\"@id\":\"https:\/\/orthodoxalbania.org\/2020\/2013\/03\/21\/kremtimi-i-theofanise-ne-berat\/\",\"url\":\"https:\/\/orthodoxalbania.org\/2020\/2013\/03\/21\/kremtimi-i-theofanise-ne-berat\/\",\"name\":\"Kremtimi i Theofanis\u00eb n\u00eb Berat. (6 Janar 2013) - Kisha Orthodh\u03bfkse Autoqefale e Shqip\u00ebris\u00eb\",\"isPartOf\":{\"@id\":\"https:\/\/orthodoxalbania.org\/2020\/#website\"},\"primaryImageOfPage\":{\"@id\":\"https:\/\/orthodoxalbania.org\/2020\/2013\/03\/21\/kremtimi-i-theofanise-ne-berat\/#primaryimage\"},\"image\":{\"@id\":\"https:\/\/orthodoxalbania.org\/2020\/2013\/03\/21\/kremtimi-i-theofanise-ne-berat\/#primaryimage\"},\"thumbnailUrl\":\"https:\/\/lh5.googleusercontent.com\/-i1j7dIoyeQo\/UOwLiEv0giI\/AAAAAAAAB0A\/AvUgGJQmnTg\/s640\/IMG_6072.JPG\",\"datePublished\":\"2013-03-21T12:44:38+00:00\",\"dateModified\":\"2020-04-06T20:05:51+00:00\",\"breadcrumb\":{\"@id\":\"https:\/\/orthodoxalbania.org\/2020\/2013\/03\/21\/kremtimi-i-theofanise-ne-berat\/#breadcrumb\"},\"inLanguage\":\"en-US\",\"potentialAction\":[{\"@type\":\"ReadAction\",\"target\":[\"https:\/\/orthodoxalbania.org\/2020\/2013\/03\/21\/kremtimi-i-theofanise-ne-berat\/\"]}]},{\"@type\":\"ImageObject\",\"inLanguage\":\"en-US\",\"@id\":\"https:\/\/orthodoxalbania.org\/2020\/2013\/03\/21\/kremtimi-i-theofanise-ne-berat\/#primaryimage\",\"url\":\"https:\/\/lh5.googleusercontent.com\/-i1j7dIoyeQo\/UOwLiEv0giI\/AAAAAAAAB0A\/AvUgGJQmnTg\/s640\/IMG_6072.JPG\",\"contentUrl\":\"https:\/\/lh5.googleusercontent.com\/-i1j7dIoyeQo\/UOwLiEv0giI\/AAAAAAAAB0A\/AvUgGJQmnTg\/s640\/IMG_6072.JPG\"},{\"@type\":\"BreadcrumbList\",\"@id\":\"https:\/\/orthodoxalbania.org\/2020\/2013\/03\/21\/kremtimi-i-theofanise-ne-berat\/#breadcrumb\",\"itemListElement\":[{\"@type\":\"ListItem\",\"position\":1,\"name\":\"Home\",\"item\":\"https:\/\/orthodoxalbania.org\/2020\/\"},{\"@type\":\"ListItem\",\"position\":2,\"name\":\"Kremtimi i Theofanis\u00eb n\u00eb Berat. (6 Janar 2013)\"}]},{\"@type\":\"WebSite\",\"@id\":\"https:\/\/orthodoxalbania.org\/2020\/#website\",\"url\":\"https:\/\/orthodoxalbania.org\/2020\/\",\"name\":\"Kisha Orthodh\u03bfkse Autoqefale e Shqip\u00ebris\u00eb\",\"description\":\"Fqja Zyrtare e Kish\u00ebs Orthodhokse Autoqefale e Shqip\u00ebris\u00eb me lajmet edhe informacionet zyrtare p\u00ebr struktur\u00ebn edhe veprimtarin e saj.\",\"publisher\":{\"@id\":\"https:\/\/orthodoxalbania.org\/2020\/#organization\"},\"potentialAction\":[{\"@type\":\"SearchAction\",\"target\":{\"@type\":\"EntryPoint\",\"urlTemplate\":\"https:\/\/orthodoxalbania.org\/2020\/?s={search_term_string}\"},\"query-input\":{\"@type\":\"PropertyValueSpecification\",\"valueRequired\":true,\"valueName\":\"search_term_string\"}}],\"inLanguage\":\"en-US\"},{\"@type\":\"Organization\",\"@id\":\"https:\/\/orthodoxalbania.org\/2020\/#organization\",\"name\":\"Kisha Orthodhokse Autoqefale e Shqip\u00ebris\u00eb\",\"url\":\"https:\/\/orthodoxalbania.org\/2020\/\",\"logo\":{\"@type\":\"ImageObject\",\"inLanguage\":\"en-US\",\"@id\":\"https:\/\/orthodoxalbania.org\/2020\/#\/schema\/logo\/image\/\",\"url\":\"https:\/\/orthodoxalbania.org\/2020\/wp-content\/uploads\/2020\/05\/albania.jpeg\",\"contentUrl\":\"https:\/\/orthodoxalbania.org\/2020\/wp-content\/uploads\/2020\/05\/albania.jpeg\",\"width\":540,\"height\":540,\"caption\":\"Kisha Orthodhokse Autoqefale e Shqip\u00ebris\u00eb\"},\"image\":{\"@id\":\"https:\/\/orthodoxalbania.org\/2020\/#\/schema\/logo\/image\/\"},\"sameAs\":[\"https:\/\/www.facebook.com\/koash1991\"]},{\"@type\":\"Person\",\"@id\":\"https:\/\/orthodoxalbania.org\/2020\/#\/schema\/person\/0c387634a7063ac612d7ed9ce71c7e86\",\"name\":\"Kisha Orthodhokse\",\"image\":{\"@type\":\"ImageObject\",\"inLanguage\":\"en-US\",\"@id\":\"https:\/\/secure.gravatar.com\/avatar\/596e7c417251e30f2fbb9c00e026fce61a695a00e51c889caded71c96cbbdde5?s=96&d=mm&r=g\",\"url\":\"https:\/\/secure.gravatar.com\/avatar\/596e7c417251e30f2fbb9c00e026fce61a695a00e51c889caded71c96cbbdde5?s=96&d=mm&r=g\",\"contentUrl\":\"https:\/\/secure.gravatar.com\/avatar\/596e7c417251e30f2fbb9c00e026fce61a695a00e51c889caded71c96cbbdde5?s=96&d=mm&r=g\",\"caption\":\"Kisha Orthodhokse\"}}]}<\/script>\n<!-- \/ Yoast SEO plugin. -->","yoast_head_json":{"title":"Kremtimi i Theofanis\u00eb n\u00eb Berat. (6 Janar 2013) - Kisha Orthodh\u03bfkse Autoqefale e Shqip\u00ebris\u00eb","robots":{"index":"index","follow":"follow","max-snippet":"max-snippet:-1","max-image-preview":"max-image-preview:large","max-video-preview":"max-video-preview:-1"},"canonical":"https:\/\/orthodoxalbania.org\/2020\/2013\/03\/21\/kremtimi-i-theofanise-ne-berat\/","og_locale":"en_US","og_type":"article","og_title":"Kremtimi i Theofanis\u00eb n\u00eb Berat. (6 Janar 2013) - Kisha Orthodh\u03bfkse Autoqefale e Shqip\u00ebris\u00eb","og_description":"&nbsp;&nbsp;&nbsp; Theofania, pag\u00ebzimi i Shp\u00ebtimtarit ton\u00eb Jisu Krisht, p\u00ebrb\u00ebn nj\u00eb nga festat m\u00eb t\u00eb m\u00ebdha t\u00eb vitit liturgjikal. Prandaj n\u00eb t\u00eb gjith\u00eb bot\u00ebn Orthodhokse k\u00ebsaj t\u00eb kremteje i jepet nj\u00eb r\u00ebnd\u00ebsi e ve\u00e7ant\u00eb, ku traditat kishtare nd\u00ebrthuren bukur me traditat e shk\u00eblqyera popullore. &nbsp;&nbsp;&nbsp; Kjo fest\u00eb e cila njihet ndryshe edhe si dita e Ujit t\u00eb Bekuar, i jep qytetit historik t\u00eb Beratit nj\u00eb shk\u00eblqim","og_url":"https:\/\/orthodoxalbania.org\/2020\/2013\/03\/21\/kremtimi-i-theofanise-ne-berat\/","og_site_name":"Kisha Orthodh\u03bfkse Autoqefale e Shqip\u00ebris\u00eb","article_publisher":"https:\/\/www.facebook.com\/koash1991","article_published_time":"2013-03-21T12:44:38+00:00","article_modified_time":"2020-04-06T20:05:51+00:00","og_image":[{"url":"https:\/\/lh5.googleusercontent.com\/-i1j7dIoyeQo\/UOwLiEv0giI\/AAAAAAAAB0A\/AvUgGJQmnTg\/s640\/IMG_6072.JPG","type":"","width":"","height":""}],"author":"Kisha Orthodhokse","twitter_card":"summary_large_image","twitter_misc":{"Written by":"Kisha Orthodhokse","Est. reading time":"3 minutes"},"schema":{"@context":"https:\/\/schema.org","@graph":[{"@type":"Article","@id":"https:\/\/orthodoxalbania.org\/2020\/2013\/03\/21\/kremtimi-i-theofanise-ne-berat\/#article","isPartOf":{"@id":"https:\/\/orthodoxalbania.org\/2020\/2013\/03\/21\/kremtimi-i-theofanise-ne-berat\/"},"author":{"name":"Kisha Orthodhokse","@id":"https:\/\/orthodoxalbania.org\/2020\/#\/schema\/person\/0c387634a7063ac612d7ed9ce71c7e86"},"headline":"Kremtimi i Theofanis\u00eb n\u00eb Berat. (6 Janar 2013)","datePublished":"2013-03-21T12:44:38+00:00","dateModified":"2020-04-06T20:05:51+00:00","mainEntityOfPage":{"@id":"https:\/\/orthodoxalbania.org\/2020\/2013\/03\/21\/kremtimi-i-theofanise-ne-berat\/"},"wordCount":622,"commentCount":0,"publisher":{"@id":"https:\/\/orthodoxalbania.org\/2020\/#organization"},"image":{"@id":"https:\/\/orthodoxalbania.org\/2020\/2013\/03\/21\/kremtimi-i-theofanise-ne-berat\/#primaryimage"},"thumbnailUrl":"https:\/\/lh5.googleusercontent.com\/-i1j7dIoyeQo\/UOwLiEv0giI\/AAAAAAAAB0A\/AvUgGJQmnTg\/s640\/IMG_6072.JPG","keywords":["2013","lajme","Mitropolia Berat"],"articleSection":["Lajme"],"inLanguage":"en-US"},{"@type":"WebPage","@id":"https:\/\/orthodoxalbania.org\/2020\/2013\/03\/21\/kremtimi-i-theofanise-ne-berat\/","url":"https:\/\/orthodoxalbania.org\/2020\/2013\/03\/21\/kremtimi-i-theofanise-ne-berat\/","name":"Kremtimi i Theofanis\u00eb n\u00eb Berat. (6 Janar 2013) - Kisha Orthodh\u03bfkse Autoqefale e Shqip\u00ebris\u00eb","isPartOf":{"@id":"https:\/\/orthodoxalbania.org\/2020\/#website"},"primaryImageOfPage":{"@id":"https:\/\/orthodoxalbania.org\/2020\/2013\/03\/21\/kremtimi-i-theofanise-ne-berat\/#primaryimage"},"image":{"@id":"https:\/\/orthodoxalbania.org\/2020\/2013\/03\/21\/kremtimi-i-theofanise-ne-berat\/#primaryimage"},"thumbnailUrl":"https:\/\/lh5.googleusercontent.com\/-i1j7dIoyeQo\/UOwLiEv0giI\/AAAAAAAAB0A\/AvUgGJQmnTg\/s640\/IMG_6072.JPG","datePublished":"2013-03-21T12:44:38+00:00","dateModified":"2020-04-06T20:05:51+00:00","breadcrumb":{"@id":"https:\/\/orthodoxalbania.org\/2020\/2013\/03\/21\/kremtimi-i-theofanise-ne-berat\/#breadcrumb"},"inLanguage":"en-US","potentialAction":[{"@type":"ReadAction","target":["https:\/\/orthodoxalbania.org\/2020\/2013\/03\/21\/kremtimi-i-theofanise-ne-berat\/"]}]},{"@type":"ImageObject","inLanguage":"en-US","@id":"https:\/\/orthodoxalbania.org\/2020\/2013\/03\/21\/kremtimi-i-theofanise-ne-berat\/#primaryimage","url":"https:\/\/lh5.googleusercontent.com\/-i1j7dIoyeQo\/UOwLiEv0giI\/AAAAAAAAB0A\/AvUgGJQmnTg\/s640\/IMG_6072.JPG","contentUrl":"https:\/\/lh5.googleusercontent.com\/-i1j7dIoyeQo\/UOwLiEv0giI\/AAAAAAAAB0A\/AvUgGJQmnTg\/s640\/IMG_6072.JPG"},{"@type":"BreadcrumbList","@id":"https:\/\/orthodoxalbania.org\/2020\/2013\/03\/21\/kremtimi-i-theofanise-ne-berat\/#breadcrumb","itemListElement":[{"@type":"ListItem","position":1,"name":"Home","item":"https:\/\/orthodoxalbania.org\/2020\/"},{"@type":"ListItem","position":2,"name":"Kremtimi i Theofanis\u00eb n\u00eb Berat. (6 Janar 2013)"}]},{"@type":"WebSite","@id":"https:\/\/orthodoxalbania.org\/2020\/#website","url":"https:\/\/orthodoxalbania.org\/2020\/","name":"Kisha Orthodh\u03bfkse Autoqefale e Shqip\u00ebris\u00eb","description":"Fqja Zyrtare e Kish\u00ebs Orthodhokse Autoqefale e Shqip\u00ebris\u00eb me lajmet edhe informacionet zyrtare p\u00ebr struktur\u00ebn edhe veprimtarin e saj.","publisher":{"@id":"https:\/\/orthodoxalbania.org\/2020\/#organization"},"potentialAction":[{"@type":"SearchAction","target":{"@type":"EntryPoint","urlTemplate":"https:\/\/orthodoxalbania.org\/2020\/?s={search_term_string}"},"query-input":{"@type":"PropertyValueSpecification","valueRequired":true,"valueName":"search_term_string"}}],"inLanguage":"en-US"},{"@type":"Organization","@id":"https:\/\/orthodoxalbania.org\/2020\/#organization","name":"Kisha Orthodhokse Autoqefale e Shqip\u00ebris\u00eb","url":"https:\/\/orthodoxalbania.org\/2020\/","logo":{"@type":"ImageObject","inLanguage":"en-US","@id":"https:\/\/orthodoxalbania.org\/2020\/#\/schema\/logo\/image\/","url":"https:\/\/orthodoxalbania.org\/2020\/wp-content\/uploads\/2020\/05\/albania.jpeg","contentUrl":"https:\/\/orthodoxalbania.org\/2020\/wp-content\/uploads\/2020\/05\/albania.jpeg","width":540,"height":540,"caption":"Kisha Orthodhokse Autoqefale e Shqip\u00ebris\u00eb"},"image":{"@id":"https:\/\/orthodoxalbania.org\/2020\/#\/schema\/logo\/image\/"},"sameAs":["https:\/\/www.facebook.com\/koash1991"]},{"@type":"Person","@id":"https:\/\/orthodoxalbania.org\/2020\/#\/schema\/person\/0c387634a7063ac612d7ed9ce71c7e86","name":"Kisha Orthodhokse","image":{"@type":"ImageObject","inLanguage":"en-US","@id":"https:\/\/secure.gravatar.com\/avatar\/596e7c417251e30f2fbb9c00e026fce61a695a00e51c889caded71c96cbbdde5?s=96&d=mm&r=g","url":"https:\/\/secure.gravatar.com\/avatar\/596e7c417251e30f2fbb9c00e026fce61a695a00e51c889caded71c96cbbdde5?s=96&d=mm&r=g","contentUrl":"https:\/\/secure.gravatar.com\/avatar\/596e7c417251e30f2fbb9c00e026fce61a695a00e51c889caded71c96cbbdde5?s=96&d=mm&r=g","caption":"Kisha Orthodhokse"}}]}},"_links":{"self":[{"href":"https:\/\/orthodoxalbania.org\/2020\/wp-json\/wp\/v2\/posts\/816","targetHints":{"allow":["GET"]}}],"collection":[{"href":"https:\/\/orthodoxalbania.org\/2020\/wp-json\/wp\/v2\/posts"}],"about":[{"href":"https:\/\/orthodoxalbania.org\/2020\/wp-json\/wp\/v2\/types\/post"}],"author":[{"embeddable":true,"href":"https:\/\/orthodoxalbania.org\/2020\/wp-json\/wp\/v2\/users\/1"}],"replies":[{"embeddable":true,"href":"https:\/\/orthodoxalbania.org\/2020\/wp-json\/wp\/v2\/comments?post=816"}],"version-history":[{"count":1,"href":"https:\/\/orthodoxalbania.org\/2020\/wp-json\/wp\/v2\/posts\/816\/revisions"}],"predecessor-version":[{"id":15260,"href":"https:\/\/orthodoxalbania.org\/2020\/wp-json\/wp\/v2\/posts\/816\/revisions\/15260"}],"wp:attachment":[{"href":"https:\/\/orthodoxalbania.org\/2020\/wp-json\/wp\/v2\/media?parent=816"}],"wp:term":[{"taxonomy":"category","embeddable":true,"href":"https:\/\/orthodoxalbania.org\/2020\/wp-json\/wp\/v2\/categories?post=816"},{"taxonomy":"post_tag","embeddable":true,"href":"https:\/\/orthodoxalbania.org\/2020\/wp-json\/wp\/v2\/tags?post=816"}],"curies":[{"name":"wp","href":"https:\/\/api.w.org\/{rel}","templated":true}]}}