{"id":813,"date":"2007-02-26T00:00:00","date_gmt":"2007-02-26T00:00:00","guid":{"rendered":""},"modified":"2020-04-06T22:35:48","modified_gmt":"2020-04-06T20:35:48","slug":"kremtimi-i-shen-vlashit-ne-manastirin-e-ri-te-shen-vlashit-shkurt-07","status":"publish","type":"post","link":"https:\/\/orthodoxalbania.org\/2020\/2007\/02\/26\/kremtimi-i-shen-vlashit-ne-manastirin-e-ri-te-shen-vlashit-shkurt-07\/","title":{"rendered":"Kremtimi i Sh\u00ebn Vlashit n\u00eb manastirin e ri t\u00eb Sh\u00ebn Vlashit. (11 Shkurt 2007)"},"content":{"rendered":"<div style=\"text-align: justify;\"><span style=\"color: #000000;\"><span style=\"font-family: tahoma,geneva,sans-serif;\"><span style=\"font-size: 12px;\">&nbsp;&nbsp;&nbsp; M\u00eb 11 shkurt u kremtua festa e martirizimit t\u00eb Hierod\u00ebshmorit Vlash. K\u00ebt\u00eb dit\u00eb, Kisha dhe populli i Per\u00ebndis\u00eb arrit\u00ebn n\u00eb t\u00eb diel\u00ebn e tret\u00eb t\u00eb Triodhit, nj\u00eb koh\u00eb q\u00eb i th\u00ebrret besimtar\u00ebt p\u00ebr p\u00ebrul\u00ebsi dhe pendim.<\/span><\/span><\/span><\/div>\n<div style=\"text-align: justify;\">&nbsp;<\/div>\n<div style=\"text-align: justify;\"><span style=\"color: #000000;\"><span style=\"font-family: tahoma,geneva,sans-serif;\"><span style=\"font-size: 12px;\">&nbsp;&nbsp;&nbsp; N\u00eb manastirin q\u00eb mban emrin e Sh\u00ebn Vlashit, me qindra besimtar\u00eb adhuruan Per\u00ebndin\u00eb dhe iu lut\u00ebn shenjtit t\u00eb nd\u00ebrmjet\u00ebsoj\u00eb p\u00ebr shp\u00ebtimin e shpirtrave. Liturgjia Hyjnore u drejtua nga ndihm\u00ebs drejtori i Akademis\u00eb Teologjike, Episkopi i Apolonis\u00eb, Nikolla. Atmosfera brenda dhe jasht\u00eb kish\u00ebs s\u00eb manastirit ishte e mbushur me lutje, meditim dhe urime t\u00eb p\u00ebrzem\u00ebrta. Kishin ardhur besimtar\u00eb nga Tirana, Durr\u00ebsi, Kavaja, madje edhe nga Berati e Myzeqeja e rrethina t\u00eb tjerat.<\/span><\/span><\/span><\/div>\n<table id=\"AutoNumber3\" border=\"0\">\n<tbody>\n<tr>\n<td>\n<div style=\"text-align: justify;\"><span style=\"color: #000000;\"><span style=\"font-family: tahoma,geneva,sans-serif;\"><span style=\"font-size: 12px;\">&nbsp;&nbsp;&nbsp;&nbsp; Kjo fest\u00eb \u00ebsht\u00eb kthyer n\u00eb nj\u00eb tradit\u00eb t\u00eb p\u00ebrvitshme kremtuese dhe brenda k\u00ebsaj tradite, nj\u00eb prej student\u00ebve t\u00eb vitit t\u00eb kat\u00ebr t\u00eb Akademis\u00eb Teologjike, do t\u00eb mbaj\u00eb predikimin kremtues. Ishte Stefan Zhupa, ai q\u00eb mbajti predikimin e rastit: \u201cT\u00eb dashur v\u00ebllez\u00ebr dhe motra m\u00eb Krishtin, gjat\u00eb gjith\u00eb historis\u00eb s\u00eb Kish\u00ebs Orthodhokse, shum\u00eb shenjtor\u00eb e kan\u00eb realizuar dhe e kan\u00eb p\u00ebrjetuar dashurin\u00eb e Per\u00ebndis\u00eb. Ata kan\u00eb treguar dashuri jo vet\u00ebm p\u00ebr njer\u00ebzit, por edhe p\u00ebr gjith\u00eb krijimin.<\/span><\/span><\/span><\/div>\n<\/td>\n<td>\n<div style=\"text-align: justify;\">&nbsp;<\/div>\n<p><span style=\"color: #000000;\"><img decoding=\"async\" class=\"lazyload HAa Eha\" style=\"border-width: 1px; border-style: solid; margin: 10px auto; display: block;\" alt=\"\" src=\"data:image\/gif;base64,R0lGODlhAQABAAAAACH5BAEKAAEALAAAAAABAAEAAAICTAEAOw==\" data-orig-src=\"https:\/\/lh4.googleusercontent.com\/-8FbTfD-6U4A\/VIhNueqEJEI\/AAAAAAAAGGc\/vSb16nb2X2I\/w370-h278-no\/untitled1.jpg\" \/><\/span><\/p>\n<\/td>\n<\/tr>\n<tr>\n<td>\n<div><span style=\"color: #000000;\"><span style=\"font-family: tahoma,geneva,sans-serif;\"><span style=\"font-size: 12px;\"><img decoding=\"async\" class=\"lazyload HAa Eha\" style=\"border-width: 1px; border-style: solid; margin: 10px auto; display: block;\" alt=\"\" src=\"data:image\/gif;base64,R0lGODlhAQABAAAAACH5BAEKAAEALAAAAAABAAEAAAICTAEAOw==\" data-orig-src=\"https:\/\/lh5.googleusercontent.com\/-AluXBxOuCl8\/VIhNuS5zHvI\/AAAAAAAAGGQ\/f6QDEW3m7Zw\/w370-h278-no\/untitled2.jpg\" \/><\/span><\/span><\/span><\/div>\n<\/td>\n<td>\n<div style=\"text-align: justify;\"><span style=\"color: #000000;\"><span style=\"font-family: tahoma,geneva,sans-serif;\"><span style=\"font-size: 12px;\">&nbsp;&nbsp;&nbsp;&nbsp; Nj\u00eb nd\u00ebr ta \u00ebsht\u00eb edhe Hierod\u00ebshmori i hyjsh\u00ebm Sh\u00ebn Vlashi, t\u00eb cilin po e kremtojm\u00eb me kaq madh\u00ebshti. Zoti e p\u00ebruli aq shum\u00eb veten saq\u00eb u mish\u00ebrua dhe vdiq n\u00eb kryq nga dashuria p\u00ebr t\u00eb shp\u00ebtuar njer\u00ebzit, k\u00ebshtu edhe Sh\u00ebn Vlashi e p\u00ebruli veten shum\u00eb dhe arriti t\u00eb kishte dashuri p\u00ebr t\u00eb gjith\u00eb grigj\u00ebn e Tij.\u201d \u2013 theksoi n\u00eb fjal\u00ebn e tij Stefani.<\/span><\/span><\/span><\/div>\n<\/td>\n<\/tr>\n<tr>\n<td colspan=\"2\">\n<div style=\"text-align: justify;\"><span style=\"color: #000000;\"><span style=\"font-family: tahoma,geneva,sans-serif;\"><span style=\"font-size: 12px;\">&nbsp;&nbsp;&nbsp;&nbsp; Ai iu b\u00ebri thirrje besimtar\u00ebve t\u00eb p\u00ebrpiqen q\u00eb edhe ne s\u00eb bashku t\u00eb imitojm\u00eb zellin e tij t\u00eb zjarrt\u00eb; dashurin\u00eb, p\u00ebrul\u00ebsin\u00eb, thjesht\u00ebsin\u00eb, mir\u00ebsin\u00eb, but\u00ebsin\u00eb dhe t\u00eb gjith\u00eb virtytet q\u00eb e karakterizonin at\u00eb.<\/span><\/span><\/span><\/div>\n<\/td>\n<\/tr>\n<tr>\n<td>\n<div style=\"text-align: justify;\"><span style=\"color: #000000;\"><span style=\"font-family: tahoma,geneva,sans-serif;\"><span style=\"font-size: 12px;\">&nbsp;&nbsp;&nbsp; &nbsp;\u201cT\u00eb mos mjaftohemi dhe t\u00eb mos k\u00ebnaqemi thjesht me d\u00ebgjimin e m\u00ebsimeve t\u00eb Zotit Krisht, por t\u2019i zbatojm\u00eb ato n\u00eb jet\u00ebn ton\u00eb, ashtu si\u00e7 b\u00ebri edhe Sh\u00ebn Vlashi. Zoti shum\u00eb nga ne dhe nga familjet tona i ka bekuar s\u00eb tep\u00ebrmi dhe nga k\u00ebto bekime mundemi dhe duhet t\u00eb ofrojm\u00eb di\u00e7ka tek t\u00eb tjer\u00ebt, p\u00ebr t\u00eb cil\u00ebt kjo ofert\u00eb \u00ebsht\u00eb jetike. Kemi mund\u00ebsi t\u00eb ofrojm\u00eb dashuri me nj\u00eb vizit\u00eb n\u00eb sht\u00ebpit\u00eb e tyre, n\u00eb spitale, duke u th\u00ebn\u00eb nj\u00eb fjal\u00eb t\u00eb ngroht\u00eb dhe ngush\u00eblluese.\u201d<\/span><\/span><\/span><\/div>\n<\/td>\n<td>\n<div><span style=\"color: #000000;\"><span style=\"font-family: tahoma,geneva,sans-serif;\"><span style=\"font-size: 12px;\"><img decoding=\"async\" class=\"lazyload HAa Eha\" style=\"border-width: 1px; border-style: solid; margin: 10px auto; display: block;\" alt=\"\" src=\"data:image\/gif;base64,R0lGODlhAQABAAAAACH5BAEKAAEALAAAAAABAAEAAAICTAEAOw==\" data-orig-src=\"https:\/\/lh3.googleusercontent.com\/-tRRxxmUoACc\/VIhNuaeRK2I\/AAAAAAAAGGM\/lzPCb_RhTmM\/w370-h278-no\/untitled3.jpg\" \/><\/span><\/span><\/span><\/div>\n<\/td>\n<\/tr>\n<tr>\n<td>\n<div><span style=\"color: #000000;\"><span style=\"font-family: tahoma,geneva,sans-serif;\"><span style=\"font-size: 12px;\"><img decoding=\"async\" class=\"lazyload HAa Eha\" style=\"border-width: 1px; border-style: solid; margin: 10px auto; display: block;\" alt=\"\" src=\"data:image\/gif;base64,R0lGODlhAQABAAAAACH5BAEKAAEALAAAAAABAAEAAAICTAEAOw==\" data-orig-src=\"https:\/\/lh5.googleusercontent.com\/-QlFYt3Pxeuw\/VIhNukoqY3I\/AAAAAAAAGGU\/IHI8-UQQIT4\/w370-h278-no\/untitled4.jpg\" \/><\/span><\/span><\/span><\/div>\n<\/td>\n<td>\n<div style=\"text-align: justify;\"><span style=\"color: #000000;\"><span style=\"font-family: tahoma,geneva,sans-serif;\"><span style=\"font-size: 12px;\">&nbsp;&nbsp;&nbsp;&nbsp; N\u00eb k\u00ebt\u00eb t\u00eb kremte besimtar\u00ebt iu lut\u00ebn Zotit nxeht\u00ebsisht q\u00eb me nd\u00ebrmjetimet e Sh\u00ebn Vlashit t\u00eb b\u00ebhen t\u00eb denj\u00eb t\u00eb num\u00ebrohen me ata q\u00eb do t\u00eb marrin n\u00eb trash\u00ebgim Mbret\u00ebrin\u00eb e p\u00ebrjetshme.<\/span><\/span><\/span><\/div>\n<\/td>\n<\/tr>\n<\/tbody>\n<\/table>\n<div style=\"text-align: justify;\">&nbsp;<\/div>\n<div style=\"text-align: justify;\">&nbsp;<\/div>\n<div style=\"text-align: justify;\"><span style=\"color: #000000;\"><span style=\"font-family: tahoma,geneva,sans-serif;\"><span style=\"font-size: 12px;\"><strong>&nbsp;&nbsp;&nbsp;&nbsp;&nbsp; Isidor Koti<\/strong><\/span><\/span><\/span><\/div>\n","protected":false},"excerpt":{"rendered":"<p>&nbsp;&nbsp;&nbsp; M\u00eb 11 shkurt u kremtua festa e martirizimit t\u00eb Hierod\u00ebshmorit Vlash. K\u00ebt\u00eb dit\u00eb, Kisha dhe populli i Per\u00ebndis\u00eb arrit\u00ebn n\u00eb t\u00eb diel\u00ebn e tret\u00eb t\u00eb Triodhit, nj\u00eb koh\u00eb q\u00eb i th\u00ebrret besimtar\u00ebt p\u00ebr p\u00ebrul\u00ebsi dhe pendim. &nbsp; &nbsp;&nbsp;&nbsp; N\u00eb manastirin q\u00eb mban emrin e Sh\u00ebn Vlashit, me qindra besimtar\u00eb adhuruan Per\u00ebndin\u00eb dhe iu lut\u00ebn shenjtit t\u00eb nd\u00ebrmjet\u00ebsoj\u00eb p\u00ebr shp\u00ebtimin e shpirtrave. Liturgjia Hyjnore u<\/p>\n","protected":false},"author":1,"featured_media":0,"comment_status":"open","ping_status":"open","sticky":false,"template":"","format":"standard","meta":{"_acf_changed":false,"pagelayer_contact_templates":[],"_pagelayer_content":"","inline_featured_image":false,"fifu_image_url":"","fifu_image_alt":"","footnotes":""},"categories":[108],"tags":[147,157,196,212],"class_list":["post-813","post","type-post","status-publish","format-standard","hentry","category-lajme","tag-147","tag-kremtime","tag-tirane","tag-lajme-d27"],"acf":[],"yoast_head":"<!-- This site is optimized with the Yoast SEO plugin v27.2 - https:\/\/yoast.com\/product\/yoast-seo-wordpress\/ -->\n<title>Kremtimi i Sh\u00ebn Vlashit n\u00eb manastirin e ri t\u00eb Sh\u00ebn Vlashit. (11 Shkurt 2007) - Kisha Orthodh\u03bfkse Autoqefale e Shqip\u00ebris\u00eb<\/title>\n<meta name=\"robots\" content=\"index, follow, max-snippet:-1, max-image-preview:large, max-video-preview:-1\" \/>\n<link rel=\"canonical\" href=\"https:\/\/orthodoxalbania.org\/2020\/2007\/02\/26\/kremtimi-i-shen-vlashit-ne-manastirin-e-ri-te-shen-vlashit-shkurt-07\/\" \/>\n<meta property=\"og:locale\" content=\"en_US\" \/>\n<meta property=\"og:type\" content=\"article\" \/>\n<meta property=\"og:title\" content=\"Kremtimi i Sh\u00ebn Vlashit n\u00eb manastirin e ri t\u00eb Sh\u00ebn Vlashit. (11 Shkurt 2007) - Kisha Orthodh\u03bfkse Autoqefale e Shqip\u00ebris\u00eb\" \/>\n<meta property=\"og:description\" content=\"&nbsp;&nbsp;&nbsp; M\u00eb 11 shkurt u kremtua festa e martirizimit t\u00eb Hierod\u00ebshmorit Vlash. K\u00ebt\u00eb dit\u00eb, Kisha dhe populli i Per\u00ebndis\u00eb arrit\u00ebn n\u00eb t\u00eb diel\u00ebn e tret\u00eb t\u00eb Triodhit, nj\u00eb koh\u00eb q\u00eb i th\u00ebrret besimtar\u00ebt p\u00ebr p\u00ebrul\u00ebsi dhe pendim. &nbsp; &nbsp;&nbsp;&nbsp; N\u00eb manastirin q\u00eb mban emrin e Sh\u00ebn Vlashit, me qindra besimtar\u00eb adhuruan Per\u00ebndin\u00eb dhe iu lut\u00ebn shenjtit t\u00eb nd\u00ebrmjet\u00ebsoj\u00eb p\u00ebr shp\u00ebtimin e shpirtrave. Liturgjia Hyjnore u\" \/>\n<meta property=\"og:url\" content=\"https:\/\/orthodoxalbania.org\/2020\/2007\/02\/26\/kremtimi-i-shen-vlashit-ne-manastirin-e-ri-te-shen-vlashit-shkurt-07\/\" \/>\n<meta property=\"og:site_name\" content=\"Kisha Orthodh\u03bfkse Autoqefale e Shqip\u00ebris\u00eb\" \/>\n<meta property=\"article:publisher\" content=\"https:\/\/www.facebook.com\/koash1991\" \/>\n<meta property=\"article:published_time\" content=\"2007-02-26T00:00:00+00:00\" \/>\n<meta property=\"article:modified_time\" content=\"2020-04-06T20:35:48+00:00\" \/>\n<meta property=\"og:image\" content=\"https:\/\/lh4.googleusercontent.com\/-8FbTfD-6U4A\/VIhNueqEJEI\/AAAAAAAAGGc\/vSb16nb2X2I\/w370-h278-no\/untitled1.jpg\" \/>\n<meta name=\"author\" content=\"Kisha Orthodhokse\" \/>\n<meta name=\"twitter:card\" content=\"summary_large_image\" \/>\n<meta name=\"twitter:label1\" content=\"Written by\" \/>\n\t<meta name=\"twitter:data1\" content=\"Kisha Orthodhokse\" \/>\n\t<meta name=\"twitter:label2\" content=\"Est. reading time\" \/>\n\t<meta name=\"twitter:data2\" content=\"3 minutes\" \/>\n<script type=\"application\/ld+json\" class=\"yoast-schema-graph\">{\"@context\":\"https:\/\/schema.org\",\"@graph\":[{\"@type\":\"Article\",\"@id\":\"https:\/\/orthodoxalbania.org\/2020\/2007\/02\/26\/kremtimi-i-shen-vlashit-ne-manastirin-e-ri-te-shen-vlashit-shkurt-07\/#article\",\"isPartOf\":{\"@id\":\"https:\/\/orthodoxalbania.org\/2020\/2007\/02\/26\/kremtimi-i-shen-vlashit-ne-manastirin-e-ri-te-shen-vlashit-shkurt-07\/\"},\"author\":{\"name\":\"Kisha Orthodhokse\",\"@id\":\"https:\/\/orthodoxalbania.org\/2020\/#\/schema\/person\/0c387634a7063ac612d7ed9ce71c7e86\"},\"headline\":\"Kremtimi i Sh\u00ebn Vlashit n\u00eb manastirin e ri t\u00eb Sh\u00ebn Vlashit. (11 Shkurt 2007)\",\"datePublished\":\"2007-02-26T00:00:00+00:00\",\"dateModified\":\"2020-04-06T20:35:48+00:00\",\"mainEntityOfPage\":{\"@id\":\"https:\/\/orthodoxalbania.org\/2020\/2007\/02\/26\/kremtimi-i-shen-vlashit-ne-manastirin-e-ri-te-shen-vlashit-shkurt-07\/\"},\"wordCount\":530,\"commentCount\":0,\"publisher\":{\"@id\":\"https:\/\/orthodoxalbania.org\/2020\/#organization\"},\"image\":{\"@id\":\"https:\/\/orthodoxalbania.org\/2020\/2007\/02\/26\/kremtimi-i-shen-vlashit-ne-manastirin-e-ri-te-shen-vlashit-shkurt-07\/#primaryimage\"},\"thumbnailUrl\":\"https:\/\/lh4.googleusercontent.com\/-8FbTfD-6U4A\/VIhNueqEJEI\/AAAAAAAAGGc\/vSb16nb2X2I\/w370-h278-no\/untitled1.jpg\",\"keywords\":[\"2007\",\"Kremtime\",\"Kryepiskopata Tiran\u00eb\",\"lajme\"],\"articleSection\":[\"Lajme\"],\"inLanguage\":\"en-US\"},{\"@type\":\"WebPage\",\"@id\":\"https:\/\/orthodoxalbania.org\/2020\/2007\/02\/26\/kremtimi-i-shen-vlashit-ne-manastirin-e-ri-te-shen-vlashit-shkurt-07\/\",\"url\":\"https:\/\/orthodoxalbania.org\/2020\/2007\/02\/26\/kremtimi-i-shen-vlashit-ne-manastirin-e-ri-te-shen-vlashit-shkurt-07\/\",\"name\":\"Kremtimi i Sh\u00ebn Vlashit n\u00eb manastirin e ri t\u00eb Sh\u00ebn Vlashit. (11 Shkurt 2007) - Kisha Orthodh\u03bfkse Autoqefale e Shqip\u00ebris\u00eb\",\"isPartOf\":{\"@id\":\"https:\/\/orthodoxalbania.org\/2020\/#website\"},\"primaryImageOfPage\":{\"@id\":\"https:\/\/orthodoxalbania.org\/2020\/2007\/02\/26\/kremtimi-i-shen-vlashit-ne-manastirin-e-ri-te-shen-vlashit-shkurt-07\/#primaryimage\"},\"image\":{\"@id\":\"https:\/\/orthodoxalbania.org\/2020\/2007\/02\/26\/kremtimi-i-shen-vlashit-ne-manastirin-e-ri-te-shen-vlashit-shkurt-07\/#primaryimage\"},\"thumbnailUrl\":\"https:\/\/lh4.googleusercontent.com\/-8FbTfD-6U4A\/VIhNueqEJEI\/AAAAAAAAGGc\/vSb16nb2X2I\/w370-h278-no\/untitled1.jpg\",\"datePublished\":\"2007-02-26T00:00:00+00:00\",\"dateModified\":\"2020-04-06T20:35:48+00:00\",\"breadcrumb\":{\"@id\":\"https:\/\/orthodoxalbania.org\/2020\/2007\/02\/26\/kremtimi-i-shen-vlashit-ne-manastirin-e-ri-te-shen-vlashit-shkurt-07\/#breadcrumb\"},\"inLanguage\":\"en-US\",\"potentialAction\":[{\"@type\":\"ReadAction\",\"target\":[\"https:\/\/orthodoxalbania.org\/2020\/2007\/02\/26\/kremtimi-i-shen-vlashit-ne-manastirin-e-ri-te-shen-vlashit-shkurt-07\/\"]}]},{\"@type\":\"ImageObject\",\"inLanguage\":\"en-US\",\"@id\":\"https:\/\/orthodoxalbania.org\/2020\/2007\/02\/26\/kremtimi-i-shen-vlashit-ne-manastirin-e-ri-te-shen-vlashit-shkurt-07\/#primaryimage\",\"url\":\"https:\/\/lh4.googleusercontent.com\/-8FbTfD-6U4A\/VIhNueqEJEI\/AAAAAAAAGGc\/vSb16nb2X2I\/w370-h278-no\/untitled1.jpg\",\"contentUrl\":\"https:\/\/lh4.googleusercontent.com\/-8FbTfD-6U4A\/VIhNueqEJEI\/AAAAAAAAGGc\/vSb16nb2X2I\/w370-h278-no\/untitled1.jpg\"},{\"@type\":\"BreadcrumbList\",\"@id\":\"https:\/\/orthodoxalbania.org\/2020\/2007\/02\/26\/kremtimi-i-shen-vlashit-ne-manastirin-e-ri-te-shen-vlashit-shkurt-07\/#breadcrumb\",\"itemListElement\":[{\"@type\":\"ListItem\",\"position\":1,\"name\":\"Home\",\"item\":\"https:\/\/orthodoxalbania.org\/2020\/\"},{\"@type\":\"ListItem\",\"position\":2,\"name\":\"Kremtimi i Sh\u00ebn Vlashit n\u00eb manastirin e ri t\u00eb Sh\u00ebn Vlashit. (11 Shkurt 2007)\"}]},{\"@type\":\"WebSite\",\"@id\":\"https:\/\/orthodoxalbania.org\/2020\/#website\",\"url\":\"https:\/\/orthodoxalbania.org\/2020\/\",\"name\":\"Kisha Orthodh\u03bfkse Autoqefale e Shqip\u00ebris\u00eb\",\"description\":\"Fqja Zyrtare e Kish\u00ebs Orthodhokse Autoqefale e Shqip\u00ebris\u00eb me lajmet edhe informacionet zyrtare p\u00ebr struktur\u00ebn edhe veprimtarin e saj.\",\"publisher\":{\"@id\":\"https:\/\/orthodoxalbania.org\/2020\/#organization\"},\"potentialAction\":[{\"@type\":\"SearchAction\",\"target\":{\"@type\":\"EntryPoint\",\"urlTemplate\":\"https:\/\/orthodoxalbania.org\/2020\/?s={search_term_string}\"},\"query-input\":{\"@type\":\"PropertyValueSpecification\",\"valueRequired\":true,\"valueName\":\"search_term_string\"}}],\"inLanguage\":\"en-US\"},{\"@type\":\"Organization\",\"@id\":\"https:\/\/orthodoxalbania.org\/2020\/#organization\",\"name\":\"Kisha Orthodhokse Autoqefale e Shqip\u00ebris\u00eb\",\"url\":\"https:\/\/orthodoxalbania.org\/2020\/\",\"logo\":{\"@type\":\"ImageObject\",\"inLanguage\":\"en-US\",\"@id\":\"https:\/\/orthodoxalbania.org\/2020\/#\/schema\/logo\/image\/\",\"url\":\"https:\/\/orthodoxalbania.org\/2020\/wp-content\/uploads\/2020\/05\/albania.jpeg\",\"contentUrl\":\"https:\/\/orthodoxalbania.org\/2020\/wp-content\/uploads\/2020\/05\/albania.jpeg\",\"width\":540,\"height\":540,\"caption\":\"Kisha Orthodhokse Autoqefale e Shqip\u00ebris\u00eb\"},\"image\":{\"@id\":\"https:\/\/orthodoxalbania.org\/2020\/#\/schema\/logo\/image\/\"},\"sameAs\":[\"https:\/\/www.facebook.com\/koash1991\"]},{\"@type\":\"Person\",\"@id\":\"https:\/\/orthodoxalbania.org\/2020\/#\/schema\/person\/0c387634a7063ac612d7ed9ce71c7e86\",\"name\":\"Kisha Orthodhokse\",\"image\":{\"@type\":\"ImageObject\",\"inLanguage\":\"en-US\",\"@id\":\"https:\/\/secure.gravatar.com\/avatar\/596e7c417251e30f2fbb9c00e026fce61a695a00e51c889caded71c96cbbdde5?s=96&d=mm&r=g\",\"url\":\"https:\/\/secure.gravatar.com\/avatar\/596e7c417251e30f2fbb9c00e026fce61a695a00e51c889caded71c96cbbdde5?s=96&d=mm&r=g\",\"contentUrl\":\"https:\/\/secure.gravatar.com\/avatar\/596e7c417251e30f2fbb9c00e026fce61a695a00e51c889caded71c96cbbdde5?s=96&d=mm&r=g\",\"caption\":\"Kisha Orthodhokse\"}}]}<\/script>\n<!-- \/ Yoast SEO plugin. -->","yoast_head_json":{"title":"Kremtimi i Sh\u00ebn Vlashit n\u00eb manastirin e ri t\u00eb Sh\u00ebn Vlashit. (11 Shkurt 2007) - Kisha Orthodh\u03bfkse Autoqefale e Shqip\u00ebris\u00eb","robots":{"index":"index","follow":"follow","max-snippet":"max-snippet:-1","max-image-preview":"max-image-preview:large","max-video-preview":"max-video-preview:-1"},"canonical":"https:\/\/orthodoxalbania.org\/2020\/2007\/02\/26\/kremtimi-i-shen-vlashit-ne-manastirin-e-ri-te-shen-vlashit-shkurt-07\/","og_locale":"en_US","og_type":"article","og_title":"Kremtimi i Sh\u00ebn Vlashit n\u00eb manastirin e ri t\u00eb Sh\u00ebn Vlashit. (11 Shkurt 2007) - Kisha Orthodh\u03bfkse Autoqefale e Shqip\u00ebris\u00eb","og_description":"&nbsp;&nbsp;&nbsp; M\u00eb 11 shkurt u kremtua festa e martirizimit t\u00eb Hierod\u00ebshmorit Vlash. K\u00ebt\u00eb dit\u00eb, Kisha dhe populli i Per\u00ebndis\u00eb arrit\u00ebn n\u00eb t\u00eb diel\u00ebn e tret\u00eb t\u00eb Triodhit, nj\u00eb koh\u00eb q\u00eb i th\u00ebrret besimtar\u00ebt p\u00ebr p\u00ebrul\u00ebsi dhe pendim. &nbsp; &nbsp;&nbsp;&nbsp; N\u00eb manastirin q\u00eb mban emrin e Sh\u00ebn Vlashit, me qindra besimtar\u00eb adhuruan Per\u00ebndin\u00eb dhe iu lut\u00ebn shenjtit t\u00eb nd\u00ebrmjet\u00ebsoj\u00eb p\u00ebr shp\u00ebtimin e shpirtrave. Liturgjia Hyjnore u","og_url":"https:\/\/orthodoxalbania.org\/2020\/2007\/02\/26\/kremtimi-i-shen-vlashit-ne-manastirin-e-ri-te-shen-vlashit-shkurt-07\/","og_site_name":"Kisha Orthodh\u03bfkse Autoqefale e Shqip\u00ebris\u00eb","article_publisher":"https:\/\/www.facebook.com\/koash1991","article_published_time":"2007-02-26T00:00:00+00:00","article_modified_time":"2020-04-06T20:35:48+00:00","og_image":[{"url":"https:\/\/lh4.googleusercontent.com\/-8FbTfD-6U4A\/VIhNueqEJEI\/AAAAAAAAGGc\/vSb16nb2X2I\/w370-h278-no\/untitled1.jpg","type":"","width":"","height":""}],"author":"Kisha Orthodhokse","twitter_card":"summary_large_image","twitter_misc":{"Written by":"Kisha Orthodhokse","Est. reading time":"3 minutes"},"schema":{"@context":"https:\/\/schema.org","@graph":[{"@type":"Article","@id":"https:\/\/orthodoxalbania.org\/2020\/2007\/02\/26\/kremtimi-i-shen-vlashit-ne-manastirin-e-ri-te-shen-vlashit-shkurt-07\/#article","isPartOf":{"@id":"https:\/\/orthodoxalbania.org\/2020\/2007\/02\/26\/kremtimi-i-shen-vlashit-ne-manastirin-e-ri-te-shen-vlashit-shkurt-07\/"},"author":{"name":"Kisha Orthodhokse","@id":"https:\/\/orthodoxalbania.org\/2020\/#\/schema\/person\/0c387634a7063ac612d7ed9ce71c7e86"},"headline":"Kremtimi i Sh\u00ebn Vlashit n\u00eb manastirin e ri t\u00eb Sh\u00ebn Vlashit. (11 Shkurt 2007)","datePublished":"2007-02-26T00:00:00+00:00","dateModified":"2020-04-06T20:35:48+00:00","mainEntityOfPage":{"@id":"https:\/\/orthodoxalbania.org\/2020\/2007\/02\/26\/kremtimi-i-shen-vlashit-ne-manastirin-e-ri-te-shen-vlashit-shkurt-07\/"},"wordCount":530,"commentCount":0,"publisher":{"@id":"https:\/\/orthodoxalbania.org\/2020\/#organization"},"image":{"@id":"https:\/\/orthodoxalbania.org\/2020\/2007\/02\/26\/kremtimi-i-shen-vlashit-ne-manastirin-e-ri-te-shen-vlashit-shkurt-07\/#primaryimage"},"thumbnailUrl":"https:\/\/lh4.googleusercontent.com\/-8FbTfD-6U4A\/VIhNueqEJEI\/AAAAAAAAGGc\/vSb16nb2X2I\/w370-h278-no\/untitled1.jpg","keywords":["2007","Kremtime","Kryepiskopata Tiran\u00eb","lajme"],"articleSection":["Lajme"],"inLanguage":"en-US"},{"@type":"WebPage","@id":"https:\/\/orthodoxalbania.org\/2020\/2007\/02\/26\/kremtimi-i-shen-vlashit-ne-manastirin-e-ri-te-shen-vlashit-shkurt-07\/","url":"https:\/\/orthodoxalbania.org\/2020\/2007\/02\/26\/kremtimi-i-shen-vlashit-ne-manastirin-e-ri-te-shen-vlashit-shkurt-07\/","name":"Kremtimi i Sh\u00ebn Vlashit n\u00eb manastirin e ri t\u00eb Sh\u00ebn Vlashit. (11 Shkurt 2007) - Kisha Orthodh\u03bfkse Autoqefale e Shqip\u00ebris\u00eb","isPartOf":{"@id":"https:\/\/orthodoxalbania.org\/2020\/#website"},"primaryImageOfPage":{"@id":"https:\/\/orthodoxalbania.org\/2020\/2007\/02\/26\/kremtimi-i-shen-vlashit-ne-manastirin-e-ri-te-shen-vlashit-shkurt-07\/#primaryimage"},"image":{"@id":"https:\/\/orthodoxalbania.org\/2020\/2007\/02\/26\/kremtimi-i-shen-vlashit-ne-manastirin-e-ri-te-shen-vlashit-shkurt-07\/#primaryimage"},"thumbnailUrl":"https:\/\/lh4.googleusercontent.com\/-8FbTfD-6U4A\/VIhNueqEJEI\/AAAAAAAAGGc\/vSb16nb2X2I\/w370-h278-no\/untitled1.jpg","datePublished":"2007-02-26T00:00:00+00:00","dateModified":"2020-04-06T20:35:48+00:00","breadcrumb":{"@id":"https:\/\/orthodoxalbania.org\/2020\/2007\/02\/26\/kremtimi-i-shen-vlashit-ne-manastirin-e-ri-te-shen-vlashit-shkurt-07\/#breadcrumb"},"inLanguage":"en-US","potentialAction":[{"@type":"ReadAction","target":["https:\/\/orthodoxalbania.org\/2020\/2007\/02\/26\/kremtimi-i-shen-vlashit-ne-manastirin-e-ri-te-shen-vlashit-shkurt-07\/"]}]},{"@type":"ImageObject","inLanguage":"en-US","@id":"https:\/\/orthodoxalbania.org\/2020\/2007\/02\/26\/kremtimi-i-shen-vlashit-ne-manastirin-e-ri-te-shen-vlashit-shkurt-07\/#primaryimage","url":"https:\/\/lh4.googleusercontent.com\/-8FbTfD-6U4A\/VIhNueqEJEI\/AAAAAAAAGGc\/vSb16nb2X2I\/w370-h278-no\/untitled1.jpg","contentUrl":"https:\/\/lh4.googleusercontent.com\/-8FbTfD-6U4A\/VIhNueqEJEI\/AAAAAAAAGGc\/vSb16nb2X2I\/w370-h278-no\/untitled1.jpg"},{"@type":"BreadcrumbList","@id":"https:\/\/orthodoxalbania.org\/2020\/2007\/02\/26\/kremtimi-i-shen-vlashit-ne-manastirin-e-ri-te-shen-vlashit-shkurt-07\/#breadcrumb","itemListElement":[{"@type":"ListItem","position":1,"name":"Home","item":"https:\/\/orthodoxalbania.org\/2020\/"},{"@type":"ListItem","position":2,"name":"Kremtimi i Sh\u00ebn Vlashit n\u00eb manastirin e ri t\u00eb Sh\u00ebn Vlashit. (11 Shkurt 2007)"}]},{"@type":"WebSite","@id":"https:\/\/orthodoxalbania.org\/2020\/#website","url":"https:\/\/orthodoxalbania.org\/2020\/","name":"Kisha Orthodh\u03bfkse Autoqefale e Shqip\u00ebris\u00eb","description":"Fqja Zyrtare e Kish\u00ebs Orthodhokse Autoqefale e Shqip\u00ebris\u00eb me lajmet edhe informacionet zyrtare p\u00ebr struktur\u00ebn edhe veprimtarin e saj.","publisher":{"@id":"https:\/\/orthodoxalbania.org\/2020\/#organization"},"potentialAction":[{"@type":"SearchAction","target":{"@type":"EntryPoint","urlTemplate":"https:\/\/orthodoxalbania.org\/2020\/?s={search_term_string}"},"query-input":{"@type":"PropertyValueSpecification","valueRequired":true,"valueName":"search_term_string"}}],"inLanguage":"en-US"},{"@type":"Organization","@id":"https:\/\/orthodoxalbania.org\/2020\/#organization","name":"Kisha Orthodhokse Autoqefale e Shqip\u00ebris\u00eb","url":"https:\/\/orthodoxalbania.org\/2020\/","logo":{"@type":"ImageObject","inLanguage":"en-US","@id":"https:\/\/orthodoxalbania.org\/2020\/#\/schema\/logo\/image\/","url":"https:\/\/orthodoxalbania.org\/2020\/wp-content\/uploads\/2020\/05\/albania.jpeg","contentUrl":"https:\/\/orthodoxalbania.org\/2020\/wp-content\/uploads\/2020\/05\/albania.jpeg","width":540,"height":540,"caption":"Kisha Orthodhokse Autoqefale e Shqip\u00ebris\u00eb"},"image":{"@id":"https:\/\/orthodoxalbania.org\/2020\/#\/schema\/logo\/image\/"},"sameAs":["https:\/\/www.facebook.com\/koash1991"]},{"@type":"Person","@id":"https:\/\/orthodoxalbania.org\/2020\/#\/schema\/person\/0c387634a7063ac612d7ed9ce71c7e86","name":"Kisha Orthodhokse","image":{"@type":"ImageObject","inLanguage":"en-US","@id":"https:\/\/secure.gravatar.com\/avatar\/596e7c417251e30f2fbb9c00e026fce61a695a00e51c889caded71c96cbbdde5?s=96&d=mm&r=g","url":"https:\/\/secure.gravatar.com\/avatar\/596e7c417251e30f2fbb9c00e026fce61a695a00e51c889caded71c96cbbdde5?s=96&d=mm&r=g","contentUrl":"https:\/\/secure.gravatar.com\/avatar\/596e7c417251e30f2fbb9c00e026fce61a695a00e51c889caded71c96cbbdde5?s=96&d=mm&r=g","caption":"Kisha Orthodhokse"}}]}},"_links":{"self":[{"href":"https:\/\/orthodoxalbania.org\/2020\/wp-json\/wp\/v2\/posts\/813","targetHints":{"allow":["GET"]}}],"collection":[{"href":"https:\/\/orthodoxalbania.org\/2020\/wp-json\/wp\/v2\/posts"}],"about":[{"href":"https:\/\/orthodoxalbania.org\/2020\/wp-json\/wp\/v2\/types\/post"}],"author":[{"embeddable":true,"href":"https:\/\/orthodoxalbania.org\/2020\/wp-json\/wp\/v2\/users\/1"}],"replies":[{"embeddable":true,"href":"https:\/\/orthodoxalbania.org\/2020\/wp-json\/wp\/v2\/comments?post=813"}],"version-history":[{"count":1,"href":"https:\/\/orthodoxalbania.org\/2020\/wp-json\/wp\/v2\/posts\/813\/revisions"}],"predecessor-version":[{"id":15770,"href":"https:\/\/orthodoxalbania.org\/2020\/wp-json\/wp\/v2\/posts\/813\/revisions\/15770"}],"wp:attachment":[{"href":"https:\/\/orthodoxalbania.org\/2020\/wp-json\/wp\/v2\/media?parent=813"}],"wp:term":[{"taxonomy":"category","embeddable":true,"href":"https:\/\/orthodoxalbania.org\/2020\/wp-json\/wp\/v2\/categories?post=813"},{"taxonomy":"post_tag","embeddable":true,"href":"https:\/\/orthodoxalbania.org\/2020\/wp-json\/wp\/v2\/tags?post=813"}],"curies":[{"name":"wp","href":"https:\/\/api.w.org\/{rel}","templated":true}]}}