{"id":812,"date":"2013-03-21T10:01:01","date_gmt":"2013-03-21T10:01:01","guid":{"rendered":""},"modified":"2020-04-06T22:32:00","modified_gmt":"2020-04-06T20:32:00","slug":"kremtimi-i-shen-kozmait-ne-kolkondas-te-fierit","status":"publish","type":"post","link":"https:\/\/orthodoxalbania.org\/2020\/2013\/03\/21\/kremtimi-i-shen-kozmait-ne-kolkondas-te-fierit\/","title":{"rendered":"Kremtimi i sh\u00ebn Kozmait n\u00eb Kolkondas t\u00eb Fierit. (24 Gusht 2011)"},"content":{"rendered":"<div style=\"text-align: center;\"><span style=\"color: #000000;\"><span style=\"font-family: tahoma,geneva,sans-serif;\"><span style=\"font-size: 12px;\"><span class=\"style10\"><strong><em>&nbsp;&nbsp;&nbsp; \u201cZ\u00ebri i tij doli n\u00eb gjith\u00eb dheun, dhe fjal\u00ebt e <\/em><\/strong><br \/> <strong><em>&nbsp;&nbsp;&nbsp;&nbsp;&nbsp;&nbsp;&nbsp;&nbsp;&nbsp;&nbsp;&nbsp;&nbsp;&nbsp;&nbsp;&nbsp;&nbsp;&nbsp; tij deri n\u00eb an\u00ebt e bot\u00ebs\u201d. <\/em><\/strong><em>(Romak\u00ebve 10, 18)<\/em><\/span><\/span><\/span><\/span><\/div>\n<div>&nbsp;<\/div>\n<div class=\"style10\" style=\"text-align: justify;\"><span style=\"color: #000000;\"><span style=\"font-family: tahoma,geneva,sans-serif;\"><span style=\"font-size: 12px;\"><img decoding=\"async\" class=\"lazyload HAa Eha\" style=\"height: 204px; width: 272px; border-width: 1px; border-style: solid; margin: 10px; float: left;\" alt=\"\" src=\"data:image\/gif;base64,R0lGODlhAQABAAAAACH5BAEKAAEALAAAAAABAAEAAAICTAEAOw==\" data-orig-src=\"https:\/\/lh4.googleusercontent.com\/-AhSaY4NekkE\/VAQ1EbCNPoI\/AAAAAAAACew\/Kkan0yj3G4U\/w640-h480-no\/000_0164.JPG\" \/>&nbsp; &nbsp; M\u00eb 24 gusht, Kisha kremton dhe nderon kujtimin e hirsh\u00ebm t\u00eb hierod\u00ebshmorit t\u00eb lavd\u00ebruar Kozma nga Etolia. Myzeqeja \u00ebsht\u00eb vendi n\u00eb t\u00eb cilin ky shenjtor i madh mori kuror\u00ebn e lavdis\u00eb, duke u martirizuar p\u00ebr emrin e Krishtit. Pik\u00ebrisht n\u00eb Kolkondas, n\u00eb datat 23 dhe 24 gusht 2011, erdh\u00ebn me mij\u00ebra besimtar\u00eb p\u00ebr ta nderuar shenjtin dhe p\u00ebr t\u00eb k\u00ebrkuar nd\u00ebrmjetimet e tij t\u00eb vyera pran\u00eb Per\u00ebndis\u00eb. Pelegrin\u00eb t\u00eb shumt\u00eb nga vende t\u00eb ndryshme t\u00eb Shqip\u00ebris\u00eb, por edhe besimtar\u00eb t\u00eb ardhur nga Greqia u mblodh\u00ebn me rastin e k\u00ebtij panairi t\u00eb madh.<\/span><\/span><\/span><\/div>\n<div class=\"style10\" style=\"text-align: justify;\"> <span style=\"color: #000000;\"><span style=\"font-family: tahoma,geneva,sans-serif;\"><span style=\"font-size: 12px;\">&nbsp; &nbsp; Sh\u00ebrbesat filluan me Mbr\u00ebm\u00ebsoren e fest\u00ebs, pasditen e dat\u00ebs 23 gusht, vijuan m\u00eb pas lutje t\u00eb ndryshme p\u00ebrgjat\u00eb gjith\u00eb mbr\u00ebmjes n\u00eb pranin\u00eb e shum\u00eb shpres\u00ebtar\u00ebve, t\u00eb cil\u00ebt ishin p\u00ebrgatitur p\u00ebr t\u00eb kaluar nat\u00ebn n\u00eb Manastirin e sh\u00ebn Kozmait. T\u00eb nes\u00ebrmen u krye sh\u00ebrbesa e M\u00ebngjesores si dhe e Liturgjis\u00eb Hyjnore. Ashtu si \u00e7do vit k\u00ebto sh\u00ebrbesa i drejtoi Mitropoliti i Beratit, Vlor\u00ebs, Kanin\u00ebs dhe gjith\u00eb Myzeqes\u00eb, Imzot Ignati. Bashk\u00ebmeshuan midis shum\u00eb prift\u00ebrinjve t\u00eb Mitropolis\u00eb s\u00eb Beratit, edhe disa klerik\u00eb t\u00eb ardhur nga vendi yn\u00eb fqinj, Greqia.<\/span><\/span><\/span><\/div>\n<div class=\"style10\" style=\"text-align: justify;\"><span style=\"color: #000000;\"><span style=\"font-family: tahoma,geneva,sans-serif;\"><span style=\"font-size: 12px;\"><img decoding=\"async\" class=\"lazyload HAa Eha\" style=\"height: 198px; width: 264px; border-width: 1px; border-style: solid; margin: 10px; float: right;\" alt=\"\" src=\"data:image\/gif;base64,R0lGODlhAQABAAAAACH5BAEKAAEALAAAAAABAAEAAAICTAEAOw==\" data-orig-src=\"https:\/\/lh4.googleusercontent.com\/-r4YNjM0gJD4\/VAQ1HYSFx6I\/AAAAAAAACfM\/yU-Ud20V3J0\/w640-h480-no\/100_1963.JPG\" \/><br \/> &nbsp;&nbsp; Me shpres\u00ebtari shum\u00eb besimtar\u00eb u kunguan me Trupin dhe Gjakun e Zotit Krisht. Gjithashtu u krye p\u00ebr nderin e sh\u00ebn Kozmait bekimi i pes\u00eb buk\u00ebve, i grurit t\u00eb shenjt\u00eb si dhe n\u00eb fund sh\u00ebrbesat u mbyll\u00ebn me litanin\u00eb madh\u00ebshtore p\u00ebrqark manastirit t\u00eb hirsh\u00ebm. N\u00eb mesazhin e Tij p\u00ebr k\u00ebt\u00eb fest\u00eb, nd\u00ebr t\u00eb tjera Imzot Ignati theksoi disa mesazhe, t\u00eb cilat vijn\u00eb nga m\u00ebsimet e vyera t\u00eb sh\u00ebn Kozmait.<\/span><\/span><\/span><\/div>\n<div class=\"style10\" style=\"text-align: justify;\"> <span style=\"color: #000000;\"><span style=\"font-family: tahoma,geneva,sans-serif;\"><span style=\"font-size: 12px;\">&nbsp; &nbsp; Mitropoliti i Beratit tha: \u201cSh\u00ebn Kozmai kishte nj\u00eb dashuri dhe respekt t\u00eb ve\u00e7ant\u00eb p\u00ebr Hyjlind\u00ebsen. Besonte, se personi i s\u00eb T\u00ebr\u00ebshenjt\u00ebs, \u00ebsht\u00eb \u00e7el\u00ebsi i besimit dhe se besa tek misteri i s\u00eb T\u00ebr\u00ebshenjt\u00ebs dhe Hyjlind\u00ebses na dallon nga ateist\u00ebt dhe heretik\u00ebt.<\/span><\/span><\/span><\/div>\n<div class=\"style10\" style=\"text-align: justify;\"> <span style=\"color: #000000;\"><span style=\"font-family: tahoma,geneva,sans-serif;\"><span style=\"font-size: 12px;\">&nbsp; &nbsp; E T\u00ebr\u00ebshenjta \u00ebsht\u00eb Eva e re. N\u00ebse nga Eva e par\u00eb trash\u00ebguam m\u00ebkatin dhe vdekjen, nga Eva e dyt\u00eb, Hyjlind\u00ebsja, trash\u00ebguam \u00e7lirimin dhe jet\u00ebn. Thot\u00eb edhe nj\u00eb koment teologjik t\u00eb bukur sh\u00ebn Kozmai. Gruaja e par\u00eb, Eva, lindi nga brinja e burrit, e Adamit. Kishte borxh gruaja tek burri. I detyrohej jet\u00ebn. Vjen Eva e re, e T\u00ebr\u00ebshenjta, dhe shlyen borxhin n\u00eb gjinin\u00eb e burrit. Ashtu si pa grua lindi gruaja e par\u00eb, k\u00ebshtu pa burr\u00eb, Eva e re, e T\u00ebr\u00ebshenjta lindi njeriun e ri, Per\u00ebndinjerin\u00eb.<\/span><\/span><\/span><\/div>\n<div class=\"style10\" style=\"text-align: justify;\"> <span style=\"color: #000000;\"><span style=\"font-family: tahoma,geneva,sans-serif;\"><span style=\"font-size: 12px;\">&nbsp; &nbsp; E T\u00ebr\u00ebshenjta \u00ebsht\u00eb m\u00eb e lart\u00eb se gjith\u00eb grat\u00eb e bot\u00ebs, nga gjith\u00eb njer\u00ebzit, m\u00eb e lart\u00eb edhe se engj\u00ebjt. Duke folur sh\u00ebn Kozmai p\u00ebr Hyrjen e Virgj\u00ebresh\u00ebs n\u00eb Tempull, thot\u00eb se engj\u00ebll i Zotit e ushqente me ushqim qiellor, bashk\u00ebbisedonte me engj\u00ebjt dhe u b\u00eb \u201cm\u00eb e nderuar se Keruvimet dhe m\u00eb e lavd\u00ebruar pa krahasim se Serafimet\u201d.<\/span><\/span><\/span><\/div>\n<div class=\"style10\" style=\"text-align: justify;\"> <span style=\"color: #000000;\"><span style=\"font-family: tahoma,geneva,sans-serif;\"><span style=\"font-size: 12px;\">&nbsp; &nbsp; Maria \u00ebsht\u00eb emri i s\u00eb T\u00ebr\u00ebshenjt\u00ebs. Por \u00e7do t\u00eb thot\u00eb \u201cMaria\u201d? Do t\u00eb thot\u00eb Zonj\u00eb, do t\u00eb thot\u00eb edhe Mbret\u00ebresh\u00eb. \u00cbsht\u00eb Zonja Hyjlind\u00ebse. Zonj\u00eb, sepse zot\u00ebroi mbi t\u00eb keqen. Zonj\u00eb se \u00ebsht\u00eb n\u00ebna e Zotit. Zonj\u00eb, sepse ne sh\u00ebrb\u00ebtor\u00ebt e p\u00ebrulur i biem n\u00eb gjunj\u00eb me dhimbje dhe shpres\u00eb dhe k\u00ebrkojm\u00eb nd\u00ebrmjetimin e saj. Cilado zonj\u00eb tjet\u00ebr e r\u00ebnd\u00ebsishme e k\u00ebsaj bote \u00ebsht\u00eb nj\u00eb zero p\u00ebrpara Zonj\u00ebs Hyjlind\u00ebse, e cila \u00ebsht\u00eb edhe Mbret\u00ebresh\u00eb. N\u00eb kok\u00ebn e saj ka kuror\u00ebn e shenjt\u00ebris\u00eb. N\u00eb duart e saj mban skeptrin e dashuris\u00eb. Dhe fronet e saj jan\u00eb dy. Nj\u00ebri n\u00eb t\u00eb djatht\u00eb t\u00eb Per\u00ebndis\u00eb, sipas psalmit: \u201cmbret\u00ebresha q\u00ebndroi n\u00eb t\u00eb djatht\u00ebn t\u00ebnde\u201d (Psalm 44, 9). Tjetri, n\u00eb t\u00eb majt\u00eb t\u00eb trupit njer\u00ebzor, \u00ebsht\u00eb froni i zemr\u00ebs son\u00eb. P\u00ebr m\u00ebkatet tona i lutet Birit t\u00eb saj, t\u00eb na m\u00ebshiroj\u00eb. Dhe ka shum\u00eb guxim p\u00ebr t\u00eb folur N\u00ebna e Shp\u00ebtimtarit. Shum\u00eb fuqi ka lutja e n\u00ebn\u00ebs p\u00ebr dashamir\u00ebsin\u00eb e Dhespotit, psal Kisha jon\u00eb \u00e7do dit\u00eb n\u00eb sh\u00ebrbes\u00ebn e or\u00ebve.<\/span><\/span><\/span><\/div>\n<div class=\"style10\" style=\"text-align: justify;\"> <span style=\"color: #000000;\"><span style=\"font-family: tahoma,geneva,sans-serif;\"><span style=\"font-size: 12px;\">&nbsp; &nbsp; B\u00ebhen shum\u00eb fjal\u00eb n\u00eb dit\u00ebt tona p\u00ebr t\u00eb drejtat e gruas dhe p\u00ebr barazin\u00eb e gruas me burrin. Barazin\u00eb e v\u00ebrtet\u00eb t\u00eb dy gjinive e predikoi Krisht\u00ebrimi k\u00ebtu e dy mij\u00eb vjet; barazi reale, jo sheshim. Sh\u00ebn Kozmai, mbart\u00ebs i predikimit autentik t\u00eb Ungjillit, kritikon ashp\u00ebr pushtetin burr\u00ebror dhe predikon barazin\u00eb e krishter\u00eb:<\/span><\/span><\/span><\/div>\n<div class=\"style10\" style=\"text-align: justify;\"> <span style=\"color: #000000;\"><span style=\"font-family: tahoma,geneva,sans-serif;\"><span style=\"font-size: 12px;\">&nbsp; &nbsp; \u201cDuhet edhe ti, burr\u00eb, t\u00eb mos p\u00ebrdor\u00ebsh gruan t\u00ebnde si skllave, sepse krijes\u00eb e Per\u00ebndis\u00eb \u00ebsht\u00eb edhe ajo, ashtu si ti. Aq sa u kryq\u00ebzua Per\u00ebndia p\u00ebr ty, aq u kryq\u00ebzua edhe p\u00ebr at\u00eb. At\u00eb e quan ti Per\u00ebndin\u00eb, At\u00eb e quan edhe ajo. Keni nj\u00eb besim, nj\u00eb pag\u00ebzim, Per\u00ebndia nuk e ka m\u00eb posht\u00eb&#8230;\u201d<\/span><\/span><\/span><\/div>\n<div class=\"style10\" style=\"text-align: justify;\"> <span style=\"color: #000000;\"><span style=\"font-family: tahoma,geneva,sans-serif;\"><span style=\"font-size: 12px;\">&nbsp;&nbsp;&nbsp;&nbsp; V\u00ebllez\u00ebrit e mi t\u00eb dashur m\u00eb Krishtin! E T\u00ebr\u00ebshenjta na fali dhurat\u00ebn m\u00eb t\u00eb madhe, Shp\u00ebtimtarin Krisht. Le t\u2019ia shp\u00ebrblejm\u00eb me respekt, nder dhe modesti. E T\u00ebr\u00ebshenjta k\u00ebrkon t\u00eb reshtim s\u00eb nderuari me hipokrizi dhe t\u00eb rendim ta nderojm\u00eb me t\u00eb v\u00ebrtet\u00eb. Dhe nderi i v\u00ebrtet\u00eb \u00ebsht\u00eb imitimi. K\u00ebt\u00eb le t\u00eb ndjekim duke psalur me shpres\u00ebtari dhe urt\u00ebsi: O Hyjlind\u00ebse e T\u00ebr\u00ebshenjt\u00eb nd\u00ebrmjeto p\u00ebr ne. U b\u00ebft\u00eb!\u201d<\/span><\/span><\/span><\/div>\n<div class=\"style10\" style=\"text-align: justify;\">&nbsp;<\/div>\n<div class=\"style10\" style=\"text-align: right;\"><span style=\"color: #000000;\"><span style=\"font-family: tahoma,geneva,sans-serif;\"><span style=\"font-size: 12px;\"><strong>Joan Qako<\/strong><\/span><\/span><\/span><\/div>\n<div class=\"style10\" style=\"text-align: right;\">&nbsp;<\/div>\n<table style=\"margin-right: auto; margin-left: auto;\">\n<tbody>\n<tr>\n<td>\n<div><span style=\"color: #000000;\"><span style=\"font-family: tahoma,geneva,sans-serif;\"><span style=\"font-size: 12px;\"><img decoding=\"async\" class=\"lazyload HAa Eha\" style=\"height: 270px; width: 360px; border-width: 1px; border-style: solid; margin: 10px;\" alt=\"\" src=\"data:image\/gif;base64,R0lGODlhAQABAAAAACH5BAEKAAEALAAAAAABAAEAAAICTAEAOw==\" data-orig-src=\"https:\/\/lh6.googleusercontent.com\/-AXPOEFTXMKQ\/VAQ1Eiz--WI\/AAAAAAAACek\/TDdhvrhxVoQ\/w640-h480-no\/100_1895.JPG\" \/><\/span><\/span><\/span><\/div>\n<\/td>\n<td>\n<div><span style=\"color: #000000;\"><span style=\"font-family: tahoma,geneva,sans-serif;\"><span style=\"font-size: 12px;\"><img decoding=\"async\" class=\"lazyload HAa Eha\" style=\"height: 270px; width: 360px; border-width: 1px; border-style: solid; margin: 10px;\" alt=\"\" src=\"data:image\/gif;base64,R0lGODlhAQABAAAAACH5BAEKAAEALAAAAAABAAEAAAICTAEAOw==\" data-orig-src=\"https:\/\/lh4.googleusercontent.com\/a-kql-FHhSBesRa7_3lodhpkkW9wUsqiRW8nOm1CTPg=w640-h480-no\" \/><\/span><\/span><\/span><\/div>\n<\/td>\n<\/tr>\n<tr>\n<td>\n<div><span style=\"color: #000000;\"><span style=\"font-family: tahoma,geneva,sans-serif;\"><span style=\"font-size: 12px;\"><img decoding=\"async\" class=\"lazyload HAa Eha\" style=\"height: 270px; width: 360px; border-width: 1px; border-style: solid; margin: 10px;\" alt=\"\" src=\"data:image\/gif;base64,R0lGODlhAQABAAAAACH5BAEKAAEALAAAAAABAAEAAAICTAEAOw==\" data-orig-src=\"https:\/\/lh4.googleusercontent.com\/-YHzG43VKjAk\/VAQ1Er4kCrI\/AAAAAAAACeo\/kWJr2MvrKro\/w640-h480-no\/100_1910.JPG\" \/><\/span><\/span><\/span><\/div>\n<\/td>\n<td>\n<div><span style=\"color: #000000;\"><span style=\"font-family: tahoma,geneva,sans-serif;\"><span style=\"font-size: 12px;\"><img decoding=\"async\" class=\"lazyload HAa Eha\" style=\"height: 270px; width: 360px; border-width: 1px; border-style: solid; margin: 10px;\" alt=\"\" src=\"data:image\/gif;base64,R0lGODlhAQABAAAAACH5BAEKAAEALAAAAAABAAEAAAICTAEAOw==\" data-orig-src=\"https:\/\/lh6.googleusercontent.com\/-8ksAXVMSvEw\/VAQ1FcfbKPI\/AAAAAAAACe8\/UIHJrGAUCXA\/w640-h480-no\/100_1918.JPG\" \/><\/span><\/span><\/span><\/div>\n<\/td>\n<\/tr>\n<tr>\n<td>\n<div><span style=\"color: #000000;\"><span style=\"font-family: tahoma,geneva,sans-serif;\"><span style=\"font-size: 12px;\"><img decoding=\"async\" class=\"lazyload HAa Eha\" style=\"height: 270px; width: 360px; border-width: 1px; border-style: solid; margin: 10px;\" alt=\"\" src=\"data:image\/gif;base64,R0lGODlhAQABAAAAACH5BAEKAAEALAAAAAABAAEAAAICTAEAOw==\" data-orig-src=\"https:\/\/lh5.googleusercontent.com\/-ox8_2qLaG50\/VAQ1GjqFfkI\/AAAAAAAACfQ\/Cg32lSpGzI0\/w640-h480-no\/100_1948.JPG\" \/><\/span><\/span><\/span><\/div>\n<\/td>\n<td>\n<div><span style=\"color: #000000;\"><span style=\"font-family: tahoma,geneva,sans-serif;\"><span style=\"font-size: 12px;\"><img decoding=\"async\" class=\"lazyload HAa Eha\" style=\"height: 270px; width: 360px; border-width: 1px; border-style: solid; margin: 10px;\" alt=\"\" src=\"data:image\/gif;base64,R0lGODlhAQABAAAAACH5BAEKAAEALAAAAAABAAEAAAICTAEAOw==\" data-orig-src=\"https:\/\/lh3.googleusercontent.com\/IWkJVqXtH0ixph25TLH_Ny-XyA5UszfCQ-nSsCF3TxQ=w640-h480-no\" \/><\/span><\/span><\/span><\/div>\n<\/td>\n<\/tr>\n<tr>\n<td>\n<div><span style=\"color: #000000;\"><span style=\"font-family: tahoma,geneva,sans-serif;\"><span style=\"font-size: 12px;\"><img decoding=\"async\" class=\"lazyload HAa Eha\" style=\"height: 400px; width: 300px; border-width: 1px; border-style: solid; margin: 10px auto; display: block;\" alt=\"\" src=\"data:image\/gif;base64,R0lGODlhAQABAAAAACH5BAEKAAEALAAAAAABAAEAAAICTAEAOw==\" data-orig-src=\"https:\/\/lh4.googleusercontent.com\/-IFnXQCSz99g\/VAQ1FmxM8JI\/AAAAAAAACfU\/twQWDvxSFfk\/w480-h640-no\/100_1935.JPG\" \/><\/span><\/span><\/span><\/div>\n<\/td>\n<\/tr>\n<\/tbody>\n<\/table>\n","protected":false},"excerpt":{"rendered":"<p>&nbsp;&nbsp;&nbsp; \u201cZ\u00ebri i tij doli n\u00eb gjith\u00eb dheun, dhe fjal\u00ebt e &nbsp;&nbsp;&nbsp;&nbsp;&nbsp;&nbsp;&nbsp;&nbsp;&nbsp;&nbsp;&nbsp;&nbsp;&nbsp;&nbsp;&nbsp;&nbsp;&nbsp; tij deri n\u00eb an\u00ebt e bot\u00ebs\u201d. (Romak\u00ebve 10, 18) &nbsp; &nbsp; &nbsp; M\u00eb 24 gusht, Kisha kremton dhe nderon kujtimin e hirsh\u00ebm t\u00eb hierod\u00ebshmorit t\u00eb lavd\u00ebruar Kozma nga Etolia. Myzeqeja \u00ebsht\u00eb vendi n\u00eb t\u00eb cilin ky shenjtor i madh mori kuror\u00ebn e lavdis\u00eb, duke u martirizuar p\u00ebr emrin e Krishtit. Pik\u00ebrisht n\u00eb Kolkondas,<\/p>\n","protected":false},"author":1,"featured_media":0,"comment_status":"open","ping_status":"open","sticky":false,"template":"","format":"standard","meta":{"_acf_changed":false,"pagelayer_contact_templates":[],"_pagelayer_content":"","inline_featured_image":false,"fifu_image_url":"","fifu_image_alt":"","footnotes":""},"categories":[108],"tags":[143,157,212,197],"class_list":["post-812","post","type-post","status-publish","format-standard","hentry","category-lajme","tag-143","tag-kremtime","tag-lajme-d27","tag-berat"],"acf":[],"yoast_head":"<!-- This site is optimized with the Yoast SEO plugin v27.2 - https:\/\/yoast.com\/product\/yoast-seo-wordpress\/ -->\n<title>Kremtimi i sh\u00ebn Kozmait n\u00eb Kolkondas t\u00eb Fierit. (24 Gusht 2011) - Kisha Orthodh\u03bfkse Autoqefale e Shqip\u00ebris\u00eb<\/title>\n<meta name=\"robots\" content=\"index, follow, max-snippet:-1, max-image-preview:large, max-video-preview:-1\" \/>\n<link rel=\"canonical\" href=\"https:\/\/orthodoxalbania.org\/2020\/2013\/03\/21\/kremtimi-i-shen-kozmait-ne-kolkondas-te-fierit\/\" \/>\n<meta property=\"og:locale\" content=\"en_US\" \/>\n<meta property=\"og:type\" content=\"article\" \/>\n<meta property=\"og:title\" content=\"Kremtimi i sh\u00ebn Kozmait n\u00eb Kolkondas t\u00eb Fierit. (24 Gusht 2011) - Kisha Orthodh\u03bfkse Autoqefale e Shqip\u00ebris\u00eb\" \/>\n<meta property=\"og:description\" content=\"&nbsp;&nbsp;&nbsp; \u201cZ\u00ebri i tij doli n\u00eb gjith\u00eb dheun, dhe fjal\u00ebt e &nbsp;&nbsp;&nbsp;&nbsp;&nbsp;&nbsp;&nbsp;&nbsp;&nbsp;&nbsp;&nbsp;&nbsp;&nbsp;&nbsp;&nbsp;&nbsp;&nbsp; tij deri n\u00eb an\u00ebt e bot\u00ebs\u201d. (Romak\u00ebve 10, 18) &nbsp; &nbsp; &nbsp; M\u00eb 24 gusht, Kisha kremton dhe nderon kujtimin e hirsh\u00ebm t\u00eb hierod\u00ebshmorit t\u00eb lavd\u00ebruar Kozma nga Etolia. Myzeqeja \u00ebsht\u00eb vendi n\u00eb t\u00eb cilin ky shenjtor i madh mori kuror\u00ebn e lavdis\u00eb, duke u martirizuar p\u00ebr emrin e Krishtit. Pik\u00ebrisht n\u00eb Kolkondas,\" \/>\n<meta property=\"og:url\" content=\"https:\/\/orthodoxalbania.org\/2020\/2013\/03\/21\/kremtimi-i-shen-kozmait-ne-kolkondas-te-fierit\/\" \/>\n<meta property=\"og:site_name\" content=\"Kisha Orthodh\u03bfkse Autoqefale e Shqip\u00ebris\u00eb\" \/>\n<meta property=\"article:publisher\" content=\"https:\/\/www.facebook.com\/koash1991\" \/>\n<meta property=\"article:published_time\" content=\"2013-03-21T10:01:01+00:00\" \/>\n<meta property=\"article:modified_time\" content=\"2020-04-06T20:32:00+00:00\" \/>\n<meta property=\"og:image\" content=\"https:\/\/lh4.googleusercontent.com\/-AhSaY4NekkE\/VAQ1EbCNPoI\/AAAAAAAACew\/Kkan0yj3G4U\/w640-h480-no\/000_0164.JPG\" \/>\n<meta name=\"author\" content=\"Kisha Orthodhokse\" \/>\n<meta name=\"twitter:card\" content=\"summary_large_image\" \/>\n<meta name=\"twitter:label1\" content=\"Written by\" \/>\n\t<meta name=\"twitter:data1\" content=\"Kisha Orthodhokse\" \/>\n\t<meta name=\"twitter:label2\" content=\"Est. reading time\" \/>\n\t<meta name=\"twitter:data2\" content=\"5 minutes\" \/>\n<script type=\"application\/ld+json\" class=\"yoast-schema-graph\">{\"@context\":\"https:\/\/schema.org\",\"@graph\":[{\"@type\":\"Article\",\"@id\":\"https:\/\/orthodoxalbania.org\/2020\/2013\/03\/21\/kremtimi-i-shen-kozmait-ne-kolkondas-te-fierit\/#article\",\"isPartOf\":{\"@id\":\"https:\/\/orthodoxalbania.org\/2020\/2013\/03\/21\/kremtimi-i-shen-kozmait-ne-kolkondas-te-fierit\/\"},\"author\":{\"name\":\"Kisha Orthodhokse\",\"@id\":\"https:\/\/orthodoxalbania.org\/2020\/#\/schema\/person\/0c387634a7063ac612d7ed9ce71c7e86\"},\"headline\":\"Kremtimi i sh\u00ebn Kozmait n\u00eb Kolkondas t\u00eb Fierit. (24 Gusht 2011)\",\"datePublished\":\"2013-03-21T10:01:01+00:00\",\"dateModified\":\"2020-04-06T20:32:00+00:00\",\"mainEntityOfPage\":{\"@id\":\"https:\/\/orthodoxalbania.org\/2020\/2013\/03\/21\/kremtimi-i-shen-kozmait-ne-kolkondas-te-fierit\/\"},\"wordCount\":1029,\"commentCount\":0,\"publisher\":{\"@id\":\"https:\/\/orthodoxalbania.org\/2020\/#organization\"},\"image\":{\"@id\":\"https:\/\/orthodoxalbania.org\/2020\/2013\/03\/21\/kremtimi-i-shen-kozmait-ne-kolkondas-te-fierit\/#primaryimage\"},\"thumbnailUrl\":\"https:\/\/lh4.googleusercontent.com\/-AhSaY4NekkE\/VAQ1EbCNPoI\/AAAAAAAACew\/Kkan0yj3G4U\/w640-h480-no\/000_0164.JPG\",\"keywords\":[\"2011\",\"Kremtime\",\"lajme\",\"Mitropolia Berat\"],\"articleSection\":[\"Lajme\"],\"inLanguage\":\"en-US\"},{\"@type\":\"WebPage\",\"@id\":\"https:\/\/orthodoxalbania.org\/2020\/2013\/03\/21\/kremtimi-i-shen-kozmait-ne-kolkondas-te-fierit\/\",\"url\":\"https:\/\/orthodoxalbania.org\/2020\/2013\/03\/21\/kremtimi-i-shen-kozmait-ne-kolkondas-te-fierit\/\",\"name\":\"Kremtimi i sh\u00ebn Kozmait n\u00eb Kolkondas t\u00eb Fierit. (24 Gusht 2011) - Kisha Orthodh\u03bfkse Autoqefale e Shqip\u00ebris\u00eb\",\"isPartOf\":{\"@id\":\"https:\/\/orthodoxalbania.org\/2020\/#website\"},\"primaryImageOfPage\":{\"@id\":\"https:\/\/orthodoxalbania.org\/2020\/2013\/03\/21\/kremtimi-i-shen-kozmait-ne-kolkondas-te-fierit\/#primaryimage\"},\"image\":{\"@id\":\"https:\/\/orthodoxalbania.org\/2020\/2013\/03\/21\/kremtimi-i-shen-kozmait-ne-kolkondas-te-fierit\/#primaryimage\"},\"thumbnailUrl\":\"https:\/\/lh4.googleusercontent.com\/-AhSaY4NekkE\/VAQ1EbCNPoI\/AAAAAAAACew\/Kkan0yj3G4U\/w640-h480-no\/000_0164.JPG\",\"datePublished\":\"2013-03-21T10:01:01+00:00\",\"dateModified\":\"2020-04-06T20:32:00+00:00\",\"breadcrumb\":{\"@id\":\"https:\/\/orthodoxalbania.org\/2020\/2013\/03\/21\/kremtimi-i-shen-kozmait-ne-kolkondas-te-fierit\/#breadcrumb\"},\"inLanguage\":\"en-US\",\"potentialAction\":[{\"@type\":\"ReadAction\",\"target\":[\"https:\/\/orthodoxalbania.org\/2020\/2013\/03\/21\/kremtimi-i-shen-kozmait-ne-kolkondas-te-fierit\/\"]}]},{\"@type\":\"ImageObject\",\"inLanguage\":\"en-US\",\"@id\":\"https:\/\/orthodoxalbania.org\/2020\/2013\/03\/21\/kremtimi-i-shen-kozmait-ne-kolkondas-te-fierit\/#primaryimage\",\"url\":\"https:\/\/lh4.googleusercontent.com\/-AhSaY4NekkE\/VAQ1EbCNPoI\/AAAAAAAACew\/Kkan0yj3G4U\/w640-h480-no\/000_0164.JPG\",\"contentUrl\":\"https:\/\/lh4.googleusercontent.com\/-AhSaY4NekkE\/VAQ1EbCNPoI\/AAAAAAAACew\/Kkan0yj3G4U\/w640-h480-no\/000_0164.JPG\"},{\"@type\":\"BreadcrumbList\",\"@id\":\"https:\/\/orthodoxalbania.org\/2020\/2013\/03\/21\/kremtimi-i-shen-kozmait-ne-kolkondas-te-fierit\/#breadcrumb\",\"itemListElement\":[{\"@type\":\"ListItem\",\"position\":1,\"name\":\"Home\",\"item\":\"https:\/\/orthodoxalbania.org\/2020\/\"},{\"@type\":\"ListItem\",\"position\":2,\"name\":\"Kremtimi i sh\u00ebn Kozmait n\u00eb Kolkondas t\u00eb Fierit. (24 Gusht 2011)\"}]},{\"@type\":\"WebSite\",\"@id\":\"https:\/\/orthodoxalbania.org\/2020\/#website\",\"url\":\"https:\/\/orthodoxalbania.org\/2020\/\",\"name\":\"Kisha Orthodh\u03bfkse Autoqefale e Shqip\u00ebris\u00eb\",\"description\":\"Fqja Zyrtare e Kish\u00ebs Orthodhokse Autoqefale e Shqip\u00ebris\u00eb me lajmet edhe informacionet zyrtare p\u00ebr struktur\u00ebn edhe veprimtarin e saj.\",\"publisher\":{\"@id\":\"https:\/\/orthodoxalbania.org\/2020\/#organization\"},\"potentialAction\":[{\"@type\":\"SearchAction\",\"target\":{\"@type\":\"EntryPoint\",\"urlTemplate\":\"https:\/\/orthodoxalbania.org\/2020\/?s={search_term_string}\"},\"query-input\":{\"@type\":\"PropertyValueSpecification\",\"valueRequired\":true,\"valueName\":\"search_term_string\"}}],\"inLanguage\":\"en-US\"},{\"@type\":\"Organization\",\"@id\":\"https:\/\/orthodoxalbania.org\/2020\/#organization\",\"name\":\"Kisha Orthodhokse Autoqefale e Shqip\u00ebris\u00eb\",\"url\":\"https:\/\/orthodoxalbania.org\/2020\/\",\"logo\":{\"@type\":\"ImageObject\",\"inLanguage\":\"en-US\",\"@id\":\"https:\/\/orthodoxalbania.org\/2020\/#\/schema\/logo\/image\/\",\"url\":\"https:\/\/orthodoxalbania.org\/2020\/wp-content\/uploads\/2020\/05\/albania.jpeg\",\"contentUrl\":\"https:\/\/orthodoxalbania.org\/2020\/wp-content\/uploads\/2020\/05\/albania.jpeg\",\"width\":540,\"height\":540,\"caption\":\"Kisha Orthodhokse Autoqefale e Shqip\u00ebris\u00eb\"},\"image\":{\"@id\":\"https:\/\/orthodoxalbania.org\/2020\/#\/schema\/logo\/image\/\"},\"sameAs\":[\"https:\/\/www.facebook.com\/koash1991\"]},{\"@type\":\"Person\",\"@id\":\"https:\/\/orthodoxalbania.org\/2020\/#\/schema\/person\/0c387634a7063ac612d7ed9ce71c7e86\",\"name\":\"Kisha Orthodhokse\",\"image\":{\"@type\":\"ImageObject\",\"inLanguage\":\"en-US\",\"@id\":\"https:\/\/secure.gravatar.com\/avatar\/596e7c417251e30f2fbb9c00e026fce61a695a00e51c889caded71c96cbbdde5?s=96&d=mm&r=g\",\"url\":\"https:\/\/secure.gravatar.com\/avatar\/596e7c417251e30f2fbb9c00e026fce61a695a00e51c889caded71c96cbbdde5?s=96&d=mm&r=g\",\"contentUrl\":\"https:\/\/secure.gravatar.com\/avatar\/596e7c417251e30f2fbb9c00e026fce61a695a00e51c889caded71c96cbbdde5?s=96&d=mm&r=g\",\"caption\":\"Kisha Orthodhokse\"}}]}<\/script>\n<!-- \/ Yoast SEO plugin. -->","yoast_head_json":{"title":"Kremtimi i sh\u00ebn Kozmait n\u00eb Kolkondas t\u00eb Fierit. (24 Gusht 2011) - Kisha Orthodh\u03bfkse Autoqefale e Shqip\u00ebris\u00eb","robots":{"index":"index","follow":"follow","max-snippet":"max-snippet:-1","max-image-preview":"max-image-preview:large","max-video-preview":"max-video-preview:-1"},"canonical":"https:\/\/orthodoxalbania.org\/2020\/2013\/03\/21\/kremtimi-i-shen-kozmait-ne-kolkondas-te-fierit\/","og_locale":"en_US","og_type":"article","og_title":"Kremtimi i sh\u00ebn Kozmait n\u00eb Kolkondas t\u00eb Fierit. (24 Gusht 2011) - Kisha Orthodh\u03bfkse Autoqefale e Shqip\u00ebris\u00eb","og_description":"&nbsp;&nbsp;&nbsp; \u201cZ\u00ebri i tij doli n\u00eb gjith\u00eb dheun, dhe fjal\u00ebt e &nbsp;&nbsp;&nbsp;&nbsp;&nbsp;&nbsp;&nbsp;&nbsp;&nbsp;&nbsp;&nbsp;&nbsp;&nbsp;&nbsp;&nbsp;&nbsp;&nbsp; tij deri n\u00eb an\u00ebt e bot\u00ebs\u201d. (Romak\u00ebve 10, 18) &nbsp; &nbsp; &nbsp; M\u00eb 24 gusht, Kisha kremton dhe nderon kujtimin e hirsh\u00ebm t\u00eb hierod\u00ebshmorit t\u00eb lavd\u00ebruar Kozma nga Etolia. Myzeqeja \u00ebsht\u00eb vendi n\u00eb t\u00eb cilin ky shenjtor i madh mori kuror\u00ebn e lavdis\u00eb, duke u martirizuar p\u00ebr emrin e Krishtit. Pik\u00ebrisht n\u00eb Kolkondas,","og_url":"https:\/\/orthodoxalbania.org\/2020\/2013\/03\/21\/kremtimi-i-shen-kozmait-ne-kolkondas-te-fierit\/","og_site_name":"Kisha Orthodh\u03bfkse Autoqefale e Shqip\u00ebris\u00eb","article_publisher":"https:\/\/www.facebook.com\/koash1991","article_published_time":"2013-03-21T10:01:01+00:00","article_modified_time":"2020-04-06T20:32:00+00:00","og_image":[{"url":"https:\/\/lh4.googleusercontent.com\/-AhSaY4NekkE\/VAQ1EbCNPoI\/AAAAAAAACew\/Kkan0yj3G4U\/w640-h480-no\/000_0164.JPG","type":"","width":"","height":""}],"author":"Kisha Orthodhokse","twitter_card":"summary_large_image","twitter_misc":{"Written by":"Kisha Orthodhokse","Est. reading time":"5 minutes"},"schema":{"@context":"https:\/\/schema.org","@graph":[{"@type":"Article","@id":"https:\/\/orthodoxalbania.org\/2020\/2013\/03\/21\/kremtimi-i-shen-kozmait-ne-kolkondas-te-fierit\/#article","isPartOf":{"@id":"https:\/\/orthodoxalbania.org\/2020\/2013\/03\/21\/kremtimi-i-shen-kozmait-ne-kolkondas-te-fierit\/"},"author":{"name":"Kisha Orthodhokse","@id":"https:\/\/orthodoxalbania.org\/2020\/#\/schema\/person\/0c387634a7063ac612d7ed9ce71c7e86"},"headline":"Kremtimi i sh\u00ebn Kozmait n\u00eb Kolkondas t\u00eb Fierit. (24 Gusht 2011)","datePublished":"2013-03-21T10:01:01+00:00","dateModified":"2020-04-06T20:32:00+00:00","mainEntityOfPage":{"@id":"https:\/\/orthodoxalbania.org\/2020\/2013\/03\/21\/kremtimi-i-shen-kozmait-ne-kolkondas-te-fierit\/"},"wordCount":1029,"commentCount":0,"publisher":{"@id":"https:\/\/orthodoxalbania.org\/2020\/#organization"},"image":{"@id":"https:\/\/orthodoxalbania.org\/2020\/2013\/03\/21\/kremtimi-i-shen-kozmait-ne-kolkondas-te-fierit\/#primaryimage"},"thumbnailUrl":"https:\/\/lh4.googleusercontent.com\/-AhSaY4NekkE\/VAQ1EbCNPoI\/AAAAAAAACew\/Kkan0yj3G4U\/w640-h480-no\/000_0164.JPG","keywords":["2011","Kremtime","lajme","Mitropolia Berat"],"articleSection":["Lajme"],"inLanguage":"en-US"},{"@type":"WebPage","@id":"https:\/\/orthodoxalbania.org\/2020\/2013\/03\/21\/kremtimi-i-shen-kozmait-ne-kolkondas-te-fierit\/","url":"https:\/\/orthodoxalbania.org\/2020\/2013\/03\/21\/kremtimi-i-shen-kozmait-ne-kolkondas-te-fierit\/","name":"Kremtimi i sh\u00ebn Kozmait n\u00eb Kolkondas t\u00eb Fierit. (24 Gusht 2011) - Kisha Orthodh\u03bfkse Autoqefale e Shqip\u00ebris\u00eb","isPartOf":{"@id":"https:\/\/orthodoxalbania.org\/2020\/#website"},"primaryImageOfPage":{"@id":"https:\/\/orthodoxalbania.org\/2020\/2013\/03\/21\/kremtimi-i-shen-kozmait-ne-kolkondas-te-fierit\/#primaryimage"},"image":{"@id":"https:\/\/orthodoxalbania.org\/2020\/2013\/03\/21\/kremtimi-i-shen-kozmait-ne-kolkondas-te-fierit\/#primaryimage"},"thumbnailUrl":"https:\/\/lh4.googleusercontent.com\/-AhSaY4NekkE\/VAQ1EbCNPoI\/AAAAAAAACew\/Kkan0yj3G4U\/w640-h480-no\/000_0164.JPG","datePublished":"2013-03-21T10:01:01+00:00","dateModified":"2020-04-06T20:32:00+00:00","breadcrumb":{"@id":"https:\/\/orthodoxalbania.org\/2020\/2013\/03\/21\/kremtimi-i-shen-kozmait-ne-kolkondas-te-fierit\/#breadcrumb"},"inLanguage":"en-US","potentialAction":[{"@type":"ReadAction","target":["https:\/\/orthodoxalbania.org\/2020\/2013\/03\/21\/kremtimi-i-shen-kozmait-ne-kolkondas-te-fierit\/"]}]},{"@type":"ImageObject","inLanguage":"en-US","@id":"https:\/\/orthodoxalbania.org\/2020\/2013\/03\/21\/kremtimi-i-shen-kozmait-ne-kolkondas-te-fierit\/#primaryimage","url":"https:\/\/lh4.googleusercontent.com\/-AhSaY4NekkE\/VAQ1EbCNPoI\/AAAAAAAACew\/Kkan0yj3G4U\/w640-h480-no\/000_0164.JPG","contentUrl":"https:\/\/lh4.googleusercontent.com\/-AhSaY4NekkE\/VAQ1EbCNPoI\/AAAAAAAACew\/Kkan0yj3G4U\/w640-h480-no\/000_0164.JPG"},{"@type":"BreadcrumbList","@id":"https:\/\/orthodoxalbania.org\/2020\/2013\/03\/21\/kremtimi-i-shen-kozmait-ne-kolkondas-te-fierit\/#breadcrumb","itemListElement":[{"@type":"ListItem","position":1,"name":"Home","item":"https:\/\/orthodoxalbania.org\/2020\/"},{"@type":"ListItem","position":2,"name":"Kremtimi i sh\u00ebn Kozmait n\u00eb Kolkondas t\u00eb Fierit. (24 Gusht 2011)"}]},{"@type":"WebSite","@id":"https:\/\/orthodoxalbania.org\/2020\/#website","url":"https:\/\/orthodoxalbania.org\/2020\/","name":"Kisha Orthodh\u03bfkse Autoqefale e Shqip\u00ebris\u00eb","description":"Fqja Zyrtare e Kish\u00ebs Orthodhokse Autoqefale e Shqip\u00ebris\u00eb me lajmet edhe informacionet zyrtare p\u00ebr struktur\u00ebn edhe veprimtarin e saj.","publisher":{"@id":"https:\/\/orthodoxalbania.org\/2020\/#organization"},"potentialAction":[{"@type":"SearchAction","target":{"@type":"EntryPoint","urlTemplate":"https:\/\/orthodoxalbania.org\/2020\/?s={search_term_string}"},"query-input":{"@type":"PropertyValueSpecification","valueRequired":true,"valueName":"search_term_string"}}],"inLanguage":"en-US"},{"@type":"Organization","@id":"https:\/\/orthodoxalbania.org\/2020\/#organization","name":"Kisha Orthodhokse Autoqefale e Shqip\u00ebris\u00eb","url":"https:\/\/orthodoxalbania.org\/2020\/","logo":{"@type":"ImageObject","inLanguage":"en-US","@id":"https:\/\/orthodoxalbania.org\/2020\/#\/schema\/logo\/image\/","url":"https:\/\/orthodoxalbania.org\/2020\/wp-content\/uploads\/2020\/05\/albania.jpeg","contentUrl":"https:\/\/orthodoxalbania.org\/2020\/wp-content\/uploads\/2020\/05\/albania.jpeg","width":540,"height":540,"caption":"Kisha Orthodhokse Autoqefale e Shqip\u00ebris\u00eb"},"image":{"@id":"https:\/\/orthodoxalbania.org\/2020\/#\/schema\/logo\/image\/"},"sameAs":["https:\/\/www.facebook.com\/koash1991"]},{"@type":"Person","@id":"https:\/\/orthodoxalbania.org\/2020\/#\/schema\/person\/0c387634a7063ac612d7ed9ce71c7e86","name":"Kisha Orthodhokse","image":{"@type":"ImageObject","inLanguage":"en-US","@id":"https:\/\/secure.gravatar.com\/avatar\/596e7c417251e30f2fbb9c00e026fce61a695a00e51c889caded71c96cbbdde5?s=96&d=mm&r=g","url":"https:\/\/secure.gravatar.com\/avatar\/596e7c417251e30f2fbb9c00e026fce61a695a00e51c889caded71c96cbbdde5?s=96&d=mm&r=g","contentUrl":"https:\/\/secure.gravatar.com\/avatar\/596e7c417251e30f2fbb9c00e026fce61a695a00e51c889caded71c96cbbdde5?s=96&d=mm&r=g","caption":"Kisha Orthodhokse"}}]}},"_links":{"self":[{"href":"https:\/\/orthodoxalbania.org\/2020\/wp-json\/wp\/v2\/posts\/812","targetHints":{"allow":["GET"]}}],"collection":[{"href":"https:\/\/orthodoxalbania.org\/2020\/wp-json\/wp\/v2\/posts"}],"about":[{"href":"https:\/\/orthodoxalbania.org\/2020\/wp-json\/wp\/v2\/types\/post"}],"author":[{"embeddable":true,"href":"https:\/\/orthodoxalbania.org\/2020\/wp-json\/wp\/v2\/users\/1"}],"replies":[{"embeddable":true,"href":"https:\/\/orthodoxalbania.org\/2020\/wp-json\/wp\/v2\/comments?post=812"}],"version-history":[{"count":1,"href":"https:\/\/orthodoxalbania.org\/2020\/wp-json\/wp\/v2\/posts\/812\/revisions"}],"predecessor-version":[{"id":15370,"href":"https:\/\/orthodoxalbania.org\/2020\/wp-json\/wp\/v2\/posts\/812\/revisions\/15370"}],"wp:attachment":[{"href":"https:\/\/orthodoxalbania.org\/2020\/wp-json\/wp\/v2\/media?parent=812"}],"wp:term":[{"taxonomy":"category","embeddable":true,"href":"https:\/\/orthodoxalbania.org\/2020\/wp-json\/wp\/v2\/categories?post=812"},{"taxonomy":"post_tag","embeddable":true,"href":"https:\/\/orthodoxalbania.org\/2020\/wp-json\/wp\/v2\/tags?post=812"}],"curies":[{"name":"wp","href":"https:\/\/api.w.org\/{rel}","templated":true}]}}