{"id":809,"date":"2013-03-21T09:36:45","date_gmt":"2013-03-21T09:36:45","guid":{"rendered":""},"modified":"2020-04-06T22:32:04","modified_gmt":"2020-04-06T20:32:04","slug":"kremtimi-i-se-kremtes-se-shen-joan-vladimirit-ne-elbasan","status":"publish","type":"post","link":"https:\/\/orthodoxalbania.org\/2020\/2013\/03\/21\/kremtimi-i-se-kremtes-se-shen-joan-vladimirit-ne-elbasan\/","title":{"rendered":"Kremtimi i s\u00eb kremtes s\u00eb Sh\u00ebn Joan Vladimirit n\u00eb Elbasan. (Qershor 2011)"},"content":{"rendered":"<div class=\"style7\">\n<div class=\"style10\" style=\"text-align: justify;\"><span style=\"color: #000000;\"><span style=\"font-family: tahoma,geneva,sans-serif;\"><span style=\"font-size: 12px;\"><img decoding=\"async\" class=\"lazyload HAa Eha\" style=\"height: 184px; width: 245px; border-width: 1px; border-style: solid; margin: 10px; float: left;\" alt=\"\" src=\"data:image\/gif;base64,R0lGODlhAQABAAAAACH5BAEKAAEALAAAAAABAAEAAAICTAEAOw==\" data-orig-src=\"https:\/\/lh3.googleusercontent.com\/-VvgyRX3TOt0\/VAGGLq_-MWI\/AAAAAAAACX4\/6imJuyp4bZU\/w720-h540-no\/1.jpg\" \/> &nbsp; &nbsp; Edhe k\u00ebt\u00eb vit, manastiri i sh\u00ebn Joan Vladimirit n\u00eb Shijon t\u00eb Elbasanit, u mbush plot e p\u00ebrplot me besimtar\u00eb t\u00eb ardhur nga fshatra e qytete t\u00eb ndryshme t\u00eb Shqip\u00ebris\u00eb s\u00eb Mesme, asaj Juglindore, por dhe jasht\u00eb kufijve, nga Republika e Malit t\u00eb Zi dhe e nj\u00eb grupi student\u00ebsh t\u00eb Teologjis\u00eb nga Sh.B.A. t\u00eb udh\u00ebhequr nga at\u00eb Luka Veronis, i cili ka sh\u00ebrbyer p\u00ebr shum\u00eb vite si misionar n\u00eb Kish\u00ebn e Shqip\u00ebris\u00eb.<\/span><\/span><\/span><\/div>\n<div class=\"style10\" style=\"text-align: justify;\"> <span style=\"color: #000000;\"><span style=\"font-family: tahoma,geneva,sans-serif;\"><span style=\"font-size: 12px;\">&nbsp;&nbsp;&nbsp;&nbsp; Sh\u00ebrbesa e Agripnis\u00eb filloi n\u00eb mbr\u00ebmjen e dat\u00ebs 3 qershor n\u00eb or\u00ebn 21:00 dhe vazhdoi gjat\u00eb gjith\u00eb nat\u00ebs, deri n\u00eb agim t\u00eb dat\u00ebs 4 qershor 2011.<\/span><\/span><\/span><\/div>\n<div class=\"style10\" style=\"text-align: justify;\"> <span style=\"color: #000000;\"><span style=\"font-family: tahoma,geneva,sans-serif;\"><span style=\"font-size: 12px;\">&nbsp;&nbsp;&nbsp; T\u00eb nes\u00ebrmen u zhvillua s\u00ebrish Liturgji Hyjnore p\u00ebr t\u00eb kunguar ata besimtar\u00eb t\u00eb cil\u00ebt nuk mund\u00ebn t\u00eb vinin gjat\u00eb nat\u00ebs. Sh\u00ebrbesat u zhvilluan nga nj\u00eb num\u00ebr i madh klerik\u00ebsh vendas e t\u00eb huaj dhe u drejtuan nga Episkop Nikolla, Ndihm\u00ebs i Kryepiskopit. Ato u ndoq\u00ebn me besim e shpres\u00ebtari t\u00eb madhe, prej besimtar\u00ebve t\u00eb panum\u00ebrt q\u00eb rrinin si brenda n\u00eb kish\u00ebn e manastirit ashtu edhe jasht\u00eb saj. Mbres\u00ebl\u00ebn\u00ebse ishte litania e shenjtorit p\u00ebrreth kish\u00ebs n\u00eb dat\u00eb 4 qershor me t\u00eb gjith\u00eb klerik\u00ebt e besimtar\u00ebt. Edhe nj\u00ebher\u00eb, u vu re dashuria e besimtar\u00ebve orthodhoks\u00eb e jo orthodhoks\u00eb p\u00ebr k\u00ebt\u00eb shenjtor dhe lipsaneve t\u00eb tij, q\u00eb nderojm\u00eb. Gjat\u00eb gjith\u00eb dit\u00ebs,<img decoding=\"async\" class=\"lazyload HAa Eha\" style=\"height: 160px; width: 213px; border-width: 1px; border-style: solid; margin: 10px; float: right;\" alt=\"\" src=\"data:image\/gif;base64,R0lGODlhAQABAAAAACH5BAEKAAEALAAAAAABAAEAAAICTAEAOw==\" data-orig-src=\"https:\/\/lh5.googleusercontent.com\/-kK3hhSXI3DA\/VAGGNFukfZI\/AAAAAAAACYU\/StUfllWLA58\/w720-h540-no\/2.jpg\" \/> besimtar\u00ebt iknin e vinin, duke u ndjer\u00eb m\u00eb t\u00eb mbushur me dashurin\u00eb hyjnore. Panairin e nderuan me pjes\u00ebmarrjen e tyre edhe pushtetar\u00ebt qendror\u00eb e lokal\u00eb si zv\/kryetari i Kuvendit Popullor Z. Ardjan Turku, e d\u00ebrguara e Kryeministris\u00eb, znj. Mimoza Hasekiu, prefekti i Qarkut Z. Shefqet Deliallisi, kryetari i K\u00ebshillit t\u00eb Qarkut, Z. Blendi Himci etj.<\/span><\/span><\/span><\/div>\n<div class=\"style10\" style=\"text-align: justify;\"> <span style=\"color: #000000;\"><span style=\"font-family: tahoma,geneva,sans-serif;\"><span style=\"font-size: 12px;\">&nbsp;&nbsp;&nbsp;&nbsp; E kremtja e bekuar e sh\u00ebn Joan Vladimirit kaloi e mbushur me drit\u00eb e me shpres\u00eb dhe panairi u mbyll me lutjet drejtuar Per\u00ebndis\u00eb, p\u00ebr m\u00eb shum\u00eb paqe, dashuri e pjes\u00ebmarrje t\u00eb providenc\u00ebs hyjnore k\u00ebtu mbi tok\u00eb.<\/span><\/span><\/span><\/div>\n<div class=\"style10\">&nbsp;<\/div>\n<div class=\"style10\"><span style=\"color: #000000;\"><span style=\"font-family: tahoma,geneva,sans-serif;\"><span style=\"font-size: 12px;\"><strong>At\u00eb Stavri \u00c7ipi<\/strong><\/span><\/span><\/span><\/div>\n<div class=\"style10\">&nbsp;<\/div>\n<table style=\"width: 655px; height: 1262px; margin-right: auto; margin-left: auto;\">\n<tbody>\n<tr>\n<td>\n<div><span style=\"color: #000000;\"><span style=\"font-family: tahoma,geneva,sans-serif;\"><span style=\"font-size: 12px;\"><img decoding=\"async\" class=\"lazyload HAa Eha\" style=\"height: 225px; width: 300px; border-width: 1px; border-style: solid; margin: 10px auto; display: block;\" alt=\"\" src=\"data:image\/gif;base64,R0lGODlhAQABAAAAACH5BAEKAAEALAAAAAABAAEAAAICTAEAOw==\" data-orig-src=\"https:\/\/lh5.googleusercontent.com\/-J7Z29kosDhk\/VAGGN3EH7mI\/AAAAAAAACYo\/ZWlcLhnau44\/w720-h540-no\/3.jpg\" \/><\/span><\/span><\/span><\/div>\n<\/td>\n<td>\n<div><span style=\"color: #000000;\"><span style=\"font-family: tahoma,geneva,sans-serif;\"><span style=\"font-size: 12px;\"><img decoding=\"async\" class=\"lazyload HAa Eha\" style=\"height: 225px; width: 300px; border-width: 1px; border-style: solid; margin: 10px auto; display: block;\" alt=\"\" src=\"data:image\/gif;base64,R0lGODlhAQABAAAAACH5BAEKAAEALAAAAAABAAEAAAICTAEAOw==\" data-orig-src=\"https:\/\/lh5.googleusercontent.com\/-oGF4qaQ6yYc\/VAGGOb0T_OI\/AAAAAAAACYc\/ABXejDAzo2k\/w720-h540-no\/4.jpg\" \/><\/span><\/span><\/span><\/div>\n<\/td>\n<\/tr>\n<tr>\n<td>\n<div><span style=\"color: #000000;\"><span style=\"font-family: tahoma,geneva,sans-serif;\"><span style=\"font-size: 12px;\"><img decoding=\"async\" class=\"lazyload HAa Eha\" style=\"height: 225px; width: 300px; border-width: 1px; border-style: solid; margin: 10px auto; display: block;\" alt=\"\" src=\"data:image\/gif;base64,R0lGODlhAQABAAAAACH5BAEKAAEALAAAAAABAAEAAAICTAEAOw==\" data-orig-src=\"https:\/\/lh6.googleusercontent.com\/-IIPnzpbqru8\/VAGGPAHrhdI\/AAAAAAAACYs\/i0LZDFBAQOA\/w720-h540-no\/5.jpg\" \/><\/span><\/span><\/span><\/div>\n<\/td>\n<td>\n<div><span style=\"color: #000000;\"><span style=\"font-family: tahoma,geneva,sans-serif;\"><span style=\"font-size: 12px;\"><img decoding=\"async\" class=\"lazyload HAa Eha\" style=\"height: 225px; width: 300px; border-width: 1px; border-style: solid; margin: 10px auto; display: block;\" alt=\"\" src=\"data:image\/gif;base64,R0lGODlhAQABAAAAACH5BAEKAAEALAAAAAABAAEAAAICTAEAOw==\" data-orig-src=\"https:\/\/lh5.googleusercontent.com\/-iWWLaUovsy8\/VAGGPBDud1I\/AAAAAAAACYw\/dOonxmX9EJ8\/w720-h540-no\/6.jpg\" \/><\/span><\/span><\/span><\/div>\n<\/td>\n<\/tr>\n<tr>\n<td>\n<div><span style=\"color: #000000;\"><span style=\"font-family: tahoma,geneva,sans-serif;\"><span style=\"font-size: 12px;\"><img decoding=\"async\" class=\"lazyload HAa Eha\" style=\"height: 225px; width: 300px; border-width: 1px; border-style: solid; margin: 10px auto; display: block;\" alt=\"\" src=\"data:image\/gif;base64,R0lGODlhAQABAAAAACH5BAEKAAEALAAAAAABAAEAAAICTAEAOw==\" data-orig-src=\"https:\/\/lh6.googleusercontent.com\/-3xfUvlHsQcM\/VAGGQHuv1yI\/AAAAAAAACY8\/DR23a35mHyA\/w720-h540-no\/7.jpg\" \/><\/span><\/span><\/span><\/div>\n<\/td>\n<td>\n<div><span style=\"color: #000000;\"><span style=\"font-family: tahoma,geneva,sans-serif;\"><span style=\"font-size: 12px;\"><img decoding=\"async\" class=\"lazyload HAa Eha\" style=\"height: 225px; width: 300px; border-width: 1px; border-style: solid; margin: 10px auto; display: block;\" alt=\"\" src=\"data:image\/gif;base64,R0lGODlhAQABAAAAACH5BAEKAAEALAAAAAABAAEAAAICTAEAOw==\" data-orig-src=\"https:\/\/lh4.googleusercontent.com\/-mH1l_YVbcRU\/VAGGQbpuS-I\/AAAAAAAACZE\/_0Y6l7QGhwc\/w720-h540-no\/8.jpg\" \/><\/span><\/span><\/span><\/div>\n<\/td>\n<\/tr>\n<tr>\n<td>\n<div><span style=\"color: #000000;\"><span style=\"font-family: tahoma,geneva,sans-serif;\"><span style=\"font-size: 12px;\"><img decoding=\"async\" class=\"lazyload HAa Eha\" style=\"height: 225px; width: 300px; border-width: 1px; border-style: solid; margin: 10px auto; display: block;\" alt=\"\" src=\"data:image\/gif;base64,R0lGODlhAQABAAAAACH5BAEKAAEALAAAAAABAAEAAAICTAEAOw==\" data-orig-src=\"https:\/\/lh6.googleusercontent.com\/-YQPJw0iL3QY\/VAGGRGEzjsI\/AAAAAAAACZI\/fLmkyLPQl8Y\/w720-h540-no\/9.jpg\" \/><\/span><\/span><\/span><\/div>\n<\/td>\n<td>\n<div><span style=\"color: #000000;\"><span style=\"font-family: tahoma,geneva,sans-serif;\"><span style=\"font-size: 12px;\"><img decoding=\"async\" class=\"lazyload HAa Eha\" style=\"height: 225px; width: 300px; border-width: 1px; border-style: solid; margin: 10px auto; display: block;\" alt=\"\" src=\"data:image\/gif;base64,R0lGODlhAQABAAAAACH5BAEKAAEALAAAAAABAAEAAAICTAEAOw==\" data-orig-src=\"https:\/\/lh6.googleusercontent.com\/-xUeYkzruunQ\/VAGGLwT2t8I\/AAAAAAAACYA\/O3pdkPAotxw\/w720-h540-no\/10.jpg\" \/><\/span><\/span><\/span><\/div>\n<\/td>\n<\/tr>\n<tr>\n<td>\n<div><span style=\"color: #000000;\"><span style=\"font-family: tahoma,geneva,sans-serif;\"><span style=\"font-size: 12px;\"><img decoding=\"async\" class=\"lazyload HAa Eha\" style=\"height: 225px; width: 300px; border-width: 1px; border-style: solid; margin: 10px auto; display: block;\" alt=\"\" src=\"data:image\/gif;base64,R0lGODlhAQABAAAAACH5BAEKAAEALAAAAAABAAEAAAICTAEAOw==\" data-orig-src=\"https:\/\/lh3.googleusercontent.com\/-r24tYHEv9BI\/VAGGL7WXMjI\/AAAAAAAACYE\/D_JagP9vfgU\/w720-h540-no\/11.jpg\" \/><\/span><\/span><\/span><\/div>\n<\/td>\n<td>\n<div><span style=\"color: #000000;\"><span style=\"font-family: tahoma,geneva,sans-serif;\"><span style=\"font-size: 12px;\"><img decoding=\"async\" class=\"lazyload HAa Eha\" style=\"height: 225px; width: 300px; border-width: 1px; border-style: solid; margin: 10px auto; display: block;\" alt=\"\" src=\"data:image\/gif;base64,R0lGODlhAQABAAAAACH5BAEKAAEALAAAAAABAAEAAAICTAEAOw==\" data-orig-src=\"https:\/\/lh4.googleusercontent.com\/-j5AnNJYJs_w\/VAGGMw7EL4I\/AAAAAAAACYY\/xixVUntRVgM\/w720-h540-no\/12.jpg\" \/><\/span><\/span><\/span><\/div>\n<\/td>\n<\/tr>\n<\/tbody>\n<\/table>\n<div class=\"style10\">&nbsp;<\/div>\n<\/div>\n<div>&nbsp;<\/div>\n","protected":false},"excerpt":{"rendered":"<p>&nbsp; &nbsp; Edhe k\u00ebt\u00eb vit, manastiri i sh\u00ebn Joan Vladimirit n\u00eb Shijon t\u00eb Elbasanit, u mbush plot e p\u00ebrplot me besimtar\u00eb t\u00eb ardhur nga fshatra e qytete t\u00eb ndryshme t\u00eb Shqip\u00ebris\u00eb s\u00eb Mesme, asaj Juglindore, por dhe jasht\u00eb kufijve, nga Republika e Malit t\u00eb Zi dhe e nj\u00eb grupi student\u00ebsh t\u00eb Teologjis\u00eb nga Sh.B.A. t\u00eb udh\u00ebhequr nga at\u00eb Luka Veronis, i cili ka sh\u00ebrbyer p\u00ebr<\/p>\n","protected":false},"author":1,"featured_media":0,"comment_status":"open","ping_status":"open","sticky":false,"template":"","format":"standard","meta":{"_acf_changed":false,"pagelayer_contact_templates":[],"_pagelayer_content":"","inline_featured_image":false,"fifu_image_url":"","fifu_image_alt":"","footnotes":""},"categories":[108],"tags":[143,157,196,212],"class_list":["post-809","post","type-post","status-publish","format-standard","hentry","category-lajme","tag-143","tag-kremtime","tag-tirane","tag-lajme-d27"],"acf":[],"yoast_head":"<!-- This site is optimized with the Yoast SEO plugin v27.2 - https:\/\/yoast.com\/product\/yoast-seo-wordpress\/ -->\n<title>Kremtimi i s\u00eb kremtes s\u00eb Sh\u00ebn Joan Vladimirit n\u00eb Elbasan. (Qershor 2011) - Kisha Orthodh\u03bfkse Autoqefale e Shqip\u00ebris\u00eb<\/title>\n<meta name=\"robots\" content=\"index, follow, max-snippet:-1, max-image-preview:large, max-video-preview:-1\" \/>\n<link rel=\"canonical\" href=\"https:\/\/orthodoxalbania.org\/2020\/2013\/03\/21\/kremtimi-i-se-kremtes-se-shen-joan-vladimirit-ne-elbasan\/\" \/>\n<meta property=\"og:locale\" content=\"en_US\" \/>\n<meta property=\"og:type\" content=\"article\" \/>\n<meta property=\"og:title\" content=\"Kremtimi i s\u00eb kremtes s\u00eb Sh\u00ebn Joan Vladimirit n\u00eb Elbasan. (Qershor 2011) - Kisha Orthodh\u03bfkse Autoqefale e Shqip\u00ebris\u00eb\" \/>\n<meta property=\"og:description\" content=\"&nbsp; &nbsp; Edhe k\u00ebt\u00eb vit, manastiri i sh\u00ebn Joan Vladimirit n\u00eb Shijon t\u00eb Elbasanit, u mbush plot e p\u00ebrplot me besimtar\u00eb t\u00eb ardhur nga fshatra e qytete t\u00eb ndryshme t\u00eb Shqip\u00ebris\u00eb s\u00eb Mesme, asaj Juglindore, por dhe jasht\u00eb kufijve, nga Republika e Malit t\u00eb Zi dhe e nj\u00eb grupi student\u00ebsh t\u00eb Teologjis\u00eb nga Sh.B.A. t\u00eb udh\u00ebhequr nga at\u00eb Luka Veronis, i cili ka sh\u00ebrbyer p\u00ebr\" \/>\n<meta property=\"og:url\" content=\"https:\/\/orthodoxalbania.org\/2020\/2013\/03\/21\/kremtimi-i-se-kremtes-se-shen-joan-vladimirit-ne-elbasan\/\" \/>\n<meta property=\"og:site_name\" content=\"Kisha Orthodh\u03bfkse Autoqefale e Shqip\u00ebris\u00eb\" \/>\n<meta property=\"article:publisher\" content=\"https:\/\/www.facebook.com\/koash1991\" \/>\n<meta property=\"article:published_time\" content=\"2013-03-21T09:36:45+00:00\" \/>\n<meta property=\"article:modified_time\" content=\"2020-04-06T20:32:04+00:00\" \/>\n<meta property=\"og:image\" content=\"https:\/\/lh3.googleusercontent.com\/-VvgyRX3TOt0\/VAGGLq_-MWI\/AAAAAAAACX4\/6imJuyp4bZU\/w720-h540-no\/1.jpg\" \/>\n<meta name=\"author\" content=\"Kisha Orthodhokse\" \/>\n<meta name=\"twitter:card\" content=\"summary_large_image\" \/>\n<meta name=\"twitter:label1\" content=\"Written by\" \/>\n\t<meta name=\"twitter:data1\" content=\"Kisha Orthodhokse\" \/>\n\t<meta name=\"twitter:label2\" content=\"Est. reading time\" \/>\n\t<meta name=\"twitter:data2\" content=\"2 minutes\" \/>\n<script type=\"application\/ld+json\" class=\"yoast-schema-graph\">{\"@context\":\"https:\/\/schema.org\",\"@graph\":[{\"@type\":\"Article\",\"@id\":\"https:\/\/orthodoxalbania.org\/2020\/2013\/03\/21\/kremtimi-i-se-kremtes-se-shen-joan-vladimirit-ne-elbasan\/#article\",\"isPartOf\":{\"@id\":\"https:\/\/orthodoxalbania.org\/2020\/2013\/03\/21\/kremtimi-i-se-kremtes-se-shen-joan-vladimirit-ne-elbasan\/\"},\"author\":{\"name\":\"Kisha Orthodhokse\",\"@id\":\"https:\/\/orthodoxalbania.org\/2020\/#\/schema\/person\/0c387634a7063ac612d7ed9ce71c7e86\"},\"headline\":\"Kremtimi i s\u00eb kremtes s\u00eb Sh\u00ebn Joan Vladimirit n\u00eb Elbasan. (Qershor 2011)\",\"datePublished\":\"2013-03-21T09:36:45+00:00\",\"dateModified\":\"2020-04-06T20:32:04+00:00\",\"mainEntityOfPage\":{\"@id\":\"https:\/\/orthodoxalbania.org\/2020\/2013\/03\/21\/kremtimi-i-se-kremtes-se-shen-joan-vladimirit-ne-elbasan\/\"},\"wordCount\":381,\"commentCount\":0,\"publisher\":{\"@id\":\"https:\/\/orthodoxalbania.org\/2020\/#organization\"},\"image\":{\"@id\":\"https:\/\/orthodoxalbania.org\/2020\/2013\/03\/21\/kremtimi-i-se-kremtes-se-shen-joan-vladimirit-ne-elbasan\/#primaryimage\"},\"thumbnailUrl\":\"https:\/\/lh3.googleusercontent.com\/-VvgyRX3TOt0\/VAGGLq_-MWI\/AAAAAAAACX4\/6imJuyp4bZU\/w720-h540-no\/1.jpg\",\"keywords\":[\"2011\",\"Kremtime\",\"Kryepiskopata Tiran\u00eb\",\"lajme\"],\"articleSection\":[\"Lajme\"],\"inLanguage\":\"en-US\"},{\"@type\":\"WebPage\",\"@id\":\"https:\/\/orthodoxalbania.org\/2020\/2013\/03\/21\/kremtimi-i-se-kremtes-se-shen-joan-vladimirit-ne-elbasan\/\",\"url\":\"https:\/\/orthodoxalbania.org\/2020\/2013\/03\/21\/kremtimi-i-se-kremtes-se-shen-joan-vladimirit-ne-elbasan\/\",\"name\":\"Kremtimi i s\u00eb kremtes s\u00eb Sh\u00ebn Joan Vladimirit n\u00eb Elbasan. (Qershor 2011) - Kisha Orthodh\u03bfkse Autoqefale e Shqip\u00ebris\u00eb\",\"isPartOf\":{\"@id\":\"https:\/\/orthodoxalbania.org\/2020\/#website\"},\"primaryImageOfPage\":{\"@id\":\"https:\/\/orthodoxalbania.org\/2020\/2013\/03\/21\/kremtimi-i-se-kremtes-se-shen-joan-vladimirit-ne-elbasan\/#primaryimage\"},\"image\":{\"@id\":\"https:\/\/orthodoxalbania.org\/2020\/2013\/03\/21\/kremtimi-i-se-kremtes-se-shen-joan-vladimirit-ne-elbasan\/#primaryimage\"},\"thumbnailUrl\":\"https:\/\/lh3.googleusercontent.com\/-VvgyRX3TOt0\/VAGGLq_-MWI\/AAAAAAAACX4\/6imJuyp4bZU\/w720-h540-no\/1.jpg\",\"datePublished\":\"2013-03-21T09:36:45+00:00\",\"dateModified\":\"2020-04-06T20:32:04+00:00\",\"breadcrumb\":{\"@id\":\"https:\/\/orthodoxalbania.org\/2020\/2013\/03\/21\/kremtimi-i-se-kremtes-se-shen-joan-vladimirit-ne-elbasan\/#breadcrumb\"},\"inLanguage\":\"en-US\",\"potentialAction\":[{\"@type\":\"ReadAction\",\"target\":[\"https:\/\/orthodoxalbania.org\/2020\/2013\/03\/21\/kremtimi-i-se-kremtes-se-shen-joan-vladimirit-ne-elbasan\/\"]}]},{\"@type\":\"ImageObject\",\"inLanguage\":\"en-US\",\"@id\":\"https:\/\/orthodoxalbania.org\/2020\/2013\/03\/21\/kremtimi-i-se-kremtes-se-shen-joan-vladimirit-ne-elbasan\/#primaryimage\",\"url\":\"https:\/\/lh3.googleusercontent.com\/-VvgyRX3TOt0\/VAGGLq_-MWI\/AAAAAAAACX4\/6imJuyp4bZU\/w720-h540-no\/1.jpg\",\"contentUrl\":\"https:\/\/lh3.googleusercontent.com\/-VvgyRX3TOt0\/VAGGLq_-MWI\/AAAAAAAACX4\/6imJuyp4bZU\/w720-h540-no\/1.jpg\"},{\"@type\":\"BreadcrumbList\",\"@id\":\"https:\/\/orthodoxalbania.org\/2020\/2013\/03\/21\/kremtimi-i-se-kremtes-se-shen-joan-vladimirit-ne-elbasan\/#breadcrumb\",\"itemListElement\":[{\"@type\":\"ListItem\",\"position\":1,\"name\":\"Home\",\"item\":\"https:\/\/orthodoxalbania.org\/2020\/\"},{\"@type\":\"ListItem\",\"position\":2,\"name\":\"Kremtimi i s\u00eb kremtes s\u00eb Sh\u00ebn Joan Vladimirit n\u00eb Elbasan. (Qershor 2011)\"}]},{\"@type\":\"WebSite\",\"@id\":\"https:\/\/orthodoxalbania.org\/2020\/#website\",\"url\":\"https:\/\/orthodoxalbania.org\/2020\/\",\"name\":\"Kisha Orthodh\u03bfkse Autoqefale e Shqip\u00ebris\u00eb\",\"description\":\"Fqja Zyrtare e Kish\u00ebs Orthodhokse Autoqefale e Shqip\u00ebris\u00eb me lajmet edhe informacionet zyrtare p\u00ebr struktur\u00ebn edhe veprimtarin e saj.\",\"publisher\":{\"@id\":\"https:\/\/orthodoxalbania.org\/2020\/#organization\"},\"potentialAction\":[{\"@type\":\"SearchAction\",\"target\":{\"@type\":\"EntryPoint\",\"urlTemplate\":\"https:\/\/orthodoxalbania.org\/2020\/?s={search_term_string}\"},\"query-input\":{\"@type\":\"PropertyValueSpecification\",\"valueRequired\":true,\"valueName\":\"search_term_string\"}}],\"inLanguage\":\"en-US\"},{\"@type\":\"Organization\",\"@id\":\"https:\/\/orthodoxalbania.org\/2020\/#organization\",\"name\":\"Kisha Orthodhokse Autoqefale e Shqip\u00ebris\u00eb\",\"url\":\"https:\/\/orthodoxalbania.org\/2020\/\",\"logo\":{\"@type\":\"ImageObject\",\"inLanguage\":\"en-US\",\"@id\":\"https:\/\/orthodoxalbania.org\/2020\/#\/schema\/logo\/image\/\",\"url\":\"https:\/\/orthodoxalbania.org\/2020\/wp-content\/uploads\/2020\/05\/albania.jpeg\",\"contentUrl\":\"https:\/\/orthodoxalbania.org\/2020\/wp-content\/uploads\/2020\/05\/albania.jpeg\",\"width\":540,\"height\":540,\"caption\":\"Kisha Orthodhokse Autoqefale e Shqip\u00ebris\u00eb\"},\"image\":{\"@id\":\"https:\/\/orthodoxalbania.org\/2020\/#\/schema\/logo\/image\/\"},\"sameAs\":[\"https:\/\/www.facebook.com\/koash1991\"]},{\"@type\":\"Person\",\"@id\":\"https:\/\/orthodoxalbania.org\/2020\/#\/schema\/person\/0c387634a7063ac612d7ed9ce71c7e86\",\"name\":\"Kisha Orthodhokse\",\"image\":{\"@type\":\"ImageObject\",\"inLanguage\":\"en-US\",\"@id\":\"https:\/\/secure.gravatar.com\/avatar\/596e7c417251e30f2fbb9c00e026fce61a695a00e51c889caded71c96cbbdde5?s=96&d=mm&r=g\",\"url\":\"https:\/\/secure.gravatar.com\/avatar\/596e7c417251e30f2fbb9c00e026fce61a695a00e51c889caded71c96cbbdde5?s=96&d=mm&r=g\",\"contentUrl\":\"https:\/\/secure.gravatar.com\/avatar\/596e7c417251e30f2fbb9c00e026fce61a695a00e51c889caded71c96cbbdde5?s=96&d=mm&r=g\",\"caption\":\"Kisha Orthodhokse\"}}]}<\/script>\n<!-- \/ Yoast SEO plugin. -->","yoast_head_json":{"title":"Kremtimi i s\u00eb kremtes s\u00eb Sh\u00ebn Joan Vladimirit n\u00eb Elbasan. (Qershor 2011) - Kisha Orthodh\u03bfkse Autoqefale e Shqip\u00ebris\u00eb","robots":{"index":"index","follow":"follow","max-snippet":"max-snippet:-1","max-image-preview":"max-image-preview:large","max-video-preview":"max-video-preview:-1"},"canonical":"https:\/\/orthodoxalbania.org\/2020\/2013\/03\/21\/kremtimi-i-se-kremtes-se-shen-joan-vladimirit-ne-elbasan\/","og_locale":"en_US","og_type":"article","og_title":"Kremtimi i s\u00eb kremtes s\u00eb Sh\u00ebn Joan Vladimirit n\u00eb Elbasan. (Qershor 2011) - Kisha Orthodh\u03bfkse Autoqefale e Shqip\u00ebris\u00eb","og_description":"&nbsp; &nbsp; Edhe k\u00ebt\u00eb vit, manastiri i sh\u00ebn Joan Vladimirit n\u00eb Shijon t\u00eb Elbasanit, u mbush plot e p\u00ebrplot me besimtar\u00eb t\u00eb ardhur nga fshatra e qytete t\u00eb ndryshme t\u00eb Shqip\u00ebris\u00eb s\u00eb Mesme, asaj Juglindore, por dhe jasht\u00eb kufijve, nga Republika e Malit t\u00eb Zi dhe e nj\u00eb grupi student\u00ebsh t\u00eb Teologjis\u00eb nga Sh.B.A. t\u00eb udh\u00ebhequr nga at\u00eb Luka Veronis, i cili ka sh\u00ebrbyer p\u00ebr","og_url":"https:\/\/orthodoxalbania.org\/2020\/2013\/03\/21\/kremtimi-i-se-kremtes-se-shen-joan-vladimirit-ne-elbasan\/","og_site_name":"Kisha Orthodh\u03bfkse Autoqefale e Shqip\u00ebris\u00eb","article_publisher":"https:\/\/www.facebook.com\/koash1991","article_published_time":"2013-03-21T09:36:45+00:00","article_modified_time":"2020-04-06T20:32:04+00:00","og_image":[{"url":"https:\/\/lh3.googleusercontent.com\/-VvgyRX3TOt0\/VAGGLq_-MWI\/AAAAAAAACX4\/6imJuyp4bZU\/w720-h540-no\/1.jpg","type":"","width":"","height":""}],"author":"Kisha Orthodhokse","twitter_card":"summary_large_image","twitter_misc":{"Written by":"Kisha Orthodhokse","Est. reading time":"2 minutes"},"schema":{"@context":"https:\/\/schema.org","@graph":[{"@type":"Article","@id":"https:\/\/orthodoxalbania.org\/2020\/2013\/03\/21\/kremtimi-i-se-kremtes-se-shen-joan-vladimirit-ne-elbasan\/#article","isPartOf":{"@id":"https:\/\/orthodoxalbania.org\/2020\/2013\/03\/21\/kremtimi-i-se-kremtes-se-shen-joan-vladimirit-ne-elbasan\/"},"author":{"name":"Kisha Orthodhokse","@id":"https:\/\/orthodoxalbania.org\/2020\/#\/schema\/person\/0c387634a7063ac612d7ed9ce71c7e86"},"headline":"Kremtimi i s\u00eb kremtes s\u00eb Sh\u00ebn Joan Vladimirit n\u00eb Elbasan. (Qershor 2011)","datePublished":"2013-03-21T09:36:45+00:00","dateModified":"2020-04-06T20:32:04+00:00","mainEntityOfPage":{"@id":"https:\/\/orthodoxalbania.org\/2020\/2013\/03\/21\/kremtimi-i-se-kremtes-se-shen-joan-vladimirit-ne-elbasan\/"},"wordCount":381,"commentCount":0,"publisher":{"@id":"https:\/\/orthodoxalbania.org\/2020\/#organization"},"image":{"@id":"https:\/\/orthodoxalbania.org\/2020\/2013\/03\/21\/kremtimi-i-se-kremtes-se-shen-joan-vladimirit-ne-elbasan\/#primaryimage"},"thumbnailUrl":"https:\/\/lh3.googleusercontent.com\/-VvgyRX3TOt0\/VAGGLq_-MWI\/AAAAAAAACX4\/6imJuyp4bZU\/w720-h540-no\/1.jpg","keywords":["2011","Kremtime","Kryepiskopata Tiran\u00eb","lajme"],"articleSection":["Lajme"],"inLanguage":"en-US"},{"@type":"WebPage","@id":"https:\/\/orthodoxalbania.org\/2020\/2013\/03\/21\/kremtimi-i-se-kremtes-se-shen-joan-vladimirit-ne-elbasan\/","url":"https:\/\/orthodoxalbania.org\/2020\/2013\/03\/21\/kremtimi-i-se-kremtes-se-shen-joan-vladimirit-ne-elbasan\/","name":"Kremtimi i s\u00eb kremtes s\u00eb Sh\u00ebn Joan Vladimirit n\u00eb Elbasan. (Qershor 2011) - Kisha Orthodh\u03bfkse Autoqefale e Shqip\u00ebris\u00eb","isPartOf":{"@id":"https:\/\/orthodoxalbania.org\/2020\/#website"},"primaryImageOfPage":{"@id":"https:\/\/orthodoxalbania.org\/2020\/2013\/03\/21\/kremtimi-i-se-kremtes-se-shen-joan-vladimirit-ne-elbasan\/#primaryimage"},"image":{"@id":"https:\/\/orthodoxalbania.org\/2020\/2013\/03\/21\/kremtimi-i-se-kremtes-se-shen-joan-vladimirit-ne-elbasan\/#primaryimage"},"thumbnailUrl":"https:\/\/lh3.googleusercontent.com\/-VvgyRX3TOt0\/VAGGLq_-MWI\/AAAAAAAACX4\/6imJuyp4bZU\/w720-h540-no\/1.jpg","datePublished":"2013-03-21T09:36:45+00:00","dateModified":"2020-04-06T20:32:04+00:00","breadcrumb":{"@id":"https:\/\/orthodoxalbania.org\/2020\/2013\/03\/21\/kremtimi-i-se-kremtes-se-shen-joan-vladimirit-ne-elbasan\/#breadcrumb"},"inLanguage":"en-US","potentialAction":[{"@type":"ReadAction","target":["https:\/\/orthodoxalbania.org\/2020\/2013\/03\/21\/kremtimi-i-se-kremtes-se-shen-joan-vladimirit-ne-elbasan\/"]}]},{"@type":"ImageObject","inLanguage":"en-US","@id":"https:\/\/orthodoxalbania.org\/2020\/2013\/03\/21\/kremtimi-i-se-kremtes-se-shen-joan-vladimirit-ne-elbasan\/#primaryimage","url":"https:\/\/lh3.googleusercontent.com\/-VvgyRX3TOt0\/VAGGLq_-MWI\/AAAAAAAACX4\/6imJuyp4bZU\/w720-h540-no\/1.jpg","contentUrl":"https:\/\/lh3.googleusercontent.com\/-VvgyRX3TOt0\/VAGGLq_-MWI\/AAAAAAAACX4\/6imJuyp4bZU\/w720-h540-no\/1.jpg"},{"@type":"BreadcrumbList","@id":"https:\/\/orthodoxalbania.org\/2020\/2013\/03\/21\/kremtimi-i-se-kremtes-se-shen-joan-vladimirit-ne-elbasan\/#breadcrumb","itemListElement":[{"@type":"ListItem","position":1,"name":"Home","item":"https:\/\/orthodoxalbania.org\/2020\/"},{"@type":"ListItem","position":2,"name":"Kremtimi i s\u00eb kremtes s\u00eb Sh\u00ebn Joan Vladimirit n\u00eb Elbasan. (Qershor 2011)"}]},{"@type":"WebSite","@id":"https:\/\/orthodoxalbania.org\/2020\/#website","url":"https:\/\/orthodoxalbania.org\/2020\/","name":"Kisha Orthodh\u03bfkse Autoqefale e Shqip\u00ebris\u00eb","description":"Fqja Zyrtare e Kish\u00ebs Orthodhokse Autoqefale e Shqip\u00ebris\u00eb me lajmet edhe informacionet zyrtare p\u00ebr struktur\u00ebn edhe veprimtarin e saj.","publisher":{"@id":"https:\/\/orthodoxalbania.org\/2020\/#organization"},"potentialAction":[{"@type":"SearchAction","target":{"@type":"EntryPoint","urlTemplate":"https:\/\/orthodoxalbania.org\/2020\/?s={search_term_string}"},"query-input":{"@type":"PropertyValueSpecification","valueRequired":true,"valueName":"search_term_string"}}],"inLanguage":"en-US"},{"@type":"Organization","@id":"https:\/\/orthodoxalbania.org\/2020\/#organization","name":"Kisha Orthodhokse Autoqefale e Shqip\u00ebris\u00eb","url":"https:\/\/orthodoxalbania.org\/2020\/","logo":{"@type":"ImageObject","inLanguage":"en-US","@id":"https:\/\/orthodoxalbania.org\/2020\/#\/schema\/logo\/image\/","url":"https:\/\/orthodoxalbania.org\/2020\/wp-content\/uploads\/2020\/05\/albania.jpeg","contentUrl":"https:\/\/orthodoxalbania.org\/2020\/wp-content\/uploads\/2020\/05\/albania.jpeg","width":540,"height":540,"caption":"Kisha Orthodhokse Autoqefale e Shqip\u00ebris\u00eb"},"image":{"@id":"https:\/\/orthodoxalbania.org\/2020\/#\/schema\/logo\/image\/"},"sameAs":["https:\/\/www.facebook.com\/koash1991"]},{"@type":"Person","@id":"https:\/\/orthodoxalbania.org\/2020\/#\/schema\/person\/0c387634a7063ac612d7ed9ce71c7e86","name":"Kisha Orthodhokse","image":{"@type":"ImageObject","inLanguage":"en-US","@id":"https:\/\/secure.gravatar.com\/avatar\/596e7c417251e30f2fbb9c00e026fce61a695a00e51c889caded71c96cbbdde5?s=96&d=mm&r=g","url":"https:\/\/secure.gravatar.com\/avatar\/596e7c417251e30f2fbb9c00e026fce61a695a00e51c889caded71c96cbbdde5?s=96&d=mm&r=g","contentUrl":"https:\/\/secure.gravatar.com\/avatar\/596e7c417251e30f2fbb9c00e026fce61a695a00e51c889caded71c96cbbdde5?s=96&d=mm&r=g","caption":"Kisha Orthodhokse"}}]}},"_links":{"self":[{"href":"https:\/\/orthodoxalbania.org\/2020\/wp-json\/wp\/v2\/posts\/809","targetHints":{"allow":["GET"]}}],"collection":[{"href":"https:\/\/orthodoxalbania.org\/2020\/wp-json\/wp\/v2\/posts"}],"about":[{"href":"https:\/\/orthodoxalbania.org\/2020\/wp-json\/wp\/v2\/types\/post"}],"author":[{"embeddable":true,"href":"https:\/\/orthodoxalbania.org\/2020\/wp-json\/wp\/v2\/users\/1"}],"replies":[{"embeddable":true,"href":"https:\/\/orthodoxalbania.org\/2020\/wp-json\/wp\/v2\/comments?post=809"}],"version-history":[{"count":1,"href":"https:\/\/orthodoxalbania.org\/2020\/wp-json\/wp\/v2\/posts\/809\/revisions"}],"predecessor-version":[{"id":15388,"href":"https:\/\/orthodoxalbania.org\/2020\/wp-json\/wp\/v2\/posts\/809\/revisions\/15388"}],"wp:attachment":[{"href":"https:\/\/orthodoxalbania.org\/2020\/wp-json\/wp\/v2\/media?parent=809"}],"wp:term":[{"taxonomy":"category","embeddable":true,"href":"https:\/\/orthodoxalbania.org\/2020\/wp-json\/wp\/v2\/categories?post=809"},{"taxonomy":"post_tag","embeddable":true,"href":"https:\/\/orthodoxalbania.org\/2020\/wp-json\/wp\/v2\/tags?post=809"}],"curies":[{"name":"wp","href":"https:\/\/api.w.org\/{rel}","templated":true}]}}