{"id":808,"date":"2006-02-26T00:00:00","date_gmt":"2006-02-26T00:00:00","guid":{"rendered":""},"modified":"2020-04-06T22:36:03","modified_gmt":"2020-04-06T20:36:03","slug":"kremtimi-i-pashkes-ne-tirane-prill-06","status":"publish","type":"post","link":"https:\/\/orthodoxalbania.org\/2020\/2006\/02\/26\/kremtimi-i-pashkes-ne-tirane-prill-06\/","title":{"rendered":"Kremtimi i Pashk\u00ebs n\u00eb Tiran\u00eb. (Prill 2006)"},"content":{"rendered":"<div style=\"text-align: justify;\"><span style=\"color: #000000;\"><span style=\"font-family: tahoma,geneva,sans-serif;\"><span style=\"font-size: 12px;\"><img decoding=\"async\" class=\"lazyload HAa Eha\" style=\"border-width: 1px; border-style: solid; margin: 10px; float: left; width: 300px; height: 200px;\" alt=\"\" src=\"data:image\/gif;base64,R0lGODlhAQABAAAAACH5BAEKAAEALAAAAAABAAEAAAICTAEAOw==\" data-orig-src=\"https:\/\/lh3.googleusercontent.com\/-Cr9k7G2CIwA\/VIbifLBBOWI\/AAAAAAAAFYs\/Ce4o2Ks4NiA\/w350-h233-no\/1text.jpg\" \/>&nbsp;&nbsp; Tradita n\u00eb nj\u00ebfar\u00eb m\u00ebnyre p\u00ebrs\u00ebrit vetveten, por nj\u00eb fest\u00eb si Pashka e Madhe, q\u00eb \u00ebsht\u00eb tradicionale nd\u00ebr shekuj flet ndryshe \u00e7do vit, sikur t\u00eb ishte p\u00ebr her\u00eb t\u00eb par\u00eb. P\u00ebr t\u00eb mos harruar se ky nuk \u00ebsht\u00eb nj\u00eb pasazh i shk\u00ebputur nga ndonj\u00eb lib\u00ebr apo mbishkrim i zakonsh\u00ebm n\u00ebp\u00ebr rrug\u00ebt e tejmbushura t\u00eb qyteteve tona. Nis e p\u00ebrfundon aty, n\u00eb mesazhin e Fjal\u00ebs, q\u00eb ka si lajtmotiv t\u00eb kremtet e Jav\u00ebs s\u00eb Madhe n\u00eb Tiran\u00eb, deri n\u00eb finalen e ndritshme, Ngjalljen e Krishtit. Nj\u00eb koh\u00eb e mbushur me mesazhe p\u00ebr ta menduar jet\u00ebn n\u00eb m\u00ebnyr\u00eb m\u00eb serioze. Qendra e k\u00ebtyre dit\u00ebve ishte Ungjilli, n\u00eb t\u00eb cilin p\u00ebrshkruhen ngjarje t\u00eb \u00e7uditshme e t\u00eb tmerrshme, me p\u00ebrfundim ngaz\u00ebllues.<br \/> <\/span><\/span><\/span><\/div>\n<div style=\"text-align: justify;\">&nbsp;<\/div>\n<div style=\"text-align: justify;\"><span style=\"color: #000000;\"><span style=\"font-family: tahoma,geneva,sans-serif;\"><span style=\"font-size: 12px;\">&nbsp;&nbsp;&nbsp; \u00c7do dit\u00eb, qindra besimtar\u00eb t\u00eb qytetit t\u00eb Tiran\u00ebs ndoq\u00ebn sh\u00ebrbesat e shumta n\u00eb kish\u00ebn \u201cUngjill\u00ebzimi i Hyjlind\u00ebses Mari\u201d. Sh\u00ebrbesat e k\u00ebtyre t\u00eb kremteve t\u00eb m\u00ebdha i kryesoi Fortlumturia e Tij, Kryepiskopi Anastas. \u00c7do dit\u00eb, ai p\u00ebrcolli mesazhe nga Ungjilli duke reflektuar edhe p\u00ebr situat\u00ebn q\u00eb kalon vendi yn\u00eb, i cili ka nevoj\u00eb t\u00eb ringrihet, jo vet\u00ebm ekonomikisht, por n\u00eb thelb edhe shpirt\u00ebrisht.<br \/> <\/span><\/span><\/span><\/div>\n<div style=\"text-align: justify;\">&nbsp;<\/div>\n<div style=\"text-align: justify;\"><span style=\"color: #000000;\"><span style=\"font-family: tahoma,geneva,sans-serif;\"><span style=\"font-size: 12px;\">&nbsp;&nbsp;&nbsp; N\u00eb mesazhet q\u00eb Kryepiskopi Anastas p\u00ebrcolli tek besimtar\u00ebt theksoi se zakonisht t\u00eb gjith\u00eb ne e p\u00ebrjashtojm\u00eb veten ton\u00eb nga njer\u00ebzit, q\u00eb jan\u00eb jasht\u00eb Kish\u00ebs, duke sjell\u00eb nd\u00ebr mend farisenjt\u00eb, t\u00eb cil\u00ebt ishin fetar\u00eb, por vepronin kund\u00ebr Zotit dhe mb\u00ebshteteshin tek hipokrizia dhe mendjemadh\u00ebsia. Ai tha se sot kjo \u00ebsht\u00eb nj\u00eb rrezik q\u00eb kanos \u00e7do ambient fetar dhe p\u00ebr k\u00ebt\u00eb duhet t\u00eb jemi t\u00eb gjith\u00eb t\u00eb kujdessh\u00ebm, sepse n\u00eb k\u00ebt\u00eb rast ekziston rreziku i nj\u00eb interesimi p\u00ebr t\u2019u dukur s\u00eb jashtmi dhe brenda nesh t\u00eb jemi t\u00eb mbushur me hipokrizi. Ndarja midis t\u00eb jashtmes dhe t\u00eb brendshmes \u00ebsht\u00eb nj\u00eb problem serioz. Kisha jon\u00eb thekson se duke filluar s\u00eb brendshmi t\u00eb jemi t\u00eb drejt\u00eb para Per\u00ebndis\u00eb do ta tregojm\u00eb k\u00ebt\u00eb edhe s\u00eb jashtmi me njer\u00ebzit p\u00ebrqark nesh.<br \/> <\/span><\/span><\/span><\/div>\n<div style=\"text-align: justify;\"><span style=\"color: #000000;\"><span style=\"font-family: tahoma,geneva,sans-serif;\"><span style=\"font-size: 12px;\"><img decoding=\"async\" class=\"lazyload HAa Eha\" style=\"border-width: 1px; border-style: solid; margin: 10px; float: left; width: 300px; height: 199px;\" alt=\"\" src=\"data:image\/gif;base64,R0lGODlhAQABAAAAACH5BAEKAAEALAAAAAABAAEAAAICTAEAOw==\" data-orig-src=\"https:\/\/lh5.googleusercontent.com\/-ggUFP9Jh0Dw\/VIbihs5CNgI\/AAAAAAAAFaI\/q04bgJkRf-A\/w350-h232-no\/add2.jpg\" \/><\/span><\/span><\/span><\/div>\n<div style=\"text-align: justify;\">&nbsp;<\/div>\n<div style=\"text-align: justify;\"><span style=\"color: #000000;\"><span style=\"font-family: tahoma,geneva,sans-serif;\"><span style=\"font-size: 12px;\">&nbsp;&nbsp;&nbsp; Java e Madhe evokoi edhe njer\u00ebz si Josifi i drejt\u00eb apo Jovi q\u00eb kishin karakter t\u00eb q\u00ebndruesh\u00ebm dhe nderonin Per\u00ebndin\u00eb. \u201cN\u00eb tradit\u00ebn ton\u00eb flitet shum\u00eb rreth fisnik\u00ebris\u00eb, por edhe ne nuk duhet t\u00eb shohim t\u00eb tjer\u00ebt, por veten ton\u00eb kur Zoti thot\u00eb: \u201cMjer\u00eb ju\u201d. E gjith\u00eb kjo \u00ebsht\u00eb t\u2019i b\u00ebjm\u00eb shqyrtim vetes q\u00eb t\u00eb b\u00ebhemi t\u00eb p\u00ebrulur, sepse ne d\u00ebgjojm\u00eb Zotin q\u00eb na flet: \u201csepse ai q\u00eb k\u00ebrkon q\u00eb t\u00eb lart\u00ebsohet do t\u00eb ulet dhe ai q\u00eb p\u00ebrulet do t\u00eb lart\u00ebsohet. Magneti q\u00eb t\u00ebrheq hirin e Per\u00ebndis\u00eb \u00ebsht\u00eb p\u00ebrul\u00ebsia, nd\u00ebrsa g\u00ebnjeshtra dhe hipokrizia e largon hirin. Gjithsecili prej nesh ta shmang\u00eb form\u00ebn e jashtme dhe t\u00eb jemi t\u00eb v\u00ebrtet\u00eb, gjithsecili le t\u00eb p\u00ebrdor\u00eb talentin q\u00eb i ka dh\u00ebn\u00eb Per\u00ebndia, q\u00eb t\u00eb transmetoj\u00eb mesazhin e Ngjalljes n\u00eb k\u00ebt\u00eb vend q\u00eb ka shum\u00eb nevoj\u00eb p\u00ebr kurajo dhe optimiz\u00ebm\u201d.<br \/> <\/span><\/span><\/span><\/div>\n<div style=\"text-align: justify;\">&nbsp;<\/div>\n<div style=\"text-align: justify;\"><span style=\"color: #000000;\"><span style=\"font-family: tahoma,geneva,sans-serif;\"><span style=\"font-size: 12px;\">&nbsp;&nbsp; Gjat\u00eb Jav\u00ebs s\u00eb Madhe, Kisha solli shembullin e njeriut, i cili ndien thell\u00eb dob\u00ebsin\u00eb q\u00eb ka brenda tij, por ka fuqi shpirt\u00ebrore p\u00ebr t\u00eb dal\u00eb nga humnera e m\u00ebkatit n\u00eb sfer\u00ebn e lart\u00eb e t\u00eb ndritshme q\u00eb \u00ebsht\u00eb dashuria e Per\u00ebndis\u00eb.<br \/> <\/span><\/span><\/span><\/div>\n<div style=\"text-align: justify;\">&nbsp;<\/div>\n<div style=\"text-align: justify;\"><span style=\"color: #000000;\"><span style=\"font-family: tahoma,geneva,sans-serif;\"><span style=\"font-size: 12px;\">&nbsp;&nbsp;&nbsp; N\u00eb mesazhin e Ungjillit t\u00eb k\u00ebsaj dite Kryepiskopi Anastas theksoi: \u201cNe duhet t\u00eb sillemi me dashuri p\u00ebr \u00e7do qenie njer\u00ebzore, sepse nuk e dim\u00eb se \u00e7far\u00eb mendon dhe si vepron Per\u00ebndia. Le ta quajm\u00eb di\u00e7ka tep\u00ebr t\u00eb r\u00ebnd\u00ebsishme.&nbsp; Duhet t\u00eb jemi t\u00eb kujdessh\u00ebm p\u00ebr disa gj\u00ebra q\u00eb dalin para nesh, nuk duhet t\u2019i l\u00ebm\u00eb p\u00ebr m\u00eb von\u00eb. Duhet t\u2019i kushtojm\u00eb r\u00ebnd\u00ebsi \u00e7asteve q\u00eb na fal Per\u00ebndia, sepse Zoti na k\u00ebrkon t\u00eb b\u00ebjm\u00eb di\u00e7ka m\u00eb tep\u00ebr nga ajo q\u00eb b\u00ebjm\u00eb zakonisht dhe k\u00ebto \u00e7aste mbajn\u00eb p\u00ebrjet\u00ebsi. E r\u00ebnd\u00ebsishme \u00ebsht\u00eb t\u00eb p\u00ebrcaktojm\u00eb dob\u00ebsin\u00eb ton\u00eb. Ekziston nj\u00eb shum\u00ebllojshm\u00ebri s\u00ebmundjesh shpirt\u00ebrore, por s\u2019duhet t\u00eb q\u00ebndrojm\u00eb n\u00eb gj\u00ebra t\u00eb p\u00ebrgjithshme, por t\u00eb specifikojm\u00eb s\u00ebmundjen ton\u00eb dhe t\u00eb k\u00ebrkojm\u00eb hirin e Per\u00ebndis\u00eb. T\u00eb b\u00ebjm\u00eb nj\u00eb p\u00ebrpjekje m\u00eb t\u00eb madhe p\u00ebr t\u2019u nd\u00ebrgjegj\u00ebsuar p\u00ebr s\u00ebmundjen ton\u00eb shpirt\u00ebrore. Kur lyhemi me vaj do lutemi edhe p\u00ebr sh\u00ebndetin trupor edhe shpirt\u00ebror. N\u00eb k\u00ebt\u00eb m\u00ebnyr\u00eb shijojm\u00eb Pashk\u00ebn. Lutuni pa pushim dhe n\u00eb \u00e7do gj\u00eb fal\u00ebnderoni Zotin dhe ky \u00ebsht\u00eb morali orthodhoks. Ne jemi t\u00eb g\u00ebzuar, sepse jemi t\u00eb lidhur me at\u00eb q\u00eb \u00ebsht\u00eb g\u00ebzimi i jet\u00ebs\u201d.<br \/> <\/span><\/span><\/span><\/div>\n<div style=\"text-align: justify;\">&nbsp;<\/div>\n<div style=\"text-align: justify;\"><span style=\"color: #000000;\"><span style=\"font-family: tahoma,geneva,sans-serif;\"><span style=\"font-size: 12px;\">&nbsp;<img decoding=\"async\" class=\"lazyload HAa Eha\" style=\"border-width: 1px; border-style: solid; margin: 10px; float: left; width: 300px; height: 200px;\" alt=\"\" src=\"data:image\/gif;base64,R0lGODlhAQABAAAAACH5BAEKAAEALAAAAAABAAEAAAICTAEAOw==\" data-orig-src=\"https:\/\/lh5.googleusercontent.com\/-BaGhVemr6_g\/VIbifuUjLNI\/AAAAAAAAFaw\/8rsrFOgyRSo\/w350-h233-no\/2text.jpg\" \/>&nbsp;&nbsp; Pas k\u00ebtij rrug\u00ebtimi me porosi dhe mesazhe thelb\u00ebsore p\u00ebr jet\u00ebn, t\u00eb cilat i p\u00ebrcolli para besimtar\u00ebve kryeqytetas Kryepiskopi Anastas, n\u00eb or\u00ebt e vona t\u00eb s\u00eb Shtun\u00ebs s\u00eb Madhe, me mij\u00ebra besimtar\u00eb kishin mbushur kish\u00ebn, ambientin p\u00ebrreth, si edhe ambientin p\u00ebrgjat\u00eb rrug\u00ebs s\u00eb Kavaj\u00ebs, n\u00eb sheshin ku do t\u00eb jepej edhe mesazhi i Ngjalljes s\u00eb Krishtit.<br \/> <\/span><\/span><\/span><\/div>\n<div style=\"text-align: justify;\">&nbsp;<\/div>\n<div style=\"text-align: justify;\"><span style=\"color: #000000;\"><span style=\"font-family: tahoma,geneva,sans-serif;\"><span style=\"font-size: 12px;\">&nbsp;&nbsp;&nbsp; P\u00ebr t\u00eb gjith\u00eb njer\u00ebzit, t\u00eb cil\u00ebt nuk kishin mund\u00ebsi t\u00eb hynin brenda kish\u00ebs p\u00ebr t\u00eb ndjekur sh\u00ebrbesat gjat\u00eb Jav\u00ebs s\u00eb Madhe, ishin montuar n\u00eb oborrin e kish\u00ebs autoparlant\u00eb dhe nj\u00eb ekran i madh (monitor) q\u00eb transmetonte edhe pamje nga zhvillimi i sh\u00ebrbes\u00ebs brenda n\u00eb kish\u00eb.<br \/> <\/span><\/span><\/span><\/div>\n<div style=\"text-align: justify;\">&nbsp;<\/div>\n<div style=\"text-align: justify;\"><span style=\"color: #000000;\"><span style=\"font-family: tahoma,geneva,sans-serif;\"><span style=\"font-size: 12px;\">&nbsp;&nbsp;&nbsp; N\u00eb tribun\u00ebn e p\u00ebrgatitur enkas p\u00ebr lajmin e mir\u00eb n\u00eb rrug\u00ebn e Kavaj\u00ebs, u lexua mesazhi i Kryepiskopit drejtuar t\u00eb gjith\u00eb besimtar\u00ebve orthodhoks t\u00eb Shqip\u00ebris\u00eb si edhe fragmenti i Ngjalljes nga Ungjilli sipas Markut. Kur akrepat e or\u00ebs u fiksuan tek 00.00, u d\u00ebgjua thirrja ngaz\u00eblluese \u201cKrishti u Ngjall\u201d e pasuar nga tingujt e g\u00ebzuesh\u00ebm t\u00eb kambanave dhe nga urimet e shum\u00eb besimtar\u00ebve, t\u00eb cil\u00ebt me qirinj n\u00eb duar, duke \u00e7ukitur vez\u00ebt e kuqe, uronin nj\u00ebri-tjetrin p\u00ebr mbar\u00ebsi, shpres\u00eb dhe begati n\u00eb jet\u00eb.<br \/> <\/span><\/span><\/span><\/div>\n<div style=\"text-align: justify;\">&nbsp;<\/div>\n<div style=\"text-align: justify;\"><span style=\"color: #000000;\"><span style=\"font-family: tahoma,geneva,sans-serif;\"><span style=\"font-size: 12px;\">&nbsp;&nbsp;&nbsp; M\u00eb pas, n\u00eb kish\u00eb vijoi Sh\u00ebrbesa e Ngjalljes, e cila si \u00e7do vit u transmetua direkt nga Televizioni Publik Shqiptar. Interesim k\u00ebt\u00eb vit, treguan edhe media&nbsp; t\u00eb tjera elektronike dhe t\u00eb shkruara, t\u00eb cilat pasqyruan gjer\u00ebsisht mesazhin e Ngjalljes s\u00eb Zotit Krisht si dhe ceremonit\u00eb festive t\u00eb kryera n\u00eb Kish\u00ebn ton\u00eb.<br \/> <\/span><\/span><\/span><\/div>\n<div style=\"text-align: justify;\">&nbsp;<\/div>\n<div style=\"text-align: justify;\"><span style=\"color: #000000;\"><span style=\"font-family: tahoma,geneva,sans-serif;\"><span style=\"font-size: 12px;\">&nbsp;<img decoding=\"async\" class=\"lazyload HAa Eha\" style=\"border-width: 1px; border-style: solid; margin: 10px; float: left; width: 300px; height: 200px;\" alt=\"\" src=\"data:image\/gif;base64,R0lGODlhAQABAAAAACH5BAEKAAEALAAAAAABAAEAAAICTAEAOw==\" data-orig-src=\"https:\/\/lh5.googleusercontent.com\/-sSu7XjkXr3U\/VIbigDrxK-I\/AAAAAAAAFao\/gVJr44Zm8Fg\/w350-h233-no\/3text.jpg\" \/>&nbsp;&nbsp; Atmosfera e g\u00ebzueshme e Ngjalljes s\u00eb Krishtit vazhdoi me t\u00eb nj\u00ebjtin rit\u00ebm edhe or\u00ebt e paradites, ku n\u00eb Kryepiskopat\u00ebn e Hirshme t\u00eb Tiran\u00ebs u organizua nj\u00eb pritje ku ishin ftuar p\u00ebr t\u00eb dh\u00ebn\u00eb urimet e rastit p\u00ebr k\u00ebt\u00eb fest\u00eb t\u00eb madhe personalitete t\u00eb njohura t\u00eb vendit, besimtar\u00eb t\u00eb grupmoshave t\u00eb ndryshme etj.<br \/> <\/span><\/span><\/span><\/div>\n<div style=\"text-align: justify;\">&nbsp;<\/div>\n<div style=\"text-align: justify;\"><span style=\"color: #000000;\"><span style=\"font-family: tahoma,geneva,sans-serif;\"><span style=\"font-size: 12px;\">&nbsp;&nbsp;&nbsp; Ishte kryetarja e Kuvendit Popullor t\u00eb Shqip\u00ebris\u00eb, znj. Jozefina Topalli, e cila bashk\u00eb me urimin e saj p\u00ebr fest\u00ebn e Pashk\u00ebs vler\u00ebsoi kontributin e Kryepiskopit dhe t\u00eb Kish\u00ebs Orthodhokse t\u00eb Shqip\u00ebris\u00eb, n\u00eb zhvillimin e shoq\u00ebris\u00eb shqiptare. P\u00ebrfaq\u00ebsues t\u00eb partive politike, diplomat\u00eb dhe p\u00ebrfaq\u00ebsues t\u00eb kultur\u00ebs uruan Kryepiskopin Anastas dhe t\u00eb gjith\u00eb besimtar\u00ebt orthodhoks\u00eb shqiptar\u00eb duke iu bashkuar g\u00ebzimit t\u00eb k\u00ebsaj ngjarjeje.<br \/> <\/span><\/span><\/span><\/div>\n<div style=\"text-align: justify;\">&nbsp;<\/div>\n<div style=\"text-align: justify;\"><span style=\"color: #000000;\"><span style=\"font-family: tahoma,geneva,sans-serif;\"><span style=\"font-size: 12px;\">&nbsp;&nbsp;&nbsp; Rreth or\u00ebs 12.00 vet\u00eb kryeministri Sali Berisha i shoq\u00ebruar nga znj. Berisha erdhi p\u00ebr t\u00eb uruar t\u00eb gjith\u00eb komunitetin orthodhoks me rastin e Pashk\u00ebs. \u201cLe t\u00eb b\u00ebhemi frym\u00eb Ngjalljeje n\u00eb mjedisin ton\u00eb\u201d ishte ky urimi, t\u00eb cilin Kryepiskopi Anastas ia drejtoi kryeministrit Berisha, i cili m\u00eb pas duke uruar tha: &#8220;Kam ardhur p\u00ebr t&#8217;iu uruar t\u00eb gjith\u00eb besimtar\u00ebve orthodhoks\u00eb shqiptar\u00eb dhe besimtar\u00ebve shqiptar\u00eb n\u00eb t\u00ebr\u00ebsi k\u00ebt\u00eb dit\u00eb t\u00eb bekuar, dit\u00eb t\u00eb madhe, dit\u00eb Ngjalljeje. Pra, shpres\u00eb dhe frym\u00ebzim p\u00ebr \u00e7do njeri, m\u00eb shum\u00eb besim tek vetja, tek Zoti, tek e ardhmja.\u201d<br \/> <\/span><\/span><\/span><\/div>\n<div style=\"text-align: justify;\">&nbsp;<\/div>\n<div style=\"text-align: justify;\">&nbsp;<\/div>\n<div style=\"text-align: justify;\"><span style=\"color: #000000;\"><span style=\"font-family: tahoma,geneva,sans-serif;\"><span style=\"font-size: 12px;\"><img decoding=\"async\" class=\"lazyload HAa Eha\" style=\"border-width: 1px; border-style: solid; margin: 10px; float: left; width: 300px; height: 225px;\" alt=\"\" src=\"data:image\/gif;base64,R0lGODlhAQABAAAAACH5BAEKAAEALAAAAAABAAEAAAICTAEAOw==\" data-orig-src=\"https:\/\/lh3.googleusercontent.com\/-dqnsDAB23SU\/VIbihsWzlvI\/AAAAAAAAFZc\/oobiPK7RTq4\/w350-h262-no\/add1.jpg\" \/><\/span><\/span><\/span><\/div>\n<div style=\"text-align: justify;\"><span style=\"color: #000000;\"><span style=\"font-family: tahoma,geneva,sans-serif;\"><span style=\"font-size: 12px;\">&nbsp;&nbsp;&nbsp; N\u00eb bashk\u00ebbisedimin q\u00eb ai dhe Kryepiskopi Anastas pat\u00ebn, siguroi se qeveria do t\u00eb merrte masa, q\u00eb t\u00eb zgjidhej sa m\u00eb shpejt problemi i pronave p\u00ebr komunitetet fetare. \u201cAjo q\u00eb \u00ebsht\u00eb b\u00ebr\u00eb \u00ebsht\u00eb vet\u00ebm nj\u00eb pjes\u00eb e vog\u00ebl e borxhit t\u00eb madh q\u00eb shoq\u00ebria dhe shteti ka ndaj jush dhe komunitetet fetare n\u00eb t\u00ebr\u00ebsi. Un\u00eb dua t&#8217;ju garantoj se \u00e7far\u00eb \u00ebsht\u00eb n\u00eb duart e qeveris\u00eb nuk do t\u00eb mbetet p\u00ebrpjekje pa u b\u00ebr\u00eb, n\u00eb m\u00ebnyr\u00eb q\u00eb institucionet fetare t\u00eb marrin pronat q\u00eb iu takojn\u00eb dhe m\u00eb me shpejt\u00ebsi\u201d \u2013&nbsp; theksoi kryeministri Berisha.<br \/> <\/span><\/span><\/span><\/div>\n<div style=\"text-align: justify;\">&nbsp;<\/div>\n<div style=\"text-align: justify;\"><span style=\"color: #000000;\"><span style=\"font-family: tahoma,geneva,sans-serif;\"><span style=\"font-size: 12px;\">&nbsp;&nbsp;&nbsp; P\u00ebr problemin e dokumenteve t\u00eb pronave t\u00eb marra nga hipoteka, t\u00eb cilat duhen dor\u00ebzuar n\u00eb Bashki, Kryepiskopi Anastas sqaroi, duke th\u00ebn\u00eb se duhet t\u00eb shkojm\u00eb tek thelbi i \u00e7\u00ebshtjes dhe jo tek pikat e saj t\u00eb jashtme. Rikthimi i pronat&nbsp; t\u00eb komuniteteve duhet t\u00eb bazohen n\u00eb list\u00ebn e konfiskimeve shtet\u00ebrore dhe jo ato hipotekore sepse vete hipoteka doli pas konfiskimeve. Dhe se pronat nuk jan\u00eb vet\u00ebm tokat por gjith\u00e7ka q\u00eb i p\u00ebrket komuniteteve, duke p\u00ebrfshir\u00eb edhe arkivat etj. Duhet t&#8217;u japim t\u00eb kuptojn\u00eb k\u00ebtyre komuniteteve q\u00eb kjo \u00ebsht\u00eb e v\u00ebrteta, sepse problemi nuk \u00ebsht\u00eb ligji por e v\u00ebrteta dhe duhet t\u00eb gjejm\u00eb nj\u00eb rrug\u00eb t\u00eb drejtp\u00ebrdrejt\u00eb p\u00ebr t&#8217;i dh\u00ebn\u00eb zgjidhje k\u00ebtij problemi.<br \/> <\/span><\/span><\/span><\/div>\n<div style=\"text-align: justify;\">&nbsp;<\/div>\n<div style=\"text-align: justify;\"><span style=\"color: #000000;\"><span style=\"font-family: tahoma,geneva,sans-serif;\"><span style=\"font-size: 12px;\">&nbsp;&nbsp;&nbsp; N\u00eb fund t\u00eb k\u00ebsaj pritjeje t\u00eb ngroht\u00eb&nbsp; Kryepiskopi Anastas, pasi shprehu g\u00ebzimin q\u00eb kryeministri i Shqip\u00ebris\u00eb kishte ardhur n\u00eb Kryepiskopat\u00ebn e Hirshme t\u00eb Tiran\u00ebs, p\u00ebr t\u00eb uruar komunitetin orthodhoks thot\u00eb: \u201cNe e dim\u00eb p\u00ebrpjekjen tuaj p\u00ebr ringjalljen dhe jet\u00ebn k\u00ebtu n\u00eb vend dhe duam t\u00eb shprehim me gjith\u00eb zem\u00ebr, q\u00eb Zoti t&#8217;u jap\u00eb krah\u00eb dhe forc\u00eb q\u00eb ju t\u00eb zhvilloni nj\u00eb shoq\u00ebri t\u00eb drejt\u00ebsis\u00eb, nj\u00eb shoq\u00ebri krijuese dhe progresiste, sepse Shqip\u00ebria \u00ebsht\u00eb n\u00eb ball\u00eb t\u00eb vendeve evropiane dhe jo n\u00eb fund t\u00eb tyre\u201d.<br \/> <\/span><\/span><\/span><\/div>\n<div style=\"text-align: justify;\">&nbsp;<\/div>\n<div style=\"text-align: justify;\"><span style=\"color: #000000;\"><span style=\"font-family: tahoma,geneva,sans-serif;\"><span style=\"font-size: 12px;\">&nbsp;&nbsp;&nbsp; Gjat\u00eb gjith\u00eb pritjes kori dhe instrumentist\u00ebt e Radios Ngjallja krijuan nj\u00eb atmosfer\u00eb shum\u00eb t\u00eb ngroht\u00eb me muzik\u00ebn klasike, tradicionale dhe kishtare q\u00eb luanin dhe me interpretimin e tyre mjesht\u00ebror.<\/p>\n<p> &nbsp;<br \/> <strong>Isidor Koti &amp; Sonila Dedja<\/strong><\/span><\/span><\/span><\/div>\n<div style=\"text-align: center;\">&nbsp;<\/div>\n<div style=\"text-align: center;\">&nbsp;<\/div>\n<div style=\"text-align: center;\"><img decoding=\"async\" class=\"lazyload HAa Eha\" style=\"border-width: 1px; border-style: solid; margin: 10px;\" alt=\"\" src=\"data:image\/svg+xml,%3Csvg%20xmlns%3D%27http%3A%2F%2Fwww.w3.org%2F2000%2Fsvg%27%20width%3D%27433%27%20height%3D%27289%27%20viewBox%3D%270%200%20433%20289%27%3E%3Crect%20width%3D%27433%27%20height%3D%27289%27%20fill-opacity%3D%220%22%2F%3E%3C%2Fsvg%3E\" data-orig-src=\"https:\/\/lh6.googleusercontent.com\/-9lfSAsvAx5E\/VIbigiGwSCI\/AAAAAAAAFaM\/ZCvTQb6_LV0\/w350-h233-no\/4text.jpg\" height=\"289\" width=\"433\" \/><\/div>\n<div style=\"text-align: center;\">&nbsp;<\/div>\n<div style=\"text-align: center;\"><img decoding=\"async\" class=\"lazyload HAa Eha\" style=\"border-width: 1px; border-style: solid; margin: 10px;\" alt=\"\" src=\"data:image\/svg+xml,%3Csvg%20xmlns%3D%27http%3A%2F%2Fwww.w3.org%2F2000%2Fsvg%27%20width%3D%27433%27%20height%3D%27289%27%20viewBox%3D%270%200%20433%20289%27%3E%3Crect%20width%3D%27433%27%20height%3D%27289%27%20fill-opacity%3D%220%22%2F%3E%3C%2Fsvg%3E\" data-orig-src=\"https:\/\/lh5.googleusercontent.com\/-G8nhvdRFUpg\/VIbig26y_jI\/AAAAAAAAFZI\/Qjj4eKxtBDk\/w350-h233-no\/5text.jpg\" height=\"289\" width=\"433\" \/><\/div>\n<div style=\"text-align: center;\">&nbsp;<\/div>\n<div style=\"text-align: center;\"><img decoding=\"async\" class=\"lazyload HAa Eha\" style=\"border-width: 1px; border-style: solid; margin: 10px;\" alt=\"\" src=\"data:image\/svg+xml,%3Csvg%20xmlns%3D%27http%3A%2F%2Fwww.w3.org%2F2000%2Fsvg%27%20width%3D%27433%27%20height%3D%27289%27%20viewBox%3D%270%200%20433%20289%27%3E%3Crect%20width%3D%27433%27%20height%3D%27289%27%20fill-opacity%3D%220%22%2F%3E%3C%2Fsvg%3E\" data-orig-src=\"https:\/\/lh5.googleusercontent.com\/-rI3sNiIb-RY\/VIbihL-b0vI\/AAAAAAAAFZQ\/1pHhLMynoYo\/w350-h233-no\/6text.jpg\" height=\"289\" width=\"433\" \/><\/div>\n<div style=\"text-align: center;\"><img decoding=\"async\" class=\"lazyload HAa Eha\" style=\"border-width: 1px; border-style: solid; margin: 10px;\" alt=\"\" src=\"data:image\/gif;base64,R0lGODlhAQABAAAAACH5BAEKAAEALAAAAAABAAEAAAICTAEAOw==\" data-orig-src=\"https:\/\/lh4.googleusercontent.com\/-oA7HCrs2YNU\/VIbiiZZouzI\/AAAAAAAAFZk\/m1NlAeBGMyo\/w600-h399-no\/untitled1.jpg\" \/><\/div>\n<div style=\"text-align: center;\">&nbsp;<\/div>\n<div style=\"text-align: center;\"><img decoding=\"async\" class=\"lazyload HAa Eha\" style=\"border-width: 1px; border-style: solid; margin: 10px;\" alt=\"\" src=\"data:image\/gif;base64,R0lGODlhAQABAAAAACH5BAEKAAEALAAAAAABAAEAAAICTAEAOw==\" data-orig-src=\"https:\/\/lh3.googleusercontent.com\/-7oomRJS-fKQ\/VIbiioctqcI\/AAAAAAAAFZs\/daO5VSLP6Wo\/w600-h424-no\/untitled2.jpg\" \/><\/div>\n<div style=\"text-align: center;\">&nbsp;<\/div>\n<div style=\"text-align: center;\"><img decoding=\"async\" class=\"lazyload HAa Eha\" style=\"border-width: 1px; border-style: solid; margin: 10px;\" alt=\"\" src=\"data:image\/gif;base64,R0lGODlhAQABAAAAACH5BAEKAAEALAAAAAABAAEAAAICTAEAOw==\" data-orig-src=\"https:\/\/lh6.googleusercontent.com\/-FnfjshTaF8c\/VIbijNdhX5I\/AAAAAAAAFZ4\/2FLLEWM9bwY\/w600-h399-no\/untitled3.jpg\" \/><\/div>\n<div style=\"text-align: center;\">&nbsp;<\/div>\n<div style=\"text-align: center;\"><img decoding=\"async\" class=\"lazyload HAa Eha\" style=\"border-width: 1px; border-style: solid; margin: 10px;\" alt=\"\" src=\"data:image\/gif;base64,R0lGODlhAQABAAAAACH5BAEKAAEALAAAAAABAAEAAAICTAEAOw==\" data-orig-src=\"https:\/\/lh5.googleusercontent.com\/-5hLkfkb18DQ\/VIbijWtTkEI\/AAAAAAAAFZ8\/nthcc3xkqSM\/w600-h399-no\/untitled4.jpg\" \/><\/div>\n<div style=\"text-align: center;\">&nbsp;<\/div>\n<div style=\"text-align: center;\"><img decoding=\"async\" class=\"lazyload HAa Eha\" style=\"border-width: 1px; border-style: solid; margin: 10px;\" alt=\"\" src=\"data:image\/gif;base64,R0lGODlhAQABAAAAACH5BAEKAAEALAAAAAABAAEAAAICTAEAOw==\" data-orig-src=\"https:\/\/lh6.googleusercontent.com\/-GlVTngW-Rp8\/VIbij4H2BxI\/AAAAAAAAFaA\/VTY05ZVpyY0\/w600-h399-no\/untitled5.jpg\" \/><\/div>\n<div style=\"text-align: center;\">&nbsp;<\/div>\n<div style=\"text-align: center;\"><img decoding=\"async\" class=\"lazyload HAa Eha\" style=\"border-width: 1px; border-style: solid; margin: 10px;\" alt=\"\" src=\"data:image\/gif;base64,R0lGODlhAQABAAAAACH5BAEKAAEALAAAAAABAAEAAAICTAEAOw==\" data-orig-src=\"https:\/\/lh5.googleusercontent.com\/-W8QU_P6F9cE\/VIbilNnOiFI\/AAAAAAAAFac\/zgqlSZ1L6HI\/w600-h399-no\/untitled6.jpg\" \/><\/div>\n<div style=\"text-align: center;\">&nbsp;<\/div>\n<div style=\"text-align: center;\"><img decoding=\"async\" class=\"lazyload HAa Eha\" style=\"border-width: 1px; border-style: solid; margin: 10px;\" alt=\"\" src=\"data:image\/gif;base64,R0lGODlhAQABAAAAACH5BAEKAAEALAAAAAABAAEAAAICTAEAOw==\" data-orig-src=\"https:\/\/lh4.googleusercontent.com\/-x0EvJsG3IzY\/VIbikZ3sz9I\/AAAAAAAAFaY\/ud47eKkBkns\/w600-h399-no\/untitled7.jpg\" \/><\/div>\n","protected":false},"excerpt":{"rendered":"<p>&nbsp;&nbsp; Tradita n\u00eb nj\u00ebfar\u00eb m\u00ebnyre p\u00ebrs\u00ebrit vetveten, por nj\u00eb fest\u00eb si Pashka e Madhe, q\u00eb \u00ebsht\u00eb tradicionale nd\u00ebr shekuj flet ndryshe \u00e7do vit, sikur t\u00eb ishte p\u00ebr her\u00eb t\u00eb par\u00eb. P\u00ebr t\u00eb mos harruar se ky nuk \u00ebsht\u00eb nj\u00eb pasazh i shk\u00ebputur nga ndonj\u00eb lib\u00ebr apo mbishkrim i zakonsh\u00ebm n\u00ebp\u00ebr rrug\u00ebt e tejmbushura t\u00eb qyteteve tona. Nis e p\u00ebrfundon aty, n\u00eb mesazhin e Fjal\u00ebs, q\u00eb<\/p>\n","protected":false},"author":1,"featured_media":0,"comment_status":"open","ping_status":"open","sticky":false,"template":"","format":"standard","meta":{"_acf_changed":false,"pagelayer_contact_templates":[],"_pagelayer_content":"","inline_featured_image":false,"fifu_image_url":"","fifu_image_alt":"","footnotes":""},"categories":[108],"tags":[148,196,212,189],"class_list":["post-808","post","type-post","status-publish","format-standard","hentry","category-lajme","tag-148","tag-tirane","tag-lajme-d27","tag-pashke-2014"],"acf":[],"yoast_head":"<!-- This site is optimized with the Yoast SEO plugin v27.2 - https:\/\/yoast.com\/product\/yoast-seo-wordpress\/ -->\n<title>Kremtimi i Pashk\u00ebs n\u00eb Tiran\u00eb. (Prill 2006) - Kisha Orthodh\u03bfkse Autoqefale e Shqip\u00ebris\u00eb<\/title>\n<meta name=\"robots\" content=\"index, follow, max-snippet:-1, max-image-preview:large, max-video-preview:-1\" \/>\n<link rel=\"canonical\" href=\"https:\/\/orthodoxalbania.org\/2020\/2006\/02\/26\/kremtimi-i-pashkes-ne-tirane-prill-06\/\" \/>\n<meta property=\"og:locale\" content=\"en_US\" \/>\n<meta property=\"og:type\" content=\"article\" \/>\n<meta property=\"og:title\" content=\"Kremtimi i Pashk\u00ebs n\u00eb Tiran\u00eb. (Prill 2006) - Kisha Orthodh\u03bfkse Autoqefale e Shqip\u00ebris\u00eb\" \/>\n<meta property=\"og:description\" content=\"&nbsp;&nbsp; Tradita n\u00eb nj\u00ebfar\u00eb m\u00ebnyre p\u00ebrs\u00ebrit vetveten, por nj\u00eb fest\u00eb si Pashka e Madhe, q\u00eb \u00ebsht\u00eb tradicionale nd\u00ebr shekuj flet ndryshe \u00e7do vit, sikur t\u00eb ishte p\u00ebr her\u00eb t\u00eb par\u00eb. P\u00ebr t\u00eb mos harruar se ky nuk \u00ebsht\u00eb nj\u00eb pasazh i shk\u00ebputur nga ndonj\u00eb lib\u00ebr apo mbishkrim i zakonsh\u00ebm n\u00ebp\u00ebr rrug\u00ebt e tejmbushura t\u00eb qyteteve tona. Nis e p\u00ebrfundon aty, n\u00eb mesazhin e Fjal\u00ebs, q\u00eb\" \/>\n<meta property=\"og:url\" content=\"https:\/\/orthodoxalbania.org\/2020\/2006\/02\/26\/kremtimi-i-pashkes-ne-tirane-prill-06\/\" \/>\n<meta property=\"og:site_name\" content=\"Kisha Orthodh\u03bfkse Autoqefale e Shqip\u00ebris\u00eb\" \/>\n<meta property=\"article:publisher\" content=\"https:\/\/www.facebook.com\/koash1991\" \/>\n<meta property=\"article:published_time\" content=\"2006-02-26T00:00:00+00:00\" \/>\n<meta property=\"article:modified_time\" content=\"2020-04-06T20:36:03+00:00\" \/>\n<meta property=\"og:image\" content=\"https:\/\/lh3.googleusercontent.com\/-Cr9k7G2CIwA\/VIbifLBBOWI\/AAAAAAAAFYs\/Ce4o2Ks4NiA\/w350-h233-no\/1text.jpg\" \/>\n<meta name=\"author\" content=\"Kisha Orthodhokse\" \/>\n<meta name=\"twitter:card\" content=\"summary_large_image\" \/>\n<meta name=\"twitter:label1\" content=\"Written by\" \/>\n\t<meta name=\"twitter:data1\" content=\"Kisha Orthodhokse\" \/>\n\t<meta name=\"twitter:label2\" content=\"Est. reading time\" \/>\n\t<meta name=\"twitter:data2\" content=\"9 minutes\" \/>\n<script type=\"application\/ld+json\" class=\"yoast-schema-graph\">{\"@context\":\"https:\/\/schema.org\",\"@graph\":[{\"@type\":\"Article\",\"@id\":\"https:\/\/orthodoxalbania.org\/2020\/2006\/02\/26\/kremtimi-i-pashkes-ne-tirane-prill-06\/#article\",\"isPartOf\":{\"@id\":\"https:\/\/orthodoxalbania.org\/2020\/2006\/02\/26\/kremtimi-i-pashkes-ne-tirane-prill-06\/\"},\"author\":{\"name\":\"Kisha Orthodhokse\",\"@id\":\"https:\/\/orthodoxalbania.org\/2020\/#\/schema\/person\/0c387634a7063ac612d7ed9ce71c7e86\"},\"headline\":\"Kremtimi i Pashk\u00ebs n\u00eb Tiran\u00eb. (Prill 2006)\",\"datePublished\":\"2006-02-26T00:00:00+00:00\",\"dateModified\":\"2020-04-06T20:36:03+00:00\",\"mainEntityOfPage\":{\"@id\":\"https:\/\/orthodoxalbania.org\/2020\/2006\/02\/26\/kremtimi-i-pashkes-ne-tirane-prill-06\/\"},\"wordCount\":1789,\"commentCount\":0,\"publisher\":{\"@id\":\"https:\/\/orthodoxalbania.org\/2020\/#organization\"},\"image\":{\"@id\":\"https:\/\/orthodoxalbania.org\/2020\/2006\/02\/26\/kremtimi-i-pashkes-ne-tirane-prill-06\/#primaryimage\"},\"thumbnailUrl\":\"https:\/\/lh3.googleusercontent.com\/-Cr9k7G2CIwA\/VIbifLBBOWI\/AAAAAAAAFYs\/Ce4o2Ks4NiA\/w350-h233-no\/1text.jpg\",\"keywords\":[\"2006\",\"Kryepiskopata Tiran\u00eb\",\"lajme\",\"Pashk\u00eb\"],\"articleSection\":[\"Lajme\"],\"inLanguage\":\"en-US\"},{\"@type\":\"WebPage\",\"@id\":\"https:\/\/orthodoxalbania.org\/2020\/2006\/02\/26\/kremtimi-i-pashkes-ne-tirane-prill-06\/\",\"url\":\"https:\/\/orthodoxalbania.org\/2020\/2006\/02\/26\/kremtimi-i-pashkes-ne-tirane-prill-06\/\",\"name\":\"Kremtimi i Pashk\u00ebs n\u00eb Tiran\u00eb. (Prill 2006) - Kisha Orthodh\u03bfkse Autoqefale e Shqip\u00ebris\u00eb\",\"isPartOf\":{\"@id\":\"https:\/\/orthodoxalbania.org\/2020\/#website\"},\"primaryImageOfPage\":{\"@id\":\"https:\/\/orthodoxalbania.org\/2020\/2006\/02\/26\/kremtimi-i-pashkes-ne-tirane-prill-06\/#primaryimage\"},\"image\":{\"@id\":\"https:\/\/orthodoxalbania.org\/2020\/2006\/02\/26\/kremtimi-i-pashkes-ne-tirane-prill-06\/#primaryimage\"},\"thumbnailUrl\":\"https:\/\/lh3.googleusercontent.com\/-Cr9k7G2CIwA\/VIbifLBBOWI\/AAAAAAAAFYs\/Ce4o2Ks4NiA\/w350-h233-no\/1text.jpg\",\"datePublished\":\"2006-02-26T00:00:00+00:00\",\"dateModified\":\"2020-04-06T20:36:03+00:00\",\"breadcrumb\":{\"@id\":\"https:\/\/orthodoxalbania.org\/2020\/2006\/02\/26\/kremtimi-i-pashkes-ne-tirane-prill-06\/#breadcrumb\"},\"inLanguage\":\"en-US\",\"potentialAction\":[{\"@type\":\"ReadAction\",\"target\":[\"https:\/\/orthodoxalbania.org\/2020\/2006\/02\/26\/kremtimi-i-pashkes-ne-tirane-prill-06\/\"]}]},{\"@type\":\"ImageObject\",\"inLanguage\":\"en-US\",\"@id\":\"https:\/\/orthodoxalbania.org\/2020\/2006\/02\/26\/kremtimi-i-pashkes-ne-tirane-prill-06\/#primaryimage\",\"url\":\"https:\/\/lh3.googleusercontent.com\/-Cr9k7G2CIwA\/VIbifLBBOWI\/AAAAAAAAFYs\/Ce4o2Ks4NiA\/w350-h233-no\/1text.jpg\",\"contentUrl\":\"https:\/\/lh3.googleusercontent.com\/-Cr9k7G2CIwA\/VIbifLBBOWI\/AAAAAAAAFYs\/Ce4o2Ks4NiA\/w350-h233-no\/1text.jpg\"},{\"@type\":\"BreadcrumbList\",\"@id\":\"https:\/\/orthodoxalbania.org\/2020\/2006\/02\/26\/kremtimi-i-pashkes-ne-tirane-prill-06\/#breadcrumb\",\"itemListElement\":[{\"@type\":\"ListItem\",\"position\":1,\"name\":\"Home\",\"item\":\"https:\/\/orthodoxalbania.org\/2020\/\"},{\"@type\":\"ListItem\",\"position\":2,\"name\":\"Kremtimi i Pashk\u00ebs n\u00eb Tiran\u00eb. (Prill 2006)\"}]},{\"@type\":\"WebSite\",\"@id\":\"https:\/\/orthodoxalbania.org\/2020\/#website\",\"url\":\"https:\/\/orthodoxalbania.org\/2020\/\",\"name\":\"Kisha Orthodh\u03bfkse Autoqefale e Shqip\u00ebris\u00eb\",\"description\":\"Fqja Zyrtare e Kish\u00ebs Orthodhokse Autoqefale e Shqip\u00ebris\u00eb me lajmet edhe informacionet zyrtare p\u00ebr struktur\u00ebn edhe veprimtarin e saj.\",\"publisher\":{\"@id\":\"https:\/\/orthodoxalbania.org\/2020\/#organization\"},\"potentialAction\":[{\"@type\":\"SearchAction\",\"target\":{\"@type\":\"EntryPoint\",\"urlTemplate\":\"https:\/\/orthodoxalbania.org\/2020\/?s={search_term_string}\"},\"query-input\":{\"@type\":\"PropertyValueSpecification\",\"valueRequired\":true,\"valueName\":\"search_term_string\"}}],\"inLanguage\":\"en-US\"},{\"@type\":\"Organization\",\"@id\":\"https:\/\/orthodoxalbania.org\/2020\/#organization\",\"name\":\"Kisha Orthodhokse Autoqefale e Shqip\u00ebris\u00eb\",\"url\":\"https:\/\/orthodoxalbania.org\/2020\/\",\"logo\":{\"@type\":\"ImageObject\",\"inLanguage\":\"en-US\",\"@id\":\"https:\/\/orthodoxalbania.org\/2020\/#\/schema\/logo\/image\/\",\"url\":\"https:\/\/orthodoxalbania.org\/2020\/wp-content\/uploads\/2020\/05\/albania.jpeg\",\"contentUrl\":\"https:\/\/orthodoxalbania.org\/2020\/wp-content\/uploads\/2020\/05\/albania.jpeg\",\"width\":540,\"height\":540,\"caption\":\"Kisha Orthodhokse Autoqefale e Shqip\u00ebris\u00eb\"},\"image\":{\"@id\":\"https:\/\/orthodoxalbania.org\/2020\/#\/schema\/logo\/image\/\"},\"sameAs\":[\"https:\/\/www.facebook.com\/koash1991\"]},{\"@type\":\"Person\",\"@id\":\"https:\/\/orthodoxalbania.org\/2020\/#\/schema\/person\/0c387634a7063ac612d7ed9ce71c7e86\",\"name\":\"Kisha Orthodhokse\",\"image\":{\"@type\":\"ImageObject\",\"inLanguage\":\"en-US\",\"@id\":\"https:\/\/secure.gravatar.com\/avatar\/596e7c417251e30f2fbb9c00e026fce61a695a00e51c889caded71c96cbbdde5?s=96&d=mm&r=g\",\"url\":\"https:\/\/secure.gravatar.com\/avatar\/596e7c417251e30f2fbb9c00e026fce61a695a00e51c889caded71c96cbbdde5?s=96&d=mm&r=g\",\"contentUrl\":\"https:\/\/secure.gravatar.com\/avatar\/596e7c417251e30f2fbb9c00e026fce61a695a00e51c889caded71c96cbbdde5?s=96&d=mm&r=g\",\"caption\":\"Kisha Orthodhokse\"}}]}<\/script>\n<!-- \/ Yoast SEO plugin. -->","yoast_head_json":{"title":"Kremtimi i Pashk\u00ebs n\u00eb Tiran\u00eb. (Prill 2006) - Kisha Orthodh\u03bfkse Autoqefale e Shqip\u00ebris\u00eb","robots":{"index":"index","follow":"follow","max-snippet":"max-snippet:-1","max-image-preview":"max-image-preview:large","max-video-preview":"max-video-preview:-1"},"canonical":"https:\/\/orthodoxalbania.org\/2020\/2006\/02\/26\/kremtimi-i-pashkes-ne-tirane-prill-06\/","og_locale":"en_US","og_type":"article","og_title":"Kremtimi i Pashk\u00ebs n\u00eb Tiran\u00eb. (Prill 2006) - Kisha Orthodh\u03bfkse Autoqefale e Shqip\u00ebris\u00eb","og_description":"&nbsp;&nbsp; Tradita n\u00eb nj\u00ebfar\u00eb m\u00ebnyre p\u00ebrs\u00ebrit vetveten, por nj\u00eb fest\u00eb si Pashka e Madhe, q\u00eb \u00ebsht\u00eb tradicionale nd\u00ebr shekuj flet ndryshe \u00e7do vit, sikur t\u00eb ishte p\u00ebr her\u00eb t\u00eb par\u00eb. P\u00ebr t\u00eb mos harruar se ky nuk \u00ebsht\u00eb nj\u00eb pasazh i shk\u00ebputur nga ndonj\u00eb lib\u00ebr apo mbishkrim i zakonsh\u00ebm n\u00ebp\u00ebr rrug\u00ebt e tejmbushura t\u00eb qyteteve tona. Nis e p\u00ebrfundon aty, n\u00eb mesazhin e Fjal\u00ebs, q\u00eb","og_url":"https:\/\/orthodoxalbania.org\/2020\/2006\/02\/26\/kremtimi-i-pashkes-ne-tirane-prill-06\/","og_site_name":"Kisha Orthodh\u03bfkse Autoqefale e Shqip\u00ebris\u00eb","article_publisher":"https:\/\/www.facebook.com\/koash1991","article_published_time":"2006-02-26T00:00:00+00:00","article_modified_time":"2020-04-06T20:36:03+00:00","og_image":[{"url":"https:\/\/lh3.googleusercontent.com\/-Cr9k7G2CIwA\/VIbifLBBOWI\/AAAAAAAAFYs\/Ce4o2Ks4NiA\/w350-h233-no\/1text.jpg","type":"","width":"","height":""}],"author":"Kisha Orthodhokse","twitter_card":"summary_large_image","twitter_misc":{"Written by":"Kisha Orthodhokse","Est. reading time":"9 minutes"},"schema":{"@context":"https:\/\/schema.org","@graph":[{"@type":"Article","@id":"https:\/\/orthodoxalbania.org\/2020\/2006\/02\/26\/kremtimi-i-pashkes-ne-tirane-prill-06\/#article","isPartOf":{"@id":"https:\/\/orthodoxalbania.org\/2020\/2006\/02\/26\/kremtimi-i-pashkes-ne-tirane-prill-06\/"},"author":{"name":"Kisha Orthodhokse","@id":"https:\/\/orthodoxalbania.org\/2020\/#\/schema\/person\/0c387634a7063ac612d7ed9ce71c7e86"},"headline":"Kremtimi i Pashk\u00ebs n\u00eb Tiran\u00eb. (Prill 2006)","datePublished":"2006-02-26T00:00:00+00:00","dateModified":"2020-04-06T20:36:03+00:00","mainEntityOfPage":{"@id":"https:\/\/orthodoxalbania.org\/2020\/2006\/02\/26\/kremtimi-i-pashkes-ne-tirane-prill-06\/"},"wordCount":1789,"commentCount":0,"publisher":{"@id":"https:\/\/orthodoxalbania.org\/2020\/#organization"},"image":{"@id":"https:\/\/orthodoxalbania.org\/2020\/2006\/02\/26\/kremtimi-i-pashkes-ne-tirane-prill-06\/#primaryimage"},"thumbnailUrl":"https:\/\/lh3.googleusercontent.com\/-Cr9k7G2CIwA\/VIbifLBBOWI\/AAAAAAAAFYs\/Ce4o2Ks4NiA\/w350-h233-no\/1text.jpg","keywords":["2006","Kryepiskopata Tiran\u00eb","lajme","Pashk\u00eb"],"articleSection":["Lajme"],"inLanguage":"en-US"},{"@type":"WebPage","@id":"https:\/\/orthodoxalbania.org\/2020\/2006\/02\/26\/kremtimi-i-pashkes-ne-tirane-prill-06\/","url":"https:\/\/orthodoxalbania.org\/2020\/2006\/02\/26\/kremtimi-i-pashkes-ne-tirane-prill-06\/","name":"Kremtimi i Pashk\u00ebs n\u00eb Tiran\u00eb. (Prill 2006) - Kisha Orthodh\u03bfkse Autoqefale e Shqip\u00ebris\u00eb","isPartOf":{"@id":"https:\/\/orthodoxalbania.org\/2020\/#website"},"primaryImageOfPage":{"@id":"https:\/\/orthodoxalbania.org\/2020\/2006\/02\/26\/kremtimi-i-pashkes-ne-tirane-prill-06\/#primaryimage"},"image":{"@id":"https:\/\/orthodoxalbania.org\/2020\/2006\/02\/26\/kremtimi-i-pashkes-ne-tirane-prill-06\/#primaryimage"},"thumbnailUrl":"https:\/\/lh3.googleusercontent.com\/-Cr9k7G2CIwA\/VIbifLBBOWI\/AAAAAAAAFYs\/Ce4o2Ks4NiA\/w350-h233-no\/1text.jpg","datePublished":"2006-02-26T00:00:00+00:00","dateModified":"2020-04-06T20:36:03+00:00","breadcrumb":{"@id":"https:\/\/orthodoxalbania.org\/2020\/2006\/02\/26\/kremtimi-i-pashkes-ne-tirane-prill-06\/#breadcrumb"},"inLanguage":"en-US","potentialAction":[{"@type":"ReadAction","target":["https:\/\/orthodoxalbania.org\/2020\/2006\/02\/26\/kremtimi-i-pashkes-ne-tirane-prill-06\/"]}]},{"@type":"ImageObject","inLanguage":"en-US","@id":"https:\/\/orthodoxalbania.org\/2020\/2006\/02\/26\/kremtimi-i-pashkes-ne-tirane-prill-06\/#primaryimage","url":"https:\/\/lh3.googleusercontent.com\/-Cr9k7G2CIwA\/VIbifLBBOWI\/AAAAAAAAFYs\/Ce4o2Ks4NiA\/w350-h233-no\/1text.jpg","contentUrl":"https:\/\/lh3.googleusercontent.com\/-Cr9k7G2CIwA\/VIbifLBBOWI\/AAAAAAAAFYs\/Ce4o2Ks4NiA\/w350-h233-no\/1text.jpg"},{"@type":"BreadcrumbList","@id":"https:\/\/orthodoxalbania.org\/2020\/2006\/02\/26\/kremtimi-i-pashkes-ne-tirane-prill-06\/#breadcrumb","itemListElement":[{"@type":"ListItem","position":1,"name":"Home","item":"https:\/\/orthodoxalbania.org\/2020\/"},{"@type":"ListItem","position":2,"name":"Kremtimi i Pashk\u00ebs n\u00eb Tiran\u00eb. (Prill 2006)"}]},{"@type":"WebSite","@id":"https:\/\/orthodoxalbania.org\/2020\/#website","url":"https:\/\/orthodoxalbania.org\/2020\/","name":"Kisha Orthodh\u03bfkse Autoqefale e Shqip\u00ebris\u00eb","description":"Fqja Zyrtare e Kish\u00ebs Orthodhokse Autoqefale e Shqip\u00ebris\u00eb me lajmet edhe informacionet zyrtare p\u00ebr struktur\u00ebn edhe veprimtarin e saj.","publisher":{"@id":"https:\/\/orthodoxalbania.org\/2020\/#organization"},"potentialAction":[{"@type":"SearchAction","target":{"@type":"EntryPoint","urlTemplate":"https:\/\/orthodoxalbania.org\/2020\/?s={search_term_string}"},"query-input":{"@type":"PropertyValueSpecification","valueRequired":true,"valueName":"search_term_string"}}],"inLanguage":"en-US"},{"@type":"Organization","@id":"https:\/\/orthodoxalbania.org\/2020\/#organization","name":"Kisha Orthodhokse Autoqefale e Shqip\u00ebris\u00eb","url":"https:\/\/orthodoxalbania.org\/2020\/","logo":{"@type":"ImageObject","inLanguage":"en-US","@id":"https:\/\/orthodoxalbania.org\/2020\/#\/schema\/logo\/image\/","url":"https:\/\/orthodoxalbania.org\/2020\/wp-content\/uploads\/2020\/05\/albania.jpeg","contentUrl":"https:\/\/orthodoxalbania.org\/2020\/wp-content\/uploads\/2020\/05\/albania.jpeg","width":540,"height":540,"caption":"Kisha Orthodhokse Autoqefale e Shqip\u00ebris\u00eb"},"image":{"@id":"https:\/\/orthodoxalbania.org\/2020\/#\/schema\/logo\/image\/"},"sameAs":["https:\/\/www.facebook.com\/koash1991"]},{"@type":"Person","@id":"https:\/\/orthodoxalbania.org\/2020\/#\/schema\/person\/0c387634a7063ac612d7ed9ce71c7e86","name":"Kisha Orthodhokse","image":{"@type":"ImageObject","inLanguage":"en-US","@id":"https:\/\/secure.gravatar.com\/avatar\/596e7c417251e30f2fbb9c00e026fce61a695a00e51c889caded71c96cbbdde5?s=96&d=mm&r=g","url":"https:\/\/secure.gravatar.com\/avatar\/596e7c417251e30f2fbb9c00e026fce61a695a00e51c889caded71c96cbbdde5?s=96&d=mm&r=g","contentUrl":"https:\/\/secure.gravatar.com\/avatar\/596e7c417251e30f2fbb9c00e026fce61a695a00e51c889caded71c96cbbdde5?s=96&d=mm&r=g","caption":"Kisha Orthodhokse"}}]}},"_links":{"self":[{"href":"https:\/\/orthodoxalbania.org\/2020\/wp-json\/wp\/v2\/posts\/808","targetHints":{"allow":["GET"]}}],"collection":[{"href":"https:\/\/orthodoxalbania.org\/2020\/wp-json\/wp\/v2\/posts"}],"about":[{"href":"https:\/\/orthodoxalbania.org\/2020\/wp-json\/wp\/v2\/types\/post"}],"author":[{"embeddable":true,"href":"https:\/\/orthodoxalbania.org\/2020\/wp-json\/wp\/v2\/users\/1"}],"replies":[{"embeddable":true,"href":"https:\/\/orthodoxalbania.org\/2020\/wp-json\/wp\/v2\/comments?post=808"}],"version-history":[{"count":1,"href":"https:\/\/orthodoxalbania.org\/2020\/wp-json\/wp\/v2\/posts\/808\/revisions"}],"predecessor-version":[{"id":15832,"href":"https:\/\/orthodoxalbania.org\/2020\/wp-json\/wp\/v2\/posts\/808\/revisions\/15832"}],"wp:attachment":[{"href":"https:\/\/orthodoxalbania.org\/2020\/wp-json\/wp\/v2\/media?parent=808"}],"wp:term":[{"taxonomy":"category","embeddable":true,"href":"https:\/\/orthodoxalbania.org\/2020\/wp-json\/wp\/v2\/categories?post=808"},{"taxonomy":"post_tag","embeddable":true,"href":"https:\/\/orthodoxalbania.org\/2020\/wp-json\/wp\/v2\/tags?post=808"}],"curies":[{"name":"wp","href":"https:\/\/api.w.org\/{rel}","templated":true}]}}