{"id":806,"date":"2008-02-26T00:00:00","date_gmt":"2008-02-26T00:00:00","guid":{"rendered":""},"modified":"2020-04-06T22:35:20","modified_gmt":"2020-04-06T20:35:20","slug":"kremtimi-i-pashkes-ne-tirane-2008","status":"publish","type":"post","link":"https:\/\/orthodoxalbania.org\/2020\/2008\/02\/26\/kremtimi-i-pashkes-ne-tirane-2008\/","title":{"rendered":"Kremtimi i Pashk\u00ebs n\u00eb Tiran\u00eb (2008)"},"content":{"rendered":"<p style=\"text-align: justify;\"><span style=\"color: #000000;\"><\/span><\/p>\n<p><span style=\"color: #000000;\"><img decoding=\"async\" class=\"lazyload HAa Eha\" style=\"border-width: 1px; border-style: solid; margin: 10px auto; display: block;\" alt=\"\" src=\"data:image\/gif;base64,R0lGODlhAQABAAAAACH5BAEKAAEALAAAAAABAAEAAAICTAEAOw==\" data-orig-src=\"https:\/\/lh6.googleusercontent.com\/-ndfmYfCbzLY\/VI6s6PtmmPI\/AAAAAAAAHjs\/CBprmNmFkAQ\/w400-h266-no\/pashka%2B1.jpg\" \/><\/span><\/p>\n<p><span style=\"color: #000000;\"><img decoding=\"async\" class=\"lazyload HAa Eha\" style=\"border-width: 1px; border-style: solid; margin: 10px auto; display: block;\" alt=\"\" src=\"data:image\/gif;base64,R0lGODlhAQABAAAAACH5BAEKAAEALAAAAAABAAEAAAICTAEAOw==\" data-orig-src=\"https:\/\/lh5.googleusercontent.com\/-hzjMsaQdDOY\/VI6s611Gu8I\/AAAAAAAAHkA\/nQojznp0DCU\/w400-h266-no\/pashka%2B2.jpg\" \/><\/span><\/p>\n<p><span style=\"color: #000000;\"><img decoding=\"async\" class=\"lazyload HAa Eha\" style=\"border-width: 1px; border-style: solid; margin: 10px auto; display: block;\" alt=\"\" src=\"data:image\/gif;base64,R0lGODlhAQABAAAAACH5BAEKAAEALAAAAAABAAEAAAICTAEAOw==\" data-orig-src=\"https:\/\/lh6.googleusercontent.com\/-OJAO84ooXwM\/VI6s72FLENI\/AAAAAAAAHkY\/90_4nqwjR1Y\/w266-h400-no\/pashka%2B3.jpg\" \/><\/span><\/p>\n<p><span style=\"color: #000000;\"><img decoding=\"async\" class=\"lazyload HAa Eha\" style=\"border-width: 1px; border-style: solid; margin: 10px auto; display: block;\" alt=\"\" src=\"data:image\/gif;base64,R0lGODlhAQABAAAAACH5BAEKAAEALAAAAAABAAEAAAICTAEAOw==\" data-orig-src=\"https:\/\/lh6.googleusercontent.com\/-o2-48lSwBJs\/VI6s8EsWlLI\/AAAAAAAAHls\/RqwmyWSiZHs\/w266-h400-no\/pashka%2B4.jpg\" \/><\/span><\/p>\n<p><span style=\"color: #000000;\"><img decoding=\"async\" class=\"lazyload HAa Eha\" style=\"border-width: 1px; border-style: solid; margin: 10px auto; display: block;\" alt=\"\" src=\"data:image\/gif;base64,R0lGODlhAQABAAAAACH5BAEKAAEALAAAAAABAAEAAAICTAEAOw==\" data-orig-src=\"https:\/\/lh6.googleusercontent.com\/-a5YAZqAfDDE\/VI6s8ZmZoAI\/AAAAAAAAHkk\/uKZb3ktVnvU\/w400-h266-no\/pashka%2B5.jpg\" \/><\/span><\/p>\n<p><span style=\"color: #000000;\"><img decoding=\"async\" class=\"lazyload HAa Eha\" style=\"border-width: 1px; border-style: solid; margin: 10px auto; display: block;\" alt=\"\" src=\"data:image\/gif;base64,R0lGODlhAQABAAAAACH5BAEKAAEALAAAAAABAAEAAAICTAEAOw==\" data-orig-src=\"https:\/\/lh6.googleusercontent.com\/-keTcWep6cX0\/VI6s86UHXqI\/AAAAAAAAHkw\/STdK2OGAvi4\/w400-h266-no\/pashka%2B6.jpg\" \/><\/span><\/p>\n<p dir=\"ltr\"><span style=\"color: #000000;\"><img decoding=\"async\" class=\"lazyload HAa Eha\" style=\"border-width: 1px; border-style: solid; margin: 10px auto; display: block;\" alt=\"\" src=\"data:image\/gif;base64,R0lGODlhAQABAAAAACH5BAEKAAEALAAAAAABAAEAAAICTAEAOw==\" data-orig-src=\"https:\/\/lh6.googleusercontent.com\/-7yVGclroJgU\/VI6s9VjBLKI\/AAAAAAAAHl0\/rCf7Cn2owxE\/w400-h266-no\/pashka%2B7.jpg\" \/><\/span><\/p>\n<p dir=\"ltr\"><span style=\"color: #000000;\"><img decoding=\"async\" class=\"lazyload HAa Eha\" style=\"border-width: 1px; border-style: solid; margin: 10px auto; display: block;\" alt=\"\" src=\"data:image\/gif;base64,R0lGODlhAQABAAAAACH5BAEKAAEALAAAAAABAAEAAAICTAEAOw==\" data-orig-src=\"https:\/\/lh3.googleusercontent.com\/-S_-hWURbevo\/VI6s9fG-ZrI\/AAAAAAAAHk4\/VmYgPl6ptAo\/w400-h266-no\/pashka%2B8.jpg\" \/><\/span><\/p>\n<p><span style=\"color: #000000;\"><img decoding=\"async\" class=\"lazyload HAa Eha\" style=\"border-width: 1px; border-style: solid; margin: 10px auto; display: block;\" alt=\"\" src=\"data:image\/gif;base64,R0lGODlhAQABAAAAACH5BAEKAAEALAAAAAABAAEAAAICTAEAOw==\" data-orig-src=\"https:\/\/lh6.googleusercontent.com\/-SWWVOUXzSAM\/VI6s-EdWB0I\/AAAAAAAAHlA\/exxnz-dmkXw\/w400-h266-no\/pashka%2B9.jpg\" \/><\/span><\/p>\n<p><span style=\"color: #000000;\"><img decoding=\"async\" class=\"lazyload HAa Eha\" style=\"border-width: 1px; border-style: solid; margin: 10px auto; display: block;\" alt=\"\" src=\"data:image\/gif;base64,R0lGODlhAQABAAAAACH5BAEKAAEALAAAAAABAAEAAAICTAEAOw==\" data-orig-src=\"https:\/\/lh3.googleusercontent.com\/-JI-dgZJ8Ydg\/VI6s-U1SkmI\/AAAAAAAAHlg\/XGLNFcC9eCg\/w400-h266-no\/pashka10.jpg\" \/><\/span><\/p>\n<p><span style=\"color: #000000;\"><img decoding=\"async\" class=\"lazyload HAa Eha\" style=\"border-width: 1px; border-style: solid; margin: 10px auto; display: block;\" alt=\"\" src=\"data:image\/gif;base64,R0lGODlhAQABAAAAACH5BAEKAAEALAAAAAABAAEAAAICTAEAOw==\" data-orig-src=\"https:\/\/lh4.googleusercontent.com\/-EE8kAXJmyYU\/VI6s-vOuFUI\/AAAAAAAAHlI\/GHLCsxZZUtk\/w400-h266-no\/pashka11.jpg\" \/><\/span><\/p>\n<p><span style=\"color: #000000;\"><img decoding=\"async\" class=\"lazyload HAa Eha\" style=\"border-width: 1px; border-style: solid; margin: 10px auto; display: block;\" alt=\"\" src=\"data:image\/gif;base64,R0lGODlhAQABAAAAACH5BAEKAAEALAAAAAABAAEAAAICTAEAOw==\" data-orig-src=\"https:\/\/lh4.googleusercontent.com\/-TSlAvhN9Uzc\/VI6s_CngvPI\/AAAAAAAAHlQ\/7UuyHHdiN4w\/w400-h266-no\/pashka12.jpg\" \/><\/span><\/p>\n<p><span style=\"color: #000000;\"><img decoding=\"async\" class=\"lazyload HAa Eha\" style=\"border-width: 1px; border-style: solid; margin: 10px auto; display: block;\" alt=\"\" src=\"data:image\/gif;base64,R0lGODlhAQABAAAAACH5BAEKAAEALAAAAAABAAEAAAICTAEAOw==\" data-orig-src=\"https:\/\/lh4.googleusercontent.com\/-xAH4DczRT70\/VI6s5LOMtKI\/AAAAAAAAHmI\/AUJxzaK-Yh0\/w400-h266-no\/pashka%2B13.jpg\" \/><\/span><\/p>\n<p><span style=\"color: #000000;\"><img decoding=\"async\" class=\"lazyload HAa Eha\" style=\"border-width: 1px; border-style: solid; margin: 10px auto; display: block;\" alt=\"\" src=\"data:image\/gif;base64,R0lGODlhAQABAAAAACH5BAEKAAEALAAAAAABAAEAAAICTAEAOw==\" data-orig-src=\"https:\/\/lh4.googleusercontent.com\/-jRA3ka5vAQI\/VI6s5bg936I\/AAAAAAAAHmI\/OTSNuyjdTlE\/w400-h259-no\/pashka%2B14.jpg\" \/><\/span><\/p>\n<p><span style=\"color: #000000;\"><img decoding=\"async\" class=\"lazyload HAa Eha\" style=\"border-width: 1px; border-style: solid; margin: 10px auto; display: block;\" alt=\"\" src=\"data:image\/gif;base64,R0lGODlhAQABAAAAACH5BAEKAAEALAAAAAABAAEAAAICTAEAOw==\" data-orig-src=\"https:\/\/lh6.googleusercontent.com\/-_SN2BRIBKCw\/VI6s5ywBadI\/AAAAAAAAHj0\/A4lVlbzB4to\/w400-h266-no\/pashka%2B15.jpg\" \/><\/span><\/p>\n<p><span style=\"color: #000000;\"><img decoding=\"async\" class=\"lazyload HAa Eha\" style=\"border-width: 1px; border-style: solid; margin: 10px auto; display: block;\" alt=\"\" src=\"data:image\/gif;base64,R0lGODlhAQABAAAAACH5BAEKAAEALAAAAAABAAEAAAICTAEAOw==\" data-orig-src=\"https:\/\/lh6.googleusercontent.com\/-h6fLUyGdgTY\/VI6s_zKH2jI\/AAAAAAAAHlc\/OUi1lF9zOyE\/w400-h266-no\/pashka16.jpg\" \/><\/span><\/p>\n<p><span style=\"color: #000000;\"><img decoding=\"async\" class=\"lazyload HAa Eha\" style=\"border-width: 1px; border-style: solid; margin: 10px auto; display: block;\" alt=\"\" src=\"data:image\/gif;base64,R0lGODlhAQABAAAAACH5BAEKAAEALAAAAAABAAEAAAICTAEAOw==\" data-orig-src=\"https:\/\/lh3.googleusercontent.com\/-uqRHVtsEOoE\/VI6tAA8jJaI\/AAAAAAAAHlk\/IbDnsQI-UAA\/w400-h266-no\/pashka17.jpg\" \/><\/span><\/p>\n<p><span style=\"color: #000000;\"><img decoding=\"async\" class=\"lazyload HAa Eha\" style=\"border-width: 1px; border-style: solid; margin: 10px auto; display: block;\" alt=\"\" src=\"data:image\/gif;base64,R0lGODlhAQABAAAAACH5BAEKAAEALAAAAAABAAEAAAICTAEAOw==\" data-orig-src=\"https:\/\/lh5.googleusercontent.com\/-M0sFAOQ5H8k\/VI6tBoVVD1I\/AAAAAAAAHl8\/BfiuFqbC7EM\/w400-h266-no\/pashka%2B18.jpg\" \/><\/span><\/p>\n<p><span style=\"color: #000000;\"><img decoding=\"async\" class=\"lazyload HAa Eha\" style=\"border-width: 1px; border-style: solid; margin: 10px auto; display: block;\" alt=\"\" src=\"data:image\/gif;base64,R0lGODlhAQABAAAAACH5BAEKAAEALAAAAAABAAEAAAICTAEAOw==\" data-orig-src=\"https:\/\/lh3.googleusercontent.com\/-2Rvp8WNVCzA\/VI6s6X3u39I\/AAAAAAAAHmI\/RSDaMz6Q5fk\/w400-h266-no\/pashka%2B19.jpg\" \/><\/span><\/p>\n<p><span style=\"color: #000000;\"><img decoding=\"async\" class=\"lazyload HAa Eha\" style=\"border-width: 1px; border-style: solid; margin: 10px auto; display: block;\" alt=\"\" src=\"data:image\/gif;base64,R0lGODlhAQABAAAAACH5BAEKAAEALAAAAAABAAEAAAICTAEAOw==\" data-orig-src=\"https:\/\/lh6.googleusercontent.com\/-MbY3-ICAL58\/VI6s6-e1WNI\/AAAAAAAAHmI\/BtKA634GTMw\/w400-h266-no\/pashka%2B20.jpg\" \/><\/span><\/p>\n<p><span style=\"color: #000000;\"><img decoding=\"async\" class=\"lazyload HAa Eha\" style=\"border-width: 1px; border-style: solid; margin: 10px auto; display: block;\" alt=\"\" src=\"data:image\/gif;base64,R0lGODlhAQABAAAAACH5BAEKAAEALAAAAAABAAEAAAICTAEAOw==\" data-orig-src=\"https:\/\/lh5.googleusercontent.com\/-YPvAHXSDioA\/VI6s7RU85PI\/AAAAAAAAHkQ\/pFh7P4BE014\/w400-h266-no\/pashka%2B21.jpg\" \/><\/span><span style=\"color: #000000;\"><img decoding=\"async\" class=\"lazyload HAa Eha\" style=\"border-width: 1px; border-style: solid; margin: 10px auto; display: block;\" alt=\"\" src=\"data:image\/gif;base64,R0lGODlhAQABAAAAACH5BAEKAAEALAAAAAABAAEAAAICTAEAOw==\" data-orig-src=\"https:\/\/lh3.googleusercontent.com\/-p8_pAKJtQHM\/VI6s7U4qSGI\/AAAAAAAAHl4\/oAq0225M9dg\/w400-h266-no\/pashka%2B22.jpg\" \/><\/span><\/p>\n<div style=\"text-align: justify;\"><span style=\"color: #000000;\"><span style=\"font-family: tahoma,geneva,sans-serif;\"><span style=\"font-size: 12px;\">&nbsp;&nbsp;&nbsp; Kishte disa dit\u00eb q\u00eb Java e Madhe pritej me seriozitet nga besimtar\u00ebt e shumt\u00eb orthodhoks\u00eb t\u00eb Tiran\u00ebs, duke menduar se ritmi i jet\u00ebs s\u00eb tyre n\u00eb koh\u00ebt me ngjarje t\u00eb m\u00ebdha q\u00eb kremton Kisha t\u00eb ishte ndryshe nga dit\u00ebt e tjera t\u00eb vitit liturgjik. Nga leximet e Shkrimit t\u00eb Shenjt, ose komentet teologjike dhe poetike, spikati fakti se tradita e krishter\u00eb orthodhokse ka n\u00eb thelb p\u00ebrkushtimin dhe sakrific\u00ebn, kryq\u00ebzimin dhe n\u00eb fund ngjalljen. N\u00eb k\u00ebto etapa kaloi edhe Java e Madhe dhe e Shenjt\u00eb n\u00eb kish\u00ebn \u201cUngjill\u00ebzimi i Per\u00ebndilind\u00ebses Mari\u201d n\u00eb Tiran\u00eb, e cila priti mij\u00ebra besimtar\u00eb n\u00eb t\u00eb gjitha sh\u00ebrbesat e rastit. Ishte nj\u00eb koh\u00eb e mbushur me dhe qendra e k\u00ebtyre dit\u00ebve ishte Ungjilli, n\u00eb t\u00eb cilin p\u00ebrshkruhen ngjarje t\u00eb tmerrshme, me p\u00ebrfundim ngaz\u00ebllyes. Sh\u00ebrbesat e k\u00ebtyre t\u00eb kremteve t\u00eb m\u00ebdha n\u00eb Tiran\u00eb i kryesoi Fortlumturia e Tij, Kryepiskopi Anastas. \u00c7do dit\u00eb, ai p\u00ebrcolli mesazhe nga Ungjilli, duke reflektuar edhe rreth situat\u00ebs q\u00eb po kalon vendi yn\u00eb.<\/span><\/span><\/span><\/div>\n<div style=\"text-align: justify;\">&nbsp;<\/div>\n<div style=\"text-align: justify;\"><span style=\"color: #000000;\"><span style=\"font-family: tahoma,geneva,sans-serif;\"><span style=\"font-size: 12px;\">&nbsp;&nbsp;&nbsp; Gjat\u00eb Jav\u00ebs s\u00eb Madhe, Kisha jon\u00eb e hedh v\u00ebshtrimin e saj n\u00eb disa \u00e7\u00ebshtje. Kryepiskopi Anastas tha t\u00eb H\u00ebn\u00ebn e Madhe se: \u201cduhet t\u00eb b\u00ebjm\u00eb rezistenc\u00eb ndaj m\u00ebkatit, sado i v\u00ebshtir\u00eb t\u00eb jet\u00eb dhe p\u00ebr k\u00ebt\u00eb le t\u00eb kujtojm\u00eb historin\u00eb e Josifit. Ai iu bind vullnetit t\u00eb Per\u00ebndis\u00eb. Nuk duhet t\u00eb kemi nj\u00eb besim t\u00eb jasht\u00ebm, por nj\u00eb besim nga pendimi dhe dashuria. Duhet t\u2019u kushtojm\u00eb v\u00ebmendje gj\u00ebrave t\u00eb brendshme e jo t\u00eb jashtme. Le t\u00eb \u00e7elim zemrat tona, sepse k\u00ebshtu shkojm\u00eb n\u00eb gjendjen shpirt\u00ebrore t\u00eb tjetrit. Ne t\u00eb krishter\u00ebt kemi nj\u00eb arm\u00eb t\u00eb fuqishme, lutjen. \u00c7do gj\u00eb q\u00eb e k\u00ebrkoni me lutje ka p\u00ebr t\u2019ju dh\u00ebn\u00eb. Duhet t\u00eb b\u00ebjm\u00eb m\u00eb shum\u00eb lutje p\u00ebr v\u00ebshtir\u00ebsit\u00eb tona personale, por edhe p\u00ebr njer\u00ebzit tan\u00eb t\u00eb dashur\u201d.<\/span><\/span><\/span><\/div>\n<div style=\"text-align: justify;\">&nbsp;<\/div>\n<div style=\"text-align: justify;\"><span style=\"color: #000000;\"><span style=\"font-family: tahoma,geneva,sans-serif;\"><span style=\"font-size: 12px;\">&nbsp;&nbsp;&nbsp; Nd\u00ebrsa gjat\u00eb t\u00eb Mart\u00ebs s\u00eb Madhe, Fortlumturia e Tij iu b\u00ebri thirrje besimtar\u00ebve p\u00ebr t\u00eb mos qen\u00eb sip\u00ebrfaq\u00ebsor\u00eb dhe kryelart\u00eb, \u201csepse rrezikohemi t\u00eb b\u00ebjm\u00eb nj\u00eb jet\u00eb shpirt\u00ebrore t\u00eb jashtme. Duhet t\u00eb jetojm\u00eb n\u00eb p\u00ebrpjekje p\u00ebr pastrimin ton\u00eb shpirt\u00ebror. T\u00eb mos jemi dembel\u00eb, por t\u2019i pranojm\u00eb dhuratat e Per\u00ebndis\u00eb dhe t\u2019i shp\u00ebrndajm\u00eb ato te njer\u00ebzit e tjer\u00eb. Kur p\u00ebrparon nj\u00eb njeri, p\u00ebrparon e gjith\u00eb t\u00ebr\u00ebsia\u201d.<\/span><\/span><\/span><\/div>\n<div style=\"text-align: justify;\">&nbsp;<\/div>\n<div style=\"text-align: justify;\"><span style=\"color: #000000;\"><span style=\"font-family: tahoma,geneva,sans-serif;\"><span style=\"font-size: 12px;\">&nbsp;&nbsp;&nbsp; Nd\u00ebrsa t\u00eb M\u00ebrkura e Madhe, ai p\u00ebrcolli mesazhin e vigjilenc\u00ebs n\u00eb jet\u00ebn spirituale. \u201cLe t\u00eb kemi kujdes n\u00ebse mendojm\u00eb se jemi pran\u00eb Krishtit. Ata q\u00eb ndoshta duken larg Kish\u00ebs dhe jasht\u00eb Zotit, mund t\u00eb ndodhen m\u00eb pran\u00eb Tij kur marrin vendimin p\u00ebr t\u2019u penduar. Pendimi \u00ebsht\u00eb nj\u00eb ngjarje e madhe, plog\u00ebshtia dhe dembelizmi \u00ebsht\u00eb e r\u00ebnd\u00eb\u201d.<\/span><\/span><\/span><\/div>\n<div style=\"text-align: justify;\">&nbsp;<\/div>\n<div style=\"text-align: justify;\"><span style=\"color: #000000;\"><span style=\"font-family: tahoma,geneva,sans-serif;\"><span style=\"font-size: 12px;\">&nbsp;&nbsp;&nbsp; T\u00eb Enjten e Madhe, ai tha: \u201c\u2026kjo \u00ebsht\u00eb dit\u00eb e r\u00ebnd\u00ebsishme, sepse Krishti nuk ishte vet\u00ebm m\u00ebsues, por Shp\u00ebtimtari q\u00eb u kryq\u00ebzua p\u00ebr ne. N\u00eb rast se p\u00ebr disa persona kryq\u00ebzimi \u00ebsht\u00eb \u00e7menduri, p\u00ebr ne \u00ebsht\u00eb urt\u00ebsi e Zotit dhe fuqi. Zoti t\u00eb na b\u00ebj\u00eb t\u00eb denj\u00eb q\u00eb duke par\u00eb te Ai q\u00eb \u00ebsht\u00eb kryq\u00ebzuar, t\u00eb kemi besim t\u00eb plot\u00eb te dashuria e Tij\u201d.<\/span><\/span><\/span><\/div>\n<div style=\"text-align: justify;\">&nbsp;<\/div>\n<div style=\"text-align: justify;\"><span style=\"color: #000000;\"><span style=\"font-family: tahoma,geneva,sans-serif;\"><span style=\"font-size: 12px;\">&nbsp;&nbsp;&nbsp; T\u00eb Premten e Madhe, Kryepiskopi n\u00ebnvizoi: \u201cLe t\u00eb fal\u00ebnderojm\u00eb Per\u00ebndin\u00eb q\u00eb pranoi t\u00eb vuaj\u00eb p\u00ebr shp\u00ebtimin ton\u00eb q\u00eb t\u2019i \u00e7eli gjinis\u00eb njer\u00ebzore nj\u00eb rrug\u00eb t\u00eb re. Le ta shtojm\u00eb dashurin\u00eb ndaj Zotit. Le t\u00eb b\u00ebhemi m\u00eb tep\u00ebr t\u00eb drejt\u00eb, njer\u00ebz t\u00eb s\u00eb v\u00ebrtet\u00ebs dhe t\u00eb gatsh\u00ebm p\u00ebr t\u00eb falur t\u00eb tjer\u00ebt. Sa m\u00eb af\u00ebr Krishtin t\u00eb jemi, aq m\u00eb pran\u00eb nesh do t\u00eb jet\u00eb Ai\u201d.<\/span><\/span><\/span><\/div>\n<div style=\"text-align: justify;\">&nbsp;<\/div>\n<div style=\"text-align: justify;\"><span style=\"color: #000000;\"><span style=\"font-family: tahoma,geneva,sans-serif;\"><span style=\"font-size: 12px;\">&nbsp;&nbsp;&nbsp; Pas k\u00ebtij rrug\u00ebtimi me porosi dhe mesazhe thelb\u00ebsore p\u00ebr jet\u00ebn, t\u00eb cilat i p\u00ebrcolli para besimtar\u00ebve kryeqytetas, Kryepiskopi Anastas, pak minuta para or\u00ebs 00.00 lexoi mesazhin e Ngjalljes. Me mij\u00ebra besimtar\u00eb kishin mbushur kish\u00ebn, ambientin p\u00ebrreth katedrales si edhe sheshin n\u00eb rrug\u00ebn e Kavaj\u00ebs, n\u00eb sheshin ku do t\u00eb zhvillohej edhe ceremonia e pritjes t\u00eb Ngjalljes s\u00eb Krishtit. Kur akrepat u fiksuan te ora 00.00, u d\u00ebgjua thirrja ngaz\u00ebllyse \u201cKrishti u Ngjall\u201d, e pasuar nga tingujt e g\u00ebzuesh\u00ebm t\u00eb kambanave dhe nga urimet e shum\u00eb besimtar\u00ebve, t\u00eb cil\u00ebt me qirinj n\u00eb duar uronin nj\u00ebri-tjetrin p\u00ebr mbar\u00ebsi dhe shpres\u00eb n\u00eb jet\u00eb.<\/span><\/span><\/span><\/div>\n<div style=\"text-align: justify;\">&nbsp;<\/div>\n<div style=\"text-align: justify;\"><span style=\"color: #000000;\"><span style=\"font-family: tahoma,geneva,sans-serif;\"><span style=\"font-size: 12px;\">&nbsp;&nbsp;&nbsp; M\u00eb pas, n\u00eb kish\u00eb vijoi Sh\u00ebrbesa e Ngjalljes e cila edhe k\u00ebt\u00eb vit u transmetua direkt nga Televizioni Publik Shqiptar. E ve\u00e7anta e k\u00ebtij viti ishte se ky transmetim u shoq\u00ebrua me&nbsp; komentimin e dy gazetar\u00ebve t\u00eb Kish\u00ebs son\u00eb, t\u00eb cil\u00ebt e p\u00ebrshkruan k\u00ebt\u00eb atmosfer\u00eb me profesionaliz\u00ebm dhe dashuri. Interesim k\u00ebt\u00eb vit, treguan edhe media t\u00eb tjera elektronike dhe t\u00eb shkruara, t\u00eb cilat pasqyruan Jav\u00ebn e Madhe, mesazhin e Ngjalljes s\u00eb Zotit Krisht si dhe ceremonit\u00eb festive t\u00eb kryera n\u00eb qytete t\u00eb ndryshme t\u00eb Kish\u00ebs son\u00eb.<\/span><\/span><\/span><\/div>\n<p><span style=\"color: #000000;\"><span style=\"font-size: 12px;\">&nbsp;&nbsp;<\/span><\/span><\/p>\n<div style=\"text-align: justify;\"><span style=\"color: #000000;\"><span style=\"font-family: tahoma,geneva,sans-serif;\"><span style=\"font-size: 12px;\">&nbsp;&nbsp;&nbsp;&nbsp; Fotot nga <strong>Nathan Hoppe<\/strong><\/span><\/span><\/span><\/div>\n<div style=\"text-align: justify;\">&nbsp;<\/div>\n<div style=\"text-align: justify;\"><span style=\"color: #000000;\"><span style=\"font-family: tahoma,geneva,sans-serif;\"><span style=\"font-size: 12px;\"><strong>&nbsp;&nbsp;&nbsp;&nbsp;&nbsp;&nbsp;&nbsp;&nbsp;&nbsp;&nbsp;&nbsp;&nbsp;&nbsp;&nbsp;&nbsp;&nbsp;&nbsp;&nbsp;&nbsp;&nbsp; Isidor Koti<\/strong><\/span><\/span><\/span><\/div>\n<p>&nbsp;<\/p>\n","protected":false},"excerpt":{"rendered":"<p>&nbsp;&nbsp;&nbsp; Kishte disa dit\u00eb q\u00eb Java e Madhe pritej me seriozitet nga besimtar\u00ebt e shumt\u00eb orthodhoks\u00eb t\u00eb Tiran\u00ebs, duke menduar se ritmi i jet\u00ebs s\u00eb tyre n\u00eb koh\u00ebt me ngjarje t\u00eb m\u00ebdha q\u00eb kremton Kisha t\u00eb ishte ndryshe nga dit\u00ebt e tjera t\u00eb vitit liturgjik. Nga leximet e Shkrimit t\u00eb Shenjt, ose komentet teologjike dhe poetike, spikati fakti se tradita e krishter\u00eb orthodhokse ka n\u00eb<\/p>\n","protected":false},"author":1,"featured_media":0,"comment_status":"open","ping_status":"open","sticky":false,"template":"","format":"standard","meta":{"_acf_changed":false,"pagelayer_contact_templates":[],"_pagelayer_content":"","inline_featured_image":false,"fifu_image_url":"","fifu_image_alt":"","footnotes":""},"categories":[108],"tags":[146,196,201,212,189],"class_list":["post-806","post","type-post","status-publish","format-standard","hentry","category-lajme","tag-146","tag-tirane","tag-kryepiskopi-anastas","tag-lajme-d27","tag-pashke-2014"],"acf":[],"yoast_head":"<!-- This site is optimized with the Yoast SEO plugin v27.2 - https:\/\/yoast.com\/product\/yoast-seo-wordpress\/ -->\n<title>Kremtimi i Pashk\u00ebs n\u00eb Tiran\u00eb (2008) - Kisha Orthodh\u03bfkse Autoqefale e Shqip\u00ebris\u00eb<\/title>\n<meta name=\"robots\" content=\"index, follow, max-snippet:-1, max-image-preview:large, max-video-preview:-1\" \/>\n<link rel=\"canonical\" href=\"https:\/\/orthodoxalbania.org\/2020\/2008\/02\/26\/kremtimi-i-pashkes-ne-tirane-2008\/\" \/>\n<meta property=\"og:locale\" content=\"en_US\" \/>\n<meta property=\"og:type\" content=\"article\" \/>\n<meta property=\"og:title\" content=\"Kremtimi i Pashk\u00ebs n\u00eb Tiran\u00eb (2008) - Kisha Orthodh\u03bfkse Autoqefale e Shqip\u00ebris\u00eb\" \/>\n<meta property=\"og:description\" content=\"&nbsp;&nbsp;&nbsp; Kishte disa dit\u00eb q\u00eb Java e Madhe pritej me seriozitet nga besimtar\u00ebt e shumt\u00eb orthodhoks\u00eb t\u00eb Tiran\u00ebs, duke menduar se ritmi i jet\u00ebs s\u00eb tyre n\u00eb koh\u00ebt me ngjarje t\u00eb m\u00ebdha q\u00eb kremton Kisha t\u00eb ishte ndryshe nga dit\u00ebt e tjera t\u00eb vitit liturgjik. Nga leximet e Shkrimit t\u00eb Shenjt, ose komentet teologjike dhe poetike, spikati fakti se tradita e krishter\u00eb orthodhokse ka n\u00eb\" \/>\n<meta property=\"og:url\" content=\"https:\/\/orthodoxalbania.org\/2020\/2008\/02\/26\/kremtimi-i-pashkes-ne-tirane-2008\/\" \/>\n<meta property=\"og:site_name\" content=\"Kisha Orthodh\u03bfkse Autoqefale e Shqip\u00ebris\u00eb\" \/>\n<meta property=\"article:publisher\" content=\"https:\/\/www.facebook.com\/koash1991\" \/>\n<meta property=\"article:published_time\" content=\"2008-02-26T00:00:00+00:00\" \/>\n<meta property=\"article:modified_time\" content=\"2020-04-06T20:35:20+00:00\" \/>\n<meta property=\"og:image\" content=\"https:\/\/lh6.googleusercontent.com\/-ndfmYfCbzLY\/VI6s6PtmmPI\/AAAAAAAAHjs\/CBprmNmFkAQ\/w400-h266-no\/pashka%2B1.jpg\" \/>\n<meta name=\"author\" content=\"Kisha Orthodhokse\" \/>\n<meta name=\"twitter:card\" content=\"summary_large_image\" \/>\n<meta name=\"twitter:label1\" content=\"Written by\" \/>\n\t<meta name=\"twitter:data1\" content=\"Kisha Orthodhokse\" \/>\n\t<meta name=\"twitter:label2\" content=\"Est. reading time\" \/>\n\t<meta name=\"twitter:data2\" content=\"5 minutes\" \/>\n<script type=\"application\/ld+json\" class=\"yoast-schema-graph\">{\"@context\":\"https:\/\/schema.org\",\"@graph\":[{\"@type\":\"Article\",\"@id\":\"https:\/\/orthodoxalbania.org\/2020\/2008\/02\/26\/kremtimi-i-pashkes-ne-tirane-2008\/#article\",\"isPartOf\":{\"@id\":\"https:\/\/orthodoxalbania.org\/2020\/2008\/02\/26\/kremtimi-i-pashkes-ne-tirane-2008\/\"},\"author\":{\"name\":\"Kisha Orthodhokse\",\"@id\":\"https:\/\/orthodoxalbania.org\/2020\/#\/schema\/person\/0c387634a7063ac612d7ed9ce71c7e86\"},\"headline\":\"Kremtimi i Pashk\u00ebs n\u00eb Tiran\u00eb (2008)\",\"datePublished\":\"2008-02-26T00:00:00+00:00\",\"dateModified\":\"2020-04-06T20:35:20+00:00\",\"mainEntityOfPage\":{\"@id\":\"https:\/\/orthodoxalbania.org\/2020\/2008\/02\/26\/kremtimi-i-pashkes-ne-tirane-2008\/\"},\"wordCount\":938,\"commentCount\":0,\"publisher\":{\"@id\":\"https:\/\/orthodoxalbania.org\/2020\/#organization\"},\"image\":{\"@id\":\"https:\/\/orthodoxalbania.org\/2020\/2008\/02\/26\/kremtimi-i-pashkes-ne-tirane-2008\/#primaryimage\"},\"thumbnailUrl\":\"https:\/\/lh6.googleusercontent.com\/-ndfmYfCbzLY\/VI6s6PtmmPI\/AAAAAAAAHjs\/CBprmNmFkAQ\/w400-h266-no\/pashka%2B1.jpg\",\"keywords\":[\"2008\",\"Kryepiskopata Tiran\u00eb\",\"Kryepiskopi Anastas\",\"lajme\",\"Pashk\u00eb\"],\"articleSection\":[\"Lajme\"],\"inLanguage\":\"en-US\"},{\"@type\":\"WebPage\",\"@id\":\"https:\/\/orthodoxalbania.org\/2020\/2008\/02\/26\/kremtimi-i-pashkes-ne-tirane-2008\/\",\"url\":\"https:\/\/orthodoxalbania.org\/2020\/2008\/02\/26\/kremtimi-i-pashkes-ne-tirane-2008\/\",\"name\":\"Kremtimi i Pashk\u00ebs n\u00eb Tiran\u00eb (2008) - Kisha Orthodh\u03bfkse Autoqefale e Shqip\u00ebris\u00eb\",\"isPartOf\":{\"@id\":\"https:\/\/orthodoxalbania.org\/2020\/#website\"},\"primaryImageOfPage\":{\"@id\":\"https:\/\/orthodoxalbania.org\/2020\/2008\/02\/26\/kremtimi-i-pashkes-ne-tirane-2008\/#primaryimage\"},\"image\":{\"@id\":\"https:\/\/orthodoxalbania.org\/2020\/2008\/02\/26\/kremtimi-i-pashkes-ne-tirane-2008\/#primaryimage\"},\"thumbnailUrl\":\"https:\/\/lh6.googleusercontent.com\/-ndfmYfCbzLY\/VI6s6PtmmPI\/AAAAAAAAHjs\/CBprmNmFkAQ\/w400-h266-no\/pashka%2B1.jpg\",\"datePublished\":\"2008-02-26T00:00:00+00:00\",\"dateModified\":\"2020-04-06T20:35:20+00:00\",\"breadcrumb\":{\"@id\":\"https:\/\/orthodoxalbania.org\/2020\/2008\/02\/26\/kremtimi-i-pashkes-ne-tirane-2008\/#breadcrumb\"},\"inLanguage\":\"en-US\",\"potentialAction\":[{\"@type\":\"ReadAction\",\"target\":[\"https:\/\/orthodoxalbania.org\/2020\/2008\/02\/26\/kremtimi-i-pashkes-ne-tirane-2008\/\"]}]},{\"@type\":\"ImageObject\",\"inLanguage\":\"en-US\",\"@id\":\"https:\/\/orthodoxalbania.org\/2020\/2008\/02\/26\/kremtimi-i-pashkes-ne-tirane-2008\/#primaryimage\",\"url\":\"https:\/\/lh6.googleusercontent.com\/-ndfmYfCbzLY\/VI6s6PtmmPI\/AAAAAAAAHjs\/CBprmNmFkAQ\/w400-h266-no\/pashka%2B1.jpg\",\"contentUrl\":\"https:\/\/lh6.googleusercontent.com\/-ndfmYfCbzLY\/VI6s6PtmmPI\/AAAAAAAAHjs\/CBprmNmFkAQ\/w400-h266-no\/pashka%2B1.jpg\"},{\"@type\":\"BreadcrumbList\",\"@id\":\"https:\/\/orthodoxalbania.org\/2020\/2008\/02\/26\/kremtimi-i-pashkes-ne-tirane-2008\/#breadcrumb\",\"itemListElement\":[{\"@type\":\"ListItem\",\"position\":1,\"name\":\"Home\",\"item\":\"https:\/\/orthodoxalbania.org\/2020\/\"},{\"@type\":\"ListItem\",\"position\":2,\"name\":\"Kremtimi i Pashk\u00ebs n\u00eb Tiran\u00eb (2008)\"}]},{\"@type\":\"WebSite\",\"@id\":\"https:\/\/orthodoxalbania.org\/2020\/#website\",\"url\":\"https:\/\/orthodoxalbania.org\/2020\/\",\"name\":\"Kisha Orthodh\u03bfkse Autoqefale e Shqip\u00ebris\u00eb\",\"description\":\"Fqja Zyrtare e Kish\u00ebs Orthodhokse Autoqefale e Shqip\u00ebris\u00eb me lajmet edhe informacionet zyrtare p\u00ebr struktur\u00ebn edhe veprimtarin e saj.\",\"publisher\":{\"@id\":\"https:\/\/orthodoxalbania.org\/2020\/#organization\"},\"potentialAction\":[{\"@type\":\"SearchAction\",\"target\":{\"@type\":\"EntryPoint\",\"urlTemplate\":\"https:\/\/orthodoxalbania.org\/2020\/?s={search_term_string}\"},\"query-input\":{\"@type\":\"PropertyValueSpecification\",\"valueRequired\":true,\"valueName\":\"search_term_string\"}}],\"inLanguage\":\"en-US\"},{\"@type\":\"Organization\",\"@id\":\"https:\/\/orthodoxalbania.org\/2020\/#organization\",\"name\":\"Kisha Orthodhokse Autoqefale e Shqip\u00ebris\u00eb\",\"url\":\"https:\/\/orthodoxalbania.org\/2020\/\",\"logo\":{\"@type\":\"ImageObject\",\"inLanguage\":\"en-US\",\"@id\":\"https:\/\/orthodoxalbania.org\/2020\/#\/schema\/logo\/image\/\",\"url\":\"https:\/\/orthodoxalbania.org\/2020\/wp-content\/uploads\/2020\/05\/albania.jpeg\",\"contentUrl\":\"https:\/\/orthodoxalbania.org\/2020\/wp-content\/uploads\/2020\/05\/albania.jpeg\",\"width\":540,\"height\":540,\"caption\":\"Kisha Orthodhokse Autoqefale e Shqip\u00ebris\u00eb\"},\"image\":{\"@id\":\"https:\/\/orthodoxalbania.org\/2020\/#\/schema\/logo\/image\/\"},\"sameAs\":[\"https:\/\/www.facebook.com\/koash1991\"]},{\"@type\":\"Person\",\"@id\":\"https:\/\/orthodoxalbania.org\/2020\/#\/schema\/person\/0c387634a7063ac612d7ed9ce71c7e86\",\"name\":\"Kisha Orthodhokse\",\"image\":{\"@type\":\"ImageObject\",\"inLanguage\":\"en-US\",\"@id\":\"https:\/\/secure.gravatar.com\/avatar\/596e7c417251e30f2fbb9c00e026fce61a695a00e51c889caded71c96cbbdde5?s=96&d=mm&r=g\",\"url\":\"https:\/\/secure.gravatar.com\/avatar\/596e7c417251e30f2fbb9c00e026fce61a695a00e51c889caded71c96cbbdde5?s=96&d=mm&r=g\",\"contentUrl\":\"https:\/\/secure.gravatar.com\/avatar\/596e7c417251e30f2fbb9c00e026fce61a695a00e51c889caded71c96cbbdde5?s=96&d=mm&r=g\",\"caption\":\"Kisha Orthodhokse\"}}]}<\/script>\n<!-- \/ Yoast SEO plugin. -->","yoast_head_json":{"title":"Kremtimi i Pashk\u00ebs n\u00eb Tiran\u00eb (2008) - Kisha Orthodh\u03bfkse Autoqefale e Shqip\u00ebris\u00eb","robots":{"index":"index","follow":"follow","max-snippet":"max-snippet:-1","max-image-preview":"max-image-preview:large","max-video-preview":"max-video-preview:-1"},"canonical":"https:\/\/orthodoxalbania.org\/2020\/2008\/02\/26\/kremtimi-i-pashkes-ne-tirane-2008\/","og_locale":"en_US","og_type":"article","og_title":"Kremtimi i Pashk\u00ebs n\u00eb Tiran\u00eb (2008) - Kisha Orthodh\u03bfkse Autoqefale e Shqip\u00ebris\u00eb","og_description":"&nbsp;&nbsp;&nbsp; Kishte disa dit\u00eb q\u00eb Java e Madhe pritej me seriozitet nga besimtar\u00ebt e shumt\u00eb orthodhoks\u00eb t\u00eb Tiran\u00ebs, duke menduar se ritmi i jet\u00ebs s\u00eb tyre n\u00eb koh\u00ebt me ngjarje t\u00eb m\u00ebdha q\u00eb kremton Kisha t\u00eb ishte ndryshe nga dit\u00ebt e tjera t\u00eb vitit liturgjik. Nga leximet e Shkrimit t\u00eb Shenjt, ose komentet teologjike dhe poetike, spikati fakti se tradita e krishter\u00eb orthodhokse ka n\u00eb","og_url":"https:\/\/orthodoxalbania.org\/2020\/2008\/02\/26\/kremtimi-i-pashkes-ne-tirane-2008\/","og_site_name":"Kisha Orthodh\u03bfkse Autoqefale e Shqip\u00ebris\u00eb","article_publisher":"https:\/\/www.facebook.com\/koash1991","article_published_time":"2008-02-26T00:00:00+00:00","article_modified_time":"2020-04-06T20:35:20+00:00","og_image":[{"url":"https:\/\/lh6.googleusercontent.com\/-ndfmYfCbzLY\/VI6s6PtmmPI\/AAAAAAAAHjs\/CBprmNmFkAQ\/w400-h266-no\/pashka%2B1.jpg","type":"","width":"","height":""}],"author":"Kisha Orthodhokse","twitter_card":"summary_large_image","twitter_misc":{"Written by":"Kisha Orthodhokse","Est. reading time":"5 minutes"},"schema":{"@context":"https:\/\/schema.org","@graph":[{"@type":"Article","@id":"https:\/\/orthodoxalbania.org\/2020\/2008\/02\/26\/kremtimi-i-pashkes-ne-tirane-2008\/#article","isPartOf":{"@id":"https:\/\/orthodoxalbania.org\/2020\/2008\/02\/26\/kremtimi-i-pashkes-ne-tirane-2008\/"},"author":{"name":"Kisha Orthodhokse","@id":"https:\/\/orthodoxalbania.org\/2020\/#\/schema\/person\/0c387634a7063ac612d7ed9ce71c7e86"},"headline":"Kremtimi i Pashk\u00ebs n\u00eb Tiran\u00eb (2008)","datePublished":"2008-02-26T00:00:00+00:00","dateModified":"2020-04-06T20:35:20+00:00","mainEntityOfPage":{"@id":"https:\/\/orthodoxalbania.org\/2020\/2008\/02\/26\/kremtimi-i-pashkes-ne-tirane-2008\/"},"wordCount":938,"commentCount":0,"publisher":{"@id":"https:\/\/orthodoxalbania.org\/2020\/#organization"},"image":{"@id":"https:\/\/orthodoxalbania.org\/2020\/2008\/02\/26\/kremtimi-i-pashkes-ne-tirane-2008\/#primaryimage"},"thumbnailUrl":"https:\/\/lh6.googleusercontent.com\/-ndfmYfCbzLY\/VI6s6PtmmPI\/AAAAAAAAHjs\/CBprmNmFkAQ\/w400-h266-no\/pashka%2B1.jpg","keywords":["2008","Kryepiskopata Tiran\u00eb","Kryepiskopi Anastas","lajme","Pashk\u00eb"],"articleSection":["Lajme"],"inLanguage":"en-US"},{"@type":"WebPage","@id":"https:\/\/orthodoxalbania.org\/2020\/2008\/02\/26\/kremtimi-i-pashkes-ne-tirane-2008\/","url":"https:\/\/orthodoxalbania.org\/2020\/2008\/02\/26\/kremtimi-i-pashkes-ne-tirane-2008\/","name":"Kremtimi i Pashk\u00ebs n\u00eb Tiran\u00eb (2008) - Kisha Orthodh\u03bfkse Autoqefale e Shqip\u00ebris\u00eb","isPartOf":{"@id":"https:\/\/orthodoxalbania.org\/2020\/#website"},"primaryImageOfPage":{"@id":"https:\/\/orthodoxalbania.org\/2020\/2008\/02\/26\/kremtimi-i-pashkes-ne-tirane-2008\/#primaryimage"},"image":{"@id":"https:\/\/orthodoxalbania.org\/2020\/2008\/02\/26\/kremtimi-i-pashkes-ne-tirane-2008\/#primaryimage"},"thumbnailUrl":"https:\/\/lh6.googleusercontent.com\/-ndfmYfCbzLY\/VI6s6PtmmPI\/AAAAAAAAHjs\/CBprmNmFkAQ\/w400-h266-no\/pashka%2B1.jpg","datePublished":"2008-02-26T00:00:00+00:00","dateModified":"2020-04-06T20:35:20+00:00","breadcrumb":{"@id":"https:\/\/orthodoxalbania.org\/2020\/2008\/02\/26\/kremtimi-i-pashkes-ne-tirane-2008\/#breadcrumb"},"inLanguage":"en-US","potentialAction":[{"@type":"ReadAction","target":["https:\/\/orthodoxalbania.org\/2020\/2008\/02\/26\/kremtimi-i-pashkes-ne-tirane-2008\/"]}]},{"@type":"ImageObject","inLanguage":"en-US","@id":"https:\/\/orthodoxalbania.org\/2020\/2008\/02\/26\/kremtimi-i-pashkes-ne-tirane-2008\/#primaryimage","url":"https:\/\/lh6.googleusercontent.com\/-ndfmYfCbzLY\/VI6s6PtmmPI\/AAAAAAAAHjs\/CBprmNmFkAQ\/w400-h266-no\/pashka%2B1.jpg","contentUrl":"https:\/\/lh6.googleusercontent.com\/-ndfmYfCbzLY\/VI6s6PtmmPI\/AAAAAAAAHjs\/CBprmNmFkAQ\/w400-h266-no\/pashka%2B1.jpg"},{"@type":"BreadcrumbList","@id":"https:\/\/orthodoxalbania.org\/2020\/2008\/02\/26\/kremtimi-i-pashkes-ne-tirane-2008\/#breadcrumb","itemListElement":[{"@type":"ListItem","position":1,"name":"Home","item":"https:\/\/orthodoxalbania.org\/2020\/"},{"@type":"ListItem","position":2,"name":"Kremtimi i Pashk\u00ebs n\u00eb Tiran\u00eb (2008)"}]},{"@type":"WebSite","@id":"https:\/\/orthodoxalbania.org\/2020\/#website","url":"https:\/\/orthodoxalbania.org\/2020\/","name":"Kisha Orthodh\u03bfkse Autoqefale e Shqip\u00ebris\u00eb","description":"Fqja Zyrtare e Kish\u00ebs Orthodhokse Autoqefale e Shqip\u00ebris\u00eb me lajmet edhe informacionet zyrtare p\u00ebr struktur\u00ebn edhe veprimtarin e saj.","publisher":{"@id":"https:\/\/orthodoxalbania.org\/2020\/#organization"},"potentialAction":[{"@type":"SearchAction","target":{"@type":"EntryPoint","urlTemplate":"https:\/\/orthodoxalbania.org\/2020\/?s={search_term_string}"},"query-input":{"@type":"PropertyValueSpecification","valueRequired":true,"valueName":"search_term_string"}}],"inLanguage":"en-US"},{"@type":"Organization","@id":"https:\/\/orthodoxalbania.org\/2020\/#organization","name":"Kisha Orthodhokse Autoqefale e Shqip\u00ebris\u00eb","url":"https:\/\/orthodoxalbania.org\/2020\/","logo":{"@type":"ImageObject","inLanguage":"en-US","@id":"https:\/\/orthodoxalbania.org\/2020\/#\/schema\/logo\/image\/","url":"https:\/\/orthodoxalbania.org\/2020\/wp-content\/uploads\/2020\/05\/albania.jpeg","contentUrl":"https:\/\/orthodoxalbania.org\/2020\/wp-content\/uploads\/2020\/05\/albania.jpeg","width":540,"height":540,"caption":"Kisha Orthodhokse Autoqefale e Shqip\u00ebris\u00eb"},"image":{"@id":"https:\/\/orthodoxalbania.org\/2020\/#\/schema\/logo\/image\/"},"sameAs":["https:\/\/www.facebook.com\/koash1991"]},{"@type":"Person","@id":"https:\/\/orthodoxalbania.org\/2020\/#\/schema\/person\/0c387634a7063ac612d7ed9ce71c7e86","name":"Kisha Orthodhokse","image":{"@type":"ImageObject","inLanguage":"en-US","@id":"https:\/\/secure.gravatar.com\/avatar\/596e7c417251e30f2fbb9c00e026fce61a695a00e51c889caded71c96cbbdde5?s=96&d=mm&r=g","url":"https:\/\/secure.gravatar.com\/avatar\/596e7c417251e30f2fbb9c00e026fce61a695a00e51c889caded71c96cbbdde5?s=96&d=mm&r=g","contentUrl":"https:\/\/secure.gravatar.com\/avatar\/596e7c417251e30f2fbb9c00e026fce61a695a00e51c889caded71c96cbbdde5?s=96&d=mm&r=g","caption":"Kisha Orthodhokse"}}]}},"_links":{"self":[{"href":"https:\/\/orthodoxalbania.org\/2020\/wp-json\/wp\/v2\/posts\/806","targetHints":{"allow":["GET"]}}],"collection":[{"href":"https:\/\/orthodoxalbania.org\/2020\/wp-json\/wp\/v2\/posts"}],"about":[{"href":"https:\/\/orthodoxalbania.org\/2020\/wp-json\/wp\/v2\/types\/post"}],"author":[{"embeddable":true,"href":"https:\/\/orthodoxalbania.org\/2020\/wp-json\/wp\/v2\/users\/1"}],"replies":[{"embeddable":true,"href":"https:\/\/orthodoxalbania.org\/2020\/wp-json\/wp\/v2\/comments?post=806"}],"version-history":[{"count":1,"href":"https:\/\/orthodoxalbania.org\/2020\/wp-json\/wp\/v2\/posts\/806\/revisions"}],"predecessor-version":[{"id":15654,"href":"https:\/\/orthodoxalbania.org\/2020\/wp-json\/wp\/v2\/posts\/806\/revisions\/15654"}],"wp:attachment":[{"href":"https:\/\/orthodoxalbania.org\/2020\/wp-json\/wp\/v2\/media?parent=806"}],"wp:term":[{"taxonomy":"category","embeddable":true,"href":"https:\/\/orthodoxalbania.org\/2020\/wp-json\/wp\/v2\/categories?post=806"},{"taxonomy":"post_tag","embeddable":true,"href":"https:\/\/orthodoxalbania.org\/2020\/wp-json\/wp\/v2\/tags?post=806"}],"curies":[{"name":"wp","href":"https:\/\/api.w.org\/{rel}","templated":true}]}}