{"id":798,"date":"2008-02-26T00:00:00","date_gmt":"2008-02-26T00:00:00","guid":{"rendered":""},"modified":"2020-04-06T22:35:32","modified_gmt":"2020-04-06T20:35:32","slug":"kremtimi-i-pashkes-ne-gjirokaster-2008","status":"publish","type":"post","link":"https:\/\/orthodoxalbania.org\/2020\/2008\/02\/26\/kremtimi-i-pashkes-ne-gjirokaster-2008\/","title":{"rendered":"Kremtimi i Pashk\u00ebs n\u00eb Gjirokast\u00ebr. (2008)"},"content":{"rendered":"<table id=\"AutoNumber4\" border=\"0\">\n<tbody>\n<tr>\n<td>\n<p style=\"text-align: justify;\"><span style=\"color: #000000;\"><span style=\"font-family: tahoma,geneva,sans-serif;\"><span style=\"font-size: 12px;\">&nbsp;&nbsp;&nbsp; N\u00eb t\u00eb gjitha zonat e Mitropolis\u00eb s\u00eb Shenjt\u00eb t\u00eb Gjirokastr\u00ebs, Pashka e Madhe ishte e mbushur me madh\u00ebshtin\u00eb e fest\u00ebs. Ngjarja m\u00eb e r\u00ebnd\u00ebsishme n\u00eb historin\u00eb njer\u00ebzore, Ngjallja e Krishtit, p\u00ebrshkroi mbar\u00eb komunitetin orthodhoks t\u00eb k\u00ebsaj zone.<\/span><\/span><\/span><\/p>\n<\/td>\n<td>\n<p><span style=\"color: #000000;\"><span style=\"font-family: tahoma,geneva,sans-serif;\"><span style=\"font-size: 12px;\"><img decoding=\"async\" class=\"lazyload HAa Eha\" style=\"border-width: 1px; border-style: solid; margin: 10px auto; display: block;\" alt=\"\" src=\"data:image\/gif;base64,R0lGODlhAQABAAAAACH5BAEKAAEALAAAAAABAAEAAAICTAEAOw==\" data-orig-src=\"https:\/\/lh3.googleusercontent.com\/-g8MnVYEIKcg\/VIv8To8vWVI\/AAAAAAAAHY4\/-kaHtitl0Jw\/w400-h269-no\/Gj[1].jpg\" \/><\/span><\/span><\/span><\/p>\n<\/td>\n<\/tr>\n<tr>\n<td>\n<p><span style=\"color: #000000;\"><span style=\"font-family: tahoma,geneva,sans-serif;\"><span style=\"font-size: 12px;\"><img decoding=\"async\" class=\"lazyload HAa Eha\" style=\"border-width: 1px; border-style: solid; margin: 10px auto; display: block;\" alt=\"\" src=\"data:image\/gif;base64,R0lGODlhAQABAAAAACH5BAEKAAEALAAAAAABAAEAAAICTAEAOw==\" data-orig-src=\"https:\/\/lh3.googleusercontent.com\/-IMBbJLfl4OA\/VIv8Tv0jbpI\/AAAAAAAAHZE\/m49RAEqlYow\/w400-h265-no\/Gj[2].jpg\" \/><\/span><\/span><\/span><\/p>\n<\/td>\n<td>\n<p><span style=\"color: #000000;\"><span style=\"font-family: tahoma,geneva,sans-serif;\"><span style=\"font-size: 12px;\">&nbsp;&nbsp;&nbsp; Klerik\u00ebt dhe besimtar\u00ebt m\u00eb t\u00eb vjet\u00ebr n\u00eb Kish\u00eb pan\u00eb m\u00eb shum\u00eb njer\u00ebz t\u00eb rinj n\u00ebp\u00ebr kisha, n\u00eb nj\u00eb atmosfer\u00eb t\u00eb mbushur me llambadha dhe urime, t\u00eb cilat vazhduan p\u00ebr nj\u00eb koh\u00eb t\u00eb gjat\u00eb n\u00eb kishat dhe sheshet e tyre, si n\u00eb qytete ashtu edhe n\u00eb fshatra. N\u00eb shumic\u00ebn e enorive u kryen me devotshm\u00ebri sh\u00ebrbesat e Jav\u00ebs s\u00eb Madhe dhe n\u00eb ve\u00e7anti Sh\u00ebrbesa e Ngjalljes.<\/span><\/span><\/span><\/p>\n<\/td>\n<\/tr>\n<tr>\n<td>\n<p style=\"text-align: justify;\"><span style=\"color: #000000;\"><span style=\"font-family: tahoma,geneva,sans-serif;\"><span style=\"font-size: 12px;\">&nbsp;&nbsp;&nbsp; N\u00eb Gjirokast\u00ebr, me gjith\u00eb programin e&nbsp;ngjeshur q\u00eb kishte Mitropoliti, Imzot Dhimitri, t\u00eb Diel\u00ebn e Dafinave, t\u00eb Enjten e Madhe dhe t\u00eb Diel\u00ebn e Ngjalljes, ai mori pjes\u00eb n\u00eb kish\u00ebn e \u201cKryeengj\u00ebjve Mihail dhe Gabriel\u201d si edhe n\u00eb Mbr\u00ebm\u00ebsoren e Dashuris\u00eb&nbsp;ku s\u00eb bashku me klerik\u00eb t\u00eb tjer\u00eb lexoi Ungjillin n\u00eb gjuh\u00eb t\u00eb ndryshme t\u00eb bot\u00ebs si: greqisht, italisht, fr\u00ebngjisht, anglisht, etj.<\/span><\/span><\/span><\/p>\n<\/td>\n<td>\n<p><span style=\"color: #000000;\"><span style=\"font-family: tahoma,geneva,sans-serif;\"><span style=\"font-size: 12px;\"><img decoding=\"async\" class=\"lazyload HAa Eha\" style=\"border-width: 1px; border-style: solid; margin: 10px auto; display: block;\" alt=\"\" src=\"data:image\/gif;base64,R0lGODlhAQABAAAAACH5BAEKAAEALAAAAAABAAEAAAICTAEAOw==\" data-orig-src=\"https:\/\/lh5.googleusercontent.com\/-70gzyaCLyEE\/VIv8ThBbI4I\/AAAAAAAAHY0\/8nZDgyZc4w4\/w400-h300-no\/Gj[3].jpg\" \/><\/span><\/span><\/span><\/p>\n<\/td>\n<\/tr>\n<tr>\n<td>\n<p><span style=\"color: #000000;\"><span style=\"font-family: tahoma,geneva,sans-serif;\"><span style=\"font-size: 12px;\"><img decoding=\"async\" class=\"lazyload HAa Eha\" style=\"border-width: 1px; border-style: solid; margin: 10px auto; display: block;\" alt=\"\" src=\"data:image\/gif;base64,R0lGODlhAQABAAAAACH5BAEKAAEALAAAAAABAAEAAAICTAEAOw==\" data-orig-src=\"https:\/\/lh4.googleusercontent.com\/-lhXKWU47t4U\/VIv8UOH8HuI\/AAAAAAAAHZA\/F4Lpa6jO4YQ\/w400-h300-no\/Gj[4].jpg\" \/><\/span><\/span><\/span><\/p>\n<\/td>\n<td>\n<p style=\"text-align: justify;\"><span style=\"color: #000000;\"><span style=\"font-family: tahoma,geneva,sans-serif;\"><span style=\"font-size: 12px;\">&nbsp;&nbsp;&nbsp; Edhe k\u00ebt\u00eb vit ra n\u00eb sy ardhja e nj\u00eb numri t\u00eb konsideruesh\u00ebm t\u00eb emigrant\u00ebve q\u00eb jetojn\u00eb e punojn\u00eb n\u00eb Greqi, t\u00eb cil\u00ebt i dhan\u00eb k\u00ebsaj atmosfere m\u00eb shum\u00eb g\u00ebzim n\u00eb familje dhe ambiente t\u00eb tjera. Pjes\u00ebmarrja e tyre me devocion n\u00eb Sh\u00ebrbes\u00ebn e Ngjalljes plot\u00ebsoi g\u00ebzimin e k\u00ebsaj t\u00eb kremte. Puna shpirt\u00ebrore u krye me dashuri dhe p\u00ebrkushtim. N\u00eb misterin e Kungat\u00ebs Hyjnore mor\u00ebn pjes\u00eb besimtar\u00eb t\u00eb shumt\u00eb, t\u00eb rinj e t\u00eb reja, f\u00ebmij\u00eb dhe t\u00eb moshuar. Atmosfera e Ngjalljes mbushi shpirtin dhe zemrat e tyre kudo: n\u00eb Gjirokast\u00ebr, Sarand\u00eb, Himar\u00eb, P\u00ebrmet etj.<\/span><\/span><\/span><\/p>\n<\/td>\n<\/tr>\n<tr>\n<td colspan=\"2\">\n<p style=\"text-align: justify;\"> <span style=\"color: #000000;\"><span style=\"font-family: tahoma,geneva,sans-serif;\"><span style=\"font-size: 12px;\">&nbsp;&nbsp;&nbsp; N\u00eb t\u00eb dyja gjuh\u00ebt shqip dhe greqisht, q\u00eb tradicionalisht fliten nga besimtar\u00ebt n\u00eb k\u00ebt\u00eb Dioqez\u00eb, vendi u mbush me psalmet: \u201cKrishti u Ngjall s\u00eb vdekurish\u2026\u201d dhe \u201cHristos anesti ek nekron\u2026\u201d. K\u00ebto urime mbush\u00ebn shpirtin e besimtar\u00ebve at\u00eb nat\u00eb, por edhe n\u00eb dit\u00ebt n\u00eb vazhdim. Vlen t\u00eb theksohet se n\u00eb k\u00ebt\u00eb Mitropoli \u00ebsht\u00eb nj\u00eb tradit\u00eb e bukur n\u00eb disa fshatra, kur shum\u00eb besimtar\u00eb gjat\u00eb gjith\u00eb jav\u00ebs s\u00eb Pashk\u00ebs ngjiten n\u00eb kishat dhe manastiret e shumta me t\u00eb cilat \u00ebsht\u00eb e mbushur zona p\u00ebr t\u00eb kryer lutje t\u00eb ve\u00e7anta drejtuar Krishtit, T\u00ebr\u00ebshenjt\u00ebs Mari dhe shenjtor\u00ebve t\u00eb Kish\u00ebs son\u00eb.<\/span><\/span><\/span><\/p>\n<\/td>\n<\/tr>\n<tr>\n<td colspan=\"2\">\n<p> <span style=\"color: #000000;\"><span style=\"font-family: tahoma,geneva,sans-serif;\"><span style=\"font-size: 12px;\">&nbsp;&nbsp;&nbsp;&nbsp;<\/span><\/span><\/span><\/p>\n<p style=\"text-align: right;\"><span style=\"color: #000000;\"><span style=\"font-family: tahoma,geneva,sans-serif;\"><span style=\"font-size: 12px;\"><strong>At\u00eb Theodhori Nikolla<\/strong><\/span><\/span><\/span><\/p>\n<\/td>\n<\/tr>\n<\/tbody>\n<\/table>\n","protected":false},"excerpt":{"rendered":"<p>&nbsp;&nbsp;&nbsp; N\u00eb t\u00eb gjitha zonat e Mitropolis\u00eb s\u00eb Shenjt\u00eb t\u00eb Gjirokastr\u00ebs, Pashka e Madhe ishte e mbushur me madh\u00ebshtin\u00eb e fest\u00ebs. Ngjarja m\u00eb e r\u00ebnd\u00ebsishme n\u00eb historin\u00eb njer\u00ebzore, Ngjallja e Krishtit, p\u00ebrshkroi mbar\u00eb komunitetin orthodhoks t\u00eb k\u00ebsaj zone. &nbsp;&nbsp;&nbsp; Klerik\u00ebt dhe besimtar\u00ebt m\u00eb t\u00eb vjet\u00ebr n\u00eb Kish\u00eb pan\u00eb m\u00eb shum\u00eb njer\u00ebz t\u00eb rinj n\u00ebp\u00ebr kisha, n\u00eb nj\u00eb atmosfer\u00eb t\u00eb mbushur me llambadha dhe urime, t\u00eb<\/p>\n","protected":false},"author":1,"featured_media":0,"comment_status":"open","ping_status":"open","sticky":false,"template":"","format":"standard","meta":{"_acf_changed":false,"pagelayer_contact_templates":[],"_pagelayer_content":"","inline_featured_image":false,"fifu_image_url":"","fifu_image_alt":"","footnotes":""},"categories":[108],"tags":[146,212,198,189],"class_list":["post-798","post","type-post","status-publish","format-standard","hentry","category-lajme","tag-146","tag-lajme-d27","tag-gjirokaster","tag-pashke-2014"],"acf":[],"yoast_head":"<!-- This site is optimized with the Yoast SEO plugin v27.2 - https:\/\/yoast.com\/product\/yoast-seo-wordpress\/ -->\n<title>Kremtimi i Pashk\u00ebs n\u00eb Gjirokast\u00ebr. (2008) - Kisha Orthodh\u03bfkse Autoqefale e Shqip\u00ebris\u00eb<\/title>\n<meta name=\"robots\" content=\"index, follow, max-snippet:-1, max-image-preview:large, max-video-preview:-1\" \/>\n<link rel=\"canonical\" href=\"https:\/\/orthodoxalbania.org\/2020\/2008\/02\/26\/kremtimi-i-pashkes-ne-gjirokaster-2008\/\" \/>\n<meta property=\"og:locale\" content=\"en_US\" \/>\n<meta property=\"og:type\" content=\"article\" \/>\n<meta property=\"og:title\" content=\"Kremtimi i Pashk\u00ebs n\u00eb Gjirokast\u00ebr. (2008) - Kisha Orthodh\u03bfkse Autoqefale e Shqip\u00ebris\u00eb\" \/>\n<meta property=\"og:description\" content=\"&nbsp;&nbsp;&nbsp; N\u00eb t\u00eb gjitha zonat e Mitropolis\u00eb s\u00eb Shenjt\u00eb t\u00eb Gjirokastr\u00ebs, Pashka e Madhe ishte e mbushur me madh\u00ebshtin\u00eb e fest\u00ebs. Ngjarja m\u00eb e r\u00ebnd\u00ebsishme n\u00eb historin\u00eb njer\u00ebzore, Ngjallja e Krishtit, p\u00ebrshkroi mbar\u00eb komunitetin orthodhoks t\u00eb k\u00ebsaj zone. &nbsp;&nbsp;&nbsp; Klerik\u00ebt dhe besimtar\u00ebt m\u00eb t\u00eb vjet\u00ebr n\u00eb Kish\u00eb pan\u00eb m\u00eb shum\u00eb njer\u00ebz t\u00eb rinj n\u00ebp\u00ebr kisha, n\u00eb nj\u00eb atmosfer\u00eb t\u00eb mbushur me llambadha dhe urime, t\u00eb\" \/>\n<meta property=\"og:url\" content=\"https:\/\/orthodoxalbania.org\/2020\/2008\/02\/26\/kremtimi-i-pashkes-ne-gjirokaster-2008\/\" \/>\n<meta property=\"og:site_name\" content=\"Kisha Orthodh\u03bfkse Autoqefale e Shqip\u00ebris\u00eb\" \/>\n<meta property=\"article:publisher\" content=\"https:\/\/www.facebook.com\/koash1991\" \/>\n<meta property=\"article:published_time\" content=\"2008-02-26T00:00:00+00:00\" \/>\n<meta property=\"article:modified_time\" content=\"2020-04-06T20:35:32+00:00\" \/>\n<meta property=\"og:image\" content=\"https:\/\/lh3.googleusercontent.com\/-g8MnVYEIKcg\/VIv8To8vWVI\/AAAAAAAAHY4\/-kaHtitl0Jw\/w400-h269-no\/Gj%5B1%5D.jpg\" \/>\n<meta name=\"author\" content=\"Kisha Orthodhokse\" \/>\n<meta name=\"twitter:card\" content=\"summary_large_image\" \/>\n<meta name=\"twitter:label1\" content=\"Written by\" \/>\n\t<meta name=\"twitter:data1\" content=\"Kisha Orthodhokse\" \/>\n\t<meta name=\"twitter:label2\" content=\"Est. reading time\" \/>\n\t<meta name=\"twitter:data2\" content=\"2 minutes\" \/>\n<script type=\"application\/ld+json\" class=\"yoast-schema-graph\">{\"@context\":\"https:\/\/schema.org\",\"@graph\":[{\"@type\":\"Article\",\"@id\":\"https:\/\/orthodoxalbania.org\/2020\/2008\/02\/26\/kremtimi-i-pashkes-ne-gjirokaster-2008\/#article\",\"isPartOf\":{\"@id\":\"https:\/\/orthodoxalbania.org\/2020\/2008\/02\/26\/kremtimi-i-pashkes-ne-gjirokaster-2008\/\"},\"author\":{\"name\":\"Kisha Orthodhokse\",\"@id\":\"https:\/\/orthodoxalbania.org\/2020\/#\/schema\/person\/0c387634a7063ac612d7ed9ce71c7e86\"},\"headline\":\"Kremtimi i Pashk\u00ebs n\u00eb Gjirokast\u00ebr. (2008)\",\"datePublished\":\"2008-02-26T00:00:00+00:00\",\"dateModified\":\"2020-04-06T20:35:32+00:00\",\"mainEntityOfPage\":{\"@id\":\"https:\/\/orthodoxalbania.org\/2020\/2008\/02\/26\/kremtimi-i-pashkes-ne-gjirokaster-2008\/\"},\"wordCount\":450,\"commentCount\":0,\"publisher\":{\"@id\":\"https:\/\/orthodoxalbania.org\/2020\/#organization\"},\"image\":{\"@id\":\"https:\/\/orthodoxalbania.org\/2020\/2008\/02\/26\/kremtimi-i-pashkes-ne-gjirokaster-2008\/#primaryimage\"},\"thumbnailUrl\":\"https:\/\/lh3.googleusercontent.com\/-g8MnVYEIKcg\/VIv8To8vWVI\/AAAAAAAAHY4\/-kaHtitl0Jw\/w400-h269-no\/Gj[1].jpg\",\"keywords\":[\"2008\",\"lajme\",\"Mitropolia Gjirokast\u00ebr\",\"Pashk\u00eb\"],\"articleSection\":[\"Lajme\"],\"inLanguage\":\"en-US\"},{\"@type\":\"WebPage\",\"@id\":\"https:\/\/orthodoxalbania.org\/2020\/2008\/02\/26\/kremtimi-i-pashkes-ne-gjirokaster-2008\/\",\"url\":\"https:\/\/orthodoxalbania.org\/2020\/2008\/02\/26\/kremtimi-i-pashkes-ne-gjirokaster-2008\/\",\"name\":\"Kremtimi i Pashk\u00ebs n\u00eb Gjirokast\u00ebr. (2008) - Kisha Orthodh\u03bfkse Autoqefale e Shqip\u00ebris\u00eb\",\"isPartOf\":{\"@id\":\"https:\/\/orthodoxalbania.org\/2020\/#website\"},\"primaryImageOfPage\":{\"@id\":\"https:\/\/orthodoxalbania.org\/2020\/2008\/02\/26\/kremtimi-i-pashkes-ne-gjirokaster-2008\/#primaryimage\"},\"image\":{\"@id\":\"https:\/\/orthodoxalbania.org\/2020\/2008\/02\/26\/kremtimi-i-pashkes-ne-gjirokaster-2008\/#primaryimage\"},\"thumbnailUrl\":\"https:\/\/lh3.googleusercontent.com\/-g8MnVYEIKcg\/VIv8To8vWVI\/AAAAAAAAHY4\/-kaHtitl0Jw\/w400-h269-no\/Gj[1].jpg\",\"datePublished\":\"2008-02-26T00:00:00+00:00\",\"dateModified\":\"2020-04-06T20:35:32+00:00\",\"breadcrumb\":{\"@id\":\"https:\/\/orthodoxalbania.org\/2020\/2008\/02\/26\/kremtimi-i-pashkes-ne-gjirokaster-2008\/#breadcrumb\"},\"inLanguage\":\"en-US\",\"potentialAction\":[{\"@type\":\"ReadAction\",\"target\":[\"https:\/\/orthodoxalbania.org\/2020\/2008\/02\/26\/kremtimi-i-pashkes-ne-gjirokaster-2008\/\"]}]},{\"@type\":\"ImageObject\",\"inLanguage\":\"en-US\",\"@id\":\"https:\/\/orthodoxalbania.org\/2020\/2008\/02\/26\/kremtimi-i-pashkes-ne-gjirokaster-2008\/#primaryimage\",\"url\":\"https:\/\/lh3.googleusercontent.com\/-g8MnVYEIKcg\/VIv8To8vWVI\/AAAAAAAAHY4\/-kaHtitl0Jw\/w400-h269-no\/Gj[1].jpg\",\"contentUrl\":\"https:\/\/lh3.googleusercontent.com\/-g8MnVYEIKcg\/VIv8To8vWVI\/AAAAAAAAHY4\/-kaHtitl0Jw\/w400-h269-no\/Gj[1].jpg\"},{\"@type\":\"BreadcrumbList\",\"@id\":\"https:\/\/orthodoxalbania.org\/2020\/2008\/02\/26\/kremtimi-i-pashkes-ne-gjirokaster-2008\/#breadcrumb\",\"itemListElement\":[{\"@type\":\"ListItem\",\"position\":1,\"name\":\"Home\",\"item\":\"https:\/\/orthodoxalbania.org\/2020\/\"},{\"@type\":\"ListItem\",\"position\":2,\"name\":\"Kremtimi i Pashk\u00ebs n\u00eb Gjirokast\u00ebr. (2008)\"}]},{\"@type\":\"WebSite\",\"@id\":\"https:\/\/orthodoxalbania.org\/2020\/#website\",\"url\":\"https:\/\/orthodoxalbania.org\/2020\/\",\"name\":\"Kisha Orthodh\u03bfkse Autoqefale e Shqip\u00ebris\u00eb\",\"description\":\"Fqja Zyrtare e Kish\u00ebs Orthodhokse Autoqefale e Shqip\u00ebris\u00eb me lajmet edhe informacionet zyrtare p\u00ebr struktur\u00ebn edhe veprimtarin e saj.\",\"publisher\":{\"@id\":\"https:\/\/orthodoxalbania.org\/2020\/#organization\"},\"potentialAction\":[{\"@type\":\"SearchAction\",\"target\":{\"@type\":\"EntryPoint\",\"urlTemplate\":\"https:\/\/orthodoxalbania.org\/2020\/?s={search_term_string}\"},\"query-input\":{\"@type\":\"PropertyValueSpecification\",\"valueRequired\":true,\"valueName\":\"search_term_string\"}}],\"inLanguage\":\"en-US\"},{\"@type\":\"Organization\",\"@id\":\"https:\/\/orthodoxalbania.org\/2020\/#organization\",\"name\":\"Kisha Orthodhokse Autoqefale e Shqip\u00ebris\u00eb\",\"url\":\"https:\/\/orthodoxalbania.org\/2020\/\",\"logo\":{\"@type\":\"ImageObject\",\"inLanguage\":\"en-US\",\"@id\":\"https:\/\/orthodoxalbania.org\/2020\/#\/schema\/logo\/image\/\",\"url\":\"https:\/\/orthodoxalbania.org\/2020\/wp-content\/uploads\/2020\/05\/albania.jpeg\",\"contentUrl\":\"https:\/\/orthodoxalbania.org\/2020\/wp-content\/uploads\/2020\/05\/albania.jpeg\",\"width\":540,\"height\":540,\"caption\":\"Kisha Orthodhokse Autoqefale e Shqip\u00ebris\u00eb\"},\"image\":{\"@id\":\"https:\/\/orthodoxalbania.org\/2020\/#\/schema\/logo\/image\/\"},\"sameAs\":[\"https:\/\/www.facebook.com\/koash1991\"]},{\"@type\":\"Person\",\"@id\":\"https:\/\/orthodoxalbania.org\/2020\/#\/schema\/person\/0c387634a7063ac612d7ed9ce71c7e86\",\"name\":\"Kisha Orthodhokse\",\"image\":{\"@type\":\"ImageObject\",\"inLanguage\":\"en-US\",\"@id\":\"https:\/\/secure.gravatar.com\/avatar\/596e7c417251e30f2fbb9c00e026fce61a695a00e51c889caded71c96cbbdde5?s=96&d=mm&r=g\",\"url\":\"https:\/\/secure.gravatar.com\/avatar\/596e7c417251e30f2fbb9c00e026fce61a695a00e51c889caded71c96cbbdde5?s=96&d=mm&r=g\",\"contentUrl\":\"https:\/\/secure.gravatar.com\/avatar\/596e7c417251e30f2fbb9c00e026fce61a695a00e51c889caded71c96cbbdde5?s=96&d=mm&r=g\",\"caption\":\"Kisha Orthodhokse\"}}]}<\/script>\n<!-- \/ Yoast SEO plugin. -->","yoast_head_json":{"title":"Kremtimi i Pashk\u00ebs n\u00eb Gjirokast\u00ebr. (2008) - Kisha Orthodh\u03bfkse Autoqefale e Shqip\u00ebris\u00eb","robots":{"index":"index","follow":"follow","max-snippet":"max-snippet:-1","max-image-preview":"max-image-preview:large","max-video-preview":"max-video-preview:-1"},"canonical":"https:\/\/orthodoxalbania.org\/2020\/2008\/02\/26\/kremtimi-i-pashkes-ne-gjirokaster-2008\/","og_locale":"en_US","og_type":"article","og_title":"Kremtimi i Pashk\u00ebs n\u00eb Gjirokast\u00ebr. (2008) - Kisha Orthodh\u03bfkse Autoqefale e Shqip\u00ebris\u00eb","og_description":"&nbsp;&nbsp;&nbsp; N\u00eb t\u00eb gjitha zonat e Mitropolis\u00eb s\u00eb Shenjt\u00eb t\u00eb Gjirokastr\u00ebs, Pashka e Madhe ishte e mbushur me madh\u00ebshtin\u00eb e fest\u00ebs. Ngjarja m\u00eb e r\u00ebnd\u00ebsishme n\u00eb historin\u00eb njer\u00ebzore, Ngjallja e Krishtit, p\u00ebrshkroi mbar\u00eb komunitetin orthodhoks t\u00eb k\u00ebsaj zone. &nbsp;&nbsp;&nbsp; Klerik\u00ebt dhe besimtar\u00ebt m\u00eb t\u00eb vjet\u00ebr n\u00eb Kish\u00eb pan\u00eb m\u00eb shum\u00eb njer\u00ebz t\u00eb rinj n\u00ebp\u00ebr kisha, n\u00eb nj\u00eb atmosfer\u00eb t\u00eb mbushur me llambadha dhe urime, t\u00eb","og_url":"https:\/\/orthodoxalbania.org\/2020\/2008\/02\/26\/kremtimi-i-pashkes-ne-gjirokaster-2008\/","og_site_name":"Kisha Orthodh\u03bfkse Autoqefale e Shqip\u00ebris\u00eb","article_publisher":"https:\/\/www.facebook.com\/koash1991","article_published_time":"2008-02-26T00:00:00+00:00","article_modified_time":"2020-04-06T20:35:32+00:00","og_image":[{"url":"https:\/\/lh3.googleusercontent.com\/-g8MnVYEIKcg\/VIv8To8vWVI\/AAAAAAAAHY4\/-kaHtitl0Jw\/w400-h269-no\/Gj[1].jpg","type":"","width":"","height":""}],"author":"Kisha Orthodhokse","twitter_card":"summary_large_image","twitter_misc":{"Written by":"Kisha Orthodhokse","Est. reading time":"2 minutes"},"schema":{"@context":"https:\/\/schema.org","@graph":[{"@type":"Article","@id":"https:\/\/orthodoxalbania.org\/2020\/2008\/02\/26\/kremtimi-i-pashkes-ne-gjirokaster-2008\/#article","isPartOf":{"@id":"https:\/\/orthodoxalbania.org\/2020\/2008\/02\/26\/kremtimi-i-pashkes-ne-gjirokaster-2008\/"},"author":{"name":"Kisha Orthodhokse","@id":"https:\/\/orthodoxalbania.org\/2020\/#\/schema\/person\/0c387634a7063ac612d7ed9ce71c7e86"},"headline":"Kremtimi i Pashk\u00ebs n\u00eb Gjirokast\u00ebr. (2008)","datePublished":"2008-02-26T00:00:00+00:00","dateModified":"2020-04-06T20:35:32+00:00","mainEntityOfPage":{"@id":"https:\/\/orthodoxalbania.org\/2020\/2008\/02\/26\/kremtimi-i-pashkes-ne-gjirokaster-2008\/"},"wordCount":450,"commentCount":0,"publisher":{"@id":"https:\/\/orthodoxalbania.org\/2020\/#organization"},"image":{"@id":"https:\/\/orthodoxalbania.org\/2020\/2008\/02\/26\/kremtimi-i-pashkes-ne-gjirokaster-2008\/#primaryimage"},"thumbnailUrl":"https:\/\/lh3.googleusercontent.com\/-g8MnVYEIKcg\/VIv8To8vWVI\/AAAAAAAAHY4\/-kaHtitl0Jw\/w400-h269-no\/Gj[1].jpg","keywords":["2008","lajme","Mitropolia Gjirokast\u00ebr","Pashk\u00eb"],"articleSection":["Lajme"],"inLanguage":"en-US"},{"@type":"WebPage","@id":"https:\/\/orthodoxalbania.org\/2020\/2008\/02\/26\/kremtimi-i-pashkes-ne-gjirokaster-2008\/","url":"https:\/\/orthodoxalbania.org\/2020\/2008\/02\/26\/kremtimi-i-pashkes-ne-gjirokaster-2008\/","name":"Kremtimi i Pashk\u00ebs n\u00eb Gjirokast\u00ebr. (2008) - Kisha Orthodh\u03bfkse Autoqefale e Shqip\u00ebris\u00eb","isPartOf":{"@id":"https:\/\/orthodoxalbania.org\/2020\/#website"},"primaryImageOfPage":{"@id":"https:\/\/orthodoxalbania.org\/2020\/2008\/02\/26\/kremtimi-i-pashkes-ne-gjirokaster-2008\/#primaryimage"},"image":{"@id":"https:\/\/orthodoxalbania.org\/2020\/2008\/02\/26\/kremtimi-i-pashkes-ne-gjirokaster-2008\/#primaryimage"},"thumbnailUrl":"https:\/\/lh3.googleusercontent.com\/-g8MnVYEIKcg\/VIv8To8vWVI\/AAAAAAAAHY4\/-kaHtitl0Jw\/w400-h269-no\/Gj[1].jpg","datePublished":"2008-02-26T00:00:00+00:00","dateModified":"2020-04-06T20:35:32+00:00","breadcrumb":{"@id":"https:\/\/orthodoxalbania.org\/2020\/2008\/02\/26\/kremtimi-i-pashkes-ne-gjirokaster-2008\/#breadcrumb"},"inLanguage":"en-US","potentialAction":[{"@type":"ReadAction","target":["https:\/\/orthodoxalbania.org\/2020\/2008\/02\/26\/kremtimi-i-pashkes-ne-gjirokaster-2008\/"]}]},{"@type":"ImageObject","inLanguage":"en-US","@id":"https:\/\/orthodoxalbania.org\/2020\/2008\/02\/26\/kremtimi-i-pashkes-ne-gjirokaster-2008\/#primaryimage","url":"https:\/\/lh3.googleusercontent.com\/-g8MnVYEIKcg\/VIv8To8vWVI\/AAAAAAAAHY4\/-kaHtitl0Jw\/w400-h269-no\/Gj[1].jpg","contentUrl":"https:\/\/lh3.googleusercontent.com\/-g8MnVYEIKcg\/VIv8To8vWVI\/AAAAAAAAHY4\/-kaHtitl0Jw\/w400-h269-no\/Gj[1].jpg"},{"@type":"BreadcrumbList","@id":"https:\/\/orthodoxalbania.org\/2020\/2008\/02\/26\/kremtimi-i-pashkes-ne-gjirokaster-2008\/#breadcrumb","itemListElement":[{"@type":"ListItem","position":1,"name":"Home","item":"https:\/\/orthodoxalbania.org\/2020\/"},{"@type":"ListItem","position":2,"name":"Kremtimi i Pashk\u00ebs n\u00eb Gjirokast\u00ebr. (2008)"}]},{"@type":"WebSite","@id":"https:\/\/orthodoxalbania.org\/2020\/#website","url":"https:\/\/orthodoxalbania.org\/2020\/","name":"Kisha Orthodh\u03bfkse Autoqefale e Shqip\u00ebris\u00eb","description":"Fqja Zyrtare e Kish\u00ebs Orthodhokse Autoqefale e Shqip\u00ebris\u00eb me lajmet edhe informacionet zyrtare p\u00ebr struktur\u00ebn edhe veprimtarin e saj.","publisher":{"@id":"https:\/\/orthodoxalbania.org\/2020\/#organization"},"potentialAction":[{"@type":"SearchAction","target":{"@type":"EntryPoint","urlTemplate":"https:\/\/orthodoxalbania.org\/2020\/?s={search_term_string}"},"query-input":{"@type":"PropertyValueSpecification","valueRequired":true,"valueName":"search_term_string"}}],"inLanguage":"en-US"},{"@type":"Organization","@id":"https:\/\/orthodoxalbania.org\/2020\/#organization","name":"Kisha Orthodhokse Autoqefale e Shqip\u00ebris\u00eb","url":"https:\/\/orthodoxalbania.org\/2020\/","logo":{"@type":"ImageObject","inLanguage":"en-US","@id":"https:\/\/orthodoxalbania.org\/2020\/#\/schema\/logo\/image\/","url":"https:\/\/orthodoxalbania.org\/2020\/wp-content\/uploads\/2020\/05\/albania.jpeg","contentUrl":"https:\/\/orthodoxalbania.org\/2020\/wp-content\/uploads\/2020\/05\/albania.jpeg","width":540,"height":540,"caption":"Kisha Orthodhokse Autoqefale e Shqip\u00ebris\u00eb"},"image":{"@id":"https:\/\/orthodoxalbania.org\/2020\/#\/schema\/logo\/image\/"},"sameAs":["https:\/\/www.facebook.com\/koash1991"]},{"@type":"Person","@id":"https:\/\/orthodoxalbania.org\/2020\/#\/schema\/person\/0c387634a7063ac612d7ed9ce71c7e86","name":"Kisha Orthodhokse","image":{"@type":"ImageObject","inLanguage":"en-US","@id":"https:\/\/secure.gravatar.com\/avatar\/596e7c417251e30f2fbb9c00e026fce61a695a00e51c889caded71c96cbbdde5?s=96&d=mm&r=g","url":"https:\/\/secure.gravatar.com\/avatar\/596e7c417251e30f2fbb9c00e026fce61a695a00e51c889caded71c96cbbdde5?s=96&d=mm&r=g","contentUrl":"https:\/\/secure.gravatar.com\/avatar\/596e7c417251e30f2fbb9c00e026fce61a695a00e51c889caded71c96cbbdde5?s=96&d=mm&r=g","caption":"Kisha Orthodhokse"}}]}},"_links":{"self":[{"href":"https:\/\/orthodoxalbania.org\/2020\/wp-json\/wp\/v2\/posts\/798","targetHints":{"allow":["GET"]}}],"collection":[{"href":"https:\/\/orthodoxalbania.org\/2020\/wp-json\/wp\/v2\/posts"}],"about":[{"href":"https:\/\/orthodoxalbania.org\/2020\/wp-json\/wp\/v2\/types\/post"}],"author":[{"embeddable":true,"href":"https:\/\/orthodoxalbania.org\/2020\/wp-json\/wp\/v2\/users\/1"}],"replies":[{"embeddable":true,"href":"https:\/\/orthodoxalbania.org\/2020\/wp-json\/wp\/v2\/comments?post=798"}],"version-history":[{"count":1,"href":"https:\/\/orthodoxalbania.org\/2020\/wp-json\/wp\/v2\/posts\/798\/revisions"}],"predecessor-version":[{"id":15705,"href":"https:\/\/orthodoxalbania.org\/2020\/wp-json\/wp\/v2\/posts\/798\/revisions\/15705"}],"wp:attachment":[{"href":"https:\/\/orthodoxalbania.org\/2020\/wp-json\/wp\/v2\/media?parent=798"}],"wp:term":[{"taxonomy":"category","embeddable":true,"href":"https:\/\/orthodoxalbania.org\/2020\/wp-json\/wp\/v2\/categories?post=798"},{"taxonomy":"post_tag","embeddable":true,"href":"https:\/\/orthodoxalbania.org\/2020\/wp-json\/wp\/v2\/tags?post=798"}],"curies":[{"name":"wp","href":"https:\/\/api.w.org\/{rel}","templated":true}]}}