{"id":795,"date":"2008-02-26T00:00:00","date_gmt":"2008-02-26T00:00:00","guid":{"rendered":""},"modified":"2020-04-06T22:35:28","modified_gmt":"2020-04-06T20:35:28","slug":"kopje-e-dyte","status":"publish","type":"post","link":"https:\/\/orthodoxalbania.org\/2020\/2008\/02\/26\/kopje-e-dyte\/","title":{"rendered":"Kremtimi i Ngjalljes s\u00eb Zotit Krisht n\u00eb Berat. (2008)"},"content":{"rendered":"<table id=\"AutoNumber2\" border=\"0\">\n<tbody>\n<tr>\n<td dir=\"ltr\">\n<p style=\"text-align: justify;\"><span style=\"color: #000000;\"><span style=\"font-family: tahoma,geneva,sans-serif;\"><span style=\"font-size: 12px;\">&nbsp;&nbsp;&nbsp; Si n\u00eb t\u00eb gjitha Kishat Orthodhokse n\u00eb mbar\u00eb bot\u00ebn, edhe n\u00eb qytetin e Beratit u duk qart\u00eb madh\u00ebshtia dhe g\u00ebzimi q\u00eb sjell festa e pashk\u00ebve, Ngjallja e Zotit Krisht, Per\u00ebndis\u00eb son\u00eb.<\/span><\/span><\/span><\/p>\n<p style=\"text-align: justify;\"><span style=\"color: #000000;\"><span style=\"font-family: tahoma,geneva,sans-serif;\"><span style=\"font-size: 12px;\">&nbsp;&nbsp;&nbsp;&nbsp; Pas nj\u00eb jave t\u00eb gjat\u00eb p\u00ebsimesh, vuajtjesh dhe trishtimi ja ku i erdhi radha g\u00ebzimit, lumturis\u00eb dhe ndri\u00e7imit me drit\u00ebn e Ngjalljes. Djalli u mund sepse Zoti Krisht triumfoi mbi t\u00eb, vdekja u shkat\u00ebrrua sepse Zoti Krisht e shkeli at\u00eb duke hapur k\u00ebshtu dyert e parajs\u00ebs dhe t\u00eb pavdek\u00ebsis\u00eb.<\/span><\/span><\/span><\/p>\n<\/td>\n<td dir=\"ltr\">\n<p><span style=\"color: #000000;\"><span style=\"font-family: tahoma,geneva,sans-serif;\"><span style=\"font-size: 12px;\"><img decoding=\"async\" class=\"lazyload HAa Eha\" style=\"border-width: 1px; border-style: solid; margin: 10px auto; display: block;\" alt=\"\" src=\"data:image\/gif;base64,R0lGODlhAQABAAAAACH5BAEKAAEALAAAAAABAAEAAAICTAEAOw==\" data-orig-src=\"https:\/\/lh3.googleusercontent.com\/-EvRXIO0BhKM\/VIwAXRcTveI\/AAAAAAAAHas\/AuD-5Ik5-HM\/w400-h300-no\/Berat%2B1.jpg\" \/><\/span><\/span><\/span><\/p>\n<\/td>\n<\/tr>\n<tr>\n<td dir=\"ltr\">\n<p><span style=\"color: #000000;\"><span style=\"font-family: tahoma,geneva,sans-serif;\"><span style=\"font-size: 12px;\"><img decoding=\"async\" class=\"lazyload HAa Eha\" style=\"border-width: 1px; border-style: solid; margin: 10px auto; display: block;\" alt=\"\" src=\"data:image\/gif;base64,R0lGODlhAQABAAAAACH5BAEKAAEALAAAAAABAAEAAAICTAEAOw==\" data-orig-src=\"https:\/\/lh6.googleusercontent.com\/-3e8YHYRPsh0\/VIwAXCtxf6I\/AAAAAAAAHbQ\/r4IcVy50_CI\/w400-h300-no\/Berat%2B2.jpg\" \/><\/span><\/span><\/span><\/p>\n<\/td>\n<td dir=\"ltr\">\n<p style=\"text-align: justify;\"><span style=\"color: #000000;\"><span style=\"font-family: tahoma,geneva,sans-serif;\"><span style=\"font-size: 12px;\">&nbsp;&nbsp;&nbsp; Sh\u00ebrbesa e Ngjalljes dhe Liturgjia Hyjnore, n\u00eb Berat u krye paralelisht n\u00eb dy kisha historike, mesnat\u00ebn e t\u00eb diel\u00ebs.<\/span><\/span><\/span><\/p>\n<p style=\"text-align: justify;\"><span style=\"color: #000000;\"><span style=\"font-family: tahoma,geneva,sans-serif;\"><span style=\"font-size: 12px;\">&nbsp;&nbsp; Ishte Kisha e Sh\u00ebn Spiridhonit n\u00eb lagjen Goric\u00eb ajo q\u00eb priti besimtar\u00ebt m\u00eb t\u00eb shumt\u00eb n\u00eb num\u00ebr, prezenca e mij\u00ebra njer\u00ebzve n\u00eb k\u00ebt\u00eb nat\u00eb flet qart\u00eb se Ngjallja e Krishtit \u00ebsht\u00eb epiqendra e besimit ton\u00eb dhe festa m\u00eb e madhe e Kish\u00ebs Orthodhokse. Po t\u00eb dilje n\u00eb hajatin e kish\u00ebs dhe t\u00eb hidhje syt\u00eb nga rrugica q\u00eb \u00ebsht\u00eb gati 200 metra, e cila t\u00eb sjell n\u00eb kish\u00eb, menj\u00ebher\u00eb do t\u00eb asistoje me ndjesin\u00eb sikur p\u00ebrball kishe nj\u00eb lum t\u00eb zjarrt\u00eb, i krijuar nga llambadhat e ndezura.<\/span><\/span><\/span><\/p>\n<\/td>\n<\/tr>\n<tr>\n<td>\n<p><span style=\"color: #000000;\"><span style=\"font-family: tahoma,geneva,sans-serif;\"><span style=\"font-size: 12px;\">&nbsp;&nbsp;&nbsp;&nbsp;<\/span><\/span><\/span><\/p>\n<p style=\"text-align: justify;\"><span style=\"color: #000000;\"><span style=\"font-family: tahoma,geneva,sans-serif;\"><span style=\"font-size: 12px;\">&nbsp;&nbsp;&nbsp; Kisha e dyt\u00eb n\u00eb t\u00eb cil\u00ebn u kryen sh\u00ebrbesat e lartp\u00ebrmendura ishte Katedralja Historike e Fjetjes s\u00eb Sh\u00ebn Maris\u00eb n\u00eb Kala, ku n\u00eb hajatin e saj gjendet Muzeu&nbsp; Onufri. K\u00ebtu sh\u00ebrbesat u drejtuan nga Mitropoliti i Beratit, Vlor\u00ebs, Kanin\u00ebs dhe gjith\u00eb Myzeqes\u00eb Imzot Ignati.<\/span><\/span><\/span><\/p>\n<p style=\"text-align: justify;\"><span style=\"color: #000000;\"><span style=\"font-family: tahoma,geneva,sans-serif;\"><span style=\"font-size: 12px;\">&nbsp;&nbsp;&nbsp; N\u00eb t\u00eb dy kishat pas shpalljes s\u00eb lajmit t\u00eb Ngjalljes u lexua mesazhi i Pashk\u00ebs drejtuar klerit dhe gjith\u00eb besimtar\u00ebve nga Imzot Ignati n\u00eb t\u00eb cilin nd\u00ebr t\u00eb tjera u theksua:<\/span><\/span><\/span><\/p>\n<p>&nbsp;<\/p>\n<\/td>\n<td>\n<p><span style=\"color: #000000;\"><span style=\"font-family: tahoma,geneva,sans-serif;\"><span style=\"font-size: 12px;\"><img decoding=\"async\" class=\"lazyload HAa Eha\" style=\"border-width: 1px; border-style: solid; margin: 10px auto; display: block;\" alt=\"\" src=\"data:image\/gif;base64,R0lGODlhAQABAAAAACH5BAEKAAEALAAAAAABAAEAAAICTAEAOw==\" data-orig-src=\"https:\/\/lh4.googleusercontent.com\/-dTpi9F8YSSE\/VIwAXBKzeSI\/AAAAAAAAHbE\/70hZlMgG85M\/w300-h400-no\/Berat%2B3.jpg\" \/><\/span><\/span><\/span><\/p>\n<\/td>\n<\/tr>\n<tr>\n<td>\n<p><span style=\"color: #000000;\"><span style=\"font-family: tahoma,geneva,sans-serif;\"><span style=\"font-size: 12px;\"><img decoding=\"async\" class=\"lazyload HAa Eha\" style=\"border-width: 1px; border-style: solid; margin: 10px auto; display: block;\" alt=\"\" src=\"data:image\/gif;base64,R0lGODlhAQABAAAAACH5BAEKAAEALAAAAAABAAEAAAICTAEAOw==\" data-orig-src=\"https:\/\/lh5.googleusercontent.com\/-kgZDQy_D_O8\/VIwAXdAZ3pI\/AAAAAAAAHaw\/TDjsI6ti6o4\/w400-h300-no\/Berat%2B4.jpg\" \/><\/span><\/span><\/span><\/p>\n<\/td>\n<td>\n<p><span style=\"color: #000000;\"><span style=\"font-family: tahoma,geneva,sans-serif;\"><span style=\"font-size: 12px;\">&nbsp;&nbsp;&nbsp;&nbsp;<\/span><\/span><\/span><\/p>\n<p style=\"text-align: justify;\"><span style=\"color: #000000;\"><span style=\"font-family: tahoma,geneva,sans-serif;\"><span style=\"font-size: 12px;\">&nbsp;&nbsp;&nbsp; \u201c<em>Q\u00eb t\u00eb mund t\u00eb ndjekim Krishtin ton\u00eb t\u00eb ngjallur, q\u00eb ta b\u00ebjm\u00eb tonin, na duhet nj\u00eb tjet\u00ebr shikim dhe nj\u00eb zem\u00ebr trime, t\u00eb etur p\u00ebr pavdek\u00ebsin\u00eb. Askush nuk mund t\u2019i afrohet \u00e7udis\u00eb s\u00eb pashprehur me fjal\u00eb t\u00eb madh\u00ebshtis\u00eb s\u00eb Per\u00ebndis\u00eb, t\u00eb shikoj\u00eb drit\u00ebn e paafrueshme, me ndjenja t\u00eb papastruara, me mendime t\u00eb bot\u00ebs, me dyshime q\u00eb e d\u00ebmtojn\u00eb frym\u00ebn, kur rr\u00ebnjosen brenda njeriut. At\u00ebher\u00eb Ngjallja b\u00ebhet nj\u00eb fest\u00eb e bot\u00ebs dhe jo nj\u00eb tronditje e thell\u00eb dhe e madhe e qenies. Prandaj dhe Sh\u00ebn Joan Damaskini, ky gjuh\u00ebper\u00ebndish\u00ebm, na thot\u00eb: \u201cMe ndjenja t\u00eb pastra do t\u00eb shikojm\u00eb p\u00ebrball\u00eb nesh Krishtin t\u00eb shk\u00eblqej\u00eb n\u00eb drit\u00ebn e paafrueshme t\u00eb Ngjalljes dhe kthjellt\u00ebsisht do t\u00eb d\u00ebgjojm\u00eb t\u00eb na thot\u00eb \u201cG\u00ebzohuni\u201d n\u00eb momentin kur ne do t\u00eb k\u00ebndojm\u00eb k\u00ebng\u00eb fitoreje\u201d.<\/em><\/span><\/span><\/span><\/p>\n<\/td>\n<\/tr>\n<tr>\n<td>\n<p style=\"text-align: justify;\"><span style=\"color: #000000;\"><span style=\"font-family: tahoma,geneva,sans-serif;\"><span style=\"font-size: 12px;\"><em>&nbsp;&nbsp;&nbsp; \u00c7far\u00eb duhet t\u00eb b\u00ebhet, q\u00eb Ngjallja e Zotit Krisht t\u00eb p\u00ebrjetohet nga njer\u00ebzit e epok\u00ebs son\u00eb? P\u00ebr t\u2019ia arritur k\u00ebtij synimi, \u00ebsht\u00eb e nevojshme t\u2019i p\u00ebrvishemi t\u00eb gjith\u00eb nj\u00eb p\u00ebrpjekjeje t\u00eb programuar dhe t\u00eb detajuar. Sa e ndiejm\u00eb veten ton\u00eb m\u00eb af\u00ebr Krishtit dhe Ungjillit, sa e kemi shijuar, n\u00eb \u00e7far\u00ebdo niveli, nektarin e s\u00eb v\u00ebrtet\u00ebs dhe t\u00eb jet\u00ebs s\u00eb krishter\u00eb, duhet t\u00eb jemi nj\u00eb d\u00ebshmi e gjall\u00eb e frym\u00ebs s\u00eb Ngjalljes, e cila, si\u00e7 tham\u00eb dhe m\u00eb lart, \u00ebsht\u00eb fryma baz\u00eb e optimizmit dhe e shpres\u00ebs. Dhe, natyrisht, kundrejt Kish\u00ebs q\u00ebndron, s\u00eb pari edhe kryesisht, detyra e madhe, e cila \u00ebsht\u00eb nj\u00eb detyr\u00eb e p\u00ebrgjithshme dhe e t\u00eb gjith\u00ebve ne, e familjes, e shkoll\u00ebs, e shoq\u00ebris\u00eb, por edhe e secilitdo prej nesh.<\/em><\/span><\/span><\/span><\/p>\n<p>&nbsp;<\/p>\n<\/td>\n<td>\n<p><span style=\"color: #000000;\"><span style=\"font-family: tahoma,geneva,sans-serif;\"><span style=\"font-size: 12px;\"><img decoding=\"async\" class=\"lazyload HAa Eha\" style=\"display: block; margin-left: auto; margin-right: auto;\" alt=\"\" src=\"data:image\/gif;base64,R0lGODlhAQABAAAAACH5BAEKAAEALAAAAAABAAEAAAICTAEAOw==\" data-orig-src=\"https:\/\/lh3.googleusercontent.com\/-86RAyV_98mE\/VIwAXwBzZnI\/AAAAAAAAHa0\/h-2UGk02Z5w\/w300-h400-no\/Berat%2B5.jpg\" \/><\/span><\/span><\/span><\/p>\n<\/td>\n<\/tr>\n<tr>\n<td>\n<p><span style=\"color: #000000;\"><span style=\"font-family: tahoma,geneva,sans-serif;\"><span style=\"font-size: 12px;\"><img decoding=\"async\" class=\"lazyload HAa Eha\" style=\"border-width: 1px; border-style: solid; margin: 10px auto; display: block;\" alt=\"\" src=\"data:image\/gif;base64,R0lGODlhAQABAAAAACH5BAEKAAEALAAAAAABAAEAAAICTAEAOw==\" data-orig-src=\"https:\/\/lh6.googleusercontent.com\/-90DVXtV19EU\/VIwAYHpDgKI\/AAAAAAAAHbA\/vlaeKQLor10\/w400-h300-no\/Berat%2B6.jpg\" \/><\/span><\/span><\/span><\/p>\n<\/td>\n<td>\n<p><span style=\"color: #000000;\"><span style=\"font-family: tahoma,geneva,sans-serif;\"><span style=\"font-size: 12px;\">&nbsp;&nbsp;&nbsp;&nbsp;<\/span><\/span><\/span><\/p>\n<p style=\"text-align: justify;\"><span style=\"color: #000000;\"><span style=\"font-family: tahoma,geneva,sans-serif;\"><span style=\"font-size: 12px;\"><em>&nbsp;&nbsp;&nbsp; V\u00ebllez\u00ebrit e mi t\u00eb dashur m\u00eb Krishtin!Vet\u00ebm kur n\u00eb zemr\u00ebn dhe jet\u00ebn e t\u00eb krishter\u00ebve do t\u00eb kthehet besimi ndaj Zotit dhe t\u00eb v\u00ebrtet\u00ebs s\u00eb Ungjillit, jo thjesht si teori, por si nj\u00eb praktik\u00eb dhe p\u00ebrjetim, vet\u00ebm at\u00ebher\u00eb Ngjallja e Zotit do t\u00eb ushtroj\u00eb nj\u00eb ndikim bamir\u00ebs tek jeta e bot\u00ebs. At\u00ebher\u00eb do t\u00eb kap\u00ebrcehet frika e vdekjes, do t\u2019i shmanget njeriu asfiksis\u00eb s\u00eb mohimit t\u00eb \u00e7do vlere, do t\u00eb tregohet hero dhe do t\u00eb b\u00ebhet krijues i nj\u00eb bote m\u00eb t\u00eb mir\u00eb, i bot\u00ebs s\u00eb g\u00ebzimit t\u00eb Ngjalljes!<\/em><\/span><\/span><\/span><\/p>\n<p>&nbsp;<\/p>\n<p><span style=\"color: #000000;\"><span style=\"font-family: tahoma,geneva,sans-serif;\"><span style=\"font-size: 12px;\"><strong><em>&nbsp;&nbsp;&nbsp; Krishti u Ngjall! <\/em><\/strong><\/span><\/span><\/span><\/p>\n<p>&nbsp;<\/p>\n<\/td>\n<\/tr>\n<tr>\n<td>\n<p style=\"text-align: justify;\"><span style=\"color: #000000;\"><span style=\"font-family: tahoma,geneva,sans-serif;\"><span style=\"font-size: 12px;\">&nbsp;&nbsp; Kjo nat\u00eb e paharruar u mbyll si gjithmon\u00eb me dh\u00ebnien e Kungat\u00ebs Hyjnore p\u00ebr t\u00eb gjith\u00eb shpres\u00ebtar\u00ebt dhe besnik\u00ebt e Zotit Krisht.<\/span><\/span><\/span><\/p>\n<p style=\"text-align: justify;\"><span style=\"color: #000000;\"><span style=\"font-family: tahoma,geneva,sans-serif;\"><span style=\"font-size: 12px;\">&nbsp;&nbsp;&nbsp; Emocionet e Pashk\u00ebs vazhduan t\u00eb p\u00ebrjetoheshin dhe t\u00eb nes\u00ebrmen n\u00eb Mbr\u00ebm\u00ebsoren e Dashuris\u00eb, e cila u krye n\u00eb kish\u00ebn e Sh\u00ebn Spiridhonit t\u00eb diel\u00ebn n\u00eb or\u00ebn 10.<\/span><\/span><\/span><\/p>\n<p style=\"text-align: justify;\"><span style=\"color: #000000;\"><span style=\"font-family: tahoma,geneva,sans-serif;\"><span style=\"font-size: 12px;\">&nbsp;&nbsp;&nbsp; T\u00eb ve\u00e7antat e k\u00ebsaj sh\u00ebrbese ishin: Temjanisja e popullit nga kryebariu i tyre i paraprir\u00eb nga shum\u00eb f\u00ebmij\u00eb me llambadha t\u00eb ndezura n\u00eb duar si dhe Leximi i Ungjillit t\u00eb dit\u00ebs n\u00eb 8 gjuh\u00eb t\u00eb ndryshme.<\/span><\/span><\/span><\/p>\n<\/td>\n<td>\n<p><span style=\"color: #000000;\"><span style=\"font-family: tahoma,geneva,sans-serif;\"><span style=\"font-size: 12px;\"><img decoding=\"async\" class=\"lazyload HAa Eha\" style=\"border-width: 1px; border-style: solid; margin: 10px auto; display: block;\" alt=\"\" src=\"data:image\/gif;base64,R0lGODlhAQABAAAAACH5BAEKAAEALAAAAAABAAEAAAICTAEAOw==\" data-orig-src=\"https:\/\/lh6.googleusercontent.com\/-rwrb3bsXeho\/VIwAYU7mogI\/AAAAAAAAHbI\/z-ZJk1FGNQE\/w400-h300-no\/Berat%2B7.jpg\" \/><\/span><\/span><\/span><\/p>\n<\/td>\n<\/tr>\n<tr>\n<td dir=\"ltr\" colspan=\"2\">\n<p style=\"text-align: justify;\"><span style=\"color: #000000;\"><span style=\"font-family: tahoma,geneva,sans-serif;\"><span style=\"font-size: 12px;\">&nbsp;&nbsp;&nbsp; Pas k\u00ebsaj sh\u00ebrbese vijuan urimet e zakonshme paskale n\u00eb ambientet e Mitropolis\u00eb s\u00eb Hirshme, ku p\u00ebr t\u00eb uruar erdh\u00ebn gjith\u00eb p\u00ebrfaq\u00ebsuesit e institucioneve lokale, partive politike, p\u00ebrfaq\u00ebsuesit e Kish\u00ebs Romano-Katholike e Komunitetit Mysliman si dhe besimtar\u00eb t\u00eb shumt\u00eb.<\/span><\/span><\/span><\/p>\n<p style=\"text-align: justify;\"><span style=\"color: #000000;\"><span style=\"font-family: tahoma,geneva,sans-serif;\"><span style=\"font-size: 12px;\"><strong>&nbsp;&nbsp;&nbsp; Krishti u Ngjall!<\/strong><\/span><\/span><\/span><\/p>\n<p>&nbsp;<\/p>\n<\/td>\n<\/tr>\n<tr>\n<td dir=\"ltr\" colspan=\"2\">\n<p><span style=\"color: #000000;\"><span style=\"font-family: tahoma,geneva,sans-serif;\"><span style=\"font-size: 12px;\"><strong>&nbsp;&nbsp;&nbsp;&nbsp; &nbsp;&nbsp;&nbsp;&nbsp; Joan Qako<\/strong><\/span><\/span><\/span><\/p>\n<\/td>\n<\/tr>\n<\/tbody>\n<\/table>\n","protected":false},"excerpt":{"rendered":"<p>&nbsp;&nbsp;&nbsp; Si n\u00eb t\u00eb gjitha Kishat Orthodhokse n\u00eb mbar\u00eb bot\u00ebn, edhe n\u00eb qytetin e Beratit u duk qart\u00eb madh\u00ebshtia dhe g\u00ebzimi q\u00eb sjell festa e pashk\u00ebve, Ngjallja e Zotit Krisht, Per\u00ebndis\u00eb son\u00eb. &nbsp;&nbsp;&nbsp;&nbsp; Pas nj\u00eb jave t\u00eb gjat\u00eb p\u00ebsimesh, vuajtjesh dhe trishtimi ja ku i erdhi radha g\u00ebzimit, lumturis\u00eb dhe ndri\u00e7imit me drit\u00ebn e Ngjalljes. Djalli u mund sepse Zoti Krisht triumfoi mbi t\u00eb, vdekja<\/p>\n","protected":false},"author":1,"featured_media":0,"comment_status":"open","ping_status":"open","sticky":false,"template":"","format":"standard","meta":{"_acf_changed":false,"pagelayer_contact_templates":[],"_pagelayer_content":"","inline_featured_image":false,"fifu_image_url":"","fifu_image_alt":"","footnotes":""},"categories":[108],"tags":[146,212,197,189],"class_list":["post-795","post","type-post","status-publish","format-standard","hentry","category-lajme","tag-146","tag-lajme-d27","tag-berat","tag-pashke-2014"],"acf":[],"yoast_head":"<!-- This site is optimized with the Yoast SEO plugin v27.2 - https:\/\/yoast.com\/product\/yoast-seo-wordpress\/ -->\n<title>Kremtimi i Ngjalljes s\u00eb Zotit Krisht n\u00eb Berat. (2008) - Kisha Orthodh\u03bfkse Autoqefale e Shqip\u00ebris\u00eb<\/title>\n<meta name=\"robots\" content=\"index, follow, max-snippet:-1, max-image-preview:large, max-video-preview:-1\" \/>\n<link rel=\"canonical\" href=\"https:\/\/orthodoxalbania.org\/2020\/2008\/02\/26\/kopje-e-dyte\/\" \/>\n<meta property=\"og:locale\" content=\"en_US\" \/>\n<meta property=\"og:type\" content=\"article\" \/>\n<meta property=\"og:title\" content=\"Kremtimi i Ngjalljes s\u00eb Zotit Krisht n\u00eb Berat. (2008) - Kisha Orthodh\u03bfkse Autoqefale e Shqip\u00ebris\u00eb\" \/>\n<meta property=\"og:description\" content=\"&nbsp;&nbsp;&nbsp; Si n\u00eb t\u00eb gjitha Kishat Orthodhokse n\u00eb mbar\u00eb bot\u00ebn, edhe n\u00eb qytetin e Beratit u duk qart\u00eb madh\u00ebshtia dhe g\u00ebzimi q\u00eb sjell festa e pashk\u00ebve, Ngjallja e Zotit Krisht, Per\u00ebndis\u00eb son\u00eb. &nbsp;&nbsp;&nbsp;&nbsp; Pas nj\u00eb jave t\u00eb gjat\u00eb p\u00ebsimesh, vuajtjesh dhe trishtimi ja ku i erdhi radha g\u00ebzimit, lumturis\u00eb dhe ndri\u00e7imit me drit\u00ebn e Ngjalljes. Djalli u mund sepse Zoti Krisht triumfoi mbi t\u00eb, vdekja\" \/>\n<meta property=\"og:url\" content=\"https:\/\/orthodoxalbania.org\/2020\/2008\/02\/26\/kopje-e-dyte\/\" \/>\n<meta property=\"og:site_name\" content=\"Kisha Orthodh\u03bfkse Autoqefale e Shqip\u00ebris\u00eb\" \/>\n<meta property=\"article:publisher\" content=\"https:\/\/www.facebook.com\/koash1991\" \/>\n<meta property=\"article:published_time\" content=\"2008-02-26T00:00:00+00:00\" \/>\n<meta property=\"article:modified_time\" content=\"2020-04-06T20:35:28+00:00\" \/>\n<meta property=\"og:image\" content=\"https:\/\/lh3.googleusercontent.com\/-EvRXIO0BhKM\/VIwAXRcTveI\/AAAAAAAAHas\/AuD-5Ik5-HM\/w400-h300-no\/Berat%2B1.jpg\" \/>\n<meta name=\"author\" content=\"Kisha Orthodhokse\" \/>\n<meta name=\"twitter:card\" content=\"summary_large_image\" \/>\n<meta name=\"twitter:label1\" content=\"Written by\" \/>\n\t<meta name=\"twitter:data1\" content=\"Kisha Orthodhokse\" \/>\n\t<meta name=\"twitter:label2\" content=\"Est. reading time\" \/>\n\t<meta name=\"twitter:data2\" content=\"5 minutes\" \/>\n<script type=\"application\/ld+json\" class=\"yoast-schema-graph\">{\"@context\":\"https:\/\/schema.org\",\"@graph\":[{\"@type\":\"Article\",\"@id\":\"https:\/\/orthodoxalbania.org\/2020\/2008\/02\/26\/kopje-e-dyte\/#article\",\"isPartOf\":{\"@id\":\"https:\/\/orthodoxalbania.org\/2020\/2008\/02\/26\/kopje-e-dyte\/\"},\"author\":{\"name\":\"Kisha Orthodhokse\",\"@id\":\"https:\/\/orthodoxalbania.org\/2020\/#\/schema\/person\/0c387634a7063ac612d7ed9ce71c7e86\"},\"headline\":\"Kremtimi i Ngjalljes s\u00eb Zotit Krisht n\u00eb Berat. (2008)\",\"datePublished\":\"2008-02-26T00:00:00+00:00\",\"dateModified\":\"2020-04-06T20:35:28+00:00\",\"mainEntityOfPage\":{\"@id\":\"https:\/\/orthodoxalbania.org\/2020\/2008\/02\/26\/kopje-e-dyte\/\"},\"wordCount\":942,\"commentCount\":0,\"publisher\":{\"@id\":\"https:\/\/orthodoxalbania.org\/2020\/#organization\"},\"image\":{\"@id\":\"https:\/\/orthodoxalbania.org\/2020\/2008\/02\/26\/kopje-e-dyte\/#primaryimage\"},\"thumbnailUrl\":\"https:\/\/lh3.googleusercontent.com\/-EvRXIO0BhKM\/VIwAXRcTveI\/AAAAAAAAHas\/AuD-5Ik5-HM\/w400-h300-no\/Berat%2B1.jpg\",\"keywords\":[\"2008\",\"lajme\",\"Mitropolia Berat\",\"Pashk\u00eb\"],\"articleSection\":[\"Lajme\"],\"inLanguage\":\"en-US\"},{\"@type\":\"WebPage\",\"@id\":\"https:\/\/orthodoxalbania.org\/2020\/2008\/02\/26\/kopje-e-dyte\/\",\"url\":\"https:\/\/orthodoxalbania.org\/2020\/2008\/02\/26\/kopje-e-dyte\/\",\"name\":\"Kremtimi i Ngjalljes s\u00eb Zotit Krisht n\u00eb Berat. (2008) - Kisha Orthodh\u03bfkse Autoqefale e Shqip\u00ebris\u00eb\",\"isPartOf\":{\"@id\":\"https:\/\/orthodoxalbania.org\/2020\/#website\"},\"primaryImageOfPage\":{\"@id\":\"https:\/\/orthodoxalbania.org\/2020\/2008\/02\/26\/kopje-e-dyte\/#primaryimage\"},\"image\":{\"@id\":\"https:\/\/orthodoxalbania.org\/2020\/2008\/02\/26\/kopje-e-dyte\/#primaryimage\"},\"thumbnailUrl\":\"https:\/\/lh3.googleusercontent.com\/-EvRXIO0BhKM\/VIwAXRcTveI\/AAAAAAAAHas\/AuD-5Ik5-HM\/w400-h300-no\/Berat%2B1.jpg\",\"datePublished\":\"2008-02-26T00:00:00+00:00\",\"dateModified\":\"2020-04-06T20:35:28+00:00\",\"breadcrumb\":{\"@id\":\"https:\/\/orthodoxalbania.org\/2020\/2008\/02\/26\/kopje-e-dyte\/#breadcrumb\"},\"inLanguage\":\"en-US\",\"potentialAction\":[{\"@type\":\"ReadAction\",\"target\":[\"https:\/\/orthodoxalbania.org\/2020\/2008\/02\/26\/kopje-e-dyte\/\"]}]},{\"@type\":\"ImageObject\",\"inLanguage\":\"en-US\",\"@id\":\"https:\/\/orthodoxalbania.org\/2020\/2008\/02\/26\/kopje-e-dyte\/#primaryimage\",\"url\":\"https:\/\/lh3.googleusercontent.com\/-EvRXIO0BhKM\/VIwAXRcTveI\/AAAAAAAAHas\/AuD-5Ik5-HM\/w400-h300-no\/Berat%2B1.jpg\",\"contentUrl\":\"https:\/\/lh3.googleusercontent.com\/-EvRXIO0BhKM\/VIwAXRcTveI\/AAAAAAAAHas\/AuD-5Ik5-HM\/w400-h300-no\/Berat%2B1.jpg\"},{\"@type\":\"BreadcrumbList\",\"@id\":\"https:\/\/orthodoxalbania.org\/2020\/2008\/02\/26\/kopje-e-dyte\/#breadcrumb\",\"itemListElement\":[{\"@type\":\"ListItem\",\"position\":1,\"name\":\"Home\",\"item\":\"https:\/\/orthodoxalbania.org\/2020\/\"},{\"@type\":\"ListItem\",\"position\":2,\"name\":\"Kremtimi i Ngjalljes s\u00eb Zotit Krisht n\u00eb Berat. (2008)\"}]},{\"@type\":\"WebSite\",\"@id\":\"https:\/\/orthodoxalbania.org\/2020\/#website\",\"url\":\"https:\/\/orthodoxalbania.org\/2020\/\",\"name\":\"Kisha Orthodh\u03bfkse Autoqefale e Shqip\u00ebris\u00eb\",\"description\":\"Fqja Zyrtare e Kish\u00ebs Orthodhokse Autoqefale e Shqip\u00ebris\u00eb me lajmet edhe informacionet zyrtare p\u00ebr struktur\u00ebn edhe veprimtarin e saj.\",\"publisher\":{\"@id\":\"https:\/\/orthodoxalbania.org\/2020\/#organization\"},\"potentialAction\":[{\"@type\":\"SearchAction\",\"target\":{\"@type\":\"EntryPoint\",\"urlTemplate\":\"https:\/\/orthodoxalbania.org\/2020\/?s={search_term_string}\"},\"query-input\":{\"@type\":\"PropertyValueSpecification\",\"valueRequired\":true,\"valueName\":\"search_term_string\"}}],\"inLanguage\":\"en-US\"},{\"@type\":\"Organization\",\"@id\":\"https:\/\/orthodoxalbania.org\/2020\/#organization\",\"name\":\"Kisha Orthodhokse Autoqefale e Shqip\u00ebris\u00eb\",\"url\":\"https:\/\/orthodoxalbania.org\/2020\/\",\"logo\":{\"@type\":\"ImageObject\",\"inLanguage\":\"en-US\",\"@id\":\"https:\/\/orthodoxalbania.org\/2020\/#\/schema\/logo\/image\/\",\"url\":\"https:\/\/orthodoxalbania.org\/2020\/wp-content\/uploads\/2020\/05\/albania.jpeg\",\"contentUrl\":\"https:\/\/orthodoxalbania.org\/2020\/wp-content\/uploads\/2020\/05\/albania.jpeg\",\"width\":540,\"height\":540,\"caption\":\"Kisha Orthodhokse Autoqefale e Shqip\u00ebris\u00eb\"},\"image\":{\"@id\":\"https:\/\/orthodoxalbania.org\/2020\/#\/schema\/logo\/image\/\"},\"sameAs\":[\"https:\/\/www.facebook.com\/koash1991\"]},{\"@type\":\"Person\",\"@id\":\"https:\/\/orthodoxalbania.org\/2020\/#\/schema\/person\/0c387634a7063ac612d7ed9ce71c7e86\",\"name\":\"Kisha Orthodhokse\",\"image\":{\"@type\":\"ImageObject\",\"inLanguage\":\"en-US\",\"@id\":\"https:\/\/secure.gravatar.com\/avatar\/596e7c417251e30f2fbb9c00e026fce61a695a00e51c889caded71c96cbbdde5?s=96&d=mm&r=g\",\"url\":\"https:\/\/secure.gravatar.com\/avatar\/596e7c417251e30f2fbb9c00e026fce61a695a00e51c889caded71c96cbbdde5?s=96&d=mm&r=g\",\"contentUrl\":\"https:\/\/secure.gravatar.com\/avatar\/596e7c417251e30f2fbb9c00e026fce61a695a00e51c889caded71c96cbbdde5?s=96&d=mm&r=g\",\"caption\":\"Kisha Orthodhokse\"}}]}<\/script>\n<!-- \/ Yoast SEO plugin. -->","yoast_head_json":{"title":"Kremtimi i Ngjalljes s\u00eb Zotit Krisht n\u00eb Berat. (2008) - Kisha Orthodh\u03bfkse Autoqefale e Shqip\u00ebris\u00eb","robots":{"index":"index","follow":"follow","max-snippet":"max-snippet:-1","max-image-preview":"max-image-preview:large","max-video-preview":"max-video-preview:-1"},"canonical":"https:\/\/orthodoxalbania.org\/2020\/2008\/02\/26\/kopje-e-dyte\/","og_locale":"en_US","og_type":"article","og_title":"Kremtimi i Ngjalljes s\u00eb Zotit Krisht n\u00eb Berat. (2008) - Kisha Orthodh\u03bfkse Autoqefale e Shqip\u00ebris\u00eb","og_description":"&nbsp;&nbsp;&nbsp; Si n\u00eb t\u00eb gjitha Kishat Orthodhokse n\u00eb mbar\u00eb bot\u00ebn, edhe n\u00eb qytetin e Beratit u duk qart\u00eb madh\u00ebshtia dhe g\u00ebzimi q\u00eb sjell festa e pashk\u00ebve, Ngjallja e Zotit Krisht, Per\u00ebndis\u00eb son\u00eb. &nbsp;&nbsp;&nbsp;&nbsp; Pas nj\u00eb jave t\u00eb gjat\u00eb p\u00ebsimesh, vuajtjesh dhe trishtimi ja ku i erdhi radha g\u00ebzimit, lumturis\u00eb dhe ndri\u00e7imit me drit\u00ebn e Ngjalljes. Djalli u mund sepse Zoti Krisht triumfoi mbi t\u00eb, vdekja","og_url":"https:\/\/orthodoxalbania.org\/2020\/2008\/02\/26\/kopje-e-dyte\/","og_site_name":"Kisha Orthodh\u03bfkse Autoqefale e Shqip\u00ebris\u00eb","article_publisher":"https:\/\/www.facebook.com\/koash1991","article_published_time":"2008-02-26T00:00:00+00:00","article_modified_time":"2020-04-06T20:35:28+00:00","og_image":[{"url":"https:\/\/lh3.googleusercontent.com\/-EvRXIO0BhKM\/VIwAXRcTveI\/AAAAAAAAHas\/AuD-5Ik5-HM\/w400-h300-no\/Berat%2B1.jpg","type":"","width":"","height":""}],"author":"Kisha Orthodhokse","twitter_card":"summary_large_image","twitter_misc":{"Written by":"Kisha Orthodhokse","Est. reading time":"5 minutes"},"schema":{"@context":"https:\/\/schema.org","@graph":[{"@type":"Article","@id":"https:\/\/orthodoxalbania.org\/2020\/2008\/02\/26\/kopje-e-dyte\/#article","isPartOf":{"@id":"https:\/\/orthodoxalbania.org\/2020\/2008\/02\/26\/kopje-e-dyte\/"},"author":{"name":"Kisha Orthodhokse","@id":"https:\/\/orthodoxalbania.org\/2020\/#\/schema\/person\/0c387634a7063ac612d7ed9ce71c7e86"},"headline":"Kremtimi i Ngjalljes s\u00eb Zotit Krisht n\u00eb Berat. (2008)","datePublished":"2008-02-26T00:00:00+00:00","dateModified":"2020-04-06T20:35:28+00:00","mainEntityOfPage":{"@id":"https:\/\/orthodoxalbania.org\/2020\/2008\/02\/26\/kopje-e-dyte\/"},"wordCount":942,"commentCount":0,"publisher":{"@id":"https:\/\/orthodoxalbania.org\/2020\/#organization"},"image":{"@id":"https:\/\/orthodoxalbania.org\/2020\/2008\/02\/26\/kopje-e-dyte\/#primaryimage"},"thumbnailUrl":"https:\/\/lh3.googleusercontent.com\/-EvRXIO0BhKM\/VIwAXRcTveI\/AAAAAAAAHas\/AuD-5Ik5-HM\/w400-h300-no\/Berat%2B1.jpg","keywords":["2008","lajme","Mitropolia Berat","Pashk\u00eb"],"articleSection":["Lajme"],"inLanguage":"en-US"},{"@type":"WebPage","@id":"https:\/\/orthodoxalbania.org\/2020\/2008\/02\/26\/kopje-e-dyte\/","url":"https:\/\/orthodoxalbania.org\/2020\/2008\/02\/26\/kopje-e-dyte\/","name":"Kremtimi i Ngjalljes s\u00eb Zotit Krisht n\u00eb Berat. (2008) - Kisha Orthodh\u03bfkse Autoqefale e Shqip\u00ebris\u00eb","isPartOf":{"@id":"https:\/\/orthodoxalbania.org\/2020\/#website"},"primaryImageOfPage":{"@id":"https:\/\/orthodoxalbania.org\/2020\/2008\/02\/26\/kopje-e-dyte\/#primaryimage"},"image":{"@id":"https:\/\/orthodoxalbania.org\/2020\/2008\/02\/26\/kopje-e-dyte\/#primaryimage"},"thumbnailUrl":"https:\/\/lh3.googleusercontent.com\/-EvRXIO0BhKM\/VIwAXRcTveI\/AAAAAAAAHas\/AuD-5Ik5-HM\/w400-h300-no\/Berat%2B1.jpg","datePublished":"2008-02-26T00:00:00+00:00","dateModified":"2020-04-06T20:35:28+00:00","breadcrumb":{"@id":"https:\/\/orthodoxalbania.org\/2020\/2008\/02\/26\/kopje-e-dyte\/#breadcrumb"},"inLanguage":"en-US","potentialAction":[{"@type":"ReadAction","target":["https:\/\/orthodoxalbania.org\/2020\/2008\/02\/26\/kopje-e-dyte\/"]}]},{"@type":"ImageObject","inLanguage":"en-US","@id":"https:\/\/orthodoxalbania.org\/2020\/2008\/02\/26\/kopje-e-dyte\/#primaryimage","url":"https:\/\/lh3.googleusercontent.com\/-EvRXIO0BhKM\/VIwAXRcTveI\/AAAAAAAAHas\/AuD-5Ik5-HM\/w400-h300-no\/Berat%2B1.jpg","contentUrl":"https:\/\/lh3.googleusercontent.com\/-EvRXIO0BhKM\/VIwAXRcTveI\/AAAAAAAAHas\/AuD-5Ik5-HM\/w400-h300-no\/Berat%2B1.jpg"},{"@type":"BreadcrumbList","@id":"https:\/\/orthodoxalbania.org\/2020\/2008\/02\/26\/kopje-e-dyte\/#breadcrumb","itemListElement":[{"@type":"ListItem","position":1,"name":"Home","item":"https:\/\/orthodoxalbania.org\/2020\/"},{"@type":"ListItem","position":2,"name":"Kremtimi i Ngjalljes s\u00eb Zotit Krisht n\u00eb Berat. (2008)"}]},{"@type":"WebSite","@id":"https:\/\/orthodoxalbania.org\/2020\/#website","url":"https:\/\/orthodoxalbania.org\/2020\/","name":"Kisha Orthodh\u03bfkse Autoqefale e Shqip\u00ebris\u00eb","description":"Fqja Zyrtare e Kish\u00ebs Orthodhokse Autoqefale e Shqip\u00ebris\u00eb me lajmet edhe informacionet zyrtare p\u00ebr struktur\u00ebn edhe veprimtarin e saj.","publisher":{"@id":"https:\/\/orthodoxalbania.org\/2020\/#organization"},"potentialAction":[{"@type":"SearchAction","target":{"@type":"EntryPoint","urlTemplate":"https:\/\/orthodoxalbania.org\/2020\/?s={search_term_string}"},"query-input":{"@type":"PropertyValueSpecification","valueRequired":true,"valueName":"search_term_string"}}],"inLanguage":"en-US"},{"@type":"Organization","@id":"https:\/\/orthodoxalbania.org\/2020\/#organization","name":"Kisha Orthodhokse Autoqefale e Shqip\u00ebris\u00eb","url":"https:\/\/orthodoxalbania.org\/2020\/","logo":{"@type":"ImageObject","inLanguage":"en-US","@id":"https:\/\/orthodoxalbania.org\/2020\/#\/schema\/logo\/image\/","url":"https:\/\/orthodoxalbania.org\/2020\/wp-content\/uploads\/2020\/05\/albania.jpeg","contentUrl":"https:\/\/orthodoxalbania.org\/2020\/wp-content\/uploads\/2020\/05\/albania.jpeg","width":540,"height":540,"caption":"Kisha Orthodhokse Autoqefale e Shqip\u00ebris\u00eb"},"image":{"@id":"https:\/\/orthodoxalbania.org\/2020\/#\/schema\/logo\/image\/"},"sameAs":["https:\/\/www.facebook.com\/koash1991"]},{"@type":"Person","@id":"https:\/\/orthodoxalbania.org\/2020\/#\/schema\/person\/0c387634a7063ac612d7ed9ce71c7e86","name":"Kisha Orthodhokse","image":{"@type":"ImageObject","inLanguage":"en-US","@id":"https:\/\/secure.gravatar.com\/avatar\/596e7c417251e30f2fbb9c00e026fce61a695a00e51c889caded71c96cbbdde5?s=96&d=mm&r=g","url":"https:\/\/secure.gravatar.com\/avatar\/596e7c417251e30f2fbb9c00e026fce61a695a00e51c889caded71c96cbbdde5?s=96&d=mm&r=g","contentUrl":"https:\/\/secure.gravatar.com\/avatar\/596e7c417251e30f2fbb9c00e026fce61a695a00e51c889caded71c96cbbdde5?s=96&d=mm&r=g","caption":"Kisha Orthodhokse"}}]}},"_links":{"self":[{"href":"https:\/\/orthodoxalbania.org\/2020\/wp-json\/wp\/v2\/posts\/795","targetHints":{"allow":["GET"]}}],"collection":[{"href":"https:\/\/orthodoxalbania.org\/2020\/wp-json\/wp\/v2\/posts"}],"about":[{"href":"https:\/\/orthodoxalbania.org\/2020\/wp-json\/wp\/v2\/types\/post"}],"author":[{"embeddable":true,"href":"https:\/\/orthodoxalbania.org\/2020\/wp-json\/wp\/v2\/users\/1"}],"replies":[{"embeddable":true,"href":"https:\/\/orthodoxalbania.org\/2020\/wp-json\/wp\/v2\/comments?post=795"}],"version-history":[{"count":1,"href":"https:\/\/orthodoxalbania.org\/2020\/wp-json\/wp\/v2\/posts\/795\/revisions"}],"predecessor-version":[{"id":15691,"href":"https:\/\/orthodoxalbania.org\/2020\/wp-json\/wp\/v2\/posts\/795\/revisions\/15691"}],"wp:attachment":[{"href":"https:\/\/orthodoxalbania.org\/2020\/wp-json\/wp\/v2\/media?parent=795"}],"wp:term":[{"taxonomy":"category","embeddable":true,"href":"https:\/\/orthodoxalbania.org\/2020\/wp-json\/wp\/v2\/categories?post=795"},{"taxonomy":"post_tag","embeddable":true,"href":"https:\/\/orthodoxalbania.org\/2020\/wp-json\/wp\/v2\/tags?post=795"}],"curies":[{"name":"wp","href":"https:\/\/api.w.org\/{rel}","templated":true}]}}