{"id":793,"date":"2008-02-26T00:00:00","date_gmt":"2008-02-26T00:00:00","guid":{"rendered":""},"modified":"2020-04-06T22:35:26","modified_gmt":"2020-04-06T20:35:26","slug":"kremtimi-i-krishtlindjes-ne-tirane-2008","status":"publish","type":"post","link":"https:\/\/orthodoxalbania.org\/2020\/2008\/02\/26\/kremtimi-i-krishtlindjes-ne-tirane-2008\/","title":{"rendered":"Kremtimi i Krishtlindjes n\u00eb Tiran\u00eb. (2008)"},"content":{"rendered":"<table style=\"width: 756px; height: 3327px;\" border=\"0\">\n<tbody>\n<tr>\n<td>\n<div><span style=\"font-family: tahoma,geneva,sans-serif;\"><span style=\"font-size: 12px;\"><span style=\"color: #000000;\"><img decoding=\"async\" class=\"lazyload HAa Eha\" style=\"border-width: 1px; border-style: solid; margin: 10px auto; display: block;\" alt=\"\" src=\"data:image\/svg+xml,%3Csvg%20xmlns%3D%27http%3A%2F%2Fwww.w3.org%2F2000%2Fsvg%27%20width%3D%27326%27%20height%3D%27217%27%20viewBox%3D%270%200%20326%20217%27%3E%3Crect%20width%3D%27326%27%20height%3D%27217%27%20fill-opacity%3D%220%22%2F%3E%3C%2Fsvg%3E\" data-orig-src=\"https:\/\/lh3.googleusercontent.com\/-VJbkJ0gOViI\/VJKGxinUZiI\/AAAAAAAAIVM\/LkfOqrIjsL0\/w448-h298-no\/1.JPG\" height=\"217\" width=\"326\" \/><\/span><\/span><\/span><\/div>\n<\/td>\n<td>\n<p class=\"style2\" style=\"text-align: justify;\"><span style=\"font-family: tahoma,geneva,sans-serif;\"><span style=\"font-size: 12px;\"><span style=\"color: #b22222;\"><strong><em>&nbsp;&nbsp;&nbsp; <span class=\"style3\">&#8220;G\u00ebzuar Krishtlindjen!&#8221;<\/span><\/em><\/strong><\/span><span style=\"color: #000000;\"> Ky ishte refreni i nj\u00eb dite q\u00eb p\u00ebr besimtar\u00ebt e krishter\u00eb p\u00ebrb\u00ebn jo vet\u00ebm nj\u00eb fest\u00eb, por edhe reflektim shpirt\u00ebror n\u00eb jet\u00ebn e tyre. Ndon\u00ebse termometri regjistroi temperatura n\u00ebn 0 grad\u00eb celsius, kjo nuk i ka penguar besimtar\u00ebt orthodhoks\u00eb t\u00eb kryeqytetit t\u00eb shkonin n\u00eb kish\u00eb p\u00ebr t\u00eb adhuruar Krishtin e porsalindur. Urimet, lutjet, qirinjt\u00eb e ndezur n\u00eb kish\u00eb e ngroh\u00ebn shpirtin e tyre.<\/span><\/span><\/span><\/p>\n<\/td>\n<\/tr>\n<tr>\n<td>\n<div>\n<p style=\"text-align: justify;\"><span style=\"font-family: tahoma,geneva,sans-serif;\"><span style=\"font-size: 12px;\"><span style=\"color: #000000;\">&nbsp;&nbsp;&nbsp;<span class=\"style2\"> N\u00eb fakt, atmosfera festive e Krishtlindjes nisi t\u00eb ndihej q\u00eb m\u00eb par\u00eb, me p\u00ebrgatitjet p\u00ebr ta pritur sa m\u00eb mir\u00eb Krishtin-Foshnje, pas nj\u00eb periudhe t\u00eb gjat\u00eb p\u00ebrgatitore lutjeje dhe kreshmimi.<\/span><\/span><\/span><\/span><\/p>\n<p style=\"text-align: justify;\"> <span style=\"font-family: tahoma,geneva,sans-serif;\"><span style=\"font-size: 12px;\"><span style=\"color: #000000;\"><span class=\"style2\">&nbsp;&nbsp;&nbsp; Kremtimi i par\u00eb ishte ai t\u00eb Diel\u00ebn e Para-Krishtlindjes, pasditen e s\u00eb cil\u00ebs besimtar\u00ebt t\u00eb mbledhur n\u00eb kish\u00ebn \u201cUngjill\u00ebzimi i Per\u00ebndilind\u00ebses Mari\u201d, mor\u00ebn pjes\u00eb n\u00eb Misterin e Efqelis\u00eb, at\u00eb t\u00eb lyerjes me vaj t\u00eb shenjt\u00ebruar.<\/span><\/span><\/span><\/span><\/p>\n<\/div>\n<\/td>\n<td>\n<div><span style=\"font-family: tahoma,geneva,sans-serif;\"><span style=\"font-size: 12px;\"><span style=\"color: #000000;\"><img decoding=\"async\" class=\"lazyload HAa Eha\" style=\"border-width: 1px; border-style: solid; margin: 10px auto; display: block;\" alt=\"\" src=\"data:image\/svg+xml,%3Csvg%20xmlns%3D%27http%3A%2F%2Fwww.w3.org%2F2000%2Fsvg%27%20width%3D%27344%27%20height%3D%27229%27%20viewBox%3D%270%200%20344%20229%27%3E%3Crect%20width%3D%27344%27%20height%3D%27229%27%20fill-opacity%3D%220%22%2F%3E%3C%2Fsvg%3E\" data-orig-src=\"https:\/\/lh4.googleusercontent.com\/-yBQ9Ech1FyA\/VJKGx20IOqI\/AAAAAAAAIWA\/Pw05KGODA_Y\/w448-h298-no\/2.JPG\" height=\"229\" width=\"344\" \/><\/span><\/span><\/span><\/div>\n<\/td>\n<\/tr>\n<tr>\n<td>\n<div><span style=\"font-family: tahoma,geneva,sans-serif;\"><span style=\"font-size: 12px;\"><span style=\"color: #000000;\"><img decoding=\"async\" class=\"lazyload HAa Eha\" style=\"border-width: 1px; border-style: solid; margin: 10px auto; display: block;\" alt=\"\" src=\"data:image\/svg+xml,%3Csvg%20xmlns%3D%27http%3A%2F%2Fwww.w3.org%2F2000%2Fsvg%27%20width%3D%27329%27%20height%3D%27219%27%20viewBox%3D%270%200%20329%20219%27%3E%3Crect%20width%3D%27329%27%20height%3D%27219%27%20fill-opacity%3D%220%22%2F%3E%3C%2Fsvg%3E\" data-orig-src=\"https:\/\/lh5.googleusercontent.com\/-saJpAUWLjYk\/VJKGyXkJF-I\/AAAAAAAAIVI\/4BxKgeT4dtY\/w448-h298-no\/3.JPG\" height=\"219\" width=\"329\" \/><\/span><\/span><\/span><\/div>\n<\/td>\n<td>\n<p style=\"text-align: justify;\"><span style=\"font-family: tahoma,geneva,sans-serif;\"><span style=\"font-size: 12px;\"><span style=\"color: #000000;\">&nbsp;&nbsp;&nbsp; <span class=\"style2\">N\u00eb 24 dhjetor, her\u00ebt n\u00eb m\u00ebngjes, besimtar\u00ebt mor\u00ebn pjes\u00eb n\u00eb sh\u00ebrbes\u00ebn e bukur t\u00eb Or\u00ebve t\u00eb M\u00ebdha t\u00eb Krishtlindjes, t\u00eb mbushur me tropare dhe me lexime nga Dhiata e Vjet\u00ebr dhe e Re, q\u00eb flasin p\u00ebr Lindjen e Krishtit, duke u pasuar m\u00eb pas me sh\u00ebrbes\u00ebn e Mbr\u00ebm\u00ebsores dhe at\u00eb t\u00eb Liturgjis\u00eb Hyjnore t\u00eb Vasilit t\u00eb Madh.<\/span><\/span><\/span><\/span><\/p>\n<p style=\"text-align: justify;\"> <span style=\"font-family: tahoma,geneva,sans-serif;\"><span style=\"font-size: 12px;\"><span style=\"color: #000000;\"><span class=\"style2\">&nbsp;&nbsp;&nbsp; M\u00ebngjesi i vigjiljes s\u00eb Krishtlindjes nisi n\u00eb or\u00ebn 06.00. Kisha ishte tejmbushur me qindra besimtar\u00eb, t\u00eb cil\u00ebt ndoq\u00ebn Liturgjin\u00eb Hyjnore t\u00eb Joan Gojartit dhe m\u00eb pas u kunguan me Trupin dhe Gjakun e Krishtit, gj\u00eb e cila kuror\u00ebzoi p\u00ebrgatitjen p\u00ebr kremtimin e k\u00ebsaj feste. <\/span><\/span><\/span><\/span><\/p>\n<\/td>\n<\/tr>\n<tr>\n<td>\n<p class=\"style2\" style=\"text-align: justify;\"><span style=\"font-family: tahoma,geneva,sans-serif;\"><span style=\"font-size: 12px;\"><span style=\"color: #000000;\">&nbsp;&nbsp;&nbsp; G\u00ebzimi m\u00eb i madh ka qen\u00eb p\u00ebr f\u00ebmij\u00ebt dhe t\u00eb rinjt\u00eb, numri i t\u00eb cil\u00ebve k\u00ebt\u00eb vit ishte m\u00eb i lart\u00eb, duke ndar\u00eb me nj\u00ebri-tjetrin g\u00ebzimin e fest\u00ebs. Nj\u00eb dit\u00eb, me kuptim dhe me motivin p\u00ebr t\u00eb qen\u00eb pran\u00eb t\u00eb gjith\u00eb njer\u00ebzve, pran\u00eb lutjeve dhe fal\u00ebnderimeve. Nj\u00eb dit\u00eb ku secili ka pasur nj\u00eb moment reflektimi mbi jet\u00ebn e tij dhe besimin, por edhe nj\u00eb dit\u00eb urimesh dhe dhuratash.<\/span><\/span><\/span><\/p>\n<\/td>\n<td>\n<div><span style=\"font-family: tahoma,geneva,sans-serif;\"><span style=\"font-size: 12px;\"><span style=\"color: #000000;\"><img decoding=\"async\" class=\"lazyload HAa Eha\" style=\"border-width: 1px; border-style: solid; margin: 10px auto; display: block;\" alt=\"\" src=\"data:image\/svg+xml,%3Csvg%20xmlns%3D%27http%3A%2F%2Fwww.w3.org%2F2000%2Fsvg%27%20width%3D%27352%27%20height%3D%27230%27%20viewBox%3D%270%200%20352%20230%27%3E%3Crect%20width%3D%27352%27%20height%3D%27230%27%20fill-opacity%3D%220%22%2F%3E%3C%2Fsvg%3E\" data-orig-src=\"https:\/\/lh3.googleusercontent.com\/-qcJn-l6D5L0\/VJKGyfHowAI\/AAAAAAAAIVU\/0mBBU290BW4\/w448-h293-no\/4.jpg\" height=\"230\" width=\"352\" \/><\/span><\/span><\/span><\/div>\n<\/td>\n<\/tr>\n<tr>\n<td>\n<div><span style=\"font-family: tahoma,geneva,sans-serif;\"><span style=\"font-size: 12px;\"><span style=\"color: #000000;\"><img decoding=\"async\" class=\"lazyload HAa Eha\" style=\"border-width: 1px; border-style: solid; margin: 10px auto; display: block;\" alt=\"\" src=\"data:image\/svg+xml,%3Csvg%20xmlns%3D%27http%3A%2F%2Fwww.w3.org%2F2000%2Fsvg%27%20width%3D%27339%27%20height%3D%27254%27%20viewBox%3D%270%200%20339%20254%27%3E%3Crect%20width%3D%27339%27%20height%3D%27254%27%20fill-opacity%3D%220%22%2F%3E%3C%2Fsvg%3E\" data-orig-src=\"https:\/\/lh6.googleusercontent.com\/-fJTaO1x9zU8\/VJKGyw9XpiI\/AAAAAAAAIV4\/Yll5j7oEn_Q\/w448-h336-no\/5.jpg\" height=\"254\" width=\"339\" \/><\/span><\/span><\/span><\/div>\n<\/td>\n<td>\n<p class=\"style3\" style=\"text-align: center;\"><span style=\"color: #b22222;\"><span style=\"font-family: tahoma,geneva,sans-serif;\"><span style=\"font-size: 12px;\"><strong>*&nbsp;&nbsp;&nbsp;&nbsp; *&nbsp;&nbsp;&nbsp;&nbsp; *<\/strong><\/span><\/span><\/span><\/p>\n<p class=\"style2\" style=\"text-align: justify;\"><span style=\"font-family: tahoma,geneva,sans-serif;\"><span style=\"font-size: 12px;\"><span style=\"color: #000000;\">&nbsp;&nbsp;&nbsp; Atmosfera e Krishtlindjes vijoi edhe n\u00eb mjediset e Kryepiskopat\u00ebs s\u00eb Shenjt\u00eb, ku priteshin vizitat e urimit t\u00eb p\u00ebrfaq\u00ebsuesve t\u00eb komuniteteve t\u00eb tjera fetare, personaliteteve t\u00eb larta shtet\u00ebrore, intelektual\u00ebve t\u00eb shquar dhe shum\u00eb besimtar\u00ebve. Si\u00e7 \u00ebsht\u00eb b\u00ebr\u00eb tashm\u00eb tradit\u00eb, p\u00ebr urim erdh\u00ebn p\u00ebrfaq\u00ebsues t\u00eb politik\u00ebs, drejtues t\u00eb komuniteteve t\u00eb tjera fetare, p\u00ebrfaq\u00ebsues t\u00eb Trupit Diplomatik etj.<\/span><\/span><\/span><\/p>\n<\/td>\n<\/tr>\n<tr>\n<td>\n<div class=\"style2\" style=\"text-align: justify;\"><span style=\"font-family: tahoma,geneva,sans-serif;\"><span style=\"font-size: 12px;\"><span style=\"color: #000000;\">&nbsp;&nbsp;&nbsp; \u201c<em>Religjionet kan\u00eb qen\u00eb gjithmon\u00eb pik\u00eb referimi dhe protagonist\u00eb t\u00eb qet\u00ebsimit t\u00eb uj\u00ebrave edhe n\u00eb situatat m\u00eb t\u00eb v\u00ebshtira. Kemi \u00e7far\u00eb t\u00eb m\u00ebsojm\u00eb dhe kjo \u00ebsht\u00eb nj\u00eb dit\u00eb e ve\u00e7ant\u00eb p\u00ebr ta dh\u00ebn\u00eb k\u00ebt\u00eb mesazh. Uroj q\u00eb Krishtlindja t\u2019ju ket\u00eb gjetur me m\u00eb shum\u00eb paqe n\u00eb vetvete dhe devotshm\u00ebri e mir\u00ebkuptim njer\u00ebzor. Sh\u00ebndet e mbar\u00ebsi p\u00ebr t\u00eb gjith\u00eb shqiptar\u00ebt kudo ku jetojn\u00eb e punojn\u00eb<\/em>\u201d! \u2013 uroi Presidenti i Republik\u00ebs z. Bamir Topi.<\/span><\/span><\/span><\/div>\n<\/td>\n<td>\n<div><span style=\"font-family: tahoma,geneva,sans-serif;\"><span style=\"font-size: 12px;\"><span style=\"color: #000000;\"><img decoding=\"async\" class=\"lazyload HAa Eha\" style=\"border-width: 1px; border-style: solid; margin: 10px auto; display: block;\" alt=\"\" src=\"data:image\/svg+xml,%3Csvg%20xmlns%3D%27http%3A%2F%2Fwww.w3.org%2F2000%2Fsvg%27%20width%3D%27379%27%20height%3D%27284%27%20viewBox%3D%270%200%20379%20284%27%3E%3Crect%20width%3D%27379%27%20height%3D%27284%27%20fill-opacity%3D%220%22%2F%3E%3C%2Fsvg%3E\" data-orig-src=\"https:\/\/lh5.googleusercontent.com\/-NJcLMqGvJz8\/VJKGzKibDsI\/AAAAAAAAIVc\/FHLDrNGtv70\/w448-h336-no\/6.jpg\" height=\"284\" width=\"379\" \/><\/span><\/span><\/span><\/div>\n<\/td>\n<\/tr>\n<tr>\n<td>\n<div><span style=\"font-family: tahoma,geneva,sans-serif;\"><span style=\"font-size: 12px;\"><span style=\"color: #000000;\"><img decoding=\"async\" class=\"lazyload HAa Eha\" style=\"border-width: 1px; border-style: solid; margin: 10px auto; display: block;\" alt=\"\" src=\"data:image\/svg+xml,%3Csvg%20xmlns%3D%27http%3A%2F%2Fwww.w3.org%2F2000%2Fsvg%27%20width%3D%27376%27%20height%3D%27273%27%20viewBox%3D%270%200%20376%20273%27%3E%3Crect%20width%3D%27376%27%20height%3D%27273%27%20fill-opacity%3D%220%22%2F%3E%3C%2Fsvg%3E\" data-orig-src=\"https:\/\/lh6.googleusercontent.com\/-6kNEbKultAg\/VJKG0LgsWiI\/AAAAAAAAIVw\/q--wrpQZrgY\/w482-h350-no\/7.JPG\" height=\"273\" width=\"376\" \/><\/span><\/span><\/span><\/div>\n<\/td>\n<td>\n<div style=\"text-align: justify;\"><span style=\"font-family: tahoma,geneva,sans-serif;\"><span style=\"font-size: 12px;\"><span style=\"color: #000000;\">&nbsp;&nbsp;&nbsp; <span class=\"style2\">M\u00eb tej, Kryepiskopin Anastas e vizitoi dhe dha urimin e tij edhe Kryeministri i Republik\u00ebs z. Sali Berisha. \u201c<em>Le t\u00eb fal\u00ebnderojm\u00eb Zotin n\u00eb k\u00ebt\u00eb dit\u00eb t\u00eb madhe p\u00ebr t\u00eb gjitha k\u00ebto mir\u00ebsi q\u00eb kombi pati gjat\u00eb k\u00ebtij viti. Kjo \u00ebsht\u00eb dit\u00eb mir\u00ebkuptimi dhe un\u00eb dua q\u00eb t\u00eb b\u00ebj apel p\u00ebr mir\u00ebkuptim n\u00eb t\u00eb gjitha aspektet<\/em>\u201d \u2013 uroi ai.<\/span><\/span><\/span><\/span><\/div>\n<\/td>\n<\/tr>\n<tr>\n<td>\n<p class=\"style2\" style=\"text-align: justify;\"><span style=\"font-family: tahoma,geneva,sans-serif;\"><span style=\"font-size: 12px;\"><span style=\"color: #000000;\">&nbsp;&nbsp;&nbsp; Kreu i opozit\u00ebs, i Kryetari i Partis\u00eb Socialiste, z. Edi Rama, mori pjes\u00eb n\u00eb k\u00ebt\u00eb pritje dhe ndau me t\u00eb pranishmit urimin e tij: \u201c<em>Uroj shpres\u00eb dhe mund\u00ebsi t\u00eb gjith\u00ebve atyre q\u00eb jan\u00eb t\u00eb varf\u00ebr e t\u00eb papun\u00eb, n\u00eb nj\u00eb Shqip\u00ebri q\u00eb jeton dit\u00eb t\u00eb v\u00ebshtira dhe ku kemi nevoj\u00eb t\u00eb gjith\u00eb p\u00ebr nj\u00eb besim t\u00eb ri, n\u00eb m\u00ebnyr\u00eb q\u00eb t\u00eb b\u00ebjm\u00eb realitet \u00ebndrrat<\/em>.\u201d<\/span><\/span><\/span><\/p>\n<\/td>\n<td>\n<div><span style=\"font-family: tahoma,geneva,sans-serif;\"><span style=\"font-size: 12px;\"><span style=\"color: #000000;\"><img decoding=\"async\" class=\"lazyload HAa Eha\" style=\"border-width: 1px; border-style: solid; margin: 10px auto; display: block;\" alt=\"\" src=\"data:image\/svg+xml,%3Csvg%20xmlns%3D%27http%3A%2F%2Fwww.w3.org%2F2000%2Fsvg%27%20width%3D%27368%27%20height%3D%27276%27%20viewBox%3D%270%200%20368%20276%27%3E%3Crect%20width%3D%27368%27%20height%3D%27276%27%20fill-opacity%3D%220%22%2F%3E%3C%2Fsvg%3E\" data-orig-src=\"https:\/\/lh6.googleusercontent.com\/-h0O8OtMiXd0\/VJKG0aJtryI\/AAAAAAAAIVs\/DeuAAkECV2A\/w448-h336-no\/8.jpg\" height=\"276\" width=\"368\" \/><\/span><\/span><\/span><\/div>\n<\/td>\n<\/tr>\n<tr>\n<td>\n<div><span style=\"font-family: tahoma,geneva,sans-serif;\"><span style=\"font-size: 12px;\"><span style=\"color: #000000;\"><img decoding=\"async\" class=\"lazyload HAa Eha\" style=\"border-width: 1px; border-style: solid; margin: 10px auto; display: block;\" alt=\"\" src=\"data:image\/svg+xml,%3Csvg%20xmlns%3D%27http%3A%2F%2Fwww.w3.org%2F2000%2Fsvg%27%20width%3D%27356%27%20height%3D%27267%27%20viewBox%3D%270%200%20356%20267%27%3E%3Crect%20width%3D%27356%27%20height%3D%27267%27%20fill-opacity%3D%220%22%2F%3E%3C%2Fsvg%3E\" data-orig-src=\"https:\/\/lh3.googleusercontent.com\/-4EaOOV2D88c\/VJKG0zxYGgI\/AAAAAAAAIV0\/cH5gp11lekM\/w448-h336-no\/9.jpg\" height=\"267\" width=\"356\" \/><\/span><\/span><\/span><\/div>\n<\/td>\n<td>\n<p style=\"text-align: justify;\"><span style=\"font-family: tahoma,geneva,sans-serif;\"><span style=\"font-size: 12px;\"><span style=\"color: #000000;\">&nbsp;&nbsp;&nbsp; Kryepiskopi Anastas shprehu g\u00ebzimin p\u00ebr vizit\u00ebn e aktor\u00ebve kryesor\u00eb t\u00eb politik\u00ebs n\u00eb vend, duke theksuar se \u201c<em>Krishti \u00ebsht\u00eb bashk\u00eb me ne dhe t\u00eb gjitha p\u00ebrpjekjet e dashuris\u00eb vijn\u00eb nga Ai<\/em>.\u201d<\/span><\/span><\/span><\/p>\n<\/td>\n<\/tr>\n<tr>\n<td>\n<p class=\"style3\" style=\"text-align: center;\"><span style=\"color: #b22222;\"><span style=\"font-family: tahoma,geneva,sans-serif;\"><span style=\"font-size: 12px;\"><strong>*&nbsp;&nbsp;&nbsp;&nbsp; *&nbsp;&nbsp;&nbsp;&nbsp; *<\/strong><\/span><\/span><\/span><\/p>\n<p style=\"text-align: justify;\"><span style=\"font-family: tahoma,geneva,sans-serif;\"><span style=\"font-size: 12px;\"><span style=\"color: #000000;\">&nbsp;&nbsp;&nbsp; Atmosfera festive vazhdoi dhe mij\u00ebra besimtar\u00eb e qytetar\u00eb vinin n\u00eb kish\u00eb p\u00ebr gjat\u00eb gjith\u00eb dit\u00ebs e m\u00eb pas vizitonin familjet e nj\u00ebri-tjetrit, duke shprehur urimet e tyre dhe g\u00ebzimin e ardhjes s\u00eb Krishtit n\u00eb bot\u00eb.<\/span><\/span><\/span><\/p>\n<\/td>\n<td>\n<div><span style=\"font-family: tahoma,geneva,sans-serif;\"><span style=\"font-size: 12px;\"><span style=\"color: #000000;\"><img decoding=\"async\" class=\"lazyload HAa Eha\" style=\"border-width: 1px; border-style: solid; margin: 10px auto; display: block;\" alt=\"\" src=\"data:image\/svg+xml,%3Csvg%20xmlns%3D%27http%3A%2F%2Fwww.w3.org%2F2000%2Fsvg%27%20width%3D%27344%27%20height%3D%27258%27%20viewBox%3D%270%200%20344%20258%27%3E%3Crect%20width%3D%27344%27%20height%3D%27258%27%20fill-opacity%3D%220%22%2F%3E%3C%2Fsvg%3E\" data-orig-src=\"https:\/\/lh3.googleusercontent.com\/-z1U5Cnuo0rE\/VJKGxn0dhSI\/AAAAAAAAIU8\/IrMj2xPir-I\/w448-h336-no\/10.jpg\" height=\"258\" width=\"344\" \/><\/span><\/span><\/span><\/div>\n<\/td>\n<\/tr>\n<tr>\n<td><span style=\"font-family: tahoma,geneva,sans-serif;\"><span style=\"font-size: 12px;\"><span style=\"color: #000000;\"><strong>Isidor Koti<\/strong><\/span><\/span><\/span><\/td>\n<\/tr>\n<\/tbody>\n<\/table>\n","protected":false},"excerpt":{"rendered":"<p>&nbsp;&nbsp;&nbsp; &#8220;G\u00ebzuar Krishtlindjen!&#8221; Ky ishte refreni i nj\u00eb dite q\u00eb p\u00ebr besimtar\u00ebt e krishter\u00eb p\u00ebrb\u00ebn jo vet\u00ebm nj\u00eb fest\u00eb, por edhe reflektim shpirt\u00ebror n\u00eb jet\u00ebn e tyre. Ndon\u00ebse termometri regjistroi temperatura n\u00ebn 0 grad\u00eb celsius, kjo nuk i ka penguar besimtar\u00ebt orthodhoks\u00eb t\u00eb kryeqytetit t\u00eb shkonin n\u00eb kish\u00eb p\u00ebr t\u00eb adhuruar Krishtin e porsalindur. Urimet, lutjet, qirinjt\u00eb e ndezur n\u00eb kish\u00eb e ngroh\u00ebn shpirtin e<\/p>\n","protected":false},"author":1,"featured_media":0,"comment_status":"open","ping_status":"open","sticky":false,"template":"","format":"standard","meta":{"_acf_changed":false,"pagelayer_contact_templates":[],"_pagelayer_content":"","inline_featured_image":false,"fifu_image_url":"","fifu_image_alt":"","footnotes":""},"categories":[108],"tags":[146,192,196,201,212],"class_list":["post-793","post","type-post","status-publish","format-standard","hentry","category-lajme","tag-146","tag-krishtlindje","tag-tirane","tag-kryepiskopi-anastas","tag-lajme-d27"],"acf":[],"yoast_head":"<!-- This site is optimized with the Yoast SEO plugin v27.2 - https:\/\/yoast.com\/product\/yoast-seo-wordpress\/ -->\n<title>Kremtimi i Krishtlindjes n\u00eb Tiran\u00eb. (2008) - Kisha Orthodh\u03bfkse Autoqefale e Shqip\u00ebris\u00eb<\/title>\n<meta name=\"robots\" content=\"index, follow, max-snippet:-1, max-image-preview:large, max-video-preview:-1\" \/>\n<link rel=\"canonical\" href=\"https:\/\/orthodoxalbania.org\/2020\/2008\/02\/26\/kremtimi-i-krishtlindjes-ne-tirane-2008\/\" \/>\n<meta property=\"og:locale\" content=\"en_US\" \/>\n<meta property=\"og:type\" content=\"article\" \/>\n<meta property=\"og:title\" content=\"Kremtimi i Krishtlindjes n\u00eb Tiran\u00eb. (2008) - Kisha Orthodh\u03bfkse Autoqefale e Shqip\u00ebris\u00eb\" \/>\n<meta property=\"og:description\" content=\"&nbsp;&nbsp;&nbsp; &#8220;G\u00ebzuar Krishtlindjen!&#8221; Ky ishte refreni i nj\u00eb dite q\u00eb p\u00ebr besimtar\u00ebt e krishter\u00eb p\u00ebrb\u00ebn jo vet\u00ebm nj\u00eb fest\u00eb, por edhe reflektim shpirt\u00ebror n\u00eb jet\u00ebn e tyre. Ndon\u00ebse termometri regjistroi temperatura n\u00ebn 0 grad\u00eb celsius, kjo nuk i ka penguar besimtar\u00ebt orthodhoks\u00eb t\u00eb kryeqytetit t\u00eb shkonin n\u00eb kish\u00eb p\u00ebr t\u00eb adhuruar Krishtin e porsalindur. Urimet, lutjet, qirinjt\u00eb e ndezur n\u00eb kish\u00eb e ngroh\u00ebn shpirtin e\" \/>\n<meta property=\"og:url\" content=\"https:\/\/orthodoxalbania.org\/2020\/2008\/02\/26\/kremtimi-i-krishtlindjes-ne-tirane-2008\/\" \/>\n<meta property=\"og:site_name\" content=\"Kisha Orthodh\u03bfkse Autoqefale e Shqip\u00ebris\u00eb\" \/>\n<meta property=\"article:publisher\" content=\"https:\/\/www.facebook.com\/koash1991\" \/>\n<meta property=\"article:published_time\" content=\"2008-02-26T00:00:00+00:00\" \/>\n<meta property=\"article:modified_time\" content=\"2020-04-06T20:35:26+00:00\" \/>\n<meta property=\"og:image\" content=\"https:\/\/lh3.googleusercontent.com\/-VJbkJ0gOViI\/VJKGxinUZiI\/AAAAAAAAIVM\/LkfOqrIjsL0\/w448-h298-no\/1.JPG\" \/>\n<meta name=\"author\" content=\"Kisha Orthodhokse\" \/>\n<meta name=\"twitter:card\" content=\"summary_large_image\" \/>\n<meta name=\"twitter:label1\" content=\"Written by\" \/>\n\t<meta name=\"twitter:data1\" content=\"Kisha Orthodhokse\" \/>\n\t<meta name=\"twitter:label2\" content=\"Est. reading time\" \/>\n\t<meta name=\"twitter:data2\" content=\"4 minutes\" \/>\n<script type=\"application\/ld+json\" class=\"yoast-schema-graph\">{\"@context\":\"https:\/\/schema.org\",\"@graph\":[{\"@type\":\"Article\",\"@id\":\"https:\/\/orthodoxalbania.org\/2020\/2008\/02\/26\/kremtimi-i-krishtlindjes-ne-tirane-2008\/#article\",\"isPartOf\":{\"@id\":\"https:\/\/orthodoxalbania.org\/2020\/2008\/02\/26\/kremtimi-i-krishtlindjes-ne-tirane-2008\/\"},\"author\":{\"name\":\"Kisha Orthodhokse\",\"@id\":\"https:\/\/orthodoxalbania.org\/2020\/#\/schema\/person\/0c387634a7063ac612d7ed9ce71c7e86\"},\"headline\":\"Kremtimi i Krishtlindjes n\u00eb Tiran\u00eb. (2008)\",\"datePublished\":\"2008-02-26T00:00:00+00:00\",\"dateModified\":\"2020-04-06T20:35:26+00:00\",\"mainEntityOfPage\":{\"@id\":\"https:\/\/orthodoxalbania.org\/2020\/2008\/02\/26\/kremtimi-i-krishtlindjes-ne-tirane-2008\/\"},\"wordCount\":789,\"commentCount\":0,\"publisher\":{\"@id\":\"https:\/\/orthodoxalbania.org\/2020\/#organization\"},\"image\":{\"@id\":\"https:\/\/orthodoxalbania.org\/2020\/2008\/02\/26\/kremtimi-i-krishtlindjes-ne-tirane-2008\/#primaryimage\"},\"thumbnailUrl\":\"https:\/\/lh3.googleusercontent.com\/-VJbkJ0gOViI\/VJKGxinUZiI\/AAAAAAAAIVM\/LkfOqrIjsL0\/w448-h298-no\/1.JPG\",\"keywords\":[\"2008\",\"Krishtlindje\",\"Kryepiskopata Tiran\u00eb\",\"Kryepiskopi Anastas\",\"lajme\"],\"articleSection\":[\"Lajme\"],\"inLanguage\":\"en-US\"},{\"@type\":\"WebPage\",\"@id\":\"https:\/\/orthodoxalbania.org\/2020\/2008\/02\/26\/kremtimi-i-krishtlindjes-ne-tirane-2008\/\",\"url\":\"https:\/\/orthodoxalbania.org\/2020\/2008\/02\/26\/kremtimi-i-krishtlindjes-ne-tirane-2008\/\",\"name\":\"Kremtimi i Krishtlindjes n\u00eb Tiran\u00eb. (2008) - Kisha Orthodh\u03bfkse Autoqefale e Shqip\u00ebris\u00eb\",\"isPartOf\":{\"@id\":\"https:\/\/orthodoxalbania.org\/2020\/#website\"},\"primaryImageOfPage\":{\"@id\":\"https:\/\/orthodoxalbania.org\/2020\/2008\/02\/26\/kremtimi-i-krishtlindjes-ne-tirane-2008\/#primaryimage\"},\"image\":{\"@id\":\"https:\/\/orthodoxalbania.org\/2020\/2008\/02\/26\/kremtimi-i-krishtlindjes-ne-tirane-2008\/#primaryimage\"},\"thumbnailUrl\":\"https:\/\/lh3.googleusercontent.com\/-VJbkJ0gOViI\/VJKGxinUZiI\/AAAAAAAAIVM\/LkfOqrIjsL0\/w448-h298-no\/1.JPG\",\"datePublished\":\"2008-02-26T00:00:00+00:00\",\"dateModified\":\"2020-04-06T20:35:26+00:00\",\"breadcrumb\":{\"@id\":\"https:\/\/orthodoxalbania.org\/2020\/2008\/02\/26\/kremtimi-i-krishtlindjes-ne-tirane-2008\/#breadcrumb\"},\"inLanguage\":\"en-US\",\"potentialAction\":[{\"@type\":\"ReadAction\",\"target\":[\"https:\/\/orthodoxalbania.org\/2020\/2008\/02\/26\/kremtimi-i-krishtlindjes-ne-tirane-2008\/\"]}]},{\"@type\":\"ImageObject\",\"inLanguage\":\"en-US\",\"@id\":\"https:\/\/orthodoxalbania.org\/2020\/2008\/02\/26\/kremtimi-i-krishtlindjes-ne-tirane-2008\/#primaryimage\",\"url\":\"https:\/\/lh3.googleusercontent.com\/-VJbkJ0gOViI\/VJKGxinUZiI\/AAAAAAAAIVM\/LkfOqrIjsL0\/w448-h298-no\/1.JPG\",\"contentUrl\":\"https:\/\/lh3.googleusercontent.com\/-VJbkJ0gOViI\/VJKGxinUZiI\/AAAAAAAAIVM\/LkfOqrIjsL0\/w448-h298-no\/1.JPG\"},{\"@type\":\"BreadcrumbList\",\"@id\":\"https:\/\/orthodoxalbania.org\/2020\/2008\/02\/26\/kremtimi-i-krishtlindjes-ne-tirane-2008\/#breadcrumb\",\"itemListElement\":[{\"@type\":\"ListItem\",\"position\":1,\"name\":\"Home\",\"item\":\"https:\/\/orthodoxalbania.org\/2020\/\"},{\"@type\":\"ListItem\",\"position\":2,\"name\":\"Kremtimi i Krishtlindjes n\u00eb Tiran\u00eb. (2008)\"}]},{\"@type\":\"WebSite\",\"@id\":\"https:\/\/orthodoxalbania.org\/2020\/#website\",\"url\":\"https:\/\/orthodoxalbania.org\/2020\/\",\"name\":\"Kisha Orthodh\u03bfkse Autoqefale e Shqip\u00ebris\u00eb\",\"description\":\"Fqja Zyrtare e Kish\u00ebs Orthodhokse Autoqefale e Shqip\u00ebris\u00eb me lajmet edhe informacionet zyrtare p\u00ebr struktur\u00ebn edhe veprimtarin e saj.\",\"publisher\":{\"@id\":\"https:\/\/orthodoxalbania.org\/2020\/#organization\"},\"potentialAction\":[{\"@type\":\"SearchAction\",\"target\":{\"@type\":\"EntryPoint\",\"urlTemplate\":\"https:\/\/orthodoxalbania.org\/2020\/?s={search_term_string}\"},\"query-input\":{\"@type\":\"PropertyValueSpecification\",\"valueRequired\":true,\"valueName\":\"search_term_string\"}}],\"inLanguage\":\"en-US\"},{\"@type\":\"Organization\",\"@id\":\"https:\/\/orthodoxalbania.org\/2020\/#organization\",\"name\":\"Kisha Orthodhokse Autoqefale e Shqip\u00ebris\u00eb\",\"url\":\"https:\/\/orthodoxalbania.org\/2020\/\",\"logo\":{\"@type\":\"ImageObject\",\"inLanguage\":\"en-US\",\"@id\":\"https:\/\/orthodoxalbania.org\/2020\/#\/schema\/logo\/image\/\",\"url\":\"https:\/\/orthodoxalbania.org\/2020\/wp-content\/uploads\/2020\/05\/albania.jpeg\",\"contentUrl\":\"https:\/\/orthodoxalbania.org\/2020\/wp-content\/uploads\/2020\/05\/albania.jpeg\",\"width\":540,\"height\":540,\"caption\":\"Kisha Orthodhokse Autoqefale e Shqip\u00ebris\u00eb\"},\"image\":{\"@id\":\"https:\/\/orthodoxalbania.org\/2020\/#\/schema\/logo\/image\/\"},\"sameAs\":[\"https:\/\/www.facebook.com\/koash1991\"]},{\"@type\":\"Person\",\"@id\":\"https:\/\/orthodoxalbania.org\/2020\/#\/schema\/person\/0c387634a7063ac612d7ed9ce71c7e86\",\"name\":\"Kisha Orthodhokse\",\"image\":{\"@type\":\"ImageObject\",\"inLanguage\":\"en-US\",\"@id\":\"https:\/\/secure.gravatar.com\/avatar\/596e7c417251e30f2fbb9c00e026fce61a695a00e51c889caded71c96cbbdde5?s=96&d=mm&r=g\",\"url\":\"https:\/\/secure.gravatar.com\/avatar\/596e7c417251e30f2fbb9c00e026fce61a695a00e51c889caded71c96cbbdde5?s=96&d=mm&r=g\",\"contentUrl\":\"https:\/\/secure.gravatar.com\/avatar\/596e7c417251e30f2fbb9c00e026fce61a695a00e51c889caded71c96cbbdde5?s=96&d=mm&r=g\",\"caption\":\"Kisha Orthodhokse\"}}]}<\/script>\n<!-- \/ Yoast SEO plugin. -->","yoast_head_json":{"title":"Kremtimi i Krishtlindjes n\u00eb Tiran\u00eb. (2008) - Kisha Orthodh\u03bfkse Autoqefale e Shqip\u00ebris\u00eb","robots":{"index":"index","follow":"follow","max-snippet":"max-snippet:-1","max-image-preview":"max-image-preview:large","max-video-preview":"max-video-preview:-1"},"canonical":"https:\/\/orthodoxalbania.org\/2020\/2008\/02\/26\/kremtimi-i-krishtlindjes-ne-tirane-2008\/","og_locale":"en_US","og_type":"article","og_title":"Kremtimi i Krishtlindjes n\u00eb Tiran\u00eb. (2008) - Kisha Orthodh\u03bfkse Autoqefale e Shqip\u00ebris\u00eb","og_description":"&nbsp;&nbsp;&nbsp; &#8220;G\u00ebzuar Krishtlindjen!&#8221; Ky ishte refreni i nj\u00eb dite q\u00eb p\u00ebr besimtar\u00ebt e krishter\u00eb p\u00ebrb\u00ebn jo vet\u00ebm nj\u00eb fest\u00eb, por edhe reflektim shpirt\u00ebror n\u00eb jet\u00ebn e tyre. Ndon\u00ebse termometri regjistroi temperatura n\u00ebn 0 grad\u00eb celsius, kjo nuk i ka penguar besimtar\u00ebt orthodhoks\u00eb t\u00eb kryeqytetit t\u00eb shkonin n\u00eb kish\u00eb p\u00ebr t\u00eb adhuruar Krishtin e porsalindur. Urimet, lutjet, qirinjt\u00eb e ndezur n\u00eb kish\u00eb e ngroh\u00ebn shpirtin e","og_url":"https:\/\/orthodoxalbania.org\/2020\/2008\/02\/26\/kremtimi-i-krishtlindjes-ne-tirane-2008\/","og_site_name":"Kisha Orthodh\u03bfkse Autoqefale e Shqip\u00ebris\u00eb","article_publisher":"https:\/\/www.facebook.com\/koash1991","article_published_time":"2008-02-26T00:00:00+00:00","article_modified_time":"2020-04-06T20:35:26+00:00","og_image":[{"url":"https:\/\/lh3.googleusercontent.com\/-VJbkJ0gOViI\/VJKGxinUZiI\/AAAAAAAAIVM\/LkfOqrIjsL0\/w448-h298-no\/1.JPG","type":"","width":"","height":""}],"author":"Kisha Orthodhokse","twitter_card":"summary_large_image","twitter_misc":{"Written by":"Kisha Orthodhokse","Est. reading time":"4 minutes"},"schema":{"@context":"https:\/\/schema.org","@graph":[{"@type":"Article","@id":"https:\/\/orthodoxalbania.org\/2020\/2008\/02\/26\/kremtimi-i-krishtlindjes-ne-tirane-2008\/#article","isPartOf":{"@id":"https:\/\/orthodoxalbania.org\/2020\/2008\/02\/26\/kremtimi-i-krishtlindjes-ne-tirane-2008\/"},"author":{"name":"Kisha Orthodhokse","@id":"https:\/\/orthodoxalbania.org\/2020\/#\/schema\/person\/0c387634a7063ac612d7ed9ce71c7e86"},"headline":"Kremtimi i Krishtlindjes n\u00eb Tiran\u00eb. (2008)","datePublished":"2008-02-26T00:00:00+00:00","dateModified":"2020-04-06T20:35:26+00:00","mainEntityOfPage":{"@id":"https:\/\/orthodoxalbania.org\/2020\/2008\/02\/26\/kremtimi-i-krishtlindjes-ne-tirane-2008\/"},"wordCount":789,"commentCount":0,"publisher":{"@id":"https:\/\/orthodoxalbania.org\/2020\/#organization"},"image":{"@id":"https:\/\/orthodoxalbania.org\/2020\/2008\/02\/26\/kremtimi-i-krishtlindjes-ne-tirane-2008\/#primaryimage"},"thumbnailUrl":"https:\/\/lh3.googleusercontent.com\/-VJbkJ0gOViI\/VJKGxinUZiI\/AAAAAAAAIVM\/LkfOqrIjsL0\/w448-h298-no\/1.JPG","keywords":["2008","Krishtlindje","Kryepiskopata Tiran\u00eb","Kryepiskopi Anastas","lajme"],"articleSection":["Lajme"],"inLanguage":"en-US"},{"@type":"WebPage","@id":"https:\/\/orthodoxalbania.org\/2020\/2008\/02\/26\/kremtimi-i-krishtlindjes-ne-tirane-2008\/","url":"https:\/\/orthodoxalbania.org\/2020\/2008\/02\/26\/kremtimi-i-krishtlindjes-ne-tirane-2008\/","name":"Kremtimi i Krishtlindjes n\u00eb Tiran\u00eb. (2008) - Kisha Orthodh\u03bfkse Autoqefale e Shqip\u00ebris\u00eb","isPartOf":{"@id":"https:\/\/orthodoxalbania.org\/2020\/#website"},"primaryImageOfPage":{"@id":"https:\/\/orthodoxalbania.org\/2020\/2008\/02\/26\/kremtimi-i-krishtlindjes-ne-tirane-2008\/#primaryimage"},"image":{"@id":"https:\/\/orthodoxalbania.org\/2020\/2008\/02\/26\/kremtimi-i-krishtlindjes-ne-tirane-2008\/#primaryimage"},"thumbnailUrl":"https:\/\/lh3.googleusercontent.com\/-VJbkJ0gOViI\/VJKGxinUZiI\/AAAAAAAAIVM\/LkfOqrIjsL0\/w448-h298-no\/1.JPG","datePublished":"2008-02-26T00:00:00+00:00","dateModified":"2020-04-06T20:35:26+00:00","breadcrumb":{"@id":"https:\/\/orthodoxalbania.org\/2020\/2008\/02\/26\/kremtimi-i-krishtlindjes-ne-tirane-2008\/#breadcrumb"},"inLanguage":"en-US","potentialAction":[{"@type":"ReadAction","target":["https:\/\/orthodoxalbania.org\/2020\/2008\/02\/26\/kremtimi-i-krishtlindjes-ne-tirane-2008\/"]}]},{"@type":"ImageObject","inLanguage":"en-US","@id":"https:\/\/orthodoxalbania.org\/2020\/2008\/02\/26\/kremtimi-i-krishtlindjes-ne-tirane-2008\/#primaryimage","url":"https:\/\/lh3.googleusercontent.com\/-VJbkJ0gOViI\/VJKGxinUZiI\/AAAAAAAAIVM\/LkfOqrIjsL0\/w448-h298-no\/1.JPG","contentUrl":"https:\/\/lh3.googleusercontent.com\/-VJbkJ0gOViI\/VJKGxinUZiI\/AAAAAAAAIVM\/LkfOqrIjsL0\/w448-h298-no\/1.JPG"},{"@type":"BreadcrumbList","@id":"https:\/\/orthodoxalbania.org\/2020\/2008\/02\/26\/kremtimi-i-krishtlindjes-ne-tirane-2008\/#breadcrumb","itemListElement":[{"@type":"ListItem","position":1,"name":"Home","item":"https:\/\/orthodoxalbania.org\/2020\/"},{"@type":"ListItem","position":2,"name":"Kremtimi i Krishtlindjes n\u00eb Tiran\u00eb. (2008)"}]},{"@type":"WebSite","@id":"https:\/\/orthodoxalbania.org\/2020\/#website","url":"https:\/\/orthodoxalbania.org\/2020\/","name":"Kisha Orthodh\u03bfkse Autoqefale e Shqip\u00ebris\u00eb","description":"Fqja Zyrtare e Kish\u00ebs Orthodhokse Autoqefale e Shqip\u00ebris\u00eb me lajmet edhe informacionet zyrtare p\u00ebr struktur\u00ebn edhe veprimtarin e saj.","publisher":{"@id":"https:\/\/orthodoxalbania.org\/2020\/#organization"},"potentialAction":[{"@type":"SearchAction","target":{"@type":"EntryPoint","urlTemplate":"https:\/\/orthodoxalbania.org\/2020\/?s={search_term_string}"},"query-input":{"@type":"PropertyValueSpecification","valueRequired":true,"valueName":"search_term_string"}}],"inLanguage":"en-US"},{"@type":"Organization","@id":"https:\/\/orthodoxalbania.org\/2020\/#organization","name":"Kisha Orthodhokse Autoqefale e Shqip\u00ebris\u00eb","url":"https:\/\/orthodoxalbania.org\/2020\/","logo":{"@type":"ImageObject","inLanguage":"en-US","@id":"https:\/\/orthodoxalbania.org\/2020\/#\/schema\/logo\/image\/","url":"https:\/\/orthodoxalbania.org\/2020\/wp-content\/uploads\/2020\/05\/albania.jpeg","contentUrl":"https:\/\/orthodoxalbania.org\/2020\/wp-content\/uploads\/2020\/05\/albania.jpeg","width":540,"height":540,"caption":"Kisha Orthodhokse Autoqefale e Shqip\u00ebris\u00eb"},"image":{"@id":"https:\/\/orthodoxalbania.org\/2020\/#\/schema\/logo\/image\/"},"sameAs":["https:\/\/www.facebook.com\/koash1991"]},{"@type":"Person","@id":"https:\/\/orthodoxalbania.org\/2020\/#\/schema\/person\/0c387634a7063ac612d7ed9ce71c7e86","name":"Kisha Orthodhokse","image":{"@type":"ImageObject","inLanguage":"en-US","@id":"https:\/\/secure.gravatar.com\/avatar\/596e7c417251e30f2fbb9c00e026fce61a695a00e51c889caded71c96cbbdde5?s=96&d=mm&r=g","url":"https:\/\/secure.gravatar.com\/avatar\/596e7c417251e30f2fbb9c00e026fce61a695a00e51c889caded71c96cbbdde5?s=96&d=mm&r=g","contentUrl":"https:\/\/secure.gravatar.com\/avatar\/596e7c417251e30f2fbb9c00e026fce61a695a00e51c889caded71c96cbbdde5?s=96&d=mm&r=g","caption":"Kisha Orthodhokse"}}]}},"_links":{"self":[{"href":"https:\/\/orthodoxalbania.org\/2020\/wp-json\/wp\/v2\/posts\/793","targetHints":{"allow":["GET"]}}],"collection":[{"href":"https:\/\/orthodoxalbania.org\/2020\/wp-json\/wp\/v2\/posts"}],"about":[{"href":"https:\/\/orthodoxalbania.org\/2020\/wp-json\/wp\/v2\/types\/post"}],"author":[{"embeddable":true,"href":"https:\/\/orthodoxalbania.org\/2020\/wp-json\/wp\/v2\/users\/1"}],"replies":[{"embeddable":true,"href":"https:\/\/orthodoxalbania.org\/2020\/wp-json\/wp\/v2\/comments?post=793"}],"version-history":[{"count":1,"href":"https:\/\/orthodoxalbania.org\/2020\/wp-json\/wp\/v2\/posts\/793\/revisions"}],"predecessor-version":[{"id":15681,"href":"https:\/\/orthodoxalbania.org\/2020\/wp-json\/wp\/v2\/posts\/793\/revisions\/15681"}],"wp:attachment":[{"href":"https:\/\/orthodoxalbania.org\/2020\/wp-json\/wp\/v2\/media?parent=793"}],"wp:term":[{"taxonomy":"category","embeddable":true,"href":"https:\/\/orthodoxalbania.org\/2020\/wp-json\/wp\/v2\/categories?post=793"},{"taxonomy":"post_tag","embeddable":true,"href":"https:\/\/orthodoxalbania.org\/2020\/wp-json\/wp\/v2\/tags?post=793"}],"curies":[{"name":"wp","href":"https:\/\/api.w.org\/{rel}","templated":true}]}}